{"id":168388,"date":"2026-04-28T09:30:14","date_gmt":"2026-04-28T07:30:14","guid":{"rendered":"https:\/\/exaudi.org\/?p=168388"},"modified":"2026-04-27T14:57:17","modified_gmt":"2026-04-27T12:57:17","slug":"el-papa-a-las-parejas-homosexuales-el-limite-ya-lo-puso-el-papa-francisco","status":"publish","type":"post","link":"https:\/\/exaudi.org\/es\/el-papa-a-las-parejas-homosexuales-el-limite-ya-lo-puso-el-papa-francisco\/","title":{"rendered":"El Papa a las parejas Homosexuales. El l\u00edmite ya lo puso el Papa Francisco"},"content":{"rendered":"<p data-path-to-node=\"5\">El regreso del Papa Le\u00f3n XIV de su tercera gira internacional por \u00c1frica no ha sido un simple aterrizaje de protocolo. Con el cansancio de 18 vuelos y 25 discursos a sus espaldas, el Pont\u00edfice se sent\u00f3 con la prensa en el vuelo de retorno a Roma para abrir, de manera inusualmente transparente, la \u00abcaja negra\u00bb de la diplomacia vaticana y fijar su postura sobre los temas que queman en la agenda global: desde los dictadores africanos hasta la crisis migratoria en las Islas Canarias.<\/p>\n<p><iframe title=\"Spotify Embed: El Papa a las parejas Homosexuales. El l\u00edmite ya lo puso el Papa Francisco\" style=\"border-radius: 12px\" width=\"100%\" height=\"152\" frameborder=\"0\" allowfullscreen allow=\"autoplay; clipboard-write; encrypted-media; fullscreen; picture-in-picture\" loading=\"lazy\" src=\"https:\/\/open.spotify.com\/embed\/episode\/0Xo5N6ZW9FSsJdbCYwJ7Pp?si=c03daf61b35b45f0&amp;utm_source=oembed\"><\/iframe><\/p>\n<h3 data-path-to-node=\"6\"><strong>La diplomacia del \u00abcara a cara\u00bb: \u00bfC\u00f3mo habla el Papa?<\/strong><\/h3>\n<p data-path-to-node=\"7\">Una de las mayores inc\u00f3gnitas de este viaje era la convivencia de Le\u00f3n XIV con l\u00edderes que llevan d\u00e9cadas en el poder bajo reg\u00edmenes de dudosa calidad democr\u00e1tica. \u00bfC\u00f3mo se conjuga el mensaje del Evangelio con la foto oficial junto a un dictador?<\/p>\n<p data-path-to-node=\"8\">El Papa fue claro: su viaje es <b data-path-to-node=\"8\" data-index-in-node=\"31\">pastoral<\/b>, pero su mensaje es <b data-path-to-node=\"8\" data-index-in-node=\"60\">pol\u00edtico<\/b>. Seg\u00fan explic\u00f3, existe una doble v\u00eda. En p\u00fablico, los discursos mantienen la diplomacia, aunque siempre \u00abponiendo el dedo en la llaga\u00bb. Pero es en el encuentro privado donde ocurre la verdadera labor: un cara a cara sin c\u00e1maras donde el Papa despierta conciencias. \u00abEsto no funciona\u00bb, les dice directamente al hablar de la miseria o la falta de salud de su pueblo. Es el precio que la Iglesia paga: permitir la \u00abfoto\u00bb del gobernante a cambio de abogar, en la intimidad del poder, por el futuro de los m\u00e1s vulnerables.<\/p>\n<h3 data-path-to-node=\"9\"><strong>Migraci\u00f3n: \u00abA veces los tratamos peor que a los animales\u00bb<\/strong><\/h3>\n<p data-path-to-node=\"10\">Con la vista puesta en su pr\u00f3ximo viaje a <b data-path-to-node=\"10\" data-index-in-node=\"42\">Espa\u00f1a<\/b> (Madrid, Barcelona y Canarias), el Pont\u00edfice no esquiv\u00f3 la polarizaci\u00f3n que genera la migraci\u00f3n. Si bien reconoci\u00f3 el derecho de los Estados a reglamentar sus fronteras, lanz\u00f3 una pregunta inc\u00f3moda al Norte Global: <b data-path-to-node=\"10\" data-index-in-node=\"264\">\u00ab\u00bfQu\u00e9 hacemos los pa\u00edses ricos para cambiar la situaci\u00f3n en los ricas tierras de \u00c1frica que otros saquean?\u00bb<\/b>.<\/p>\n<p data-path-to-node=\"11\">Le\u00f3n XIV denunci\u00f3 la hipocres\u00eda de las multinacionales que extraen minerales del sur pero cierran las puertas a sus j\u00f3venes. Su frase m\u00e1s lapidaria fue un llamado a la dignidad humana b\u00e1sica: lament\u00f3 que, en ocasiones, los migrantes sean tratados con menos respeto y cuidado que las mascotas dom\u00e9sticas, recordando que, por encima de las leyes fronterizas, prevalece la condici\u00f3n de ser humano.<\/p>\n<h3 data-path-to-node=\"12\"><strong>Bendiciones y pol\u00e9micas: El l\u00edmite de la unidad<\/strong><\/h3>\n<p data-path-to-node=\"13\">El vuelo tambi\u00e9n sirvi\u00f3 para marcar distancias con las corrientes m\u00e1s progresistas de la Iglesia alemana. Al ser preguntado por la decisi\u00f3n del cardenal Marx de bendecir formalmente a parejas del mismo sexo, el Papa se mantuvo firme en la l\u00ednea de la Santa Sede.<\/p>\n<p data-path-to-node=\"14\">Aunque recalc\u00f3 que <b data-path-to-node=\"14\" data-index-in-node=\"19\">\u00abtodos tienen derecho a una bendici\u00f3n\u00bb<\/b> de forma individual \u2014recordando el famoso \u00abtodos, todos, todos\u00bb de su predecesor\u2014, advirti\u00f3 que la formalizaci\u00f3n de estas bendiciones como pareja crear\u00eda una desuni\u00f3n peligrosa en la Iglesia. Es un equilibrio delicado: acogida total para la persona, pero respeto a la doctrina para evitar la fractura con episcopados m\u00e1s conservadores, como los de \u00c1frica.<\/p>\n<h3 data-path-to-node=\"15\"><strong>El futuro: Am\u00e9rica Latina en el horizonte<\/strong><\/h3>\n<p data-path-to-node=\"16\">\u00bfQu\u00e9 sigue para Le\u00f3n XIV? Aunque Espa\u00f1a es el destino inmediato, el coraz\u00f3n del Papa parece mirar hacia Am\u00e9rica Latina. Confirm\u00f3 su inter\u00e9s por visitar <b data-path-to-node=\"16\" data-index-in-node=\"152\">Per\u00fa, Argentina y Uruguay<\/b>, una deuda pendiente que Francisco no pudo saldar. Adem\u00e1s, dej\u00f3 abierta la puerta a una escala en <b data-path-to-node=\"16\" data-index-in-node=\"276\">M\u00e9xico<\/b> para visitar a la Virgen de Guadalupe durante un posible viaje a Estados Unidos en septiembre.<\/p>\n<p data-path-to-node=\"17\">Por ahora, no hay fechas confirmadas, pero el mensaje del Papa es n\u00edtido: no se quedar\u00e1 en Roma viendo c\u00f3mo el mundo se fragmenta. Su diplomacia, a veces silenciosa y otras veces tajante, sigue volando hacia las periferias.<\/p>\n<p><iframe loading=\"lazy\" title=\"El l\u00edmite ya lo puso el Papa Francisco\" width=\"500\" height=\"281\" src=\"https:\/\/www.youtube.com\/embed\/cJ9e9Kb-rOk?feature=oembed\" frameborder=\"0\" allow=\"accelerometer; autoplay; clipboard-write; encrypted-media; gyroscope; picture-in-picture; web-share\" referrerpolicy=\"strict-origin-when-cross-origin\" allowfullscreen><\/iframe><\/p>\n<p><iframe loading=\"lazy\" title=\"Pope: As a pastor, I cannot be in favor of war; too many innocents have died\" width=\"500\" height=\"281\" src=\"https:\/\/www.youtube.com\/embed\/jFkUVE3szPY?start=353&#038;feature=oembed\" frameborder=\"0\" allow=\"accelerometer; autoplay; clipboard-write; encrypted-media; gyroscope; picture-in-picture; web-share\" referrerpolicy=\"strict-origin-when-cross-origin\" allowfullscreen><\/iframe><\/p>\n<p><img loading=\"lazy\" decoding=\"async\" class=\"size-full wp-image-168398 alignnone\" src=\"https:\/\/exaudi.org\/wp-content\/uploads\/2026\/04\/Valentina.jpg\" alt=\"\" width=\"940\" height=\"788\" srcset=\"https:\/\/exaudi.org\/wp-content\/uploads\/2026\/04\/Valentina.jpg 940w, https:\/\/exaudi.org\/wp-content\/uploads\/2026\/04\/Valentina-300x251.jpg 300w, https:\/\/exaudi.org\/wp-content\/uploads\/2026\/04\/Valentina-770x645.jpg 770w, https:\/\/exaudi.org\/wp-content\/uploads\/2026\/04\/Valentina-500x419.jpg 500w\" sizes=\"auto, (max-width: 940px) 100vw, 940px\" \/><\/p>\n","protected":false},"excerpt":{"rendered":"<p>Tras 18 vuelos y cuatro pa\u00edses, Le\u00f3n XIV desvela las claves de su diplomacia \u00abbajo el agua\u00bb y lanza un mensaje incendiario sobre la crisis migratoria en Espa\u00f1a<\/p>\n","protected":false},"author":176,"featured_media":168393,"comment_status":"closed","ping_status":"closed","sticky":false,"template":"","format":"standard","meta":{"_acf_changed":false,"_crdt_document":"","inline_featured_image":false,"footnotes":""},"categories":[130],"tags":[1550,110458,4516,5692,802,12167,91756,110461,110456,110459,1767,1834,415,110457,58111,110463,110462,2315,58880,272,110460],"class_list":["post-168388","post","type-post","status-publish","format-standard","has-post-thumbnail","hentry","category-voces","tag-argentina","tag-bendiciones-parejas-mismo-sexo","tag-canarias","tag-cardenal-marx","tag-derechos-humanos","tag-dignidad-humana","tag-diplomacia-santa-sede","tag-geopolitica-vaticana","tag-gira-africa","tag-iglesia-alemania","tag-justicia-social","tag-libertad-religiosa","tag-mexico","tag-migracion-espana","tag-papa-leon-xiv","tag-paz-internacional","tag-proximo-viaje-papa","tag-refugiados","tag-trending-es-151","tag-vaticano-es","tag-viaje-pastoral"],"acf":[],"yoast_head":"<!-- This site is optimized with the Yoast SEO plugin v27.5 - https:\/\/yoast.com\/product\/yoast-seo-wordpress\/ -->\n<title>El Papa a las parejas Homosexuales. El l\u00edmite ya lo puso el Papa Francisco &#8211; Exaudi<\/title>\n<meta name=\"robots\" content=\"index, follow, max-snippet:-1, max-image-preview:large, max-video-preview:-1\" \/>\n<link rel=\"canonical\" href=\"https:\/\/exaudi.org\/es\/el-papa-a-las-parejas-homosexuales-el-limite-ya-lo-puso-el-papa-francisco\/\" \/>\n<meta property=\"og:locale\" content=\"es_ES\" \/>\n<meta property=\"og:type\" content=\"article\" \/>\n<meta property=\"og:title\" content=\"El Papa a las parejas Homosexuales. El l\u00edmite ya lo puso el Papa Francisco &#8211; Exaudi\" \/>\n<meta property=\"og:description\" content=\"Tras 18 vuelos y cuatro pa\u00edses, Le\u00f3n XIV desvela las claves de su diplomacia &quot;bajo el agua&quot; y lanza un mensaje incendiario sobre la crisis migratoria en Espa\u00f1a\" \/>\n<meta property=\"og:url\" content=\"https:\/\/exaudi.org\/es\/el-papa-a-las-parejas-homosexuales-el-limite-ya-lo-puso-el-papa-francisco\/\" \/>\n<meta property=\"og:site_name\" content=\"Exaudi\" \/>\n<meta property=\"article:publisher\" content=\"https:\/\/www.facebook.com\/ExaudiNews\" \/>\n<meta property=\"article:author\" content=\"https:\/\/www.facebook.com\/valentina.alazraki.mexico\/\" \/>\n<meta property=\"article:published_time\" content=\"2026-04-28T07:30:14+00:00\" \/>\n<meta property=\"og:image\" content=\"https:\/\/exaudi.org\/wp-content\/uploads\/2026\/04\/1777277433388-scaled.jpg\" \/>\n\t<meta property=\"og:image:width\" content=\"2560\" \/>\n\t<meta property=\"og:image:height\" content=\"1429\" \/>\n\t<meta property=\"og:image:type\" content=\"image\/jpeg\" \/>\n<meta name=\"author\" content=\"Valentina Alazraki\" \/>\n<meta name=\"twitter:card\" content=\"summary_large_image\" \/>\n<meta name=\"twitter:creator\" content=\"@valealazraki\" \/>\n<meta name=\"twitter:site\" content=\"@Exaudi_News\" \/>\n<meta name=\"twitter:label1\" content=\"Escrito por\" \/>\n\t<meta name=\"twitter:data1\" content=\"Valentina Alazraki\" \/>\n\t<meta name=\"twitter:label2\" content=\"Tiempo de lectura\" \/>\n\t<meta name=\"twitter:data2\" content=\"3 minutos\" \/>\n<script type=\"application\/ld+json\" class=\"yoast-schema-graph\">{\"@context\":\"https:\\\/\\\/schema.org\",\"@graph\":[{\"@type\":\"Article\",\"@id\":\"https:\\\/\\\/exaudi.org\\\/es\\\/el-papa-a-las-parejas-homosexuales-el-limite-ya-lo-puso-el-papa-francisco\\\/#article\",\"isPartOf\":{\"@id\":\"https:\\\/\\\/exaudi.org\\\/es\\\/el-papa-a-las-parejas-homosexuales-el-limite-ya-lo-puso-el-papa-francisco\\\/\"},\"author\":{\"name\":\"Valentina Alazraki\",\"@id\":\"https:\\\/\\\/exaudi.org\\\/#\\\/schema\\\/person\\\/9939d30cf0367d753632ec95a86ea63b\"},\"headline\":\"El Papa a las parejas Homosexuales. El l\u00edmite ya lo puso el Papa Francisco\",\"datePublished\":\"2026-04-28T07:30:14+00:00\",\"mainEntityOfPage\":{\"@id\":\"https:\\\/\\\/exaudi.org\\\/es\\\/el-papa-a-las-parejas-homosexuales-el-limite-ya-lo-puso-el-papa-francisco\\\/\"},\"wordCount\":701,\"image\":{\"@id\":\"https:\\\/\\\/exaudi.org\\\/es\\\/el-papa-a-las-parejas-homosexuales-el-limite-ya-lo-puso-el-papa-francisco\\\/#primaryimage\"},\"thumbnailUrl\":\"https:\\\/\\\/exaudi.org\\\/wp-content\\\/uploads\\\/2026\\\/04\\\/1777277433388-scaled.jpg\",\"keywords\":[\"Argentina\",\"bendiciones parejas mismo sexo\",\"Canarias\",\"cardenal Marx\",\"Derechos Humanos\",\"Dignidad humana\",\"Diplomacia Santa Sede\",\"geopolitica vaticana\",\"gira africa\",\"iglesia alemania\",\"Justicia Social\",\"Libertad Religiosa\",\"M\u00e9xico\",\"migracion espa\u00f1a\",\"papa le\u00f3n xiv\",\"paz internacional\",\"proximo viaje papa\",\"Refugiados\",\"Trending\",\"Vaticano\",\"viaje pastoral\"],\"articleSection\":[\"Voces\"],\"inLanguage\":\"es\"},{\"@type\":\"WebPage\",\"@id\":\"https:\\\/\\\/exaudi.org\\\/es\\\/el-papa-a-las-parejas-homosexuales-el-limite-ya-lo-puso-el-papa-francisco\\\/\",\"url\":\"https:\\\/\\\/exaudi.org\\\/es\\\/el-papa-a-las-parejas-homosexuales-el-limite-ya-lo-puso-el-papa-francisco\\\/\",\"name\":\"El Papa a las parejas Homosexuales. El l\u00edmite ya lo puso el Papa Francisco &#8211; Exaudi\",\"isPartOf\":{\"@id\":\"https:\\\/\\\/exaudi.org\\\/#website\"},\"primaryImageOfPage\":{\"@id\":\"https:\\\/\\\/exaudi.org\\\/es\\\/el-papa-a-las-parejas-homosexuales-el-limite-ya-lo-puso-el-papa-francisco\\\/#primaryimage\"},\"image\":{\"@id\":\"https:\\\/\\\/exaudi.org\\\/es\\\/el-papa-a-las-parejas-homosexuales-el-limite-ya-lo-puso-el-papa-francisco\\\/#primaryimage\"},\"thumbnailUrl\":\"https:\\\/\\\/exaudi.org\\\/wp-content\\\/uploads\\\/2026\\\/04\\\/1777277433388-scaled.jpg\",\"datePublished\":\"2026-04-28T07:30:14+00:00\",\"author\":{\"@id\":\"https:\\\/\\\/exaudi.org\\\/#\\\/schema\\\/person\\\/9939d30cf0367d753632ec95a86ea63b\"},\"breadcrumb\":{\"@id\":\"https:\\\/\\\/exaudi.org\\\/es\\\/el-papa-a-las-parejas-homosexuales-el-limite-ya-lo-puso-el-papa-francisco\\\/#breadcrumb\"},\"inLanguage\":\"es\",\"potentialAction\":[{\"@type\":\"ReadAction\",\"target\":[\"https:\\\/\\\/exaudi.org\\\/es\\\/el-papa-a-las-parejas-homosexuales-el-limite-ya-lo-puso-el-papa-francisco\\\/\"]}]},{\"@type\":\"ImageObject\",\"inLanguage\":\"es\",\"@id\":\"https:\\\/\\\/exaudi.org\\\/es\\\/el-papa-a-las-parejas-homosexuales-el-limite-ya-lo-puso-el-papa-francisco\\\/#primaryimage\",\"url\":\"https:\\\/\\\/exaudi.org\\\/wp-content\\\/uploads\\\/2026\\\/04\\\/1777277433388-scaled.jpg\",\"contentUrl\":\"https:\\\/\\\/exaudi.org\\\/wp-content\\\/uploads\\\/2026\\\/04\\\/1777277433388-scaled.jpg\",\"width\":2560,\"height\":1429},{\"@type\":\"BreadcrumbList\",\"@id\":\"https:\\\/\\\/exaudi.org\\\/es\\\/el-papa-a-las-parejas-homosexuales-el-limite-ya-lo-puso-el-papa-francisco\\\/#breadcrumb\",\"itemListElement\":[{\"@type\":\"ListItem\",\"position\":1,\"name\":\"Portada\",\"item\":\"https:\\\/\\\/exaudi.org\\\/es\\\/\"},{\"@type\":\"ListItem\",\"position\":2,\"name\":\"El Papa a las parejas Homosexuales. El l\u00edmite ya lo puso el Papa Francisco\"}]},{\"@type\":\"WebSite\",\"@id\":\"https:\\\/\\\/exaudi.org\\\/#website\",\"url\":\"https:\\\/\\\/exaudi.org\\\/\",\"name\":\"Exaudi\",\"description\":\"News\",\"potentialAction\":[{\"@type\":\"SearchAction\",\"target\":{\"@type\":\"EntryPoint\",\"urlTemplate\":\"https:\\\/\\\/exaudi.org\\\/?s={search_term_string}\"},\"query-input\":{\"@type\":\"PropertyValueSpecification\",\"valueRequired\":true,\"valueName\":\"search_term_string\"}}],\"inLanguage\":\"es\"},{\"@type\":\"Person\",\"@id\":\"https:\\\/\\\/exaudi.org\\\/#\\\/schema\\\/person\\\/9939d30cf0367d753632ec95a86ea63b\",\"name\":\"Valentina Alazraki\",\"image\":{\"@type\":\"ImageObject\",\"inLanguage\":\"es\",\"@id\":\"https:\\\/\\\/secure.gravatar.com\\\/avatar\\\/aaefba6efc65855cbc84faacd73503190554e9d572733426dcc7399133d4cebc?s=96&d=mm&r=g\",\"url\":\"https:\\\/\\\/secure.gravatar.com\\\/avatar\\\/aaefba6efc65855cbc84faacd73503190554e9d572733426dcc7399133d4cebc?s=96&d=mm&r=g\",\"contentUrl\":\"https:\\\/\\\/secure.gravatar.com\\\/avatar\\\/aaefba6efc65855cbc84faacd73503190554e9d572733426dcc7399133d4cebc?s=96&d=mm&r=g\",\"caption\":\"Valentina Alazraki\"},\"description\":\"Corresponsal de N+ en El Vaticano e Italia desde 1974. A lo largo de estos 50 a\u00f1os me ha tocado vivir experiencias, vivencias, an\u00e9cdotas impresionantes, que compartir\u00e9 en este canal. Tambi\u00e9n me gustar\u00eda de que me siguieran en mi vida diaria, para ver como vive una corresponsal fuera de M\u00e9xico y puesto que yo vivo en Roma les compartir\u00e9 los lugares m\u00e1s bonitos y tambi\u00e9n los menos conocidos de esa maravillosa ciudad, como si fuera su gu\u00eda. Adem\u00e1s, para los m\u00e1s golosos y los que se divierten en la cocina, me vendr\u00e1n en mi calidad de cocinera que compartir\u00e9 recetas t\u00edpicas italianas.\",\"sameAs\":[\"https:\\\/\\\/www.facebook.com\\\/valentina.alazraki.mexico\\\/\",\"https:\\\/\\\/www.instagram.com\\\/valealazraki\\\/\",\"https:\\\/\\\/x.com\\\/valealazraki\",\"@valentina_alazraki\"],\"url\":\"https:\\\/\\\/exaudi.org\\\/es\\\/author\\\/valentina-alazraki\\\/\"}]}<\/script>\n<!-- \/ Yoast SEO plugin. -->","yoast_head_json":{"title":"El Papa a las parejas Homosexuales. El l\u00edmite ya lo puso el Papa Francisco &#8211; Exaudi","robots":{"index":"index","follow":"follow","max-snippet":"max-snippet:-1","max-image-preview":"max-image-preview:large","max-video-preview":"max-video-preview:-1"},"canonical":"https:\/\/exaudi.org\/es\/el-papa-a-las-parejas-homosexuales-el-limite-ya-lo-puso-el-papa-francisco\/","og_locale":"es_ES","og_type":"article","og_title":"El Papa a las parejas Homosexuales. El l\u00edmite ya lo puso el Papa Francisco &#8211; Exaudi","og_description":"Tras 18 vuelos y cuatro pa\u00edses, Le\u00f3n XIV desvela las claves de su diplomacia \"bajo el agua\" y lanza un mensaje incendiario sobre la crisis migratoria en Espa\u00f1a","og_url":"https:\/\/exaudi.org\/es\/el-papa-a-las-parejas-homosexuales-el-limite-ya-lo-puso-el-papa-francisco\/","og_site_name":"Exaudi","article_publisher":"https:\/\/www.facebook.com\/ExaudiNews","article_author":"https:\/\/www.facebook.com\/valentina.alazraki.mexico\/","article_published_time":"2026-04-28T07:30:14+00:00","og_image":[{"width":2560,"height":1429,"url":"https:\/\/exaudi.org\/wp-content\/uploads\/2026\/04\/1777277433388-scaled.jpg","type":"image\/jpeg"}],"author":"Valentina Alazraki","twitter_card":"summary_large_image","twitter_creator":"@valealazraki","twitter_site":"@Exaudi_News","twitter_misc":{"Escrito por":"Valentina Alazraki","Tiempo de lectura":"3 minutos"},"schema":{"@context":"https:\/\/schema.org","@graph":[{"@type":"Article","@id":"https:\/\/exaudi.org\/es\/el-papa-a-las-parejas-homosexuales-el-limite-ya-lo-puso-el-papa-francisco\/#article","isPartOf":{"@id":"https:\/\/exaudi.org\/es\/el-papa-a-las-parejas-homosexuales-el-limite-ya-lo-puso-el-papa-francisco\/"},"author":{"name":"Valentina Alazraki","@id":"https:\/\/exaudi.org\/#\/schema\/person\/9939d30cf0367d753632ec95a86ea63b"},"headline":"El Papa a las parejas Homosexuales. El l\u00edmite ya lo puso el Papa Francisco","datePublished":"2026-04-28T07:30:14+00:00","mainEntityOfPage":{"@id":"https:\/\/exaudi.org\/es\/el-papa-a-las-parejas-homosexuales-el-limite-ya-lo-puso-el-papa-francisco\/"},"wordCount":701,"image":{"@id":"https:\/\/exaudi.org\/es\/el-papa-a-las-parejas-homosexuales-el-limite-ya-lo-puso-el-papa-francisco\/#primaryimage"},"thumbnailUrl":"https:\/\/exaudi.org\/wp-content\/uploads\/2026\/04\/1777277433388-scaled.jpg","keywords":["Argentina","bendiciones parejas mismo sexo","Canarias","cardenal Marx","Derechos Humanos","Dignidad humana","Diplomacia Santa Sede","geopolitica vaticana","gira africa","iglesia alemania","Justicia Social","Libertad Religiosa","M\u00e9xico","migracion espa\u00f1a","papa le\u00f3n xiv","paz internacional","proximo viaje papa","Refugiados","Trending","Vaticano","viaje pastoral"],"articleSection":["Voces"],"inLanguage":"es"},{"@type":"WebPage","@id":"https:\/\/exaudi.org\/es\/el-papa-a-las-parejas-homosexuales-el-limite-ya-lo-puso-el-papa-francisco\/","url":"https:\/\/exaudi.org\/es\/el-papa-a-las-parejas-homosexuales-el-limite-ya-lo-puso-el-papa-francisco\/","name":"El Papa a las parejas Homosexuales. El l\u00edmite ya lo puso el Papa Francisco &#8211; Exaudi","isPartOf":{"@id":"https:\/\/exaudi.org\/#website"},"primaryImageOfPage":{"@id":"https:\/\/exaudi.org\/es\/el-papa-a-las-parejas-homosexuales-el-limite-ya-lo-puso-el-papa-francisco\/#primaryimage"},"image":{"@id":"https:\/\/exaudi.org\/es\/el-papa-a-las-parejas-homosexuales-el-limite-ya-lo-puso-el-papa-francisco\/#primaryimage"},"thumbnailUrl":"https:\/\/exaudi.org\/wp-content\/uploads\/2026\/04\/1777277433388-scaled.jpg","datePublished":"2026-04-28T07:30:14+00:00","author":{"@id":"https:\/\/exaudi.org\/#\/schema\/person\/9939d30cf0367d753632ec95a86ea63b"},"breadcrumb":{"@id":"https:\/\/exaudi.org\/es\/el-papa-a-las-parejas-homosexuales-el-limite-ya-lo-puso-el-papa-francisco\/#breadcrumb"},"inLanguage":"es","potentialAction":[{"@type":"ReadAction","target":["https:\/\/exaudi.org\/es\/el-papa-a-las-parejas-homosexuales-el-limite-ya-lo-puso-el-papa-francisco\/"]}]},{"@type":"ImageObject","inLanguage":"es","@id":"https:\/\/exaudi.org\/es\/el-papa-a-las-parejas-homosexuales-el-limite-ya-lo-puso-el-papa-francisco\/#primaryimage","url":"https:\/\/exaudi.org\/wp-content\/uploads\/2026\/04\/1777277433388-scaled.jpg","contentUrl":"https:\/\/exaudi.org\/wp-content\/uploads\/2026\/04\/1777277433388-scaled.jpg","width":2560,"height":1429},{"@type":"BreadcrumbList","@id":"https:\/\/exaudi.org\/es\/el-papa-a-las-parejas-homosexuales-el-limite-ya-lo-puso-el-papa-francisco\/#breadcrumb","itemListElement":[{"@type":"ListItem","position":1,"name":"Portada","item":"https:\/\/exaudi.org\/es\/"},{"@type":"ListItem","position":2,"name":"El Papa a las parejas Homosexuales. El l\u00edmite ya lo puso el Papa Francisco"}]},{"@type":"WebSite","@id":"https:\/\/exaudi.org\/#website","url":"https:\/\/exaudi.org\/","name":"Exaudi","description":"News","potentialAction":[{"@type":"SearchAction","target":{"@type":"EntryPoint","urlTemplate":"https:\/\/exaudi.org\/?s={search_term_string}"},"query-input":{"@type":"PropertyValueSpecification","valueRequired":true,"valueName":"search_term_string"}}],"inLanguage":"es"},{"@type":"Person","@id":"https:\/\/exaudi.org\/#\/schema\/person\/9939d30cf0367d753632ec95a86ea63b","name":"Valentina Alazraki","image":{"@type":"ImageObject","inLanguage":"es","@id":"https:\/\/secure.gravatar.com\/avatar\/aaefba6efc65855cbc84faacd73503190554e9d572733426dcc7399133d4cebc?s=96&d=mm&r=g","url":"https:\/\/secure.gravatar.com\/avatar\/aaefba6efc65855cbc84faacd73503190554e9d572733426dcc7399133d4cebc?s=96&d=mm&r=g","contentUrl":"https:\/\/secure.gravatar.com\/avatar\/aaefba6efc65855cbc84faacd73503190554e9d572733426dcc7399133d4cebc?s=96&d=mm&r=g","caption":"Valentina Alazraki"},"description":"Corresponsal de N+ en El Vaticano e Italia desde 1974. A lo largo de estos 50 a\u00f1os me ha tocado vivir experiencias, vivencias, an\u00e9cdotas impresionantes, que compartir\u00e9 en este canal. Tambi\u00e9n me gustar\u00eda de que me siguieran en mi vida diaria, para ver como vive una corresponsal fuera de M\u00e9xico y puesto que yo vivo en Roma les compartir\u00e9 los lugares m\u00e1s bonitos y tambi\u00e9n los menos conocidos de esa maravillosa ciudad, como si fuera su gu\u00eda. Adem\u00e1s, para los m\u00e1s golosos y los que se divierten en la cocina, me vendr\u00e1n en mi calidad de cocinera que compartir\u00e9 recetas t\u00edpicas italianas.","sameAs":["https:\/\/www.facebook.com\/valentina.alazraki.mexico\/","https:\/\/www.instagram.com\/valealazraki\/","https:\/\/x.com\/valealazraki","@valentina_alazraki"],"url":"https:\/\/exaudi.org\/es\/author\/valentina-alazraki\/"}]}},"jetpack_featured_media_url":"https:\/\/exaudi.org\/wp-content\/uploads\/2026\/04\/1777277433388-scaled.jpg","jetpack_shortlink":"https:\/\/wp.me\/pgKjF2-HNW","_links":{"self":[{"href":"https:\/\/exaudi.org\/es\/wp-json\/wp\/v2\/posts\/168388","targetHints":{"allow":["GET"]}}],"collection":[{"href":"https:\/\/exaudi.org\/es\/wp-json\/wp\/v2\/posts"}],"about":[{"href":"https:\/\/exaudi.org\/es\/wp-json\/wp\/v2\/types\/post"}],"author":[{"embeddable":true,"href":"https:\/\/exaudi.org\/es\/wp-json\/wp\/v2\/users\/176"}],"replies":[{"embeddable":true,"href":"https:\/\/exaudi.org\/es\/wp-json\/wp\/v2\/comments?post=168388"}],"version-history":[{"count":6,"href":"https:\/\/exaudi.org\/es\/wp-json\/wp\/v2\/posts\/168388\/revisions"}],"predecessor-version":[{"id":168402,"href":"https:\/\/exaudi.org\/es\/wp-json\/wp\/v2\/posts\/168388\/revisions\/168402"}],"wp:featuredmedia":[{"embeddable":true,"href":"https:\/\/exaudi.org\/es\/wp-json\/wp\/v2\/media\/168393"}],"wp:attachment":[{"href":"https:\/\/exaudi.org\/es\/wp-json\/wp\/v2\/media?parent=168388"}],"wp:term":[{"taxonomy":"category","embeddable":true,"href":"https:\/\/exaudi.org\/es\/wp-json\/wp\/v2\/categories?post=168388"},{"taxonomy":"post_tag","embeddable":true,"href":"https:\/\/exaudi.org\/es\/wp-json\/wp\/v2\/tags?post=168388"}],"curies":[{"name":"wp","href":"https:\/\/api.w.org\/{rel}","templated":true}]}}