{"id":168345,"date":"2026-04-27T08:15:26","date_gmt":"2026-04-27T06:15:26","guid":{"rendered":"https:\/\/exaudi.org\/?p=168345"},"modified":"2026-04-27T09:14:50","modified_gmt":"2026-04-27T07:14:50","slug":"virgen-de-montserrat-la-moreneta-el-corazon-de-piedra-que-late-por-el-mundo","status":"publish","type":"post","link":"https:\/\/exaudi.org\/es\/virgen-de-montserrat-la-moreneta-el-corazon-de-piedra-que-late-por-el-mundo\/","title":{"rendered":"Virgen de Montserrat. La Moreneta: El coraz\u00f3n de piedra que late por el mundo"},"content":{"rendered":"<p data-path-to-node=\"4\">En las cumbres escarpadas de Catalu\u00f1a, donde la geolog\u00eda parece haber sido esculpida por un pincel divino, reside una figura que ha desafiado guerras, crisis y el desgaste del tiempo. <span class=\"citation-3\">La <\/span><b data-path-to-node=\"4\" data-index-in-node=\"187\"><span class=\"citation-3\">Virgen de Montserrat<\/span><\/b><span class=\"citation-3 citation-end-3\">, cari\u00f1osamente llamada \u00abLa Moreneta\u00bb, no es un vestigio del pasado; es un organismo vivo, un epicentro de espiritualidad que hoy, m\u00e1s que nunca, ofrece respuestas al hombre moderno en busca de sentido.<\/span><\/p>\n<p><iframe title=\"Spotify Embed: Virgen de Montserrat. La Moreneta: El coraz\u00f3n de piedra que late por el mundo\" style=\"border-radius: 12px\" width=\"100%\" height=\"152\" frameborder=\"0\" allowfullscreen allow=\"autoplay; clipboard-write; encrypted-media; fullscreen; picture-in-picture\" loading=\"lazy\" src=\"https:\/\/open.spotify.com\/embed\/episode\/6p44HoNlp0fQuymWd83Oe9?si=121f60d42afb46c5&amp;utm_source=oembed\"><\/iframe><\/p>\n<h3 data-path-to-node=\"5\"><strong>El misterio de una imagen: M\u00e1s all\u00e1 del color<\/strong><\/h3>\n<p data-path-to-node=\"6\">La talla que hoy veneramos es una joya del rom\u00e1nico del siglo XII. Sentada en su trono con una elegancia serena, Mar\u00eda sostiene al Ni\u00f1o Jes\u00fas en su regazo. Pero lo que cautiva al peregrino es su color. Aunque la leyenda y la piedad popular la asocian con una naturaleza m\u00edstica desde su hallazgo en el a\u00f1o 880, la ciencia y la historia del arte nos explican que su tono oscuro es el resultado de la oxidaci\u00f3n de los barnices y el humo de miles de cirios que, durante siglos, han ardido a sus pies como plegarias silenciosas.<\/p>\n<p data-path-to-node=\"7\">Este color negro no es una mancha; es un s\u00edmbolo de <b data-path-to-node=\"7\" data-index-in-node=\"52\">resiliencia<\/b>. Representa a una Madre que se ha dejado \u00abquemar\u00bb por las s\u00faplicas de sus hijos, transformando el holl\u00edn de la historia en la luz de la devoci\u00f3n.<\/p>\n<h3 data-path-to-node=\"8\"><strong>La geometr\u00eda de la salvaci\u00f3n: Esfera, pi\u00f1a y bendici\u00f3n<\/strong><\/h3>\n<p data-path-to-node=\"9\">Al analizar la imagen seg\u00fan las fuentes de la Abad\u00eda y expertos como <i data-path-to-node=\"9\" data-index-in-node=\"69\">Bordados Barber<\/i>, descubrimos una catequesis visual en sus manos:<\/p>\n<ol>\n<li data-path-to-node=\"10,0,0\"><b data-path-to-node=\"10,0,0\" data-index-in-node=\"0\">La Esfera (Mano derecha de la Virgen):<\/b> Representa el orbe, el cosmos. Mar\u00eda no solo nos ofrece a su Hijo, sino que sostiene el mundo entero ante la mirada de Dios. Es el recordatorio de que nada de lo que ocurre en el planeta es ajeno a su cuidado maternal.<\/li>\n<li data-path-to-node=\"10,1,0\"><b data-path-to-node=\"10,1,0\" data-index-in-node=\"0\">La Pi\u00f1a (Mano izquierda del Ni\u00f1o):<\/b> Sostenida por Jes\u00fas, la pi\u00f1a es un antiguo s\u00edmbolo de unidad, fecundidad y vida eterna. Nos ense\u00f1a que la fe debe dar fruto y que, al igual que los pi\u00f1ones est\u00e1n protegidos en la pi\u00f1a, nosotros estamos seguros en manos de Cristo.<\/li>\n<li data-path-to-node=\"10,2,0\"><b data-path-to-node=\"10,2,0\" data-index-in-node=\"0\">El Gesto de Bendici\u00f3n:<\/b> Con su mano derecha, el Ni\u00f1o bendice al fiel. No es un juez, es un Salvador que acoge a quien sube la monta\u00f1a con el coraz\u00f3n roto o la esperanza renovada.<\/li>\n<\/ol>\n<h3 data-path-to-node=\"11\"><strong>Una tradici\u00f3n que se renueva: La escolan\u00eda y la apertura<\/strong><\/h3>\n<p data-path-to-node=\"12\">Montserrat es hoy un referente de <b data-path-to-node=\"12\" data-index-in-node=\"34\">vanguardia espiritual<\/b>. La Escolan\u00eda, una de las instituciones musicales m\u00e1s antiguas de Europa, sigue elevando el <i data-path-to-node=\"12\" data-index-in-node=\"148\">Virolai<\/i> cada mediod\u00eda, uniendo el arte con la liturgia de forma sublime.<\/p>\n<p data-path-to-node=\"13\">En un gesto de \u00ablectura de los signos de los tiempos\u00bb, la reciente creaci\u00f3n de la <i data-path-to-node=\"13\" data-index-in-node=\"82\">Schola Cantorum<\/i> (coro mixto) demuestra que el Santuario sabe integrar la tradici\u00f3n benedictina con la realidad del siglo XXI. Es una pedagog\u00eda de la acogida: en Montserrat, como dicta la Regla de San Benito, \u00abse recibe a todos como si fueran el mismo Cristo\u00bb.<\/p>\n<h3 data-path-to-node=\"14\"><strong>El \u00abpeso\u00bb de la divinidad<\/strong><\/h3>\n<p data-path-to-node=\"15\"><span class=\"citation-2\">La historia nos narra que, tras su hallazgo en la <\/span><b data-path-to-node=\"15\" data-index-in-node=\"50\"><span class=\"citation-2\">Santa Cova<\/span><\/b><span class=\"citation-2 citation-end-2\">, se intent\u00f3 trasladar la imagen a Manresa, pero la talla se volvi\u00f3 tan pesada que fue imposible moverla.<\/span> Este hecho, m\u00e1s all\u00e1 de lo milagroso, encierra una verdad profunda: <b data-path-to-node=\"15\" data-index-in-node=\"234\">la Virgen elige d\u00f3nde quedarse<\/b>. Ella decidi\u00f3 que su hogar fuera la monta\u00f1a abrupta, ense\u00f1\u00e1ndonos que la fe no siempre es un camino llano, sino una ascensi\u00f3n que requiere esfuerzo, pero que siempre ofrece una cumbre de paz.<\/p>\n<h3 data-path-to-node=\"16\"><strong>\u00bfPor qu\u00e9 visitar a la Moreneta hoy?<\/strong><\/h3>\n<p data-path-to-node=\"17\">Visitar Montserrat hoy es un acto de rebeld\u00eda contra el ruido y la prisa. Es entrar en un espacio donde el tiempo se detiene y la piedra habla. La Virgen de Montserrat nos ofrece una \u00abesperanza constructiva\u00bb: nos recuerda que, por muy \u00abserrada\u00bb o dif\u00edcil que sea nuestra vida, siempre hay un regazo s\u00f3lido donde descansar.<\/p>\n<p data-path-to-node=\"18\">Hoy, la Moreneta nos mira con sus ojos claros sobre el rostro oscuro, record\u00e1ndonos que la verdadera belleza nace de la fidelidad y que, en la cima de nuestras dificultades, siempre hay una Madre que sostiene el mundo por nosotros.<\/p>\n<p data-path-to-node=\"20\"><b data-path-to-node=\"20\" data-index-in-node=\"0\">\u00abRosa d\u2019abril, Morena de la serra, de Montserrat estel&#8230;\u00bb<\/b> (\u00ab<em>Rosa de abril, Morena de la sierra, de Montserrat estrella&#8230;<\/em>\u00ab) \u2013 Una invitaci\u00f3n a que, cada vez que mires hacia arriba, recuerdes que hay una luz que nunca se apaga en la monta\u00f1a sagrada.<\/p>\n<p data-path-to-node=\"20\"><img loading=\"lazy\" decoding=\"async\" class=\"size-full wp-image-168356 alignnone\" src=\"https:\/\/exaudi.org\/wp-content\/uploads\/2026\/04\/Santoral.jpg\" alt=\"\" width=\"1080\" height=\"1080\" srcset=\"https:\/\/exaudi.org\/wp-content\/uploads\/2026\/04\/Santoral.jpg 1080w, https:\/\/exaudi.org\/wp-content\/uploads\/2026\/04\/Santoral-300x300.jpg 300w, https:\/\/exaudi.org\/wp-content\/uploads\/2026\/04\/Santoral-1024x1024.jpg 1024w, https:\/\/exaudi.org\/wp-content\/uploads\/2026\/04\/Santoral-100x100.jpg?crop=1 100w, https:\/\/exaudi.org\/wp-content\/uploads\/2026\/04\/Santoral-770x770.jpg 770w, https:\/\/exaudi.org\/wp-content\/uploads\/2026\/04\/Santoral-500x500.jpg 500w\" sizes=\"auto, (max-width: 1080px) 100vw, 1080px\" \/><\/p>\n","protected":false},"excerpt":{"rendered":"<p>Faro de Esperanza en el Siglo XXI<\/p>\n","protected":false},"author":15,"featured_media":168350,"comment_status":"closed","ping_status":"closed","sticky":false,"template":"","format":"standard","meta":{"_acf_changed":false,"_crdt_document":"","inline_featured_image":false,"footnotes":""},"categories":[74,2772],"tags":[110429,42104,110440,110438,110432,20343,38598,110431,110439,110436,110428,110441,110433,110443,110430,110434,58880,110435,71094,110437,110442],"class_list":["post-168345","post","type-post","status-publish","format-standard","has-post-thumbnail","hentry","category-iglesia-y-mundo","category-santoral","tag-abadia-de-montserrat","tag-advocaciones-marianas","tag-arte-romanico-sacro","tag-camino-de-santiago-catalan","tag-escolania-de-montserrat","tag-espiritualidad-catolica","tag-fe-y-cultura","tag-historia-de-la-moreneta","tag-monasterio-benedictino","tag-montana-sagrada-montserrat","tag-moreneta","tag-oracion-virgen-de-montserrat","tag-patrona-de-cataluna","tag-santa-cova","tag-santuario-de-montserrat","tag-simbologia-mariana","tag-trending-es-151","tag-turismo-religioso-espana","tag-virgen-de-montserrat","tag-virgen-negra","tag-virolai"],"acf":[],"yoast_head":"<!-- This site is optimized with the Yoast SEO plugin v27.5 - https:\/\/yoast.com\/product\/yoast-seo-wordpress\/ -->\n<title>Virgen de Montserrat. La Moreneta: El coraz\u00f3n de piedra que late por el mundo &#8211; Exaudi<\/title>\n<meta name=\"robots\" content=\"index, follow, max-snippet:-1, max-image-preview:large, max-video-preview:-1\" \/>\n<link rel=\"canonical\" href=\"https:\/\/exaudi.org\/es\/virgen-de-montserrat-la-moreneta-el-corazon-de-piedra-que-late-por-el-mundo\/\" \/>\n<meta property=\"og:locale\" content=\"es_ES\" \/>\n<meta property=\"og:type\" content=\"article\" \/>\n<meta property=\"og:title\" content=\"Virgen de Montserrat. La Moreneta: El coraz\u00f3n de piedra que late por el mundo &#8211; Exaudi\" \/>\n<meta property=\"og:description\" content=\"Faro de Esperanza en el Siglo XXI\" \/>\n<meta property=\"og:url\" content=\"https:\/\/exaudi.org\/es\/virgen-de-montserrat-la-moreneta-el-corazon-de-piedra-que-late-por-el-mundo\/\" \/>\n<meta property=\"og:site_name\" content=\"Exaudi\" \/>\n<meta property=\"article:publisher\" content=\"https:\/\/www.facebook.com\/ExaudiNews\" \/>\n<meta property=\"article:author\" content=\"https:\/\/www.facebook.com\/ExaudiNoticias\/\" \/>\n<meta property=\"article:published_time\" content=\"2026-04-27T06:15:26+00:00\" \/>\n<meta property=\"article:modified_time\" content=\"2026-04-27T07:14:50+00:00\" \/>\n<meta property=\"og:image\" content=\"https:\/\/exaudi.org\/wp-content\/uploads\/2026\/04\/Moreneta.png\" \/>\n\t<meta property=\"og:image:width\" content=\"688\" \/>\n\t<meta property=\"og:image:height\" content=\"300\" \/>\n\t<meta property=\"og:image:type\" content=\"image\/png\" \/>\n<meta name=\"author\" content=\"Exaudi Redacci\u00f3n\" \/>\n<meta name=\"twitter:card\" content=\"summary_large_image\" \/>\n<meta name=\"twitter:creator\" content=\"@Exaudi_noticias\" \/>\n<meta name=\"twitter:site\" content=\"@Exaudi_News\" \/>\n<meta name=\"twitter:label1\" content=\"Escrito por\" \/>\n\t<meta name=\"twitter:data1\" content=\"Exaudi Redacci\u00f3n\" \/>\n\t<meta name=\"twitter:label2\" content=\"Tiempo de lectura\" \/>\n\t<meta name=\"twitter:data2\" content=\"4 minutos\" \/>\n<script type=\"application\/ld+json\" class=\"yoast-schema-graph\">{\"@context\":\"https:\\\/\\\/schema.org\",\"@graph\":[{\"@type\":\"Article\",\"@id\":\"https:\\\/\\\/exaudi.org\\\/es\\\/virgen-de-montserrat-la-moreneta-el-corazon-de-piedra-que-late-por-el-mundo\\\/#article\",\"isPartOf\":{\"@id\":\"https:\\\/\\\/exaudi.org\\\/es\\\/virgen-de-montserrat-la-moreneta-el-corazon-de-piedra-que-late-por-el-mundo\\\/\"},\"author\":{\"name\":\"Exaudi Redacci\u00f3n\",\"@id\":\"https:\\\/\\\/exaudi.org\\\/#\\\/schema\\\/person\\\/f5fc8f063065e38742da7afe15f25df7\"},\"headline\":\"Virgen de Montserrat. La Moreneta: El coraz\u00f3n de piedra que late por el mundo\",\"datePublished\":\"2026-04-27T06:15:26+00:00\",\"dateModified\":\"2026-04-27T07:14:50+00:00\",\"mainEntityOfPage\":{\"@id\":\"https:\\\/\\\/exaudi.org\\\/es\\\/virgen-de-montserrat-la-moreneta-el-corazon-de-piedra-que-late-por-el-mundo\\\/\"},\"wordCount\":793,\"image\":{\"@id\":\"https:\\\/\\\/exaudi.org\\\/es\\\/virgen-de-montserrat-la-moreneta-el-corazon-de-piedra-que-late-por-el-mundo\\\/#primaryimage\"},\"thumbnailUrl\":\"https:\\\/\\\/exaudi.org\\\/wp-content\\\/uploads\\\/2026\\\/04\\\/Moreneta.png\",\"keywords\":[\"abad\u00eda de montserrat\",\"Advocaciones marianas\",\"arte rom\u00e1nico sacro\",\"camino de santiago catal\u00e1n\",\"escolan\u00eda de montserrat\",\"espiritualidad cat\u00f3lica\",\"Fe y cultura\",\"historia de la moreneta\",\"monasterio benedictino\",\"monta\u00f1a sagrada montserrat\",\"moreneta\",\"oraci\u00f3n virgen de montserrat\",\"patrona de catalu\u00f1a\",\"santa cova\",\"santuario de montserrat\",\"simbolog\u00eda mariana\",\"Trending\",\"turismo religioso espa\u00f1a\",\"virgen de montserrat\",\"virgen negra\",\"virolai\"],\"articleSection\":[\"Iglesia y Mundo\",\"Santoral\"],\"inLanguage\":\"es\"},{\"@type\":\"WebPage\",\"@id\":\"https:\\\/\\\/exaudi.org\\\/es\\\/virgen-de-montserrat-la-moreneta-el-corazon-de-piedra-que-late-por-el-mundo\\\/\",\"url\":\"https:\\\/\\\/exaudi.org\\\/es\\\/virgen-de-montserrat-la-moreneta-el-corazon-de-piedra-que-late-por-el-mundo\\\/\",\"name\":\"Virgen de Montserrat. La Moreneta: El coraz\u00f3n de piedra que late por el mundo &#8211; Exaudi\",\"isPartOf\":{\"@id\":\"https:\\\/\\\/exaudi.org\\\/#website\"},\"primaryImageOfPage\":{\"@id\":\"https:\\\/\\\/exaudi.org\\\/es\\\/virgen-de-montserrat-la-moreneta-el-corazon-de-piedra-que-late-por-el-mundo\\\/#primaryimage\"},\"image\":{\"@id\":\"https:\\\/\\\/exaudi.org\\\/es\\\/virgen-de-montserrat-la-moreneta-el-corazon-de-piedra-que-late-por-el-mundo\\\/#primaryimage\"},\"thumbnailUrl\":\"https:\\\/\\\/exaudi.org\\\/wp-content\\\/uploads\\\/2026\\\/04\\\/Moreneta.png\",\"datePublished\":\"2026-04-27T06:15:26+00:00\",\"dateModified\":\"2026-04-27T07:14:50+00:00\",\"author\":{\"@id\":\"https:\\\/\\\/exaudi.org\\\/#\\\/schema\\\/person\\\/f5fc8f063065e38742da7afe15f25df7\"},\"breadcrumb\":{\"@id\":\"https:\\\/\\\/exaudi.org\\\/es\\\/virgen-de-montserrat-la-moreneta-el-corazon-de-piedra-que-late-por-el-mundo\\\/#breadcrumb\"},\"inLanguage\":\"es\",\"potentialAction\":[{\"@type\":\"ReadAction\",\"target\":[\"https:\\\/\\\/exaudi.org\\\/es\\\/virgen-de-montserrat-la-moreneta-el-corazon-de-piedra-que-late-por-el-mundo\\\/\"]}]},{\"@type\":\"ImageObject\",\"inLanguage\":\"es\",\"@id\":\"https:\\\/\\\/exaudi.org\\\/es\\\/virgen-de-montserrat-la-moreneta-el-corazon-de-piedra-que-late-por-el-mundo\\\/#primaryimage\",\"url\":\"https:\\\/\\\/exaudi.org\\\/wp-content\\\/uploads\\\/2026\\\/04\\\/Moreneta.png\",\"contentUrl\":\"https:\\\/\\\/exaudi.org\\\/wp-content\\\/uploads\\\/2026\\\/04\\\/Moreneta.png\",\"width\":688,\"height\":300},{\"@type\":\"BreadcrumbList\",\"@id\":\"https:\\\/\\\/exaudi.org\\\/es\\\/virgen-de-montserrat-la-moreneta-el-corazon-de-piedra-que-late-por-el-mundo\\\/#breadcrumb\",\"itemListElement\":[{\"@type\":\"ListItem\",\"position\":1,\"name\":\"Portada\",\"item\":\"https:\\\/\\\/exaudi.org\\\/es\\\/\"},{\"@type\":\"ListItem\",\"position\":2,\"name\":\"Virgen de Montserrat. La Moreneta: El coraz\u00f3n de piedra que late por el mundo\"}]},{\"@type\":\"WebSite\",\"@id\":\"https:\\\/\\\/exaudi.org\\\/#website\",\"url\":\"https:\\\/\\\/exaudi.org\\\/\",\"name\":\"Exaudi\",\"description\":\"News\",\"potentialAction\":[{\"@type\":\"SearchAction\",\"target\":{\"@type\":\"EntryPoint\",\"urlTemplate\":\"https:\\\/\\\/exaudi.org\\\/?s={search_term_string}\"},\"query-input\":{\"@type\":\"PropertyValueSpecification\",\"valueRequired\":true,\"valueName\":\"search_term_string\"}}],\"inLanguage\":\"es\"},{\"@type\":\"Person\",\"@id\":\"https:\\\/\\\/exaudi.org\\\/#\\\/schema\\\/person\\\/f5fc8f063065e38742da7afe15f25df7\",\"name\":\"Exaudi Redacci\u00f3n\",\"image\":{\"@type\":\"ImageObject\",\"inLanguage\":\"es\",\"@id\":\"https:\\\/\\\/secure.gravatar.com\\\/avatar\\\/fe0f6a059fb68d9b3e11bc5850dd4899b1c7492091a3cb6dd9b01b56ad828be2?s=96&d=mm&r=g\",\"url\":\"https:\\\/\\\/secure.gravatar.com\\\/avatar\\\/fe0f6a059fb68d9b3e11bc5850dd4899b1c7492091a3cb6dd9b01b56ad828be2?s=96&d=mm&r=g\",\"contentUrl\":\"https:\\\/\\\/secure.gravatar.com\\\/avatar\\\/fe0f6a059fb68d9b3e11bc5850dd4899b1c7492091a3cb6dd9b01b56ad828be2?s=96&d=mm&r=g\",\"caption\":\"Exaudi Redacci\u00f3n\"},\"description\":\"\u00bfQu\u00e9 es Exaudi News? Exaudi News es un medio de comunicaci\u00f3n cat\u00f3lico internacional que informa, forma y transforma, diariamente en espa\u00f1ol, ingl\u00e9s e italiano. A trav\u00e9s de noticias, art\u00edculos de an\u00e1lisis y transmisiones en directo de los eventos del Papa, Exaudi busca fortalecer la unidad de los cristianos y contribuir a la evangelizaci\u00f3n del mundo, siempre guiados por la doctrina social de la Iglesia. Trabajamos para acercar la verdad y los valores cristianos a cada rinc\u00f3n del planeta. \u00a1Ay\u00fadanos a transformar el mundo con Exaudi! En Exaudi creemos que la evangelizaci\u00f3n y la informaci\u00f3n de calidad pueden cambiar vidas. Para continuar con nuestra misi\u00f3n y expandir nuestro alcance, necesitamos tu ayuda. Adem\u00e1s, buscamos personas comprometidas que deseen unirse a nuestro equipo. Con tu apoyo, lograremos llegar a m\u00e1s personas, difundir el mensaje de Cristo y reforzar la unidad de los cristianos. \u00bfTe unes a nuestra misi\u00f3n? Para m\u00e1s informaci\u00f3n sobre c\u00f3mo colaborar, visita Exaudi.org\\\/es o cont\u00e1ctanos directamente: info@exaudi.org Exaudi: Informa, forma y transforma.\",\"sameAs\":[\"https:\\\/\\\/www.facebook.com\\\/ExaudiNoticias\\\/\",\"https:\\\/\\\/www.instagram.com\\\/exaudi_noticias\\\/\",\"https:\\\/\\\/x.com\\\/Exaudi_noticias\",\"https:\\\/\\\/www.youtube.com\\\/@exaudicatholicnews\"],\"url\":\"https:\\\/\\\/exaudi.org\\\/es\\\/author\\\/redaccionexaudi\\\/\"}]}<\/script>\n<!-- \/ Yoast SEO plugin. -->","yoast_head_json":{"title":"Virgen de Montserrat. La Moreneta: El coraz\u00f3n de piedra que late por el mundo &#8211; Exaudi","robots":{"index":"index","follow":"follow","max-snippet":"max-snippet:-1","max-image-preview":"max-image-preview:large","max-video-preview":"max-video-preview:-1"},"canonical":"https:\/\/exaudi.org\/es\/virgen-de-montserrat-la-moreneta-el-corazon-de-piedra-que-late-por-el-mundo\/","og_locale":"es_ES","og_type":"article","og_title":"Virgen de Montserrat. La Moreneta: El coraz\u00f3n de piedra que late por el mundo &#8211; Exaudi","og_description":"Faro de Esperanza en el Siglo XXI","og_url":"https:\/\/exaudi.org\/es\/virgen-de-montserrat-la-moreneta-el-corazon-de-piedra-que-late-por-el-mundo\/","og_site_name":"Exaudi","article_publisher":"https:\/\/www.facebook.com\/ExaudiNews","article_author":"https:\/\/www.facebook.com\/ExaudiNoticias\/","article_published_time":"2026-04-27T06:15:26+00:00","article_modified_time":"2026-04-27T07:14:50+00:00","og_image":[{"width":688,"height":300,"url":"https:\/\/exaudi.org\/wp-content\/uploads\/2026\/04\/Moreneta.png","type":"image\/png"}],"author":"Exaudi Redacci\u00f3n","twitter_card":"summary_large_image","twitter_creator":"@Exaudi_noticias","twitter_site":"@Exaudi_News","twitter_misc":{"Escrito por":"Exaudi Redacci\u00f3n","Tiempo de lectura":"4 minutos"},"schema":{"@context":"https:\/\/schema.org","@graph":[{"@type":"Article","@id":"https:\/\/exaudi.org\/es\/virgen-de-montserrat-la-moreneta-el-corazon-de-piedra-que-late-por-el-mundo\/#article","isPartOf":{"@id":"https:\/\/exaudi.org\/es\/virgen-de-montserrat-la-moreneta-el-corazon-de-piedra-que-late-por-el-mundo\/"},"author":{"name":"Exaudi Redacci\u00f3n","@id":"https:\/\/exaudi.org\/#\/schema\/person\/f5fc8f063065e38742da7afe15f25df7"},"headline":"Virgen de Montserrat. La Moreneta: El coraz\u00f3n de piedra que late por el mundo","datePublished":"2026-04-27T06:15:26+00:00","dateModified":"2026-04-27T07:14:50+00:00","mainEntityOfPage":{"@id":"https:\/\/exaudi.org\/es\/virgen-de-montserrat-la-moreneta-el-corazon-de-piedra-que-late-por-el-mundo\/"},"wordCount":793,"image":{"@id":"https:\/\/exaudi.org\/es\/virgen-de-montserrat-la-moreneta-el-corazon-de-piedra-que-late-por-el-mundo\/#primaryimage"},"thumbnailUrl":"https:\/\/exaudi.org\/wp-content\/uploads\/2026\/04\/Moreneta.png","keywords":["abad\u00eda de montserrat","Advocaciones marianas","arte rom\u00e1nico sacro","camino de santiago catal\u00e1n","escolan\u00eda de montserrat","espiritualidad cat\u00f3lica","Fe y cultura","historia de la moreneta","monasterio benedictino","monta\u00f1a sagrada montserrat","moreneta","oraci\u00f3n virgen de montserrat","patrona de catalu\u00f1a","santa cova","santuario de montserrat","simbolog\u00eda mariana","Trending","turismo religioso espa\u00f1a","virgen de montserrat","virgen negra","virolai"],"articleSection":["Iglesia y Mundo","Santoral"],"inLanguage":"es"},{"@type":"WebPage","@id":"https:\/\/exaudi.org\/es\/virgen-de-montserrat-la-moreneta-el-corazon-de-piedra-que-late-por-el-mundo\/","url":"https:\/\/exaudi.org\/es\/virgen-de-montserrat-la-moreneta-el-corazon-de-piedra-que-late-por-el-mundo\/","name":"Virgen de Montserrat. La Moreneta: El coraz\u00f3n de piedra que late por el mundo &#8211; Exaudi","isPartOf":{"@id":"https:\/\/exaudi.org\/#website"},"primaryImageOfPage":{"@id":"https:\/\/exaudi.org\/es\/virgen-de-montserrat-la-moreneta-el-corazon-de-piedra-que-late-por-el-mundo\/#primaryimage"},"image":{"@id":"https:\/\/exaudi.org\/es\/virgen-de-montserrat-la-moreneta-el-corazon-de-piedra-que-late-por-el-mundo\/#primaryimage"},"thumbnailUrl":"https:\/\/exaudi.org\/wp-content\/uploads\/2026\/04\/Moreneta.png","datePublished":"2026-04-27T06:15:26+00:00","dateModified":"2026-04-27T07:14:50+00:00","author":{"@id":"https:\/\/exaudi.org\/#\/schema\/person\/f5fc8f063065e38742da7afe15f25df7"},"breadcrumb":{"@id":"https:\/\/exaudi.org\/es\/virgen-de-montserrat-la-moreneta-el-corazon-de-piedra-que-late-por-el-mundo\/#breadcrumb"},"inLanguage":"es","potentialAction":[{"@type":"ReadAction","target":["https:\/\/exaudi.org\/es\/virgen-de-montserrat-la-moreneta-el-corazon-de-piedra-que-late-por-el-mundo\/"]}]},{"@type":"ImageObject","inLanguage":"es","@id":"https:\/\/exaudi.org\/es\/virgen-de-montserrat-la-moreneta-el-corazon-de-piedra-que-late-por-el-mundo\/#primaryimage","url":"https:\/\/exaudi.org\/wp-content\/uploads\/2026\/04\/Moreneta.png","contentUrl":"https:\/\/exaudi.org\/wp-content\/uploads\/2026\/04\/Moreneta.png","width":688,"height":300},{"@type":"BreadcrumbList","@id":"https:\/\/exaudi.org\/es\/virgen-de-montserrat-la-moreneta-el-corazon-de-piedra-que-late-por-el-mundo\/#breadcrumb","itemListElement":[{"@type":"ListItem","position":1,"name":"Portada","item":"https:\/\/exaudi.org\/es\/"},{"@type":"ListItem","position":2,"name":"Virgen de Montserrat. La Moreneta: El coraz\u00f3n de piedra que late por el mundo"}]},{"@type":"WebSite","@id":"https:\/\/exaudi.org\/#website","url":"https:\/\/exaudi.org\/","name":"Exaudi","description":"News","potentialAction":[{"@type":"SearchAction","target":{"@type":"EntryPoint","urlTemplate":"https:\/\/exaudi.org\/?s={search_term_string}"},"query-input":{"@type":"PropertyValueSpecification","valueRequired":true,"valueName":"search_term_string"}}],"inLanguage":"es"},{"@type":"Person","@id":"https:\/\/exaudi.org\/#\/schema\/person\/f5fc8f063065e38742da7afe15f25df7","name":"Exaudi Redacci\u00f3n","image":{"@type":"ImageObject","inLanguage":"es","@id":"https:\/\/secure.gravatar.com\/avatar\/fe0f6a059fb68d9b3e11bc5850dd4899b1c7492091a3cb6dd9b01b56ad828be2?s=96&d=mm&r=g","url":"https:\/\/secure.gravatar.com\/avatar\/fe0f6a059fb68d9b3e11bc5850dd4899b1c7492091a3cb6dd9b01b56ad828be2?s=96&d=mm&r=g","contentUrl":"https:\/\/secure.gravatar.com\/avatar\/fe0f6a059fb68d9b3e11bc5850dd4899b1c7492091a3cb6dd9b01b56ad828be2?s=96&d=mm&r=g","caption":"Exaudi Redacci\u00f3n"},"description":"\u00bfQu\u00e9 es Exaudi News? Exaudi News es un medio de comunicaci\u00f3n cat\u00f3lico internacional que informa, forma y transforma, diariamente en espa\u00f1ol, ingl\u00e9s e italiano. A trav\u00e9s de noticias, art\u00edculos de an\u00e1lisis y transmisiones en directo de los eventos del Papa, Exaudi busca fortalecer la unidad de los cristianos y contribuir a la evangelizaci\u00f3n del mundo, siempre guiados por la doctrina social de la Iglesia. Trabajamos para acercar la verdad y los valores cristianos a cada rinc\u00f3n del planeta. \u00a1Ay\u00fadanos a transformar el mundo con Exaudi! En Exaudi creemos que la evangelizaci\u00f3n y la informaci\u00f3n de calidad pueden cambiar vidas. Para continuar con nuestra misi\u00f3n y expandir nuestro alcance, necesitamos tu ayuda. Adem\u00e1s, buscamos personas comprometidas que deseen unirse a nuestro equipo. Con tu apoyo, lograremos llegar a m\u00e1s personas, difundir el mensaje de Cristo y reforzar la unidad de los cristianos. \u00bfTe unes a nuestra misi\u00f3n? Para m\u00e1s informaci\u00f3n sobre c\u00f3mo colaborar, visita Exaudi.org\/es o cont\u00e1ctanos directamente: info@exaudi.org Exaudi: Informa, forma y transforma.","sameAs":["https:\/\/www.facebook.com\/ExaudiNoticias\/","https:\/\/www.instagram.com\/exaudi_noticias\/","https:\/\/x.com\/Exaudi_noticias","https:\/\/www.youtube.com\/@exaudicatholicnews"],"url":"https:\/\/exaudi.org\/es\/author\/redaccionexaudi\/"}]}},"jetpack_featured_media_url":"https:\/\/exaudi.org\/wp-content\/uploads\/2026\/04\/Moreneta.png","jetpack_shortlink":"https:\/\/wp.me\/pgKjF2-HNf","_links":{"self":[{"href":"https:\/\/exaudi.org\/es\/wp-json\/wp\/v2\/posts\/168345","targetHints":{"allow":["GET"]}}],"collection":[{"href":"https:\/\/exaudi.org\/es\/wp-json\/wp\/v2\/posts"}],"about":[{"href":"https:\/\/exaudi.org\/es\/wp-json\/wp\/v2\/types\/post"}],"author":[{"embeddable":true,"href":"https:\/\/exaudi.org\/es\/wp-json\/wp\/v2\/users\/15"}],"replies":[{"embeddable":true,"href":"https:\/\/exaudi.org\/es\/wp-json\/wp\/v2\/comments?post=168345"}],"version-history":[{"count":6,"href":"https:\/\/exaudi.org\/es\/wp-json\/wp\/v2\/posts\/168345\/revisions"}],"predecessor-version":[{"id":168363,"href":"https:\/\/exaudi.org\/es\/wp-json\/wp\/v2\/posts\/168345\/revisions\/168363"}],"wp:featuredmedia":[{"embeddable":true,"href":"https:\/\/exaudi.org\/es\/wp-json\/wp\/v2\/media\/168350"}],"wp:attachment":[{"href":"https:\/\/exaudi.org\/es\/wp-json\/wp\/v2\/media?parent=168345"}],"wp:term":[{"taxonomy":"category","embeddable":true,"href":"https:\/\/exaudi.org\/es\/wp-json\/wp\/v2\/categories?post=168345"},{"taxonomy":"post_tag","embeddable":true,"href":"https:\/\/exaudi.org\/es\/wp-json\/wp\/v2\/tags?post=168345"}],"curies":[{"name":"wp","href":"https:\/\/api.w.org\/{rel}","templated":true}]}}