{"id":168281,"date":"2026-04-26T12:24:15","date_gmt":"2026-04-26T10:24:15","guid":{"rendered":"https:\/\/exaudi.org\/?p=168281"},"modified":"2026-04-26T12:26:30","modified_gmt":"2026-04-26T10:26:30","slug":"el-papa-ser-cristiano-en-politica-no-significa-ser-abiertamente-confesional-sino-permitir-que-el-evangelio-guie-las-decisiones-que-deben-tomarse","status":"publish","type":"post","link":"https:\/\/exaudi.org\/es\/el-papa-ser-cristiano-en-politica-no-significa-ser-abiertamente-confesional-sino-permitir-que-el-evangelio-guie-las-decisiones-que-deben-tomarse\/","title":{"rendered":"El Papa: Ser cristiano en pol\u00edtica no significa ser abiertamente confesional; sino permitir que el Evangelio gu\u00ede las decisiones que deben tomarse"},"content":{"rendered":"<p>Este s\u00e1bado,\u00a0 25 de abril de 2006 en el Palacio Apost\u00f3lico Vaticano, el Santo Padre Le\u00f3n XIV recibi\u00f3 en audiencia a los miembros del Partido Popular Europeo en el Parlamento Europeo. El Papa insta a recuperar el esp\u00edritu fundador de la Uni\u00f3n Europea, reforzar sus ra\u00edces humanistas y cristianas y volver a poner al pueblo en el centro de la acci\u00f3n pol\u00edtica, advirtiendo contra los riesgos del populismo, el elitismo y las ideolog\u00edas en un contexto de creciente desconexi\u00f3n entre ciudadanos e instituciones.<\/p>\n<p>Publicamos a continuaci\u00f3n el discurso que el Papa dirigi\u00f3 a los presentes durante el encuentro:<\/p>\n<p>***<\/p>\n<p><b>Discurso del Santo Padre<\/b><\/p>\n<p>En el nombre del Padre, del Hijo y del Esp\u00edritu Santo,<br \/>\nLa paz sea con ustedes,<\/p>\n<p><i>Distinguidos parlamentarios,<br \/>\nSe\u00f1oras y se\u00f1ores,<\/i><\/p>\n<p>Les doy a todos una c\u00e1lida bienvenida a nuestro encuentro. De una manera especial, saludo a su presidente, el se\u00f1or Manfred Weber y la se\u00f1ora Mairead McGuinness, la Enviada Especial de la UE responsable de promover la libertad de religi\u00f3n o creencias fuera de la Uni\u00f3n Europea.<\/p>\n<p>Nuestro encuentro se celebra en la estela de los que se tuvieron lugar con mis predecesores,\u00a0<a href=\"https:\/\/www.vatican.va\/content\/john-paul-ii\/es.html\">San Juan Pablo II<\/a>\u00a0y\u00a0<a href=\"https:\/\/www.vatican.va\/content\/benedict-xvi\/es.html\">Papa Benedicto XVI<\/a>, as\u00ed como el\u00a0<a href=\"https:\/\/www.vatican.va\/content\/francesco\/es\/messages\/pont-messages\/2023\/documents\/20230609-messaggio-gruppo-ppe.html\">mensaje que el Papa Francisco<\/a>\u00a0les envi\u00f3 en junio de 2023, cuando no pudo recibirlos personalmente por su hospitalizaci\u00f3n. Por ello, me complace continuar este di\u00e1logo con el Partido Popular Europeo, que toma su inspiraci\u00f3n pol\u00edtica de figuras como Adenauer, De Gasperi y Schuman, ampliamente considerados los padres fundadores de la Europa moderna.<\/p>\n<p><a href=\"https:\/\/www.vatican.va\/content\/benedict-xvi\/es\/speeches\/2006\/march\/documents\/hf_ben-xvi_spe_20060330_eu-parliamentarians.html\">Como Benedicto XVI hace veinte a\u00f1os<\/a>, yo tambi\u00e9n \u00abaprecio el reconocimiento que hace vuestro Grupo de la herencia cristiana de Europa.\u00bb\u00a0<a class=\" cleaner\" href=\"https:\/\/www.vatican.va\/content\/leo-xiv\/es\/speeches\/2026\/april\/documents\/20260425-ppe.html#_ftn1\" name=\"_ftnref1\">[1]<\/a>\u00a0 El proyecto europeo, que surgi\u00f3 de las cenizas de la Segunda Guerra Mundial, naci\u00f3 sin duda de la necesidad pr\u00e1ctica de evitar que tal conflicto volviera a ocurrir. Sin embargo, est\u00e1 igualmente impregnado de una visi\u00f3n ideal, es decir, el deseo de fomentar una cooperaci\u00f3n que supere siglos de divisi\u00f3n y permita a los pueblos del continente redescubrir el patrimonio humano, cultural y religioso que comparten. Los padres fundadores se inspiraron en su fe personal y consideraban los principios cristianos como un elemento com\u00fan y unificador que pod\u00eda ayudar a poner fin al esp\u00edritu de venganza y conflictivo que hab\u00eda conducido a la Segunda Guerra Mundial.<\/p>\n<p>El\u00a0<a href=\"https:\/\/www.vatican.va\/content\/francesco\/es.html\">Papa Francisco<\/a>\u00a0acu\u00f1\u00f3 una expresi\u00f3n hermosa y sencilla que resume esta idea: \u00abla unidad es superior al conflicto\u00bb.\u00a0<a class=\" cleaner\" href=\"https:\/\/www.vatican.va\/content\/leo-xiv\/es\/speeches\/2026\/april\/documents\/20260425-ppe.html#_ftn2\" name=\"_ftnref2\">[2]<\/a>\u00a0 Ya que la b\u00fasqueda de la unidad tiene el valor de ir m\u00e1s all\u00e1 de la superficie del conflicto y ver a los dem\u00e1s con su m\u00e1s profunda dignidad.\u00a0<a class=\" cleaner\" href=\"https:\/\/www.vatican.va\/content\/leo-xiv\/es\/speeches\/2026\/april\/documents\/20260425-ppe.html#_ftn3\" name=\"_ftnref3\">[3]<\/a>\u00a0 De este modo, se hace posible crear algo nuevo y constructivo, mientras que el conflicto exalta las diferencias, fomenta la b\u00fasqueda y afirmaci\u00f3n del poder y, en \u00faltima instancia, conduce a la destrucci\u00f3n.<\/p>\n<p>La tarea principal de cualquier acci\u00f3n pol\u00edtica es ofrecer una visi\u00f3n ideal, ya que la pol\u00edtica requiere una visi\u00f3n amplia del futuro, sin temer tomar decisiones dif\u00edciles e incluso impopulares cuando sea necesario para el bien com\u00fan. En este sentido, la pol\u00edtica es la \u00abforma m\u00e1s elevada de caridad\u00bb\u00a0<a class=\" cleaner\" href=\"https:\/\/www.vatican.va\/content\/leo-xiv\/es\/speeches\/2026\/april\/documents\/20260425-ppe.html#_ftn4\" name=\"_ftnref4\">[4]<\/a>\u00a0Porque puede comprometerse completamente con la construcci\u00f3n del bien com\u00fan.<\/p>\n<p>Sin embargo, perseguir un ideal no significa glorificar una ideolog\u00eda. De hecho, la ideolog\u00eda es siempre el resultado de una distorsi\u00f3n de la realidad y de una especie de violencia impuesta sobre ella. Cada ideolog\u00eda retuerce ideas y subyuga al ser humano a su propio proyecto, sofocando sus verdaderas aspiraciones, su deseo de libertad, de felicidad y de bienestar personal y social. La Europa moderna surgi\u00f3 al reconocer el fracaso de los proyectos ideol\u00f3gicos que la hab\u00edan destruido y dividido.<\/p>\n<p>Como se\u00f1al\u00f3 De Gasperi, perseguir un ideal significa situar a la persona humana en el centro, \u00abcon su esp\u00edritu de fraternidad evang\u00e9lica, con su reverencia por la ley heredada de la antig\u00fcedad, con su aprecio por la belleza refinada a lo largo de los siglos y con su compromiso con la verdad y la justicia, agudizado por milenios de experiencia.\u00bb\u00a0<a class=\" cleaner\" href=\"https:\/\/www.vatican.va\/content\/leo-xiv\/es\/speeches\/2026\/april\/documents\/20260425-ppe.html#_ftn5\" name=\"_ftnref5\">[5]<\/a><\/p>\n<p>Este es el marco dentro del cual la pol\u00edtica a\u00fan puede practicarse hoy y al que es necesario reconducir la actividad pol\u00edtica. Su partido se llama Partido Popular Europeo. El pueblo est\u00e1 en el coraz\u00f3n de su compromiso, y no puede dejarlo de lado. No son meros receptores pasivos de propuestas y decisiones pol\u00edticas; est\u00e1n, sobre todo, llamados a ser participantes activos que compartan la responsabilidad de cada acci\u00f3n pol\u00edtica. Estar presentes entre el pueblo e involucrarlos en el proceso pol\u00edtico es el mejor ant\u00eddoto contra el populismo, que solo busca una aprobaci\u00f3n f\u00e1cil, y contra el elitismo, que tiende a actuar sin consenso. Ambas son tendencias generalizadas en el panorama pol\u00edtico actual. Una pol\u00edtica aut\u00e9nticamente \u00abpopular\u00bb requiere tiempo, proyectos compartidos y amor por la verdad.<\/p>\n<p>Uno de los principales problemas de la pol\u00edtica en los \u00faltimos a\u00f1os ha sido el declive constante de la sinton\u00eda, de la cooperaci\u00f3n y el compromiso mutuo entre el pueblo y sus representantes. Es necesario recrear un sentido genuino de \u00abpueblo\u00bb, que implique contacto personal entre ciudadanos y sus representantes, para responder eficazmente a los problemas concretos del pueblo a la luz de una visi\u00f3n ideal. Podr\u00edamos decir metaf\u00f3ricamente que en la era del \u00abtriunfo digital\u00bb, la acci\u00f3n pol\u00edtica verdaderamente orientada al bien com\u00fan requiere un retorno al \u00abanal\u00f3gico\u00bb.<\/p>\n<p>Quiz\u00e1 este sea el verdadero ant\u00eddoto contra una pol\u00edtica que a menudo grita, compuesta \u00fanicamente de esl\u00f3ganes y es incapaz de responder a las necesidades reales de las personas. Adem\u00e1s, para superar cierta desafecci\u00f3n con la pol\u00edtica, es necesario recuperar a las personas acerc\u00e1ndolas personalmente y reconstruyendo una red de relaciones en las zonas donde viven, para que todos puedan sentir que pertenecen a una comunidad y compartir su futuro.<\/p>\n<p>\u00bfQu\u00e9 significa esto en t\u00e9rminos pr\u00e1cticos para quienes basan sus acciones en valores cristianodem\u00f3cratas? Ante todo, significa redescubrir y abrazar la herencia cristiana de la que provienen, manteniendo al mismo tiempo la necesaria l\u00ednea de demarcaci\u00f3n entre el testimonio religioso prof\u00e9tico \u2014reservado a la comunidad eclesial\u2014 y el testimonio cristiano expresado a trav\u00e9s de elecciones pol\u00edticas concretas.\u00a0<a class=\" cleaner\" href=\"https:\/\/www.vatican.va\/content\/leo-xiv\/es\/speeches\/2026\/april\/documents\/20260425-ppe.html#_ftn6\" name=\"_ftnref6\">[6]<\/a>\u00a0 Ser cristiano en pol\u00edtica no significa ser abiertamente confesional; sino permitir que el Evangelio gu\u00ede las decisiones que deben tomarse, incluso aquellas que no parecen obtener un consenso f\u00e1cil. Significa trabajar para preservar la conexi\u00f3n entre la ley natural y la ley positiva, y entre las ra\u00edces cristianas y la acci\u00f3n pol\u00edtica.<\/p>\n<p>Ser cristianos comprometidos en la pol\u00edtica requiere una perspectiva realista que empiece con las preocupaciones concretas de las personas. Esta perspectiva debe buscar, sobre todo, fomentar condiciones laborales dignas que fomenten el ingenio y la creatividad de las personas frente a un mercado cada vez m\u00e1s deshumanizante e insatisfactorio. Esa perspectiva debe permitir a las personas superar el miedo a formar una familia, de tener hijos, un miedo que parece ser especialmente prevalente en Europa. Tambi\u00e9n debe abordar las causas profundas de la migraci\u00f3n, cuidar a quienes sufren, teniendo en cuenta las verdaderas capacidades para acoger e integrar a los migrantes en la sociedad. Asimismo, requiere afrontar de manera no ideol\u00f3gica los grandes retos de nuestro tiempo, como el cuidado de la creaci\u00f3n y la inteligencia artificial. Esta \u00faltima ofrece grandes oportunidades, pero tambi\u00e9n est\u00e1 llena de peligros.<\/p>\n<p>Ser cristianos comprometidos en la pol\u00edtica tambi\u00e9n significa invertir en la libertad \u2013 no una libertad trivializada reducida a meras preferencias personales, sino una basada en la verdad, que salvaguarda la libertad religiosa as\u00ed como la libertad de pensamiento y de conciencia en todos los lugares y circunstancias. Al mismo tiempo, fomentar un \u00abcortocircuito\u00bb de los derechos humanos\u00bb\u00a0<a class=\" cleaner\" href=\"https:\/\/www.vatican.va\/content\/leo-xiv\/es\/speeches\/2026\/april\/documents\/20260425-ppe.html#_ftn7\" name=\"_ftnref7\">[7]<\/a>\u00a0debe evitarse, porque acaba cediendo ante la fuerza y a opresi\u00f3n.<\/p>\n<p>Les dejo con estos breves puntos, con la esperanza de que puedan constituir un punto de partida para su compromiso. Al expresar mis mejores deseos para su servicio a los pueblos europeos, les imparto de buen grado mi Bendici\u00f3n Apost\u00f3lica.<\/p>\n<p>Gracias.<\/p>\n<p>______________________<\/p>\n<p><a class=\" cleaner\" href=\"https:\/\/www.vatican.va\/content\/leo-xiv\/es\/speeches\/2026\/april\/documents\/20260425-ppe.html#_ftnref1\" name=\"_ftn1\">[1]<\/a>\u00a0BENEDICTO XVI,\u00a0<i><a href=\"https:\/\/www.vatican.va\/content\/benedict-xvi\/es\/speeches\/2006\/march\/documents\/hf_ben-xvi_spe_20060330_eu-parliamentarians.html\">Discurso a los miembros del Partido Popular Europeo con motivo de las Jornadas de Estudio sobre Europa (30 de marzo de 2006<\/a><\/i>),\u00a0<i>AAS<\/i>\u00a098 (2006), 344.<\/p>\n<p><a class=\" cleaner\" href=\"https:\/\/www.vatican.va\/content\/leo-xiv\/es\/speeches\/2026\/april\/documents\/20260425-ppe.html#_ftnref2\" name=\"_ftn2\">[2]<\/a>\u00a0FRANCISCO,\u00a0<a href=\"https:\/\/www.vatican.va\/content\/francesco\/es\/apost_exhortations\/documents\/papa-francesco_esortazione-ap_20131124_evangelii-gaudium.html#L%E2%80%99unit%C3%A0_prevale_sul_conflitto\">Exhortaci\u00f3n Apost\u00f3lica\u00a0<i>Evangelii Gaudium<\/i><\/a>, 228:\u00a0<i>AAS<\/i>\u00a0105 (2013), 1113.<\/p>\n<p><a class=\" cleaner\" href=\"https:\/\/www.vatican.va\/content\/leo-xiv\/es\/speeches\/2026\/april\/documents\/20260425-ppe.html#_ftnref3\" name=\"_ftn3\">[3]<\/a>\u00a0Cf.\u00a0<a href=\"https:\/\/www.vatican.va\/content\/francesco\/es\/apost_exhortations\/documents\/papa-francesco_esortazione-ap_20131124_evangelii-gaudium.html#L%E2%80%99unit%C3%A0_prevale_sul_conflitto\">ibid<\/a>.<\/p>\n<p><a class=\" cleaner\" href=\"https:\/\/www.vatican.va\/content\/leo-xiv\/es\/speeches\/2026\/april\/documents\/20260425-ppe.html#_ftnref4\" name=\"_ftn4\">[4]<\/a>\u00a0P\u00edo XI,\u00a0<i>Audiencia con los L\u00edderes de la Federaci\u00f3n Universitaria<\/i>\u00a0Cat\u00f3lica (18 de diciembre de 1927).<\/p>\n<p><a class=\" cleaner\" href=\"https:\/\/www.vatican.va\/content\/leo-xiv\/es\/speeches\/2026\/april\/documents\/20260425-ppe.html#_ftnref5\" name=\"_ftn5\">[5]<\/a>\u00a0A. DE GASPERI,\u00a0<i>Europa, Nuestra Patria. Discurso a la Conferencia Parlamentaria Europea<\/i>, 21 de abril de 1954 en:\u00a0<i>Alcide De Gasperi e la pol\u00edtica internazionale,\u00a0<\/i>Roma 1990, vol. III, 437-440.<\/p>\n<p><a class=\" cleaner\" href=\"https:\/\/www.vatican.va\/content\/leo-xiv\/es\/speeches\/2026\/april\/documents\/20260425-ppe.html#_ftnref6\" name=\"_ftn6\">[6]<\/a>\u00a0Cf. MARIALUISA L. SERGIO en: ALCIDE DE GASPERI,\u00a0<i>Diario 1930-1943,\u00a0<\/i>Bolonia 2018, 24.<\/p>\n<p><a class=\" cleaner\" href=\"https:\/\/www.vatican.va\/content\/leo-xiv\/es\/speeches\/2026\/april\/documents\/20260425-ppe.html#_ftnref7\" name=\"_ftn7\">[7]<\/a>\u00a0<i><a href=\"https:\/\/www.vatican.va\/content\/leo-xiv\/es\/speeches\/2026\/january\/documents\/20260109-corpo-diplomatico.html\">Discurso a los miembros del Cuerpo Diplom\u00e1tico Acreditados ante la Santa Sede (9 de enero de 2026).<\/a><\/i><\/p>\n<p>_______________________<\/p>\n","protected":false},"excerpt":{"rendered":"<p>Audiencia con los miembros del Partido Popular Europeo<\/p>\n","protected":false},"author":15,"featured_media":168285,"comment_status":"closed","ping_status":"closed","sticky":false,"template":"","format":"standard","meta":{"_acf_changed":false,"_crdt_document":"","inline_featured_image":false,"footnotes":""},"categories":[124,68],"tags":[6260,3228,110420,58880],"class_list":["post-168281","post","type-post","status-publish","format-standard","has-post-thumbnail","hentry","category-discursos","category-leon-xiv","tag-discurso-del-papa","tag-parlamento-europeo","tag-partido-popular-europeo","tag-trending-es-151"],"acf":[],"yoast_head":"<!-- This site is optimized with the Yoast SEO plugin v27.5 - https:\/\/yoast.com\/product\/yoast-seo-wordpress\/ -->\n<title>El Papa: Ser cristiano en pol\u00edtica no significa ser abiertamente confesional; sino permitir que el Evangelio gu\u00ede las decisiones que deben tomarse &#8211; Exaudi<\/title>\n<meta name=\"robots\" content=\"index, follow, max-snippet:-1, max-image-preview:large, max-video-preview:-1\" \/>\n<link rel=\"canonical\" href=\"https:\/\/exaudi.org\/es\/el-papa-ser-cristiano-en-politica-no-significa-ser-abiertamente-confesional-sino-permitir-que-el-evangelio-guie-las-decisiones-que-deben-tomarse\/\" \/>\n<meta property=\"og:locale\" content=\"es_ES\" \/>\n<meta property=\"og:type\" content=\"article\" \/>\n<meta property=\"og:title\" content=\"El Papa: Ser cristiano en pol\u00edtica no significa ser abiertamente confesional; sino permitir que el Evangelio gu\u00ede las decisiones que deben tomarse &#8211; Exaudi\" \/>\n<meta property=\"og:description\" content=\"Audiencia con los miembros del Partido Popular Europeo\" \/>\n<meta property=\"og:url\" content=\"https:\/\/exaudi.org\/es\/el-papa-ser-cristiano-en-politica-no-significa-ser-abiertamente-confesional-sino-permitir-que-el-evangelio-guie-las-decisiones-que-deben-tomarse\/\" \/>\n<meta property=\"og:site_name\" content=\"Exaudi\" \/>\n<meta property=\"article:publisher\" content=\"https:\/\/www.facebook.com\/ExaudiNews\" \/>\n<meta property=\"article:author\" content=\"https:\/\/www.facebook.com\/ExaudiNoticias\/\" \/>\n<meta property=\"article:published_time\" content=\"2026-04-26T10:24:15+00:00\" \/>\n<meta property=\"article:modified_time\" content=\"2026-04-26T10:26:30+00:00\" \/>\n<meta property=\"og:image\" content=\"https:\/\/exaudi.org\/wp-content\/uploads\/2026\/04\/cq5dam.web_.800.800-15.jpeg\" \/>\n\t<meta property=\"og:image:width\" content=\"800\" \/>\n\t<meta property=\"og:image:height\" content=\"533\" \/>\n\t<meta property=\"og:image:type\" content=\"image\/jpeg\" \/>\n<meta name=\"author\" content=\"Exaudi Redacci\u00f3n\" \/>\n<meta name=\"twitter:card\" content=\"summary_large_image\" \/>\n<meta name=\"twitter:creator\" content=\"@Exaudi_noticias\" \/>\n<meta name=\"twitter:site\" content=\"@Exaudi_News\" \/>\n<meta name=\"twitter:label1\" content=\"Escrito por\" \/>\n\t<meta name=\"twitter:data1\" content=\"Exaudi Redacci\u00f3n\" \/>\n\t<meta name=\"twitter:label2\" content=\"Tiempo de lectura\" \/>\n\t<meta name=\"twitter:data2\" content=\"8 minutos\" \/>\n<script type=\"application\/ld+json\" class=\"yoast-schema-graph\">{\"@context\":\"https:\\\/\\\/schema.org\",\"@graph\":[{\"@type\":\"Article\",\"@id\":\"https:\\\/\\\/exaudi.org\\\/es\\\/el-papa-ser-cristiano-en-politica-no-significa-ser-abiertamente-confesional-sino-permitir-que-el-evangelio-guie-las-decisiones-que-deben-tomarse\\\/#article\",\"isPartOf\":{\"@id\":\"https:\\\/\\\/exaudi.org\\\/es\\\/el-papa-ser-cristiano-en-politica-no-significa-ser-abiertamente-confesional-sino-permitir-que-el-evangelio-guie-las-decisiones-que-deben-tomarse\\\/\"},\"author\":{\"name\":\"Exaudi Redacci\u00f3n\",\"@id\":\"https:\\\/\\\/exaudi.org\\\/#\\\/schema\\\/person\\\/f5fc8f063065e38742da7afe15f25df7\"},\"headline\":\"El Papa: Ser cristiano en pol\u00edtica no significa ser abiertamente confesional; sino permitir que el Evangelio gu\u00ede las decisiones que deben tomarse\",\"datePublished\":\"2026-04-26T10:24:15+00:00\",\"dateModified\":\"2026-04-26T10:26:30+00:00\",\"mainEntityOfPage\":{\"@id\":\"https:\\\/\\\/exaudi.org\\\/es\\\/el-papa-ser-cristiano-en-politica-no-significa-ser-abiertamente-confesional-sino-permitir-que-el-evangelio-guie-las-decisiones-que-deben-tomarse\\\/\"},\"wordCount\":1547,\"image\":{\"@id\":\"https:\\\/\\\/exaudi.org\\\/es\\\/el-papa-ser-cristiano-en-politica-no-significa-ser-abiertamente-confesional-sino-permitir-que-el-evangelio-guie-las-decisiones-que-deben-tomarse\\\/#primaryimage\"},\"thumbnailUrl\":\"https:\\\/\\\/exaudi.org\\\/wp-content\\\/uploads\\\/2026\\\/04\\\/cq5dam.web_.800.800-15.jpeg\",\"keywords\":[\"Discurso del Papa\",\"Parlamento Europeo\",\"Partido Popular Europeo\",\"Trending\"],\"articleSection\":[\"Discursos\",\"Le\u00f3n XIV\"],\"inLanguage\":\"es\"},{\"@type\":\"WebPage\",\"@id\":\"https:\\\/\\\/exaudi.org\\\/es\\\/el-papa-ser-cristiano-en-politica-no-significa-ser-abiertamente-confesional-sino-permitir-que-el-evangelio-guie-las-decisiones-que-deben-tomarse\\\/\",\"url\":\"https:\\\/\\\/exaudi.org\\\/es\\\/el-papa-ser-cristiano-en-politica-no-significa-ser-abiertamente-confesional-sino-permitir-que-el-evangelio-guie-las-decisiones-que-deben-tomarse\\\/\",\"name\":\"El Papa: Ser cristiano en pol\u00edtica no significa ser abiertamente confesional; sino permitir que el Evangelio gu\u00ede las decisiones que deben tomarse &#8211; Exaudi\",\"isPartOf\":{\"@id\":\"https:\\\/\\\/exaudi.org\\\/#website\"},\"primaryImageOfPage\":{\"@id\":\"https:\\\/\\\/exaudi.org\\\/es\\\/el-papa-ser-cristiano-en-politica-no-significa-ser-abiertamente-confesional-sino-permitir-que-el-evangelio-guie-las-decisiones-que-deben-tomarse\\\/#primaryimage\"},\"image\":{\"@id\":\"https:\\\/\\\/exaudi.org\\\/es\\\/el-papa-ser-cristiano-en-politica-no-significa-ser-abiertamente-confesional-sino-permitir-que-el-evangelio-guie-las-decisiones-que-deben-tomarse\\\/#primaryimage\"},\"thumbnailUrl\":\"https:\\\/\\\/exaudi.org\\\/wp-content\\\/uploads\\\/2026\\\/04\\\/cq5dam.web_.800.800-15.jpeg\",\"datePublished\":\"2026-04-26T10:24:15+00:00\",\"dateModified\":\"2026-04-26T10:26:30+00:00\",\"author\":{\"@id\":\"https:\\\/\\\/exaudi.org\\\/#\\\/schema\\\/person\\\/f5fc8f063065e38742da7afe15f25df7\"},\"breadcrumb\":{\"@id\":\"https:\\\/\\\/exaudi.org\\\/es\\\/el-papa-ser-cristiano-en-politica-no-significa-ser-abiertamente-confesional-sino-permitir-que-el-evangelio-guie-las-decisiones-que-deben-tomarse\\\/#breadcrumb\"},\"inLanguage\":\"es\",\"potentialAction\":[{\"@type\":\"ReadAction\",\"target\":[\"https:\\\/\\\/exaudi.org\\\/es\\\/el-papa-ser-cristiano-en-politica-no-significa-ser-abiertamente-confesional-sino-permitir-que-el-evangelio-guie-las-decisiones-que-deben-tomarse\\\/\"]}]},{\"@type\":\"ImageObject\",\"inLanguage\":\"es\",\"@id\":\"https:\\\/\\\/exaudi.org\\\/es\\\/el-papa-ser-cristiano-en-politica-no-significa-ser-abiertamente-confesional-sino-permitir-que-el-evangelio-guie-las-decisiones-que-deben-tomarse\\\/#primaryimage\",\"url\":\"https:\\\/\\\/exaudi.org\\\/wp-content\\\/uploads\\\/2026\\\/04\\\/cq5dam.web_.800.800-15.jpeg\",\"contentUrl\":\"https:\\\/\\\/exaudi.org\\\/wp-content\\\/uploads\\\/2026\\\/04\\\/cq5dam.web_.800.800-15.jpeg\",\"width\":800,\"height\":533},{\"@type\":\"BreadcrumbList\",\"@id\":\"https:\\\/\\\/exaudi.org\\\/es\\\/el-papa-ser-cristiano-en-politica-no-significa-ser-abiertamente-confesional-sino-permitir-que-el-evangelio-guie-las-decisiones-que-deben-tomarse\\\/#breadcrumb\",\"itemListElement\":[{\"@type\":\"ListItem\",\"position\":1,\"name\":\"Portada\",\"item\":\"https:\\\/\\\/exaudi.org\\\/es\\\/\"},{\"@type\":\"ListItem\",\"position\":2,\"name\":\"El Papa: Ser cristiano en pol\u00edtica no significa ser abiertamente confesional; sino permitir que el Evangelio gu\u00ede las decisiones que deben tomarse\"}]},{\"@type\":\"WebSite\",\"@id\":\"https:\\\/\\\/exaudi.org\\\/#website\",\"url\":\"https:\\\/\\\/exaudi.org\\\/\",\"name\":\"Exaudi\",\"description\":\"News\",\"potentialAction\":[{\"@type\":\"SearchAction\",\"target\":{\"@type\":\"EntryPoint\",\"urlTemplate\":\"https:\\\/\\\/exaudi.org\\\/?s={search_term_string}\"},\"query-input\":{\"@type\":\"PropertyValueSpecification\",\"valueRequired\":true,\"valueName\":\"search_term_string\"}}],\"inLanguage\":\"es\"},{\"@type\":\"Person\",\"@id\":\"https:\\\/\\\/exaudi.org\\\/#\\\/schema\\\/person\\\/f5fc8f063065e38742da7afe15f25df7\",\"name\":\"Exaudi Redacci\u00f3n\",\"image\":{\"@type\":\"ImageObject\",\"inLanguage\":\"es\",\"@id\":\"https:\\\/\\\/secure.gravatar.com\\\/avatar\\\/fe0f6a059fb68d9b3e11bc5850dd4899b1c7492091a3cb6dd9b01b56ad828be2?s=96&d=mm&r=g\",\"url\":\"https:\\\/\\\/secure.gravatar.com\\\/avatar\\\/fe0f6a059fb68d9b3e11bc5850dd4899b1c7492091a3cb6dd9b01b56ad828be2?s=96&d=mm&r=g\",\"contentUrl\":\"https:\\\/\\\/secure.gravatar.com\\\/avatar\\\/fe0f6a059fb68d9b3e11bc5850dd4899b1c7492091a3cb6dd9b01b56ad828be2?s=96&d=mm&r=g\",\"caption\":\"Exaudi Redacci\u00f3n\"},\"description\":\"\u00bfQu\u00e9 es Exaudi News? Exaudi News es un medio de comunicaci\u00f3n cat\u00f3lico internacional que informa, forma y transforma, diariamente en espa\u00f1ol, ingl\u00e9s e italiano. A trav\u00e9s de noticias, art\u00edculos de an\u00e1lisis y transmisiones en directo de los eventos del Papa, Exaudi busca fortalecer la unidad de los cristianos y contribuir a la evangelizaci\u00f3n del mundo, siempre guiados por la doctrina social de la Iglesia. Trabajamos para acercar la verdad y los valores cristianos a cada rinc\u00f3n del planeta. \u00a1Ay\u00fadanos a transformar el mundo con Exaudi! En Exaudi creemos que la evangelizaci\u00f3n y la informaci\u00f3n de calidad pueden cambiar vidas. Para continuar con nuestra misi\u00f3n y expandir nuestro alcance, necesitamos tu ayuda. Adem\u00e1s, buscamos personas comprometidas que deseen unirse a nuestro equipo. Con tu apoyo, lograremos llegar a m\u00e1s personas, difundir el mensaje de Cristo y reforzar la unidad de los cristianos. \u00bfTe unes a nuestra misi\u00f3n? Para m\u00e1s informaci\u00f3n sobre c\u00f3mo colaborar, visita Exaudi.org\\\/es o cont\u00e1ctanos directamente: info@exaudi.org Exaudi: Informa, forma y transforma.\",\"sameAs\":[\"https:\\\/\\\/www.facebook.com\\\/ExaudiNoticias\\\/\",\"https:\\\/\\\/www.instagram.com\\\/exaudi_noticias\\\/\",\"https:\\\/\\\/x.com\\\/Exaudi_noticias\",\"https:\\\/\\\/www.youtube.com\\\/@exaudicatholicnews\"],\"url\":\"https:\\\/\\\/exaudi.org\\\/es\\\/author\\\/redaccionexaudi\\\/\"}]}<\/script>\n<!-- \/ Yoast SEO plugin. -->","yoast_head_json":{"title":"El Papa: Ser cristiano en pol\u00edtica no significa ser abiertamente confesional; sino permitir que el Evangelio gu\u00ede las decisiones que deben tomarse &#8211; Exaudi","robots":{"index":"index","follow":"follow","max-snippet":"max-snippet:-1","max-image-preview":"max-image-preview:large","max-video-preview":"max-video-preview:-1"},"canonical":"https:\/\/exaudi.org\/es\/el-papa-ser-cristiano-en-politica-no-significa-ser-abiertamente-confesional-sino-permitir-que-el-evangelio-guie-las-decisiones-que-deben-tomarse\/","og_locale":"es_ES","og_type":"article","og_title":"El Papa: Ser cristiano en pol\u00edtica no significa ser abiertamente confesional; sino permitir que el Evangelio gu\u00ede las decisiones que deben tomarse &#8211; Exaudi","og_description":"Audiencia con los miembros del Partido Popular Europeo","og_url":"https:\/\/exaudi.org\/es\/el-papa-ser-cristiano-en-politica-no-significa-ser-abiertamente-confesional-sino-permitir-que-el-evangelio-guie-las-decisiones-que-deben-tomarse\/","og_site_name":"Exaudi","article_publisher":"https:\/\/www.facebook.com\/ExaudiNews","article_author":"https:\/\/www.facebook.com\/ExaudiNoticias\/","article_published_time":"2026-04-26T10:24:15+00:00","article_modified_time":"2026-04-26T10:26:30+00:00","og_image":[{"width":800,"height":533,"url":"https:\/\/exaudi.org\/wp-content\/uploads\/2026\/04\/cq5dam.web_.800.800-15.jpeg","type":"image\/jpeg"}],"author":"Exaudi Redacci\u00f3n","twitter_card":"summary_large_image","twitter_creator":"@Exaudi_noticias","twitter_site":"@Exaudi_News","twitter_misc":{"Escrito por":"Exaudi Redacci\u00f3n","Tiempo de lectura":"8 minutos"},"schema":{"@context":"https:\/\/schema.org","@graph":[{"@type":"Article","@id":"https:\/\/exaudi.org\/es\/el-papa-ser-cristiano-en-politica-no-significa-ser-abiertamente-confesional-sino-permitir-que-el-evangelio-guie-las-decisiones-que-deben-tomarse\/#article","isPartOf":{"@id":"https:\/\/exaudi.org\/es\/el-papa-ser-cristiano-en-politica-no-significa-ser-abiertamente-confesional-sino-permitir-que-el-evangelio-guie-las-decisiones-que-deben-tomarse\/"},"author":{"name":"Exaudi Redacci\u00f3n","@id":"https:\/\/exaudi.org\/#\/schema\/person\/f5fc8f063065e38742da7afe15f25df7"},"headline":"El Papa: Ser cristiano en pol\u00edtica no significa ser abiertamente confesional; sino permitir que el Evangelio gu\u00ede las decisiones que deben tomarse","datePublished":"2026-04-26T10:24:15+00:00","dateModified":"2026-04-26T10:26:30+00:00","mainEntityOfPage":{"@id":"https:\/\/exaudi.org\/es\/el-papa-ser-cristiano-en-politica-no-significa-ser-abiertamente-confesional-sino-permitir-que-el-evangelio-guie-las-decisiones-que-deben-tomarse\/"},"wordCount":1547,"image":{"@id":"https:\/\/exaudi.org\/es\/el-papa-ser-cristiano-en-politica-no-significa-ser-abiertamente-confesional-sino-permitir-que-el-evangelio-guie-las-decisiones-que-deben-tomarse\/#primaryimage"},"thumbnailUrl":"https:\/\/exaudi.org\/wp-content\/uploads\/2026\/04\/cq5dam.web_.800.800-15.jpeg","keywords":["Discurso del Papa","Parlamento Europeo","Partido Popular Europeo","Trending"],"articleSection":["Discursos","Le\u00f3n XIV"],"inLanguage":"es"},{"@type":"WebPage","@id":"https:\/\/exaudi.org\/es\/el-papa-ser-cristiano-en-politica-no-significa-ser-abiertamente-confesional-sino-permitir-que-el-evangelio-guie-las-decisiones-que-deben-tomarse\/","url":"https:\/\/exaudi.org\/es\/el-papa-ser-cristiano-en-politica-no-significa-ser-abiertamente-confesional-sino-permitir-que-el-evangelio-guie-las-decisiones-que-deben-tomarse\/","name":"El Papa: Ser cristiano en pol\u00edtica no significa ser abiertamente confesional; sino permitir que el Evangelio gu\u00ede las decisiones que deben tomarse &#8211; Exaudi","isPartOf":{"@id":"https:\/\/exaudi.org\/#website"},"primaryImageOfPage":{"@id":"https:\/\/exaudi.org\/es\/el-papa-ser-cristiano-en-politica-no-significa-ser-abiertamente-confesional-sino-permitir-que-el-evangelio-guie-las-decisiones-que-deben-tomarse\/#primaryimage"},"image":{"@id":"https:\/\/exaudi.org\/es\/el-papa-ser-cristiano-en-politica-no-significa-ser-abiertamente-confesional-sino-permitir-que-el-evangelio-guie-las-decisiones-que-deben-tomarse\/#primaryimage"},"thumbnailUrl":"https:\/\/exaudi.org\/wp-content\/uploads\/2026\/04\/cq5dam.web_.800.800-15.jpeg","datePublished":"2026-04-26T10:24:15+00:00","dateModified":"2026-04-26T10:26:30+00:00","author":{"@id":"https:\/\/exaudi.org\/#\/schema\/person\/f5fc8f063065e38742da7afe15f25df7"},"breadcrumb":{"@id":"https:\/\/exaudi.org\/es\/el-papa-ser-cristiano-en-politica-no-significa-ser-abiertamente-confesional-sino-permitir-que-el-evangelio-guie-las-decisiones-que-deben-tomarse\/#breadcrumb"},"inLanguage":"es","potentialAction":[{"@type":"ReadAction","target":["https:\/\/exaudi.org\/es\/el-papa-ser-cristiano-en-politica-no-significa-ser-abiertamente-confesional-sino-permitir-que-el-evangelio-guie-las-decisiones-que-deben-tomarse\/"]}]},{"@type":"ImageObject","inLanguage":"es","@id":"https:\/\/exaudi.org\/es\/el-papa-ser-cristiano-en-politica-no-significa-ser-abiertamente-confesional-sino-permitir-que-el-evangelio-guie-las-decisiones-que-deben-tomarse\/#primaryimage","url":"https:\/\/exaudi.org\/wp-content\/uploads\/2026\/04\/cq5dam.web_.800.800-15.jpeg","contentUrl":"https:\/\/exaudi.org\/wp-content\/uploads\/2026\/04\/cq5dam.web_.800.800-15.jpeg","width":800,"height":533},{"@type":"BreadcrumbList","@id":"https:\/\/exaudi.org\/es\/el-papa-ser-cristiano-en-politica-no-significa-ser-abiertamente-confesional-sino-permitir-que-el-evangelio-guie-las-decisiones-que-deben-tomarse\/#breadcrumb","itemListElement":[{"@type":"ListItem","position":1,"name":"Portada","item":"https:\/\/exaudi.org\/es\/"},{"@type":"ListItem","position":2,"name":"El Papa: Ser cristiano en pol\u00edtica no significa ser abiertamente confesional; sino permitir que el Evangelio gu\u00ede las decisiones que deben tomarse"}]},{"@type":"WebSite","@id":"https:\/\/exaudi.org\/#website","url":"https:\/\/exaudi.org\/","name":"Exaudi","description":"News","potentialAction":[{"@type":"SearchAction","target":{"@type":"EntryPoint","urlTemplate":"https:\/\/exaudi.org\/?s={search_term_string}"},"query-input":{"@type":"PropertyValueSpecification","valueRequired":true,"valueName":"search_term_string"}}],"inLanguage":"es"},{"@type":"Person","@id":"https:\/\/exaudi.org\/#\/schema\/person\/f5fc8f063065e38742da7afe15f25df7","name":"Exaudi Redacci\u00f3n","image":{"@type":"ImageObject","inLanguage":"es","@id":"https:\/\/secure.gravatar.com\/avatar\/fe0f6a059fb68d9b3e11bc5850dd4899b1c7492091a3cb6dd9b01b56ad828be2?s=96&d=mm&r=g","url":"https:\/\/secure.gravatar.com\/avatar\/fe0f6a059fb68d9b3e11bc5850dd4899b1c7492091a3cb6dd9b01b56ad828be2?s=96&d=mm&r=g","contentUrl":"https:\/\/secure.gravatar.com\/avatar\/fe0f6a059fb68d9b3e11bc5850dd4899b1c7492091a3cb6dd9b01b56ad828be2?s=96&d=mm&r=g","caption":"Exaudi Redacci\u00f3n"},"description":"\u00bfQu\u00e9 es Exaudi News? Exaudi News es un medio de comunicaci\u00f3n cat\u00f3lico internacional que informa, forma y transforma, diariamente en espa\u00f1ol, ingl\u00e9s e italiano. A trav\u00e9s de noticias, art\u00edculos de an\u00e1lisis y transmisiones en directo de los eventos del Papa, Exaudi busca fortalecer la unidad de los cristianos y contribuir a la evangelizaci\u00f3n del mundo, siempre guiados por la doctrina social de la Iglesia. Trabajamos para acercar la verdad y los valores cristianos a cada rinc\u00f3n del planeta. \u00a1Ay\u00fadanos a transformar el mundo con Exaudi! En Exaudi creemos que la evangelizaci\u00f3n y la informaci\u00f3n de calidad pueden cambiar vidas. Para continuar con nuestra misi\u00f3n y expandir nuestro alcance, necesitamos tu ayuda. Adem\u00e1s, buscamos personas comprometidas que deseen unirse a nuestro equipo. Con tu apoyo, lograremos llegar a m\u00e1s personas, difundir el mensaje de Cristo y reforzar la unidad de los cristianos. \u00bfTe unes a nuestra misi\u00f3n? Para m\u00e1s informaci\u00f3n sobre c\u00f3mo colaborar, visita Exaudi.org\/es o cont\u00e1ctanos directamente: info@exaudi.org Exaudi: Informa, forma y transforma.","sameAs":["https:\/\/www.facebook.com\/ExaudiNoticias\/","https:\/\/www.instagram.com\/exaudi_noticias\/","https:\/\/x.com\/Exaudi_noticias","https:\/\/www.youtube.com\/@exaudicatholicnews"],"url":"https:\/\/exaudi.org\/es\/author\/redaccionexaudi\/"}]}},"jetpack_featured_media_url":"https:\/\/exaudi.org\/wp-content\/uploads\/2026\/04\/cq5dam.web_.800.800-15.jpeg","jetpack_shortlink":"https:\/\/wp.me\/pgKjF2-HMd","_links":{"self":[{"href":"https:\/\/exaudi.org\/es\/wp-json\/wp\/v2\/posts\/168281","targetHints":{"allow":["GET"]}}],"collection":[{"href":"https:\/\/exaudi.org\/es\/wp-json\/wp\/v2\/posts"}],"about":[{"href":"https:\/\/exaudi.org\/es\/wp-json\/wp\/v2\/types\/post"}],"author":[{"embeddable":true,"href":"https:\/\/exaudi.org\/es\/wp-json\/wp\/v2\/users\/15"}],"replies":[{"embeddable":true,"href":"https:\/\/exaudi.org\/es\/wp-json\/wp\/v2\/comments?post=168281"}],"version-history":[{"count":6,"href":"https:\/\/exaudi.org\/es\/wp-json\/wp\/v2\/posts\/168281\/revisions"}],"predecessor-version":[{"id":168290,"href":"https:\/\/exaudi.org\/es\/wp-json\/wp\/v2\/posts\/168281\/revisions\/168290"}],"wp:featuredmedia":[{"embeddable":true,"href":"https:\/\/exaudi.org\/es\/wp-json\/wp\/v2\/media\/168285"}],"wp:attachment":[{"href":"https:\/\/exaudi.org\/es\/wp-json\/wp\/v2\/media?parent=168281"}],"wp:term":[{"taxonomy":"category","embeddable":true,"href":"https:\/\/exaudi.org\/es\/wp-json\/wp\/v2\/categories?post=168281"},{"taxonomy":"post_tag","embeddable":true,"href":"https:\/\/exaudi.org\/es\/wp-json\/wp\/v2\/tags?post=168281"}],"curies":[{"name":"wp","href":"https:\/\/api.w.org\/{rel}","templated":true}]}}