{"id":168270,"date":"2026-04-26T11:39:28","date_gmt":"2026-04-26T09:39:28","guid":{"rendered":"https:\/\/exaudi.org\/?p=168270"},"modified":"2026-04-26T20:40:08","modified_gmt":"2026-04-26T18:40:08","slug":"el-papa-a-los-recien-ordenados-sientanse-parte-de-esta-humanidad-que-sufre-y-que-espera-la-vida-en-abundancia","status":"publish","type":"post","link":"https:\/\/exaudi.org\/es\/el-papa-a-los-recien-ordenados-sientanse-parte-de-esta-humanidad-que-sufre-y-que-espera-la-vida-en-abundancia\/","title":{"rendered":"El Papa a los reci\u00e9n ordenados: Si\u00e9ntanse parte de esta humanidad que sufre y que espera la vida en abundancia"},"content":{"rendered":"<div class=\"testo\">\n<div class=\"text parbase vaticanrichtext\">\n<p>Este 26 de abril, Domingo del Buen Pastor, con ocasi\u00f3n de la Jornada Mundial de Oraci\u00f3n por las Vocaciones, el Santo Padre ha ordenado diez nuevos presb\u00edteros para la di\u00f3cesis de Roma. En su homil\u00eda el Papa alent\u00f3 a los neo-presb\u00edteros a \u00a1mantener la puerta abierta! \u201cDejen entrar y est\u00e9n listos para salir. Es otro secreto para sus vidas: ustedes son un canal, no un filtro\u201d. Queridos hermanos y hermanas:<\/p>\n<p>Durante la Liturgia de las Ordenaciones, el Papa pronunci\u00f3 la homil\u00eda que informamos a continuaci\u00f3n:<\/p>\n<p>***<\/p>\n<h3><strong>Homil\u00eda del Papa<\/strong><\/h3>\n<p>Con este saludo me dirijo, en particular, a quienes acaban de ser presentados y que recibir\u00e1n la ordenaci\u00f3n presbiteral; tambi\u00e9n a sus familiares, a los sacerdotes de Roma \u2014muchos de los cuales recuerdan su ordenaci\u00f3n en este cuarto domingo de Pascua\u2014 y a todos los aqu\u00ed presentes.<\/p>\n<p>\u00a1Este es un domingo lleno de vida! Aunque la muerte nos rodea, la promesa de Jes\u00fas ya se cumple: \u00abYo he venido para que las ovejas tengan Vida, y la tengan en abundancia\u00bb (<i>Jn<\/i>\u00a010,10). En la disponibilidad de los j\u00f3venes que la Iglesia hoy pide que sean ordenados presb\u00edteros constatamos mucha generosidad y entusiasmo. Al reunirnos, tan numerosos y diferentes, en torno al \u00fanico Maestro, advertimos una fuerza que nos renueva. Es el Esp\u00edritu Santo, que une personas y vocaciones en la libertad, de modo que ninguno viva m\u00e1s para s\u00ed mismo. El domingo \u2014cada domingo\u2014 nos llama a salir del \u201csepulcro\u201d del aislamiento y de la cerraz\u00f3n para encontrarnos en el jard\u00edn de la comuni\u00f3n, del que el Resucitado es el guardi\u00e1n.<\/p>\n<p>El servicio del sacerdote, al que la llamada de estos hermanos nos invita a reflexionar, es un ministerio de comuni\u00f3n. De hecho, la \u201cvida en abundancia\u201d llega a nosotros en el personal\u00edsimo encuentro con la persona del Hijo, pero de inmediato abre nuestros ojos a un pueblo de hermanos y hermanas que ya experimentan, o que todav\u00eda est\u00e1n buscando, el \u00abpoder de llegar a ser hijos de Dios\u00bb (<i>Jn\u00a0<\/i>1,12). Este es un primer secreto en la vida del sacerdote. Queridos ordenandos, cuanto m\u00e1s profunda es su uni\u00f3n con Cristo, m\u00e1s radical es su pertenencia a la com\u00fan humanidad. No hay contraposici\u00f3n, ni competici\u00f3n entre el cielo y la tierra; en Jes\u00fas se unen para siempre. Este misterio vivo y din\u00e1mico compromete el coraz\u00f3n a un amor indisoluble; lo compromete y lo llena. Ciertamente, como el amor de los esposos, tambi\u00e9n el amor que inspira el celibato por el Reino de Dios debe cuidarse y renovarse siempre, porque todo afecto verdadero madura y se vuelve fecundo con el tiempo. Est\u00e1n llamados a un modo de amar espec\u00edfico, delicado y dif\u00edcil y, a\u00fan m\u00e1s, a un modo de dejarse amar en la libertad. Un modo que podr\u00e1 hacer de ustedes, no s\u00f3lo buenos sacerdotes, sino tambi\u00e9n ciudadanos honestos, disponibles, constructores de paz y de amistad social.<\/p>\n<p>A este respecto, en el Evangelio que acabamos de proclamar (<i>Jn\u00a0<\/i>10,1-10) sorprende la referencia de Jes\u00fas a figuras y a gestos de agresi\u00f3n: entre \u00e9l y aquellos que ama irrumpen extra\u00f1os, ladrones y asaltantes que exceden los l\u00edmites; no vienen, dice Jes\u00fas, \u00absino para robar, matar y destruir\u00bb (v. 10) y, sobre todo, tienen una voz diferente a la suya, irreconocible (cf. v. 5). Hay un gran realismo en las palabras del Se\u00f1or: conoce la crueldad del mundo en el que camina con nosotros. Con sus palabras evoca formas de agresi\u00f3n f\u00edsica, pero sobre todo espiritual. Sin embargo, esto no lo disuade de dar la vida. La denuncia no se vuelve renuncia, el peligro no lleva a la fuga. Este es un segundo secreto del sacerdote: la realidad no debe darnos miedo. El que nos llama es el Se\u00f1or de la vida. Que el ministerio que se les conf\u00eda, queridos hermanos, comunique la paz del que, aun en medio de peligros, sabe por qu\u00e9 se siente seguro.<\/p>\n<p>Hoy la necesidad de seguridad vuelve los \u00e1nimos agresivos, encierra a las comunidades en s\u00ed mismas, instiga a buscar enemigos y chivos expiatorios. A menudo hay miedo a nuestro alrededor y quiz\u00e1s tambi\u00e9n dentro de nosotros. Que su seguridad no resida en el rol que desempe\u00f1an, sino en la vida, muerte y resurrecci\u00f3n de Jes\u00fas, en la historia de salvaci\u00f3n en la que participan con su pueblo. Es una salvaci\u00f3n que ya act\u00faa en tanto bien que se hace silenciosamente, entre personas de buena voluntad, en las parroquias y en los ambientes a los que ustedes se har\u00e1n cercanos, como compa\u00f1eros de viaje. Lo que anuncian y celebran los proteger\u00e1 tambi\u00e9n en situaciones y en tiempos dif\u00edciles.<\/p>\n<p>Las comunidades a las que ser\u00e1n enviados son lugares donde el Resucitado ya est\u00e1 presente, donde muchos ya lo han seguido de manera ejemplar. Reconocer\u00e1n sus llagas, distinguir\u00e1n su voz, encontrar\u00e1n a quienes se lo indicar\u00e1n. Son comunidades que los ayudar\u00e1n tambi\u00e9n a ustedes a ser santos. Y ustedes ay\u00fadenlas a caminar unidas en pos de Jes\u00fas, el Buen Pastor, para que sean lugares \u2014jardines\u2014 de la vida que renace y se comunica. Con frecuencia, lo que les falta a las personas es un lugar donde experimentar que juntos es mejor, que juntos es hermoso, que es posible vivir juntos. Facilitar el encuentro, ayudar a reunirse con quienes de otro modo no se conocer\u00edan nunca y acercar a los contrarios est\u00e1 \u00edntimamente unido a la celebraci\u00f3n de la Eucarist\u00eda y la Reconciliaci\u00f3n. Reunir es, siempre y nuevamente, establecer la Iglesia.<\/p>\n<p>Es significativa una imagen en el Evangelio con la que Jes\u00fas, en un cierto momento, comienza a hablar de s\u00ed mismo. Se estaba describiendo como el \u201cpastor\u201d, pero parece que quienes lo escuchan no lo entienden; entonces, cambia la met\u00e1fora: \u00abLes aseguro que yo soy la puerta de las ovejas\u00bb (<i>Jn<\/i>\u00a010,7). En Jerusal\u00e9n hab\u00eda una puerta que se llamaba precisamente as\u00ed, \u201cla puerta de las ovejas\u201d, cerca de la piscina de Betsaida. Por all\u00ed entraban en el templo las ovejas y los corderos, antes de ser sumergidos en el agua y luego destinados a los sacrificios. Es espont\u00e1neo pensar en el Bautismo.<\/p>\n<p>\u00abYo soy la puerta\u00bb, dice Jes\u00fas. El Jubileo nos ha mostrado c\u00f3mo esta imagen sigue hablando al coraz\u00f3n de millones de personas. Durante siglos la puerta \u2014a menudo un aut\u00e9ntico portal\u2014 ha invitado a cruzar el umbral de la Iglesia. En algunos casos, la fuente bautismal se constru\u00eda en el exterior, como la antigua piscina prob\u00e1tica, bajo cuyos p\u00f3rticos \u00abyac\u00eda una multitud de enfermos, ciegos, lisiados y paral\u00edticos\u00bb (<i>Jn<\/i>\u00a05,3). Queridos ordenandos, si\u00e9ntanse parte de esta humanidad que sufre y que espera la vida en abundancia. Al iniciar a otros en la fe, reavivar\u00e1n la propia fe. Junto con los otros bautizados, cruzar\u00e1n cada d\u00eda el umbral del Misterio, ese umbral que tiene el rostro y el nombre de Jes\u00fas. Nunca oculten esta puerta santa, no la cierren, no sean un obst\u00e1culo para el que quiere entrar. \u00abNo han entrado ustedes, y a los que quieren entrar, se lo impiden\u00bb (<i>Lc<\/i>\u00a011,52): es el reproche amargo de Jes\u00fas a aquellos que escondieron la llave de un paso que deb\u00eda ser accesible a todos.<\/p>\n<p>Hoy m\u00e1s que nunca, especialmente cuando los n\u00fameros parecen marcar una distancia entre las personas y la Iglesia, \u00a1mantengan la puerta abierta! Dejen entrar y est\u00e9n listos para salir. Es otro secreto para sus vidas: ustedes son un canal, no un filtro. Muchos creen que ya saben lo que hay detr\u00e1s de ese umbral. Llevan consigo recuerdos, quiz\u00e1s de un pasado lejano; a menudo hay algo vivo que no se ha apagado y que los atrae; pero otras veces hay algo m\u00e1s, que a\u00fan sangra y provoca rechazo. El Se\u00f1or lo sabe y espera. Sean reflejo de su paciencia y de su ternura. \u00a1Ustedes son de todos y para todos! Que este sea el perfil fundamental de su misi\u00f3n: mantener libre el umbral y se\u00f1alarlo, sin necesidad de muchas palabras.<\/p>\n<p>Por otra parte, Jes\u00fas insiste y precisa: \u00abYo soy la puerta. El que entra por m\u00ed se salvar\u00e1; podr\u00e1 entrar y salir, y encontrar\u00e1 su alimento\u00bb (<i>Jn<\/i>\u00a010,9). \u00c9l no sofoca nuestra libertad. Hay afiliaciones que sofocan, compa\u00f1\u00edas donde es f\u00e1cil entrar y casi imposible salir. No es as\u00ed la Iglesia del Se\u00f1or, no es as\u00ed la compa\u00f1\u00eda de sus disc\u00edpulos. Quien es salvado, dice Jes\u00fas, \u201centra, sale y encuentra su alimento\u201d. Todos buscamos protecci\u00f3n, descanso y cuidado: la puerta de la Iglesia est\u00e1 abierta. No para desentendernos de la vida; la vida no se agota en la parroquia, en la asociaci\u00f3n, en el movimiento ni en el grupo. Quien es salvado \u201csale y encuentra su alimento\u201d.<\/p>\n<p>Queridos hermanos, salgan y encu\u00e9ntrense con la cultura, con la gente, con la vida. Admiren aquello que Dios hace crecer sin que nosotros lo hayamos sembrado. Aquellos para quienes ser\u00e1n sacerdotes \u2014fieles laicos y familias, j\u00f3venes y ancianos, ni\u00f1os y enfermos\u2014 habitan praderas que ustedes deben conocer. A veces les parecer\u00e1 que no tienen los mapas; pero los posee el Buen Pastor, del que tienen que escuchar su voz, tan familiar. \u00a1Cu\u00e1ntas personas hoy se sienten perdidas! A muchos les parece que ya no pueden orientarse. No hay entonces testimonio m\u00e1s hermoso de aquel que conf\u00eda: \u00ab\u00c9l me hace descansar en verdes praderas, me conduce a las aguas tranquilas y repara mis fuerzas; me gu\u00eda por el recto sendero, por amor de su Nombre\u00bb (<i>Sal<\/i>\u00a023,2-3). Su nombre es Jes\u00fas, \u201cDios salva\u201d. Ustedes son testigos de esto. \u00abTu bondad y tu gracia me acompa\u00f1an a lo largo de mi vida\u00bb (v.<i>\u00a0<\/i>6). Hermanos, hermanas, queridos j\u00f3venes: \u00a1que as\u00ed sea!<\/p>\n<div class=\"clearfix\"><\/div>\n<\/div>\n<div class=\"content parsys\"><\/div>\n<\/div>\n","protected":false},"excerpt":{"rendered":"<p>Santa Misa con Ordenaciones Presbiteriales<\/p>\n","protected":false},"author":15,"featured_media":168273,"comment_status":"closed","ping_status":"closed","sticky":false,"template":"","format":"standard","meta":{"_acf_changed":false,"_crdt_document":"","inline_featured_image":false,"footnotes":""},"categories":[114,68],"tags":[110419,173,58067,110427,1533,704,58880,272,62987],"class_list":["post-168270","post","type-post","status-publish","format-standard","has-post-thumbnail","hentry","category-homilias","category-leon-xiv","tag-domingo-del-buen-pastor","tag-homilia","tag-leon-xiv","tag-ordenacion","tag-roma-es","tag-santa-misa","tag-trending-es-151","tag-vaticano-es","tag-vocacion-sacerdote"],"acf":[],"yoast_head":"<!-- This site is optimized with the Yoast SEO plugin v27.5 - https:\/\/yoast.com\/product\/yoast-seo-wordpress\/ -->\n<title>El Papa a los reci\u00e9n ordenados: Si\u00e9ntanse parte de esta humanidad que sufre y que espera la vida en abundancia &#8211; Exaudi<\/title>\n<meta name=\"robots\" content=\"index, follow, max-snippet:-1, max-image-preview:large, max-video-preview:-1\" \/>\n<link rel=\"canonical\" href=\"https:\/\/exaudi.org\/es\/el-papa-a-los-recien-ordenados-sientanse-parte-de-esta-humanidad-que-sufre-y-que-espera-la-vida-en-abundancia\/\" \/>\n<meta property=\"og:locale\" content=\"es_ES\" \/>\n<meta property=\"og:type\" content=\"article\" \/>\n<meta property=\"og:title\" content=\"El Papa a los reci\u00e9n ordenados: Si\u00e9ntanse parte de esta humanidad que sufre y que espera la vida en abundancia &#8211; Exaudi\" \/>\n<meta property=\"og:description\" content=\"Santa Misa con Ordenaciones Presbiteriales\" \/>\n<meta property=\"og:url\" content=\"https:\/\/exaudi.org\/es\/el-papa-a-los-recien-ordenados-sientanse-parte-de-esta-humanidad-que-sufre-y-que-espera-la-vida-en-abundancia\/\" \/>\n<meta property=\"og:site_name\" content=\"Exaudi\" \/>\n<meta property=\"article:publisher\" content=\"https:\/\/www.facebook.com\/ExaudiNews\" \/>\n<meta property=\"article:author\" content=\"https:\/\/www.facebook.com\/ExaudiNoticias\/\" \/>\n<meta property=\"article:published_time\" content=\"2026-04-26T09:39:28+00:00\" \/>\n<meta property=\"article:modified_time\" content=\"2026-04-26T18:40:08+00:00\" \/>\n<meta property=\"og:image\" content=\"https:\/\/exaudi.org\/wp-content\/uploads\/2026\/04\/cq5dam.thumbnail.cropped.1500.844-3-1.jpeg\" \/>\n\t<meta property=\"og:image:width\" content=\"1280\" \/>\n\t<meta property=\"og:image:height\" content=\"844\" \/>\n\t<meta property=\"og:image:type\" content=\"image\/jpeg\" \/>\n<meta name=\"author\" content=\"Exaudi Redacci\u00f3n\" \/>\n<meta name=\"twitter:card\" content=\"summary_large_image\" \/>\n<meta name=\"twitter:creator\" content=\"@Exaudi_noticias\" \/>\n<meta name=\"twitter:site\" content=\"@Exaudi_News\" \/>\n<meta name=\"twitter:label1\" content=\"Escrito por\" \/>\n\t<meta name=\"twitter:data1\" content=\"Exaudi Redacci\u00f3n\" \/>\n\t<meta name=\"twitter:label2\" content=\"Tiempo de lectura\" \/>\n\t<meta name=\"twitter:data2\" content=\"9 minutos\" \/>\n<script type=\"application\/ld+json\" class=\"yoast-schema-graph\">{\"@context\":\"https:\\\/\\\/schema.org\",\"@graph\":[{\"@type\":\"Article\",\"@id\":\"https:\\\/\\\/exaudi.org\\\/es\\\/el-papa-a-los-recien-ordenados-sientanse-parte-de-esta-humanidad-que-sufre-y-que-espera-la-vida-en-abundancia\\\/#article\",\"isPartOf\":{\"@id\":\"https:\\\/\\\/exaudi.org\\\/es\\\/el-papa-a-los-recien-ordenados-sientanse-parte-de-esta-humanidad-que-sufre-y-que-espera-la-vida-en-abundancia\\\/\"},\"author\":{\"name\":\"Exaudi Redacci\u00f3n\",\"@id\":\"https:\\\/\\\/exaudi.org\\\/#\\\/schema\\\/person\\\/f5fc8f063065e38742da7afe15f25df7\"},\"headline\":\"El Papa a los reci\u00e9n ordenados: Si\u00e9ntanse parte de esta humanidad que sufre y que espera la vida en abundancia\",\"datePublished\":\"2026-04-26T09:39:28+00:00\",\"dateModified\":\"2026-04-26T18:40:08+00:00\",\"mainEntityOfPage\":{\"@id\":\"https:\\\/\\\/exaudi.org\\\/es\\\/el-papa-a-los-recien-ordenados-sientanse-parte-de-esta-humanidad-que-sufre-y-que-espera-la-vida-en-abundancia\\\/\"},\"wordCount\":1724,\"image\":{\"@id\":\"https:\\\/\\\/exaudi.org\\\/es\\\/el-papa-a-los-recien-ordenados-sientanse-parte-de-esta-humanidad-que-sufre-y-que-espera-la-vida-en-abundancia\\\/#primaryimage\"},\"thumbnailUrl\":\"https:\\\/\\\/exaudi.org\\\/wp-content\\\/uploads\\\/2026\\\/04\\\/cq5dam.thumbnail.cropped.1500.844-3-1.jpeg\",\"keywords\":[\"Domingo del Buen Pastor\",\"homil\u00eda\",\"Le\u00f3n XIV\",\"Ordenaci\u00f3n\",\"Roma\",\"Santa Misa\",\"Trending\",\"Vaticano\",\"vocaci\u00f3n sacerdote\"],\"articleSection\":[\"Homilias\",\"Le\u00f3n XIV\"],\"inLanguage\":\"es\"},{\"@type\":\"WebPage\",\"@id\":\"https:\\\/\\\/exaudi.org\\\/es\\\/el-papa-a-los-recien-ordenados-sientanse-parte-de-esta-humanidad-que-sufre-y-que-espera-la-vida-en-abundancia\\\/\",\"url\":\"https:\\\/\\\/exaudi.org\\\/es\\\/el-papa-a-los-recien-ordenados-sientanse-parte-de-esta-humanidad-que-sufre-y-que-espera-la-vida-en-abundancia\\\/\",\"name\":\"El Papa a los reci\u00e9n ordenados: Si\u00e9ntanse parte de esta humanidad que sufre y que espera la vida en abundancia &#8211; Exaudi\",\"isPartOf\":{\"@id\":\"https:\\\/\\\/exaudi.org\\\/#website\"},\"primaryImageOfPage\":{\"@id\":\"https:\\\/\\\/exaudi.org\\\/es\\\/el-papa-a-los-recien-ordenados-sientanse-parte-de-esta-humanidad-que-sufre-y-que-espera-la-vida-en-abundancia\\\/#primaryimage\"},\"image\":{\"@id\":\"https:\\\/\\\/exaudi.org\\\/es\\\/el-papa-a-los-recien-ordenados-sientanse-parte-de-esta-humanidad-que-sufre-y-que-espera-la-vida-en-abundancia\\\/#primaryimage\"},\"thumbnailUrl\":\"https:\\\/\\\/exaudi.org\\\/wp-content\\\/uploads\\\/2026\\\/04\\\/cq5dam.thumbnail.cropped.1500.844-3-1.jpeg\",\"datePublished\":\"2026-04-26T09:39:28+00:00\",\"dateModified\":\"2026-04-26T18:40:08+00:00\",\"author\":{\"@id\":\"https:\\\/\\\/exaudi.org\\\/#\\\/schema\\\/person\\\/f5fc8f063065e38742da7afe15f25df7\"},\"breadcrumb\":{\"@id\":\"https:\\\/\\\/exaudi.org\\\/es\\\/el-papa-a-los-recien-ordenados-sientanse-parte-de-esta-humanidad-que-sufre-y-que-espera-la-vida-en-abundancia\\\/#breadcrumb\"},\"inLanguage\":\"es\",\"potentialAction\":[{\"@type\":\"ReadAction\",\"target\":[\"https:\\\/\\\/exaudi.org\\\/es\\\/el-papa-a-los-recien-ordenados-sientanse-parte-de-esta-humanidad-que-sufre-y-que-espera-la-vida-en-abundancia\\\/\"]}]},{\"@type\":\"ImageObject\",\"inLanguage\":\"es\",\"@id\":\"https:\\\/\\\/exaudi.org\\\/es\\\/el-papa-a-los-recien-ordenados-sientanse-parte-de-esta-humanidad-que-sufre-y-que-espera-la-vida-en-abundancia\\\/#primaryimage\",\"url\":\"https:\\\/\\\/exaudi.org\\\/wp-content\\\/uploads\\\/2026\\\/04\\\/cq5dam.thumbnail.cropped.1500.844-3-1.jpeg\",\"contentUrl\":\"https:\\\/\\\/exaudi.org\\\/wp-content\\\/uploads\\\/2026\\\/04\\\/cq5dam.thumbnail.cropped.1500.844-3-1.jpeg\",\"width\":1280,\"height\":844},{\"@type\":\"BreadcrumbList\",\"@id\":\"https:\\\/\\\/exaudi.org\\\/es\\\/el-papa-a-los-recien-ordenados-sientanse-parte-de-esta-humanidad-que-sufre-y-que-espera-la-vida-en-abundancia\\\/#breadcrumb\",\"itemListElement\":[{\"@type\":\"ListItem\",\"position\":1,\"name\":\"Portada\",\"item\":\"https:\\\/\\\/exaudi.org\\\/es\\\/\"},{\"@type\":\"ListItem\",\"position\":2,\"name\":\"El Papa a los reci\u00e9n ordenados: Si\u00e9ntanse parte de esta humanidad que sufre y que espera la vida en abundancia\"}]},{\"@type\":\"WebSite\",\"@id\":\"https:\\\/\\\/exaudi.org\\\/#website\",\"url\":\"https:\\\/\\\/exaudi.org\\\/\",\"name\":\"Exaudi\",\"description\":\"News\",\"potentialAction\":[{\"@type\":\"SearchAction\",\"target\":{\"@type\":\"EntryPoint\",\"urlTemplate\":\"https:\\\/\\\/exaudi.org\\\/?s={search_term_string}\"},\"query-input\":{\"@type\":\"PropertyValueSpecification\",\"valueRequired\":true,\"valueName\":\"search_term_string\"}}],\"inLanguage\":\"es\"},{\"@type\":\"Person\",\"@id\":\"https:\\\/\\\/exaudi.org\\\/#\\\/schema\\\/person\\\/f5fc8f063065e38742da7afe15f25df7\",\"name\":\"Exaudi Redacci\u00f3n\",\"image\":{\"@type\":\"ImageObject\",\"inLanguage\":\"es\",\"@id\":\"https:\\\/\\\/secure.gravatar.com\\\/avatar\\\/fe0f6a059fb68d9b3e11bc5850dd4899b1c7492091a3cb6dd9b01b56ad828be2?s=96&d=mm&r=g\",\"url\":\"https:\\\/\\\/secure.gravatar.com\\\/avatar\\\/fe0f6a059fb68d9b3e11bc5850dd4899b1c7492091a3cb6dd9b01b56ad828be2?s=96&d=mm&r=g\",\"contentUrl\":\"https:\\\/\\\/secure.gravatar.com\\\/avatar\\\/fe0f6a059fb68d9b3e11bc5850dd4899b1c7492091a3cb6dd9b01b56ad828be2?s=96&d=mm&r=g\",\"caption\":\"Exaudi Redacci\u00f3n\"},\"description\":\"\u00bfQu\u00e9 es Exaudi News? Exaudi News es un medio de comunicaci\u00f3n cat\u00f3lico internacional que informa, forma y transforma, diariamente en espa\u00f1ol, ingl\u00e9s e italiano. A trav\u00e9s de noticias, art\u00edculos de an\u00e1lisis y transmisiones en directo de los eventos del Papa, Exaudi busca fortalecer la unidad de los cristianos y contribuir a la evangelizaci\u00f3n del mundo, siempre guiados por la doctrina social de la Iglesia. Trabajamos para acercar la verdad y los valores cristianos a cada rinc\u00f3n del planeta. \u00a1Ay\u00fadanos a transformar el mundo con Exaudi! En Exaudi creemos que la evangelizaci\u00f3n y la informaci\u00f3n de calidad pueden cambiar vidas. Para continuar con nuestra misi\u00f3n y expandir nuestro alcance, necesitamos tu ayuda. Adem\u00e1s, buscamos personas comprometidas que deseen unirse a nuestro equipo. Con tu apoyo, lograremos llegar a m\u00e1s personas, difundir el mensaje de Cristo y reforzar la unidad de los cristianos. \u00bfTe unes a nuestra misi\u00f3n? Para m\u00e1s informaci\u00f3n sobre c\u00f3mo colaborar, visita Exaudi.org\\\/es o cont\u00e1ctanos directamente: info@exaudi.org Exaudi: Informa, forma y transforma.\",\"sameAs\":[\"https:\\\/\\\/www.facebook.com\\\/ExaudiNoticias\\\/\",\"https:\\\/\\\/www.instagram.com\\\/exaudi_noticias\\\/\",\"https:\\\/\\\/x.com\\\/Exaudi_noticias\",\"https:\\\/\\\/www.youtube.com\\\/@exaudicatholicnews\"],\"url\":\"https:\\\/\\\/exaudi.org\\\/es\\\/author\\\/redaccionexaudi\\\/\"}]}<\/script>\n<!-- \/ Yoast SEO plugin. -->","yoast_head_json":{"title":"El Papa a los reci\u00e9n ordenados: Si\u00e9ntanse parte de esta humanidad que sufre y que espera la vida en abundancia &#8211; Exaudi","robots":{"index":"index","follow":"follow","max-snippet":"max-snippet:-1","max-image-preview":"max-image-preview:large","max-video-preview":"max-video-preview:-1"},"canonical":"https:\/\/exaudi.org\/es\/el-papa-a-los-recien-ordenados-sientanse-parte-de-esta-humanidad-que-sufre-y-que-espera-la-vida-en-abundancia\/","og_locale":"es_ES","og_type":"article","og_title":"El Papa a los reci\u00e9n ordenados: Si\u00e9ntanse parte de esta humanidad que sufre y que espera la vida en abundancia &#8211; Exaudi","og_description":"Santa Misa con Ordenaciones Presbiteriales","og_url":"https:\/\/exaudi.org\/es\/el-papa-a-los-recien-ordenados-sientanse-parte-de-esta-humanidad-que-sufre-y-que-espera-la-vida-en-abundancia\/","og_site_name":"Exaudi","article_publisher":"https:\/\/www.facebook.com\/ExaudiNews","article_author":"https:\/\/www.facebook.com\/ExaudiNoticias\/","article_published_time":"2026-04-26T09:39:28+00:00","article_modified_time":"2026-04-26T18:40:08+00:00","og_image":[{"width":1280,"height":844,"url":"https:\/\/exaudi.org\/wp-content\/uploads\/2026\/04\/cq5dam.thumbnail.cropped.1500.844-3-1.jpeg","type":"image\/jpeg"}],"author":"Exaudi Redacci\u00f3n","twitter_card":"summary_large_image","twitter_creator":"@Exaudi_noticias","twitter_site":"@Exaudi_News","twitter_misc":{"Escrito por":"Exaudi Redacci\u00f3n","Tiempo de lectura":"9 minutos"},"schema":{"@context":"https:\/\/schema.org","@graph":[{"@type":"Article","@id":"https:\/\/exaudi.org\/es\/el-papa-a-los-recien-ordenados-sientanse-parte-de-esta-humanidad-que-sufre-y-que-espera-la-vida-en-abundancia\/#article","isPartOf":{"@id":"https:\/\/exaudi.org\/es\/el-papa-a-los-recien-ordenados-sientanse-parte-de-esta-humanidad-que-sufre-y-que-espera-la-vida-en-abundancia\/"},"author":{"name":"Exaudi Redacci\u00f3n","@id":"https:\/\/exaudi.org\/#\/schema\/person\/f5fc8f063065e38742da7afe15f25df7"},"headline":"El Papa a los reci\u00e9n ordenados: Si\u00e9ntanse parte de esta humanidad que sufre y que espera la vida en abundancia","datePublished":"2026-04-26T09:39:28+00:00","dateModified":"2026-04-26T18:40:08+00:00","mainEntityOfPage":{"@id":"https:\/\/exaudi.org\/es\/el-papa-a-los-recien-ordenados-sientanse-parte-de-esta-humanidad-que-sufre-y-que-espera-la-vida-en-abundancia\/"},"wordCount":1724,"image":{"@id":"https:\/\/exaudi.org\/es\/el-papa-a-los-recien-ordenados-sientanse-parte-de-esta-humanidad-que-sufre-y-que-espera-la-vida-en-abundancia\/#primaryimage"},"thumbnailUrl":"https:\/\/exaudi.org\/wp-content\/uploads\/2026\/04\/cq5dam.thumbnail.cropped.1500.844-3-1.jpeg","keywords":["Domingo del Buen Pastor","homil\u00eda","Le\u00f3n XIV","Ordenaci\u00f3n","Roma","Santa Misa","Trending","Vaticano","vocaci\u00f3n sacerdote"],"articleSection":["Homilias","Le\u00f3n XIV"],"inLanguage":"es"},{"@type":"WebPage","@id":"https:\/\/exaudi.org\/es\/el-papa-a-los-recien-ordenados-sientanse-parte-de-esta-humanidad-que-sufre-y-que-espera-la-vida-en-abundancia\/","url":"https:\/\/exaudi.org\/es\/el-papa-a-los-recien-ordenados-sientanse-parte-de-esta-humanidad-que-sufre-y-que-espera-la-vida-en-abundancia\/","name":"El Papa a los reci\u00e9n ordenados: Si\u00e9ntanse parte de esta humanidad que sufre y que espera la vida en abundancia &#8211; Exaudi","isPartOf":{"@id":"https:\/\/exaudi.org\/#website"},"primaryImageOfPage":{"@id":"https:\/\/exaudi.org\/es\/el-papa-a-los-recien-ordenados-sientanse-parte-de-esta-humanidad-que-sufre-y-que-espera-la-vida-en-abundancia\/#primaryimage"},"image":{"@id":"https:\/\/exaudi.org\/es\/el-papa-a-los-recien-ordenados-sientanse-parte-de-esta-humanidad-que-sufre-y-que-espera-la-vida-en-abundancia\/#primaryimage"},"thumbnailUrl":"https:\/\/exaudi.org\/wp-content\/uploads\/2026\/04\/cq5dam.thumbnail.cropped.1500.844-3-1.jpeg","datePublished":"2026-04-26T09:39:28+00:00","dateModified":"2026-04-26T18:40:08+00:00","author":{"@id":"https:\/\/exaudi.org\/#\/schema\/person\/f5fc8f063065e38742da7afe15f25df7"},"breadcrumb":{"@id":"https:\/\/exaudi.org\/es\/el-papa-a-los-recien-ordenados-sientanse-parte-de-esta-humanidad-que-sufre-y-que-espera-la-vida-en-abundancia\/#breadcrumb"},"inLanguage":"es","potentialAction":[{"@type":"ReadAction","target":["https:\/\/exaudi.org\/es\/el-papa-a-los-recien-ordenados-sientanse-parte-de-esta-humanidad-que-sufre-y-que-espera-la-vida-en-abundancia\/"]}]},{"@type":"ImageObject","inLanguage":"es","@id":"https:\/\/exaudi.org\/es\/el-papa-a-los-recien-ordenados-sientanse-parte-de-esta-humanidad-que-sufre-y-que-espera-la-vida-en-abundancia\/#primaryimage","url":"https:\/\/exaudi.org\/wp-content\/uploads\/2026\/04\/cq5dam.thumbnail.cropped.1500.844-3-1.jpeg","contentUrl":"https:\/\/exaudi.org\/wp-content\/uploads\/2026\/04\/cq5dam.thumbnail.cropped.1500.844-3-1.jpeg","width":1280,"height":844},{"@type":"BreadcrumbList","@id":"https:\/\/exaudi.org\/es\/el-papa-a-los-recien-ordenados-sientanse-parte-de-esta-humanidad-que-sufre-y-que-espera-la-vida-en-abundancia\/#breadcrumb","itemListElement":[{"@type":"ListItem","position":1,"name":"Portada","item":"https:\/\/exaudi.org\/es\/"},{"@type":"ListItem","position":2,"name":"El Papa a los reci\u00e9n ordenados: Si\u00e9ntanse parte de esta humanidad que sufre y que espera la vida en abundancia"}]},{"@type":"WebSite","@id":"https:\/\/exaudi.org\/#website","url":"https:\/\/exaudi.org\/","name":"Exaudi","description":"News","potentialAction":[{"@type":"SearchAction","target":{"@type":"EntryPoint","urlTemplate":"https:\/\/exaudi.org\/?s={search_term_string}"},"query-input":{"@type":"PropertyValueSpecification","valueRequired":true,"valueName":"search_term_string"}}],"inLanguage":"es"},{"@type":"Person","@id":"https:\/\/exaudi.org\/#\/schema\/person\/f5fc8f063065e38742da7afe15f25df7","name":"Exaudi Redacci\u00f3n","image":{"@type":"ImageObject","inLanguage":"es","@id":"https:\/\/secure.gravatar.com\/avatar\/fe0f6a059fb68d9b3e11bc5850dd4899b1c7492091a3cb6dd9b01b56ad828be2?s=96&d=mm&r=g","url":"https:\/\/secure.gravatar.com\/avatar\/fe0f6a059fb68d9b3e11bc5850dd4899b1c7492091a3cb6dd9b01b56ad828be2?s=96&d=mm&r=g","contentUrl":"https:\/\/secure.gravatar.com\/avatar\/fe0f6a059fb68d9b3e11bc5850dd4899b1c7492091a3cb6dd9b01b56ad828be2?s=96&d=mm&r=g","caption":"Exaudi Redacci\u00f3n"},"description":"\u00bfQu\u00e9 es Exaudi News? Exaudi News es un medio de comunicaci\u00f3n cat\u00f3lico internacional que informa, forma y transforma, diariamente en espa\u00f1ol, ingl\u00e9s e italiano. A trav\u00e9s de noticias, art\u00edculos de an\u00e1lisis y transmisiones en directo de los eventos del Papa, Exaudi busca fortalecer la unidad de los cristianos y contribuir a la evangelizaci\u00f3n del mundo, siempre guiados por la doctrina social de la Iglesia. Trabajamos para acercar la verdad y los valores cristianos a cada rinc\u00f3n del planeta. \u00a1Ay\u00fadanos a transformar el mundo con Exaudi! En Exaudi creemos que la evangelizaci\u00f3n y la informaci\u00f3n de calidad pueden cambiar vidas. Para continuar con nuestra misi\u00f3n y expandir nuestro alcance, necesitamos tu ayuda. Adem\u00e1s, buscamos personas comprometidas que deseen unirse a nuestro equipo. Con tu apoyo, lograremos llegar a m\u00e1s personas, difundir el mensaje de Cristo y reforzar la unidad de los cristianos. \u00bfTe unes a nuestra misi\u00f3n? Para m\u00e1s informaci\u00f3n sobre c\u00f3mo colaborar, visita Exaudi.org\/es o cont\u00e1ctanos directamente: info@exaudi.org Exaudi: Informa, forma y transforma.","sameAs":["https:\/\/www.facebook.com\/ExaudiNoticias\/","https:\/\/www.instagram.com\/exaudi_noticias\/","https:\/\/x.com\/Exaudi_noticias","https:\/\/www.youtube.com\/@exaudicatholicnews"],"url":"https:\/\/exaudi.org\/es\/author\/redaccionexaudi\/"}]}},"jetpack_featured_media_url":"https:\/\/exaudi.org\/wp-content\/uploads\/2026\/04\/cq5dam.thumbnail.cropped.1500.844-3-1.jpeg","jetpack_shortlink":"https:\/\/wp.me\/pgKjF2-HM2","_links":{"self":[{"href":"https:\/\/exaudi.org\/es\/wp-json\/wp\/v2\/posts\/168270","targetHints":{"allow":["GET"]}}],"collection":[{"href":"https:\/\/exaudi.org\/es\/wp-json\/wp\/v2\/posts"}],"about":[{"href":"https:\/\/exaudi.org\/es\/wp-json\/wp\/v2\/types\/post"}],"author":[{"embeddable":true,"href":"https:\/\/exaudi.org\/es\/wp-json\/wp\/v2\/users\/15"}],"replies":[{"embeddable":true,"href":"https:\/\/exaudi.org\/es\/wp-json\/wp\/v2\/comments?post=168270"}],"version-history":[{"count":7,"href":"https:\/\/exaudi.org\/es\/wp-json\/wp\/v2\/posts\/168270\/revisions"}],"predecessor-version":[{"id":168280,"href":"https:\/\/exaudi.org\/es\/wp-json\/wp\/v2\/posts\/168270\/revisions\/168280"}],"wp:featuredmedia":[{"embeddable":true,"href":"https:\/\/exaudi.org\/es\/wp-json\/wp\/v2\/media\/168273"}],"wp:attachment":[{"href":"https:\/\/exaudi.org\/es\/wp-json\/wp\/v2\/media?parent=168270"}],"wp:term":[{"taxonomy":"category","embeddable":true,"href":"https:\/\/exaudi.org\/es\/wp-json\/wp\/v2\/categories?post=168270"},{"taxonomy":"post_tag","embeddable":true,"href":"https:\/\/exaudi.org\/es\/wp-json\/wp\/v2\/tags?post=168270"}],"curies":[{"name":"wp","href":"https:\/\/api.w.org\/{rel}","templated":true}]}}