{"id":16816,"date":"2021-05-17T09:00:47","date_gmt":"2021-05-17T07:00:47","guid":{"rendered":"https:\/\/exaudi.org\/?p=16816"},"modified":"2021-05-17T15:38:48","modified_gmt":"2021-05-17T13:38:48","slug":"teologia-para-millennials-desafio-al-vaticano","status":"publish","type":"post","link":"https:\/\/exaudi.org\/es\/teologia-para-millennials-desafio-al-vaticano\/","title":{"rendered":"Teolog\u00eda para Millennials: Desaf\u00edo al Vaticano"},"content":{"rendered":"<p>Hoy lunes 17 de mayo de 2021, en \u201c<a href=\"https:\/\/teologiaparamillennials.com\/\" target=\"_blank\" rel=\"noopener noreferrer\">Teolog\u00eda para Millennials<\/a>\u201d, el sacerdote mexicano\u00a0<a href=\"https:\/\/exaudi.org\/es\/author\/padremarioarroyo\/\" target=\"_blank\" rel=\"noopener noreferrer\">Mario Arroyo Mart\u00ednez<\/a>, comparte con los lectores de Exaudi su art\u00edculo \u201cDesaf\u00edo al Vaticano\u201d, sobre lo ocurrido en Alemania respecto a la bendici\u00f3n de parejas homosexuales.<\/p>\n<p>***<\/p>\n<p><span style=\"font-weight: 400\">Bajo el grito de \u201c#liebegewinnt\u201d (<\/span><span style=\"font-weight: 400\">el amor gana<\/span><span style=\"font-weight: 400\">) se organiz\u00f3 en Alemania una desobediencia masiva a la Santa Sede, en concreto, a la respuesta negativa que la <\/span><span style=\"font-weight: 400\">Congregaci\u00f3n para la Doctrina de la Fe<\/span><span style=\"font-weight: 400\"> dio el pasado 15 de marzo, a la propuesta de bendecir parejas homosexuales. Una parte consistente de obispos y sacerdotes alemanes dijeron \u201cno\u201d a esta directriz de Roma, aprobada por el Papa, y organizaron el 10 de mayo una bendici\u00f3n masiva de parejas gay en muchas iglesias cat\u00f3licas de Alemania.<\/span><\/p>\n<p><span style=\"font-weight: 400\">Se calcula que hubo alrededor de 110 servicios religiosos \u2013de un total de diez mil parroquias- en todo el pa\u00eds para bendecir parejas homosexuales, y que sencillamente se trataba de sacar a la luz p\u00fablica lo que ya se hac\u00eda en secreto. Los organizadores justifican su actitud afirmando: \u00abCada una de estas personas es querida por Dios en la forma precisa, como ellas son y c\u00f3mo viven.<\/span><\/p>\n<p><span style=\"font-weight: 400\"> La Iglesia Cat\u00f3lica est\u00e1 obligada a encontrar una respuesta a esta realidad, debe encontrar actitudes y ritos\u201d. Sin embargo, Georg B\u00e4tzing, presidente de la Conferencia Episcopal Alemana puntualiz\u00f3: \u201cLos servicios religiosos tienen su propia dignidad teol\u00f3gica y sentido pastoral. Y no deben utilizarse como instrumentos para manifestaciones y protesta de la pol\u00edtica eclesial\u201d.\u00a0<\/span><\/p>\n<p><span style=\"font-weight: 400\">A la \u201crebeli\u00f3n alemana\u201d se unen otras voces centroeuropeas, discordantes con los dictados de Roma. En Austria una asociaci\u00f3n que aglutina a 350 sacerdotes, lanz\u00f3 un \u201cllamado a la desobediencia 2.0\u201d para seguir bendiciendo parejas homosexuales. No es extra\u00f1o, pues el cardenal de Viena, Christoph Sch\u00f6nborn se ha mostrado favorable a este tipo de bendiciones. <\/span><\/p>\n<p><span style=\"font-weight: 400\">De igual forma, presb\u00edteros de Suiza y B\u00e9lgica comparten el rechazo a la normativa de la Santa Sede. El agua esta revuelta en Centroeuropa para la Iglesia, particularmente en Alemania, donde su \u201cCamino Sinodal\u201d tiende a tomar posturas doctrinales y pastorales heterodoxas.\u00a0\u00a0<\/span><\/p>\n<p><span style=\"font-weight: 400\">Roma, por su parte, obra con cautela. Espera. Sabe que est\u00e1 mucho en juego, la cuesti\u00f3n es, \u00bfhasta cu\u00e1ndo podr\u00e1 resistir el tir\u00f3n sin romperse la comuni\u00f3n? En efecto, lo que se trata de evitar a toda costa, es un nuevo cisma en la Iglesia Cat\u00f3lica, que romper\u00eda la comuni\u00f3n con la Iglesia alemana. Para muchos el cisma ya se ha dado de hecho, pues los obispos alemanes no parecen estar muy dispuestos a dejarse orientar por la Santa Sede, y de hecho funcionan de forma independiente. <\/span><\/p>\n<p><span style=\"font-weight: 400\">El Papa tiene que soportar desaf\u00edos provocadores como este, con paciencia, la pregunta es \u00bfhasta d\u00f3nde se puede tolerar la desobediencia notoria, p\u00fablica, escandalosa, provocadora? \u00bfQu\u00e9 eficacia real tendr\u00eda un llamado de atenci\u00f3n formal? No la tienen f\u00e1cil las autoridades vaticanas ni los pocos obispos alemanes fieles a Roma.<\/span><\/p>\n<p><span style=\"font-weight: 400\">M\u00e1s all\u00e1 del hecho concreto, las bendiciones masivas a parejas homosexuales, est\u00e1 el talante provocador y subversivo del evento. Los cat\u00f3licos del resto del mundo contemplamos con mucha tristeza la situaci\u00f3n de la Iglesia en Alemania, una Iglesia muy antigua, muy culta, puede decirse que junto con la de Francia, forman la \u00e9lite intelectual del catolicismo; una iglesia con much\u00edsimos medios materiales, con los cuales ayuda a las iglesias m\u00e1s necesitadas econ\u00f3micamente del mundo (a m\u00ed mismo me pagaron los estudios en Roma dos instituciones alemanas). <\/span><\/p>\n<p><span style=\"font-weight: 400\">No nos queda sino cerrar filas en torno al Papa y apoyarle con la importante limosna de nuestra oraci\u00f3n; porque sin duda, este es uno de los asuntos m\u00e1s delicados y urgentes que est\u00e1n sobre su escritorio.<\/span><\/p>\n<p><span style=\"font-weight: 400\">Desde la publicaci\u00f3n de la Enc\u00edclica <\/span><span style=\"font-weight: 400\">Humanae Vitae<\/span><span style=\"font-weight: 400\"> no se ve\u00eda una reacci\u00f3n tan abiertamente contraria a las ense\u00f1anzas pontificias desde dentro de la Iglesia. No hab\u00eda habido una resistencia activa por parte del clero a las ense\u00f1anzas papales. Vale la pena pensar una estrategia de salida. <\/span><\/p>\n<p><span style=\"font-weight: 400\">La m\u00e1s sencilla, la simple obediencia, por lo pronto no se ve posible, pues los \u00e1nimos est\u00e1n muy exacerbados. Hay que hacer un ulterior esfuerzo por comprender las razones de los disidentes, intentar ver lo que ellos ven, el bien que buscan custodiar y que consideran desprotegido por las normas. Se trata, una vez m\u00e1s, del conflicto entre doctrina y pastoral, tan frecuente en la Iglesia. Esperemos que Francisco encuentre la actitud de empat\u00eda adecuada, y la Iglesia alemana ponga de su parte, para que no se consume este inminente cisma.<\/span><\/p>\n","protected":false},"excerpt":{"rendered":"<p>\u201cDesaf\u00edo al Vaticano\u201d<\/p>\n","protected":false},"author":22,"featured_media":16823,"comment_status":"closed","ping_status":"closed","sticky":false,"template":"","format":"standard","meta":{"_acf_changed":false,"_crdt_document":"","inline_featured_image":false,"footnotes":""},"categories":[298,130],"tags":[2307,459,272],"class_list":["post-16816","post","type-post","status-publish","format-standard","has-post-thumbnail","hentry","category-ultimas-noticias","category-voces","tag-homosexualidad","tag-teologia-para-millennials","tag-vaticano-es"],"acf":[],"yoast_head":"<!-- This site is optimized with the Yoast SEO plugin v27.4 - https:\/\/yoast.com\/product\/yoast-seo-wordpress\/ -->\n<title>Teolog\u00eda para Millennials: Desaf\u00edo al Vaticano &#8211; Exaudi<\/title>\n<meta name=\"description\" content=\"En Teolog\u00eda para Millennials, el padre Mario Arroyo comparte con los lectores de Exaudi su art\u00edculo \u201cDesaf\u00edo al Vaticano\u201d.\" \/>\n<meta name=\"robots\" content=\"index, follow, max-snippet:-1, max-image-preview:large, max-video-preview:-1\" \/>\n<link rel=\"canonical\" href=\"https:\/\/exaudi.org\/es\/teologia-para-millennials-desafio-al-vaticano\/\" \/>\n<meta property=\"og:locale\" content=\"es_ES\" \/>\n<meta property=\"og:type\" content=\"article\" \/>\n<meta property=\"og:title\" content=\"Teolog\u00eda para Millennials: Desaf\u00edo al Vaticano &#8211; Exaudi\" \/>\n<meta property=\"og:description\" content=\"En Teolog\u00eda para Millennials, el padre Mario Arroyo comparte con los lectores de Exaudi su art\u00edculo \u201cDesaf\u00edo al Vaticano\u201d.\" \/>\n<meta property=\"og:url\" content=\"https:\/\/exaudi.org\/es\/teologia-para-millennials-desafio-al-vaticano\/\" \/>\n<meta property=\"og:site_name\" content=\"Exaudi\" \/>\n<meta property=\"article:publisher\" content=\"https:\/\/www.facebook.com\/ExaudiNews\" \/>\n<meta property=\"article:published_time\" content=\"2021-05-17T07:00:47+00:00\" \/>\n<meta property=\"article:modified_time\" content=\"2021-05-17T13:38:48+00:00\" \/>\n<meta property=\"og:image\" content=\"https:\/\/exaudi.org\/wp-content\/uploads\/2021\/05\/8w84e-scaled.jpg\" \/>\n\t<meta property=\"og:image:width\" content=\"2560\" \/>\n\t<meta property=\"og:image:height\" content=\"1921\" \/>\n\t<meta property=\"og:image:type\" content=\"image\/jpeg\" \/>\n<meta name=\"author\" content=\"Mario Arroyo\" \/>\n<meta name=\"twitter:card\" content=\"summary_large_image\" \/>\n<meta name=\"twitter:creator\" content=\"@Exaudi_News\" \/>\n<meta name=\"twitter:site\" content=\"@Exaudi_News\" \/>\n<meta name=\"twitter:label1\" content=\"Escrito por\" \/>\n\t<meta name=\"twitter:data1\" content=\"Mario Arroyo\" \/>\n\t<meta name=\"twitter:label2\" content=\"Tiempo de lectura\" \/>\n\t<meta name=\"twitter:data2\" content=\"4 minutos\" \/>\n<script type=\"application\/ld+json\" class=\"yoast-schema-graph\">{\"@context\":\"https:\\\/\\\/schema.org\",\"@graph\":[{\"@type\":\"Article\",\"@id\":\"https:\\\/\\\/exaudi.org\\\/es\\\/teologia-para-millennials-desafio-al-vaticano\\\/#article\",\"isPartOf\":{\"@id\":\"https:\\\/\\\/exaudi.org\\\/es\\\/teologia-para-millennials-desafio-al-vaticano\\\/\"},\"author\":{\"name\":\"Mario Arroyo\",\"@id\":\"https:\\\/\\\/exaudi.org\\\/#\\\/schema\\\/person\\\/2195e6e643f4a07a343345d49e4e6985\"},\"headline\":\"Teolog\u00eda para Millennials: Desaf\u00edo al Vaticano\",\"datePublished\":\"2021-05-17T07:00:47+00:00\",\"dateModified\":\"2021-05-17T13:38:48+00:00\",\"mainEntityOfPage\":{\"@id\":\"https:\\\/\\\/exaudi.org\\\/es\\\/teologia-para-millennials-desafio-al-vaticano\\\/\"},\"wordCount\":794,\"image\":{\"@id\":\"https:\\\/\\\/exaudi.org\\\/es\\\/teologia-para-millennials-desafio-al-vaticano\\\/#primaryimage\"},\"thumbnailUrl\":\"https:\\\/\\\/exaudi.org\\\/wp-content\\\/uploads\\\/2021\\\/05\\\/8w84e-scaled.jpg\",\"keywords\":[\"Homosexualidad\",\"Teolog\u00eda para Millennials\",\"Vaticano\"],\"articleSection\":[\"\u00daltimas noticias\",\"Voces\"],\"inLanguage\":\"es\"},{\"@type\":\"WebPage\",\"@id\":\"https:\\\/\\\/exaudi.org\\\/es\\\/teologia-para-millennials-desafio-al-vaticano\\\/\",\"url\":\"https:\\\/\\\/exaudi.org\\\/es\\\/teologia-para-millennials-desafio-al-vaticano\\\/\",\"name\":\"Teolog\u00eda para Millennials: Desaf\u00edo al Vaticano &#8211; Exaudi\",\"isPartOf\":{\"@id\":\"https:\\\/\\\/exaudi.org\\\/#website\"},\"primaryImageOfPage\":{\"@id\":\"https:\\\/\\\/exaudi.org\\\/es\\\/teologia-para-millennials-desafio-al-vaticano\\\/#primaryimage\"},\"image\":{\"@id\":\"https:\\\/\\\/exaudi.org\\\/es\\\/teologia-para-millennials-desafio-al-vaticano\\\/#primaryimage\"},\"thumbnailUrl\":\"https:\\\/\\\/exaudi.org\\\/wp-content\\\/uploads\\\/2021\\\/05\\\/8w84e-scaled.jpg\",\"datePublished\":\"2021-05-17T07:00:47+00:00\",\"dateModified\":\"2021-05-17T13:38:48+00:00\",\"author\":{\"@id\":\"https:\\\/\\\/exaudi.org\\\/#\\\/schema\\\/person\\\/2195e6e643f4a07a343345d49e4e6985\"},\"description\":\"En Teolog\u00eda para Millennials, el padre Mario Arroyo comparte con los lectores de Exaudi su art\u00edculo \u201cDesaf\u00edo al Vaticano\u201d.\",\"breadcrumb\":{\"@id\":\"https:\\\/\\\/exaudi.org\\\/es\\\/teologia-para-millennials-desafio-al-vaticano\\\/#breadcrumb\"},\"inLanguage\":\"es\",\"potentialAction\":[{\"@type\":\"ReadAction\",\"target\":[\"https:\\\/\\\/exaudi.org\\\/es\\\/teologia-para-millennials-desafio-al-vaticano\\\/\"]}]},{\"@type\":\"ImageObject\",\"inLanguage\":\"es\",\"@id\":\"https:\\\/\\\/exaudi.org\\\/es\\\/teologia-para-millennials-desafio-al-vaticano\\\/#primaryimage\",\"url\":\"https:\\\/\\\/exaudi.org\\\/wp-content\\\/uploads\\\/2021\\\/05\\\/8w84e-scaled.jpg\",\"contentUrl\":\"https:\\\/\\\/exaudi.org\\\/wp-content\\\/uploads\\\/2021\\\/05\\\/8w84e-scaled.jpg\",\"width\":2560,\"height\":1921,\"caption\":\"Catedral de Colonia, Alemania \u00a9 Pxhere\"},{\"@type\":\"BreadcrumbList\",\"@id\":\"https:\\\/\\\/exaudi.org\\\/es\\\/teologia-para-millennials-desafio-al-vaticano\\\/#breadcrumb\",\"itemListElement\":[{\"@type\":\"ListItem\",\"position\":1,\"name\":\"Portada\",\"item\":\"https:\\\/\\\/exaudi.org\\\/es\\\/\"},{\"@type\":\"ListItem\",\"position\":2,\"name\":\"Teolog\u00eda para Millennials: Desaf\u00edo al Vaticano\"}]},{\"@type\":\"WebSite\",\"@id\":\"https:\\\/\\\/exaudi.org\\\/#website\",\"url\":\"https:\\\/\\\/exaudi.org\\\/\",\"name\":\"Exaudi\",\"description\":\"News\",\"potentialAction\":[{\"@type\":\"SearchAction\",\"target\":{\"@type\":\"EntryPoint\",\"urlTemplate\":\"https:\\\/\\\/exaudi.org\\\/?s={search_term_string}\"},\"query-input\":{\"@type\":\"PropertyValueSpecification\",\"valueRequired\":true,\"valueName\":\"search_term_string\"}}],\"inLanguage\":\"es\"},{\"@type\":\"Person\",\"@id\":\"https:\\\/\\\/exaudi.org\\\/#\\\/schema\\\/person\\\/2195e6e643f4a07a343345d49e4e6985\",\"name\":\"Mario Arroyo\",\"image\":{\"@type\":\"ImageObject\",\"inLanguage\":\"es\",\"@id\":\"https:\\\/\\\/secure.gravatar.com\\\/avatar\\\/0e2dddc1d3bf207409f5b4d542cef9a9955ad497448376a1621fcb1df592d137?s=96&d=mm&r=g\",\"url\":\"https:\\\/\\\/secure.gravatar.com\\\/avatar\\\/0e2dddc1d3bf207409f5b4d542cef9a9955ad497448376a1621fcb1df592d137?s=96&d=mm&r=g\",\"contentUrl\":\"https:\\\/\\\/secure.gravatar.com\\\/avatar\\\/0e2dddc1d3bf207409f5b4d542cef9a9955ad497448376a1621fcb1df592d137?s=96&d=mm&r=g\",\"caption\":\"Mario Arroyo\"},\"description\":\"Licenciado en Filosof\u00eda por la Universidad Panamericana, M\u00e9xico 1996, ostenta el bachiller en Teolog\u00eda por la Pontificia Universidad de la Santa Cruz, Roma 1999. Doctor en Filosof\u00eda por la Pontificia Universidad de la Santa Cruz, Roma 2002. Ordenado sacerdote en Torreciudad, Espa\u00f1a, en 2002. Autor de: Poder, Dinero y Santidad, Lima 2012; Ciencia y Fe. Un equilibrio posible, UCSS, Lima 2015; Ciencia y Fe. Situaci\u00f3n actual, Facultad de Teolog\u00eda Pontificia y Civil de Lima, Lima 2016; La Iglesia y los Homosexuales. Un falso conflicto, Facultad de Teolog\u00eda Pontificia y Civil de Lima, Lima 2017. Coautor de Dios Busca al Hombre, CDSCO, Lima 2013; Neurona mata esp\u00edritu, Amazon, Lima 2018; Teolog\u00eda para Millennials, Amazon, Lima 2018. El padre Mario es columnista de los portales peruanos Cr\u00f3nica Viva, La abeja y Lucidez, as\u00ed como de los peri\u00f3dicos mexicanos Mural, Expreso, del portal mexicano Vox Fides y de ZENIT. Capell\u00e1n de la Universidad de Piura, Campus de Lima durante los cursos 2017 y 2018. Actualmente, profesor de Teolog\u00eda en la Universidad Panamericana, Ciudad de M\u00e9xico.\",\"url\":\"https:\\\/\\\/exaudi.org\\\/es\\\/author\\\/padremarioarroyo\\\/\"}]}<\/script>\n<!-- \/ Yoast SEO plugin. -->","yoast_head_json":{"title":"Teolog\u00eda para Millennials: Desaf\u00edo al Vaticano &#8211; Exaudi","description":"En Teolog\u00eda para Millennials, el padre Mario Arroyo comparte con los lectores de Exaudi su art\u00edculo \u201cDesaf\u00edo al Vaticano\u201d.","robots":{"index":"index","follow":"follow","max-snippet":"max-snippet:-1","max-image-preview":"max-image-preview:large","max-video-preview":"max-video-preview:-1"},"canonical":"https:\/\/exaudi.org\/es\/teologia-para-millennials-desafio-al-vaticano\/","og_locale":"es_ES","og_type":"article","og_title":"Teolog\u00eda para Millennials: Desaf\u00edo al Vaticano &#8211; Exaudi","og_description":"En Teolog\u00eda para Millennials, el padre Mario Arroyo comparte con los lectores de Exaudi su art\u00edculo \u201cDesaf\u00edo al Vaticano\u201d.","og_url":"https:\/\/exaudi.org\/es\/teologia-para-millennials-desafio-al-vaticano\/","og_site_name":"Exaudi","article_publisher":"https:\/\/www.facebook.com\/ExaudiNews","article_published_time":"2021-05-17T07:00:47+00:00","article_modified_time":"2021-05-17T13:38:48+00:00","og_image":[{"width":2560,"height":1921,"url":"https:\/\/exaudi.org\/wp-content\/uploads\/2021\/05\/8w84e-scaled.jpg","type":"image\/jpeg"}],"author":"Mario Arroyo","twitter_card":"summary_large_image","twitter_creator":"@Exaudi_News","twitter_site":"@Exaudi_News","twitter_misc":{"Escrito por":"Mario Arroyo","Tiempo de lectura":"4 minutos"},"schema":{"@context":"https:\/\/schema.org","@graph":[{"@type":"Article","@id":"https:\/\/exaudi.org\/es\/teologia-para-millennials-desafio-al-vaticano\/#article","isPartOf":{"@id":"https:\/\/exaudi.org\/es\/teologia-para-millennials-desafio-al-vaticano\/"},"author":{"name":"Mario Arroyo","@id":"https:\/\/exaudi.org\/#\/schema\/person\/2195e6e643f4a07a343345d49e4e6985"},"headline":"Teolog\u00eda para Millennials: Desaf\u00edo al Vaticano","datePublished":"2021-05-17T07:00:47+00:00","dateModified":"2021-05-17T13:38:48+00:00","mainEntityOfPage":{"@id":"https:\/\/exaudi.org\/es\/teologia-para-millennials-desafio-al-vaticano\/"},"wordCount":794,"image":{"@id":"https:\/\/exaudi.org\/es\/teologia-para-millennials-desafio-al-vaticano\/#primaryimage"},"thumbnailUrl":"https:\/\/exaudi.org\/wp-content\/uploads\/2021\/05\/8w84e-scaled.jpg","keywords":["Homosexualidad","Teolog\u00eda para Millennials","Vaticano"],"articleSection":["\u00daltimas noticias","Voces"],"inLanguage":"es"},{"@type":"WebPage","@id":"https:\/\/exaudi.org\/es\/teologia-para-millennials-desafio-al-vaticano\/","url":"https:\/\/exaudi.org\/es\/teologia-para-millennials-desafio-al-vaticano\/","name":"Teolog\u00eda para Millennials: Desaf\u00edo al Vaticano &#8211; Exaudi","isPartOf":{"@id":"https:\/\/exaudi.org\/#website"},"primaryImageOfPage":{"@id":"https:\/\/exaudi.org\/es\/teologia-para-millennials-desafio-al-vaticano\/#primaryimage"},"image":{"@id":"https:\/\/exaudi.org\/es\/teologia-para-millennials-desafio-al-vaticano\/#primaryimage"},"thumbnailUrl":"https:\/\/exaudi.org\/wp-content\/uploads\/2021\/05\/8w84e-scaled.jpg","datePublished":"2021-05-17T07:00:47+00:00","dateModified":"2021-05-17T13:38:48+00:00","author":{"@id":"https:\/\/exaudi.org\/#\/schema\/person\/2195e6e643f4a07a343345d49e4e6985"},"description":"En Teolog\u00eda para Millennials, el padre Mario Arroyo comparte con los lectores de Exaudi su art\u00edculo \u201cDesaf\u00edo al Vaticano\u201d.","breadcrumb":{"@id":"https:\/\/exaudi.org\/es\/teologia-para-millennials-desafio-al-vaticano\/#breadcrumb"},"inLanguage":"es","potentialAction":[{"@type":"ReadAction","target":["https:\/\/exaudi.org\/es\/teologia-para-millennials-desafio-al-vaticano\/"]}]},{"@type":"ImageObject","inLanguage":"es","@id":"https:\/\/exaudi.org\/es\/teologia-para-millennials-desafio-al-vaticano\/#primaryimage","url":"https:\/\/exaudi.org\/wp-content\/uploads\/2021\/05\/8w84e-scaled.jpg","contentUrl":"https:\/\/exaudi.org\/wp-content\/uploads\/2021\/05\/8w84e-scaled.jpg","width":2560,"height":1921,"caption":"Catedral de Colonia, Alemania \u00a9 Pxhere"},{"@type":"BreadcrumbList","@id":"https:\/\/exaudi.org\/es\/teologia-para-millennials-desafio-al-vaticano\/#breadcrumb","itemListElement":[{"@type":"ListItem","position":1,"name":"Portada","item":"https:\/\/exaudi.org\/es\/"},{"@type":"ListItem","position":2,"name":"Teolog\u00eda para Millennials: Desaf\u00edo al Vaticano"}]},{"@type":"WebSite","@id":"https:\/\/exaudi.org\/#website","url":"https:\/\/exaudi.org\/","name":"Exaudi","description":"News","potentialAction":[{"@type":"SearchAction","target":{"@type":"EntryPoint","urlTemplate":"https:\/\/exaudi.org\/?s={search_term_string}"},"query-input":{"@type":"PropertyValueSpecification","valueRequired":true,"valueName":"search_term_string"}}],"inLanguage":"es"},{"@type":"Person","@id":"https:\/\/exaudi.org\/#\/schema\/person\/2195e6e643f4a07a343345d49e4e6985","name":"Mario Arroyo","image":{"@type":"ImageObject","inLanguage":"es","@id":"https:\/\/secure.gravatar.com\/avatar\/0e2dddc1d3bf207409f5b4d542cef9a9955ad497448376a1621fcb1df592d137?s=96&d=mm&r=g","url":"https:\/\/secure.gravatar.com\/avatar\/0e2dddc1d3bf207409f5b4d542cef9a9955ad497448376a1621fcb1df592d137?s=96&d=mm&r=g","contentUrl":"https:\/\/secure.gravatar.com\/avatar\/0e2dddc1d3bf207409f5b4d542cef9a9955ad497448376a1621fcb1df592d137?s=96&d=mm&r=g","caption":"Mario Arroyo"},"description":"Licenciado en Filosof\u00eda por la Universidad Panamericana, M\u00e9xico 1996, ostenta el bachiller en Teolog\u00eda por la Pontificia Universidad de la Santa Cruz, Roma 1999. Doctor en Filosof\u00eda por la Pontificia Universidad de la Santa Cruz, Roma 2002. Ordenado sacerdote en Torreciudad, Espa\u00f1a, en 2002. Autor de: Poder, Dinero y Santidad, Lima 2012; Ciencia y Fe. Un equilibrio posible, UCSS, Lima 2015; Ciencia y Fe. Situaci\u00f3n actual, Facultad de Teolog\u00eda Pontificia y Civil de Lima, Lima 2016; La Iglesia y los Homosexuales. Un falso conflicto, Facultad de Teolog\u00eda Pontificia y Civil de Lima, Lima 2017. Coautor de Dios Busca al Hombre, CDSCO, Lima 2013; Neurona mata esp\u00edritu, Amazon, Lima 2018; Teolog\u00eda para Millennials, Amazon, Lima 2018. El padre Mario es columnista de los portales peruanos Cr\u00f3nica Viva, La abeja y Lucidez, as\u00ed como de los peri\u00f3dicos mexicanos Mural, Expreso, del portal mexicano Vox Fides y de ZENIT. Capell\u00e1n de la Universidad de Piura, Campus de Lima durante los cursos 2017 y 2018. Actualmente, profesor de Teolog\u00eda en la Universidad Panamericana, Ciudad de M\u00e9xico.","url":"https:\/\/exaudi.org\/es\/author\/padremarioarroyo\/"}]}},"jetpack_featured_media_url":"https:\/\/exaudi.org\/wp-content\/uploads\/2021\/05\/8w84e-scaled.jpg","jetpack_shortlink":"https:\/\/wp.me\/pgKjF2-4ne","_links":{"self":[{"href":"https:\/\/exaudi.org\/es\/wp-json\/wp\/v2\/posts\/16816","targetHints":{"allow":["GET"]}}],"collection":[{"href":"https:\/\/exaudi.org\/es\/wp-json\/wp\/v2\/posts"}],"about":[{"href":"https:\/\/exaudi.org\/es\/wp-json\/wp\/v2\/types\/post"}],"author":[{"embeddable":true,"href":"https:\/\/exaudi.org\/es\/wp-json\/wp\/v2\/users\/22"}],"replies":[{"embeddable":true,"href":"https:\/\/exaudi.org\/es\/wp-json\/wp\/v2\/comments?post=16816"}],"version-history":[{"count":0,"href":"https:\/\/exaudi.org\/es\/wp-json\/wp\/v2\/posts\/16816\/revisions"}],"wp:featuredmedia":[{"embeddable":true,"href":"https:\/\/exaudi.org\/es\/wp-json\/wp\/v2\/media\/16823"}],"wp:attachment":[{"href":"https:\/\/exaudi.org\/es\/wp-json\/wp\/v2\/media?parent=16816"}],"wp:term":[{"taxonomy":"category","embeddable":true,"href":"https:\/\/exaudi.org\/es\/wp-json\/wp\/v2\/categories?post=16816"},{"taxonomy":"post_tag","embeddable":true,"href":"https:\/\/exaudi.org\/es\/wp-json\/wp\/v2\/tags?post=16816"}],"curies":[{"name":"wp","href":"https:\/\/api.w.org\/{rel}","templated":true}]}}