{"id":167950,"date":"2026-04-27T08:30:23","date_gmt":"2026-04-27T06:30:23","guid":{"rendered":"https:\/\/exaudi.org\/?p=167950"},"modified":"2026-04-27T08:12:31","modified_gmt":"2026-04-27T06:12:31","slug":"la-madurez","status":"publish","type":"post","link":"https:\/\/exaudi.org\/es\/la-madurez\/","title":{"rendered":"La madurez tiene coraz\u00f3n de ni\u00f1o"},"content":{"rendered":"<p>Hay una pobreza que no consta en las estad\u00edsticas.<\/p>\n<p>Es pasar por la vida sin dejarse tocar por ella.<\/p>\n<p><iframe title=\"Spotify Embed: La madurez\" style=\"border-radius: 12px\" width=\"100%\" height=\"152\" frameborder=\"0\" allowfullscreen allow=\"autoplay; clipboard-write; encrypted-media; fullscreen; picture-in-picture\" loading=\"lazy\" src=\"https:\/\/open.spotify.com\/embed\/episode\/6B0aL3ybcC5wL8CPKmyQWq?si=414d93b7e9ca42ba&amp;utm_source=oembed\"><\/iframe><\/p>\n<p>Nos informamos mucho.<\/p>\n<p>Nos asombramos poco.<\/p>\n<p>Y cuando el asombro desaparece, la realidad se degrada.\u00a0 Deja de ser misterio que estimula.<\/p>\n<p>Se convierte en materia de uso.<\/p>\n<p><strong>Ya no interpela, entretiene.<\/strong><\/p>\n<p>No falta luz, hemos perdido la disposici\u00f3n interior para recibirla.<\/p>\n<p><strong>El asombro no es ingenuidad<\/strong>.<\/p>\n<p><strong>Es di\u00e1logo<\/strong> <strong>interior. <\/strong><\/p>\n<p><strong>Es respeto al ser.<\/strong><\/p>\n<p><em>Arist\u00f3teles lo vio claro: \u201cEs menester que los hombres se asombren y se maravillen ante lo que experimentan\u201d (Metaf\u00edsica, 982b)<\/em><\/p>\n<p>Conviene decirlo con claridad, vivimos en una cultura de la sospecha que valora m\u00e1s la rapidez que la hondura.<\/p>\n<p>Asombrarse parece infantil o de ingenuos.<\/p>\n<p>La sospecha es una \u00abpostura\u00bb viral, contagiosa.<\/p>\n<p>Hemos endurecido la mirada.<\/p>\n<p>Una p\u00e1tina invisible se ha depositado sobre el coraz\u00f3n.<\/p>\n<p><em>Nada nos sorprende del todo.<\/em><\/p>\n<p><em>Nada nos ofende hasta el fondo<\/em>.<\/p>\n<p><strong>\u00a0<\/strong><\/p>\n<p><strong>La madurez tiene coraz\u00f3n de ni\u00f1o.<\/strong><\/p>\n<p>El adulto cansado pierde la capacidad de dejarse \u201casombrar\u201d por la sencillez de la verdad.<\/p>\n<p>La vida, entonces, se estrecha, se estrangula.<\/p>\n<p>Se sobrevive<\/p>\n<p>con informaci\u00f3n, <strong>pero sin presencia<\/strong>.<\/p>\n<p>Con movimiento, pero <strong>sin encuentro<\/strong>.<\/p>\n<p>Con agenda, pero sin digesti\u00f3n.<\/p>\n<p>Y el coraz\u00f3n se endurece.<\/p>\n<p>&nbsp;<\/p>\n<p><strong>EL ASOMBRO FIJA LA MIRADA.<\/strong><\/p>\n<p>El <em>estremecimiento<\/em> que provoca abarca coraz\u00f3n y cabeza;<\/p>\n<p>es una par\u00e1lisis <strong>gestante<\/strong> que inunda.<\/p>\n<p>Contemplar es descubrir nuevos colores, nuevos sonidos\u2026<\/p>\n<p>Cambia nuestro modo de ver. Ya no hay vuelta atr\u00e1s<\/p>\n<p>Contemplar es mirar de otro modo.<\/p>\n<p><em>San Juan Pablo II lo resume con fuerza: \u201cEs necesario cultivar (&#8230;) la capacidad de admiraci\u00f3n, de comprensi\u00f3n interna, de contemplaci\u00f3n\u201d (Discurso al Jubileo de cient\u00edficos, 2000)<\/em><\/p>\n<p>&nbsp;<\/p>\n<p>Hoy se habla mucho de descanso, de desconexi\u00f3n, de pausas saludables.<\/p>\n<p>Y Nos aislamos. Cerramos compuertas.<\/p>\n<p>Podemos estar sentados en silencio y seguir interiormente en fuga.<\/p>\n<p>Dejar el m\u00f3vil sobre la mesa y continuar fragmentados por dentro.<\/p>\n<p>Es un proceso de ayuno, de \u201cautofagia del alma\u201d (Byung-chul Han)<\/p>\n<p>En este proceso el coraz\u00f3n contempla y se expande, se admira ante lo revelado.<\/p>\n<p>Mira y ve, sin querer poseer.<\/p>\n<p>Atiende sin consumir.<\/p>\n<p>Permanece en \u00e9xtasis sin reloj, se paraliza el tiempo:<\/p>\n<p>una puesta de sol,<\/p>\n<p>un arco Iris, una obra de arte\u2026,<\/p>\n<p><strong>una revelaci\u00f3n interior<\/strong>.<\/p>\n<p>&nbsp;<\/p>\n<p>Nuestra \u00e9poca no combate el asombro.<\/p>\n<p>Lo dirige.<\/p>\n<p>Lo disuelve. Lo vuelve <strong>evanescente;\u00a0\u00a0\u00a0\u00a0\u00a0\u00a0\u00a0\u00a0\u00a0\u00a0\u00a0\u00a0\u00a0\u00a0\u00a0\u00a0\u00a0\u00a0\u00a0\u00a0\u00a0\u00a0\u00a0\u00a0\u00a0\u00a0 \u00a0\u00a0\u00a0\u00a0\u00a0\u00a0\u00a0\u00a0\u00a0\u00a0\u00a0 <\/strong><\/p>\n<p>Lo diluye con la velocidad;<\/p>\n<p>Lo diluye en la l\u00f3gica de la utilidad inmediata: donde todo debe servir, rendir o entretener.<\/p>\n<p>Y cuando todo se mide por su rendimiento, la profundidad empieza a parecer una p\u00e9rdida de tiempo.<\/p>\n<p>Entonces dejamos de habitar la realidad,<\/p>\n<p>y empezamos a gestionar la propuesta.<\/p>\n<p>La diferencia parece peque\u00f1a.<\/p>\n<p><strong>No lo es.\u00a0 <\/strong><\/p>\n<p><em>\u00a0<\/em><\/p>\n<p><em>Habitar es recibir, es acoger. <\/em><\/p>\n<p>Gestionar es controlar.<\/p>\n<p><em>Habitar implica servicio en la relaci\u00f3n.<\/em><\/p>\n<p>Gestionar implica dominio.<\/p>\n<p>&nbsp;<\/p>\n<p>Cuando una persona deja de acoger,<\/p>\n<p>deja de encontrarse<\/p>\n<p>con el mundo y consigo misma.<\/p>\n<p>Deja de escuchar y solo responde.<\/p>\n<p>Deja de mirar y solo clasifica.<\/p>\n<p>Deja de estar ante lo real y se coloca en su fantas\u00eda.<\/p>\n<p>&nbsp;<\/p>\n<p>Se empobrece la sensibilidad,<\/p>\n<p>pero termina afectando a la \u00e9tica.<\/p>\n<p><strong>Si desaparece el asombro, <\/strong><\/p>\n<p><strong>el otro se vuelve funci\u00f3n.\u00a0 <\/strong><\/p>\n<p><strong>Si desaparece la contemplaci\u00f3n, <\/strong><\/p>\n<p><strong>el mundo se vuelve escenario.<\/strong><\/p>\n<p>&nbsp;<\/p>\n<p>Ya no vemos personas,<\/p>\n<p>sino papeles.<\/p>\n<p>Ya no vemos hechos,<\/p>\n<p>sino ruido.<\/p>\n<p>Ya no vemos rostros,<\/p>\n<p>sino superficies.<\/p>\n<p>&nbsp;<\/p>\n<p>Y as\u00ed, poco a poco, las relaciones se enfr\u00edan.<\/p>\n<p><strong>Falta presencia. <\/strong><\/p>\n<p>La mirada se ausenta o se desgasta.<\/p>\n<p>Y una mirada gastada no puede sostener el respeto.<\/p>\n<p>&nbsp;<\/p>\n<p>La primera forma justa de ver es la mirada del que tiene <strong>algo\/alguien<\/strong> por descubrir.<\/p>\n<p><strong>No es una met\u00e1fora. <\/strong><\/p>\n<p>Es una verdad moral.<\/p>\n<p>No se puede amar lo que se atraviesa de paso.<\/p>\n<p>No se puede comprender a nadie, si antes lo hemos reducido a una funci\u00f3n, o una etiqueta.<\/p>\n<p><iframe title=\"Spotify Embed: La sociedad del cansancio\" style=\"border-radius: 12px\" width=\"100%\" height=\"152\" frameborder=\"0\" allowfullscreen allow=\"autoplay; clipboard-write; encrypted-media; fullscreen; picture-in-picture\" loading=\"lazy\" src=\"https:\/\/open.spotify.com\/embed\/episode\/2Kzyri0g7rJBRfNBvFhK9C?si=6fb3d433c67e4acd&amp;utm_source=oembed\"><\/iframe><\/p>\n<p><strong>Por eso la contemplaci\u00f3n no es evasi\u00f3n.\u00a0 <\/strong><\/p>\n<p><strong>Es disciplina<\/strong>. Es orden, jerarqu\u00eda.<\/p>\n<p>Pide menos prisa, menos ruido interior.<\/p>\n<p>Pide algo m\u00e1s dif\u00edcil: permanecer.<\/p>\n<p><strong>Permanecer<\/strong><\/p>\n<p>Ante la duda.<\/p>\n<p>Ante un rostro que interroga.<\/p>\n<p>Ante el dolor.<\/p>\n<p>Ante lo descubierto.<\/p>\n<div id=\"v-zhvZApSy-1\" class=\"video-player\"><iframe title='Reproductor de video VideoPress' aria-label='Reproductor de video VideoPress' width='224' height='400' src='https:\/\/videopress.com\/embed\/zhvZApSy?hd=1&amp;cover=1&amp;loop=0&amp;autoPlay=0&amp;permalink=1&amp;muted=0&amp;controls=1&amp;playsinline=0&amp;useAverageColor=0&amp;preloadContent=metadata' frameborder='0' allowfullscreen data-resize-to-parent=\"true\" allow='clipboard-write'><\/iframe><script src='https:\/\/s0.wp.com\/wp-content\/plugins\/video\/assets\/js\/next\/videopress-iframe.js'><\/script><\/div>\n<p>Surge la sabidur\u00eda de no devorar la experiencia.<\/p>\n<p>Porque todo se degrada reducido a consumible:<\/p>\n<ul>\n<li>La capacidad de reconocer lo valioso.<\/li>\n<li>La vida interior.<\/li>\n<li>Las relaciones<\/li>\n<\/ul>\n<p>Todo puede ser banal o decisivo.<\/p>\n<p>Todo depende de c\u00f3mo se mire.<\/p>\n<p>Aqu\u00ed est\u00e1 el giro decisivo.<\/p>\n<p>El asombro no solo embellece la vida.<\/p>\n<p>La endereza.<\/p>\n<p>Porque quien se asombra,<\/p>\n<p>reconoce que no todo le pertenece.<\/p>\n<p>Y quien contempla<\/p>\n<p>aprende a no devorar la realidad&#8230;<\/p>\n<p>&nbsp;<\/p>\n<p>Esta forma de existir<\/p>\n<ol>\n<li><strong>Cambia<\/strong><strong> la manera de trabajar<\/strong>:<\/li>\n<\/ol>\n<p>El trabajo deja de ser solo rendimiento<\/p>\n<p>y vuelve a ser servicio, forma, cuidado.<\/p>\n<ol start=\"2\">\n<li><strong>Cambia la manera de escuchar<\/strong>:<\/li>\n<\/ol>\n<p>El otro deja de ser un medio y recupera su peso propio.<\/p>\n<ol start=\"3\">\n<li><strong>Cambia la manera de sufrir: <\/strong><\/li>\n<\/ol>\n<p>El dolor deja de ser un fallo del sistema y se convierte en un lugar habitado.<\/p>\n<ol start=\"4\">\n<li><strong>Cambia incluso la relaci\u00f3n con uno mismo<\/strong>:<\/li>\n<\/ol>\n<p>El yo deja de ser un proyecto narcisista y empieza a ser una responsabilidad<\/p>\n<p>indelegable.<\/p>\n<p><strong>\u00a0<\/strong><\/p>\n<p><strong>\u00a0<\/strong><\/p>\n<p><strong>EL ASOMBRO ENSANCHA.<\/strong><\/p>\n<p><strong>LA CONTEMPLACI\u00d3N ORDENA.<\/strong><\/p>\n<p>Existe otra dimensi\u00f3n en nuestra realidad:<\/p>\n<ul>\n<li>una densidad que no se deja reducir.<\/li>\n<li>Una belleza que no se deja poseer.<\/li>\n<li>Una verdad que solo aparece con el respeto.<\/li>\n<\/ul>\n<p>&nbsp;<\/p>\n<p>Quiz\u00e1 el problema de fondo no es que no veamos.<\/p>\n<p>Quiz\u00e1 el problema es que hemos dejado de mirar.<\/p>\n<p>&nbsp;<\/p>\n<p><strong>EL ASOMBRO ES LA PRIMERA CORTES\u00cdA DEL ALMA.<\/strong><\/p>\n<p><strong>LA CONTEMPLACI\u00d3N, SU FORMA M\u00c1S MADURA DE RESPETO.<\/strong><\/p>\n<p>Y cuando una persona recupera esa mirada, pasa por la realidad honr\u00e1ndola.<\/p>\n<p><img loading=\"lazy\" decoding=\"async\" class=\"size-full wp-image-167957 alignnone\" src=\"https:\/\/exaudi.org\/wp-content\/uploads\/2026\/04\/WhatsApp-Image-2026-04-24-at-09.56.10.jpeg\" alt=\"\" width=\"2048\" height=\"2048\" srcset=\"https:\/\/exaudi.org\/wp-content\/uploads\/2026\/04\/WhatsApp-Image-2026-04-24-at-09.56.10.jpeg 2048w, https:\/\/exaudi.org\/wp-content\/uploads\/2026\/04\/WhatsApp-Image-2026-04-24-at-09.56.10-300x300.jpeg 300w, https:\/\/exaudi.org\/wp-content\/uploads\/2026\/04\/WhatsApp-Image-2026-04-24-at-09.56.10-1024x1024.jpeg 1024w, https:\/\/exaudi.org\/wp-content\/uploads\/2026\/04\/WhatsApp-Image-2026-04-24-at-09.56.10-100x100.jpeg?crop=1 100w, https:\/\/exaudi.org\/wp-content\/uploads\/2026\/04\/WhatsApp-Image-2026-04-24-at-09.56.10-770x770.jpeg 770w, https:\/\/exaudi.org\/wp-content\/uploads\/2026\/04\/WhatsApp-Image-2026-04-24-at-09.56.10-1536x1536.jpeg 1536w, https:\/\/exaudi.org\/wp-content\/uploads\/2026\/04\/WhatsApp-Image-2026-04-24-at-09.56.10-500x500.jpeg 500w\" sizes=\"auto, (max-width: 2048px) 100vw, 2048px\" \/><\/p>\n","protected":false},"excerpt":{"rendered":"<p>El asombro no es ingenuidad. Es di\u00e1logo interior<\/p>\n","protected":false},"author":164,"featured_media":167996,"comment_status":"closed","ping_status":"closed","sticky":false,"template":"","format":"standard","meta":{"_acf_changed":false,"_crdt_document":"","inline_featured_image":false,"footnotes":""},"categories":[130],"tags":[110275,15214,14732,29477,1606,15371,18116,23026,11278,25525,110274,28461,63637,7253,47034,58880,11092,3934],"class_list":["post-167950","post","type-post","status-publish","format-standard","has-post-thumbnail","hentry","category-voces","tag-conciencia-de-uno-mismo","tag-crecimiento-espiritual","tag-desarrollo-personal","tag-equilibrio-emocional","tag-exaudi","tag-fe-catolica","tag-formacion-espiritual","tag-integridad","tag-madurez","tag-plenitud","tag-proceso-de-vida","tag-reflexion-cristiana","tag-rosa-montenegro","tag-sabiduria","tag-superacion","tag-trending-es-151","tag-vida-interior","tag-virtudes"],"acf":[],"yoast_head":"<!-- This site is optimized with the Yoast SEO plugin v27.5 - https:\/\/yoast.com\/product\/yoast-seo-wordpress\/ -->\n<title>La madurez tiene coraz\u00f3n de ni\u00f1o &#8211; Exaudi<\/title>\n<meta name=\"robots\" content=\"index, follow, max-snippet:-1, max-image-preview:large, max-video-preview:-1\" \/>\n<link rel=\"canonical\" href=\"https:\/\/exaudi.org\/es\/la-madurez\/\" \/>\n<meta property=\"og:locale\" content=\"es_ES\" \/>\n<meta property=\"og:type\" content=\"article\" \/>\n<meta property=\"og:title\" content=\"La madurez tiene coraz\u00f3n de ni\u00f1o &#8211; Exaudi\" \/>\n<meta property=\"og:description\" content=\"El asombro no es ingenuidad. Es di\u00e1logo interior\" \/>\n<meta property=\"og:url\" content=\"https:\/\/exaudi.org\/es\/la-madurez\/\" \/>\n<meta property=\"og:site_name\" content=\"Exaudi\" \/>\n<meta property=\"article:publisher\" content=\"https:\/\/www.facebook.com\/ExaudiNews\" \/>\n<meta property=\"article:author\" content=\"https:\/\/www.facebook.com\/metaforasenrosa\/\" \/>\n<meta property=\"article:published_time\" content=\"2026-04-27T06:30:23+00:00\" \/>\n<meta property=\"og:image\" content=\"https:\/\/exaudi.org\/wp-content\/uploads\/2021\/04\/WhatsApp-Image-2026-04-24-at-11.03.29.jpeg\" \/>\n\t<meta property=\"og:image:width\" content=\"922\" \/>\n\t<meta property=\"og:image:height\" content=\"586\" \/>\n\t<meta property=\"og:image:type\" content=\"image\/jpeg\" \/>\n<meta name=\"author\" content=\"Rosa Montenegro\" \/>\n<meta name=\"twitter:card\" content=\"summary_large_image\" \/>\n<meta name=\"twitter:creator\" content=\"@coachingalicia\" \/>\n<meta name=\"twitter:site\" content=\"@Exaudi_News\" \/>\n<meta name=\"twitter:label1\" content=\"Escrito por\" \/>\n\t<meta name=\"twitter:data1\" content=\"Rosa Montenegro\" \/>\n\t<meta name=\"twitter:label2\" content=\"Tiempo de lectura\" \/>\n\t<meta name=\"twitter:data2\" content=\"5 minutos\" \/>\n<script type=\"application\/ld+json\" class=\"yoast-schema-graph\">{\"@context\":\"https:\\\/\\\/schema.org\",\"@graph\":[{\"@type\":\"Article\",\"@id\":\"https:\\\/\\\/exaudi.org\\\/es\\\/la-madurez\\\/#article\",\"isPartOf\":{\"@id\":\"https:\\\/\\\/exaudi.org\\\/es\\\/la-madurez\\\/\"},\"author\":{\"name\":\"Rosa Montenegro\",\"@id\":\"https:\\\/\\\/exaudi.org\\\/#\\\/schema\\\/person\\\/85388ea135d433877a2634f921d5567c\"},\"headline\":\"La madurez tiene coraz\u00f3n de ni\u00f1o\",\"datePublished\":\"2026-04-27T06:30:23+00:00\",\"mainEntityOfPage\":{\"@id\":\"https:\\\/\\\/exaudi.org\\\/es\\\/la-madurez\\\/\"},\"wordCount\":982,\"image\":{\"@id\":\"https:\\\/\\\/exaudi.org\\\/es\\\/la-madurez\\\/#primaryimage\"},\"thumbnailUrl\":\"https:\\\/\\\/exaudi.org\\\/wp-content\\\/uploads\\\/2021\\\/04\\\/WhatsApp-Image-2026-04-24-at-11.03.29.jpeg\",\"keywords\":[\"conciencia de uno mismo\",\"crecimiento espiritual\",\"Desarrollo personal\",\"equilibrio emocional\",\"Exaudi\",\"Fe cat\u00f3lica\",\"formaci\u00f3n espiritual\",\"Integridad\",\"madurez\",\"plenitud\",\"proceso de vida\",\"reflexi\u00f3n cristiana\",\"Rosa Montenegro\",\"Sabidur\u00eda\",\"superaci\u00f3n\",\"Trending\",\"Vida Interior\",\"Virtudes\"],\"articleSection\":[\"Voces\"],\"inLanguage\":\"es\"},{\"@type\":\"WebPage\",\"@id\":\"https:\\\/\\\/exaudi.org\\\/es\\\/la-madurez\\\/\",\"url\":\"https:\\\/\\\/exaudi.org\\\/es\\\/la-madurez\\\/\",\"name\":\"La madurez tiene coraz\u00f3n de ni\u00f1o &#8211; Exaudi\",\"isPartOf\":{\"@id\":\"https:\\\/\\\/exaudi.org\\\/#website\"},\"primaryImageOfPage\":{\"@id\":\"https:\\\/\\\/exaudi.org\\\/es\\\/la-madurez\\\/#primaryimage\"},\"image\":{\"@id\":\"https:\\\/\\\/exaudi.org\\\/es\\\/la-madurez\\\/#primaryimage\"},\"thumbnailUrl\":\"https:\\\/\\\/exaudi.org\\\/wp-content\\\/uploads\\\/2021\\\/04\\\/WhatsApp-Image-2026-04-24-at-11.03.29.jpeg\",\"datePublished\":\"2026-04-27T06:30:23+00:00\",\"author\":{\"@id\":\"https:\\\/\\\/exaudi.org\\\/#\\\/schema\\\/person\\\/85388ea135d433877a2634f921d5567c\"},\"breadcrumb\":{\"@id\":\"https:\\\/\\\/exaudi.org\\\/es\\\/la-madurez\\\/#breadcrumb\"},\"inLanguage\":\"es\",\"potentialAction\":[{\"@type\":\"ReadAction\",\"target\":[\"https:\\\/\\\/exaudi.org\\\/es\\\/la-madurez\\\/\"]}]},{\"@type\":\"ImageObject\",\"inLanguage\":\"es\",\"@id\":\"https:\\\/\\\/exaudi.org\\\/es\\\/la-madurez\\\/#primaryimage\",\"url\":\"https:\\\/\\\/exaudi.org\\\/wp-content\\\/uploads\\\/2021\\\/04\\\/WhatsApp-Image-2026-04-24-at-11.03.29.jpeg\",\"contentUrl\":\"https:\\\/\\\/exaudi.org\\\/wp-content\\\/uploads\\\/2021\\\/04\\\/WhatsApp-Image-2026-04-24-at-11.03.29.jpeg\",\"width\":922,\"height\":586},{\"@type\":\"BreadcrumbList\",\"@id\":\"https:\\\/\\\/exaudi.org\\\/es\\\/la-madurez\\\/#breadcrumb\",\"itemListElement\":[{\"@type\":\"ListItem\",\"position\":1,\"name\":\"Portada\",\"item\":\"https:\\\/\\\/exaudi.org\\\/es\\\/\"},{\"@type\":\"ListItem\",\"position\":2,\"name\":\"La madurez tiene coraz\u00f3n de ni\u00f1o\"}]},{\"@type\":\"WebSite\",\"@id\":\"https:\\\/\\\/exaudi.org\\\/#website\",\"url\":\"https:\\\/\\\/exaudi.org\\\/\",\"name\":\"Exaudi\",\"description\":\"News\",\"potentialAction\":[{\"@type\":\"SearchAction\",\"target\":{\"@type\":\"EntryPoint\",\"urlTemplate\":\"https:\\\/\\\/exaudi.org\\\/?s={search_term_string}\"},\"query-input\":{\"@type\":\"PropertyValueSpecification\",\"valueRequired\":true,\"valueName\":\"search_term_string\"}}],\"inLanguage\":\"es\"},{\"@type\":\"Person\",\"@id\":\"https:\\\/\\\/exaudi.org\\\/#\\\/schema\\\/person\\\/85388ea135d433877a2634f921d5567c\",\"name\":\"Rosa Montenegro\",\"image\":{\"@type\":\"ImageObject\",\"inLanguage\":\"es\",\"@id\":\"https:\\\/\\\/secure.gravatar.com\\\/avatar\\\/0fc49e154ba2f960002488bc6c90128a74660ddaabe7e2096076c8659f3d49fa?s=96&d=mm&r=g\",\"url\":\"https:\\\/\\\/secure.gravatar.com\\\/avatar\\\/0fc49e154ba2f960002488bc6c90128a74660ddaabe7e2096076c8659f3d49fa?s=96&d=mm&r=g\",\"contentUrl\":\"https:\\\/\\\/secure.gravatar.com\\\/avatar\\\/0fc49e154ba2f960002488bc6c90128a74660ddaabe7e2096076c8659f3d49fa?s=96&d=mm&r=g\",\"caption\":\"Rosa Montenegro\"},\"description\":\"Pedagoga, orientadora familiar (UNAV) y autora del libro \u201cEl yo y sus met\u00e1foras\u201d libro de antropolog\u00eda para gente sencilla. Con una extensa experiencia internacional en asesoramiento, formaci\u00f3n y coaching, acompa\u00f1a procesos de reconstrucci\u00f3n personal y promueve el fortalecimiento de la identidad desde un enfoque humanista y transformador.\",\"sameAs\":[\"https:\\\/\\\/metaforasenrosa.com\\\/\",\"https:\\\/\\\/www.facebook.com\\\/metaforasenrosa\\\/\",\"https:\\\/\\\/www.instagram.com\\\/metaforasenrosa\\\/\",\"https:\\\/\\\/x.com\\\/coachingalicia\"],\"url\":\"https:\\\/\\\/exaudi.org\\\/es\\\/author\\\/rosa-montenegro\\\/\"}]}<\/script>\n<!-- \/ Yoast SEO plugin. -->","yoast_head_json":{"title":"La madurez tiene coraz\u00f3n de ni\u00f1o &#8211; Exaudi","robots":{"index":"index","follow":"follow","max-snippet":"max-snippet:-1","max-image-preview":"max-image-preview:large","max-video-preview":"max-video-preview:-1"},"canonical":"https:\/\/exaudi.org\/es\/la-madurez\/","og_locale":"es_ES","og_type":"article","og_title":"La madurez tiene coraz\u00f3n de ni\u00f1o &#8211; Exaudi","og_description":"El asombro no es ingenuidad. Es di\u00e1logo interior","og_url":"https:\/\/exaudi.org\/es\/la-madurez\/","og_site_name":"Exaudi","article_publisher":"https:\/\/www.facebook.com\/ExaudiNews","article_author":"https:\/\/www.facebook.com\/metaforasenrosa\/","article_published_time":"2026-04-27T06:30:23+00:00","og_image":[{"width":922,"height":586,"url":"https:\/\/exaudi.org\/wp-content\/uploads\/2021\/04\/WhatsApp-Image-2026-04-24-at-11.03.29.jpeg","type":"image\/jpeg"}],"author":"Rosa Montenegro","twitter_card":"summary_large_image","twitter_creator":"@coachingalicia","twitter_site":"@Exaudi_News","twitter_misc":{"Escrito por":"Rosa Montenegro","Tiempo de lectura":"5 minutos"},"schema":{"@context":"https:\/\/schema.org","@graph":[{"@type":"Article","@id":"https:\/\/exaudi.org\/es\/la-madurez\/#article","isPartOf":{"@id":"https:\/\/exaudi.org\/es\/la-madurez\/"},"author":{"name":"Rosa Montenegro","@id":"https:\/\/exaudi.org\/#\/schema\/person\/85388ea135d433877a2634f921d5567c"},"headline":"La madurez tiene coraz\u00f3n de ni\u00f1o","datePublished":"2026-04-27T06:30:23+00:00","mainEntityOfPage":{"@id":"https:\/\/exaudi.org\/es\/la-madurez\/"},"wordCount":982,"image":{"@id":"https:\/\/exaudi.org\/es\/la-madurez\/#primaryimage"},"thumbnailUrl":"https:\/\/exaudi.org\/wp-content\/uploads\/2021\/04\/WhatsApp-Image-2026-04-24-at-11.03.29.jpeg","keywords":["conciencia de uno mismo","crecimiento espiritual","Desarrollo personal","equilibrio emocional","Exaudi","Fe cat\u00f3lica","formaci\u00f3n espiritual","Integridad","madurez","plenitud","proceso de vida","reflexi\u00f3n cristiana","Rosa Montenegro","Sabidur\u00eda","superaci\u00f3n","Trending","Vida Interior","Virtudes"],"articleSection":["Voces"],"inLanguage":"es"},{"@type":"WebPage","@id":"https:\/\/exaudi.org\/es\/la-madurez\/","url":"https:\/\/exaudi.org\/es\/la-madurez\/","name":"La madurez tiene coraz\u00f3n de ni\u00f1o &#8211; Exaudi","isPartOf":{"@id":"https:\/\/exaudi.org\/#website"},"primaryImageOfPage":{"@id":"https:\/\/exaudi.org\/es\/la-madurez\/#primaryimage"},"image":{"@id":"https:\/\/exaudi.org\/es\/la-madurez\/#primaryimage"},"thumbnailUrl":"https:\/\/exaudi.org\/wp-content\/uploads\/2021\/04\/WhatsApp-Image-2026-04-24-at-11.03.29.jpeg","datePublished":"2026-04-27T06:30:23+00:00","author":{"@id":"https:\/\/exaudi.org\/#\/schema\/person\/85388ea135d433877a2634f921d5567c"},"breadcrumb":{"@id":"https:\/\/exaudi.org\/es\/la-madurez\/#breadcrumb"},"inLanguage":"es","potentialAction":[{"@type":"ReadAction","target":["https:\/\/exaudi.org\/es\/la-madurez\/"]}]},{"@type":"ImageObject","inLanguage":"es","@id":"https:\/\/exaudi.org\/es\/la-madurez\/#primaryimage","url":"https:\/\/exaudi.org\/wp-content\/uploads\/2021\/04\/WhatsApp-Image-2026-04-24-at-11.03.29.jpeg","contentUrl":"https:\/\/exaudi.org\/wp-content\/uploads\/2021\/04\/WhatsApp-Image-2026-04-24-at-11.03.29.jpeg","width":922,"height":586},{"@type":"BreadcrumbList","@id":"https:\/\/exaudi.org\/es\/la-madurez\/#breadcrumb","itemListElement":[{"@type":"ListItem","position":1,"name":"Portada","item":"https:\/\/exaudi.org\/es\/"},{"@type":"ListItem","position":2,"name":"La madurez tiene coraz\u00f3n de ni\u00f1o"}]},{"@type":"WebSite","@id":"https:\/\/exaudi.org\/#website","url":"https:\/\/exaudi.org\/","name":"Exaudi","description":"News","potentialAction":[{"@type":"SearchAction","target":{"@type":"EntryPoint","urlTemplate":"https:\/\/exaudi.org\/?s={search_term_string}"},"query-input":{"@type":"PropertyValueSpecification","valueRequired":true,"valueName":"search_term_string"}}],"inLanguage":"es"},{"@type":"Person","@id":"https:\/\/exaudi.org\/#\/schema\/person\/85388ea135d433877a2634f921d5567c","name":"Rosa Montenegro","image":{"@type":"ImageObject","inLanguage":"es","@id":"https:\/\/secure.gravatar.com\/avatar\/0fc49e154ba2f960002488bc6c90128a74660ddaabe7e2096076c8659f3d49fa?s=96&d=mm&r=g","url":"https:\/\/secure.gravatar.com\/avatar\/0fc49e154ba2f960002488bc6c90128a74660ddaabe7e2096076c8659f3d49fa?s=96&d=mm&r=g","contentUrl":"https:\/\/secure.gravatar.com\/avatar\/0fc49e154ba2f960002488bc6c90128a74660ddaabe7e2096076c8659f3d49fa?s=96&d=mm&r=g","caption":"Rosa Montenegro"},"description":"Pedagoga, orientadora familiar (UNAV) y autora del libro \u201cEl yo y sus met\u00e1foras\u201d libro de antropolog\u00eda para gente sencilla. Con una extensa experiencia internacional en asesoramiento, formaci\u00f3n y coaching, acompa\u00f1a procesos de reconstrucci\u00f3n personal y promueve el fortalecimiento de la identidad desde un enfoque humanista y transformador.","sameAs":["https:\/\/metaforasenrosa.com\/","https:\/\/www.facebook.com\/metaforasenrosa\/","https:\/\/www.instagram.com\/metaforasenrosa\/","https:\/\/x.com\/coachingalicia"],"url":"https:\/\/exaudi.org\/es\/author\/rosa-montenegro\/"}]}},"jetpack_featured_media_url":"https:\/\/exaudi.org\/wp-content\/uploads\/2021\/04\/WhatsApp-Image-2026-04-24-at-11.03.29.jpeg","jetpack_shortlink":"https:\/\/wp.me\/pgKjF2-HGS","_links":{"self":[{"href":"https:\/\/exaudi.org\/es\/wp-json\/wp\/v2\/posts\/167950","targetHints":{"allow":["GET"]}}],"collection":[{"href":"https:\/\/exaudi.org\/es\/wp-json\/wp\/v2\/posts"}],"about":[{"href":"https:\/\/exaudi.org\/es\/wp-json\/wp\/v2\/types\/post"}],"author":[{"embeddable":true,"href":"https:\/\/exaudi.org\/es\/wp-json\/wp\/v2\/users\/164"}],"replies":[{"embeddable":true,"href":"https:\/\/exaudi.org\/es\/wp-json\/wp\/v2\/comments?post=167950"}],"version-history":[{"count":10,"href":"https:\/\/exaudi.org\/es\/wp-json\/wp\/v2\/posts\/167950\/revisions"}],"predecessor-version":[{"id":167956,"href":"https:\/\/exaudi.org\/es\/wp-json\/wp\/v2\/posts\/167950\/revisions\/167956"}],"wp:featuredmedia":[{"embeddable":true,"href":"https:\/\/exaudi.org\/es\/wp-json\/wp\/v2\/media\/167996"}],"wp:attachment":[{"href":"https:\/\/exaudi.org\/es\/wp-json\/wp\/v2\/media?parent=167950"}],"wp:term":[{"taxonomy":"category","embeddable":true,"href":"https:\/\/exaudi.org\/es\/wp-json\/wp\/v2\/categories?post=167950"},{"taxonomy":"post_tag","embeddable":true,"href":"https:\/\/exaudi.org\/es\/wp-json\/wp\/v2\/tags?post=167950"}],"curies":[{"name":"wp","href":"https:\/\/api.w.org\/{rel}","templated":true}]}}