{"id":167932,"date":"2026-04-24T10:00:57","date_gmt":"2026-04-24T08:00:57","guid":{"rendered":"https:\/\/exaudi.org\/?p=167932"},"modified":"2026-04-23T21:38:11","modified_gmt":"2026-04-23T19:38:11","slug":"el-cuerpo-como-espejo-del-alma","status":"publish","type":"post","link":"https:\/\/exaudi.org\/es\/el-cuerpo-como-espejo-del-alma\/","title":{"rendered":"El cuerpo como espejo del alma"},"content":{"rendered":"<p>La medicina contempor\u00e1nea se encuentra hoy en una encrucijada en la que la eficacia t\u00e9cnica parece haber eclipsado la profundidad del acto sanador. A menudo, el brillo de los avances tecnol\u00f3gicos y la precisi\u00f3n de los nuevos f\u00e1rmacos nos deslumbran tanto que terminamos viendo al paciente no como un semejante, sino como un conjunto de procesos biol\u00f3gicos que funcionan de forma mec\u00e1nica. Si algo falla, buscamos la pieza da\u00f1ada para repararla o sustituirla, olvidando que el ser humano no es una m\u00e1quina, sino una unidad indisoluble de cuerpo y esp\u00edritu. Esta visi\u00f3n t\u00e9cnica, aunque necesaria para el progreso, ha generado una fractura en nuestra cultura m\u00e9dica, donde el cuerpo se somete a leyes f\u00edsicas y lo espiritual, lo ps\u00edquico y lo emocional quedan relegados a un plano secundario, casi opcional. Es urgente recuperar una visi\u00f3n que supere este utilitarismo y devuelva al m\u00e9dico su papel de verdadero sanador, alguien capaz de mirar m\u00e1s all\u00e1 del s\u00edntoma y comprender que la enfermedad es, muchas veces, un lenguaje que debemos aprender a descifrar para llegar al centro de la persona.<\/p>\n<p><iframe title=\"Spotify Embed: El cuerpo como espejo del alma\" style=\"border-radius: 12px\" width=\"100%\" height=\"152\" frameborder=\"0\" allowfullscreen allow=\"autoplay; clipboard-write; encrypted-media; fullscreen; picture-in-picture\" loading=\"lazy\" src=\"https:\/\/open.spotify.com\/embed\/episode\/2VlKVyD0MQJecD1ZSoLyQQ?si=2e4a8952611e4d06&amp;utm_source=oembed\"><\/iframe><\/p>\n<p>Para comprender esta unidad esencial, debemos recordar que el dolor nunca es un evento puramente f\u00edsico que ocurre en el vac\u00edo. Desde los or\u00edgenes de la sanaci\u00f3n, se ha comprendido que la palabra y la presencia tienen un peso real en la biolog\u00eda de quien sufre. La voz y el gesto del m\u00e9dico son herramientas fundamentales que influyen directamente en la respuesta del paciente. Hoy sabemos con certeza que el impacto del mundo interior en nuestra fisiolog\u00eda es tan potente que factores psicol\u00f3gicos extremos o crisis vitales pueden desencadenar colapsos f\u00edsicos reales y medibles. La creencia, el miedo y la esperanza no son abstracciones, sino fuerzas biol\u00f3gicas capaces de alterar el ritmo del coraz\u00f3n o la respuesta de nuestras defensas. Esto otorga al profesional de la salud una responsabilidad que va mucho m\u00e1s all\u00e1 de la simple prescripci\u00f3n de sustancias qu\u00edmicas: le exige ser una persona de s\u00f3lidos principios humanos que reconozca que su intervenci\u00f3n se realiza sobre un misterio que no se agota en un diagn\u00f3stico de laboratorio.<\/p>\n<p>Esta interdependencia nos ense\u00f1a que la dimensi\u00f3n f\u00edsica y la dimensi\u00f3n interior est\u00e1n tan estrechamente unidas que constituyen una sola identidad. El desorden en una de estas \u00e1reas conlleva con frecuencia la alteraci\u00f3n de las dem\u00e1s. La paz interior y el equilibrio emocional generan una armon\u00eda que beneficia directamente al organismo, mientras que el sufrimiento silenciado o el conflicto ignorado termina, inevitablemente, por enfermar la carne. La salud, por tanto, no es simplemente la ausencia de una patolog\u00eda en un \u00f3rgano determinado, sino un estado de armon\u00eda integral en el que el cuerpo act\u00faa como espejo de lo que sucede en la profundidad del ser. Por ello, quien busca sanar una dolencia corporal debe estar dispuesto a mirar tambi\u00e9n hacia su ra\u00edz interna, y el m\u00e9dico debe tener la sabidur\u00eda necesaria para guiar ese proceso, aplicando la ciencia no como una receta fr\u00eda, sino como un arte que se adapta a la realidad \u00fanica de cada vida.<\/p>\n<p>Frente a la fragmentaci\u00f3n actual, es necesario que el profesional de la salud cultive la capacidad de ver al hombre de manera hol\u00edstica. No podemos seguir ejerciendo desde atalayas distantes, protegidos por la frialdad de los protocolos, sino que debemos sumergirnos en la humanidad m\u00e1s real del paciente, conociendo su entorno, su cultura y su historia cotidiana. El car\u00e1cter de una persona y su forma de enfrentar la vida determinan, en gran medida, la forma en que su cuerpo expresa el malestar. La formaci\u00f3n m\u00e9dica, por tanto, no puede limitarse a acumular datos t\u00e9cnicos, sino que debe estar sustentada en una visi\u00f3n que entienda que el cuerpo es la manifestaci\u00f3n externa de una vida interior que lo anima y le da sentido. Cada individuo posee una misi\u00f3n \u00fanica y un valor absoluto que proteger, y humanizar la atenci\u00f3n significa, precisamente, reconocer esa dignidad trascendente en cada encuentro cl\u00ednico.<\/p>\n<p>Un ejemplo claro de esta unidad se observa en aquellas patolog\u00edas que hoy afectan a una gran parte de la poblaci\u00f3n, como los trastornos digestivos cr\u00f3nicos o las enfermedades del sistema inmunitario, cuyas causas no pueden ser respondidas con los ex\u00e1menes actuales o la forma t\u00e9cnica de atender el cuerpo. En muchos de estos casos, el malestar no es m\u00e1s que una respuesta del cuerpo ante lo que podr\u00edamos llamar un \u00abnudo vital\u00bb. Este nudo representa un conflicto profundo, una herida en la biograf\u00eda del paciente o un sufrimiento antiguo que no ha sido resuelto y que termina manifest\u00e1ndose a trav\u00e9s de procesos inflamatorios o alteraciones funcionales. Tratar estas afecciones \u00fanicamente con f\u00e1rmacos es silenciar la voz del cuerpo sin escuchar su mensaje; es un abordaje incompleto que deja al paciente expuesto a que el s\u00edntoma regrese, porque la crisis que le dio origen sigue activa y callada en su interior. Sanar requiere, entonces, el valor de desamarrar ese nudo, integrando la atenci\u00f3n f\u00edsica con la escucha del esp\u00edritu. Recordemos siempre que, a diferencia de otras especies, el ser humano no tiene historia: es biograf\u00eda:\u00a0 un c\u00famulo de experiencias que hablan de la persona como un ser en relaci\u00f3n, que se abre al mundo y a los otros, y cuya sanaci\u00f3n va de la mano de conocer y acompa\u00f1ar en esa biograf\u00eda, en esa vida.<\/p>\n<p>En definitiva, la medicina debe impregnarse de una visi\u00f3n que reconozca al ser humano como un todo, cuya vida tiene un valor incalculable desde su inicio. La sanaci\u00f3n aut\u00e9ntica consiste en devolver a la persona la armon\u00eda con su propia verdad para que pueda recuperar su proyecto de vida. Si nos limitamos a ser operarios que resuelven problemas t\u00e9cnicos, estaremos fallando en nuestra vocaci\u00f3n m\u00e1s profunda. Hoy, cuando los esfuerzos parecen centrarse exclusivamente en lo material y lo tecnol\u00f3gico, se echa de menos una atenci\u00f3n que considere al hombre en su integridad. Necesitamos una pr\u00e1ctica que no se conforme con tratar enfermedades, sino que busque sanar personas, cumpliendo con la promesa hecha al aceptar el c\u00f3digo hipocr\u00e1tico. Solo a trav\u00e9s de este encuentro humano y sincero, donde la ciencia se pone al servicio del misterio de la vida, podremos devolver a la medicina su verdadera grandeza y su capacidad de transformar la existencia de quienes sufren.<\/p>\n<p><img loading=\"lazy\" decoding=\"async\" class=\"size-full wp-image-167938 alignnone\" src=\"https:\/\/exaudi.org\/wp-content\/uploads\/2026\/04\/voces-7.jpg\" alt=\"\" width=\"940\" height=\"788\" srcset=\"https:\/\/exaudi.org\/wp-content\/uploads\/2026\/04\/voces-7.jpg 940w, https:\/\/exaudi.org\/wp-content\/uploads\/2026\/04\/voces-7-300x251.jpg 300w, https:\/\/exaudi.org\/wp-content\/uploads\/2026\/04\/voces-7-770x645.jpg 770w, https:\/\/exaudi.org\/wp-content\/uploads\/2026\/04\/voces-7-500x419.jpg 500w\" sizes=\"auto, (max-width: 940px) 100vw, 940px\" \/><\/p>\n","protected":false},"excerpt":{"rendered":"<p>Hacia una Medicina de la Persona<\/p>\n","protected":false},"author":114,"featured_media":167934,"comment_status":"closed","ping_status":"closed","sticky":false,"template":"","format":"standard","meta":{"_acf_changed":false,"_crdt_document":"","inline_featured_image":false,"footnotes":""},"categories":[130],"tags":[110267,110270,110271,110272,110269,25133,50856,7881,110268,110263,25142,102505,110273,80092,26118,25145,110266,58880,110264,110265],"class_list":["post-167932","post","type-post","status-publish","format-standard","has-post-thumbnail","hentry","category-voces","tag-acto-sanador","tag-armonia-corporal","tag-biografia-humana","tag-codigo-hipocratico","tag-dimension-interior","tag-etica-medica","tag-humanizacion-de-la-medicina","tag-mario-j-paredes","tag-medicina-contemporanea","tag-medicina-de-la-persona","tag-medicina-humanista","tag-misterio-de-la-vida","tag-nudo-vital","tag-relacion-medico-paciente","tag-salud-emocional","tag-salud-integral","tag-sanacion-autentica","tag-trending-es-151","tag-unidad-cuerpo-y-espiritu","tag-vision-holistica"],"acf":[],"yoast_head":"<!-- This site is optimized with the Yoast SEO plugin v27.5 - https:\/\/yoast.com\/product\/yoast-seo-wordpress\/ -->\n<title>El cuerpo como espejo del alma &#8211; Exaudi<\/title>\n<meta name=\"robots\" content=\"index, follow, max-snippet:-1, max-image-preview:large, max-video-preview:-1\" \/>\n<link rel=\"canonical\" href=\"https:\/\/exaudi.org\/es\/el-cuerpo-como-espejo-del-alma\/\" \/>\n<meta property=\"og:locale\" content=\"es_ES\" \/>\n<meta property=\"og:type\" content=\"article\" \/>\n<meta property=\"og:title\" content=\"El cuerpo como espejo del alma &#8211; Exaudi\" \/>\n<meta property=\"og:description\" content=\"Hacia una Medicina de la Persona\" \/>\n<meta property=\"og:url\" content=\"https:\/\/exaudi.org\/es\/el-cuerpo-como-espejo-del-alma\/\" \/>\n<meta property=\"og:site_name\" content=\"Exaudi\" \/>\n<meta property=\"article:publisher\" content=\"https:\/\/www.facebook.com\/ExaudiNews\" \/>\n<meta property=\"article:author\" content=\"https:\/\/www.facebook.com\/SOMOSCommunityCare\/\" \/>\n<meta property=\"article:published_time\" content=\"2026-04-24T08:00:57+00:00\" \/>\n<meta property=\"og:image\" content=\"https:\/\/exaudi.org\/wp-content\/uploads\/2026\/04\/Gemini_Generated_Image_8juubz8juubz8juu-e1776972465613.png\" \/>\n\t<meta property=\"og:image:width\" content=\"1293\" \/>\n\t<meta property=\"og:image:height\" content=\"706\" \/>\n\t<meta property=\"og:image:type\" content=\"image\/png\" \/>\n<meta name=\"author\" content=\"Mario J. Paredes\" \/>\n<meta name=\"twitter:card\" content=\"summary_large_image\" \/>\n<meta name=\"twitter:creator\" content=\"@SOMOSCare\" \/>\n<meta name=\"twitter:site\" content=\"@Exaudi_News\" \/>\n<meta name=\"twitter:label1\" content=\"Escrito por\" \/>\n\t<meta name=\"twitter:data1\" content=\"Mario J. Paredes\" \/>\n\t<meta name=\"twitter:label2\" content=\"Tiempo de lectura\" \/>\n\t<meta name=\"twitter:data2\" content=\"6 minutos\" \/>\n<script type=\"application\/ld+json\" class=\"yoast-schema-graph\">{\"@context\":\"https:\\\/\\\/schema.org\",\"@graph\":[{\"@type\":\"Article\",\"@id\":\"https:\\\/\\\/exaudi.org\\\/es\\\/el-cuerpo-como-espejo-del-alma\\\/#article\",\"isPartOf\":{\"@id\":\"https:\\\/\\\/exaudi.org\\\/es\\\/el-cuerpo-como-espejo-del-alma\\\/\"},\"author\":{\"name\":\"Mario J. Paredes\",\"@id\":\"https:\\\/\\\/exaudi.org\\\/#\\\/schema\\\/person\\\/f4babf785ff6e9ecd6850d1802095c1d\"},\"headline\":\"El cuerpo como espejo del alma\",\"datePublished\":\"2026-04-24T08:00:57+00:00\",\"mainEntityOfPage\":{\"@id\":\"https:\\\/\\\/exaudi.org\\\/es\\\/el-cuerpo-como-espejo-del-alma\\\/\"},\"wordCount\":1150,\"image\":{\"@id\":\"https:\\\/\\\/exaudi.org\\\/es\\\/el-cuerpo-como-espejo-del-alma\\\/#primaryimage\"},\"thumbnailUrl\":\"https:\\\/\\\/exaudi.org\\\/wp-content\\\/uploads\\\/2026\\\/04\\\/Gemini_Generated_Image_8juubz8juubz8juu-e1776972465613.png\",\"keywords\":[\"acto sanador\",\"armon\u00eda corporal\",\"biograf\u00eda humana\",\"c\u00f3digo hipocr\u00e1tico\",\"dimensi\u00f3n interior\",\"\u00c9tica m\u00e9dica\",\"humanizaci\u00f3n de la medicina\",\"Mario J Paredes\",\"medicina contempor\u00e1nea\",\"medicina de la persona\",\"medicina humanista\",\"misterio de la vida\",\"nudo vital\",\"relaci\u00f3n m\u00e9dico-paciente\",\"salud emocional\",\"salud integral\",\"sanaci\u00f3n aut\u00e9ntica\",\"Trending\",\"unidad cuerpo y esp\u00edritu\",\"visi\u00f3n hol\u00edstica\"],\"articleSection\":[\"Voces\"],\"inLanguage\":\"es\"},{\"@type\":\"WebPage\",\"@id\":\"https:\\\/\\\/exaudi.org\\\/es\\\/el-cuerpo-como-espejo-del-alma\\\/\",\"url\":\"https:\\\/\\\/exaudi.org\\\/es\\\/el-cuerpo-como-espejo-del-alma\\\/\",\"name\":\"El cuerpo como espejo del alma &#8211; Exaudi\",\"isPartOf\":{\"@id\":\"https:\\\/\\\/exaudi.org\\\/#website\"},\"primaryImageOfPage\":{\"@id\":\"https:\\\/\\\/exaudi.org\\\/es\\\/el-cuerpo-como-espejo-del-alma\\\/#primaryimage\"},\"image\":{\"@id\":\"https:\\\/\\\/exaudi.org\\\/es\\\/el-cuerpo-como-espejo-del-alma\\\/#primaryimage\"},\"thumbnailUrl\":\"https:\\\/\\\/exaudi.org\\\/wp-content\\\/uploads\\\/2026\\\/04\\\/Gemini_Generated_Image_8juubz8juubz8juu-e1776972465613.png\",\"datePublished\":\"2026-04-24T08:00:57+00:00\",\"author\":{\"@id\":\"https:\\\/\\\/exaudi.org\\\/#\\\/schema\\\/person\\\/f4babf785ff6e9ecd6850d1802095c1d\"},\"breadcrumb\":{\"@id\":\"https:\\\/\\\/exaudi.org\\\/es\\\/el-cuerpo-como-espejo-del-alma\\\/#breadcrumb\"},\"inLanguage\":\"es\",\"potentialAction\":[{\"@type\":\"ReadAction\",\"target\":[\"https:\\\/\\\/exaudi.org\\\/es\\\/el-cuerpo-como-espejo-del-alma\\\/\"]}]},{\"@type\":\"ImageObject\",\"inLanguage\":\"es\",\"@id\":\"https:\\\/\\\/exaudi.org\\\/es\\\/el-cuerpo-como-espejo-del-alma\\\/#primaryimage\",\"url\":\"https:\\\/\\\/exaudi.org\\\/wp-content\\\/uploads\\\/2026\\\/04\\\/Gemini_Generated_Image_8juubz8juubz8juu-e1776972465613.png\",\"contentUrl\":\"https:\\\/\\\/exaudi.org\\\/wp-content\\\/uploads\\\/2026\\\/04\\\/Gemini_Generated_Image_8juubz8juubz8juu-e1776972465613.png\",\"width\":1293,\"height\":706},{\"@type\":\"BreadcrumbList\",\"@id\":\"https:\\\/\\\/exaudi.org\\\/es\\\/el-cuerpo-como-espejo-del-alma\\\/#breadcrumb\",\"itemListElement\":[{\"@type\":\"ListItem\",\"position\":1,\"name\":\"Portada\",\"item\":\"https:\\\/\\\/exaudi.org\\\/es\\\/\"},{\"@type\":\"ListItem\",\"position\":2,\"name\":\"El cuerpo como espejo del alma\"}]},{\"@type\":\"WebSite\",\"@id\":\"https:\\\/\\\/exaudi.org\\\/#website\",\"url\":\"https:\\\/\\\/exaudi.org\\\/\",\"name\":\"Exaudi\",\"description\":\"News\",\"potentialAction\":[{\"@type\":\"SearchAction\",\"target\":{\"@type\":\"EntryPoint\",\"urlTemplate\":\"https:\\\/\\\/exaudi.org\\\/?s={search_term_string}\"},\"query-input\":{\"@type\":\"PropertyValueSpecification\",\"valueRequired\":true,\"valueName\":\"search_term_string\"}}],\"inLanguage\":\"es\"},{\"@type\":\"Person\",\"@id\":\"https:\\\/\\\/exaudi.org\\\/#\\\/schema\\\/person\\\/f4babf785ff6e9ecd6850d1802095c1d\",\"name\":\"Mario J. Paredes\",\"image\":{\"@type\":\"ImageObject\",\"inLanguage\":\"es\",\"@id\":\"https:\\\/\\\/secure.gravatar.com\\\/avatar\\\/28c707f8b881139d324797c87373ccf8502494a7f73d0f6d23dcda1548e9d254?s=96&d=mm&r=g\",\"url\":\"https:\\\/\\\/secure.gravatar.com\\\/avatar\\\/28c707f8b881139d324797c87373ccf8502494a7f73d0f6d23dcda1548e9d254?s=96&d=mm&r=g\",\"contentUrl\":\"https:\\\/\\\/secure.gravatar.com\\\/avatar\\\/28c707f8b881139d324797c87373ccf8502494a7f73d0f6d23dcda1548e9d254?s=96&d=mm&r=g\",\"caption\":\"Mario J. Paredes\"},\"description\":\"Presidente ejecutivo de SOMOS Community Care, una red de 2,600 m\u00e9dicos independientes -en su mayor\u00eda de atenci\u00f3n primaria- que atienden a cerca de un mill\u00f3n de los pacientes m\u00e1s vulnerables del Medicaid de la Ciudad de Nueva York\",\"sameAs\":[\"http:\\\/\\\/somosnyhealth.org\",\"https:\\\/\\\/www.facebook.com\\\/SOMOSCommunityCare\\\/\",\"https:\\\/\\\/www.instagram.com\\\/somoscare\\\/\",\"https:\\\/\\\/www.linkedin.com\\\/company\\\/somoscommunitycare\\\/\",\"https:\\\/\\\/x.com\\\/SOMOSCare\",\"https:\\\/\\\/www.youtube.com\\\/channel\\\/UCUrnRjEHj5UrNvxU0jHSzQQ\"],\"url\":\"https:\\\/\\\/exaudi.org\\\/es\\\/author\\\/mario-j-paredes\\\/\"}]}<\/script>\n<!-- \/ Yoast SEO plugin. -->","yoast_head_json":{"title":"El cuerpo como espejo del alma &#8211; Exaudi","robots":{"index":"index","follow":"follow","max-snippet":"max-snippet:-1","max-image-preview":"max-image-preview:large","max-video-preview":"max-video-preview:-1"},"canonical":"https:\/\/exaudi.org\/es\/el-cuerpo-como-espejo-del-alma\/","og_locale":"es_ES","og_type":"article","og_title":"El cuerpo como espejo del alma &#8211; Exaudi","og_description":"Hacia una Medicina de la Persona","og_url":"https:\/\/exaudi.org\/es\/el-cuerpo-como-espejo-del-alma\/","og_site_name":"Exaudi","article_publisher":"https:\/\/www.facebook.com\/ExaudiNews","article_author":"https:\/\/www.facebook.com\/SOMOSCommunityCare\/","article_published_time":"2026-04-24T08:00:57+00:00","og_image":[{"width":1293,"height":706,"url":"https:\/\/exaudi.org\/wp-content\/uploads\/2026\/04\/Gemini_Generated_Image_8juubz8juubz8juu-e1776972465613.png","type":"image\/png"}],"author":"Mario J. Paredes","twitter_card":"summary_large_image","twitter_creator":"@SOMOSCare","twitter_site":"@Exaudi_News","twitter_misc":{"Escrito por":"Mario J. Paredes","Tiempo de lectura":"6 minutos"},"schema":{"@context":"https:\/\/schema.org","@graph":[{"@type":"Article","@id":"https:\/\/exaudi.org\/es\/el-cuerpo-como-espejo-del-alma\/#article","isPartOf":{"@id":"https:\/\/exaudi.org\/es\/el-cuerpo-como-espejo-del-alma\/"},"author":{"name":"Mario J. Paredes","@id":"https:\/\/exaudi.org\/#\/schema\/person\/f4babf785ff6e9ecd6850d1802095c1d"},"headline":"El cuerpo como espejo del alma","datePublished":"2026-04-24T08:00:57+00:00","mainEntityOfPage":{"@id":"https:\/\/exaudi.org\/es\/el-cuerpo-como-espejo-del-alma\/"},"wordCount":1150,"image":{"@id":"https:\/\/exaudi.org\/es\/el-cuerpo-como-espejo-del-alma\/#primaryimage"},"thumbnailUrl":"https:\/\/exaudi.org\/wp-content\/uploads\/2026\/04\/Gemini_Generated_Image_8juubz8juubz8juu-e1776972465613.png","keywords":["acto sanador","armon\u00eda corporal","biograf\u00eda humana","c\u00f3digo hipocr\u00e1tico","dimensi\u00f3n interior","\u00c9tica m\u00e9dica","humanizaci\u00f3n de la medicina","Mario J Paredes","medicina contempor\u00e1nea","medicina de la persona","medicina humanista","misterio de la vida","nudo vital","relaci\u00f3n m\u00e9dico-paciente","salud emocional","salud integral","sanaci\u00f3n aut\u00e9ntica","Trending","unidad cuerpo y esp\u00edritu","visi\u00f3n hol\u00edstica"],"articleSection":["Voces"],"inLanguage":"es"},{"@type":"WebPage","@id":"https:\/\/exaudi.org\/es\/el-cuerpo-como-espejo-del-alma\/","url":"https:\/\/exaudi.org\/es\/el-cuerpo-como-espejo-del-alma\/","name":"El cuerpo como espejo del alma &#8211; Exaudi","isPartOf":{"@id":"https:\/\/exaudi.org\/#website"},"primaryImageOfPage":{"@id":"https:\/\/exaudi.org\/es\/el-cuerpo-como-espejo-del-alma\/#primaryimage"},"image":{"@id":"https:\/\/exaudi.org\/es\/el-cuerpo-como-espejo-del-alma\/#primaryimage"},"thumbnailUrl":"https:\/\/exaudi.org\/wp-content\/uploads\/2026\/04\/Gemini_Generated_Image_8juubz8juubz8juu-e1776972465613.png","datePublished":"2026-04-24T08:00:57+00:00","author":{"@id":"https:\/\/exaudi.org\/#\/schema\/person\/f4babf785ff6e9ecd6850d1802095c1d"},"breadcrumb":{"@id":"https:\/\/exaudi.org\/es\/el-cuerpo-como-espejo-del-alma\/#breadcrumb"},"inLanguage":"es","potentialAction":[{"@type":"ReadAction","target":["https:\/\/exaudi.org\/es\/el-cuerpo-como-espejo-del-alma\/"]}]},{"@type":"ImageObject","inLanguage":"es","@id":"https:\/\/exaudi.org\/es\/el-cuerpo-como-espejo-del-alma\/#primaryimage","url":"https:\/\/exaudi.org\/wp-content\/uploads\/2026\/04\/Gemini_Generated_Image_8juubz8juubz8juu-e1776972465613.png","contentUrl":"https:\/\/exaudi.org\/wp-content\/uploads\/2026\/04\/Gemini_Generated_Image_8juubz8juubz8juu-e1776972465613.png","width":1293,"height":706},{"@type":"BreadcrumbList","@id":"https:\/\/exaudi.org\/es\/el-cuerpo-como-espejo-del-alma\/#breadcrumb","itemListElement":[{"@type":"ListItem","position":1,"name":"Portada","item":"https:\/\/exaudi.org\/es\/"},{"@type":"ListItem","position":2,"name":"El cuerpo como espejo del alma"}]},{"@type":"WebSite","@id":"https:\/\/exaudi.org\/#website","url":"https:\/\/exaudi.org\/","name":"Exaudi","description":"News","potentialAction":[{"@type":"SearchAction","target":{"@type":"EntryPoint","urlTemplate":"https:\/\/exaudi.org\/?s={search_term_string}"},"query-input":{"@type":"PropertyValueSpecification","valueRequired":true,"valueName":"search_term_string"}}],"inLanguage":"es"},{"@type":"Person","@id":"https:\/\/exaudi.org\/#\/schema\/person\/f4babf785ff6e9ecd6850d1802095c1d","name":"Mario J. Paredes","image":{"@type":"ImageObject","inLanguage":"es","@id":"https:\/\/secure.gravatar.com\/avatar\/28c707f8b881139d324797c87373ccf8502494a7f73d0f6d23dcda1548e9d254?s=96&d=mm&r=g","url":"https:\/\/secure.gravatar.com\/avatar\/28c707f8b881139d324797c87373ccf8502494a7f73d0f6d23dcda1548e9d254?s=96&d=mm&r=g","contentUrl":"https:\/\/secure.gravatar.com\/avatar\/28c707f8b881139d324797c87373ccf8502494a7f73d0f6d23dcda1548e9d254?s=96&d=mm&r=g","caption":"Mario J. Paredes"},"description":"Presidente ejecutivo de SOMOS Community Care, una red de 2,600 m\u00e9dicos independientes -en su mayor\u00eda de atenci\u00f3n primaria- que atienden a cerca de un mill\u00f3n de los pacientes m\u00e1s vulnerables del Medicaid de la Ciudad de Nueva York","sameAs":["http:\/\/somosnyhealth.org","https:\/\/www.facebook.com\/SOMOSCommunityCare\/","https:\/\/www.instagram.com\/somoscare\/","https:\/\/www.linkedin.com\/company\/somoscommunitycare\/","https:\/\/x.com\/SOMOSCare","https:\/\/www.youtube.com\/channel\/UCUrnRjEHj5UrNvxU0jHSzQQ"],"url":"https:\/\/exaudi.org\/es\/author\/mario-j-paredes\/"}]}},"jetpack_featured_media_url":"https:\/\/exaudi.org\/wp-content\/uploads\/2026\/04\/Gemini_Generated_Image_8juubz8juubz8juu-e1776972465613.png","jetpack_shortlink":"https:\/\/wp.me\/pgKjF2-HGA","_links":{"self":[{"href":"https:\/\/exaudi.org\/es\/wp-json\/wp\/v2\/posts\/167932","targetHints":{"allow":["GET"]}}],"collection":[{"href":"https:\/\/exaudi.org\/es\/wp-json\/wp\/v2\/posts"}],"about":[{"href":"https:\/\/exaudi.org\/es\/wp-json\/wp\/v2\/types\/post"}],"author":[{"embeddable":true,"href":"https:\/\/exaudi.org\/es\/wp-json\/wp\/v2\/users\/114"}],"replies":[{"embeddable":true,"href":"https:\/\/exaudi.org\/es\/wp-json\/wp\/v2\/comments?post=167932"}],"version-history":[{"count":3,"href":"https:\/\/exaudi.org\/es\/wp-json\/wp\/v2\/posts\/167932\/revisions"}],"predecessor-version":[{"id":167942,"href":"https:\/\/exaudi.org\/es\/wp-json\/wp\/v2\/posts\/167932\/revisions\/167942"}],"wp:featuredmedia":[{"embeddable":true,"href":"https:\/\/exaudi.org\/es\/wp-json\/wp\/v2\/media\/167934"}],"wp:attachment":[{"href":"https:\/\/exaudi.org\/es\/wp-json\/wp\/v2\/media?parent=167932"}],"wp:term":[{"taxonomy":"category","embeddable":true,"href":"https:\/\/exaudi.org\/es\/wp-json\/wp\/v2\/categories?post=167932"},{"taxonomy":"post_tag","embeddable":true,"href":"https:\/\/exaudi.org\/es\/wp-json\/wp\/v2\/tags?post=167932"}],"curies":[{"name":"wp","href":"https:\/\/api.w.org\/{rel}","templated":true}]}}