{"id":167789,"date":"2026-04-27T09:00:11","date_gmt":"2026-04-27T07:00:11","guid":{"rendered":"https:\/\/exaudi.org\/?p=167789"},"modified":"2026-04-27T08:29:35","modified_gmt":"2026-04-27T06:29:35","slug":"cuando-cambias-la-mirada-cambia-el-mundo","status":"publish","type":"post","link":"https:\/\/exaudi.org\/es\/cuando-cambias-la-mirada-cambia-el-mundo\/","title":{"rendered":"Cuando cambias la mirada\u2026 cambia el mundo"},"content":{"rendered":"<p data-section-id=\"1dan4gn\" data-start=\"309\" data-end=\"323\"><strong>\ud83c\udfac Sinopsis<\/strong><\/p>\n<p data-start=\"325\" data-end=\"362\"><span class=\"hover:entity-accent entity-underline inline cursor-pointer align-baseline\"><span class=\"whitespace-normal\">Monsters, Inc.<\/span><\/span><\/p>\n<p><iframe title=\"Spotify Embed: Cuando cambias la mirada\u2026 cambia el mundo\" style=\"border-radius: 12px\" width=\"100%\" height=\"152\" frameborder=\"0\" allowfullscreen allow=\"autoplay; clipboard-write; encrypted-media; fullscreen; picture-in-picture\" loading=\"lazy\" src=\"https:\/\/open.spotify.com\/embed\/episode\/03DWeJTVKKsHRC5PGW4Sug?si=ac1396821c154a42&amp;utm_source=oembed\"><\/iframe><\/p>\n<p data-start=\"364\" data-end=\"512\">En Monstru\u00f3polis, una ciudad habitada por monstruos, la energ\u00eda que sostiene todo el sistema se obtiene a partir de los gritos de los ni\u00f1os humanos.<\/p>\n<p data-start=\"514\" data-end=\"608\">Convencidos de que los ni\u00f1os son peligrosos, los monstruos trabajan asust\u00e1ndolos por la noche.<\/p>\n<p data-start=\"610\" data-end=\"787\">Todo cambia cuando una ni\u00f1a, Boo, entra accidentalmente en su mundo.<br data-start=\"678\" data-end=\"681\" \/>Lo que parec\u00eda una amenaza se convierte en algo inesperado: cercan\u00eda, ternura\u2026 y una nueva forma de mirar.<\/p>\n<p data-start=\"789\" data-end=\"897\">A partir de ese momento, Sulley y Mike tendr\u00e1n que enfrentarse a una pregunta que nunca se hab\u00edan planteado:<\/p>\n<p data-start=\"899\" data-end=\"946\">\ud83d\udc49 \u00bfy si todo lo que cre\u00edamos cierto\u2026 no lo es?<\/p>\n<h3 data-section-id=\"17nqzpf\" data-start=\"953\" data-end=\"969\"><strong>\ud83e\udded Cuando damos por cierto lo que nunca hemos cuestionado<\/strong><\/h3>\n<p data-start=\"1030\" data-end=\"1058\">Hay ideas que no discutimos.<\/p>\n<p data-start=\"1060\" data-end=\"1094\">Simplemente las damos por v\u00e1lidas.<\/p>\n<ul>\n<li>porque siempre han estado ah\u00ed<\/li>\n<li>porque todo el mundo las acepta<\/li>\n<li>porque nunca hemos tenido motivo para dudar<\/li>\n<\/ul>\n<p data-start=\"1215\" data-end=\"1286\">En\u00a0<em data-start=\"1218\" data-end=\"1234\">Monstruos S.A.<\/em>, los monstruos viven convencidos de algo muy claro:<\/p>\n<p data-start=\"1288\" data-end=\"1317\">\ud83d\udc49 los ni\u00f1os son peligrosos<\/p>\n<p data-start=\"1319\" data-end=\"1370\">Y a partir de esa idea, construyen todo un sistema.<\/p>\n<h3 data-section-id=\"qcmyv4\" data-start=\"1377\" data-end=\"1416\"><strong>El miedo como base de lo que hacemos<\/strong><\/h3>\n<p data-start=\"1418\" data-end=\"1461\">No solo creen que los ni\u00f1os son peligrosos.<\/p>\n<p data-start=\"1463\" data-end=\"1503\">Organizan su mundo en torno a ese miedo.<\/p>\n<p data-start=\"1505\" data-end=\"1578\">Trabajan desde \u00e9l.<br data-start=\"1523\" data-end=\"1526\" \/>Se relacionan desde \u00e9l.<br data-start=\"1549\" data-end=\"1552\" \/>Toman decisiones desde \u00e9l.<\/p>\n<p data-start=\"1580\" data-end=\"1617\">Y eso no es tan ajeno a la vida real.<\/p>\n<p data-start=\"1619\" data-end=\"1652\">\u00bfCu\u00e1ntas cosas hacemos por miedo?<\/p>\n<ul>\n<li>evitar<\/li>\n<li>desconfiar<\/li>\n<li>alejarnos<\/li>\n<li>protegernos en exceso<\/li>\n<\/ul>\n<p data-start=\"1721\" data-end=\"1757\">A veces, el problema no es el miedo.<\/p>\n<p data-start=\"1759\" data-end=\"1793\">\ud83d\udc49 es no cuestionar de d\u00f3nde viene<\/p>\n<h3 data-section-id=\"4suz3\" data-start=\"1800\" data-end=\"1842\"><strong>De lo que creemos\u2026 a lo que descubrimos<\/strong><\/h3>\n<p data-start=\"1844\" data-end=\"1961\">En\u00a0<a href=\"https:\/\/exaudi.org\/es\/no-solo-importa-quien-eres-tambien-el-mundo-en-el-que-creces\/\" target=\"_blank\" rel=\"noopener\"><span class=\"hover:entity-accent entity-underline inline cursor-pointer align-baseline\"><span class=\"whitespace-normal\">Zootr\u00f3polis<\/span><\/span>\u00a0<\/a>ve\u00edamos c\u00f3mo los prejuicios condicionan la forma en que miramos a los dem\u00e1s.<\/p>\n<p data-start=\"1963\" data-end=\"2013\">En\u00a0<em data-start=\"1966\" data-end=\"1982\">Monstruos S.A.<\/em>, ese prejuicio da un paso m\u00e1s:<\/p>\n<p data-start=\"2015\" data-end=\"2043\">\ud83d\udc49 se convierte en sistema<\/p>\n<p data-start=\"2045\" data-end=\"2106\">Pero basta un encuentro real para que todo empiece a cambiar.<\/p>\n<p data-start=\"2108\" data-end=\"2145\">Boo no encaja con la idea que ten\u00edan.<\/p>\n<p data-start=\"2147\" data-end=\"2180\">Y eso obliga a replantearlo todo.<\/p>\n<h3 data-section-id=\"9ihtw\" data-start=\"2187\" data-end=\"2225\"><strong>Cuando el otro deja de ser una idea<\/strong><\/h3>\n<p data-start=\"2227\" data-end=\"2262\">El cambio no ocurre por una teor\u00eda.<\/p>\n<p data-start=\"2264\" data-end=\"2288\">Ocurre por una relaci\u00f3n.<\/p>\n<p data-start=\"2290\" data-end=\"2358\">Sulley no cambia porque alguien le convenza.<br data-start=\"2334\" data-end=\"2337\" \/>Cambia porque conoce.<\/p>\n<p data-start=\"2360\" data-end=\"2400\">Porque experimenta.<br data-start=\"2379\" data-end=\"2382\" \/>Porque se vincula.<\/p>\n<p data-start=\"2402\" data-end=\"2438\">Y ah\u00ed aparece una clave muy potente:<\/p>\n<p data-start=\"2440\" data-end=\"2528\">\ud83d\udc49 el prejuicio se sostiene en la distancia<br data-start=\"2483\" data-end=\"2486\" \/>\ud83d\udc49 la comprensi\u00f3n aparece en la cercan\u00eda<\/p>\n<h3 data-section-id=\"1s5rkgr\" data-start=\"2535\" data-end=\"2567\"><strong>Cambiar la mirada no es f\u00e1cil<\/strong><\/h3>\n<p data-start=\"2569\" data-end=\"2615\">Descubrir que estabas equivocado no es c\u00f3modo.<\/p>\n<p data-start=\"2617\" data-end=\"2625\">Implica:<\/p>\n<ul data-start=\"2627\" data-end=\"2717\">\n<li data-section-id=\"kifaly\" data-start=\"2627\" data-end=\"2643\">cuestionarte<\/li>\n<li data-section-id=\"wrdoeq\" data-start=\"2644\" data-end=\"2663\">soltar certezas<\/li>\n<li data-section-id=\"17bdj04\" data-start=\"2664\" data-end=\"2717\">asumir que lo que hac\u00edas no era del todo correcto<\/li>\n<\/ul>\n<p data-start=\"2719\" data-end=\"2748\">Pero tambi\u00e9n abre una puerta:<\/p>\n<p data-start=\"2750\" data-end=\"2803\">\ud83d\udc49 la posibilidad de hacer las cosas de otra manera<\/p>\n<h3 data-section-id=\"gwscdt\" data-start=\"2810\" data-end=\"2874\"><strong>De un sistema basado en el miedo\u2026 a otro basado en el cuidado<\/strong><\/h3>\n<p data-start=\"2876\" data-end=\"2915\">La pel\u00edcula plantea un cambio profundo:<\/p>\n<p data-start=\"2917\" data-end=\"2980\">pasar de un modelo basado en el miedo<br data-start=\"2954\" data-end=\"2957\" \/>a uno basado en la risa<\/p>\n<p data-start=\"2982\" data-end=\"3016\">Y no es solo un detalle narrativo.<\/p>\n<p data-start=\"3018\" data-end=\"3035\">Es una propuesta.<\/p>\n<p data-start=\"3037\" data-end=\"3133\">\ud83d\udc49 \u00bfdesde d\u00f3nde estamos construyendo lo que hacemos?<br data-start=\"3089\" data-end=\"3092\" \/>\ud83d\udc49 \u00bfdesde el miedo\u2026 o desde el cuidado?<\/p>\n<h3 data-section-id=\"1h5f6yw\" data-start=\"3140\" data-end=\"3174\"><strong>Lo que esta historia nos ense\u00f1a<\/strong><\/h3>\n<p data-start=\"3176\" data-end=\"3227\"><em data-start=\"3176\" data-end=\"3192\">Monstruos S.A.<\/em>\u00a0no es solo una historia divertida.<\/p>\n<p data-start=\"3229\" data-end=\"3288\">Es una reflexi\u00f3n sobre algo muy presente en nuestras vidas:<\/p>\n<p data-start=\"3290\" data-end=\"3345\">\ud83d\udc49 muchas de nuestras creencias no han sido revisadas<\/p>\n<p data-start=\"3347\" data-end=\"3395\">Y sin darnos cuenta, pueden estar condicionando:<\/p>\n<ul data-start=\"3397\" data-end=\"3467\">\n<li data-section-id=\"eupql3\" data-start=\"3397\" data-end=\"3423\">c\u00f3mo vemos a los dem\u00e1s<\/li>\n<li data-section-id=\"6j7j55\" data-start=\"3424\" data-end=\"3441\">c\u00f3mo actuamos<\/li>\n<li data-section-id=\"c80q09\" data-start=\"3442\" data-end=\"3467\">c\u00f3mo nos relacionamos<\/li>\n<\/ul>\n<h3 data-section-id=\"1k4mkbx\" data-start=\"3474\" data-end=\"3512\"><strong>Para j\u00f3venes, familias y educadores<\/strong><\/h3>\n<p data-start=\"3514\" data-end=\"3601\">Para los j\u00f3venes, plantea una idea clave:<br data-start=\"3555\" data-end=\"3558\" \/>no todo lo que has aprendido es definitivo.<\/p>\n<p data-start=\"3603\" data-end=\"3670\">Para las familias, invita a revisar creencias que damos por hechas.<\/p>\n<p data-start=\"3672\" data-end=\"3794\">Y para educadores, introduce una responsabilidad importante:<br data-start=\"3732\" data-end=\"3735\" \/>no transmitir certezas cerradas, sino ense\u00f1ar a cuestionar.<\/p>\n<h3 data-section-id=\"dhz7f5\" data-start=\"3801\" data-end=\"3828\"><strong>La pregunta que se quede<\/strong><\/h3>\n<p data-start=\"3830\" data-end=\"3886\">Si muchas de las cosas que haces parten de lo que crees\u2026<\/p>\n<p data-start=\"3888\" data-end=\"3971\"><strong data-start=\"3888\" data-end=\"3971\">\u00bfqu\u00e9 pasar\u00eda si empezaras a cuestionar aquello que siempre has dado por cierto?<\/strong><\/p>\n<p data-start=\"3888\" data-end=\"3971\"><em><strong><a href=\"https:\/\/www.linkedin.com\/in\/jos%C3%A9mar%C3%ADas%C3%A1nchezvilla\/\" target=\"_blank\" rel=\"noopener\">Jos\u00e9 Mar\u00eda S\u00e1nchez Villa<\/a><\/strong><\/em><\/p>\n<p data-start=\"3888\" data-end=\"3971\"><img loading=\"lazy\" decoding=\"async\" class=\"size-full wp-image-167806 alignnone\" src=\"https:\/\/exaudi.org\/wp-content\/uploads\/2026\/04\/voces-2-1.jpg\" alt=\"\" width=\"940\" height=\"788\" srcset=\"https:\/\/exaudi.org\/wp-content\/uploads\/2026\/04\/voces-2-1.jpg 940w, https:\/\/exaudi.org\/wp-content\/uploads\/2026\/04\/voces-2-1-300x251.jpg 300w, https:\/\/exaudi.org\/wp-content\/uploads\/2026\/04\/voces-2-1-770x645.jpg 770w, https:\/\/exaudi.org\/wp-content\/uploads\/2026\/04\/voces-2-1-500x419.jpg 500w\" sizes=\"auto, (max-width: 940px) 100vw, 940px\" \/><\/p>\n","protected":false},"excerpt":{"rendered":"<p>Monstruos S.A.<\/p>\n","protected":false},"author":157,"featured_media":167795,"comment_status":"closed","ping_status":"closed","sticky":false,"template":"","format":"standard","meta":{"_acf_changed":false,"_crdt_document":"","inline_featured_image":false,"footnotes":""},"categories":[72],"tags":[110108,110101,107213,45860,110104,110105,21479,110109,9183,110100,35311,68731,110103,110099,89330,60195,110106,110107,110102,50081,58880],"class_list":["post-167789","post","type-post","status-publish","format-standard","has-post-thumbnail","hentry","category-analisis","tag-analisis-de-peliculas","tag-boo","tag-cambio-de-mirada","tag-cine-y-reflexion","tag-creencias-limitantes","tag-cuestionar-la-realidad","tag-educacion-en-valores","tag-educadores-y-familias","tag-empatia","tag-gestion-del-miedo","tag-inteligencia-emocional","tag-jose-maria-sanchez-villa","tag-mike-wazowski","tag-monstruos-sa","tag-pixar","tag-prejuicios","tag-relacion-y-cercania","tag-sistema-basado-en-el-miedo","tag-sulley","tag-superacion-del-miedo","tag-trending-es-151"],"acf":[],"yoast_head":"<!-- This site is optimized with the Yoast SEO plugin v27.5 - https:\/\/yoast.com\/product\/yoast-seo-wordpress\/ -->\n<title>Cuando cambias la mirada\u2026 cambia el mundo &#8211; Exaudi<\/title>\n<meta name=\"robots\" content=\"index, follow, max-snippet:-1, max-image-preview:large, max-video-preview:-1\" \/>\n<link rel=\"canonical\" href=\"https:\/\/exaudi.org\/es\/cuando-cambias-la-mirada-cambia-el-mundo\/\" \/>\n<meta property=\"og:locale\" content=\"es_ES\" \/>\n<meta property=\"og:type\" content=\"article\" \/>\n<meta property=\"og:title\" content=\"Cuando cambias la mirada\u2026 cambia el mundo &#8211; Exaudi\" \/>\n<meta property=\"og:description\" content=\"Monstruos S.A.\" \/>\n<meta property=\"og:url\" content=\"https:\/\/exaudi.org\/es\/cuando-cambias-la-mirada-cambia-el-mundo\/\" \/>\n<meta property=\"og:site_name\" content=\"Exaudi\" \/>\n<meta property=\"article:publisher\" content=\"https:\/\/www.facebook.com\/ExaudiNews\" \/>\n<meta property=\"article:author\" content=\"https:\/\/marketingyservicios.com\/\" \/>\n<meta property=\"article:published_time\" content=\"2026-04-27T07:00:11+00:00\" \/>\n<meta property=\"og:image\" content=\"https:\/\/exaudi.org\/wp-content\/uploads\/2026\/04\/untitled-20.jpg\" \/>\n\t<meta property=\"og:image:width\" content=\"1600\" \/>\n\t<meta property=\"og:image:height\" content=\"861\" \/>\n\t<meta property=\"og:image:type\" content=\"image\/jpeg\" \/>\n<meta name=\"author\" content=\"Marketing y Servicios\" \/>\n<meta name=\"twitter:card\" content=\"summary_large_image\" \/>\n<meta name=\"twitter:creator\" content=\"@mentoring_sev\" \/>\n<meta name=\"twitter:site\" content=\"@Exaudi_News\" \/>\n<meta name=\"twitter:label1\" content=\"Escrito por\" \/>\n\t<meta name=\"twitter:data1\" content=\"Marketing y Servicios\" \/>\n\t<meta name=\"twitter:label2\" content=\"Tiempo de lectura\" \/>\n\t<meta name=\"twitter:data2\" content=\"3 minutos\" \/>\n<script type=\"application\/ld+json\" class=\"yoast-schema-graph\">{\"@context\":\"https:\\\/\\\/schema.org\",\"@graph\":[{\"@type\":\"Article\",\"@id\":\"https:\\\/\\\/exaudi.org\\\/es\\\/cuando-cambias-la-mirada-cambia-el-mundo\\\/#article\",\"isPartOf\":{\"@id\":\"https:\\\/\\\/exaudi.org\\\/es\\\/cuando-cambias-la-mirada-cambia-el-mundo\\\/\"},\"author\":{\"name\":\"Marketing y Servicios\",\"@id\":\"https:\\\/\\\/exaudi.org\\\/#\\\/schema\\\/person\\\/0ec39b1037553be7468a8044044a7283\"},\"headline\":\"Cuando cambias la mirada\u2026 cambia el mundo\",\"datePublished\":\"2026-04-27T07:00:11+00:00\",\"mainEntityOfPage\":{\"@id\":\"https:\\\/\\\/exaudi.org\\\/es\\\/cuando-cambias-la-mirada-cambia-el-mundo\\\/\"},\"wordCount\":639,\"image\":{\"@id\":\"https:\\\/\\\/exaudi.org\\\/es\\\/cuando-cambias-la-mirada-cambia-el-mundo\\\/#primaryimage\"},\"thumbnailUrl\":\"https:\\\/\\\/exaudi.org\\\/wp-content\\\/uploads\\\/2026\\\/04\\\/untitled-20.jpg\",\"keywords\":[\"analisis de peliculas\",\"boo\",\"cambio de mirada\",\"cine y reflexi\u00f3n\",\"creencias limitantes\",\"cuestionar la realidad\",\"educaci\u00f3n en valores\",\"educadores y familias\",\"Empat\u00eda\",\"gestion del miedo\",\"inteligencia emocional\",\"Jos\u00e9 Mar\u00eda S\u00e1nchez Villa\",\"mike wazowski\",\"monstruos sa\",\"Pixar\",\"prejuicios\",\"relacion y cercania\",\"sistema basado en el miedo\",\"sulley\",\"superaci\u00f3n del miedo\",\"Trending\"],\"articleSection\":[\"An\u00e1lisis\"],\"inLanguage\":\"es\"},{\"@type\":\"WebPage\",\"@id\":\"https:\\\/\\\/exaudi.org\\\/es\\\/cuando-cambias-la-mirada-cambia-el-mundo\\\/\",\"url\":\"https:\\\/\\\/exaudi.org\\\/es\\\/cuando-cambias-la-mirada-cambia-el-mundo\\\/\",\"name\":\"Cuando cambias la mirada\u2026 cambia el mundo &#8211; Exaudi\",\"isPartOf\":{\"@id\":\"https:\\\/\\\/exaudi.org\\\/#website\"},\"primaryImageOfPage\":{\"@id\":\"https:\\\/\\\/exaudi.org\\\/es\\\/cuando-cambias-la-mirada-cambia-el-mundo\\\/#primaryimage\"},\"image\":{\"@id\":\"https:\\\/\\\/exaudi.org\\\/es\\\/cuando-cambias-la-mirada-cambia-el-mundo\\\/#primaryimage\"},\"thumbnailUrl\":\"https:\\\/\\\/exaudi.org\\\/wp-content\\\/uploads\\\/2026\\\/04\\\/untitled-20.jpg\",\"datePublished\":\"2026-04-27T07:00:11+00:00\",\"author\":{\"@id\":\"https:\\\/\\\/exaudi.org\\\/#\\\/schema\\\/person\\\/0ec39b1037553be7468a8044044a7283\"},\"breadcrumb\":{\"@id\":\"https:\\\/\\\/exaudi.org\\\/es\\\/cuando-cambias-la-mirada-cambia-el-mundo\\\/#breadcrumb\"},\"inLanguage\":\"es\",\"potentialAction\":[{\"@type\":\"ReadAction\",\"target\":[\"https:\\\/\\\/exaudi.org\\\/es\\\/cuando-cambias-la-mirada-cambia-el-mundo\\\/\"]}]},{\"@type\":\"ImageObject\",\"inLanguage\":\"es\",\"@id\":\"https:\\\/\\\/exaudi.org\\\/es\\\/cuando-cambias-la-mirada-cambia-el-mundo\\\/#primaryimage\",\"url\":\"https:\\\/\\\/exaudi.org\\\/wp-content\\\/uploads\\\/2026\\\/04\\\/untitled-20.jpg\",\"contentUrl\":\"https:\\\/\\\/exaudi.org\\\/wp-content\\\/uploads\\\/2026\\\/04\\\/untitled-20.jpg\",\"width\":1600,\"height\":861},{\"@type\":\"BreadcrumbList\",\"@id\":\"https:\\\/\\\/exaudi.org\\\/es\\\/cuando-cambias-la-mirada-cambia-el-mundo\\\/#breadcrumb\",\"itemListElement\":[{\"@type\":\"ListItem\",\"position\":1,\"name\":\"Portada\",\"item\":\"https:\\\/\\\/exaudi.org\\\/es\\\/\"},{\"@type\":\"ListItem\",\"position\":2,\"name\":\"Cuando cambias la mirada\u2026 cambia el mundo\"}]},{\"@type\":\"WebSite\",\"@id\":\"https:\\\/\\\/exaudi.org\\\/#website\",\"url\":\"https:\\\/\\\/exaudi.org\\\/\",\"name\":\"Exaudi\",\"description\":\"News\",\"potentialAction\":[{\"@type\":\"SearchAction\",\"target\":{\"@type\":\"EntryPoint\",\"urlTemplate\":\"https:\\\/\\\/exaudi.org\\\/?s={search_term_string}\"},\"query-input\":{\"@type\":\"PropertyValueSpecification\",\"valueRequired\":true,\"valueName\":\"search_term_string\"}}],\"inLanguage\":\"es\"},{\"@type\":\"Person\",\"@id\":\"https:\\\/\\\/exaudi.org\\\/#\\\/schema\\\/person\\\/0ec39b1037553be7468a8044044a7283\",\"name\":\"Marketing y Servicios\",\"image\":{\"@type\":\"ImageObject\",\"inLanguage\":\"es\",\"@id\":\"https:\\\/\\\/secure.gravatar.com\\\/avatar\\\/887d69b0afc81051391a1aa8022a59db22c5ad6f2eecb945ce1b0d0613c61b5f?s=96&d=mm&r=g\",\"url\":\"https:\\\/\\\/secure.gravatar.com\\\/avatar\\\/887d69b0afc81051391a1aa8022a59db22c5ad6f2eecb945ce1b0d0613c61b5f?s=96&d=mm&r=g\",\"contentUrl\":\"https:\\\/\\\/secure.gravatar.com\\\/avatar\\\/887d69b0afc81051391a1aa8022a59db22c5ad6f2eecb945ce1b0d0613c61b5f?s=96&d=mm&r=g\",\"caption\":\"Marketing y Servicios\"},\"description\":\"Ideas para mejorar el mundo . Director: Jos\u00e9 Miguel Ponce . Profesor universitario e investigador en Marketing y Gesti\u00f3n de Servicios, con experiencia en cinco universidades p\u00fablicas y privadas. Sevillano de origen, ha vivido en varias ciudades de Espa\u00f1a y actualmente reside en Sevilla. Apasionado por la educaci\u00f3n, la comunicaci\u00f3n y las relaciones humanas, considera la amistad y la empat\u00eda clave en su vida y ense\u00f1anza. Ha publicado investigaciones sobre Marketing, Calidad de Servicio y organizaciones sin \u00e1nimo de lucro. Humanista y optimista, promueve el agradecimiento y la coherencia como valores fundamentales.\",\"sameAs\":[\"https:\\\/\\\/marketingyservicios.com\\\/\",\"https:\\\/\\\/www.instagram.com\\\/mentoringsevilla\\\/\",\"https:\\\/\\\/www.linkedin.com\\\/company\\\/marketing-y-servicios\\\/\",\"https:\\\/\\\/x.com\\\/mentoring_sev\",\"https:\\\/\\\/www.youtube.com\\\/@marketingyservicios649\"],\"url\":\"https:\\\/\\\/exaudi.org\\\/es\\\/author\\\/jose-miguel-ponce\\\/\"}]}<\/script>\n<!-- \/ Yoast SEO plugin. -->","yoast_head_json":{"title":"Cuando cambias la mirada\u2026 cambia el mundo &#8211; Exaudi","robots":{"index":"index","follow":"follow","max-snippet":"max-snippet:-1","max-image-preview":"max-image-preview:large","max-video-preview":"max-video-preview:-1"},"canonical":"https:\/\/exaudi.org\/es\/cuando-cambias-la-mirada-cambia-el-mundo\/","og_locale":"es_ES","og_type":"article","og_title":"Cuando cambias la mirada\u2026 cambia el mundo &#8211; Exaudi","og_description":"Monstruos S.A.","og_url":"https:\/\/exaudi.org\/es\/cuando-cambias-la-mirada-cambia-el-mundo\/","og_site_name":"Exaudi","article_publisher":"https:\/\/www.facebook.com\/ExaudiNews","article_author":"https:\/\/marketingyservicios.com\/","article_published_time":"2026-04-27T07:00:11+00:00","og_image":[{"width":1600,"height":861,"url":"https:\/\/exaudi.org\/wp-content\/uploads\/2026\/04\/untitled-20.jpg","type":"image\/jpeg"}],"author":"Marketing y Servicios","twitter_card":"summary_large_image","twitter_creator":"@mentoring_sev","twitter_site":"@Exaudi_News","twitter_misc":{"Escrito por":"Marketing y Servicios","Tiempo de lectura":"3 minutos"},"schema":{"@context":"https:\/\/schema.org","@graph":[{"@type":"Article","@id":"https:\/\/exaudi.org\/es\/cuando-cambias-la-mirada-cambia-el-mundo\/#article","isPartOf":{"@id":"https:\/\/exaudi.org\/es\/cuando-cambias-la-mirada-cambia-el-mundo\/"},"author":{"name":"Marketing y Servicios","@id":"https:\/\/exaudi.org\/#\/schema\/person\/0ec39b1037553be7468a8044044a7283"},"headline":"Cuando cambias la mirada\u2026 cambia el mundo","datePublished":"2026-04-27T07:00:11+00:00","mainEntityOfPage":{"@id":"https:\/\/exaudi.org\/es\/cuando-cambias-la-mirada-cambia-el-mundo\/"},"wordCount":639,"image":{"@id":"https:\/\/exaudi.org\/es\/cuando-cambias-la-mirada-cambia-el-mundo\/#primaryimage"},"thumbnailUrl":"https:\/\/exaudi.org\/wp-content\/uploads\/2026\/04\/untitled-20.jpg","keywords":["analisis de peliculas","boo","cambio de mirada","cine y reflexi\u00f3n","creencias limitantes","cuestionar la realidad","educaci\u00f3n en valores","educadores y familias","Empat\u00eda","gestion del miedo","inteligencia emocional","Jos\u00e9 Mar\u00eda S\u00e1nchez Villa","mike wazowski","monstruos sa","Pixar","prejuicios","relacion y cercania","sistema basado en el miedo","sulley","superaci\u00f3n del miedo","Trending"],"articleSection":["An\u00e1lisis"],"inLanguage":"es"},{"@type":"WebPage","@id":"https:\/\/exaudi.org\/es\/cuando-cambias-la-mirada-cambia-el-mundo\/","url":"https:\/\/exaudi.org\/es\/cuando-cambias-la-mirada-cambia-el-mundo\/","name":"Cuando cambias la mirada\u2026 cambia el mundo &#8211; Exaudi","isPartOf":{"@id":"https:\/\/exaudi.org\/#website"},"primaryImageOfPage":{"@id":"https:\/\/exaudi.org\/es\/cuando-cambias-la-mirada-cambia-el-mundo\/#primaryimage"},"image":{"@id":"https:\/\/exaudi.org\/es\/cuando-cambias-la-mirada-cambia-el-mundo\/#primaryimage"},"thumbnailUrl":"https:\/\/exaudi.org\/wp-content\/uploads\/2026\/04\/untitled-20.jpg","datePublished":"2026-04-27T07:00:11+00:00","author":{"@id":"https:\/\/exaudi.org\/#\/schema\/person\/0ec39b1037553be7468a8044044a7283"},"breadcrumb":{"@id":"https:\/\/exaudi.org\/es\/cuando-cambias-la-mirada-cambia-el-mundo\/#breadcrumb"},"inLanguage":"es","potentialAction":[{"@type":"ReadAction","target":["https:\/\/exaudi.org\/es\/cuando-cambias-la-mirada-cambia-el-mundo\/"]}]},{"@type":"ImageObject","inLanguage":"es","@id":"https:\/\/exaudi.org\/es\/cuando-cambias-la-mirada-cambia-el-mundo\/#primaryimage","url":"https:\/\/exaudi.org\/wp-content\/uploads\/2026\/04\/untitled-20.jpg","contentUrl":"https:\/\/exaudi.org\/wp-content\/uploads\/2026\/04\/untitled-20.jpg","width":1600,"height":861},{"@type":"BreadcrumbList","@id":"https:\/\/exaudi.org\/es\/cuando-cambias-la-mirada-cambia-el-mundo\/#breadcrumb","itemListElement":[{"@type":"ListItem","position":1,"name":"Portada","item":"https:\/\/exaudi.org\/es\/"},{"@type":"ListItem","position":2,"name":"Cuando cambias la mirada\u2026 cambia el mundo"}]},{"@type":"WebSite","@id":"https:\/\/exaudi.org\/#website","url":"https:\/\/exaudi.org\/","name":"Exaudi","description":"News","potentialAction":[{"@type":"SearchAction","target":{"@type":"EntryPoint","urlTemplate":"https:\/\/exaudi.org\/?s={search_term_string}"},"query-input":{"@type":"PropertyValueSpecification","valueRequired":true,"valueName":"search_term_string"}}],"inLanguage":"es"},{"@type":"Person","@id":"https:\/\/exaudi.org\/#\/schema\/person\/0ec39b1037553be7468a8044044a7283","name":"Marketing y Servicios","image":{"@type":"ImageObject","inLanguage":"es","@id":"https:\/\/secure.gravatar.com\/avatar\/887d69b0afc81051391a1aa8022a59db22c5ad6f2eecb945ce1b0d0613c61b5f?s=96&d=mm&r=g","url":"https:\/\/secure.gravatar.com\/avatar\/887d69b0afc81051391a1aa8022a59db22c5ad6f2eecb945ce1b0d0613c61b5f?s=96&d=mm&r=g","contentUrl":"https:\/\/secure.gravatar.com\/avatar\/887d69b0afc81051391a1aa8022a59db22c5ad6f2eecb945ce1b0d0613c61b5f?s=96&d=mm&r=g","caption":"Marketing y Servicios"},"description":"Ideas para mejorar el mundo . Director: Jos\u00e9 Miguel Ponce . Profesor universitario e investigador en Marketing y Gesti\u00f3n de Servicios, con experiencia en cinco universidades p\u00fablicas y privadas. Sevillano de origen, ha vivido en varias ciudades de Espa\u00f1a y actualmente reside en Sevilla. Apasionado por la educaci\u00f3n, la comunicaci\u00f3n y las relaciones humanas, considera la amistad y la empat\u00eda clave en su vida y ense\u00f1anza. Ha publicado investigaciones sobre Marketing, Calidad de Servicio y organizaciones sin \u00e1nimo de lucro. Humanista y optimista, promueve el agradecimiento y la coherencia como valores fundamentales.","sameAs":["https:\/\/marketingyservicios.com\/","https:\/\/www.instagram.com\/mentoringsevilla\/","https:\/\/www.linkedin.com\/company\/marketing-y-servicios\/","https:\/\/x.com\/mentoring_sev","https:\/\/www.youtube.com\/@marketingyservicios649"],"url":"https:\/\/exaudi.org\/es\/author\/jose-miguel-ponce\/"}]}},"jetpack_featured_media_url":"https:\/\/exaudi.org\/wp-content\/uploads\/2026\/04\/untitled-20.jpg","jetpack_shortlink":"https:\/\/wp.me\/pgKjF2-HEh","_links":{"self":[{"href":"https:\/\/exaudi.org\/es\/wp-json\/wp\/v2\/posts\/167789","targetHints":{"allow":["GET"]}}],"collection":[{"href":"https:\/\/exaudi.org\/es\/wp-json\/wp\/v2\/posts"}],"about":[{"href":"https:\/\/exaudi.org\/es\/wp-json\/wp\/v2\/types\/post"}],"author":[{"embeddable":true,"href":"https:\/\/exaudi.org\/es\/wp-json\/wp\/v2\/users\/157"}],"replies":[{"embeddable":true,"href":"https:\/\/exaudi.org\/es\/wp-json\/wp\/v2\/comments?post=167789"}],"version-history":[{"count":8,"href":"https:\/\/exaudi.org\/es\/wp-json\/wp\/v2\/posts\/167789\/revisions"}],"predecessor-version":[{"id":167847,"href":"https:\/\/exaudi.org\/es\/wp-json\/wp\/v2\/posts\/167789\/revisions\/167847"}],"wp:featuredmedia":[{"embeddable":true,"href":"https:\/\/exaudi.org\/es\/wp-json\/wp\/v2\/media\/167795"}],"wp:attachment":[{"href":"https:\/\/exaudi.org\/es\/wp-json\/wp\/v2\/media?parent=167789"}],"wp:term":[{"taxonomy":"category","embeddable":true,"href":"https:\/\/exaudi.org\/es\/wp-json\/wp\/v2\/categories?post=167789"},{"taxonomy":"post_tag","embeddable":true,"href":"https:\/\/exaudi.org\/es\/wp-json\/wp\/v2\/tags?post=167789"}],"curies":[{"name":"wp","href":"https:\/\/api.w.org\/{rel}","templated":true}]}}