{"id":167582,"date":"2026-04-23T08:30:41","date_gmt":"2026-04-23T06:30:41","guid":{"rendered":"https:\/\/exaudi.org\/?p=167582"},"modified":"2026-04-22T10:58:44","modified_gmt":"2026-04-22T08:58:44","slug":"el-triptico-de-la-gracia-y-la-caida","status":"publish","type":"post","link":"https:\/\/exaudi.org\/es\/el-triptico-de-la-gracia-y-la-caida\/","title":{"rendered":"El Tr\u00edptico de la gracia y la ca\u00edda"},"content":{"rendered":"<p data-path-to-node=\"2\">La obra de Jheronimus van Aken, universalmente conocido como <b data-path-to-node=\"2\" data-index-in-node=\"61\">El Bosco<\/b>, no es solo una cumbre del arte flamenco; es, para el ojo del creyente, un examen de conciencia desplegado en madera de roble. Bajo el t\u00edtulo popular de <i data-path-to-node=\"2\" data-index-in-node=\"223\">El jard\u00edn de las delicias<\/i> \u2014o <i data-path-to-node=\"2\" data-index-in-node=\"252\">La pintura del madro\u00f1o<\/i>, como se le conoci\u00f3 en las colecciones reales espa\u00f1olas\u2014 se esconde un mapa teol\u00f3gico de una profundidad sobrecogedora.<\/p>\n<p><iframe title=\"Spotify Embed: El Tr\u00edptico de la gracia y la ca\u00edda\" style=\"border-radius: 12px\" width=\"100%\" height=\"152\" frameborder=\"0\" allowfullscreen allow=\"autoplay; clipboard-write; encrypted-media; fullscreen; picture-in-picture\" loading=\"lazy\" src=\"https:\/\/open.spotify.com\/embed\/episode\/6qqVLHdZfYuuFKWjz4Voej?si=7f397fe9f0534dbb&amp;utm_source=oembed\"><\/iframe><\/p>\n<p data-path-to-node=\"3\">Para el cat\u00f3lico contempor\u00e1neo, esta obra no debe leerse como una fantas\u00eda surrealista, sino como una <b data-path-to-node=\"3\" data-index-in-node=\"102\">catequesis visual<\/b> sobre el uso de la libertad humana, la fragilidad de la gracia y la victoria final de la justicia divina.<\/p>\n<h3 data-path-to-node=\"5\"><strong>El G\u00e9nesis: El Fundamento de la Existencia<\/strong><\/h3>\n<p data-path-to-node=\"6\">El panel izquierdo nos sit\u00faa en el <b data-path-to-node=\"6\" data-index-in-node=\"35\">Para\u00edso Terrenal<\/b>. Aqu\u00ed, el an\u00e1lisis trascendental comienza con la figura central: un Dios joven, encarnado en Cristo (el Logos), que presenta a Eva ante Ad\u00e1n.<\/p>\n<ul>\n<li data-path-to-node=\"7,0,0\"><b data-path-to-node=\"7,0,0\" data-index-in-node=\"0\">La Armon\u00eda Original:<\/b> No hay conflicto. El color es vibrante, el agua de la vida fluye desde una fuente g\u00f3tica refinada.<\/li>\n<li data-path-to-node=\"7,1,0\"><b data-path-to-node=\"7,1,0\" data-index-in-node=\"0\">La Advertencia Sutil:<\/b> A pesar de la paz, El Bosco introduce animales depredadores en la periferia. Es un recordatorio de que la Creaci\u00f3n, aunque buena por naturaleza, es el escenario donde la voluntad ser\u00e1 probada.<\/li>\n<\/ul>\n<p data-path-to-node=\"8\">Para el cristiano, este panel es un recordatorio del <b data-path-to-node=\"8\" data-index-in-node=\"53\">dise\u00f1o original<\/b>: estamos hechos para la comuni\u00f3n, para el asombro ante la obra de Dios y para una relaci\u00f3n ordenada con el Creador.<\/p>\n<h3 data-path-to-node=\"10\"><strong>El Panel Central: El Espejismo de la Autonom\u00eda<\/strong><\/h3>\n<p data-path-to-node=\"11\">El panel central es el que da nombre a la obra y el que m\u00e1s suele confundir al espectador moderno. Lejos de ser una apolog\u00eda del hedonismo, es una <b data-path-to-node=\"11\" data-index-in-node=\"147\">par\u00e1bola del pecado de presunci\u00f3n<\/b>.<\/p>\n<ul>\n<li data-path-to-node=\"12,0,0\"><b data-path-to-node=\"12,0,0\" data-index-in-node=\"0\">El Madro\u00f1o y la Fragilidad:<\/b> La presencia recurrente de madro\u00f1os y bayas no es casual. Son frutos dulces que fermentan r\u00e1pido; representan el placer ef\u00edmero que deja un regusto amargo.<\/li>\n<li data-path-to-node=\"12,1,0\"><b data-path-to-node=\"12,1,0\" data-index-in-node=\"0\">La Multitud An\u00f3nima:<\/b> En este jard\u00edn, los personajes parecen haber olvidado el Cielo. Est\u00e1n absortos en s\u00ed mismos, en juegos er\u00f3ticos triviales y en el consumo de frutos gigantes. Es la imagen de una humanidad que busca la felicidad fuera de Dios, convirtiendo los bienes creados en \u00eddolos.<\/li>\n<li data-path-to-node=\"12,2,0\"><b data-path-to-node=\"12,2,0\" data-index-in-node=\"0\">El An\u00e1lisis Art\u00edstico:<\/b> La t\u00e9cnica del Bosco es minuciosa, casi miniaturista, lo que obliga al espectador a acercarse. Esta cercan\u00eda nos hace c\u00f3mplices del detalle, para luego alejarnos y ver el caos del conjunto: una humanidad que gira en c\u00edrculos (literalmente, en la cabalgata alrededor del estanque) sin un norte espiritual.<\/li>\n<\/ul>\n<p data-path-to-node=\"13\">Desde una perspectiva cat\u00f3lica, es la representaci\u00f3n de la <b data-path-to-node=\"13\" data-index-in-node=\"59\">concupiscencia<\/b>. No es un juicio de odio hacia el mundo, sino una advertencia caritativa: \u00abDonde est\u00e1 tu tesoro, all\u00ed estar\u00e1 tu coraz\u00f3n\u00bb.<\/p>\n<h3 data-path-to-node=\"15\"><strong>El Infierno Musical: La Ausencia de Dios<\/strong><\/h3>\n<p data-path-to-node=\"16\">El panel derecho es el desenlace l\u00f3gico de la libertad mal empleada. El Bosco pinta un \u00abinfierno musical\u00bb donde los instrumentos de alegr\u00eda se convierten en m\u00e1quinas de tortura.<\/p>\n<ul>\n<li data-path-to-node=\"17,0,0\"><b data-path-to-node=\"17,0,0\" data-index-in-node=\"0\">La Noche del Alma:<\/b> El contraste lum\u00ednico es absoluto. Del mediod\u00eda del jard\u00edn pasamos a las tinieblas iluminadas por incendios.<\/li>\n<li data-path-to-node=\"17,1,0\"><b data-path-to-node=\"17,1,0\" data-index-in-node=\"0\">El Hombre-\u00c1rbol:<\/b> En el centro de este caos, una figura p\u00e1lida con cuerpo de huevo roto y mirada melanc\u00f3lica nos observa. Muchos ven aqu\u00ed un autorretrato del Bosco. Su mirada no es de odio, sino de una <b data-path-to-node=\"17,1,0\" data-index-in-node=\"201\">tristeza infinita<\/b>. Es el alma que comprende, demasiado tarde, lo que ha perdido.<\/li>\n<li data-path-to-node=\"17,2,0\"><b data-path-to-node=\"17,2,0\" data-index-in-node=\"0\">La Justicia Po\u00e9tica:<\/b> El Bosco castiga cada sentido. Quien solo vivi\u00f3 para el placer del o\u00eddo, sufre el estruendo; quien vivi\u00f3 para la gula, es devorado.<\/li>\n<li data-path-to-node=\"19\"><strong>La Belleza como Llamado a la Conversi\u00f3n<\/strong><\/li>\n<\/ul>\n<p data-path-to-node=\"20\">El an\u00e1lisis art\u00edstico de esta obra no puede obviar su cierre. Cuando el tr\u00edptico se pliega, vemos el <b data-path-to-node=\"20\" data-index-in-node=\"101\">Mundo en el tercer d\u00eda de la Creaci\u00f3n<\/b>, encerrado en una esfera de cristal bajo la mirada de Dios Padre. Es una imagen de fragilidad absoluta.<\/p>\n<p data-path-to-node=\"21\">Para un cat\u00f3lico, <i data-path-to-node=\"21\" data-index-in-node=\"18\">El jard\u00edn de las delicias<\/i> es un <b data-path-to-node=\"21\" data-index-in-node=\"50\">ejercicio de esperanza<\/b>. \u00bfPor qu\u00e9? Porque al mostrarnos la fealdad del pecado y el vac\u00edo de una vida sin Dios, revaloriza la belleza de la Redenci\u00f3n. El Bosco no nos pinta el infierno para aterrarnos, sino para que valoremos el Jard\u00edn que no se marchita.<\/p>\n<p data-path-to-node=\"22\">La obra nos invita a vivir con los pies en la tierra pero el coraz\u00f3n en el panel izquierdo (la Gracia), evitando el espejismo del panel central para nunca tener que habitar el derecho. Es, en definitiva, un himno a la <b data-path-to-node=\"22\" data-index-in-node=\"218\">Misericordia<\/b>, que siempre nos espera antes de que el tr\u00edptico de nuestra vida se cierre definitivamente.<\/p>\n<blockquote data-path-to-node=\"23\">\n<p data-path-to-node=\"23,0\">\u00abSe\u00f1or, no permitas que me pierda en el dulzor del madro\u00f1o, sino que encuentre siempre mi descanso en la fuente de tu Para\u00edso.\u00bb<\/p>\n<\/blockquote>\n<p data-path-to-node=\"23,0\"><img loading=\"lazy\" decoding=\"async\" class=\"size-full wp-image-167591 alignnone\" src=\"https:\/\/exaudi.org\/wp-content\/uploads\/2026\/04\/Cultura-2.jpg\" alt=\"\" width=\"1080\" height=\"1080\" srcset=\"https:\/\/exaudi.org\/wp-content\/uploads\/2026\/04\/Cultura-2.jpg 1080w, https:\/\/exaudi.org\/wp-content\/uploads\/2026\/04\/Cultura-2-300x300.jpg 300w, https:\/\/exaudi.org\/wp-content\/uploads\/2026\/04\/Cultura-2-1024x1024.jpg 1024w, https:\/\/exaudi.org\/wp-content\/uploads\/2026\/04\/Cultura-2-100x100.jpg?crop=1 100w, https:\/\/exaudi.org\/wp-content\/uploads\/2026\/04\/Cultura-2-770x770.jpg 770w, https:\/\/exaudi.org\/wp-content\/uploads\/2026\/04\/Cultura-2-500x500.jpg 500w\" sizes=\"auto, (max-width: 1080px) 100vw, 1080px\" \/><\/p>\n","protected":false},"excerpt":{"rendered":"<p>\u00abEl Jard\u00edn de las Delicias\u00bb: Del Ed\u00e9n al juicio: El espejo del alma que Jheronimus Bosch pint\u00f3 para la eternidad<\/p>\n","protected":false},"author":179,"featured_media":167585,"comment_status":"closed","ping_status":"closed","sticky":false,"template":"","format":"standard","meta":{"_acf_changed":false,"_crdt_document":"","inline_featured_image":false,"footnotes":""},"categories":[72],"tags":[109864,109869,15004,32920,109866,107830,36803,37380,41599,109870,109863,48155,8156,109868,109865,109873,109872,109867,19229,58880,109871],"class_list":["post-167582","post","type-post","status-publish","format-standard","has-post-thumbnail","hentry","category-analisis","tag-analisis-artistico","tag-analisis-trascendental","tag-arte-sacro","tag-arte-y-fe","tag-catequesis-visual","tag-cristianismo-y-arte","tag-el-bosco","tag-estetica-cristiana","tag-historia-del-arte","tag-interpretacion-catolica","tag-jardin-de-las-delicias","tag-meditacion-espiritual","tag-museo-del-prado","tag-pintura-del-madrono","tag-pintura-flamenca","tag-renacimiento-nordico","tag-salvacion-y-pecado","tag-simbolismo-medieval","tag-teologia-catolica","tag-trending-es-151","tag-triptico-del-bosco"],"acf":[],"yoast_head":"<!-- This site is optimized with the Yoast SEO plugin v27.4 - https:\/\/yoast.com\/product\/yoast-seo-wordpress\/ -->\n<title>El Tr\u00edptico de la gracia y la ca\u00edda &#8211; Exaudi<\/title>\n<meta name=\"robots\" content=\"index, follow, max-snippet:-1, max-image-preview:large, max-video-preview:-1\" \/>\n<link rel=\"canonical\" href=\"https:\/\/exaudi.org\/es\/el-triptico-de-la-gracia-y-la-caida\/\" \/>\n<meta property=\"og:locale\" content=\"es_ES\" \/>\n<meta property=\"og:type\" content=\"article\" \/>\n<meta property=\"og:title\" content=\"El Tr\u00edptico de la gracia y la ca\u00edda &#8211; Exaudi\" \/>\n<meta property=\"og:description\" content=\"\u00abEl Jard\u00edn de las Delicias\u00bb: Del Ed\u00e9n al juicio: El espejo del alma que Jheronimus Bosch pint\u00f3 para la eternidad\" \/>\n<meta property=\"og:url\" content=\"https:\/\/exaudi.org\/es\/el-triptico-de-la-gracia-y-la-caida\/\" \/>\n<meta property=\"og:site_name\" content=\"Exaudi\" \/>\n<meta property=\"article:publisher\" content=\"https:\/\/www.facebook.com\/ExaudiNews\" \/>\n<meta property=\"article:published_time\" content=\"2026-04-23T06:30:41+00:00\" \/>\n<meta property=\"og:image\" content=\"https:\/\/exaudi.org\/wp-content\/uploads\/2026\/04\/Triptico-del-Jardin-de-las-delicias.jpg\" \/>\n\t<meta property=\"og:image:width\" content=\"1920\" \/>\n\t<meta property=\"og:image:height\" content=\"1030\" \/>\n\t<meta property=\"og:image:type\" content=\"image\/jpeg\" \/>\n<meta name=\"author\" content=\"Sonia Clara del Campo\" \/>\n<meta name=\"twitter:card\" content=\"summary_large_image\" \/>\n<meta name=\"twitter:creator\" content=\"@Exaudi_News\" \/>\n<meta name=\"twitter:site\" content=\"@Exaudi_News\" \/>\n<meta name=\"twitter:label1\" content=\"Escrito por\" \/>\n\t<meta name=\"twitter:data1\" content=\"Sonia Clara del Campo\" \/>\n\t<meta name=\"twitter:label2\" content=\"Tiempo de lectura\" \/>\n\t<meta name=\"twitter:data2\" content=\"4 minutos\" \/>\n<script type=\"application\/ld+json\" class=\"yoast-schema-graph\">{\"@context\":\"https:\\\/\\\/schema.org\",\"@graph\":[{\"@type\":\"Article\",\"@id\":\"https:\\\/\\\/exaudi.org\\\/es\\\/el-triptico-de-la-gracia-y-la-caida\\\/#article\",\"isPartOf\":{\"@id\":\"https:\\\/\\\/exaudi.org\\\/es\\\/el-triptico-de-la-gracia-y-la-caida\\\/\"},\"author\":{\"name\":\"Sonia Clara del Campo\",\"@id\":\"https:\\\/\\\/exaudi.org\\\/#\\\/schema\\\/person\\\/9c612b7129b856dad9c2f9aca1d69f8e\"},\"headline\":\"El Tr\u00edptico de la gracia y la ca\u00edda\",\"datePublished\":\"2026-04-23T06:30:41+00:00\",\"mainEntityOfPage\":{\"@id\":\"https:\\\/\\\/exaudi.org\\\/es\\\/el-triptico-de-la-gracia-y-la-caida\\\/\"},\"wordCount\":842,\"image\":{\"@id\":\"https:\\\/\\\/exaudi.org\\\/es\\\/el-triptico-de-la-gracia-y-la-caida\\\/#primaryimage\"},\"thumbnailUrl\":\"https:\\\/\\\/exaudi.org\\\/wp-content\\\/uploads\\\/2026\\\/04\\\/Triptico-del-Jardin-de-las-delicias.jpg\",\"keywords\":[\"an\u00e1lisis art\u00edstico\",\"an\u00e1lisis trascendental\",\"ARTE SACRO\",\"Arte y fe\",\"catequesis visual\",\"cristianismo y arte\",\"El Bosco\",\"Est\u00e9tica cristiana\",\"historia del arte\",\"interpretaci\u00f3n cat\u00f3lica\",\"jard\u00edn de las delicias\",\"meditaci\u00f3n espiritual\",\"Museo del Prado\",\"pintura del madro\u00f1o\",\"pintura flamenca\",\"renacimiento n\u00f3rdico\",\"salvaci\u00f3n y pecado\",\"simbolismo medieval\",\"teolog\u00eda cat\u00f3lica\",\"Trending\",\"tr\u00edptico del bosco\"],\"articleSection\":[\"An\u00e1lisis\"],\"inLanguage\":\"es\"},{\"@type\":\"WebPage\",\"@id\":\"https:\\\/\\\/exaudi.org\\\/es\\\/el-triptico-de-la-gracia-y-la-caida\\\/\",\"url\":\"https:\\\/\\\/exaudi.org\\\/es\\\/el-triptico-de-la-gracia-y-la-caida\\\/\",\"name\":\"El Tr\u00edptico de la gracia y la ca\u00edda &#8211; Exaudi\",\"isPartOf\":{\"@id\":\"https:\\\/\\\/exaudi.org\\\/#website\"},\"primaryImageOfPage\":{\"@id\":\"https:\\\/\\\/exaudi.org\\\/es\\\/el-triptico-de-la-gracia-y-la-caida\\\/#primaryimage\"},\"image\":{\"@id\":\"https:\\\/\\\/exaudi.org\\\/es\\\/el-triptico-de-la-gracia-y-la-caida\\\/#primaryimage\"},\"thumbnailUrl\":\"https:\\\/\\\/exaudi.org\\\/wp-content\\\/uploads\\\/2026\\\/04\\\/Triptico-del-Jardin-de-las-delicias.jpg\",\"datePublished\":\"2026-04-23T06:30:41+00:00\",\"author\":{\"@id\":\"https:\\\/\\\/exaudi.org\\\/#\\\/schema\\\/person\\\/9c612b7129b856dad9c2f9aca1d69f8e\"},\"breadcrumb\":{\"@id\":\"https:\\\/\\\/exaudi.org\\\/es\\\/el-triptico-de-la-gracia-y-la-caida\\\/#breadcrumb\"},\"inLanguage\":\"es\",\"potentialAction\":[{\"@type\":\"ReadAction\",\"target\":[\"https:\\\/\\\/exaudi.org\\\/es\\\/el-triptico-de-la-gracia-y-la-caida\\\/\"]}]},{\"@type\":\"ImageObject\",\"inLanguage\":\"es\",\"@id\":\"https:\\\/\\\/exaudi.org\\\/es\\\/el-triptico-de-la-gracia-y-la-caida\\\/#primaryimage\",\"url\":\"https:\\\/\\\/exaudi.org\\\/wp-content\\\/uploads\\\/2026\\\/04\\\/Triptico-del-Jardin-de-las-delicias.jpg\",\"contentUrl\":\"https:\\\/\\\/exaudi.org\\\/wp-content\\\/uploads\\\/2026\\\/04\\\/Triptico-del-Jardin-de-las-delicias.jpg\",\"width\":1920,\"height\":1030,\"caption\":\"El jard\u00edn de las Delicias o La pintura del Madro\u00f1o, El Bosco . @Museo del Prado\"},{\"@type\":\"BreadcrumbList\",\"@id\":\"https:\\\/\\\/exaudi.org\\\/es\\\/el-triptico-de-la-gracia-y-la-caida\\\/#breadcrumb\",\"itemListElement\":[{\"@type\":\"ListItem\",\"position\":1,\"name\":\"Portada\",\"item\":\"https:\\\/\\\/exaudi.org\\\/es\\\/\"},{\"@type\":\"ListItem\",\"position\":2,\"name\":\"El Tr\u00edptico de la gracia y la ca\u00edda\"}]},{\"@type\":\"WebSite\",\"@id\":\"https:\\\/\\\/exaudi.org\\\/#website\",\"url\":\"https:\\\/\\\/exaudi.org\\\/\",\"name\":\"Exaudi\",\"description\":\"News\",\"potentialAction\":[{\"@type\":\"SearchAction\",\"target\":{\"@type\":\"EntryPoint\",\"urlTemplate\":\"https:\\\/\\\/exaudi.org\\\/?s={search_term_string}\"},\"query-input\":{\"@type\":\"PropertyValueSpecification\",\"valueRequired\":true,\"valueName\":\"search_term_string\"}}],\"inLanguage\":\"es\"},{\"@type\":\"Person\",\"@id\":\"https:\\\/\\\/exaudi.org\\\/#\\\/schema\\\/person\\\/9c612b7129b856dad9c2f9aca1d69f8e\",\"name\":\"Sonia Clara del Campo\",\"image\":{\"@type\":\"ImageObject\",\"inLanguage\":\"es\",\"@id\":\"https:\\\/\\\/secure.gravatar.com\\\/avatar\\\/ce0229a69d9f3385234a47a959940c8437023df4a527b6779c05478dfe6606e1?s=96&d=mm&r=g\",\"url\":\"https:\\\/\\\/secure.gravatar.com\\\/avatar\\\/ce0229a69d9f3385234a47a959940c8437023df4a527b6779c05478dfe6606e1?s=96&d=mm&r=g\",\"contentUrl\":\"https:\\\/\\\/secure.gravatar.com\\\/avatar\\\/ce0229a69d9f3385234a47a959940c8437023df4a527b6779c05478dfe6606e1?s=96&d=mm&r=g\",\"caption\":\"Sonia Clara del Campo\"},\"description\":\"Sonia Clara del Campo es historiadora del arte y te\u00f3loga. Se ha dedicado al estudio de la belleza como v\u00eda privilegiada de encuentro con Dios. Apasionada de la m\u00fasica sacra y el arte religioso, escribe desde la convicci\u00f3n de que la Iglesia ha sido la mayor protectora y promotora de las artes en la historia de la humanidad, y que hoy m\u00e1s que nunca necesitamos redescubrir ese tesoro espiritual y cultural.\",\"url\":\"https:\\\/\\\/exaudi.org\\\/es\\\/author\\\/sonia-clara-del-campo\\\/\"}]}<\/script>\n<!-- \/ Yoast SEO plugin. -->","yoast_head_json":{"title":"El Tr\u00edptico de la gracia y la ca\u00edda &#8211; Exaudi","robots":{"index":"index","follow":"follow","max-snippet":"max-snippet:-1","max-image-preview":"max-image-preview:large","max-video-preview":"max-video-preview:-1"},"canonical":"https:\/\/exaudi.org\/es\/el-triptico-de-la-gracia-y-la-caida\/","og_locale":"es_ES","og_type":"article","og_title":"El Tr\u00edptico de la gracia y la ca\u00edda &#8211; Exaudi","og_description":"\u00abEl Jard\u00edn de las Delicias\u00bb: Del Ed\u00e9n al juicio: El espejo del alma que Jheronimus Bosch pint\u00f3 para la eternidad","og_url":"https:\/\/exaudi.org\/es\/el-triptico-de-la-gracia-y-la-caida\/","og_site_name":"Exaudi","article_publisher":"https:\/\/www.facebook.com\/ExaudiNews","article_published_time":"2026-04-23T06:30:41+00:00","og_image":[{"width":1920,"height":1030,"url":"https:\/\/exaudi.org\/wp-content\/uploads\/2026\/04\/Triptico-del-Jardin-de-las-delicias.jpg","type":"image\/jpeg"}],"author":"Sonia Clara del Campo","twitter_card":"summary_large_image","twitter_creator":"@Exaudi_News","twitter_site":"@Exaudi_News","twitter_misc":{"Escrito por":"Sonia Clara del Campo","Tiempo de lectura":"4 minutos"},"schema":{"@context":"https:\/\/schema.org","@graph":[{"@type":"Article","@id":"https:\/\/exaudi.org\/es\/el-triptico-de-la-gracia-y-la-caida\/#article","isPartOf":{"@id":"https:\/\/exaudi.org\/es\/el-triptico-de-la-gracia-y-la-caida\/"},"author":{"name":"Sonia Clara del Campo","@id":"https:\/\/exaudi.org\/#\/schema\/person\/9c612b7129b856dad9c2f9aca1d69f8e"},"headline":"El Tr\u00edptico de la gracia y la ca\u00edda","datePublished":"2026-04-23T06:30:41+00:00","mainEntityOfPage":{"@id":"https:\/\/exaudi.org\/es\/el-triptico-de-la-gracia-y-la-caida\/"},"wordCount":842,"image":{"@id":"https:\/\/exaudi.org\/es\/el-triptico-de-la-gracia-y-la-caida\/#primaryimage"},"thumbnailUrl":"https:\/\/exaudi.org\/wp-content\/uploads\/2026\/04\/Triptico-del-Jardin-de-las-delicias.jpg","keywords":["an\u00e1lisis art\u00edstico","an\u00e1lisis trascendental","ARTE SACRO","Arte y fe","catequesis visual","cristianismo y arte","El Bosco","Est\u00e9tica cristiana","historia del arte","interpretaci\u00f3n cat\u00f3lica","jard\u00edn de las delicias","meditaci\u00f3n espiritual","Museo del Prado","pintura del madro\u00f1o","pintura flamenca","renacimiento n\u00f3rdico","salvaci\u00f3n y pecado","simbolismo medieval","teolog\u00eda cat\u00f3lica","Trending","tr\u00edptico del bosco"],"articleSection":["An\u00e1lisis"],"inLanguage":"es"},{"@type":"WebPage","@id":"https:\/\/exaudi.org\/es\/el-triptico-de-la-gracia-y-la-caida\/","url":"https:\/\/exaudi.org\/es\/el-triptico-de-la-gracia-y-la-caida\/","name":"El Tr\u00edptico de la gracia y la ca\u00edda &#8211; Exaudi","isPartOf":{"@id":"https:\/\/exaudi.org\/#website"},"primaryImageOfPage":{"@id":"https:\/\/exaudi.org\/es\/el-triptico-de-la-gracia-y-la-caida\/#primaryimage"},"image":{"@id":"https:\/\/exaudi.org\/es\/el-triptico-de-la-gracia-y-la-caida\/#primaryimage"},"thumbnailUrl":"https:\/\/exaudi.org\/wp-content\/uploads\/2026\/04\/Triptico-del-Jardin-de-las-delicias.jpg","datePublished":"2026-04-23T06:30:41+00:00","author":{"@id":"https:\/\/exaudi.org\/#\/schema\/person\/9c612b7129b856dad9c2f9aca1d69f8e"},"breadcrumb":{"@id":"https:\/\/exaudi.org\/es\/el-triptico-de-la-gracia-y-la-caida\/#breadcrumb"},"inLanguage":"es","potentialAction":[{"@type":"ReadAction","target":["https:\/\/exaudi.org\/es\/el-triptico-de-la-gracia-y-la-caida\/"]}]},{"@type":"ImageObject","inLanguage":"es","@id":"https:\/\/exaudi.org\/es\/el-triptico-de-la-gracia-y-la-caida\/#primaryimage","url":"https:\/\/exaudi.org\/wp-content\/uploads\/2026\/04\/Triptico-del-Jardin-de-las-delicias.jpg","contentUrl":"https:\/\/exaudi.org\/wp-content\/uploads\/2026\/04\/Triptico-del-Jardin-de-las-delicias.jpg","width":1920,"height":1030,"caption":"El jard\u00edn de las Delicias o La pintura del Madro\u00f1o, El Bosco . @Museo del Prado"},{"@type":"BreadcrumbList","@id":"https:\/\/exaudi.org\/es\/el-triptico-de-la-gracia-y-la-caida\/#breadcrumb","itemListElement":[{"@type":"ListItem","position":1,"name":"Portada","item":"https:\/\/exaudi.org\/es\/"},{"@type":"ListItem","position":2,"name":"El Tr\u00edptico de la gracia y la ca\u00edda"}]},{"@type":"WebSite","@id":"https:\/\/exaudi.org\/#website","url":"https:\/\/exaudi.org\/","name":"Exaudi","description":"News","potentialAction":[{"@type":"SearchAction","target":{"@type":"EntryPoint","urlTemplate":"https:\/\/exaudi.org\/?s={search_term_string}"},"query-input":{"@type":"PropertyValueSpecification","valueRequired":true,"valueName":"search_term_string"}}],"inLanguage":"es"},{"@type":"Person","@id":"https:\/\/exaudi.org\/#\/schema\/person\/9c612b7129b856dad9c2f9aca1d69f8e","name":"Sonia Clara del Campo","image":{"@type":"ImageObject","inLanguage":"es","@id":"https:\/\/secure.gravatar.com\/avatar\/ce0229a69d9f3385234a47a959940c8437023df4a527b6779c05478dfe6606e1?s=96&d=mm&r=g","url":"https:\/\/secure.gravatar.com\/avatar\/ce0229a69d9f3385234a47a959940c8437023df4a527b6779c05478dfe6606e1?s=96&d=mm&r=g","contentUrl":"https:\/\/secure.gravatar.com\/avatar\/ce0229a69d9f3385234a47a959940c8437023df4a527b6779c05478dfe6606e1?s=96&d=mm&r=g","caption":"Sonia Clara del Campo"},"description":"Sonia Clara del Campo es historiadora del arte y te\u00f3loga. Se ha dedicado al estudio de la belleza como v\u00eda privilegiada de encuentro con Dios. Apasionada de la m\u00fasica sacra y el arte religioso, escribe desde la convicci\u00f3n de que la Iglesia ha sido la mayor protectora y promotora de las artes en la historia de la humanidad, y que hoy m\u00e1s que nunca necesitamos redescubrir ese tesoro espiritual y cultural.","url":"https:\/\/exaudi.org\/es\/author\/sonia-clara-del-campo\/"}]}},"jetpack_featured_media_url":"https:\/\/exaudi.org\/wp-content\/uploads\/2026\/04\/Triptico-del-Jardin-de-las-delicias.jpg","jetpack_shortlink":"https:\/\/wp.me\/pgKjF2-HAW","_links":{"self":[{"href":"https:\/\/exaudi.org\/es\/wp-json\/wp\/v2\/posts\/167582","targetHints":{"allow":["GET"]}}],"collection":[{"href":"https:\/\/exaudi.org\/es\/wp-json\/wp\/v2\/posts"}],"about":[{"href":"https:\/\/exaudi.org\/es\/wp-json\/wp\/v2\/types\/post"}],"author":[{"embeddable":true,"href":"https:\/\/exaudi.org\/es\/wp-json\/wp\/v2\/users\/179"}],"replies":[{"embeddable":true,"href":"https:\/\/exaudi.org\/es\/wp-json\/wp\/v2\/comments?post=167582"}],"version-history":[{"count":6,"href":"https:\/\/exaudi.org\/es\/wp-json\/wp\/v2\/posts\/167582\/revisions"}],"predecessor-version":[{"id":167604,"href":"https:\/\/exaudi.org\/es\/wp-json\/wp\/v2\/posts\/167582\/revisions\/167604"}],"wp:featuredmedia":[{"embeddable":true,"href":"https:\/\/exaudi.org\/es\/wp-json\/wp\/v2\/media\/167585"}],"wp:attachment":[{"href":"https:\/\/exaudi.org\/es\/wp-json\/wp\/v2\/media?parent=167582"}],"wp:term":[{"taxonomy":"category","embeddable":true,"href":"https:\/\/exaudi.org\/es\/wp-json\/wp\/v2\/categories?post=167582"},{"taxonomy":"post_tag","embeddable":true,"href":"https:\/\/exaudi.org\/es\/wp-json\/wp\/v2\/tags?post=167582"}],"curies":[{"name":"wp","href":"https:\/\/api.w.org\/{rel}","templated":true}]}}