{"id":167579,"date":"2026-04-23T09:30:01","date_gmt":"2026-04-23T07:30:01","guid":{"rendered":"https:\/\/exaudi.org\/?p=167579"},"modified":"2026-04-22T10:49:00","modified_gmt":"2026-04-22T08:49:00","slug":"la-metafisica-del-mando-el-directivo-como-custodio-de-la-esperanza","status":"publish","type":"post","link":"https:\/\/exaudi.org\/es\/la-metafisica-del-mando-el-directivo-como-custodio-de-la-esperanza\/","title":{"rendered":"La metaf\u00edsica del mando: El directivo como custodio de la esperanza"},"content":{"rendered":"<p>El liderazgo en la empresa contempor\u00e1nea ha sido v\u00edctima de una visi\u00f3n excesivamente t\u00e9cnica, donde el directivo es reducido a un optimizador de procesos y recursos. Sin embargo, la tradici\u00f3n cat\u00f3lica y los modernos te\u00f3ricos del <em>Humanistic Management<\/em> sostienen que dirigir es, esencialmente, una <strong>virtud pol\u00edtica<\/strong>. No se trata solo de gestionar activos, sino de gobernar una comunidad de personas libres hacia un fin compartido. El directivo cat\u00f3lico debe entender que su autoridad (<em>auctoritas<\/em>) no emana del organigrama, sino de su capacidad para hacer crecer la realidad que le ha sido confiada. Es un \u00abarquitecto de la dignidad\u00bb que dise\u00f1a espacios donde el error no es castigado con el descarte, sino transformado mediante el aprendizaje y la responsabilidad.<\/p>\n<p><iframe title=\"Spotify Embed: La metaf\u00edsica del mando El directivo como custodio de la esperanza\" style=\"border-radius: 12px\" width=\"100%\" height=\"152\" frameborder=\"0\" allowfullscreen allow=\"autoplay; clipboard-write; encrypted-media; fullscreen; picture-in-picture\" loading=\"lazy\" src=\"https:\/\/open.spotify.com\/embed\/episode\/7x3LqVu42GISdzeq7k5ZIx?si=8c469e04077a4b4a&amp;utm_source=oembed\"><\/iframe><\/p>\n<p>En las aulas de postgrado de universidades cat\u00f3licas, se analiza que la crisis de compromiso laboral actual es, en el fondo, una crisis de sentido. El trabajador no huye del esfuerzo, sino del vac\u00edo existencial. Por ello, el l\u00edder tiene la misi\u00f3n de dotar de <strong>prop\u00f3sito trascendente<\/strong> a la tarea diaria. Esto implica que la visi\u00f3n de la empresa no puede limitarse a \u00abser l\u00edderes del sector\u00bb, sino a \u00abcontribuir a la perfecci\u00f3n de la sociedad\u00bb. Cuando un l\u00edder logra que cada miembro de la organizaci\u00f3n comprenda que su trabajo es una pieza esencial del Bien Com\u00fan, est\u00e1 realizando un acto de justicia antropol\u00f3gica que eleva la moral de todo el cuerpo social.<\/p>\n<p>La prudencia es la virtud reina del mando. Un directivo profundo sabe que las reglas generales deben aplicarse a casos particulares con una sensibilidad exquisita. Esto supone romper con la rigidez burocr\u00e1tica para atender la singularidad de cada empleado: sus crisis personales, sus anhelos de crecimiento y sus limitaciones. La empresa \u00e9tica no es una m\u00e1quina de uniformidad, sino una armon\u00eda de diversidades. El mando se ejerce desde la <strong>presencia emp\u00e1tica<\/strong>, reconociendo en el colaborador a un ser con un destino eterno, cuya dignidad es innegociable e independiente de su productividad inmediata.<\/p>\n<p>Finalmente, este modelo de mando exige una <strong>ascesis personal<\/strong>. No se puede guiar a otros si no se tiene dominio sobre uno mismo. El directivo est\u00e1 llamado a la humildad de reconocer que no posee todas las respuestas y que su \u00e9xito depende de la colaboraci\u00f3n colectiva. Al final del d\u00eda, el mando es una carga de responsabilidad; el l\u00edder rendir\u00e1 cuentas de cu\u00e1ntas personas han salido \u00abmejoradas\u00bb tras pasar por su organizaci\u00f3n. Es la transici\u00f3n definitiva de la gesti\u00f3n del \u00e9xito individual a la gesti\u00f3n del significado comunitario.<\/p>\n<h3><strong>Recomendaciones<\/strong><\/h3>\n<ol>\n<li><strong>Implementar la \u00abSilla de la Subsidiaridad\u00bb:<\/strong> Asegurar que las decisiones se tomen en el nivel m\u00e1s cercano al problema, empoderando a los equipos operativos.<\/li>\n<li><strong>Protocolo de Escucha Activa Estructurada:<\/strong> Reuniones mensuales sin orden del d\u00eda para detectar bloqueos emocionales y operativos en la plantilla.<\/li>\n<li><strong>Auditor\u00eda de Estilo de Liderazgo:<\/strong> Evaluar a los mandos mediante encuestas 360\u00b0 que midan su capacidad para desarrollar el talento ajeno.<\/li>\n<li><strong>Transparencia Radical en el \u00abPorqu\u00e9\u00bb:<\/strong> Comunicar siempre las razones \u00e9ticas y estrat\u00e9gicas tras los cambios, eliminando el autoritarismo opaco.<\/li>\n<li><strong>Programa de Mentoring Inverso:<\/strong> Fomentar que los empleados j\u00f3venes compartan su visi\u00f3n con los directivos para romper la rigidez jer\u00e1rquica.<\/li>\n<\/ol>\n<p><img loading=\"lazy\" decoding=\"async\" class=\"size-full wp-image-167598 alignnone\" src=\"https:\/\/exaudi.org\/wp-content\/uploads\/2026\/04\/Hello-Monday-Facebook-Post.jpg\" alt=\"\" width=\"940\" height=\"788\" srcset=\"https:\/\/exaudi.org\/wp-content\/uploads\/2026\/04\/Hello-Monday-Facebook-Post.jpg 940w, https:\/\/exaudi.org\/wp-content\/uploads\/2026\/04\/Hello-Monday-Facebook-Post-300x251.jpg 300w, https:\/\/exaudi.org\/wp-content\/uploads\/2026\/04\/Hello-Monday-Facebook-Post-770x645.jpg 770w, https:\/\/exaudi.org\/wp-content\/uploads\/2026\/04\/Hello-Monday-Facebook-Post-500x419.jpg 500w\" sizes=\"auto, (max-width: 940px) 100vw, 940px\" \/><\/p>\n","protected":false},"excerpt":{"rendered":"<p>Del poder como dominaci\u00f3n a la autoridad como arquitectura del florecimiento humano<\/p>\n","protected":false},"author":149,"featured_media":167595,"comment_status":"closed","ping_status":"closed","sticky":false,"template":"","format":"standard","meta":{"_acf_changed":false,"_crdt_document":"","inline_featured_image":false,"footnotes":""},"categories":[72],"tags":[109881,109878,109876,109877,109883,109884,109879,25199,109885,109880,109875,25210,21872,31323,14184,109874,61327,10175,109882,58880,55982],"class_list":["post-167579","post","type-post","status-publish","format-standard","has-post-thumbnail","hentry","category-analisis","tag-antropologia-empresarial","tag-arquitectura-de-la-dignidad","tag-autoridad-y-poder","tag-bien-comun-empresa","tag-cultura-del-florecimiento","tag-desarrollo-del-talento","tag-dignidad-humana-trabajo","tag-etica-empresarial","tag-gestion-comunitaria","tag-gestion-del-sentido","tag-humanistic-management","tag-javier-ferrer-garcia","tag-liderazgo-catolico","tag-liderazgo-etico","tag-liderazgo-humanista","tag-metafisica-del-mando","tag-proposito-trascendente","tag-responsabilidad-social","tag-subsidiariedad-empresarial","tag-trending-es-151","tag-virtudes-directivas"],"acf":[],"yoast_head":"<!-- This site is optimized with the Yoast SEO plugin v27.5 - https:\/\/yoast.com\/product\/yoast-seo-wordpress\/ -->\n<title>La metaf\u00edsica del mando: El directivo como custodio de la esperanza &#8211; Exaudi<\/title>\n<meta name=\"robots\" content=\"index, follow, max-snippet:-1, max-image-preview:large, max-video-preview:-1\" \/>\n<link rel=\"canonical\" href=\"https:\/\/exaudi.org\/es\/la-metafisica-del-mando-el-directivo-como-custodio-de-la-esperanza\/\" \/>\n<meta property=\"og:locale\" content=\"es_ES\" \/>\n<meta property=\"og:type\" content=\"article\" \/>\n<meta property=\"og:title\" content=\"La metaf\u00edsica del mando: El directivo como custodio de la esperanza &#8211; Exaudi\" \/>\n<meta property=\"og:description\" content=\"Del poder como dominaci\u00f3n a la autoridad como arquitectura del florecimiento humano\" \/>\n<meta property=\"og:url\" content=\"https:\/\/exaudi.org\/es\/la-metafisica-del-mando-el-directivo-como-custodio-de-la-esperanza\/\" \/>\n<meta property=\"og:site_name\" content=\"Exaudi\" \/>\n<meta property=\"article:publisher\" content=\"https:\/\/www.facebook.com\/ExaudiNews\" \/>\n<meta property=\"article:published_time\" content=\"2026-04-23T07:30:01+00:00\" \/>\n<meta property=\"og:image\" content=\"https:\/\/exaudi.org\/wp-content\/uploads\/2026\/04\/Gemini_Generated_Image_1ixlje1ixlje1ixl-e1776846580320.png\" \/>\n\t<meta property=\"og:image:width\" content=\"1296\" \/>\n\t<meta property=\"og:image:height\" content=\"725\" \/>\n\t<meta property=\"og:image:type\" content=\"image\/png\" \/>\n<meta name=\"author\" content=\"Javier Ferrer Garc\u00eda\" \/>\n<meta name=\"twitter:card\" content=\"summary_large_image\" \/>\n<meta name=\"twitter:creator\" content=\"@Exaudi_News\" \/>\n<meta name=\"twitter:site\" content=\"@Exaudi_News\" \/>\n<meta name=\"twitter:label1\" content=\"Escrito por\" \/>\n\t<meta name=\"twitter:data1\" content=\"Javier Ferrer Garc\u00eda\" \/>\n\t<meta name=\"twitter:label2\" content=\"Tiempo de lectura\" \/>\n\t<meta name=\"twitter:data2\" content=\"3 minutos\" \/>\n<script type=\"application\/ld+json\" class=\"yoast-schema-graph\">{\"@context\":\"https:\\\/\\\/schema.org\",\"@graph\":[{\"@type\":\"Article\",\"@id\":\"https:\\\/\\\/exaudi.org\\\/es\\\/la-metafisica-del-mando-el-directivo-como-custodio-de-la-esperanza\\\/#article\",\"isPartOf\":{\"@id\":\"https:\\\/\\\/exaudi.org\\\/es\\\/la-metafisica-del-mando-el-directivo-como-custodio-de-la-esperanza\\\/\"},\"author\":{\"name\":\"Javier Ferrer Garc\u00eda\",\"@id\":\"https:\\\/\\\/exaudi.org\\\/#\\\/schema\\\/person\\\/0428626ea256fe1d193098fe0ee2b91d\"},\"headline\":\"La metaf\u00edsica del mando: El directivo como custodio de la esperanza\",\"datePublished\":\"2026-04-23T07:30:01+00:00\",\"mainEntityOfPage\":{\"@id\":\"https:\\\/\\\/exaudi.org\\\/es\\\/la-metafisica-del-mando-el-directivo-como-custodio-de-la-esperanza\\\/\"},\"wordCount\":585,\"image\":{\"@id\":\"https:\\\/\\\/exaudi.org\\\/es\\\/la-metafisica-del-mando-el-directivo-como-custodio-de-la-esperanza\\\/#primaryimage\"},\"thumbnailUrl\":\"https:\\\/\\\/exaudi.org\\\/wp-content\\\/uploads\\\/2026\\\/04\\\/Gemini_Generated_Image_1ixlje1ixlje1ixl-e1776846580320.png\",\"keywords\":[\"antropolog\u00eda empresarial\",\"arquitectura de la dignidad\",\"autoridad y poder\",\"bien com\u00fan empresa\",\"cultura del florecimiento\",\"desarrollo del talento\",\"dignidad humana trabajo\",\"\u00e9tica empresarial\",\"gesti\u00f3n comunitaria\",\"gesti\u00f3n del sentido\",\"humanistic management\",\"Javier Ferrer Garc\u00eda\",\"liderazgo cat\u00f3lico\",\"liderazgo \u00e9tico\",\"liderazgo humanista\",\"metaf\u00edsica del mando\",\"prop\u00f3sito trascendente\",\"Responsabilidad Social\",\"subsidiariedad empresarial\",\"Trending\",\"virtudes directivas\"],\"articleSection\":[\"An\u00e1lisis\"],\"inLanguage\":\"es\"},{\"@type\":\"WebPage\",\"@id\":\"https:\\\/\\\/exaudi.org\\\/es\\\/la-metafisica-del-mando-el-directivo-como-custodio-de-la-esperanza\\\/\",\"url\":\"https:\\\/\\\/exaudi.org\\\/es\\\/la-metafisica-del-mando-el-directivo-como-custodio-de-la-esperanza\\\/\",\"name\":\"La metaf\u00edsica del mando: El directivo como custodio de la esperanza &#8211; Exaudi\",\"isPartOf\":{\"@id\":\"https:\\\/\\\/exaudi.org\\\/#website\"},\"primaryImageOfPage\":{\"@id\":\"https:\\\/\\\/exaudi.org\\\/es\\\/la-metafisica-del-mando-el-directivo-como-custodio-de-la-esperanza\\\/#primaryimage\"},\"image\":{\"@id\":\"https:\\\/\\\/exaudi.org\\\/es\\\/la-metafisica-del-mando-el-directivo-como-custodio-de-la-esperanza\\\/#primaryimage\"},\"thumbnailUrl\":\"https:\\\/\\\/exaudi.org\\\/wp-content\\\/uploads\\\/2026\\\/04\\\/Gemini_Generated_Image_1ixlje1ixlje1ixl-e1776846580320.png\",\"datePublished\":\"2026-04-23T07:30:01+00:00\",\"author\":{\"@id\":\"https:\\\/\\\/exaudi.org\\\/#\\\/schema\\\/person\\\/0428626ea256fe1d193098fe0ee2b91d\"},\"breadcrumb\":{\"@id\":\"https:\\\/\\\/exaudi.org\\\/es\\\/la-metafisica-del-mando-el-directivo-como-custodio-de-la-esperanza\\\/#breadcrumb\"},\"inLanguage\":\"es\",\"potentialAction\":[{\"@type\":\"ReadAction\",\"target\":[\"https:\\\/\\\/exaudi.org\\\/es\\\/la-metafisica-del-mando-el-directivo-como-custodio-de-la-esperanza\\\/\"]}]},{\"@type\":\"ImageObject\",\"inLanguage\":\"es\",\"@id\":\"https:\\\/\\\/exaudi.org\\\/es\\\/la-metafisica-del-mando-el-directivo-como-custodio-de-la-esperanza\\\/#primaryimage\",\"url\":\"https:\\\/\\\/exaudi.org\\\/wp-content\\\/uploads\\\/2026\\\/04\\\/Gemini_Generated_Image_1ixlje1ixlje1ixl-e1776846580320.png\",\"contentUrl\":\"https:\\\/\\\/exaudi.org\\\/wp-content\\\/uploads\\\/2026\\\/04\\\/Gemini_Generated_Image_1ixlje1ixlje1ixl-e1776846580320.png\",\"width\":1296,\"height\":725},{\"@type\":\"BreadcrumbList\",\"@id\":\"https:\\\/\\\/exaudi.org\\\/es\\\/la-metafisica-del-mando-el-directivo-como-custodio-de-la-esperanza\\\/#breadcrumb\",\"itemListElement\":[{\"@type\":\"ListItem\",\"position\":1,\"name\":\"Portada\",\"item\":\"https:\\\/\\\/exaudi.org\\\/es\\\/\"},{\"@type\":\"ListItem\",\"position\":2,\"name\":\"La metaf\u00edsica del mando: El directivo como custodio de la esperanza\"}]},{\"@type\":\"WebSite\",\"@id\":\"https:\\\/\\\/exaudi.org\\\/#website\",\"url\":\"https:\\\/\\\/exaudi.org\\\/\",\"name\":\"Exaudi\",\"description\":\"News\",\"potentialAction\":[{\"@type\":\"SearchAction\",\"target\":{\"@type\":\"EntryPoint\",\"urlTemplate\":\"https:\\\/\\\/exaudi.org\\\/?s={search_term_string}\"},\"query-input\":{\"@type\":\"PropertyValueSpecification\",\"valueRequired\":true,\"valueName\":\"search_term_string\"}}],\"inLanguage\":\"es\"},{\"@type\":\"Person\",\"@id\":\"https:\\\/\\\/exaudi.org\\\/#\\\/schema\\\/person\\\/0428626ea256fe1d193098fe0ee2b91d\",\"name\":\"Javier Ferrer Garc\u00eda\",\"image\":{\"@type\":\"ImageObject\",\"inLanguage\":\"es\",\"@id\":\"https:\\\/\\\/secure.gravatar.com\\\/avatar\\\/c7bc1aef05f4433794cef4a55499c99ae6c0d617e2aa24ba4876a5432af93b2d?s=96&d=mm&r=g\",\"url\":\"https:\\\/\\\/secure.gravatar.com\\\/avatar\\\/c7bc1aef05f4433794cef4a55499c99ae6c0d617e2aa24ba4876a5432af93b2d?s=96&d=mm&r=g\",\"contentUrl\":\"https:\\\/\\\/secure.gravatar.com\\\/avatar\\\/c7bc1aef05f4433794cef4a55499c99ae6c0d617e2aa24ba4876a5432af93b2d?s=96&d=mm&r=g\",\"caption\":\"Javier Ferrer Garc\u00eda\"},\"description\":\"Soy un apasionado de la vida. Fil\u00f3sofo y economista. Mi carrera profesional se ha enriquecido con el constante deseo de aprender y crecer tanto en el \u00e1mbito acad\u00e9mico como en el personal. Me considero un ferviente lector y amante del cine, lo cual me permite tener una perspectiva amplia y diversa sobre el mundo que nos rodea. Como cat\u00f3lico comprometido, busco integrar mis valores en cada aspecto de mi vida, desde mi carrera profesional hasta mi rol como esposo y padre de familia\",\"url\":\"https:\\\/\\\/exaudi.org\\\/es\\\/author\\\/javier-ferrer-garcia\\\/\"}]}<\/script>\n<!-- \/ Yoast SEO plugin. -->","yoast_head_json":{"title":"La metaf\u00edsica del mando: El directivo como custodio de la esperanza &#8211; Exaudi","robots":{"index":"index","follow":"follow","max-snippet":"max-snippet:-1","max-image-preview":"max-image-preview:large","max-video-preview":"max-video-preview:-1"},"canonical":"https:\/\/exaudi.org\/es\/la-metafisica-del-mando-el-directivo-como-custodio-de-la-esperanza\/","og_locale":"es_ES","og_type":"article","og_title":"La metaf\u00edsica del mando: El directivo como custodio de la esperanza &#8211; Exaudi","og_description":"Del poder como dominaci\u00f3n a la autoridad como arquitectura del florecimiento humano","og_url":"https:\/\/exaudi.org\/es\/la-metafisica-del-mando-el-directivo-como-custodio-de-la-esperanza\/","og_site_name":"Exaudi","article_publisher":"https:\/\/www.facebook.com\/ExaudiNews","article_published_time":"2026-04-23T07:30:01+00:00","og_image":[{"width":1296,"height":725,"url":"https:\/\/exaudi.org\/wp-content\/uploads\/2026\/04\/Gemini_Generated_Image_1ixlje1ixlje1ixl-e1776846580320.png","type":"image\/png"}],"author":"Javier Ferrer Garc\u00eda","twitter_card":"summary_large_image","twitter_creator":"@Exaudi_News","twitter_site":"@Exaudi_News","twitter_misc":{"Escrito por":"Javier Ferrer Garc\u00eda","Tiempo de lectura":"3 minutos"},"schema":{"@context":"https:\/\/schema.org","@graph":[{"@type":"Article","@id":"https:\/\/exaudi.org\/es\/la-metafisica-del-mando-el-directivo-como-custodio-de-la-esperanza\/#article","isPartOf":{"@id":"https:\/\/exaudi.org\/es\/la-metafisica-del-mando-el-directivo-como-custodio-de-la-esperanza\/"},"author":{"name":"Javier Ferrer Garc\u00eda","@id":"https:\/\/exaudi.org\/#\/schema\/person\/0428626ea256fe1d193098fe0ee2b91d"},"headline":"La metaf\u00edsica del mando: El directivo como custodio de la esperanza","datePublished":"2026-04-23T07:30:01+00:00","mainEntityOfPage":{"@id":"https:\/\/exaudi.org\/es\/la-metafisica-del-mando-el-directivo-como-custodio-de-la-esperanza\/"},"wordCount":585,"image":{"@id":"https:\/\/exaudi.org\/es\/la-metafisica-del-mando-el-directivo-como-custodio-de-la-esperanza\/#primaryimage"},"thumbnailUrl":"https:\/\/exaudi.org\/wp-content\/uploads\/2026\/04\/Gemini_Generated_Image_1ixlje1ixlje1ixl-e1776846580320.png","keywords":["antropolog\u00eda empresarial","arquitectura de la dignidad","autoridad y poder","bien com\u00fan empresa","cultura del florecimiento","desarrollo del talento","dignidad humana trabajo","\u00e9tica empresarial","gesti\u00f3n comunitaria","gesti\u00f3n del sentido","humanistic management","Javier Ferrer Garc\u00eda","liderazgo cat\u00f3lico","liderazgo \u00e9tico","liderazgo humanista","metaf\u00edsica del mando","prop\u00f3sito trascendente","Responsabilidad Social","subsidiariedad empresarial","Trending","virtudes directivas"],"articleSection":["An\u00e1lisis"],"inLanguage":"es"},{"@type":"WebPage","@id":"https:\/\/exaudi.org\/es\/la-metafisica-del-mando-el-directivo-como-custodio-de-la-esperanza\/","url":"https:\/\/exaudi.org\/es\/la-metafisica-del-mando-el-directivo-como-custodio-de-la-esperanza\/","name":"La metaf\u00edsica del mando: El directivo como custodio de la esperanza &#8211; Exaudi","isPartOf":{"@id":"https:\/\/exaudi.org\/#website"},"primaryImageOfPage":{"@id":"https:\/\/exaudi.org\/es\/la-metafisica-del-mando-el-directivo-como-custodio-de-la-esperanza\/#primaryimage"},"image":{"@id":"https:\/\/exaudi.org\/es\/la-metafisica-del-mando-el-directivo-como-custodio-de-la-esperanza\/#primaryimage"},"thumbnailUrl":"https:\/\/exaudi.org\/wp-content\/uploads\/2026\/04\/Gemini_Generated_Image_1ixlje1ixlje1ixl-e1776846580320.png","datePublished":"2026-04-23T07:30:01+00:00","author":{"@id":"https:\/\/exaudi.org\/#\/schema\/person\/0428626ea256fe1d193098fe0ee2b91d"},"breadcrumb":{"@id":"https:\/\/exaudi.org\/es\/la-metafisica-del-mando-el-directivo-como-custodio-de-la-esperanza\/#breadcrumb"},"inLanguage":"es","potentialAction":[{"@type":"ReadAction","target":["https:\/\/exaudi.org\/es\/la-metafisica-del-mando-el-directivo-como-custodio-de-la-esperanza\/"]}]},{"@type":"ImageObject","inLanguage":"es","@id":"https:\/\/exaudi.org\/es\/la-metafisica-del-mando-el-directivo-como-custodio-de-la-esperanza\/#primaryimage","url":"https:\/\/exaudi.org\/wp-content\/uploads\/2026\/04\/Gemini_Generated_Image_1ixlje1ixlje1ixl-e1776846580320.png","contentUrl":"https:\/\/exaudi.org\/wp-content\/uploads\/2026\/04\/Gemini_Generated_Image_1ixlje1ixlje1ixl-e1776846580320.png","width":1296,"height":725},{"@type":"BreadcrumbList","@id":"https:\/\/exaudi.org\/es\/la-metafisica-del-mando-el-directivo-como-custodio-de-la-esperanza\/#breadcrumb","itemListElement":[{"@type":"ListItem","position":1,"name":"Portada","item":"https:\/\/exaudi.org\/es\/"},{"@type":"ListItem","position":2,"name":"La metaf\u00edsica del mando: El directivo como custodio de la esperanza"}]},{"@type":"WebSite","@id":"https:\/\/exaudi.org\/#website","url":"https:\/\/exaudi.org\/","name":"Exaudi","description":"News","potentialAction":[{"@type":"SearchAction","target":{"@type":"EntryPoint","urlTemplate":"https:\/\/exaudi.org\/?s={search_term_string}"},"query-input":{"@type":"PropertyValueSpecification","valueRequired":true,"valueName":"search_term_string"}}],"inLanguage":"es"},{"@type":"Person","@id":"https:\/\/exaudi.org\/#\/schema\/person\/0428626ea256fe1d193098fe0ee2b91d","name":"Javier Ferrer Garc\u00eda","image":{"@type":"ImageObject","inLanguage":"es","@id":"https:\/\/secure.gravatar.com\/avatar\/c7bc1aef05f4433794cef4a55499c99ae6c0d617e2aa24ba4876a5432af93b2d?s=96&d=mm&r=g","url":"https:\/\/secure.gravatar.com\/avatar\/c7bc1aef05f4433794cef4a55499c99ae6c0d617e2aa24ba4876a5432af93b2d?s=96&d=mm&r=g","contentUrl":"https:\/\/secure.gravatar.com\/avatar\/c7bc1aef05f4433794cef4a55499c99ae6c0d617e2aa24ba4876a5432af93b2d?s=96&d=mm&r=g","caption":"Javier Ferrer Garc\u00eda"},"description":"Soy un apasionado de la vida. Fil\u00f3sofo y economista. Mi carrera profesional se ha enriquecido con el constante deseo de aprender y crecer tanto en el \u00e1mbito acad\u00e9mico como en el personal. Me considero un ferviente lector y amante del cine, lo cual me permite tener una perspectiva amplia y diversa sobre el mundo que nos rodea. Como cat\u00f3lico comprometido, busco integrar mis valores en cada aspecto de mi vida, desde mi carrera profesional hasta mi rol como esposo y padre de familia","url":"https:\/\/exaudi.org\/es\/author\/javier-ferrer-garcia\/"}]}},"jetpack_featured_media_url":"https:\/\/exaudi.org\/wp-content\/uploads\/2026\/04\/Gemini_Generated_Image_1ixlje1ixlje1ixl-e1776846580320.png","jetpack_shortlink":"https:\/\/wp.me\/pgKjF2-HAT","_links":{"self":[{"href":"https:\/\/exaudi.org\/es\/wp-json\/wp\/v2\/posts\/167579","targetHints":{"allow":["GET"]}}],"collection":[{"href":"https:\/\/exaudi.org\/es\/wp-json\/wp\/v2\/posts"}],"about":[{"href":"https:\/\/exaudi.org\/es\/wp-json\/wp\/v2\/types\/post"}],"author":[{"embeddable":true,"href":"https:\/\/exaudi.org\/es\/wp-json\/wp\/v2\/users\/149"}],"replies":[{"embeddable":true,"href":"https:\/\/exaudi.org\/es\/wp-json\/wp\/v2\/comments?post=167579"}],"version-history":[{"count":5,"href":"https:\/\/exaudi.org\/es\/wp-json\/wp\/v2\/posts\/167579\/revisions"}],"predecessor-version":[{"id":167603,"href":"https:\/\/exaudi.org\/es\/wp-json\/wp\/v2\/posts\/167579\/revisions\/167603"}],"wp:featuredmedia":[{"embeddable":true,"href":"https:\/\/exaudi.org\/es\/wp-json\/wp\/v2\/media\/167595"}],"wp:attachment":[{"href":"https:\/\/exaudi.org\/es\/wp-json\/wp\/v2\/media?parent=167579"}],"wp:term":[{"taxonomy":"category","embeddable":true,"href":"https:\/\/exaudi.org\/es\/wp-json\/wp\/v2\/categories?post=167579"},{"taxonomy":"post_tag","embeddable":true,"href":"https:\/\/exaudi.org\/es\/wp-json\/wp\/v2\/tags?post=167579"}],"curies":[{"name":"wp","href":"https:\/\/api.w.org\/{rel}","templated":true}]}}