{"id":167452,"date":"2026-04-21T18:43:31","date_gmt":"2026-04-21T16:43:31","guid":{"rendered":"https:\/\/exaudi.org\/?p=167452"},"modified":"2026-04-22T13:13:58","modified_gmt":"2026-04-22T11:13:58","slug":"el-corazon-de-africa-habla-espanol-leon-xiv-y-el-renacer-cultural-en-malabo","status":"publish","type":"post","link":"https:\/\/exaudi.org\/es\/el-corazon-de-africa-habla-espanol-leon-xiv-y-el-renacer-cultural-en-malabo\/","title":{"rendered":"El coraz\u00f3n de \u00c1frica habla espa\u00f1ol: Le\u00f3n XIV y el renacer cultural en Malabo"},"content":{"rendered":"<p id=\"p-rc_f7b1fb35a86a2f2b-19\" data-path-to-node=\"4\"><span class=\"citation-12 citation-end-12\">Bajo el sol ecuatorial y el abrazo de un pueblo que late en espa\u00f1ol, el Papa Le\u00f3n XIV ha marcado un hito en su tercera visita apost\u00f3lica a \u00c1frica.<\/span> Su llegada a Malabo no es solo un gesto diplom\u00e1tico; es el reencuentro de la Santa Sede con la \u00fanica naci\u00f3n hispanohablante del continente, en un momento donde la fe y la cultura buscan caminos comunes para el progreso humano y social.<\/p>\n<h3 data-path-to-node=\"5\"><strong>Un puente entre la tradici\u00f3n y la modernidad<\/strong><\/h3>\n<p id=\"p-rc_f7b1fb35a86a2f2b-20\" data-path-to-node=\"6\">Durante su encuentro con los representantes del mundo de la cultura, el Pont\u00edfice destac\u00f3 que la identidad de un pueblo no es un museo est\u00e1tico, sino un organismo vivo. <span class=\"citation-11 citation-end-11\">Le\u00f3n XIV elogi\u00f3 la capacidad de Guinea Ecuatorial para integrar sus ra\u00edces ancestrales con la fe cat\u00f3lica, que profesa casi el 80% de la poblaci\u00f3n.<\/span> Para el Papa, la cultura es el \u00abpulm\u00f3n\u00bb que permite a una sociedad respirar libertad y dignidad, especialmente en contextos donde los desaf\u00edos econ\u00f3micos y sociales exigen una base \u00e9tica s\u00f3lida.<\/p>\n<p id=\"p-rc_f7b1fb35a86a2f2b-21\" data-path-to-node=\"7\"><span class=\"citation-10 citation-end-10\">En sus discursos, pronunciados en un espa\u00f1ol fluido que conect\u00f3 de inmediato con los fieles, el Papa insisti\u00f3 en que la educaci\u00f3n y la salud no son solo servicios, sino pilares del desarrollo cultural.<\/span> \u00abLa Iglesia no est\u00e1 aqu\u00ed para imponer, sino para proponer un camino de acompa\u00f1amiento que valore lo que cada guineano es en su esencia\u00bb, subray\u00f3 ante intelectuales y artistas locales.<\/p>\n<p data-path-to-node=\"7\"><img loading=\"lazy\" decoding=\"async\" class=\"size-full wp-image-167458 alignnone\" src=\"https:\/\/exaudi.org\/wp-content\/uploads\/2026\/04\/cq5dam.thumbnail.cropped.750.422-4-5.jpeg\" alt=\"\" width=\"750\" height=\"422\" srcset=\"https:\/\/exaudi.org\/wp-content\/uploads\/2026\/04\/cq5dam.thumbnail.cropped.750.422-4-5.jpeg 750w, https:\/\/exaudi.org\/wp-content\/uploads\/2026\/04\/cq5dam.thumbnail.cropped.750.422-4-5-300x169.jpeg 300w, https:\/\/exaudi.org\/wp-content\/uploads\/2026\/04\/cq5dam.thumbnail.cropped.750.422-4-5-500x281.jpeg 500w\" sizes=\"auto, (max-width: 750px) 100vw, 750px\" \/><\/p>\n<h3 data-path-to-node=\"8\"><strong>La red invisible que sostiene la misi\u00f3n<\/strong><\/h3>\n<p data-path-to-node=\"9\">Este viaje tambi\u00e9n ha servido para poner en valor el trabajo silencioso pero vital de las <b data-path-to-node=\"9\" data-index-in-node=\"90\">Obras Misionales Pontificias (OMP)<\/b>. En el marco de esta gira africana, se ha destacado c\u00f3mo esta red global act\u00faa como el sistema circulatorio que sostiene la misi\u00f3n en el continente.<\/p>\n<p id=\"p-rc_f7b1fb35a86a2f2b-22\" data-path-to-node=\"10\">No se trata solo de asistencia espiritual; las OMP representan el apoyo material que permite que parroquias, escuelas y centros de salud en regiones remotas sigan funcionando. <span class=\"citation-9 citation-end-9\">En Guinea Ecuatorial, esta estructura ha sido fundamental para la transici\u00f3n hacia una Iglesia con liderazgo local, donde los sacerdotes y laicos aut\u00f3ctonos han tomado el relevo de los antiguos misioneros, demostrando una madurez eclesial que el Papa ha querido reconocer personalmente.<\/span><\/p>\n<h3 data-path-to-node=\"11\">Un mensaje de esperanza y reconciliaci\u00f3n<\/h3>\n<p id=\"p-rc_f7b1fb35a86a2f2b-23\" data-path-to-node=\"12\"><span class=\"citation-8 citation-end-8\">La visita del Sucesor de Pedro, la primera de un Papa al pa\u00eds desde que San Juan Pablo II lo hiciera en 1982, deja un mensaje claro: \u00c1frica es el futuro de la Iglesia.<\/span> <span class=\"citation-7 citation-end-7\">Al cerrar esta etapa que tambi\u00e9n le llev\u00f3 por Argelia, Camer\u00fan y Angola, Le\u00f3n XIV se despide de Malabo pidiendo que la riqueza cultural de la naci\u00f3n se traduzca en una \u00abcultura del encuentro\u00bb, donde la justicia y la paz sean los verdaderos protagonistas de la historia guineana.<\/span><\/p>\n<p data-path-to-node=\"13\">Con este encuentro, Malabo no solo se confirma como el epicentro del catolicismo hispanoafricano, sino como un testimonio de que, a trav\u00e9s de la cultura y la solidaridad misionera, es posible construir puentes que superen cualquier frontera.<\/p>\n","protected":false},"excerpt":{"rendered":"<p>El Sumo Pont\u00edfice se encuentra con el mundo de la cultura en Guinea Ecuatorial, subrayando el papel de la Iglesia como motor de desarrollo y custodia de la identidad local<\/p>\n","protected":false},"author":15,"featured_media":167453,"comment_status":"closed","ping_status":"closed","sticky":false,"template":"","format":"standard","meta":{"_acf_changed":false,"_crdt_document":"","inline_featured_image":false,"footnotes":""},"categories":[68,120],"tags":[107218,109583,109581,109582,109580,12510,52834,71781,58067,109566,32356,109579,2129,9977,109584,58111,58880,109578],"class_list":["post-167452","post","type-post","status-publish","format-standard","has-post-thumbnail","hentry","category-leon-xiv","category-viajes","tag-africa-2026","tag-cristianismo-en-espanol","tag-desarrollo-social","tag-encuentro-cultural","tag-evangelizacion-guinea-ecuatorial","tag-guinea-ecuatorial","tag-identidad-cultural","tag-iglesia-catolica-africa","tag-leon-xiv","tag-malabo","tag-mision-catolica","tag-mundo-de-la-cultura","tag-obras-misionales-pontificias","tag-omp","tag-papa-en-malabo","tag-papa-leon-xiv","tag-trending-es-151","tag-visita-apostolica-africa-2026"],"acf":[],"yoast_head":"<!-- This site is optimized with the Yoast SEO plugin v27.4 - https:\/\/yoast.com\/product\/yoast-seo-wordpress\/ -->\n<title>El coraz\u00f3n de \u00c1frica habla espa\u00f1ol: Le\u00f3n XIV y el renacer cultural en Malabo &#8211; Exaudi<\/title>\n<meta name=\"robots\" content=\"index, follow, max-snippet:-1, max-image-preview:large, max-video-preview:-1\" \/>\n<link rel=\"canonical\" href=\"https:\/\/exaudi.org\/es\/el-corazon-de-africa-habla-espanol-leon-xiv-y-el-renacer-cultural-en-malabo\/\" \/>\n<meta property=\"og:locale\" content=\"es_ES\" \/>\n<meta property=\"og:type\" content=\"article\" \/>\n<meta property=\"og:title\" content=\"El coraz\u00f3n de \u00c1frica habla espa\u00f1ol: Le\u00f3n XIV y el renacer cultural en Malabo &#8211; Exaudi\" \/>\n<meta property=\"og:description\" content=\"El Sumo Pont\u00edfice se encuentra con el mundo de la cultura en Guinea Ecuatorial, subrayando el papel de la Iglesia como motor de desarrollo y custodia de la identidad local\" \/>\n<meta property=\"og:url\" content=\"https:\/\/exaudi.org\/es\/el-corazon-de-africa-habla-espanol-leon-xiv-y-el-renacer-cultural-en-malabo\/\" \/>\n<meta property=\"og:site_name\" content=\"Exaudi\" \/>\n<meta property=\"article:publisher\" content=\"https:\/\/www.facebook.com\/ExaudiNews\" \/>\n<meta property=\"article:author\" content=\"https:\/\/www.facebook.com\/ExaudiNoticias\/\" \/>\n<meta property=\"article:published_time\" content=\"2026-04-21T16:43:31+00:00\" \/>\n<meta property=\"article:modified_time\" content=\"2026-04-22T11:13:58+00:00\" \/>\n<meta property=\"og:image\" content=\"https:\/\/exaudi.org\/wp-content\/uploads\/2026\/04\/cq5dam.thumbnail.cropped.750.422-5-2.jpeg\" \/>\n\t<meta property=\"og:image:width\" content=\"750\" \/>\n\t<meta property=\"og:image:height\" content=\"422\" \/>\n\t<meta property=\"og:image:type\" content=\"image\/jpeg\" \/>\n<meta name=\"author\" content=\"Exaudi Redacci\u00f3n\" \/>\n<meta name=\"twitter:card\" content=\"summary_large_image\" \/>\n<meta name=\"twitter:creator\" content=\"@Exaudi_noticias\" \/>\n<meta name=\"twitter:site\" content=\"@Exaudi_News\" \/>\n<meta name=\"twitter:label1\" content=\"Escrito por\" \/>\n\t<meta name=\"twitter:data1\" content=\"Exaudi Redacci\u00f3n\" \/>\n\t<meta name=\"twitter:label2\" content=\"Tiempo de lectura\" \/>\n\t<meta name=\"twitter:data2\" content=\"3 minutos\" \/>\n<script type=\"application\/ld+json\" class=\"yoast-schema-graph\">{\"@context\":\"https:\\\/\\\/schema.org\",\"@graph\":[{\"@type\":\"Article\",\"@id\":\"https:\\\/\\\/exaudi.org\\\/es\\\/el-corazon-de-africa-habla-espanol-leon-xiv-y-el-renacer-cultural-en-malabo\\\/#article\",\"isPartOf\":{\"@id\":\"https:\\\/\\\/exaudi.org\\\/es\\\/el-corazon-de-africa-habla-espanol-leon-xiv-y-el-renacer-cultural-en-malabo\\\/\"},\"author\":{\"name\":\"Exaudi Redacci\u00f3n\",\"@id\":\"https:\\\/\\\/exaudi.org\\\/#\\\/schema\\\/person\\\/f5fc8f063065e38742da7afe15f25df7\"},\"headline\":\"El coraz\u00f3n de \u00c1frica habla espa\u00f1ol: Le\u00f3n XIV y el renacer cultural en Malabo\",\"datePublished\":\"2026-04-21T16:43:31+00:00\",\"dateModified\":\"2026-04-22T11:13:58+00:00\",\"mainEntityOfPage\":{\"@id\":\"https:\\\/\\\/exaudi.org\\\/es\\\/el-corazon-de-africa-habla-espanol-leon-xiv-y-el-renacer-cultural-en-malabo\\\/\"},\"wordCount\":523,\"image\":{\"@id\":\"https:\\\/\\\/exaudi.org\\\/es\\\/el-corazon-de-africa-habla-espanol-leon-xiv-y-el-renacer-cultural-en-malabo\\\/#primaryimage\"},\"thumbnailUrl\":\"https:\\\/\\\/exaudi.org\\\/wp-content\\\/uploads\\\/2026\\\/04\\\/cq5dam.thumbnail.cropped.750.422-5-2.jpeg\",\"keywords\":[\"\u00c1frica 2026\",\"cristianismo en espa\u00f1ol\",\"desarrollo social\",\"encuentro cultural\",\"evangelizaci\u00f3n Guinea Ecuatorial\",\"Guinea Ecuatorial\",\"identidad cultural\",\"iglesia cat\u00f3lica \u00e1frica\",\"Le\u00f3n XIV\",\"Malabo\",\"Misi\u00f3n cat\u00f3lica\",\"mundo de la cultura\",\"Obras Misionales Pontificias\",\"OMP\",\"Papa en Malabo\",\"papa le\u00f3n xiv\",\"Trending\",\"visita apost\u00f3lica \u00c1frica 2026\"],\"articleSection\":[\"Le\u00f3n XIV\",\"Viajes\"],\"inLanguage\":\"es\"},{\"@type\":\"WebPage\",\"@id\":\"https:\\\/\\\/exaudi.org\\\/es\\\/el-corazon-de-africa-habla-espanol-leon-xiv-y-el-renacer-cultural-en-malabo\\\/\",\"url\":\"https:\\\/\\\/exaudi.org\\\/es\\\/el-corazon-de-africa-habla-espanol-leon-xiv-y-el-renacer-cultural-en-malabo\\\/\",\"name\":\"El coraz\u00f3n de \u00c1frica habla espa\u00f1ol: Le\u00f3n XIV y el renacer cultural en Malabo &#8211; Exaudi\",\"isPartOf\":{\"@id\":\"https:\\\/\\\/exaudi.org\\\/#website\"},\"primaryImageOfPage\":{\"@id\":\"https:\\\/\\\/exaudi.org\\\/es\\\/el-corazon-de-africa-habla-espanol-leon-xiv-y-el-renacer-cultural-en-malabo\\\/#primaryimage\"},\"image\":{\"@id\":\"https:\\\/\\\/exaudi.org\\\/es\\\/el-corazon-de-africa-habla-espanol-leon-xiv-y-el-renacer-cultural-en-malabo\\\/#primaryimage\"},\"thumbnailUrl\":\"https:\\\/\\\/exaudi.org\\\/wp-content\\\/uploads\\\/2026\\\/04\\\/cq5dam.thumbnail.cropped.750.422-5-2.jpeg\",\"datePublished\":\"2026-04-21T16:43:31+00:00\",\"dateModified\":\"2026-04-22T11:13:58+00:00\",\"author\":{\"@id\":\"https:\\\/\\\/exaudi.org\\\/#\\\/schema\\\/person\\\/f5fc8f063065e38742da7afe15f25df7\"},\"breadcrumb\":{\"@id\":\"https:\\\/\\\/exaudi.org\\\/es\\\/el-corazon-de-africa-habla-espanol-leon-xiv-y-el-renacer-cultural-en-malabo\\\/#breadcrumb\"},\"inLanguage\":\"es\",\"potentialAction\":[{\"@type\":\"ReadAction\",\"target\":[\"https:\\\/\\\/exaudi.org\\\/es\\\/el-corazon-de-africa-habla-espanol-leon-xiv-y-el-renacer-cultural-en-malabo\\\/\"]}]},{\"@type\":\"ImageObject\",\"inLanguage\":\"es\",\"@id\":\"https:\\\/\\\/exaudi.org\\\/es\\\/el-corazon-de-africa-habla-espanol-leon-xiv-y-el-renacer-cultural-en-malabo\\\/#primaryimage\",\"url\":\"https:\\\/\\\/exaudi.org\\\/wp-content\\\/uploads\\\/2026\\\/04\\\/cq5dam.thumbnail.cropped.750.422-5-2.jpeg\",\"contentUrl\":\"https:\\\/\\\/exaudi.org\\\/wp-content\\\/uploads\\\/2026\\\/04\\\/cq5dam.thumbnail.cropped.750.422-5-2.jpeg\",\"width\":750,\"height\":422},{\"@type\":\"BreadcrumbList\",\"@id\":\"https:\\\/\\\/exaudi.org\\\/es\\\/el-corazon-de-africa-habla-espanol-leon-xiv-y-el-renacer-cultural-en-malabo\\\/#breadcrumb\",\"itemListElement\":[{\"@type\":\"ListItem\",\"position\":1,\"name\":\"Portada\",\"item\":\"https:\\\/\\\/exaudi.org\\\/es\\\/\"},{\"@type\":\"ListItem\",\"position\":2,\"name\":\"El coraz\u00f3n de \u00c1frica habla espa\u00f1ol: Le\u00f3n XIV y el renacer cultural en Malabo\"}]},{\"@type\":\"WebSite\",\"@id\":\"https:\\\/\\\/exaudi.org\\\/#website\",\"url\":\"https:\\\/\\\/exaudi.org\\\/\",\"name\":\"Exaudi\",\"description\":\"News\",\"potentialAction\":[{\"@type\":\"SearchAction\",\"target\":{\"@type\":\"EntryPoint\",\"urlTemplate\":\"https:\\\/\\\/exaudi.org\\\/?s={search_term_string}\"},\"query-input\":{\"@type\":\"PropertyValueSpecification\",\"valueRequired\":true,\"valueName\":\"search_term_string\"}}],\"inLanguage\":\"es\"},{\"@type\":\"Person\",\"@id\":\"https:\\\/\\\/exaudi.org\\\/#\\\/schema\\\/person\\\/f5fc8f063065e38742da7afe15f25df7\",\"name\":\"Exaudi Redacci\u00f3n\",\"image\":{\"@type\":\"ImageObject\",\"inLanguage\":\"es\",\"@id\":\"https:\\\/\\\/secure.gravatar.com\\\/avatar\\\/fe0f6a059fb68d9b3e11bc5850dd4899b1c7492091a3cb6dd9b01b56ad828be2?s=96&d=mm&r=g\",\"url\":\"https:\\\/\\\/secure.gravatar.com\\\/avatar\\\/fe0f6a059fb68d9b3e11bc5850dd4899b1c7492091a3cb6dd9b01b56ad828be2?s=96&d=mm&r=g\",\"contentUrl\":\"https:\\\/\\\/secure.gravatar.com\\\/avatar\\\/fe0f6a059fb68d9b3e11bc5850dd4899b1c7492091a3cb6dd9b01b56ad828be2?s=96&d=mm&r=g\",\"caption\":\"Exaudi Redacci\u00f3n\"},\"description\":\"\u00bfQu\u00e9 es Exaudi News? Exaudi News es un medio de comunicaci\u00f3n cat\u00f3lico internacional que informa, forma y transforma, diariamente en espa\u00f1ol, ingl\u00e9s e italiano. A trav\u00e9s de noticias, art\u00edculos de an\u00e1lisis y transmisiones en directo de los eventos del Papa, Exaudi busca fortalecer la unidad de los cristianos y contribuir a la evangelizaci\u00f3n del mundo, siempre guiados por la doctrina social de la Iglesia. Trabajamos para acercar la verdad y los valores cristianos a cada rinc\u00f3n del planeta. \u00a1Ay\u00fadanos a transformar el mundo con Exaudi! En Exaudi creemos que la evangelizaci\u00f3n y la informaci\u00f3n de calidad pueden cambiar vidas. Para continuar con nuestra misi\u00f3n y expandir nuestro alcance, necesitamos tu ayuda. Adem\u00e1s, buscamos personas comprometidas que deseen unirse a nuestro equipo. Con tu apoyo, lograremos llegar a m\u00e1s personas, difundir el mensaje de Cristo y reforzar la unidad de los cristianos. \u00bfTe unes a nuestra misi\u00f3n? Para m\u00e1s informaci\u00f3n sobre c\u00f3mo colaborar, visita Exaudi.org\\\/es o cont\u00e1ctanos directamente: info@exaudi.org Exaudi: Informa, forma y transforma.\",\"sameAs\":[\"https:\\\/\\\/www.facebook.com\\\/ExaudiNoticias\\\/\",\"https:\\\/\\\/www.instagram.com\\\/exaudi_noticias\\\/\",\"https:\\\/\\\/x.com\\\/Exaudi_noticias\",\"https:\\\/\\\/www.youtube.com\\\/@exaudicatholicnews\"],\"url\":\"https:\\\/\\\/exaudi.org\\\/es\\\/author\\\/redaccionexaudi\\\/\"}]}<\/script>\n<!-- \/ Yoast SEO plugin. -->","yoast_head_json":{"title":"El coraz\u00f3n de \u00c1frica habla espa\u00f1ol: Le\u00f3n XIV y el renacer cultural en Malabo &#8211; Exaudi","robots":{"index":"index","follow":"follow","max-snippet":"max-snippet:-1","max-image-preview":"max-image-preview:large","max-video-preview":"max-video-preview:-1"},"canonical":"https:\/\/exaudi.org\/es\/el-corazon-de-africa-habla-espanol-leon-xiv-y-el-renacer-cultural-en-malabo\/","og_locale":"es_ES","og_type":"article","og_title":"El coraz\u00f3n de \u00c1frica habla espa\u00f1ol: Le\u00f3n XIV y el renacer cultural en Malabo &#8211; Exaudi","og_description":"El Sumo Pont\u00edfice se encuentra con el mundo de la cultura en Guinea Ecuatorial, subrayando el papel de la Iglesia como motor de desarrollo y custodia de la identidad local","og_url":"https:\/\/exaudi.org\/es\/el-corazon-de-africa-habla-espanol-leon-xiv-y-el-renacer-cultural-en-malabo\/","og_site_name":"Exaudi","article_publisher":"https:\/\/www.facebook.com\/ExaudiNews","article_author":"https:\/\/www.facebook.com\/ExaudiNoticias\/","article_published_time":"2026-04-21T16:43:31+00:00","article_modified_time":"2026-04-22T11:13:58+00:00","og_image":[{"width":750,"height":422,"url":"https:\/\/exaudi.org\/wp-content\/uploads\/2026\/04\/cq5dam.thumbnail.cropped.750.422-5-2.jpeg","type":"image\/jpeg"}],"author":"Exaudi Redacci\u00f3n","twitter_card":"summary_large_image","twitter_creator":"@Exaudi_noticias","twitter_site":"@Exaudi_News","twitter_misc":{"Escrito por":"Exaudi Redacci\u00f3n","Tiempo de lectura":"3 minutos"},"schema":{"@context":"https:\/\/schema.org","@graph":[{"@type":"Article","@id":"https:\/\/exaudi.org\/es\/el-corazon-de-africa-habla-espanol-leon-xiv-y-el-renacer-cultural-en-malabo\/#article","isPartOf":{"@id":"https:\/\/exaudi.org\/es\/el-corazon-de-africa-habla-espanol-leon-xiv-y-el-renacer-cultural-en-malabo\/"},"author":{"name":"Exaudi Redacci\u00f3n","@id":"https:\/\/exaudi.org\/#\/schema\/person\/f5fc8f063065e38742da7afe15f25df7"},"headline":"El coraz\u00f3n de \u00c1frica habla espa\u00f1ol: Le\u00f3n XIV y el renacer cultural en Malabo","datePublished":"2026-04-21T16:43:31+00:00","dateModified":"2026-04-22T11:13:58+00:00","mainEntityOfPage":{"@id":"https:\/\/exaudi.org\/es\/el-corazon-de-africa-habla-espanol-leon-xiv-y-el-renacer-cultural-en-malabo\/"},"wordCount":523,"image":{"@id":"https:\/\/exaudi.org\/es\/el-corazon-de-africa-habla-espanol-leon-xiv-y-el-renacer-cultural-en-malabo\/#primaryimage"},"thumbnailUrl":"https:\/\/exaudi.org\/wp-content\/uploads\/2026\/04\/cq5dam.thumbnail.cropped.750.422-5-2.jpeg","keywords":["\u00c1frica 2026","cristianismo en espa\u00f1ol","desarrollo social","encuentro cultural","evangelizaci\u00f3n Guinea Ecuatorial","Guinea Ecuatorial","identidad cultural","iglesia cat\u00f3lica \u00e1frica","Le\u00f3n XIV","Malabo","Misi\u00f3n cat\u00f3lica","mundo de la cultura","Obras Misionales Pontificias","OMP","Papa en Malabo","papa le\u00f3n xiv","Trending","visita apost\u00f3lica \u00c1frica 2026"],"articleSection":["Le\u00f3n XIV","Viajes"],"inLanguage":"es"},{"@type":"WebPage","@id":"https:\/\/exaudi.org\/es\/el-corazon-de-africa-habla-espanol-leon-xiv-y-el-renacer-cultural-en-malabo\/","url":"https:\/\/exaudi.org\/es\/el-corazon-de-africa-habla-espanol-leon-xiv-y-el-renacer-cultural-en-malabo\/","name":"El coraz\u00f3n de \u00c1frica habla espa\u00f1ol: Le\u00f3n XIV y el renacer cultural en Malabo &#8211; Exaudi","isPartOf":{"@id":"https:\/\/exaudi.org\/#website"},"primaryImageOfPage":{"@id":"https:\/\/exaudi.org\/es\/el-corazon-de-africa-habla-espanol-leon-xiv-y-el-renacer-cultural-en-malabo\/#primaryimage"},"image":{"@id":"https:\/\/exaudi.org\/es\/el-corazon-de-africa-habla-espanol-leon-xiv-y-el-renacer-cultural-en-malabo\/#primaryimage"},"thumbnailUrl":"https:\/\/exaudi.org\/wp-content\/uploads\/2026\/04\/cq5dam.thumbnail.cropped.750.422-5-2.jpeg","datePublished":"2026-04-21T16:43:31+00:00","dateModified":"2026-04-22T11:13:58+00:00","author":{"@id":"https:\/\/exaudi.org\/#\/schema\/person\/f5fc8f063065e38742da7afe15f25df7"},"breadcrumb":{"@id":"https:\/\/exaudi.org\/es\/el-corazon-de-africa-habla-espanol-leon-xiv-y-el-renacer-cultural-en-malabo\/#breadcrumb"},"inLanguage":"es","potentialAction":[{"@type":"ReadAction","target":["https:\/\/exaudi.org\/es\/el-corazon-de-africa-habla-espanol-leon-xiv-y-el-renacer-cultural-en-malabo\/"]}]},{"@type":"ImageObject","inLanguage":"es","@id":"https:\/\/exaudi.org\/es\/el-corazon-de-africa-habla-espanol-leon-xiv-y-el-renacer-cultural-en-malabo\/#primaryimage","url":"https:\/\/exaudi.org\/wp-content\/uploads\/2026\/04\/cq5dam.thumbnail.cropped.750.422-5-2.jpeg","contentUrl":"https:\/\/exaudi.org\/wp-content\/uploads\/2026\/04\/cq5dam.thumbnail.cropped.750.422-5-2.jpeg","width":750,"height":422},{"@type":"BreadcrumbList","@id":"https:\/\/exaudi.org\/es\/el-corazon-de-africa-habla-espanol-leon-xiv-y-el-renacer-cultural-en-malabo\/#breadcrumb","itemListElement":[{"@type":"ListItem","position":1,"name":"Portada","item":"https:\/\/exaudi.org\/es\/"},{"@type":"ListItem","position":2,"name":"El coraz\u00f3n de \u00c1frica habla espa\u00f1ol: Le\u00f3n XIV y el renacer cultural en Malabo"}]},{"@type":"WebSite","@id":"https:\/\/exaudi.org\/#website","url":"https:\/\/exaudi.org\/","name":"Exaudi","description":"News","potentialAction":[{"@type":"SearchAction","target":{"@type":"EntryPoint","urlTemplate":"https:\/\/exaudi.org\/?s={search_term_string}"},"query-input":{"@type":"PropertyValueSpecification","valueRequired":true,"valueName":"search_term_string"}}],"inLanguage":"es"},{"@type":"Person","@id":"https:\/\/exaudi.org\/#\/schema\/person\/f5fc8f063065e38742da7afe15f25df7","name":"Exaudi Redacci\u00f3n","image":{"@type":"ImageObject","inLanguage":"es","@id":"https:\/\/secure.gravatar.com\/avatar\/fe0f6a059fb68d9b3e11bc5850dd4899b1c7492091a3cb6dd9b01b56ad828be2?s=96&d=mm&r=g","url":"https:\/\/secure.gravatar.com\/avatar\/fe0f6a059fb68d9b3e11bc5850dd4899b1c7492091a3cb6dd9b01b56ad828be2?s=96&d=mm&r=g","contentUrl":"https:\/\/secure.gravatar.com\/avatar\/fe0f6a059fb68d9b3e11bc5850dd4899b1c7492091a3cb6dd9b01b56ad828be2?s=96&d=mm&r=g","caption":"Exaudi Redacci\u00f3n"},"description":"\u00bfQu\u00e9 es Exaudi News? Exaudi News es un medio de comunicaci\u00f3n cat\u00f3lico internacional que informa, forma y transforma, diariamente en espa\u00f1ol, ingl\u00e9s e italiano. A trav\u00e9s de noticias, art\u00edculos de an\u00e1lisis y transmisiones en directo de los eventos del Papa, Exaudi busca fortalecer la unidad de los cristianos y contribuir a la evangelizaci\u00f3n del mundo, siempre guiados por la doctrina social de la Iglesia. Trabajamos para acercar la verdad y los valores cristianos a cada rinc\u00f3n del planeta. \u00a1Ay\u00fadanos a transformar el mundo con Exaudi! En Exaudi creemos que la evangelizaci\u00f3n y la informaci\u00f3n de calidad pueden cambiar vidas. Para continuar con nuestra misi\u00f3n y expandir nuestro alcance, necesitamos tu ayuda. Adem\u00e1s, buscamos personas comprometidas que deseen unirse a nuestro equipo. Con tu apoyo, lograremos llegar a m\u00e1s personas, difundir el mensaje de Cristo y reforzar la unidad de los cristianos. \u00bfTe unes a nuestra misi\u00f3n? Para m\u00e1s informaci\u00f3n sobre c\u00f3mo colaborar, visita Exaudi.org\/es o cont\u00e1ctanos directamente: info@exaudi.org Exaudi: Informa, forma y transforma.","sameAs":["https:\/\/www.facebook.com\/ExaudiNoticias\/","https:\/\/www.instagram.com\/exaudi_noticias\/","https:\/\/x.com\/Exaudi_noticias","https:\/\/www.youtube.com\/@exaudicatholicnews"],"url":"https:\/\/exaudi.org\/es\/author\/redaccionexaudi\/"}]}},"jetpack_featured_media_url":"https:\/\/exaudi.org\/wp-content\/uploads\/2026\/04\/cq5dam.thumbnail.cropped.750.422-5-2.jpeg","jetpack_shortlink":"https:\/\/wp.me\/pgKjF2-HyQ","_links":{"self":[{"href":"https:\/\/exaudi.org\/es\/wp-json\/wp\/v2\/posts\/167452","targetHints":{"allow":["GET"]}}],"collection":[{"href":"https:\/\/exaudi.org\/es\/wp-json\/wp\/v2\/posts"}],"about":[{"href":"https:\/\/exaudi.org\/es\/wp-json\/wp\/v2\/types\/post"}],"author":[{"embeddable":true,"href":"https:\/\/exaudi.org\/es\/wp-json\/wp\/v2\/users\/15"}],"replies":[{"embeddable":true,"href":"https:\/\/exaudi.org\/es\/wp-json\/wp\/v2\/comments?post=167452"}],"version-history":[{"count":3,"href":"https:\/\/exaudi.org\/es\/wp-json\/wp\/v2\/posts\/167452\/revisions"}],"predecessor-version":[{"id":167462,"href":"https:\/\/exaudi.org\/es\/wp-json\/wp\/v2\/posts\/167452\/revisions\/167462"}],"wp:featuredmedia":[{"embeddable":true,"href":"https:\/\/exaudi.org\/es\/wp-json\/wp\/v2\/media\/167453"}],"wp:attachment":[{"href":"https:\/\/exaudi.org\/es\/wp-json\/wp\/v2\/media?parent=167452"}],"wp:term":[{"taxonomy":"category","embeddable":true,"href":"https:\/\/exaudi.org\/es\/wp-json\/wp\/v2\/categories?post=167452"},{"taxonomy":"post_tag","embeddable":true,"href":"https:\/\/exaudi.org\/es\/wp-json\/wp\/v2\/tags?post=167452"}],"curies":[{"name":"wp","href":"https:\/\/api.w.org\/{rel}","templated":true}]}}