{"id":167385,"date":"2026-04-22T08:00:31","date_gmt":"2026-04-22T06:00:31","guid":{"rendered":"https:\/\/exaudi.org\/?p=167385"},"modified":"2026-04-22T09:00:34","modified_gmt":"2026-04-22T07:00:34","slug":"dicasterio-para-la-comunicacion","status":"publish","type":"post","link":"https:\/\/exaudi.org\/es\/dicasterio-para-la-comunicacion\/","title":{"rendered":"Dicasterio para la Comunicaci\u00f3n"},"content":{"rendered":"<p data-path-to-node=\"5\">Un Dicasterio llamado \u201ca construir puentes, cuando tantos levantan muros, los muros de las ideolog\u00edas; a favorecer la comuni\u00f3n, cuando tantos fomentan la divisi\u00f3n; a dejarse involucrar por los dramas de nuestro tiempo, cuando tantos prefieren la indiferencia\u201d. As\u00ed recordaba su misi\u00f3n el <b data-path-to-node=\"5\" data-index-in-node=\"288\">Papa Francisco<\/b> en su \u00faltima audiencia al Dicastero para la Comunicaci\u00f3n, el 31 de octubre de 2024.<\/p>\n<p><iframe title=\"Spotify Embed: Dicasterio para la Comunicaci\u00f3n\" style=\"border-radius: 12px\" width=\"100%\" height=\"152\" frameborder=\"0\" allowfullscreen allow=\"autoplay; clipboard-write; encrypted-media; fullscreen; picture-in-picture\" loading=\"lazy\" src=\"https:\/\/open.spotify.com\/embed\/episode\/7DYUifmWjjp1Fewh2AogeW?si=f368d48feaf245a8&amp;utm_source=oembed\"><\/iframe><\/p>\n<p data-path-to-node=\"6\">Asimismo, <b data-path-to-node=\"6\" data-index-in-node=\"10\">Le\u00f3n XIV<\/b>, en su primera audiencia a los profesionales de la comunicaci\u00f3n tras su elecci\u00f3n, los invit\u00f3 a \u201cllevar adelante una comunicaci\u00f3n diferente, que no busque el consenso a toda costa, no se revista de palabras agresivas, no adopte el modelo de la competici\u00f3n y nunca separe la b\u00fasqueda de la verdad del amor con el que humildemente debemos buscarla\u201d. Posteriormente, al visitar el Centro emisor de Santa Maria di Galeria de la <b data-path-to-node=\"6\" data-index-in-node=\"442\">Radio Vaticana<\/b> el 19 de junio, el <b data-path-to-node=\"6\" data-index-in-node=\"476\">Papa Prevost<\/b> subray\u00f3 c\u00f3mo, durante su labor misionera en Am\u00e9rica Latina y \u00c1frica, fue valioso poder recibir las transmisiones en onda corta de Radio Vaticana \u2014que llegan a lugares donde pocas emisoras logran alcanzar\u2014 y reafirm\u00f3 el valor misionero de la comunicaci\u00f3n. Sobre estas bases opera el Dicasterio, que tiene como prefecto a <b data-path-to-node=\"6\" data-index-in-node=\"809\">Paolo Ruffini<\/b> y como secretario a monse\u00f1or <b data-path-to-node=\"6\" data-index-in-node=\"852\">Lucio Ruiz<\/b>.<\/p>\n<h3 data-path-to-node=\"7\"><strong>Apuntes hist\u00f3ricos<\/strong><\/h3>\n<p data-path-to-node=\"8\">El Dicasterio para la Comunicaci\u00f3n fue instituido por el Papa Francisco con el Motu Proprio <i data-path-to-node=\"8\" data-index-in-node=\"92\">L&#8217;attuale contesto comunicativo<\/i> del <b data-path-to-node=\"8\" data-index-in-node=\"128\">27 de junio de 2015<\/b>, bajo el nombre de Secretar\u00eda para la Comunicaci\u00f3n. Se le confi\u00f3 la reorganizaci\u00f3n de todo el sistema comunicativo de la Santa Sede, y en su seno han confluido gradualmente todas las entidades que se ocupaban de la comunicaci\u00f3n: el Pontificio Consejo para las Comunicaciones Sociales, la Oficina de Prensa de la Santa Sede, la Tipograf\u00eda Vaticana, el Servicio Fotogr\u00e1fico, <i data-path-to-node=\"8\" data-index-in-node=\"521\">L&#8217;Osservatore Romano<\/i>, la Libreria Editrice Vaticana, Radio Vaticana, el Centro Televisivo Vaticano y el Servicio de Internet Vaticano.<\/p>\n<p data-path-to-node=\"9\">El desaf\u00edo es hacer converger nueve realidades que hasta ese momento eran distintas \u2014caracterizadas por historias y tradiciones a veces centenarias\u2014 dentro de un sistema editorial y administrativo unitario, gestionado por un Dicasterio que es parte integrante de la Curia Romana.<\/p>\n<ul>\n<li data-path-to-node=\"10,0,0\"><b data-path-to-node=\"10,0,0\" data-index-in-node=\"0\">Tipograf\u00eda Vaticana:<\/b> La m\u00e1s antigua, instituida por el Papa Sixto V el 27 de abril de 1587.<\/li>\n<li data-path-to-node=\"10,1,0\"><b data-path-to-node=\"10,1,0\" data-index-in-node=\"0\">L&#8217;Osservatore Romano:<\/b> El peri\u00f3dico cotidiano de la Santa Sede, publicado por primera vez el 1 de julio de 1861. Actualmente cuenta con ediciones semanales en los principales idiomas.<\/li>\n<li data-path-to-node=\"10,2,0\"><b data-path-to-node=\"10,2,0\" data-index-in-node=\"0\">Libreria Editrice Vaticana (LEV):<\/b> La editorial oficial, nacida en 1926. Desde 2005 posee la exclusividad de los derechos de autor sobre los textos del Papa.<\/li>\n<li data-path-to-node=\"10,3,0\"><b data-path-to-node=\"10,3,0\" data-index-in-node=\"0\">Radio Vaticana:<\/b> Inaugurada por P\u00edo XI el 12 de febrero de 1931. Con la reforma, ha dado un giro multimedia evidenciado por el portal <b data-path-to-node=\"10,3,0\" data-index-in-node=\"133\">Vatican News<\/b> (activo desde 2017) y su presencia en redes sociales.<\/li>\n<li data-path-to-node=\"10,4,0\"><b data-path-to-node=\"10,4,0\" data-index-in-node=\"0\">Oficina de Prensa de la Santa Sede:<\/b> Creada en 1939 para la divulgaci\u00f3n de noticias oficiales sobre el Papa y la Sede Apost\u00f3lica; se independiz\u00f3 durante el Concilio Vaticano II.<\/li>\n<li data-path-to-node=\"10,5,0\"><b data-path-to-node=\"10,5,0\" data-index-in-node=\"0\">Pontificio Consejo para las Comunicaciones Sociales:<\/b> Evolucion\u00f3 desde una comisi\u00f3n de cine creada por P\u00edo XII en 1948 hasta convertirse en el organismo responsable de documentos clave como <i data-path-to-node=\"10,5,0\" data-index-in-node=\"189\">Communio et Progressio<\/i> (1971).<\/li>\n<li data-path-to-node=\"10,6,0\"><b data-path-to-node=\"10,6,0\" data-index-in-node=\"0\">Centro Televisivo Vaticano (CTV):<\/b> Fundado en 1983 por Juan Pablo II. Bajo el nuevo Dicasterio, su producci\u00f3n se identifica con la marca <b data-path-to-node=\"10,6,0\" data-index-in-node=\"136\">Vatican Media<\/b>.<\/li>\n<li data-path-to-node=\"10,7,0\"><b data-path-to-node=\"10,7,0\" data-index-in-node=\"0\">Servicio Fotogr\u00e1fico y Servicio Internet:<\/b> El primero documenta las actividades papales desde 2006, mientras que el segundo naci\u00f3 en la Navidad de 1995 con la publicaci\u00f3n online del mensaje de Juan Pablo II.<\/li>\n<\/ul>\n<h3 data-path-to-node=\"11\"><strong>Competencias<\/strong><\/h3>\n<p data-path-to-node=\"12\">Seg\u00fan la Constituci\u00f3n Apost\u00f3lica <i data-path-to-node=\"12\" data-index-in-node=\"33\">Praedicate Evangelium<\/i>, el Dicasterio para la Comunicaci\u00f3n se encarga de unificar todas las realidades de comunicaci\u00f3n de la Santa Sede para que el sistema responda de forma coherente a la misi\u00f3n de la Iglesia en la era digital.<\/p>\n<p data-path-to-node=\"13\">Para lograrlo, utiliza innovaciones tecnol\u00f3gicas y modelos de producci\u00f3n actuales y futuros. Adem\u00e1s de sus funciones operativas, el Dicasterio:<\/p>\n<ol>\n<li data-path-to-node=\"14,0,0\"><b data-path-to-node=\"14,0,0\" data-index-in-node=\"0\">Profundiza en los aspectos teol\u00f3gicos y pastorales<\/b> de la comunicaci\u00f3n, evitando que esta se reduzca a algo meramente tecnol\u00f3gico.<\/li>\n<li data-path-to-node=\"14,1,0\"><b data-path-to-node=\"14,1,0\" data-index-in-node=\"0\">Sensibiliza a los fieles<\/b> sobre su deber de utilizar las herramientas de comunicaci\u00f3n para la misi\u00f3n pastoral y el progreso de la civilizaci\u00f3n, especialmente durante la <b data-path-to-node=\"14,1,0\" data-index-in-node=\"168\">Jornada Mundial de las Comunicaciones Sociales<\/b>.<\/li>\n<li data-path-to-node=\"14,2,0\"><b data-path-to-node=\"14,2,0\" data-index-in-node=\"0\">Colabora con la Secretar\u00eda de Estado<\/b> y apoya a las dem\u00e1s instituciones de la Curia Romana, las oficinas vinculadas a la Santa Sede y el Gobernatorado del Estado de la Ciudad del Vaticano en sus actividades de comunicaci\u00f3n.<\/li>\n<\/ol>\n<p dir=\"auto\">(Traducci\u00f3n realizada manteniendo la fidelidad al texto original publicado en\u00a0<a href=\"https:\/\/www.vaticannews.va\/it\/vaticano\/news\/2025-06\/dicastero-servizio-carita-vaticano.html\" target=\"_blank\" rel=\"noopener\">Vatican News<\/a>\u00a0)<\/p>\n<ol>\n<li dir=\"auto\"><a href=\"https:\/\/exaudi.org\/es\/secretaria-de-estado\/\" target=\"_blank\" rel=\"noopener\"><em><strong>Secretar\u00eda de Estado<\/strong><\/em><\/a><\/li>\n<li dir=\"auto\"><a href=\"https:\/\/exaudi.org\/es\/dicasterio-para-la-doctrina-de-la-fe\/\" target=\"_blank\" rel=\"noopener\"><em><strong>Dicasterio para la Doctrina de la Fe<\/strong><\/em><\/a><\/li>\n<li dir=\"auto\"><a href=\"https:\/\/exaudi.org\/es\/dicasterio-para-los-obispos\/\" target=\"_blank\" rel=\"noopener\"><em><strong>Dicasterio para los Obispos<\/strong><\/em><\/a><\/li>\n<li dir=\"auto\"><a href=\"https:\/\/exaudi.org\/es\/dicasterio-para-el-clero\/\" target=\"_blank\" rel=\"noopener\"><em><strong>Dicasterio para el Clero<\/strong><\/em><\/a><\/li>\n<li dir=\"auto\"><a href=\"https:\/\/exaudi.org\/es\/dicasterio-para-el-servicio-de-la-caridad\/\" target=\"_blank\" rel=\"noopener\"><em><strong>Dicasterio para el Servicio de la Caridad<\/strong><\/em><\/a><\/li>\n<li dir=\"auto\"><a href=\"https:\/\/exaudi.org\/es\/dicasterio-para-la-vida-consagrada-y-las-sociedades-de-vida-apostolica\/\" target=\"_blank\" rel=\"noopener\"><em><strong>Dicasterio para la Vida Consagrada y las Sociedades de Vida Apost\u00f3lica<\/strong><\/em><\/a><\/li>\n<li dir=\"auto\"><a href=\"https:\/\/exaudi.org\/es\/el-dicasterio-para-las-causas-de-los-santos\/\" target=\"_blank\" rel=\"noopener\"><em><strong>Dicasterio para las Causas de los Santos<\/strong><\/em><\/a><\/li>\n<li dir=\"auto\"><a href=\"https:\/\/exaudi.org\/es\/el-dicasterio-para-la-promocion-de-la-unidad-de-los-cristianos\/\" target=\"_blank\" rel=\"noopener\"><em><strong>Dicasterio para la Promoci\u00f3n de la Unidad de los Cristianos<\/strong><\/em><\/a><\/li>\n<li dir=\"auto\"><a href=\"https:\/\/exaudi.org\/es\/dicasterio-para-el-dialogo-interreligioso\/\" target=\"_blank\" rel=\"noopener\"><em><strong>Dicasterio para el Di\u00e1logo Interreligioso<\/strong><\/em><\/a><\/li>\n<li dir=\"auto\"><a href=\"https:\/\/exaudi.org\/es\/el-dicasterio-para-el-servicio-del-desarrollo-humano-integral\/\" target=\"_blank\" rel=\"noopener\"><em><strong>Dicasterio para el Servicio del Desarrollo Humano Integral<\/strong><\/em><\/a><\/li>\n<li dir=\"auto\"><a href=\"https:\/\/exaudi.org\/es\/dicasterio-para-la-comunicacion\/\" target=\"_blank\" rel=\"noopener\"><em><strong>Dicasterio para la Comunicaci\u00f3n<\/strong><\/em><\/a><\/li>\n<\/ol>\n<p><img loading=\"lazy\" decoding=\"async\" class=\"size-full wp-image-167395 alignnone\" src=\"https:\/\/exaudi.org\/wp-content\/uploads\/2026\/04\/Copia-de-Voces-2.jpg\" alt=\"\" width=\"940\" height=\"788\" srcset=\"https:\/\/exaudi.org\/wp-content\/uploads\/2026\/04\/Copia-de-Voces-2.jpg 940w, https:\/\/exaudi.org\/wp-content\/uploads\/2026\/04\/Copia-de-Voces-2-300x251.jpg 300w, https:\/\/exaudi.org\/wp-content\/uploads\/2026\/04\/Copia-de-Voces-2-770x645.jpg 770w, https:\/\/exaudi.org\/wp-content\/uploads\/2026\/04\/Copia-de-Voces-2-500x419.jpg 500w\" sizes=\"auto, (max-width: 940px) 100vw, 940px\" \/><\/p>\n","protected":false},"excerpt":{"rendered":"<p>Es el Dicasterio que se ocupa de todo el sistema comunicativo de la Santa Sede, para que responda de manera coherente a las necesidades de la misi\u00f3n evangelizadora de la Iglesia, en un contexto caracterizado por la presencia y el desarrollo de los medios digitales, y por los factores de convergencia e interactividad<\/p>\n","protected":false},"author":15,"featured_media":167387,"comment_status":"closed","ping_status":"closed","sticky":false,"template":"","format":"standard","meta":{"_acf_changed":false,"_crdt_document":"","inline_featured_image":false,"footnotes":""},"categories":[132],"tags":[42595,6418,5598,91752,3153,449,109562,1556,58067,11341,99772,109560,28506,10435,158,57532,6144,11951,109561,1891,58880,18833,1817,272],"class_list":["post-167385","post","type-post","status-publish","format-standard","has-post-thumbnail","hentry","category-vaticano-es","tag-comunicacion-eclesial","tag-comunicacion-social","tag-curia-romana-es","tag-dentro-del-vaticano","tag-dicasterio-para-la-comunicacion","tag-iglesia-catolica","tag-informacion-vaticana","tag-losservatore-romano","tag-leon-xiv","tag-libreria-editrice-vaticana","tag-lucio-ruiz","tag-medios-digitales","tag-mision-evangelizadora","tag-paolo-ruffini-3","tag-papa-francisco","tag-periodismo-religioso","tag-praedicate-evangelium","tag-radio-vaticana-2","tag-sala-stampa-2","tag-santa-sede","tag-trending-es-151","tag-vatican-media-3","tag-vatican-news","tag-vaticano-es"],"acf":[],"yoast_head":"<!-- This site is optimized with the Yoast SEO plugin v27.5 - https:\/\/yoast.com\/product\/yoast-seo-wordpress\/ -->\n<title>Dicasterio para la Comunicaci\u00f3n &#8211; Exaudi<\/title>\n<meta name=\"robots\" content=\"index, follow, max-snippet:-1, max-image-preview:large, max-video-preview:-1\" \/>\n<link rel=\"canonical\" href=\"https:\/\/exaudi.org\/es\/dicasterio-para-la-comunicacion\/\" \/>\n<meta property=\"og:locale\" content=\"es_ES\" \/>\n<meta property=\"og:type\" content=\"article\" \/>\n<meta property=\"og:title\" content=\"Dicasterio para la Comunicaci\u00f3n &#8211; Exaudi\" \/>\n<meta property=\"og:description\" content=\"Es el Dicasterio que se ocupa de todo el sistema comunicativo de la Santa Sede, para que responda de manera coherente a las necesidades de la misi\u00f3n evangelizadora de la Iglesia, en un contexto caracterizado por la presencia y el desarrollo de los medios digitales, y por los factores de convergencia e interactividad\" \/>\n<meta property=\"og:url\" content=\"https:\/\/exaudi.org\/es\/dicasterio-para-la-comunicacion\/\" \/>\n<meta property=\"og:site_name\" content=\"Exaudi\" \/>\n<meta property=\"article:publisher\" content=\"https:\/\/www.facebook.com\/ExaudiNews\" \/>\n<meta property=\"article:author\" content=\"https:\/\/www.facebook.com\/ExaudiNoticias\/\" \/>\n<meta property=\"article:published_time\" content=\"2026-04-22T06:00:31+00:00\" \/>\n<meta property=\"article:modified_time\" content=\"2026-04-22T07:00:34+00:00\" \/>\n<meta property=\"og:image\" content=\"https:\/\/exaudi.org\/wp-content\/uploads\/2026\/04\/cq5dam.thumbnail.cropped.750.422-1-5.jpeg\" \/>\n\t<meta property=\"og:image:width\" content=\"750\" \/>\n\t<meta property=\"og:image:height\" content=\"422\" \/>\n\t<meta property=\"og:image:type\" content=\"image\/jpeg\" \/>\n<meta name=\"author\" content=\"Exaudi Redacci\u00f3n\" \/>\n<meta name=\"twitter:card\" content=\"summary_large_image\" \/>\n<meta name=\"twitter:creator\" content=\"@Exaudi_noticias\" \/>\n<meta name=\"twitter:site\" content=\"@Exaudi_News\" \/>\n<meta name=\"twitter:label1\" content=\"Escrito por\" \/>\n\t<meta name=\"twitter:data1\" content=\"Exaudi Redacci\u00f3n\" \/>\n\t<meta name=\"twitter:label2\" content=\"Tiempo de lectura\" \/>\n\t<meta name=\"twitter:data2\" content=\"4 minutos\" \/>\n<script type=\"application\/ld+json\" class=\"yoast-schema-graph\">{\"@context\":\"https:\\\/\\\/schema.org\",\"@graph\":[{\"@type\":\"Article\",\"@id\":\"https:\\\/\\\/exaudi.org\\\/es\\\/dicasterio-para-la-comunicacion\\\/#article\",\"isPartOf\":{\"@id\":\"https:\\\/\\\/exaudi.org\\\/es\\\/dicasterio-para-la-comunicacion\\\/\"},\"author\":{\"name\":\"Exaudi Redacci\u00f3n\",\"@id\":\"https:\\\/\\\/exaudi.org\\\/#\\\/schema\\\/person\\\/f5fc8f063065e38742da7afe15f25df7\"},\"headline\":\"Dicasterio para la Comunicaci\u00f3n\",\"datePublished\":\"2026-04-22T06:00:31+00:00\",\"dateModified\":\"2026-04-22T07:00:34+00:00\",\"mainEntityOfPage\":{\"@id\":\"https:\\\/\\\/exaudi.org\\\/es\\\/dicasterio-para-la-comunicacion\\\/\"},\"wordCount\":864,\"image\":{\"@id\":\"https:\\\/\\\/exaudi.org\\\/es\\\/dicasterio-para-la-comunicacion\\\/#primaryimage\"},\"thumbnailUrl\":\"https:\\\/\\\/exaudi.org\\\/wp-content\\\/uploads\\\/2026\\\/04\\\/cq5dam.thumbnail.cropped.750.422-1-5.jpeg\",\"keywords\":[\"Comunicaci\u00f3n eclesial\",\"Comunicaci\u00f3n Social\",\"curia romana\",\"Dentro del Vaticano\",\"Dicasterio para la Comunicaci\u00f3n\",\"Iglesia cat\u00f3lica\",\"informaci\u00f3n vaticana\",\"L'Osservatore Romano\",\"Le\u00f3n XIV\",\"LIBRERIA EDITRICE VATICANA\",\"Lucio Ruiz\",\"medios digitales\",\"misi\u00f3n evangelizadora\",\"Paolo Ruffini\",\"papa francisco\",\"periodismo religioso\",\"Praedicate evangelium\",\"Radio Vaticana\",\"Sala Stampa\",\"Santa Sede\",\"Trending\",\"Vatican Media\",\"Vatican News\",\"Vaticano\"],\"articleSection\":[\"Vaticano\"],\"inLanguage\":\"es\"},{\"@type\":\"WebPage\",\"@id\":\"https:\\\/\\\/exaudi.org\\\/es\\\/dicasterio-para-la-comunicacion\\\/\",\"url\":\"https:\\\/\\\/exaudi.org\\\/es\\\/dicasterio-para-la-comunicacion\\\/\",\"name\":\"Dicasterio para la Comunicaci\u00f3n &#8211; Exaudi\",\"isPartOf\":{\"@id\":\"https:\\\/\\\/exaudi.org\\\/#website\"},\"primaryImageOfPage\":{\"@id\":\"https:\\\/\\\/exaudi.org\\\/es\\\/dicasterio-para-la-comunicacion\\\/#primaryimage\"},\"image\":{\"@id\":\"https:\\\/\\\/exaudi.org\\\/es\\\/dicasterio-para-la-comunicacion\\\/#primaryimage\"},\"thumbnailUrl\":\"https:\\\/\\\/exaudi.org\\\/wp-content\\\/uploads\\\/2026\\\/04\\\/cq5dam.thumbnail.cropped.750.422-1-5.jpeg\",\"datePublished\":\"2026-04-22T06:00:31+00:00\",\"dateModified\":\"2026-04-22T07:00:34+00:00\",\"author\":{\"@id\":\"https:\\\/\\\/exaudi.org\\\/#\\\/schema\\\/person\\\/f5fc8f063065e38742da7afe15f25df7\"},\"breadcrumb\":{\"@id\":\"https:\\\/\\\/exaudi.org\\\/es\\\/dicasterio-para-la-comunicacion\\\/#breadcrumb\"},\"inLanguage\":\"es\",\"potentialAction\":[{\"@type\":\"ReadAction\",\"target\":[\"https:\\\/\\\/exaudi.org\\\/es\\\/dicasterio-para-la-comunicacion\\\/\"]}]},{\"@type\":\"ImageObject\",\"inLanguage\":\"es\",\"@id\":\"https:\\\/\\\/exaudi.org\\\/es\\\/dicasterio-para-la-comunicacion\\\/#primaryimage\",\"url\":\"https:\\\/\\\/exaudi.org\\\/wp-content\\\/uploads\\\/2026\\\/04\\\/cq5dam.thumbnail.cropped.750.422-1-5.jpeg\",\"contentUrl\":\"https:\\\/\\\/exaudi.org\\\/wp-content\\\/uploads\\\/2026\\\/04\\\/cq5dam.thumbnail.cropped.750.422-1-5.jpeg\",\"width\":750,\"height\":422},{\"@type\":\"BreadcrumbList\",\"@id\":\"https:\\\/\\\/exaudi.org\\\/es\\\/dicasterio-para-la-comunicacion\\\/#breadcrumb\",\"itemListElement\":[{\"@type\":\"ListItem\",\"position\":1,\"name\":\"Portada\",\"item\":\"https:\\\/\\\/exaudi.org\\\/es\\\/\"},{\"@type\":\"ListItem\",\"position\":2,\"name\":\"Dicasterio para la Comunicaci\u00f3n\"}]},{\"@type\":\"WebSite\",\"@id\":\"https:\\\/\\\/exaudi.org\\\/#website\",\"url\":\"https:\\\/\\\/exaudi.org\\\/\",\"name\":\"Exaudi\",\"description\":\"News\",\"potentialAction\":[{\"@type\":\"SearchAction\",\"target\":{\"@type\":\"EntryPoint\",\"urlTemplate\":\"https:\\\/\\\/exaudi.org\\\/?s={search_term_string}\"},\"query-input\":{\"@type\":\"PropertyValueSpecification\",\"valueRequired\":true,\"valueName\":\"search_term_string\"}}],\"inLanguage\":\"es\"},{\"@type\":\"Person\",\"@id\":\"https:\\\/\\\/exaudi.org\\\/#\\\/schema\\\/person\\\/f5fc8f063065e38742da7afe15f25df7\",\"name\":\"Exaudi Redacci\u00f3n\",\"image\":{\"@type\":\"ImageObject\",\"inLanguage\":\"es\",\"@id\":\"https:\\\/\\\/secure.gravatar.com\\\/avatar\\\/fe0f6a059fb68d9b3e11bc5850dd4899b1c7492091a3cb6dd9b01b56ad828be2?s=96&d=mm&r=g\",\"url\":\"https:\\\/\\\/secure.gravatar.com\\\/avatar\\\/fe0f6a059fb68d9b3e11bc5850dd4899b1c7492091a3cb6dd9b01b56ad828be2?s=96&d=mm&r=g\",\"contentUrl\":\"https:\\\/\\\/secure.gravatar.com\\\/avatar\\\/fe0f6a059fb68d9b3e11bc5850dd4899b1c7492091a3cb6dd9b01b56ad828be2?s=96&d=mm&r=g\",\"caption\":\"Exaudi Redacci\u00f3n\"},\"description\":\"\u00bfQu\u00e9 es Exaudi News? Exaudi News es un medio de comunicaci\u00f3n cat\u00f3lico internacional que informa, forma y transforma, diariamente en espa\u00f1ol, ingl\u00e9s e italiano. A trav\u00e9s de noticias, art\u00edculos de an\u00e1lisis y transmisiones en directo de los eventos del Papa, Exaudi busca fortalecer la unidad de los cristianos y contribuir a la evangelizaci\u00f3n del mundo, siempre guiados por la doctrina social de la Iglesia. Trabajamos para acercar la verdad y los valores cristianos a cada rinc\u00f3n del planeta. \u00a1Ay\u00fadanos a transformar el mundo con Exaudi! En Exaudi creemos que la evangelizaci\u00f3n y la informaci\u00f3n de calidad pueden cambiar vidas. Para continuar con nuestra misi\u00f3n y expandir nuestro alcance, necesitamos tu ayuda. Adem\u00e1s, buscamos personas comprometidas que deseen unirse a nuestro equipo. Con tu apoyo, lograremos llegar a m\u00e1s personas, difundir el mensaje de Cristo y reforzar la unidad de los cristianos. \u00bfTe unes a nuestra misi\u00f3n? Para m\u00e1s informaci\u00f3n sobre c\u00f3mo colaborar, visita Exaudi.org\\\/es o cont\u00e1ctanos directamente: info@exaudi.org Exaudi: Informa, forma y transforma.\",\"sameAs\":[\"https:\\\/\\\/www.facebook.com\\\/ExaudiNoticias\\\/\",\"https:\\\/\\\/www.instagram.com\\\/exaudi_noticias\\\/\",\"https:\\\/\\\/x.com\\\/Exaudi_noticias\",\"https:\\\/\\\/www.youtube.com\\\/@exaudicatholicnews\"],\"url\":\"https:\\\/\\\/exaudi.org\\\/es\\\/author\\\/redaccionexaudi\\\/\"}]}<\/script>\n<!-- \/ Yoast SEO plugin. -->","yoast_head_json":{"title":"Dicasterio para la Comunicaci\u00f3n &#8211; Exaudi","robots":{"index":"index","follow":"follow","max-snippet":"max-snippet:-1","max-image-preview":"max-image-preview:large","max-video-preview":"max-video-preview:-1"},"canonical":"https:\/\/exaudi.org\/es\/dicasterio-para-la-comunicacion\/","og_locale":"es_ES","og_type":"article","og_title":"Dicasterio para la Comunicaci\u00f3n &#8211; Exaudi","og_description":"Es el Dicasterio que se ocupa de todo el sistema comunicativo de la Santa Sede, para que responda de manera coherente a las necesidades de la misi\u00f3n evangelizadora de la Iglesia, en un contexto caracterizado por la presencia y el desarrollo de los medios digitales, y por los factores de convergencia e interactividad","og_url":"https:\/\/exaudi.org\/es\/dicasterio-para-la-comunicacion\/","og_site_name":"Exaudi","article_publisher":"https:\/\/www.facebook.com\/ExaudiNews","article_author":"https:\/\/www.facebook.com\/ExaudiNoticias\/","article_published_time":"2026-04-22T06:00:31+00:00","article_modified_time":"2026-04-22T07:00:34+00:00","og_image":[{"width":750,"height":422,"url":"https:\/\/exaudi.org\/wp-content\/uploads\/2026\/04\/cq5dam.thumbnail.cropped.750.422-1-5.jpeg","type":"image\/jpeg"}],"author":"Exaudi Redacci\u00f3n","twitter_card":"summary_large_image","twitter_creator":"@Exaudi_noticias","twitter_site":"@Exaudi_News","twitter_misc":{"Escrito por":"Exaudi Redacci\u00f3n","Tiempo de lectura":"4 minutos"},"schema":{"@context":"https:\/\/schema.org","@graph":[{"@type":"Article","@id":"https:\/\/exaudi.org\/es\/dicasterio-para-la-comunicacion\/#article","isPartOf":{"@id":"https:\/\/exaudi.org\/es\/dicasterio-para-la-comunicacion\/"},"author":{"name":"Exaudi Redacci\u00f3n","@id":"https:\/\/exaudi.org\/#\/schema\/person\/f5fc8f063065e38742da7afe15f25df7"},"headline":"Dicasterio para la Comunicaci\u00f3n","datePublished":"2026-04-22T06:00:31+00:00","dateModified":"2026-04-22T07:00:34+00:00","mainEntityOfPage":{"@id":"https:\/\/exaudi.org\/es\/dicasterio-para-la-comunicacion\/"},"wordCount":864,"image":{"@id":"https:\/\/exaudi.org\/es\/dicasterio-para-la-comunicacion\/#primaryimage"},"thumbnailUrl":"https:\/\/exaudi.org\/wp-content\/uploads\/2026\/04\/cq5dam.thumbnail.cropped.750.422-1-5.jpeg","keywords":["Comunicaci\u00f3n eclesial","Comunicaci\u00f3n Social","curia romana","Dentro del Vaticano","Dicasterio para la Comunicaci\u00f3n","Iglesia cat\u00f3lica","informaci\u00f3n vaticana","L'Osservatore Romano","Le\u00f3n XIV","LIBRERIA EDITRICE VATICANA","Lucio Ruiz","medios digitales","misi\u00f3n evangelizadora","Paolo Ruffini","papa francisco","periodismo religioso","Praedicate evangelium","Radio Vaticana","Sala Stampa","Santa Sede","Trending","Vatican Media","Vatican News","Vaticano"],"articleSection":["Vaticano"],"inLanguage":"es"},{"@type":"WebPage","@id":"https:\/\/exaudi.org\/es\/dicasterio-para-la-comunicacion\/","url":"https:\/\/exaudi.org\/es\/dicasterio-para-la-comunicacion\/","name":"Dicasterio para la Comunicaci\u00f3n &#8211; Exaudi","isPartOf":{"@id":"https:\/\/exaudi.org\/#website"},"primaryImageOfPage":{"@id":"https:\/\/exaudi.org\/es\/dicasterio-para-la-comunicacion\/#primaryimage"},"image":{"@id":"https:\/\/exaudi.org\/es\/dicasterio-para-la-comunicacion\/#primaryimage"},"thumbnailUrl":"https:\/\/exaudi.org\/wp-content\/uploads\/2026\/04\/cq5dam.thumbnail.cropped.750.422-1-5.jpeg","datePublished":"2026-04-22T06:00:31+00:00","dateModified":"2026-04-22T07:00:34+00:00","author":{"@id":"https:\/\/exaudi.org\/#\/schema\/person\/f5fc8f063065e38742da7afe15f25df7"},"breadcrumb":{"@id":"https:\/\/exaudi.org\/es\/dicasterio-para-la-comunicacion\/#breadcrumb"},"inLanguage":"es","potentialAction":[{"@type":"ReadAction","target":["https:\/\/exaudi.org\/es\/dicasterio-para-la-comunicacion\/"]}]},{"@type":"ImageObject","inLanguage":"es","@id":"https:\/\/exaudi.org\/es\/dicasterio-para-la-comunicacion\/#primaryimage","url":"https:\/\/exaudi.org\/wp-content\/uploads\/2026\/04\/cq5dam.thumbnail.cropped.750.422-1-5.jpeg","contentUrl":"https:\/\/exaudi.org\/wp-content\/uploads\/2026\/04\/cq5dam.thumbnail.cropped.750.422-1-5.jpeg","width":750,"height":422},{"@type":"BreadcrumbList","@id":"https:\/\/exaudi.org\/es\/dicasterio-para-la-comunicacion\/#breadcrumb","itemListElement":[{"@type":"ListItem","position":1,"name":"Portada","item":"https:\/\/exaudi.org\/es\/"},{"@type":"ListItem","position":2,"name":"Dicasterio para la Comunicaci\u00f3n"}]},{"@type":"WebSite","@id":"https:\/\/exaudi.org\/#website","url":"https:\/\/exaudi.org\/","name":"Exaudi","description":"News","potentialAction":[{"@type":"SearchAction","target":{"@type":"EntryPoint","urlTemplate":"https:\/\/exaudi.org\/?s={search_term_string}"},"query-input":{"@type":"PropertyValueSpecification","valueRequired":true,"valueName":"search_term_string"}}],"inLanguage":"es"},{"@type":"Person","@id":"https:\/\/exaudi.org\/#\/schema\/person\/f5fc8f063065e38742da7afe15f25df7","name":"Exaudi Redacci\u00f3n","image":{"@type":"ImageObject","inLanguage":"es","@id":"https:\/\/secure.gravatar.com\/avatar\/fe0f6a059fb68d9b3e11bc5850dd4899b1c7492091a3cb6dd9b01b56ad828be2?s=96&d=mm&r=g","url":"https:\/\/secure.gravatar.com\/avatar\/fe0f6a059fb68d9b3e11bc5850dd4899b1c7492091a3cb6dd9b01b56ad828be2?s=96&d=mm&r=g","contentUrl":"https:\/\/secure.gravatar.com\/avatar\/fe0f6a059fb68d9b3e11bc5850dd4899b1c7492091a3cb6dd9b01b56ad828be2?s=96&d=mm&r=g","caption":"Exaudi Redacci\u00f3n"},"description":"\u00bfQu\u00e9 es Exaudi News? Exaudi News es un medio de comunicaci\u00f3n cat\u00f3lico internacional que informa, forma y transforma, diariamente en espa\u00f1ol, ingl\u00e9s e italiano. A trav\u00e9s de noticias, art\u00edculos de an\u00e1lisis y transmisiones en directo de los eventos del Papa, Exaudi busca fortalecer la unidad de los cristianos y contribuir a la evangelizaci\u00f3n del mundo, siempre guiados por la doctrina social de la Iglesia. Trabajamos para acercar la verdad y los valores cristianos a cada rinc\u00f3n del planeta. \u00a1Ay\u00fadanos a transformar el mundo con Exaudi! En Exaudi creemos que la evangelizaci\u00f3n y la informaci\u00f3n de calidad pueden cambiar vidas. Para continuar con nuestra misi\u00f3n y expandir nuestro alcance, necesitamos tu ayuda. Adem\u00e1s, buscamos personas comprometidas que deseen unirse a nuestro equipo. Con tu apoyo, lograremos llegar a m\u00e1s personas, difundir el mensaje de Cristo y reforzar la unidad de los cristianos. \u00bfTe unes a nuestra misi\u00f3n? Para m\u00e1s informaci\u00f3n sobre c\u00f3mo colaborar, visita Exaudi.org\/es o cont\u00e1ctanos directamente: info@exaudi.org Exaudi: Informa, forma y transforma.","sameAs":["https:\/\/www.facebook.com\/ExaudiNoticias\/","https:\/\/www.instagram.com\/exaudi_noticias\/","https:\/\/x.com\/Exaudi_noticias","https:\/\/www.youtube.com\/@exaudicatholicnews"],"url":"https:\/\/exaudi.org\/es\/author\/redaccionexaudi\/"}]}},"jetpack_featured_media_url":"https:\/\/exaudi.org\/wp-content\/uploads\/2026\/04\/cq5dam.thumbnail.cropped.750.422-1-5.jpeg","jetpack_shortlink":"https:\/\/wp.me\/pgKjF2-HxL","_links":{"self":[{"href":"https:\/\/exaudi.org\/es\/wp-json\/wp\/v2\/posts\/167385","targetHints":{"allow":["GET"]}}],"collection":[{"href":"https:\/\/exaudi.org\/es\/wp-json\/wp\/v2\/posts"}],"about":[{"href":"https:\/\/exaudi.org\/es\/wp-json\/wp\/v2\/types\/post"}],"author":[{"embeddable":true,"href":"https:\/\/exaudi.org\/es\/wp-json\/wp\/v2\/users\/15"}],"replies":[{"embeddable":true,"href":"https:\/\/exaudi.org\/es\/wp-json\/wp\/v2\/comments?post=167385"}],"version-history":[{"count":6,"href":"https:\/\/exaudi.org\/es\/wp-json\/wp\/v2\/posts\/167385\/revisions"}],"predecessor-version":[{"id":167561,"href":"https:\/\/exaudi.org\/es\/wp-json\/wp\/v2\/posts\/167385\/revisions\/167561"}],"wp:featuredmedia":[{"embeddable":true,"href":"https:\/\/exaudi.org\/es\/wp-json\/wp\/v2\/media\/167387"}],"wp:attachment":[{"href":"https:\/\/exaudi.org\/es\/wp-json\/wp\/v2\/media?parent=167385"}],"wp:term":[{"taxonomy":"category","embeddable":true,"href":"https:\/\/exaudi.org\/es\/wp-json\/wp\/v2\/categories?post=167385"},{"taxonomy":"post_tag","embeddable":true,"href":"https:\/\/exaudi.org\/es\/wp-json\/wp\/v2\/tags?post=167385"}],"curies":[{"name":"wp","href":"https:\/\/api.w.org\/{rel}","templated":true}]}}