{"id":16711,"date":"2021-05-13T14:12:16","date_gmt":"2021-05-13T12:12:16","guid":{"rendered":"https:\/\/exaudi.org\/?p=16711"},"modified":"2021-05-14T09:31:24","modified_gmt":"2021-05-14T07:31:24","slug":"argentina-covid-19-reaccion-obispos-restricciones","status":"publish","type":"post","link":"https:\/\/exaudi.org\/es\/argentina-covid-19-reaccion-obispos-restricciones\/","title":{"rendered":"Argentina: COVID-19, reacci\u00f3n de obispos ante restricciones"},"content":{"rendered":"<p>El pasado 10 de mayo, ante las restricciones provocadas por la pandemia de COVID-19 que proh\u00edben toda actividad religiosa en lugares cerrados, los obispos de la Provincia de Santa Fe, <a href=\"https:\/\/exaudi.org\/es\/argentina-papa-recibe-al-presidente-alberto-fernandez\/\" target=\"_blank\" rel=\"noopener noreferrer\">Argentina<\/a>, manifestaron su \u201cdesconcierto y convencida disconformidad\u201d.<\/p>\n<p>Argentina afronta la segunda ola de coronavirus con un aumento continuo contagios. Seg\u00fan los datos de la Sala de Situaci\u00f3n Coronavirus online del Ministerio de Salud, desde el inicio de la pandemia ha habido 3.215.572 casos la cifra y de fallecimientos llega a los 68.807.<\/p>\n<p>La campa\u00f1a de vacunaci\u00f3n comenz\u00f3 a finales de diciembre, pero el Gobierno ha tenido que extender las restricciones en la capital, Buenos Aires y sus zonas perif\u00e9ricas que concentran mayor\u00eda de casos de COVID-19. Por su parte, los gobiernos provinciales de Santa Fe o C\u00f3rdoba han endurecido los protocolos para detener el avance de la pandemia.<\/p>\n<h4><strong>Reuni\u00f3n del arzobispo de La Plata<\/strong><\/h4>\n<p>El 12 de mayo, seg\u00fan informa la agencia de noticias cat\u00f3lica AICA, el arzobispo de La Plata, monse\u00f1or V\u00edctor Manuel Fern\u00e1ndez, mantuvo\u00a0<a href=\"https:\/\/aica.org\/noticia-restricciones-al-culto-reunion-del-arzobispo-de-la-plata-con-autoridades-provinciales\">una conversaci\u00f3n con el jefe de Gabinete de Buenos Aires, Carlos Bianco<\/a>. El prelado transmiti\u00f3 que consideraba \u201cdesproporcionadas\u201d las restricciones a las celebraciones religiosas en el contexto de las medidas para prevenir los contagios de coronavirus y solicitaba ampliar el l\u00edmite de 10 personas para la Misa al aire libre.<\/p>\n<p>Posteriormente, el 12 de mayo, monse\u00f1or Fern\u00e1ndez inform\u00f3 a la comunidad que la Jefatura de Gabinete de la provincia de Buenos Aires public\u00f3 en el Bolet\u00edn Oficial la ampliaci\u00f3n que ahora permite 20 personas en los actos de culto al aire libre (en la fase actual), y 100 personas a partir de la fase 4.<\/p>\n<p>\u201cHan aceptado analizar por separado los actos de culto, con criterios distintos a los de actos deportivos o de esparcimiento\u201d, se\u00f1al\u00f3 el arzobispo. De esta manera, continu\u00f3, \u00abse abre la puerta para seguir conversando a partir de la evoluci\u00f3n de la situaci\u00f3n sanitaria\u201d.<\/p>\n<h4><strong>Palabras de los obispos<\/strong><\/h4>\n<p>En el citado comunicado de los obispos de la Provincia de Santa Fe estos remarcan que \u201cen todo este tiempo, nuestras comunidades cristianas han aprendido a cuidarse cumpliendo con todos los protocolos sanitarios, siendo muy respetuosas de los mismos\u201d. De este modo, a lo largo de la nota exponen las medidas preventivas que se han tomado en los templos, desde la reducci\u00f3n del aforo hasta la higienizaci\u00f3n y cambios en los gestos lit\u00fargicos para evitar el contacto entre las personas.<\/p>\n<p>Asimismo, el texto de los obispos insiste en la necesidad de un di\u00e1logo y un trabajo conjunto entre las autoridades y todos los actores de la sociedad para para estudiar y encontrar las mejores alternativas que ayuden \u201ca salvaguardar la vida humana en su integralidad\u201d.<\/p>\n<p>\u201cLa religiosidad es el alma de los pueblos latinoamericanos, por eso la dimensi\u00f3n religiosa de la persona humana es un aspecto esencial del bienestar integral de la poblaci\u00f3n y el fortalecimiento espiritual de las personas; por lo cual las medidas y disposiciones que tomen las autoridades deber\u00edan atender siempre a su resguardo\u201d, concluyen.<\/p>\n","protected":false},"excerpt":{"rendered":"<p>En materia de culto las consideran desproporcionadas<\/p>\n","protected":false},"author":5,"featured_media":16713,"comment_status":"closed","ping_status":"closed","sticky":false,"template":"","format":"standard","meta":{"_acf_changed":false,"_crdt_document":"","inline_featured_image":false,"footnotes":""},"categories":[86,298],"tags":[1550,541,925,2301,730],"class_list":["post-16711","post","type-post","status-publish","format-standard","has-post-thumbnail","hentry","category-iglesia-local","category-ultimas-noticias","tag-argentina","tag-covid-19","tag-culto","tag-la-plata","tag-pandemia-es"],"acf":[],"yoast_head":"<!-- This site is optimized with the Yoast SEO plugin v27.4 - https:\/\/yoast.com\/product\/yoast-seo-wordpress\/ -->\n<title>Argentina: COVID-19, reacci\u00f3n de obispos ante restricciones &#8211; Exaudi<\/title>\n<meta name=\"description\" content=\"Argentina: COVID-19, obispos de Santa Fe expresan su postura ante las restricciones que proh\u00edben toda actividad religiosa en lugares cerrados\" \/>\n<meta name=\"robots\" content=\"index, follow, max-snippet:-1, max-image-preview:large, max-video-preview:-1\" \/>\n<link rel=\"canonical\" href=\"https:\/\/exaudi.org\/es\/argentina-covid-19-reaccion-obispos-restricciones\/\" \/>\n<meta property=\"og:locale\" content=\"es_ES\" \/>\n<meta property=\"og:type\" content=\"article\" \/>\n<meta property=\"og:title\" content=\"Argentina: COVID-19, reacci\u00f3n de obispos ante restricciones &#8211; Exaudi\" \/>\n<meta property=\"og:description\" content=\"Argentina: COVID-19, obispos de Santa Fe expresan su postura ante las restricciones que proh\u00edben toda actividad religiosa en lugares cerrados\" \/>\n<meta property=\"og:url\" content=\"https:\/\/exaudi.org\/es\/argentina-covid-19-reaccion-obispos-restricciones\/\" \/>\n<meta property=\"og:site_name\" content=\"Exaudi\" \/>\n<meta property=\"article:publisher\" content=\"https:\/\/www.facebook.com\/ExaudiNews\" \/>\n<meta property=\"article:published_time\" content=\"2021-05-13T12:12:16+00:00\" \/>\n<meta property=\"article:modified_time\" content=\"2021-05-14T07:31:24+00:00\" \/>\n<meta property=\"og:image\" content=\"https:\/\/exaudi.org\/wp-content\/uploads\/2021\/05\/Misa-al-aire-libre-en-Argentina.jpg\" \/>\n\t<meta property=\"og:image:width\" content=\"1123\" \/>\n\t<meta property=\"og:image:height\" content=\"754\" \/>\n\t<meta property=\"og:image:type\" content=\"image\/jpeg\" \/>\n<meta name=\"author\" content=\"Larissa I. L\u00f3pez\" \/>\n<meta name=\"twitter:card\" content=\"summary_large_image\" \/>\n<meta name=\"twitter:creator\" content=\"@Exaudi_News\" \/>\n<meta name=\"twitter:site\" content=\"@Exaudi_News\" \/>\n<meta name=\"twitter:label1\" content=\"Escrito por\" \/>\n\t<meta name=\"twitter:data1\" content=\"Larissa I. L\u00f3pez\" \/>\n\t<meta name=\"twitter:label2\" content=\"Tiempo de lectura\" \/>\n\t<meta name=\"twitter:data2\" content=\"3 minutos\" \/>\n<script type=\"application\/ld+json\" class=\"yoast-schema-graph\">{\"@context\":\"https:\\\/\\\/schema.org\",\"@graph\":[{\"@type\":\"Article\",\"@id\":\"https:\\\/\\\/exaudi.org\\\/es\\\/argentina-covid-19-reaccion-obispos-restricciones\\\/#article\",\"isPartOf\":{\"@id\":\"https:\\\/\\\/exaudi.org\\\/es\\\/argentina-covid-19-reaccion-obispos-restricciones\\\/\"},\"author\":{\"name\":\"Larissa I. L\u00f3pez\",\"@id\":\"https:\\\/\\\/exaudi.org\\\/#\\\/schema\\\/person\\\/7d2f77db033c2c0929edfab6dbe8c588\"},\"headline\":\"Argentina: COVID-19, reacci\u00f3n de obispos ante restricciones\",\"datePublished\":\"2021-05-13T12:12:16+00:00\",\"dateModified\":\"2021-05-14T07:31:24+00:00\",\"mainEntityOfPage\":{\"@id\":\"https:\\\/\\\/exaudi.org\\\/es\\\/argentina-covid-19-reaccion-obispos-restricciones\\\/\"},\"wordCount\":525,\"image\":{\"@id\":\"https:\\\/\\\/exaudi.org\\\/es\\\/argentina-covid-19-reaccion-obispos-restricciones\\\/#primaryimage\"},\"thumbnailUrl\":\"https:\\\/\\\/exaudi.org\\\/wp-content\\\/uploads\\\/2021\\\/05\\\/Misa-al-aire-libre-en-Argentina.jpg\",\"keywords\":[\"Argentina\",\"COVID-19\",\"Culto\",\"La Plata\",\"pandemia\"],\"articleSection\":[\"Iglesia Local\",\"\u00daltimas noticias\"],\"inLanguage\":\"es\"},{\"@type\":\"WebPage\",\"@id\":\"https:\\\/\\\/exaudi.org\\\/es\\\/argentina-covid-19-reaccion-obispos-restricciones\\\/\",\"url\":\"https:\\\/\\\/exaudi.org\\\/es\\\/argentina-covid-19-reaccion-obispos-restricciones\\\/\",\"name\":\"Argentina: COVID-19, reacci\u00f3n de obispos ante restricciones &#8211; Exaudi\",\"isPartOf\":{\"@id\":\"https:\\\/\\\/exaudi.org\\\/#website\"},\"primaryImageOfPage\":{\"@id\":\"https:\\\/\\\/exaudi.org\\\/es\\\/argentina-covid-19-reaccion-obispos-restricciones\\\/#primaryimage\"},\"image\":{\"@id\":\"https:\\\/\\\/exaudi.org\\\/es\\\/argentina-covid-19-reaccion-obispos-restricciones\\\/#primaryimage\"},\"thumbnailUrl\":\"https:\\\/\\\/exaudi.org\\\/wp-content\\\/uploads\\\/2021\\\/05\\\/Misa-al-aire-libre-en-Argentina.jpg\",\"datePublished\":\"2021-05-13T12:12:16+00:00\",\"dateModified\":\"2021-05-14T07:31:24+00:00\",\"author\":{\"@id\":\"https:\\\/\\\/exaudi.org\\\/#\\\/schema\\\/person\\\/7d2f77db033c2c0929edfab6dbe8c588\"},\"description\":\"Argentina: COVID-19, obispos de Santa Fe expresan su postura ante las restricciones que proh\u00edben toda actividad religiosa en lugares cerrados\",\"breadcrumb\":{\"@id\":\"https:\\\/\\\/exaudi.org\\\/es\\\/argentina-covid-19-reaccion-obispos-restricciones\\\/#breadcrumb\"},\"inLanguage\":\"es\",\"potentialAction\":[{\"@type\":\"ReadAction\",\"target\":[\"https:\\\/\\\/exaudi.org\\\/es\\\/argentina-covid-19-reaccion-obispos-restricciones\\\/\"]}]},{\"@type\":\"ImageObject\",\"inLanguage\":\"es\",\"@id\":\"https:\\\/\\\/exaudi.org\\\/es\\\/argentina-covid-19-reaccion-obispos-restricciones\\\/#primaryimage\",\"url\":\"https:\\\/\\\/exaudi.org\\\/wp-content\\\/uploads\\\/2021\\\/05\\\/Misa-al-aire-libre-en-Argentina.jpg\",\"contentUrl\":\"https:\\\/\\\/exaudi.org\\\/wp-content\\\/uploads\\\/2021\\\/05\\\/Misa-al-aire-libre-en-Argentina.jpg\",\"width\":1123,\"height\":754,\"caption\":\"Misa al aire libre en Argentina \u00a9 AICA\"},{\"@type\":\"BreadcrumbList\",\"@id\":\"https:\\\/\\\/exaudi.org\\\/es\\\/argentina-covid-19-reaccion-obispos-restricciones\\\/#breadcrumb\",\"itemListElement\":[{\"@type\":\"ListItem\",\"position\":1,\"name\":\"Portada\",\"item\":\"https:\\\/\\\/exaudi.org\\\/es\\\/\"},{\"@type\":\"ListItem\",\"position\":2,\"name\":\"Argentina: COVID-19, reacci\u00f3n de obispos ante restricciones\"}]},{\"@type\":\"WebSite\",\"@id\":\"https:\\\/\\\/exaudi.org\\\/#website\",\"url\":\"https:\\\/\\\/exaudi.org\\\/\",\"name\":\"Exaudi\",\"description\":\"News\",\"potentialAction\":[{\"@type\":\"SearchAction\",\"target\":{\"@type\":\"EntryPoint\",\"urlTemplate\":\"https:\\\/\\\/exaudi.org\\\/?s={search_term_string}\"},\"query-input\":{\"@type\":\"PropertyValueSpecification\",\"valueRequired\":true,\"valueName\":\"search_term_string\"}}],\"inLanguage\":\"es\"},{\"@type\":\"Person\",\"@id\":\"https:\\\/\\\/exaudi.org\\\/#\\\/schema\\\/person\\\/7d2f77db033c2c0929edfab6dbe8c588\",\"name\":\"Larissa I. L\u00f3pez\",\"image\":{\"@type\":\"ImageObject\",\"inLanguage\":\"es\",\"@id\":\"https:\\\/\\\/secure.gravatar.com\\\/avatar\\\/db3ef399ff343d0bb9d25dc5198bc8ece5ac6d621eca79876697a354dabc1e3f?s=96&d=mm&r=g\",\"url\":\"https:\\\/\\\/secure.gravatar.com\\\/avatar\\\/db3ef399ff343d0bb9d25dc5198bc8ece5ac6d621eca79876697a354dabc1e3f?s=96&d=mm&r=g\",\"contentUrl\":\"https:\\\/\\\/secure.gravatar.com\\\/avatar\\\/db3ef399ff343d0bb9d25dc5198bc8ece5ac6d621eca79876697a354dabc1e3f?s=96&d=mm&r=g\",\"caption\":\"Larissa I. L\u00f3pez\"},\"description\":\"Doctora en Comunicaci\u00f3n. Mi trayectoria profesional ha transcurrido entre el \u00e1mbito de la comunicaci\u00f3n y el de la docencia. En los \u00faltimos a\u00f1os, he trabajado como coordinadora y redactora de la edici\u00f3n de ZENIT en espa\u00f1ol. Como profesora, he impartido clases en la universidad y en centros de FP y bachillerato. Cordobesa de nacimiento, tambi\u00e9n he vivido en Sevilla, Madrid y Roma\",\"url\":\"https:\\\/\\\/exaudi.org\\\/es\\\/author\\\/llopezexaudi-org\\\/\"}]}<\/script>\n<!-- \/ Yoast SEO plugin. -->","yoast_head_json":{"title":"Argentina: COVID-19, reacci\u00f3n de obispos ante restricciones &#8211; Exaudi","description":"Argentina: COVID-19, obispos de Santa Fe expresan su postura ante las restricciones que proh\u00edben toda actividad religiosa en lugares cerrados","robots":{"index":"index","follow":"follow","max-snippet":"max-snippet:-1","max-image-preview":"max-image-preview:large","max-video-preview":"max-video-preview:-1"},"canonical":"https:\/\/exaudi.org\/es\/argentina-covid-19-reaccion-obispos-restricciones\/","og_locale":"es_ES","og_type":"article","og_title":"Argentina: COVID-19, reacci\u00f3n de obispos ante restricciones &#8211; Exaudi","og_description":"Argentina: COVID-19, obispos de Santa Fe expresan su postura ante las restricciones que proh\u00edben toda actividad religiosa en lugares cerrados","og_url":"https:\/\/exaudi.org\/es\/argentina-covid-19-reaccion-obispos-restricciones\/","og_site_name":"Exaudi","article_publisher":"https:\/\/www.facebook.com\/ExaudiNews","article_published_time":"2021-05-13T12:12:16+00:00","article_modified_time":"2021-05-14T07:31:24+00:00","og_image":[{"width":1123,"height":754,"url":"https:\/\/exaudi.org\/wp-content\/uploads\/2021\/05\/Misa-al-aire-libre-en-Argentina.jpg","type":"image\/jpeg"}],"author":"Larissa I. L\u00f3pez","twitter_card":"summary_large_image","twitter_creator":"@Exaudi_News","twitter_site":"@Exaudi_News","twitter_misc":{"Escrito por":"Larissa I. L\u00f3pez","Tiempo de lectura":"3 minutos"},"schema":{"@context":"https:\/\/schema.org","@graph":[{"@type":"Article","@id":"https:\/\/exaudi.org\/es\/argentina-covid-19-reaccion-obispos-restricciones\/#article","isPartOf":{"@id":"https:\/\/exaudi.org\/es\/argentina-covid-19-reaccion-obispos-restricciones\/"},"author":{"name":"Larissa I. L\u00f3pez","@id":"https:\/\/exaudi.org\/#\/schema\/person\/7d2f77db033c2c0929edfab6dbe8c588"},"headline":"Argentina: COVID-19, reacci\u00f3n de obispos ante restricciones","datePublished":"2021-05-13T12:12:16+00:00","dateModified":"2021-05-14T07:31:24+00:00","mainEntityOfPage":{"@id":"https:\/\/exaudi.org\/es\/argentina-covid-19-reaccion-obispos-restricciones\/"},"wordCount":525,"image":{"@id":"https:\/\/exaudi.org\/es\/argentina-covid-19-reaccion-obispos-restricciones\/#primaryimage"},"thumbnailUrl":"https:\/\/exaudi.org\/wp-content\/uploads\/2021\/05\/Misa-al-aire-libre-en-Argentina.jpg","keywords":["Argentina","COVID-19","Culto","La Plata","pandemia"],"articleSection":["Iglesia Local","\u00daltimas noticias"],"inLanguage":"es"},{"@type":"WebPage","@id":"https:\/\/exaudi.org\/es\/argentina-covid-19-reaccion-obispos-restricciones\/","url":"https:\/\/exaudi.org\/es\/argentina-covid-19-reaccion-obispos-restricciones\/","name":"Argentina: COVID-19, reacci\u00f3n de obispos ante restricciones &#8211; Exaudi","isPartOf":{"@id":"https:\/\/exaudi.org\/#website"},"primaryImageOfPage":{"@id":"https:\/\/exaudi.org\/es\/argentina-covid-19-reaccion-obispos-restricciones\/#primaryimage"},"image":{"@id":"https:\/\/exaudi.org\/es\/argentina-covid-19-reaccion-obispos-restricciones\/#primaryimage"},"thumbnailUrl":"https:\/\/exaudi.org\/wp-content\/uploads\/2021\/05\/Misa-al-aire-libre-en-Argentina.jpg","datePublished":"2021-05-13T12:12:16+00:00","dateModified":"2021-05-14T07:31:24+00:00","author":{"@id":"https:\/\/exaudi.org\/#\/schema\/person\/7d2f77db033c2c0929edfab6dbe8c588"},"description":"Argentina: COVID-19, obispos de Santa Fe expresan su postura ante las restricciones que proh\u00edben toda actividad religiosa en lugares cerrados","breadcrumb":{"@id":"https:\/\/exaudi.org\/es\/argentina-covid-19-reaccion-obispos-restricciones\/#breadcrumb"},"inLanguage":"es","potentialAction":[{"@type":"ReadAction","target":["https:\/\/exaudi.org\/es\/argentina-covid-19-reaccion-obispos-restricciones\/"]}]},{"@type":"ImageObject","inLanguage":"es","@id":"https:\/\/exaudi.org\/es\/argentina-covid-19-reaccion-obispos-restricciones\/#primaryimage","url":"https:\/\/exaudi.org\/wp-content\/uploads\/2021\/05\/Misa-al-aire-libre-en-Argentina.jpg","contentUrl":"https:\/\/exaudi.org\/wp-content\/uploads\/2021\/05\/Misa-al-aire-libre-en-Argentina.jpg","width":1123,"height":754,"caption":"Misa al aire libre en Argentina \u00a9 AICA"},{"@type":"BreadcrumbList","@id":"https:\/\/exaudi.org\/es\/argentina-covid-19-reaccion-obispos-restricciones\/#breadcrumb","itemListElement":[{"@type":"ListItem","position":1,"name":"Portada","item":"https:\/\/exaudi.org\/es\/"},{"@type":"ListItem","position":2,"name":"Argentina: COVID-19, reacci\u00f3n de obispos ante restricciones"}]},{"@type":"WebSite","@id":"https:\/\/exaudi.org\/#website","url":"https:\/\/exaudi.org\/","name":"Exaudi","description":"News","potentialAction":[{"@type":"SearchAction","target":{"@type":"EntryPoint","urlTemplate":"https:\/\/exaudi.org\/?s={search_term_string}"},"query-input":{"@type":"PropertyValueSpecification","valueRequired":true,"valueName":"search_term_string"}}],"inLanguage":"es"},{"@type":"Person","@id":"https:\/\/exaudi.org\/#\/schema\/person\/7d2f77db033c2c0929edfab6dbe8c588","name":"Larissa I. L\u00f3pez","image":{"@type":"ImageObject","inLanguage":"es","@id":"https:\/\/secure.gravatar.com\/avatar\/db3ef399ff343d0bb9d25dc5198bc8ece5ac6d621eca79876697a354dabc1e3f?s=96&d=mm&r=g","url":"https:\/\/secure.gravatar.com\/avatar\/db3ef399ff343d0bb9d25dc5198bc8ece5ac6d621eca79876697a354dabc1e3f?s=96&d=mm&r=g","contentUrl":"https:\/\/secure.gravatar.com\/avatar\/db3ef399ff343d0bb9d25dc5198bc8ece5ac6d621eca79876697a354dabc1e3f?s=96&d=mm&r=g","caption":"Larissa I. L\u00f3pez"},"description":"Doctora en Comunicaci\u00f3n. Mi trayectoria profesional ha transcurrido entre el \u00e1mbito de la comunicaci\u00f3n y el de la docencia. En los \u00faltimos a\u00f1os, he trabajado como coordinadora y redactora de la edici\u00f3n de ZENIT en espa\u00f1ol. Como profesora, he impartido clases en la universidad y en centros de FP y bachillerato. Cordobesa de nacimiento, tambi\u00e9n he vivido en Sevilla, Madrid y Roma","url":"https:\/\/exaudi.org\/es\/author\/llopezexaudi-org\/"}]}},"jetpack_featured_media_url":"https:\/\/exaudi.org\/wp-content\/uploads\/2021\/05\/Misa-al-aire-libre-en-Argentina.jpg","jetpack_shortlink":"https:\/\/wp.me\/pgKjF2-4lx","_links":{"self":[{"href":"https:\/\/exaudi.org\/es\/wp-json\/wp\/v2\/posts\/16711","targetHints":{"allow":["GET"]}}],"collection":[{"href":"https:\/\/exaudi.org\/es\/wp-json\/wp\/v2\/posts"}],"about":[{"href":"https:\/\/exaudi.org\/es\/wp-json\/wp\/v2\/types\/post"}],"author":[{"embeddable":true,"href":"https:\/\/exaudi.org\/es\/wp-json\/wp\/v2\/users\/5"}],"replies":[{"embeddable":true,"href":"https:\/\/exaudi.org\/es\/wp-json\/wp\/v2\/comments?post=16711"}],"version-history":[{"count":0,"href":"https:\/\/exaudi.org\/es\/wp-json\/wp\/v2\/posts\/16711\/revisions"}],"wp:featuredmedia":[{"embeddable":true,"href":"https:\/\/exaudi.org\/es\/wp-json\/wp\/v2\/media\/16713"}],"wp:attachment":[{"href":"https:\/\/exaudi.org\/es\/wp-json\/wp\/v2\/media?parent=16711"}],"wp:term":[{"taxonomy":"category","embeddable":true,"href":"https:\/\/exaudi.org\/es\/wp-json\/wp\/v2\/categories?post=16711"},{"taxonomy":"post_tag","embeddable":true,"href":"https:\/\/exaudi.org\/es\/wp-json\/wp\/v2\/tags?post=16711"}],"curies":[{"name":"wp","href":"https:\/\/api.w.org\/{rel}","templated":true}]}}