{"id":167026,"date":"2026-04-20T07:00:53","date_gmt":"2026-04-20T05:00:53","guid":{"rendered":"https:\/\/exaudi.org\/?p=167026"},"modified":"2026-04-20T09:19:50","modified_gmt":"2026-04-20T07:19:50","slug":"juan-pablo-ii-un-aniversario-en-el-silencio-de-tusk","status":"publish","type":"post","link":"https:\/\/exaudi.org\/es\/juan-pablo-ii-un-aniversario-en-el-silencio-de-tusk\/","title":{"rendered":"Juan Pablo II, un aniversario en el silencio de Tusk"},"content":{"rendered":"<p data-path-to-node=\"4\">El 2 de abril de 2026 se cumplieron 21 a\u00f1os de la muerte de San Juan Pablo II. Sin embargo, no todos quisieron recordar este aniversario, como si desearan hacer olvidar al Pont\u00edfice que no solo cambi\u00f3 la Iglesia, sino que dio una gran contribuci\u00f3n al colapso del sistema totalitario comunista que manten\u00eda subyugada a una parte consistente de Europa, incluida la patria natal de Wojtyla.<\/p>\n<p data-path-to-node=\"5\">Result\u00f3 muy significativo el silencio del primer ministro <b data-path-to-node=\"5\" data-index-in-node=\"58\">Donald Tusk<\/b>, quien gobierna Polonia en coalici\u00f3n con excomunistas, los herederos del r\u00e9gimen comunista polaco. Otros importantes exponentes del partido de Tusk tambi\u00e9n parecieron ignorar los eventos de hace 21 a\u00f1os, confirmando el anticlericalismo de los actuales gobernantes.<\/p>\n<p data-path-to-node=\"6\">Con este silencio, el gobierno contrast\u00f3 con la actitud del presidente <b data-path-to-node=\"6\" data-index-in-node=\"71\">Karol Nawrocki<\/b>, quien en Varsovia, en la Plaza del Mariscal Pi\u0142sudski, quiso conmemorar el 21\u00ba aniversario de la muerte de San Juan Pablo II. El presidente polaco rindi\u00f3 homenaje al Papa depositando una corona de flores ante la Cruz Papal. En 1979, durante su visita apost\u00f3lica a Polonia, Juan Pablo II pronunci\u00f3 en esta plaza la famosa homil\u00eda con las palabras que quedar\u00e1n en la historia: <i data-path-to-node=\"6\" data-index-in-node=\"462\">\u201cY grito yo, hijo de tierra polaca y, a la vez, yo, Juan Pablo II, Papa, grito desde todo lo profundo de este milenio, grito en la v\u00edspera de Pentecost\u00e9s: \u00a1Que baje tu Esp\u00edritu! \u00a1Que baje tu Esp\u00edritu! \u00a1Y renueve la faz de la tierra! \u00a1De esta tierra!\u201d<\/i>.<\/p>\n<p data-path-to-node=\"7\">Precisamente en este lugar, el presidente quiso conmemorar a Juan Pablo II y recordar su papel en la historia del pa\u00eds. \u00abHoy es un d\u00eda especial. Estoy convencido, y pienso para mis adentros, de cu\u00e1n poderoso deb\u00eda de ser este hombre, temido por todo el aparato del Estado comunista, incluidos los servicios secretos y el contraespionaje. Un hombre contra el que lucharon los servicios del mayor imperio sovi\u00e9tico de la \u00e9poca. Un hombre fuerte en la fuerza de su esp\u00edritu, en la fuerza de su intelecto. Un hombre fuerte en la predicaci\u00f3n del Evangelio, de la fe, de la esperanza y del amor, que derrot\u00f3 al sistema comunista y nos despert\u00f3 como naci\u00f3n a la libertad y a la solidaridad. El hombre m\u00e1s grande que los polacos han dado al mundo entero\u00bb, afirm\u00f3 el presidente, subrayando la necesidad de defender el legado de Juan Pablo II.<\/p>\n<p data-path-to-node=\"8\">La Cruz Papal fue trasladada posteriormente frente a una parroquia de Varsovia. Y esta cruz hist\u00f3rica, de 25 metros de altura, realizada en acero y madera, fue quemada al d\u00eda siguiente del aniversario. Los bomberos dicen que el incendio pudo ser causado por las velas encendidas debajo, pero la destrucci\u00f3n de la Cruz del Papa, un d\u00eda despu\u00e9s del aniversario de su muerte, se convierte en un s\u00edmbolo de la situaci\u00f3n creada en el pa\u00eds por el gobierno de Tusk. Resulta a\u00fan m\u00e1s significativo el mensaje publicado por una de las activistas del partido de Tusk en las redes sociales: la foto de la cruz envuelta en llamas con la frase: \u00ab\u00a1Qu\u00e9 hermosa vista!\u00bb.<\/p>\n<p data-path-to-node=\"9\">Afortunadamente, del aniversario de la muerte de San Juan Pablo II se acordaron muchos pol\u00edticos, como la primera ministra <b data-path-to-node=\"9\" data-index-in-node=\"123\">Giorgia Meloni<\/b>, quien rindi\u00f3 homenaje al Papa con un mensaje en Instagram: \u00abEl 2 de abril de 2005 nos dejaba Juan Pablo II. Es el Papa con el que crec\u00ed. Tuve la suerte de conocerlo y una cosa se me qued\u00f3 grabada por encima de todo: su mirada. Y esa fuerza tranquila de quien sabe indicar un camino sin imponerlo. En el fondo, lo que ense\u00f1\u00f3 es tan sencillo como potente: la libertad no es elegir lo que conviene o lo que es m\u00e1s c\u00f3modo. Es tener el valor de hacer lo que se considera justo. Incluso cuando cuesta. Incluso cuando no es el camino m\u00e1s f\u00e1cil. Es una ense\u00f1anza que vuelve cada vez que hay que mantener el rumbo. Con seriedad, sin atajos. A 21 a\u00f1os de distancia, su ejemplo sigue hablando. No solo en la fe, sino en el modo en que afrontamos los desaf\u00edos de hoy, con a\u00fan m\u00e1s valor y m\u00e1s responsabilidad\u00bb.<\/p>\n<p data-path-to-node=\"10\">Tambi\u00e9n el presidente de los Estados Unidos, <b data-path-to-node=\"10\" data-index-in-node=\"45\">Donald Trump<\/b>, junto a su esposa, publicaron un mensaje contundente por el aniversario de la muerte del Papa Wojtyla, el cual fue ignorado por los medios de comunicaci\u00f3n convencionales. Los expertos observaron que no se trataba de una simple declaraci\u00f3n de cortes\u00eda, sino de un mensaje de gran profundidad.<\/p>\n<p data-path-to-node=\"11\">\u00abHoy, Melania y yo nos unimos a los cat\u00f3licos y a todos aquellos que aman la libertad en todo el mundo para honrar el legado inmortal de Su Santidad el Papa San Juan Pablo II, hombre de profunda fe, le\u00f3n de la libertad y uno de los m\u00e1s f\u00e9rreos defensores de la dignidad humana de todos los tiempos\u00bb, escribe el presidente. Trump recuerda que el futuro santo \u00abform\u00f3 una conciencia inquebrantable, fundada en la santidad, la virtud y el valor moral, durante la b\u00e1rbara ocupaci\u00f3n nazi de Polonia. M\u00e1s tarde, como sacerdote, obispo y cabeza de la Iglesia Cat\u00f3lica Romana, trabaj\u00f3 incansablemente como testigo de esperanza, proclamando las verdades eternas de la fe cristiana a todas las naciones de la Tierra\u00bb.<\/p>\n<p data-path-to-node=\"12\">El presidente destaca el important\u00edsimo papel de Wojtyla en los cambios hist\u00f3ricos del siglo XX: \u00abFrente al socialismo ateo, la persecuci\u00f3n religiosa, el antisemitismo y otras amenazas a la dignidad humana y la libertad, el Papa Juan Pablo II inici\u00f3 una revoluci\u00f3n moral y espiritual que condujo a la derrota del comunismo sovi\u00e9tico y a la liberaci\u00f3n de las naciones oprimidas de Europa. (&#8230;) \u00c9l reafirm\u00f3 con audacia la identidad cristiana y los fundamentos religiosos de la civilizaci\u00f3n occidental, despertando en innumerables corazones el bien, la verdad y la belleza\u00bb.<\/p>\n<p data-path-to-node=\"13\">Trump no dej\u00f3 de recordar el primer viaje del Papa a su patria en 1979, que inici\u00f3 los cambios en los pa\u00edses comunistas, citando su hist\u00f3rico serm\u00f3n: \u00abEl hombre es incapaz de comprenderse plenamente a s\u00ed mismo sin Cristo. No puede comprender qui\u00e9n es, ni cu\u00e1l es su verdadera dignidad, ni cu\u00e1l es su vocaci\u00f3n, ni cu\u00e1l es su fin \u00faltimo. No puede comprender nada de todo esto sin Cristo\u00bb. Al final de su mensaje, Trump alent\u00f3 a \u00abcada estadounidense a mantener viva la memoria del Papa San Juan Pablo II para las generaciones venideras\u00bb.<\/p>\n<p data-path-to-node=\"14\">L\u00e1stima que, ni siquiera dos semanas m\u00e1s tarde, Trump atacara de forma pesada e incomprensible a otro Papa, <b data-path-to-node=\"14\" data-index-in-node=\"108\">Le\u00f3n XIV<\/b>, con palabras vergonzosas que han suscitado la indignaci\u00f3n no solo en la Iglesia, sino en todo el mundo.<\/p>\n","protected":false},"excerpt":{"rendered":"<p>Entre el olvido institucional en Polonia y el reconocimiento internacional de una herencia hist\u00f3rica e inalterable<\/p>\n","protected":false},"author":85,"featured_media":167029,"comment_status":"closed","ping_status":"closed","sticky":false,"template":"","format":"standard","meta":{"_acf_changed":false,"_crdt_document":"","inline_featured_image":false,"footnotes":""},"categories":[74],"tags":[109177,14677,18476,109180,109178,58951,58952,46585,19875,449,795,109179,20503,1834,62344,2425,76884,1222,58880,272,18472],"class_list":["post-167026","post","type-post","status-publish","format-standard","has-post-thumbnail","hentry","category-iglesia-y-mundo","tag-aniversario-muerte","tag-anticlericalismo","tag-comunismo-2","tag-cristianismo-occidental","tag-cruz-papal","tag-donald-trump-es-2","tag-donald-tusk-es-2","tag-giorgia-meloni","tag-historia-contemporanea","tag-iglesia-catolica","tag-juan-pablo-ii","tag-legado-wojtyla","tag-libertad-de-expresion","tag-libertad-religiosa","tag-politica-polaca","tag-polonia-es","tag-relaciones-iglesia-estado","tag-san-juan-pablo-ii","tag-trending-es-151","tag-vaticano-es","tag-wlodzimierz-redzioch-2"],"acf":[],"yoast_head":"<!-- This site is optimized with the Yoast SEO plugin v27.4 - https:\/\/yoast.com\/product\/yoast-seo-wordpress\/ -->\n<title>Juan Pablo II, un aniversario en el silencio de Tusk &#8211; Exaudi<\/title>\n<meta name=\"robots\" content=\"index, follow, max-snippet:-1, max-image-preview:large, max-video-preview:-1\" \/>\n<link rel=\"canonical\" href=\"https:\/\/exaudi.org\/es\/juan-pablo-ii-un-aniversario-en-el-silencio-de-tusk\/\" \/>\n<meta property=\"og:locale\" content=\"es_ES\" \/>\n<meta property=\"og:type\" content=\"article\" \/>\n<meta property=\"og:title\" content=\"Juan Pablo II, un aniversario en el silencio de Tusk &#8211; Exaudi\" \/>\n<meta property=\"og:description\" content=\"Entre el olvido institucional en Polonia y el reconocimiento internacional de una herencia hist\u00f3rica e inalterable\" \/>\n<meta property=\"og:url\" content=\"https:\/\/exaudi.org\/es\/juan-pablo-ii-un-aniversario-en-el-silencio-de-tusk\/\" \/>\n<meta property=\"og:site_name\" content=\"Exaudi\" \/>\n<meta property=\"article:publisher\" content=\"https:\/\/www.facebook.com\/ExaudiNews\" \/>\n<meta property=\"article:published_time\" content=\"2026-04-20T05:00:53+00:00\" \/>\n<meta property=\"article:modified_time\" content=\"2026-04-20T07:19:50+00:00\" \/>\n<meta property=\"og:image\" content=\"https:\/\/exaudi.org\/wp-content\/uploads\/2026\/04\/croce-del-Papa-incendio.jpg\" \/>\n\t<meta property=\"og:image:width\" content=\"1506\" \/>\n\t<meta property=\"og:image:height\" content=\"1173\" \/>\n\t<meta property=\"og:image:type\" content=\"image\/jpeg\" \/>\n<meta name=\"author\" content=\"Wlodzimierz Redzioch\" \/>\n<meta name=\"twitter:card\" content=\"summary_large_image\" \/>\n<meta name=\"twitter:creator\" content=\"@Exaudi_News\" \/>\n<meta name=\"twitter:site\" content=\"@Exaudi_News\" \/>\n<meta name=\"twitter:label1\" content=\"Escrito por\" \/>\n\t<meta name=\"twitter:data1\" content=\"Wlodzimierz Redzioch\" \/>\n\t<meta name=\"twitter:label2\" content=\"Tiempo de lectura\" \/>\n\t<meta name=\"twitter:data2\" content=\"6 minutos\" \/>\n<script type=\"application\/ld+json\" class=\"yoast-schema-graph\">{\"@context\":\"https:\\\/\\\/schema.org\",\"@graph\":[{\"@type\":\"Article\",\"@id\":\"https:\\\/\\\/exaudi.org\\\/es\\\/juan-pablo-ii-un-aniversario-en-el-silencio-de-tusk\\\/#article\",\"isPartOf\":{\"@id\":\"https:\\\/\\\/exaudi.org\\\/es\\\/juan-pablo-ii-un-aniversario-en-el-silencio-de-tusk\\\/\"},\"author\":{\"name\":\"Wlodzimierz Redzioch\",\"@id\":\"https:\\\/\\\/exaudi.org\\\/#\\\/schema\\\/person\\\/558b6cc7524c4488c69704f46c2578e0\"},\"headline\":\"Juan Pablo II, un aniversario en el silencio de Tusk\",\"datePublished\":\"2026-04-20T05:00:53+00:00\",\"dateModified\":\"2026-04-20T07:19:50+00:00\",\"mainEntityOfPage\":{\"@id\":\"https:\\\/\\\/exaudi.org\\\/es\\\/juan-pablo-ii-un-aniversario-en-el-silencio-de-tusk\\\/\"},\"wordCount\":1147,\"image\":{\"@id\":\"https:\\\/\\\/exaudi.org\\\/es\\\/juan-pablo-ii-un-aniversario-en-el-silencio-de-tusk\\\/#primaryimage\"},\"thumbnailUrl\":\"https:\\\/\\\/exaudi.org\\\/wp-content\\\/uploads\\\/2026\\\/04\\\/croce-del-Papa-incendio.jpg\",\"keywords\":[\"aniversario muerte\",\"Anticlericalismo\",\"comunismo\",\"cristianismo occidental\",\"cruz papal\",\"DONALD TRUMP\",\"Donald Tusk\",\"Giorgia Meloni\",\"Historia contempor\u00e1nea\",\"Iglesia cat\u00f3lica\",\"Juan Pablo II\",\"legado wojtyla\",\"libertad de expresi\u00f3n\",\"Libertad Religiosa\",\"pol\u00edtica polaca\",\"Polonia\",\"relaciones Iglesia-Estado\",\"San Juan Pablo II\",\"Trending\",\"Vaticano\",\"Wlodzimierz Redzioch\"],\"articleSection\":[\"Iglesia y Mundo\"],\"inLanguage\":\"es\"},{\"@type\":\"WebPage\",\"@id\":\"https:\\\/\\\/exaudi.org\\\/es\\\/juan-pablo-ii-un-aniversario-en-el-silencio-de-tusk\\\/\",\"url\":\"https:\\\/\\\/exaudi.org\\\/es\\\/juan-pablo-ii-un-aniversario-en-el-silencio-de-tusk\\\/\",\"name\":\"Juan Pablo II, un aniversario en el silencio de Tusk &#8211; Exaudi\",\"isPartOf\":{\"@id\":\"https:\\\/\\\/exaudi.org\\\/#website\"},\"primaryImageOfPage\":{\"@id\":\"https:\\\/\\\/exaudi.org\\\/es\\\/juan-pablo-ii-un-aniversario-en-el-silencio-de-tusk\\\/#primaryimage\"},\"image\":{\"@id\":\"https:\\\/\\\/exaudi.org\\\/es\\\/juan-pablo-ii-un-aniversario-en-el-silencio-de-tusk\\\/#primaryimage\"},\"thumbnailUrl\":\"https:\\\/\\\/exaudi.org\\\/wp-content\\\/uploads\\\/2026\\\/04\\\/croce-del-Papa-incendio.jpg\",\"datePublished\":\"2026-04-20T05:00:53+00:00\",\"dateModified\":\"2026-04-20T07:19:50+00:00\",\"author\":{\"@id\":\"https:\\\/\\\/exaudi.org\\\/#\\\/schema\\\/person\\\/558b6cc7524c4488c69704f46c2578e0\"},\"breadcrumb\":{\"@id\":\"https:\\\/\\\/exaudi.org\\\/es\\\/juan-pablo-ii-un-aniversario-en-el-silencio-de-tusk\\\/#breadcrumb\"},\"inLanguage\":\"es\",\"potentialAction\":[{\"@type\":\"ReadAction\",\"target\":[\"https:\\\/\\\/exaudi.org\\\/es\\\/juan-pablo-ii-un-aniversario-en-el-silencio-de-tusk\\\/\"]}]},{\"@type\":\"ImageObject\",\"inLanguage\":\"es\",\"@id\":\"https:\\\/\\\/exaudi.org\\\/es\\\/juan-pablo-ii-un-aniversario-en-el-silencio-de-tusk\\\/#primaryimage\",\"url\":\"https:\\\/\\\/exaudi.org\\\/wp-content\\\/uploads\\\/2026\\\/04\\\/croce-del-Papa-incendio.jpg\",\"contentUrl\":\"https:\\\/\\\/exaudi.org\\\/wp-content\\\/uploads\\\/2026\\\/04\\\/croce-del-Papa-incendio.jpg\",\"width\":1506,\"height\":1173},{\"@type\":\"BreadcrumbList\",\"@id\":\"https:\\\/\\\/exaudi.org\\\/es\\\/juan-pablo-ii-un-aniversario-en-el-silencio-de-tusk\\\/#breadcrumb\",\"itemListElement\":[{\"@type\":\"ListItem\",\"position\":1,\"name\":\"Portada\",\"item\":\"https:\\\/\\\/exaudi.org\\\/es\\\/\"},{\"@type\":\"ListItem\",\"position\":2,\"name\":\"Juan Pablo II, un aniversario en el silencio de Tusk\"}]},{\"@type\":\"WebSite\",\"@id\":\"https:\\\/\\\/exaudi.org\\\/#website\",\"url\":\"https:\\\/\\\/exaudi.org\\\/\",\"name\":\"Exaudi\",\"description\":\"News\",\"potentialAction\":[{\"@type\":\"SearchAction\",\"target\":{\"@type\":\"EntryPoint\",\"urlTemplate\":\"https:\\\/\\\/exaudi.org\\\/?s={search_term_string}\"},\"query-input\":{\"@type\":\"PropertyValueSpecification\",\"valueRequired\":true,\"valueName\":\"search_term_string\"}}],\"inLanguage\":\"es\"},{\"@type\":\"Person\",\"@id\":\"https:\\\/\\\/exaudi.org\\\/#\\\/schema\\\/person\\\/558b6cc7524c4488c69704f46c2578e0\",\"name\":\"Wlodzimierz Redzioch\",\"image\":{\"@type\":\"ImageObject\",\"inLanguage\":\"es\",\"@id\":\"https:\\\/\\\/secure.gravatar.com\\\/avatar\\\/6d24a03e044ad402c01b933d454ac413e287e5a6d92238dd5d98c5c6073d9b49?s=96&d=mm&r=g\",\"url\":\"https:\\\/\\\/secure.gravatar.com\\\/avatar\\\/6d24a03e044ad402c01b933d454ac413e287e5a6d92238dd5d98c5c6073d9b49?s=96&d=mm&r=g\",\"contentUrl\":\"https:\\\/\\\/secure.gravatar.com\\\/avatar\\\/6d24a03e044ad402c01b933d454ac413e287e5a6d92238dd5d98c5c6073d9b49?s=96&d=mm&r=g\",\"caption\":\"Wlodzimierz Redzioch\"},\"description\":\"Wlodzimierz Redzioch \u00e8 nato a Czestochowa (Polonia), si \u00e8 laureato in Ingegneria nel Politecnico. Dopo aver continuato gli studi nell\u2019Universit\u00e0 di Varsavia, presso l\u2019Istituto degli Studi africani, nel 1980 ha lavorato presso il Centro per i pellegrini polacchi a Roma. Dal 1981 al 2012 ha lavorato presso L\u2019Osservatore romano. Dal 1995 collabora con il settimanale cattolico polacco Niedziela come corrispondente dal Vaticano e dall\u2019Italia. Per la sua attivit\u00e0 di vaticanista il 23 settembre 2000 ha ricevuto in Polonia il premio cattolico per il giornalismo \u00abMater Verbi\u00bb; mentre il 14 luglio 2006 Sua Santit\u00e0 Benedetto XVI gli ha conferito il titolo di commendatore dell\u2019Ordine di San Silvestro papa. Autore prolifico, ha scritto diversi volumi sul Vaticano e guide ai due principali santuari mariani: Lourdes e Fatima. Promotore in Polonia del pellegrinaggio a Santiago de Compostela. In occasione della canonizzazione di Giovanni Paolo II ha pubblicato il libro \u201cAccanto a Giovanni Paolo II. Gli amici e i collaboratori raccontano\u201d (Edizioni Ares, Milano 2014), con 22 interviste, compresa la testimonianza d\u2019eccezione di Papa emerito Benedetto XVI. Nel 2024, per commemorare il 40mo anniversario dell\u2019assassinio di don Jerzy Popie\u0142uszko, ha pubblicato la sua biografia \u201cJerzy Popie\u0142uszko. Martire del comunismo\u201d (Edizioni Ares Milano 2024).\",\"url\":\"https:\\\/\\\/exaudi.org\\\/es\\\/author\\\/wlodzimierzredzioc\\\/\"}]}<\/script>\n<!-- \/ Yoast SEO plugin. -->","yoast_head_json":{"title":"Juan Pablo II, un aniversario en el silencio de Tusk &#8211; Exaudi","robots":{"index":"index","follow":"follow","max-snippet":"max-snippet:-1","max-image-preview":"max-image-preview:large","max-video-preview":"max-video-preview:-1"},"canonical":"https:\/\/exaudi.org\/es\/juan-pablo-ii-un-aniversario-en-el-silencio-de-tusk\/","og_locale":"es_ES","og_type":"article","og_title":"Juan Pablo II, un aniversario en el silencio de Tusk &#8211; Exaudi","og_description":"Entre el olvido institucional en Polonia y el reconocimiento internacional de una herencia hist\u00f3rica e inalterable","og_url":"https:\/\/exaudi.org\/es\/juan-pablo-ii-un-aniversario-en-el-silencio-de-tusk\/","og_site_name":"Exaudi","article_publisher":"https:\/\/www.facebook.com\/ExaudiNews","article_published_time":"2026-04-20T05:00:53+00:00","article_modified_time":"2026-04-20T07:19:50+00:00","og_image":[{"width":1506,"height":1173,"url":"https:\/\/exaudi.org\/wp-content\/uploads\/2026\/04\/croce-del-Papa-incendio.jpg","type":"image\/jpeg"}],"author":"Wlodzimierz Redzioch","twitter_card":"summary_large_image","twitter_creator":"@Exaudi_News","twitter_site":"@Exaudi_News","twitter_misc":{"Escrito por":"Wlodzimierz Redzioch","Tiempo de lectura":"6 minutos"},"schema":{"@context":"https:\/\/schema.org","@graph":[{"@type":"Article","@id":"https:\/\/exaudi.org\/es\/juan-pablo-ii-un-aniversario-en-el-silencio-de-tusk\/#article","isPartOf":{"@id":"https:\/\/exaudi.org\/es\/juan-pablo-ii-un-aniversario-en-el-silencio-de-tusk\/"},"author":{"name":"Wlodzimierz Redzioch","@id":"https:\/\/exaudi.org\/#\/schema\/person\/558b6cc7524c4488c69704f46c2578e0"},"headline":"Juan Pablo II, un aniversario en el silencio de Tusk","datePublished":"2026-04-20T05:00:53+00:00","dateModified":"2026-04-20T07:19:50+00:00","mainEntityOfPage":{"@id":"https:\/\/exaudi.org\/es\/juan-pablo-ii-un-aniversario-en-el-silencio-de-tusk\/"},"wordCount":1147,"image":{"@id":"https:\/\/exaudi.org\/es\/juan-pablo-ii-un-aniversario-en-el-silencio-de-tusk\/#primaryimage"},"thumbnailUrl":"https:\/\/exaudi.org\/wp-content\/uploads\/2026\/04\/croce-del-Papa-incendio.jpg","keywords":["aniversario muerte","Anticlericalismo","comunismo","cristianismo occidental","cruz papal","DONALD TRUMP","Donald Tusk","Giorgia Meloni","Historia contempor\u00e1nea","Iglesia cat\u00f3lica","Juan Pablo II","legado wojtyla","libertad de expresi\u00f3n","Libertad Religiosa","pol\u00edtica polaca","Polonia","relaciones Iglesia-Estado","San Juan Pablo II","Trending","Vaticano","Wlodzimierz Redzioch"],"articleSection":["Iglesia y Mundo"],"inLanguage":"es"},{"@type":"WebPage","@id":"https:\/\/exaudi.org\/es\/juan-pablo-ii-un-aniversario-en-el-silencio-de-tusk\/","url":"https:\/\/exaudi.org\/es\/juan-pablo-ii-un-aniversario-en-el-silencio-de-tusk\/","name":"Juan Pablo II, un aniversario en el silencio de Tusk &#8211; Exaudi","isPartOf":{"@id":"https:\/\/exaudi.org\/#website"},"primaryImageOfPage":{"@id":"https:\/\/exaudi.org\/es\/juan-pablo-ii-un-aniversario-en-el-silencio-de-tusk\/#primaryimage"},"image":{"@id":"https:\/\/exaudi.org\/es\/juan-pablo-ii-un-aniversario-en-el-silencio-de-tusk\/#primaryimage"},"thumbnailUrl":"https:\/\/exaudi.org\/wp-content\/uploads\/2026\/04\/croce-del-Papa-incendio.jpg","datePublished":"2026-04-20T05:00:53+00:00","dateModified":"2026-04-20T07:19:50+00:00","author":{"@id":"https:\/\/exaudi.org\/#\/schema\/person\/558b6cc7524c4488c69704f46c2578e0"},"breadcrumb":{"@id":"https:\/\/exaudi.org\/es\/juan-pablo-ii-un-aniversario-en-el-silencio-de-tusk\/#breadcrumb"},"inLanguage":"es","potentialAction":[{"@type":"ReadAction","target":["https:\/\/exaudi.org\/es\/juan-pablo-ii-un-aniversario-en-el-silencio-de-tusk\/"]}]},{"@type":"ImageObject","inLanguage":"es","@id":"https:\/\/exaudi.org\/es\/juan-pablo-ii-un-aniversario-en-el-silencio-de-tusk\/#primaryimage","url":"https:\/\/exaudi.org\/wp-content\/uploads\/2026\/04\/croce-del-Papa-incendio.jpg","contentUrl":"https:\/\/exaudi.org\/wp-content\/uploads\/2026\/04\/croce-del-Papa-incendio.jpg","width":1506,"height":1173},{"@type":"BreadcrumbList","@id":"https:\/\/exaudi.org\/es\/juan-pablo-ii-un-aniversario-en-el-silencio-de-tusk\/#breadcrumb","itemListElement":[{"@type":"ListItem","position":1,"name":"Portada","item":"https:\/\/exaudi.org\/es\/"},{"@type":"ListItem","position":2,"name":"Juan Pablo II, un aniversario en el silencio de Tusk"}]},{"@type":"WebSite","@id":"https:\/\/exaudi.org\/#website","url":"https:\/\/exaudi.org\/","name":"Exaudi","description":"News","potentialAction":[{"@type":"SearchAction","target":{"@type":"EntryPoint","urlTemplate":"https:\/\/exaudi.org\/?s={search_term_string}"},"query-input":{"@type":"PropertyValueSpecification","valueRequired":true,"valueName":"search_term_string"}}],"inLanguage":"es"},{"@type":"Person","@id":"https:\/\/exaudi.org\/#\/schema\/person\/558b6cc7524c4488c69704f46c2578e0","name":"Wlodzimierz Redzioch","image":{"@type":"ImageObject","inLanguage":"es","@id":"https:\/\/secure.gravatar.com\/avatar\/6d24a03e044ad402c01b933d454ac413e287e5a6d92238dd5d98c5c6073d9b49?s=96&d=mm&r=g","url":"https:\/\/secure.gravatar.com\/avatar\/6d24a03e044ad402c01b933d454ac413e287e5a6d92238dd5d98c5c6073d9b49?s=96&d=mm&r=g","contentUrl":"https:\/\/secure.gravatar.com\/avatar\/6d24a03e044ad402c01b933d454ac413e287e5a6d92238dd5d98c5c6073d9b49?s=96&d=mm&r=g","caption":"Wlodzimierz Redzioch"},"description":"Wlodzimierz Redzioch \u00e8 nato a Czestochowa (Polonia), si \u00e8 laureato in Ingegneria nel Politecnico. Dopo aver continuato gli studi nell\u2019Universit\u00e0 di Varsavia, presso l\u2019Istituto degli Studi africani, nel 1980 ha lavorato presso il Centro per i pellegrini polacchi a Roma. Dal 1981 al 2012 ha lavorato presso L\u2019Osservatore romano. Dal 1995 collabora con il settimanale cattolico polacco Niedziela come corrispondente dal Vaticano e dall\u2019Italia. Per la sua attivit\u00e0 di vaticanista il 23 settembre 2000 ha ricevuto in Polonia il premio cattolico per il giornalismo \u00abMater Verbi\u00bb; mentre il 14 luglio 2006 Sua Santit\u00e0 Benedetto XVI gli ha conferito il titolo di commendatore dell\u2019Ordine di San Silvestro papa. Autore prolifico, ha scritto diversi volumi sul Vaticano e guide ai due principali santuari mariani: Lourdes e Fatima. Promotore in Polonia del pellegrinaggio a Santiago de Compostela. In occasione della canonizzazione di Giovanni Paolo II ha pubblicato il libro \u201cAccanto a Giovanni Paolo II. Gli amici e i collaboratori raccontano\u201d (Edizioni Ares, Milano 2014), con 22 interviste, compresa la testimonianza d\u2019eccezione di Papa emerito Benedetto XVI. Nel 2024, per commemorare il 40mo anniversario dell\u2019assassinio di don Jerzy Popie\u0142uszko, ha pubblicato la sua biografia \u201cJerzy Popie\u0142uszko. Martire del comunismo\u201d (Edizioni Ares Milano 2024).","url":"https:\/\/exaudi.org\/es\/author\/wlodzimierzredzioc\/"}]}},"jetpack_featured_media_url":"https:\/\/exaudi.org\/wp-content\/uploads\/2026\/04\/croce-del-Papa-incendio.jpg","jetpack_shortlink":"https:\/\/wp.me\/pgKjF2-HrY","_links":{"self":[{"href":"https:\/\/exaudi.org\/es\/wp-json\/wp\/v2\/posts\/167026","targetHints":{"allow":["GET"]}}],"collection":[{"href":"https:\/\/exaudi.org\/es\/wp-json\/wp\/v2\/posts"}],"about":[{"href":"https:\/\/exaudi.org\/es\/wp-json\/wp\/v2\/types\/post"}],"author":[{"embeddable":true,"href":"https:\/\/exaudi.org\/es\/wp-json\/wp\/v2\/users\/85"}],"replies":[{"embeddable":true,"href":"https:\/\/exaudi.org\/es\/wp-json\/wp\/v2\/comments?post=167026"}],"version-history":[{"count":4,"href":"https:\/\/exaudi.org\/es\/wp-json\/wp\/v2\/posts\/167026\/revisions"}],"predecessor-version":[{"id":167033,"href":"https:\/\/exaudi.org\/es\/wp-json\/wp\/v2\/posts\/167026\/revisions\/167033"}],"wp:featuredmedia":[{"embeddable":true,"href":"https:\/\/exaudi.org\/es\/wp-json\/wp\/v2\/media\/167029"}],"wp:attachment":[{"href":"https:\/\/exaudi.org\/es\/wp-json\/wp\/v2\/media?parent=167026"}],"wp:term":[{"taxonomy":"category","embeddable":true,"href":"https:\/\/exaudi.org\/es\/wp-json\/wp\/v2\/categories?post=167026"},{"taxonomy":"post_tag","embeddable":true,"href":"https:\/\/exaudi.org\/es\/wp-json\/wp\/v2\/tags?post=167026"}],"curies":[{"name":"wp","href":"https:\/\/api.w.org\/{rel}","templated":true}]}}