{"id":167014,"date":"2026-04-20T10:00:15","date_gmt":"2026-04-20T08:00:15","guid":{"rendered":"https:\/\/exaudi.org\/?p=167014"},"modified":"2026-04-20T09:20:24","modified_gmt":"2026-04-20T07:20:24","slug":"el-papa-leon-xiv-en-angola-un-mensaje-de-esperanza-que-camina-con-un-pueblo-herido","status":"publish","type":"post","link":"https:\/\/exaudi.org\/es\/el-papa-leon-xiv-en-angola-un-mensaje-de-esperanza-que-camina-con-un-pueblo-herido\/","title":{"rendered":"El Papa Le\u00f3n XIV en Angola: un mensaje de esperanza que camina con un pueblo herido"},"content":{"rendered":"<p dir=\"auto\">Imag\u00ednese una explanada inmensa bajo el sol africano, con cerca de <strong>100.000 personas<\/strong> reunidas para la misa del Papa Le\u00f3n XIV. Es el tercer Pont\u00edfice que visita este pa\u00eds rico en recursos pero marcado por profundas desigualdades. Los angole\u00f1os lo saben bien: aqu\u00ed hubo una guerra civil que dur\u00f3 desde 1975 hasta 2002, y aunque han pasado m\u00e1s de dos d\u00e9cadas, las cicatrices siguen abiertas. Corrupci\u00f3n, pobreza, falta de servicios b\u00e1sicos en la periferia\u2026 y, sin embargo, una fe que resiste y une.<\/p>\n<p><iframe title=\"Spotify Embed: El Papa Le\u00f3n XIV en Angola: un mensaje de esperanza que camina con un pueblo herido\" style=\"border-radius: 12px\" width=\"100%\" height=\"152\" frameborder=\"0\" allowfullscreen allow=\"autoplay; clipboard-write; encrypted-media; fullscreen; picture-in-picture\" loading=\"lazy\" src=\"https:\/\/open.spotify.com\/embed\/episode\/0SrtRb872GPPecWJKHQB8a?si=c5866959540d4487&amp;utm_source=oembed\"><\/iframe><\/p>\n<p dir=\"auto\">El enviado especial que comparti\u00f3 esta cr\u00f3nica en v\u00eddeo lo vivi\u00f3 en primera persona. \u00c9l ya estuvo aqu\u00ed con <strong>Juan Pablo II en 1992<\/strong> y con <strong>Benedicto XVI en 2009<\/strong>. Ahora, con Le\u00f3n XIV, el contraste sigue siendo brutal: modernos ministerios y hospitales en el centro de Luanda, barrios de lujo para extranjeros y diplom\u00e1ticos, mientras en las afueras y fuera de la capital se muere todav\u00eda de malaria, c\u00f3lera o por falta de medicinas y neveras para guardar vacunas. La Iglesia, como siempre en \u00c1frica, llena muchos de esos huecos con escuelas, dispensarios y una presencia constante.<\/p>\n<h3 dir=\"auto\"><strong>\u201cComo los disc\u00edpulos de Ema\u00fas\u201d: Angola, un pa\u00eds que necesita mirar adelante<\/strong><\/h3>\n<p dir=\"auto\">En la homil\u00eda de la misa en <strong>Kilamba<\/strong> (esa \u201cciudad fantasma\u201d construida por los chinos, con edificios caros y poca gente viviendo en ellos), el Papa tom\u00f3 el Evangelio del d\u00eda: los dos disc\u00edpulos que, desilusionados tras la muerte de Jes\u00fas, regresan a Ema\u00fas con el coraz\u00f3n roto y todo parece negro.<\/p>\n<p dir=\"auto\">Le\u00f3n XIV lo dijo con claridad, sin medias tintas, al estilo de Juan Pablo II: esa imagen se parece mucho a Angola. Un pa\u00eds magn\u00edfico pero herido, con enemistades, divisiones, recursos malgastados y pobreza que persiste a pesar de su petr\u00f3leo y minerales. \u201cNo se queden atrapados en el dolor\u201d, les record\u00f3. La Iglesia angole\u00f1a, que jug\u00f3 un papel clave durante la guerra y la reconstrucci\u00f3n, especialmente en educaci\u00f3n y salud, tiene ahora la misi\u00f3n de acompa\u00f1ar al pueblo para que supere las viejas divisiones y construya esperanza.<\/p>\n<p dir=\"auto\">El mensaje fue especialmente para los j\u00f3venes: Angola es un pa\u00eds <strong>joven<\/strong>, con el 60 % de su poblaci\u00f3n menor de 25 a\u00f1os. A ellos les pidi\u00f3 valent\u00eda para no dejarse vencer por la corrupci\u00f3n, las desigualdades y las heridas a\u00fan sangrantes. \u201cDios camina con ustedes \u2014dijo\u2014 y en la Eucarist\u00eda parte el pan y se les revela. No est\u00e1n solos\u201d.<\/p>\n<h3 dir=\"auto\"><strong>Mam\u00e1 Muxima: la madre que siempre acompa\u00f1a<\/strong><\/h3>\n<p dir=\"auto\">Por la tarde, el Papa vol\u00f3 en helic\u00f3ptero hasta el santuario de <strong>Mam\u00e1 Muxima<\/strong> (o Mama Mushima), la patrona de Angola, esa Virgen morena que el pueblo siente como \u201cla madre del coraz\u00f3n\u201d. Es su Guadalupe, su Cz\u0119stochowa: ha estado al lado del pueblo en los buenos y, sobre todo, en los muy malos momentos. All\u00ed, ante unas 30.000 personas, presidi\u00f3 el rezo del Rosario.<\/p>\n<p dir=\"auto\">Le\u00f3n XIV record\u00f3 la enorme devoci\u00f3n de san Juan Pablo II al Rosario y present\u00f3 a Mar\u00eda como la madre que ama a todos sus hijos por igual, sean \u201cbuenos o malos\u201d. Pidi\u00f3 imitar esa vocaci\u00f3n de amor para construir fraternidad, acoger a los m\u00e1s vulnerables, dar de comer al hambriento y cuidar al enfermo. A los j\u00f3venes les insisti\u00f3: no se desanimen. P\u00f3nganse en camino y hagan todo lo posible por una sociedad m\u00e1s justa, pac\u00edfica y acogedora.<\/p>\n<h3 dir=\"auto\"><strong>No solo Angola: la mirada al mundo<\/strong><\/h3>\n<p dir=\"auto\">Aunque el d\u00eda fue profundamente religioso, el Papa no olvid\u00f3 el dolor del mundo. Al final de la misa, durante el <strong>Regina Coeli<\/strong>, lament\u00f3 los nuevos ataques contra Ucrania que siguen golpeando a la poblaci\u00f3n civil y pidi\u00f3 que \u201ccallen las armas\u201d y se reanude el di\u00e1logo. Tambi\u00e9n salud\u00f3 con esperanza la tregua en el L\u00edbano y dese\u00f3 que las negociaciones lleven a una paz justa y duradera en todo Oriente Medio.<\/p>\n<h3 dir=\"auto\"><strong>El legado de un domingo en Angola<\/strong><\/h3>\n<p dir=\"auto\">Un d\u00eda dedicado a reforzar la fe de 15 millones de cat\u00f3licos angole\u00f1os, a darles motivos de esperanza y a recordarles que, como los disc\u00edpulos de Ema\u00fas reconocieron a Jes\u00fas al partir el pan, tambi\u00e9n hoy el Resucitado se hace presente en medio del sufrimiento y abre caminos nuevos.<\/p>\n<p dir=\"auto\">El Papa se va dejando un mensaje claro y valiente: miren hacia delante con valent\u00eda, no apaguen la esperanza, el amor siempre es m\u00e1s fuerte que la guerra y la divisi\u00f3n. Ma\u00f1ana continuar\u00e1 su viaje por otras ciudades de Angola, pero el eco de este domingo ya resuena: en un pa\u00eds que ha sufrido mucho, la Iglesia sigue siendo signo de consuelo y motor de futuro.<\/p>\n<p dir=\"auto\">\u00bfNo le dan ganas de leerlo todo? Porque cuando un Papa habla as\u00ed de claro, con el coraz\u00f3n puesto en la gente y sin miedo a se\u00f1alar las llagas, uno siente que la fe no es consuelo barato, sino fuerza para transformar la realidad.<\/p>\n<p dir=\"auto\">Que Mam\u00e1 Muxima acompa\u00f1e a todo el pueblo angole\u00f1o\u2026 y que su ejemplo llegue tambi\u00e9n a nosotros.<\/p>\n<p dir=\"auto\">\u00a1Hasta el pr\u00f3ximo env\u00edo desde el camino!<\/p>\n<p><iframe loading=\"lazy\" title=\"Le\u00f3n XIV va directo al grano\" width=\"500\" height=\"281\" src=\"https:\/\/www.youtube.com\/embed\/RqXTEkQBzXY?feature=oembed\" frameborder=\"0\" allow=\"accelerometer; autoplay; clipboard-write; encrypted-media; gyroscope; picture-in-picture; web-share\" referrerpolicy=\"strict-origin-when-cross-origin\" allowfullscreen><\/iframe><\/p>\n<p><img loading=\"lazy\" decoding=\"async\" class=\"size-full wp-image-167021 alignnone\" src=\"https:\/\/exaudi.org\/wp-content\/uploads\/2026\/04\/Voces-15.jpg\" alt=\"\" width=\"1080\" height=\"1080\" srcset=\"https:\/\/exaudi.org\/wp-content\/uploads\/2026\/04\/Voces-15.jpg 1080w, https:\/\/exaudi.org\/wp-content\/uploads\/2026\/04\/Voces-15-300x300.jpg 300w, https:\/\/exaudi.org\/wp-content\/uploads\/2026\/04\/Voces-15-1024x1024.jpg 1024w, https:\/\/exaudi.org\/wp-content\/uploads\/2026\/04\/Voces-15-100x100.jpg?crop=1 100w, https:\/\/exaudi.org\/wp-content\/uploads\/2026\/04\/Voces-15-770x770.jpg 770w, https:\/\/exaudi.org\/wp-content\/uploads\/2026\/04\/Voces-15-500x500.jpg 500w\" sizes=\"auto, (max-width: 1080px) 100vw, 1080px\" \/><\/p>\n","protected":false},"excerpt":{"rendered":"<p>Desde la explanada de Kilamba hasta el santuario de Mam\u00e1 Muxima, el Pont\u00edfice recuerda las heridas del pasado y enciende la luz de la Resurrecci\u00f3n para un pa\u00eds joven y lleno de futuro<\/p>\n","protected":false},"author":176,"featured_media":167016,"comment_status":"closed","ping_status":"closed","sticky":false,"template":"","format":"standard","meta":{"_acf_changed":false,"_crdt_document":"","inline_featured_image":false,"footnotes":""},"categories":[130],"tags":[107218,109166,109173,109167,109168,109174,108985,109169,64046,108971,109163,109170,108969,109165,103843,109159,109162,109176,109160,109157,109175,109171,109164,109161,109172,58880,109158],"class_list":["post-167014","post","type-post","status-publish","format-standard","has-post-thumbnail","hentry","category-voces","tag-africa-2026","tag-benedicto-xvi-angola","tag-catolicos-angola","tag-corrupcion-angola","tag-desigualdades-angola","tag-devocion-mariana-angola","tag-emaus-angola","tag-esperanza-angola","tag-fe-en-africa","tag-guerra-civil-angola","tag-homilia-papa-angola","tag-iglesia-angola","tag-jovenes-angola","tag-juan-pablo-ii-angola","tag-leon-xiv-2026","tag-leon-xiv-luanda","tag-mama-muxima-angola","tag-mensaje-papa-africa","tag-misa-papa-kilamba","tag-papa-leon-xiv-angola","tag-peregrinos-angola","tag-regina-coeli-ucrania","tag-rosario-mama-muxima","tag-santuario-mama-muxima","tag-tregua-libano","tag-trending-es-151","tag-visita-papa-angola"],"acf":[],"yoast_head":"<!-- This site is optimized with the Yoast SEO plugin v27.4 - https:\/\/yoast.com\/product\/yoast-seo-wordpress\/ -->\n<title>El Papa Le\u00f3n XIV en Angola: un mensaje de esperanza que camina con un pueblo herido &#8211; Exaudi<\/title>\n<meta name=\"robots\" content=\"index, follow, max-snippet:-1, max-image-preview:large, max-video-preview:-1\" \/>\n<link rel=\"canonical\" href=\"https:\/\/exaudi.org\/es\/el-papa-leon-xiv-en-angola-un-mensaje-de-esperanza-que-camina-con-un-pueblo-herido\/\" \/>\n<meta property=\"og:locale\" content=\"es_ES\" \/>\n<meta property=\"og:type\" content=\"article\" \/>\n<meta property=\"og:title\" content=\"El Papa Le\u00f3n XIV en Angola: un mensaje de esperanza que camina con un pueblo herido &#8211; Exaudi\" \/>\n<meta property=\"og:description\" content=\"Desde la explanada de Kilamba hasta el santuario de Mam\u00e1 Muxima, el Pont\u00edfice recuerda las heridas del pasado y enciende la luz de la Resurrecci\u00f3n para un pa\u00eds joven y lleno de futuro\" \/>\n<meta property=\"og:url\" content=\"https:\/\/exaudi.org\/es\/el-papa-leon-xiv-en-angola-un-mensaje-de-esperanza-que-camina-con-un-pueblo-herido\/\" \/>\n<meta property=\"og:site_name\" content=\"Exaudi\" \/>\n<meta property=\"article:publisher\" content=\"https:\/\/www.facebook.com\/ExaudiNews\" \/>\n<meta property=\"article:author\" content=\"https:\/\/www.facebook.com\/valentina.alazraki.mexico\/\" \/>\n<meta property=\"article:published_time\" content=\"2026-04-20T08:00:15+00:00\" \/>\n<meta property=\"og:image\" content=\"https:\/\/exaudi.org\/wp-content\/uploads\/2026\/04\/1776667633558-scaled.jpg\" \/>\n\t<meta property=\"og:image:width\" content=\"2560\" \/>\n\t<meta property=\"og:image:height\" content=\"1429\" \/>\n\t<meta property=\"og:image:type\" content=\"image\/jpeg\" \/>\n<meta name=\"author\" content=\"Valentina Alazraki\" \/>\n<meta name=\"twitter:card\" content=\"summary_large_image\" \/>\n<meta name=\"twitter:creator\" content=\"@valealazraki\" \/>\n<meta name=\"twitter:site\" content=\"@Exaudi_News\" \/>\n<meta name=\"twitter:label1\" content=\"Escrito por\" \/>\n\t<meta name=\"twitter:data1\" content=\"Valentina Alazraki\" \/>\n\t<meta name=\"twitter:label2\" content=\"Tiempo de lectura\" \/>\n\t<meta name=\"twitter:data2\" content=\"5 minutos\" \/>\n<script type=\"application\/ld+json\" class=\"yoast-schema-graph\">{\"@context\":\"https:\\\/\\\/schema.org\",\"@graph\":[{\"@type\":\"Article\",\"@id\":\"https:\\\/\\\/exaudi.org\\\/es\\\/el-papa-leon-xiv-en-angola-un-mensaje-de-esperanza-que-camina-con-un-pueblo-herido\\\/#article\",\"isPartOf\":{\"@id\":\"https:\\\/\\\/exaudi.org\\\/es\\\/el-papa-leon-xiv-en-angola-un-mensaje-de-esperanza-que-camina-con-un-pueblo-herido\\\/\"},\"author\":{\"name\":\"Valentina Alazraki\",\"@id\":\"https:\\\/\\\/exaudi.org\\\/#\\\/schema\\\/person\\\/9939d30cf0367d753632ec95a86ea63b\"},\"headline\":\"El Papa Le\u00f3n XIV en Angola: un mensaje de esperanza que camina con un pueblo herido\",\"datePublished\":\"2026-04-20T08:00:15+00:00\",\"mainEntityOfPage\":{\"@id\":\"https:\\\/\\\/exaudi.org\\\/es\\\/el-papa-leon-xiv-en-angola-un-mensaje-de-esperanza-que-camina-con-un-pueblo-herido\\\/\"},\"wordCount\":918,\"image\":{\"@id\":\"https:\\\/\\\/exaudi.org\\\/es\\\/el-papa-leon-xiv-en-angola-un-mensaje-de-esperanza-que-camina-con-un-pueblo-herido\\\/#primaryimage\"},\"thumbnailUrl\":\"https:\\\/\\\/exaudi.org\\\/wp-content\\\/uploads\\\/2026\\\/04\\\/1776667633558-scaled.jpg\",\"keywords\":[\"\u00c1frica 2026\",\"Benedicto XVI Angola\",\"cat\u00f3licos Angola\",\"corrupci\u00f3n Angola\",\"desigualdades Angola\",\"devoci\u00f3n mariana Angola\",\"Ema\u00fas Angola\",\"esperanza Angola\",\"fe en \u00c1frica\",\"guerra civil Angola\",\"homil\u00eda Papa Angola\",\"Iglesia Angola\",\"j\u00f3venes Angola\",\"Juan Pablo II Angola\",\"Le\u00f3n XIV 2026\",\"Le\u00f3n XIV Luanda\",\"Mam\u00e1 Muxima Angola\",\"mensaje Papa \u00c1frica\",\"misa Papa Kilamba\",\"Papa Le\u00f3n XIV Angola\",\"peregrinos Angola\",\"Regina Coeli Ucrania\",\"rosario Mam\u00e1 Muxima\",\"santuario Mam\u00e1 Muxima\",\"tregua L\u00edbano\",\"Trending\",\"visita Papa Angola\"],\"articleSection\":[\"Voces\"],\"inLanguage\":\"es\"},{\"@type\":\"WebPage\",\"@id\":\"https:\\\/\\\/exaudi.org\\\/es\\\/el-papa-leon-xiv-en-angola-un-mensaje-de-esperanza-que-camina-con-un-pueblo-herido\\\/\",\"url\":\"https:\\\/\\\/exaudi.org\\\/es\\\/el-papa-leon-xiv-en-angola-un-mensaje-de-esperanza-que-camina-con-un-pueblo-herido\\\/\",\"name\":\"El Papa Le\u00f3n XIV en Angola: un mensaje de esperanza que camina con un pueblo herido &#8211; Exaudi\",\"isPartOf\":{\"@id\":\"https:\\\/\\\/exaudi.org\\\/#website\"},\"primaryImageOfPage\":{\"@id\":\"https:\\\/\\\/exaudi.org\\\/es\\\/el-papa-leon-xiv-en-angola-un-mensaje-de-esperanza-que-camina-con-un-pueblo-herido\\\/#primaryimage\"},\"image\":{\"@id\":\"https:\\\/\\\/exaudi.org\\\/es\\\/el-papa-leon-xiv-en-angola-un-mensaje-de-esperanza-que-camina-con-un-pueblo-herido\\\/#primaryimage\"},\"thumbnailUrl\":\"https:\\\/\\\/exaudi.org\\\/wp-content\\\/uploads\\\/2026\\\/04\\\/1776667633558-scaled.jpg\",\"datePublished\":\"2026-04-20T08:00:15+00:00\",\"author\":{\"@id\":\"https:\\\/\\\/exaudi.org\\\/#\\\/schema\\\/person\\\/9939d30cf0367d753632ec95a86ea63b\"},\"breadcrumb\":{\"@id\":\"https:\\\/\\\/exaudi.org\\\/es\\\/el-papa-leon-xiv-en-angola-un-mensaje-de-esperanza-que-camina-con-un-pueblo-herido\\\/#breadcrumb\"},\"inLanguage\":\"es\",\"potentialAction\":[{\"@type\":\"ReadAction\",\"target\":[\"https:\\\/\\\/exaudi.org\\\/es\\\/el-papa-leon-xiv-en-angola-un-mensaje-de-esperanza-que-camina-con-un-pueblo-herido\\\/\"]}]},{\"@type\":\"ImageObject\",\"inLanguage\":\"es\",\"@id\":\"https:\\\/\\\/exaudi.org\\\/es\\\/el-papa-leon-xiv-en-angola-un-mensaje-de-esperanza-que-camina-con-un-pueblo-herido\\\/#primaryimage\",\"url\":\"https:\\\/\\\/exaudi.org\\\/wp-content\\\/uploads\\\/2026\\\/04\\\/1776667633558-scaled.jpg\",\"contentUrl\":\"https:\\\/\\\/exaudi.org\\\/wp-content\\\/uploads\\\/2026\\\/04\\\/1776667633558-scaled.jpg\",\"width\":2560,\"height\":1429},{\"@type\":\"BreadcrumbList\",\"@id\":\"https:\\\/\\\/exaudi.org\\\/es\\\/el-papa-leon-xiv-en-angola-un-mensaje-de-esperanza-que-camina-con-un-pueblo-herido\\\/#breadcrumb\",\"itemListElement\":[{\"@type\":\"ListItem\",\"position\":1,\"name\":\"Portada\",\"item\":\"https:\\\/\\\/exaudi.org\\\/es\\\/\"},{\"@type\":\"ListItem\",\"position\":2,\"name\":\"El Papa Le\u00f3n XIV en Angola: un mensaje de esperanza que camina con un pueblo herido\"}]},{\"@type\":\"WebSite\",\"@id\":\"https:\\\/\\\/exaudi.org\\\/#website\",\"url\":\"https:\\\/\\\/exaudi.org\\\/\",\"name\":\"Exaudi\",\"description\":\"News\",\"potentialAction\":[{\"@type\":\"SearchAction\",\"target\":{\"@type\":\"EntryPoint\",\"urlTemplate\":\"https:\\\/\\\/exaudi.org\\\/?s={search_term_string}\"},\"query-input\":{\"@type\":\"PropertyValueSpecification\",\"valueRequired\":true,\"valueName\":\"search_term_string\"}}],\"inLanguage\":\"es\"},{\"@type\":\"Person\",\"@id\":\"https:\\\/\\\/exaudi.org\\\/#\\\/schema\\\/person\\\/9939d30cf0367d753632ec95a86ea63b\",\"name\":\"Valentina Alazraki\",\"image\":{\"@type\":\"ImageObject\",\"inLanguage\":\"es\",\"@id\":\"https:\\\/\\\/secure.gravatar.com\\\/avatar\\\/aaefba6efc65855cbc84faacd73503190554e9d572733426dcc7399133d4cebc?s=96&d=mm&r=g\",\"url\":\"https:\\\/\\\/secure.gravatar.com\\\/avatar\\\/aaefba6efc65855cbc84faacd73503190554e9d572733426dcc7399133d4cebc?s=96&d=mm&r=g\",\"contentUrl\":\"https:\\\/\\\/secure.gravatar.com\\\/avatar\\\/aaefba6efc65855cbc84faacd73503190554e9d572733426dcc7399133d4cebc?s=96&d=mm&r=g\",\"caption\":\"Valentina Alazraki\"},\"description\":\"Corresponsal de N+ en El Vaticano e Italia desde 1974. A lo largo de estos 50 a\u00f1os me ha tocado vivir experiencias, vivencias, an\u00e9cdotas impresionantes, que compartir\u00e9 en este canal. Tambi\u00e9n me gustar\u00eda de que me siguieran en mi vida diaria, para ver como vive una corresponsal fuera de M\u00e9xico y puesto que yo vivo en Roma les compartir\u00e9 los lugares m\u00e1s bonitos y tambi\u00e9n los menos conocidos de esa maravillosa ciudad, como si fuera su gu\u00eda. Adem\u00e1s, para los m\u00e1s golosos y los que se divierten en la cocina, me vendr\u00e1n en mi calidad de cocinera que compartir\u00e9 recetas t\u00edpicas italianas.\",\"sameAs\":[\"https:\\\/\\\/www.facebook.com\\\/valentina.alazraki.mexico\\\/\",\"https:\\\/\\\/www.instagram.com\\\/valealazraki\\\/\",\"https:\\\/\\\/x.com\\\/valealazraki\",\"@valentina_alazraki\"],\"url\":\"https:\\\/\\\/exaudi.org\\\/es\\\/author\\\/valentina-alazraki\\\/\"}]}<\/script>\n<!-- \/ Yoast SEO plugin. -->","yoast_head_json":{"title":"El Papa Le\u00f3n XIV en Angola: un mensaje de esperanza que camina con un pueblo herido &#8211; Exaudi","robots":{"index":"index","follow":"follow","max-snippet":"max-snippet:-1","max-image-preview":"max-image-preview:large","max-video-preview":"max-video-preview:-1"},"canonical":"https:\/\/exaudi.org\/es\/el-papa-leon-xiv-en-angola-un-mensaje-de-esperanza-que-camina-con-un-pueblo-herido\/","og_locale":"es_ES","og_type":"article","og_title":"El Papa Le\u00f3n XIV en Angola: un mensaje de esperanza que camina con un pueblo herido &#8211; Exaudi","og_description":"Desde la explanada de Kilamba hasta el santuario de Mam\u00e1 Muxima, el Pont\u00edfice recuerda las heridas del pasado y enciende la luz de la Resurrecci\u00f3n para un pa\u00eds joven y lleno de futuro","og_url":"https:\/\/exaudi.org\/es\/el-papa-leon-xiv-en-angola-un-mensaje-de-esperanza-que-camina-con-un-pueblo-herido\/","og_site_name":"Exaudi","article_publisher":"https:\/\/www.facebook.com\/ExaudiNews","article_author":"https:\/\/www.facebook.com\/valentina.alazraki.mexico\/","article_published_time":"2026-04-20T08:00:15+00:00","og_image":[{"width":2560,"height":1429,"url":"https:\/\/exaudi.org\/wp-content\/uploads\/2026\/04\/1776667633558-scaled.jpg","type":"image\/jpeg"}],"author":"Valentina Alazraki","twitter_card":"summary_large_image","twitter_creator":"@valealazraki","twitter_site":"@Exaudi_News","twitter_misc":{"Escrito por":"Valentina Alazraki","Tiempo de lectura":"5 minutos"},"schema":{"@context":"https:\/\/schema.org","@graph":[{"@type":"Article","@id":"https:\/\/exaudi.org\/es\/el-papa-leon-xiv-en-angola-un-mensaje-de-esperanza-que-camina-con-un-pueblo-herido\/#article","isPartOf":{"@id":"https:\/\/exaudi.org\/es\/el-papa-leon-xiv-en-angola-un-mensaje-de-esperanza-que-camina-con-un-pueblo-herido\/"},"author":{"name":"Valentina Alazraki","@id":"https:\/\/exaudi.org\/#\/schema\/person\/9939d30cf0367d753632ec95a86ea63b"},"headline":"El Papa Le\u00f3n XIV en Angola: un mensaje de esperanza que camina con un pueblo herido","datePublished":"2026-04-20T08:00:15+00:00","mainEntityOfPage":{"@id":"https:\/\/exaudi.org\/es\/el-papa-leon-xiv-en-angola-un-mensaje-de-esperanza-que-camina-con-un-pueblo-herido\/"},"wordCount":918,"image":{"@id":"https:\/\/exaudi.org\/es\/el-papa-leon-xiv-en-angola-un-mensaje-de-esperanza-que-camina-con-un-pueblo-herido\/#primaryimage"},"thumbnailUrl":"https:\/\/exaudi.org\/wp-content\/uploads\/2026\/04\/1776667633558-scaled.jpg","keywords":["\u00c1frica 2026","Benedicto XVI Angola","cat\u00f3licos Angola","corrupci\u00f3n Angola","desigualdades Angola","devoci\u00f3n mariana Angola","Ema\u00fas Angola","esperanza Angola","fe en \u00c1frica","guerra civil Angola","homil\u00eda Papa Angola","Iglesia Angola","j\u00f3venes Angola","Juan Pablo II Angola","Le\u00f3n XIV 2026","Le\u00f3n XIV Luanda","Mam\u00e1 Muxima Angola","mensaje Papa \u00c1frica","misa Papa Kilamba","Papa Le\u00f3n XIV Angola","peregrinos Angola","Regina Coeli Ucrania","rosario Mam\u00e1 Muxima","santuario Mam\u00e1 Muxima","tregua L\u00edbano","Trending","visita Papa Angola"],"articleSection":["Voces"],"inLanguage":"es"},{"@type":"WebPage","@id":"https:\/\/exaudi.org\/es\/el-papa-leon-xiv-en-angola-un-mensaje-de-esperanza-que-camina-con-un-pueblo-herido\/","url":"https:\/\/exaudi.org\/es\/el-papa-leon-xiv-en-angola-un-mensaje-de-esperanza-que-camina-con-un-pueblo-herido\/","name":"El Papa Le\u00f3n XIV en Angola: un mensaje de esperanza que camina con un pueblo herido &#8211; Exaudi","isPartOf":{"@id":"https:\/\/exaudi.org\/#website"},"primaryImageOfPage":{"@id":"https:\/\/exaudi.org\/es\/el-papa-leon-xiv-en-angola-un-mensaje-de-esperanza-que-camina-con-un-pueblo-herido\/#primaryimage"},"image":{"@id":"https:\/\/exaudi.org\/es\/el-papa-leon-xiv-en-angola-un-mensaje-de-esperanza-que-camina-con-un-pueblo-herido\/#primaryimage"},"thumbnailUrl":"https:\/\/exaudi.org\/wp-content\/uploads\/2026\/04\/1776667633558-scaled.jpg","datePublished":"2026-04-20T08:00:15+00:00","author":{"@id":"https:\/\/exaudi.org\/#\/schema\/person\/9939d30cf0367d753632ec95a86ea63b"},"breadcrumb":{"@id":"https:\/\/exaudi.org\/es\/el-papa-leon-xiv-en-angola-un-mensaje-de-esperanza-que-camina-con-un-pueblo-herido\/#breadcrumb"},"inLanguage":"es","potentialAction":[{"@type":"ReadAction","target":["https:\/\/exaudi.org\/es\/el-papa-leon-xiv-en-angola-un-mensaje-de-esperanza-que-camina-con-un-pueblo-herido\/"]}]},{"@type":"ImageObject","inLanguage":"es","@id":"https:\/\/exaudi.org\/es\/el-papa-leon-xiv-en-angola-un-mensaje-de-esperanza-que-camina-con-un-pueblo-herido\/#primaryimage","url":"https:\/\/exaudi.org\/wp-content\/uploads\/2026\/04\/1776667633558-scaled.jpg","contentUrl":"https:\/\/exaudi.org\/wp-content\/uploads\/2026\/04\/1776667633558-scaled.jpg","width":2560,"height":1429},{"@type":"BreadcrumbList","@id":"https:\/\/exaudi.org\/es\/el-papa-leon-xiv-en-angola-un-mensaje-de-esperanza-que-camina-con-un-pueblo-herido\/#breadcrumb","itemListElement":[{"@type":"ListItem","position":1,"name":"Portada","item":"https:\/\/exaudi.org\/es\/"},{"@type":"ListItem","position":2,"name":"El Papa Le\u00f3n XIV en Angola: un mensaje de esperanza que camina con un pueblo herido"}]},{"@type":"WebSite","@id":"https:\/\/exaudi.org\/#website","url":"https:\/\/exaudi.org\/","name":"Exaudi","description":"News","potentialAction":[{"@type":"SearchAction","target":{"@type":"EntryPoint","urlTemplate":"https:\/\/exaudi.org\/?s={search_term_string}"},"query-input":{"@type":"PropertyValueSpecification","valueRequired":true,"valueName":"search_term_string"}}],"inLanguage":"es"},{"@type":"Person","@id":"https:\/\/exaudi.org\/#\/schema\/person\/9939d30cf0367d753632ec95a86ea63b","name":"Valentina Alazraki","image":{"@type":"ImageObject","inLanguage":"es","@id":"https:\/\/secure.gravatar.com\/avatar\/aaefba6efc65855cbc84faacd73503190554e9d572733426dcc7399133d4cebc?s=96&d=mm&r=g","url":"https:\/\/secure.gravatar.com\/avatar\/aaefba6efc65855cbc84faacd73503190554e9d572733426dcc7399133d4cebc?s=96&d=mm&r=g","contentUrl":"https:\/\/secure.gravatar.com\/avatar\/aaefba6efc65855cbc84faacd73503190554e9d572733426dcc7399133d4cebc?s=96&d=mm&r=g","caption":"Valentina Alazraki"},"description":"Corresponsal de N+ en El Vaticano e Italia desde 1974. A lo largo de estos 50 a\u00f1os me ha tocado vivir experiencias, vivencias, an\u00e9cdotas impresionantes, que compartir\u00e9 en este canal. Tambi\u00e9n me gustar\u00eda de que me siguieran en mi vida diaria, para ver como vive una corresponsal fuera de M\u00e9xico y puesto que yo vivo en Roma les compartir\u00e9 los lugares m\u00e1s bonitos y tambi\u00e9n los menos conocidos de esa maravillosa ciudad, como si fuera su gu\u00eda. Adem\u00e1s, para los m\u00e1s golosos y los que se divierten en la cocina, me vendr\u00e1n en mi calidad de cocinera que compartir\u00e9 recetas t\u00edpicas italianas.","sameAs":["https:\/\/www.facebook.com\/valentina.alazraki.mexico\/","https:\/\/www.instagram.com\/valealazraki\/","https:\/\/x.com\/valealazraki","@valentina_alazraki"],"url":"https:\/\/exaudi.org\/es\/author\/valentina-alazraki\/"}]}},"jetpack_featured_media_url":"https:\/\/exaudi.org\/wp-content\/uploads\/2026\/04\/1776667633558-scaled.jpg","jetpack_shortlink":"https:\/\/wp.me\/pgKjF2-HrM","_links":{"self":[{"href":"https:\/\/exaudi.org\/es\/wp-json\/wp\/v2\/posts\/167014","targetHints":{"allow":["GET"]}}],"collection":[{"href":"https:\/\/exaudi.org\/es\/wp-json\/wp\/v2\/posts"}],"about":[{"href":"https:\/\/exaudi.org\/es\/wp-json\/wp\/v2\/types\/post"}],"author":[{"embeddable":true,"href":"https:\/\/exaudi.org\/es\/wp-json\/wp\/v2\/users\/176"}],"replies":[{"embeddable":true,"href":"https:\/\/exaudi.org\/es\/wp-json\/wp\/v2\/comments?post=167014"}],"version-history":[{"count":5,"href":"https:\/\/exaudi.org\/es\/wp-json\/wp\/v2\/posts\/167014\/revisions"}],"predecessor-version":[{"id":167025,"href":"https:\/\/exaudi.org\/es\/wp-json\/wp\/v2\/posts\/167014\/revisions\/167025"}],"wp:featuredmedia":[{"embeddable":true,"href":"https:\/\/exaudi.org\/es\/wp-json\/wp\/v2\/media\/167016"}],"wp:attachment":[{"href":"https:\/\/exaudi.org\/es\/wp-json\/wp\/v2\/media?parent=167014"}],"wp:term":[{"taxonomy":"category","embeddable":true,"href":"https:\/\/exaudi.org\/es\/wp-json\/wp\/v2\/categories?post=167014"},{"taxonomy":"post_tag","embeddable":true,"href":"https:\/\/exaudi.org\/es\/wp-json\/wp\/v2\/tags?post=167014"}],"curies":[{"name":"wp","href":"https:\/\/api.w.org\/{rel}","templated":true}]}}