{"id":166882,"date":"2026-04-19T07:00:10","date_gmt":"2026-04-19T05:00:10","guid":{"rendered":"https:\/\/exaudi.org\/?p=166882"},"modified":"2026-04-19T15:43:30","modified_gmt":"2026-04-19T13:43:30","slug":"el-papa-leon-xiv-en-duala-un-llamado-urgente-contra-el-hambre-y-la-pobreza-en-el-corazon-economico-de-camerun","status":"publish","type":"post","link":"https:\/\/exaudi.org\/es\/el-papa-leon-xiv-en-duala-un-llamado-urgente-contra-el-hambre-y-la-pobreza-en-el-corazon-economico-de-camerun\/","title":{"rendered":"El Papa Le\u00f3n XIV en Duala: un llamado urgente contra el hambre y la pobreza en el coraz\u00f3n econ\u00f3mico de Camer\u00fan"},"content":{"rendered":"<p dir=\"auto\">Duala, la vibrante capital econ\u00f3mica de Camer\u00fan, se convirti\u00f3 este 17 de abril de 2026 en escenario de un momento cargado de esperanza y desaf\u00edo. A solo una hora de avi\u00f3n desde Yaund\u00e9, el Papa Le\u00f3n XIV aterriz\u00f3 para presidir una multitudinaria Santa Misa y recordar una verdad tan antigua como actual: en un pa\u00eds bendecido por riquezas naturales, el hambre no es un destino inevitable, sino una herida que se cura con generosidad y justicia.<\/p>\n<p><iframe title=\"Spotify Embed: El Papa Le\u00f3n XIV en Duala: un llamado urgente contra el hambre y la pobreza en el coraz\u00f3n econ\u00f3mico de Camer\u00fan\" style=\"border-radius: 12px\" width=\"100%\" height=\"152\" frameborder=\"0\" allowfullscreen allow=\"autoplay; clipboard-write; encrypted-media; fullscreen; picture-in-picture\" loading=\"lazy\" src=\"https:\/\/open.spotify.com\/embed\/episode\/2oNEyCYln1c89OdT5py76U?si=e76c9285d0a24241&amp;utm_source=oembed\"><\/iframe><\/p>\n<p dir=\"auto\">La explanada frente al estadio Japoma acogi\u00f3 a cerca de 120.000 fieles rebosantes de alegr\u00eda, color y ese calor humano tan caracter\u00edstico de \u00c1frica. Aunque las expectativas iniciales hablaban de m\u00e1s de 500.000 personas, problemas organizativos redujeron la cifra, pero no el entusiasmo. Vestidos tradicionales llenos de color, sonrisas y un entusiasmo contagioso marcaron la jornada, incluso bajo un calor intenso.<\/p>\n<p dir=\"auto\">Inspir\u00e1ndose en la multiplicaci\u00f3n de los panes y los peces, el Papa fue directo al grano: \u201cSi la comida se comparte, si no se derrocha, si nadie se llena delante de quien no tiene nada, hay pan suficiente para todos\u201d. Un mensaje claro y sin rodeos contra el despilfarro y la indiferencia, en un pa\u00eds donde, pese a sus recursos, un 27% de la poblaci\u00f3n vive en pobreza y millones sufren hambre cada d\u00eda.<\/p>\n<p dir=\"auto\">Pero el Pont\u00edfice no se qued\u00f3 solo en lo material. Dirigi\u00e9ndose especialmente a los j\u00f3venes cameruneses, les pidi\u00f3 no perder la esperanza en una naci\u00f3n \u201crica en teor\u00eda, pero pobre en la realidad\u201d. Les habl\u00f3 de la falta de confianza en el futuro, de la tentaci\u00f3n de la migraci\u00f3n y de la necesidad de que los creyentes sean pan tanto f\u00edsico como espiritual para los dem\u00e1s. Record\u00f3 a los primeros cristianos, que anunciaban el Evangelio en medio de persecuciones, y anim\u00f3 a los cat\u00f3licos de hoy a tener el mismo valor: defender los valores del Evangelio para construir un mundo m\u00e1s justo, m\u00e1s pac\u00edfico y m\u00e1s fraterno.<\/p>\n<p dir=\"auto\">\u201cLos creyentes tienen que ser los que den de comer a otros\u201d, insisti\u00f3, subrayando que la fe no puede quedarse en lo privado cuando hay tanto sufrimiento a la vista.<\/p>\n<p dir=\"auto\">Tras la Misa, el Papa realiz\u00f3 una visita privada a un hospital cat\u00f3lico. Aunque no fue p\u00fablica, las im\u00e1genes que trascendieron muestran esos momentos de cercan\u00eda, empat\u00eda y conmoci\u00f3n que definen su pontificado: un pont\u00edfice arrodillado ante el dolor ajeno, ofreciendo consuelo a enfermos que muchas veces carecen incluso de lo b\u00e1sico. Para quienes lo recibieron, fue un tesoro inolvidable.<\/p>\n<p dir=\"auto\">De vuelta en Yaund\u00e9, Le\u00f3n XIV adelant\u00f3 su agenda para visitar la Universidad Cat\u00f3lica de \u00c1frica Central. All\u00ed se dirigi\u00f3 a estudiantes y profesores, muchos de los cuales ser\u00e1n ma\u00f1ana l\u00edderes econ\u00f3micos, sociales y pol\u00edticos del pa\u00eds. Les pidi\u00f3 poner sus talentos al servicio de \u00c1frica entera: por un futuro m\u00e1s humano, con m\u00e1s igualdad y oportunidades, para que los j\u00f3venes no se vean obligados a emigrar en busca de un porvenir que deber\u00edan construir en casa.<\/p>\n<p dir=\"auto\">No evit\u00f3 temas actuales: advirti\u00f3 sobre los riesgos de la inteligencia artificial, que puede distorsionar la realidad si no se maneja con prudencia, aunque reconoci\u00f3 sus potenciales beneficios.<\/p>\n<p dir=\"auto\">El d\u00eda tuvo tambi\u00e9n un instante tierno y revelador: durante la visita a un orfanato el d\u00eda anterior, una ni\u00f1a corri\u00f3 hacia el Papa, que se agach\u00f3 casi arrodill\u00e1ndose para abrazarla. Una imagen sencilla, pero que dice mucho de la personalidad de Le\u00f3n XIV: cercana, paternal, capaz de detenerse ante lo peque\u00f1o.<\/p>\n<p dir=\"auto\">Ma\u00f1ana, 18 de abril, el Papa se despedir\u00e1 de Camer\u00fan con una tercera Misa en el aeropuerto de Yaund\u00e9 (un gesto in\u00e9dito, ya que ha privilegiado la celebraci\u00f3n eucar\u00edstica en sus tres d\u00edas aqu\u00ed, en un pa\u00eds donde los cat\u00f3licos representan alrededor del 27-28%). Despu\u00e9s volar\u00e1 hacia Angola, tercera etapa de esta gira africana.<\/p>\n<p dir=\"auto\">En resumen, la jornada en Duala dej\u00f3 un mensaje central: ante la paradoja de un continente rico y pueblos pobres, la soluci\u00f3n pasa por compartir, por la fraternidad y por el coraje de vivir el Evangelio sin miedo. Un llamado que resuena fuerte en Camer\u00fan y que, seguramente, seguir\u00e1 resonando en todo el continente.<\/p>\n<p><iframe loading=\"lazy\" title=\"Le\u00f3n XIV desvela su sensibilidad en \u00c1frica\" width=\"500\" height=\"281\" src=\"https:\/\/www.youtube.com\/embed\/4LKfSAMcxRM?feature=oembed\" frameborder=\"0\" allow=\"accelerometer; autoplay; clipboard-write; encrypted-media; gyroscope; picture-in-picture; web-share\" referrerpolicy=\"strict-origin-when-cross-origin\" allowfullscreen><\/iframe><\/p>\n<p><img loading=\"lazy\" decoding=\"async\" class=\"size-full wp-image-166887 alignnone\" src=\"https:\/\/exaudi.org\/wp-content\/uploads\/2026\/04\/Voces-12.jpg\" alt=\"\" width=\"1080\" height=\"1080\" srcset=\"https:\/\/exaudi.org\/wp-content\/uploads\/2026\/04\/Voces-12.jpg 1080w, https:\/\/exaudi.org\/wp-content\/uploads\/2026\/04\/Voces-12-300x300.jpg 300w, https:\/\/exaudi.org\/wp-content\/uploads\/2026\/04\/Voces-12-1024x1024.jpg 1024w, https:\/\/exaudi.org\/wp-content\/uploads\/2026\/04\/Voces-12-100x100.jpg?crop=1 100w, https:\/\/exaudi.org\/wp-content\/uploads\/2026\/04\/Voces-12-770x770.jpg 770w, https:\/\/exaudi.org\/wp-content\/uploads\/2026\/04\/Voces-12-500x500.jpg 500w\" sizes=\"auto, (max-width: 1080px) 100vw, 1080px\" \/><\/p>\n","protected":false},"excerpt":{"rendered":"<p>\u201cSi compartimos el pan, hay para todos\u201d: el mensaje del Pont\u00edfice que conmovi\u00f3 a 120.000 personas en plena riqueza natural y escasez humana<\/p>\n","protected":false},"author":176,"featured_media":166883,"comment_status":"closed","ping_status":"closed","sticky":false,"template":"","format":"standard","meta":{"_acf_changed":false,"_crdt_document":"","inline_featured_image":false,"footnotes":""},"categories":[130],"tags":[107218,108083,108952,108954,108955,108948,108942,108946,108600,108950,108953,108947,108951,108941,108943,108035,108940,108944,108665,108949,108945,108956],"class_list":["post-166882","post","type-post","status-publish","format-standard","has-post-thumbnail","hentry","category-voces","tag-africa-2026","tag-catolicos-camerun","tag-compartir-comida-pobreza","tag-duala-capital-economica-camerun","tag-esperanza-jovenes-camerun","tag-fraternidad-evangelio","tag-hambre-en-camerun","tag-inteligencia-artificial-papa","tag-leon-xiv-africa","tag-leon-xiv-orfanato-nina","tag-mensaje-social-papa-leon-xiv","tag-migracion-jovenes-africa","tag-misa-aeropuerto-yaunde","tag-misa-duala-120000-personas","tag-multiplicacion-panes-y-peces","tag-papa-leon-xiv-camerun","tag-papa-leon-xiv-en-duala","tag-pobreza-camerun-27","tag-universidad-catolica-africa-central","tag-viaje-papa-africa-2026","tag-visita-papa-hospital-camerun","tag-visita-papa-orfanato"],"acf":[],"yoast_head":"<!-- This site is optimized with the Yoast SEO plugin v27.4 - https:\/\/yoast.com\/product\/yoast-seo-wordpress\/ -->\n<title>El Papa Le\u00f3n XIV en Duala: un llamado urgente contra el hambre y la pobreza en el coraz\u00f3n econ\u00f3mico de Camer\u00fan &#8211; Exaudi<\/title>\n<meta name=\"robots\" content=\"index, follow, max-snippet:-1, max-image-preview:large, max-video-preview:-1\" \/>\n<link rel=\"canonical\" href=\"https:\/\/exaudi.org\/es\/el-papa-leon-xiv-en-duala-un-llamado-urgente-contra-el-hambre-y-la-pobreza-en-el-corazon-economico-de-camerun\/\" \/>\n<meta property=\"og:locale\" content=\"es_ES\" \/>\n<meta property=\"og:type\" content=\"article\" \/>\n<meta property=\"og:title\" content=\"El Papa Le\u00f3n XIV en Duala: un llamado urgente contra el hambre y la pobreza en el coraz\u00f3n econ\u00f3mico de Camer\u00fan &#8211; Exaudi\" \/>\n<meta property=\"og:description\" content=\"\u201cSi compartimos el pan, hay para todos\u201d: el mensaje del Pont\u00edfice que conmovi\u00f3 a 120.000 personas en plena riqueza natural y escasez humana\" \/>\n<meta property=\"og:url\" content=\"https:\/\/exaudi.org\/es\/el-papa-leon-xiv-en-duala-un-llamado-urgente-contra-el-hambre-y-la-pobreza-en-el-corazon-economico-de-camerun\/\" \/>\n<meta property=\"og:site_name\" content=\"Exaudi\" \/>\n<meta property=\"article:publisher\" content=\"https:\/\/www.facebook.com\/ExaudiNews\" \/>\n<meta property=\"article:author\" content=\"https:\/\/www.facebook.com\/valentina.alazraki.mexico\/\" \/>\n<meta property=\"article:published_time\" content=\"2026-04-19T05:00:10+00:00\" \/>\n<meta property=\"article:modified_time\" content=\"2026-04-19T13:43:30+00:00\" \/>\n<meta property=\"og:image\" content=\"https:\/\/exaudi.org\/wp-content\/uploads\/2026\/04\/1776589972562-scaled.jpg\" \/>\n\t<meta property=\"og:image:width\" content=\"2560\" \/>\n\t<meta property=\"og:image:height\" content=\"1429\" \/>\n\t<meta property=\"og:image:type\" content=\"image\/jpeg\" \/>\n<meta name=\"author\" content=\"Valentina Alazraki\" \/>\n<meta name=\"twitter:card\" content=\"summary_large_image\" \/>\n<meta name=\"twitter:creator\" content=\"@valealazraki\" \/>\n<meta name=\"twitter:site\" content=\"@Exaudi_News\" \/>\n<meta name=\"twitter:label1\" content=\"Escrito por\" \/>\n\t<meta name=\"twitter:data1\" content=\"Valentina Alazraki\" \/>\n\t<meta name=\"twitter:label2\" content=\"Tiempo de lectura\" \/>\n\t<meta name=\"twitter:data2\" content=\"4 minutos\" \/>\n<script type=\"application\/ld+json\" class=\"yoast-schema-graph\">{\"@context\":\"https:\\\/\\\/schema.org\",\"@graph\":[{\"@type\":\"Article\",\"@id\":\"https:\\\/\\\/exaudi.org\\\/es\\\/el-papa-leon-xiv-en-duala-un-llamado-urgente-contra-el-hambre-y-la-pobreza-en-el-corazon-economico-de-camerun\\\/#article\",\"isPartOf\":{\"@id\":\"https:\\\/\\\/exaudi.org\\\/es\\\/el-papa-leon-xiv-en-duala-un-llamado-urgente-contra-el-hambre-y-la-pobreza-en-el-corazon-economico-de-camerun\\\/\"},\"author\":{\"name\":\"Valentina Alazraki\",\"@id\":\"https:\\\/\\\/exaudi.org\\\/#\\\/schema\\\/person\\\/9939d30cf0367d753632ec95a86ea63b\"},\"headline\":\"El Papa Le\u00f3n XIV en Duala: un llamado urgente contra el hambre y la pobreza en el coraz\u00f3n econ\u00f3mico de Camer\u00fan\",\"datePublished\":\"2026-04-19T05:00:10+00:00\",\"dateModified\":\"2026-04-19T13:43:30+00:00\",\"mainEntityOfPage\":{\"@id\":\"https:\\\/\\\/exaudi.org\\\/es\\\/el-papa-leon-xiv-en-duala-un-llamado-urgente-contra-el-hambre-y-la-pobreza-en-el-corazon-economico-de-camerun\\\/\"},\"wordCount\":780,\"image\":{\"@id\":\"https:\\\/\\\/exaudi.org\\\/es\\\/el-papa-leon-xiv-en-duala-un-llamado-urgente-contra-el-hambre-y-la-pobreza-en-el-corazon-economico-de-camerun\\\/#primaryimage\"},\"thumbnailUrl\":\"https:\\\/\\\/exaudi.org\\\/wp-content\\\/uploads\\\/2026\\\/04\\\/1776589972562-scaled.jpg\",\"keywords\":[\"\u00c1frica 2026\",\"cat\u00f3licos Camer\u00fan\",\"compartir comida pobreza\",\"Duala capital econ\u00f3mica Camer\u00fan\",\"esperanza j\u00f3venes Camer\u00fan\",\"fraternidad evangelio\",\"hambre en Camer\u00fan\",\"inteligencia artificial Papa\",\"Le\u00f3n XIV \u00c1frica\",\"Le\u00f3n XIV orfanato ni\u00f1a\",\"mensaje social Papa Le\u00f3n XIV\",\"migraci\u00f3n j\u00f3venes \u00c1frica\",\"misa aeropuerto Yaund\u00e9\",\"misa Duala 120000 personas\",\"multiplicaci\u00f3n panes y peces\",\"Papa Le\u00f3n XIV Camer\u00fan\",\"Papa Le\u00f3n XIV en Duala\",\"pobreza Camer\u00fan 27%\",\"Universidad Cat\u00f3lica \u00c1frica Central\",\"viaje Papa \u00c1frica 2026\",\"visita Papa hospital Camer\u00fan\",\"visita Papa orfanato\"],\"articleSection\":[\"Voces\"],\"inLanguage\":\"es\"},{\"@type\":\"WebPage\",\"@id\":\"https:\\\/\\\/exaudi.org\\\/es\\\/el-papa-leon-xiv-en-duala-un-llamado-urgente-contra-el-hambre-y-la-pobreza-en-el-corazon-economico-de-camerun\\\/\",\"url\":\"https:\\\/\\\/exaudi.org\\\/es\\\/el-papa-leon-xiv-en-duala-un-llamado-urgente-contra-el-hambre-y-la-pobreza-en-el-corazon-economico-de-camerun\\\/\",\"name\":\"El Papa Le\u00f3n XIV en Duala: un llamado urgente contra el hambre y la pobreza en el coraz\u00f3n econ\u00f3mico de Camer\u00fan &#8211; Exaudi\",\"isPartOf\":{\"@id\":\"https:\\\/\\\/exaudi.org\\\/#website\"},\"primaryImageOfPage\":{\"@id\":\"https:\\\/\\\/exaudi.org\\\/es\\\/el-papa-leon-xiv-en-duala-un-llamado-urgente-contra-el-hambre-y-la-pobreza-en-el-corazon-economico-de-camerun\\\/#primaryimage\"},\"image\":{\"@id\":\"https:\\\/\\\/exaudi.org\\\/es\\\/el-papa-leon-xiv-en-duala-un-llamado-urgente-contra-el-hambre-y-la-pobreza-en-el-corazon-economico-de-camerun\\\/#primaryimage\"},\"thumbnailUrl\":\"https:\\\/\\\/exaudi.org\\\/wp-content\\\/uploads\\\/2026\\\/04\\\/1776589972562-scaled.jpg\",\"datePublished\":\"2026-04-19T05:00:10+00:00\",\"dateModified\":\"2026-04-19T13:43:30+00:00\",\"author\":{\"@id\":\"https:\\\/\\\/exaudi.org\\\/#\\\/schema\\\/person\\\/9939d30cf0367d753632ec95a86ea63b\"},\"breadcrumb\":{\"@id\":\"https:\\\/\\\/exaudi.org\\\/es\\\/el-papa-leon-xiv-en-duala-un-llamado-urgente-contra-el-hambre-y-la-pobreza-en-el-corazon-economico-de-camerun\\\/#breadcrumb\"},\"inLanguage\":\"es\",\"potentialAction\":[{\"@type\":\"ReadAction\",\"target\":[\"https:\\\/\\\/exaudi.org\\\/es\\\/el-papa-leon-xiv-en-duala-un-llamado-urgente-contra-el-hambre-y-la-pobreza-en-el-corazon-economico-de-camerun\\\/\"]}]},{\"@type\":\"ImageObject\",\"inLanguage\":\"es\",\"@id\":\"https:\\\/\\\/exaudi.org\\\/es\\\/el-papa-leon-xiv-en-duala-un-llamado-urgente-contra-el-hambre-y-la-pobreza-en-el-corazon-economico-de-camerun\\\/#primaryimage\",\"url\":\"https:\\\/\\\/exaudi.org\\\/wp-content\\\/uploads\\\/2026\\\/04\\\/1776589972562-scaled.jpg\",\"contentUrl\":\"https:\\\/\\\/exaudi.org\\\/wp-content\\\/uploads\\\/2026\\\/04\\\/1776589972562-scaled.jpg\",\"width\":2560,\"height\":1429},{\"@type\":\"BreadcrumbList\",\"@id\":\"https:\\\/\\\/exaudi.org\\\/es\\\/el-papa-leon-xiv-en-duala-un-llamado-urgente-contra-el-hambre-y-la-pobreza-en-el-corazon-economico-de-camerun\\\/#breadcrumb\",\"itemListElement\":[{\"@type\":\"ListItem\",\"position\":1,\"name\":\"Portada\",\"item\":\"https:\\\/\\\/exaudi.org\\\/es\\\/\"},{\"@type\":\"ListItem\",\"position\":2,\"name\":\"El Papa Le\u00f3n XIV en Duala: un llamado urgente contra el hambre y la pobreza en el coraz\u00f3n econ\u00f3mico de Camer\u00fan\"}]},{\"@type\":\"WebSite\",\"@id\":\"https:\\\/\\\/exaudi.org\\\/#website\",\"url\":\"https:\\\/\\\/exaudi.org\\\/\",\"name\":\"Exaudi\",\"description\":\"News\",\"potentialAction\":[{\"@type\":\"SearchAction\",\"target\":{\"@type\":\"EntryPoint\",\"urlTemplate\":\"https:\\\/\\\/exaudi.org\\\/?s={search_term_string}\"},\"query-input\":{\"@type\":\"PropertyValueSpecification\",\"valueRequired\":true,\"valueName\":\"search_term_string\"}}],\"inLanguage\":\"es\"},{\"@type\":\"Person\",\"@id\":\"https:\\\/\\\/exaudi.org\\\/#\\\/schema\\\/person\\\/9939d30cf0367d753632ec95a86ea63b\",\"name\":\"Valentina Alazraki\",\"image\":{\"@type\":\"ImageObject\",\"inLanguage\":\"es\",\"@id\":\"https:\\\/\\\/secure.gravatar.com\\\/avatar\\\/aaefba6efc65855cbc84faacd73503190554e9d572733426dcc7399133d4cebc?s=96&d=mm&r=g\",\"url\":\"https:\\\/\\\/secure.gravatar.com\\\/avatar\\\/aaefba6efc65855cbc84faacd73503190554e9d572733426dcc7399133d4cebc?s=96&d=mm&r=g\",\"contentUrl\":\"https:\\\/\\\/secure.gravatar.com\\\/avatar\\\/aaefba6efc65855cbc84faacd73503190554e9d572733426dcc7399133d4cebc?s=96&d=mm&r=g\",\"caption\":\"Valentina Alazraki\"},\"description\":\"Corresponsal de N+ en El Vaticano e Italia desde 1974. A lo largo de estos 50 a\u00f1os me ha tocado vivir experiencias, vivencias, an\u00e9cdotas impresionantes, que compartir\u00e9 en este canal. Tambi\u00e9n me gustar\u00eda de que me siguieran en mi vida diaria, para ver como vive una corresponsal fuera de M\u00e9xico y puesto que yo vivo en Roma les compartir\u00e9 los lugares m\u00e1s bonitos y tambi\u00e9n los menos conocidos de esa maravillosa ciudad, como si fuera su gu\u00eda. Adem\u00e1s, para los m\u00e1s golosos y los que se divierten en la cocina, me vendr\u00e1n en mi calidad de cocinera que compartir\u00e9 recetas t\u00edpicas italianas.\",\"sameAs\":[\"https:\\\/\\\/www.facebook.com\\\/valentina.alazraki.mexico\\\/\",\"https:\\\/\\\/www.instagram.com\\\/valealazraki\\\/\",\"https:\\\/\\\/x.com\\\/valealazraki\",\"@valentina_alazraki\"],\"url\":\"https:\\\/\\\/exaudi.org\\\/es\\\/author\\\/valentina-alazraki\\\/\"}]}<\/script>\n<!-- \/ Yoast SEO plugin. -->","yoast_head_json":{"title":"El Papa Le\u00f3n XIV en Duala: un llamado urgente contra el hambre y la pobreza en el coraz\u00f3n econ\u00f3mico de Camer\u00fan &#8211; Exaudi","robots":{"index":"index","follow":"follow","max-snippet":"max-snippet:-1","max-image-preview":"max-image-preview:large","max-video-preview":"max-video-preview:-1"},"canonical":"https:\/\/exaudi.org\/es\/el-papa-leon-xiv-en-duala-un-llamado-urgente-contra-el-hambre-y-la-pobreza-en-el-corazon-economico-de-camerun\/","og_locale":"es_ES","og_type":"article","og_title":"El Papa Le\u00f3n XIV en Duala: un llamado urgente contra el hambre y la pobreza en el coraz\u00f3n econ\u00f3mico de Camer\u00fan &#8211; Exaudi","og_description":"\u201cSi compartimos el pan, hay para todos\u201d: el mensaje del Pont\u00edfice que conmovi\u00f3 a 120.000 personas en plena riqueza natural y escasez humana","og_url":"https:\/\/exaudi.org\/es\/el-papa-leon-xiv-en-duala-un-llamado-urgente-contra-el-hambre-y-la-pobreza-en-el-corazon-economico-de-camerun\/","og_site_name":"Exaudi","article_publisher":"https:\/\/www.facebook.com\/ExaudiNews","article_author":"https:\/\/www.facebook.com\/valentina.alazraki.mexico\/","article_published_time":"2026-04-19T05:00:10+00:00","article_modified_time":"2026-04-19T13:43:30+00:00","og_image":[{"width":2560,"height":1429,"url":"https:\/\/exaudi.org\/wp-content\/uploads\/2026\/04\/1776589972562-scaled.jpg","type":"image\/jpeg"}],"author":"Valentina Alazraki","twitter_card":"summary_large_image","twitter_creator":"@valealazraki","twitter_site":"@Exaudi_News","twitter_misc":{"Escrito por":"Valentina Alazraki","Tiempo de lectura":"4 minutos"},"schema":{"@context":"https:\/\/schema.org","@graph":[{"@type":"Article","@id":"https:\/\/exaudi.org\/es\/el-papa-leon-xiv-en-duala-un-llamado-urgente-contra-el-hambre-y-la-pobreza-en-el-corazon-economico-de-camerun\/#article","isPartOf":{"@id":"https:\/\/exaudi.org\/es\/el-papa-leon-xiv-en-duala-un-llamado-urgente-contra-el-hambre-y-la-pobreza-en-el-corazon-economico-de-camerun\/"},"author":{"name":"Valentina Alazraki","@id":"https:\/\/exaudi.org\/#\/schema\/person\/9939d30cf0367d753632ec95a86ea63b"},"headline":"El Papa Le\u00f3n XIV en Duala: un llamado urgente contra el hambre y la pobreza en el coraz\u00f3n econ\u00f3mico de Camer\u00fan","datePublished":"2026-04-19T05:00:10+00:00","dateModified":"2026-04-19T13:43:30+00:00","mainEntityOfPage":{"@id":"https:\/\/exaudi.org\/es\/el-papa-leon-xiv-en-duala-un-llamado-urgente-contra-el-hambre-y-la-pobreza-en-el-corazon-economico-de-camerun\/"},"wordCount":780,"image":{"@id":"https:\/\/exaudi.org\/es\/el-papa-leon-xiv-en-duala-un-llamado-urgente-contra-el-hambre-y-la-pobreza-en-el-corazon-economico-de-camerun\/#primaryimage"},"thumbnailUrl":"https:\/\/exaudi.org\/wp-content\/uploads\/2026\/04\/1776589972562-scaled.jpg","keywords":["\u00c1frica 2026","cat\u00f3licos Camer\u00fan","compartir comida pobreza","Duala capital econ\u00f3mica Camer\u00fan","esperanza j\u00f3venes Camer\u00fan","fraternidad evangelio","hambre en Camer\u00fan","inteligencia artificial Papa","Le\u00f3n XIV \u00c1frica","Le\u00f3n XIV orfanato ni\u00f1a","mensaje social Papa Le\u00f3n XIV","migraci\u00f3n j\u00f3venes \u00c1frica","misa aeropuerto Yaund\u00e9","misa Duala 120000 personas","multiplicaci\u00f3n panes y peces","Papa Le\u00f3n XIV Camer\u00fan","Papa Le\u00f3n XIV en Duala","pobreza Camer\u00fan 27%","Universidad Cat\u00f3lica \u00c1frica Central","viaje Papa \u00c1frica 2026","visita Papa hospital Camer\u00fan","visita Papa orfanato"],"articleSection":["Voces"],"inLanguage":"es"},{"@type":"WebPage","@id":"https:\/\/exaudi.org\/es\/el-papa-leon-xiv-en-duala-un-llamado-urgente-contra-el-hambre-y-la-pobreza-en-el-corazon-economico-de-camerun\/","url":"https:\/\/exaudi.org\/es\/el-papa-leon-xiv-en-duala-un-llamado-urgente-contra-el-hambre-y-la-pobreza-en-el-corazon-economico-de-camerun\/","name":"El Papa Le\u00f3n XIV en Duala: un llamado urgente contra el hambre y la pobreza en el coraz\u00f3n econ\u00f3mico de Camer\u00fan &#8211; Exaudi","isPartOf":{"@id":"https:\/\/exaudi.org\/#website"},"primaryImageOfPage":{"@id":"https:\/\/exaudi.org\/es\/el-papa-leon-xiv-en-duala-un-llamado-urgente-contra-el-hambre-y-la-pobreza-en-el-corazon-economico-de-camerun\/#primaryimage"},"image":{"@id":"https:\/\/exaudi.org\/es\/el-papa-leon-xiv-en-duala-un-llamado-urgente-contra-el-hambre-y-la-pobreza-en-el-corazon-economico-de-camerun\/#primaryimage"},"thumbnailUrl":"https:\/\/exaudi.org\/wp-content\/uploads\/2026\/04\/1776589972562-scaled.jpg","datePublished":"2026-04-19T05:00:10+00:00","dateModified":"2026-04-19T13:43:30+00:00","author":{"@id":"https:\/\/exaudi.org\/#\/schema\/person\/9939d30cf0367d753632ec95a86ea63b"},"breadcrumb":{"@id":"https:\/\/exaudi.org\/es\/el-papa-leon-xiv-en-duala-un-llamado-urgente-contra-el-hambre-y-la-pobreza-en-el-corazon-economico-de-camerun\/#breadcrumb"},"inLanguage":"es","potentialAction":[{"@type":"ReadAction","target":["https:\/\/exaudi.org\/es\/el-papa-leon-xiv-en-duala-un-llamado-urgente-contra-el-hambre-y-la-pobreza-en-el-corazon-economico-de-camerun\/"]}]},{"@type":"ImageObject","inLanguage":"es","@id":"https:\/\/exaudi.org\/es\/el-papa-leon-xiv-en-duala-un-llamado-urgente-contra-el-hambre-y-la-pobreza-en-el-corazon-economico-de-camerun\/#primaryimage","url":"https:\/\/exaudi.org\/wp-content\/uploads\/2026\/04\/1776589972562-scaled.jpg","contentUrl":"https:\/\/exaudi.org\/wp-content\/uploads\/2026\/04\/1776589972562-scaled.jpg","width":2560,"height":1429},{"@type":"BreadcrumbList","@id":"https:\/\/exaudi.org\/es\/el-papa-leon-xiv-en-duala-un-llamado-urgente-contra-el-hambre-y-la-pobreza-en-el-corazon-economico-de-camerun\/#breadcrumb","itemListElement":[{"@type":"ListItem","position":1,"name":"Portada","item":"https:\/\/exaudi.org\/es\/"},{"@type":"ListItem","position":2,"name":"El Papa Le\u00f3n XIV en Duala: un llamado urgente contra el hambre y la pobreza en el coraz\u00f3n econ\u00f3mico de Camer\u00fan"}]},{"@type":"WebSite","@id":"https:\/\/exaudi.org\/#website","url":"https:\/\/exaudi.org\/","name":"Exaudi","description":"News","potentialAction":[{"@type":"SearchAction","target":{"@type":"EntryPoint","urlTemplate":"https:\/\/exaudi.org\/?s={search_term_string}"},"query-input":{"@type":"PropertyValueSpecification","valueRequired":true,"valueName":"search_term_string"}}],"inLanguage":"es"},{"@type":"Person","@id":"https:\/\/exaudi.org\/#\/schema\/person\/9939d30cf0367d753632ec95a86ea63b","name":"Valentina Alazraki","image":{"@type":"ImageObject","inLanguage":"es","@id":"https:\/\/secure.gravatar.com\/avatar\/aaefba6efc65855cbc84faacd73503190554e9d572733426dcc7399133d4cebc?s=96&d=mm&r=g","url":"https:\/\/secure.gravatar.com\/avatar\/aaefba6efc65855cbc84faacd73503190554e9d572733426dcc7399133d4cebc?s=96&d=mm&r=g","contentUrl":"https:\/\/secure.gravatar.com\/avatar\/aaefba6efc65855cbc84faacd73503190554e9d572733426dcc7399133d4cebc?s=96&d=mm&r=g","caption":"Valentina Alazraki"},"description":"Corresponsal de N+ en El Vaticano e Italia desde 1974. A lo largo de estos 50 a\u00f1os me ha tocado vivir experiencias, vivencias, an\u00e9cdotas impresionantes, que compartir\u00e9 en este canal. Tambi\u00e9n me gustar\u00eda de que me siguieran en mi vida diaria, para ver como vive una corresponsal fuera de M\u00e9xico y puesto que yo vivo en Roma les compartir\u00e9 los lugares m\u00e1s bonitos y tambi\u00e9n los menos conocidos de esa maravillosa ciudad, como si fuera su gu\u00eda. Adem\u00e1s, para los m\u00e1s golosos y los que se divierten en la cocina, me vendr\u00e1n en mi calidad de cocinera que compartir\u00e9 recetas t\u00edpicas italianas.","sameAs":["https:\/\/www.facebook.com\/valentina.alazraki.mexico\/","https:\/\/www.instagram.com\/valealazraki\/","https:\/\/x.com\/valealazraki","@valentina_alazraki"],"url":"https:\/\/exaudi.org\/es\/author\/valentina-alazraki\/"}]}},"jetpack_featured_media_url":"https:\/\/exaudi.org\/wp-content\/uploads\/2026\/04\/1776589972562-scaled.jpg","jetpack_shortlink":"https:\/\/wp.me\/pgKjF2-HpE","_links":{"self":[{"href":"https:\/\/exaudi.org\/es\/wp-json\/wp\/v2\/posts\/166882","targetHints":{"allow":["GET"]}}],"collection":[{"href":"https:\/\/exaudi.org\/es\/wp-json\/wp\/v2\/posts"}],"about":[{"href":"https:\/\/exaudi.org\/es\/wp-json\/wp\/v2\/types\/post"}],"author":[{"embeddable":true,"href":"https:\/\/exaudi.org\/es\/wp-json\/wp\/v2\/users\/176"}],"replies":[{"embeddable":true,"href":"https:\/\/exaudi.org\/es\/wp-json\/wp\/v2\/comments?post=166882"}],"version-history":[{"count":4,"href":"https:\/\/exaudi.org\/es\/wp-json\/wp\/v2\/posts\/166882\/revisions"}],"predecessor-version":[{"id":166897,"href":"https:\/\/exaudi.org\/es\/wp-json\/wp\/v2\/posts\/166882\/revisions\/166897"}],"wp:featuredmedia":[{"embeddable":true,"href":"https:\/\/exaudi.org\/es\/wp-json\/wp\/v2\/media\/166883"}],"wp:attachment":[{"href":"https:\/\/exaudi.org\/es\/wp-json\/wp\/v2\/media?parent=166882"}],"wp:term":[{"taxonomy":"category","embeddable":true,"href":"https:\/\/exaudi.org\/es\/wp-json\/wp\/v2\/categories?post=166882"},{"taxonomy":"post_tag","embeddable":true,"href":"https:\/\/exaudi.org\/es\/wp-json\/wp\/v2\/tags?post=166882"}],"curies":[{"name":"wp","href":"https:\/\/api.w.org\/{rel}","templated":true}]}}