{"id":16680,"date":"2021-05-13T13:35:24","date_gmt":"2021-05-13T11:35:24","guid":{"rendered":"https:\/\/exaudi.org\/?p=16680"},"modified":"2021-05-14T12:23:14","modified_gmt":"2021-05-14T10:23:14","slug":"argentina-papa-recibe-al-presidente-alberto-fernandez","status":"publish","type":"post","link":"https:\/\/exaudi.org\/es\/argentina-papa-recibe-al-presidente-alberto-fernandez\/","title":{"rendered":"Argentina: El Papa recibe al presidente Alberto Fern\u00e1ndez"},"content":{"rendered":"<p>En la ma\u00f1ana de hoy, 13 de mayo de 2021, el Papa Francisco ha recibido en audiencia al presidente de la Rep\u00fablica Argentina, Alberto Fern\u00e1ndez, informa la Oficina de Prensa de la Santa Sede en un comunicado.<\/p>\n<p><img loading=\"lazy\" decoding=\"async\" class=\"size-medium wp-image-16692 alignleft\" src=\"https:\/\/exaudi.org\/wp-content\/uploads\/2021\/05\/DSC7966-1-300x200.jpg\" alt=\"\" width=\"300\" height=\"200\" srcset=\"https:\/\/exaudi.org\/wp-content\/uploads\/2021\/05\/DSC7966-1-300x200.jpg 300w, https:\/\/exaudi.org\/wp-content\/uploads\/2021\/05\/DSC7966-1-1024x683.jpg 1024w, https:\/\/exaudi.org\/wp-content\/uploads\/2021\/05\/DSC7966-1-768x512.jpg 768w, https:\/\/exaudi.org\/wp-content\/uploads\/2021\/05\/DSC7966-1-1536x1024.jpg 1536w, https:\/\/exaudi.org\/wp-content\/uploads\/2021\/05\/DSC7966-1-2048x1365.jpg 2048w, https:\/\/exaudi.org\/wp-content\/uploads\/2021\/05\/DSC7966-1-150x100.jpg 150w, https:\/\/exaudi.org\/wp-content\/uploads\/2021\/05\/DSC7966-1-696x464.jpg 696w, https:\/\/exaudi.org\/wp-content\/uploads\/2021\/05\/DSC7966-1-1068x712.jpg 1068w, https:\/\/exaudi.org\/wp-content\/uploads\/2021\/05\/DSC7966-1-1920x1280.jpg 1920w, https:\/\/exaudi.org\/wp-content\/uploads\/2021\/05\/DSC7966-1-630x420.jpg 630w\" sizes=\"auto, (max-width: 300px) 100vw, 300px\" \/>Alberto Fern\u00e1ndez, sucesivamente, se ha encontrado con cardenal Pietro Parolin, secretario de Estado, acompa\u00f1ado por Mons. Paul Richard Gallagher, secretario para las Relaciones con los Estados.<\/p>\n<p>Tal y como indica la nota \u201cen el curso de las cordiales conversaciones con los superiores de la Secretar\u00eda de Estado, se expres\u00f3 el aprecio por las buenas relaciones bilaterales existentes y la intenci\u00f3n de desarrollar a\u00fan m\u00e1s la cooperaci\u00f3n en los \u00e1mbitos de inter\u00e9s mutuo\u201d.<\/p>\n<p>Tambi\u00e9n se habl\u00f3 de la situaci\u00f3n del pa\u00eds, \u201ccon especial referencia a algunas problem\u00e1ticas como la gesti\u00f3n de la emergencia pand\u00e9mica, la crisis econ\u00f3mica y financiera y la lucha contra la pobreza, se\u00f1alando, en este contexto, la contribuci\u00f3n significativa que la Iglesia cat\u00f3lica ha ofrecido y sigue asegurando\u201d. Por \u00faltimo, concluye el comunicado, \u201cse abordaron algunos temas regionales e internacionales\u201d.<\/p>\n<h4><strong>Regalos y comitiva<\/strong><\/h4>\n<p><img loading=\"lazy\" decoding=\"async\" class=\"size-medium wp-image-16695 alignright\" src=\"https:\/\/exaudi.org\/wp-content\/uploads\/2021\/05\/DSC7990-1-300x200.jpg\" alt=\"\" width=\"300\" height=\"200\" srcset=\"https:\/\/exaudi.org\/wp-content\/uploads\/2021\/05\/DSC7990-1-300x200.jpg 300w, https:\/\/exaudi.org\/wp-content\/uploads\/2021\/05\/DSC7990-1-1024x683.jpg 1024w, https:\/\/exaudi.org\/wp-content\/uploads\/2021\/05\/DSC7990-1-768x512.jpg 768w, https:\/\/exaudi.org\/wp-content\/uploads\/2021\/05\/DSC7990-1-1536x1024.jpg 1536w, https:\/\/exaudi.org\/wp-content\/uploads\/2021\/05\/DSC7990-1-2048x1365.jpg 2048w, https:\/\/exaudi.org\/wp-content\/uploads\/2021\/05\/DSC7990-1-150x100.jpg 150w, https:\/\/exaudi.org\/wp-content\/uploads\/2021\/05\/DSC7990-1-696x464.jpg 696w, https:\/\/exaudi.org\/wp-content\/uploads\/2021\/05\/DSC7990-1-1068x712.jpg 1068w, https:\/\/exaudi.org\/wp-content\/uploads\/2021\/05\/DSC7990-1-1920x1280.jpg 1920w, https:\/\/exaudi.org\/wp-content\/uploads\/2021\/05\/DSC7990-1-630x420.jpg 630w\" sizes=\"auto, (max-width: 300px) 100vw, 300px\" \/>Seg\u00fan informa la agencia de noticias cat\u00f3licas argentina <a href=\"https:\/\/aica.org\/index.php\" target=\"_blank\" rel=\"noopener noreferrer\">AICA<\/a>, el presidente obsequi\u00f3 al Papa productos org\u00e1nicos elaborados por j\u00f3venes recuperados de adicciones de los Hogares de Cristo de la Villa 31, una medalla por el aniversario de Malvinas, una estola de la bas\u00edlica de San Jos\u00e9 de Flores, y una colecci\u00f3n de la Divina Comedia traducida, adem\u00e1s de un libro biogr\u00e1fica de Santos Disc\u00e9polo.<\/p>\n<p>Alberto Fern\u00e1ndez acudi\u00f3 a la audiencia con el Pont\u00edfice junto a una comitiva integrada por la primera dama, Fabiola Y\u00e1\u00f1ez; el canciller Felipe Sol\u00e1; el ministro de Econom\u00eda, Mart\u00edn Guzm\u00e1n; el secretario de Culto, Guillermo Oliveri; el secretario general de la Presidencia, Julio Vitobello; el secretario de Asuntos Estrat\u00e9gicos, Gustavo Beliz; el secretario de Comunicaci\u00f3n y Prensa, Juan Pablo Biondi; y la embajadora argentina ante la Santa Sede, Mar\u00eda Fernanda Silva.<\/p>\n<h4><strong>Pandemia en Argentina<\/strong><\/h4>\n<p>Argentina afronta la segunda ola de coronavirus con un aumento continuo contagios. Seg\u00fan los datos de la Sala de Situaci\u00f3n Coronavirus online del Ministerio de Salud, desde el inicio de la pandemia ha habido 3.215.572 casos y la cifra de fallecimientos asciende a los 68.807.<\/p>\n<p>La campa\u00f1a de vacunaci\u00f3n comenz\u00f3 a finales de diciembre, pero el Gobierno ha tenido que extender las <a href=\"https:\/\/exaudi.org\/es\/argentina-covid-19-reaccion-obispos-restricciones\/\" target=\"_blank\" rel=\"noopener noreferrer\">restricciones<\/a> en la capital, Buenos Aires, y sus zonas perif\u00e9ricas, que concentran mayor\u00eda de casos de COVID-19. Por su parte, los gobiernos provinciales de Santa Fe o C\u00f3rdoba han endurecido los protocolos para detener el avance de la pandemia.<\/p>\n","protected":false},"excerpt":{"rendered":"<p>Conversaciones sobre la situaci\u00f3n del pa\u00eds<\/p>\n","protected":false},"author":5,"featured_media":16688,"comment_status":"closed","ping_status":"closed","sticky":false,"template":"","format":"standard","meta":{"_acf_changed":false,"_crdt_document":"","inline_featured_image":false,"footnotes":""},"categories":[68,298],"tags":[2300,1550,541,730,158],"class_list":["post-16680","post","type-post","status-publish","format-standard","has-post-thumbnail","hentry","category-leon-xiv","category-ultimas-noticias","tag-alberto-fernandez-es","tag-argentina","tag-covid-19","tag-pandemia-es","tag-papa-francisco"],"acf":[],"yoast_head":"<!-- This site is optimized with the Yoast SEO plugin v27.5 - https:\/\/yoast.com\/product\/yoast-seo-wordpress\/ -->\n<title>Argentina: El Papa recibe al presidente Alberto Fern\u00e1ndez &#8211; Exaudi<\/title>\n<meta name=\"description\" content=\"El Papa Francisco ha recibido hoy, 13 de mayo de 2021, en audiencia al presidente de la Rep\u00fablica Argentina, Alberto Fern\u00e1ndez\" \/>\n<meta name=\"robots\" content=\"index, follow, max-snippet:-1, max-image-preview:large, max-video-preview:-1\" \/>\n<link rel=\"canonical\" href=\"https:\/\/exaudi.org\/es\/argentina-papa-recibe-al-presidente-alberto-fernandez\/\" \/>\n<meta property=\"og:locale\" content=\"es_ES\" \/>\n<meta property=\"og:type\" content=\"article\" \/>\n<meta property=\"og:title\" content=\"Argentina: El Papa recibe al presidente Alberto Fern\u00e1ndez &#8211; Exaudi\" \/>\n<meta property=\"og:description\" content=\"El Papa Francisco ha recibido hoy, 13 de mayo de 2021, en audiencia al presidente de la Rep\u00fablica Argentina, Alberto Fern\u00e1ndez\" \/>\n<meta property=\"og:url\" content=\"https:\/\/exaudi.org\/es\/argentina-papa-recibe-al-presidente-alberto-fernandez\/\" \/>\n<meta property=\"og:site_name\" content=\"Exaudi\" \/>\n<meta property=\"article:publisher\" content=\"https:\/\/www.facebook.com\/ExaudiNews\" \/>\n<meta property=\"article:published_time\" content=\"2021-05-13T11:35:24+00:00\" \/>\n<meta property=\"article:modified_time\" content=\"2021-05-14T10:23:14+00:00\" \/>\n<meta property=\"og:image\" content=\"https:\/\/exaudi.org\/wp-content\/uploads\/2021\/05\/DSC7949-1-scaled.jpg\" \/>\n\t<meta property=\"og:image:width\" content=\"2560\" \/>\n\t<meta property=\"og:image:height\" content=\"1721\" \/>\n\t<meta property=\"og:image:type\" content=\"image\/jpeg\" \/>\n<meta name=\"author\" content=\"Larissa I. L\u00f3pez\" \/>\n<meta name=\"twitter:card\" content=\"summary_large_image\" \/>\n<meta name=\"twitter:creator\" content=\"@Exaudi_News\" \/>\n<meta name=\"twitter:site\" content=\"@Exaudi_News\" \/>\n<meta name=\"twitter:label1\" content=\"Escrito por\" \/>\n\t<meta name=\"twitter:data1\" content=\"Larissa I. L\u00f3pez\" \/>\n\t<meta name=\"twitter:label2\" content=\"Tiempo de lectura\" \/>\n\t<meta name=\"twitter:data2\" content=\"3 minutos\" \/>\n<script type=\"application\/ld+json\" class=\"yoast-schema-graph\">{\"@context\":\"https:\\\/\\\/schema.org\",\"@graph\":[{\"@type\":\"Article\",\"@id\":\"https:\\\/\\\/exaudi.org\\\/es\\\/argentina-papa-recibe-al-presidente-alberto-fernandez\\\/#article\",\"isPartOf\":{\"@id\":\"https:\\\/\\\/exaudi.org\\\/es\\\/argentina-papa-recibe-al-presidente-alberto-fernandez\\\/\"},\"author\":{\"name\":\"Larissa I. L\u00f3pez\",\"@id\":\"https:\\\/\\\/exaudi.org\\\/#\\\/schema\\\/person\\\/7d2f77db033c2c0929edfab6dbe8c588\"},\"headline\":\"Argentina: El Papa recibe al presidente Alberto Fern\u00e1ndez\",\"datePublished\":\"2021-05-13T11:35:24+00:00\",\"dateModified\":\"2021-05-14T10:23:14+00:00\",\"mainEntityOfPage\":{\"@id\":\"https:\\\/\\\/exaudi.org\\\/es\\\/argentina-papa-recibe-al-presidente-alberto-fernandez\\\/\"},\"wordCount\":461,\"image\":{\"@id\":\"https:\\\/\\\/exaudi.org\\\/es\\\/argentina-papa-recibe-al-presidente-alberto-fernandez\\\/#primaryimage\"},\"thumbnailUrl\":\"https:\\\/\\\/exaudi.org\\\/wp-content\\\/uploads\\\/2021\\\/05\\\/DSC7949-1-scaled.jpg\",\"keywords\":[\"Alberto Fernandez\",\"Argentina\",\"COVID-19\",\"pandemia\",\"papa francisco\"],\"articleSection\":[\"Le\u00f3n XIV\",\"\u00daltimas noticias\"],\"inLanguage\":\"es\"},{\"@type\":\"WebPage\",\"@id\":\"https:\\\/\\\/exaudi.org\\\/es\\\/argentina-papa-recibe-al-presidente-alberto-fernandez\\\/\",\"url\":\"https:\\\/\\\/exaudi.org\\\/es\\\/argentina-papa-recibe-al-presidente-alberto-fernandez\\\/\",\"name\":\"Argentina: El Papa recibe al presidente Alberto Fern\u00e1ndez &#8211; Exaudi\",\"isPartOf\":{\"@id\":\"https:\\\/\\\/exaudi.org\\\/#website\"},\"primaryImageOfPage\":{\"@id\":\"https:\\\/\\\/exaudi.org\\\/es\\\/argentina-papa-recibe-al-presidente-alberto-fernandez\\\/#primaryimage\"},\"image\":{\"@id\":\"https:\\\/\\\/exaudi.org\\\/es\\\/argentina-papa-recibe-al-presidente-alberto-fernandez\\\/#primaryimage\"},\"thumbnailUrl\":\"https:\\\/\\\/exaudi.org\\\/wp-content\\\/uploads\\\/2021\\\/05\\\/DSC7949-1-scaled.jpg\",\"datePublished\":\"2021-05-13T11:35:24+00:00\",\"dateModified\":\"2021-05-14T10:23:14+00:00\",\"author\":{\"@id\":\"https:\\\/\\\/exaudi.org\\\/#\\\/schema\\\/person\\\/7d2f77db033c2c0929edfab6dbe8c588\"},\"description\":\"El Papa Francisco ha recibido hoy, 13 de mayo de 2021, en audiencia al presidente de la Rep\u00fablica Argentina, Alberto Fern\u00e1ndez\",\"breadcrumb\":{\"@id\":\"https:\\\/\\\/exaudi.org\\\/es\\\/argentina-papa-recibe-al-presidente-alberto-fernandez\\\/#breadcrumb\"},\"inLanguage\":\"es\",\"potentialAction\":[{\"@type\":\"ReadAction\",\"target\":[\"https:\\\/\\\/exaudi.org\\\/es\\\/argentina-papa-recibe-al-presidente-alberto-fernandez\\\/\"]}]},{\"@type\":\"ImageObject\",\"inLanguage\":\"es\",\"@id\":\"https:\\\/\\\/exaudi.org\\\/es\\\/argentina-papa-recibe-al-presidente-alberto-fernandez\\\/#primaryimage\",\"url\":\"https:\\\/\\\/exaudi.org\\\/wp-content\\\/uploads\\\/2021\\\/05\\\/DSC7949-1-scaled.jpg\",\"contentUrl\":\"https:\\\/\\\/exaudi.org\\\/wp-content\\\/uploads\\\/2021\\\/05\\\/DSC7949-1-scaled.jpg\",\"width\":2560,\"height\":1721,\"caption\":\"Encuentro del Papa con el presidente de Argentina Alberto Fern\u00e1ndez \u00a9 Vatican Media\"},{\"@type\":\"BreadcrumbList\",\"@id\":\"https:\\\/\\\/exaudi.org\\\/es\\\/argentina-papa-recibe-al-presidente-alberto-fernandez\\\/#breadcrumb\",\"itemListElement\":[{\"@type\":\"ListItem\",\"position\":1,\"name\":\"Portada\",\"item\":\"https:\\\/\\\/exaudi.org\\\/es\\\/\"},{\"@type\":\"ListItem\",\"position\":2,\"name\":\"Argentina: El Papa recibe al presidente Alberto Fern\u00e1ndez\"}]},{\"@type\":\"WebSite\",\"@id\":\"https:\\\/\\\/exaudi.org\\\/#website\",\"url\":\"https:\\\/\\\/exaudi.org\\\/\",\"name\":\"Exaudi\",\"description\":\"News\",\"potentialAction\":[{\"@type\":\"SearchAction\",\"target\":{\"@type\":\"EntryPoint\",\"urlTemplate\":\"https:\\\/\\\/exaudi.org\\\/?s={search_term_string}\"},\"query-input\":{\"@type\":\"PropertyValueSpecification\",\"valueRequired\":true,\"valueName\":\"search_term_string\"}}],\"inLanguage\":\"es\"},{\"@type\":\"Person\",\"@id\":\"https:\\\/\\\/exaudi.org\\\/#\\\/schema\\\/person\\\/7d2f77db033c2c0929edfab6dbe8c588\",\"name\":\"Larissa I. L\u00f3pez\",\"image\":{\"@type\":\"ImageObject\",\"inLanguage\":\"es\",\"@id\":\"https:\\\/\\\/secure.gravatar.com\\\/avatar\\\/db3ef399ff343d0bb9d25dc5198bc8ece5ac6d621eca79876697a354dabc1e3f?s=96&d=mm&r=g\",\"url\":\"https:\\\/\\\/secure.gravatar.com\\\/avatar\\\/db3ef399ff343d0bb9d25dc5198bc8ece5ac6d621eca79876697a354dabc1e3f?s=96&d=mm&r=g\",\"contentUrl\":\"https:\\\/\\\/secure.gravatar.com\\\/avatar\\\/db3ef399ff343d0bb9d25dc5198bc8ece5ac6d621eca79876697a354dabc1e3f?s=96&d=mm&r=g\",\"caption\":\"Larissa I. L\u00f3pez\"},\"description\":\"Doctora en Comunicaci\u00f3n. Mi trayectoria profesional ha transcurrido entre el \u00e1mbito de la comunicaci\u00f3n y el de la docencia. En los \u00faltimos a\u00f1os, he trabajado como coordinadora y redactora de la edici\u00f3n de ZENIT en espa\u00f1ol. Como profesora, he impartido clases en la universidad y en centros de FP y bachillerato. Cordobesa de nacimiento, tambi\u00e9n he vivido en Sevilla, Madrid y Roma\",\"url\":\"https:\\\/\\\/exaudi.org\\\/es\\\/author\\\/llopezexaudi-org\\\/\"}]}<\/script>\n<!-- \/ Yoast SEO plugin. -->","yoast_head_json":{"title":"Argentina: El Papa recibe al presidente Alberto Fern\u00e1ndez &#8211; Exaudi","description":"El Papa Francisco ha recibido hoy, 13 de mayo de 2021, en audiencia al presidente de la Rep\u00fablica Argentina, Alberto Fern\u00e1ndez","robots":{"index":"index","follow":"follow","max-snippet":"max-snippet:-1","max-image-preview":"max-image-preview:large","max-video-preview":"max-video-preview:-1"},"canonical":"https:\/\/exaudi.org\/es\/argentina-papa-recibe-al-presidente-alberto-fernandez\/","og_locale":"es_ES","og_type":"article","og_title":"Argentina: El Papa recibe al presidente Alberto Fern\u00e1ndez &#8211; Exaudi","og_description":"El Papa Francisco ha recibido hoy, 13 de mayo de 2021, en audiencia al presidente de la Rep\u00fablica Argentina, Alberto Fern\u00e1ndez","og_url":"https:\/\/exaudi.org\/es\/argentina-papa-recibe-al-presidente-alberto-fernandez\/","og_site_name":"Exaudi","article_publisher":"https:\/\/www.facebook.com\/ExaudiNews","article_published_time":"2021-05-13T11:35:24+00:00","article_modified_time":"2021-05-14T10:23:14+00:00","og_image":[{"width":2560,"height":1721,"url":"https:\/\/exaudi.org\/wp-content\/uploads\/2021\/05\/DSC7949-1-scaled.jpg","type":"image\/jpeg"}],"author":"Larissa I. L\u00f3pez","twitter_card":"summary_large_image","twitter_creator":"@Exaudi_News","twitter_site":"@Exaudi_News","twitter_misc":{"Escrito por":"Larissa I. L\u00f3pez","Tiempo de lectura":"3 minutos"},"schema":{"@context":"https:\/\/schema.org","@graph":[{"@type":"Article","@id":"https:\/\/exaudi.org\/es\/argentina-papa-recibe-al-presidente-alberto-fernandez\/#article","isPartOf":{"@id":"https:\/\/exaudi.org\/es\/argentina-papa-recibe-al-presidente-alberto-fernandez\/"},"author":{"name":"Larissa I. L\u00f3pez","@id":"https:\/\/exaudi.org\/#\/schema\/person\/7d2f77db033c2c0929edfab6dbe8c588"},"headline":"Argentina: El Papa recibe al presidente Alberto Fern\u00e1ndez","datePublished":"2021-05-13T11:35:24+00:00","dateModified":"2021-05-14T10:23:14+00:00","mainEntityOfPage":{"@id":"https:\/\/exaudi.org\/es\/argentina-papa-recibe-al-presidente-alberto-fernandez\/"},"wordCount":461,"image":{"@id":"https:\/\/exaudi.org\/es\/argentina-papa-recibe-al-presidente-alberto-fernandez\/#primaryimage"},"thumbnailUrl":"https:\/\/exaudi.org\/wp-content\/uploads\/2021\/05\/DSC7949-1-scaled.jpg","keywords":["Alberto Fernandez","Argentina","COVID-19","pandemia","papa francisco"],"articleSection":["Le\u00f3n XIV","\u00daltimas noticias"],"inLanguage":"es"},{"@type":"WebPage","@id":"https:\/\/exaudi.org\/es\/argentina-papa-recibe-al-presidente-alberto-fernandez\/","url":"https:\/\/exaudi.org\/es\/argentina-papa-recibe-al-presidente-alberto-fernandez\/","name":"Argentina: El Papa recibe al presidente Alberto Fern\u00e1ndez &#8211; Exaudi","isPartOf":{"@id":"https:\/\/exaudi.org\/#website"},"primaryImageOfPage":{"@id":"https:\/\/exaudi.org\/es\/argentina-papa-recibe-al-presidente-alberto-fernandez\/#primaryimage"},"image":{"@id":"https:\/\/exaudi.org\/es\/argentina-papa-recibe-al-presidente-alberto-fernandez\/#primaryimage"},"thumbnailUrl":"https:\/\/exaudi.org\/wp-content\/uploads\/2021\/05\/DSC7949-1-scaled.jpg","datePublished":"2021-05-13T11:35:24+00:00","dateModified":"2021-05-14T10:23:14+00:00","author":{"@id":"https:\/\/exaudi.org\/#\/schema\/person\/7d2f77db033c2c0929edfab6dbe8c588"},"description":"El Papa Francisco ha recibido hoy, 13 de mayo de 2021, en audiencia al presidente de la Rep\u00fablica Argentina, Alberto Fern\u00e1ndez","breadcrumb":{"@id":"https:\/\/exaudi.org\/es\/argentina-papa-recibe-al-presidente-alberto-fernandez\/#breadcrumb"},"inLanguage":"es","potentialAction":[{"@type":"ReadAction","target":["https:\/\/exaudi.org\/es\/argentina-papa-recibe-al-presidente-alberto-fernandez\/"]}]},{"@type":"ImageObject","inLanguage":"es","@id":"https:\/\/exaudi.org\/es\/argentina-papa-recibe-al-presidente-alberto-fernandez\/#primaryimage","url":"https:\/\/exaudi.org\/wp-content\/uploads\/2021\/05\/DSC7949-1-scaled.jpg","contentUrl":"https:\/\/exaudi.org\/wp-content\/uploads\/2021\/05\/DSC7949-1-scaled.jpg","width":2560,"height":1721,"caption":"Encuentro del Papa con el presidente de Argentina Alberto Fern\u00e1ndez \u00a9 Vatican Media"},{"@type":"BreadcrumbList","@id":"https:\/\/exaudi.org\/es\/argentina-papa-recibe-al-presidente-alberto-fernandez\/#breadcrumb","itemListElement":[{"@type":"ListItem","position":1,"name":"Portada","item":"https:\/\/exaudi.org\/es\/"},{"@type":"ListItem","position":2,"name":"Argentina: El Papa recibe al presidente Alberto Fern\u00e1ndez"}]},{"@type":"WebSite","@id":"https:\/\/exaudi.org\/#website","url":"https:\/\/exaudi.org\/","name":"Exaudi","description":"News","potentialAction":[{"@type":"SearchAction","target":{"@type":"EntryPoint","urlTemplate":"https:\/\/exaudi.org\/?s={search_term_string}"},"query-input":{"@type":"PropertyValueSpecification","valueRequired":true,"valueName":"search_term_string"}}],"inLanguage":"es"},{"@type":"Person","@id":"https:\/\/exaudi.org\/#\/schema\/person\/7d2f77db033c2c0929edfab6dbe8c588","name":"Larissa I. L\u00f3pez","image":{"@type":"ImageObject","inLanguage":"es","@id":"https:\/\/secure.gravatar.com\/avatar\/db3ef399ff343d0bb9d25dc5198bc8ece5ac6d621eca79876697a354dabc1e3f?s=96&d=mm&r=g","url":"https:\/\/secure.gravatar.com\/avatar\/db3ef399ff343d0bb9d25dc5198bc8ece5ac6d621eca79876697a354dabc1e3f?s=96&d=mm&r=g","contentUrl":"https:\/\/secure.gravatar.com\/avatar\/db3ef399ff343d0bb9d25dc5198bc8ece5ac6d621eca79876697a354dabc1e3f?s=96&d=mm&r=g","caption":"Larissa I. L\u00f3pez"},"description":"Doctora en Comunicaci\u00f3n. Mi trayectoria profesional ha transcurrido entre el \u00e1mbito de la comunicaci\u00f3n y el de la docencia. En los \u00faltimos a\u00f1os, he trabajado como coordinadora y redactora de la edici\u00f3n de ZENIT en espa\u00f1ol. Como profesora, he impartido clases en la universidad y en centros de FP y bachillerato. Cordobesa de nacimiento, tambi\u00e9n he vivido en Sevilla, Madrid y Roma","url":"https:\/\/exaudi.org\/es\/author\/llopezexaudi-org\/"}]}},"jetpack_featured_media_url":"https:\/\/exaudi.org\/wp-content\/uploads\/2021\/05\/DSC7949-1-scaled.jpg","jetpack_shortlink":"https:\/\/wp.me\/pgKjF2-4l2","_links":{"self":[{"href":"https:\/\/exaudi.org\/es\/wp-json\/wp\/v2\/posts\/16680","targetHints":{"allow":["GET"]}}],"collection":[{"href":"https:\/\/exaudi.org\/es\/wp-json\/wp\/v2\/posts"}],"about":[{"href":"https:\/\/exaudi.org\/es\/wp-json\/wp\/v2\/types\/post"}],"author":[{"embeddable":true,"href":"https:\/\/exaudi.org\/es\/wp-json\/wp\/v2\/users\/5"}],"replies":[{"embeddable":true,"href":"https:\/\/exaudi.org\/es\/wp-json\/wp\/v2\/comments?post=16680"}],"version-history":[{"count":0,"href":"https:\/\/exaudi.org\/es\/wp-json\/wp\/v2\/posts\/16680\/revisions"}],"wp:featuredmedia":[{"embeddable":true,"href":"https:\/\/exaudi.org\/es\/wp-json\/wp\/v2\/media\/16688"}],"wp:attachment":[{"href":"https:\/\/exaudi.org\/es\/wp-json\/wp\/v2\/media?parent=16680"}],"wp:term":[{"taxonomy":"category","embeddable":true,"href":"https:\/\/exaudi.org\/es\/wp-json\/wp\/v2\/categories?post=16680"},{"taxonomy":"post_tag","embeddable":true,"href":"https:\/\/exaudi.org\/es\/wp-json\/wp\/v2\/tags?post=16680"}],"curies":[{"name":"wp","href":"https:\/\/api.w.org\/{rel}","templated":true}]}}