{"id":166790,"date":"2026-04-18T20:02:36","date_gmt":"2026-04-18T18:02:36","guid":{"rendered":"https:\/\/exaudi.org\/?p=166790"},"modified":"2026-04-19T10:17:35","modified_gmt":"2026-04-19T08:17:35","slug":"el-papa-en-angola-describio-el-continente-como-una-reserva-de-alegria-y-esperanza-para-el-mundo","status":"publish","type":"post","link":"https:\/\/exaudi.org\/es\/el-papa-en-angola-describio-el-continente-como-una-reserva-de-alegria-y-esperanza-para-el-mundo\/","title":{"rendered":"El Papa en Angola describi\u00f3 el continente como \u00abuna reserva de alegr\u00eda y esperanza\u00bb para el mundo"},"content":{"rendered":"<p>El Papa Le\u00f3n se dirige a las autoridades de Angola, a la sociedad civil y a los miembros del cuerpo diplom\u00e1tico, y los anima a utilizar sus cargos para promover la paz y la estabilidad.<\/p>\n<p>***<\/p>\n<h3>Palabras del Papa<\/h3>\n<div class=\"testo\">\n<div class=\"text parbase vaticanrichtext\">\n<p><i>Se\u00f1or Presidente,<br \/>\ndistinguidas Autoridades y miembros del Cuerpo diplom\u00e1tico,<br \/>\nse\u00f1oras y se\u00f1ores:<\/i><\/p>\n<p>Es una gran alegr\u00eda para m\u00ed estar entre ustedes. Gracias, se\u00f1or Presidente, por la invitaci\u00f3n a visitar Angola y por sus palabras de bienvenida. Vengo a conocer a su pueblo, como un peregrino que busca se\u00f1ales de la presencia de Dios en esta tierra tan amada por \u00c9l.<\/p>\n<p>Antes de proseguir, quisiera asegurar mi oraci\u00f3n por las v\u00edctimas de las fuertes lluvias e inundaciones que han afectado a la provincia de Benguela, as\u00ed como expresar mi cercan\u00eda a las familias que han perdido sus hogares. S\u00e9 tambi\u00e9n que ustedes, angole\u00f1os, est\u00e1n unidos en una gran cadena de solidaridad en favor de los afectados.<\/p>\n<p>Deseo encontrarme con ustedes en la gratuidad de la paz y reconocer que su pueblo posee tesoros que no pueden venderse ni robarse. En particular, poseen una alegr\u00eda que ni siquiera las circunstancias m\u00e1s adversas han podido extinguir. Esta alegr\u00eda, que conoce tambi\u00e9n el dolor, la indignaci\u00f3n, la decepci\u00f3n y la derrota, perdura y renace entre quienes han mantenido sus corazones y mentes libres del enga\u00f1o de la riqueza. Ustedes saben muy bien que, en numerosas ocasiones, sus regiones se han percibido, y a\u00fan se sigue haciendo, como un lugar en donde dar o, m\u00e1s a menudo, de donde tomar algo. Debemos romper esta cadena de intereses que reduce la realidad y la vida misma a una mercanc\u00eda.<\/p>\n<p>\u00c1frica es para el mundo entero una reserva de gozo y de esperanza que no dudar\u00eda en calificar de virtudes \u201cpol\u00edticas\u201d, porque sus j\u00f3venes y sus pobres a\u00fan sue\u00f1an, a\u00fan esperan, no se conforman con lo que ya existe, desean levantarse, prepararse para grandes responsabilidades, jugarse en primera persona. La sabidur\u00eda de un pueblo, en efecto, no puede ser extinguida por ninguna ideolog\u00eda y, a decir verdad, el deseo de infinito que habita en el coraz\u00f3n humano es un principio de transformaci\u00f3n social m\u00e1s profundo que cualquier programa pol\u00edtico o cultural. Estoy aqu\u00ed, entre ustedes, al servicio de las mejores fuerzas que animan a las personas y a las comunidades que hacen de Angola un mosaico muy colorido. Deseo escuchar y alentar a quien ya ha elegido el bien, la justicia, la paz, la tolerancia y la reconciliaci\u00f3n. Al mismo tiempo, junto a millones de hombres y mujeres de buena voluntad que son la primera riqueza del pa\u00eds, quisiera hacer un llamamiento a la conversi\u00f3n de quien elige caminos opuestos e impide el desarrollo armonioso y fraterno.<img loading=\"lazy\" decoding=\"async\" class=\"size-medium wp-image-166844 alignright\" src=\"https:\/\/exaudi.org\/wp-content\/uploads\/2026\/04\/cq5dam.web_.800.800-10-1-300x200.jpeg\" alt=\"\" width=\"300\" height=\"200\" srcset=\"https:\/\/exaudi.org\/wp-content\/uploads\/2026\/04\/cq5dam.web_.800.800-10-1-300x200.jpeg 300w, https:\/\/exaudi.org\/wp-content\/uploads\/2026\/04\/cq5dam.web_.800.800-10-1-770x513.jpeg 770w, https:\/\/exaudi.org\/wp-content\/uploads\/2026\/04\/cq5dam.web_.800.800-10-1-360x240.jpeg?crop=1 360w, https:\/\/exaudi.org\/wp-content\/uploads\/2026\/04\/cq5dam.web_.800.800-10-1-500x333.jpeg 500w, https:\/\/exaudi.org\/wp-content\/uploads\/2026\/04\/cq5dam.web_.800.800-10-1.jpeg 800w\" sizes=\"auto, (max-width: 300px) 100vw, 300px\" \/><\/p>\n<p>Queridos hermanos, les mencion\u00e9 las riquezas materiales que intereses prepotentes acaparan, incluso aqu\u00ed en su pa\u00eds. \u00a1Cu\u00e1nto sufrimiento, cu\u00e1ntas muertes, cu\u00e1ntas cat\u00e1strofes sociales y ambientales trae consigo esta l\u00f3gica extractiva! Ya vemos en todas las latitudes c\u00f3mo ella alimenta un modelo de desarrollo que discrimina y excluye, pero que aun as\u00ed pretende imponerse como el \u00fanico posible. El\u00a0<a href=\"https:\/\/www.vatican.va\/content\/paul-vi\/es.html\">Papa san Pablo VI<\/a>, interpretando con agudeza las preocupaciones del mundo juvenil, ya denunciaba hace sesenta a\u00f1os: \u00abun aspecto senil, definitivamente anacr\u00f3nico, de una civilizaci\u00f3n mercantil, hedonista, materialista, que intenta a\u00fan ofrecerse como portadora del futuro\u00bb. Y advert\u00eda: \u00abContra esa ilusi\u00f3n, la reacci\u00f3n instintiva de numerosos j\u00f3venes, reviste, dentro de sus mismos excesos, una cierta significaci\u00f3n. Esta generaci\u00f3n est\u00e1 esperando otra cosa\u00bb (<a href=\"https:\/\/www.vatican.va\/content\/paul-vi\/es\/apost_exhortations\/documents\/hf_p-vi_exh_19750509_gaudete-in-domino.html\">Exhort. ap.\u00a0<i>Gaudete in Domino<\/i><\/a>, VI, 59). Ustedes son testigos, gracias a la sabidur\u00eda ancestral que nutre sus pensamientos y sentimientos, de que la creaci\u00f3n es armon\u00eda en la riqueza de la diversidad. Su pueblo ha sufrido cada vez que esta armon\u00eda se ha visto quebrantada por la arrogancia de unos pocos. Llevan las cicatrices tanto de la explotaci\u00f3n material como del intento de imponer una idea sobre las ideas de otros. \u00c1frica necesita urgentemente superar las situaciones y los fen\u00f3menos de conflicto y enemistad que desgarran el tejido social y pol\u00edtico de muchos pa\u00edses, alimentando la pobreza y la exclusi\u00f3n. S\u00f3lo a trav\u00e9s del encuentro florece la vida. Primero est\u00e1 el di\u00e1logo. Aunque esto no excluya el desacuerdo, que puede convertirse en conflicto.<\/p>\n<p>Mi venerado predecesor, el\u00a0<a href=\"https:\/\/www.vatican.va\/content\/francesco\/es.html\">Papa Francisco<\/a>, nos ofreci\u00f3 una lectura inolvidable: \u00abAnte el conflicto, algunos simplemente lo miran y siguen adelante como si nada pasara, se lavan las manos para poder continuar con su vida. Otros entran de tal manera en el conflicto que quedan prisioneros, pierden horizontes, proyectan en las instituciones las propias confusiones e insatisfacciones y as\u00ed la unidad se vuelve imposible. Pero hay una tercera manera, la m\u00e1s adecuada, de situarse ante el conflicto. Es aceptar sufrir el conflicto, resolverlo y transformarlo en el eslab\u00f3n de un nuevo proceso. \u201c\u00a1Felices los que trabajan por la paz!\u201d (<i>Mt<\/i>\u00a05,9)\u00bb (<a href=\"https:\/\/www.vatican.va\/content\/francesco\/es\/apost_exhortations\/documents\/papa-francesco_esortazione-ap_20131124_evangelii-gaudium.html\">Exhort. ap.\u00a0<i>Evangelii gaudium<\/i><\/a>, 227). Angola puede crecer significativamente si, ante todo, ustedes, quienes ostentan el poder en el pa\u00eds, creen en su riqueza multifac\u00e9tica. No teman el desacuerdo, no apaguen las aspiraciones de los j\u00f3venes ni los sue\u00f1os de los ancianos, y sepan gestionar los conflictos, transform\u00e1ndolos en oportunidades de renovaci\u00f3n. Antepongan el bien com\u00fan al inter\u00e9s particular, sin confundir jam\u00e1s la parte de ustedes con el todo. La historia les dar\u00e1 la raz\u00f3n, incluso si algunos les son hostiles en el futuro inmediato.<\/p>\n<p>He hablado del gozo y de la esperanza que caracterizan su joven sociedad. Estos sentimientos suelen considerarse personales e \u00edntimos. Sin embargo, constituyen una fuerza intensa y expansiva que contrarresta cualquier resignaci\u00f3n o tentaci\u00f3n de replegarse. Los d\u00e9spotas y tiranos, tanto de cuerpo como de esp\u00edritu, buscan volver las almas pasivas y las pasiones tristes, propensas a la inercia, d\u00f3ciles y sumisas al poder. En la tristeza, estamos a merced de nuestros miedos y fantas\u00edas; nos refugiamos en el fanatismo, la sumisi\u00f3n, la manipulaci\u00f3n medi\u00e1tica, el espejismo del oro y el mito de la identidad. El descontento, la sensaci\u00f3n de impotencia y el desarraigo nos separan, en lugar de unirnos, propagando un clima de alienaci\u00f3n de los asuntos p\u00fablicos, desprecio por la desgracia ajena y negaci\u00f3n de toda fraternidad. Esta discordancia desintegra las relaciones fundamentales que cada uno de nosotros mantiene consigo mismo, con los dem\u00e1s y con la realidad. Como observ\u00f3 el\u00a0<a href=\"https:\/\/www.vatican.va\/content\/francesco\/es.html\">Papa Francisco<\/a>: \u00abLa mejor manera de dominar y de avanzar sin l\u00edmites es sembrar la desesperanza y suscitar la desconfianza constante, aun disfrazada detr\u00e1s de la defensa de algunos valores. Hoy en muchos pa\u00edses se utiliza el mecanismo pol\u00edtico de exasperar, exacerbar y polarizar\u00bb (<a href=\"https:\/\/www.vatican.va\/content\/francesco\/es\/encyclicals\/documents\/papa-francesco_20201003_enciclica-fratelli-tutti.html\">Carta enc.\u00a0<i>Fratelli tutti<\/i><\/a>, 15).<\/p>\n<p>La verdadera alegr\u00eda, que la fe reconoce como un don del Esp\u00edritu Santo, nos libera de esta alienaci\u00f3n. Y, como escribi\u00f3 san Pablo, \u00abel fruto del Esp\u00edritu es: amor, alegr\u00eda y paz\u00bb (<i>Ga\u00a0<\/i>5,22). La alegr\u00eda es, en efecto, lo que intensifica la vida y nos impulsa hacia el \u00e1mbito abierto de la sociabilidad: cada persona se regocija al potenciar sus habilidades relacionales, al darse cuenta de que contribuye al bien com\u00fan y al ser reconocida como \u00fanica y valiosa, en una comunidad de encuentros que multiplican y expanden el esp\u00edritu. El gozo puede abrir caminos incluso en los rincones m\u00e1s oscuros del estancamiento y la angustia. Examinemos, pues, nuestros corazones, queridos hermanos y hermanas, porque sin alegr\u00eda no hay renovaci\u00f3n; sin interioridad no hay liberaci\u00f3n; sin encuentro no hay pol\u00edtica; sin el otro no hay justicia.<\/p>\n<p>Juntos, pueden hacer de Angola un proyecto de esperanza. La Iglesia cat\u00f3lica, cuyo servicio al pa\u00eds ustedes aprecian, desea ser la levadura en la masa y fomentar el crecimiento de un modelo justo de convivencia, libre de la esclavitud impuesta por \u00e9lites con riquezas desmedidas y falsas alegr\u00edas. S\u00f3lo juntos podremos multiplicar los talentos de este maravilloso pueblo, incluso en las periferias urbanas y las regiones rurales m\u00e1s remotas, donde palpita su vida y se forja su futuro. Eliminemos los obst\u00e1culos al desarrollo humano integral, luchando y esperando junto a aquellos a quienes el mundo ha descartado, pero que Dios ha elegido. As\u00ed, en efecto, naci\u00f3 nuestra esperanza: \u00abLa piedra que desecharon los constructores es ahora la piedra angular\u00bb (<i>Sal<\/i>\u00a0118,22), Jesucristo, la plenitud del hombre y de la historia.<\/p>\n<p>\u00a1Qu\u00e9 Dios bendiga Angola!<br \/>\nGracias.<\/p>\n<\/div>\n<\/div>\n","protected":false},"excerpt":{"rendered":"<p>Viaje apost\u00f3lico a Angola: Encuentro con las autoridades, la sociedad civil y el cuerpo diplom\u00e1tico<\/p>\n","protected":false},"author":15,"featured_media":166841,"comment_status":"closed","ping_status":"closed","sticky":false,"template":"","format":"standard","meta":{"_acf_changed":false,"_crdt_document":"","inline_featured_image":false,"footnotes":""},"categories":[68,120],"tags":[107218,108927,58067,108928,58880,108926],"class_list":["post-166790","post","type-post","status-publish","format-standard","has-post-thumbnail","hentry","category-leon-xiv","category-viajes","tag-africa-2026","tag-autoridades-de-angola","tag-leon-xiv","tag-sociedad-civil-y-a-los-miembros-del-cuerpo-diplomatico","tag-trending-es-151","tag-viaje-apostolico-a-angola"],"acf":[],"yoast_head":"<!-- This site is optimized with the Yoast SEO plugin v27.4 - https:\/\/yoast.com\/product\/yoast-seo-wordpress\/ -->\n<title>El Papa en Angola describi\u00f3 el continente como \u00abuna reserva de alegr\u00eda y esperanza\u00bb para el mundo &#8211; Exaudi<\/title>\n<meta name=\"robots\" content=\"index, follow, max-snippet:-1, max-image-preview:large, max-video-preview:-1\" \/>\n<link rel=\"canonical\" href=\"https:\/\/exaudi.org\/es\/el-papa-en-angola-describio-el-continente-como-una-reserva-de-alegria-y-esperanza-para-el-mundo\/\" \/>\n<meta property=\"og:locale\" content=\"es_ES\" \/>\n<meta property=\"og:type\" content=\"article\" \/>\n<meta property=\"og:title\" content=\"El Papa en Angola describi\u00f3 el continente como \u00abuna reserva de alegr\u00eda y esperanza\u00bb para el mundo &#8211; Exaudi\" \/>\n<meta property=\"og:description\" content=\"Viaje apost\u00f3lico a Angola: Encuentro con las autoridades, la sociedad civil y el cuerpo diplom\u00e1tico\" \/>\n<meta property=\"og:url\" content=\"https:\/\/exaudi.org\/es\/el-papa-en-angola-describio-el-continente-como-una-reserva-de-alegria-y-esperanza-para-el-mundo\/\" \/>\n<meta property=\"og:site_name\" content=\"Exaudi\" \/>\n<meta property=\"article:publisher\" content=\"https:\/\/www.facebook.com\/ExaudiNews\" \/>\n<meta property=\"article:author\" content=\"https:\/\/www.facebook.com\/ExaudiNoticias\/\" \/>\n<meta property=\"article:published_time\" content=\"2026-04-18T18:02:36+00:00\" \/>\n<meta property=\"article:modified_time\" content=\"2026-04-19T08:17:35+00:00\" \/>\n<meta property=\"og:image\" content=\"https:\/\/exaudi.org\/wp-content\/uploads\/2026\/04\/cq5dam.web_.800.800-11.jpeg\" \/>\n\t<meta property=\"og:image:width\" content=\"800\" \/>\n\t<meta property=\"og:image:height\" content=\"533\" \/>\n\t<meta property=\"og:image:type\" content=\"image\/jpeg\" \/>\n<meta name=\"author\" content=\"Exaudi Redacci\u00f3n\" \/>\n<meta name=\"twitter:card\" content=\"summary_large_image\" \/>\n<meta name=\"twitter:creator\" content=\"@Exaudi_noticias\" \/>\n<meta name=\"twitter:site\" content=\"@Exaudi_News\" \/>\n<meta name=\"twitter:label1\" content=\"Escrito por\" \/>\n\t<meta name=\"twitter:data1\" content=\"Exaudi Redacci\u00f3n\" \/>\n\t<meta name=\"twitter:label2\" content=\"Tiempo de lectura\" \/>\n\t<meta name=\"twitter:data2\" content=\"7 minutos\" \/>\n<script type=\"application\/ld+json\" class=\"yoast-schema-graph\">{\"@context\":\"https:\\\/\\\/schema.org\",\"@graph\":[{\"@type\":\"Article\",\"@id\":\"https:\\\/\\\/exaudi.org\\\/es\\\/el-papa-en-angola-describio-el-continente-como-una-reserva-de-alegria-y-esperanza-para-el-mundo\\\/#article\",\"isPartOf\":{\"@id\":\"https:\\\/\\\/exaudi.org\\\/es\\\/el-papa-en-angola-describio-el-continente-como-una-reserva-de-alegria-y-esperanza-para-el-mundo\\\/\"},\"author\":{\"name\":\"Exaudi Redacci\u00f3n\",\"@id\":\"https:\\\/\\\/exaudi.org\\\/#\\\/schema\\\/person\\\/f5fc8f063065e38742da7afe15f25df7\"},\"headline\":\"El Papa en Angola describi\u00f3 el continente como \u00abuna reserva de alegr\u00eda y esperanza\u00bb para el mundo\",\"datePublished\":\"2026-04-18T18:02:36+00:00\",\"dateModified\":\"2026-04-19T08:17:35+00:00\",\"mainEntityOfPage\":{\"@id\":\"https:\\\/\\\/exaudi.org\\\/es\\\/el-papa-en-angola-describio-el-continente-como-una-reserva-de-alegria-y-esperanza-para-el-mundo\\\/\"},\"wordCount\":1483,\"image\":{\"@id\":\"https:\\\/\\\/exaudi.org\\\/es\\\/el-papa-en-angola-describio-el-continente-como-una-reserva-de-alegria-y-esperanza-para-el-mundo\\\/#primaryimage\"},\"thumbnailUrl\":\"https:\\\/\\\/exaudi.org\\\/wp-content\\\/uploads\\\/2026\\\/04\\\/cq5dam.web_.800.800-11.jpeg\",\"keywords\":[\"\u00c1frica 2026\",\"autoridades de Angola\",\"Le\u00f3n XIV\",\"sociedad civil y a los miembros del cuerpo diplom\u00e1tico\",\"Trending\",\"Viaje Apost\u00f3lico a Angola\"],\"articleSection\":[\"Le\u00f3n XIV\",\"Viajes\"],\"inLanguage\":\"es\"},{\"@type\":\"WebPage\",\"@id\":\"https:\\\/\\\/exaudi.org\\\/es\\\/el-papa-en-angola-describio-el-continente-como-una-reserva-de-alegria-y-esperanza-para-el-mundo\\\/\",\"url\":\"https:\\\/\\\/exaudi.org\\\/es\\\/el-papa-en-angola-describio-el-continente-como-una-reserva-de-alegria-y-esperanza-para-el-mundo\\\/\",\"name\":\"El Papa en Angola describi\u00f3 el continente como \u00abuna reserva de alegr\u00eda y esperanza\u00bb para el mundo &#8211; Exaudi\",\"isPartOf\":{\"@id\":\"https:\\\/\\\/exaudi.org\\\/#website\"},\"primaryImageOfPage\":{\"@id\":\"https:\\\/\\\/exaudi.org\\\/es\\\/el-papa-en-angola-describio-el-continente-como-una-reserva-de-alegria-y-esperanza-para-el-mundo\\\/#primaryimage\"},\"image\":{\"@id\":\"https:\\\/\\\/exaudi.org\\\/es\\\/el-papa-en-angola-describio-el-continente-como-una-reserva-de-alegria-y-esperanza-para-el-mundo\\\/#primaryimage\"},\"thumbnailUrl\":\"https:\\\/\\\/exaudi.org\\\/wp-content\\\/uploads\\\/2026\\\/04\\\/cq5dam.web_.800.800-11.jpeg\",\"datePublished\":\"2026-04-18T18:02:36+00:00\",\"dateModified\":\"2026-04-19T08:17:35+00:00\",\"author\":{\"@id\":\"https:\\\/\\\/exaudi.org\\\/#\\\/schema\\\/person\\\/f5fc8f063065e38742da7afe15f25df7\"},\"breadcrumb\":{\"@id\":\"https:\\\/\\\/exaudi.org\\\/es\\\/el-papa-en-angola-describio-el-continente-como-una-reserva-de-alegria-y-esperanza-para-el-mundo\\\/#breadcrumb\"},\"inLanguage\":\"es\",\"potentialAction\":[{\"@type\":\"ReadAction\",\"target\":[\"https:\\\/\\\/exaudi.org\\\/es\\\/el-papa-en-angola-describio-el-continente-como-una-reserva-de-alegria-y-esperanza-para-el-mundo\\\/\"]}]},{\"@type\":\"ImageObject\",\"inLanguage\":\"es\",\"@id\":\"https:\\\/\\\/exaudi.org\\\/es\\\/el-papa-en-angola-describio-el-continente-como-una-reserva-de-alegria-y-esperanza-para-el-mundo\\\/#primaryimage\",\"url\":\"https:\\\/\\\/exaudi.org\\\/wp-content\\\/uploads\\\/2026\\\/04\\\/cq5dam.web_.800.800-11.jpeg\",\"contentUrl\":\"https:\\\/\\\/exaudi.org\\\/wp-content\\\/uploads\\\/2026\\\/04\\\/cq5dam.web_.800.800-11.jpeg\",\"width\":800,\"height\":533},{\"@type\":\"BreadcrumbList\",\"@id\":\"https:\\\/\\\/exaudi.org\\\/es\\\/el-papa-en-angola-describio-el-continente-como-una-reserva-de-alegria-y-esperanza-para-el-mundo\\\/#breadcrumb\",\"itemListElement\":[{\"@type\":\"ListItem\",\"position\":1,\"name\":\"Portada\",\"item\":\"https:\\\/\\\/exaudi.org\\\/es\\\/\"},{\"@type\":\"ListItem\",\"position\":2,\"name\":\"El Papa en Angola describi\u00f3 el continente como \u00abuna reserva de alegr\u00eda y esperanza\u00bb para el mundo\"}]},{\"@type\":\"WebSite\",\"@id\":\"https:\\\/\\\/exaudi.org\\\/#website\",\"url\":\"https:\\\/\\\/exaudi.org\\\/\",\"name\":\"Exaudi\",\"description\":\"News\",\"potentialAction\":[{\"@type\":\"SearchAction\",\"target\":{\"@type\":\"EntryPoint\",\"urlTemplate\":\"https:\\\/\\\/exaudi.org\\\/?s={search_term_string}\"},\"query-input\":{\"@type\":\"PropertyValueSpecification\",\"valueRequired\":true,\"valueName\":\"search_term_string\"}}],\"inLanguage\":\"es\"},{\"@type\":\"Person\",\"@id\":\"https:\\\/\\\/exaudi.org\\\/#\\\/schema\\\/person\\\/f5fc8f063065e38742da7afe15f25df7\",\"name\":\"Exaudi Redacci\u00f3n\",\"image\":{\"@type\":\"ImageObject\",\"inLanguage\":\"es\",\"@id\":\"https:\\\/\\\/secure.gravatar.com\\\/avatar\\\/fe0f6a059fb68d9b3e11bc5850dd4899b1c7492091a3cb6dd9b01b56ad828be2?s=96&d=mm&r=g\",\"url\":\"https:\\\/\\\/secure.gravatar.com\\\/avatar\\\/fe0f6a059fb68d9b3e11bc5850dd4899b1c7492091a3cb6dd9b01b56ad828be2?s=96&d=mm&r=g\",\"contentUrl\":\"https:\\\/\\\/secure.gravatar.com\\\/avatar\\\/fe0f6a059fb68d9b3e11bc5850dd4899b1c7492091a3cb6dd9b01b56ad828be2?s=96&d=mm&r=g\",\"caption\":\"Exaudi Redacci\u00f3n\"},\"description\":\"\u00bfQu\u00e9 es Exaudi News? Exaudi News es un medio de comunicaci\u00f3n cat\u00f3lico internacional que informa, forma y transforma, diariamente en espa\u00f1ol, ingl\u00e9s e italiano. A trav\u00e9s de noticias, art\u00edculos de an\u00e1lisis y transmisiones en directo de los eventos del Papa, Exaudi busca fortalecer la unidad de los cristianos y contribuir a la evangelizaci\u00f3n del mundo, siempre guiados por la doctrina social de la Iglesia. Trabajamos para acercar la verdad y los valores cristianos a cada rinc\u00f3n del planeta. \u00a1Ay\u00fadanos a transformar el mundo con Exaudi! En Exaudi creemos que la evangelizaci\u00f3n y la informaci\u00f3n de calidad pueden cambiar vidas. Para continuar con nuestra misi\u00f3n y expandir nuestro alcance, necesitamos tu ayuda. Adem\u00e1s, buscamos personas comprometidas que deseen unirse a nuestro equipo. Con tu apoyo, lograremos llegar a m\u00e1s personas, difundir el mensaje de Cristo y reforzar la unidad de los cristianos. \u00bfTe unes a nuestra misi\u00f3n? Para m\u00e1s informaci\u00f3n sobre c\u00f3mo colaborar, visita Exaudi.org\\\/es o cont\u00e1ctanos directamente: info@exaudi.org Exaudi: Informa, forma y transforma.\",\"sameAs\":[\"https:\\\/\\\/www.facebook.com\\\/ExaudiNoticias\\\/\",\"https:\\\/\\\/www.instagram.com\\\/exaudi_noticias\\\/\",\"https:\\\/\\\/x.com\\\/Exaudi_noticias\",\"https:\\\/\\\/www.youtube.com\\\/@exaudicatholicnews\"],\"url\":\"https:\\\/\\\/exaudi.org\\\/es\\\/author\\\/redaccionexaudi\\\/\"}]}<\/script>\n<!-- \/ Yoast SEO plugin. -->","yoast_head_json":{"title":"El Papa en Angola describi\u00f3 el continente como \u00abuna reserva de alegr\u00eda y esperanza\u00bb para el mundo &#8211; Exaudi","robots":{"index":"index","follow":"follow","max-snippet":"max-snippet:-1","max-image-preview":"max-image-preview:large","max-video-preview":"max-video-preview:-1"},"canonical":"https:\/\/exaudi.org\/es\/el-papa-en-angola-describio-el-continente-como-una-reserva-de-alegria-y-esperanza-para-el-mundo\/","og_locale":"es_ES","og_type":"article","og_title":"El Papa en Angola describi\u00f3 el continente como \u00abuna reserva de alegr\u00eda y esperanza\u00bb para el mundo &#8211; Exaudi","og_description":"Viaje apost\u00f3lico a Angola: Encuentro con las autoridades, la sociedad civil y el cuerpo diplom\u00e1tico","og_url":"https:\/\/exaudi.org\/es\/el-papa-en-angola-describio-el-continente-como-una-reserva-de-alegria-y-esperanza-para-el-mundo\/","og_site_name":"Exaudi","article_publisher":"https:\/\/www.facebook.com\/ExaudiNews","article_author":"https:\/\/www.facebook.com\/ExaudiNoticias\/","article_published_time":"2026-04-18T18:02:36+00:00","article_modified_time":"2026-04-19T08:17:35+00:00","og_image":[{"width":800,"height":533,"url":"https:\/\/exaudi.org\/wp-content\/uploads\/2026\/04\/cq5dam.web_.800.800-11.jpeg","type":"image\/jpeg"}],"author":"Exaudi Redacci\u00f3n","twitter_card":"summary_large_image","twitter_creator":"@Exaudi_noticias","twitter_site":"@Exaudi_News","twitter_misc":{"Escrito por":"Exaudi Redacci\u00f3n","Tiempo de lectura":"7 minutos"},"schema":{"@context":"https:\/\/schema.org","@graph":[{"@type":"Article","@id":"https:\/\/exaudi.org\/es\/el-papa-en-angola-describio-el-continente-como-una-reserva-de-alegria-y-esperanza-para-el-mundo\/#article","isPartOf":{"@id":"https:\/\/exaudi.org\/es\/el-papa-en-angola-describio-el-continente-como-una-reserva-de-alegria-y-esperanza-para-el-mundo\/"},"author":{"name":"Exaudi Redacci\u00f3n","@id":"https:\/\/exaudi.org\/#\/schema\/person\/f5fc8f063065e38742da7afe15f25df7"},"headline":"El Papa en Angola describi\u00f3 el continente como \u00abuna reserva de alegr\u00eda y esperanza\u00bb para el mundo","datePublished":"2026-04-18T18:02:36+00:00","dateModified":"2026-04-19T08:17:35+00:00","mainEntityOfPage":{"@id":"https:\/\/exaudi.org\/es\/el-papa-en-angola-describio-el-continente-como-una-reserva-de-alegria-y-esperanza-para-el-mundo\/"},"wordCount":1483,"image":{"@id":"https:\/\/exaudi.org\/es\/el-papa-en-angola-describio-el-continente-como-una-reserva-de-alegria-y-esperanza-para-el-mundo\/#primaryimage"},"thumbnailUrl":"https:\/\/exaudi.org\/wp-content\/uploads\/2026\/04\/cq5dam.web_.800.800-11.jpeg","keywords":["\u00c1frica 2026","autoridades de Angola","Le\u00f3n XIV","sociedad civil y a los miembros del cuerpo diplom\u00e1tico","Trending","Viaje Apost\u00f3lico a Angola"],"articleSection":["Le\u00f3n XIV","Viajes"],"inLanguage":"es"},{"@type":"WebPage","@id":"https:\/\/exaudi.org\/es\/el-papa-en-angola-describio-el-continente-como-una-reserva-de-alegria-y-esperanza-para-el-mundo\/","url":"https:\/\/exaudi.org\/es\/el-papa-en-angola-describio-el-continente-como-una-reserva-de-alegria-y-esperanza-para-el-mundo\/","name":"El Papa en Angola describi\u00f3 el continente como \u00abuna reserva de alegr\u00eda y esperanza\u00bb para el mundo &#8211; Exaudi","isPartOf":{"@id":"https:\/\/exaudi.org\/#website"},"primaryImageOfPage":{"@id":"https:\/\/exaudi.org\/es\/el-papa-en-angola-describio-el-continente-como-una-reserva-de-alegria-y-esperanza-para-el-mundo\/#primaryimage"},"image":{"@id":"https:\/\/exaudi.org\/es\/el-papa-en-angola-describio-el-continente-como-una-reserva-de-alegria-y-esperanza-para-el-mundo\/#primaryimage"},"thumbnailUrl":"https:\/\/exaudi.org\/wp-content\/uploads\/2026\/04\/cq5dam.web_.800.800-11.jpeg","datePublished":"2026-04-18T18:02:36+00:00","dateModified":"2026-04-19T08:17:35+00:00","author":{"@id":"https:\/\/exaudi.org\/#\/schema\/person\/f5fc8f063065e38742da7afe15f25df7"},"breadcrumb":{"@id":"https:\/\/exaudi.org\/es\/el-papa-en-angola-describio-el-continente-como-una-reserva-de-alegria-y-esperanza-para-el-mundo\/#breadcrumb"},"inLanguage":"es","potentialAction":[{"@type":"ReadAction","target":["https:\/\/exaudi.org\/es\/el-papa-en-angola-describio-el-continente-como-una-reserva-de-alegria-y-esperanza-para-el-mundo\/"]}]},{"@type":"ImageObject","inLanguage":"es","@id":"https:\/\/exaudi.org\/es\/el-papa-en-angola-describio-el-continente-como-una-reserva-de-alegria-y-esperanza-para-el-mundo\/#primaryimage","url":"https:\/\/exaudi.org\/wp-content\/uploads\/2026\/04\/cq5dam.web_.800.800-11.jpeg","contentUrl":"https:\/\/exaudi.org\/wp-content\/uploads\/2026\/04\/cq5dam.web_.800.800-11.jpeg","width":800,"height":533},{"@type":"BreadcrumbList","@id":"https:\/\/exaudi.org\/es\/el-papa-en-angola-describio-el-continente-como-una-reserva-de-alegria-y-esperanza-para-el-mundo\/#breadcrumb","itemListElement":[{"@type":"ListItem","position":1,"name":"Portada","item":"https:\/\/exaudi.org\/es\/"},{"@type":"ListItem","position":2,"name":"El Papa en Angola describi\u00f3 el continente como \u00abuna reserva de alegr\u00eda y esperanza\u00bb para el mundo"}]},{"@type":"WebSite","@id":"https:\/\/exaudi.org\/#website","url":"https:\/\/exaudi.org\/","name":"Exaudi","description":"News","potentialAction":[{"@type":"SearchAction","target":{"@type":"EntryPoint","urlTemplate":"https:\/\/exaudi.org\/?s={search_term_string}"},"query-input":{"@type":"PropertyValueSpecification","valueRequired":true,"valueName":"search_term_string"}}],"inLanguage":"es"},{"@type":"Person","@id":"https:\/\/exaudi.org\/#\/schema\/person\/f5fc8f063065e38742da7afe15f25df7","name":"Exaudi Redacci\u00f3n","image":{"@type":"ImageObject","inLanguage":"es","@id":"https:\/\/secure.gravatar.com\/avatar\/fe0f6a059fb68d9b3e11bc5850dd4899b1c7492091a3cb6dd9b01b56ad828be2?s=96&d=mm&r=g","url":"https:\/\/secure.gravatar.com\/avatar\/fe0f6a059fb68d9b3e11bc5850dd4899b1c7492091a3cb6dd9b01b56ad828be2?s=96&d=mm&r=g","contentUrl":"https:\/\/secure.gravatar.com\/avatar\/fe0f6a059fb68d9b3e11bc5850dd4899b1c7492091a3cb6dd9b01b56ad828be2?s=96&d=mm&r=g","caption":"Exaudi Redacci\u00f3n"},"description":"\u00bfQu\u00e9 es Exaudi News? Exaudi News es un medio de comunicaci\u00f3n cat\u00f3lico internacional que informa, forma y transforma, diariamente en espa\u00f1ol, ingl\u00e9s e italiano. A trav\u00e9s de noticias, art\u00edculos de an\u00e1lisis y transmisiones en directo de los eventos del Papa, Exaudi busca fortalecer la unidad de los cristianos y contribuir a la evangelizaci\u00f3n del mundo, siempre guiados por la doctrina social de la Iglesia. Trabajamos para acercar la verdad y los valores cristianos a cada rinc\u00f3n del planeta. \u00a1Ay\u00fadanos a transformar el mundo con Exaudi! En Exaudi creemos que la evangelizaci\u00f3n y la informaci\u00f3n de calidad pueden cambiar vidas. Para continuar con nuestra misi\u00f3n y expandir nuestro alcance, necesitamos tu ayuda. Adem\u00e1s, buscamos personas comprometidas que deseen unirse a nuestro equipo. Con tu apoyo, lograremos llegar a m\u00e1s personas, difundir el mensaje de Cristo y reforzar la unidad de los cristianos. \u00bfTe unes a nuestra misi\u00f3n? Para m\u00e1s informaci\u00f3n sobre c\u00f3mo colaborar, visita Exaudi.org\/es o cont\u00e1ctanos directamente: info@exaudi.org Exaudi: Informa, forma y transforma.","sameAs":["https:\/\/www.facebook.com\/ExaudiNoticias\/","https:\/\/www.instagram.com\/exaudi_noticias\/","https:\/\/x.com\/Exaudi_noticias","https:\/\/www.youtube.com\/@exaudicatholicnews"],"url":"https:\/\/exaudi.org\/es\/author\/redaccionexaudi\/"}]}},"jetpack_featured_media_url":"https:\/\/exaudi.org\/wp-content\/uploads\/2026\/04\/cq5dam.web_.800.800-11.jpeg","jetpack_shortlink":"https:\/\/wp.me\/pgKjF2-Hoa","_links":{"self":[{"href":"https:\/\/exaudi.org\/es\/wp-json\/wp\/v2\/posts\/166790","targetHints":{"allow":["GET"]}}],"collection":[{"href":"https:\/\/exaudi.org\/es\/wp-json\/wp\/v2\/posts"}],"about":[{"href":"https:\/\/exaudi.org\/es\/wp-json\/wp\/v2\/types\/post"}],"author":[{"embeddable":true,"href":"https:\/\/exaudi.org\/es\/wp-json\/wp\/v2\/users\/15"}],"replies":[{"embeddable":true,"href":"https:\/\/exaudi.org\/es\/wp-json\/wp\/v2\/comments?post=166790"}],"version-history":[{"count":6,"href":"https:\/\/exaudi.org\/es\/wp-json\/wp\/v2\/posts\/166790\/revisions"}],"predecessor-version":[{"id":166881,"href":"https:\/\/exaudi.org\/es\/wp-json\/wp\/v2\/posts\/166790\/revisions\/166881"}],"wp:featuredmedia":[{"embeddable":true,"href":"https:\/\/exaudi.org\/es\/wp-json\/wp\/v2\/media\/166841"}],"wp:attachment":[{"href":"https:\/\/exaudi.org\/es\/wp-json\/wp\/v2\/media?parent=166790"}],"wp:term":[{"taxonomy":"category","embeddable":true,"href":"https:\/\/exaudi.org\/es\/wp-json\/wp\/v2\/categories?post=166790"},{"taxonomy":"post_tag","embeddable":true,"href":"https:\/\/exaudi.org\/es\/wp-json\/wp\/v2\/tags?post=166790"}],"curies":[{"name":"wp","href":"https:\/\/api.w.org\/{rel}","templated":true}]}}