{"id":166749,"date":"2026-04-18T12:34:11","date_gmt":"2026-04-18T10:34:11","guid":{"rendered":"https:\/\/exaudi.org\/?p=166749"},"modified":"2026-04-19T10:17:16","modified_gmt":"2026-04-19T08:17:16","slug":"el-papa-pueblo-de-dios-que-vives-y-caminas-en-camerun-no-temas-con-la-fuerza-del-espiritu-seras-sal-y-luz-de-esta-tierra","status":"publish","type":"post","link":"https:\/\/exaudi.org\/es\/el-papa-pueblo-de-dios-que-vives-y-caminas-en-camerun-no-temas-con-la-fuerza-del-espiritu-seras-sal-y-luz-de-esta-tierra\/","title":{"rendered":"El Papa: Pueblo de Dios que vives y caminas en Camer\u00fan, \u00a1no temas! \u00a1Con la fuerza del Esp\u00edritu, ser\u00e1s sal y luz de esta tierra!"},"content":{"rendered":"<p>Tras despedirse de la Nunciatura Apost\u00f3lica, a las 08:00 hora local, el Santo Padre se dirigi\u00f3 en coche al aeropuerto de Yaund\u00e9-Ville para la Santa Misa votiva a la Virgen Mar\u00eda, Reina de los Ap\u00f3stoles.<\/p>\n<p>A las 09:30 hora local, tras dar una vuelta en el papam\u00f3vil entre los fieles, el Papa presidi\u00f3 la celebraci\u00f3n eucar\u00edstica.<\/p>\n<p>Tras los ritos de introducci\u00f3n y la Liturgia de la Palabra, el Santo Padre pronunci\u00f3 la homil\u00eda.<\/p>\n<p>Al t\u00e9rmino de la Santa Misa, el arzobispo de Yaund\u00e9, S. E. monse\u00f1or Jean Mbarga, dirigi\u00f3 al Santo Padre unas palabras de agradecimiento.<\/p>\n<p>Al t\u00e9rmino de la celebraci\u00f3n eucar\u00edstica, Le\u00f3n XIV pronunci\u00f3 unas palabras de agradecimiento.<\/p>\n<p>El Papa regres\u00f3 a la sacrist\u00eda y, posteriormente, se traslad\u00f3 en coche al Aeropuerto Internacional de Yaund\u00e9-Nsimalen para la ceremonia de despedida de Camer\u00fan.<\/p>\n<p>En su homil\u00eda, el Santo Padre dijo que \u201cla Iglesia ha experimentado tantas veces, en su traves\u00eda a lo largo de los siglos, tormentas y \u2018vientos contrarios\u2019\u201d, pero \u201cJes\u00fas est\u00e1 con nosotros, siempre, y m\u00e1s fuerte que cualquier poder del mal\u201d.<\/p>\n<p>A continuaci\u00f3n publicamos la homil\u00eda que el Papa Le\u00f3n XIV pronunci\u00f3 durante la celebraci\u00f3n:<\/p>\n<p>***<\/p>\n<h3><strong>Homil\u00eda del Papa<\/strong><\/h3>\n<p><i>Queridos hermanos y hermanas:<\/i><\/p>\n<p>\u00a1La paz est\u00e9 con ustedes! La paz de Cristo, cuya presencia ilumina nuestro camino y calma las tormentas de la vida.<\/p>\n<p>Celebramos esta Santa Misa al finalizar mi visita a Camer\u00fan, y les estoy muy agradecido por la bienvenida que me han brindado, por los momentos de alegr\u00eda y fe que hemos vivido juntos.<\/p>\n<p>Como hemos escuchado en el Evangelio, la fe no nos libra del desasosiego y las tribulaciones, y en algunos momentos puede parecer que el miedo nos venza. Sin embargo, nosotros sabemos que incluso en esos momentos, tal como les sucedi\u00f3 a los disc\u00edpulos en el mar de Galilea, Jes\u00fas no nos abandona.<\/p>\n<p>Tres evangelistas relatan, cada uno a su manera, el episodio que hemos escuchado, con un mensaje diferente seg\u00fan los lectores a los que se dirigen. San Marcos (cf. 6,45-52) presenta al Se\u00f1or que alcanza a los disc\u00edpulos mientras estos reman con dificultad debido al viento en contra, el cual, sin embargo, se calma tan pronto como \u00c9l sube con ellos a la barca. San Mateo (cf. 14,22-33) a\u00f1ade un detalle: Pedro quiere ir hacia el Maestro caminando sobre las olas. Sin embargo, una vez que baja de la barca, se deja vencer por el miedo y comienza a hundirse. Cristo lo toma de la mano, lo salva y lo reprende por su incredulidad.<\/p>\n<p>En la versi\u00f3n de san Juan que se ha proclamado hoy (cf.\u00a0<i>Jn\u00a0<\/i>6,16-21), el Salvador, caminando sobre las aguas, se acerca a los disc\u00edpulos y les dice: \u00abSoy yo, no teman\u00bb (v. 20), y el evangelista subraya que \u00abya era de noche\u00bb (v. 17). Para la tradici\u00f3n jud\u00eda, las \u201caguas\u201d, a causa de su profundidad y su misterio, aluden a menudo al mundo de los infiernos, al caos, al peligro, a la muerte. Evocan, junto con las tinieblas, las fuerzas del mal, que el hombre por s\u00ed solo no puede dominar. Al mismo tiempo, sin embargo, en el recuerdo de los prodigios del \u00c9xodo, tambi\u00e9n se perciben como un lugar de paso, un cruce a trav\u00e9s del cual Dios, con poder, libera a su pueblo de la esclavitud.<\/p>\n<p>La Iglesia ha experimentado tantas veces, en su traves\u00eda a lo largo de los siglos, tormentas y \u201cvientos contrarios\u201d, y tambi\u00e9n nosotros podemos identificarnos con los sentimientos de miedo y duda que tuvieron los disc\u00edpulos durante el viaje en el lago de Tiber\u00edades. Es lo que advertimos en los momentos en que parece que nos hundimos, abrumados por fuerzas adversas, cuando todo se ve oscuro y nos sentimos solos y fr\u00e1giles. Pero no es as\u00ed. Jes\u00fas est\u00e1 con nosotros, siempre, y m\u00e1s fuerte que cualquier poder del mal; en cada tormenta nos alcanza y nos repite: \u201cYo estoy aqu\u00ed contigo, no tengas miedo\u201d. Por eso nos levantamos de cada ca\u00edda y no dejamos que ninguna tormenta nos detenga, sino que proseguimos, siempre con valent\u00eda y confianza. Y es gracias a \u00c9l que, como dec\u00eda el\u00a0<a href=\"https:\/\/www.vatican.va\/content\/francesco\/es.html\">Papa Francisco<\/a>, tantos \u00abhombres y mujeres [\u2026] que honran a nuestro pueblo, honran a nuestra Iglesia, porque son fuertes: fuertes al llevar adelante su vida, su familia, su trabajo, su fe\u00bb (<i><a href=\"https:\/\/www.vatican.va\/content\/francesco\/es\/audiences\/2014\/documents\/papa-francesco_20140514_udienza-generale.html\">Catequesis, 14 mayo 2014<\/a><\/i>).<\/p>\n<p>Jes\u00fas se acerca a nosotros: no calma inmediatamente las tormentas, pero viene a nuestro encuentro en medio de los peligros y nos invita tambi\u00e9n a permanecer juntos y solidarios en la misma barca, como los disc\u00edpulos, en las alegr\u00edas y en los dolores; a no mirar desde lejos a quienes sufren, sino a acercarnos a ellos, a unirnos unos a otros. Nunca hay que dejar a nadie solo frente a las adversidades de la vida; para ello cada comunidad tiene el deber de crear y sostener estructuras de solidaridad y ayuda mutua en las que, ante las crisis \u2014sean sociales, pol\u00edticas, sanitarias o econ\u00f3micas\u2014, todos puedan dar y recibir ayuda, seg\u00fan sus capacidades y necesidades. Las palabras de Jes\u00fas, \u201csoy yo\u201d, nos recuerdan que, en una sociedad basada en el respeto a la dignidad de la persona, la aportaci\u00f3n de todos es importante y tiene un valor \u00fanico, independientemente del estatus o la posici\u00f3n de cada uno a los ojos del mundo.<\/p>\n<p>La exhortaci\u00f3n \u00abno teman\u00bb adquiere, entonces, una dimensi\u00f3n amplia, incluso a nivel social y pol\u00edtico, como est\u00edmulo para afrontar juntos los problemas y los desaf\u00edos \u2014especialmente los relacionados con la pobreza y la justicia\u2014, con sentido c\u00edvico y responsabilidad civil. La fe no separa la vida espiritual de la social; al contrario, da al cristiano la fuerza para interactuar con el mundo, a fin de responder a las necesidades de los dem\u00e1s, especialmente de los m\u00e1s d\u00e9biles. Los esfuerzos individuales y aislados de cada persona no son suficientes para salvar a una comunidad; se necesita una decisi\u00f3n com\u00fan, que integre la dimensi\u00f3n espiritual y \u00e9tica del Evangelio en el coraz\u00f3n de las instituciones y las estructuras, convirti\u00e9ndolas en instrumentos para el bien com\u00fan, y no en lugares de conflicto, de inter\u00e9s o en escenario de luchas est\u00e9riles.<\/p>\n<p>Nos lo cuenta la primera lectura (cf.\u00a0<i>Hch\u00a0<\/i>6,1-7), donde vemos c\u00f3mo la Iglesia afronta su primera crisis de crecimiento. El r\u00e1pido aumento del n\u00famero de disc\u00edpulos (v. 1) plantea nuevos retos para la comunidad en el ejercicio de la caridad, de los cuales los ap\u00f3stoles ya no pueden ocuparse por s\u00ed solos. Hay personas que quedan desatendidas en la distribuci\u00f3n de los alimentos, por lo que crecen las quejas y una sensaci\u00f3n de injusticia amenaza la unidad. El servicio diario a los pobres era una pr\u00e1ctica esencial en la Iglesia primitiva, y ten\u00eda como objetivo socorrer a los m\u00e1s vulnerables, en particular a los hu\u00e9rfanos y las viudas. Sin embargo, hab\u00eda que conciliarlo con las necesidades del anuncio y la ense\u00f1anza, que tambi\u00e9n eran apremiantes, y la soluci\u00f3n no era sencilla. Es entonces que los ap\u00f3stoles se reunieron, compartieron sus preocupaciones, reflexionaron a la luz de las ense\u00f1anzas de Jes\u00fas y oraron juntos, logrando salvar obst\u00e1culos e incomprensiones que a primera vista parec\u00edan insuperables. As\u00ed dieron origen a algo nuevo, eligiendo hombres \u00abde buena fama, llenos del Esp\u00edritu Santo y de sabidur\u00eda\u00bb (v. 3), y asign\u00e1ndoles, mediante la imposici\u00f3n de manos, un servicio pr\u00e1ctico que era tambi\u00e9n una misi\u00f3n espiritual. Al escuchar la voz del Esp\u00edritu Santo y estar atentos a los clamores de los que sufren, no s\u00f3lo evitaron divisiones internas en la comunidad, sino que, por inspiraci\u00f3n divina, la dotaron de herramientas nuevas y adecuadas para su crecimiento, transformando un momento de crisis en una oportunidad de enriquecimiento y desarrollo para todos.<\/p>\n<p>A veces, la vida de una familia y de una sociedad tambi\u00e9n exige esto: el valor de cambiar h\u00e1bitos y estructuras, de modo que la dignidad de la persona siga siendo fundamental y se superen las desigualdades y la marginaci\u00f3n. Adem\u00e1s, al hacerse hombre, Dios se identific\u00f3 con los m\u00e1s desfavorecidos, y esto hace que la atenci\u00f3n preferencial por los pobres sea una opci\u00f3n fundamental para nuestra identidad cristiana (cf.\u00a0<a href=\"https:\/\/www.vatican.va\/content\/francesco\/es\/apost_exhortations\/documents\/papa-francesco_esortazione-ap_20131124_evangelii-gaudium.html\">Exhort. ap.\u00a0<i>Evangelii gaudium<\/i><\/a>, 198;\u00a0<a href=\"https:\/\/www.vatican.va\/content\/leo-xiv\/es\/apost_exhortations\/documents\/20251004-dilexi-te.html\">Exhort. ap.\u00a0<i>Dilexi te<\/i><\/a>, 16-17).<\/p>\n<p>Hermanos y hermanas, hoy nos despedimos. Cada uno regresa a sus ocupaciones habituales y la barca de la Iglesia contin\u00faa su ruta hacia la meta, por gracia de Dios y con el compromiso de cada uno. Mantengamos vivo en nuestros corazones el recuerdo de los hermosos momentos que hemos compartido; incluso en medio de las dificultades, sigamos abri\u00e9ndole espacio a Jes\u00fas, dej\u00e1ndonos iluminar y renovar cada d\u00eda por su presencia. La Iglesia en Camer\u00fan est\u00e1 viva, es joven, rica en dones y entusiasmo, vibrante en su diversidad y maravillosa en su armon\u00eda. Que, con la ayuda de la Virgen Mar\u00eda, nuestra Madre, puedan hacer florecer cada vez m\u00e1s la presencia alegre que ustedes poseen, y que tambi\u00e9n los vientos contrarios, que nunca faltan en la vida, sean ocasi\u00f3n de crecimiento en el servicio gozoso a Dios y a los hermanos, en el compartir, en la escucha, en la oraci\u00f3n y en el deseo de crecer juntos.<\/p>\n<p><b>Agradecimiento final<\/b><\/p>\n<p><b>Santa Misa<\/b><\/p>\n<p>Queridos hermanos y hermanas, con esta celebraci\u00f3n concluye mi visita a Camer\u00fan. Agradezco de coraz\u00f3n al se\u00f1or arzobispo y a todos los pastores de la Iglesia en este pa\u00eds.<\/p>\n<p>Reitero mi gratitud a las autoridades civiles y a todos aquellos que han colaborado en la preparaci\u00f3n y organizaci\u00f3n de cada evento.<\/p>\n<p>Gracias a todos, de manera especial a los enfermos, a los ancianos y a las religiosas de clausura que han ofrecido sus oraciones.<\/p>\n<p>Pueblo de Dios que vives y caminas en Camer\u00fan, \u00a1no temas! \u00a1Permanece firmemente unido a Cristo el Se\u00f1or! \u00a1Con la fuerza de su Esp\u00edritu, ser\u00e1s sal y luz de esta tierra!<\/p>\n","protected":false},"excerpt":{"rendered":"<p>Homil\u00eda del santo Padre, Aeropuerto de Yaund\u00e9-Ville (Camer\u00fan)<\/p>\n","protected":false},"author":15,"featured_media":166771,"comment_status":"closed","ping_status":"closed","sticky":false,"template":"","format":"standard","meta":{"_acf_changed":false,"_crdt_document":"","inline_featured_image":false,"footnotes":""},"categories":[114,68],"tags":[108920,107218,7049,34920,173,107252],"class_list":["post-166749","post","type-post","status-publish","format-standard","has-post-thumbnail","hentry","category-homilias","category-leon-xiv","tag-aeropuerto-de-yaunde-ville","tag-africa-2026","tag-camerun","tag-featured-es-14","tag-homilia","tag-viaje-a-africa"],"acf":[],"yoast_head":"<!-- This site is optimized with the Yoast SEO plugin v27.5 - https:\/\/yoast.com\/product\/yoast-seo-wordpress\/ -->\n<title>El Papa: Pueblo de Dios que vives y caminas en Camer\u00fan, \u00a1no temas! \u00a1Con la fuerza del Esp\u00edritu, ser\u00e1s sal y luz de esta tierra! &#8211; Exaudi<\/title>\n<meta name=\"robots\" content=\"index, follow, max-snippet:-1, max-image-preview:large, max-video-preview:-1\" \/>\n<link rel=\"canonical\" href=\"https:\/\/exaudi.org\/es\/el-papa-pueblo-de-dios-que-vives-y-caminas-en-camerun-no-temas-con-la-fuerza-del-espiritu-seras-sal-y-luz-de-esta-tierra\/\" \/>\n<meta property=\"og:locale\" content=\"es_ES\" \/>\n<meta property=\"og:type\" content=\"article\" \/>\n<meta property=\"og:title\" content=\"El Papa: Pueblo de Dios que vives y caminas en Camer\u00fan, \u00a1no temas! \u00a1Con la fuerza del Esp\u00edritu, ser\u00e1s sal y luz de esta tierra! &#8211; Exaudi\" \/>\n<meta property=\"og:description\" content=\"Homil\u00eda del santo Padre, Aeropuerto de Yaund\u00e9-Ville (Camer\u00fan)\" \/>\n<meta property=\"og:url\" content=\"https:\/\/exaudi.org\/es\/el-papa-pueblo-de-dios-que-vives-y-caminas-en-camerun-no-temas-con-la-fuerza-del-espiritu-seras-sal-y-luz-de-esta-tierra\/\" \/>\n<meta property=\"og:site_name\" content=\"Exaudi\" \/>\n<meta property=\"article:publisher\" content=\"https:\/\/www.facebook.com\/ExaudiNews\" \/>\n<meta property=\"article:author\" content=\"https:\/\/www.facebook.com\/ExaudiNoticias\/\" \/>\n<meta property=\"article:published_time\" content=\"2026-04-18T10:34:11+00:00\" \/>\n<meta property=\"article:modified_time\" content=\"2026-04-19T08:17:16+00:00\" \/>\n<meta property=\"og:image\" content=\"https:\/\/exaudi.org\/wp-content\/uploads\/2026\/04\/cq5dam.web_.800.800-8.jpeg\" \/>\n\t<meta property=\"og:image:width\" content=\"800\" \/>\n\t<meta property=\"og:image:height\" content=\"533\" \/>\n\t<meta property=\"og:image:type\" content=\"image\/jpeg\" \/>\n<meta name=\"author\" content=\"Exaudi Redacci\u00f3n\" \/>\n<meta name=\"twitter:card\" content=\"summary_large_image\" \/>\n<meta name=\"twitter:creator\" content=\"@Exaudi_noticias\" \/>\n<meta name=\"twitter:site\" content=\"@Exaudi_News\" \/>\n<meta name=\"twitter:label1\" content=\"Escrito por\" \/>\n\t<meta name=\"twitter:data1\" content=\"Exaudi Redacci\u00f3n\" \/>\n\t<meta name=\"twitter:label2\" content=\"Tiempo de lectura\" \/>\n\t<meta name=\"twitter:data2\" content=\"9 minutos\" \/>\n<script type=\"application\/ld+json\" class=\"yoast-schema-graph\">{\"@context\":\"https:\\\/\\\/schema.org\",\"@graph\":[{\"@type\":\"Article\",\"@id\":\"https:\\\/\\\/exaudi.org\\\/es\\\/el-papa-pueblo-de-dios-que-vives-y-caminas-en-camerun-no-temas-con-la-fuerza-del-espiritu-seras-sal-y-luz-de-esta-tierra\\\/#article\",\"isPartOf\":{\"@id\":\"https:\\\/\\\/exaudi.org\\\/es\\\/el-papa-pueblo-de-dios-que-vives-y-caminas-en-camerun-no-temas-con-la-fuerza-del-espiritu-seras-sal-y-luz-de-esta-tierra\\\/\"},\"author\":{\"name\":\"Exaudi Redacci\u00f3n\",\"@id\":\"https:\\\/\\\/exaudi.org\\\/#\\\/schema\\\/person\\\/f5fc8f063065e38742da7afe15f25df7\"},\"headline\":\"El Papa: Pueblo de Dios que vives y caminas en Camer\u00fan, \u00a1no temas! \u00a1Con la fuerza del Esp\u00edritu, ser\u00e1s sal y luz de esta tierra!\",\"datePublished\":\"2026-04-18T10:34:11+00:00\",\"dateModified\":\"2026-04-19T08:17:16+00:00\",\"mainEntityOfPage\":{\"@id\":\"https:\\\/\\\/exaudi.org\\\/es\\\/el-papa-pueblo-de-dios-que-vives-y-caminas-en-camerun-no-temas-con-la-fuerza-del-espiritu-seras-sal-y-luz-de-esta-tierra\\\/\"},\"wordCount\":1768,\"image\":{\"@id\":\"https:\\\/\\\/exaudi.org\\\/es\\\/el-papa-pueblo-de-dios-que-vives-y-caminas-en-camerun-no-temas-con-la-fuerza-del-espiritu-seras-sal-y-luz-de-esta-tierra\\\/#primaryimage\"},\"thumbnailUrl\":\"https:\\\/\\\/exaudi.org\\\/wp-content\\\/uploads\\\/2026\\\/04\\\/cq5dam.web_.800.800-8.jpeg\",\"keywords\":[\"Aeropuerto de Yaund\u00e9-Ville\",\"\u00c1frica 2026\",\"Camer\u00fan\",\"Featured\",\"homil\u00eda\",\"viaje a \u00c1frica\"],\"articleSection\":[\"Homilias\",\"Le\u00f3n XIV\"],\"inLanguage\":\"es\"},{\"@type\":\"WebPage\",\"@id\":\"https:\\\/\\\/exaudi.org\\\/es\\\/el-papa-pueblo-de-dios-que-vives-y-caminas-en-camerun-no-temas-con-la-fuerza-del-espiritu-seras-sal-y-luz-de-esta-tierra\\\/\",\"url\":\"https:\\\/\\\/exaudi.org\\\/es\\\/el-papa-pueblo-de-dios-que-vives-y-caminas-en-camerun-no-temas-con-la-fuerza-del-espiritu-seras-sal-y-luz-de-esta-tierra\\\/\",\"name\":\"El Papa: Pueblo de Dios que vives y caminas en Camer\u00fan, \u00a1no temas! \u00a1Con la fuerza del Esp\u00edritu, ser\u00e1s sal y luz de esta tierra! &#8211; Exaudi\",\"isPartOf\":{\"@id\":\"https:\\\/\\\/exaudi.org\\\/#website\"},\"primaryImageOfPage\":{\"@id\":\"https:\\\/\\\/exaudi.org\\\/es\\\/el-papa-pueblo-de-dios-que-vives-y-caminas-en-camerun-no-temas-con-la-fuerza-del-espiritu-seras-sal-y-luz-de-esta-tierra\\\/#primaryimage\"},\"image\":{\"@id\":\"https:\\\/\\\/exaudi.org\\\/es\\\/el-papa-pueblo-de-dios-que-vives-y-caminas-en-camerun-no-temas-con-la-fuerza-del-espiritu-seras-sal-y-luz-de-esta-tierra\\\/#primaryimage\"},\"thumbnailUrl\":\"https:\\\/\\\/exaudi.org\\\/wp-content\\\/uploads\\\/2026\\\/04\\\/cq5dam.web_.800.800-8.jpeg\",\"datePublished\":\"2026-04-18T10:34:11+00:00\",\"dateModified\":\"2026-04-19T08:17:16+00:00\",\"author\":{\"@id\":\"https:\\\/\\\/exaudi.org\\\/#\\\/schema\\\/person\\\/f5fc8f063065e38742da7afe15f25df7\"},\"breadcrumb\":{\"@id\":\"https:\\\/\\\/exaudi.org\\\/es\\\/el-papa-pueblo-de-dios-que-vives-y-caminas-en-camerun-no-temas-con-la-fuerza-del-espiritu-seras-sal-y-luz-de-esta-tierra\\\/#breadcrumb\"},\"inLanguage\":\"es\",\"potentialAction\":[{\"@type\":\"ReadAction\",\"target\":[\"https:\\\/\\\/exaudi.org\\\/es\\\/el-papa-pueblo-de-dios-que-vives-y-caminas-en-camerun-no-temas-con-la-fuerza-del-espiritu-seras-sal-y-luz-de-esta-tierra\\\/\"]}]},{\"@type\":\"ImageObject\",\"inLanguage\":\"es\",\"@id\":\"https:\\\/\\\/exaudi.org\\\/es\\\/el-papa-pueblo-de-dios-que-vives-y-caminas-en-camerun-no-temas-con-la-fuerza-del-espiritu-seras-sal-y-luz-de-esta-tierra\\\/#primaryimage\",\"url\":\"https:\\\/\\\/exaudi.org\\\/wp-content\\\/uploads\\\/2026\\\/04\\\/cq5dam.web_.800.800-8.jpeg\",\"contentUrl\":\"https:\\\/\\\/exaudi.org\\\/wp-content\\\/uploads\\\/2026\\\/04\\\/cq5dam.web_.800.800-8.jpeg\",\"width\":800,\"height\":533},{\"@type\":\"BreadcrumbList\",\"@id\":\"https:\\\/\\\/exaudi.org\\\/es\\\/el-papa-pueblo-de-dios-que-vives-y-caminas-en-camerun-no-temas-con-la-fuerza-del-espiritu-seras-sal-y-luz-de-esta-tierra\\\/#breadcrumb\",\"itemListElement\":[{\"@type\":\"ListItem\",\"position\":1,\"name\":\"Portada\",\"item\":\"https:\\\/\\\/exaudi.org\\\/es\\\/\"},{\"@type\":\"ListItem\",\"position\":2,\"name\":\"El Papa: Pueblo de Dios que vives y caminas en Camer\u00fan, \u00a1no temas! \u00a1Con la fuerza del Esp\u00edritu, ser\u00e1s sal y luz de esta tierra!\"}]},{\"@type\":\"WebSite\",\"@id\":\"https:\\\/\\\/exaudi.org\\\/#website\",\"url\":\"https:\\\/\\\/exaudi.org\\\/\",\"name\":\"Exaudi\",\"description\":\"News\",\"potentialAction\":[{\"@type\":\"SearchAction\",\"target\":{\"@type\":\"EntryPoint\",\"urlTemplate\":\"https:\\\/\\\/exaudi.org\\\/?s={search_term_string}\"},\"query-input\":{\"@type\":\"PropertyValueSpecification\",\"valueRequired\":true,\"valueName\":\"search_term_string\"}}],\"inLanguage\":\"es\"},{\"@type\":\"Person\",\"@id\":\"https:\\\/\\\/exaudi.org\\\/#\\\/schema\\\/person\\\/f5fc8f063065e38742da7afe15f25df7\",\"name\":\"Exaudi Redacci\u00f3n\",\"image\":{\"@type\":\"ImageObject\",\"inLanguage\":\"es\",\"@id\":\"https:\\\/\\\/secure.gravatar.com\\\/avatar\\\/fe0f6a059fb68d9b3e11bc5850dd4899b1c7492091a3cb6dd9b01b56ad828be2?s=96&d=mm&r=g\",\"url\":\"https:\\\/\\\/secure.gravatar.com\\\/avatar\\\/fe0f6a059fb68d9b3e11bc5850dd4899b1c7492091a3cb6dd9b01b56ad828be2?s=96&d=mm&r=g\",\"contentUrl\":\"https:\\\/\\\/secure.gravatar.com\\\/avatar\\\/fe0f6a059fb68d9b3e11bc5850dd4899b1c7492091a3cb6dd9b01b56ad828be2?s=96&d=mm&r=g\",\"caption\":\"Exaudi Redacci\u00f3n\"},\"description\":\"\u00bfQu\u00e9 es Exaudi News? Exaudi News es un medio de comunicaci\u00f3n cat\u00f3lico internacional que informa, forma y transforma, diariamente en espa\u00f1ol, ingl\u00e9s e italiano. A trav\u00e9s de noticias, art\u00edculos de an\u00e1lisis y transmisiones en directo de los eventos del Papa, Exaudi busca fortalecer la unidad de los cristianos y contribuir a la evangelizaci\u00f3n del mundo, siempre guiados por la doctrina social de la Iglesia. Trabajamos para acercar la verdad y los valores cristianos a cada rinc\u00f3n del planeta. \u00a1Ay\u00fadanos a transformar el mundo con Exaudi! En Exaudi creemos que la evangelizaci\u00f3n y la informaci\u00f3n de calidad pueden cambiar vidas. Para continuar con nuestra misi\u00f3n y expandir nuestro alcance, necesitamos tu ayuda. Adem\u00e1s, buscamos personas comprometidas que deseen unirse a nuestro equipo. Con tu apoyo, lograremos llegar a m\u00e1s personas, difundir el mensaje de Cristo y reforzar la unidad de los cristianos. \u00bfTe unes a nuestra misi\u00f3n? Para m\u00e1s informaci\u00f3n sobre c\u00f3mo colaborar, visita Exaudi.org\\\/es o cont\u00e1ctanos directamente: info@exaudi.org Exaudi: Informa, forma y transforma.\",\"sameAs\":[\"https:\\\/\\\/www.facebook.com\\\/ExaudiNoticias\\\/\",\"https:\\\/\\\/www.instagram.com\\\/exaudi_noticias\\\/\",\"https:\\\/\\\/x.com\\\/Exaudi_noticias\",\"https:\\\/\\\/www.youtube.com\\\/@exaudicatholicnews\"],\"url\":\"https:\\\/\\\/exaudi.org\\\/es\\\/author\\\/redaccionexaudi\\\/\"}]}<\/script>\n<!-- \/ Yoast SEO plugin. -->","yoast_head_json":{"title":"El Papa: Pueblo de Dios que vives y caminas en Camer\u00fan, \u00a1no temas! \u00a1Con la fuerza del Esp\u00edritu, ser\u00e1s sal y luz de esta tierra! &#8211; Exaudi","robots":{"index":"index","follow":"follow","max-snippet":"max-snippet:-1","max-image-preview":"max-image-preview:large","max-video-preview":"max-video-preview:-1"},"canonical":"https:\/\/exaudi.org\/es\/el-papa-pueblo-de-dios-que-vives-y-caminas-en-camerun-no-temas-con-la-fuerza-del-espiritu-seras-sal-y-luz-de-esta-tierra\/","og_locale":"es_ES","og_type":"article","og_title":"El Papa: Pueblo de Dios que vives y caminas en Camer\u00fan, \u00a1no temas! \u00a1Con la fuerza del Esp\u00edritu, ser\u00e1s sal y luz de esta tierra! &#8211; Exaudi","og_description":"Homil\u00eda del santo Padre, Aeropuerto de Yaund\u00e9-Ville (Camer\u00fan)","og_url":"https:\/\/exaudi.org\/es\/el-papa-pueblo-de-dios-que-vives-y-caminas-en-camerun-no-temas-con-la-fuerza-del-espiritu-seras-sal-y-luz-de-esta-tierra\/","og_site_name":"Exaudi","article_publisher":"https:\/\/www.facebook.com\/ExaudiNews","article_author":"https:\/\/www.facebook.com\/ExaudiNoticias\/","article_published_time":"2026-04-18T10:34:11+00:00","article_modified_time":"2026-04-19T08:17:16+00:00","og_image":[{"width":800,"height":533,"url":"https:\/\/exaudi.org\/wp-content\/uploads\/2026\/04\/cq5dam.web_.800.800-8.jpeg","type":"image\/jpeg"}],"author":"Exaudi Redacci\u00f3n","twitter_card":"summary_large_image","twitter_creator":"@Exaudi_noticias","twitter_site":"@Exaudi_News","twitter_misc":{"Escrito por":"Exaudi Redacci\u00f3n","Tiempo de lectura":"9 minutos"},"schema":{"@context":"https:\/\/schema.org","@graph":[{"@type":"Article","@id":"https:\/\/exaudi.org\/es\/el-papa-pueblo-de-dios-que-vives-y-caminas-en-camerun-no-temas-con-la-fuerza-del-espiritu-seras-sal-y-luz-de-esta-tierra\/#article","isPartOf":{"@id":"https:\/\/exaudi.org\/es\/el-papa-pueblo-de-dios-que-vives-y-caminas-en-camerun-no-temas-con-la-fuerza-del-espiritu-seras-sal-y-luz-de-esta-tierra\/"},"author":{"name":"Exaudi Redacci\u00f3n","@id":"https:\/\/exaudi.org\/#\/schema\/person\/f5fc8f063065e38742da7afe15f25df7"},"headline":"El Papa: Pueblo de Dios que vives y caminas en Camer\u00fan, \u00a1no temas! \u00a1Con la fuerza del Esp\u00edritu, ser\u00e1s sal y luz de esta tierra!","datePublished":"2026-04-18T10:34:11+00:00","dateModified":"2026-04-19T08:17:16+00:00","mainEntityOfPage":{"@id":"https:\/\/exaudi.org\/es\/el-papa-pueblo-de-dios-que-vives-y-caminas-en-camerun-no-temas-con-la-fuerza-del-espiritu-seras-sal-y-luz-de-esta-tierra\/"},"wordCount":1768,"image":{"@id":"https:\/\/exaudi.org\/es\/el-papa-pueblo-de-dios-que-vives-y-caminas-en-camerun-no-temas-con-la-fuerza-del-espiritu-seras-sal-y-luz-de-esta-tierra\/#primaryimage"},"thumbnailUrl":"https:\/\/exaudi.org\/wp-content\/uploads\/2026\/04\/cq5dam.web_.800.800-8.jpeg","keywords":["Aeropuerto de Yaund\u00e9-Ville","\u00c1frica 2026","Camer\u00fan","Featured","homil\u00eda","viaje a \u00c1frica"],"articleSection":["Homilias","Le\u00f3n XIV"],"inLanguage":"es"},{"@type":"WebPage","@id":"https:\/\/exaudi.org\/es\/el-papa-pueblo-de-dios-que-vives-y-caminas-en-camerun-no-temas-con-la-fuerza-del-espiritu-seras-sal-y-luz-de-esta-tierra\/","url":"https:\/\/exaudi.org\/es\/el-papa-pueblo-de-dios-que-vives-y-caminas-en-camerun-no-temas-con-la-fuerza-del-espiritu-seras-sal-y-luz-de-esta-tierra\/","name":"El Papa: Pueblo de Dios que vives y caminas en Camer\u00fan, \u00a1no temas! \u00a1Con la fuerza del Esp\u00edritu, ser\u00e1s sal y luz de esta tierra! &#8211; Exaudi","isPartOf":{"@id":"https:\/\/exaudi.org\/#website"},"primaryImageOfPage":{"@id":"https:\/\/exaudi.org\/es\/el-papa-pueblo-de-dios-que-vives-y-caminas-en-camerun-no-temas-con-la-fuerza-del-espiritu-seras-sal-y-luz-de-esta-tierra\/#primaryimage"},"image":{"@id":"https:\/\/exaudi.org\/es\/el-papa-pueblo-de-dios-que-vives-y-caminas-en-camerun-no-temas-con-la-fuerza-del-espiritu-seras-sal-y-luz-de-esta-tierra\/#primaryimage"},"thumbnailUrl":"https:\/\/exaudi.org\/wp-content\/uploads\/2026\/04\/cq5dam.web_.800.800-8.jpeg","datePublished":"2026-04-18T10:34:11+00:00","dateModified":"2026-04-19T08:17:16+00:00","author":{"@id":"https:\/\/exaudi.org\/#\/schema\/person\/f5fc8f063065e38742da7afe15f25df7"},"breadcrumb":{"@id":"https:\/\/exaudi.org\/es\/el-papa-pueblo-de-dios-que-vives-y-caminas-en-camerun-no-temas-con-la-fuerza-del-espiritu-seras-sal-y-luz-de-esta-tierra\/#breadcrumb"},"inLanguage":"es","potentialAction":[{"@type":"ReadAction","target":["https:\/\/exaudi.org\/es\/el-papa-pueblo-de-dios-que-vives-y-caminas-en-camerun-no-temas-con-la-fuerza-del-espiritu-seras-sal-y-luz-de-esta-tierra\/"]}]},{"@type":"ImageObject","inLanguage":"es","@id":"https:\/\/exaudi.org\/es\/el-papa-pueblo-de-dios-que-vives-y-caminas-en-camerun-no-temas-con-la-fuerza-del-espiritu-seras-sal-y-luz-de-esta-tierra\/#primaryimage","url":"https:\/\/exaudi.org\/wp-content\/uploads\/2026\/04\/cq5dam.web_.800.800-8.jpeg","contentUrl":"https:\/\/exaudi.org\/wp-content\/uploads\/2026\/04\/cq5dam.web_.800.800-8.jpeg","width":800,"height":533},{"@type":"BreadcrumbList","@id":"https:\/\/exaudi.org\/es\/el-papa-pueblo-de-dios-que-vives-y-caminas-en-camerun-no-temas-con-la-fuerza-del-espiritu-seras-sal-y-luz-de-esta-tierra\/#breadcrumb","itemListElement":[{"@type":"ListItem","position":1,"name":"Portada","item":"https:\/\/exaudi.org\/es\/"},{"@type":"ListItem","position":2,"name":"El Papa: Pueblo de Dios que vives y caminas en Camer\u00fan, \u00a1no temas! \u00a1Con la fuerza del Esp\u00edritu, ser\u00e1s sal y luz de esta tierra!"}]},{"@type":"WebSite","@id":"https:\/\/exaudi.org\/#website","url":"https:\/\/exaudi.org\/","name":"Exaudi","description":"News","potentialAction":[{"@type":"SearchAction","target":{"@type":"EntryPoint","urlTemplate":"https:\/\/exaudi.org\/?s={search_term_string}"},"query-input":{"@type":"PropertyValueSpecification","valueRequired":true,"valueName":"search_term_string"}}],"inLanguage":"es"},{"@type":"Person","@id":"https:\/\/exaudi.org\/#\/schema\/person\/f5fc8f063065e38742da7afe15f25df7","name":"Exaudi Redacci\u00f3n","image":{"@type":"ImageObject","inLanguage":"es","@id":"https:\/\/secure.gravatar.com\/avatar\/fe0f6a059fb68d9b3e11bc5850dd4899b1c7492091a3cb6dd9b01b56ad828be2?s=96&d=mm&r=g","url":"https:\/\/secure.gravatar.com\/avatar\/fe0f6a059fb68d9b3e11bc5850dd4899b1c7492091a3cb6dd9b01b56ad828be2?s=96&d=mm&r=g","contentUrl":"https:\/\/secure.gravatar.com\/avatar\/fe0f6a059fb68d9b3e11bc5850dd4899b1c7492091a3cb6dd9b01b56ad828be2?s=96&d=mm&r=g","caption":"Exaudi Redacci\u00f3n"},"description":"\u00bfQu\u00e9 es Exaudi News? Exaudi News es un medio de comunicaci\u00f3n cat\u00f3lico internacional que informa, forma y transforma, diariamente en espa\u00f1ol, ingl\u00e9s e italiano. A trav\u00e9s de noticias, art\u00edculos de an\u00e1lisis y transmisiones en directo de los eventos del Papa, Exaudi busca fortalecer la unidad de los cristianos y contribuir a la evangelizaci\u00f3n del mundo, siempre guiados por la doctrina social de la Iglesia. Trabajamos para acercar la verdad y los valores cristianos a cada rinc\u00f3n del planeta. \u00a1Ay\u00fadanos a transformar el mundo con Exaudi! En Exaudi creemos que la evangelizaci\u00f3n y la informaci\u00f3n de calidad pueden cambiar vidas. Para continuar con nuestra misi\u00f3n y expandir nuestro alcance, necesitamos tu ayuda. Adem\u00e1s, buscamos personas comprometidas que deseen unirse a nuestro equipo. Con tu apoyo, lograremos llegar a m\u00e1s personas, difundir el mensaje de Cristo y reforzar la unidad de los cristianos. \u00bfTe unes a nuestra misi\u00f3n? Para m\u00e1s informaci\u00f3n sobre c\u00f3mo colaborar, visita Exaudi.org\/es o cont\u00e1ctanos directamente: info@exaudi.org Exaudi: Informa, forma y transforma.","sameAs":["https:\/\/www.facebook.com\/ExaudiNoticias\/","https:\/\/www.instagram.com\/exaudi_noticias\/","https:\/\/x.com\/Exaudi_noticias","https:\/\/www.youtube.com\/@exaudicatholicnews"],"url":"https:\/\/exaudi.org\/es\/author\/redaccionexaudi\/"}]}},"jetpack_featured_media_url":"https:\/\/exaudi.org\/wp-content\/uploads\/2026\/04\/cq5dam.web_.800.800-8.jpeg","jetpack_shortlink":"https:\/\/wp.me\/pgKjF2-Hnv","_links":{"self":[{"href":"https:\/\/exaudi.org\/es\/wp-json\/wp\/v2\/posts\/166749","targetHints":{"allow":["GET"]}}],"collection":[{"href":"https:\/\/exaudi.org\/es\/wp-json\/wp\/v2\/posts"}],"about":[{"href":"https:\/\/exaudi.org\/es\/wp-json\/wp\/v2\/types\/post"}],"author":[{"embeddable":true,"href":"https:\/\/exaudi.org\/es\/wp-json\/wp\/v2\/users\/15"}],"replies":[{"embeddable":true,"href":"https:\/\/exaudi.org\/es\/wp-json\/wp\/v2\/comments?post=166749"}],"version-history":[{"count":6,"href":"https:\/\/exaudi.org\/es\/wp-json\/wp\/v2\/posts\/166749\/revisions"}],"predecessor-version":[{"id":166880,"href":"https:\/\/exaudi.org\/es\/wp-json\/wp\/v2\/posts\/166749\/revisions\/166880"}],"wp:featuredmedia":[{"embeddable":true,"href":"https:\/\/exaudi.org\/es\/wp-json\/wp\/v2\/media\/166771"}],"wp:attachment":[{"href":"https:\/\/exaudi.org\/es\/wp-json\/wp\/v2\/media?parent=166749"}],"wp:term":[{"taxonomy":"category","embeddable":true,"href":"https:\/\/exaudi.org\/es\/wp-json\/wp\/v2\/categories?post=166749"},{"taxonomy":"post_tag","embeddable":true,"href":"https:\/\/exaudi.org\/es\/wp-json\/wp\/v2\/tags?post=166749"}],"curies":[{"name":"wp","href":"https:\/\/api.w.org\/{rel}","templated":true}]}}