{"id":166545,"date":"2026-04-17T16:00:43","date_gmt":"2026-04-17T14:00:43","guid":{"rendered":"https:\/\/exaudi.org\/?p=166545"},"modified":"2026-04-17T21:55:12","modified_gmt":"2026-04-17T19:55:12","slug":"el-papa-leon-xiv-en-douala-cristo-nos-pregunta-hoy-que-haceis","status":"publish","type":"post","link":"https:\/\/exaudi.org\/es\/el-papa-leon-xiv-en-douala-cristo-nos-pregunta-hoy-que-haceis\/","title":{"rendered":"El Papa Le\u00f3n XIV en Douala: \u201cCristo nos pregunta hoy: \u00bfqu\u00e9 hac\u00e9is?\u201d"},"content":{"rendered":"<p dir=\"auto\">El 17 de abril de 2026, tercer d\u00eda de su viaje apost\u00f3lico a Camer\u00fan, el Papa Le\u00f3n XIV presidi\u00f3 una multitudinaria Eucarist\u00eda en el estadio Japoma de Douala, el coraz\u00f3n econ\u00f3mico del pa\u00eds. Ante aproximadamente 120.000 fieles que lo recibieron con gran entusiasmo, el Santo Padre pronunci\u00f3 una homil\u00eda centrada en el Evangelio de la multiplicaci\u00f3n de los panes y los peces, actualizando con fuerza el mensaje de Jes\u00fas para la realidad africana de hoy.<\/p>\n<p dir=\"auto\">Partiendo del relato evang\u00e9lico, el Papa record\u00f3 c\u00f3mo Jes\u00fas, ante la multitud hambrienta y cansada, plante\u00f3 a sus disc\u00edpulos una pregunta directa y exigente: \u201c\u00bfQu\u00e9 hac\u00e9is para resolver este problema?\u201d. Le\u00f3n XIV subray\u00f3 que esta misma interrogante resuena hoy, dirigida a todos sin excepci\u00f3n: padres y madres de familia, pastores de la Iglesia, responsables sociales y pol\u00edticos, poderosos y d\u00e9biles, ricos y pobres, j\u00f3venes y ancianos. Porque todos, independientemente de nuestra condici\u00f3n, compartimos la misma fragilidad y la misma hambre.<\/p>\n<p dir=\"auto\">\u201cEl milagro de la multiplicaci\u00f3n de los panes y los peces ocurre en el compartir: \u00a1he ah\u00ed el milagro!\u201d, afirm\u00f3 el Papa. \u201cHay pan para todos si se da a todos. Hay pan para todos si se lo toma no con una mano que se apodera, sino con una mano que dona\u201d. Jes\u00fas bendice primero el poco alimento disponible y lo reparte, transformando la escasez en abundancia. Ese gesto, explic\u00f3, es signo del amor de Dios que sirve y no domina, y nos interpela a convertir cada acto de solidaridad y perd\u00f3n en \u201cun bocado de pan para la humanidad necesitada de cuidados\u201d.<\/p>\n<p dir=\"auto\"><img loading=\"lazy\" decoding=\"async\" class=\"size-full wp-image-166553 alignnone\" src=\"https:\/\/exaudi.org\/wp-content\/uploads\/2026\/04\/cq5dam.thumbnail.cropped.750.422-7-1.jpeg\" alt=\"\" width=\"750\" height=\"422\" srcset=\"https:\/\/exaudi.org\/wp-content\/uploads\/2026\/04\/cq5dam.thumbnail.cropped.750.422-7-1.jpeg 750w, https:\/\/exaudi.org\/wp-content\/uploads\/2026\/04\/cq5dam.thumbnail.cropped.750.422-7-1-300x169.jpeg 300w, https:\/\/exaudi.org\/wp-content\/uploads\/2026\/04\/cq5dam.thumbnail.cropped.750.422-7-1-500x281.jpeg 500w\" sizes=\"auto, (max-width: 750px) 100vw, 750px\" \/><\/p>\n<p dir=\"auto\">M\u00e1s all\u00e1 del hambre material, el Papa habl\u00f3 del hambre profunda del alma: hambre de paz, de libertad y de justicia. El alimento que verdaderamente nutre y fortalece es Cristo mismo, presente en la Eucarist\u00eda. \u201cEste alimento es Cristo, que siempre nutre en abundancia a su Iglesia y nos fortalece en el camino con su Cuerpo\u201d, dijo. La mesa eucar\u00edstica se convierte as\u00ed en signo de esperanza en medio de las pruebas y las injusticias, y en llamada concreta a compartir para que la caridad se multiplique en fraternidad.<\/p>\n<p dir=\"auto\">Dirigi\u00e9ndose especialmente a los j\u00f3venes africanos, el Papa les dirigi\u00f3 un mensaje lleno de confianza y exigencia: \u201cQueridos j\u00f3venes, es sobre todo a vosotros a quienes dirijo esta invitaci\u00f3n, porque sois los hijos queridos de la tierra de \u00c1frica\u201d. Les pidi\u00f3 que multipliquen sus talentos con fe, tenacidad y amistad, y que sean los primeros en llevar al pr\u00f3jimo \u201cel pan de la vida\u201d: alimento de sabidur\u00eda que libera de todo lo que confunde los buenos deseos y roba la dignidad.<\/p>\n<p dir=\"auto\">\u201cNo ced\u00e1is a la desconfianza ni al des\u00e1nimo; rechazad toda forma de abuso y violencia, que enga\u00f1an prometiendo ganancias f\u00e1ciles, pero endurecen el coraz\u00f3n y lo vuelven insensible\u201d, exhort\u00f3. Reconoci\u00f3 la riqueza natural de Camer\u00fan y, sobre todo, los verdaderos tesoros de su pueblo: la fe, la familia, la hospitalidad y el trabajo. \u201cSed protagonistas del futuro, siguiendo la vocaci\u00f3n que Dios da a cada uno, sin dejaros comprar por tentaciones que malgastan las energ\u00edas y no contribuyen al progreso de la sociedad\u201d.<\/p>\n<p dir=\"auto\"><img loading=\"lazy\" decoding=\"async\" class=\"size-full wp-image-166556 alignnone\" src=\"https:\/\/exaudi.org\/wp-content\/uploads\/2026\/04\/cq5dam.thumbnail.cropped.750.422-1-4.jpeg\" alt=\"\" width=\"750\" height=\"422\" srcset=\"https:\/\/exaudi.org\/wp-content\/uploads\/2026\/04\/cq5dam.thumbnail.cropped.750.422-1-4.jpeg 750w, https:\/\/exaudi.org\/wp-content\/uploads\/2026\/04\/cq5dam.thumbnail.cropped.750.422-1-4-300x169.jpeg 300w, https:\/\/exaudi.org\/wp-content\/uploads\/2026\/04\/cq5dam.thumbnail.cropped.750.422-1-4-500x281.jpeg 500w\" sizes=\"auto, (max-width: 750px) 100vw, 750px\" \/><\/p>\n<p dir=\"auto\">Finalmente, el Papa record\u00f3 que anunciar a Jes\u00fas Resucitado significa trazar signos concretos: \u201csignos de justicia en una tierra que sufre y est\u00e1 oprimida; signos de paz entre rivalidades y corrupciones; signos de fe que nos liberan de la superstici\u00f3n y de la indiferencia\u201d. Invit\u00f3 a toda la Iglesia en Camer\u00fan a ser \u201cbuena noticia\u201d para su pa\u00eds, siguiendo el ejemplo de testigos audaces como el beato Floribert Bwana Chui.<\/p>\n<p dir=\"auto\">Con esta homil\u00eda, pronunciada en parte en franc\u00e9s y en parte en ingl\u00e9s, Le\u00f3n XIV dej\u00f3 un mensaje claro y esperanzador: ante las necesidades y desaf\u00edos de \u00c1frica, la respuesta cristiana no es te\u00f3rica, sino el compartir generoso, el servicio humilde y el anuncio valiente del Evangelio. Un llamado que resuena con especial fuerza entre los j\u00f3venes, invitados a construir, con sus manos y su fe, un futuro de justicia y fraternidad.<\/p>\n<p dir=\"auto\"><em><strong>Texto completo de la homil\u00eda:<\/strong><\/em><\/p>\n<div class=\"abstract text parbase vaticanrichtext\">\n<p style=\"text-align: center;\"><span class=\"color-text\"><a href=\"https:\/\/www.vatican.va\/content\/leo-xiv\/es\/travels\/2026\/documents\/africa-13-23aprile2026.html\">VIAJE APOST\u00d3LICO DE SU SANTIDAD EL PAPA LE\u00d3N XIV<br \/>\nA ARGELIA, CAMER\u00daN, ANGOLA Y GUINEA ECUATORIAL<br \/>\n<\/a>(13-23 DE ABRIL DE 2026)<\/span><\/p>\n<p style=\"text-align: center;\"><span class=\"color-text\"><b><a href=\"https:\/\/www.vatican.va\/content\/dam\/liturgy\/pdf\/2026\/20260413-23-messale-africa.pdf\">SANTA MISA<\/a><\/b><\/span><\/p>\n<p style=\"text-align: center;\"><b><i><span class=\"title-1-color\">HOMIL\u00cdA DEL SANTO PADRE<\/span><\/i><\/b><\/p>\n<p style=\"text-align: center;\"><i><span class=\"color-text\">\u201cJapoma Stadium\u201d (Douala)<br \/>\nViernes,\u00a017 de abril de 2026<\/span><\/i><\/p>\n<p>_____________________________<\/p>\n<div class=\"clearfix\"><\/div>\n<\/div>\n<div class=\"text parbase vaticanrichtext\">\n<p><i>Queridos hermanos y hermanas:<\/i><\/p>\n<p>El Evangelio que acabamos de escuchar (<i>Jn\u00a0<\/i>6,1-15) es palabra de salvaci\u00f3n para toda la humanidad. Hoy se proclama en todas partes esta Buena Noticia, que para la Iglesia en Camer\u00fan resuena como un anuncio providencial del amor de Dios y de nuestra comuni\u00f3n.<\/p>\n<p>El testimonio del ap\u00f3stol Juan describe, en efecto, a una gran multitud (cf. vv. 2-5), como somos nosotros ahora, aqu\u00ed. Para toda esa gente, sin embargo, hab\u00eda muy poca comida: s\u00f3lo \u00abcinco panes de cebada y dos pescados\u00bb (v. 9). Al observar esta desproporci\u00f3n, Jes\u00fas nos pregunta hoy, como entonces pregunt\u00f3 a sus disc\u00edpulos: \u00bfc\u00f3mo resuelven ustedes este problema? Vean cu\u00e1nta gente hambrienta, oprimida por el cansancio: \u00bfqu\u00e9 hacen?<\/p>\n<p>Esta pregunta se dirige a cada uno de nosotros: se dirige a los padres y a las madres que cuidan a sus familias; se dirige a los pastores de la Iglesia, que velan por la grey del Se\u00f1or; se dirige a quienes tienen la responsabilidad social y pol\u00edtica de atender al pueblo y mirar por su bien. Cristo dirige esta pregunta a los poderosos y a los d\u00e9biles, a los ricos y a los pobres, a los j\u00f3venes y a los ancianos, porque todos tenemos hambre por igual. Esta indigencia nos recuerda que somos criaturas. Necesitamos comer para vivir. No somos Dios; pero, precisamente, \u00bfd\u00f3nde est\u00e1 Dios ante el hambre de la gente?<\/p>\n<p>Mientras espera nuestras respuestas, Jes\u00fas da la suya: \u00abTom\u00f3 los panes, dio gracias y los distribuy\u00f3 a los que estaban sentados. Lo mismo hizo con los pescados, d\u00e1ndoles todo lo que quisieron\u00bb (v. 11). Un grave problema se resuelve bendiciendo la poca comida que hay y reparti\u00e9ndola entre todos los que tienen hambre. La multiplicaci\u00f3n de los panes y los peces ocurre en el compartir; \u00a1he aqu\u00ed el milagro! Hay pan para todos si se da a todos. Hay pan para todos si se lo toma no con una mano que acapara, sino con una mano que da. Observemos bien el gesto de Jes\u00fas: cuando el Hijo de Dios toma el pan y los peces, ante todo da gracias. Agradece al Padre por un bien que se convierte en don y bendici\u00f3n para todo el pueblo.<\/p>\n<p>Al hacerlo as\u00ed, la comida abunda; no se raciona por emergencia, no se roba por disputa ni se desperdicia por quienes se atiborran ante quienes no tienen nada que comer. Al pasar de las manos de Cristo a las de sus disc\u00edpulos, la comida aumenta para todos, es m\u00e1s, sobreabunda (cf. vv. 12-13). La gente, admirada por lo que hab\u00eda hecho Jes\u00fas, exclam\u00f3: \u00abEste es, verdaderamente, el Profeta\u00bb (v. 14), es decir, aquel que habla en nombre de Dios, el Verbo del Omnipotente. Y es verdad, pero Jes\u00fas no utiliza estas palabras con vistas a un \u00e9xito personal; no quiere convertirse en rey (cf. v. 15), porque ha venido a servir con amor, no a dominar.<\/p>\n<p>El milagro que realiz\u00f3 es signo de este amor; no nos hace ver solamente c\u00f3mo Dios alimenta a la humanidad con el pan de vida, sino tambi\u00e9n c\u00f3mo nosotros podemos llevar este alimento a todos los hombres y mujeres que, como nosotros, tienen hambre de paz, de libertad y de justicia. Cada gesto de solidaridad y perd\u00f3n, cada iniciativa de bien es un bocado de pan para la humanidad necesitada de cuidados. Y, sin embargo, esto no es suficiente. Al alimento que nutre el cuerpo hay que unir, con igual caridad, el alimento del alma, que nutre nuestra conciencia, que nos sostiene en la hora oscura del miedo, en medio de las tinieblas del sufrimiento. Este alimento es Cristo, que siempre nutre en abundancia a su Iglesia y nos fortalece en el camino con su Cuerpo.<\/p>\n<p>Hermanas y hermanos, la Eucarist\u00eda que estamos celebrando se convierte, por tanto, en fuente de una fe renovada, porque Jes\u00fas est\u00e1 presente entre nosotros. El Sacramento no reaviva un recuerdo lejano en el tiempo, sino que realiza una \u201ccompa\u00f1\u00eda\u201d que nos transforma, porque nos santifica. \u00a1Felices los invitados a la cena del Se\u00f1or! En torno a la Eucarist\u00eda, esta misma mesa se convierte en anuncio de esperanza en las pruebas de la historia y en las injusticias que vemos a nuestro alrededor. Se convierte en signo de la caridad de Dios, que en Cristo nos invita a compartir lo que tenemos, para que se multiplique en la fraternidad eclesial.<\/p>\n<p>El Se\u00f1or abraza el cielo y la tierra, conoce nuestro coraz\u00f3n y todas las situaciones, alegres o tristes, que vivimos. Al hacerse hombre para salvarnos, quiso compartir las necesidades de la humanidad, empezando por las m\u00e1s sencillas y cotidianas. El hambre revela entonces no s\u00f3lo nuestra indigencia, sino sobre todo su amor; record\u00e9moslo cada vez que cruzamos la mirada con el hermano y la hermana a quienes les falta lo necesario. Esos ojos, de hecho, nos repiten la pregunta que Jes\u00fas hizo a sus disc\u00edpulos: \u00bfqu\u00e9 hacen por toda esta gente? Es cierto que ser testigos de Cristo, imitando sus gestos de amor conlleva, a menudo, dificultades y obst\u00e1culos, tanto fuera como dentro de nosotros, donde el orgullo puede corromper el coraz\u00f3n. En esos momentos, sin embargo, repitamos con el salmista: \u00abEl Se\u00f1or es mi luz y mi salvaci\u00f3n: \u00bfa qui\u00e9n temer\u00e9?\u00bb (<i>Sal<\/i>\u00a027,1). Aunque a veces vacilemos, Dios siempre nos alienta: \u00abEspera en el Se\u00f1or y s\u00e9 fuerte; ten valor y espera en el Se\u00f1or\u00bb (v. 14).<\/p>\n<p>Queridos j\u00f3venes, les dirijo esta invitaci\u00f3n especialmente a ustedes, porque son los hijos amados de la tierra de \u00c1frica. Como hermanos y hermanas de Jes\u00fas, multipliquen sus talentos con la fe, la tenacidad y la amistad que los animan. Vayan entre los primeros a ser rostros y manos que llevan al pr\u00f3jimo el pan de la vida; alimento de sabidur\u00eda y de liberaci\u00f3n de todo aquello que no nos nutre, sino que confunde nuestros buenos deseos y nos roba la dignidad.<\/p>\n<p>Incluso en su pa\u00eds tan f\u00e9rtil, Camer\u00fan, muchos sufren la pobreza, tanto material como espiritual. No cedan a la desconfianza y al des\u00e1nimo; rechacen toda forma de abuso y violencia, que enga\u00f1an prometiendo ganancias f\u00e1ciles, pero endurecen el coraz\u00f3n y lo vuelven insensible. No olviden que su pueblo es a\u00fan m\u00e1s rico que esta tierra, pues su tesoro son sus valores: la fe, la familia, la hospitalidad, el trabajo. Sean, pues, protagonistas del futuro, siguiendo la vocaci\u00f3n que Dios da a cada uno, sin dejarse comprar por tentaciones que malgastan las energ\u00edas y no contribuyen al progreso de la sociedad.<\/p>\n<p>Para hacer de su esp\u00edritu valiente una profec\u00eda del mundo nuevo, tomen como ejemplo lo que hemos escuchado en los\u00a0<i>Hechos de los Ap\u00f3stoles<\/i>. Los primeros cristianos daban un audaz testimonio del Se\u00f1or Jes\u00fas ante las dificultades y las amenazas, y perseveraban incluso en medio de los ultrajes (cf.\u00a0<i>Hch<\/i>\u00a05,40-41). Estos disc\u00edpulos \u00abtodos los d\u00edas, tanto en el Templo como en las casas, no cesaban de ense\u00f1ar y de anunciar la Buena Noticia de Cristo Jes\u00fas\u00bb (v. 42), es decir, del Mes\u00edas, el Liberador del mundo. S\u00ed, el Se\u00f1or libera del pecado y de la muerte. Anunciar con constancia este Evangelio es la misi\u00f3n de todo cristiano; es la misi\u00f3n que conf\u00edo especialmente a ustedes, j\u00f3venes, y a toda la Iglesia que vive en Camer\u00fan. Convi\u00e9rtanse en buena noticia para su pa\u00eds, como los es, por ejemplo, el beato Floribert Bwana Chui para el pueblo congol\u00e9s.<\/p>\n<p>Hermanos y hermanas, ense\u00f1ar significa dejar huella, como hace el labrador con el arado en el campo, para que lo que siembra d\u00e9 fruto. As\u00ed es como el anuncio cristiano cambia nuestra historia, transformando las mentes y los corazones. Anunciar a Jes\u00fas Resucitado significa trazar signos de justicia en una tierra que sufre y est\u00e1 oprimida; signos de paz entre rivalidades y corrupciones; signos de fe que nos liberan de la superstici\u00f3n y de la indiferencia. Con este Evangelio en el coraz\u00f3n, dentro de poco compartiremos el Pan eucar\u00edstico, que nos sacia para la vida eterna. Con fe gozosa, pidamos al Se\u00f1or que multiplique entre nosotros su don, por el bien de todos.<\/p>\n<\/div>\n","protected":false},"excerpt":{"rendered":"<p>Una homil\u00eda vibrante ante 120.000 fieles que invita a los j\u00f3venes africanos a ser protagonistas del futuro a trav\u00e9s del compartir, la justicia y el anuncio del Evangelio<\/p>\n","protected":false},"author":15,"featured_media":166547,"comment_status":"closed","ping_status":"closed","sticky":false,"template":"","format":"standard","meta":{"_acf_changed":false,"_crdt_document":"","inline_featured_image":false,"footnotes":""},"categories":[68,120],"tags":[107218,108646,7049,108647,108637,108642,108644,108634,108639,108638,108641,108635,108636,97882,58067,108640,87871,108649,108643,58111,108651,108645,108648,58880,108650,107219],"class_list":["post-166545","post","type-post","status-publish","format-standard","has-post-thumbnail","hentry","category-leon-xiv","category-viajes","tag-africa-2026","tag-beato-floribert-bwana-chui","tag-camerun","tag-camerun-riqueza-natural","tag-compartir-solidaridad","tag-corrupcion-violencia-rechazo","tag-cristo-pregunta-hoy","tag-douala","tag-eucaristia-hambre-alma","tag-evangelio-anuncio","tag-fe-familia-hospitalidad","tag-homilia-japoma-stadium","tag-jovenes-africanos","tag-justicia-paz","tag-leon-xiv","tag-leon-xiv-misa-17-abril","tag-multiplicacion-de-los-panes","tag-multiplicar-talentos-jovenes","tag-pan-para-todos","tag-papa-leon-xiv","tag-papa-leon-xiv-exhortacion-jovenes","tag-protagonistas-futuro-africa","tag-signos-justicia-paz-fe","tag-trending-es-151","tag-vaticano-homilia-douala","tag-viaje-apostolico-africa-2026"],"acf":[],"yoast_head":"<!-- This site is optimized with the Yoast SEO plugin v27.4 - https:\/\/yoast.com\/product\/yoast-seo-wordpress\/ -->\n<title>El Papa Le\u00f3n XIV en Douala: \u201cCristo nos pregunta hoy: \u00bfqu\u00e9 hac\u00e9is?\u201d &#8211; Exaudi<\/title>\n<meta name=\"robots\" content=\"index, follow, max-snippet:-1, max-image-preview:large, max-video-preview:-1\" \/>\n<link rel=\"canonical\" href=\"https:\/\/exaudi.org\/es\/el-papa-leon-xiv-en-douala-cristo-nos-pregunta-hoy-que-haceis\/\" \/>\n<meta property=\"og:locale\" content=\"es_ES\" \/>\n<meta property=\"og:type\" content=\"article\" \/>\n<meta property=\"og:title\" content=\"El Papa Le\u00f3n XIV en Douala: \u201cCristo nos pregunta hoy: \u00bfqu\u00e9 hac\u00e9is?\u201d &#8211; Exaudi\" \/>\n<meta property=\"og:description\" content=\"Una homil\u00eda vibrante ante 120.000 fieles que invita a los j\u00f3venes africanos a ser protagonistas del futuro a trav\u00e9s del compartir, la justicia y el anuncio del Evangelio\" \/>\n<meta property=\"og:url\" content=\"https:\/\/exaudi.org\/es\/el-papa-leon-xiv-en-douala-cristo-nos-pregunta-hoy-que-haceis\/\" \/>\n<meta property=\"og:site_name\" content=\"Exaudi\" \/>\n<meta property=\"article:publisher\" content=\"https:\/\/www.facebook.com\/ExaudiNews\" \/>\n<meta property=\"article:author\" content=\"https:\/\/www.facebook.com\/ExaudiNoticias\/\" \/>\n<meta property=\"article:published_time\" content=\"2026-04-17T14:00:43+00:00\" \/>\n<meta property=\"article:modified_time\" content=\"2026-04-17T19:55:12+00:00\" \/>\n<meta property=\"og:image\" content=\"https:\/\/exaudi.org\/wp-content\/uploads\/2026\/04\/cq5dam.thumbnail.cropped.750.422-10.jpeg\" \/>\n\t<meta property=\"og:image:width\" content=\"750\" \/>\n\t<meta property=\"og:image:height\" content=\"422\" \/>\n\t<meta property=\"og:image:type\" content=\"image\/jpeg\" \/>\n<meta name=\"author\" content=\"Exaudi Redacci\u00f3n\" \/>\n<meta name=\"twitter:card\" content=\"summary_large_image\" \/>\n<meta name=\"twitter:creator\" content=\"@Exaudi_noticias\" \/>\n<meta name=\"twitter:site\" content=\"@Exaudi_News\" \/>\n<meta name=\"twitter:label1\" content=\"Escrito por\" \/>\n\t<meta name=\"twitter:data1\" content=\"Exaudi Redacci\u00f3n\" \/>\n\t<meta name=\"twitter:label2\" content=\"Tiempo de lectura\" \/>\n\t<meta name=\"twitter:data2\" content=\"11 minutos\" \/>\n<script type=\"application\/ld+json\" class=\"yoast-schema-graph\">{\"@context\":\"https:\\\/\\\/schema.org\",\"@graph\":[{\"@type\":\"Article\",\"@id\":\"https:\\\/\\\/exaudi.org\\\/es\\\/el-papa-leon-xiv-en-douala-cristo-nos-pregunta-hoy-que-haceis\\\/#article\",\"isPartOf\":{\"@id\":\"https:\\\/\\\/exaudi.org\\\/es\\\/el-papa-leon-xiv-en-douala-cristo-nos-pregunta-hoy-que-haceis\\\/\"},\"author\":{\"name\":\"Exaudi Redacci\u00f3n\",\"@id\":\"https:\\\/\\\/exaudi.org\\\/#\\\/schema\\\/person\\\/f5fc8f063065e38742da7afe15f25df7\"},\"headline\":\"El Papa Le\u00f3n XIV en Douala: \u201cCristo nos pregunta hoy: \u00bfqu\u00e9 hac\u00e9is?\u201d\",\"datePublished\":\"2026-04-17T14:00:43+00:00\",\"dateModified\":\"2026-04-17T19:55:12+00:00\",\"mainEntityOfPage\":{\"@id\":\"https:\\\/\\\/exaudi.org\\\/es\\\/el-papa-leon-xiv-en-douala-cristo-nos-pregunta-hoy-que-haceis\\\/\"},\"wordCount\":2181,\"image\":{\"@id\":\"https:\\\/\\\/exaudi.org\\\/es\\\/el-papa-leon-xiv-en-douala-cristo-nos-pregunta-hoy-que-haceis\\\/#primaryimage\"},\"thumbnailUrl\":\"https:\\\/\\\/exaudi.org\\\/wp-content\\\/uploads\\\/2026\\\/04\\\/cq5dam.thumbnail.cropped.750.422-10.jpeg\",\"keywords\":[\"\u00c1frica 2026\",\"beato Floribert Bwana Chui\",\"Camer\u00fan\",\"Camer\u00fan riqueza natural\",\"compartir solidaridad\",\"corrupci\u00f3n violencia rechazo\",\"Cristo pregunta hoy\",\"Douala\",\"Eucarist\u00eda hambre alma\",\"Evangelio anuncio\",\"fe familia hospitalidad\",\"homil\u00eda Japoma Stadium\",\"j\u00f3venes africanos\",\"justicia paz\",\"Le\u00f3n XIV\",\"Le\u00f3n XIV misa 17 abril\",\"multiplicaci\u00f3n de los panes\",\"multiplicar talentos j\u00f3venes\",\"pan para todos\",\"papa le\u00f3n xiv\",\"Papa Le\u00f3n XIV exhortaci\u00f3n j\u00f3venes\",\"protagonistas futuro \u00c1frica\",\"signos justicia paz fe\",\"Trending\",\"Vaticano homil\u00eda Douala\",\"Viaje Apost\u00f3lico \u00c1frica 2026\"],\"articleSection\":[\"Le\u00f3n XIV\",\"Viajes\"],\"inLanguage\":\"es\"},{\"@type\":\"WebPage\",\"@id\":\"https:\\\/\\\/exaudi.org\\\/es\\\/el-papa-leon-xiv-en-douala-cristo-nos-pregunta-hoy-que-haceis\\\/\",\"url\":\"https:\\\/\\\/exaudi.org\\\/es\\\/el-papa-leon-xiv-en-douala-cristo-nos-pregunta-hoy-que-haceis\\\/\",\"name\":\"El Papa Le\u00f3n XIV en Douala: \u201cCristo nos pregunta hoy: \u00bfqu\u00e9 hac\u00e9is?\u201d &#8211; Exaudi\",\"isPartOf\":{\"@id\":\"https:\\\/\\\/exaudi.org\\\/#website\"},\"primaryImageOfPage\":{\"@id\":\"https:\\\/\\\/exaudi.org\\\/es\\\/el-papa-leon-xiv-en-douala-cristo-nos-pregunta-hoy-que-haceis\\\/#primaryimage\"},\"image\":{\"@id\":\"https:\\\/\\\/exaudi.org\\\/es\\\/el-papa-leon-xiv-en-douala-cristo-nos-pregunta-hoy-que-haceis\\\/#primaryimage\"},\"thumbnailUrl\":\"https:\\\/\\\/exaudi.org\\\/wp-content\\\/uploads\\\/2026\\\/04\\\/cq5dam.thumbnail.cropped.750.422-10.jpeg\",\"datePublished\":\"2026-04-17T14:00:43+00:00\",\"dateModified\":\"2026-04-17T19:55:12+00:00\",\"author\":{\"@id\":\"https:\\\/\\\/exaudi.org\\\/#\\\/schema\\\/person\\\/f5fc8f063065e38742da7afe15f25df7\"},\"breadcrumb\":{\"@id\":\"https:\\\/\\\/exaudi.org\\\/es\\\/el-papa-leon-xiv-en-douala-cristo-nos-pregunta-hoy-que-haceis\\\/#breadcrumb\"},\"inLanguage\":\"es\",\"potentialAction\":[{\"@type\":\"ReadAction\",\"target\":[\"https:\\\/\\\/exaudi.org\\\/es\\\/el-papa-leon-xiv-en-douala-cristo-nos-pregunta-hoy-que-haceis\\\/\"]}]},{\"@type\":\"ImageObject\",\"inLanguage\":\"es\",\"@id\":\"https:\\\/\\\/exaudi.org\\\/es\\\/el-papa-leon-xiv-en-douala-cristo-nos-pregunta-hoy-que-haceis\\\/#primaryimage\",\"url\":\"https:\\\/\\\/exaudi.org\\\/wp-content\\\/uploads\\\/2026\\\/04\\\/cq5dam.thumbnail.cropped.750.422-10.jpeg\",\"contentUrl\":\"https:\\\/\\\/exaudi.org\\\/wp-content\\\/uploads\\\/2026\\\/04\\\/cq5dam.thumbnail.cropped.750.422-10.jpeg\",\"width\":750,\"height\":422},{\"@type\":\"BreadcrumbList\",\"@id\":\"https:\\\/\\\/exaudi.org\\\/es\\\/el-papa-leon-xiv-en-douala-cristo-nos-pregunta-hoy-que-haceis\\\/#breadcrumb\",\"itemListElement\":[{\"@type\":\"ListItem\",\"position\":1,\"name\":\"Portada\",\"item\":\"https:\\\/\\\/exaudi.org\\\/es\\\/\"},{\"@type\":\"ListItem\",\"position\":2,\"name\":\"El Papa Le\u00f3n XIV en Douala: \u201cCristo nos pregunta hoy: \u00bfqu\u00e9 hac\u00e9is?\u201d\"}]},{\"@type\":\"WebSite\",\"@id\":\"https:\\\/\\\/exaudi.org\\\/#website\",\"url\":\"https:\\\/\\\/exaudi.org\\\/\",\"name\":\"Exaudi\",\"description\":\"News\",\"potentialAction\":[{\"@type\":\"SearchAction\",\"target\":{\"@type\":\"EntryPoint\",\"urlTemplate\":\"https:\\\/\\\/exaudi.org\\\/?s={search_term_string}\"},\"query-input\":{\"@type\":\"PropertyValueSpecification\",\"valueRequired\":true,\"valueName\":\"search_term_string\"}}],\"inLanguage\":\"es\"},{\"@type\":\"Person\",\"@id\":\"https:\\\/\\\/exaudi.org\\\/#\\\/schema\\\/person\\\/f5fc8f063065e38742da7afe15f25df7\",\"name\":\"Exaudi Redacci\u00f3n\",\"image\":{\"@type\":\"ImageObject\",\"inLanguage\":\"es\",\"@id\":\"https:\\\/\\\/secure.gravatar.com\\\/avatar\\\/fe0f6a059fb68d9b3e11bc5850dd4899b1c7492091a3cb6dd9b01b56ad828be2?s=96&d=mm&r=g\",\"url\":\"https:\\\/\\\/secure.gravatar.com\\\/avatar\\\/fe0f6a059fb68d9b3e11bc5850dd4899b1c7492091a3cb6dd9b01b56ad828be2?s=96&d=mm&r=g\",\"contentUrl\":\"https:\\\/\\\/secure.gravatar.com\\\/avatar\\\/fe0f6a059fb68d9b3e11bc5850dd4899b1c7492091a3cb6dd9b01b56ad828be2?s=96&d=mm&r=g\",\"caption\":\"Exaudi Redacci\u00f3n\"},\"description\":\"\u00bfQu\u00e9 es Exaudi News? Exaudi News es un medio de comunicaci\u00f3n cat\u00f3lico internacional que informa, forma y transforma, diariamente en espa\u00f1ol, ingl\u00e9s e italiano. A trav\u00e9s de noticias, art\u00edculos de an\u00e1lisis y transmisiones en directo de los eventos del Papa, Exaudi busca fortalecer la unidad de los cristianos y contribuir a la evangelizaci\u00f3n del mundo, siempre guiados por la doctrina social de la Iglesia. Trabajamos para acercar la verdad y los valores cristianos a cada rinc\u00f3n del planeta. \u00a1Ay\u00fadanos a transformar el mundo con Exaudi! En Exaudi creemos que la evangelizaci\u00f3n y la informaci\u00f3n de calidad pueden cambiar vidas. Para continuar con nuestra misi\u00f3n y expandir nuestro alcance, necesitamos tu ayuda. Adem\u00e1s, buscamos personas comprometidas que deseen unirse a nuestro equipo. Con tu apoyo, lograremos llegar a m\u00e1s personas, difundir el mensaje de Cristo y reforzar la unidad de los cristianos. \u00bfTe unes a nuestra misi\u00f3n? Para m\u00e1s informaci\u00f3n sobre c\u00f3mo colaborar, visita Exaudi.org\\\/es o cont\u00e1ctanos directamente: info@exaudi.org Exaudi: Informa, forma y transforma.\",\"sameAs\":[\"https:\\\/\\\/www.facebook.com\\\/ExaudiNoticias\\\/\",\"https:\\\/\\\/www.instagram.com\\\/exaudi_noticias\\\/\",\"https:\\\/\\\/x.com\\\/Exaudi_noticias\",\"https:\\\/\\\/www.youtube.com\\\/@exaudicatholicnews\"],\"url\":\"https:\\\/\\\/exaudi.org\\\/es\\\/author\\\/redaccionexaudi\\\/\"}]}<\/script>\n<!-- \/ Yoast SEO plugin. -->","yoast_head_json":{"title":"El Papa Le\u00f3n XIV en Douala: \u201cCristo nos pregunta hoy: \u00bfqu\u00e9 hac\u00e9is?\u201d &#8211; Exaudi","robots":{"index":"index","follow":"follow","max-snippet":"max-snippet:-1","max-image-preview":"max-image-preview:large","max-video-preview":"max-video-preview:-1"},"canonical":"https:\/\/exaudi.org\/es\/el-papa-leon-xiv-en-douala-cristo-nos-pregunta-hoy-que-haceis\/","og_locale":"es_ES","og_type":"article","og_title":"El Papa Le\u00f3n XIV en Douala: \u201cCristo nos pregunta hoy: \u00bfqu\u00e9 hac\u00e9is?\u201d &#8211; Exaudi","og_description":"Una homil\u00eda vibrante ante 120.000 fieles que invita a los j\u00f3venes africanos a ser protagonistas del futuro a trav\u00e9s del compartir, la justicia y el anuncio del Evangelio","og_url":"https:\/\/exaudi.org\/es\/el-papa-leon-xiv-en-douala-cristo-nos-pregunta-hoy-que-haceis\/","og_site_name":"Exaudi","article_publisher":"https:\/\/www.facebook.com\/ExaudiNews","article_author":"https:\/\/www.facebook.com\/ExaudiNoticias\/","article_published_time":"2026-04-17T14:00:43+00:00","article_modified_time":"2026-04-17T19:55:12+00:00","og_image":[{"width":750,"height":422,"url":"https:\/\/exaudi.org\/wp-content\/uploads\/2026\/04\/cq5dam.thumbnail.cropped.750.422-10.jpeg","type":"image\/jpeg"}],"author":"Exaudi Redacci\u00f3n","twitter_card":"summary_large_image","twitter_creator":"@Exaudi_noticias","twitter_site":"@Exaudi_News","twitter_misc":{"Escrito por":"Exaudi Redacci\u00f3n","Tiempo de lectura":"11 minutos"},"schema":{"@context":"https:\/\/schema.org","@graph":[{"@type":"Article","@id":"https:\/\/exaudi.org\/es\/el-papa-leon-xiv-en-douala-cristo-nos-pregunta-hoy-que-haceis\/#article","isPartOf":{"@id":"https:\/\/exaudi.org\/es\/el-papa-leon-xiv-en-douala-cristo-nos-pregunta-hoy-que-haceis\/"},"author":{"name":"Exaudi Redacci\u00f3n","@id":"https:\/\/exaudi.org\/#\/schema\/person\/f5fc8f063065e38742da7afe15f25df7"},"headline":"El Papa Le\u00f3n XIV en Douala: \u201cCristo nos pregunta hoy: \u00bfqu\u00e9 hac\u00e9is?\u201d","datePublished":"2026-04-17T14:00:43+00:00","dateModified":"2026-04-17T19:55:12+00:00","mainEntityOfPage":{"@id":"https:\/\/exaudi.org\/es\/el-papa-leon-xiv-en-douala-cristo-nos-pregunta-hoy-que-haceis\/"},"wordCount":2181,"image":{"@id":"https:\/\/exaudi.org\/es\/el-papa-leon-xiv-en-douala-cristo-nos-pregunta-hoy-que-haceis\/#primaryimage"},"thumbnailUrl":"https:\/\/exaudi.org\/wp-content\/uploads\/2026\/04\/cq5dam.thumbnail.cropped.750.422-10.jpeg","keywords":["\u00c1frica 2026","beato Floribert Bwana Chui","Camer\u00fan","Camer\u00fan riqueza natural","compartir solidaridad","corrupci\u00f3n violencia rechazo","Cristo pregunta hoy","Douala","Eucarist\u00eda hambre alma","Evangelio anuncio","fe familia hospitalidad","homil\u00eda Japoma Stadium","j\u00f3venes africanos","justicia paz","Le\u00f3n XIV","Le\u00f3n XIV misa 17 abril","multiplicaci\u00f3n de los panes","multiplicar talentos j\u00f3venes","pan para todos","papa le\u00f3n xiv","Papa Le\u00f3n XIV exhortaci\u00f3n j\u00f3venes","protagonistas futuro \u00c1frica","signos justicia paz fe","Trending","Vaticano homil\u00eda Douala","Viaje Apost\u00f3lico \u00c1frica 2026"],"articleSection":["Le\u00f3n XIV","Viajes"],"inLanguage":"es"},{"@type":"WebPage","@id":"https:\/\/exaudi.org\/es\/el-papa-leon-xiv-en-douala-cristo-nos-pregunta-hoy-que-haceis\/","url":"https:\/\/exaudi.org\/es\/el-papa-leon-xiv-en-douala-cristo-nos-pregunta-hoy-que-haceis\/","name":"El Papa Le\u00f3n XIV en Douala: \u201cCristo nos pregunta hoy: \u00bfqu\u00e9 hac\u00e9is?\u201d &#8211; Exaudi","isPartOf":{"@id":"https:\/\/exaudi.org\/#website"},"primaryImageOfPage":{"@id":"https:\/\/exaudi.org\/es\/el-papa-leon-xiv-en-douala-cristo-nos-pregunta-hoy-que-haceis\/#primaryimage"},"image":{"@id":"https:\/\/exaudi.org\/es\/el-papa-leon-xiv-en-douala-cristo-nos-pregunta-hoy-que-haceis\/#primaryimage"},"thumbnailUrl":"https:\/\/exaudi.org\/wp-content\/uploads\/2026\/04\/cq5dam.thumbnail.cropped.750.422-10.jpeg","datePublished":"2026-04-17T14:00:43+00:00","dateModified":"2026-04-17T19:55:12+00:00","author":{"@id":"https:\/\/exaudi.org\/#\/schema\/person\/f5fc8f063065e38742da7afe15f25df7"},"breadcrumb":{"@id":"https:\/\/exaudi.org\/es\/el-papa-leon-xiv-en-douala-cristo-nos-pregunta-hoy-que-haceis\/#breadcrumb"},"inLanguage":"es","potentialAction":[{"@type":"ReadAction","target":["https:\/\/exaudi.org\/es\/el-papa-leon-xiv-en-douala-cristo-nos-pregunta-hoy-que-haceis\/"]}]},{"@type":"ImageObject","inLanguage":"es","@id":"https:\/\/exaudi.org\/es\/el-papa-leon-xiv-en-douala-cristo-nos-pregunta-hoy-que-haceis\/#primaryimage","url":"https:\/\/exaudi.org\/wp-content\/uploads\/2026\/04\/cq5dam.thumbnail.cropped.750.422-10.jpeg","contentUrl":"https:\/\/exaudi.org\/wp-content\/uploads\/2026\/04\/cq5dam.thumbnail.cropped.750.422-10.jpeg","width":750,"height":422},{"@type":"BreadcrumbList","@id":"https:\/\/exaudi.org\/es\/el-papa-leon-xiv-en-douala-cristo-nos-pregunta-hoy-que-haceis\/#breadcrumb","itemListElement":[{"@type":"ListItem","position":1,"name":"Portada","item":"https:\/\/exaudi.org\/es\/"},{"@type":"ListItem","position":2,"name":"El Papa Le\u00f3n XIV en Douala: \u201cCristo nos pregunta hoy: \u00bfqu\u00e9 hac\u00e9is?\u201d"}]},{"@type":"WebSite","@id":"https:\/\/exaudi.org\/#website","url":"https:\/\/exaudi.org\/","name":"Exaudi","description":"News","potentialAction":[{"@type":"SearchAction","target":{"@type":"EntryPoint","urlTemplate":"https:\/\/exaudi.org\/?s={search_term_string}"},"query-input":{"@type":"PropertyValueSpecification","valueRequired":true,"valueName":"search_term_string"}}],"inLanguage":"es"},{"@type":"Person","@id":"https:\/\/exaudi.org\/#\/schema\/person\/f5fc8f063065e38742da7afe15f25df7","name":"Exaudi Redacci\u00f3n","image":{"@type":"ImageObject","inLanguage":"es","@id":"https:\/\/secure.gravatar.com\/avatar\/fe0f6a059fb68d9b3e11bc5850dd4899b1c7492091a3cb6dd9b01b56ad828be2?s=96&d=mm&r=g","url":"https:\/\/secure.gravatar.com\/avatar\/fe0f6a059fb68d9b3e11bc5850dd4899b1c7492091a3cb6dd9b01b56ad828be2?s=96&d=mm&r=g","contentUrl":"https:\/\/secure.gravatar.com\/avatar\/fe0f6a059fb68d9b3e11bc5850dd4899b1c7492091a3cb6dd9b01b56ad828be2?s=96&d=mm&r=g","caption":"Exaudi Redacci\u00f3n"},"description":"\u00bfQu\u00e9 es Exaudi News? Exaudi News es un medio de comunicaci\u00f3n cat\u00f3lico internacional que informa, forma y transforma, diariamente en espa\u00f1ol, ingl\u00e9s e italiano. A trav\u00e9s de noticias, art\u00edculos de an\u00e1lisis y transmisiones en directo de los eventos del Papa, Exaudi busca fortalecer la unidad de los cristianos y contribuir a la evangelizaci\u00f3n del mundo, siempre guiados por la doctrina social de la Iglesia. Trabajamos para acercar la verdad y los valores cristianos a cada rinc\u00f3n del planeta. \u00a1Ay\u00fadanos a transformar el mundo con Exaudi! En Exaudi creemos que la evangelizaci\u00f3n y la informaci\u00f3n de calidad pueden cambiar vidas. Para continuar con nuestra misi\u00f3n y expandir nuestro alcance, necesitamos tu ayuda. Adem\u00e1s, buscamos personas comprometidas que deseen unirse a nuestro equipo. Con tu apoyo, lograremos llegar a m\u00e1s personas, difundir el mensaje de Cristo y reforzar la unidad de los cristianos. \u00bfTe unes a nuestra misi\u00f3n? Para m\u00e1s informaci\u00f3n sobre c\u00f3mo colaborar, visita Exaudi.org\/es o cont\u00e1ctanos directamente: info@exaudi.org Exaudi: Informa, forma y transforma.","sameAs":["https:\/\/www.facebook.com\/ExaudiNoticias\/","https:\/\/www.instagram.com\/exaudi_noticias\/","https:\/\/x.com\/Exaudi_noticias","https:\/\/www.youtube.com\/@exaudicatholicnews"],"url":"https:\/\/exaudi.org\/es\/author\/redaccionexaudi\/"}]}},"jetpack_featured_media_url":"https:\/\/exaudi.org\/wp-content\/uploads\/2026\/04\/cq5dam.thumbnail.cropped.750.422-10.jpeg","jetpack_shortlink":"https:\/\/wp.me\/pgKjF2-Hkd","_links":{"self":[{"href":"https:\/\/exaudi.org\/es\/wp-json\/wp\/v2\/posts\/166545","targetHints":{"allow":["GET"]}}],"collection":[{"href":"https:\/\/exaudi.org\/es\/wp-json\/wp\/v2\/posts"}],"about":[{"href":"https:\/\/exaudi.org\/es\/wp-json\/wp\/v2\/types\/post"}],"author":[{"embeddable":true,"href":"https:\/\/exaudi.org\/es\/wp-json\/wp\/v2\/users\/15"}],"replies":[{"embeddable":true,"href":"https:\/\/exaudi.org\/es\/wp-json\/wp\/v2\/comments?post=166545"}],"version-history":[{"count":5,"href":"https:\/\/exaudi.org\/es\/wp-json\/wp\/v2\/posts\/166545\/revisions"}],"predecessor-version":[{"id":166559,"href":"https:\/\/exaudi.org\/es\/wp-json\/wp\/v2\/posts\/166545\/revisions\/166559"}],"wp:featuredmedia":[{"embeddable":true,"href":"https:\/\/exaudi.org\/es\/wp-json\/wp\/v2\/media\/166547"}],"wp:attachment":[{"href":"https:\/\/exaudi.org\/es\/wp-json\/wp\/v2\/media?parent=166545"}],"wp:term":[{"taxonomy":"category","embeddable":true,"href":"https:\/\/exaudi.org\/es\/wp-json\/wp\/v2\/categories?post=166545"},{"taxonomy":"post_tag","embeddable":true,"href":"https:\/\/exaudi.org\/es\/wp-json\/wp\/v2\/tags?post=166545"}],"curies":[{"name":"wp","href":"https:\/\/api.w.org\/{rel}","templated":true}]}}