{"id":1659,"date":"2021-02-22T16:17:52","date_gmt":"2021-02-22T16:17:52","guid":{"rendered":"https:\/\/exaudi.org\/?p=1659"},"modified":"2021-02-24T17:17:44","modified_gmt":"2021-02-24T17:17:44","slug":"papa-visita-edith-bruck-superviviente-holocausto-2021","status":"publish","type":"post","link":"https:\/\/exaudi.org\/es\/papa-visita-edith-bruck-superviviente-holocausto-2021\/","title":{"rendered":"El Papa visita a Edith Bruck, superviviente del Holocausto"},"content":{"rendered":"<p>El <a href=\"https:\/\/exaudi.org\/es\/angelus-papa-divina-misericordia\/\" target=\"_blank\" rel=\"noopener\">Papa Francisco<\/a> ha visitado a Edith Bruck, una superviviente del Holocausto. Lo ha hecho en una excursi\u00f3n sorpresa desde la Ciudad del Vaticano hasta el centro de Roma.<\/p>\n<p>Seg\u00fan refleja una nota del 20 de febrero del director de la Oficina de Prensa de la Santa Sede, Matteo Bruni, a los periodistas acreditados, afirm\u00f3 lo siguiente: \u201cEsta tarde, a las 16 horas, el Santo Padre ha visitado a la poeta y superviviente del Holocausto, la se\u00f1ora Edith Bruck, en su casa de Roma\u201d.<\/p>\n<p>La escritora de origen h\u00fangaro, nacida Edith Steinschreiber en el seno de una familia jud\u00eda pobre de Tiszabercel, fue deportada en 1944 a Auschwitz, junto con sus padres y la mayor\u00eda de sus hermanos. Tras su paso por el campo de concentraci\u00f3n cuando era ni\u00f1a, vivi\u00f3 en varios pa\u00edses y se instal\u00f3 en Italia en 1954.<\/p>\n<p>Italia se ha convertido en su hogar de adopci\u00f3n. Ha pasado la mayor parte de su vida en el pa\u00eds y escribe en italiano. Autora de novelas, poes\u00eda, relatos y pel\u00edculas, ha recibido varios premios literarios y sus obras han sido traducidas a m\u00faltiples idiomas.<\/p>\n<p>\u201cLa conversaci\u00f3n con el Papa\u201d, explic\u00f3 el portavoz del Vaticano, \u201crememor\u00f3 aquellos momentos de luz que marcaron la experiencia del infierno de los campos de concentraci\u00f3n\u201d y \u201cevoc\u00f3 temores y esperanzas para el tiempo que vivimos\u201d.<\/p>\n<p>\u201cSubrayando el valor de la memoria y el papel de los ancianos en su cultivo\u201d, Francisco y Bruck destacaron el papel de los m\u00e1s mayores en la transmisi\u00f3n de los recuerdos de esta tr\u00e1gica historia a las generaciones futuras.<\/p>\n<p>Despu\u00e9s de una hora, el Pont\u00edfice y la se\u00f1ora Bruck se despidieron y el Obispo de Roma regres\u00f3 al Vaticano.<\/p>\n<p>Los simpatizantes se reunieron fuera de la casa en Via Babuino (entre la ic\u00f3nica <em>Piazza del Popolo<\/em> de Roma y la Escalinata de Espa\u00f1a) una vez que se dieron cuenta de que el Sucesor de Pedro estaba en el interior, y esperaron a verle mientras se iba. Este salud\u00f3 cordialmente a los reunidos.<\/p>\n<p>Este es un <a href=\"https:\/\/www.amazon.it\/Libri-Edith-Bruck\/s?rh=n%3A411663031%2Cp_27%3AEdith+Bruck\" target=\"_blank\" rel=\"noopener\">enlace de la poes\u00eda de Bruck<\/a>, disponible en <em>Amazon.<\/em><\/p>\n","protected":false},"excerpt":{"rendered":"<p>Excursi\u00f3n sorpresa al centro de Roma<\/p>\n","protected":false},"author":3,"featured_media":1662,"comment_status":"closed","ping_status":"closed","sticky":false,"template":"","format":"standard","meta":{"_acf_changed":false,"_crdt_document":"","inline_featured_image":false,"footnotes":""},"categories":[68],"tags":[290,291,289,158],"class_list":["post-1659","post","type-post","status-publish","format-standard","has-post-thumbnail","hentry","category-leon-xiv","tag-23-de-febrero-de-2021","tag-edith-bruck-es","tag-holocausto","tag-papa-francisco"],"acf":[],"yoast_head":"<!-- This site is optimized with the Yoast SEO plugin v27.5 - https:\/\/yoast.com\/product\/yoast-seo-wordpress\/ -->\n<title>El Papa visita a Edith Bruck, superviviente del Holocausto - Exaudi Espa\u00f1a<\/title>\n<meta name=\"description\" content=\"El Papa visit\u00f3 a Edith Bruck, una superviviente del Holocausto, en una excursi\u00f3n sorpresa del Vaticano al centro de Roma.\" \/>\n<meta name=\"robots\" content=\"index, follow, max-snippet:-1, max-image-preview:large, max-video-preview:-1\" \/>\n<link rel=\"canonical\" href=\"https:\/\/exaudi.org\/es\/papa-visita-edith-bruck-superviviente-holocausto-2021\/\" \/>\n<meta property=\"og:locale\" content=\"es_ES\" \/>\n<meta property=\"og:type\" content=\"article\" \/>\n<meta property=\"og:title\" content=\"El Papa visita a Edith Bruck, superviviente del Holocausto - Exaudi Espa\u00f1a\" \/>\n<meta property=\"og:description\" content=\"El Papa visit\u00f3 a Edith Bruck, una superviviente del Holocausto, en una excursi\u00f3n sorpresa del Vaticano al centro de Roma.\" \/>\n<meta property=\"og:url\" content=\"https:\/\/exaudi.org\/es\/papa-visita-edith-bruck-superviviente-holocausto-2021\/\" \/>\n<meta property=\"og:site_name\" content=\"Exaudi\" \/>\n<meta property=\"article:publisher\" content=\"https:\/\/www.facebook.com\/ExaudiNews\" \/>\n<meta property=\"article:published_time\" content=\"2021-02-22T16:17:52+00:00\" \/>\n<meta property=\"article:modified_time\" content=\"2021-02-24T17:17:44+00:00\" \/>\n<meta property=\"og:image\" content=\"https:\/\/exaudi.org\/wp-content\/uploads\/2021\/02\/Papa-Bruck-768x575-1.jpeg\" \/>\n\t<meta property=\"og:image:width\" content=\"768\" \/>\n\t<meta property=\"og:image:height\" content=\"575\" \/>\n\t<meta property=\"og:image:type\" content=\"image\/jpeg\" \/>\n<meta name=\"author\" content=\"Deborah Castellano Lubov\" \/>\n<meta name=\"twitter:card\" content=\"summary_large_image\" \/>\n<meta name=\"twitter:creator\" content=\"@Exaudi_News\" \/>\n<meta name=\"twitter:site\" content=\"@Exaudi_News\" \/>\n<meta name=\"twitter:label1\" content=\"Escrito por\" \/>\n\t<meta name=\"twitter:data1\" content=\"Deborah Castellano Lubov\" \/>\n\t<meta name=\"twitter:label2\" content=\"Tiempo de lectura\" \/>\n\t<meta name=\"twitter:data2\" content=\"2 minutos\" \/>\n<script type=\"application\/ld+json\" class=\"yoast-schema-graph\">{\"@context\":\"https:\\\/\\\/schema.org\",\"@graph\":[{\"@type\":\"Article\",\"@id\":\"https:\\\/\\\/exaudi.org\\\/es\\\/papa-visita-edith-bruck-superviviente-holocausto-2021\\\/#article\",\"isPartOf\":{\"@id\":\"https:\\\/\\\/exaudi.org\\\/es\\\/papa-visita-edith-bruck-superviviente-holocausto-2021\\\/\"},\"author\":{\"name\":\"Deborah Castellano Lubov\",\"@id\":\"https:\\\/\\\/exaudi.org\\\/#\\\/schema\\\/person\\\/ca36230f63b85cb8badafaa15f06d602\"},\"headline\":\"El Papa visita a Edith Bruck, superviviente del Holocausto\",\"datePublished\":\"2021-02-22T16:17:52+00:00\",\"dateModified\":\"2021-02-24T17:17:44+00:00\",\"mainEntityOfPage\":{\"@id\":\"https:\\\/\\\/exaudi.org\\\/es\\\/papa-visita-edith-bruck-superviviente-holocausto-2021\\\/\"},\"wordCount\":375,\"image\":{\"@id\":\"https:\\\/\\\/exaudi.org\\\/es\\\/papa-visita-edith-bruck-superviviente-holocausto-2021\\\/#primaryimage\"},\"thumbnailUrl\":\"https:\\\/\\\/exaudi.org\\\/wp-content\\\/uploads\\\/2021\\\/02\\\/Papa-Bruck-768x575-1.jpeg\",\"keywords\":[\"23 de febrero de 2021\",\"edith bruck\",\"Holocausto\",\"papa francisco\"],\"articleSection\":[\"Le\u00f3n XIV\"],\"inLanguage\":\"es\"},{\"@type\":\"WebPage\",\"@id\":\"https:\\\/\\\/exaudi.org\\\/es\\\/papa-visita-edith-bruck-superviviente-holocausto-2021\\\/\",\"url\":\"https:\\\/\\\/exaudi.org\\\/es\\\/papa-visita-edith-bruck-superviviente-holocausto-2021\\\/\",\"name\":\"El Papa visita a Edith Bruck, superviviente del Holocausto - Exaudi Espa\u00f1a\",\"isPartOf\":{\"@id\":\"https:\\\/\\\/exaudi.org\\\/#website\"},\"primaryImageOfPage\":{\"@id\":\"https:\\\/\\\/exaudi.org\\\/es\\\/papa-visita-edith-bruck-superviviente-holocausto-2021\\\/#primaryimage\"},\"image\":{\"@id\":\"https:\\\/\\\/exaudi.org\\\/es\\\/papa-visita-edith-bruck-superviviente-holocausto-2021\\\/#primaryimage\"},\"thumbnailUrl\":\"https:\\\/\\\/exaudi.org\\\/wp-content\\\/uploads\\\/2021\\\/02\\\/Papa-Bruck-768x575-1.jpeg\",\"datePublished\":\"2021-02-22T16:17:52+00:00\",\"dateModified\":\"2021-02-24T17:17:44+00:00\",\"author\":{\"@id\":\"https:\\\/\\\/exaudi.org\\\/#\\\/schema\\\/person\\\/ca36230f63b85cb8badafaa15f06d602\"},\"description\":\"El Papa visit\u00f3 a Edith Bruck, una superviviente del Holocausto, en una excursi\u00f3n sorpresa del Vaticano al centro de Roma.\",\"breadcrumb\":{\"@id\":\"https:\\\/\\\/exaudi.org\\\/es\\\/papa-visita-edith-bruck-superviviente-holocausto-2021\\\/#breadcrumb\"},\"inLanguage\":\"es\",\"potentialAction\":[{\"@type\":\"ReadAction\",\"target\":[\"https:\\\/\\\/exaudi.org\\\/es\\\/papa-visita-edith-bruck-superviviente-holocausto-2021\\\/\"]}]},{\"@type\":\"ImageObject\",\"inLanguage\":\"es\",\"@id\":\"https:\\\/\\\/exaudi.org\\\/es\\\/papa-visita-edith-bruck-superviviente-holocausto-2021\\\/#primaryimage\",\"url\":\"https:\\\/\\\/exaudi.org\\\/wp-content\\\/uploads\\\/2021\\\/02\\\/Papa-Bruck-768x575-1.jpeg\",\"contentUrl\":\"https:\\\/\\\/exaudi.org\\\/wp-content\\\/uploads\\\/2021\\\/02\\\/Papa-Bruck-768x575-1.jpeg\",\"width\":768,\"height\":575,\"caption\":\"El Papa Francisco junto a Edith Bruck \u00a9 Vatican Media\"},{\"@type\":\"BreadcrumbList\",\"@id\":\"https:\\\/\\\/exaudi.org\\\/es\\\/papa-visita-edith-bruck-superviviente-holocausto-2021\\\/#breadcrumb\",\"itemListElement\":[{\"@type\":\"ListItem\",\"position\":1,\"name\":\"Portada\",\"item\":\"https:\\\/\\\/exaudi.org\\\/es\\\/\"},{\"@type\":\"ListItem\",\"position\":2,\"name\":\"El Papa visita a Edith Bruck, superviviente del Holocausto\"}]},{\"@type\":\"WebSite\",\"@id\":\"https:\\\/\\\/exaudi.org\\\/#website\",\"url\":\"https:\\\/\\\/exaudi.org\\\/\",\"name\":\"Exaudi\",\"description\":\"News\",\"potentialAction\":[{\"@type\":\"SearchAction\",\"target\":{\"@type\":\"EntryPoint\",\"urlTemplate\":\"https:\\\/\\\/exaudi.org\\\/?s={search_term_string}\"},\"query-input\":{\"@type\":\"PropertyValueSpecification\",\"valueRequired\":true,\"valueName\":\"search_term_string\"}}],\"inLanguage\":\"es\"},{\"@type\":\"Person\",\"@id\":\"https:\\\/\\\/exaudi.org\\\/#\\\/schema\\\/person\\\/ca36230f63b85cb8badafaa15f06d602\",\"name\":\"Deborah Castellano Lubov\",\"image\":{\"@type\":\"ImageObject\",\"inLanguage\":\"es\",\"@id\":\"https:\\\/\\\/secure.gravatar.com\\\/avatar\\\/1634e49afca8a60560a6701011a51b43f0e7362f22afa1fa6c37dfb70bd8d6a8?s=96&d=mm&r=g\",\"url\":\"https:\\\/\\\/secure.gravatar.com\\\/avatar\\\/1634e49afca8a60560a6701011a51b43f0e7362f22afa1fa6c37dfb70bd8d6a8?s=96&d=mm&r=g\",\"contentUrl\":\"https:\\\/\\\/secure.gravatar.com\\\/avatar\\\/1634e49afca8a60560a6701011a51b43f0e7362f22afa1fa6c37dfb70bd8d6a8?s=96&d=mm&r=g\",\"caption\":\"Deborah Castellano Lubov\"},\"description\":\"Deborah Castellano Lubov is Editorial Director &amp; Senior Vatican &amp; Rome Correspondent for EXAUDI (&amp; Prior, for ZENIT); Author of 'The Other Francis' ('L'Altro Francesco') featuring interviews with those closest to the Pope and preface by Vatican Secretary of State Cardinal Parolin (currently published in 5 languages); Deborah is also NBC &amp; MSNBC Vatican Analyst. She often covers the Pope's travels abroad, often from the Papal Flight (including for historic trips such as to Abu Dhabi and Japan &amp; Thailand), and has also asked him questions on the return-flight press conference on behalf of the English-speaking press present. Lubov has done much TV &amp; radio commentary, including for NBC, Sky, EWTN, BBC, Vatican Radio, AP, Reuters and more. She also has contributed to various books on the Pope and has written for various Catholic publications. For 'The Other Francis': http:\\\/\\\/www.gracewing.co.uk\\\/page219.html or https:\\\/\\\/www.amazon.com\\\/Other-Francis-Everything-They-about\\\/dp\\\/0852449348\\\/\",\"url\":\"https:\\\/\\\/exaudi.org\\\/es\\\/author\\\/dlubovexaudi-org\\\/\"}]}<\/script>\n<!-- \/ Yoast SEO plugin. -->","yoast_head_json":{"title":"El Papa visita a Edith Bruck, superviviente del Holocausto - Exaudi Espa\u00f1a","description":"El Papa visit\u00f3 a Edith Bruck, una superviviente del Holocausto, en una excursi\u00f3n sorpresa del Vaticano al centro de Roma.","robots":{"index":"index","follow":"follow","max-snippet":"max-snippet:-1","max-image-preview":"max-image-preview:large","max-video-preview":"max-video-preview:-1"},"canonical":"https:\/\/exaudi.org\/es\/papa-visita-edith-bruck-superviviente-holocausto-2021\/","og_locale":"es_ES","og_type":"article","og_title":"El Papa visita a Edith Bruck, superviviente del Holocausto - Exaudi Espa\u00f1a","og_description":"El Papa visit\u00f3 a Edith Bruck, una superviviente del Holocausto, en una excursi\u00f3n sorpresa del Vaticano al centro de Roma.","og_url":"https:\/\/exaudi.org\/es\/papa-visita-edith-bruck-superviviente-holocausto-2021\/","og_site_name":"Exaudi","article_publisher":"https:\/\/www.facebook.com\/ExaudiNews","article_published_time":"2021-02-22T16:17:52+00:00","article_modified_time":"2021-02-24T17:17:44+00:00","og_image":[{"width":768,"height":575,"url":"https:\/\/exaudi.org\/wp-content\/uploads\/2021\/02\/Papa-Bruck-768x575-1.jpeg","type":"image\/jpeg"}],"author":"Deborah Castellano Lubov","twitter_card":"summary_large_image","twitter_creator":"@Exaudi_News","twitter_site":"@Exaudi_News","twitter_misc":{"Escrito por":"Deborah Castellano Lubov","Tiempo de lectura":"2 minutos"},"schema":{"@context":"https:\/\/schema.org","@graph":[{"@type":"Article","@id":"https:\/\/exaudi.org\/es\/papa-visita-edith-bruck-superviviente-holocausto-2021\/#article","isPartOf":{"@id":"https:\/\/exaudi.org\/es\/papa-visita-edith-bruck-superviviente-holocausto-2021\/"},"author":{"name":"Deborah Castellano Lubov","@id":"https:\/\/exaudi.org\/#\/schema\/person\/ca36230f63b85cb8badafaa15f06d602"},"headline":"El Papa visita a Edith Bruck, superviviente del Holocausto","datePublished":"2021-02-22T16:17:52+00:00","dateModified":"2021-02-24T17:17:44+00:00","mainEntityOfPage":{"@id":"https:\/\/exaudi.org\/es\/papa-visita-edith-bruck-superviviente-holocausto-2021\/"},"wordCount":375,"image":{"@id":"https:\/\/exaudi.org\/es\/papa-visita-edith-bruck-superviviente-holocausto-2021\/#primaryimage"},"thumbnailUrl":"https:\/\/exaudi.org\/wp-content\/uploads\/2021\/02\/Papa-Bruck-768x575-1.jpeg","keywords":["23 de febrero de 2021","edith bruck","Holocausto","papa francisco"],"articleSection":["Le\u00f3n XIV"],"inLanguage":"es"},{"@type":"WebPage","@id":"https:\/\/exaudi.org\/es\/papa-visita-edith-bruck-superviviente-holocausto-2021\/","url":"https:\/\/exaudi.org\/es\/papa-visita-edith-bruck-superviviente-holocausto-2021\/","name":"El Papa visita a Edith Bruck, superviviente del Holocausto - Exaudi Espa\u00f1a","isPartOf":{"@id":"https:\/\/exaudi.org\/#website"},"primaryImageOfPage":{"@id":"https:\/\/exaudi.org\/es\/papa-visita-edith-bruck-superviviente-holocausto-2021\/#primaryimage"},"image":{"@id":"https:\/\/exaudi.org\/es\/papa-visita-edith-bruck-superviviente-holocausto-2021\/#primaryimage"},"thumbnailUrl":"https:\/\/exaudi.org\/wp-content\/uploads\/2021\/02\/Papa-Bruck-768x575-1.jpeg","datePublished":"2021-02-22T16:17:52+00:00","dateModified":"2021-02-24T17:17:44+00:00","author":{"@id":"https:\/\/exaudi.org\/#\/schema\/person\/ca36230f63b85cb8badafaa15f06d602"},"description":"El Papa visit\u00f3 a Edith Bruck, una superviviente del Holocausto, en una excursi\u00f3n sorpresa del Vaticano al centro de Roma.","breadcrumb":{"@id":"https:\/\/exaudi.org\/es\/papa-visita-edith-bruck-superviviente-holocausto-2021\/#breadcrumb"},"inLanguage":"es","potentialAction":[{"@type":"ReadAction","target":["https:\/\/exaudi.org\/es\/papa-visita-edith-bruck-superviviente-holocausto-2021\/"]}]},{"@type":"ImageObject","inLanguage":"es","@id":"https:\/\/exaudi.org\/es\/papa-visita-edith-bruck-superviviente-holocausto-2021\/#primaryimage","url":"https:\/\/exaudi.org\/wp-content\/uploads\/2021\/02\/Papa-Bruck-768x575-1.jpeg","contentUrl":"https:\/\/exaudi.org\/wp-content\/uploads\/2021\/02\/Papa-Bruck-768x575-1.jpeg","width":768,"height":575,"caption":"El Papa Francisco junto a Edith Bruck \u00a9 Vatican Media"},{"@type":"BreadcrumbList","@id":"https:\/\/exaudi.org\/es\/papa-visita-edith-bruck-superviviente-holocausto-2021\/#breadcrumb","itemListElement":[{"@type":"ListItem","position":1,"name":"Portada","item":"https:\/\/exaudi.org\/es\/"},{"@type":"ListItem","position":2,"name":"El Papa visita a Edith Bruck, superviviente del Holocausto"}]},{"@type":"WebSite","@id":"https:\/\/exaudi.org\/#website","url":"https:\/\/exaudi.org\/","name":"Exaudi","description":"News","potentialAction":[{"@type":"SearchAction","target":{"@type":"EntryPoint","urlTemplate":"https:\/\/exaudi.org\/?s={search_term_string}"},"query-input":{"@type":"PropertyValueSpecification","valueRequired":true,"valueName":"search_term_string"}}],"inLanguage":"es"},{"@type":"Person","@id":"https:\/\/exaudi.org\/#\/schema\/person\/ca36230f63b85cb8badafaa15f06d602","name":"Deborah Castellano Lubov","image":{"@type":"ImageObject","inLanguage":"es","@id":"https:\/\/secure.gravatar.com\/avatar\/1634e49afca8a60560a6701011a51b43f0e7362f22afa1fa6c37dfb70bd8d6a8?s=96&d=mm&r=g","url":"https:\/\/secure.gravatar.com\/avatar\/1634e49afca8a60560a6701011a51b43f0e7362f22afa1fa6c37dfb70bd8d6a8?s=96&d=mm&r=g","contentUrl":"https:\/\/secure.gravatar.com\/avatar\/1634e49afca8a60560a6701011a51b43f0e7362f22afa1fa6c37dfb70bd8d6a8?s=96&d=mm&r=g","caption":"Deborah Castellano Lubov"},"description":"Deborah Castellano Lubov is Editorial Director &amp; Senior Vatican &amp; Rome Correspondent for EXAUDI (&amp; Prior, for ZENIT); Author of 'The Other Francis' ('L'Altro Francesco') featuring interviews with those closest to the Pope and preface by Vatican Secretary of State Cardinal Parolin (currently published in 5 languages); Deborah is also NBC &amp; MSNBC Vatican Analyst. She often covers the Pope's travels abroad, often from the Papal Flight (including for historic trips such as to Abu Dhabi and Japan &amp; Thailand), and has also asked him questions on the return-flight press conference on behalf of the English-speaking press present. Lubov has done much TV &amp; radio commentary, including for NBC, Sky, EWTN, BBC, Vatican Radio, AP, Reuters and more. She also has contributed to various books on the Pope and has written for various Catholic publications. For 'The Other Francis': http:\/\/www.gracewing.co.uk\/page219.html or https:\/\/www.amazon.com\/Other-Francis-Everything-They-about\/dp\/0852449348\/","url":"https:\/\/exaudi.org\/es\/author\/dlubovexaudi-org\/"}]}},"jetpack_featured_media_url":"https:\/\/exaudi.org\/wp-content\/uploads\/2021\/02\/Papa-Bruck-768x575-1.jpeg","jetpack_shortlink":"https:\/\/wp.me\/pgKjF2-qL","_links":{"self":[{"href":"https:\/\/exaudi.org\/es\/wp-json\/wp\/v2\/posts\/1659","targetHints":{"allow":["GET"]}}],"collection":[{"href":"https:\/\/exaudi.org\/es\/wp-json\/wp\/v2\/posts"}],"about":[{"href":"https:\/\/exaudi.org\/es\/wp-json\/wp\/v2\/types\/post"}],"author":[{"embeddable":true,"href":"https:\/\/exaudi.org\/es\/wp-json\/wp\/v2\/users\/3"}],"replies":[{"embeddable":true,"href":"https:\/\/exaudi.org\/es\/wp-json\/wp\/v2\/comments?post=1659"}],"version-history":[{"count":0,"href":"https:\/\/exaudi.org\/es\/wp-json\/wp\/v2\/posts\/1659\/revisions"}],"wp:featuredmedia":[{"embeddable":true,"href":"https:\/\/exaudi.org\/es\/wp-json\/wp\/v2\/media\/1662"}],"wp:attachment":[{"href":"https:\/\/exaudi.org\/es\/wp-json\/wp\/v2\/media?parent=1659"}],"wp:term":[{"taxonomy":"category","embeddable":true,"href":"https:\/\/exaudi.org\/es\/wp-json\/wp\/v2\/categories?post=1659"},{"taxonomy":"post_tag","embeddable":true,"href":"https:\/\/exaudi.org\/es\/wp-json\/wp\/v2\/tags?post=1659"}],"curies":[{"name":"wp","href":"https:\/\/api.w.org\/{rel}","templated":true}]}}