{"id":16394,"date":"2021-05-12T12:38:17","date_gmt":"2021-05-12T10:38:17","guid":{"rendered":"https:\/\/exaudi.org\/?p=16394"},"modified":"2021-05-13T17:39:35","modified_gmt":"2021-05-13T15:39:35","slug":"premios-de-academias-pontificias-2020-asignados","status":"publish","type":"post","link":"https:\/\/exaudi.org\/es\/premios-de-academias-pontificias-2020-asignados\/","title":{"rendered":"Vaticano: Premios de Academias Pontificias 2020, asignados"},"content":{"rendered":"<p>La edici\u00f3n 2020 del Premio de las Academias Pontificias ha sufrido un aplazamiento inevitable debido a la emergencia de COVID-19, informa hoy, 12 de mayo de 2021, el <a href=\"http:\/\/www.cultura.va\/content\/cultura\/es.html\" target=\"_blank\" rel=\"noopener noreferrer\">Consejo Pontificio de la Cultura del Vaticano<\/a>.<\/p>\n<p>La sesi\u00f3n de las Academias Pontificias, en la que el secretario de Estado, el <a href=\"https:\/\/exaudi.org\/es\/cardenal-parolin-entrevista-cadena-cope-perdida-de-fe-y-razon-2021\/\" target=\"_blank\" rel=\"noopener noreferrer\">cardenal Pietro Parolin<\/a>, en nombre del Santo Padre, entregar\u00e1 a los ganadores sus respectivos premios, se celebrar\u00e1 a principios del pr\u00f3ximo a\u00f1o, coincidiendo con la conmemoraci\u00f3n del bicentenario del nacimiento del arque\u00f3logo Giovanni Battista De Rossi, fundador de la moderna arqueolog\u00eda cristiana y Magister del <em>Collegium Cultorum Martyrum<\/em>, indica el comunicado.<\/p>\n<h4><strong>Premiados<\/strong><\/h4>\n<p>A propuesta del Consejo de Coordinaci\u00f3n de las Academias Pontificias, el Premio 2020, reservado a la Pontificia Academia Romana de Arqueolog\u00eda y a la Pontificia Academia <em>Cultorum Martyrum<\/em>, y consistente en la Medalla de Oro del Pontificado, ha sido otorgado al\u00a0Prof. Gy\u0151z\u0151 V\u00f6r\u00f6s, miembro de la Academia H\u00fangara de las Artes, por el proyecto <em>The Machaerus Archaeological Excavations<\/em>, ilustrado en tres vol\u00famenes publicados por Edizioni Terra Santa (2013, 2015, 2019).<\/p>\n<p>Tambi\u00e9n a propuesta del Consejo de Coordinaci\u00f3n de las Academias Pontificias, la Medalla de Plata del Pontificado se ha concedido al\u00a0Dr.\u00a0Domenico Benoci, por su tesis doctoral in\u00e9dita \u00ab<em>Le Iscrizioni Cristiane dell&#8217;Area I di Callisto\u00bb,<\/em>\u00a0discutida en el Pontificio Instituto de Arqueolog\u00eda Cristiana, y al\u00a0Dr. Gabriele Castiglia,\u00a0por la monograf\u00eda\u00a0<em>\u00abTopografia Cristiana della Toscana centro-settentrionale (Citt\u00e0 e campagne dal IV al X secolo)<\/em>\u00ab, Pontificio Istituto de Arqueolog\u00eda Cristiana, Ciudad del Vaticano 2020.<\/p>\n<h4><strong>Consejo Pontificio de la Cultura<\/strong><\/h4>\n<p>De acuerdo a la informaci\u00f3n ofrecida por su p\u00e1gina web oficial, se trata de un secretariado (un Dicasterio) romano, dirigido por un\u00a0presidente, encargado de coordinar y supervisar el trabajo diario de un\u00a0equipo\u00a0de unas veinte personas.<\/p>\n<p>Las actividades del Consejo pueden condensarse en estos grandes bloques:<\/p>\n<ol>\n<li>Acogida a los visitantes.\u00a0Tienen lugar encuentros con los obispos que llegan a Roma con ocasi\u00f3n de sus visitas\u00a0<em>ad limina<\/em>, y con otros grupos de visitantes (sacerdotes, religiosos y religiosas, directores de centros culturales, etc.). Adem\u00e1s, el Consejo recibe numerosas visitas de parte de exponentes y representantes del mundo de la cultura, delegaciones oficiales de Ministerios e Instituciones del Mundo de la Cultura<\/li>\n<li>Congresos: El Consejo organiza coloquios, jornadas de estudio, reuniones, y encuentros, y adem\u00e1s participa frecuentemente en los encuentros promovidos por otros organismos, de nivel regional, nacional o internacional.<\/li>\n<li>Contactos. El Consejo mantiene contactos con los dem\u00e1s dicasterios de la Curia Romana, con las conferencias episcopales, con las iglesias locales, con las legaciones pontificias ante los estados, con la UNESCO y otros organismos internacionales no gubernamentales.<\/li>\n<li>Publicaciones: El Consejo publica la revista trimestral\u00a0<em>Culture e Fede &#8211; Cultures et Foi &#8211; Cultures and Faith &#8211; Culturas y Fe<\/em>, con art\u00edculos y noticias en espa\u00f1ol, franc\u00e9s, ingl\u00e9s e italiano. Adem\u00e1s se publican diversos libros y op\u00fasculos a prop\u00f3sito de los diversos aspectos del encuentro del Evangelio con las culturas y del di\u00e1logo intercultural. El Consejo publica igualmente las actas de los congresos que organiza.<\/li>\n<li>La actividad ordinaria comprende el desempe\u00f1o cotidiano de los departamentos: correspondencia con la Iglesia universal y con el mundo de la cultura, preparar instrucciones para los nuncios apost\u00f3licos, informes sobre publicaciones, corrientes y tendencias culturales, sobre todo a partir de las relaciones quinquenales preparadas por las di\u00f3cesis.\u00a1<\/li>\n<\/ol>\n","protected":false},"excerpt":{"rendered":"<p>Comunicado del Consejo Pontificio de la Cultura<\/p>\n","protected":false},"author":5,"featured_media":16396,"comment_status":"open","ping_status":"open","sticky":false,"template":"","format":"standard","meta":{"_acf_changed":false,"_crdt_document":"","inline_featured_image":false,"footnotes":""},"categories":[138,132],"tags":[2277,541,2276,272],"class_list":["post-16394","post","type-post","status-publish","format-standard","has-post-thumbnail","hentry","category-dicasterios","category-vaticano-es","tag-consejo-pontificio-de-la-cultura","tag-covid-19","tag-premio-de-las-academias-pontificias-2020","tag-vaticano-es"],"acf":[],"yoast_head":"<!-- This site is optimized with the Yoast SEO plugin v27.4 - https:\/\/yoast.com\/product\/yoast-seo-wordpress\/ -->\n<title>Vaticano: Premios de Academias Pontificias 2020, asignados &#8211; Exaudi<\/title>\n<meta name=\"description\" content=\"La edici\u00f3n 2020 del Premio de las Academias Pontificias ha sufrido un aplazamiento inevitable debido a la emergencia de COVID-19\" \/>\n<meta name=\"robots\" content=\"index, follow, max-snippet:-1, max-image-preview:large, max-video-preview:-1\" \/>\n<link rel=\"canonical\" href=\"https:\/\/exaudi.org\/es\/premios-de-academias-pontificias-2020-asignados\/\" \/>\n<meta property=\"og:locale\" content=\"es_ES\" \/>\n<meta property=\"og:type\" content=\"article\" \/>\n<meta property=\"og:title\" content=\"Vaticano: Premios de Academias Pontificias 2020, asignados &#8211; Exaudi\" \/>\n<meta property=\"og:description\" content=\"La edici\u00f3n 2020 del Premio de las Academias Pontificias ha sufrido un aplazamiento inevitable debido a la emergencia de COVID-19\" \/>\n<meta property=\"og:url\" content=\"https:\/\/exaudi.org\/es\/premios-de-academias-pontificias-2020-asignados\/\" \/>\n<meta property=\"og:site_name\" content=\"Exaudi\" \/>\n<meta property=\"article:publisher\" content=\"https:\/\/www.facebook.com\/ExaudiNews\" \/>\n<meta property=\"article:published_time\" content=\"2021-05-12T10:38:17+00:00\" \/>\n<meta property=\"article:modified_time\" content=\"2021-05-13T15:39:35+00:00\" \/>\n<meta property=\"og:image\" content=\"https:\/\/exaudi.org\/wp-content\/uploads\/2021\/05\/cathopic_1518870679273113-1024x684.jpg\" \/>\n\t<meta property=\"og:image:width\" content=\"1024\" \/>\n\t<meta property=\"og:image:height\" content=\"684\" \/>\n\t<meta property=\"og:image:type\" content=\"image\/jpeg\" \/>\n<meta name=\"author\" content=\"Larissa I. L\u00f3pez\" \/>\n<meta name=\"twitter:card\" content=\"summary_large_image\" \/>\n<meta name=\"twitter:creator\" content=\"@Exaudi_News\" \/>\n<meta name=\"twitter:site\" content=\"@Exaudi_News\" \/>\n<meta name=\"twitter:label1\" content=\"Escrito por\" \/>\n\t<meta name=\"twitter:data1\" content=\"Larissa I. L\u00f3pez\" \/>\n\t<meta name=\"twitter:label2\" content=\"Tiempo de lectura\" \/>\n\t<meta name=\"twitter:data2\" content=\"3 minutos\" \/>\n<script type=\"application\/ld+json\" class=\"yoast-schema-graph\">{\"@context\":\"https:\\\/\\\/schema.org\",\"@graph\":[{\"@type\":\"Article\",\"@id\":\"https:\\\/\\\/exaudi.org\\\/es\\\/premios-de-academias-pontificias-2020-asignados\\\/#article\",\"isPartOf\":{\"@id\":\"https:\\\/\\\/exaudi.org\\\/es\\\/premios-de-academias-pontificias-2020-asignados\\\/\"},\"author\":{\"name\":\"Larissa I. L\u00f3pez\",\"@id\":\"https:\\\/\\\/exaudi.org\\\/#\\\/schema\\\/person\\\/7d2f77db033c2c0929edfab6dbe8c588\"},\"headline\":\"Vaticano: Premios de Academias Pontificias 2020, asignados\",\"datePublished\":\"2021-05-12T10:38:17+00:00\",\"dateModified\":\"2021-05-13T15:39:35+00:00\",\"mainEntityOfPage\":{\"@id\":\"https:\\\/\\\/exaudi.org\\\/es\\\/premios-de-academias-pontificias-2020-asignados\\\/\"},\"wordCount\":578,\"commentCount\":0,\"image\":{\"@id\":\"https:\\\/\\\/exaudi.org\\\/es\\\/premios-de-academias-pontificias-2020-asignados\\\/#primaryimage\"},\"thumbnailUrl\":\"https:\\\/\\\/exaudi.org\\\/wp-content\\\/uploads\\\/2021\\\/05\\\/cathopic_1518870679273113-scaled.jpg\",\"keywords\":[\"Consejo Pontificio de la Cultura\",\"COVID-19\",\"Premio de las Academias Pontificias 2020\",\"Vaticano\"],\"articleSection\":[\"Dicasterios\",\"Vaticano\"],\"inLanguage\":\"es\",\"potentialAction\":[{\"@type\":\"CommentAction\",\"name\":\"Comment\",\"target\":[\"https:\\\/\\\/exaudi.org\\\/es\\\/premios-de-academias-pontificias-2020-asignados\\\/#respond\"]}]},{\"@type\":\"WebPage\",\"@id\":\"https:\\\/\\\/exaudi.org\\\/es\\\/premios-de-academias-pontificias-2020-asignados\\\/\",\"url\":\"https:\\\/\\\/exaudi.org\\\/es\\\/premios-de-academias-pontificias-2020-asignados\\\/\",\"name\":\"Vaticano: Premios de Academias Pontificias 2020, asignados &#8211; Exaudi\",\"isPartOf\":{\"@id\":\"https:\\\/\\\/exaudi.org\\\/#website\"},\"primaryImageOfPage\":{\"@id\":\"https:\\\/\\\/exaudi.org\\\/es\\\/premios-de-academias-pontificias-2020-asignados\\\/#primaryimage\"},\"image\":{\"@id\":\"https:\\\/\\\/exaudi.org\\\/es\\\/premios-de-academias-pontificias-2020-asignados\\\/#primaryimage\"},\"thumbnailUrl\":\"https:\\\/\\\/exaudi.org\\\/wp-content\\\/uploads\\\/2021\\\/05\\\/cathopic_1518870679273113-scaled.jpg\",\"datePublished\":\"2021-05-12T10:38:17+00:00\",\"dateModified\":\"2021-05-13T15:39:35+00:00\",\"author\":{\"@id\":\"https:\\\/\\\/exaudi.org\\\/#\\\/schema\\\/person\\\/7d2f77db033c2c0929edfab6dbe8c588\"},\"description\":\"La edici\u00f3n 2020 del Premio de las Academias Pontificias ha sufrido un aplazamiento inevitable debido a la emergencia de COVID-19\",\"breadcrumb\":{\"@id\":\"https:\\\/\\\/exaudi.org\\\/es\\\/premios-de-academias-pontificias-2020-asignados\\\/#breadcrumb\"},\"inLanguage\":\"es\",\"potentialAction\":[{\"@type\":\"ReadAction\",\"target\":[\"https:\\\/\\\/exaudi.org\\\/es\\\/premios-de-academias-pontificias-2020-asignados\\\/\"]}]},{\"@type\":\"ImageObject\",\"inLanguage\":\"es\",\"@id\":\"https:\\\/\\\/exaudi.org\\\/es\\\/premios-de-academias-pontificias-2020-asignados\\\/#primaryimage\",\"url\":\"https:\\\/\\\/exaudi.org\\\/wp-content\\\/uploads\\\/2021\\\/05\\\/cathopic_1518870679273113-scaled.jpg\",\"contentUrl\":\"https:\\\/\\\/exaudi.org\\\/wp-content\\\/uploads\\\/2021\\\/05\\\/cathopic_1518870679273113-scaled.jpg\",\"width\":2560,\"height\":1709,\"caption\":\"Premio Academias Pontificias 2020\"},{\"@type\":\"BreadcrumbList\",\"@id\":\"https:\\\/\\\/exaudi.org\\\/es\\\/premios-de-academias-pontificias-2020-asignados\\\/#breadcrumb\",\"itemListElement\":[{\"@type\":\"ListItem\",\"position\":1,\"name\":\"Portada\",\"item\":\"https:\\\/\\\/exaudi.org\\\/es\\\/\"},{\"@type\":\"ListItem\",\"position\":2,\"name\":\"Vaticano: Premios de Academias Pontificias 2020, asignados\"}]},{\"@type\":\"WebSite\",\"@id\":\"https:\\\/\\\/exaudi.org\\\/#website\",\"url\":\"https:\\\/\\\/exaudi.org\\\/\",\"name\":\"Exaudi\",\"description\":\"News\",\"potentialAction\":[{\"@type\":\"SearchAction\",\"target\":{\"@type\":\"EntryPoint\",\"urlTemplate\":\"https:\\\/\\\/exaudi.org\\\/?s={search_term_string}\"},\"query-input\":{\"@type\":\"PropertyValueSpecification\",\"valueRequired\":true,\"valueName\":\"search_term_string\"}}],\"inLanguage\":\"es\"},{\"@type\":\"Person\",\"@id\":\"https:\\\/\\\/exaudi.org\\\/#\\\/schema\\\/person\\\/7d2f77db033c2c0929edfab6dbe8c588\",\"name\":\"Larissa I. L\u00f3pez\",\"image\":{\"@type\":\"ImageObject\",\"inLanguage\":\"es\",\"@id\":\"https:\\\/\\\/secure.gravatar.com\\\/avatar\\\/db3ef399ff343d0bb9d25dc5198bc8ece5ac6d621eca79876697a354dabc1e3f?s=96&d=mm&r=g\",\"url\":\"https:\\\/\\\/secure.gravatar.com\\\/avatar\\\/db3ef399ff343d0bb9d25dc5198bc8ece5ac6d621eca79876697a354dabc1e3f?s=96&d=mm&r=g\",\"contentUrl\":\"https:\\\/\\\/secure.gravatar.com\\\/avatar\\\/db3ef399ff343d0bb9d25dc5198bc8ece5ac6d621eca79876697a354dabc1e3f?s=96&d=mm&r=g\",\"caption\":\"Larissa I. L\u00f3pez\"},\"description\":\"Doctora en Comunicaci\u00f3n. Mi trayectoria profesional ha transcurrido entre el \u00e1mbito de la comunicaci\u00f3n y el de la docencia. En los \u00faltimos a\u00f1os, he trabajado como coordinadora y redactora de la edici\u00f3n de ZENIT en espa\u00f1ol. Como profesora, he impartido clases en la universidad y en centros de FP y bachillerato. Cordobesa de nacimiento, tambi\u00e9n he vivido en Sevilla, Madrid y Roma\",\"url\":\"https:\\\/\\\/exaudi.org\\\/es\\\/author\\\/llopezexaudi-org\\\/\"}]}<\/script>\n<!-- \/ Yoast SEO plugin. -->","yoast_head_json":{"title":"Vaticano: Premios de Academias Pontificias 2020, asignados &#8211; Exaudi","description":"La edici\u00f3n 2020 del Premio de las Academias Pontificias ha sufrido un aplazamiento inevitable debido a la emergencia de COVID-19","robots":{"index":"index","follow":"follow","max-snippet":"max-snippet:-1","max-image-preview":"max-image-preview:large","max-video-preview":"max-video-preview:-1"},"canonical":"https:\/\/exaudi.org\/es\/premios-de-academias-pontificias-2020-asignados\/","og_locale":"es_ES","og_type":"article","og_title":"Vaticano: Premios de Academias Pontificias 2020, asignados &#8211; Exaudi","og_description":"La edici\u00f3n 2020 del Premio de las Academias Pontificias ha sufrido un aplazamiento inevitable debido a la emergencia de COVID-19","og_url":"https:\/\/exaudi.org\/es\/premios-de-academias-pontificias-2020-asignados\/","og_site_name":"Exaudi","article_publisher":"https:\/\/www.facebook.com\/ExaudiNews","article_published_time":"2021-05-12T10:38:17+00:00","article_modified_time":"2021-05-13T15:39:35+00:00","og_image":[{"width":1024,"height":684,"url":"https:\/\/exaudi.org\/wp-content\/uploads\/2021\/05\/cathopic_1518870679273113-1024x684.jpg","type":"image\/jpeg"}],"author":"Larissa I. L\u00f3pez","twitter_card":"summary_large_image","twitter_creator":"@Exaudi_News","twitter_site":"@Exaudi_News","twitter_misc":{"Escrito por":"Larissa I. L\u00f3pez","Tiempo de lectura":"3 minutos"},"schema":{"@context":"https:\/\/schema.org","@graph":[{"@type":"Article","@id":"https:\/\/exaudi.org\/es\/premios-de-academias-pontificias-2020-asignados\/#article","isPartOf":{"@id":"https:\/\/exaudi.org\/es\/premios-de-academias-pontificias-2020-asignados\/"},"author":{"name":"Larissa I. L\u00f3pez","@id":"https:\/\/exaudi.org\/#\/schema\/person\/7d2f77db033c2c0929edfab6dbe8c588"},"headline":"Vaticano: Premios de Academias Pontificias 2020, asignados","datePublished":"2021-05-12T10:38:17+00:00","dateModified":"2021-05-13T15:39:35+00:00","mainEntityOfPage":{"@id":"https:\/\/exaudi.org\/es\/premios-de-academias-pontificias-2020-asignados\/"},"wordCount":578,"commentCount":0,"image":{"@id":"https:\/\/exaudi.org\/es\/premios-de-academias-pontificias-2020-asignados\/#primaryimage"},"thumbnailUrl":"https:\/\/exaudi.org\/wp-content\/uploads\/2021\/05\/cathopic_1518870679273113-scaled.jpg","keywords":["Consejo Pontificio de la Cultura","COVID-19","Premio de las Academias Pontificias 2020","Vaticano"],"articleSection":["Dicasterios","Vaticano"],"inLanguage":"es","potentialAction":[{"@type":"CommentAction","name":"Comment","target":["https:\/\/exaudi.org\/es\/premios-de-academias-pontificias-2020-asignados\/#respond"]}]},{"@type":"WebPage","@id":"https:\/\/exaudi.org\/es\/premios-de-academias-pontificias-2020-asignados\/","url":"https:\/\/exaudi.org\/es\/premios-de-academias-pontificias-2020-asignados\/","name":"Vaticano: Premios de Academias Pontificias 2020, asignados &#8211; Exaudi","isPartOf":{"@id":"https:\/\/exaudi.org\/#website"},"primaryImageOfPage":{"@id":"https:\/\/exaudi.org\/es\/premios-de-academias-pontificias-2020-asignados\/#primaryimage"},"image":{"@id":"https:\/\/exaudi.org\/es\/premios-de-academias-pontificias-2020-asignados\/#primaryimage"},"thumbnailUrl":"https:\/\/exaudi.org\/wp-content\/uploads\/2021\/05\/cathopic_1518870679273113-scaled.jpg","datePublished":"2021-05-12T10:38:17+00:00","dateModified":"2021-05-13T15:39:35+00:00","author":{"@id":"https:\/\/exaudi.org\/#\/schema\/person\/7d2f77db033c2c0929edfab6dbe8c588"},"description":"La edici\u00f3n 2020 del Premio de las Academias Pontificias ha sufrido un aplazamiento inevitable debido a la emergencia de COVID-19","breadcrumb":{"@id":"https:\/\/exaudi.org\/es\/premios-de-academias-pontificias-2020-asignados\/#breadcrumb"},"inLanguage":"es","potentialAction":[{"@type":"ReadAction","target":["https:\/\/exaudi.org\/es\/premios-de-academias-pontificias-2020-asignados\/"]}]},{"@type":"ImageObject","inLanguage":"es","@id":"https:\/\/exaudi.org\/es\/premios-de-academias-pontificias-2020-asignados\/#primaryimage","url":"https:\/\/exaudi.org\/wp-content\/uploads\/2021\/05\/cathopic_1518870679273113-scaled.jpg","contentUrl":"https:\/\/exaudi.org\/wp-content\/uploads\/2021\/05\/cathopic_1518870679273113-scaled.jpg","width":2560,"height":1709,"caption":"Premio Academias Pontificias 2020"},{"@type":"BreadcrumbList","@id":"https:\/\/exaudi.org\/es\/premios-de-academias-pontificias-2020-asignados\/#breadcrumb","itemListElement":[{"@type":"ListItem","position":1,"name":"Portada","item":"https:\/\/exaudi.org\/es\/"},{"@type":"ListItem","position":2,"name":"Vaticano: Premios de Academias Pontificias 2020, asignados"}]},{"@type":"WebSite","@id":"https:\/\/exaudi.org\/#website","url":"https:\/\/exaudi.org\/","name":"Exaudi","description":"News","potentialAction":[{"@type":"SearchAction","target":{"@type":"EntryPoint","urlTemplate":"https:\/\/exaudi.org\/?s={search_term_string}"},"query-input":{"@type":"PropertyValueSpecification","valueRequired":true,"valueName":"search_term_string"}}],"inLanguage":"es"},{"@type":"Person","@id":"https:\/\/exaudi.org\/#\/schema\/person\/7d2f77db033c2c0929edfab6dbe8c588","name":"Larissa I. L\u00f3pez","image":{"@type":"ImageObject","inLanguage":"es","@id":"https:\/\/secure.gravatar.com\/avatar\/db3ef399ff343d0bb9d25dc5198bc8ece5ac6d621eca79876697a354dabc1e3f?s=96&d=mm&r=g","url":"https:\/\/secure.gravatar.com\/avatar\/db3ef399ff343d0bb9d25dc5198bc8ece5ac6d621eca79876697a354dabc1e3f?s=96&d=mm&r=g","contentUrl":"https:\/\/secure.gravatar.com\/avatar\/db3ef399ff343d0bb9d25dc5198bc8ece5ac6d621eca79876697a354dabc1e3f?s=96&d=mm&r=g","caption":"Larissa I. L\u00f3pez"},"description":"Doctora en Comunicaci\u00f3n. Mi trayectoria profesional ha transcurrido entre el \u00e1mbito de la comunicaci\u00f3n y el de la docencia. En los \u00faltimos a\u00f1os, he trabajado como coordinadora y redactora de la edici\u00f3n de ZENIT en espa\u00f1ol. Como profesora, he impartido clases en la universidad y en centros de FP y bachillerato. Cordobesa de nacimiento, tambi\u00e9n he vivido en Sevilla, Madrid y Roma","url":"https:\/\/exaudi.org\/es\/author\/llopezexaudi-org\/"}]}},"jetpack_featured_media_url":"https:\/\/exaudi.org\/wp-content\/uploads\/2021\/05\/cathopic_1518870679273113-scaled.jpg","jetpack_shortlink":"https:\/\/wp.me\/pgKjF2-4gq","_links":{"self":[{"href":"https:\/\/exaudi.org\/es\/wp-json\/wp\/v2\/posts\/16394","targetHints":{"allow":["GET"]}}],"collection":[{"href":"https:\/\/exaudi.org\/es\/wp-json\/wp\/v2\/posts"}],"about":[{"href":"https:\/\/exaudi.org\/es\/wp-json\/wp\/v2\/types\/post"}],"author":[{"embeddable":true,"href":"https:\/\/exaudi.org\/es\/wp-json\/wp\/v2\/users\/5"}],"replies":[{"embeddable":true,"href":"https:\/\/exaudi.org\/es\/wp-json\/wp\/v2\/comments?post=16394"}],"version-history":[{"count":0,"href":"https:\/\/exaudi.org\/es\/wp-json\/wp\/v2\/posts\/16394\/revisions"}],"wp:featuredmedia":[{"embeddable":true,"href":"https:\/\/exaudi.org\/es\/wp-json\/wp\/v2\/media\/16396"}],"wp:attachment":[{"href":"https:\/\/exaudi.org\/es\/wp-json\/wp\/v2\/media?parent=16394"}],"wp:term":[{"taxonomy":"category","embeddable":true,"href":"https:\/\/exaudi.org\/es\/wp-json\/wp\/v2\/categories?post=16394"},{"taxonomy":"post_tag","embeddable":true,"href":"https:\/\/exaudi.org\/es\/wp-json\/wp\/v2\/tags?post=16394"}],"curies":[{"name":"wp","href":"https:\/\/api.w.org\/{rel}","templated":true}]}}