{"id":163685,"date":"2026-03-30T09:33:36","date_gmt":"2026-03-30T07:33:36","guid":{"rendered":"https:\/\/exaudi.org\/?p=163685"},"modified":"2026-03-30T09:36:02","modified_gmt":"2026-03-30T07:36:02","slug":"la-plenitud-tan-desconcertante","status":"publish","type":"post","link":"https:\/\/exaudi.org\/es\/la-plenitud-tan-desconcertante\/","title":{"rendered":"La Plenitud, tan desconcertante"},"content":{"rendered":"<p>No retires la mirada.<\/p>\n<p>No cierres el tel\u00e9fono.<\/p>\n<p>Quiero hablar contigo&#8230;<\/p>\n<p>Quisiera hacerlo con todos\u2026<\/p>\n<p>Pero ahora contigo.<\/p>\n<p><iframe title=\"Spotify Embed: La Plenitud, tan desconcertante\" style=\"border-radius: 12px\" width=\"100%\" height=\"152\" frameborder=\"0\" allowfullscreen allow=\"autoplay; clipboard-write; encrypted-media; fullscreen; picture-in-picture\" loading=\"lazy\" src=\"https:\/\/open.spotify.com\/embed\/episode\/5QbGrxUj8THErl4YsBYY8F?si=EMoyMPbTTAmYGkFhFJeI7Q&amp;context=spotify%3Ashow%3A2yh3xbVwh4e1WksFGord4D&amp;utm_source=oembed\"><\/iframe><\/p>\n<p>Contempla este rostro, el rostro de Cristo, el mapa de sus heridas.<\/p>\n<p>Nos rodean guerras,<\/p>\n<p>persecuciones.<\/p>\n<p>Nos rodea un mundo que habla otro idioma: desconocido, entrecortado.<\/p>\n<p>El coraz\u00f3n humano se confunde.<\/p>\n<p>M\u00faltiples opciones que aturden y ralentizan.<\/p>\n<p>Miles de diferentes caminos para llegar,<\/p>\n<p>\u00bfa d\u00f3nde?<\/p>\n<p>&nbsp;<\/p>\n<p>Posibilidades infinitas. Destino incierto.<\/p>\n<p>Y, sin embargo, nos asalta una tentaci\u00f3n que avanza silenciosa: detener el reloj, congelar el tiempo.<\/p>\n<p>Queremos pensar, habitar nuestro propio silencio.<\/p>\n<p>Algo se agita en nuestro interior y, como el ni\u00f1o perdido en el bosque, nos detenemos sin saber a d\u00f3nde ir. A\u00f1oramos la libertad, pero hemos olvidado c\u00f3mo era su sabor. M\u00faltiples opciones, posibilidades infinitas que sacian<\/p>\n<p>sin alimentar.<\/p>\n<p>&nbsp;<\/p>\n<p>Confundimos libertad con posibilidad.<\/p>\n<p>Ese \u201cpuedo\u201d, pero no tengo que&#8230;<\/p>\n<p>&nbsp;<\/p>\n<p>Cuantas veces esas m\u00faltiples opciones emborronan el para qu\u00e9, oscurecen horizontes.<\/p>\n<p>La inmediatez de lo nimio nos arrastra como bola de nieve ladera abajo.<\/p>\n<p>La ley de la gravedad nos hace olvidar que tenemos alas.<\/p>\n<p>Cuando \u201cel puedo\u201d no pasa por un coraz\u00f3n limpio se convierte en rebeld\u00eda, la del \u201cno quiero eso que puedo\u201d<\/p>\n<p>Sin embargo, no puedo borrar lo que est\u00e1 grabado a fuego en mi coraz\u00f3n:<\/p>\n<p>&nbsp;<\/p>\n<p>Puedo pensar antes de hacer<\/p>\n<p>Puedo hablar desde el coraz\u00f3n<\/p>\n<p>Puedo pedir ayuda<\/p>\n<p>Puedo levantarme de mis ca\u00eddas<\/p>\n<p>Puedo recomenzar<\/p>\n<p>&nbsp;<\/p>\n<p>Cuando \u201cquiero\u201d lo que \u201cpuedo\u201d mi destino se ilumina. Mi d\u00eda se reconstruye.<\/p>\n<p><iframe loading=\"lazy\" title=\"Sevillana del Cachorro.mov\" width=\"500\" height=\"375\" src=\"https:\/\/www.youtube.com\/embed\/P8A3FDa6Dmo?feature=oembed\" frameborder=\"0\" allow=\"accelerometer; autoplay; clipboard-write; encrypted-media; gyroscope; picture-in-picture; web-share\" referrerpolicy=\"strict-origin-when-cross-origin\" allowfullscreen><\/iframe><\/p>\n<p>La libertad implica riesgos, y eso me asusta, me paraliza. La incertidumbre me congela. Quedarme en el puerto es tranquilidad, pero no nos conduce a ning\u00fan lugar.<\/p>\n<p>&nbsp;<\/p>\n<p>No hay destino o lo desconocemos.<\/p>\n<p>Hay temporal y nadie se mueve.<\/p>\n<p>Estamos rotos.<\/p>\n<p>Tenemos miedo.<\/p>\n<p>No sabemos leer la carta de navegaci\u00f3n.<\/p>\n<p>&nbsp;<\/p>\n<p>La libertad no es solo elegir, es tambi\u00e9n aceptar.<\/p>\n<p>Aceptar una opci\u00f3n \u00fanica (ponle t\u00fa el nombre)<\/p>\n<p>Lo que no cambia,<\/p>\n<p>Lo que no entiendes,<\/p>\n<p>Y todo esto sin rompernos por dentro<\/p>\n<p>&nbsp;<\/p>\n<p>La libertad no es solo elegir entre opciones, es tambi\u00e9n abrazar esa opci\u00f3n \u00fanica desde la decisi\u00f3n personal.<\/p>\n<p>Tambi\u00e9n saber rendir la inteligencia, ante lo no-evidente es humildad y es libertad.<\/p>\n<p>&nbsp;<\/p>\n<p>Hablemos del dolor<\/p>\n<p>Ese dolor que no hemos elegido,<\/p>\n<p>Ese dolor que viene de quien amamos.<\/p>\n<p>Reclama gesti\u00f3n, gobierno v no dejar que se aposente en nuestro coraz\u00f3n.<\/p>\n<p>La trinchera es defensa del atacado.<\/p>\n<p>El coraz\u00f3n atrincherado se endurece.<\/p>\n<p>&nbsp;<\/p>\n<p>\u201cEl miedo a sufrir me incapacita para amar. Soy capaz de amar en la medida que soy capaz de sufrir por sostener ese amor. Como los arbotantes que. sostienen el edificio, al trasladar el peso hacia los contrafuertes, recogiendo la presi\u00f3n\u201d<\/p>\n<p>&nbsp;<\/p>\n<p>El amor es misericordia y es perd\u00f3n.<\/p>\n<p>&nbsp;<\/p>\n<p>El perd\u00f3n es una decisi\u00f3n personal.<\/p>\n<p>No es olvidar<\/p>\n<p>No es justificar<\/p>\n<p>No es debilidad<\/p>\n<p>Es el regalo por excelencia.<\/p>\n<p>Es un don, inmerecido en muchas ocasiones.<\/p>\n<p>&nbsp;<\/p>\n<p>El acto supremo de la libertad es la decisi\u00f3n de amar, sin transacci\u00f3n comercial.<\/p>\n<p>El acto supremo del amor es el<\/p>\n<p>perd\u00f3n,<\/p>\n<p>sin contraprestaci\u00f3n,<\/p>\n<p>Sin cuentas pendientes.<\/p>\n<p>Perdonar tambi\u00e9n es comprender:<\/p>\n<p>No supo<\/p>\n<p>No pudo<\/p>\n<p>No vio por ceguera personal<\/p>\n<p>&nbsp;<\/p>\n<p>Y entonces comprendes que<\/p>\n<p>&nbsp;<\/p>\n<p>AMAR DUELE y amar de esa manera<\/p>\n<p>&nbsp;<\/p>\n<p>lo eliges t\u00fa<\/p>\n<p>lo decides t\u00fa<\/p>\n<p>el que perdonas eres t\u00fa<\/p>\n<p>&nbsp;<\/p>\n<p>HAY UNA VERDAD M\u00c1S HONDA<\/p>\n<p>El perd\u00f3n no s\u00f3lo es acci\u00f3n sino recepci\u00f3n. Si el perd\u00f3n no se recibe no cura la herida. S\u00f3lo libera al que perdona, y deja la herida abierta del otro.<\/p>\n<p>El coraz\u00f3n herido necesita la gracia de Dios, necesita ser alcanzado por Aquel que es perd\u00f3n para romper las cadenas:<\/p>\n<p>&nbsp;<\/p>\n<p>Del resentimiento<\/p>\n<p>Del \u201cojo por ojo\u201d<\/p>\n<p>Del dolor infectado.<\/p>\n<p>De la gangrena que avanza<\/p>\n<p>&nbsp;<\/p>\n<p>El amor que perdona:<\/p>\n<p>&nbsp;<\/p>\n<p>No negocia<\/p>\n<p>No calcula<\/p>\n<p>No reclama<\/p>\n<p>&nbsp;<\/p>\n<p>Recordemos el<\/p>\n<p>Poema antiguo, obra maestra del s. XVI<\/p>\n<p>&nbsp;<\/p>\n<p>No me mueve, mi Dios, para quererte<\/p>\n<p>el cielo que me tienes prometido<\/p>\n<p>ni me mueve el infierno tan temido<\/p>\n<p>para dejar por eso de ofenderte<\/p>\n<p>\u2026<\/p>\n<p>Detente aqu\u00ed<\/p>\n<p>Lee despacio y paladea sus palabras.<\/p>\n<p>Si lo que mueve tu coraz\u00f3n es el premio,<\/p>\n<p>tu libertad es fr\u00e1gil.<\/p>\n<p>Y si lo que te frena es el castigo,<\/p>\n<p>tu libertad est\u00e1 condicionada<\/p>\n<p>&nbsp;<\/p>\n<p>No me tienes que dar porque te quiera<\/p>\n<p>Pues, aunque lo que espero no esperara<\/p>\n<p>Lo mismo que te quiero te quisiera.<\/p>\n<p>&nbsp;<\/p>\n<p>Amar sin respuesta<\/p>\n<p>Elegir sin recompensa<\/p>\n<p>Mantenerse, aunque nadie lo vea<\/p>\n<p>&nbsp;<\/p>\n<p>La altura del vuelo depende de aquel que decide volar.<\/p>\n<p>M\u00edrame<\/p>\n<p>Quiero hablar contigo.<\/p>\n<p>\u201cTengo sed\u201d dice Cristo desde la cruz<\/p>\n<p>Sed de ti, sed de tu respuesta.<\/p>\n<p><iframe loading=\"lazy\" title=\"Que quieres ser en esta cuaresma?\" width=\"500\" height=\"281\" src=\"https:\/\/www.youtube.com\/embed\/8uVvh9cXdCg?feature=oembed\" frameborder=\"0\" allow=\"accelerometer; autoplay; clipboard-write; encrypted-media; gyroscope; picture-in-picture; web-share\" referrerpolicy=\"strict-origin-when-cross-origin\" allowfullscreen><\/iframe><\/p>\n<p>\u201cPadre, perd\u00f3nales porque no saben lo que hacen\u201d<\/p>\n<p>&nbsp;<\/p>\n<p>Busca ese amor en cada mirada revelada.<\/p>\n<p>Y escucha, como solo dirigida a ti, la pregunta que Cristo hace a quien a \u00c9l se acerca:<\/p>\n<p>&nbsp;<\/p>\n<p>\u00bfQU\u00c9 QUIERES QUE HAGA?<\/p>\n<p><strong>Ay\u00fadame a recibir tu perd\u00f3n<\/strong><\/p>\n<p><iframe title=\"Spotify Embed: Ser otro Cristo Cristo que pasa\" style=\"border-radius: 12px\" width=\"100%\" height=\"152\" frameborder=\"0\" allowfullscreen allow=\"autoplay; clipboard-write; encrypted-media; fullscreen; picture-in-picture\" loading=\"lazy\" src=\"https:\/\/open.spotify.com\/embed\/episode\/0jOfpeyGGeoCMzAtKikDII?si=jKsT1jkmRwezuGj0wORwUA&amp;context=spotify%3Ashow%3A2yh3xbVwh4e1WksFGord4D&amp;utm_source=oembed\"><\/iframe><\/p>\n","protected":false},"excerpt":{"rendered":"<p>Cuando \u201cel puedo\u201d se convierte en \u201cquiero\u201d<\/p>\n","protected":false},"author":164,"featured_media":163689,"comment_status":"closed","ping_status":"closed","sticky":false,"template":"","format":"standard","meta":{"_acf_changed":false,"_crdt_document":"","inline_featured_image":false,"footnotes":""},"categories":[],"tags":[63637],"class_list":["post-163685","post","type-post","status-publish","format-standard","has-post-thumbnail","hentry","tag-rosa-montenegro"],"acf":[],"yoast_head":"<!-- This site is optimized with the Yoast SEO plugin v27.5 - https:\/\/yoast.com\/product\/yoast-seo-wordpress\/ -->\n<title>La Plenitud, tan desconcertante &#8211; Exaudi<\/title>\n<meta name=\"robots\" content=\"index, follow, max-snippet:-1, max-image-preview:large, max-video-preview:-1\" \/>\n<link rel=\"canonical\" href=\"https:\/\/exaudi.org\/es\/la-plenitud-tan-desconcertante\/\" \/>\n<meta property=\"og:locale\" content=\"es_ES\" \/>\n<meta property=\"og:type\" content=\"article\" \/>\n<meta property=\"og:title\" content=\"La Plenitud, tan desconcertante &#8211; Exaudi\" \/>\n<meta property=\"og:description\" content=\"Cuando \u201cel puedo\u201d se convierte en \u201cquiero\u201d\" \/>\n<meta property=\"og:url\" content=\"https:\/\/exaudi.org\/es\/la-plenitud-tan-desconcertante\/\" \/>\n<meta property=\"og:site_name\" content=\"Exaudi\" \/>\n<meta property=\"article:publisher\" content=\"https:\/\/www.facebook.com\/ExaudiNews\" \/>\n<meta property=\"article:author\" content=\"https:\/\/www.facebook.com\/metaforasenrosa\/\" \/>\n<meta property=\"article:published_time\" content=\"2026-03-30T07:33:36+00:00\" \/>\n<meta property=\"article:modified_time\" content=\"2026-03-30T07:36:02+00:00\" \/>\n<meta property=\"og:image\" content=\"https:\/\/exaudi.org\/wp-content\/uploads\/2026\/03\/portada_instagram_final.jpg\" \/>\n\t<meta property=\"og:image:width\" content=\"1080\" \/>\n\t<meta property=\"og:image:height\" content=\"1350\" \/>\n\t<meta property=\"og:image:type\" content=\"image\/jpeg\" \/>\n<meta name=\"author\" content=\"Rosa Montenegro\" \/>\n<meta name=\"twitter:card\" content=\"summary_large_image\" \/>\n<meta name=\"twitter:creator\" content=\"@coachingalicia\" \/>\n<meta name=\"twitter:site\" content=\"@Exaudi_News\" \/>\n<meta name=\"twitter:label1\" content=\"Escrito por\" \/>\n\t<meta name=\"twitter:data1\" content=\"Rosa Montenegro\" \/>\n\t<meta name=\"twitter:label2\" content=\"Tiempo de lectura\" \/>\n\t<meta name=\"twitter:data2\" content=\"5 minutos\" \/>\n<script type=\"application\/ld+json\" class=\"yoast-schema-graph\">{\"@context\":\"https:\\\/\\\/schema.org\",\"@graph\":[{\"@type\":\"Article\",\"@id\":\"https:\\\/\\\/exaudi.org\\\/es\\\/la-plenitud-tan-desconcertante\\\/#article\",\"isPartOf\":{\"@id\":\"https:\\\/\\\/exaudi.org\\\/es\\\/la-plenitud-tan-desconcertante\\\/\"},\"author\":{\"name\":\"Rosa Montenegro\",\"@id\":\"https:\\\/\\\/exaudi.org\\\/#\\\/schema\\\/person\\\/85388ea135d433877a2634f921d5567c\"},\"headline\":\"La Plenitud, tan desconcertante\",\"datePublished\":\"2026-03-30T07:33:36+00:00\",\"dateModified\":\"2026-03-30T07:36:02+00:00\",\"mainEntityOfPage\":{\"@id\":\"https:\\\/\\\/exaudi.org\\\/es\\\/la-plenitud-tan-desconcertante\\\/\"},\"wordCount\":928,\"image\":{\"@id\":\"https:\\\/\\\/exaudi.org\\\/es\\\/la-plenitud-tan-desconcertante\\\/#primaryimage\"},\"thumbnailUrl\":\"https:\\\/\\\/exaudi.org\\\/wp-content\\\/uploads\\\/2026\\\/03\\\/portada_instagram_final.jpg\",\"keywords\":[\"Rosa Montenegro\"],\"inLanguage\":\"es\"},{\"@type\":\"WebPage\",\"@id\":\"https:\\\/\\\/exaudi.org\\\/es\\\/la-plenitud-tan-desconcertante\\\/\",\"url\":\"https:\\\/\\\/exaudi.org\\\/es\\\/la-plenitud-tan-desconcertante\\\/\",\"name\":\"La Plenitud, tan desconcertante &#8211; Exaudi\",\"isPartOf\":{\"@id\":\"https:\\\/\\\/exaudi.org\\\/#website\"},\"primaryImageOfPage\":{\"@id\":\"https:\\\/\\\/exaudi.org\\\/es\\\/la-plenitud-tan-desconcertante\\\/#primaryimage\"},\"image\":{\"@id\":\"https:\\\/\\\/exaudi.org\\\/es\\\/la-plenitud-tan-desconcertante\\\/#primaryimage\"},\"thumbnailUrl\":\"https:\\\/\\\/exaudi.org\\\/wp-content\\\/uploads\\\/2026\\\/03\\\/portada_instagram_final.jpg\",\"datePublished\":\"2026-03-30T07:33:36+00:00\",\"dateModified\":\"2026-03-30T07:36:02+00:00\",\"author\":{\"@id\":\"https:\\\/\\\/exaudi.org\\\/#\\\/schema\\\/person\\\/85388ea135d433877a2634f921d5567c\"},\"breadcrumb\":{\"@id\":\"https:\\\/\\\/exaudi.org\\\/es\\\/la-plenitud-tan-desconcertante\\\/#breadcrumb\"},\"inLanguage\":\"es\",\"potentialAction\":[{\"@type\":\"ReadAction\",\"target\":[\"https:\\\/\\\/exaudi.org\\\/es\\\/la-plenitud-tan-desconcertante\\\/\"]}]},{\"@type\":\"ImageObject\",\"inLanguage\":\"es\",\"@id\":\"https:\\\/\\\/exaudi.org\\\/es\\\/la-plenitud-tan-desconcertante\\\/#primaryimage\",\"url\":\"https:\\\/\\\/exaudi.org\\\/wp-content\\\/uploads\\\/2026\\\/03\\\/portada_instagram_final.jpg\",\"contentUrl\":\"https:\\\/\\\/exaudi.org\\\/wp-content\\\/uploads\\\/2026\\\/03\\\/portada_instagram_final.jpg\",\"width\":1080,\"height\":1350},{\"@type\":\"BreadcrumbList\",\"@id\":\"https:\\\/\\\/exaudi.org\\\/es\\\/la-plenitud-tan-desconcertante\\\/#breadcrumb\",\"itemListElement\":[{\"@type\":\"ListItem\",\"position\":1,\"name\":\"Portada\",\"item\":\"https:\\\/\\\/exaudi.org\\\/es\\\/\"},{\"@type\":\"ListItem\",\"position\":2,\"name\":\"La Plenitud, tan desconcertante\"}]},{\"@type\":\"WebSite\",\"@id\":\"https:\\\/\\\/exaudi.org\\\/#website\",\"url\":\"https:\\\/\\\/exaudi.org\\\/\",\"name\":\"Exaudi\",\"description\":\"News\",\"potentialAction\":[{\"@type\":\"SearchAction\",\"target\":{\"@type\":\"EntryPoint\",\"urlTemplate\":\"https:\\\/\\\/exaudi.org\\\/?s={search_term_string}\"},\"query-input\":{\"@type\":\"PropertyValueSpecification\",\"valueRequired\":true,\"valueName\":\"search_term_string\"}}],\"inLanguage\":\"es\"},{\"@type\":\"Person\",\"@id\":\"https:\\\/\\\/exaudi.org\\\/#\\\/schema\\\/person\\\/85388ea135d433877a2634f921d5567c\",\"name\":\"Rosa Montenegro\",\"image\":{\"@type\":\"ImageObject\",\"inLanguage\":\"es\",\"@id\":\"https:\\\/\\\/secure.gravatar.com\\\/avatar\\\/0fc49e154ba2f960002488bc6c90128a74660ddaabe7e2096076c8659f3d49fa?s=96&d=mm&r=g\",\"url\":\"https:\\\/\\\/secure.gravatar.com\\\/avatar\\\/0fc49e154ba2f960002488bc6c90128a74660ddaabe7e2096076c8659f3d49fa?s=96&d=mm&r=g\",\"contentUrl\":\"https:\\\/\\\/secure.gravatar.com\\\/avatar\\\/0fc49e154ba2f960002488bc6c90128a74660ddaabe7e2096076c8659f3d49fa?s=96&d=mm&r=g\",\"caption\":\"Rosa Montenegro\"},\"description\":\"Pedagoga, orientadora familiar (UNAV) y autora del libro \u201cEl yo y sus met\u00e1foras\u201d libro de antropolog\u00eda para gente sencilla. Con una extensa experiencia internacional en asesoramiento, formaci\u00f3n y coaching, acompa\u00f1a procesos de reconstrucci\u00f3n personal y promueve el fortalecimiento de la identidad desde un enfoque humanista y transformador.\",\"sameAs\":[\"https:\\\/\\\/metaforasenrosa.com\\\/\",\"https:\\\/\\\/www.facebook.com\\\/metaforasenrosa\\\/\",\"https:\\\/\\\/www.instagram.com\\\/metaforasenrosa\\\/\",\"https:\\\/\\\/x.com\\\/coachingalicia\"],\"url\":\"https:\\\/\\\/exaudi.org\\\/es\\\/author\\\/rosa-montenegro\\\/\"}]}<\/script>\n<!-- \/ Yoast SEO plugin. -->","yoast_head_json":{"title":"La Plenitud, tan desconcertante &#8211; Exaudi","robots":{"index":"index","follow":"follow","max-snippet":"max-snippet:-1","max-image-preview":"max-image-preview:large","max-video-preview":"max-video-preview:-1"},"canonical":"https:\/\/exaudi.org\/es\/la-plenitud-tan-desconcertante\/","og_locale":"es_ES","og_type":"article","og_title":"La Plenitud, tan desconcertante &#8211; Exaudi","og_description":"Cuando \u201cel puedo\u201d se convierte en \u201cquiero\u201d","og_url":"https:\/\/exaudi.org\/es\/la-plenitud-tan-desconcertante\/","og_site_name":"Exaudi","article_publisher":"https:\/\/www.facebook.com\/ExaudiNews","article_author":"https:\/\/www.facebook.com\/metaforasenrosa\/","article_published_time":"2026-03-30T07:33:36+00:00","article_modified_time":"2026-03-30T07:36:02+00:00","og_image":[{"width":1080,"height":1350,"url":"https:\/\/exaudi.org\/wp-content\/uploads\/2026\/03\/portada_instagram_final.jpg","type":"image\/jpeg"}],"author":"Rosa Montenegro","twitter_card":"summary_large_image","twitter_creator":"@coachingalicia","twitter_site":"@Exaudi_News","twitter_misc":{"Escrito por":"Rosa Montenegro","Tiempo de lectura":"5 minutos"},"schema":{"@context":"https:\/\/schema.org","@graph":[{"@type":"Article","@id":"https:\/\/exaudi.org\/es\/la-plenitud-tan-desconcertante\/#article","isPartOf":{"@id":"https:\/\/exaudi.org\/es\/la-plenitud-tan-desconcertante\/"},"author":{"name":"Rosa Montenegro","@id":"https:\/\/exaudi.org\/#\/schema\/person\/85388ea135d433877a2634f921d5567c"},"headline":"La Plenitud, tan desconcertante","datePublished":"2026-03-30T07:33:36+00:00","dateModified":"2026-03-30T07:36:02+00:00","mainEntityOfPage":{"@id":"https:\/\/exaudi.org\/es\/la-plenitud-tan-desconcertante\/"},"wordCount":928,"image":{"@id":"https:\/\/exaudi.org\/es\/la-plenitud-tan-desconcertante\/#primaryimage"},"thumbnailUrl":"https:\/\/exaudi.org\/wp-content\/uploads\/2026\/03\/portada_instagram_final.jpg","keywords":["Rosa Montenegro"],"inLanguage":"es"},{"@type":"WebPage","@id":"https:\/\/exaudi.org\/es\/la-plenitud-tan-desconcertante\/","url":"https:\/\/exaudi.org\/es\/la-plenitud-tan-desconcertante\/","name":"La Plenitud, tan desconcertante &#8211; Exaudi","isPartOf":{"@id":"https:\/\/exaudi.org\/#website"},"primaryImageOfPage":{"@id":"https:\/\/exaudi.org\/es\/la-plenitud-tan-desconcertante\/#primaryimage"},"image":{"@id":"https:\/\/exaudi.org\/es\/la-plenitud-tan-desconcertante\/#primaryimage"},"thumbnailUrl":"https:\/\/exaudi.org\/wp-content\/uploads\/2026\/03\/portada_instagram_final.jpg","datePublished":"2026-03-30T07:33:36+00:00","dateModified":"2026-03-30T07:36:02+00:00","author":{"@id":"https:\/\/exaudi.org\/#\/schema\/person\/85388ea135d433877a2634f921d5567c"},"breadcrumb":{"@id":"https:\/\/exaudi.org\/es\/la-plenitud-tan-desconcertante\/#breadcrumb"},"inLanguage":"es","potentialAction":[{"@type":"ReadAction","target":["https:\/\/exaudi.org\/es\/la-plenitud-tan-desconcertante\/"]}]},{"@type":"ImageObject","inLanguage":"es","@id":"https:\/\/exaudi.org\/es\/la-plenitud-tan-desconcertante\/#primaryimage","url":"https:\/\/exaudi.org\/wp-content\/uploads\/2026\/03\/portada_instagram_final.jpg","contentUrl":"https:\/\/exaudi.org\/wp-content\/uploads\/2026\/03\/portada_instagram_final.jpg","width":1080,"height":1350},{"@type":"BreadcrumbList","@id":"https:\/\/exaudi.org\/es\/la-plenitud-tan-desconcertante\/#breadcrumb","itemListElement":[{"@type":"ListItem","position":1,"name":"Portada","item":"https:\/\/exaudi.org\/es\/"},{"@type":"ListItem","position":2,"name":"La Plenitud, tan desconcertante"}]},{"@type":"WebSite","@id":"https:\/\/exaudi.org\/#website","url":"https:\/\/exaudi.org\/","name":"Exaudi","description":"News","potentialAction":[{"@type":"SearchAction","target":{"@type":"EntryPoint","urlTemplate":"https:\/\/exaudi.org\/?s={search_term_string}"},"query-input":{"@type":"PropertyValueSpecification","valueRequired":true,"valueName":"search_term_string"}}],"inLanguage":"es"},{"@type":"Person","@id":"https:\/\/exaudi.org\/#\/schema\/person\/85388ea135d433877a2634f921d5567c","name":"Rosa Montenegro","image":{"@type":"ImageObject","inLanguage":"es","@id":"https:\/\/secure.gravatar.com\/avatar\/0fc49e154ba2f960002488bc6c90128a74660ddaabe7e2096076c8659f3d49fa?s=96&d=mm&r=g","url":"https:\/\/secure.gravatar.com\/avatar\/0fc49e154ba2f960002488bc6c90128a74660ddaabe7e2096076c8659f3d49fa?s=96&d=mm&r=g","contentUrl":"https:\/\/secure.gravatar.com\/avatar\/0fc49e154ba2f960002488bc6c90128a74660ddaabe7e2096076c8659f3d49fa?s=96&d=mm&r=g","caption":"Rosa Montenegro"},"description":"Pedagoga, orientadora familiar (UNAV) y autora del libro \u201cEl yo y sus met\u00e1foras\u201d libro de antropolog\u00eda para gente sencilla. Con una extensa experiencia internacional en asesoramiento, formaci\u00f3n y coaching, acompa\u00f1a procesos de reconstrucci\u00f3n personal y promueve el fortalecimiento de la identidad desde un enfoque humanista y transformador.","sameAs":["https:\/\/metaforasenrosa.com\/","https:\/\/www.facebook.com\/metaforasenrosa\/","https:\/\/www.instagram.com\/metaforasenrosa\/","https:\/\/x.com\/coachingalicia"],"url":"https:\/\/exaudi.org\/es\/author\/rosa-montenegro\/"}]}},"jetpack_featured_media_url":"https:\/\/exaudi.org\/wp-content\/uploads\/2026\/03\/portada_instagram_final.jpg","jetpack_shortlink":"https:\/\/wp.me\/pgKjF2-GA5","_links":{"self":[{"href":"https:\/\/exaudi.org\/es\/wp-json\/wp\/v2\/posts\/163685","targetHints":{"allow":["GET"]}}],"collection":[{"href":"https:\/\/exaudi.org\/es\/wp-json\/wp\/v2\/posts"}],"about":[{"href":"https:\/\/exaudi.org\/es\/wp-json\/wp\/v2\/types\/post"}],"author":[{"embeddable":true,"href":"https:\/\/exaudi.org\/es\/wp-json\/wp\/v2\/users\/164"}],"replies":[{"embeddable":true,"href":"https:\/\/exaudi.org\/es\/wp-json\/wp\/v2\/comments?post=163685"}],"version-history":[{"count":6,"href":"https:\/\/exaudi.org\/es\/wp-json\/wp\/v2\/posts\/163685\/revisions"}],"predecessor-version":[{"id":163696,"href":"https:\/\/exaudi.org\/es\/wp-json\/wp\/v2\/posts\/163685\/revisions\/163696"}],"wp:featuredmedia":[{"embeddable":true,"href":"https:\/\/exaudi.org\/es\/wp-json\/wp\/v2\/media\/163689"}],"wp:attachment":[{"href":"https:\/\/exaudi.org\/es\/wp-json\/wp\/v2\/media?parent=163685"}],"wp:term":[{"taxonomy":"category","embeddable":true,"href":"https:\/\/exaudi.org\/es\/wp-json\/wp\/v2\/categories?post=163685"},{"taxonomy":"post_tag","embeddable":true,"href":"https:\/\/exaudi.org\/es\/wp-json\/wp\/v2\/tags?post=163685"}],"curies":[{"name":"wp","href":"https:\/\/api.w.org\/{rel}","templated":true}]}}