{"id":163668,"date":"2026-03-29T08:00:27","date_gmt":"2026-03-29T06:00:27","guid":{"rendered":"https:\/\/exaudi.org\/?p=163668"},"modified":"2026-03-29T19:36:31","modified_gmt":"2026-03-29T17:36:31","slug":"polonia-el-presidente-nawrocki-bajo-ataque","status":"publish","type":"post","link":"https:\/\/exaudi.org\/es\/polonia-el-presidente-nawrocki-bajo-ataque\/","title":{"rendered":"Polonia: el presidente Nawrocki bajo ataque"},"content":{"rendered":"<p>Karol Nawrocki no deb\u00eda ganar las elecciones presidenciales en Polonia celebradas el 18 de mayo de 2025. Las fuerzas que ostentaban el poder en Polonia desde el 13 de diciembre de 2023, encabezadas por Donald Tusk, quer\u00edan \u201capropiarse\u201d del \u00fanico puesto que a\u00fan no controlaban: la presidencia del Estado. Por este motivo, el gobierno, todas las estructuras del Estado, los servicios secretos, las fiscal\u00edas, las administraciones locales y, sobre todo, los medios de comunicaci\u00f3n al servicio del gobierno se movilizaron para hacer ganar en la segunda vuelta de las presidenciales al candidato de Tusk, su vicepresidente en el partido Plataforma C\u00edvica, Rafa\u0142 Trzaskowski, alcalde de la capital.<\/p>\n<p>La elecci\u00f3n de Trzaskowski como presidente habr\u00eda asegurado a Tusk un control absoluto del Estado y el completamiento de un verdadero \u201cgolpe de Estado\u201d que hab\u00eda comenzado con la formaci\u00f3n del gobierno liberal de izquierda dos a\u00f1os antes.<\/p>\n<p>En esta situaci\u00f3n, Nawrocki tuvo que luchar, ante todo, contra el gigantesco sistema medi\u00e1tico controlado por el gobierno y por otros grupos medi\u00e1ticos que apoyaban a Trzaskowski, gran parte de los cuales est\u00e1 en manos de capital extranjero, principalmente alem\u00e1n. Estos medios desataron una gigantesca campa\u00f1a de difamaci\u00f3n y odio contra el candidato conservador. El papel decisivo en este juego sucio lo desempe\u00f1\u00f3 el mayor portal de internet ONET, en polaco pero propiedad de los alemanes de Axel Springer SE y de los suizos de Ringier AG. Y precisamente ONET, en pocas semanas, justo al final de la campa\u00f1a electoral, \u201cdescubri\u00f3\u201d gracias a \u201cfuentes an\u00f3nimas\u201d que Nawrocki ser\u00eda un mafioso y un proxeneta.<\/p>\n<p>El hombre, que ya era director del Museo de la Segunda Guerra Mundial y desde hace varios a\u00f1os presidente del Instituto de la Memoria Nacional, sometido a estrictos controles por parte de todos los servicios del Estado y elogiado por pol\u00edticos de diversos espectros pol\u00edticos, era presentado como un delincuente por periodistas dignos de ser llamados seguidores de Goebbels. Y detr\u00e1s de esta campa\u00f1a de difamaci\u00f3n no pod\u00edan faltar los alemanes, propietarios de ONET.<\/p>\n<p>Solo una enorme movilizaci\u00f3n de la gente permiti\u00f3 la victoria de Nawrocki. Pero la derrota de Trzaskowski nunca fue \u201cdigerida\u201d por las fuerzas gobernantes, que primero impugnaron los resultados de las votaciones pidiendo el recuento de las papeletas electorales y posteriormente intentaron impedir la toma de posesi\u00f3n del nuevo presidente. Szymon Holownia, presidente de la c\u00e1mara baja del Parlamento polaco (Sejm), admiti\u00f3 p\u00fablicamente que hab\u00eda sido instado a organizar un golpe de Estado, es decir, a impedir que Karol Nawrocki asumiera el cargo de Presidente de la Rep\u00fablica (el Presidente de Polonia entra en funciones tras prestar juramento ante la Asamblea Nacional). Pero Holownia no se pleg\u00f3 a este complot y \u00e9l mismo se convirti\u00f3 en objeto de feroces ataques por parte de los medios.<\/p>\n<p>Todo esto no es casual, sino bien coordinado. Gracias a las investigaciones de un usuario de internet se ha confirmado la existencia de \u201ctroll farms\u201d para atacar a los pol\u00edticos de la oposici\u00f3n al gobierno de Tusk y al Presidente. Desde hace tiempo se rumorea que Roman Giertych, parlamentario del partido de Tusk y su abogado, gestiona una troll farm en l\u00ednea que difunde odio y desinformaci\u00f3n.<\/p>\n<p>Desafortunadamente, ni siquiera los actuales l\u00edderes de la UE han aceptado la victoria de Nawrocki. Tambi\u00e9n en Alemania, el canciller alem\u00e1n Merz declar\u00f3 abiertamente que habr\u00eda preferido otro presidente para Polonia. Esto explica por qu\u00e9 el presidente Nawrocki ha sido criticado tambi\u00e9n por los medios mainstream europeos, principalmente alemanes.<\/p>\n<p>Desde el comienzo de la presidencia de Nawrocki se est\u00e1 intentando, con creciente intensidad, destruir la autoridad del primer ciudadano del Estado mediante interpretaciones err\u00f3neas, comentarios malintencionados, mentiras y diversas formas de manipulaci\u00f3n. Muchos pol\u00edticos del actual gobierno y los operadores de los medios que los apoyan, insatisfechos por la derrota de su candidato en las elecciones presidenciales, utilizan t\u00e9rminos ofensivos y diversas vulgaridades en sus declaraciones cr\u00edticas contra Nawrocki. Es algo vergonzoso y descalificante que incluso Tusk y el nuevo presidente del Sejm, W\u0142odzimierz Czarzasty, se unan a esta campa\u00f1a para desacreditar a la persona que, seg\u00fan la Constituci\u00f3n polaca, es \u201cel representante supremo de la Rep\u00fablica de Polonia y garante de la continuidad del poder estatal\u201d. Todo sirve para comprometer la imagen del Presidente no solo en Polonia, sino tambi\u00e9n en el extranjero.<\/p>\n<p>En estos meses los ataques se intensificaron especialmente cuando Nawrocki vet\u00f3 alg\u00fan proyecto de ley, teniendo en cuenta, como siempre subraya, los intereses de Polonia y de los polacos. Obviamente se trata de uno de los poderes constitucionales m\u00e1s importantes del Presidente y cada vez que lo utiliza justifica siempre dicha decisi\u00f3n no solo en una carta al presidente del Sejm, sino tambi\u00e9n en una declaraci\u00f3n precisa dirigida a los ciudadanos.<\/p>\n<p>Los ataques no se han limitado a la persona del Presidente, sino que se han extendido a sus familiares. Los partidarios de Rafa\u0142 Trzaskowski, que buscaban desahogar su frustraci\u00f3n por la derrota electoral de Tusk, tomaron inmediatamente como objetivo a la hija de Nawrocki, una ni\u00f1a de siete a\u00f1os, que fue objeto de odiosos comentarios en internet. Adem\u00e1s, la ni\u00f1a, que tiene sobrepeso como muchos ni\u00f1os hoy en d\u00eda, se convirti\u00f3 en objeto de un verdadero *body shaming*.<\/p>\n<p>En la red aparecen incluso amenazas de muerte contra el Presidente y su familia. Todo ello sin ninguna reacci\u00f3n ni condena por parte de las autoridades gubernamentales.<\/p>\n<p>El odio de los medios mainstream se ha volcado recientemente tambi\u00e9n sobre Marta Nawrocka. La esposa del Presidente decidi\u00f3 conceder una entrevista a TVN24, la televisi\u00f3n progubernamental que desde siempre ataca a los ambientes conservadores y patri\u00f3ticos y combate los valores cat\u00f3licos y tradicionales. Sabiendo perfectamente con qui\u00e9n trataba, la Primera Dama decidi\u00f3 conceder la entrevista a esta cadena televisiva con el intento de llegar a todas las mujeres y establecer un di\u00e1logo entre las distintas posiciones pol\u00edticas. Pero lamentablemente los medios de izquierda liberal no est\u00e1n interesados en el di\u00e1logo, sino en recoger material para nuevos ataques.<\/p>\n<p>Lo que deber\u00eda preocupar a todos en Europa es el hecho de que los ataques contra Nawrocki han partido tambi\u00e9n de Alemania, particularmente cuando el Presidente vet\u00f3 el proyecto SAFE, que favorec\u00eda a la industria militar alemana.<\/p>\n<p>El ataque a Marta Nawrocka es una vil campa\u00f1a difamatoria que forma parte de un proyecto destinado a denigrar al Presidente de Polonia, minimizar su papel y, finalmente, apartarlo de la escena pol\u00edtica. Es una fr\u00eda y deliberada estrategia pol\u00edtica de Tusk, que ha elegido la peor forma de mantenerse en el poder seg\u00fan el lema: *Divide et impera*. Las campa\u00f1as de odio, demonizaci\u00f3n y difamaci\u00f3n de los adversarios pol\u00edticos sirven precisamente para dividir a la sociedad polaca y, de esta manera, controlarla eficazmente. Pero lo m\u00e1s incre\u00edble es que Tusk y sus compa\u00f1eros declaran su voluntad de combatir el *hate speech* en la red: la Polonia de Tusk se est\u00e1 convirtiendo cada vez m\u00e1s en un pa\u00eds kafkiano.<\/p>\n<p>El art\u00edculo en italiano apareci\u00f3 en <em><strong>La Nuova Bussola Quotidiana<\/strong><\/em>:\u00a0\u00a0https:\/\/lanuovabq.it\/it\/continuano-gli-attacchi-della-sinistra-al-presidente-nawrocki<\/p>\n","protected":false},"excerpt":{"rendered":"<p>Sembrar odio para gobernar<\/p>\n","protected":false},"author":85,"featured_media":163670,"comment_status":"closed","ping_status":"closed","sticky":false,"template":"","format":"standard","meta":{"_acf_changed":false,"_crdt_document":"","inline_featured_image":false,"footnotes":""},"categories":[74],"tags":[104946,104936,104939,104937,104945,58952,104935,104948,58842,104942,104938,62335,59200,58838,2425,58837,104944,58880,104940,104947,104941,18472,104943],"class_list":["post-163668","post","type-post","status-publish","format-standard","has-post-thumbnail","hentry","category-iglesia-y-mundo","tag-alemania-polonia","tag-ataque-al-presidente","tag-axel-springer","tag-campana-de-odio","tag-divide-et-impera","tag-donald-tusk-es-2","tag-elecciones-presidenciales-polonia-2025","tag-instituto-memoria-nacional","tag-karol-nawrocki","tag-marta-nawrocka","tag-medios-mainstream","tag-onet","tag-pis-es-5","tag-plataforma-civica","tag-polonia-es","tag-rafal-trzaskowski-2","tag-szymon-holownia","tag-trending-es-151","tag-troll-farm","tag-ue-polonia","tag-veto-presidencial","tag-wlodzimierz-redzioch-2","tag-wlodzimierz-czarzasty"],"acf":[],"yoast_head":"<!-- This site is optimized with the Yoast SEO plugin v27.4 - https:\/\/yoast.com\/product\/yoast-seo-wordpress\/ -->\n<title>Polonia: el presidente Nawrocki bajo ataque &#8211; Exaudi<\/title>\n<meta name=\"robots\" content=\"index, follow, max-snippet:-1, max-image-preview:large, max-video-preview:-1\" \/>\n<link rel=\"canonical\" href=\"https:\/\/exaudi.org\/es\/polonia-el-presidente-nawrocki-bajo-ataque\/\" \/>\n<meta property=\"og:locale\" content=\"es_ES\" \/>\n<meta property=\"og:type\" content=\"article\" \/>\n<meta property=\"og:title\" content=\"Polonia: el presidente Nawrocki bajo ataque &#8211; Exaudi\" \/>\n<meta property=\"og:description\" content=\"Sembrar odio para gobernar\" \/>\n<meta property=\"og:url\" content=\"https:\/\/exaudi.org\/es\/polonia-el-presidente-nawrocki-bajo-ataque\/\" \/>\n<meta property=\"og:site_name\" content=\"Exaudi\" \/>\n<meta property=\"article:publisher\" content=\"https:\/\/www.facebook.com\/ExaudiNews\" \/>\n<meta property=\"article:published_time\" content=\"2026-03-29T06:00:27+00:00\" \/>\n<meta property=\"article:modified_time\" content=\"2026-03-29T17:36:31+00:00\" \/>\n<meta property=\"og:image\" content=\"https:\/\/exaudi.org\/wp-content\/uploads\/2026\/03\/Prezydent_Karol_Nawrocki_kancelaria-prezydenta.png\" \/>\n\t<meta property=\"og:image:width\" content=\"896\" \/>\n\t<meta property=\"og:image:height\" content=\"597\" \/>\n\t<meta property=\"og:image:type\" content=\"image\/png\" \/>\n<meta name=\"author\" content=\"Wlodzimierz Redzioch\" \/>\n<meta name=\"twitter:card\" content=\"summary_large_image\" \/>\n<meta name=\"twitter:creator\" content=\"@Exaudi_News\" \/>\n<meta name=\"twitter:site\" content=\"@Exaudi_News\" \/>\n<meta name=\"twitter:label1\" content=\"Escrito por\" \/>\n\t<meta name=\"twitter:data1\" content=\"Wlodzimierz Redzioch\" \/>\n\t<meta name=\"twitter:label2\" content=\"Tiempo de lectura\" \/>\n\t<meta name=\"twitter:data2\" content=\"6 minutos\" \/>\n<script type=\"application\/ld+json\" class=\"yoast-schema-graph\">{\"@context\":\"https:\\\/\\\/schema.org\",\"@graph\":[{\"@type\":\"Article\",\"@id\":\"https:\\\/\\\/exaudi.org\\\/es\\\/polonia-el-presidente-nawrocki-bajo-ataque\\\/#article\",\"isPartOf\":{\"@id\":\"https:\\\/\\\/exaudi.org\\\/es\\\/polonia-el-presidente-nawrocki-bajo-ataque\\\/\"},\"author\":{\"name\":\"Wlodzimierz Redzioch\",\"@id\":\"https:\\\/\\\/exaudi.org\\\/#\\\/schema\\\/person\\\/558b6cc7524c4488c69704f46c2578e0\"},\"headline\":\"Polonia: el presidente Nawrocki bajo ataque\",\"datePublished\":\"2026-03-29T06:00:27+00:00\",\"dateModified\":\"2026-03-29T17:36:31+00:00\",\"mainEntityOfPage\":{\"@id\":\"https:\\\/\\\/exaudi.org\\\/es\\\/polonia-el-presidente-nawrocki-bajo-ataque\\\/\"},\"wordCount\":1248,\"image\":{\"@id\":\"https:\\\/\\\/exaudi.org\\\/es\\\/polonia-el-presidente-nawrocki-bajo-ataque\\\/#primaryimage\"},\"thumbnailUrl\":\"https:\\\/\\\/exaudi.org\\\/wp-content\\\/uploads\\\/2026\\\/03\\\/Prezydent_Karol_Nawrocki_kancelaria-prezydenta.png\",\"keywords\":[\"Alemania Polonia\",\"ataque al presidente\",\"Axel Springer\",\"campa\u00f1a de odio\",\"divide et impera\",\"Donald Tusk\",\"elecciones presidenciales Polonia 2025\",\"Instituto Memoria Nacional\",\"Karol Nawrocki\",\"Marta Nawrocka\",\"medios mainstream\",\"onet\",\"PiS\",\"Plataforma C\u00edvica\",\"Polonia\",\"Rafa\u0142 Trzaskowski\",\"Szymon Holownia\",\"Trending\",\"troll farm\",\"UE Polonia\",\"veto presidencial\",\"Wlodzimierz Redzioch\",\"W\u0142odzimierz Czarzasty\"],\"articleSection\":[\"Iglesia y Mundo\"],\"inLanguage\":\"es\"},{\"@type\":\"WebPage\",\"@id\":\"https:\\\/\\\/exaudi.org\\\/es\\\/polonia-el-presidente-nawrocki-bajo-ataque\\\/\",\"url\":\"https:\\\/\\\/exaudi.org\\\/es\\\/polonia-el-presidente-nawrocki-bajo-ataque\\\/\",\"name\":\"Polonia: el presidente Nawrocki bajo ataque &#8211; Exaudi\",\"isPartOf\":{\"@id\":\"https:\\\/\\\/exaudi.org\\\/#website\"},\"primaryImageOfPage\":{\"@id\":\"https:\\\/\\\/exaudi.org\\\/es\\\/polonia-el-presidente-nawrocki-bajo-ataque\\\/#primaryimage\"},\"image\":{\"@id\":\"https:\\\/\\\/exaudi.org\\\/es\\\/polonia-el-presidente-nawrocki-bajo-ataque\\\/#primaryimage\"},\"thumbnailUrl\":\"https:\\\/\\\/exaudi.org\\\/wp-content\\\/uploads\\\/2026\\\/03\\\/Prezydent_Karol_Nawrocki_kancelaria-prezydenta.png\",\"datePublished\":\"2026-03-29T06:00:27+00:00\",\"dateModified\":\"2026-03-29T17:36:31+00:00\",\"author\":{\"@id\":\"https:\\\/\\\/exaudi.org\\\/#\\\/schema\\\/person\\\/558b6cc7524c4488c69704f46c2578e0\"},\"breadcrumb\":{\"@id\":\"https:\\\/\\\/exaudi.org\\\/es\\\/polonia-el-presidente-nawrocki-bajo-ataque\\\/#breadcrumb\"},\"inLanguage\":\"es\",\"potentialAction\":[{\"@type\":\"ReadAction\",\"target\":[\"https:\\\/\\\/exaudi.org\\\/es\\\/polonia-el-presidente-nawrocki-bajo-ataque\\\/\"]}]},{\"@type\":\"ImageObject\",\"inLanguage\":\"es\",\"@id\":\"https:\\\/\\\/exaudi.org\\\/es\\\/polonia-el-presidente-nawrocki-bajo-ataque\\\/#primaryimage\",\"url\":\"https:\\\/\\\/exaudi.org\\\/wp-content\\\/uploads\\\/2026\\\/03\\\/Prezydent_Karol_Nawrocki_kancelaria-prezydenta.png\",\"contentUrl\":\"https:\\\/\\\/exaudi.org\\\/wp-content\\\/uploads\\\/2026\\\/03\\\/Prezydent_Karol_Nawrocki_kancelaria-prezydenta.png\",\"width\":896,\"height\":597},{\"@type\":\"BreadcrumbList\",\"@id\":\"https:\\\/\\\/exaudi.org\\\/es\\\/polonia-el-presidente-nawrocki-bajo-ataque\\\/#breadcrumb\",\"itemListElement\":[{\"@type\":\"ListItem\",\"position\":1,\"name\":\"Portada\",\"item\":\"https:\\\/\\\/exaudi.org\\\/es\\\/\"},{\"@type\":\"ListItem\",\"position\":2,\"name\":\"Polonia: el presidente Nawrocki bajo ataque\"}]},{\"@type\":\"WebSite\",\"@id\":\"https:\\\/\\\/exaudi.org\\\/#website\",\"url\":\"https:\\\/\\\/exaudi.org\\\/\",\"name\":\"Exaudi\",\"description\":\"News\",\"potentialAction\":[{\"@type\":\"SearchAction\",\"target\":{\"@type\":\"EntryPoint\",\"urlTemplate\":\"https:\\\/\\\/exaudi.org\\\/?s={search_term_string}\"},\"query-input\":{\"@type\":\"PropertyValueSpecification\",\"valueRequired\":true,\"valueName\":\"search_term_string\"}}],\"inLanguage\":\"es\"},{\"@type\":\"Person\",\"@id\":\"https:\\\/\\\/exaudi.org\\\/#\\\/schema\\\/person\\\/558b6cc7524c4488c69704f46c2578e0\",\"name\":\"Wlodzimierz Redzioch\",\"image\":{\"@type\":\"ImageObject\",\"inLanguage\":\"es\",\"@id\":\"https:\\\/\\\/secure.gravatar.com\\\/avatar\\\/6d24a03e044ad402c01b933d454ac413e287e5a6d92238dd5d98c5c6073d9b49?s=96&d=mm&r=g\",\"url\":\"https:\\\/\\\/secure.gravatar.com\\\/avatar\\\/6d24a03e044ad402c01b933d454ac413e287e5a6d92238dd5d98c5c6073d9b49?s=96&d=mm&r=g\",\"contentUrl\":\"https:\\\/\\\/secure.gravatar.com\\\/avatar\\\/6d24a03e044ad402c01b933d454ac413e287e5a6d92238dd5d98c5c6073d9b49?s=96&d=mm&r=g\",\"caption\":\"Wlodzimierz Redzioch\"},\"description\":\"Wlodzimierz Redzioch \u00e8 nato a Czestochowa (Polonia), si \u00e8 laureato in Ingegneria nel Politecnico. Dopo aver continuato gli studi nell\u2019Universit\u00e0 di Varsavia, presso l\u2019Istituto degli Studi africani, nel 1980 ha lavorato presso il Centro per i pellegrini polacchi a Roma. Dal 1981 al 2012 ha lavorato presso L\u2019Osservatore romano. Dal 1995 collabora con il settimanale cattolico polacco Niedziela come corrispondente dal Vaticano e dall\u2019Italia. Per la sua attivit\u00e0 di vaticanista il 23 settembre 2000 ha ricevuto in Polonia il premio cattolico per il giornalismo \u00abMater Verbi\u00bb; mentre il 14 luglio 2006 Sua Santit\u00e0 Benedetto XVI gli ha conferito il titolo di commendatore dell\u2019Ordine di San Silvestro papa. Autore prolifico, ha scritto diversi volumi sul Vaticano e guide ai due principali santuari mariani: Lourdes e Fatima. Promotore in Polonia del pellegrinaggio a Santiago de Compostela. In occasione della canonizzazione di Giovanni Paolo II ha pubblicato il libro \u201cAccanto a Giovanni Paolo II. Gli amici e i collaboratori raccontano\u201d (Edizioni Ares, Milano 2014), con 22 interviste, compresa la testimonianza d\u2019eccezione di Papa emerito Benedetto XVI. Nel 2024, per commemorare il 40mo anniversario dell\u2019assassinio di don Jerzy Popie\u0142uszko, ha pubblicato la sua biografia \u201cJerzy Popie\u0142uszko. Martire del comunismo\u201d (Edizioni Ares Milano 2024).\",\"url\":\"https:\\\/\\\/exaudi.org\\\/es\\\/author\\\/wlodzimierzredzioc\\\/\"}]}<\/script>\n<!-- \/ Yoast SEO plugin. -->","yoast_head_json":{"title":"Polonia: el presidente Nawrocki bajo ataque &#8211; Exaudi","robots":{"index":"index","follow":"follow","max-snippet":"max-snippet:-1","max-image-preview":"max-image-preview:large","max-video-preview":"max-video-preview:-1"},"canonical":"https:\/\/exaudi.org\/es\/polonia-el-presidente-nawrocki-bajo-ataque\/","og_locale":"es_ES","og_type":"article","og_title":"Polonia: el presidente Nawrocki bajo ataque &#8211; Exaudi","og_description":"Sembrar odio para gobernar","og_url":"https:\/\/exaudi.org\/es\/polonia-el-presidente-nawrocki-bajo-ataque\/","og_site_name":"Exaudi","article_publisher":"https:\/\/www.facebook.com\/ExaudiNews","article_published_time":"2026-03-29T06:00:27+00:00","article_modified_time":"2026-03-29T17:36:31+00:00","og_image":[{"width":896,"height":597,"url":"https:\/\/exaudi.org\/wp-content\/uploads\/2026\/03\/Prezydent_Karol_Nawrocki_kancelaria-prezydenta.png","type":"image\/png"}],"author":"Wlodzimierz Redzioch","twitter_card":"summary_large_image","twitter_creator":"@Exaudi_News","twitter_site":"@Exaudi_News","twitter_misc":{"Escrito por":"Wlodzimierz Redzioch","Tiempo de lectura":"6 minutos"},"schema":{"@context":"https:\/\/schema.org","@graph":[{"@type":"Article","@id":"https:\/\/exaudi.org\/es\/polonia-el-presidente-nawrocki-bajo-ataque\/#article","isPartOf":{"@id":"https:\/\/exaudi.org\/es\/polonia-el-presidente-nawrocki-bajo-ataque\/"},"author":{"name":"Wlodzimierz Redzioch","@id":"https:\/\/exaudi.org\/#\/schema\/person\/558b6cc7524c4488c69704f46c2578e0"},"headline":"Polonia: el presidente Nawrocki bajo ataque","datePublished":"2026-03-29T06:00:27+00:00","dateModified":"2026-03-29T17:36:31+00:00","mainEntityOfPage":{"@id":"https:\/\/exaudi.org\/es\/polonia-el-presidente-nawrocki-bajo-ataque\/"},"wordCount":1248,"image":{"@id":"https:\/\/exaudi.org\/es\/polonia-el-presidente-nawrocki-bajo-ataque\/#primaryimage"},"thumbnailUrl":"https:\/\/exaudi.org\/wp-content\/uploads\/2026\/03\/Prezydent_Karol_Nawrocki_kancelaria-prezydenta.png","keywords":["Alemania Polonia","ataque al presidente","Axel Springer","campa\u00f1a de odio","divide et impera","Donald Tusk","elecciones presidenciales Polonia 2025","Instituto Memoria Nacional","Karol Nawrocki","Marta Nawrocka","medios mainstream","onet","PiS","Plataforma C\u00edvica","Polonia","Rafa\u0142 Trzaskowski","Szymon Holownia","Trending","troll farm","UE Polonia","veto presidencial","Wlodzimierz Redzioch","W\u0142odzimierz Czarzasty"],"articleSection":["Iglesia y Mundo"],"inLanguage":"es"},{"@type":"WebPage","@id":"https:\/\/exaudi.org\/es\/polonia-el-presidente-nawrocki-bajo-ataque\/","url":"https:\/\/exaudi.org\/es\/polonia-el-presidente-nawrocki-bajo-ataque\/","name":"Polonia: el presidente Nawrocki bajo ataque &#8211; Exaudi","isPartOf":{"@id":"https:\/\/exaudi.org\/#website"},"primaryImageOfPage":{"@id":"https:\/\/exaudi.org\/es\/polonia-el-presidente-nawrocki-bajo-ataque\/#primaryimage"},"image":{"@id":"https:\/\/exaudi.org\/es\/polonia-el-presidente-nawrocki-bajo-ataque\/#primaryimage"},"thumbnailUrl":"https:\/\/exaudi.org\/wp-content\/uploads\/2026\/03\/Prezydent_Karol_Nawrocki_kancelaria-prezydenta.png","datePublished":"2026-03-29T06:00:27+00:00","dateModified":"2026-03-29T17:36:31+00:00","author":{"@id":"https:\/\/exaudi.org\/#\/schema\/person\/558b6cc7524c4488c69704f46c2578e0"},"breadcrumb":{"@id":"https:\/\/exaudi.org\/es\/polonia-el-presidente-nawrocki-bajo-ataque\/#breadcrumb"},"inLanguage":"es","potentialAction":[{"@type":"ReadAction","target":["https:\/\/exaudi.org\/es\/polonia-el-presidente-nawrocki-bajo-ataque\/"]}]},{"@type":"ImageObject","inLanguage":"es","@id":"https:\/\/exaudi.org\/es\/polonia-el-presidente-nawrocki-bajo-ataque\/#primaryimage","url":"https:\/\/exaudi.org\/wp-content\/uploads\/2026\/03\/Prezydent_Karol_Nawrocki_kancelaria-prezydenta.png","contentUrl":"https:\/\/exaudi.org\/wp-content\/uploads\/2026\/03\/Prezydent_Karol_Nawrocki_kancelaria-prezydenta.png","width":896,"height":597},{"@type":"BreadcrumbList","@id":"https:\/\/exaudi.org\/es\/polonia-el-presidente-nawrocki-bajo-ataque\/#breadcrumb","itemListElement":[{"@type":"ListItem","position":1,"name":"Portada","item":"https:\/\/exaudi.org\/es\/"},{"@type":"ListItem","position":2,"name":"Polonia: el presidente Nawrocki bajo ataque"}]},{"@type":"WebSite","@id":"https:\/\/exaudi.org\/#website","url":"https:\/\/exaudi.org\/","name":"Exaudi","description":"News","potentialAction":[{"@type":"SearchAction","target":{"@type":"EntryPoint","urlTemplate":"https:\/\/exaudi.org\/?s={search_term_string}"},"query-input":{"@type":"PropertyValueSpecification","valueRequired":true,"valueName":"search_term_string"}}],"inLanguage":"es"},{"@type":"Person","@id":"https:\/\/exaudi.org\/#\/schema\/person\/558b6cc7524c4488c69704f46c2578e0","name":"Wlodzimierz Redzioch","image":{"@type":"ImageObject","inLanguage":"es","@id":"https:\/\/secure.gravatar.com\/avatar\/6d24a03e044ad402c01b933d454ac413e287e5a6d92238dd5d98c5c6073d9b49?s=96&d=mm&r=g","url":"https:\/\/secure.gravatar.com\/avatar\/6d24a03e044ad402c01b933d454ac413e287e5a6d92238dd5d98c5c6073d9b49?s=96&d=mm&r=g","contentUrl":"https:\/\/secure.gravatar.com\/avatar\/6d24a03e044ad402c01b933d454ac413e287e5a6d92238dd5d98c5c6073d9b49?s=96&d=mm&r=g","caption":"Wlodzimierz Redzioch"},"description":"Wlodzimierz Redzioch \u00e8 nato a Czestochowa (Polonia), si \u00e8 laureato in Ingegneria nel Politecnico. Dopo aver continuato gli studi nell\u2019Universit\u00e0 di Varsavia, presso l\u2019Istituto degli Studi africani, nel 1980 ha lavorato presso il Centro per i pellegrini polacchi a Roma. Dal 1981 al 2012 ha lavorato presso L\u2019Osservatore romano. Dal 1995 collabora con il settimanale cattolico polacco Niedziela come corrispondente dal Vaticano e dall\u2019Italia. Per la sua attivit\u00e0 di vaticanista il 23 settembre 2000 ha ricevuto in Polonia il premio cattolico per il giornalismo \u00abMater Verbi\u00bb; mentre il 14 luglio 2006 Sua Santit\u00e0 Benedetto XVI gli ha conferito il titolo di commendatore dell\u2019Ordine di San Silvestro papa. Autore prolifico, ha scritto diversi volumi sul Vaticano e guide ai due principali santuari mariani: Lourdes e Fatima. Promotore in Polonia del pellegrinaggio a Santiago de Compostela. In occasione della canonizzazione di Giovanni Paolo II ha pubblicato il libro \u201cAccanto a Giovanni Paolo II. Gli amici e i collaboratori raccontano\u201d (Edizioni Ares, Milano 2014), con 22 interviste, compresa la testimonianza d\u2019eccezione di Papa emerito Benedetto XVI. Nel 2024, per commemorare il 40mo anniversario dell\u2019assassinio di don Jerzy Popie\u0142uszko, ha pubblicato la sua biografia \u201cJerzy Popie\u0142uszko. Martire del comunismo\u201d (Edizioni Ares Milano 2024).","url":"https:\/\/exaudi.org\/es\/author\/wlodzimierzredzioc\/"}]}},"jetpack_featured_media_url":"https:\/\/exaudi.org\/wp-content\/uploads\/2026\/03\/Prezydent_Karol_Nawrocki_kancelaria-prezydenta.png","jetpack_shortlink":"https:\/\/wp.me\/pgKjF2-GzO","_links":{"self":[{"href":"https:\/\/exaudi.org\/es\/wp-json\/wp\/v2\/posts\/163668","targetHints":{"allow":["GET"]}}],"collection":[{"href":"https:\/\/exaudi.org\/es\/wp-json\/wp\/v2\/posts"}],"about":[{"href":"https:\/\/exaudi.org\/es\/wp-json\/wp\/v2\/types\/post"}],"author":[{"embeddable":true,"href":"https:\/\/exaudi.org\/es\/wp-json\/wp\/v2\/users\/85"}],"replies":[{"embeddable":true,"href":"https:\/\/exaudi.org\/es\/wp-json\/wp\/v2\/comments?post=163668"}],"version-history":[{"count":4,"href":"https:\/\/exaudi.org\/es\/wp-json\/wp\/v2\/posts\/163668\/revisions"}],"predecessor-version":[{"id":163675,"href":"https:\/\/exaudi.org\/es\/wp-json\/wp\/v2\/posts\/163668\/revisions\/163675"}],"wp:featuredmedia":[{"embeddable":true,"href":"https:\/\/exaudi.org\/es\/wp-json\/wp\/v2\/media\/163670"}],"wp:attachment":[{"href":"https:\/\/exaudi.org\/es\/wp-json\/wp\/v2\/media?parent=163668"}],"wp:term":[{"taxonomy":"category","embeddable":true,"href":"https:\/\/exaudi.org\/es\/wp-json\/wp\/v2\/categories?post=163668"},{"taxonomy":"post_tag","embeddable":true,"href":"https:\/\/exaudi.org\/es\/wp-json\/wp\/v2\/tags?post=163668"}],"curies":[{"name":"wp","href":"https:\/\/api.w.org\/{rel}","templated":true}]}}