{"id":163277,"date":"2026-03-26T15:01:06","date_gmt":"2026-03-26T14:01:06","guid":{"rendered":"https:\/\/exaudi.org\/?p=163277"},"modified":"2026-03-26T15:01:06","modified_gmt":"2026-03-26T14:01:06","slug":"noelia-recibira-la-eutanasia-hoy-tras-un-proceso-judicial-marcado-por-un-intenso-debate","status":"publish","type":"post","link":"https:\/\/exaudi.org\/es\/noelia-recibira-la-eutanasia-hoy-tras-un-proceso-judicial-marcado-por-un-intenso-debate\/","title":{"rendered":"Noelia recibir\u00e1 la eutanasia hoy tras un proceso judicial marcado por un intenso debate"},"content":{"rendered":"<p>El caso de Noelia, una joven de 24 a\u00f1os con una lesi\u00f3n medular derivada de un intento de suicidio, llega hoy a su desenlace tras un prolongado recorrido judicial y un intenso debate bio\u00e9tico. El Tribunal Europeo de Derechos Humanos ha rechazado las medidas cautelares solicitadas por su padre para paralizar el procedimiento, avalando as\u00ed la continuidad del proceso. Con la eutanasia prevista para esta tarde, la situaci\u00f3n reabre interrogantes sobre la aplicaci\u00f3n de esta pr\u00e1ctica en pacientes con trastornos mentales, la valoraci\u00f3n de su capacidad de decisi\u00f3n y los l\u00edmites de la legislaci\u00f3n vigente.<\/p>\n<p>La historia de Noelia,\u00a0<strong><a href=\"https:\/\/www.observatoriobioetica.org\/2025\/02\/primera-audiencia-en-espana-para-decidir-sobre-la-peticion-de-eutanasia-de-una-joven-con-lesion-medular-y-antecedentes-de-enfermedad-mental\/10003418\">una joven de 24 a\u00f1os<\/a>\u00a0<\/strong>que padece una lesi\u00f3n medular como secuela de un intento de suicidio en 2022 tras sufrir depresiones, llega hoy a un punto decisivo. Esta tarde, 26 de marzo de 2026, a las 18:00 horas, est\u00e1 prevista la aplicaci\u00f3n de la\u00a0<strong><a href=\"https:\/\/www.observatoriobioetica.org\/2021\/12\/la-eutanasia-una-puerta-abierta-muy-dificil-de-cerrar\/37516\">eutanasia<\/a><\/strong>\u00a0que ella misma solicit\u00f3 por primera vez en 2024, en un caso que ha suscitado un intenso debate jur\u00eddico, m\u00e9dico y \u00e9tico. Noelia vive en un centro sociosanitario y se desplaza en silla de ruedas.<\/p>\n<p>Su padre, representado por la organizaci\u00f3n Abogados Cristianos, ha intentado hasta el \u00faltimo momento frenar el proceso. Para ello,\u00a0<strong><a href=\"https:\/\/www.20minutos.es\/noticia\/5690245\/0\/padre-joven-que-reclama-eutanasia-pide-nulidad-todo-procedimiento\/\">present\u00f3 medidas cautelares<\/a><\/strong>\u00a0ante el Tribunal de Estrasburgo, despu\u00e9s de que un recurso previo lograra paralizar temporalmente la eutanasia en una fase anterior del procedimiento.<\/p>\n<p>En paralelo, los servicios jur\u00eddicos solicitaron al juzgado de lo penal que la joven fuera evaluada y tratada psicol\u00f3gica y psiqui\u00e1tricamente antes de autorizar una decisi\u00f3n irreversible. A su juicio, el caso pone de manifiesto \u201cun problema estructural de la legislaci\u00f3n\u201d: la ausencia de protocolos obligatorios en pacientes con enfermedad mental antes de acceder a la eutanasia.<\/p>\n<p>Seg\u00fan argumentan, Noelia ten\u00eda reconocida una discapacidad del 67% por trastorno mental antes de su intento de suicidio. Tras el episodio que la dej\u00f3 en silla de ruedas, ese grado aument\u00f3 hasta el 74%, lo que \u2014afirman\u2014 apunta a que el origen del sufrimiento es fundamentalmente psiqui\u00e1trico. \u201cEstamos ante un vac\u00edo legal grav\u00edsimo: se ofrece el suicidio sin haber intentado curar\u201d, sostienen.<\/p>\n<h3><strong>Antecedentes<\/strong><\/h3>\n<p>Hay que recordar que en agosto de 2024 la joven estuvo a punto de recibir la eutanasia, pero su padre present\u00f3 un recurso y la jueza la detuvo cautelarmente, al considerar que no cumpl\u00eda los requisitos legales para solicitarla, ya que su estado de salud mejora con tratamiento y su dolor puede controlarse con medicaci\u00f3n.<\/p>\n<p><a href=\"https:\/\/www.observatoriobioetica.org\/wp-content\/uploads\/2026\/03\/ChatGPT-Image-26-mar-2026-14_06_21.png\" data-caption=\"\"><picture class=\"wp-image-10008192 alignleft\"><source srcset=\"https:\/\/www.observatoriobioetica.org\/wp-content\/uploads\/2026\/03\/ChatGPT-Image-26-mar-2026-14_06_21-200x133.png.avif 200w, https:\/\/www.observatoriobioetica.org\/wp-content\/uploads\/2026\/03\/ChatGPT-Image-26-mar-2026-14_06_21-300x200.png.avif 300w, https:\/\/www.observatoriobioetica.org\/wp-content\/uploads\/2026\/03\/ChatGPT-Image-26-mar-2026-14_06_21-400x267.png.avif 400w, https:\/\/www.observatoriobioetica.org\/wp-content\/uploads\/2026\/03\/ChatGPT-Image-26-mar-2026-14_06_21-600x400.png.avif 600w, https:\/\/www.observatoriobioetica.org\/wp-content\/uploads\/2026\/03\/ChatGPT-Image-26-mar-2026-14_06_21-768x512.png.avif 768w, https:\/\/www.observatoriobioetica.org\/wp-content\/uploads\/2026\/03\/ChatGPT-Image-26-mar-2026-14_06_21-800x533.png.avif 800w, https:\/\/www.observatoriobioetica.org\/wp-content\/uploads\/2026\/03\/ChatGPT-Image-26-mar-2026-14_06_21-1024x683.png.avif 1024w, https:\/\/www.observatoriobioetica.org\/wp-content\/uploads\/2026\/03\/ChatGPT-Image-26-mar-2026-14_06_21-1200x800.png.avif 1200w, https:\/\/www.observatoriobioetica.org\/wp-content\/uploads\/2026\/03\/ChatGPT-Image-26-mar-2026-14_06_21-1320x880.png.avif 1320w, https:\/\/www.observatoriobioetica.org\/wp-content\/uploads\/2026\/03\/ChatGPT-Image-26-mar-2026-14_06_21.png.avif 1536w\" type=\"image\/avif\" sizes=\"(max-width: 338px) 100vw, 338px\" \/><img loading=\"lazy\" decoding=\"async\" src=\"https:\/\/www.observatoriobioetica.org\/wp-content\/uploads\/2026\/03\/ChatGPT-Image-26-mar-2026-14_06_21-300x200.png\" sizes=\"auto, (max-width: 338px) 100vw, 338px\" srcset=\"https:\/\/www.observatoriobioetica.org\/wp-content\/uploads\/2026\/03\/ChatGPT-Image-26-mar-2026-14_06_21-200x133.png 200w, https:\/\/www.observatoriobioetica.org\/wp-content\/uploads\/2026\/03\/ChatGPT-Image-26-mar-2026-14_06_21-300x200.png 300w, https:\/\/www.observatoriobioetica.org\/wp-content\/uploads\/2026\/03\/ChatGPT-Image-26-mar-2026-14_06_21-400x267.png 400w, https:\/\/www.observatoriobioetica.org\/wp-content\/uploads\/2026\/03\/ChatGPT-Image-26-mar-2026-14_06_21-600x400.png 600w, https:\/\/www.observatoriobioetica.org\/wp-content\/uploads\/2026\/03\/ChatGPT-Image-26-mar-2026-14_06_21-768x512.png 768w, https:\/\/www.observatoriobioetica.org\/wp-content\/uploads\/2026\/03\/ChatGPT-Image-26-mar-2026-14_06_21-800x533.png 800w, https:\/\/www.observatoriobioetica.org\/wp-content\/uploads\/2026\/03\/ChatGPT-Image-26-mar-2026-14_06_21-1024x683.png 1024w, https:\/\/www.observatoriobioetica.org\/wp-content\/uploads\/2026\/03\/ChatGPT-Image-26-mar-2026-14_06_21-1200x800.png 1200w, https:\/\/www.observatoriobioetica.org\/wp-content\/uploads\/2026\/03\/ChatGPT-Image-26-mar-2026-14_06_21-1320x880.png 1320w, https:\/\/www.observatoriobioetica.org\/wp-content\/uploads\/2026\/03\/ChatGPT-Image-26-mar-2026-14_06_21.png 1536w\" alt=\"\" width=\"338\" height=\"225\" \/><\/picture><\/a>El pasado 11 de marzo, la justicia autoriz\u00f3 la eutanasia para la joven, cuya solicitud hab\u00eda sido previamente anulada por una sentencia que respaldaba la oposici\u00f3n de su padre. Esta nueva resoluci\u00f3n revert\u00eda la decisi\u00f3n anterior y reconoc\u00eda su derecho a acceder a la muerte asistida.<\/p>\n<p>Seg\u00fan la Fiscal\u00eda Provincial de Barcelona, la mujer cumple los requisitos que prev\u00e9 la ley para recibir la prestaci\u00f3n de ayuda a morir solicitada; su decisi\u00f3n es<strong><a href=\"https:\/\/www.europapress.es\/catalunya\/noticia-fiscalia-considera-peticion-eutanasia-joven-barcelona-libre-autonoma-20250311135243.html\">\u00a0\u201cfirme, libre y aut\u00f3noma\u201d<\/a>\u00a0<\/strong>y se encuentra en situaci\u00f3n de \u201ccontexto eutan\u00e1sico\u201d.<\/p>\n<p>Los servicios jur\u00eddicos de la Generalitat aseveran que el padre no est\u00e1 legitimado para intervenir en esta causa, ya que la joven\u00a0<strong><a href=\"https:\/\/www.20minutos.es\/noticia\/5690042\/0\/la-fiscalia-considera-que-la-joven-de-barcelona-que-reclama-la-eutanasia-cumple-los-requisitos-para-que-se-le-aplique\/\">no tiene limitadas sus capacidades<\/a><\/strong>\u00a0y no convive con \u00e9l. Adem\u00e1s, consideran que este act\u00faa por una \u201cdivergencia de car\u00e1cter ideol\u00f3gico\u201d.<\/p>\n<p>El padre present\u00f3 alegaciones el 12 de marzo, al considerar que la joven padece enfermedades mentales diagnosticadas que afectan a su capacidad de tomar decisiones.<\/p>\n<h3><strong>Valoraci\u00f3n bio\u00e9tica<\/strong><\/h3>\n<p>El respeto a la autonom\u00eda del paciente psiqui\u00e1trico implica la necesidad de una cuidadosa valoraci\u00f3n de su capacidad para la toma de decisiones no maleficentes, especialmente cuando tienen consecuencias irreversibles. La aplicaci\u00f3n de la eutanasia en estos pacientes puede interpretarse como una consecuencia del fracaso asistencial del sistema que la promueve. En lugar de recibir la atenci\u00f3n cl\u00ednica y el acompa\u00f1amiento que necesitan, se les facilita el suicidio asistido o la eutanasia, comprometiendo los principios de la medicina, cuyo objetivo es curar, paliar, prevenir y cuidar.<\/p>\n<p>Como ha se\u00f1alado previamente\u00a0<strong><a href=\"https:\/\/www.observatoriobioetica.org\/2025\/02\/primera-audiencia-en-espana-para-decidir-sobre-la-peticion-de-eutanasia-de-una-joven-con-lesion-medular-y-antecedentes-de-enfermedad-mental\/10003418\">el doctor Mariano Casado Blanco<\/a><\/strong>\u00a0en un informe publicado en nuestro Observatorio, \u201cdiferentes estudios han demostrado que el deseo de morir que manifiesta un paciente en un momento determinado no se mantiene estable en el tiempo y est\u00e1 directamente relacionado con otras variables que pueden ser tratadas oportunamente y de manera satisfactoria, evitando conductas de tipo impulsivo\u201d.<\/p>\n<p>Tomar una decisi\u00f3n firme, libre y aut\u00f3noma, como afirma en este caso la Fiscal\u00eda, no implica necesariamente que deba ser secundada. Una persona puede optar de manera firme, libre y aut\u00f3noma por destruir la propia vida o la de otros, o por causar da\u00f1o de diversas formas, lo que pone de manifiesto la necesidad de establecer l\u00edmites al ejercicio de su libertad.<\/p>\n<p>El paciente que pide morir, en muchos casos, lo que realmente necesita es ser atendido, aliviado, acompa\u00f1ado y tratado en sus sufrimientos. Provocar su muerte puede suponer una forma de abandono dif\u00edcilmente justificable, impropia de una civilizaci\u00f3n que deber\u00eda ocuparse especialmente de sus miembros m\u00e1s vulnerables.<\/p>\n<p>Finalmente, si se ejecuta la eutanasia, no ser\u00e1 sino un s\u00edntoma m\u00e1s del declive de una civilizaci\u00f3n que renuncia a cuidar de los d\u00e9biles y opta por su eliminaci\u00f3n.<\/p>\n<p><em><strong>Julio Tudela .\u00a0Ester Bosch .\u00a0Observatorio de Bio\u00e9tica .\u00a0Instituto Ciencias de la Vida .\u00a0Universidad Cat\u00f3lica de Valencia<\/strong><\/em><\/p>\n<p><img loading=\"lazy\" decoding=\"async\" class=\"size-full wp-image-163284 alignnone\" src=\"https:\/\/exaudi.org\/wp-content\/uploads\/2026\/03\/Racismo.jpg\" alt=\"\" width=\"940\" height=\"788\" srcset=\"https:\/\/exaudi.org\/wp-content\/uploads\/2026\/03\/Racismo.jpg 940w, https:\/\/exaudi.org\/wp-content\/uploads\/2026\/03\/Racismo-300x251.jpg 300w, https:\/\/exaudi.org\/wp-content\/uploads\/2026\/03\/Racismo-770x645.jpg 770w, https:\/\/exaudi.org\/wp-content\/uploads\/2026\/03\/Racismo-500x419.jpg 500w\" sizes=\"auto, (max-width: 940px) 100vw, 940px\" \/><\/p>\n","protected":false},"excerpt":{"rendered":"<p>El proceso evidencia vac\u00edos legales y cuestiona la respuesta del sistema ante el sufrimiento de pacientes vulnerables<\/p>\n","protected":false},"author":87,"featured_media":163279,"comment_status":"closed","ping_status":"closed","sticky":false,"template":"","format":"standard","meta":{"_acf_changed":false,"_crdt_document":"","inline_featured_image":false,"footnotes":""},"categories":[72],"tags":[29660,104282,728,93593,104284,104269,104279,104285,104270,104277,104278,104276,12822,611,104281,39756,104275,104271,9981,104274,104283,630,104280,104272,58880,104273],"class_list":["post-163277","post","type-post","status-publish","format-standard","has-post-thumbnail","hentry","category-analisis","tag-autonomia-del-paciente","tag-ayuda-a-morir-espana","tag-bioetica","tag-bioetica-eutanasia","tag-capacidad-de-decision-paciente","tag-caso-noelia-eutanasia","tag-controversia-eutanasia","tag-debate-etico-eutanasia","tag-debate-eutanasia-2026","tag-depresion-y-eutanasia","tag-derechos-del-paciente-espana","tag-discapacidad-y-eutanasia","tag-ester-bosch","tag-eutanasia","tag-eutanasia-barcelona","tag-eutanasia-espana","tag-eutanasia-jovenes","tag-eutanasia-salud-mental","tag-julio-tudela","tag-legislacion-eutanasia-espana","tag-ley-eutanasia-espana","tag-observatorio-de-bioetica-de-la-universidad-catolica-de-valencia","tag-proceso-judicial-eutanasia","tag-suicidio-asistido-espana","tag-trending-es-151","tag-tribunal-europeo-de-derechos-humanos-eutanasia"],"acf":[],"yoast_head":"<!-- This site is optimized with the Yoast SEO plugin v27.4 - https:\/\/yoast.com\/product\/yoast-seo-wordpress\/ -->\n<title>Noelia recibir\u00e1 la eutanasia hoy tras un proceso judicial marcado por un intenso debate &#8211; Exaudi<\/title>\n<meta name=\"robots\" content=\"index, follow, max-snippet:-1, max-image-preview:large, max-video-preview:-1\" \/>\n<link rel=\"canonical\" href=\"https:\/\/exaudi.org\/es\/noelia-recibira-la-eutanasia-hoy-tras-un-proceso-judicial-marcado-por-un-intenso-debate\/\" \/>\n<meta property=\"og:locale\" content=\"es_ES\" \/>\n<meta property=\"og:type\" content=\"article\" \/>\n<meta property=\"og:title\" content=\"Noelia recibir\u00e1 la eutanasia hoy tras un proceso judicial marcado por un intenso debate &#8211; Exaudi\" \/>\n<meta property=\"og:description\" content=\"El proceso evidencia vac\u00edos legales y cuestiona la respuesta del sistema ante el sufrimiento de pacientes vulnerables\" \/>\n<meta property=\"og:url\" content=\"https:\/\/exaudi.org\/es\/noelia-recibira-la-eutanasia-hoy-tras-un-proceso-judicial-marcado-por-un-intenso-debate\/\" \/>\n<meta property=\"og:site_name\" content=\"Exaudi\" \/>\n<meta property=\"article:publisher\" content=\"https:\/\/www.facebook.com\/ExaudiNews\" \/>\n<meta property=\"article:author\" content=\"https:\/\/www.facebook.com\/observatoriodebioetica\/\" \/>\n<meta property=\"article:published_time\" content=\"2026-03-26T14:01:06+00:00\" \/>\n<meta property=\"og:image\" content=\"https:\/\/exaudi.org\/wp-content\/uploads\/2026\/03\/franco5-2-scaled.jpg-scaled.jpg\" \/>\n\t<meta property=\"og:image:width\" content=\"2560\" \/>\n\t<meta property=\"og:image:height\" content=\"994\" \/>\n\t<meta property=\"og:image:type\" content=\"image\/jpeg\" \/>\n<meta name=\"author\" content=\"Observatorio de Bio\u00e9tica UCV\" \/>\n<meta name=\"twitter:card\" content=\"summary_large_image\" \/>\n<meta name=\"twitter:creator\" content=\"@obioetica\" \/>\n<meta name=\"twitter:site\" content=\"@Exaudi_News\" \/>\n<meta name=\"twitter:label1\" content=\"Escrito por\" \/>\n\t<meta name=\"twitter:data1\" content=\"Observatorio de Bio\u00e9tica UCV\" \/>\n\t<meta name=\"twitter:label2\" content=\"Tiempo de lectura\" \/>\n\t<meta name=\"twitter:data2\" content=\"5 minutos\" \/>\n<script type=\"application\/ld+json\" class=\"yoast-schema-graph\">{\"@context\":\"https:\\\/\\\/schema.org\",\"@graph\":[{\"@type\":\"Article\",\"@id\":\"https:\\\/\\\/exaudi.org\\\/es\\\/noelia-recibira-la-eutanasia-hoy-tras-un-proceso-judicial-marcado-por-un-intenso-debate\\\/#article\",\"isPartOf\":{\"@id\":\"https:\\\/\\\/exaudi.org\\\/es\\\/noelia-recibira-la-eutanasia-hoy-tras-un-proceso-judicial-marcado-por-un-intenso-debate\\\/\"},\"author\":{\"name\":\"Observatorio de Bio\u00e9tica UCV\",\"@id\":\"https:\\\/\\\/exaudi.org\\\/#\\\/schema\\\/person\\\/05d1c06e56ecb5490e9bff0d27026595\"},\"headline\":\"Noelia recibir\u00e1 la eutanasia hoy tras un proceso judicial marcado por un intenso debate\",\"datePublished\":\"2026-03-26T14:01:06+00:00\",\"mainEntityOfPage\":{\"@id\":\"https:\\\/\\\/exaudi.org\\\/es\\\/noelia-recibira-la-eutanasia-hoy-tras-un-proceso-judicial-marcado-por-un-intenso-debate\\\/\"},\"wordCount\":931,\"image\":{\"@id\":\"https:\\\/\\\/exaudi.org\\\/es\\\/noelia-recibira-la-eutanasia-hoy-tras-un-proceso-judicial-marcado-por-un-intenso-debate\\\/#primaryimage\"},\"thumbnailUrl\":\"https:\\\/\\\/exaudi.org\\\/wp-content\\\/uploads\\\/2026\\\/03\\\/franco5-2-scaled.jpg-scaled.jpg\",\"keywords\":[\"Autonom\u00eda del paciente\",\"ayuda a morir Espa\u00f1a\",\"Bio\u00e9tica\",\"bio\u00e9tica eutanasia\",\"capacidad de decisi\u00f3n paciente\",\"caso Noelia eutanasia\",\"controversia eutanasia\",\"debate \u00e9tico eutanasia\",\"debate eutanasia 2026\",\"depresi\u00f3n y eutanasia\",\"derechos del paciente Espa\u00f1a\",\"discapacidad y eutanasia\",\"Ester Bosch\",\"Eutanasia\",\"eutanasia Barcelona\",\"eutanasia Espa\u00f1a\",\"eutanasia j\u00f3venes\",\"eutanasia salud mental\",\"Julio Tudela\",\"legislaci\u00f3n eutanasia Espa\u00f1a\",\"ley eutanasia Espa\u00f1a\",\"Observatorio de Bio\u00e9tica de la Universidad Cat\u00f3lica de Valencia\",\"proceso judicial eutanasia\",\"suicidio asistido Espa\u00f1a\",\"Trending\",\"Tribunal Europeo de Derechos Humanos eutanasia\"],\"articleSection\":[\"An\u00e1lisis\"],\"inLanguage\":\"es\"},{\"@type\":\"WebPage\",\"@id\":\"https:\\\/\\\/exaudi.org\\\/es\\\/noelia-recibira-la-eutanasia-hoy-tras-un-proceso-judicial-marcado-por-un-intenso-debate\\\/\",\"url\":\"https:\\\/\\\/exaudi.org\\\/es\\\/noelia-recibira-la-eutanasia-hoy-tras-un-proceso-judicial-marcado-por-un-intenso-debate\\\/\",\"name\":\"Noelia recibir\u00e1 la eutanasia hoy tras un proceso judicial marcado por un intenso debate &#8211; Exaudi\",\"isPartOf\":{\"@id\":\"https:\\\/\\\/exaudi.org\\\/#website\"},\"primaryImageOfPage\":{\"@id\":\"https:\\\/\\\/exaudi.org\\\/es\\\/noelia-recibira-la-eutanasia-hoy-tras-un-proceso-judicial-marcado-por-un-intenso-debate\\\/#primaryimage\"},\"image\":{\"@id\":\"https:\\\/\\\/exaudi.org\\\/es\\\/noelia-recibira-la-eutanasia-hoy-tras-un-proceso-judicial-marcado-por-un-intenso-debate\\\/#primaryimage\"},\"thumbnailUrl\":\"https:\\\/\\\/exaudi.org\\\/wp-content\\\/uploads\\\/2026\\\/03\\\/franco5-2-scaled.jpg-scaled.jpg\",\"datePublished\":\"2026-03-26T14:01:06+00:00\",\"author\":{\"@id\":\"https:\\\/\\\/exaudi.org\\\/#\\\/schema\\\/person\\\/05d1c06e56ecb5490e9bff0d27026595\"},\"breadcrumb\":{\"@id\":\"https:\\\/\\\/exaudi.org\\\/es\\\/noelia-recibira-la-eutanasia-hoy-tras-un-proceso-judicial-marcado-por-un-intenso-debate\\\/#breadcrumb\"},\"inLanguage\":\"es\",\"potentialAction\":[{\"@type\":\"ReadAction\",\"target\":[\"https:\\\/\\\/exaudi.org\\\/es\\\/noelia-recibira-la-eutanasia-hoy-tras-un-proceso-judicial-marcado-por-un-intenso-debate\\\/\"]}]},{\"@type\":\"ImageObject\",\"inLanguage\":\"es\",\"@id\":\"https:\\\/\\\/exaudi.org\\\/es\\\/noelia-recibira-la-eutanasia-hoy-tras-un-proceso-judicial-marcado-por-un-intenso-debate\\\/#primaryimage\",\"url\":\"https:\\\/\\\/exaudi.org\\\/wp-content\\\/uploads\\\/2026\\\/03\\\/franco5-2-scaled.jpg-scaled.jpg\",\"contentUrl\":\"https:\\\/\\\/exaudi.org\\\/wp-content\\\/uploads\\\/2026\\\/03\\\/franco5-2-scaled.jpg-scaled.jpg\",\"width\":2560,\"height\":994},{\"@type\":\"BreadcrumbList\",\"@id\":\"https:\\\/\\\/exaudi.org\\\/es\\\/noelia-recibira-la-eutanasia-hoy-tras-un-proceso-judicial-marcado-por-un-intenso-debate\\\/#breadcrumb\",\"itemListElement\":[{\"@type\":\"ListItem\",\"position\":1,\"name\":\"Portada\",\"item\":\"https:\\\/\\\/exaudi.org\\\/es\\\/\"},{\"@type\":\"ListItem\",\"position\":2,\"name\":\"Noelia recibir\u00e1 la eutanasia hoy tras un proceso judicial marcado por un intenso debate\"}]},{\"@type\":\"WebSite\",\"@id\":\"https:\\\/\\\/exaudi.org\\\/#website\",\"url\":\"https:\\\/\\\/exaudi.org\\\/\",\"name\":\"Exaudi\",\"description\":\"News\",\"potentialAction\":[{\"@type\":\"SearchAction\",\"target\":{\"@type\":\"EntryPoint\",\"urlTemplate\":\"https:\\\/\\\/exaudi.org\\\/?s={search_term_string}\"},\"query-input\":{\"@type\":\"PropertyValueSpecification\",\"valueRequired\":true,\"valueName\":\"search_term_string\"}}],\"inLanguage\":\"es\"},{\"@type\":\"Person\",\"@id\":\"https:\\\/\\\/exaudi.org\\\/#\\\/schema\\\/person\\\/05d1c06e56ecb5490e9bff0d27026595\",\"name\":\"Observatorio de Bio\u00e9tica UCV\",\"image\":{\"@type\":\"ImageObject\",\"inLanguage\":\"es\",\"@id\":\"https:\\\/\\\/secure.gravatar.com\\\/avatar\\\/086563f59595a89fb0851de25d712a03657b1cdfa8af3c9cd0a1ee122fc5d596?s=96&d=mm&r=g\",\"url\":\"https:\\\/\\\/secure.gravatar.com\\\/avatar\\\/086563f59595a89fb0851de25d712a03657b1cdfa8af3c9cd0a1ee122fc5d596?s=96&d=mm&r=g\",\"contentUrl\":\"https:\\\/\\\/secure.gravatar.com\\\/avatar\\\/086563f59595a89fb0851de25d712a03657b1cdfa8af3c9cd0a1ee122fc5d596?s=96&d=mm&r=g\",\"caption\":\"Observatorio de Bio\u00e9tica UCV\"},\"description\":\"El Observatorio de Bio\u00e9tica se encuentra dentro del Instituto Ciencias de la vida de la Universidad Cat\u00f3lica de Valencia \u201cSan Vicente M\u00e1rtir\u201d . En el trasfondo de sus publicaciones, se defiende la vida humana desde la fecundaci\u00f3n a la muerte natural y la dignidad de la persona, teniendo como objetivo aunar esfuerzos para difundir la cultura de la vida como la define la Evangelium Vitae.\",\"sameAs\":[\"https:\\\/\\\/www.observatoriobioetica.org\\\/\",\"https:\\\/\\\/www.facebook.com\\\/observatoriodebioetica\\\/\",\"https:\\\/\\\/x.com\\\/obioetica\",\"https:\\\/\\\/www.youtube.com\\\/channel\\\/UC_Tr4WS5-TXoNo5e1MdQc7w\"],\"url\":\"https:\\\/\\\/exaudi.org\\\/es\\\/author\\\/observatoriodebioeticaucv\\\/\"}]}<\/script>\n<!-- \/ Yoast SEO plugin. -->","yoast_head_json":{"title":"Noelia recibir\u00e1 la eutanasia hoy tras un proceso judicial marcado por un intenso debate &#8211; Exaudi","robots":{"index":"index","follow":"follow","max-snippet":"max-snippet:-1","max-image-preview":"max-image-preview:large","max-video-preview":"max-video-preview:-1"},"canonical":"https:\/\/exaudi.org\/es\/noelia-recibira-la-eutanasia-hoy-tras-un-proceso-judicial-marcado-por-un-intenso-debate\/","og_locale":"es_ES","og_type":"article","og_title":"Noelia recibir\u00e1 la eutanasia hoy tras un proceso judicial marcado por un intenso debate &#8211; Exaudi","og_description":"El proceso evidencia vac\u00edos legales y cuestiona la respuesta del sistema ante el sufrimiento de pacientes vulnerables","og_url":"https:\/\/exaudi.org\/es\/noelia-recibira-la-eutanasia-hoy-tras-un-proceso-judicial-marcado-por-un-intenso-debate\/","og_site_name":"Exaudi","article_publisher":"https:\/\/www.facebook.com\/ExaudiNews","article_author":"https:\/\/www.facebook.com\/observatoriodebioetica\/","article_published_time":"2026-03-26T14:01:06+00:00","og_image":[{"width":2560,"height":994,"url":"https:\/\/exaudi.org\/wp-content\/uploads\/2026\/03\/franco5-2-scaled.jpg-scaled.jpg","type":"image\/jpeg"}],"author":"Observatorio de Bio\u00e9tica UCV","twitter_card":"summary_large_image","twitter_creator":"@obioetica","twitter_site":"@Exaudi_News","twitter_misc":{"Escrito por":"Observatorio de Bio\u00e9tica UCV","Tiempo de lectura":"5 minutos"},"schema":{"@context":"https:\/\/schema.org","@graph":[{"@type":"Article","@id":"https:\/\/exaudi.org\/es\/noelia-recibira-la-eutanasia-hoy-tras-un-proceso-judicial-marcado-por-un-intenso-debate\/#article","isPartOf":{"@id":"https:\/\/exaudi.org\/es\/noelia-recibira-la-eutanasia-hoy-tras-un-proceso-judicial-marcado-por-un-intenso-debate\/"},"author":{"name":"Observatorio de Bio\u00e9tica UCV","@id":"https:\/\/exaudi.org\/#\/schema\/person\/05d1c06e56ecb5490e9bff0d27026595"},"headline":"Noelia recibir\u00e1 la eutanasia hoy tras un proceso judicial marcado por un intenso debate","datePublished":"2026-03-26T14:01:06+00:00","mainEntityOfPage":{"@id":"https:\/\/exaudi.org\/es\/noelia-recibira-la-eutanasia-hoy-tras-un-proceso-judicial-marcado-por-un-intenso-debate\/"},"wordCount":931,"image":{"@id":"https:\/\/exaudi.org\/es\/noelia-recibira-la-eutanasia-hoy-tras-un-proceso-judicial-marcado-por-un-intenso-debate\/#primaryimage"},"thumbnailUrl":"https:\/\/exaudi.org\/wp-content\/uploads\/2026\/03\/franco5-2-scaled.jpg-scaled.jpg","keywords":["Autonom\u00eda del paciente","ayuda a morir Espa\u00f1a","Bio\u00e9tica","bio\u00e9tica eutanasia","capacidad de decisi\u00f3n paciente","caso Noelia eutanasia","controversia eutanasia","debate \u00e9tico eutanasia","debate eutanasia 2026","depresi\u00f3n y eutanasia","derechos del paciente Espa\u00f1a","discapacidad y eutanasia","Ester Bosch","Eutanasia","eutanasia Barcelona","eutanasia Espa\u00f1a","eutanasia j\u00f3venes","eutanasia salud mental","Julio Tudela","legislaci\u00f3n eutanasia Espa\u00f1a","ley eutanasia Espa\u00f1a","Observatorio de Bio\u00e9tica de la Universidad Cat\u00f3lica de Valencia","proceso judicial eutanasia","suicidio asistido Espa\u00f1a","Trending","Tribunal Europeo de Derechos Humanos eutanasia"],"articleSection":["An\u00e1lisis"],"inLanguage":"es"},{"@type":"WebPage","@id":"https:\/\/exaudi.org\/es\/noelia-recibira-la-eutanasia-hoy-tras-un-proceso-judicial-marcado-por-un-intenso-debate\/","url":"https:\/\/exaudi.org\/es\/noelia-recibira-la-eutanasia-hoy-tras-un-proceso-judicial-marcado-por-un-intenso-debate\/","name":"Noelia recibir\u00e1 la eutanasia hoy tras un proceso judicial marcado por un intenso debate &#8211; Exaudi","isPartOf":{"@id":"https:\/\/exaudi.org\/#website"},"primaryImageOfPage":{"@id":"https:\/\/exaudi.org\/es\/noelia-recibira-la-eutanasia-hoy-tras-un-proceso-judicial-marcado-por-un-intenso-debate\/#primaryimage"},"image":{"@id":"https:\/\/exaudi.org\/es\/noelia-recibira-la-eutanasia-hoy-tras-un-proceso-judicial-marcado-por-un-intenso-debate\/#primaryimage"},"thumbnailUrl":"https:\/\/exaudi.org\/wp-content\/uploads\/2026\/03\/franco5-2-scaled.jpg-scaled.jpg","datePublished":"2026-03-26T14:01:06+00:00","author":{"@id":"https:\/\/exaudi.org\/#\/schema\/person\/05d1c06e56ecb5490e9bff0d27026595"},"breadcrumb":{"@id":"https:\/\/exaudi.org\/es\/noelia-recibira-la-eutanasia-hoy-tras-un-proceso-judicial-marcado-por-un-intenso-debate\/#breadcrumb"},"inLanguage":"es","potentialAction":[{"@type":"ReadAction","target":["https:\/\/exaudi.org\/es\/noelia-recibira-la-eutanasia-hoy-tras-un-proceso-judicial-marcado-por-un-intenso-debate\/"]}]},{"@type":"ImageObject","inLanguage":"es","@id":"https:\/\/exaudi.org\/es\/noelia-recibira-la-eutanasia-hoy-tras-un-proceso-judicial-marcado-por-un-intenso-debate\/#primaryimage","url":"https:\/\/exaudi.org\/wp-content\/uploads\/2026\/03\/franco5-2-scaled.jpg-scaled.jpg","contentUrl":"https:\/\/exaudi.org\/wp-content\/uploads\/2026\/03\/franco5-2-scaled.jpg-scaled.jpg","width":2560,"height":994},{"@type":"BreadcrumbList","@id":"https:\/\/exaudi.org\/es\/noelia-recibira-la-eutanasia-hoy-tras-un-proceso-judicial-marcado-por-un-intenso-debate\/#breadcrumb","itemListElement":[{"@type":"ListItem","position":1,"name":"Portada","item":"https:\/\/exaudi.org\/es\/"},{"@type":"ListItem","position":2,"name":"Noelia recibir\u00e1 la eutanasia hoy tras un proceso judicial marcado por un intenso debate"}]},{"@type":"WebSite","@id":"https:\/\/exaudi.org\/#website","url":"https:\/\/exaudi.org\/","name":"Exaudi","description":"News","potentialAction":[{"@type":"SearchAction","target":{"@type":"EntryPoint","urlTemplate":"https:\/\/exaudi.org\/?s={search_term_string}"},"query-input":{"@type":"PropertyValueSpecification","valueRequired":true,"valueName":"search_term_string"}}],"inLanguage":"es"},{"@type":"Person","@id":"https:\/\/exaudi.org\/#\/schema\/person\/05d1c06e56ecb5490e9bff0d27026595","name":"Observatorio de Bio\u00e9tica UCV","image":{"@type":"ImageObject","inLanguage":"es","@id":"https:\/\/secure.gravatar.com\/avatar\/086563f59595a89fb0851de25d712a03657b1cdfa8af3c9cd0a1ee122fc5d596?s=96&d=mm&r=g","url":"https:\/\/secure.gravatar.com\/avatar\/086563f59595a89fb0851de25d712a03657b1cdfa8af3c9cd0a1ee122fc5d596?s=96&d=mm&r=g","contentUrl":"https:\/\/secure.gravatar.com\/avatar\/086563f59595a89fb0851de25d712a03657b1cdfa8af3c9cd0a1ee122fc5d596?s=96&d=mm&r=g","caption":"Observatorio de Bio\u00e9tica UCV"},"description":"El Observatorio de Bio\u00e9tica se encuentra dentro del Instituto Ciencias de la vida de la Universidad Cat\u00f3lica de Valencia \u201cSan Vicente M\u00e1rtir\u201d . En el trasfondo de sus publicaciones, se defiende la vida humana desde la fecundaci\u00f3n a la muerte natural y la dignidad de la persona, teniendo como objetivo aunar esfuerzos para difundir la cultura de la vida como la define la Evangelium Vitae.","sameAs":["https:\/\/www.observatoriobioetica.org\/","https:\/\/www.facebook.com\/observatoriodebioetica\/","https:\/\/x.com\/obioetica","https:\/\/www.youtube.com\/channel\/UC_Tr4WS5-TXoNo5e1MdQc7w"],"url":"https:\/\/exaudi.org\/es\/author\/observatoriodebioeticaucv\/"}]}},"jetpack_featured_media_url":"https:\/\/exaudi.org\/wp-content\/uploads\/2026\/03\/franco5-2-scaled.jpg-scaled.jpg","jetpack_shortlink":"https:\/\/wp.me\/pgKjF2-Gtv","_links":{"self":[{"href":"https:\/\/exaudi.org\/es\/wp-json\/wp\/v2\/posts\/163277","targetHints":{"allow":["GET"]}}],"collection":[{"href":"https:\/\/exaudi.org\/es\/wp-json\/wp\/v2\/posts"}],"about":[{"href":"https:\/\/exaudi.org\/es\/wp-json\/wp\/v2\/types\/post"}],"author":[{"embeddable":true,"href":"https:\/\/exaudi.org\/es\/wp-json\/wp\/v2\/users\/87"}],"replies":[{"embeddable":true,"href":"https:\/\/exaudi.org\/es\/wp-json\/wp\/v2\/comments?post=163277"}],"version-history":[{"count":4,"href":"https:\/\/exaudi.org\/es\/wp-json\/wp\/v2\/posts\/163277\/revisions"}],"predecessor-version":[{"id":163287,"href":"https:\/\/exaudi.org\/es\/wp-json\/wp\/v2\/posts\/163277\/revisions\/163287"}],"wp:featuredmedia":[{"embeddable":true,"href":"https:\/\/exaudi.org\/es\/wp-json\/wp\/v2\/media\/163279"}],"wp:attachment":[{"href":"https:\/\/exaudi.org\/es\/wp-json\/wp\/v2\/media?parent=163277"}],"wp:term":[{"taxonomy":"category","embeddable":true,"href":"https:\/\/exaudi.org\/es\/wp-json\/wp\/v2\/categories?post=163277"},{"taxonomy":"post_tag","embeddable":true,"href":"https:\/\/exaudi.org\/es\/wp-json\/wp\/v2\/tags?post=163277"}],"curies":[{"name":"wp","href":"https:\/\/api.w.org\/{rel}","templated":true}]}}