{"id":163271,"date":"2026-03-26T13:33:40","date_gmt":"2026-03-26T12:33:40","guid":{"rendered":"https:\/\/exaudi.org\/?p=163271"},"modified":"2026-03-26T13:39:45","modified_gmt":"2026-03-26T12:39:45","slug":"el-papa-leon-xiv-a-la-nueva-arzobispa-de-canterbury-sigamos-dialogando-en-la-verdad-y-el-amor","status":"publish","type":"post","link":"https:\/\/exaudi.org\/es\/el-papa-leon-xiv-a-la-nueva-arzobispa-de-canterbury-sigamos-dialogando-en-la-verdad-y-el-amor\/","title":{"rendered":"El Papa Le\u00f3n XIV a la nueva arzobispa de Canterbury: \u201cSigamos dialogando en la verdad y el amor\u201d"},"content":{"rendered":"<p dir=\"auto\">El 26 de marzo de 2026, el Papa Le\u00f3n XIV dirigi\u00f3 un mensaje escrito a la arzobispa Sarah Mullally, quien asumi\u00f3 oficialmente su ministerio el d\u00eda anterior en una ceremonia en la Catedral de Canterbury. El cardenal Kurt Koch, prefecto del Dicasterio para la Promoci\u00f3n de la Unidad de los Cristianos y enviado especial del Papa, entreg\u00f3 la misiva al concluir una oraci\u00f3n ecum\u00e9nica conjunta celebrada en la misma catedral para conmemorar los 60 a\u00f1os del hist\u00f3rico encuentro entre san Pablo VI y el arzobispo Michael Ramsey en Roma, en marzo de 1966.<\/p>\n<p dir=\"auto\">En su carta, el Papa Le\u00f3n XIV ofrece \u201csaludos, buenos deseos y palabras de aliento para un ministerio sin duda \u2018arduo\u2019\u201d, al tiempo que invita a \u201cseguir dialogando en la verdad y el amor\u201d para poder ofrecer al mundo \u201clos dones de Dios\u201d en medio de las diversas tragedias que lo azotan.<\/p>\n<p dir=\"auto\">El mensaje subraya la amplitud de la responsabilidad que asume Mullally, no solo sobre la Di\u00f3cesis de Canterbury, sino sobre toda la Iglesia de Inglaterra y la Comuni\u00f3n Anglicana en su conjunto. El Pont\u00edfice pide al Se\u00f1or que la fortalezca con el don de la sabidur\u00eda y que sea guiada por el Esp\u00edritu Santo en el servicio a sus comunidades, inspir\u00e1ndose en el ejemplo de Mar\u00eda, Madre de Dios.<\/p>\n<h3 dir=\"auto\"><strong>Un di\u00e1logo ecum\u00e9nico con frutos y desaf\u00edos<\/strong><\/h3>\n<p dir=\"auto\">El Papa recuerda el gesto de hace sesenta a\u00f1os, cuando Pablo VI y Michael Ramsey se estrecharon la mano en Roma, comprometiendo a cat\u00f3licos y anglicanos en una nueva etapa de relaciones fraternas basadas en la caridad cristiana. Aquel encuentro abri\u00f3 \u201cuna nueva p\u00e1gina de respetuosa apertura\u201d que, seg\u00fan Le\u00f3n XIV, \u201cha dado muchos frutos en las \u00faltimas seis d\u00e9cadas y sigue haci\u00e9ndolo a\u00fan hoy\u201d.<\/p>\n<p dir=\"auto\">De aquel momento surgi\u00f3 tambi\u00e9n el acuerdo para iniciar un di\u00e1logo teol\u00f3gico formal, que dio lugar a la Comisi\u00f3n Internacional Anglicano-Cat\u00f3lica (ARCIC). El Pont\u00edfice destaca que los frutos de este trabajo han permitido a ambas tradiciones \u201cdar testimonio juntos de manera m\u00e1s eficaz\u201d, algo especialmente valioso ante los m\u00faltiples desaf\u00edos que enfrenta la familia humana.<\/p>\n<p dir=\"auto\">Aunque reconoce que el camino ecum\u00e9nico \u201cno siempre ha estado exento de obst\u00e1culos\u201d y que \u201cnuevas circunstancias han tra\u00eddo nuevos desacuerdos\u201d, el Papa afirma que las divergencias no impiden reconocerse como \u201chermanos y hermanas en Cristo\u201d gracias al Bautismo com\u00fan. Cita el ejemplo de la relaci\u00f3n entre el papa Francisco y el anterior arzobispo Justin Welby, incluyendo su visita conjunta a Sud\u00e1n del Sur en 2023.<\/p>\n<p dir=\"auto\">\u201cPor mi parte, creo firmemente que debemos seguir dialogando en la verdad y el amor\u201d, escribe Le\u00f3n XIV, \u201cporque solo en la verdad y el amor llegamos a conocer juntos la gracia, la misericordia y la paz de Dios y, por lo tanto, a poder ofrecer estos preciosos dones al mundo\u201d.<\/p>\n<h3 dir=\"auto\"><strong>La unidad al servicio del Evangelio<\/strong><\/h3>\n<p dir=\"auto\">El mensaje concluye recordando que la unidad que buscan los cristianos \u201cnunca es un fin en s\u00ed misma\u201d. Citando unas palabras del papa Francisco dirigidas a los primados anglicanos en 2024, Le\u00f3n XIV advierte que ser\u00eda un esc\u00e1ndalo que, a causa de las divisiones, los cristianos no cumplieran su vocaci\u00f3n com\u00fan de dar a conocer a Cristo.<\/p>\n<p dir=\"auto\">\u201c<em>Solo a trav\u00e9s del testimonio de una comunidad cristiana reconciliada, fraterna y unida resonar\u00e1 con mayor claridad el anuncio del Evangelio<\/em>\u201d, subraya el Papa.<\/p>\n<p dir=\"auto\">La nueva arzobispa Sarah Mullally, de 63 a\u00f1os, es la primera mujer en ocupar este cargo. En su serm\u00f3n durante la ceremonia de toma de posesi\u00f3n, habl\u00f3 de las mujeres de la Biblia que confiaron en Dios ante un futuro incierto y reiter\u00f3 la urgencia de la verdad y la justicia en la Iglesia. La oraci\u00f3n ecum\u00e9nica en la que se entreg\u00f3 el mensaje papal utiliz\u00f3 el mismo reclinatorio del encuentro entre san Juan Pablo II y el arzobispo Robert Runcie en 1982, reforzando as\u00ed el simbolismo de continuidad en las relaciones entre cat\u00f3licos y anglicanos.<\/p>\n","protected":false},"excerpt":{"rendered":"<p>El Pont\u00edfice env\u00eda un mensaje de felicitaci\u00f3n a Sarah Mullally con motivo de su toma de posesi\u00f3n como primada de la Iglesia de Inglaterra y l\u00edder de la Comuni\u00f3n Anglicana.<\/p>\n","protected":false},"author":15,"featured_media":163273,"comment_status":"closed","ping_status":"closed","sticky":false,"template":"","format":"standard","meta":{"_acf_changed":false,"_crdt_document":"","inline_featured_image":false,"footnotes":""},"categories":[],"tags":[104261,104258,104256,89558,104257,104264,854,854,854,100757,104262,104263,12321,27138,27138,27138,27138,27138,27138,27138,27138,27138,104259,104267,8420,104265,104266,32875,104255,1971,87051,104260,104268,27696,59777],"class_list":{"0":"post-163271","1":"post","2":"type-post","3":"status-publish","4":"format-standard","5":"has-post-thumbnail","6":"hentry","7":"tag-60-anos-encuentro-roma","8":"tag-arcic","9":"tag-arzobispa-de-canterbury","10":"tag-bautismo-comun","11":"tag-comunion-anglicana","12":"tag-desafios-ecumenicos","13":"tag-dialogo-interreligioso-es","16":"tag-dicasterio-para-la-promocion-de-la-unidad-de-los-cristianos","17":"tag-francisco-y-welby","18":"tag-frutos-ecumenicos","19":"tag-kurt-koch-3","20":"tag-mensaje-papal","29":"tag-michael-ramsey","30":"tag-oracion-ecumenica-canterbury","31":"tag-pablo-vi","32":"tag-primada-iglesia-inglaterra","33":"tag-primera-mujer-arzobispa","34":"tag-reconciliacion-cristiana","35":"tag-sarah-mullally","36":"tag-sudan-del-sur","37":"tag-testimonio-evangelico","38":"tag-toma-de-posesion-canterbury","39":"tag-unidad-al-servicio-evangelio","40":"tag-unidad-cristiana","41":"tag-verdad-y-amor"},"acf":[],"yoast_head":"<!-- This site is optimized with the Yoast SEO plugin v27.4 - https:\/\/yoast.com\/product\/yoast-seo-wordpress\/ -->\n<title>El Papa Le\u00f3n XIV a la nueva arzobispa de Canterbury: \u201cSigamos dialogando en la verdad y el amor\u201d &#8211; Exaudi<\/title>\n<meta name=\"robots\" content=\"index, follow, max-snippet:-1, max-image-preview:large, max-video-preview:-1\" \/>\n<link rel=\"canonical\" href=\"https:\/\/exaudi.org\/es\/el-papa-leon-xiv-a-la-nueva-arzobispa-de-canterbury-sigamos-dialogando-en-la-verdad-y-el-amor\/\" \/>\n<meta property=\"og:locale\" content=\"es_ES\" \/>\n<meta property=\"og:type\" content=\"article\" \/>\n<meta property=\"og:title\" content=\"El Papa Le\u00f3n XIV a la nueva arzobispa de Canterbury: \u201cSigamos dialogando en la verdad y el amor\u201d &#8211; Exaudi\" \/>\n<meta property=\"og:description\" content=\"El Pont\u00edfice env\u00eda un mensaje de felicitaci\u00f3n a Sarah Mullally con motivo de su toma de posesi\u00f3n como primada de la Iglesia de Inglaterra y l\u00edder de la Comuni\u00f3n Anglicana.\" \/>\n<meta property=\"og:url\" content=\"https:\/\/exaudi.org\/es\/el-papa-leon-xiv-a-la-nueva-arzobispa-de-canterbury-sigamos-dialogando-en-la-verdad-y-el-amor\/\" \/>\n<meta property=\"og:site_name\" content=\"Exaudi\" \/>\n<meta property=\"article:publisher\" content=\"https:\/\/www.facebook.com\/ExaudiNews\" \/>\n<meta property=\"article:author\" content=\"https:\/\/www.facebook.com\/ExaudiNoticias\/\" \/>\n<meta property=\"article:published_time\" content=\"2026-03-26T12:33:40+00:00\" \/>\n<meta property=\"article:modified_time\" content=\"2026-03-26T12:39:45+00:00\" \/>\n<meta property=\"og:image\" content=\"https:\/\/exaudi.org\/wp-content\/uploads\/2026\/03\/cq5dam.thumbnail.cropped.750.422-11.jpeg\" \/>\n\t<meta property=\"og:image:width\" content=\"750\" \/>\n\t<meta property=\"og:image:height\" content=\"422\" \/>\n\t<meta property=\"og:image:type\" content=\"image\/jpeg\" \/>\n<meta name=\"author\" content=\"Exaudi Redacci\u00f3n\" \/>\n<meta name=\"twitter:card\" content=\"summary_large_image\" \/>\n<meta name=\"twitter:creator\" content=\"@Exaudi_noticias\" \/>\n<meta name=\"twitter:site\" content=\"@Exaudi_News\" \/>\n<meta name=\"twitter:label1\" content=\"Escrito por\" \/>\n\t<meta name=\"twitter:data1\" content=\"Exaudi Redacci\u00f3n\" \/>\n\t<meta name=\"twitter:label2\" content=\"Tiempo de lectura\" \/>\n\t<meta name=\"twitter:data2\" content=\"3 minutos\" \/>\n<script type=\"application\/ld+json\" class=\"yoast-schema-graph\">{\"@context\":\"https:\\\/\\\/schema.org\",\"@graph\":[{\"@type\":\"Article\",\"@id\":\"https:\\\/\\\/exaudi.org\\\/es\\\/el-papa-leon-xiv-a-la-nueva-arzobispa-de-canterbury-sigamos-dialogando-en-la-verdad-y-el-amor\\\/#article\",\"isPartOf\":{\"@id\":\"https:\\\/\\\/exaudi.org\\\/es\\\/el-papa-leon-xiv-a-la-nueva-arzobispa-de-canterbury-sigamos-dialogando-en-la-verdad-y-el-amor\\\/\"},\"author\":{\"name\":\"Exaudi Redacci\u00f3n\",\"@id\":\"https:\\\/\\\/exaudi.org\\\/#\\\/schema\\\/person\\\/f5fc8f063065e38742da7afe15f25df7\"},\"headline\":\"El Papa Le\u00f3n XIV a la nueva arzobispa de Canterbury: \u201cSigamos dialogando en la verdad y el amor\u201d\",\"datePublished\":\"2026-03-26T12:33:40+00:00\",\"dateModified\":\"2026-03-26T12:39:45+00:00\",\"mainEntityOfPage\":{\"@id\":\"https:\\\/\\\/exaudi.org\\\/es\\\/el-papa-leon-xiv-a-la-nueva-arzobispa-de-canterbury-sigamos-dialogando-en-la-verdad-y-el-amor\\\/\"},\"wordCount\":707,\"image\":{\"@id\":\"https:\\\/\\\/exaudi.org\\\/es\\\/el-papa-leon-xiv-a-la-nueva-arzobispa-de-canterbury-sigamos-dialogando-en-la-verdad-y-el-amor\\\/#primaryimage\"},\"thumbnailUrl\":\"https:\\\/\\\/exaudi.org\\\/wp-content\\\/uploads\\\/2026\\\/03\\\/cq5dam.thumbnail.cropped.750.422-11.jpeg\",\"keywords\":[\"60 a\u00f1os encuentro Roma\",\"ARCIC\",\"Arzobispa de Canterbury\",\"Bautismo com\u00fan\",\"Comuni\u00f3n Anglicana\",\"desaf\u00edos ecum\u00e9nicos\",\"dialogo interreligioso\",\"dialogo interreligioso\",\"dialogo interreligioso\",\"Dicasterio para la Promoci\u00f3n de la Unidad de los Cristianos\",\"Francisco y Welby\",\"frutos ecum\u00e9nicos\",\"KURT KOCH\",\"mensaje papal\",\"mensaje papal\",\"mensaje papal\",\"mensaje papal\",\"mensaje papal\",\"mensaje papal\",\"mensaje papal\",\"mensaje papal\",\"mensaje papal\",\"Michael Ramsey\",\"oraci\u00f3n ecum\u00e9nica Canterbury\",\"Pablo VI\",\"primada Iglesia Inglaterra\",\"primera mujer arzobispa\",\"reconciliaci\u00f3n cristiana\",\"Sarah Mullally\",\"Sud\u00e1n del Sur\",\"testimonio evang\u00e9lico\",\"toma de posesi\u00f3n Canterbury\",\"unidad al servicio Evangelio\",\"unidad cristiana\",\"verdad y amor\"],\"inLanguage\":\"es\"},{\"@type\":\"WebPage\",\"@id\":\"https:\\\/\\\/exaudi.org\\\/es\\\/el-papa-leon-xiv-a-la-nueva-arzobispa-de-canterbury-sigamos-dialogando-en-la-verdad-y-el-amor\\\/\",\"url\":\"https:\\\/\\\/exaudi.org\\\/es\\\/el-papa-leon-xiv-a-la-nueva-arzobispa-de-canterbury-sigamos-dialogando-en-la-verdad-y-el-amor\\\/\",\"name\":\"El Papa Le\u00f3n XIV a la nueva arzobispa de Canterbury: \u201cSigamos dialogando en la verdad y el amor\u201d &#8211; Exaudi\",\"isPartOf\":{\"@id\":\"https:\\\/\\\/exaudi.org\\\/#website\"},\"primaryImageOfPage\":{\"@id\":\"https:\\\/\\\/exaudi.org\\\/es\\\/el-papa-leon-xiv-a-la-nueva-arzobispa-de-canterbury-sigamos-dialogando-en-la-verdad-y-el-amor\\\/#primaryimage\"},\"image\":{\"@id\":\"https:\\\/\\\/exaudi.org\\\/es\\\/el-papa-leon-xiv-a-la-nueva-arzobispa-de-canterbury-sigamos-dialogando-en-la-verdad-y-el-amor\\\/#primaryimage\"},\"thumbnailUrl\":\"https:\\\/\\\/exaudi.org\\\/wp-content\\\/uploads\\\/2026\\\/03\\\/cq5dam.thumbnail.cropped.750.422-11.jpeg\",\"datePublished\":\"2026-03-26T12:33:40+00:00\",\"dateModified\":\"2026-03-26T12:39:45+00:00\",\"author\":{\"@id\":\"https:\\\/\\\/exaudi.org\\\/#\\\/schema\\\/person\\\/f5fc8f063065e38742da7afe15f25df7\"},\"breadcrumb\":{\"@id\":\"https:\\\/\\\/exaudi.org\\\/es\\\/el-papa-leon-xiv-a-la-nueva-arzobispa-de-canterbury-sigamos-dialogando-en-la-verdad-y-el-amor\\\/#breadcrumb\"},\"inLanguage\":\"es\",\"potentialAction\":[{\"@type\":\"ReadAction\",\"target\":[\"https:\\\/\\\/exaudi.org\\\/es\\\/el-papa-leon-xiv-a-la-nueva-arzobispa-de-canterbury-sigamos-dialogando-en-la-verdad-y-el-amor\\\/\"]}]},{\"@type\":\"ImageObject\",\"inLanguage\":\"es\",\"@id\":\"https:\\\/\\\/exaudi.org\\\/es\\\/el-papa-leon-xiv-a-la-nueva-arzobispa-de-canterbury-sigamos-dialogando-en-la-verdad-y-el-amor\\\/#primaryimage\",\"url\":\"https:\\\/\\\/exaudi.org\\\/wp-content\\\/uploads\\\/2026\\\/03\\\/cq5dam.thumbnail.cropped.750.422-11.jpeg\",\"contentUrl\":\"https:\\\/\\\/exaudi.org\\\/wp-content\\\/uploads\\\/2026\\\/03\\\/cq5dam.thumbnail.cropped.750.422-11.jpeg\",\"width\":750,\"height\":422,\"caption\":\"El cardenal Kock arrodillado en el reclinatorio que utilizaron el Papa Juan Pablo II y la arzobispa Sarah Mullally\"},{\"@type\":\"BreadcrumbList\",\"@id\":\"https:\\\/\\\/exaudi.org\\\/es\\\/el-papa-leon-xiv-a-la-nueva-arzobispa-de-canterbury-sigamos-dialogando-en-la-verdad-y-el-amor\\\/#breadcrumb\",\"itemListElement\":[{\"@type\":\"ListItem\",\"position\":1,\"name\":\"Portada\",\"item\":\"https:\\\/\\\/exaudi.org\\\/es\\\/\"},{\"@type\":\"ListItem\",\"position\":2,\"name\":\"El Papa Le\u00f3n XIV a la nueva arzobispa de Canterbury: \u201cSigamos dialogando en la verdad y el amor\u201d\"}]},{\"@type\":\"WebSite\",\"@id\":\"https:\\\/\\\/exaudi.org\\\/#website\",\"url\":\"https:\\\/\\\/exaudi.org\\\/\",\"name\":\"Exaudi\",\"description\":\"News\",\"potentialAction\":[{\"@type\":\"SearchAction\",\"target\":{\"@type\":\"EntryPoint\",\"urlTemplate\":\"https:\\\/\\\/exaudi.org\\\/?s={search_term_string}\"},\"query-input\":{\"@type\":\"PropertyValueSpecification\",\"valueRequired\":true,\"valueName\":\"search_term_string\"}}],\"inLanguage\":\"es\"},{\"@type\":\"Person\",\"@id\":\"https:\\\/\\\/exaudi.org\\\/#\\\/schema\\\/person\\\/f5fc8f063065e38742da7afe15f25df7\",\"name\":\"Exaudi Redacci\u00f3n\",\"image\":{\"@type\":\"ImageObject\",\"inLanguage\":\"es\",\"@id\":\"https:\\\/\\\/secure.gravatar.com\\\/avatar\\\/fe0f6a059fb68d9b3e11bc5850dd4899b1c7492091a3cb6dd9b01b56ad828be2?s=96&d=mm&r=g\",\"url\":\"https:\\\/\\\/secure.gravatar.com\\\/avatar\\\/fe0f6a059fb68d9b3e11bc5850dd4899b1c7492091a3cb6dd9b01b56ad828be2?s=96&d=mm&r=g\",\"contentUrl\":\"https:\\\/\\\/secure.gravatar.com\\\/avatar\\\/fe0f6a059fb68d9b3e11bc5850dd4899b1c7492091a3cb6dd9b01b56ad828be2?s=96&d=mm&r=g\",\"caption\":\"Exaudi Redacci\u00f3n\"},\"description\":\"\u00bfQu\u00e9 es Exaudi News? Exaudi News es un medio de comunicaci\u00f3n cat\u00f3lico internacional que informa, forma y transforma, diariamente en espa\u00f1ol, ingl\u00e9s e italiano. A trav\u00e9s de noticias, art\u00edculos de an\u00e1lisis y transmisiones en directo de los eventos del Papa, Exaudi busca fortalecer la unidad de los cristianos y contribuir a la evangelizaci\u00f3n del mundo, siempre guiados por la doctrina social de la Iglesia. Trabajamos para acercar la verdad y los valores cristianos a cada rinc\u00f3n del planeta. \u00a1Ay\u00fadanos a transformar el mundo con Exaudi! En Exaudi creemos que la evangelizaci\u00f3n y la informaci\u00f3n de calidad pueden cambiar vidas. Para continuar con nuestra misi\u00f3n y expandir nuestro alcance, necesitamos tu ayuda. Adem\u00e1s, buscamos personas comprometidas que deseen unirse a nuestro equipo. Con tu apoyo, lograremos llegar a m\u00e1s personas, difundir el mensaje de Cristo y reforzar la unidad de los cristianos. \u00bfTe unes a nuestra misi\u00f3n? Para m\u00e1s informaci\u00f3n sobre c\u00f3mo colaborar, visita Exaudi.org\\\/es o cont\u00e1ctanos directamente: info@exaudi.org Exaudi: Informa, forma y transforma.\",\"sameAs\":[\"https:\\\/\\\/www.facebook.com\\\/ExaudiNoticias\\\/\",\"https:\\\/\\\/www.instagram.com\\\/exaudi_noticias\\\/\",\"https:\\\/\\\/x.com\\\/Exaudi_noticias\",\"https:\\\/\\\/www.youtube.com\\\/@exaudicatholicnews\"],\"url\":\"https:\\\/\\\/exaudi.org\\\/es\\\/author\\\/redaccionexaudi\\\/\"}]}<\/script>\n<!-- \/ Yoast SEO plugin. -->","yoast_head_json":{"title":"El Papa Le\u00f3n XIV a la nueva arzobispa de Canterbury: \u201cSigamos dialogando en la verdad y el amor\u201d &#8211; Exaudi","robots":{"index":"index","follow":"follow","max-snippet":"max-snippet:-1","max-image-preview":"max-image-preview:large","max-video-preview":"max-video-preview:-1"},"canonical":"https:\/\/exaudi.org\/es\/el-papa-leon-xiv-a-la-nueva-arzobispa-de-canterbury-sigamos-dialogando-en-la-verdad-y-el-amor\/","og_locale":"es_ES","og_type":"article","og_title":"El Papa Le\u00f3n XIV a la nueva arzobispa de Canterbury: \u201cSigamos dialogando en la verdad y el amor\u201d &#8211; Exaudi","og_description":"El Pont\u00edfice env\u00eda un mensaje de felicitaci\u00f3n a Sarah Mullally con motivo de su toma de posesi\u00f3n como primada de la Iglesia de Inglaterra y l\u00edder de la Comuni\u00f3n Anglicana.","og_url":"https:\/\/exaudi.org\/es\/el-papa-leon-xiv-a-la-nueva-arzobispa-de-canterbury-sigamos-dialogando-en-la-verdad-y-el-amor\/","og_site_name":"Exaudi","article_publisher":"https:\/\/www.facebook.com\/ExaudiNews","article_author":"https:\/\/www.facebook.com\/ExaudiNoticias\/","article_published_time":"2026-03-26T12:33:40+00:00","article_modified_time":"2026-03-26T12:39:45+00:00","og_image":[{"width":750,"height":422,"url":"https:\/\/exaudi.org\/wp-content\/uploads\/2026\/03\/cq5dam.thumbnail.cropped.750.422-11.jpeg","type":"image\/jpeg"}],"author":"Exaudi Redacci\u00f3n","twitter_card":"summary_large_image","twitter_creator":"@Exaudi_noticias","twitter_site":"@Exaudi_News","twitter_misc":{"Escrito por":"Exaudi Redacci\u00f3n","Tiempo de lectura":"3 minutos"},"schema":{"@context":"https:\/\/schema.org","@graph":[{"@type":"Article","@id":"https:\/\/exaudi.org\/es\/el-papa-leon-xiv-a-la-nueva-arzobispa-de-canterbury-sigamos-dialogando-en-la-verdad-y-el-amor\/#article","isPartOf":{"@id":"https:\/\/exaudi.org\/es\/el-papa-leon-xiv-a-la-nueva-arzobispa-de-canterbury-sigamos-dialogando-en-la-verdad-y-el-amor\/"},"author":{"name":"Exaudi Redacci\u00f3n","@id":"https:\/\/exaudi.org\/#\/schema\/person\/f5fc8f063065e38742da7afe15f25df7"},"headline":"El Papa Le\u00f3n XIV a la nueva arzobispa de Canterbury: \u201cSigamos dialogando en la verdad y el amor\u201d","datePublished":"2026-03-26T12:33:40+00:00","dateModified":"2026-03-26T12:39:45+00:00","mainEntityOfPage":{"@id":"https:\/\/exaudi.org\/es\/el-papa-leon-xiv-a-la-nueva-arzobispa-de-canterbury-sigamos-dialogando-en-la-verdad-y-el-amor\/"},"wordCount":707,"image":{"@id":"https:\/\/exaudi.org\/es\/el-papa-leon-xiv-a-la-nueva-arzobispa-de-canterbury-sigamos-dialogando-en-la-verdad-y-el-amor\/#primaryimage"},"thumbnailUrl":"https:\/\/exaudi.org\/wp-content\/uploads\/2026\/03\/cq5dam.thumbnail.cropped.750.422-11.jpeg","keywords":["60 a\u00f1os encuentro Roma","ARCIC","Arzobispa de Canterbury","Bautismo com\u00fan","Comuni\u00f3n Anglicana","desaf\u00edos ecum\u00e9nicos","dialogo interreligioso","dialogo interreligioso","dialogo interreligioso","Dicasterio para la Promoci\u00f3n de la Unidad de los Cristianos","Francisco y Welby","frutos ecum\u00e9nicos","KURT KOCH","mensaje papal","mensaje papal","mensaje papal","mensaje papal","mensaje papal","mensaje papal","mensaje papal","mensaje papal","mensaje papal","Michael Ramsey","oraci\u00f3n ecum\u00e9nica Canterbury","Pablo VI","primada Iglesia Inglaterra","primera mujer arzobispa","reconciliaci\u00f3n cristiana","Sarah Mullally","Sud\u00e1n del Sur","testimonio evang\u00e9lico","toma de posesi\u00f3n Canterbury","unidad al servicio Evangelio","unidad cristiana","verdad y amor"],"inLanguage":"es"},{"@type":"WebPage","@id":"https:\/\/exaudi.org\/es\/el-papa-leon-xiv-a-la-nueva-arzobispa-de-canterbury-sigamos-dialogando-en-la-verdad-y-el-amor\/","url":"https:\/\/exaudi.org\/es\/el-papa-leon-xiv-a-la-nueva-arzobispa-de-canterbury-sigamos-dialogando-en-la-verdad-y-el-amor\/","name":"El Papa Le\u00f3n XIV a la nueva arzobispa de Canterbury: \u201cSigamos dialogando en la verdad y el amor\u201d &#8211; Exaudi","isPartOf":{"@id":"https:\/\/exaudi.org\/#website"},"primaryImageOfPage":{"@id":"https:\/\/exaudi.org\/es\/el-papa-leon-xiv-a-la-nueva-arzobispa-de-canterbury-sigamos-dialogando-en-la-verdad-y-el-amor\/#primaryimage"},"image":{"@id":"https:\/\/exaudi.org\/es\/el-papa-leon-xiv-a-la-nueva-arzobispa-de-canterbury-sigamos-dialogando-en-la-verdad-y-el-amor\/#primaryimage"},"thumbnailUrl":"https:\/\/exaudi.org\/wp-content\/uploads\/2026\/03\/cq5dam.thumbnail.cropped.750.422-11.jpeg","datePublished":"2026-03-26T12:33:40+00:00","dateModified":"2026-03-26T12:39:45+00:00","author":{"@id":"https:\/\/exaudi.org\/#\/schema\/person\/f5fc8f063065e38742da7afe15f25df7"},"breadcrumb":{"@id":"https:\/\/exaudi.org\/es\/el-papa-leon-xiv-a-la-nueva-arzobispa-de-canterbury-sigamos-dialogando-en-la-verdad-y-el-amor\/#breadcrumb"},"inLanguage":"es","potentialAction":[{"@type":"ReadAction","target":["https:\/\/exaudi.org\/es\/el-papa-leon-xiv-a-la-nueva-arzobispa-de-canterbury-sigamos-dialogando-en-la-verdad-y-el-amor\/"]}]},{"@type":"ImageObject","inLanguage":"es","@id":"https:\/\/exaudi.org\/es\/el-papa-leon-xiv-a-la-nueva-arzobispa-de-canterbury-sigamos-dialogando-en-la-verdad-y-el-amor\/#primaryimage","url":"https:\/\/exaudi.org\/wp-content\/uploads\/2026\/03\/cq5dam.thumbnail.cropped.750.422-11.jpeg","contentUrl":"https:\/\/exaudi.org\/wp-content\/uploads\/2026\/03\/cq5dam.thumbnail.cropped.750.422-11.jpeg","width":750,"height":422,"caption":"El cardenal Kock arrodillado en el reclinatorio que utilizaron el Papa Juan Pablo II y la arzobispa Sarah Mullally"},{"@type":"BreadcrumbList","@id":"https:\/\/exaudi.org\/es\/el-papa-leon-xiv-a-la-nueva-arzobispa-de-canterbury-sigamos-dialogando-en-la-verdad-y-el-amor\/#breadcrumb","itemListElement":[{"@type":"ListItem","position":1,"name":"Portada","item":"https:\/\/exaudi.org\/es\/"},{"@type":"ListItem","position":2,"name":"El Papa Le\u00f3n XIV a la nueva arzobispa de Canterbury: \u201cSigamos dialogando en la verdad y el amor\u201d"}]},{"@type":"WebSite","@id":"https:\/\/exaudi.org\/#website","url":"https:\/\/exaudi.org\/","name":"Exaudi","description":"News","potentialAction":[{"@type":"SearchAction","target":{"@type":"EntryPoint","urlTemplate":"https:\/\/exaudi.org\/?s={search_term_string}"},"query-input":{"@type":"PropertyValueSpecification","valueRequired":true,"valueName":"search_term_string"}}],"inLanguage":"es"},{"@type":"Person","@id":"https:\/\/exaudi.org\/#\/schema\/person\/f5fc8f063065e38742da7afe15f25df7","name":"Exaudi Redacci\u00f3n","image":{"@type":"ImageObject","inLanguage":"es","@id":"https:\/\/secure.gravatar.com\/avatar\/fe0f6a059fb68d9b3e11bc5850dd4899b1c7492091a3cb6dd9b01b56ad828be2?s=96&d=mm&r=g","url":"https:\/\/secure.gravatar.com\/avatar\/fe0f6a059fb68d9b3e11bc5850dd4899b1c7492091a3cb6dd9b01b56ad828be2?s=96&d=mm&r=g","contentUrl":"https:\/\/secure.gravatar.com\/avatar\/fe0f6a059fb68d9b3e11bc5850dd4899b1c7492091a3cb6dd9b01b56ad828be2?s=96&d=mm&r=g","caption":"Exaudi Redacci\u00f3n"},"description":"\u00bfQu\u00e9 es Exaudi News? Exaudi News es un medio de comunicaci\u00f3n cat\u00f3lico internacional que informa, forma y transforma, diariamente en espa\u00f1ol, ingl\u00e9s e italiano. A trav\u00e9s de noticias, art\u00edculos de an\u00e1lisis y transmisiones en directo de los eventos del Papa, Exaudi busca fortalecer la unidad de los cristianos y contribuir a la evangelizaci\u00f3n del mundo, siempre guiados por la doctrina social de la Iglesia. Trabajamos para acercar la verdad y los valores cristianos a cada rinc\u00f3n del planeta. \u00a1Ay\u00fadanos a transformar el mundo con Exaudi! En Exaudi creemos que la evangelizaci\u00f3n y la informaci\u00f3n de calidad pueden cambiar vidas. Para continuar con nuestra misi\u00f3n y expandir nuestro alcance, necesitamos tu ayuda. Adem\u00e1s, buscamos personas comprometidas que deseen unirse a nuestro equipo. Con tu apoyo, lograremos llegar a m\u00e1s personas, difundir el mensaje de Cristo y reforzar la unidad de los cristianos. \u00bfTe unes a nuestra misi\u00f3n? Para m\u00e1s informaci\u00f3n sobre c\u00f3mo colaborar, visita Exaudi.org\/es o cont\u00e1ctanos directamente: info@exaudi.org Exaudi: Informa, forma y transforma.","sameAs":["https:\/\/www.facebook.com\/ExaudiNoticias\/","https:\/\/www.instagram.com\/exaudi_noticias\/","https:\/\/x.com\/Exaudi_noticias","https:\/\/www.youtube.com\/@exaudicatholicnews"],"url":"https:\/\/exaudi.org\/es\/author\/redaccionexaudi\/"}]}},"jetpack_featured_media_url":"https:\/\/exaudi.org\/wp-content\/uploads\/2026\/03\/cq5dam.thumbnail.cropped.750.422-11.jpeg","jetpack_shortlink":"https:\/\/wp.me\/pgKjF2-Gtp","_links":{"self":[{"href":"https:\/\/exaudi.org\/es\/wp-json\/wp\/v2\/posts\/163271","targetHints":{"allow":["GET"]}}],"collection":[{"href":"https:\/\/exaudi.org\/es\/wp-json\/wp\/v2\/posts"}],"about":[{"href":"https:\/\/exaudi.org\/es\/wp-json\/wp\/v2\/types\/post"}],"author":[{"embeddable":true,"href":"https:\/\/exaudi.org\/es\/wp-json\/wp\/v2\/users\/15"}],"replies":[{"embeddable":true,"href":"https:\/\/exaudi.org\/es\/wp-json\/wp\/v2\/comments?post=163271"}],"version-history":[{"count":2,"href":"https:\/\/exaudi.org\/es\/wp-json\/wp\/v2\/posts\/163271\/revisions"}],"predecessor-version":[{"id":163276,"href":"https:\/\/exaudi.org\/es\/wp-json\/wp\/v2\/posts\/163271\/revisions\/163276"}],"wp:featuredmedia":[{"embeddable":true,"href":"https:\/\/exaudi.org\/es\/wp-json\/wp\/v2\/media\/163273"}],"wp:attachment":[{"href":"https:\/\/exaudi.org\/es\/wp-json\/wp\/v2\/media?parent=163271"}],"wp:term":[{"taxonomy":"category","embeddable":true,"href":"https:\/\/exaudi.org\/es\/wp-json\/wp\/v2\/categories?post=163271"},{"taxonomy":"post_tag","embeddable":true,"href":"https:\/\/exaudi.org\/es\/wp-json\/wp\/v2\/tags?post=163271"}],"curies":[{"name":"wp","href":"https:\/\/api.w.org\/{rel}","templated":true}]}}