{"id":163061,"date":"2026-03-25T06:41:10","date_gmt":"2026-03-25T05:41:10","guid":{"rendered":"https:\/\/exaudi.org\/?p=163061"},"modified":"2026-03-25T11:44:37","modified_gmt":"2026-03-25T10:44:37","slug":"leon-xiv-cesen-el-fuego-y-trabajen-por-la-paz-a-traves-del-dialogo","status":"publish","type":"post","link":"https:\/\/exaudi.org\/es\/leon-xiv-cesen-el-fuego-y-trabajen-por-la-paz-a-traves-del-dialogo\/","title":{"rendered":"Le\u00f3n XIV: \u201cCesen el fuego y trabajen por la paz a trav\u00e9s del di\u00e1logo"},"content":{"rendered":"<p>En una breve pero contundente intervenci\u00f3n ante los periodistas que lo esperaban a las puertas de Villa Barberini, el Papa Le\u00f3n XIV renov\u00f3 su en\u00e9rgico llamamiento para que termine la violencia en los distintos conflictos que sacuden el mundo.<\/p>\n<p>\u201c<strong>Alto el fuego<\/strong>. Trabajemos por la paz, pero no con las armas, sino con el di\u00e1logo sincero, buscando una soluci\u00f3n justa para todos\u201d, afirm\u00f3 el Pont\u00edfice con claridad durante su habitual jornada de descanso y trabajo en la residencia veraniega.<\/p>\n<p>El Santo Padre mostr\u00f3 su profunda preocupaci\u00f3n por la escalada de la violencia internacional. \u201cCada d\u00eda aumenta el odio y la violencia se vuelve m\u00e1s cruel\u201d, denunci\u00f3. \u201cHay m\u00e1s de un mill\u00f3n de personas aisladas y se registran numerosas muertes inocentes. No podemos quedarnos indiferentes\u201d.<\/p>\n<p>Le\u00f3n XIV invit\u00f3 especialmente a las autoridades pol\u00edticas y a los l\u00edderes de las naciones a asumir su responsabilidad: \u201cLos exhorto a que trabajen de verdad, con honestidad y a trav\u00e9s del di\u00e1logo, para resolver los problemas que afligen a tantos pueblos\u201d.<\/p>\n<p>El mensaje de esta noche se suma al que ya hab\u00eda expresado el domingo pasado durante el rezo del \u00c1ngelus desde la ventana del Palacio Apost\u00f3lico. En aquella ocasi\u00f3n, el Papa manifest\u00f3 su \u201cconsternaci\u00f3n\u201d ante la situaci\u00f3n en Oriente Medio y en otras regiones del mundo marcadas por la guerra.<\/p>\n<p>\u201cNo podemos permanecer en silencio ante el sufrimiento de tantas personas inocentes, v\u00edctimas indefensas de estos conflictos\u201d, dijo entonces. \u201cLo que hiere a uno hiere a toda la humanidad. La muerte y el dolor causados por estas guerras son un esc\u00e1ndalo para la familia humana y un grito que llega hasta Dios\u201d.<\/p>\n<p>El Obispo de Roma insisti\u00f3 en la necesidad de perseverar en la oraci\u00f3n y abrir \u201ccaminos de paz basados en el di\u00e1logo sincero y en el respeto a la dignidad de cada persona humana\u201d.<\/p>\n","protected":false},"excerpt":{"rendered":"<p>Reitera su llamado urgente<\/p>\n","protected":false},"author":15,"featured_media":163064,"comment_status":"closed","ping_status":"closed","sticky":false,"template":"","format":"standard","meta":{"_acf_changed":false,"_crdt_document":"","inline_featured_image":false,"footnotes":""},"categories":[],"tags":[35417,35417,65408,104060,62989,62989,62989,62989,62989,62989,62989,104056,22160,56400,65410,104061,104057,2131,104058,31759,31759,31759,104059],"class_list":{"0":"post-163061","1":"post","2":"type-post","3":"status-publish","4":"format-standard","5":"has-post-thumbnail","6":"hentry","7":"tag-alto-el-fuego","9":"tag-angelus-papa","10":"tag-autoridades-por-la-paz","11":"tag-castel-gandolfo-3","18":"tag-cese-el-fuego","19":"tag-conflictos-internacionales","20":"tag-dialogo-por-la-paz","21":"tag-guerra-y-dialogo","22":"tag-justicia-y-dignidad-humana","23":"tag-llamado-del-papa","24":"tag-oracion-por-la-paz","25":"tag-paz-a-traves-del-dialogo","26":"tag-pontifice","29":"tag-violencia-y-odio"},"acf":[],"yoast_head":"<!-- This site is optimized with the Yoast SEO plugin v27.4 - https:\/\/yoast.com\/product\/yoast-seo-wordpress\/ -->\n<title>Le\u00f3n XIV: \u201cCesen el fuego y trabajen por la paz a trav\u00e9s del di\u00e1logo &#8211; Exaudi<\/title>\n<meta name=\"robots\" content=\"index, follow, max-snippet:-1, max-image-preview:large, max-video-preview:-1\" \/>\n<link rel=\"canonical\" href=\"https:\/\/exaudi.org\/es\/leon-xiv-cesen-el-fuego-y-trabajen-por-la-paz-a-traves-del-dialogo\/\" \/>\n<meta property=\"og:locale\" content=\"es_ES\" \/>\n<meta property=\"og:type\" content=\"article\" \/>\n<meta property=\"og:title\" content=\"Le\u00f3n XIV: \u201cCesen el fuego y trabajen por la paz a trav\u00e9s del di\u00e1logo &#8211; Exaudi\" \/>\n<meta property=\"og:description\" content=\"Reitera su llamado urgente\" \/>\n<meta property=\"og:url\" content=\"https:\/\/exaudi.org\/es\/leon-xiv-cesen-el-fuego-y-trabajen-por-la-paz-a-traves-del-dialogo\/\" \/>\n<meta property=\"og:site_name\" content=\"Exaudi\" \/>\n<meta property=\"article:publisher\" content=\"https:\/\/www.facebook.com\/ExaudiNews\" \/>\n<meta property=\"article:author\" content=\"https:\/\/www.facebook.com\/ExaudiNoticias\/\" \/>\n<meta property=\"article:published_time\" content=\"2026-03-25T05:41:10+00:00\" \/>\n<meta property=\"article:modified_time\" content=\"2026-03-25T10:44:37+00:00\" \/>\n<meta property=\"og:image\" content=\"https:\/\/exaudi.org\/wp-content\/uploads\/2026\/03\/cq5dam.thumbnail.cropped.500.281-2.jpeg\" \/>\n\t<meta property=\"og:image:width\" content=\"500\" \/>\n\t<meta property=\"og:image:height\" content=\"281\" \/>\n\t<meta property=\"og:image:type\" content=\"image\/jpeg\" \/>\n<meta name=\"author\" content=\"Exaudi Redacci\u00f3n\" \/>\n<meta name=\"twitter:card\" content=\"summary_large_image\" \/>\n<meta name=\"twitter:creator\" content=\"@Exaudi_noticias\" \/>\n<meta name=\"twitter:site\" content=\"@Exaudi_News\" \/>\n<meta name=\"twitter:label1\" content=\"Escrito por\" \/>\n\t<meta name=\"twitter:data1\" content=\"Exaudi Redacci\u00f3n\" \/>\n\t<meta name=\"twitter:label2\" content=\"Tiempo de lectura\" \/>\n\t<meta name=\"twitter:data2\" content=\"2 minutos\" \/>\n<script type=\"application\/ld+json\" class=\"yoast-schema-graph\">{\"@context\":\"https:\\\/\\\/schema.org\",\"@graph\":[{\"@type\":\"Article\",\"@id\":\"https:\\\/\\\/exaudi.org\\\/es\\\/leon-xiv-cesen-el-fuego-y-trabajen-por-la-paz-a-traves-del-dialogo\\\/#article\",\"isPartOf\":{\"@id\":\"https:\\\/\\\/exaudi.org\\\/es\\\/leon-xiv-cesen-el-fuego-y-trabajen-por-la-paz-a-traves-del-dialogo\\\/\"},\"author\":{\"name\":\"Exaudi Redacci\u00f3n\",\"@id\":\"https:\\\/\\\/exaudi.org\\\/#\\\/schema\\\/person\\\/f5fc8f063065e38742da7afe15f25df7\"},\"headline\":\"Le\u00f3n XIV: \u201cCesen el fuego y trabajen por la paz a trav\u00e9s del di\u00e1logo\",\"datePublished\":\"2026-03-25T05:41:10+00:00\",\"dateModified\":\"2026-03-25T10:44:37+00:00\",\"mainEntityOfPage\":{\"@id\":\"https:\\\/\\\/exaudi.org\\\/es\\\/leon-xiv-cesen-el-fuego-y-trabajen-por-la-paz-a-traves-del-dialogo\\\/\"},\"wordCount\":344,\"image\":{\"@id\":\"https:\\\/\\\/exaudi.org\\\/es\\\/leon-xiv-cesen-el-fuego-y-trabajen-por-la-paz-a-traves-del-dialogo\\\/#primaryimage\"},\"thumbnailUrl\":\"https:\\\/\\\/exaudi.org\\\/wp-content\\\/uploads\\\/2026\\\/03\\\/cq5dam.thumbnail.cropped.500.281-2.jpeg\",\"keywords\":[\"alto el fuego\",\"alto el fuego\",\"\u00c1ngelus Papa\",\"autoridades por la paz\",\"castel gandolfo\",\"castel gandolfo\",\"castel gandolfo\",\"castel gandolfo\",\"castel gandolfo\",\"castel gandolfo\",\"castel gandolfo\",\"cese el fuego\",\"conflictos internacionales\",\"di\u00e1logo por la paz\",\"guerra y di\u00e1logo\",\"justicia y dignidad humana\",\"llamado del Papa\",\"Oraci\u00f3n por la paz\",\"paz a trav\u00e9s del di\u00e1logo\",\"Pont\u00edfice\",\"Pont\u00edfice\",\"Pont\u00edfice\",\"violencia y odio\"],\"inLanguage\":\"es\"},{\"@type\":\"WebPage\",\"@id\":\"https:\\\/\\\/exaudi.org\\\/es\\\/leon-xiv-cesen-el-fuego-y-trabajen-por-la-paz-a-traves-del-dialogo\\\/\",\"url\":\"https:\\\/\\\/exaudi.org\\\/es\\\/leon-xiv-cesen-el-fuego-y-trabajen-por-la-paz-a-traves-del-dialogo\\\/\",\"name\":\"Le\u00f3n XIV: \u201cCesen el fuego y trabajen por la paz a trav\u00e9s del di\u00e1logo &#8211; Exaudi\",\"isPartOf\":{\"@id\":\"https:\\\/\\\/exaudi.org\\\/#website\"},\"primaryImageOfPage\":{\"@id\":\"https:\\\/\\\/exaudi.org\\\/es\\\/leon-xiv-cesen-el-fuego-y-trabajen-por-la-paz-a-traves-del-dialogo\\\/#primaryimage\"},\"image\":{\"@id\":\"https:\\\/\\\/exaudi.org\\\/es\\\/leon-xiv-cesen-el-fuego-y-trabajen-por-la-paz-a-traves-del-dialogo\\\/#primaryimage\"},\"thumbnailUrl\":\"https:\\\/\\\/exaudi.org\\\/wp-content\\\/uploads\\\/2026\\\/03\\\/cq5dam.thumbnail.cropped.500.281-2.jpeg\",\"datePublished\":\"2026-03-25T05:41:10+00:00\",\"dateModified\":\"2026-03-25T10:44:37+00:00\",\"author\":{\"@id\":\"https:\\\/\\\/exaudi.org\\\/#\\\/schema\\\/person\\\/f5fc8f063065e38742da7afe15f25df7\"},\"breadcrumb\":{\"@id\":\"https:\\\/\\\/exaudi.org\\\/es\\\/leon-xiv-cesen-el-fuego-y-trabajen-por-la-paz-a-traves-del-dialogo\\\/#breadcrumb\"},\"inLanguage\":\"es\",\"potentialAction\":[{\"@type\":\"ReadAction\",\"target\":[\"https:\\\/\\\/exaudi.org\\\/es\\\/leon-xiv-cesen-el-fuego-y-trabajen-por-la-paz-a-traves-del-dialogo\\\/\"]}]},{\"@type\":\"ImageObject\",\"inLanguage\":\"es\",\"@id\":\"https:\\\/\\\/exaudi.org\\\/es\\\/leon-xiv-cesen-el-fuego-y-trabajen-por-la-paz-a-traves-del-dialogo\\\/#primaryimage\",\"url\":\"https:\\\/\\\/exaudi.org\\\/wp-content\\\/uploads\\\/2026\\\/03\\\/cq5dam.thumbnail.cropped.500.281-2.jpeg\",\"contentUrl\":\"https:\\\/\\\/exaudi.org\\\/wp-content\\\/uploads\\\/2026\\\/03\\\/cq5dam.thumbnail.cropped.500.281-2.jpeg\",\"width\":500,\"height\":281},{\"@type\":\"BreadcrumbList\",\"@id\":\"https:\\\/\\\/exaudi.org\\\/es\\\/leon-xiv-cesen-el-fuego-y-trabajen-por-la-paz-a-traves-del-dialogo\\\/#breadcrumb\",\"itemListElement\":[{\"@type\":\"ListItem\",\"position\":1,\"name\":\"Portada\",\"item\":\"https:\\\/\\\/exaudi.org\\\/es\\\/\"},{\"@type\":\"ListItem\",\"position\":2,\"name\":\"Le\u00f3n XIV: \u201cCesen el fuego y trabajen por la paz a trav\u00e9s del di\u00e1logo\"}]},{\"@type\":\"WebSite\",\"@id\":\"https:\\\/\\\/exaudi.org\\\/#website\",\"url\":\"https:\\\/\\\/exaudi.org\\\/\",\"name\":\"Exaudi\",\"description\":\"News\",\"potentialAction\":[{\"@type\":\"SearchAction\",\"target\":{\"@type\":\"EntryPoint\",\"urlTemplate\":\"https:\\\/\\\/exaudi.org\\\/?s={search_term_string}\"},\"query-input\":{\"@type\":\"PropertyValueSpecification\",\"valueRequired\":true,\"valueName\":\"search_term_string\"}}],\"inLanguage\":\"es\"},{\"@type\":\"Person\",\"@id\":\"https:\\\/\\\/exaudi.org\\\/#\\\/schema\\\/person\\\/f5fc8f063065e38742da7afe15f25df7\",\"name\":\"Exaudi Redacci\u00f3n\",\"image\":{\"@type\":\"ImageObject\",\"inLanguage\":\"es\",\"@id\":\"https:\\\/\\\/secure.gravatar.com\\\/avatar\\\/fe0f6a059fb68d9b3e11bc5850dd4899b1c7492091a3cb6dd9b01b56ad828be2?s=96&d=mm&r=g\",\"url\":\"https:\\\/\\\/secure.gravatar.com\\\/avatar\\\/fe0f6a059fb68d9b3e11bc5850dd4899b1c7492091a3cb6dd9b01b56ad828be2?s=96&d=mm&r=g\",\"contentUrl\":\"https:\\\/\\\/secure.gravatar.com\\\/avatar\\\/fe0f6a059fb68d9b3e11bc5850dd4899b1c7492091a3cb6dd9b01b56ad828be2?s=96&d=mm&r=g\",\"caption\":\"Exaudi Redacci\u00f3n\"},\"description\":\"\u00bfQu\u00e9 es Exaudi News? Exaudi News es un medio de comunicaci\u00f3n cat\u00f3lico internacional que informa, forma y transforma, diariamente en espa\u00f1ol, ingl\u00e9s e italiano. A trav\u00e9s de noticias, art\u00edculos de an\u00e1lisis y transmisiones en directo de los eventos del Papa, Exaudi busca fortalecer la unidad de los cristianos y contribuir a la evangelizaci\u00f3n del mundo, siempre guiados por la doctrina social de la Iglesia. Trabajamos para acercar la verdad y los valores cristianos a cada rinc\u00f3n del planeta. \u00a1Ay\u00fadanos a transformar el mundo con Exaudi! En Exaudi creemos que la evangelizaci\u00f3n y la informaci\u00f3n de calidad pueden cambiar vidas. Para continuar con nuestra misi\u00f3n y expandir nuestro alcance, necesitamos tu ayuda. Adem\u00e1s, buscamos personas comprometidas que deseen unirse a nuestro equipo. Con tu apoyo, lograremos llegar a m\u00e1s personas, difundir el mensaje de Cristo y reforzar la unidad de los cristianos. \u00bfTe unes a nuestra misi\u00f3n? Para m\u00e1s informaci\u00f3n sobre c\u00f3mo colaborar, visita Exaudi.org\\\/es o cont\u00e1ctanos directamente: info@exaudi.org Exaudi: Informa, forma y transforma.\",\"sameAs\":[\"https:\\\/\\\/www.facebook.com\\\/ExaudiNoticias\\\/\",\"https:\\\/\\\/www.instagram.com\\\/exaudi_noticias\\\/\",\"https:\\\/\\\/x.com\\\/Exaudi_noticias\",\"https:\\\/\\\/www.youtube.com\\\/@exaudicatholicnews\"],\"url\":\"https:\\\/\\\/exaudi.org\\\/es\\\/author\\\/redaccionexaudi\\\/\"}]}<\/script>\n<!-- \/ Yoast SEO plugin. -->","yoast_head_json":{"title":"Le\u00f3n XIV: \u201cCesen el fuego y trabajen por la paz a trav\u00e9s del di\u00e1logo &#8211; Exaudi","robots":{"index":"index","follow":"follow","max-snippet":"max-snippet:-1","max-image-preview":"max-image-preview:large","max-video-preview":"max-video-preview:-1"},"canonical":"https:\/\/exaudi.org\/es\/leon-xiv-cesen-el-fuego-y-trabajen-por-la-paz-a-traves-del-dialogo\/","og_locale":"es_ES","og_type":"article","og_title":"Le\u00f3n XIV: \u201cCesen el fuego y trabajen por la paz a trav\u00e9s del di\u00e1logo &#8211; Exaudi","og_description":"Reitera su llamado urgente","og_url":"https:\/\/exaudi.org\/es\/leon-xiv-cesen-el-fuego-y-trabajen-por-la-paz-a-traves-del-dialogo\/","og_site_name":"Exaudi","article_publisher":"https:\/\/www.facebook.com\/ExaudiNews","article_author":"https:\/\/www.facebook.com\/ExaudiNoticias\/","article_published_time":"2026-03-25T05:41:10+00:00","article_modified_time":"2026-03-25T10:44:37+00:00","og_image":[{"width":500,"height":281,"url":"https:\/\/exaudi.org\/wp-content\/uploads\/2026\/03\/cq5dam.thumbnail.cropped.500.281-2.jpeg","type":"image\/jpeg"}],"author":"Exaudi Redacci\u00f3n","twitter_card":"summary_large_image","twitter_creator":"@Exaudi_noticias","twitter_site":"@Exaudi_News","twitter_misc":{"Escrito por":"Exaudi Redacci\u00f3n","Tiempo de lectura":"2 minutos"},"schema":{"@context":"https:\/\/schema.org","@graph":[{"@type":"Article","@id":"https:\/\/exaudi.org\/es\/leon-xiv-cesen-el-fuego-y-trabajen-por-la-paz-a-traves-del-dialogo\/#article","isPartOf":{"@id":"https:\/\/exaudi.org\/es\/leon-xiv-cesen-el-fuego-y-trabajen-por-la-paz-a-traves-del-dialogo\/"},"author":{"name":"Exaudi Redacci\u00f3n","@id":"https:\/\/exaudi.org\/#\/schema\/person\/f5fc8f063065e38742da7afe15f25df7"},"headline":"Le\u00f3n XIV: \u201cCesen el fuego y trabajen por la paz a trav\u00e9s del di\u00e1logo","datePublished":"2026-03-25T05:41:10+00:00","dateModified":"2026-03-25T10:44:37+00:00","mainEntityOfPage":{"@id":"https:\/\/exaudi.org\/es\/leon-xiv-cesen-el-fuego-y-trabajen-por-la-paz-a-traves-del-dialogo\/"},"wordCount":344,"image":{"@id":"https:\/\/exaudi.org\/es\/leon-xiv-cesen-el-fuego-y-trabajen-por-la-paz-a-traves-del-dialogo\/#primaryimage"},"thumbnailUrl":"https:\/\/exaudi.org\/wp-content\/uploads\/2026\/03\/cq5dam.thumbnail.cropped.500.281-2.jpeg","keywords":["alto el fuego","alto el fuego","\u00c1ngelus Papa","autoridades por la paz","castel gandolfo","castel gandolfo","castel gandolfo","castel gandolfo","castel gandolfo","castel gandolfo","castel gandolfo","cese el fuego","conflictos internacionales","di\u00e1logo por la paz","guerra y di\u00e1logo","justicia y dignidad humana","llamado del Papa","Oraci\u00f3n por la paz","paz a trav\u00e9s del di\u00e1logo","Pont\u00edfice","Pont\u00edfice","Pont\u00edfice","violencia y odio"],"inLanguage":"es"},{"@type":"WebPage","@id":"https:\/\/exaudi.org\/es\/leon-xiv-cesen-el-fuego-y-trabajen-por-la-paz-a-traves-del-dialogo\/","url":"https:\/\/exaudi.org\/es\/leon-xiv-cesen-el-fuego-y-trabajen-por-la-paz-a-traves-del-dialogo\/","name":"Le\u00f3n XIV: \u201cCesen el fuego y trabajen por la paz a trav\u00e9s del di\u00e1logo &#8211; Exaudi","isPartOf":{"@id":"https:\/\/exaudi.org\/#website"},"primaryImageOfPage":{"@id":"https:\/\/exaudi.org\/es\/leon-xiv-cesen-el-fuego-y-trabajen-por-la-paz-a-traves-del-dialogo\/#primaryimage"},"image":{"@id":"https:\/\/exaudi.org\/es\/leon-xiv-cesen-el-fuego-y-trabajen-por-la-paz-a-traves-del-dialogo\/#primaryimage"},"thumbnailUrl":"https:\/\/exaudi.org\/wp-content\/uploads\/2026\/03\/cq5dam.thumbnail.cropped.500.281-2.jpeg","datePublished":"2026-03-25T05:41:10+00:00","dateModified":"2026-03-25T10:44:37+00:00","author":{"@id":"https:\/\/exaudi.org\/#\/schema\/person\/f5fc8f063065e38742da7afe15f25df7"},"breadcrumb":{"@id":"https:\/\/exaudi.org\/es\/leon-xiv-cesen-el-fuego-y-trabajen-por-la-paz-a-traves-del-dialogo\/#breadcrumb"},"inLanguage":"es","potentialAction":[{"@type":"ReadAction","target":["https:\/\/exaudi.org\/es\/leon-xiv-cesen-el-fuego-y-trabajen-por-la-paz-a-traves-del-dialogo\/"]}]},{"@type":"ImageObject","inLanguage":"es","@id":"https:\/\/exaudi.org\/es\/leon-xiv-cesen-el-fuego-y-trabajen-por-la-paz-a-traves-del-dialogo\/#primaryimage","url":"https:\/\/exaudi.org\/wp-content\/uploads\/2026\/03\/cq5dam.thumbnail.cropped.500.281-2.jpeg","contentUrl":"https:\/\/exaudi.org\/wp-content\/uploads\/2026\/03\/cq5dam.thumbnail.cropped.500.281-2.jpeg","width":500,"height":281},{"@type":"BreadcrumbList","@id":"https:\/\/exaudi.org\/es\/leon-xiv-cesen-el-fuego-y-trabajen-por-la-paz-a-traves-del-dialogo\/#breadcrumb","itemListElement":[{"@type":"ListItem","position":1,"name":"Portada","item":"https:\/\/exaudi.org\/es\/"},{"@type":"ListItem","position":2,"name":"Le\u00f3n XIV: \u201cCesen el fuego y trabajen por la paz a trav\u00e9s del di\u00e1logo"}]},{"@type":"WebSite","@id":"https:\/\/exaudi.org\/#website","url":"https:\/\/exaudi.org\/","name":"Exaudi","description":"News","potentialAction":[{"@type":"SearchAction","target":{"@type":"EntryPoint","urlTemplate":"https:\/\/exaudi.org\/?s={search_term_string}"},"query-input":{"@type":"PropertyValueSpecification","valueRequired":true,"valueName":"search_term_string"}}],"inLanguage":"es"},{"@type":"Person","@id":"https:\/\/exaudi.org\/#\/schema\/person\/f5fc8f063065e38742da7afe15f25df7","name":"Exaudi Redacci\u00f3n","image":{"@type":"ImageObject","inLanguage":"es","@id":"https:\/\/secure.gravatar.com\/avatar\/fe0f6a059fb68d9b3e11bc5850dd4899b1c7492091a3cb6dd9b01b56ad828be2?s=96&d=mm&r=g","url":"https:\/\/secure.gravatar.com\/avatar\/fe0f6a059fb68d9b3e11bc5850dd4899b1c7492091a3cb6dd9b01b56ad828be2?s=96&d=mm&r=g","contentUrl":"https:\/\/secure.gravatar.com\/avatar\/fe0f6a059fb68d9b3e11bc5850dd4899b1c7492091a3cb6dd9b01b56ad828be2?s=96&d=mm&r=g","caption":"Exaudi Redacci\u00f3n"},"description":"\u00bfQu\u00e9 es Exaudi News? Exaudi News es un medio de comunicaci\u00f3n cat\u00f3lico internacional que informa, forma y transforma, diariamente en espa\u00f1ol, ingl\u00e9s e italiano. A trav\u00e9s de noticias, art\u00edculos de an\u00e1lisis y transmisiones en directo de los eventos del Papa, Exaudi busca fortalecer la unidad de los cristianos y contribuir a la evangelizaci\u00f3n del mundo, siempre guiados por la doctrina social de la Iglesia. Trabajamos para acercar la verdad y los valores cristianos a cada rinc\u00f3n del planeta. \u00a1Ay\u00fadanos a transformar el mundo con Exaudi! En Exaudi creemos que la evangelizaci\u00f3n y la informaci\u00f3n de calidad pueden cambiar vidas. Para continuar con nuestra misi\u00f3n y expandir nuestro alcance, necesitamos tu ayuda. Adem\u00e1s, buscamos personas comprometidas que deseen unirse a nuestro equipo. Con tu apoyo, lograremos llegar a m\u00e1s personas, difundir el mensaje de Cristo y reforzar la unidad de los cristianos. \u00bfTe unes a nuestra misi\u00f3n? Para m\u00e1s informaci\u00f3n sobre c\u00f3mo colaborar, visita Exaudi.org\/es o cont\u00e1ctanos directamente: info@exaudi.org Exaudi: Informa, forma y transforma.","sameAs":["https:\/\/www.facebook.com\/ExaudiNoticias\/","https:\/\/www.instagram.com\/exaudi_noticias\/","https:\/\/x.com\/Exaudi_noticias","https:\/\/www.youtube.com\/@exaudicatholicnews"],"url":"https:\/\/exaudi.org\/es\/author\/redaccionexaudi\/"}]}},"jetpack_featured_media_url":"https:\/\/exaudi.org\/wp-content\/uploads\/2026\/03\/cq5dam.thumbnail.cropped.500.281-2.jpeg","jetpack_shortlink":"https:\/\/wp.me\/pgKjF2-Gq1","_links":{"self":[{"href":"https:\/\/exaudi.org\/es\/wp-json\/wp\/v2\/posts\/163061","targetHints":{"allow":["GET"]}}],"collection":[{"href":"https:\/\/exaudi.org\/es\/wp-json\/wp\/v2\/posts"}],"about":[{"href":"https:\/\/exaudi.org\/es\/wp-json\/wp\/v2\/types\/post"}],"author":[{"embeddable":true,"href":"https:\/\/exaudi.org\/es\/wp-json\/wp\/v2\/users\/15"}],"replies":[{"embeddable":true,"href":"https:\/\/exaudi.org\/es\/wp-json\/wp\/v2\/comments?post=163061"}],"version-history":[{"count":3,"href":"https:\/\/exaudi.org\/es\/wp-json\/wp\/v2\/posts\/163061\/revisions"}],"predecessor-version":[{"id":163067,"href":"https:\/\/exaudi.org\/es\/wp-json\/wp\/v2\/posts\/163061\/revisions\/163067"}],"wp:featuredmedia":[{"embeddable":true,"href":"https:\/\/exaudi.org\/es\/wp-json\/wp\/v2\/media\/163064"}],"wp:attachment":[{"href":"https:\/\/exaudi.org\/es\/wp-json\/wp\/v2\/media?parent=163061"}],"wp:term":[{"taxonomy":"category","embeddable":true,"href":"https:\/\/exaudi.org\/es\/wp-json\/wp\/v2\/categories?post=163061"},{"taxonomy":"post_tag","embeddable":true,"href":"https:\/\/exaudi.org\/es\/wp-json\/wp\/v2\/tags?post=163061"}],"curies":[{"name":"wp","href":"https:\/\/api.w.org\/{rel}","templated":true}]}}