{"id":162886,"date":"2026-03-25T07:00:31","date_gmt":"2026-03-25T06:00:31","guid":{"rendered":"https:\/\/exaudi.org\/?p=162886"},"modified":"2026-03-25T19:16:44","modified_gmt":"2026-03-25T18:16:44","slug":"sacerdote-de-haiti-a-veces-pasa-un-ano-sin-celebrar-la-eucaristia","status":"publish","type":"post","link":"https:\/\/exaudi.org\/es\/sacerdote-de-haiti-a-veces-pasa-un-ano-sin-celebrar-la-eucaristia\/","title":{"rendered":"Sacerdote de Hait\u00ed: \u00abA veces pasa un a\u00f1o sin celebrar la Eucarist\u00eda\u00bb"},"content":{"rendered":"<p id=\"headline-393-170180\" class=\"ct-headline\"><span id=\"span-394-170180\" class=\"ct-span\">En muchas comunidades de Hait\u00ed los fieles pasan meses, incluso casi un a\u00f1o, sin poder participar en la Eucarist\u00eda. Esa realidad marc\u00f3 la vocaci\u00f3n del sacerdote Hugues Paul, que sinti\u00f3 la llamada de Dios a servir a su pueblo en medio de la pobreza, la inseguridad y las heridas que todav\u00eda quedan abiertas tras el terremoto de 2010.<\/span><\/p>\n<p><iframe title=\"Spotify Embed: Sacerdote de Hait\u00ed \u00abA veces pasa un a\u00f1o sin celebrar la Eucarist\u00eda\u00bb\" style=\"border-radius: 12px\" width=\"100%\" height=\"152\" frameborder=\"0\" allowfullscreen allow=\"autoplay; clipboard-write; encrypted-media; fullscreen; picture-in-picture\" loading=\"lazy\" src=\"https:\/\/open.spotify.com\/embed\/episode\/6DYKvUuCN8vn7gQRXucK6L?si=35f483a86fca4276&amp;utm_source=oembed\"><\/iframe><\/p>\n<div id=\"text_block-395-170180\" class=\"ct-text-block\">\n<p>Los\u00a0<strong>cat\u00f3licos en Hait\u00ed<\/strong>\u00a0viven a menudo una situaci\u00f3n que sorprende en otros lugares del mundo: son comunidades de fieles que pasan meses sin poder\u00a0<a href=\"https:\/\/fundacioncarf.org\/la-eucaristia-memorial-del-corazon\/\" target=\"_blank\" rel=\"noreferrer noopener\" data-type=\"link\" data-id=\"https:\/\/fundacioncarf.org\/la-eucaristia-memorial-del-corazon\/\">celebrar y vivir la Eucarist\u00eda<\/a>.\u00a0<strong>Hugues Paul<\/strong>, de la di\u00f3cesis de Jacmel, conoce esta realidad desde su infancia.<\/p>\n<p>Esa experiencia fue decisiva en su vida. \u00abEn estas comunidades eclesiales, a veces puede pasar casi un a\u00f1o sin la celebraci\u00f3n de la Santa Misa\u00bb, explica.<\/p>\n<p>Fue precisamente esa carencia la que despert\u00f3 en \u00e9l la\u00a0<a href=\"https:\/\/fundacioncarf.org\/oracion-por-las-vocaciones-sacerdotales\/\" target=\"_blank\" rel=\"noreferrer noopener\" data-type=\"post\" data-id=\"167694\">vocaci\u00f3n<\/a>. Creci\u00f3 en una peque\u00f1a comunidad que en Hait\u00ed se conoce como\u00a0<strong>capilla<\/strong>, una iglesia dependiente de una parroquia donde, ante la falta de sacerdotes, los fieles mantienen viva la fe con celebraciones de la Palabra dirigidas por laicos.<\/p>\n<h3 id=\"dios-le-llamo-para-ayudar-en-su-vina\" class=\"wp-block-heading\"><strong>Dios le llam\u00f3 para ayudar como sacerdote en su vi\u00f1a<\/strong><\/h3>\n<p>\u00abNormalmente hay un agente pastoral, a quien llamamos director de la capilla, encargado de presidir celebraciones de la Palabra en ausencia de los sacerdotes\u00bb. En medio de esa realidad don Hugues Paul sinti\u00f3 la llamada de Dios: \u00abFue en este contexto donde sent\u00ed la llamada de Dios a echar una mano en su vi\u00f1a, para ayudar a su pueblo a encontrarlo y a vivir la fe de una manera m\u00e1s profunda donde la Eucarist\u00eda fuese el centro\u00bb.<\/p>\n<p><iframe loading=\"lazy\" title=\"MESES SIN EUCARIST\u00cdA, EL TESTIMONIO DE HUGUES PAUL\" width=\"500\" height=\"281\" src=\"https:\/\/www.youtube.com\/embed\/wwKuOuDSI7g?feature=oembed\" frameborder=\"0\" allow=\"accelerometer; autoplay; clipboard-write; encrypted-media; gyroscope; picture-in-picture; web-share\" referrerpolicy=\"strict-origin-when-cross-origin\" allowfullscreen><\/iframe><\/p>\n<p>Hugues Paul fue ordenado\u00a0<a href=\"https:\/\/fundacioncarf.org\/formacion-de-seminaristas-que-estudian\/\" target=\"_blank\" rel=\"noreferrer noopener\" data-type=\"post\" data-id=\"197148\">sacerdote<\/a>\u00a0el\u00a0<strong>26 de junio de 2021<\/strong>\u00a0y ahora tiene\u00a0<strong>39 a\u00f1os<\/strong>. Procede de una familia numerosa con\u00a0<strong>dos hermanos y cinco hermanas<\/strong>, y agradece que sus padres sigan vivos.<\/p>\n<p>En su hogar recibi\u00f3 una s\u00f3lida educaci\u00f3n cat\u00f3lica, aunque su formaci\u00f3n acad\u00e9mica se desarroll\u00f3 en centros cristianos de otras confesiones: estudi\u00f3 la Primaria en una\u00a0<strong>escuela protestante<\/strong>\u00a0y la Secundaria en un centro de la\u00a0<strong>Iglesia episcopal de la comuni\u00f3n anglicana<\/strong>.<\/p>\n<p>Su adolescencia estuvo marcada por una participaci\u00f3n intensa en la vida de la Iglesia local. \u00abViv\u00ed una adolescencia muy alegre y activa, participando en grupos y en el coro de la capilla, hasta que finalmente ingres\u00e9 en el seminario\u00bb.<\/p>\n<p>Aquella comunidad sencilla, donde la fe se sosten\u00eda con pocos recursos, pero con gran convicci\u00f3n, fue el lugar donde madur\u00f3 su\u00a0<a href=\"https:\/\/fundacioncarf.org\/sacerdocio\/vocacion-sacerdotal\/\" target=\"_blank\" rel=\"noreferrer noopener\" data-type=\"link\" data-id=\"https:\/\/fundacioncarf.org\/sacerdocio\/vocacion-sacerdotal\/\">vocaci\u00f3n sacerdotal<\/a>.<\/p>\n<h3 id=\"preocupado-por-su-pais\" class=\"wp-block-heading\"><strong>Preocupados por la isla<\/strong><\/h3>\n<p>Hoy contin\u00faa su\u00a0<a href=\"https:\/\/fundacioncarf.org\/sacerdocio\/formacion-de-sacerdotes\/\" target=\"_blank\" rel=\"noreferrer noopener\" data-type=\"link\" data-id=\"https:\/\/fundacioncarf.org\/sacerdocio\/formacion-de-sacerdotes\/\">formaci\u00f3n sacerdotal\u00a0<\/a>en Espa\u00f1a. Lleg\u00f3 el\u00a0<strong>30 de junio de 2024<\/strong>\u00a0<strong><a href=\"https:\/\/fundacioncarf.org\/donar\/\" target=\"_blank\" rel=\"noreferrer noopener\" data-type=\"link\" data-id=\"https:\/\/fundacioncarf.org\/donar\/\">gracias al apoyo<\/a>\u00a0de la Fundaci\u00f3n CARF y de otras instituciones<\/strong>, y actualmente est\u00e1 terminando una\u00a0<strong>licenciatura en Teolog\u00eda B\u00edblica<\/strong>, ya en su fase final, en las\u00a0<a href=\"https:\/\/www.unav.edu\/web\/facultad-de-teologia\" target=\"_blank\" rel=\"noreferrer noopener\" data-type=\"link\" data-id=\"https:\/\/www.unav.edu\/web\/facultad-de-teologia\">Facultades Eclesi\u00e1sticas de la Universidad de Navarra<\/a>, en Pamplona.<\/p>\n<p>Desde la distancia observa con preocupaci\u00f3n la situaci\u00f3n de su pa\u00eds.\u00a0<strong>Hait\u00ed atraviesa una crisis profunda marcada por la violencia y la inseguridad.<\/strong>\u00a0\u00abLa vida se ha vuelto muy dif\u00edcil, sobre todo a causa de la inseguridad que afecta a casi todo el territorio, especialmente a la capital\u00bb, explica.<\/p>\n<p>Sin embargo, incluso en medio de ese contexto,\u00a0<strong>la fe sigue siendo una\u00a0<a href=\"https:\/\/fundacioncarf.org\/revocat-y-theogene-ruanda-necesita-la-fuerza-de-dios-y-de-la-iglesia-para-levantar-su-alma\/\" target=\"_blank\" rel=\"noreferrer noopener\" data-type=\"post\" data-id=\"156736\">fuerza viva<\/a>.\u00a0<\/strong>\u00abA pesar de ello, el pueblo sigue creyendo: muchas personas asumen riesgos para encontrar un lugar donde vivir su fe y participar en las celebraciones\u00bb.<\/p>\n<h3 id=\"las-consecuencias-del-gran-terremoto\" class=\"wp-block-heading\"><strong>Las consecuencias del gran terremoto<\/strong><\/h3>\n<p>La di\u00f3cesis de Jacmel, situada en el sureste del pa\u00eds, vive una situaci\u00f3n relativamente m\u00e1s estable que otras regiones, pero las consecuencias del\u00a0<strong>gran terremoto de 2010<\/strong>\u00a0siguen siendo visibles. \u00ab<strong>Seguimos esperando la finalizaci\u00f3n de los trabajos de reconstrucci\u00f3n de la catedral y de muchas parroquias destruidas<\/strong>\u00bb.<\/p>\n<p>La falta de recursos y ayudas suficientes ha retrasado durante a\u00f1os esas obras que para muchas comunidades son esenciales.<\/p>\n<h3 id=\"los-catolicos-mas-del-60-de-la-poblacion\" class=\"wp-block-heading\">Los cat\u00f3licos en Hait\u00ed, m\u00e1s del 60 % de la poblaci\u00f3n<\/h3>\n<p>Los\u00a0<strong>cat\u00f3licos en\u00a0<\/strong><a href=\"https:\/\/es.wikipedia.org\/wiki\/Hait%C3%AD\" target=\"_blank\" rel=\"noreferrer noopener\"><strong>Hait\u00ed<\/strong><\/a>\u00a0representan\u00a0<strong>entre el 60 y el 66 % de la poblaci\u00f3n<\/strong>. En la di\u00f3cesis de Jacmel hay\u00a0<strong>unos 80 sacerdotes para 36 parroquias<\/strong>, y en todo el pa\u00eds \u2013sumando las diez di\u00f3cesis y los religiosos\u2013 se calcula que hay\u00a0<strong>entre 800 y 900 sacerdotes<\/strong>. La Iglesia universal ha sido un apoyo fundamental en estos a\u00f1os dif\u00edciles. \u00abHemos recibido un gran apoyo de la Iglesia universal, especialmente a trav\u00e9s de Ayuda a la Iglesia Necesitada\u00bb.<\/p>\n<h3 id=\"espana-la-belleza-de-las-iglesias-y-su-secularizacion\" class=\"wp-block-heading\"><strong>Espa\u00f1a: la belleza de las iglesias y su secularizaci\u00f3n<\/strong><\/h3>\n<p>Su experiencia en Espa\u00f1a tambi\u00e9n le ha hecho reflexionar sobre las diferencias entre ambas realidades eclesiales. Lo que m\u00e1s le ha impresionado positivamente es \u00abla belleza de las\u00a0<a href=\"https:\/\/fundacioncarf.org\/servir-a-la-iglesia\/\" target=\"_blank\" rel=\"noreferrer noopener\" data-type=\"page\" data-id=\"169919\">iglesias<\/a>\u00bb. Sin embargo, le preocupa ver templos con pocos j\u00f3venes. \u00abMe llama la atenci\u00f3n que la Iglesia parezca estar formada principalmente por personas mayores, con muy\u00a0<strong>poca presencia de j\u00f3venes y ni\u00f1os en las celebraciones\u00bb.<\/strong><\/p>\n<p>A su juicio, la sociedad espa\u00f1ola vive un proceso profundo de secularizaci\u00f3n. Aun as\u00ed, cree que tambi\u00e9n existen oportunidades para revitalizar la vida de la Iglesia. En particular, piensa que los cat\u00f3licos espa\u00f1oles podr\u00edan inspirarse en la manera en que se vive la liturgia en Hait\u00ed. \u00ab<strong>Los cat\u00f3licos espa\u00f1oles podr\u00edan aprender de los cat\u00f3licos haitianos el entusiasmo por las celebraciones cantadas<\/strong>, que ayudan a hacerlas m\u00e1s vivas y participativas\u00bb.<\/p>\n<h3 id=\"cercano-y-coherente-con-la-fe\" class=\"wp-block-heading\">Cercano y coherente con la fe<\/h3>\n<p>Mirando al futuro, Hugues Paul tiene claro qu\u00e9 tipo de sacerdotes necesita la Iglesia en el siglo XXI: \u00abser cercano, emp\u00e1tico y coherente con su fe; buen comunicador, abierto al di\u00e1logo, sensible a los problemas sociales,\u00a0<strong>con una vida espiritual s\u00f3lida<\/strong>\u00a0y capaz de acompa\u00f1ar sin juzgar\u00bb.<\/p>\n<p>Esa misma actitud considera imprescindible para acercarse a quienes hoy viven lejos de la fe. \u00abPara\u00a0<strong>evangelizar a los j\u00f3venes<\/strong>\u00a0y a quienes est\u00e1n alejados de Dios, considero fundamental escucharlos con respeto, dar testimonio con la propia vida, utilizar un lenguaje actual y los medios digitales; crear espacios de acogida y mostrar que\u00a0<strong>la fe responde a las preguntas reales del mundo de hoy\u00bb.<\/strong><\/p>\n<p>La historia de Hugues Paul recuerda una realidad que a menudo pasa desapercibida: en muchas partes del mundo los cristianos pasan muchos\u00a0<strong>meses sin Eucarist\u00eda<\/strong>\u00a0y esperan la llegada de un sacerdote para poder celebrar la Santa Misa.<\/p>\n<p>Precisamente de esa espera, nacen tambi\u00e9n nuevas vocaciones dispuestas a servir. Todos los socios, amigos y benefactores de la Fundaci\u00f3n CARF se encargan de rezar por ellas, de promover su buen nombre en todo el mundo y de encontrar recursos econ\u00f3micos para que puedan recibir una formaci\u00f3n integral en Roma y en Pamplona con es el caso de de Hugues Paul.<\/p>\n<p><img loading=\"lazy\" decoding=\"async\" class=\"size-full wp-image-162894 alignnone\" src=\"https:\/\/exaudi.org\/wp-content\/uploads\/2026\/03\/Voces-Patricia.jpg\" alt=\"\" width=\"1080\" height=\"1080\" srcset=\"https:\/\/exaudi.org\/wp-content\/uploads\/2026\/03\/Voces-Patricia.jpg 1080w, https:\/\/exaudi.org\/wp-content\/uploads\/2026\/03\/Voces-Patricia-300x300.jpg 300w, https:\/\/exaudi.org\/wp-content\/uploads\/2026\/03\/Voces-Patricia-1024x1024.jpg 1024w, https:\/\/exaudi.org\/wp-content\/uploads\/2026\/03\/Voces-Patricia-100x100.jpg?crop=1 100w, https:\/\/exaudi.org\/wp-content\/uploads\/2026\/03\/Voces-Patricia-770x770.jpg 770w, https:\/\/exaudi.org\/wp-content\/uploads\/2026\/03\/Voces-Patricia-500x500.jpg 500w\" sizes=\"auto, (max-width: 1080px) 100vw, 1080px\" \/><\/p>\n<\/div>\n","protected":false},"excerpt":{"rendered":"<p>Hugues Paul: la llamada de Dios en medio de la escasez de sacerdotes y la violencia en Hait\u00ed<\/p>\n","protected":false},"author":119,"featured_media":162889,"comment_status":"closed","ping_status":"closed","sticky":false,"template":"","format":"standard","meta":{"_acf_changed":false,"_crdt_document":"","inline_featured_image":false,"footnotes":""},"categories":[74,98],"tags":[324,103817,103813,103811,103806,103809,103818,103815,9879,103805,103810,103814,103807,103804,103816,103819,103820,103812,58880,103808,103821],"class_list":["post-162886","post","type-post","status-publish","format-standard","has-post-thumbnail","hentry","category-iglesia-y-mundo","category-testimonios","tag-ayuda-a-la-iglesia-necesitada","tag-comunidades-sin-eucaristia","tag-crisis-haiti","tag-diocesis-de-jacmel","tag-eucaristia-haiti","tag-falta-de-sacerdotes-haiti","tag-fe-en-haiti","tag-formacion-sacerdotal-navarra","tag-fundacion-carf","tag-hugues-paul","tag-iglesia-catolica-haiti","tag-inseguridad-haiti","tag-misa-haiti","tag-sacerdote-haiti","tag-sacerdotes-en-haiti","tag-secularizacion-espana","tag-teologia-biblica-navarra","tag-terremoto-haiti-2010","tag-trending-es-151","tag-vocacion-sacerdotal-haiti","tag-vocaciones-haiti"],"acf":[],"yoast_head":"<!-- This site is optimized with the Yoast SEO plugin v27.4 - https:\/\/yoast.com\/product\/yoast-seo-wordpress\/ -->\n<title>Sacerdote de Hait\u00ed: \u00abA veces pasa un a\u00f1o sin celebrar la Eucarist\u00eda\u00bb &#8211; Exaudi<\/title>\n<meta name=\"robots\" content=\"index, follow, max-snippet:-1, max-image-preview:large, max-video-preview:-1\" \/>\n<link rel=\"canonical\" href=\"https:\/\/exaudi.org\/es\/sacerdote-de-haiti-a-veces-pasa-un-ano-sin-celebrar-la-eucaristia\/\" \/>\n<meta property=\"og:locale\" content=\"es_ES\" \/>\n<meta property=\"og:type\" content=\"article\" \/>\n<meta property=\"og:title\" content=\"Sacerdote de Hait\u00ed: \u00abA veces pasa un a\u00f1o sin celebrar la Eucarist\u00eda\u00bb &#8211; Exaudi\" \/>\n<meta property=\"og:description\" content=\"Hugues Paul: la llamada de Dios en medio de la escasez de sacerdotes y la violencia en Hait\u00ed\" \/>\n<meta property=\"og:url\" content=\"https:\/\/exaudi.org\/es\/sacerdote-de-haiti-a-veces-pasa-un-ano-sin-celebrar-la-eucaristia\/\" \/>\n<meta property=\"og:site_name\" content=\"Exaudi\" \/>\n<meta property=\"article:publisher\" content=\"https:\/\/www.facebook.com\/ExaudiNews\" \/>\n<meta property=\"article:author\" content=\"https:\/\/www.facebook.com\/fundacioncarf\/\" \/>\n<meta property=\"article:published_time\" content=\"2026-03-25T06:00:31+00:00\" \/>\n<meta property=\"article:modified_time\" content=\"2026-03-25T18:16:44+00:00\" \/>\n<meta property=\"og:image\" content=\"https:\/\/exaudi.org\/wp-content\/uploads\/2026\/03\/HUGUES-PAUL-HAITI-HORIZONTAL.png\" \/>\n\t<meta property=\"og:image:width\" content=\"1000\" \/>\n\t<meta property=\"og:image:height\" content=\"677\" \/>\n\t<meta property=\"og:image:type\" content=\"image\/png\" \/>\n<meta name=\"author\" content=\"Fundaci\u00f3n CARF\" \/>\n<meta name=\"twitter:card\" content=\"summary_large_image\" \/>\n<meta name=\"twitter:creator\" content=\"@https:\/\/x.com\/fundacioncarf\" \/>\n<meta name=\"twitter:site\" content=\"@Exaudi_News\" \/>\n<meta name=\"twitter:label1\" content=\"Escrito por\" \/>\n\t<meta name=\"twitter:data1\" content=\"Fundaci\u00f3n CARF\" \/>\n\t<meta name=\"twitter:label2\" content=\"Tiempo de lectura\" \/>\n\t<meta name=\"twitter:data2\" content=\"6 minutos\" \/>\n<script type=\"application\/ld+json\" class=\"yoast-schema-graph\">{\"@context\":\"https:\\\/\\\/schema.org\",\"@graph\":[{\"@type\":\"Article\",\"@id\":\"https:\\\/\\\/exaudi.org\\\/es\\\/sacerdote-de-haiti-a-veces-pasa-un-ano-sin-celebrar-la-eucaristia\\\/#article\",\"isPartOf\":{\"@id\":\"https:\\\/\\\/exaudi.org\\\/es\\\/sacerdote-de-haiti-a-veces-pasa-un-ano-sin-celebrar-la-eucaristia\\\/\"},\"author\":{\"name\":\"Fundaci\u00f3n CARF\",\"@id\":\"https:\\\/\\\/exaudi.org\\\/#\\\/schema\\\/person\\\/fab8261a088ccf38cb54b3c50baa7baf\"},\"headline\":\"Sacerdote de Hait\u00ed: \u00abA veces pasa un a\u00f1o sin celebrar la Eucarist\u00eda\u00bb\",\"datePublished\":\"2026-03-25T06:00:31+00:00\",\"dateModified\":\"2026-03-25T18:16:44+00:00\",\"mainEntityOfPage\":{\"@id\":\"https:\\\/\\\/exaudi.org\\\/es\\\/sacerdote-de-haiti-a-veces-pasa-un-ano-sin-celebrar-la-eucaristia\\\/\"},\"wordCount\":1166,\"image\":{\"@id\":\"https:\\\/\\\/exaudi.org\\\/es\\\/sacerdote-de-haiti-a-veces-pasa-un-ano-sin-celebrar-la-eucaristia\\\/#primaryimage\"},\"thumbnailUrl\":\"https:\\\/\\\/exaudi.org\\\/wp-content\\\/uploads\\\/2026\\\/03\\\/HUGUES-PAUL-HAITI-HORIZONTAL.png\",\"keywords\":[\"Ayuda a la Iglesia Necesitada\",\"comunidades sin eucarist\u00eda\",\"crisis hait\u00ed\",\"di\u00f3cesis de jacmel\",\"eucarist\u00eda hait\u00ed\",\"falta de sacerdotes hait\u00ed\",\"fe en hait\u00ed\",\"formaci\u00f3n sacerdotal navarra\",\"Fundaci\u00f3n CARF\",\"hugues paul\",\"iglesia cat\u00f3lica hait\u00ed\",\"inseguridad hait\u00ed\",\"misa hait\u00ed\",\"sacerdote hait\u00ed\",\"sacerdotes en hait\u00ed\",\"secularizaci\u00f3n espa\u00f1a\",\"teolog\u00eda b\u00edblica navarra\",\"terremoto hait\u00ed 2010\",\"Trending\",\"vocaci\u00f3n sacerdotal hait\u00ed\",\"vocaciones hait\u00ed\"],\"articleSection\":[\"Iglesia y Mundo\",\"Testimonios\"],\"inLanguage\":\"es\"},{\"@type\":\"WebPage\",\"@id\":\"https:\\\/\\\/exaudi.org\\\/es\\\/sacerdote-de-haiti-a-veces-pasa-un-ano-sin-celebrar-la-eucaristia\\\/\",\"url\":\"https:\\\/\\\/exaudi.org\\\/es\\\/sacerdote-de-haiti-a-veces-pasa-un-ano-sin-celebrar-la-eucaristia\\\/\",\"name\":\"Sacerdote de Hait\u00ed: \u00abA veces pasa un a\u00f1o sin celebrar la Eucarist\u00eda\u00bb &#8211; Exaudi\",\"isPartOf\":{\"@id\":\"https:\\\/\\\/exaudi.org\\\/#website\"},\"primaryImageOfPage\":{\"@id\":\"https:\\\/\\\/exaudi.org\\\/es\\\/sacerdote-de-haiti-a-veces-pasa-un-ano-sin-celebrar-la-eucaristia\\\/#primaryimage\"},\"image\":{\"@id\":\"https:\\\/\\\/exaudi.org\\\/es\\\/sacerdote-de-haiti-a-veces-pasa-un-ano-sin-celebrar-la-eucaristia\\\/#primaryimage\"},\"thumbnailUrl\":\"https:\\\/\\\/exaudi.org\\\/wp-content\\\/uploads\\\/2026\\\/03\\\/HUGUES-PAUL-HAITI-HORIZONTAL.png\",\"datePublished\":\"2026-03-25T06:00:31+00:00\",\"dateModified\":\"2026-03-25T18:16:44+00:00\",\"author\":{\"@id\":\"https:\\\/\\\/exaudi.org\\\/#\\\/schema\\\/person\\\/fab8261a088ccf38cb54b3c50baa7baf\"},\"breadcrumb\":{\"@id\":\"https:\\\/\\\/exaudi.org\\\/es\\\/sacerdote-de-haiti-a-veces-pasa-un-ano-sin-celebrar-la-eucaristia\\\/#breadcrumb\"},\"inLanguage\":\"es\",\"potentialAction\":[{\"@type\":\"ReadAction\",\"target\":[\"https:\\\/\\\/exaudi.org\\\/es\\\/sacerdote-de-haiti-a-veces-pasa-un-ano-sin-celebrar-la-eucaristia\\\/\"]}]},{\"@type\":\"ImageObject\",\"inLanguage\":\"es\",\"@id\":\"https:\\\/\\\/exaudi.org\\\/es\\\/sacerdote-de-haiti-a-veces-pasa-un-ano-sin-celebrar-la-eucaristia\\\/#primaryimage\",\"url\":\"https:\\\/\\\/exaudi.org\\\/wp-content\\\/uploads\\\/2026\\\/03\\\/HUGUES-PAUL-HAITI-HORIZONTAL.png\",\"contentUrl\":\"https:\\\/\\\/exaudi.org\\\/wp-content\\\/uploads\\\/2026\\\/03\\\/HUGUES-PAUL-HAITI-HORIZONTAL.png\",\"width\":1000,\"height\":677},{\"@type\":\"BreadcrumbList\",\"@id\":\"https:\\\/\\\/exaudi.org\\\/es\\\/sacerdote-de-haiti-a-veces-pasa-un-ano-sin-celebrar-la-eucaristia\\\/#breadcrumb\",\"itemListElement\":[{\"@type\":\"ListItem\",\"position\":1,\"name\":\"Portada\",\"item\":\"https:\\\/\\\/exaudi.org\\\/es\\\/\"},{\"@type\":\"ListItem\",\"position\":2,\"name\":\"Sacerdote de Hait\u00ed: \u00abA veces pasa un a\u00f1o sin celebrar la Eucarist\u00eda\u00bb\"}]},{\"@type\":\"WebSite\",\"@id\":\"https:\\\/\\\/exaudi.org\\\/#website\",\"url\":\"https:\\\/\\\/exaudi.org\\\/\",\"name\":\"Exaudi\",\"description\":\"News\",\"potentialAction\":[{\"@type\":\"SearchAction\",\"target\":{\"@type\":\"EntryPoint\",\"urlTemplate\":\"https:\\\/\\\/exaudi.org\\\/?s={search_term_string}\"},\"query-input\":{\"@type\":\"PropertyValueSpecification\",\"valueRequired\":true,\"valueName\":\"search_term_string\"}}],\"inLanguage\":\"es\"},{\"@type\":\"Person\",\"@id\":\"https:\\\/\\\/exaudi.org\\\/#\\\/schema\\\/person\\\/fab8261a088ccf38cb54b3c50baa7baf\",\"name\":\"Fundaci\u00f3n CARF\",\"image\":{\"@type\":\"ImageObject\",\"inLanguage\":\"es\",\"@id\":\"https:\\\/\\\/secure.gravatar.com\\\/avatar\\\/ab292d3529973c0d1cf4cda9208c6a8a7ee52923f0a291c39104715fa46aae4b?s=96&d=mm&r=g\",\"url\":\"https:\\\/\\\/secure.gravatar.com\\\/avatar\\\/ab292d3529973c0d1cf4cda9208c6a8a7ee52923f0a291c39104715fa46aae4b?s=96&d=mm&r=g\",\"contentUrl\":\"https:\\\/\\\/secure.gravatar.com\\\/avatar\\\/ab292d3529973c0d1cf4cda9208c6a8a7ee52923f0a291c39104715fa46aae4b?s=96&d=mm&r=g\",\"caption\":\"Fundaci\u00f3n CARF\"},\"description\":\"Trabajamos para llevar la sonrisa de Dios a todos los rincones del mundo a trav\u00e9s de los sacerdotes y ayudando a su formaci\u00f3n. Gracias a nuestros benefactores, ayudamos a la formaci\u00f3n de los sacerdotes, difundimos su buen nombre y rezamos por su fidelidad y las vocaciones. Trabajamos para servir a la Iglesia y que ninguna vocaci\u00f3n se pierda y luego ellos puedan transmitir en su labor pastoral toda la luz, ciencia y doctrina recibida. Acad\u00e9mico Las licenciaturas, programas de especializacio\u0301n o doctorados, otorgan a cada candidato una formaci\u00f3n espec\u00edfica en Teologi\u0301a, Filosofi\u0301a, Derecho Cano\u0301nico o Comunicacio\u0301n Social Institucional. Espiritual Los seminaristas y sacerdotes complementan su formacio\u0301n acade\u0301mica y humana con la espiritual, ya que deben estar preparados para seguir su vocaci\u00f3n y prestar su cuerpo y su espi\u0301ritu al Sen\u0303or. Humano A trave\u0301s del ambiente de familia y de preparaci\u00f3n, se consigue el desarrollo de actitudes, capacidades y valores que impactan en el crecimiento personal y social de los sacerdotes.\",\"sameAs\":[\"https:\\\/\\\/fundacioncarf.org\\\/\",\"https:\\\/\\\/www.facebook.com\\\/fundacioncarf\\\/\",\"https:\\\/\\\/www.instagram.com\\\/fundacioncarf\\\/\",\"https:\\\/\\\/www.linkedin.com\\\/company\\\/fundacioncarf\\\/posts\\\/?feedView=all\",\"https:\\\/\\\/x.com\\\/https:\\\/\\\/x.com\\\/fundacioncarf\",\"https:\\\/\\\/www.youtube.com\\\/c\\\/fundacioncarf\"],\"url\":\"https:\\\/\\\/exaudi.org\\\/es\\\/author\\\/carf\\\/\"}]}<\/script>\n<!-- \/ Yoast SEO plugin. -->","yoast_head_json":{"title":"Sacerdote de Hait\u00ed: \u00abA veces pasa un a\u00f1o sin celebrar la Eucarist\u00eda\u00bb &#8211; Exaudi","robots":{"index":"index","follow":"follow","max-snippet":"max-snippet:-1","max-image-preview":"max-image-preview:large","max-video-preview":"max-video-preview:-1"},"canonical":"https:\/\/exaudi.org\/es\/sacerdote-de-haiti-a-veces-pasa-un-ano-sin-celebrar-la-eucaristia\/","og_locale":"es_ES","og_type":"article","og_title":"Sacerdote de Hait\u00ed: \u00abA veces pasa un a\u00f1o sin celebrar la Eucarist\u00eda\u00bb &#8211; Exaudi","og_description":"Hugues Paul: la llamada de Dios en medio de la escasez de sacerdotes y la violencia en Hait\u00ed","og_url":"https:\/\/exaudi.org\/es\/sacerdote-de-haiti-a-veces-pasa-un-ano-sin-celebrar-la-eucaristia\/","og_site_name":"Exaudi","article_publisher":"https:\/\/www.facebook.com\/ExaudiNews","article_author":"https:\/\/www.facebook.com\/fundacioncarf\/","article_published_time":"2026-03-25T06:00:31+00:00","article_modified_time":"2026-03-25T18:16:44+00:00","og_image":[{"width":1000,"height":677,"url":"https:\/\/exaudi.org\/wp-content\/uploads\/2026\/03\/HUGUES-PAUL-HAITI-HORIZONTAL.png","type":"image\/png"}],"author":"Fundaci\u00f3n CARF","twitter_card":"summary_large_image","twitter_creator":"@https:\/\/x.com\/fundacioncarf","twitter_site":"@Exaudi_News","twitter_misc":{"Escrito por":"Fundaci\u00f3n CARF","Tiempo de lectura":"6 minutos"},"schema":{"@context":"https:\/\/schema.org","@graph":[{"@type":"Article","@id":"https:\/\/exaudi.org\/es\/sacerdote-de-haiti-a-veces-pasa-un-ano-sin-celebrar-la-eucaristia\/#article","isPartOf":{"@id":"https:\/\/exaudi.org\/es\/sacerdote-de-haiti-a-veces-pasa-un-ano-sin-celebrar-la-eucaristia\/"},"author":{"name":"Fundaci\u00f3n CARF","@id":"https:\/\/exaudi.org\/#\/schema\/person\/fab8261a088ccf38cb54b3c50baa7baf"},"headline":"Sacerdote de Hait\u00ed: \u00abA veces pasa un a\u00f1o sin celebrar la Eucarist\u00eda\u00bb","datePublished":"2026-03-25T06:00:31+00:00","dateModified":"2026-03-25T18:16:44+00:00","mainEntityOfPage":{"@id":"https:\/\/exaudi.org\/es\/sacerdote-de-haiti-a-veces-pasa-un-ano-sin-celebrar-la-eucaristia\/"},"wordCount":1166,"image":{"@id":"https:\/\/exaudi.org\/es\/sacerdote-de-haiti-a-veces-pasa-un-ano-sin-celebrar-la-eucaristia\/#primaryimage"},"thumbnailUrl":"https:\/\/exaudi.org\/wp-content\/uploads\/2026\/03\/HUGUES-PAUL-HAITI-HORIZONTAL.png","keywords":["Ayuda a la Iglesia Necesitada","comunidades sin eucarist\u00eda","crisis hait\u00ed","di\u00f3cesis de jacmel","eucarist\u00eda hait\u00ed","falta de sacerdotes hait\u00ed","fe en hait\u00ed","formaci\u00f3n sacerdotal navarra","Fundaci\u00f3n CARF","hugues paul","iglesia cat\u00f3lica hait\u00ed","inseguridad hait\u00ed","misa hait\u00ed","sacerdote hait\u00ed","sacerdotes en hait\u00ed","secularizaci\u00f3n espa\u00f1a","teolog\u00eda b\u00edblica navarra","terremoto hait\u00ed 2010","Trending","vocaci\u00f3n sacerdotal hait\u00ed","vocaciones hait\u00ed"],"articleSection":["Iglesia y Mundo","Testimonios"],"inLanguage":"es"},{"@type":"WebPage","@id":"https:\/\/exaudi.org\/es\/sacerdote-de-haiti-a-veces-pasa-un-ano-sin-celebrar-la-eucaristia\/","url":"https:\/\/exaudi.org\/es\/sacerdote-de-haiti-a-veces-pasa-un-ano-sin-celebrar-la-eucaristia\/","name":"Sacerdote de Hait\u00ed: \u00abA veces pasa un a\u00f1o sin celebrar la Eucarist\u00eda\u00bb &#8211; Exaudi","isPartOf":{"@id":"https:\/\/exaudi.org\/#website"},"primaryImageOfPage":{"@id":"https:\/\/exaudi.org\/es\/sacerdote-de-haiti-a-veces-pasa-un-ano-sin-celebrar-la-eucaristia\/#primaryimage"},"image":{"@id":"https:\/\/exaudi.org\/es\/sacerdote-de-haiti-a-veces-pasa-un-ano-sin-celebrar-la-eucaristia\/#primaryimage"},"thumbnailUrl":"https:\/\/exaudi.org\/wp-content\/uploads\/2026\/03\/HUGUES-PAUL-HAITI-HORIZONTAL.png","datePublished":"2026-03-25T06:00:31+00:00","dateModified":"2026-03-25T18:16:44+00:00","author":{"@id":"https:\/\/exaudi.org\/#\/schema\/person\/fab8261a088ccf38cb54b3c50baa7baf"},"breadcrumb":{"@id":"https:\/\/exaudi.org\/es\/sacerdote-de-haiti-a-veces-pasa-un-ano-sin-celebrar-la-eucaristia\/#breadcrumb"},"inLanguage":"es","potentialAction":[{"@type":"ReadAction","target":["https:\/\/exaudi.org\/es\/sacerdote-de-haiti-a-veces-pasa-un-ano-sin-celebrar-la-eucaristia\/"]}]},{"@type":"ImageObject","inLanguage":"es","@id":"https:\/\/exaudi.org\/es\/sacerdote-de-haiti-a-veces-pasa-un-ano-sin-celebrar-la-eucaristia\/#primaryimage","url":"https:\/\/exaudi.org\/wp-content\/uploads\/2026\/03\/HUGUES-PAUL-HAITI-HORIZONTAL.png","contentUrl":"https:\/\/exaudi.org\/wp-content\/uploads\/2026\/03\/HUGUES-PAUL-HAITI-HORIZONTAL.png","width":1000,"height":677},{"@type":"BreadcrumbList","@id":"https:\/\/exaudi.org\/es\/sacerdote-de-haiti-a-veces-pasa-un-ano-sin-celebrar-la-eucaristia\/#breadcrumb","itemListElement":[{"@type":"ListItem","position":1,"name":"Portada","item":"https:\/\/exaudi.org\/es\/"},{"@type":"ListItem","position":2,"name":"Sacerdote de Hait\u00ed: \u00abA veces pasa un a\u00f1o sin celebrar la Eucarist\u00eda\u00bb"}]},{"@type":"WebSite","@id":"https:\/\/exaudi.org\/#website","url":"https:\/\/exaudi.org\/","name":"Exaudi","description":"News","potentialAction":[{"@type":"SearchAction","target":{"@type":"EntryPoint","urlTemplate":"https:\/\/exaudi.org\/?s={search_term_string}"},"query-input":{"@type":"PropertyValueSpecification","valueRequired":true,"valueName":"search_term_string"}}],"inLanguage":"es"},{"@type":"Person","@id":"https:\/\/exaudi.org\/#\/schema\/person\/fab8261a088ccf38cb54b3c50baa7baf","name":"Fundaci\u00f3n CARF","image":{"@type":"ImageObject","inLanguage":"es","@id":"https:\/\/secure.gravatar.com\/avatar\/ab292d3529973c0d1cf4cda9208c6a8a7ee52923f0a291c39104715fa46aae4b?s=96&d=mm&r=g","url":"https:\/\/secure.gravatar.com\/avatar\/ab292d3529973c0d1cf4cda9208c6a8a7ee52923f0a291c39104715fa46aae4b?s=96&d=mm&r=g","contentUrl":"https:\/\/secure.gravatar.com\/avatar\/ab292d3529973c0d1cf4cda9208c6a8a7ee52923f0a291c39104715fa46aae4b?s=96&d=mm&r=g","caption":"Fundaci\u00f3n CARF"},"description":"Trabajamos para llevar la sonrisa de Dios a todos los rincones del mundo a trav\u00e9s de los sacerdotes y ayudando a su formaci\u00f3n. Gracias a nuestros benefactores, ayudamos a la formaci\u00f3n de los sacerdotes, difundimos su buen nombre y rezamos por su fidelidad y las vocaciones. Trabajamos para servir a la Iglesia y que ninguna vocaci\u00f3n se pierda y luego ellos puedan transmitir en su labor pastoral toda la luz, ciencia y doctrina recibida. Acad\u00e9mico Las licenciaturas, programas de especializacio\u0301n o doctorados, otorgan a cada candidato una formaci\u00f3n espec\u00edfica en Teologi\u0301a, Filosofi\u0301a, Derecho Cano\u0301nico o Comunicacio\u0301n Social Institucional. Espiritual Los seminaristas y sacerdotes complementan su formacio\u0301n acade\u0301mica y humana con la espiritual, ya que deben estar preparados para seguir su vocaci\u00f3n y prestar su cuerpo y su espi\u0301ritu al Sen\u0303or. Humano A trave\u0301s del ambiente de familia y de preparaci\u00f3n, se consigue el desarrollo de actitudes, capacidades y valores que impactan en el crecimiento personal y social de los sacerdotes.","sameAs":["https:\/\/fundacioncarf.org\/","https:\/\/www.facebook.com\/fundacioncarf\/","https:\/\/www.instagram.com\/fundacioncarf\/","https:\/\/www.linkedin.com\/company\/fundacioncarf\/posts\/?feedView=all","https:\/\/x.com\/https:\/\/x.com\/fundacioncarf","https:\/\/www.youtube.com\/c\/fundacioncarf"],"url":"https:\/\/exaudi.org\/es\/author\/carf\/"}]}},"jetpack_featured_media_url":"https:\/\/exaudi.org\/wp-content\/uploads\/2026\/03\/HUGUES-PAUL-HAITI-HORIZONTAL.png","jetpack_shortlink":"https:\/\/wp.me\/pgKjF2-Gnc","_links":{"self":[{"href":"https:\/\/exaudi.org\/es\/wp-json\/wp\/v2\/posts\/162886","targetHints":{"allow":["GET"]}}],"collection":[{"href":"https:\/\/exaudi.org\/es\/wp-json\/wp\/v2\/posts"}],"about":[{"href":"https:\/\/exaudi.org\/es\/wp-json\/wp\/v2\/types\/post"}],"author":[{"embeddable":true,"href":"https:\/\/exaudi.org\/es\/wp-json\/wp\/v2\/users\/119"}],"replies":[{"embeddable":true,"href":"https:\/\/exaudi.org\/es\/wp-json\/wp\/v2\/comments?post=162886"}],"version-history":[{"count":7,"href":"https:\/\/exaudi.org\/es\/wp-json\/wp\/v2\/posts\/162886\/revisions"}],"predecessor-version":[{"id":162904,"href":"https:\/\/exaudi.org\/es\/wp-json\/wp\/v2\/posts\/162886\/revisions\/162904"}],"wp:featuredmedia":[{"embeddable":true,"href":"https:\/\/exaudi.org\/es\/wp-json\/wp\/v2\/media\/162889"}],"wp:attachment":[{"href":"https:\/\/exaudi.org\/es\/wp-json\/wp\/v2\/media?parent=162886"}],"wp:term":[{"taxonomy":"category","embeddable":true,"href":"https:\/\/exaudi.org\/es\/wp-json\/wp\/v2\/categories?post=162886"},{"taxonomy":"post_tag","embeddable":true,"href":"https:\/\/exaudi.org\/es\/wp-json\/wp\/v2\/tags?post=162886"}],"curies":[{"name":"wp","href":"https:\/\/api.w.org\/{rel}","templated":true}]}}