{"id":162827,"date":"2026-03-25T09:30:08","date_gmt":"2026-03-25T08:30:08","guid":{"rendered":"https:\/\/exaudi.org\/?p=162827"},"modified":"2026-03-24T09:18:02","modified_gmt":"2026-03-24T08:18:02","slug":"el-fiat-de-maria-el-si-que-cambio-el-mundo","status":"publish","type":"post","link":"https:\/\/exaudi.org\/es\/el-fiat-de-maria-el-si-que-cambio-el-mundo\/","title":{"rendered":"El Fiat de Mar\u00eda: el s\u00ed que cambi\u00f3 el mundo"},"content":{"rendered":"<p>En el misterio de la Anunciaci\u00f3n resplandece uno de los momentos m\u00e1s profundos de la historia de la salvaci\u00f3n. El s\u00ed de Mar\u00eda no es solamente una respuesta personal a una llamada divina; es tambi\u00e9n un acontecimiento de alcance universal. En \u00e9l se condensan la libertad, la gracia y la redenci\u00f3n en un \u00fanico acto de confianza. Dios no fuerza. Dios llama. Y el ser humano responde: libremente, conscientemente y por amor.<\/p>\n<p><iframe title=\"Spotify Embed: El Fiat de Mar\u00eda el s\u00ed que cambi\u00f3 el mundo\" style=\"border-radius: 12px\" width=\"100%\" height=\"152\" frameborder=\"0\" allowfullscreen allow=\"autoplay; clipboard-write; encrypted-media; fullscreen; picture-in-picture\" loading=\"lazy\" src=\"https:\/\/open.spotify.com\/embed\/episode\/34GwH05Nw364xbKUQzjy0w?si=8abf95f5219a4e64&amp;utm_source=oembed\"><\/iframe><\/p>\n<p>Dios es el Creador del cielo y de la tierra, el origen de toda vida, de todo orden y de toda belleza. Y, sin embargo, este Dios omnipotente no se revela como un soberano lejano del universo, sino como Aquel que quiere hacer part\u00edcipe al hombre, en libertad, de su designio de salvaci\u00f3n. Aqu\u00ed hay algo verdaderamente admirable: Dios no necesita al hombre, pero ha querido necesitarlo. No busca una obediencia mec\u00e1nica, sino el s\u00ed libre del coraz\u00f3n.<\/p>\n<p>Esta pedagog\u00eda divina recorre toda la historia de la salvaci\u00f3n. Dios elige a las personas no porque sean m\u00e1s poderosas, m\u00e1s sabias o m\u00e1s dignas que las dem\u00e1s, sino porque su gracia manifiesta su grandeza precisamente en la fragilidad. Profetas, reyes, justos y almas ocultas han sido instrumentos de su obrar. Entre todos ellos, Mar\u00eda de Nazaret ocupa un lugar \u00fanico. En ella, la vocaci\u00f3n del ser humano alcanza su forma m\u00e1s pura: apertura d\u00f3cil, prudencia que discierne y entrega decidida.<\/p>\n<p>El evangelista San Lucas relata la Anunciaci\u00f3n con una sobriedad que, precisamente por ello, est\u00e1 llena de una profundidad inmensa. El \u00e1ngel Gabriel se acerca a Mar\u00eda y la saluda con unas palabras \u00fanicas en toda la historia de la salvaci\u00f3n: <strong>\u00abAl\u00e9grate, llena de gracia, el Se\u00f1or est\u00e1 contigo\u00bb.<\/strong> Mar\u00eda se turba, pero no pierde su recogimiento interior. Reflexiona, pondera, pregunta. En ello se manifiesta su madurez espiritual. Su fe no es ciega, sino despierta. Cuando Gabriel le anuncia que concebir\u00e1 a Jes\u00fas, ella pregunta: <strong>\u00ab\u00bfC\u00f3mo ser\u00e1 eso?\u00bb<\/strong> Esta pregunta no nace de la duda, sino del deseo de comprender m\u00e1s profundamente la voluntad de Dios.<\/p>\n<p>La respuesta del \u00e1ngel abre ante ella el horizonte de lo incomprensible: el Esp\u00edritu Santo vendr\u00e1 sobre ella. Mar\u00eda est\u00e1 llamada a ser madre permaneciendo virgen. Aqu\u00ed el ser humano se encuentra ante el umbral de un misterio que ninguna mente podr\u00eda haber imaginado. Y precisamente aqu\u00ed se pronuncia la palabra decisiva: <strong>\u00abH\u00e1gase en m\u00ed seg\u00fan tu palabra\u00bb.<\/strong> En esta frase se encierra toda la belleza de Mar\u00eda. No se abandona a Dios con resistencia, sino con confianza. Su s\u00ed no es mera aprobaci\u00f3n, sino entrega de s\u00ed misma.<\/p>\n<p>Con este s\u00ed comienza no solo la Encarnaci\u00f3n de Cristo, sino tambi\u00e9n un camino que abraza la luz y la oscuridad. Mar\u00eda recibe la promesa, pero tambi\u00e9n una misi\u00f3n que la conducir\u00e1 a trav\u00e9s de la incertidumbre, las incomprensiones y el sufrimiento hasta el pie de la Cruz. Por eso, su &#8216;s\u00ed&#8217; no debe entenderse de manera sentimental. Es valiente, l\u00facido y sacrificado. Precisamente en esto Mar\u00eda se convierte en modelo del alma creyente. Ella nos muestra que la vocaci\u00f3n significa siempre dejarse situar por Dios en un horizonte m\u00e1s grande de lo que uno mismo alcanza a comprender.<\/p>\n<p>De la vocaci\u00f3n de Mar\u00eda podemos aprender algo esencial para nuestra propia vida. Todo ser humano ha sido llamado por Dios. No todos del mismo modo, pero s\u00ed todos con un mismo destino \u00faltimo: vivir en comuni\u00f3n con \u00c9l. Por eso, la vocaci\u00f3n no es un asunto reservado \u00fanicamente a sacerdotes o religiosos. Nos concierne a todos. Es la forma concreta en que una persona encarna la voluntad de Dios en su propia existencia: en el trabajo, en la familia, en el sufrimiento, en el servicio, en la perseverancia silenciosa y en el amor al pr\u00f3jimo.<\/p>\n<p>Esta vocaci\u00f3n no se manifiesta primero en signos extraordinarios, sino en la fidelidad a los mandamientos de Dios, en la disposici\u00f3n a la conversi\u00f3n y en un coraz\u00f3n vigilante. Quien ama a Dios comienza a preguntarse: \u00bfMe acerca esta decisi\u00f3n m\u00e1s a \u00c9l? \u00bfEst\u00e1 esta actitud en consonancia con el bien? \u00bfVive mi vida centrada solamente en m\u00ed mismo, o se est\u00e1 convirtiendo en un espacio donde Dios puede obrar? En el fondo, la vocaci\u00f3n es una escuela interior en la que la libertad y la entrega dejan de ser contrarias.<\/p>\n<p>Tambi\u00e9n en esto Mar\u00eda es maestra. Ella muestra que la verdadera grandeza no consiste en afirmarse a uno mismo, sino en dar espacio a Dios. Su s\u00ed cambi\u00f3 el mundo porque abri\u00f3 la historia a la entrada del amor eterno de Dios. Y tambi\u00e9n nuestro s\u00ed \u2014por peque\u00f1o que pueda parecer exteriormente\u2014 jam\u00e1s queda sin fruto ante Dios. All\u00ed donde una persona acoge su voluntad, comienza una transformaci\u00f3n: en el coraz\u00f3n, en la vida cotidiana, muchas veces escondida, pero real.<\/p>\n<p>Por eso, la Anunciaci\u00f3n no permanece solo como un acontecimiento del pasado, sino como una pregunta viva dirigida a cada uno de nosotros: \u00bfestoy dispuesto a dejarme llamar? \u00bfEstoy dispuesto a dar a Dios un lugar no solo en mis pensamientos piadosos, sino tambi\u00e9n en la realidad concreta de mi vida? Mar\u00eda responde a esta pregunta no con una teor\u00eda, sino con su propia persona. Ella es el gran modelo de la fe que escucha, conf\u00eda y obedece. Quien aprende de ella descubre que la llamada de Dios no quita nada a nuestra dignidad; al contrario, la lleva a su plenitud. Y el s\u00ed que le damos se convierte \u2014como en Mar\u00eda\u2014 en fuente de una alegr\u00eda profunda y duradera.<\/p>\n<p>Por \u00faltimo, quisiera dejar hablar a la Sant\u00edsima Virgen con estas palabras: <strong>\u00ab\u00a1Hijos m\u00edos, no abandon\u00e9is vuestra fe! Jes\u00fas y yo os esperamos en cada iglesia cat\u00f3lica\u00bb<\/strong>, tomadas de la aparici\u00f3n de La Salette.<\/p>\n<p>Enlace al art\u00edculo original en alem\u00e1n:<br \/>\n<a href=\"https:\/\/medium.com\/@karlmariademolina\/ihr-ja-hat-die-welt-ver%C3%A4ndert-ae6dc621ac22\">https:\/\/medium.com\/@karlmariademolina\/ihr-ja-hat-die-welt-ver%C3%A4ndert-ae6dc621ac22<\/a><\/p>\n","protected":false},"excerpt":{"rendered":"<p>El s\u00ed de Mar\u00eda en la Anunciaci\u00f3n nos muestra que el plan salv\u00edfico de Dios busca la libre adhesi\u00f3n del ser humano, y que tambi\u00e9n nuestra propia vocaci\u00f3n comienza all\u00ed donde aprendemos a decir: \u00abH\u00e1gase en m\u00ed seg\u00fan tu palabra\u00bb<\/p>\n","protected":false},"author":174,"featured_media":162830,"comment_status":"closed","ping_status":"closed","sticky":false,"template":"","format":"standard","meta":{"_acf_changed":false,"_crdt_document":"","inline_featured_image":false,"footnotes":""},"categories":[130],"tags":[13231,84728,60842,84562,103702,103705,80059,103706,103704,50089,37788,49905,103703,31704,58880,1119,30734],"class_list":["post-162827","post","type-post","status-publish","format-standard","has-post-thumbnail","hentry","category-voces","tag-anunciacion","tag-dr-ing-karl-maria-de-molina","tag-encarnacion-de-cristo","tag-fiat-de-maria","tag-hagase-en-mi-segun-tu-palabra","tag-historia-salvacion","tag-karl-maria-de-molina-2","tag-la-salette","tag-libertad-y-gracia","tag-llamada-divina","tag-maria-de-nazaret","tag-modelo-de-fe","tag-plan-salvifico-dios","tag-si-de-maria","tag-trending-es-151","tag-virgen-maria","tag-vocacion-cristiana"],"acf":[],"yoast_head":"<!-- This site is optimized with the Yoast SEO plugin v27.5 - https:\/\/yoast.com\/product\/yoast-seo-wordpress\/ -->\n<title>El Fiat de Mar\u00eda: el s\u00ed que cambi\u00f3 el mundo &#8211; Exaudi<\/title>\n<meta name=\"robots\" content=\"index, follow, max-snippet:-1, max-image-preview:large, max-video-preview:-1\" \/>\n<link rel=\"canonical\" href=\"https:\/\/exaudi.org\/es\/el-fiat-de-maria-el-si-que-cambio-el-mundo\/\" \/>\n<meta property=\"og:locale\" content=\"es_ES\" \/>\n<meta property=\"og:type\" content=\"article\" \/>\n<meta property=\"og:title\" content=\"El Fiat de Mar\u00eda: el s\u00ed que cambi\u00f3 el mundo &#8211; Exaudi\" \/>\n<meta property=\"og:description\" content=\"El s\u00ed de Mar\u00eda en la Anunciaci\u00f3n nos muestra que el plan salv\u00edfico de Dios busca la libre adhesi\u00f3n del ser humano, y que tambi\u00e9n nuestra propia vocaci\u00f3n comienza all\u00ed donde aprendemos a decir: \u00abH\u00e1gase en m\u00ed seg\u00fan tu palabra\u00bb\" \/>\n<meta property=\"og:url\" content=\"https:\/\/exaudi.org\/es\/el-fiat-de-maria-el-si-que-cambio-el-mundo\/\" \/>\n<meta property=\"og:site_name\" content=\"Exaudi\" \/>\n<meta property=\"article:publisher\" content=\"https:\/\/www.facebook.com\/ExaudiNews\" \/>\n<meta property=\"article:published_time\" content=\"2026-03-25T08:30:08+00:00\" \/>\n<meta property=\"og:image\" content=\"https:\/\/exaudi.org\/wp-content\/uploads\/2026\/03\/Karl.jpg\" \/>\n\t<meta property=\"og:image:width\" content=\"1386\" \/>\n\t<meta property=\"og:image:height\" content=\"688\" \/>\n\t<meta property=\"og:image:type\" content=\"image\/jpeg\" \/>\n<meta name=\"author\" content=\"Karl-Mar\u00eda de Molina\" \/>\n<meta name=\"twitter:card\" content=\"summary_large_image\" \/>\n<meta name=\"twitter:creator\" content=\"@Exaudi_News\" \/>\n<meta name=\"twitter:site\" content=\"@Exaudi_News\" \/>\n<meta name=\"twitter:label1\" content=\"Escrito por\" \/>\n\t<meta name=\"twitter:data1\" content=\"Karl-Mar\u00eda de Molina\" \/>\n\t<meta name=\"twitter:label2\" content=\"Tiempo de lectura\" \/>\n\t<meta name=\"twitter:data2\" content=\"5 minutos\" \/>\n<script type=\"application\/ld+json\" class=\"yoast-schema-graph\">{\"@context\":\"https:\\\/\\\/schema.org\",\"@graph\":[{\"@type\":\"Article\",\"@id\":\"https:\\\/\\\/exaudi.org\\\/es\\\/el-fiat-de-maria-el-si-que-cambio-el-mundo\\\/#article\",\"isPartOf\":{\"@id\":\"https:\\\/\\\/exaudi.org\\\/es\\\/el-fiat-de-maria-el-si-que-cambio-el-mundo\\\/\"},\"author\":{\"name\":\"Karl-Mar\u00eda de Molina\",\"@id\":\"https:\\\/\\\/exaudi.org\\\/#\\\/schema\\\/person\\\/f400c74be36537b2cb3c5fed4d2c2e00\"},\"headline\":\"El Fiat de Mar\u00eda: el s\u00ed que cambi\u00f3 el mundo\",\"datePublished\":\"2026-03-25T08:30:08+00:00\",\"mainEntityOfPage\":{\"@id\":\"https:\\\/\\\/exaudi.org\\\/es\\\/el-fiat-de-maria-el-si-que-cambio-el-mundo\\\/\"},\"wordCount\":1067,\"image\":{\"@id\":\"https:\\\/\\\/exaudi.org\\\/es\\\/el-fiat-de-maria-el-si-que-cambio-el-mundo\\\/#primaryimage\"},\"thumbnailUrl\":\"https:\\\/\\\/exaudi.org\\\/wp-content\\\/uploads\\\/2026\\\/03\\\/Karl.jpg\",\"keywords\":[\"Anunciaci\u00f3n\",\"Dr.-Ing. Karl-Maria de Molina\",\"Encarnaci\u00f3n de Cristo\",\"Fiat de Mar\u00eda\",\"H\u00e1gase en m\u00ed seg\u00fan tu palabra\",\"historia salvaci\u00f3n\",\"Karl-Maria de Molina\",\"La Salette\",\"libertad y gracia\",\"llamada divina\",\"Mar\u00eda de Nazaret\",\"modelo de fe\",\"plan salv\u00edfico Dios\",\"s\u00ed de Mar\u00eda\",\"Trending\",\"Virgen Mar\u00eda\",\"vocaci\u00f3n cristiana\"],\"articleSection\":[\"Voces\"],\"inLanguage\":\"es\"},{\"@type\":\"WebPage\",\"@id\":\"https:\\\/\\\/exaudi.org\\\/es\\\/el-fiat-de-maria-el-si-que-cambio-el-mundo\\\/\",\"url\":\"https:\\\/\\\/exaudi.org\\\/es\\\/el-fiat-de-maria-el-si-que-cambio-el-mundo\\\/\",\"name\":\"El Fiat de Mar\u00eda: el s\u00ed que cambi\u00f3 el mundo &#8211; Exaudi\",\"isPartOf\":{\"@id\":\"https:\\\/\\\/exaudi.org\\\/#website\"},\"primaryImageOfPage\":{\"@id\":\"https:\\\/\\\/exaudi.org\\\/es\\\/el-fiat-de-maria-el-si-que-cambio-el-mundo\\\/#primaryimage\"},\"image\":{\"@id\":\"https:\\\/\\\/exaudi.org\\\/es\\\/el-fiat-de-maria-el-si-que-cambio-el-mundo\\\/#primaryimage\"},\"thumbnailUrl\":\"https:\\\/\\\/exaudi.org\\\/wp-content\\\/uploads\\\/2026\\\/03\\\/Karl.jpg\",\"datePublished\":\"2026-03-25T08:30:08+00:00\",\"author\":{\"@id\":\"https:\\\/\\\/exaudi.org\\\/#\\\/schema\\\/person\\\/f400c74be36537b2cb3c5fed4d2c2e00\"},\"breadcrumb\":{\"@id\":\"https:\\\/\\\/exaudi.org\\\/es\\\/el-fiat-de-maria-el-si-que-cambio-el-mundo\\\/#breadcrumb\"},\"inLanguage\":\"es\",\"potentialAction\":[{\"@type\":\"ReadAction\",\"target\":[\"https:\\\/\\\/exaudi.org\\\/es\\\/el-fiat-de-maria-el-si-que-cambio-el-mundo\\\/\"]}]},{\"@type\":\"ImageObject\",\"inLanguage\":\"es\",\"@id\":\"https:\\\/\\\/exaudi.org\\\/es\\\/el-fiat-de-maria-el-si-que-cambio-el-mundo\\\/#primaryimage\",\"url\":\"https:\\\/\\\/exaudi.org\\\/wp-content\\\/uploads\\\/2026\\\/03\\\/Karl.jpg\",\"contentUrl\":\"https:\\\/\\\/exaudi.org\\\/wp-content\\\/uploads\\\/2026\\\/03\\\/Karl.jpg\",\"width\":1386,\"height\":688},{\"@type\":\"BreadcrumbList\",\"@id\":\"https:\\\/\\\/exaudi.org\\\/es\\\/el-fiat-de-maria-el-si-que-cambio-el-mundo\\\/#breadcrumb\",\"itemListElement\":[{\"@type\":\"ListItem\",\"position\":1,\"name\":\"Portada\",\"item\":\"https:\\\/\\\/exaudi.org\\\/es\\\/\"},{\"@type\":\"ListItem\",\"position\":2,\"name\":\"El Fiat de Mar\u00eda: el s\u00ed que cambi\u00f3 el mundo\"}]},{\"@type\":\"WebSite\",\"@id\":\"https:\\\/\\\/exaudi.org\\\/#website\",\"url\":\"https:\\\/\\\/exaudi.org\\\/\",\"name\":\"Exaudi\",\"description\":\"News\",\"potentialAction\":[{\"@type\":\"SearchAction\",\"target\":{\"@type\":\"EntryPoint\",\"urlTemplate\":\"https:\\\/\\\/exaudi.org\\\/?s={search_term_string}\"},\"query-input\":{\"@type\":\"PropertyValueSpecification\",\"valueRequired\":true,\"valueName\":\"search_term_string\"}}],\"inLanguage\":\"es\"},{\"@type\":\"Person\",\"@id\":\"https:\\\/\\\/exaudi.org\\\/#\\\/schema\\\/person\\\/f400c74be36537b2cb3c5fed4d2c2e00\",\"name\":\"Karl-Mar\u00eda de Molina\",\"image\":{\"@type\":\"ImageObject\",\"inLanguage\":\"es\",\"@id\":\"https:\\\/\\\/secure.gravatar.com\\\/avatar\\\/16ba20466e14cad5d2d1b0cfc0a9b5eba327d57bf7faeaeff34294949227047f?s=96&d=mm&r=g\",\"url\":\"https:\\\/\\\/secure.gravatar.com\\\/avatar\\\/16ba20466e14cad5d2d1b0cfc0a9b5eba327d57bf7faeaeff34294949227047f?s=96&d=mm&r=g\",\"contentUrl\":\"https:\\\/\\\/secure.gravatar.com\\\/avatar\\\/16ba20466e14cad5d2d1b0cfc0a9b5eba327d57bf7faeaeff34294949227047f?s=96&d=mm&r=g\",\"caption\":\"Karl-Mar\u00eda de Molina\"},\"description\":\"Dr.-Ing. Karl-Maria de Molina estudi\u00f3 ingenier\u00eda, filosof\u00eda y teolog\u00eda y obtuvo su doctorado en tecnolog\u00eda automotriz. Ha escrito libros sobre tecnolog\u00eda automovil\u00edstica y metodolog\u00eda de trabajo, y ha editado obras sobre cultura laboral y desarrollo de competencias. Ha ocupado varios puestos docentes en universidades alemanas; imparte seminarios sobre el desarrollo de l\u00edderes; ha fundado varias empresas y ha desarrollado y comercializado productos innovadores. El conocimiento necesario para esta serie de art\u00edculos sobre la fe lo adquiri\u00f3 el autor mediante el estudio de la filosof\u00eda y la teolog\u00eda, la lectura diaria del Evangelio y de libros espirituales, as\u00ed como la asistencia diaria a la Eucarist\u00eda.\",\"sameAs\":[\"https:\\\/\\\/familyvalued.org\\\/en\\\/family-valued-english\\\/\"],\"url\":\"https:\\\/\\\/exaudi.org\\\/es\\\/author\\\/karl-maria-de-molina\\\/\"}]}<\/script>\n<!-- \/ Yoast SEO plugin. -->","yoast_head_json":{"title":"El Fiat de Mar\u00eda: el s\u00ed que cambi\u00f3 el mundo &#8211; Exaudi","robots":{"index":"index","follow":"follow","max-snippet":"max-snippet:-1","max-image-preview":"max-image-preview:large","max-video-preview":"max-video-preview:-1"},"canonical":"https:\/\/exaudi.org\/es\/el-fiat-de-maria-el-si-que-cambio-el-mundo\/","og_locale":"es_ES","og_type":"article","og_title":"El Fiat de Mar\u00eda: el s\u00ed que cambi\u00f3 el mundo &#8211; Exaudi","og_description":"El s\u00ed de Mar\u00eda en la Anunciaci\u00f3n nos muestra que el plan salv\u00edfico de Dios busca la libre adhesi\u00f3n del ser humano, y que tambi\u00e9n nuestra propia vocaci\u00f3n comienza all\u00ed donde aprendemos a decir: \u00abH\u00e1gase en m\u00ed seg\u00fan tu palabra\u00bb","og_url":"https:\/\/exaudi.org\/es\/el-fiat-de-maria-el-si-que-cambio-el-mundo\/","og_site_name":"Exaudi","article_publisher":"https:\/\/www.facebook.com\/ExaudiNews","article_published_time":"2026-03-25T08:30:08+00:00","og_image":[{"width":1386,"height":688,"url":"https:\/\/exaudi.org\/wp-content\/uploads\/2026\/03\/Karl.jpg","type":"image\/jpeg"}],"author":"Karl-Mar\u00eda de Molina","twitter_card":"summary_large_image","twitter_creator":"@Exaudi_News","twitter_site":"@Exaudi_News","twitter_misc":{"Escrito por":"Karl-Mar\u00eda de Molina","Tiempo de lectura":"5 minutos"},"schema":{"@context":"https:\/\/schema.org","@graph":[{"@type":"Article","@id":"https:\/\/exaudi.org\/es\/el-fiat-de-maria-el-si-que-cambio-el-mundo\/#article","isPartOf":{"@id":"https:\/\/exaudi.org\/es\/el-fiat-de-maria-el-si-que-cambio-el-mundo\/"},"author":{"name":"Karl-Mar\u00eda de Molina","@id":"https:\/\/exaudi.org\/#\/schema\/person\/f400c74be36537b2cb3c5fed4d2c2e00"},"headline":"El Fiat de Mar\u00eda: el s\u00ed que cambi\u00f3 el mundo","datePublished":"2026-03-25T08:30:08+00:00","mainEntityOfPage":{"@id":"https:\/\/exaudi.org\/es\/el-fiat-de-maria-el-si-que-cambio-el-mundo\/"},"wordCount":1067,"image":{"@id":"https:\/\/exaudi.org\/es\/el-fiat-de-maria-el-si-que-cambio-el-mundo\/#primaryimage"},"thumbnailUrl":"https:\/\/exaudi.org\/wp-content\/uploads\/2026\/03\/Karl.jpg","keywords":["Anunciaci\u00f3n","Dr.-Ing. Karl-Maria de Molina","Encarnaci\u00f3n de Cristo","Fiat de Mar\u00eda","H\u00e1gase en m\u00ed seg\u00fan tu palabra","historia salvaci\u00f3n","Karl-Maria de Molina","La Salette","libertad y gracia","llamada divina","Mar\u00eda de Nazaret","modelo de fe","plan salv\u00edfico Dios","s\u00ed de Mar\u00eda","Trending","Virgen Mar\u00eda","vocaci\u00f3n cristiana"],"articleSection":["Voces"],"inLanguage":"es"},{"@type":"WebPage","@id":"https:\/\/exaudi.org\/es\/el-fiat-de-maria-el-si-que-cambio-el-mundo\/","url":"https:\/\/exaudi.org\/es\/el-fiat-de-maria-el-si-que-cambio-el-mundo\/","name":"El Fiat de Mar\u00eda: el s\u00ed que cambi\u00f3 el mundo &#8211; Exaudi","isPartOf":{"@id":"https:\/\/exaudi.org\/#website"},"primaryImageOfPage":{"@id":"https:\/\/exaudi.org\/es\/el-fiat-de-maria-el-si-que-cambio-el-mundo\/#primaryimage"},"image":{"@id":"https:\/\/exaudi.org\/es\/el-fiat-de-maria-el-si-que-cambio-el-mundo\/#primaryimage"},"thumbnailUrl":"https:\/\/exaudi.org\/wp-content\/uploads\/2026\/03\/Karl.jpg","datePublished":"2026-03-25T08:30:08+00:00","author":{"@id":"https:\/\/exaudi.org\/#\/schema\/person\/f400c74be36537b2cb3c5fed4d2c2e00"},"breadcrumb":{"@id":"https:\/\/exaudi.org\/es\/el-fiat-de-maria-el-si-que-cambio-el-mundo\/#breadcrumb"},"inLanguage":"es","potentialAction":[{"@type":"ReadAction","target":["https:\/\/exaudi.org\/es\/el-fiat-de-maria-el-si-que-cambio-el-mundo\/"]}]},{"@type":"ImageObject","inLanguage":"es","@id":"https:\/\/exaudi.org\/es\/el-fiat-de-maria-el-si-que-cambio-el-mundo\/#primaryimage","url":"https:\/\/exaudi.org\/wp-content\/uploads\/2026\/03\/Karl.jpg","contentUrl":"https:\/\/exaudi.org\/wp-content\/uploads\/2026\/03\/Karl.jpg","width":1386,"height":688},{"@type":"BreadcrumbList","@id":"https:\/\/exaudi.org\/es\/el-fiat-de-maria-el-si-que-cambio-el-mundo\/#breadcrumb","itemListElement":[{"@type":"ListItem","position":1,"name":"Portada","item":"https:\/\/exaudi.org\/es\/"},{"@type":"ListItem","position":2,"name":"El Fiat de Mar\u00eda: el s\u00ed que cambi\u00f3 el mundo"}]},{"@type":"WebSite","@id":"https:\/\/exaudi.org\/#website","url":"https:\/\/exaudi.org\/","name":"Exaudi","description":"News","potentialAction":[{"@type":"SearchAction","target":{"@type":"EntryPoint","urlTemplate":"https:\/\/exaudi.org\/?s={search_term_string}"},"query-input":{"@type":"PropertyValueSpecification","valueRequired":true,"valueName":"search_term_string"}}],"inLanguage":"es"},{"@type":"Person","@id":"https:\/\/exaudi.org\/#\/schema\/person\/f400c74be36537b2cb3c5fed4d2c2e00","name":"Karl-Mar\u00eda de Molina","image":{"@type":"ImageObject","inLanguage":"es","@id":"https:\/\/secure.gravatar.com\/avatar\/16ba20466e14cad5d2d1b0cfc0a9b5eba327d57bf7faeaeff34294949227047f?s=96&d=mm&r=g","url":"https:\/\/secure.gravatar.com\/avatar\/16ba20466e14cad5d2d1b0cfc0a9b5eba327d57bf7faeaeff34294949227047f?s=96&d=mm&r=g","contentUrl":"https:\/\/secure.gravatar.com\/avatar\/16ba20466e14cad5d2d1b0cfc0a9b5eba327d57bf7faeaeff34294949227047f?s=96&d=mm&r=g","caption":"Karl-Mar\u00eda de Molina"},"description":"Dr.-Ing. Karl-Maria de Molina estudi\u00f3 ingenier\u00eda, filosof\u00eda y teolog\u00eda y obtuvo su doctorado en tecnolog\u00eda automotriz. Ha escrito libros sobre tecnolog\u00eda automovil\u00edstica y metodolog\u00eda de trabajo, y ha editado obras sobre cultura laboral y desarrollo de competencias. Ha ocupado varios puestos docentes en universidades alemanas; imparte seminarios sobre el desarrollo de l\u00edderes; ha fundado varias empresas y ha desarrollado y comercializado productos innovadores. El conocimiento necesario para esta serie de art\u00edculos sobre la fe lo adquiri\u00f3 el autor mediante el estudio de la filosof\u00eda y la teolog\u00eda, la lectura diaria del Evangelio y de libros espirituales, as\u00ed como la asistencia diaria a la Eucarist\u00eda.","sameAs":["https:\/\/familyvalued.org\/en\/family-valued-english\/"],"url":"https:\/\/exaudi.org\/es\/author\/karl-maria-de-molina\/"}]}},"jetpack_featured_media_url":"https:\/\/exaudi.org\/wp-content\/uploads\/2026\/03\/Karl.jpg","jetpack_shortlink":"https:\/\/wp.me\/pgKjF2-Gmf","_links":{"self":[{"href":"https:\/\/exaudi.org\/es\/wp-json\/wp\/v2\/posts\/162827","targetHints":{"allow":["GET"]}}],"collection":[{"href":"https:\/\/exaudi.org\/es\/wp-json\/wp\/v2\/posts"}],"about":[{"href":"https:\/\/exaudi.org\/es\/wp-json\/wp\/v2\/types\/post"}],"author":[{"embeddable":true,"href":"https:\/\/exaudi.org\/es\/wp-json\/wp\/v2\/users\/174"}],"replies":[{"embeddable":true,"href":"https:\/\/exaudi.org\/es\/wp-json\/wp\/v2\/comments?post=162827"}],"version-history":[{"count":4,"href":"https:\/\/exaudi.org\/es\/wp-json\/wp\/v2\/posts\/162827\/revisions"}],"predecessor-version":[{"id":162841,"href":"https:\/\/exaudi.org\/es\/wp-json\/wp\/v2\/posts\/162827\/revisions\/162841"}],"wp:featuredmedia":[{"embeddable":true,"href":"https:\/\/exaudi.org\/es\/wp-json\/wp\/v2\/media\/162830"}],"wp:attachment":[{"href":"https:\/\/exaudi.org\/es\/wp-json\/wp\/v2\/media?parent=162827"}],"wp:term":[{"taxonomy":"category","embeddable":true,"href":"https:\/\/exaudi.org\/es\/wp-json\/wp\/v2\/categories?post=162827"},{"taxonomy":"post_tag","embeddable":true,"href":"https:\/\/exaudi.org\/es\/wp-json\/wp\/v2\/tags?post=162827"}],"curies":[{"name":"wp","href":"https:\/\/api.w.org\/{rel}","templated":true}]}}