{"id":162677,"date":"2026-03-23T09:00:55","date_gmt":"2026-03-23T08:00:55","guid":{"rendered":"https:\/\/exaudi.org\/?p=162677"},"modified":"2026-03-21T15:04:43","modified_gmt":"2026-03-21T14:04:43","slug":"entre-quijotes","status":"publish","type":"post","link":"https:\/\/exaudi.org\/es\/entre-quijotes\/","title":{"rendered":"Entre quijotes"},"content":{"rendered":"<p class=\"wp-block-paragraph\">El car\u00e1cter problem\u00e1tico de Espa\u00f1a como naci\u00f3n no resulta algo exclusivo de hoy en d\u00eda. Es un Guadiana hist\u00f3rico. Su reiteraci\u00f3n durante siglos ha sido motivo de preocupaci\u00f3n y de acci\u00f3n para multitud de generaciones. A Miguel de Unamuno (1864-1936), referente obligado del saber en la pasada centuria, la reflexi\u00f3n acerca de la doliente situaci\u00f3n en que se encontraba nuestra patria en el tiempo que le toc\u00f3 vivir reflej\u00f3 uno de los dramas ag\u00f3nicos de su m\u00e1s \u00edntimo yo. Ese desasosiego personal le movi\u00f3 a una voluntad de reforma, de modo que, con los medios a su alcance, pretendi\u00f3 actualizar los valores que hist\u00f3ricamente dieron realidad a la esencia de lo espa\u00f1ol.<\/p>\n<p><iframe title=\"Spotify Embed: Entre quijotes\" style=\"border-radius: 12px\" width=\"100%\" height=\"152\" frameborder=\"0\" allowfullscreen allow=\"autoplay; clipboard-write; encrypted-media; fullscreen; picture-in-picture\" loading=\"lazy\" src=\"https:\/\/open.spotify.com\/embed\/episode\/3R5S9CecHZBtx7MPp7npIj?si=15dfbdae0b974c53&amp;utm_source=oembed\"><\/iframe><\/p>\n<p class=\"wp-block-paragraph\">En la averiguaci\u00f3n de los rasgos de este esp\u00edritu nacional, junto al an\u00e1lisis del quijotismo encarnado en el caballero de la Mancha,\u00a0 desempe\u00f1\u00f3 un papel clave el estudio de los m\u00edsticos, que representaban otra de las se\u00f1as propias de la cultura hispana \u2013el espiritualismo\u2013 y por quienes el rector de la Universidad de Salamanca sent\u00eda adem\u00e1s una confesada afinidad. Esta combinaci\u00f3n de intereses le llev\u00f3 a hacer una lectura seria de sus escritos, sobresaliendo la dedicada a santa Teresa de Jes\u00fas, cuya referencia es abundante en la obra unamuniana, sobre todo en tres de sus libros capitales:\u00a0<em>En torno al casticismo, Vida de Don Quijote y Sancho\u00a0<\/em>y<em>\u00a0Del sentimiento tr\u00e1gico de la vida<\/em>.<\/p>\n<p class=\"wp-block-paragraph\">En ellos se sostiene que el alma espa\u00f1ola encarn\u00f3 hist\u00f3ricamente en dos tipos de caballer\u00eda andante, la humana y la divina. Ambas buscaban la inmortalidad: la una en la fama, la otra en Dios. Al igual que los caballeros andantes, los m\u00edsticos castellanos pelearon a lo divino (\u201c\u00edmpetu y arrestos caballerescos es lo que a tan altas almas les llev\u00f3 a buscar la santidad en Espa\u00f1a y fue la vida de mortificaci\u00f3n una empresa caballeresca\u201d). De esta suerte, la doctora de la Iglesia ser\u00eda, junto a Don Quijote, s\u00edmbolo viviente o arquetipo de dicha alma (\u201cdama andante del amor que de tan hondamente humano se sale de lo humano todo\u201d).<\/p>\n<p class=\"wp-block-paragraph\">Aficionada, como \u00e9l, a leer en su juventud libros de caballer\u00edas, su acontecer vital experimentar\u00e1 por ello acciones heroicas y extremosas. Seg\u00fan Unamuno, \u201ca trav\u00e9s de lo terreno del amor, [la carmelita abulense transit\u00f3] al amor sustancial y anhel\u00f3 gloria eterna y engolfarse en Jes\u00fas, ideal del hombre. Y dio en heroica locura y lleg\u00f3 a decir a su confesor: \u00b4suplico a vuestra merced seamos todos locos, por amor de quien por nosotros se lo llamaron`\u00bb. M\u00e1s a\u00fan, tanto en Don Quijote como en santa Teresa, aquella b\u00fasqueda de la inmortalidad les supuso una tarea ag\u00f3nica, de lucha, la del sentimiento tr\u00e1gico de la vida.<\/p>\n<p class=\"wp-block-paragraph\">En un soneto dedicado a la descalza fundadora, el apasionado vasco, despu\u00e9s de llamarla \u00b4Quijotesa a lo divino`, dice de ella \u201cque dej\u00f3 asentada\/ nuestra Espa\u00f1a inmortal, cuya es la empresa:\/ \u00b4solo existe lo eterno; \u00a1Dios o nada!`\u201d. Seg\u00fan su interpretaci\u00f3n, este designio est\u00e1 propiciado por un sentimiento tr\u00e1gico de la vida (\u00b4aquella vida de arriba\/ es la vida verdadera; \/\u2026\/ que muero porque no muero`) gracias al cual \u201cengendra la humanidad al Dios vivo\u201d. Este sentimiento mueve al individuo a inquietar los esp\u00edritus e infundir en ellos fuertes anhelos, como los cantados por Teresa de Jes\u00fas: \u00b4S\u00e1came de aquesta muerte,\/ mi Dios, y dame la vida;\/ no me tengas impedida\/ en este lazo tan fuerte;\/ mira que muero por verte\/ y vivir sin ti no puedo`.<\/p>\n<p class=\"wp-block-paragraph\">Estas son las acciones y el temple an\u00edmico que, en unamuniana visi\u00f3n, har\u00edan de la Santa y de Don Quijote la encarnaci\u00f3n nacional y universal de los arquetipos de la cultura espa\u00f1ola. Ahora bien, sin entrar siquiera en la verdad o el error de dicha afirmaci\u00f3n, no cabe la menor duda de que, en la actualidad, dichos prototipos no nos representan en absoluto. Hoy, en nuestro pa\u00eds, podemos encontrar hombres altos, delgados e incluso de aspecto grave como el h\u00e9roe cervantino, o mujeres inquietas, cultas y activas como Teresa de Ahumada, pero no abundan quienes, adem\u00e1s de esos perfiles, tengan lo esencial de su car\u00e1cter. \u00bfD\u00f3nde se encuentra a alguien que anteponga sus ideales a su conveniencia y obre de forma desinteresada y comprometida en defensa de causas que considere justas?<\/p>\n<p><a href=\"https:\/\/dametresminutos.wordpress.com\/2026\/03\/20\/entre-quijotes-por-pedro-paricio\/\" target=\"_blank\" rel=\"noopener\"><strong><em>Pedro Paricio . Dame tres minutos<\/em><\/strong><\/a><\/p>\n<p><img loading=\"lazy\" decoding=\"async\" class=\"size-full wp-image-162684 alignnone\" src=\"https:\/\/exaudi.org\/wp-content\/uploads\/2026\/03\/voces-calvo-1.jpg\" alt=\"\" width=\"940\" height=\"788\" srcset=\"https:\/\/exaudi.org\/wp-content\/uploads\/2026\/03\/voces-calvo-1.jpg 940w, https:\/\/exaudi.org\/wp-content\/uploads\/2026\/03\/voces-calvo-1-300x251.jpg 300w, https:\/\/exaudi.org\/wp-content\/uploads\/2026\/03\/voces-calvo-1-770x645.jpg 770w, https:\/\/exaudi.org\/wp-content\/uploads\/2026\/03\/voces-calvo-1-500x419.jpg 500w\" sizes=\"auto, (max-width: 940px) 100vw, 940px\" \/><\/p>\n","protected":false},"excerpt":{"rendered":"<p>Unamuno entre Don Quijote y Santa Teresa: el alma espa\u00f1ola agonizante<\/p>\n","protected":false},"author":15,"featured_media":162681,"comment_status":"closed","ping_status":"closed","sticky":false,"template":"","format":"standard","meta":{"_acf_changed":false,"_crdt_document":"","inline_featured_image":false,"footnotes":""},"categories":[130],"tags":[103499,103503,103502,74488,103508,103496,103509,103501,103506,103510,103507,21613,103495,103498,72476,103504,103497,103505,4533,103500,58880],"class_list":["post-162677","post","type-post","status-publish","format-standard","has-post-thumbnail","hentry","category-voces","tag-alma-espanola","tag-caballeria-andante","tag-crisis-identidad-espanola","tag-dame-tres-minutos","tag-dios-o-nada","tag-don-quijote","tag-espana-actual","tag-espana-nacion","tag-generacion-del-98","tag-guadiana-historico","tag-idealismo-heroico","tag-inmortalidad","tag-miguel-de-unamuno","tag-misticismo-espanol","tag-pedro-paricio","tag-quijotesa-a-lo-divino","tag-quijotismo","tag-regeneracionismo","tag-santa-teresa-de-jesus","tag-sentimiento-tragico-de-la-vida","tag-trending-es-151"],"acf":[],"yoast_head":"<!-- This site is optimized with the Yoast SEO plugin v27.5 - https:\/\/yoast.com\/product\/yoast-seo-wordpress\/ -->\n<title>Entre quijotes &#8211; Exaudi<\/title>\n<meta name=\"robots\" content=\"index, follow, max-snippet:-1, max-image-preview:large, max-video-preview:-1\" \/>\n<link rel=\"canonical\" href=\"https:\/\/exaudi.org\/es\/entre-quijotes\/\" \/>\n<meta property=\"og:locale\" content=\"es_ES\" \/>\n<meta property=\"og:type\" content=\"article\" \/>\n<meta property=\"og:title\" content=\"Entre quijotes &#8211; Exaudi\" \/>\n<meta property=\"og:description\" content=\"Unamuno entre Don Quijote y Santa Teresa: el alma espa\u00f1ola agonizante\" \/>\n<meta property=\"og:url\" content=\"https:\/\/exaudi.org\/es\/entre-quijotes\/\" \/>\n<meta property=\"og:site_name\" content=\"Exaudi\" \/>\n<meta property=\"article:publisher\" content=\"https:\/\/www.facebook.com\/ExaudiNews\" \/>\n<meta property=\"article:author\" content=\"https:\/\/www.facebook.com\/ExaudiNoticias\/\" \/>\n<meta property=\"article:published_time\" content=\"2026-03-23T08:00:55+00:00\" \/>\n<meta property=\"og:image\" content=\"https:\/\/exaudi.org\/wp-content\/uploads\/2026\/03\/edited_image_05297cc5-d2f4-4477-ad8a-c86a26b9b56d_0.jpg\" \/>\n\t<meta property=\"og:image:width\" content=\"1536\" \/>\n\t<meta property=\"og:image:height\" content=\"1024\" \/>\n\t<meta property=\"og:image:type\" content=\"image\/jpeg\" \/>\n<meta name=\"author\" content=\"Exaudi Redacci\u00f3n\" \/>\n<meta name=\"twitter:card\" content=\"summary_large_image\" \/>\n<meta name=\"twitter:creator\" content=\"@Exaudi_noticias\" \/>\n<meta name=\"twitter:site\" content=\"@Exaudi_News\" \/>\n<meta name=\"twitter:label1\" content=\"Escrito por\" \/>\n\t<meta name=\"twitter:data1\" content=\"Exaudi Redacci\u00f3n\" \/>\n\t<meta name=\"twitter:label2\" content=\"Tiempo de lectura\" \/>\n\t<meta name=\"twitter:data2\" content=\"4 minutos\" \/>\n<script type=\"application\/ld+json\" class=\"yoast-schema-graph\">{\"@context\":\"https:\\\/\\\/schema.org\",\"@graph\":[{\"@type\":\"Article\",\"@id\":\"https:\\\/\\\/exaudi.org\\\/es\\\/entre-quijotes\\\/#article\",\"isPartOf\":{\"@id\":\"https:\\\/\\\/exaudi.org\\\/es\\\/entre-quijotes\\\/\"},\"author\":{\"name\":\"Exaudi Redacci\u00f3n\",\"@id\":\"https:\\\/\\\/exaudi.org\\\/#\\\/schema\\\/person\\\/f5fc8f063065e38742da7afe15f25df7\"},\"headline\":\"Entre quijotes\",\"datePublished\":\"2026-03-23T08:00:55+00:00\",\"mainEntityOfPage\":{\"@id\":\"https:\\\/\\\/exaudi.org\\\/es\\\/entre-quijotes\\\/\"},\"wordCount\":780,\"image\":{\"@id\":\"https:\\\/\\\/exaudi.org\\\/es\\\/entre-quijotes\\\/#primaryimage\"},\"thumbnailUrl\":\"https:\\\/\\\/exaudi.org\\\/wp-content\\\/uploads\\\/2026\\\/03\\\/edited_image_05297cc5-d2f4-4477-ad8a-c86a26b9b56d_0.jpg\",\"keywords\":[\"alma espa\u00f1ola\",\"caballer\u00eda andante\",\"crisis identidad espa\u00f1ola\",\"Dame tres minutos\",\"Dios o nada\",\"Don Quijote\",\"Espa\u00f1a actual\",\"Espa\u00f1a naci\u00f3n\",\"Generaci\u00f3n del 98\",\"Guadiana hist\u00f3rico\",\"idealismo heroico\",\"inmortalidad\",\"Miguel de Unamuno\",\"misticismo espa\u00f1ol\",\"Pedro Paricio\",\"Quijotesa a lo divino\",\"quijotismo\",\"regeneracionismo\",\"Santa Teresa de Jes\u00fas\",\"sentimiento tr\u00e1gico de la vida\",\"Trending\"],\"articleSection\":[\"Voces\"],\"inLanguage\":\"es\"},{\"@type\":\"WebPage\",\"@id\":\"https:\\\/\\\/exaudi.org\\\/es\\\/entre-quijotes\\\/\",\"url\":\"https:\\\/\\\/exaudi.org\\\/es\\\/entre-quijotes\\\/\",\"name\":\"Entre quijotes &#8211; Exaudi\",\"isPartOf\":{\"@id\":\"https:\\\/\\\/exaudi.org\\\/#website\"},\"primaryImageOfPage\":{\"@id\":\"https:\\\/\\\/exaudi.org\\\/es\\\/entre-quijotes\\\/#primaryimage\"},\"image\":{\"@id\":\"https:\\\/\\\/exaudi.org\\\/es\\\/entre-quijotes\\\/#primaryimage\"},\"thumbnailUrl\":\"https:\\\/\\\/exaudi.org\\\/wp-content\\\/uploads\\\/2026\\\/03\\\/edited_image_05297cc5-d2f4-4477-ad8a-c86a26b9b56d_0.jpg\",\"datePublished\":\"2026-03-23T08:00:55+00:00\",\"author\":{\"@id\":\"https:\\\/\\\/exaudi.org\\\/#\\\/schema\\\/person\\\/f5fc8f063065e38742da7afe15f25df7\"},\"breadcrumb\":{\"@id\":\"https:\\\/\\\/exaudi.org\\\/es\\\/entre-quijotes\\\/#breadcrumb\"},\"inLanguage\":\"es\",\"potentialAction\":[{\"@type\":\"ReadAction\",\"target\":[\"https:\\\/\\\/exaudi.org\\\/es\\\/entre-quijotes\\\/\"]}]},{\"@type\":\"ImageObject\",\"inLanguage\":\"es\",\"@id\":\"https:\\\/\\\/exaudi.org\\\/es\\\/entre-quijotes\\\/#primaryimage\",\"url\":\"https:\\\/\\\/exaudi.org\\\/wp-content\\\/uploads\\\/2026\\\/03\\\/edited_image_05297cc5-d2f4-4477-ad8a-c86a26b9b56d_0.jpg\",\"contentUrl\":\"https:\\\/\\\/exaudi.org\\\/wp-content\\\/uploads\\\/2026\\\/03\\\/edited_image_05297cc5-d2f4-4477-ad8a-c86a26b9b56d_0.jpg\",\"width\":1536,\"height\":1024},{\"@type\":\"BreadcrumbList\",\"@id\":\"https:\\\/\\\/exaudi.org\\\/es\\\/entre-quijotes\\\/#breadcrumb\",\"itemListElement\":[{\"@type\":\"ListItem\",\"position\":1,\"name\":\"Portada\",\"item\":\"https:\\\/\\\/exaudi.org\\\/es\\\/\"},{\"@type\":\"ListItem\",\"position\":2,\"name\":\"Entre quijotes\"}]},{\"@type\":\"WebSite\",\"@id\":\"https:\\\/\\\/exaudi.org\\\/#website\",\"url\":\"https:\\\/\\\/exaudi.org\\\/\",\"name\":\"Exaudi\",\"description\":\"News\",\"potentialAction\":[{\"@type\":\"SearchAction\",\"target\":{\"@type\":\"EntryPoint\",\"urlTemplate\":\"https:\\\/\\\/exaudi.org\\\/?s={search_term_string}\"},\"query-input\":{\"@type\":\"PropertyValueSpecification\",\"valueRequired\":true,\"valueName\":\"search_term_string\"}}],\"inLanguage\":\"es\"},{\"@type\":\"Person\",\"@id\":\"https:\\\/\\\/exaudi.org\\\/#\\\/schema\\\/person\\\/f5fc8f063065e38742da7afe15f25df7\",\"name\":\"Exaudi Redacci\u00f3n\",\"image\":{\"@type\":\"ImageObject\",\"inLanguage\":\"es\",\"@id\":\"https:\\\/\\\/secure.gravatar.com\\\/avatar\\\/fe0f6a059fb68d9b3e11bc5850dd4899b1c7492091a3cb6dd9b01b56ad828be2?s=96&d=mm&r=g\",\"url\":\"https:\\\/\\\/secure.gravatar.com\\\/avatar\\\/fe0f6a059fb68d9b3e11bc5850dd4899b1c7492091a3cb6dd9b01b56ad828be2?s=96&d=mm&r=g\",\"contentUrl\":\"https:\\\/\\\/secure.gravatar.com\\\/avatar\\\/fe0f6a059fb68d9b3e11bc5850dd4899b1c7492091a3cb6dd9b01b56ad828be2?s=96&d=mm&r=g\",\"caption\":\"Exaudi Redacci\u00f3n\"},\"description\":\"\u00bfQu\u00e9 es Exaudi News? Exaudi News es un medio de comunicaci\u00f3n cat\u00f3lico internacional que informa, forma y transforma, diariamente en espa\u00f1ol, ingl\u00e9s e italiano. A trav\u00e9s de noticias, art\u00edculos de an\u00e1lisis y transmisiones en directo de los eventos del Papa, Exaudi busca fortalecer la unidad de los cristianos y contribuir a la evangelizaci\u00f3n del mundo, siempre guiados por la doctrina social de la Iglesia. Trabajamos para acercar la verdad y los valores cristianos a cada rinc\u00f3n del planeta. \u00a1Ay\u00fadanos a transformar el mundo con Exaudi! En Exaudi creemos que la evangelizaci\u00f3n y la informaci\u00f3n de calidad pueden cambiar vidas. Para continuar con nuestra misi\u00f3n y expandir nuestro alcance, necesitamos tu ayuda. Adem\u00e1s, buscamos personas comprometidas que deseen unirse a nuestro equipo. Con tu apoyo, lograremos llegar a m\u00e1s personas, difundir el mensaje de Cristo y reforzar la unidad de los cristianos. \u00bfTe unes a nuestra misi\u00f3n? Para m\u00e1s informaci\u00f3n sobre c\u00f3mo colaborar, visita Exaudi.org\\\/es o cont\u00e1ctanos directamente: info@exaudi.org Exaudi: Informa, forma y transforma.\",\"sameAs\":[\"https:\\\/\\\/www.facebook.com\\\/ExaudiNoticias\\\/\",\"https:\\\/\\\/www.instagram.com\\\/exaudi_noticias\\\/\",\"https:\\\/\\\/x.com\\\/Exaudi_noticias\",\"https:\\\/\\\/www.youtube.com\\\/@exaudicatholicnews\"],\"url\":\"https:\\\/\\\/exaudi.org\\\/es\\\/author\\\/redaccionexaudi\\\/\"}]}<\/script>\n<!-- \/ Yoast SEO plugin. -->","yoast_head_json":{"title":"Entre quijotes &#8211; Exaudi","robots":{"index":"index","follow":"follow","max-snippet":"max-snippet:-1","max-image-preview":"max-image-preview:large","max-video-preview":"max-video-preview:-1"},"canonical":"https:\/\/exaudi.org\/es\/entre-quijotes\/","og_locale":"es_ES","og_type":"article","og_title":"Entre quijotes &#8211; Exaudi","og_description":"Unamuno entre Don Quijote y Santa Teresa: el alma espa\u00f1ola agonizante","og_url":"https:\/\/exaudi.org\/es\/entre-quijotes\/","og_site_name":"Exaudi","article_publisher":"https:\/\/www.facebook.com\/ExaudiNews","article_author":"https:\/\/www.facebook.com\/ExaudiNoticias\/","article_published_time":"2026-03-23T08:00:55+00:00","og_image":[{"width":1536,"height":1024,"url":"https:\/\/exaudi.org\/wp-content\/uploads\/2026\/03\/edited_image_05297cc5-d2f4-4477-ad8a-c86a26b9b56d_0.jpg","type":"image\/jpeg"}],"author":"Exaudi Redacci\u00f3n","twitter_card":"summary_large_image","twitter_creator":"@Exaudi_noticias","twitter_site":"@Exaudi_News","twitter_misc":{"Escrito por":"Exaudi Redacci\u00f3n","Tiempo de lectura":"4 minutos"},"schema":{"@context":"https:\/\/schema.org","@graph":[{"@type":"Article","@id":"https:\/\/exaudi.org\/es\/entre-quijotes\/#article","isPartOf":{"@id":"https:\/\/exaudi.org\/es\/entre-quijotes\/"},"author":{"name":"Exaudi Redacci\u00f3n","@id":"https:\/\/exaudi.org\/#\/schema\/person\/f5fc8f063065e38742da7afe15f25df7"},"headline":"Entre quijotes","datePublished":"2026-03-23T08:00:55+00:00","mainEntityOfPage":{"@id":"https:\/\/exaudi.org\/es\/entre-quijotes\/"},"wordCount":780,"image":{"@id":"https:\/\/exaudi.org\/es\/entre-quijotes\/#primaryimage"},"thumbnailUrl":"https:\/\/exaudi.org\/wp-content\/uploads\/2026\/03\/edited_image_05297cc5-d2f4-4477-ad8a-c86a26b9b56d_0.jpg","keywords":["alma espa\u00f1ola","caballer\u00eda andante","crisis identidad espa\u00f1ola","Dame tres minutos","Dios o nada","Don Quijote","Espa\u00f1a actual","Espa\u00f1a naci\u00f3n","Generaci\u00f3n del 98","Guadiana hist\u00f3rico","idealismo heroico","inmortalidad","Miguel de Unamuno","misticismo espa\u00f1ol","Pedro Paricio","Quijotesa a lo divino","quijotismo","regeneracionismo","Santa Teresa de Jes\u00fas","sentimiento tr\u00e1gico de la vida","Trending"],"articleSection":["Voces"],"inLanguage":"es"},{"@type":"WebPage","@id":"https:\/\/exaudi.org\/es\/entre-quijotes\/","url":"https:\/\/exaudi.org\/es\/entre-quijotes\/","name":"Entre quijotes &#8211; Exaudi","isPartOf":{"@id":"https:\/\/exaudi.org\/#website"},"primaryImageOfPage":{"@id":"https:\/\/exaudi.org\/es\/entre-quijotes\/#primaryimage"},"image":{"@id":"https:\/\/exaudi.org\/es\/entre-quijotes\/#primaryimage"},"thumbnailUrl":"https:\/\/exaudi.org\/wp-content\/uploads\/2026\/03\/edited_image_05297cc5-d2f4-4477-ad8a-c86a26b9b56d_0.jpg","datePublished":"2026-03-23T08:00:55+00:00","author":{"@id":"https:\/\/exaudi.org\/#\/schema\/person\/f5fc8f063065e38742da7afe15f25df7"},"breadcrumb":{"@id":"https:\/\/exaudi.org\/es\/entre-quijotes\/#breadcrumb"},"inLanguage":"es","potentialAction":[{"@type":"ReadAction","target":["https:\/\/exaudi.org\/es\/entre-quijotes\/"]}]},{"@type":"ImageObject","inLanguage":"es","@id":"https:\/\/exaudi.org\/es\/entre-quijotes\/#primaryimage","url":"https:\/\/exaudi.org\/wp-content\/uploads\/2026\/03\/edited_image_05297cc5-d2f4-4477-ad8a-c86a26b9b56d_0.jpg","contentUrl":"https:\/\/exaudi.org\/wp-content\/uploads\/2026\/03\/edited_image_05297cc5-d2f4-4477-ad8a-c86a26b9b56d_0.jpg","width":1536,"height":1024},{"@type":"BreadcrumbList","@id":"https:\/\/exaudi.org\/es\/entre-quijotes\/#breadcrumb","itemListElement":[{"@type":"ListItem","position":1,"name":"Portada","item":"https:\/\/exaudi.org\/es\/"},{"@type":"ListItem","position":2,"name":"Entre quijotes"}]},{"@type":"WebSite","@id":"https:\/\/exaudi.org\/#website","url":"https:\/\/exaudi.org\/","name":"Exaudi","description":"News","potentialAction":[{"@type":"SearchAction","target":{"@type":"EntryPoint","urlTemplate":"https:\/\/exaudi.org\/?s={search_term_string}"},"query-input":{"@type":"PropertyValueSpecification","valueRequired":true,"valueName":"search_term_string"}}],"inLanguage":"es"},{"@type":"Person","@id":"https:\/\/exaudi.org\/#\/schema\/person\/f5fc8f063065e38742da7afe15f25df7","name":"Exaudi Redacci\u00f3n","image":{"@type":"ImageObject","inLanguage":"es","@id":"https:\/\/secure.gravatar.com\/avatar\/fe0f6a059fb68d9b3e11bc5850dd4899b1c7492091a3cb6dd9b01b56ad828be2?s=96&d=mm&r=g","url":"https:\/\/secure.gravatar.com\/avatar\/fe0f6a059fb68d9b3e11bc5850dd4899b1c7492091a3cb6dd9b01b56ad828be2?s=96&d=mm&r=g","contentUrl":"https:\/\/secure.gravatar.com\/avatar\/fe0f6a059fb68d9b3e11bc5850dd4899b1c7492091a3cb6dd9b01b56ad828be2?s=96&d=mm&r=g","caption":"Exaudi Redacci\u00f3n"},"description":"\u00bfQu\u00e9 es Exaudi News? Exaudi News es un medio de comunicaci\u00f3n cat\u00f3lico internacional que informa, forma y transforma, diariamente en espa\u00f1ol, ingl\u00e9s e italiano. A trav\u00e9s de noticias, art\u00edculos de an\u00e1lisis y transmisiones en directo de los eventos del Papa, Exaudi busca fortalecer la unidad de los cristianos y contribuir a la evangelizaci\u00f3n del mundo, siempre guiados por la doctrina social de la Iglesia. Trabajamos para acercar la verdad y los valores cristianos a cada rinc\u00f3n del planeta. \u00a1Ay\u00fadanos a transformar el mundo con Exaudi! En Exaudi creemos que la evangelizaci\u00f3n y la informaci\u00f3n de calidad pueden cambiar vidas. Para continuar con nuestra misi\u00f3n y expandir nuestro alcance, necesitamos tu ayuda. Adem\u00e1s, buscamos personas comprometidas que deseen unirse a nuestro equipo. Con tu apoyo, lograremos llegar a m\u00e1s personas, difundir el mensaje de Cristo y reforzar la unidad de los cristianos. \u00bfTe unes a nuestra misi\u00f3n? Para m\u00e1s informaci\u00f3n sobre c\u00f3mo colaborar, visita Exaudi.org\/es o cont\u00e1ctanos directamente: info@exaudi.org Exaudi: Informa, forma y transforma.","sameAs":["https:\/\/www.facebook.com\/ExaudiNoticias\/","https:\/\/www.instagram.com\/exaudi_noticias\/","https:\/\/x.com\/Exaudi_noticias","https:\/\/www.youtube.com\/@exaudicatholicnews"],"url":"https:\/\/exaudi.org\/es\/author\/redaccionexaudi\/"}]}},"jetpack_featured_media_url":"https:\/\/exaudi.org\/wp-content\/uploads\/2026\/03\/edited_image_05297cc5-d2f4-4477-ad8a-c86a26b9b56d_0.jpg","jetpack_shortlink":"https:\/\/wp.me\/pgKjF2-GjP","_links":{"self":[{"href":"https:\/\/exaudi.org\/es\/wp-json\/wp\/v2\/posts\/162677","targetHints":{"allow":["GET"]}}],"collection":[{"href":"https:\/\/exaudi.org\/es\/wp-json\/wp\/v2\/posts"}],"about":[{"href":"https:\/\/exaudi.org\/es\/wp-json\/wp\/v2\/types\/post"}],"author":[{"embeddable":true,"href":"https:\/\/exaudi.org\/es\/wp-json\/wp\/v2\/users\/15"}],"replies":[{"embeddable":true,"href":"https:\/\/exaudi.org\/es\/wp-json\/wp\/v2\/comments?post=162677"}],"version-history":[{"count":5,"href":"https:\/\/exaudi.org\/es\/wp-json\/wp\/v2\/posts\/162677\/revisions"}],"predecessor-version":[{"id":162690,"href":"https:\/\/exaudi.org\/es\/wp-json\/wp\/v2\/posts\/162677\/revisions\/162690"}],"wp:featuredmedia":[{"embeddable":true,"href":"https:\/\/exaudi.org\/es\/wp-json\/wp\/v2\/media\/162681"}],"wp:attachment":[{"href":"https:\/\/exaudi.org\/es\/wp-json\/wp\/v2\/media?parent=162677"}],"wp:term":[{"taxonomy":"category","embeddable":true,"href":"https:\/\/exaudi.org\/es\/wp-json\/wp\/v2\/categories?post=162677"},{"taxonomy":"post_tag","embeddable":true,"href":"https:\/\/exaudi.org\/es\/wp-json\/wp\/v2\/tags?post=162677"}],"curies":[{"name":"wp","href":"https:\/\/api.w.org\/{rel}","templated":true}]}}