{"id":162437,"date":"2026-03-23T08:30:29","date_gmt":"2026-03-23T07:30:29","guid":{"rendered":"https:\/\/exaudi.org\/?p=162437"},"modified":"2026-03-19T13:57:34","modified_gmt":"2026-03-19T12:57:34","slug":"antes-del-espejo","status":"publish","type":"post","link":"https:\/\/exaudi.org\/es\/antes-del-espejo\/","title":{"rendered":"Antes del espejo"},"content":{"rendered":"<p>Nadie descubre qui\u00e9n es mir\u00e1ndose en un espejo.<\/p>\n<p>Antes del espejo hay una historia.<\/p>\n<p><iframe title=\"Spotify Embed: Antes del espejo\" style=\"border-radius: 12px\" width=\"100%\" height=\"152\" frameborder=\"0\" allowfullscreen allow=\"autoplay; clipboard-write; encrypted-media; fullscreen; picture-in-picture\" loading=\"lazy\" src=\"https:\/\/open.spotify.com\/embed\/episode\/6e3vMIYhT4xPyGgdXU0bk1?si=5dfd8768ef3d48b9&amp;utm_source=oembed\"><\/iframe><\/p>\n<p>Un origen.<\/p>\n<p>Una procedencia.<\/p>\n<p>Nadie se da la vida a s\u00ed mismo. Incluso para dar la vida hace falta algo m\u00e1s que la voluntariedad.<\/p>\n<p>Mucho antes de que un ni\u00f1o pueda preguntarse qui\u00e9n es, algo empieza a revelarse cada d\u00eda en los ojos de su madre.<\/p>\n<p>Unos ojos que revelan aceptaci\u00f3n, v\u00ednculo, pertenencia.<\/p>\n<p>&nbsp;<\/p>\n<p>Unos ojos que dicen sin palabras:<\/p>\n<p>\u00a1qu\u00e9 bueno que existas!<\/p>\n<p>Ah\u00ed comienza, silenciosamente, el descubrimiento personal.<\/p>\n<p>Vivimos en una \u00e9poca obsesionada con la identidad.<\/p>\n<p>Se invita a construirla, redefinirla, reinventarla. Se propone mirarse m\u00e1s, explorarse m\u00e1s, describirse m\u00e1s.<\/p>\n<p>Pero la pregunta decisiva no es c\u00f3mo construir la identidad.<\/p>\n<p>La pregunta es c\u00f3mo descubrirla.<\/p>\n<p>Un ni\u00f1o llega al mundo sin saber qui\u00e9n es.<\/p>\n<p>Tiene vida.<\/p>\n<p>Tiene una historia que empieza.<\/p>\n<p>Tiene un cuerpo que crece.<\/p>\n<p>La madre no s\u00f3lo transmite esa vida biol\u00f3gica.<\/p>\n<p>Hace algo m\u00e1s profundo.<\/p>\n<p>Confirma al hijo su valor intransferible.<\/p>\n<p>El ni\u00f1o todav\u00eda no entiende palabras.<\/p>\n<p>Pero percibe algo decisivo.<\/p>\n<p>Descubre qui\u00e9n es en una mirada que lo reconoce.<\/p>\n<ul>\n<li>Percibe la alegr\u00eda de su presencia.<\/li>\n<li>Una vida acogida.<\/li>\n<li>Una existencia que tiene lugar en el mundo.<\/li>\n<\/ul>\n<p>En esa experiencia silenciosa empieza a despertarse el n\u00facleo de la identidad.<\/p>\n<p>No en un an\u00e1lisis interior.<\/p>\n<p>Sino en una relaci\u00f3n.<\/p>\n<p>El ni\u00f1o descubre en los ojos de su madre algo que ninguna teor\u00eda puede fabricar:<\/p>\n<ul>\n<li>que su vida es buena,<\/li>\n<li>que su vida tiene valor,<\/li>\n<li>que su existencia merece ser vivida.<\/li>\n<\/ul>\n<p>Ese reconocimiento no depende de m\u00e9ritos, ni de capacidades, ni de logros.<\/p>\n<p>Depende simplemente de ser quien es.<\/p>\n<p>Y de ser para alguien.<\/p>\n<p>Aqu\u00ed aparece una verdad antropol\u00f3gica que atraviesa toda la historia humana.<\/p>\n<p>La persona no es algo que se fabrica.<\/p>\n<p>El ser humano no es un proyecto experimental que deba inventarse desde cero.<\/p>\n<p>Es una realidad que debe descubrirse.<\/p>\n<p>Por eso la identidad no nace del esfuerzo por definirse.<\/p>\n<p>Nace del encuentro con una verdad m\u00e1s profunda:<\/p>\n<p>la verdad del propio ser.<\/p>\n<div id=\"v-ARTNqtTn-1\" class=\"video-player\"><iframe title='Reproductor de video VideoPress' aria-label='Reproductor de video VideoPress' width='400' height='224' src='https:\/\/videopress.com\/embed\/ARTNqtTn?hd=1&amp;cover=1&amp;loop=0&amp;autoPlay=0&amp;permalink=1&amp;muted=0&amp;controls=1&amp;playsinline=0&amp;useAverageColor=0&amp;preloadContent=metadata' frameborder='0' allowfullscreen data-resize-to-parent=\"true\" allow='clipboard-write'><\/iframe><script src='https:\/\/s0.wp.com\/wp-content\/plugins\/video\/assets\/js\/next\/videopress-iframe.js'><\/script><\/div>\n<p>Cuando esta verdad se oscurece, el ser humano comienza a buscar en los espejos lo que s\u00f3lo puede encontrar en su intimidad m\u00e1s profunda<\/p>\n<p>Entonces pueden aparecer las sustituciones.<\/p>\n<ul>\n<li>La imagen puede reemplazar a la realidad.<\/li>\n<li>La percepci\u00f3n puede sustituir al ser.<\/li>\n<li>La opini\u00f3n se convierte, muchas veces, en criterio de identidad.<\/li>\n<\/ul>\n<p>Pero lo que depende del reflejo cambia constantemente.<\/p>\n<p>Y lo que cambia constantemente no puede sostener la vida.<\/p>\n<p>La dignidad humana no nace de lo que una persona logra.<\/p>\n<ul>\n<li>Ni de su inteligencia.<\/li>\n<li>Ni de su salud.<\/li>\n<li>Ni de su posici\u00f3n social.<\/li>\n<li>Ni del poder que gestiona.<\/li>\n<\/ul>\n<p>La dignidad nace del hecho de ser persona, de ser \u201dalguien\u201d.<\/p>\n<p>Por eso ning\u00fan \u00e9xito puede aumentarla.<\/p>\n<p>Y ning\u00fan fracaso puede disminuirla.<\/p>\n<p><strong>Lo que hago o lo que tengo habla de m\u00ed,<\/strong><\/p>\n<p><strong>pero no soy yo.<\/strong><\/p>\n<p><strong>Puedo dejar de hacer, dejar de tener,<\/strong><\/p>\n<p><strong>y seguir\u00e9 siendo yo.<\/strong><\/p>\n<p>Cuando una persona descubre esto ocurre algo profundamente liberador.<\/p>\n<p>Deja de vivir pendiente del reflejo:<\/p>\n<ul>\n<li>Puede mirarse con verdad sin reducirse a sus l\u00edmites.<\/li>\n<li>Puede reconocer sus heridas sin identificarse con ellas.<\/li>\n<li>Puede crecer sin negarse a s\u00ed mismo.<\/li>\n<li>Porque comprende que su identidad no depende de lo que parece.<\/li>\n<\/ul>\n<p>Depende de qui\u00e9n es.<\/p>\n<p>Desde ese centro aparece una nueva pregunta.<\/p>\n<p style=\"text-align: center;\"><strong>EL PARA QU\u00c9.<\/strong><\/p>\n<p>La identidad humana nunca se agota en una definici\u00f3n.<\/p>\n<p>Siempre abre un camino.<\/p>\n<p>Un camino de crecimiento,<\/p>\n<ul>\n<li>de relaci\u00f3n,<\/li>\n<li>de entrega.<\/li>\n<\/ul>\n<p>Tal vez por eso la identidad nunca se descubre del todo en un espejo. Se va descubriendo en nuestras respuestas.<\/p>\n<p>Se descubre primero<strong> en una mirada<\/strong> que nos reconoce.<\/p>\n<p>Despu\u00e9s <strong>en una verdad <\/strong>que nos sostiene.<\/p>\n<p>Y finalmente <strong>en un camino<\/strong> que nos llama.<\/p>\n<p>Porque cuando el ser humano descubre qui\u00e9n es, descubre tambi\u00e9n algo m\u00e1s:<\/p>\n<p>que su vida no es un accidente.<\/p>\n<p><iframe title=\"Spotify Embed: Jo\u0301venes Therians y su identidad animal\" style=\"border-radius: 12px\" width=\"100%\" height=\"152\" frameborder=\"0\" allowfullscreen allow=\"autoplay; clipboard-write; encrypted-media; fullscreen; picture-in-picture\" loading=\"lazy\" src=\"https:\/\/open.spotify.com\/embed\/episode\/7a4viLsT5GCPkgrXS5sl0d?si=c6ce9a811234447d&amp;utm_source=oembed\"><\/iframe><\/p>\n<p><strong>Es una historia que merece ser vivida.<\/strong><\/p>\n<p>Mi identidad no es un objeto que descubro una vez para siempre.<\/p>\n<p>Es una tarea que se despliega en el tiempo.<\/p>\n<p>Soy alguien que se va haciendo en relaci\u00f3n:<\/p>\n<ul>\n<li>con los or\u00edgenes que no eleg\u00ed,<\/li>\n<li>con los otros que me miran,<\/li>\n<li>con los v\u00ednculos que construyo,<\/li>\n<li>con el dolor que atravieso,<\/li>\n<li>con el amor que me atrevo a dar y recibir.<\/li>\n<\/ul>\n<p>Cuando mi nombre se convierte en casa para otros,<\/p>\n<p>cuando mi presencia hace menos fr\u00eda la intemperie de otro,<\/p>\n<p>entonces mi yo deja de ser un problema abstracto<\/p>\n<p>y se vuelve historia concreta.<\/p>\n<p>Y en esa historia, siempre inacabada,<\/p>\n<p>emerge la promesa que no se agota ni siquiera en la muerte:<\/p>\n<p style=\"text-align: center;\"><strong><em>un nombre pronunciado para siempre<\/em><\/strong><\/p>\n<p style=\"text-align: center;\"><strong><em>\u00a0por un T\u00fa que no olvida<\/em><\/strong><em>.<\/em><\/p>\n<div id=\"v-mATEMECP-1\" class=\"video-player\"><iframe title='Reproductor de video VideoPress' aria-label='Reproductor de video VideoPress' width='400' height='224' src='https:\/\/videopress.com\/embed\/mATEMECP?hd=1&amp;cover=1&amp;loop=0&amp;autoPlay=0&amp;permalink=1&amp;muted=0&amp;controls=1&amp;playsinline=0&amp;useAverageColor=0&amp;preloadContent=metadata' frameborder='0' allowfullscreen data-resize-to-parent=\"true\" allow='clipboard-write'><\/iframe><script src='https:\/\/s0.wp.com\/wp-content\/plugins\/video\/assets\/js\/next\/videopress-iframe.js'><\/script><\/div>\n","protected":false},"excerpt":{"rendered":"<p>Rasgando la niebla que distorsiona la identidad personal<\/p>\n","protected":false},"author":164,"featured_media":162439,"comment_status":"closed","ping_status":"closed","sticky":false,"template":"","format":"standard","meta":{"_acf_changed":false,"_crdt_document":"","inline_featured_image":false,"footnotes":""},"categories":[130],"tags":[103244,103238,103245,31268,31268,31268,103239,103243,1606,103242,39422,39422,39422,15849,15849,103241,103240,20098],"class_list":{"0":"post-162437","1":"post","2":"type-post","3":"status-publish","4":"format-standard","5":"has-post-thumbnail","6":"hentry","7":"category-voces","8":"tag-analisis-existencial","9":"tag-antes-del-espejo","10":"tag-antes-del-espejo-exaudi","11":"tag-autoconocimiento","14":"tag-espejo-emocional","15":"tag-espejos-y-alma","16":"tag-exaudi","17":"tag-filosofia-del-yo","18":"tag-identidad-personal","21":"tag-introspeccion","23":"tag-mirada-interior","24":"tag-psicologia-espejo","25":"tag-reflexion-personal"},"acf":[],"yoast_head":"<!-- This site is optimized with the Yoast SEO plugin v27.4 - https:\/\/yoast.com\/product\/yoast-seo-wordpress\/ -->\n<title>Antes del espejo &#8211; Exaudi<\/title>\n<meta name=\"robots\" content=\"index, follow, max-snippet:-1, max-image-preview:large, max-video-preview:-1\" \/>\n<link rel=\"canonical\" href=\"https:\/\/exaudi.org\/es\/antes-del-espejo\/\" \/>\n<meta property=\"og:locale\" content=\"es_ES\" \/>\n<meta property=\"og:type\" content=\"article\" \/>\n<meta property=\"og:title\" content=\"Antes del espejo &#8211; Exaudi\" \/>\n<meta property=\"og:description\" content=\"Rasgando la niebla que distorsiona la identidad personal\" \/>\n<meta property=\"og:url\" content=\"https:\/\/exaudi.org\/es\/antes-del-espejo\/\" \/>\n<meta property=\"og:site_name\" content=\"Exaudi\" \/>\n<meta property=\"article:publisher\" content=\"https:\/\/www.facebook.com\/ExaudiNews\" \/>\n<meta property=\"article:author\" content=\"https:\/\/www.facebook.com\/metaforasenrosa\/\" \/>\n<meta property=\"article:published_time\" content=\"2026-03-23T07:30:29+00:00\" \/>\n<meta property=\"og:image\" content=\"https:\/\/exaudi.org\/wp-content\/uploads\/2026\/03\/IMG_7601.jpg\" \/>\n\t<meta property=\"og:image:width\" content=\"1170\" \/>\n\t<meta property=\"og:image:height\" content=\"1536\" \/>\n\t<meta property=\"og:image:type\" content=\"image\/jpeg\" \/>\n<meta name=\"author\" content=\"Rosa Montenegro\" \/>\n<meta name=\"twitter:card\" content=\"summary_large_image\" \/>\n<meta name=\"twitter:creator\" content=\"@coachingalicia\" \/>\n<meta name=\"twitter:site\" content=\"@Exaudi_News\" \/>\n<meta name=\"twitter:label1\" content=\"Escrito por\" \/>\n\t<meta name=\"twitter:data1\" content=\"Rosa Montenegro\" \/>\n\t<meta name=\"twitter:label2\" content=\"Tiempo de lectura\" \/>\n\t<meta name=\"twitter:data2\" content=\"4 minutos\" \/>\n<script type=\"application\/ld+json\" class=\"yoast-schema-graph\">{\"@context\":\"https:\\\/\\\/schema.org\",\"@graph\":[{\"@type\":\"Article\",\"@id\":\"https:\\\/\\\/exaudi.org\\\/es\\\/antes-del-espejo\\\/#article\",\"isPartOf\":{\"@id\":\"https:\\\/\\\/exaudi.org\\\/es\\\/antes-del-espejo\\\/\"},\"author\":{\"name\":\"Rosa Montenegro\",\"@id\":\"https:\\\/\\\/exaudi.org\\\/#\\\/schema\\\/person\\\/85388ea135d433877a2634f921d5567c\"},\"headline\":\"Antes del espejo\",\"datePublished\":\"2026-03-23T07:30:29+00:00\",\"mainEntityOfPage\":{\"@id\":\"https:\\\/\\\/exaudi.org\\\/es\\\/antes-del-espejo\\\/\"},\"wordCount\":841,\"image\":{\"@id\":\"https:\\\/\\\/exaudi.org\\\/es\\\/antes-del-espejo\\\/#primaryimage\"},\"thumbnailUrl\":\"https:\\\/\\\/exaudi.org\\\/wp-content\\\/uploads\\\/2026\\\/03\\\/IMG_7601.jpg\",\"keywords\":[\"an\u00e1lisis existencial\",\"antes del espejo\",\"antes del espejo exaudi\",\"autoconocimiento\",\"autoconocimiento\",\"autoconocimiento\",\"espejo emocional\",\"espejos y alma\",\"Exaudi\",\"filosof\u00eda del yo\",\"identidad personal\",\"identidad personal\",\"identidad personal\",\"introspecci\u00f3n\",\"introspecci\u00f3n\",\"mirada interior\",\"psicolog\u00eda espejo\",\"reflexi\u00f3n personal\"],\"articleSection\":[\"Voces\"],\"inLanguage\":\"es\"},{\"@type\":\"WebPage\",\"@id\":\"https:\\\/\\\/exaudi.org\\\/es\\\/antes-del-espejo\\\/\",\"url\":\"https:\\\/\\\/exaudi.org\\\/es\\\/antes-del-espejo\\\/\",\"name\":\"Antes del espejo &#8211; Exaudi\",\"isPartOf\":{\"@id\":\"https:\\\/\\\/exaudi.org\\\/#website\"},\"primaryImageOfPage\":{\"@id\":\"https:\\\/\\\/exaudi.org\\\/es\\\/antes-del-espejo\\\/#primaryimage\"},\"image\":{\"@id\":\"https:\\\/\\\/exaudi.org\\\/es\\\/antes-del-espejo\\\/#primaryimage\"},\"thumbnailUrl\":\"https:\\\/\\\/exaudi.org\\\/wp-content\\\/uploads\\\/2026\\\/03\\\/IMG_7601.jpg\",\"datePublished\":\"2026-03-23T07:30:29+00:00\",\"author\":{\"@id\":\"https:\\\/\\\/exaudi.org\\\/#\\\/schema\\\/person\\\/85388ea135d433877a2634f921d5567c\"},\"breadcrumb\":{\"@id\":\"https:\\\/\\\/exaudi.org\\\/es\\\/antes-del-espejo\\\/#breadcrumb\"},\"inLanguage\":\"es\",\"potentialAction\":[{\"@type\":\"ReadAction\",\"target\":[\"https:\\\/\\\/exaudi.org\\\/es\\\/antes-del-espejo\\\/\"]}]},{\"@type\":\"ImageObject\",\"inLanguage\":\"es\",\"@id\":\"https:\\\/\\\/exaudi.org\\\/es\\\/antes-del-espejo\\\/#primaryimage\",\"url\":\"https:\\\/\\\/exaudi.org\\\/wp-content\\\/uploads\\\/2026\\\/03\\\/IMG_7601.jpg\",\"contentUrl\":\"https:\\\/\\\/exaudi.org\\\/wp-content\\\/uploads\\\/2026\\\/03\\\/IMG_7601.jpg\",\"width\":1170,\"height\":1536},{\"@type\":\"BreadcrumbList\",\"@id\":\"https:\\\/\\\/exaudi.org\\\/es\\\/antes-del-espejo\\\/#breadcrumb\",\"itemListElement\":[{\"@type\":\"ListItem\",\"position\":1,\"name\":\"Portada\",\"item\":\"https:\\\/\\\/exaudi.org\\\/es\\\/\"},{\"@type\":\"ListItem\",\"position\":2,\"name\":\"Antes del espejo\"}]},{\"@type\":\"WebSite\",\"@id\":\"https:\\\/\\\/exaudi.org\\\/#website\",\"url\":\"https:\\\/\\\/exaudi.org\\\/\",\"name\":\"Exaudi\",\"description\":\"News\",\"potentialAction\":[{\"@type\":\"SearchAction\",\"target\":{\"@type\":\"EntryPoint\",\"urlTemplate\":\"https:\\\/\\\/exaudi.org\\\/?s={search_term_string}\"},\"query-input\":{\"@type\":\"PropertyValueSpecification\",\"valueRequired\":true,\"valueName\":\"search_term_string\"}}],\"inLanguage\":\"es\"},{\"@type\":\"Person\",\"@id\":\"https:\\\/\\\/exaudi.org\\\/#\\\/schema\\\/person\\\/85388ea135d433877a2634f921d5567c\",\"name\":\"Rosa Montenegro\",\"image\":{\"@type\":\"ImageObject\",\"inLanguage\":\"es\",\"@id\":\"https:\\\/\\\/secure.gravatar.com\\\/avatar\\\/0fc49e154ba2f960002488bc6c90128a74660ddaabe7e2096076c8659f3d49fa?s=96&d=mm&r=g\",\"url\":\"https:\\\/\\\/secure.gravatar.com\\\/avatar\\\/0fc49e154ba2f960002488bc6c90128a74660ddaabe7e2096076c8659f3d49fa?s=96&d=mm&r=g\",\"contentUrl\":\"https:\\\/\\\/secure.gravatar.com\\\/avatar\\\/0fc49e154ba2f960002488bc6c90128a74660ddaabe7e2096076c8659f3d49fa?s=96&d=mm&r=g\",\"caption\":\"Rosa Montenegro\"},\"description\":\"Pedagoga, orientadora familiar (UNAV) y autora del libro \u201cEl yo y sus met\u00e1foras\u201d libro de antropolog\u00eda para gente sencilla. Con una extensa experiencia internacional en asesoramiento, formaci\u00f3n y coaching, acompa\u00f1a procesos de reconstrucci\u00f3n personal y promueve el fortalecimiento de la identidad desde un enfoque humanista y transformador.\",\"sameAs\":[\"https:\\\/\\\/metaforasenrosa.com\\\/\",\"https:\\\/\\\/www.facebook.com\\\/metaforasenrosa\\\/\",\"https:\\\/\\\/www.instagram.com\\\/metaforasenrosa\\\/\",\"https:\\\/\\\/x.com\\\/coachingalicia\"],\"url\":\"https:\\\/\\\/exaudi.org\\\/es\\\/author\\\/rosa-montenegro\\\/\"}]}<\/script>\n<!-- \/ Yoast SEO plugin. -->","yoast_head_json":{"title":"Antes del espejo &#8211; Exaudi","robots":{"index":"index","follow":"follow","max-snippet":"max-snippet:-1","max-image-preview":"max-image-preview:large","max-video-preview":"max-video-preview:-1"},"canonical":"https:\/\/exaudi.org\/es\/antes-del-espejo\/","og_locale":"es_ES","og_type":"article","og_title":"Antes del espejo &#8211; Exaudi","og_description":"Rasgando la niebla que distorsiona la identidad personal","og_url":"https:\/\/exaudi.org\/es\/antes-del-espejo\/","og_site_name":"Exaudi","article_publisher":"https:\/\/www.facebook.com\/ExaudiNews","article_author":"https:\/\/www.facebook.com\/metaforasenrosa\/","article_published_time":"2026-03-23T07:30:29+00:00","og_image":[{"width":1170,"height":1536,"url":"https:\/\/exaudi.org\/wp-content\/uploads\/2026\/03\/IMG_7601.jpg","type":"image\/jpeg"}],"author":"Rosa Montenegro","twitter_card":"summary_large_image","twitter_creator":"@coachingalicia","twitter_site":"@Exaudi_News","twitter_misc":{"Escrito por":"Rosa Montenegro","Tiempo de lectura":"4 minutos"},"schema":{"@context":"https:\/\/schema.org","@graph":[{"@type":"Article","@id":"https:\/\/exaudi.org\/es\/antes-del-espejo\/#article","isPartOf":{"@id":"https:\/\/exaudi.org\/es\/antes-del-espejo\/"},"author":{"name":"Rosa Montenegro","@id":"https:\/\/exaudi.org\/#\/schema\/person\/85388ea135d433877a2634f921d5567c"},"headline":"Antes del espejo","datePublished":"2026-03-23T07:30:29+00:00","mainEntityOfPage":{"@id":"https:\/\/exaudi.org\/es\/antes-del-espejo\/"},"wordCount":841,"image":{"@id":"https:\/\/exaudi.org\/es\/antes-del-espejo\/#primaryimage"},"thumbnailUrl":"https:\/\/exaudi.org\/wp-content\/uploads\/2026\/03\/IMG_7601.jpg","keywords":["an\u00e1lisis existencial","antes del espejo","antes del espejo exaudi","autoconocimiento","autoconocimiento","autoconocimiento","espejo emocional","espejos y alma","Exaudi","filosof\u00eda del yo","identidad personal","identidad personal","identidad personal","introspecci\u00f3n","introspecci\u00f3n","mirada interior","psicolog\u00eda espejo","reflexi\u00f3n personal"],"articleSection":["Voces"],"inLanguage":"es"},{"@type":"WebPage","@id":"https:\/\/exaudi.org\/es\/antes-del-espejo\/","url":"https:\/\/exaudi.org\/es\/antes-del-espejo\/","name":"Antes del espejo &#8211; Exaudi","isPartOf":{"@id":"https:\/\/exaudi.org\/#website"},"primaryImageOfPage":{"@id":"https:\/\/exaudi.org\/es\/antes-del-espejo\/#primaryimage"},"image":{"@id":"https:\/\/exaudi.org\/es\/antes-del-espejo\/#primaryimage"},"thumbnailUrl":"https:\/\/exaudi.org\/wp-content\/uploads\/2026\/03\/IMG_7601.jpg","datePublished":"2026-03-23T07:30:29+00:00","author":{"@id":"https:\/\/exaudi.org\/#\/schema\/person\/85388ea135d433877a2634f921d5567c"},"breadcrumb":{"@id":"https:\/\/exaudi.org\/es\/antes-del-espejo\/#breadcrumb"},"inLanguage":"es","potentialAction":[{"@type":"ReadAction","target":["https:\/\/exaudi.org\/es\/antes-del-espejo\/"]}]},{"@type":"ImageObject","inLanguage":"es","@id":"https:\/\/exaudi.org\/es\/antes-del-espejo\/#primaryimage","url":"https:\/\/exaudi.org\/wp-content\/uploads\/2026\/03\/IMG_7601.jpg","contentUrl":"https:\/\/exaudi.org\/wp-content\/uploads\/2026\/03\/IMG_7601.jpg","width":1170,"height":1536},{"@type":"BreadcrumbList","@id":"https:\/\/exaudi.org\/es\/antes-del-espejo\/#breadcrumb","itemListElement":[{"@type":"ListItem","position":1,"name":"Portada","item":"https:\/\/exaudi.org\/es\/"},{"@type":"ListItem","position":2,"name":"Antes del espejo"}]},{"@type":"WebSite","@id":"https:\/\/exaudi.org\/#website","url":"https:\/\/exaudi.org\/","name":"Exaudi","description":"News","potentialAction":[{"@type":"SearchAction","target":{"@type":"EntryPoint","urlTemplate":"https:\/\/exaudi.org\/?s={search_term_string}"},"query-input":{"@type":"PropertyValueSpecification","valueRequired":true,"valueName":"search_term_string"}}],"inLanguage":"es"},{"@type":"Person","@id":"https:\/\/exaudi.org\/#\/schema\/person\/85388ea135d433877a2634f921d5567c","name":"Rosa Montenegro","image":{"@type":"ImageObject","inLanguage":"es","@id":"https:\/\/secure.gravatar.com\/avatar\/0fc49e154ba2f960002488bc6c90128a74660ddaabe7e2096076c8659f3d49fa?s=96&d=mm&r=g","url":"https:\/\/secure.gravatar.com\/avatar\/0fc49e154ba2f960002488bc6c90128a74660ddaabe7e2096076c8659f3d49fa?s=96&d=mm&r=g","contentUrl":"https:\/\/secure.gravatar.com\/avatar\/0fc49e154ba2f960002488bc6c90128a74660ddaabe7e2096076c8659f3d49fa?s=96&d=mm&r=g","caption":"Rosa Montenegro"},"description":"Pedagoga, orientadora familiar (UNAV) y autora del libro \u201cEl yo y sus met\u00e1foras\u201d libro de antropolog\u00eda para gente sencilla. Con una extensa experiencia internacional en asesoramiento, formaci\u00f3n y coaching, acompa\u00f1a procesos de reconstrucci\u00f3n personal y promueve el fortalecimiento de la identidad desde un enfoque humanista y transformador.","sameAs":["https:\/\/metaforasenrosa.com\/","https:\/\/www.facebook.com\/metaforasenrosa\/","https:\/\/www.instagram.com\/metaforasenrosa\/","https:\/\/x.com\/coachingalicia"],"url":"https:\/\/exaudi.org\/es\/author\/rosa-montenegro\/"}]}},"jetpack_featured_media_url":"https:\/\/exaudi.org\/wp-content\/uploads\/2026\/03\/IMG_7601.jpg","jetpack_shortlink":"https:\/\/wp.me\/pgKjF2-GfX","_links":{"self":[{"href":"https:\/\/exaudi.org\/es\/wp-json\/wp\/v2\/posts\/162437","targetHints":{"allow":["GET"]}}],"collection":[{"href":"https:\/\/exaudi.org\/es\/wp-json\/wp\/v2\/posts"}],"about":[{"href":"https:\/\/exaudi.org\/es\/wp-json\/wp\/v2\/types\/post"}],"author":[{"embeddable":true,"href":"https:\/\/exaudi.org\/es\/wp-json\/wp\/v2\/users\/164"}],"replies":[{"embeddable":true,"href":"https:\/\/exaudi.org\/es\/wp-json\/wp\/v2\/comments?post=162437"}],"version-history":[{"count":7,"href":"https:\/\/exaudi.org\/es\/wp-json\/wp\/v2\/posts\/162437\/revisions"}],"predecessor-version":[{"id":162459,"href":"https:\/\/exaudi.org\/es\/wp-json\/wp\/v2\/posts\/162437\/revisions\/162459"}],"wp:featuredmedia":[{"embeddable":true,"href":"https:\/\/exaudi.org\/es\/wp-json\/wp\/v2\/media\/162439"}],"wp:attachment":[{"href":"https:\/\/exaudi.org\/es\/wp-json\/wp\/v2\/media?parent=162437"}],"wp:term":[{"taxonomy":"category","embeddable":true,"href":"https:\/\/exaudi.org\/es\/wp-json\/wp\/v2\/categories?post=162437"},{"taxonomy":"post_tag","embeddable":true,"href":"https:\/\/exaudi.org\/es\/wp-json\/wp\/v2\/tags?post=162437"}],"curies":[{"name":"wp","href":"https:\/\/api.w.org\/{rel}","templated":true}]}}