{"id":162416,"date":"2026-03-20T09:30:29","date_gmt":"2026-03-20T08:30:29","guid":{"rendered":"https:\/\/exaudi.org\/?p=162416"},"modified":"2026-03-20T08:28:48","modified_gmt":"2026-03-20T07:28:48","slug":"mi-padre-la-presencia-amorosa-que-forma-corazones","status":"publish","type":"post","link":"https:\/\/exaudi.org\/es\/mi-padre-la-presencia-amorosa-que-forma-corazones\/","title":{"rendered":"Mi padre: la presencia amorosa que forma corazones"},"content":{"rendered":"<p dir=\"auto\">La familia es la <em>Iglesia dom\u00e9stica<\/em>, un reflejo de la comuni\u00f3n trinitaria donde el padre ocupa un lugar irremplazable. El <strong>Catecismo de la Iglesia Cat\u00f3lica<\/strong> (nn. 2204-2205) nos recuerda que la familia cristiana es una comuni\u00f3n de personas, imagen de la comuni\u00f3n del Padre, del Hijo y del Esp\u00edritu Santo. En este contexto, los hijos no buscan solo provisi\u00f3n material, sino algo mucho m\u00e1s profundo: la presencia del padre como signo visible del amor paternal de Dios.<\/p>\n<p><iframe title=\"Spotify Embed: Mi padre la presencia amorosa que forma corazones\" style=\"border-radius: 12px\" width=\"100%\" height=\"152\" frameborder=\"0\" allowfullscreen allow=\"autoplay; clipboard-write; encrypted-media; fullscreen; picture-in-picture\" loading=\"lazy\" src=\"https:\/\/open.spotify.com\/embed\/episode\/31aiHMdFxCSeBFawlm9I27?si=2dca5d8d55974552&amp;utm_source=oembed\"><\/iframe><\/p>\n<p dir=\"auto\">Hoy, en una sociedad donde muchos padres pasan largas horas fuera del hogar por trabajo u otras obligaciones, los hijos experimentan una carencia que la Iglesia identifica con claridad. Los hijos necesitan un padre que <strong>est\u00e9<\/strong>, que dialogue, que escuche y que oriente con sabidur\u00eda. Como se\u00f1ala la Declaraci\u00f3n Gravissimum Educationis del Concilio Vaticano II, los padres son los <strong>primeros y principales educadores<\/strong> de sus hijos, obligados a formar un ambiente familiar animado por el amor, la piedad hacia Dios y hacia los hombres. Esta educaci\u00f3n integral \u2014personal, social y espiritual\u2014 comienza en el hogar, y el padre tiene un rol esencial en ella.<\/p>\n<h3 dir=\"auto\"><strong>La presencia atenta: el fundamento de la confianza y la identidad<\/strong><\/h3>\n<p dir=\"auto\">Un hijo espera de su padre, ante todo, <strong>presencia<\/strong>. No se trata solo de estar f\u00edsicamente en casa, sino de estar disponible con el coraz\u00f3n. El <strong>Catecismo<\/strong> (n. 2221) ense\u00f1a que la fecundidad del amor conyugal se extiende a la educaci\u00f3n moral y espiritual de los hijos. Un padre ausente deja un vac\u00edo que ning\u00fan bien material puede llenar. Los hijos anhelan conversaciones sinceras en la mesa, paseos compartidos, momentos de juego o simplemente silencio acompa\u00f1ado. En esas interacciones cotidianas se construye la autoestima, la seguridad emocional y la capacidad de relacionarse con los dem\u00e1s.<\/p>\n<p dir=\"auto\">La Escritura lo expresa bellamente en Proverbios 17,6: \u201cEl orgullo del hijo es su padre\u201d. Un hijo se siente orgulloso cuando ve en su padre un modelo de fortaleza serena, de fe vivida y de amor concreto. Cuando el padre dedica tiempo a escuchar las inquietudes del hijo \u2014sus alegr\u00edas, miedos, dudas o sue\u00f1os\u2014, le est\u00e1 diciendo: \u201cT\u00fa importas, tu vida tiene valor\u201d. Esta atenci\u00f3n sostenida es un ant\u00eddoto contra la soledad moderna y ayuda al hijo a descubrir su propia vocaci\u00f3n como hijo de Dios.<\/p>\n<h3 dir=\"auto\"><strong>El consejo sabio y la orientaci\u00f3n en la fe: guiar hacia el bien verdadero<\/strong><\/h3>\n<p dir=\"auto\">Los hijos esperan tambi\u00e9n <strong>consejo<\/strong> y <strong>orientaci\u00f3n<\/strong>. El padre, como cabeza de la familia en el dise\u00f1o divino, preside con amor y rectitud (cf. Efesios 5,21-6,4). No se trata de imponer, sino de acompa\u00f1ar en el discernimiento. Un buen padre no resuelve todos los problemas del hijo, pero le ense\u00f1a a buscar el bien, a distinguir lo verdadero de lo aparente, y a confiar en la providencia de Dios.<\/p>\n<p dir=\"auto\">En el hogar cristiano, el padre tiene la misi\u00f3n privilegiada de ense\u00f1ar a orar y de transmitir la fe (Catecismo n. 2223). Un simple \u201cven, recemos juntos\u201d antes de dormir, una explicaci\u00f3n sencilla del Evangelio del domingo o el ejemplo de un padre que se arrodilla ante el Sagrario, marcan el alma del hijo para siempre. Estos gestos cotidianos forman el coraz\u00f3n y la mente en el amor a Dios y al pr\u00f3jimo, como recuerdan los documentos conciliares.<\/p>\n<h3 dir=\"auto\"><strong>Un llamado positivo: recuperar la paternidad con esperanza y gracia<\/strong><\/h3>\n<p dir=\"auto\">La buena noticia es que nunca es tarde para recomenzar. La gracia sacramental del matrimonio y la paternidad responsable fortalecen al padre para superar las dificultades. Aunque el ritmo laboral sea intenso, peque\u00f1os actos intencionales \u2014una llamada en el d\u00eda, una cena familiar sin distracciones, un momento de oraci\u00f3n compartida\u2014 reconstruyen puentes.<\/p>\n<p dir=\"auto\">Queridos padres: sus hijos no esperan perfecci\u00f3n, sino autenticidad y entrega. Sean testigos vivos del Padre celestial, que nunca abandona a sus hijos. Como dice san Josemar\u00eda Escriv\u00e1: \u201cEl padre es el sacerdote del hogar\u201d. En su presencia amorosa, en su conversaci\u00f3n paciente y en su consejo prudente, los hijos encuentran no solo seguridad terrena, sino un camino seguro hacia el Cielo.<\/p>\n<p dir=\"auto\">Que la Virgen Mar\u00eda, Madre y educadora, y san Jos\u00e9, modelo de padre silencioso y protector, intercedan por todas las familias para que los padres redescubran la belleza de estar presentes, de escuchar y de guiar con amor. As\u00ed, los hijos crecer\u00e1n sabiendo que son amados por su padre terreno y, sobre todo, por su Padre eterno.<\/p>\n<p dir=\"auto\"><img loading=\"lazy\" decoding=\"async\" class=\"size-full wp-image-162433 alignnone\" src=\"https:\/\/exaudi.org\/wp-content\/uploads\/2026\/03\/Guay-2.jpg\" alt=\"\" width=\"1080\" height=\"1080\" srcset=\"https:\/\/exaudi.org\/wp-content\/uploads\/2026\/03\/Guay-2.jpg 1080w, https:\/\/exaudi.org\/wp-content\/uploads\/2026\/03\/Guay-2-300x300.jpg 300w, https:\/\/exaudi.org\/wp-content\/uploads\/2026\/03\/Guay-2-1024x1024.jpg 1024w, https:\/\/exaudi.org\/wp-content\/uploads\/2026\/03\/Guay-2-100x100.jpg?crop=1 100w, https:\/\/exaudi.org\/wp-content\/uploads\/2026\/03\/Guay-2-770x770.jpg 770w, https:\/\/exaudi.org\/wp-content\/uploads\/2026\/03\/Guay-2-500x500.jpg 500w\" sizes=\"auto, (max-width: 1080px) 100vw, 1080px\" \/><\/p>\n","protected":false},"excerpt":{"rendered":"<p>Llamado a ser gu\u00eda, compa\u00f1ero y testigo vivo de Dios<\/p>\n","protected":false},"author":154,"featured_media":162426,"comment_status":"closed","ping_status":"closed","sticky":false,"template":"","format":"standard","meta":{"_acf_changed":false,"_crdt_document":"","inline_featured_image":false,"footnotes":""},"categories":[72],"tags":[103223,103232,103219,52868,49272,2998,103222,103215,103220,15467,103233,103228,103227,65536,103231,103230,623,41624,103218,103213,103214,52878,103216,103221,72127,103225,103217,15211,103226,58880,103229,103224],"class_list":["post-162416","post","type-post","status-publish","format-standard","has-post-thumbnail","hentry","category-analisis","tag-acompanamiento-hijos","tag-amor-conyugal-fecundo","tag-amor-paternal-dios","tag-ausencia-paterna","tag-catecismo-iglesia-catolica","tag-concilio-vaticano-ii","tag-consejo-paternal","tag-educacion-cristiana-hijos","tag-efesios-5-6","tag-familia-cristiana","tag-familia-imagen-trinidad","tag-fe-transmitida-padres","tag-formacion-moral-hijos","tag-gravissimum-educationis","tag-guia-espiritual-hijos","tag-hombre-segun-dios","tag-iglesia-domestica","tag-oracion-familiar","tag-padre-como-educador","tag-padre-cristiano","tag-paternidad-catolica","tag-paternidad-responsable","tag-presencia-del-padre","tag-proverbios-176","tag-rol-del-padre-en-la-familia","tag-sacerdote-del-hogar","tag-san-jose-padre-2","tag-san-josemaria-escriva-2","tag-tiempo-con-los-hijos","tag-trending-es-151","tag-virgen-maria-madre","tag-vocacion-paternidad"],"acf":[],"yoast_head":"<!-- This site is optimized with the Yoast SEO plugin v27.4 - https:\/\/yoast.com\/product\/yoast-seo-wordpress\/ -->\n<title>Mi padre: la presencia amorosa que forma corazones &#8211; Exaudi<\/title>\n<meta name=\"robots\" content=\"index, follow, max-snippet:-1, max-image-preview:large, max-video-preview:-1\" \/>\n<link rel=\"canonical\" href=\"https:\/\/exaudi.org\/es\/mi-padre-la-presencia-amorosa-que-forma-corazones\/\" \/>\n<meta property=\"og:locale\" content=\"es_ES\" \/>\n<meta property=\"og:type\" content=\"article\" \/>\n<meta property=\"og:title\" content=\"Mi padre: la presencia amorosa que forma corazones &#8211; Exaudi\" \/>\n<meta property=\"og:description\" content=\"Llamado a ser gu\u00eda, compa\u00f1ero y testigo vivo de Dios\" \/>\n<meta property=\"og:url\" content=\"https:\/\/exaudi.org\/es\/mi-padre-la-presencia-amorosa-que-forma-corazones\/\" \/>\n<meta property=\"og:site_name\" content=\"Exaudi\" \/>\n<meta property=\"article:publisher\" content=\"https:\/\/www.facebook.com\/ExaudiNews\" \/>\n<meta property=\"article:published_time\" content=\"2026-03-20T08:30:29+00:00\" \/>\n<meta property=\"og:image\" content=\"https:\/\/exaudi.org\/wp-content\/uploads\/2026\/03\/pexels-kampus-7414087-scaled.jpg\" \/>\n\t<meta property=\"og:image:width\" content=\"2560\" \/>\n\t<meta property=\"og:image:height\" content=\"1707\" \/>\n\t<meta property=\"og:image:type\" content=\"image\/jpeg\" \/>\n<meta name=\"author\" content=\"Laetare\" \/>\n<meta name=\"twitter:card\" content=\"summary_large_image\" \/>\n<meta name=\"twitter:creator\" content=\"@Exaudi_News\" \/>\n<meta name=\"twitter:site\" content=\"@Exaudi_News\" \/>\n<meta name=\"twitter:label1\" content=\"Escrito por\" \/>\n\t<meta name=\"twitter:data1\" content=\"Laetare\" \/>\n\t<meta name=\"twitter:label2\" content=\"Tiempo de lectura\" \/>\n\t<meta name=\"twitter:data2\" content=\"4 minutos\" \/>\n<script type=\"application\/ld+json\" class=\"yoast-schema-graph\">{\"@context\":\"https:\\\/\\\/schema.org\",\"@graph\":[{\"@type\":\"Article\",\"@id\":\"https:\\\/\\\/exaudi.org\\\/es\\\/mi-padre-la-presencia-amorosa-que-forma-corazones\\\/#article\",\"isPartOf\":{\"@id\":\"https:\\\/\\\/exaudi.org\\\/es\\\/mi-padre-la-presencia-amorosa-que-forma-corazones\\\/\"},\"author\":{\"name\":\"Laetare\",\"@id\":\"https:\\\/\\\/exaudi.org\\\/#\\\/schema\\\/person\\\/b4f60770b050db60868378f3d473b3d4\"},\"headline\":\"Mi padre: la presencia amorosa que forma corazones\",\"datePublished\":\"2026-03-20T08:30:29+00:00\",\"mainEntityOfPage\":{\"@id\":\"https:\\\/\\\/exaudi.org\\\/es\\\/mi-padre-la-presencia-amorosa-que-forma-corazones\\\/\"},\"wordCount\":775,\"image\":{\"@id\":\"https:\\\/\\\/exaudi.org\\\/es\\\/mi-padre-la-presencia-amorosa-que-forma-corazones\\\/#primaryimage\"},\"thumbnailUrl\":\"https:\\\/\\\/exaudi.org\\\/wp-content\\\/uploads\\\/2026\\\/03\\\/pexels-kampus-7414087-scaled.jpg\",\"keywords\":[\"acompa\u00f1amiento hijos\",\"amor conyugal fecundo\",\"amor paternal Dios\",\"ausencia paterna\",\"Catecismo Iglesia Cat\u00f3lica\",\"Concilio Vaticano II\",\"consejo paternal\",\"educaci\u00f3n cristiana hijos\",\"Efesios 5-6\",\"Familia Cristiana\",\"familia imagen Trinidad\",\"fe transmitida padres\",\"formaci\u00f3n moral hijos\",\"Gravissimum Educationis\",\"gu\u00eda espiritual hijos\",\"hombre seg\u00fan Dios\",\"Iglesia dom\u00e9stica\",\"oraci\u00f3n familiar\",\"padre como educador\",\"padre cristiano\",\"paternidad cat\u00f3lica\",\"paternidad responsable\",\"presencia del padre\",\"Proverbios 17:6\",\"rol del padre en la familia\",\"sacerdote del hogar\",\"san Jos\u00e9 padre\",\"San Josemar\u00eda Escriv\u00e1\",\"tiempo con los hijos\",\"Trending\",\"Virgen Mar\u00eda madre\",\"vocaci\u00f3n paternidad\"],\"articleSection\":[\"An\u00e1lisis\"],\"inLanguage\":\"es\"},{\"@type\":\"WebPage\",\"@id\":\"https:\\\/\\\/exaudi.org\\\/es\\\/mi-padre-la-presencia-amorosa-que-forma-corazones\\\/\",\"url\":\"https:\\\/\\\/exaudi.org\\\/es\\\/mi-padre-la-presencia-amorosa-que-forma-corazones\\\/\",\"name\":\"Mi padre: la presencia amorosa que forma corazones &#8211; Exaudi\",\"isPartOf\":{\"@id\":\"https:\\\/\\\/exaudi.org\\\/#website\"},\"primaryImageOfPage\":{\"@id\":\"https:\\\/\\\/exaudi.org\\\/es\\\/mi-padre-la-presencia-amorosa-que-forma-corazones\\\/#primaryimage\"},\"image\":{\"@id\":\"https:\\\/\\\/exaudi.org\\\/es\\\/mi-padre-la-presencia-amorosa-que-forma-corazones\\\/#primaryimage\"},\"thumbnailUrl\":\"https:\\\/\\\/exaudi.org\\\/wp-content\\\/uploads\\\/2026\\\/03\\\/pexels-kampus-7414087-scaled.jpg\",\"datePublished\":\"2026-03-20T08:30:29+00:00\",\"author\":{\"@id\":\"https:\\\/\\\/exaudi.org\\\/#\\\/schema\\\/person\\\/b4f60770b050db60868378f3d473b3d4\"},\"breadcrumb\":{\"@id\":\"https:\\\/\\\/exaudi.org\\\/es\\\/mi-padre-la-presencia-amorosa-que-forma-corazones\\\/#breadcrumb\"},\"inLanguage\":\"es\",\"potentialAction\":[{\"@type\":\"ReadAction\",\"target\":[\"https:\\\/\\\/exaudi.org\\\/es\\\/mi-padre-la-presencia-amorosa-que-forma-corazones\\\/\"]}]},{\"@type\":\"ImageObject\",\"inLanguage\":\"es\",\"@id\":\"https:\\\/\\\/exaudi.org\\\/es\\\/mi-padre-la-presencia-amorosa-que-forma-corazones\\\/#primaryimage\",\"url\":\"https:\\\/\\\/exaudi.org\\\/wp-content\\\/uploads\\\/2026\\\/03\\\/pexels-kampus-7414087-scaled.jpg\",\"contentUrl\":\"https:\\\/\\\/exaudi.org\\\/wp-content\\\/uploads\\\/2026\\\/03\\\/pexels-kampus-7414087-scaled.jpg\",\"width\":2560,\"height\":1707},{\"@type\":\"BreadcrumbList\",\"@id\":\"https:\\\/\\\/exaudi.org\\\/es\\\/mi-padre-la-presencia-amorosa-que-forma-corazones\\\/#breadcrumb\",\"itemListElement\":[{\"@type\":\"ListItem\",\"position\":1,\"name\":\"Portada\",\"item\":\"https:\\\/\\\/exaudi.org\\\/es\\\/\"},{\"@type\":\"ListItem\",\"position\":2,\"name\":\"Mi padre: la presencia amorosa que forma corazones\"}]},{\"@type\":\"WebSite\",\"@id\":\"https:\\\/\\\/exaudi.org\\\/#website\",\"url\":\"https:\\\/\\\/exaudi.org\\\/\",\"name\":\"Exaudi\",\"description\":\"News\",\"potentialAction\":[{\"@type\":\"SearchAction\",\"target\":{\"@type\":\"EntryPoint\",\"urlTemplate\":\"https:\\\/\\\/exaudi.org\\\/?s={search_term_string}\"},\"query-input\":{\"@type\":\"PropertyValueSpecification\",\"valueRequired\":true,\"valueName\":\"search_term_string\"}}],\"inLanguage\":\"es\"},{\"@type\":\"Person\",\"@id\":\"https:\\\/\\\/exaudi.org\\\/#\\\/schema\\\/person\\\/b4f60770b050db60868378f3d473b3d4\",\"name\":\"Laetare\",\"image\":{\"@type\":\"ImageObject\",\"inLanguage\":\"es\",\"@id\":\"https:\\\/\\\/secure.gravatar.com\\\/avatar\\\/239ae5fc763d8bf7c26706d150679faa0bec9e2d51089775f40e9decb4806f15?s=96&d=mm&r=g\",\"url\":\"https:\\\/\\\/secure.gravatar.com\\\/avatar\\\/239ae5fc763d8bf7c26706d150679faa0bec9e2d51089775f40e9decb4806f15?s=96&d=mm&r=g\",\"contentUrl\":\"https:\\\/\\\/secure.gravatar.com\\\/avatar\\\/239ae5fc763d8bf7c26706d150679faa0bec9e2d51089775f40e9decb4806f15?s=96&d=mm&r=g\",\"caption\":\"Laetare\"},\"description\":\"Laetare es una asociaci\u00f3n fundada por Gabriel N\u00fa\u00f1ez, nacida en Sevilla con el prop\u00f3sito de defender y promover el desarrollo integral de la familia cristiana. Su actividad se organiza en cuatro ejes fundamentales: sensibilizar, orar, formar y servir. La asociaci\u00f3n trabaja en la preservaci\u00f3n de la familia como pilar de la sociedad, ofreciendo formaci\u00f3n especializada, retiros espirituales y apoyo integral a matrimonios en crisis, con un enfoque basado en la doctrina cat\u00f3lica y la acci\u00f3n comunitaria.\",\"url\":\"https:\\\/\\\/exaudi.org\\\/es\\\/author\\\/laetare\\\/\"}]}<\/script>\n<!-- \/ Yoast SEO plugin. -->","yoast_head_json":{"title":"Mi padre: la presencia amorosa que forma corazones &#8211; Exaudi","robots":{"index":"index","follow":"follow","max-snippet":"max-snippet:-1","max-image-preview":"max-image-preview:large","max-video-preview":"max-video-preview:-1"},"canonical":"https:\/\/exaudi.org\/es\/mi-padre-la-presencia-amorosa-que-forma-corazones\/","og_locale":"es_ES","og_type":"article","og_title":"Mi padre: la presencia amorosa que forma corazones &#8211; Exaudi","og_description":"Llamado a ser gu\u00eda, compa\u00f1ero y testigo vivo de Dios","og_url":"https:\/\/exaudi.org\/es\/mi-padre-la-presencia-amorosa-que-forma-corazones\/","og_site_name":"Exaudi","article_publisher":"https:\/\/www.facebook.com\/ExaudiNews","article_published_time":"2026-03-20T08:30:29+00:00","og_image":[{"width":2560,"height":1707,"url":"https:\/\/exaudi.org\/wp-content\/uploads\/2026\/03\/pexels-kampus-7414087-scaled.jpg","type":"image\/jpeg"}],"author":"Laetare","twitter_card":"summary_large_image","twitter_creator":"@Exaudi_News","twitter_site":"@Exaudi_News","twitter_misc":{"Escrito por":"Laetare","Tiempo de lectura":"4 minutos"},"schema":{"@context":"https:\/\/schema.org","@graph":[{"@type":"Article","@id":"https:\/\/exaudi.org\/es\/mi-padre-la-presencia-amorosa-que-forma-corazones\/#article","isPartOf":{"@id":"https:\/\/exaudi.org\/es\/mi-padre-la-presencia-amorosa-que-forma-corazones\/"},"author":{"name":"Laetare","@id":"https:\/\/exaudi.org\/#\/schema\/person\/b4f60770b050db60868378f3d473b3d4"},"headline":"Mi padre: la presencia amorosa que forma corazones","datePublished":"2026-03-20T08:30:29+00:00","mainEntityOfPage":{"@id":"https:\/\/exaudi.org\/es\/mi-padre-la-presencia-amorosa-que-forma-corazones\/"},"wordCount":775,"image":{"@id":"https:\/\/exaudi.org\/es\/mi-padre-la-presencia-amorosa-que-forma-corazones\/#primaryimage"},"thumbnailUrl":"https:\/\/exaudi.org\/wp-content\/uploads\/2026\/03\/pexels-kampus-7414087-scaled.jpg","keywords":["acompa\u00f1amiento hijos","amor conyugal fecundo","amor paternal Dios","ausencia paterna","Catecismo Iglesia Cat\u00f3lica","Concilio Vaticano II","consejo paternal","educaci\u00f3n cristiana hijos","Efesios 5-6","Familia Cristiana","familia imagen Trinidad","fe transmitida padres","formaci\u00f3n moral hijos","Gravissimum Educationis","gu\u00eda espiritual hijos","hombre seg\u00fan Dios","Iglesia dom\u00e9stica","oraci\u00f3n familiar","padre como educador","padre cristiano","paternidad cat\u00f3lica","paternidad responsable","presencia del padre","Proverbios 17:6","rol del padre en la familia","sacerdote del hogar","san Jos\u00e9 padre","San Josemar\u00eda Escriv\u00e1","tiempo con los hijos","Trending","Virgen Mar\u00eda madre","vocaci\u00f3n paternidad"],"articleSection":["An\u00e1lisis"],"inLanguage":"es"},{"@type":"WebPage","@id":"https:\/\/exaudi.org\/es\/mi-padre-la-presencia-amorosa-que-forma-corazones\/","url":"https:\/\/exaudi.org\/es\/mi-padre-la-presencia-amorosa-que-forma-corazones\/","name":"Mi padre: la presencia amorosa que forma corazones &#8211; Exaudi","isPartOf":{"@id":"https:\/\/exaudi.org\/#website"},"primaryImageOfPage":{"@id":"https:\/\/exaudi.org\/es\/mi-padre-la-presencia-amorosa-que-forma-corazones\/#primaryimage"},"image":{"@id":"https:\/\/exaudi.org\/es\/mi-padre-la-presencia-amorosa-que-forma-corazones\/#primaryimage"},"thumbnailUrl":"https:\/\/exaudi.org\/wp-content\/uploads\/2026\/03\/pexels-kampus-7414087-scaled.jpg","datePublished":"2026-03-20T08:30:29+00:00","author":{"@id":"https:\/\/exaudi.org\/#\/schema\/person\/b4f60770b050db60868378f3d473b3d4"},"breadcrumb":{"@id":"https:\/\/exaudi.org\/es\/mi-padre-la-presencia-amorosa-que-forma-corazones\/#breadcrumb"},"inLanguage":"es","potentialAction":[{"@type":"ReadAction","target":["https:\/\/exaudi.org\/es\/mi-padre-la-presencia-amorosa-que-forma-corazones\/"]}]},{"@type":"ImageObject","inLanguage":"es","@id":"https:\/\/exaudi.org\/es\/mi-padre-la-presencia-amorosa-que-forma-corazones\/#primaryimage","url":"https:\/\/exaudi.org\/wp-content\/uploads\/2026\/03\/pexels-kampus-7414087-scaled.jpg","contentUrl":"https:\/\/exaudi.org\/wp-content\/uploads\/2026\/03\/pexels-kampus-7414087-scaled.jpg","width":2560,"height":1707},{"@type":"BreadcrumbList","@id":"https:\/\/exaudi.org\/es\/mi-padre-la-presencia-amorosa-que-forma-corazones\/#breadcrumb","itemListElement":[{"@type":"ListItem","position":1,"name":"Portada","item":"https:\/\/exaudi.org\/es\/"},{"@type":"ListItem","position":2,"name":"Mi padre: la presencia amorosa que forma corazones"}]},{"@type":"WebSite","@id":"https:\/\/exaudi.org\/#website","url":"https:\/\/exaudi.org\/","name":"Exaudi","description":"News","potentialAction":[{"@type":"SearchAction","target":{"@type":"EntryPoint","urlTemplate":"https:\/\/exaudi.org\/?s={search_term_string}"},"query-input":{"@type":"PropertyValueSpecification","valueRequired":true,"valueName":"search_term_string"}}],"inLanguage":"es"},{"@type":"Person","@id":"https:\/\/exaudi.org\/#\/schema\/person\/b4f60770b050db60868378f3d473b3d4","name":"Laetare","image":{"@type":"ImageObject","inLanguage":"es","@id":"https:\/\/secure.gravatar.com\/avatar\/239ae5fc763d8bf7c26706d150679faa0bec9e2d51089775f40e9decb4806f15?s=96&d=mm&r=g","url":"https:\/\/secure.gravatar.com\/avatar\/239ae5fc763d8bf7c26706d150679faa0bec9e2d51089775f40e9decb4806f15?s=96&d=mm&r=g","contentUrl":"https:\/\/secure.gravatar.com\/avatar\/239ae5fc763d8bf7c26706d150679faa0bec9e2d51089775f40e9decb4806f15?s=96&d=mm&r=g","caption":"Laetare"},"description":"Laetare es una asociaci\u00f3n fundada por Gabriel N\u00fa\u00f1ez, nacida en Sevilla con el prop\u00f3sito de defender y promover el desarrollo integral de la familia cristiana. Su actividad se organiza en cuatro ejes fundamentales: sensibilizar, orar, formar y servir. La asociaci\u00f3n trabaja en la preservaci\u00f3n de la familia como pilar de la sociedad, ofreciendo formaci\u00f3n especializada, retiros espirituales y apoyo integral a matrimonios en crisis, con un enfoque basado en la doctrina cat\u00f3lica y la acci\u00f3n comunitaria.","url":"https:\/\/exaudi.org\/es\/author\/laetare\/"}]}},"jetpack_featured_media_url":"https:\/\/exaudi.org\/wp-content\/uploads\/2026\/03\/pexels-kampus-7414087-scaled.jpg","jetpack_shortlink":"https:\/\/wp.me\/pgKjF2-GfC","_links":{"self":[{"href":"https:\/\/exaudi.org\/es\/wp-json\/wp\/v2\/posts\/162416","targetHints":{"allow":["GET"]}}],"collection":[{"href":"https:\/\/exaudi.org\/es\/wp-json\/wp\/v2\/posts"}],"about":[{"href":"https:\/\/exaudi.org\/es\/wp-json\/wp\/v2\/types\/post"}],"author":[{"embeddable":true,"href":"https:\/\/exaudi.org\/es\/wp-json\/wp\/v2\/users\/154"}],"replies":[{"embeddable":true,"href":"https:\/\/exaudi.org\/es\/wp-json\/wp\/v2\/comments?post=162416"}],"version-history":[{"count":5,"href":"https:\/\/exaudi.org\/es\/wp-json\/wp\/v2\/posts\/162416\/revisions"}],"predecessor-version":[{"id":162460,"href":"https:\/\/exaudi.org\/es\/wp-json\/wp\/v2\/posts\/162416\/revisions\/162460"}],"wp:featuredmedia":[{"embeddable":true,"href":"https:\/\/exaudi.org\/es\/wp-json\/wp\/v2\/media\/162426"}],"wp:attachment":[{"href":"https:\/\/exaudi.org\/es\/wp-json\/wp\/v2\/media?parent=162416"}],"wp:term":[{"taxonomy":"category","embeddable":true,"href":"https:\/\/exaudi.org\/es\/wp-json\/wp\/v2\/categories?post=162416"},{"taxonomy":"post_tag","embeddable":true,"href":"https:\/\/exaudi.org\/es\/wp-json\/wp\/v2\/tags?post=162416"}],"curies":[{"name":"wp","href":"https:\/\/api.w.org\/{rel}","templated":true}]}}