{"id":162188,"date":"2026-03-18T08:30:33","date_gmt":"2026-03-18T07:30:33","guid":{"rendered":"https:\/\/exaudi.org\/?p=162188"},"modified":"2026-03-17T21:03:21","modified_gmt":"2026-03-17T20:03:21","slug":"la-huella-invisible-que-empieza-a-los-11-anos","status":"publish","type":"post","link":"https:\/\/exaudi.org\/es\/la-huella-invisible-que-empieza-a-los-11-anos\/","title":{"rendered":"La huella invisible que empieza a los 11 a\u00f1os"},"content":{"rendered":"<p>La ONG\u00a0<a href=\"https:\/\/www.daleunavuelta.org\/\" target=\"_blank\" rel=\"noopener\"><strong>Dale Una Vuelta<\/strong><\/a>\u00a0<strong>alerta de las consecuencias de consumir pornograf\u00eda desde edades tempranas.<\/strong>\u00a0Con la campa\u00f1a \u00abEl<strong>\u00a0porno deja marca. Nuestra inacci\u00f3n, tambi\u00e9n\u00bb<\/strong>, con sello creativo de la\u00a0<strong>agencia\u00a0ROSAPARKS<\/strong>, se reivindica la necesidad de proporcionar una educaci\u00f3n sexoafectiva cr\u00edtica, respetuosa e informada a las generaciones m\u00e1s j\u00f3venes.<\/p>\n<p><iframe title=\"Spotify Embed: La huella invisible que empieza a los 11 a\u00f1os\" style=\"border-radius: 12px\" width=\"100%\" height=\"152\" frameborder=\"0\" allowfullscreen allow=\"autoplay; clipboard-write; encrypted-media; fullscreen; picture-in-picture\" loading=\"lazy\" src=\"https:\/\/open.spotify.com\/embed\/episode\/5m4FsdRTn0qmUhY5ITnd9o?si=ZB9kuTMoQA6Z0XGggGi48g&amp;context=spotify%3Ashow%3A2yh3xbVwh4e1WksFGord4D&amp;utm_source=oembed\"><\/iframe><\/p>\n<p><strong>M\u00e1s del 50% de adolescentes<\/strong><a href=\"https:\/\/www.marketingdirecto.com\/digital-general\/digital\/reino-unido-toma-medidas-proteger-menores-internet\" target=\"_blank\" rel=\"noopener\"><strong>\u00a0ha visto porno\u00a0antes de los 13 a\u00f1os<\/strong><\/a>.<strong>\u00a0La cifra de primer acceso para muchos de ellos se sit\u00faa en los 11 a\u00f1os<\/strong>. Cerca del 90% estos contenidos, que se pueden encontrar f\u00e1cilmente en unos pocos clics, ense\u00f1an modelos sexuales basados en la\u00a0<strong>violencia<\/strong>\u00a0y en la ausencia de\u00a0<strong>consentimiento<\/strong>, muestras de afecto e intimidad.\u00a0<strong>Abundan categor\u00edas como \u00abdegradaci\u00f3n\u00bb, \u00abviolaci\u00f3n\u00bb o \u00abincesto\u00bb.<\/strong><\/p>\n<p>Para combatirlo, en esta iniciativa se resalta la\u00a0<a href=\"https:\/\/www.marketingdirecto.com\/especiales\/reportajes-a-fondo\/generacionxxx-campana-contra-acceso-menores-pornografia\" target=\"_blank\" rel=\"noopener\">responsabilidad de los\u00a0<strong>adultos\u00a0<\/strong>para intervenir antes<\/a>\u00a0de que esto suceda, contrarrestar estos mensajes a tiempo o desmontar mitos, con el objetivo de<strong>\u00a0prevenir violencias machistas y de promover relaciones m\u00e1s sanas e igualitarias.<\/strong><\/p>\n<h3 class=\"wp-block-heading\"><strong>Medidas tempranas para evitar la violencia sexual<\/strong><\/h3>\n<p>La mayor\u00eda de los contenidos pornogr\u00e1ficos que abundan en Internet normalizan la\u00a0<strong>humillaci\u00f3n, la cosificaci\u00f3n y el control\u00a0<\/strong>como parte del deseo. Ello fomenta que estos sean los comportamientos que los menores -a\u00fan en etapa de formaci\u00f3n de su identidad y de aprendizaje- interiorizan y m\u00e1s adelante emulan en sus relaciones.<\/p>\n<p>Adem\u00e1s, los entornos digitales son poco seguros, dado que\u00a0<strong>el 12,1% de adolescentes han vivido\u00a0violencia sexual\u00a0en estos contextos, seg\u00fan datos de<a href=\"https:\/\/www.daleunavuelta.org\/\" target=\"_blank\" rel=\"noopener\">\u00a0Dale Una Vuelta<\/a><\/strong>. Asimismo, seg\u00fan denuncia esta ONG, los menores que ven pornograf\u00eda antes de los 16 a\u00f1os tienen\u00a0<strong>m\u00e1s probabilidad de sufrir\u00a0<em>gro<\/em><\/strong><em><strong>oming<\/strong><\/em>, es decir, ciberacoso sexual por parte de adultos.<\/p>\n<p>Entre las\u00a0<strong>consecuencias de la exposici\u00f3n temprana a la pornograf\u00eda<\/strong>\u00a0se encuentran la confusi\u00f3n entre ficci\u00f3n y realidad, la reproducci\u00f3n de patrones violentos, la cosificaci\u00f3n y los roles de g\u00e9nero t\u00f3xicos, as\u00ed como la desconexi\u00f3n emocional y la falta de empat\u00eda en las relaciones. Todo ello,\u00a0<strong>sin una base de educaci\u00f3n sociosexual s\u00f3lida, puede dejar una huella profunda y unas expectativas irreales e insanas.<\/strong><\/p>\n<p>Como defiende esta campa\u00f1a,\u00a0<strong><a href=\"https:\/\/www.marketingdirecto.com\/creacion\/campanas-de-marketing\/platanomelon-reivindica-necesidad-educacion-sexual\" target=\"_blank\" rel=\"noopener\">educar en respeto y consentimiento<\/a><\/strong>\u00a0y cuestionar los mensajes del porno es\u00a0<strong>clave para prevenir la violencia<\/strong>\u00a0y dotar a los adolescentes y ni\u00f1os de herramientas para protegerse ante posibles agresiones. Tambi\u00e9n, para la construcci\u00f3n de v\u00ednculos m\u00e1s sanos, libres y respetuosos.\u00a0<strong>\u00abAbramos el di\u00e1logo antes de que lo haga la pornograf\u00eda\u00bb<\/strong>, fomenta la iniciativa de<a href=\"https:\/\/www.daleunavuelta.org\/\" target=\"_blank\" rel=\"noopener\"><strong>\u00a0Dale Una Vuelta<\/strong><\/a>.<\/p>\n<h5><strong>Fuente:\u00a0<a href=\"https:\/\/www.marketingdirecto.com\/creacion\/campanas-de-marketing\/pornografia-dale-vuelta-rosaparks-adolescencia\" target=\"_blank\" rel=\"noopener\">Marketing Directo<\/a><\/strong><\/h5>\n<p><img loading=\"lazy\" decoding=\"async\" class=\"size-full wp-image-162204 alignnone\" src=\"https:\/\/exaudi.org\/wp-content\/uploads\/2026\/03\/Voces-Porno.jpg\" alt=\"\" width=\"1080\" height=\"1080\" srcset=\"https:\/\/exaudi.org\/wp-content\/uploads\/2026\/03\/Voces-Porno.jpg 1080w, https:\/\/exaudi.org\/wp-content\/uploads\/2026\/03\/Voces-Porno-300x300.jpg 300w, https:\/\/exaudi.org\/wp-content\/uploads\/2026\/03\/Voces-Porno-1024x1024.jpg 1024w, https:\/\/exaudi.org\/wp-content\/uploads\/2026\/03\/Voces-Porno-100x100.jpg?crop=1 100w, https:\/\/exaudi.org\/wp-content\/uploads\/2026\/03\/Voces-Porno-770x770.jpg 770w, https:\/\/exaudi.org\/wp-content\/uploads\/2026\/03\/Voces-Porno-500x500.jpg 500w\" sizes=\"auto, (max-width: 1080px) 100vw, 1080px\" \/><\/p>\n","protected":false},"excerpt":{"rendered":"<p>El porno deja marca<\/p>\n","protected":false},"author":157,"featured_media":162193,"comment_status":"closed","ping_status":"closed","sticky":false,"template":"","format":"standard","meta":{"_acf_changed":false,"_crdt_document":"","inline_featured_image":false,"footnotes":""},"categories":[72],"tags":[102747,102763,102751,102753,102745,64262,102748,102744,102752,102762,102756,102759,102761,102743,102758,102746,102749,102754,102760,102755,102757,58880,102750],"class_list":["post-162188","post","type-post","status-publish","format-standard","has-post-thumbnail","hentry","category-analisis","tag-acceso-porno-11-anos","tag-adiccion-pornografia-adolescentes","tag-consentimiento-pornografia","tag-cosificacion-mujer-porno","tag-dale-una-vuelta","tag-educacion-afectivo-sexual","tag-educacion-sexoafectiva","tag-el-porno-deja-marca","tag-grooming-menores","tag-impacto-porno-identidad-juvenil","tag-inaccion-adultos-porno","tag-mitos-pornografia","tag-porno-antes-13-anos","tag-porno-deja-marca","tag-porno-huella-irreversible","tag-pornografia-adolescentes","tag-pornografia-temprana","tag-pornografia-violenta","tag-prevenir-violencias-machistas","tag-relaciones-sanas-adolescentes","tag-rosaparks-campana","tag-trending-es-151","tag-violencia-sexual-adolescentes"],"acf":[],"yoast_head":"<!-- This site is optimized with the Yoast SEO plugin v27.4 - https:\/\/yoast.com\/product\/yoast-seo-wordpress\/ -->\n<title>La huella invisible que empieza a los 11 a\u00f1os &#8211; Exaudi<\/title>\n<meta name=\"robots\" content=\"index, follow, max-snippet:-1, max-image-preview:large, max-video-preview:-1\" \/>\n<link rel=\"canonical\" href=\"https:\/\/exaudi.org\/es\/la-huella-invisible-que-empieza-a-los-11-anos\/\" \/>\n<meta property=\"og:locale\" content=\"es_ES\" \/>\n<meta property=\"og:type\" content=\"article\" \/>\n<meta property=\"og:title\" content=\"La huella invisible que empieza a los 11 a\u00f1os &#8211; Exaudi\" \/>\n<meta property=\"og:description\" content=\"El porno deja marca\" \/>\n<meta property=\"og:url\" content=\"https:\/\/exaudi.org\/es\/la-huella-invisible-que-empieza-a-los-11-anos\/\" \/>\n<meta property=\"og:site_name\" content=\"Exaudi\" \/>\n<meta property=\"article:publisher\" content=\"https:\/\/www.facebook.com\/ExaudiNews\" \/>\n<meta property=\"article:author\" content=\"https:\/\/marketingyservicios.com\/\" \/>\n<meta property=\"article:published_time\" content=\"2026-03-18T07:30:33+00:00\" \/>\n<meta property=\"og:image\" content=\"https:\/\/exaudi.org\/wp-content\/uploads\/2026\/03\/47ff56b9-d83c-4498-8af0-49959ec456c4.jpg\" \/>\n\t<meta property=\"og:image:width\" content=\"1280\" \/>\n\t<meta property=\"og:image:height\" content=\"720\" \/>\n\t<meta property=\"og:image:type\" content=\"image\/jpeg\" \/>\n<meta name=\"author\" content=\"Marketing y Servicios\" \/>\n<meta name=\"twitter:card\" content=\"summary_large_image\" \/>\n<meta name=\"twitter:creator\" content=\"@mentoring_sev\" \/>\n<meta name=\"twitter:site\" content=\"@Exaudi_News\" \/>\n<meta name=\"twitter:label1\" content=\"Escrito por\" \/>\n\t<meta name=\"twitter:data1\" content=\"Marketing y Servicios\" \/>\n\t<meta name=\"twitter:label2\" content=\"Tiempo de lectura\" \/>\n\t<meta name=\"twitter:data2\" content=\"2 minutos\" \/>\n<script type=\"application\/ld+json\" class=\"yoast-schema-graph\">{\"@context\":\"https:\\\/\\\/schema.org\",\"@graph\":[{\"@type\":\"Article\",\"@id\":\"https:\\\/\\\/exaudi.org\\\/es\\\/la-huella-invisible-que-empieza-a-los-11-anos\\\/#article\",\"isPartOf\":{\"@id\":\"https:\\\/\\\/exaudi.org\\\/es\\\/la-huella-invisible-que-empieza-a-los-11-anos\\\/\"},\"author\":{\"name\":\"Marketing y Servicios\",\"@id\":\"https:\\\/\\\/exaudi.org\\\/#\\\/schema\\\/person\\\/0ec39b1037553be7468a8044044a7283\"},\"headline\":\"La huella invisible que empieza a los 11 a\u00f1os\",\"datePublished\":\"2026-03-18T07:30:33+00:00\",\"mainEntityOfPage\":{\"@id\":\"https:\\\/\\\/exaudi.org\\\/es\\\/la-huella-invisible-que-empieza-a-los-11-anos\\\/\"},\"wordCount\":483,\"image\":{\"@id\":\"https:\\\/\\\/exaudi.org\\\/es\\\/la-huella-invisible-que-empieza-a-los-11-anos\\\/#primaryimage\"},\"thumbnailUrl\":\"https:\\\/\\\/exaudi.org\\\/wp-content\\\/uploads\\\/2026\\\/03\\\/47ff56b9-d83c-4498-8af0-49959ec456c4.jpg\",\"keywords\":[\"acceso porno 11 a\u00f1os\",\"adicci\u00f3n pornograf\u00eda adolescentes\",\"consentimiento pornograf\u00eda\",\"cosificaci\u00f3n mujer porno\",\"Dale Una Vuelta\",\"educaci\u00f3n afectivo-sexual\",\"educaci\u00f3n sexoafectiva\",\"el porno deja marca\",\"grooming menores\",\"impacto porno identidad juvenil\",\"inacci\u00f3n adultos porno\",\"mitos pornograf\u00eda\",\"porno antes 13 a\u00f1os\",\"porno deja marca\",\"porno huella irreversible\",\"pornograf\u00eda adolescentes\",\"pornograf\u00eda temprana\",\"pornograf\u00eda violenta\",\"prevenir violencias machistas\",\"relaciones sanas adolescentes\",\"ROSAPARKS campa\u00f1a\",\"Trending\",\"violencia sexual adolescentes\"],\"articleSection\":[\"An\u00e1lisis\"],\"inLanguage\":\"es\"},{\"@type\":\"WebPage\",\"@id\":\"https:\\\/\\\/exaudi.org\\\/es\\\/la-huella-invisible-que-empieza-a-los-11-anos\\\/\",\"url\":\"https:\\\/\\\/exaudi.org\\\/es\\\/la-huella-invisible-que-empieza-a-los-11-anos\\\/\",\"name\":\"La huella invisible que empieza a los 11 a\u00f1os &#8211; Exaudi\",\"isPartOf\":{\"@id\":\"https:\\\/\\\/exaudi.org\\\/#website\"},\"primaryImageOfPage\":{\"@id\":\"https:\\\/\\\/exaudi.org\\\/es\\\/la-huella-invisible-que-empieza-a-los-11-anos\\\/#primaryimage\"},\"image\":{\"@id\":\"https:\\\/\\\/exaudi.org\\\/es\\\/la-huella-invisible-que-empieza-a-los-11-anos\\\/#primaryimage\"},\"thumbnailUrl\":\"https:\\\/\\\/exaudi.org\\\/wp-content\\\/uploads\\\/2026\\\/03\\\/47ff56b9-d83c-4498-8af0-49959ec456c4.jpg\",\"datePublished\":\"2026-03-18T07:30:33+00:00\",\"author\":{\"@id\":\"https:\\\/\\\/exaudi.org\\\/#\\\/schema\\\/person\\\/0ec39b1037553be7468a8044044a7283\"},\"breadcrumb\":{\"@id\":\"https:\\\/\\\/exaudi.org\\\/es\\\/la-huella-invisible-que-empieza-a-los-11-anos\\\/#breadcrumb\"},\"inLanguage\":\"es\",\"potentialAction\":[{\"@type\":\"ReadAction\",\"target\":[\"https:\\\/\\\/exaudi.org\\\/es\\\/la-huella-invisible-que-empieza-a-los-11-anos\\\/\"]}]},{\"@type\":\"ImageObject\",\"inLanguage\":\"es\",\"@id\":\"https:\\\/\\\/exaudi.org\\\/es\\\/la-huella-invisible-que-empieza-a-los-11-anos\\\/#primaryimage\",\"url\":\"https:\\\/\\\/exaudi.org\\\/wp-content\\\/uploads\\\/2026\\\/03\\\/47ff56b9-d83c-4498-8af0-49959ec456c4.jpg\",\"contentUrl\":\"https:\\\/\\\/exaudi.org\\\/wp-content\\\/uploads\\\/2026\\\/03\\\/47ff56b9-d83c-4498-8af0-49959ec456c4.jpg\",\"width\":1280,\"height\":720},{\"@type\":\"BreadcrumbList\",\"@id\":\"https:\\\/\\\/exaudi.org\\\/es\\\/la-huella-invisible-que-empieza-a-los-11-anos\\\/#breadcrumb\",\"itemListElement\":[{\"@type\":\"ListItem\",\"position\":1,\"name\":\"Portada\",\"item\":\"https:\\\/\\\/exaudi.org\\\/es\\\/\"},{\"@type\":\"ListItem\",\"position\":2,\"name\":\"La huella invisible que empieza a los 11 a\u00f1os\"}]},{\"@type\":\"WebSite\",\"@id\":\"https:\\\/\\\/exaudi.org\\\/#website\",\"url\":\"https:\\\/\\\/exaudi.org\\\/\",\"name\":\"Exaudi\",\"description\":\"News\",\"potentialAction\":[{\"@type\":\"SearchAction\",\"target\":{\"@type\":\"EntryPoint\",\"urlTemplate\":\"https:\\\/\\\/exaudi.org\\\/?s={search_term_string}\"},\"query-input\":{\"@type\":\"PropertyValueSpecification\",\"valueRequired\":true,\"valueName\":\"search_term_string\"}}],\"inLanguage\":\"es\"},{\"@type\":\"Person\",\"@id\":\"https:\\\/\\\/exaudi.org\\\/#\\\/schema\\\/person\\\/0ec39b1037553be7468a8044044a7283\",\"name\":\"Marketing y Servicios\",\"image\":{\"@type\":\"ImageObject\",\"inLanguage\":\"es\",\"@id\":\"https:\\\/\\\/secure.gravatar.com\\\/avatar\\\/887d69b0afc81051391a1aa8022a59db22c5ad6f2eecb945ce1b0d0613c61b5f?s=96&d=mm&r=g\",\"url\":\"https:\\\/\\\/secure.gravatar.com\\\/avatar\\\/887d69b0afc81051391a1aa8022a59db22c5ad6f2eecb945ce1b0d0613c61b5f?s=96&d=mm&r=g\",\"contentUrl\":\"https:\\\/\\\/secure.gravatar.com\\\/avatar\\\/887d69b0afc81051391a1aa8022a59db22c5ad6f2eecb945ce1b0d0613c61b5f?s=96&d=mm&r=g\",\"caption\":\"Marketing y Servicios\"},\"description\":\"Ideas para mejorar el mundo . Director: Jos\u00e9 Miguel Ponce . Profesor universitario e investigador en Marketing y Gesti\u00f3n de Servicios, con experiencia en cinco universidades p\u00fablicas y privadas. Sevillano de origen, ha vivido en varias ciudades de Espa\u00f1a y actualmente reside en Sevilla. Apasionado por la educaci\u00f3n, la comunicaci\u00f3n y las relaciones humanas, considera la amistad y la empat\u00eda clave en su vida y ense\u00f1anza. Ha publicado investigaciones sobre Marketing, Calidad de Servicio y organizaciones sin \u00e1nimo de lucro. Humanista y optimista, promueve el agradecimiento y la coherencia como valores fundamentales.\",\"sameAs\":[\"https:\\\/\\\/marketingyservicios.com\\\/\",\"https:\\\/\\\/www.instagram.com\\\/mentoringsevilla\\\/\",\"https:\\\/\\\/www.linkedin.com\\\/company\\\/marketing-y-servicios\\\/\",\"https:\\\/\\\/x.com\\\/mentoring_sev\",\"https:\\\/\\\/www.youtube.com\\\/@marketingyservicios649\"],\"url\":\"https:\\\/\\\/exaudi.org\\\/es\\\/author\\\/jose-miguel-ponce\\\/\"}]}<\/script>\n<!-- \/ Yoast SEO plugin. -->","yoast_head_json":{"title":"La huella invisible que empieza a los 11 a\u00f1os &#8211; Exaudi","robots":{"index":"index","follow":"follow","max-snippet":"max-snippet:-1","max-image-preview":"max-image-preview:large","max-video-preview":"max-video-preview:-1"},"canonical":"https:\/\/exaudi.org\/es\/la-huella-invisible-que-empieza-a-los-11-anos\/","og_locale":"es_ES","og_type":"article","og_title":"La huella invisible que empieza a los 11 a\u00f1os &#8211; Exaudi","og_description":"El porno deja marca","og_url":"https:\/\/exaudi.org\/es\/la-huella-invisible-que-empieza-a-los-11-anos\/","og_site_name":"Exaudi","article_publisher":"https:\/\/www.facebook.com\/ExaudiNews","article_author":"https:\/\/marketingyservicios.com\/","article_published_time":"2026-03-18T07:30:33+00:00","og_image":[{"width":1280,"height":720,"url":"https:\/\/exaudi.org\/wp-content\/uploads\/2026\/03\/47ff56b9-d83c-4498-8af0-49959ec456c4.jpg","type":"image\/jpeg"}],"author":"Marketing y Servicios","twitter_card":"summary_large_image","twitter_creator":"@mentoring_sev","twitter_site":"@Exaudi_News","twitter_misc":{"Escrito por":"Marketing y Servicios","Tiempo de lectura":"2 minutos"},"schema":{"@context":"https:\/\/schema.org","@graph":[{"@type":"Article","@id":"https:\/\/exaudi.org\/es\/la-huella-invisible-que-empieza-a-los-11-anos\/#article","isPartOf":{"@id":"https:\/\/exaudi.org\/es\/la-huella-invisible-que-empieza-a-los-11-anos\/"},"author":{"name":"Marketing y Servicios","@id":"https:\/\/exaudi.org\/#\/schema\/person\/0ec39b1037553be7468a8044044a7283"},"headline":"La huella invisible que empieza a los 11 a\u00f1os","datePublished":"2026-03-18T07:30:33+00:00","mainEntityOfPage":{"@id":"https:\/\/exaudi.org\/es\/la-huella-invisible-que-empieza-a-los-11-anos\/"},"wordCount":483,"image":{"@id":"https:\/\/exaudi.org\/es\/la-huella-invisible-que-empieza-a-los-11-anos\/#primaryimage"},"thumbnailUrl":"https:\/\/exaudi.org\/wp-content\/uploads\/2026\/03\/47ff56b9-d83c-4498-8af0-49959ec456c4.jpg","keywords":["acceso porno 11 a\u00f1os","adicci\u00f3n pornograf\u00eda adolescentes","consentimiento pornograf\u00eda","cosificaci\u00f3n mujer porno","Dale Una Vuelta","educaci\u00f3n afectivo-sexual","educaci\u00f3n sexoafectiva","el porno deja marca","grooming menores","impacto porno identidad juvenil","inacci\u00f3n adultos porno","mitos pornograf\u00eda","porno antes 13 a\u00f1os","porno deja marca","porno huella irreversible","pornograf\u00eda adolescentes","pornograf\u00eda temprana","pornograf\u00eda violenta","prevenir violencias machistas","relaciones sanas adolescentes","ROSAPARKS campa\u00f1a","Trending","violencia sexual adolescentes"],"articleSection":["An\u00e1lisis"],"inLanguage":"es"},{"@type":"WebPage","@id":"https:\/\/exaudi.org\/es\/la-huella-invisible-que-empieza-a-los-11-anos\/","url":"https:\/\/exaudi.org\/es\/la-huella-invisible-que-empieza-a-los-11-anos\/","name":"La huella invisible que empieza a los 11 a\u00f1os &#8211; Exaudi","isPartOf":{"@id":"https:\/\/exaudi.org\/#website"},"primaryImageOfPage":{"@id":"https:\/\/exaudi.org\/es\/la-huella-invisible-que-empieza-a-los-11-anos\/#primaryimage"},"image":{"@id":"https:\/\/exaudi.org\/es\/la-huella-invisible-que-empieza-a-los-11-anos\/#primaryimage"},"thumbnailUrl":"https:\/\/exaudi.org\/wp-content\/uploads\/2026\/03\/47ff56b9-d83c-4498-8af0-49959ec456c4.jpg","datePublished":"2026-03-18T07:30:33+00:00","author":{"@id":"https:\/\/exaudi.org\/#\/schema\/person\/0ec39b1037553be7468a8044044a7283"},"breadcrumb":{"@id":"https:\/\/exaudi.org\/es\/la-huella-invisible-que-empieza-a-los-11-anos\/#breadcrumb"},"inLanguage":"es","potentialAction":[{"@type":"ReadAction","target":["https:\/\/exaudi.org\/es\/la-huella-invisible-que-empieza-a-los-11-anos\/"]}]},{"@type":"ImageObject","inLanguage":"es","@id":"https:\/\/exaudi.org\/es\/la-huella-invisible-que-empieza-a-los-11-anos\/#primaryimage","url":"https:\/\/exaudi.org\/wp-content\/uploads\/2026\/03\/47ff56b9-d83c-4498-8af0-49959ec456c4.jpg","contentUrl":"https:\/\/exaudi.org\/wp-content\/uploads\/2026\/03\/47ff56b9-d83c-4498-8af0-49959ec456c4.jpg","width":1280,"height":720},{"@type":"BreadcrumbList","@id":"https:\/\/exaudi.org\/es\/la-huella-invisible-que-empieza-a-los-11-anos\/#breadcrumb","itemListElement":[{"@type":"ListItem","position":1,"name":"Portada","item":"https:\/\/exaudi.org\/es\/"},{"@type":"ListItem","position":2,"name":"La huella invisible que empieza a los 11 a\u00f1os"}]},{"@type":"WebSite","@id":"https:\/\/exaudi.org\/#website","url":"https:\/\/exaudi.org\/","name":"Exaudi","description":"News","potentialAction":[{"@type":"SearchAction","target":{"@type":"EntryPoint","urlTemplate":"https:\/\/exaudi.org\/?s={search_term_string}"},"query-input":{"@type":"PropertyValueSpecification","valueRequired":true,"valueName":"search_term_string"}}],"inLanguage":"es"},{"@type":"Person","@id":"https:\/\/exaudi.org\/#\/schema\/person\/0ec39b1037553be7468a8044044a7283","name":"Marketing y Servicios","image":{"@type":"ImageObject","inLanguage":"es","@id":"https:\/\/secure.gravatar.com\/avatar\/887d69b0afc81051391a1aa8022a59db22c5ad6f2eecb945ce1b0d0613c61b5f?s=96&d=mm&r=g","url":"https:\/\/secure.gravatar.com\/avatar\/887d69b0afc81051391a1aa8022a59db22c5ad6f2eecb945ce1b0d0613c61b5f?s=96&d=mm&r=g","contentUrl":"https:\/\/secure.gravatar.com\/avatar\/887d69b0afc81051391a1aa8022a59db22c5ad6f2eecb945ce1b0d0613c61b5f?s=96&d=mm&r=g","caption":"Marketing y Servicios"},"description":"Ideas para mejorar el mundo . Director: Jos\u00e9 Miguel Ponce . Profesor universitario e investigador en Marketing y Gesti\u00f3n de Servicios, con experiencia en cinco universidades p\u00fablicas y privadas. Sevillano de origen, ha vivido en varias ciudades de Espa\u00f1a y actualmente reside en Sevilla. Apasionado por la educaci\u00f3n, la comunicaci\u00f3n y las relaciones humanas, considera la amistad y la empat\u00eda clave en su vida y ense\u00f1anza. Ha publicado investigaciones sobre Marketing, Calidad de Servicio y organizaciones sin \u00e1nimo de lucro. Humanista y optimista, promueve el agradecimiento y la coherencia como valores fundamentales.","sameAs":["https:\/\/marketingyservicios.com\/","https:\/\/www.instagram.com\/mentoringsevilla\/","https:\/\/www.linkedin.com\/company\/marketing-y-servicios\/","https:\/\/x.com\/mentoring_sev","https:\/\/www.youtube.com\/@marketingyservicios649"],"url":"https:\/\/exaudi.org\/es\/author\/jose-miguel-ponce\/"}]}},"jetpack_featured_media_url":"https:\/\/exaudi.org\/wp-content\/uploads\/2026\/03\/47ff56b9-d83c-4498-8af0-49959ec456c4.jpg","jetpack_shortlink":"https:\/\/wp.me\/pgKjF2-GbW","_links":{"self":[{"href":"https:\/\/exaudi.org\/es\/wp-json\/wp\/v2\/posts\/162188","targetHints":{"allow":["GET"]}}],"collection":[{"href":"https:\/\/exaudi.org\/es\/wp-json\/wp\/v2\/posts"}],"about":[{"href":"https:\/\/exaudi.org\/es\/wp-json\/wp\/v2\/types\/post"}],"author":[{"embeddable":true,"href":"https:\/\/exaudi.org\/es\/wp-json\/wp\/v2\/users\/157"}],"replies":[{"embeddable":true,"href":"https:\/\/exaudi.org\/es\/wp-json\/wp\/v2\/comments?post=162188"}],"version-history":[{"count":6,"href":"https:\/\/exaudi.org\/es\/wp-json\/wp\/v2\/posts\/162188\/revisions"}],"predecessor-version":[{"id":162286,"href":"https:\/\/exaudi.org\/es\/wp-json\/wp\/v2\/posts\/162188\/revisions\/162286"}],"wp:featuredmedia":[{"embeddable":true,"href":"https:\/\/exaudi.org\/es\/wp-json\/wp\/v2\/media\/162193"}],"wp:attachment":[{"href":"https:\/\/exaudi.org\/es\/wp-json\/wp\/v2\/media?parent=162188"}],"wp:term":[{"taxonomy":"category","embeddable":true,"href":"https:\/\/exaudi.org\/es\/wp-json\/wp\/v2\/categories?post=162188"},{"taxonomy":"post_tag","embeddable":true,"href":"https:\/\/exaudi.org\/es\/wp-json\/wp\/v2\/tags?post=162188"}],"curies":[{"name":"wp","href":"https:\/\/api.w.org\/{rel}","templated":true}]}}