{"id":16196,"date":"2021-05-11T13:16:02","date_gmt":"2021-05-11T11:16:02","guid":{"rendered":"https:\/\/exaudi.org\/?p=16196"},"modified":"2021-05-12T10:55:26","modified_gmt":"2021-05-12T08:55:26","slug":"puerto-rico-mensaje-obispos-ante-violencia-contra-mujeres","status":"publish","type":"post","link":"https:\/\/exaudi.org\/es\/puerto-rico-mensaje-obispos-ante-violencia-contra-mujeres\/","title":{"rendered":"Puerto Rico: Mensaje de obispos ante violencia contra mujeres"},"content":{"rendered":"<p>Los obispos de Puerto Rico\u00a0han manifestado su postura ante las situaciones de violencia y muerte contra mujeres en el pa\u00eds en un mensaje publicado el 7 de mayo de 2021 por el semanario cat\u00f3lico <a href=\"https:\/\/elvisitantepr.com\/conferencia-episcopal-puertorriquena-ante-situaciones-de-violencia-y-muerte-contra-mujeres\/\" target=\"_blank\" rel=\"noopener noreferrer\">El Visitante<\/a>.<\/p>\n<p>En enero de 2021, el Gobierno declar\u00f3 en estado de emergencia la isla ante el considerable n\u00famero de feminicidos. As\u00ed, en el texto difundido se explica c\u00f3mo \u201cla cultura de la vida nace del coraz\u00f3n mismo de Dios y requiere de todos un compromiso permanente para que crezca el respeto por la integridad de toda persona\u201d. Por ello, contin\u00faa, \u201chiere profundamente ver brotar las l\u00e1grimas en nuestro pueblo por los asesinatos cometidos una vez m\u00e1s en contra de mujeres -y de un beb\u00e9 en el vientre materno-, de la manera vil y atroz en que han acontecido los hechos\u201d.<\/p>\n<p>Este \u201cgrito de dolor\u201d sube \u201chasta el cielo\u201d, \u201ctiene que estremecernos y reclama de nuestra parte, como creyentes, el abrazo, la denuncia de todo atentado contra el sagrado don de la vida, y el m\u00e1s firme compromiso para contribuir a superar esta situaci\u00f3n junto con nuestro pueblo\u201d, expresan los prelados.<\/p>\n<p>Del mismo modo, se sienten urgidos a \u201cponernos en el lugar de toda persona agredida, fomentando di\u00e1logos personales y grupales a todos los niveles en nuestras comunidades, que nos lleven a escuchar y compartir desde el alma lo que llevamos por dentro\u201d.<\/p>\n<h4><strong>Soluciones conjuntas<\/strong><\/h4>\n<p>Los pastores puertorrique\u00f1os tambi\u00e9n se muestran dispuestos a colaborar \u201ccon nuestra gente en las b\u00fasquedas de soluciones desde las mismas familias, grupos, asociaciones e iglesias, procurando identificar las tendencias culturales que se han deteriorado, patrones que hemos asumido consciente o inconscientemente, y que llevan a ver falsamente a otras personas como si se tratara de propiedades personales\u201d.<\/p>\n<p>\u201cCon frecuencia se sustituye el valor sagrado de cada ser humano por intereses materiales, se abusa e ignora a las personas m\u00e1s indefensas, y se anida en la mente y en las relaciones la violencia y el atropello verbal, emocional o f\u00edsico, especialmente contra las mujeres\u201d, recuerda el mensaje.<\/p>\n<p>Adem\u00e1s, los miembros del episcopado se comprometen a orar \u201cy a seguir profundizando en esta situaci\u00f3n con todo agente pastoral, toda persona que ejerza la catequesis, los servicios, la educaci\u00f3n, el liderato de movimientos, los ministerios laicales y ordenados, los j\u00f3venes, y especialmente la pastoral pre matrimonial y familiar\u201d.<\/p>\n<h4><strong>Apoyo y acompa\u00f1amiento<\/strong><\/h4>\n<p>Por otra parte, los obispos convocan a profesionales que est\u00e9n disponibles para \u201cel apoyo y la consejer\u00eda, el acompa\u00f1amiento y la escucha, para generar espacios de acogida y refugio, para respaldar las instituciones e iniciativas que sabemos proveen socorro a las personas agredidas\u201d.<\/p>\n<p>De hecho \u201calgunos de estos servicios han brotado precisamente desde la Iglesia. El espacio de confidencialidad y ayuda incondicional y gratuita que caracteriza la pastoral de la Iglesia estar\u00e1 siempre disponible como un don especial en medio de las necesidades urgentes que estamos enfrentando\u201d.<\/p>\n<h4><strong>Identificar patrones y causas<\/strong><\/h4>\n<p>Asimismo, han exhortado \u201ca los l\u00edderes del Gobierno y expertos a que se le d\u00e9 una mirada sist\u00e9mica\u00a0a toda esta situaci\u00f3n, que incluye el an\u00e1lisis profundo de la frustraci\u00f3n que sienten las personas frente al empobrecimiento y la falsa ilusi\u00f3n de felicidad de una sociedad desenfrenada en el consumismo\u201d.<\/p>\n<p>Y llaman a identificar \u201clos patrones machistas y sus causas; compartamos estrategias para la reconstrucci\u00f3n y sanaci\u00f3n de la figura masculina; toquemos las heridas que se arrastran y que con frecuencia provienen de maltratos ocurridos en la infancia y que no reciben atenci\u00f3n a tiempo\u201d.<\/p>\n","protected":false},"excerpt":{"rendered":"<p>Estado de emergencia en el pa\u00eds por feminicidios<\/p>\n","protected":false},"author":5,"featured_media":16200,"comment_status":"closed","ping_status":"closed","sticky":false,"template":"","format":"standard","meta":{"_acf_changed":false,"_crdt_document":"","inline_featured_image":false,"footnotes":""},"categories":[86,298],"tags":[],"class_list":["post-16196","post","type-post","status-publish","format-standard","has-post-thumbnail","hentry","category-iglesia-local","category-ultimas-noticias"],"acf":[],"yoast_head":"<!-- This site is optimized with the Yoast SEO plugin v27.5 - https:\/\/yoast.com\/product\/yoast-seo-wordpress\/ -->\n<title>Puerto Rico: Mensaje de obispos ante violencia contra mujeres &#8211; Exaudi<\/title>\n<meta name=\"description\" content=\"Los obispos de Puerto Rico\u00a0han manifestado su postura ante las situaciones de violencia y muerte contra mujeres\u00a0en el pa\u00eds\" \/>\n<meta name=\"robots\" content=\"index, follow, max-snippet:-1, max-image-preview:large, max-video-preview:-1\" \/>\n<link rel=\"canonical\" href=\"https:\/\/exaudi.org\/es\/puerto-rico-mensaje-obispos-ante-violencia-contra-mujeres\/\" \/>\n<meta property=\"og:locale\" content=\"es_ES\" \/>\n<meta property=\"og:type\" content=\"article\" \/>\n<meta property=\"og:title\" content=\"Puerto Rico: Mensaje de obispos ante violencia contra mujeres &#8211; Exaudi\" \/>\n<meta property=\"og:description\" content=\"Los obispos de Puerto Rico\u00a0han manifestado su postura ante las situaciones de violencia y muerte contra mujeres\u00a0en el pa\u00eds\" \/>\n<meta property=\"og:url\" content=\"https:\/\/exaudi.org\/es\/puerto-rico-mensaje-obispos-ante-violencia-contra-mujeres\/\" \/>\n<meta property=\"og:site_name\" content=\"Exaudi\" \/>\n<meta property=\"article:publisher\" content=\"https:\/\/www.facebook.com\/ExaudiNews\" \/>\n<meta property=\"article:published_time\" content=\"2021-05-11T11:16:02+00:00\" \/>\n<meta property=\"article:modified_time\" content=\"2021-05-12T08:55:26+00:00\" \/>\n<meta property=\"og:image\" content=\"https:\/\/exaudi.org\/wp-content\/uploads\/2021\/05\/Obispos-de-Puerto-Rico-1024x561.png\" \/>\n\t<meta property=\"og:image:width\" content=\"1024\" \/>\n\t<meta property=\"og:image:height\" content=\"561\" \/>\n\t<meta property=\"og:image:type\" content=\"image\/png\" \/>\n<meta name=\"author\" content=\"Larissa I. L\u00f3pez\" \/>\n<meta name=\"twitter:card\" content=\"summary_large_image\" \/>\n<meta name=\"twitter:creator\" content=\"@Exaudi_News\" \/>\n<meta name=\"twitter:site\" content=\"@Exaudi_News\" \/>\n<meta name=\"twitter:label1\" content=\"Escrito por\" \/>\n\t<meta name=\"twitter:data1\" content=\"Larissa I. L\u00f3pez\" \/>\n\t<meta name=\"twitter:label2\" content=\"Tiempo de lectura\" \/>\n\t<meta name=\"twitter:data2\" content=\"3 minutos\" \/>\n<script type=\"application\/ld+json\" class=\"yoast-schema-graph\">{\"@context\":\"https:\\\/\\\/schema.org\",\"@graph\":[{\"@type\":\"Article\",\"@id\":\"https:\\\/\\\/exaudi.org\\\/es\\\/puerto-rico-mensaje-obispos-ante-violencia-contra-mujeres\\\/#article\",\"isPartOf\":{\"@id\":\"https:\\\/\\\/exaudi.org\\\/es\\\/puerto-rico-mensaje-obispos-ante-violencia-contra-mujeres\\\/\"},\"author\":{\"name\":\"Larissa I. L\u00f3pez\",\"@id\":\"https:\\\/\\\/exaudi.org\\\/#\\\/schema\\\/person\\\/7d2f77db033c2c0929edfab6dbe8c588\"},\"headline\":\"Puerto Rico: Mensaje de obispos ante violencia contra mujeres\",\"datePublished\":\"2021-05-11T11:16:02+00:00\",\"dateModified\":\"2021-05-12T08:55:26+00:00\",\"mainEntityOfPage\":{\"@id\":\"https:\\\/\\\/exaudi.org\\\/es\\\/puerto-rico-mensaje-obispos-ante-violencia-contra-mujeres\\\/\"},\"wordCount\":613,\"image\":{\"@id\":\"https:\\\/\\\/exaudi.org\\\/es\\\/puerto-rico-mensaje-obispos-ante-violencia-contra-mujeres\\\/#primaryimage\"},\"thumbnailUrl\":\"https:\\\/\\\/exaudi.org\\\/wp-content\\\/uploads\\\/2021\\\/05\\\/Obispos-de-Puerto-Rico.png\",\"articleSection\":[\"Iglesia Local\",\"\u00daltimas noticias\"],\"inLanguage\":\"es\"},{\"@type\":\"WebPage\",\"@id\":\"https:\\\/\\\/exaudi.org\\\/es\\\/puerto-rico-mensaje-obispos-ante-violencia-contra-mujeres\\\/\",\"url\":\"https:\\\/\\\/exaudi.org\\\/es\\\/puerto-rico-mensaje-obispos-ante-violencia-contra-mujeres\\\/\",\"name\":\"Puerto Rico: Mensaje de obispos ante violencia contra mujeres &#8211; Exaudi\",\"isPartOf\":{\"@id\":\"https:\\\/\\\/exaudi.org\\\/#website\"},\"primaryImageOfPage\":{\"@id\":\"https:\\\/\\\/exaudi.org\\\/es\\\/puerto-rico-mensaje-obispos-ante-violencia-contra-mujeres\\\/#primaryimage\"},\"image\":{\"@id\":\"https:\\\/\\\/exaudi.org\\\/es\\\/puerto-rico-mensaje-obispos-ante-violencia-contra-mujeres\\\/#primaryimage\"},\"thumbnailUrl\":\"https:\\\/\\\/exaudi.org\\\/wp-content\\\/uploads\\\/2021\\\/05\\\/Obispos-de-Puerto-Rico.png\",\"datePublished\":\"2021-05-11T11:16:02+00:00\",\"dateModified\":\"2021-05-12T08:55:26+00:00\",\"author\":{\"@id\":\"https:\\\/\\\/exaudi.org\\\/#\\\/schema\\\/person\\\/7d2f77db033c2c0929edfab6dbe8c588\"},\"description\":\"Los obispos de Puerto Rico\u00a0han manifestado su postura ante las situaciones de violencia y muerte contra mujeres\u00a0en el pa\u00eds\",\"breadcrumb\":{\"@id\":\"https:\\\/\\\/exaudi.org\\\/es\\\/puerto-rico-mensaje-obispos-ante-violencia-contra-mujeres\\\/#breadcrumb\"},\"inLanguage\":\"es\",\"potentialAction\":[{\"@type\":\"ReadAction\",\"target\":[\"https:\\\/\\\/exaudi.org\\\/es\\\/puerto-rico-mensaje-obispos-ante-violencia-contra-mujeres\\\/\"]}]},{\"@type\":\"ImageObject\",\"inLanguage\":\"es\",\"@id\":\"https:\\\/\\\/exaudi.org\\\/es\\\/puerto-rico-mensaje-obispos-ante-violencia-contra-mujeres\\\/#primaryimage\",\"url\":\"https:\\\/\\\/exaudi.org\\\/wp-content\\\/uploads\\\/2021\\\/05\\\/Obispos-de-Puerto-Rico.png\",\"contentUrl\":\"https:\\\/\\\/exaudi.org\\\/wp-content\\\/uploads\\\/2021\\\/05\\\/Obispos-de-Puerto-Rico.png\",\"width\":1869,\"height\":1024,\"caption\":\"Obispos de Puerto Rico \u00a9 CELAM\"},{\"@type\":\"BreadcrumbList\",\"@id\":\"https:\\\/\\\/exaudi.org\\\/es\\\/puerto-rico-mensaje-obispos-ante-violencia-contra-mujeres\\\/#breadcrumb\",\"itemListElement\":[{\"@type\":\"ListItem\",\"position\":1,\"name\":\"Portada\",\"item\":\"https:\\\/\\\/exaudi.org\\\/es\\\/\"},{\"@type\":\"ListItem\",\"position\":2,\"name\":\"Puerto Rico: Mensaje de obispos ante violencia contra mujeres\"}]},{\"@type\":\"WebSite\",\"@id\":\"https:\\\/\\\/exaudi.org\\\/#website\",\"url\":\"https:\\\/\\\/exaudi.org\\\/\",\"name\":\"Exaudi\",\"description\":\"News\",\"potentialAction\":[{\"@type\":\"SearchAction\",\"target\":{\"@type\":\"EntryPoint\",\"urlTemplate\":\"https:\\\/\\\/exaudi.org\\\/?s={search_term_string}\"},\"query-input\":{\"@type\":\"PropertyValueSpecification\",\"valueRequired\":true,\"valueName\":\"search_term_string\"}}],\"inLanguage\":\"es\"},{\"@type\":\"Person\",\"@id\":\"https:\\\/\\\/exaudi.org\\\/#\\\/schema\\\/person\\\/7d2f77db033c2c0929edfab6dbe8c588\",\"name\":\"Larissa I. L\u00f3pez\",\"image\":{\"@type\":\"ImageObject\",\"inLanguage\":\"es\",\"@id\":\"https:\\\/\\\/secure.gravatar.com\\\/avatar\\\/db3ef399ff343d0bb9d25dc5198bc8ece5ac6d621eca79876697a354dabc1e3f?s=96&d=mm&r=g\",\"url\":\"https:\\\/\\\/secure.gravatar.com\\\/avatar\\\/db3ef399ff343d0bb9d25dc5198bc8ece5ac6d621eca79876697a354dabc1e3f?s=96&d=mm&r=g\",\"contentUrl\":\"https:\\\/\\\/secure.gravatar.com\\\/avatar\\\/db3ef399ff343d0bb9d25dc5198bc8ece5ac6d621eca79876697a354dabc1e3f?s=96&d=mm&r=g\",\"caption\":\"Larissa I. L\u00f3pez\"},\"description\":\"Doctora en Comunicaci\u00f3n. Mi trayectoria profesional ha transcurrido entre el \u00e1mbito de la comunicaci\u00f3n y el de la docencia. En los \u00faltimos a\u00f1os, he trabajado como coordinadora y redactora de la edici\u00f3n de ZENIT en espa\u00f1ol. Como profesora, he impartido clases en la universidad y en centros de FP y bachillerato. Cordobesa de nacimiento, tambi\u00e9n he vivido en Sevilla, Madrid y Roma\",\"url\":\"https:\\\/\\\/exaudi.org\\\/es\\\/author\\\/llopezexaudi-org\\\/\"}]}<\/script>\n<!-- \/ Yoast SEO plugin. -->","yoast_head_json":{"title":"Puerto Rico: Mensaje de obispos ante violencia contra mujeres &#8211; Exaudi","description":"Los obispos de Puerto Rico\u00a0han manifestado su postura ante las situaciones de violencia y muerte contra mujeres\u00a0en el pa\u00eds","robots":{"index":"index","follow":"follow","max-snippet":"max-snippet:-1","max-image-preview":"max-image-preview:large","max-video-preview":"max-video-preview:-1"},"canonical":"https:\/\/exaudi.org\/es\/puerto-rico-mensaje-obispos-ante-violencia-contra-mujeres\/","og_locale":"es_ES","og_type":"article","og_title":"Puerto Rico: Mensaje de obispos ante violencia contra mujeres &#8211; Exaudi","og_description":"Los obispos de Puerto Rico\u00a0han manifestado su postura ante las situaciones de violencia y muerte contra mujeres\u00a0en el pa\u00eds","og_url":"https:\/\/exaudi.org\/es\/puerto-rico-mensaje-obispos-ante-violencia-contra-mujeres\/","og_site_name":"Exaudi","article_publisher":"https:\/\/www.facebook.com\/ExaudiNews","article_published_time":"2021-05-11T11:16:02+00:00","article_modified_time":"2021-05-12T08:55:26+00:00","og_image":[{"width":1024,"height":561,"url":"https:\/\/exaudi.org\/wp-content\/uploads\/2021\/05\/Obispos-de-Puerto-Rico-1024x561.png","type":"image\/png"}],"author":"Larissa I. L\u00f3pez","twitter_card":"summary_large_image","twitter_creator":"@Exaudi_News","twitter_site":"@Exaudi_News","twitter_misc":{"Escrito por":"Larissa I. L\u00f3pez","Tiempo de lectura":"3 minutos"},"schema":{"@context":"https:\/\/schema.org","@graph":[{"@type":"Article","@id":"https:\/\/exaudi.org\/es\/puerto-rico-mensaje-obispos-ante-violencia-contra-mujeres\/#article","isPartOf":{"@id":"https:\/\/exaudi.org\/es\/puerto-rico-mensaje-obispos-ante-violencia-contra-mujeres\/"},"author":{"name":"Larissa I. L\u00f3pez","@id":"https:\/\/exaudi.org\/#\/schema\/person\/7d2f77db033c2c0929edfab6dbe8c588"},"headline":"Puerto Rico: Mensaje de obispos ante violencia contra mujeres","datePublished":"2021-05-11T11:16:02+00:00","dateModified":"2021-05-12T08:55:26+00:00","mainEntityOfPage":{"@id":"https:\/\/exaudi.org\/es\/puerto-rico-mensaje-obispos-ante-violencia-contra-mujeres\/"},"wordCount":613,"image":{"@id":"https:\/\/exaudi.org\/es\/puerto-rico-mensaje-obispos-ante-violencia-contra-mujeres\/#primaryimage"},"thumbnailUrl":"https:\/\/exaudi.org\/wp-content\/uploads\/2021\/05\/Obispos-de-Puerto-Rico.png","articleSection":["Iglesia Local","\u00daltimas noticias"],"inLanguage":"es"},{"@type":"WebPage","@id":"https:\/\/exaudi.org\/es\/puerto-rico-mensaje-obispos-ante-violencia-contra-mujeres\/","url":"https:\/\/exaudi.org\/es\/puerto-rico-mensaje-obispos-ante-violencia-contra-mujeres\/","name":"Puerto Rico: Mensaje de obispos ante violencia contra mujeres &#8211; Exaudi","isPartOf":{"@id":"https:\/\/exaudi.org\/#website"},"primaryImageOfPage":{"@id":"https:\/\/exaudi.org\/es\/puerto-rico-mensaje-obispos-ante-violencia-contra-mujeres\/#primaryimage"},"image":{"@id":"https:\/\/exaudi.org\/es\/puerto-rico-mensaje-obispos-ante-violencia-contra-mujeres\/#primaryimage"},"thumbnailUrl":"https:\/\/exaudi.org\/wp-content\/uploads\/2021\/05\/Obispos-de-Puerto-Rico.png","datePublished":"2021-05-11T11:16:02+00:00","dateModified":"2021-05-12T08:55:26+00:00","author":{"@id":"https:\/\/exaudi.org\/#\/schema\/person\/7d2f77db033c2c0929edfab6dbe8c588"},"description":"Los obispos de Puerto Rico\u00a0han manifestado su postura ante las situaciones de violencia y muerte contra mujeres\u00a0en el pa\u00eds","breadcrumb":{"@id":"https:\/\/exaudi.org\/es\/puerto-rico-mensaje-obispos-ante-violencia-contra-mujeres\/#breadcrumb"},"inLanguage":"es","potentialAction":[{"@type":"ReadAction","target":["https:\/\/exaudi.org\/es\/puerto-rico-mensaje-obispos-ante-violencia-contra-mujeres\/"]}]},{"@type":"ImageObject","inLanguage":"es","@id":"https:\/\/exaudi.org\/es\/puerto-rico-mensaje-obispos-ante-violencia-contra-mujeres\/#primaryimage","url":"https:\/\/exaudi.org\/wp-content\/uploads\/2021\/05\/Obispos-de-Puerto-Rico.png","contentUrl":"https:\/\/exaudi.org\/wp-content\/uploads\/2021\/05\/Obispos-de-Puerto-Rico.png","width":1869,"height":1024,"caption":"Obispos de Puerto Rico \u00a9 CELAM"},{"@type":"BreadcrumbList","@id":"https:\/\/exaudi.org\/es\/puerto-rico-mensaje-obispos-ante-violencia-contra-mujeres\/#breadcrumb","itemListElement":[{"@type":"ListItem","position":1,"name":"Portada","item":"https:\/\/exaudi.org\/es\/"},{"@type":"ListItem","position":2,"name":"Puerto Rico: Mensaje de obispos ante violencia contra mujeres"}]},{"@type":"WebSite","@id":"https:\/\/exaudi.org\/#website","url":"https:\/\/exaudi.org\/","name":"Exaudi","description":"News","potentialAction":[{"@type":"SearchAction","target":{"@type":"EntryPoint","urlTemplate":"https:\/\/exaudi.org\/?s={search_term_string}"},"query-input":{"@type":"PropertyValueSpecification","valueRequired":true,"valueName":"search_term_string"}}],"inLanguage":"es"},{"@type":"Person","@id":"https:\/\/exaudi.org\/#\/schema\/person\/7d2f77db033c2c0929edfab6dbe8c588","name":"Larissa I. L\u00f3pez","image":{"@type":"ImageObject","inLanguage":"es","@id":"https:\/\/secure.gravatar.com\/avatar\/db3ef399ff343d0bb9d25dc5198bc8ece5ac6d621eca79876697a354dabc1e3f?s=96&d=mm&r=g","url":"https:\/\/secure.gravatar.com\/avatar\/db3ef399ff343d0bb9d25dc5198bc8ece5ac6d621eca79876697a354dabc1e3f?s=96&d=mm&r=g","contentUrl":"https:\/\/secure.gravatar.com\/avatar\/db3ef399ff343d0bb9d25dc5198bc8ece5ac6d621eca79876697a354dabc1e3f?s=96&d=mm&r=g","caption":"Larissa I. L\u00f3pez"},"description":"Doctora en Comunicaci\u00f3n. Mi trayectoria profesional ha transcurrido entre el \u00e1mbito de la comunicaci\u00f3n y el de la docencia. En los \u00faltimos a\u00f1os, he trabajado como coordinadora y redactora de la edici\u00f3n de ZENIT en espa\u00f1ol. Como profesora, he impartido clases en la universidad y en centros de FP y bachillerato. Cordobesa de nacimiento, tambi\u00e9n he vivido en Sevilla, Madrid y Roma","url":"https:\/\/exaudi.org\/es\/author\/llopezexaudi-org\/"}]}},"jetpack_featured_media_url":"https:\/\/exaudi.org\/wp-content\/uploads\/2021\/05\/Obispos-de-Puerto-Rico.png","jetpack_shortlink":"https:\/\/wp.me\/pgKjF2-4de","_links":{"self":[{"href":"https:\/\/exaudi.org\/es\/wp-json\/wp\/v2\/posts\/16196","targetHints":{"allow":["GET"]}}],"collection":[{"href":"https:\/\/exaudi.org\/es\/wp-json\/wp\/v2\/posts"}],"about":[{"href":"https:\/\/exaudi.org\/es\/wp-json\/wp\/v2\/types\/post"}],"author":[{"embeddable":true,"href":"https:\/\/exaudi.org\/es\/wp-json\/wp\/v2\/users\/5"}],"replies":[{"embeddable":true,"href":"https:\/\/exaudi.org\/es\/wp-json\/wp\/v2\/comments?post=16196"}],"version-history":[{"count":0,"href":"https:\/\/exaudi.org\/es\/wp-json\/wp\/v2\/posts\/16196\/revisions"}],"wp:featuredmedia":[{"embeddable":true,"href":"https:\/\/exaudi.org\/es\/wp-json\/wp\/v2\/media\/16200"}],"wp:attachment":[{"href":"https:\/\/exaudi.org\/es\/wp-json\/wp\/v2\/media?parent=16196"}],"wp:term":[{"taxonomy":"category","embeddable":true,"href":"https:\/\/exaudi.org\/es\/wp-json\/wp\/v2\/categories?post=16196"},{"taxonomy":"post_tag","embeddable":true,"href":"https:\/\/exaudi.org\/es\/wp-json\/wp\/v2\/tags?post=16196"}],"curies":[{"name":"wp","href":"https:\/\/api.w.org\/{rel}","templated":true}]}}