{"id":16180,"date":"2021-05-11T12:50:08","date_gmt":"2021-05-11T10:50:08","guid":{"rendered":"https:\/\/exaudi.org\/?p=16180"},"modified":"2021-05-11T15:15:24","modified_gmt":"2021-05-11T13:15:24","slug":"espana-el-papa-nombra-al-obispo-de-bilbao","status":"publish","type":"post","link":"https:\/\/exaudi.org\/es\/espana-el-papa-nombra-al-obispo-de-bilbao\/","title":{"rendered":"Espa\u00f1a: El Papa nombra al obispo de Bilbao"},"content":{"rendered":"<p>El Papa Francisco ha nombrado obispo de Bilbao, Espa\u00f1a, a Mons. Joseba Segura Etxezarraga, hasta ahora obispo titular de Basti y auxiliar de la misma sede, ha informado la Oficina de Prensa de la Santa Sede hoy, 11 de mayo de 2021.<\/p>\n<p>La di\u00f3cesis de Bilbao estaba vacante tras el traslado de\u00a0<a class=\"rank-math-link\" href=\"https:\/\/www.conferenciaepiscopal.es\/obispos\/mario-iceta-gavicagogeascoa\/\" target=\"_blank\" rel=\"noreferrer noopener\" aria-label=\"Mons. Mario Iceta (opens in a new tab)\">Mons. Mario Iceta<\/a>\u00a0a<a class=\"rank-math-link\" href=\"https:\/\/www.archiburgos.es\/\" target=\"_blank\" rel=\"noreferrer noopener\" aria-label=\"di\u00f3cesis de Burgos (opens in a new tab)\">\u00a0Burgos<\/a>, sede de la que tom\u00f3 posesi\u00f3n el 5 de diciembre de 2020, indica la <a href=\"https:\/\/exaudi.org\/es\/espana-mensaje-accion-catolica-apostolado-seglar-2021\/\" target=\"_blank\" rel=\"noopener noreferrer\">Conferencia Episcopal Espa\u00f1ola<\/a>.<\/p>\n<h4><strong>Mons. Joseba Segura Etxezarraga<\/strong><\/h4>\n<p>Naci\u00f3 en Bilbao el 10 de mayo de 1958. Curs\u00f3 sus estudios eclesi\u00e1sticos en el Seminario de Bilbao y fue ordenado sacerdote el 4 de enero de 1985. Se licenci\u00f3 en Psicolog\u00eda y se doctor\u00f3 en Teolog\u00eda por la Universidad de Deusto y se doctor\u00f3 en Econom\u00eda por el Boston College (EEUU).<\/p>\n<p>Tras la ordenaci\u00f3n sacerdotal fue vicario parroquial de\u00a0San Jos\u00e9\u00a0en Barakaldo (1985-1991), p\u00e1rroco in solidum de\u00a0San Vicente, San Jos\u00e9 y Nuestra Se\u00f1ora de la Esperanza\u00a0(1991-1992), vicario parroquial de\u00a0San Ignacio de Loyola y San Juan\u00a0en Deusto y de\u00a0San Jos\u00e9 Obrero\u00a0en Elorrieta (1996-2006). Tambi\u00e9n fue delegado episcopal de C\u00e1ritas, delegado diocesano de Pastoral Social y miembro del Consejo Diocesano de Pastoral.<\/p>\n<p>De 2006 a 2017 en Ecuador colabor\u00f3 con la Conferencia Episcopal en el marco de C\u00e1ritas Nacional. Regres\u00f3 a la di\u00f3cesis en 2017 y fue nombrado p\u00e1rroco de la\u00a0Unidad Pastoral de Otxarkoaga-Txurdinaga.<\/p>\n<p>En 2018 fue nombrado vicario general de Bilbao. El 12 de febrero de 2019 fue nombrado obispo titular de Basti y auxiliar de Bilbao<strong><u>\u00a0<\/u><\/strong>y recibi\u00f3 la consagraci\u00f3n episcopal el 6 de abril siguiente. Es administrador diocesano de Bilbao desde el 6 de diciembre de 2020.<\/p>\n<p>Dentro de la Conferencia Episcopal Espa\u00f1ola desde 2019 es miembro de la Comisi\u00f3n Episcopal de Misiones y Cooperaci\u00f3n entre Iglesias, y desde marzo de 2020 miembro del Consejo de Econom\u00eda.<\/p>\n","protected":false},"excerpt":{"rendered":"<p>Mons. Joseba Segura Etxezarraga<\/p>\n","protected":false},"author":5,"featured_media":16182,"comment_status":"closed","ping_status":"closed","sticky":false,"template":"","format":"standard","meta":{"_acf_changed":false,"_crdt_document":"","inline_featured_image":false,"footnotes":""},"categories":[86,298],"tags":[2253,2252,1008,2254,158],"class_list":["post-16180","post","type-post","status-publish","format-standard","has-post-thumbnail","hentry","category-iglesia-local","category-ultimas-noticias","tag-bilbao","tag-diocesis-de-bilbao","tag-espana","tag-monsenor-joseba-segura-etxezarraga","tag-papa-francisco"],"acf":[],"yoast_head":"<!-- This site is optimized with the Yoast SEO plugin v27.5 - https:\/\/yoast.com\/product\/yoast-seo-wordpress\/ -->\n<title>Espa\u00f1a: El Papa nombra al obispo de Bilbao &#8211; Exaudi<\/title>\n<meta name=\"description\" content=\"Espa\u00f1a: El Papa ha nombrado obispo de Bilbao a Mons. Joseba Segura Etxezarraga, hasta ahora obispo titular de Basti y auxiliar de esa sede\" \/>\n<meta name=\"robots\" content=\"index, follow, max-snippet:-1, max-image-preview:large, max-video-preview:-1\" \/>\n<link rel=\"canonical\" href=\"https:\/\/exaudi.org\/es\/espana-el-papa-nombra-al-obispo-de-bilbao\/\" \/>\n<meta property=\"og:locale\" content=\"es_ES\" \/>\n<meta property=\"og:type\" content=\"article\" \/>\n<meta property=\"og:title\" content=\"Espa\u00f1a: El Papa nombra al obispo de Bilbao &#8211; Exaudi\" \/>\n<meta property=\"og:description\" content=\"Espa\u00f1a: El Papa ha nombrado obispo de Bilbao a Mons. Joseba Segura Etxezarraga, hasta ahora obispo titular de Basti y auxiliar de esa sede\" \/>\n<meta property=\"og:url\" content=\"https:\/\/exaudi.org\/es\/espana-el-papa-nombra-al-obispo-de-bilbao\/\" \/>\n<meta property=\"og:site_name\" content=\"Exaudi\" \/>\n<meta property=\"article:publisher\" content=\"https:\/\/www.facebook.com\/ExaudiNews\" \/>\n<meta property=\"article:published_time\" content=\"2021-05-11T10:50:08+00:00\" \/>\n<meta property=\"article:modified_time\" content=\"2021-05-11T13:15:24+00:00\" \/>\n<meta property=\"og:image\" content=\"https:\/\/exaudi.org\/wp-content\/uploads\/2021\/05\/Mons.-Joseba-Segura.jpg\" \/>\n\t<meta property=\"og:image:width\" content=\"800\" \/>\n\t<meta property=\"og:image:height\" content=\"600\" \/>\n\t<meta property=\"og:image:type\" content=\"image\/jpeg\" \/>\n<meta name=\"author\" content=\"Larissa I. L\u00f3pez\" \/>\n<meta name=\"twitter:card\" content=\"summary_large_image\" \/>\n<meta name=\"twitter:creator\" content=\"@Exaudi_News\" \/>\n<meta name=\"twitter:site\" content=\"@Exaudi_News\" \/>\n<meta name=\"twitter:label1\" content=\"Escrito por\" \/>\n\t<meta name=\"twitter:data1\" content=\"Larissa I. L\u00f3pez\" \/>\n\t<meta name=\"twitter:label2\" content=\"Tiempo de lectura\" \/>\n\t<meta name=\"twitter:data2\" content=\"2 minutos\" \/>\n<script type=\"application\/ld+json\" class=\"yoast-schema-graph\">{\"@context\":\"https:\\\/\\\/schema.org\",\"@graph\":[{\"@type\":\"Article\",\"@id\":\"https:\\\/\\\/exaudi.org\\\/es\\\/espana-el-papa-nombra-al-obispo-de-bilbao\\\/#article\",\"isPartOf\":{\"@id\":\"https:\\\/\\\/exaudi.org\\\/es\\\/espana-el-papa-nombra-al-obispo-de-bilbao\\\/\"},\"author\":{\"name\":\"Larissa I. L\u00f3pez\",\"@id\":\"https:\\\/\\\/exaudi.org\\\/#\\\/schema\\\/person\\\/7d2f77db033c2c0929edfab6dbe8c588\"},\"headline\":\"Espa\u00f1a: El Papa nombra al obispo de Bilbao\",\"datePublished\":\"2021-05-11T10:50:08+00:00\",\"dateModified\":\"2021-05-11T13:15:24+00:00\",\"mainEntityOfPage\":{\"@id\":\"https:\\\/\\\/exaudi.org\\\/es\\\/espana-el-papa-nombra-al-obispo-de-bilbao\\\/\"},\"wordCount\":316,\"image\":{\"@id\":\"https:\\\/\\\/exaudi.org\\\/es\\\/espana-el-papa-nombra-al-obispo-de-bilbao\\\/#primaryimage\"},\"thumbnailUrl\":\"https:\\\/\\\/exaudi.org\\\/wp-content\\\/uploads\\\/2021\\\/05\\\/Mons.-Joseba-Segura.jpg\",\"keywords\":[\"Bilbao\",\"Di\u00f3cesis de Bilbao\",\"Espa\u00f1a\",\"Monse\u00f1or Joseba Segura Etxezarraga\",\"papa francisco\"],\"articleSection\":[\"Iglesia Local\",\"\u00daltimas noticias\"],\"inLanguage\":\"es\"},{\"@type\":\"WebPage\",\"@id\":\"https:\\\/\\\/exaudi.org\\\/es\\\/espana-el-papa-nombra-al-obispo-de-bilbao\\\/\",\"url\":\"https:\\\/\\\/exaudi.org\\\/es\\\/espana-el-papa-nombra-al-obispo-de-bilbao\\\/\",\"name\":\"Espa\u00f1a: El Papa nombra al obispo de Bilbao &#8211; Exaudi\",\"isPartOf\":{\"@id\":\"https:\\\/\\\/exaudi.org\\\/#website\"},\"primaryImageOfPage\":{\"@id\":\"https:\\\/\\\/exaudi.org\\\/es\\\/espana-el-papa-nombra-al-obispo-de-bilbao\\\/#primaryimage\"},\"image\":{\"@id\":\"https:\\\/\\\/exaudi.org\\\/es\\\/espana-el-papa-nombra-al-obispo-de-bilbao\\\/#primaryimage\"},\"thumbnailUrl\":\"https:\\\/\\\/exaudi.org\\\/wp-content\\\/uploads\\\/2021\\\/05\\\/Mons.-Joseba-Segura.jpg\",\"datePublished\":\"2021-05-11T10:50:08+00:00\",\"dateModified\":\"2021-05-11T13:15:24+00:00\",\"author\":{\"@id\":\"https:\\\/\\\/exaudi.org\\\/#\\\/schema\\\/person\\\/7d2f77db033c2c0929edfab6dbe8c588\"},\"description\":\"Espa\u00f1a: El Papa ha nombrado obispo de Bilbao a Mons. Joseba Segura Etxezarraga, hasta ahora obispo titular de Basti y auxiliar de esa sede\",\"breadcrumb\":{\"@id\":\"https:\\\/\\\/exaudi.org\\\/es\\\/espana-el-papa-nombra-al-obispo-de-bilbao\\\/#breadcrumb\"},\"inLanguage\":\"es\",\"potentialAction\":[{\"@type\":\"ReadAction\",\"target\":[\"https:\\\/\\\/exaudi.org\\\/es\\\/espana-el-papa-nombra-al-obispo-de-bilbao\\\/\"]}]},{\"@type\":\"ImageObject\",\"inLanguage\":\"es\",\"@id\":\"https:\\\/\\\/exaudi.org\\\/es\\\/espana-el-papa-nombra-al-obispo-de-bilbao\\\/#primaryimage\",\"url\":\"https:\\\/\\\/exaudi.org\\\/wp-content\\\/uploads\\\/2021\\\/05\\\/Mons.-Joseba-Segura.jpg\",\"contentUrl\":\"https:\\\/\\\/exaudi.org\\\/wp-content\\\/uploads\\\/2021\\\/05\\\/Mons.-Joseba-Segura.jpg\",\"width\":800,\"height\":600,\"caption\":\"Mons. Joseba Segura Etxezarraga \u00a9 Conferencia Episcopal Espa\u00f1ola\"},{\"@type\":\"BreadcrumbList\",\"@id\":\"https:\\\/\\\/exaudi.org\\\/es\\\/espana-el-papa-nombra-al-obispo-de-bilbao\\\/#breadcrumb\",\"itemListElement\":[{\"@type\":\"ListItem\",\"position\":1,\"name\":\"Portada\",\"item\":\"https:\\\/\\\/exaudi.org\\\/es\\\/\"},{\"@type\":\"ListItem\",\"position\":2,\"name\":\"Espa\u00f1a: El Papa nombra al obispo de Bilbao\"}]},{\"@type\":\"WebSite\",\"@id\":\"https:\\\/\\\/exaudi.org\\\/#website\",\"url\":\"https:\\\/\\\/exaudi.org\\\/\",\"name\":\"Exaudi\",\"description\":\"News\",\"potentialAction\":[{\"@type\":\"SearchAction\",\"target\":{\"@type\":\"EntryPoint\",\"urlTemplate\":\"https:\\\/\\\/exaudi.org\\\/?s={search_term_string}\"},\"query-input\":{\"@type\":\"PropertyValueSpecification\",\"valueRequired\":true,\"valueName\":\"search_term_string\"}}],\"inLanguage\":\"es\"},{\"@type\":\"Person\",\"@id\":\"https:\\\/\\\/exaudi.org\\\/#\\\/schema\\\/person\\\/7d2f77db033c2c0929edfab6dbe8c588\",\"name\":\"Larissa I. L\u00f3pez\",\"image\":{\"@type\":\"ImageObject\",\"inLanguage\":\"es\",\"@id\":\"https:\\\/\\\/secure.gravatar.com\\\/avatar\\\/db3ef399ff343d0bb9d25dc5198bc8ece5ac6d621eca79876697a354dabc1e3f?s=96&d=mm&r=g\",\"url\":\"https:\\\/\\\/secure.gravatar.com\\\/avatar\\\/db3ef399ff343d0bb9d25dc5198bc8ece5ac6d621eca79876697a354dabc1e3f?s=96&d=mm&r=g\",\"contentUrl\":\"https:\\\/\\\/secure.gravatar.com\\\/avatar\\\/db3ef399ff343d0bb9d25dc5198bc8ece5ac6d621eca79876697a354dabc1e3f?s=96&d=mm&r=g\",\"caption\":\"Larissa I. L\u00f3pez\"},\"description\":\"Doctora en Comunicaci\u00f3n. Mi trayectoria profesional ha transcurrido entre el \u00e1mbito de la comunicaci\u00f3n y el de la docencia. En los \u00faltimos a\u00f1os, he trabajado como coordinadora y redactora de la edici\u00f3n de ZENIT en espa\u00f1ol. Como profesora, he impartido clases en la universidad y en centros de FP y bachillerato. Cordobesa de nacimiento, tambi\u00e9n he vivido en Sevilla, Madrid y Roma\",\"url\":\"https:\\\/\\\/exaudi.org\\\/es\\\/author\\\/llopezexaudi-org\\\/\"}]}<\/script>\n<!-- \/ Yoast SEO plugin. -->","yoast_head_json":{"title":"Espa\u00f1a: El Papa nombra al obispo de Bilbao &#8211; Exaudi","description":"Espa\u00f1a: El Papa ha nombrado obispo de Bilbao a Mons. Joseba Segura Etxezarraga, hasta ahora obispo titular de Basti y auxiliar de esa sede","robots":{"index":"index","follow":"follow","max-snippet":"max-snippet:-1","max-image-preview":"max-image-preview:large","max-video-preview":"max-video-preview:-1"},"canonical":"https:\/\/exaudi.org\/es\/espana-el-papa-nombra-al-obispo-de-bilbao\/","og_locale":"es_ES","og_type":"article","og_title":"Espa\u00f1a: El Papa nombra al obispo de Bilbao &#8211; Exaudi","og_description":"Espa\u00f1a: El Papa ha nombrado obispo de Bilbao a Mons. Joseba Segura Etxezarraga, hasta ahora obispo titular de Basti y auxiliar de esa sede","og_url":"https:\/\/exaudi.org\/es\/espana-el-papa-nombra-al-obispo-de-bilbao\/","og_site_name":"Exaudi","article_publisher":"https:\/\/www.facebook.com\/ExaudiNews","article_published_time":"2021-05-11T10:50:08+00:00","article_modified_time":"2021-05-11T13:15:24+00:00","og_image":[{"width":800,"height":600,"url":"https:\/\/exaudi.org\/wp-content\/uploads\/2021\/05\/Mons.-Joseba-Segura.jpg","type":"image\/jpeg"}],"author":"Larissa I. L\u00f3pez","twitter_card":"summary_large_image","twitter_creator":"@Exaudi_News","twitter_site":"@Exaudi_News","twitter_misc":{"Escrito por":"Larissa I. L\u00f3pez","Tiempo de lectura":"2 minutos"},"schema":{"@context":"https:\/\/schema.org","@graph":[{"@type":"Article","@id":"https:\/\/exaudi.org\/es\/espana-el-papa-nombra-al-obispo-de-bilbao\/#article","isPartOf":{"@id":"https:\/\/exaudi.org\/es\/espana-el-papa-nombra-al-obispo-de-bilbao\/"},"author":{"name":"Larissa I. L\u00f3pez","@id":"https:\/\/exaudi.org\/#\/schema\/person\/7d2f77db033c2c0929edfab6dbe8c588"},"headline":"Espa\u00f1a: El Papa nombra al obispo de Bilbao","datePublished":"2021-05-11T10:50:08+00:00","dateModified":"2021-05-11T13:15:24+00:00","mainEntityOfPage":{"@id":"https:\/\/exaudi.org\/es\/espana-el-papa-nombra-al-obispo-de-bilbao\/"},"wordCount":316,"image":{"@id":"https:\/\/exaudi.org\/es\/espana-el-papa-nombra-al-obispo-de-bilbao\/#primaryimage"},"thumbnailUrl":"https:\/\/exaudi.org\/wp-content\/uploads\/2021\/05\/Mons.-Joseba-Segura.jpg","keywords":["Bilbao","Di\u00f3cesis de Bilbao","Espa\u00f1a","Monse\u00f1or Joseba Segura Etxezarraga","papa francisco"],"articleSection":["Iglesia Local","\u00daltimas noticias"],"inLanguage":"es"},{"@type":"WebPage","@id":"https:\/\/exaudi.org\/es\/espana-el-papa-nombra-al-obispo-de-bilbao\/","url":"https:\/\/exaudi.org\/es\/espana-el-papa-nombra-al-obispo-de-bilbao\/","name":"Espa\u00f1a: El Papa nombra al obispo de Bilbao &#8211; Exaudi","isPartOf":{"@id":"https:\/\/exaudi.org\/#website"},"primaryImageOfPage":{"@id":"https:\/\/exaudi.org\/es\/espana-el-papa-nombra-al-obispo-de-bilbao\/#primaryimage"},"image":{"@id":"https:\/\/exaudi.org\/es\/espana-el-papa-nombra-al-obispo-de-bilbao\/#primaryimage"},"thumbnailUrl":"https:\/\/exaudi.org\/wp-content\/uploads\/2021\/05\/Mons.-Joseba-Segura.jpg","datePublished":"2021-05-11T10:50:08+00:00","dateModified":"2021-05-11T13:15:24+00:00","author":{"@id":"https:\/\/exaudi.org\/#\/schema\/person\/7d2f77db033c2c0929edfab6dbe8c588"},"description":"Espa\u00f1a: El Papa ha nombrado obispo de Bilbao a Mons. Joseba Segura Etxezarraga, hasta ahora obispo titular de Basti y auxiliar de esa sede","breadcrumb":{"@id":"https:\/\/exaudi.org\/es\/espana-el-papa-nombra-al-obispo-de-bilbao\/#breadcrumb"},"inLanguage":"es","potentialAction":[{"@type":"ReadAction","target":["https:\/\/exaudi.org\/es\/espana-el-papa-nombra-al-obispo-de-bilbao\/"]}]},{"@type":"ImageObject","inLanguage":"es","@id":"https:\/\/exaudi.org\/es\/espana-el-papa-nombra-al-obispo-de-bilbao\/#primaryimage","url":"https:\/\/exaudi.org\/wp-content\/uploads\/2021\/05\/Mons.-Joseba-Segura.jpg","contentUrl":"https:\/\/exaudi.org\/wp-content\/uploads\/2021\/05\/Mons.-Joseba-Segura.jpg","width":800,"height":600,"caption":"Mons. Joseba Segura Etxezarraga \u00a9 Conferencia Episcopal Espa\u00f1ola"},{"@type":"BreadcrumbList","@id":"https:\/\/exaudi.org\/es\/espana-el-papa-nombra-al-obispo-de-bilbao\/#breadcrumb","itemListElement":[{"@type":"ListItem","position":1,"name":"Portada","item":"https:\/\/exaudi.org\/es\/"},{"@type":"ListItem","position":2,"name":"Espa\u00f1a: El Papa nombra al obispo de Bilbao"}]},{"@type":"WebSite","@id":"https:\/\/exaudi.org\/#website","url":"https:\/\/exaudi.org\/","name":"Exaudi","description":"News","potentialAction":[{"@type":"SearchAction","target":{"@type":"EntryPoint","urlTemplate":"https:\/\/exaudi.org\/?s={search_term_string}"},"query-input":{"@type":"PropertyValueSpecification","valueRequired":true,"valueName":"search_term_string"}}],"inLanguage":"es"},{"@type":"Person","@id":"https:\/\/exaudi.org\/#\/schema\/person\/7d2f77db033c2c0929edfab6dbe8c588","name":"Larissa I. L\u00f3pez","image":{"@type":"ImageObject","inLanguage":"es","@id":"https:\/\/secure.gravatar.com\/avatar\/db3ef399ff343d0bb9d25dc5198bc8ece5ac6d621eca79876697a354dabc1e3f?s=96&d=mm&r=g","url":"https:\/\/secure.gravatar.com\/avatar\/db3ef399ff343d0bb9d25dc5198bc8ece5ac6d621eca79876697a354dabc1e3f?s=96&d=mm&r=g","contentUrl":"https:\/\/secure.gravatar.com\/avatar\/db3ef399ff343d0bb9d25dc5198bc8ece5ac6d621eca79876697a354dabc1e3f?s=96&d=mm&r=g","caption":"Larissa I. L\u00f3pez"},"description":"Doctora en Comunicaci\u00f3n. Mi trayectoria profesional ha transcurrido entre el \u00e1mbito de la comunicaci\u00f3n y el de la docencia. En los \u00faltimos a\u00f1os, he trabajado como coordinadora y redactora de la edici\u00f3n de ZENIT en espa\u00f1ol. Como profesora, he impartido clases en la universidad y en centros de FP y bachillerato. Cordobesa de nacimiento, tambi\u00e9n he vivido en Sevilla, Madrid y Roma","url":"https:\/\/exaudi.org\/es\/author\/llopezexaudi-org\/"}]}},"jetpack_featured_media_url":"https:\/\/exaudi.org\/wp-content\/uploads\/2021\/05\/Mons.-Joseba-Segura.jpg","jetpack_shortlink":"https:\/\/wp.me\/pgKjF2-4cY","_links":{"self":[{"href":"https:\/\/exaudi.org\/es\/wp-json\/wp\/v2\/posts\/16180","targetHints":{"allow":["GET"]}}],"collection":[{"href":"https:\/\/exaudi.org\/es\/wp-json\/wp\/v2\/posts"}],"about":[{"href":"https:\/\/exaudi.org\/es\/wp-json\/wp\/v2\/types\/post"}],"author":[{"embeddable":true,"href":"https:\/\/exaudi.org\/es\/wp-json\/wp\/v2\/users\/5"}],"replies":[{"embeddable":true,"href":"https:\/\/exaudi.org\/es\/wp-json\/wp\/v2\/comments?post=16180"}],"version-history":[{"count":0,"href":"https:\/\/exaudi.org\/es\/wp-json\/wp\/v2\/posts\/16180\/revisions"}],"wp:featuredmedia":[{"embeddable":true,"href":"https:\/\/exaudi.org\/es\/wp-json\/wp\/v2\/media\/16182"}],"wp:attachment":[{"href":"https:\/\/exaudi.org\/es\/wp-json\/wp\/v2\/media?parent=16180"}],"wp:term":[{"taxonomy":"category","embeddable":true,"href":"https:\/\/exaudi.org\/es\/wp-json\/wp\/v2\/categories?post=16180"},{"taxonomy":"post_tag","embeddable":true,"href":"https:\/\/exaudi.org\/es\/wp-json\/wp\/v2\/tags?post=16180"}],"curies":[{"name":"wp","href":"https:\/\/api.w.org\/{rel}","templated":true}]}}