{"id":161352,"date":"2026-03-10T11:19:54","date_gmt":"2026-03-10T10:19:54","guid":{"rendered":"https:\/\/exaudi.org\/?p=161352"},"modified":"2026-03-10T14:21:12","modified_gmt":"2026-03-10T13:21:12","slug":"leon-xiv-expresa-su-profundo-dolor-por-los-ninos-inocentes-y-las-victimas-de-los-bombardeos-en-medio-oriente","status":"publish","type":"post","link":"https:\/\/exaudi.org\/es\/leon-xiv-expresa-su-profundo-dolor-por-los-ninos-inocentes-y-las-victimas-de-los-bombardeos-en-medio-oriente\/","title":{"rendered":"Le\u00f3n XIV expresa su profundo dolor por los ni\u00f1os inocentes y las v\u00edctimas de los bombardeos en Medio Oriente"},"content":{"rendered":"<p>A trav\u00e9s de un comunicado difundido por la Oficina de Prensa de la Santa Sede el 9 de marzo de 2026, el Papa Le\u00f3n XIV manifest\u00f3 su \u201cprofundo dolor\u201d por todas las v\u00edctimas de los bombardeos en Medio Oriente, con especial menci\u00f3n a \u201ctantos inocentes, entre ellos muchos ni\u00f1os\u201d y a quienes les prestaban auxilio.<\/p>\n<p>El mensaje papal destaca el caso del padre Pierre El-Rahi (tambi\u00e9n referido como Padre Elrahi en algunas versiones), sacerdote maronita de 50 a\u00f1os, quien falleci\u00f3 ese mismo d\u00eda en Qlaya (o Qlayaa), L\u00edbano, tras resultar herido en un ataque mientras socorr\u00eda a feligreses. Seg\u00fan el testimonio del padre franciscano Toufic Bou Merhi, p\u00e1rroco latino en Tiro y Deirmimas, el sacerdote acudi\u00f3 junto a varios j\u00f3venes a ayudar a un feligr\u00e9s cuya casa hab\u00eda sido alcanzada por un tanque israel\u00ed en una zona monta\u00f1osa de su parroquia. Durante un segundo impacto, El-Rahi fue herido de gravedad y, pese a ser trasladado r\u00e1pidamente a un hospital cercano, no pudo sobrevivir.<\/p>\n<p>El Papa sigue \u201ccon preocupaci\u00f3n\u201d los acontecimientos en la regi\u00f3n, que incluyen bombardeos en L\u00edbano y otros pa\u00edses de Medio Oriente. Seg\u00fan datos citados de organizaciones como UNICEF y Save the Children, alrededor de 300 menores han perdido la vida desde el inicio de la actual escalada de violencia.<\/p>\n<p>Le\u00f3n XIV expresa su oraci\u00f3n para que \u201ccese al m\u00e1s pronto posible toda hostilidad\u201d en las regiones afectadas y hace un llamado impl\u00edcito a la paz mediante el silencio de las armas, permitiendo espacio para el di\u00e1logo y la reconciliaci\u00f3n. El comunicado enfatiza la cercan\u00eda del Pont\u00edfice al sufrimiento de las poblaciones civiles, especialmente las comunidades cristianas fr\u00e1giles en la zona, y condena indirectamente la continuaci\u00f3n de la violencia que genera masacres y odio.<\/p>\n<p>Este pronunciamiento se enmarca en una serie de intervenciones recientes del Papa sobre los conflictos en Medio Oriente, donde ha insistido repetidamente en que las armas no generan paz, sino destrucci\u00f3n y sufrimiento.<\/p>\n","protected":false},"excerpt":{"rendered":"<p>El Pont\u00edfice reza por el cese inmediato de las hostilidades y recuerda al sacerdote maronita Pierre El-Rahi, asesinado mientras auxiliaba a heridos en L\u00edbano<\/p>\n","protected":false},"author":15,"featured_media":161407,"comment_status":"closed","ping_status":"closed","sticky":false,"template":"","format":"standard","meta":{"_acf_changed":false,"_crdt_document":"","inline_featured_image":false,"footnotes":""},"categories":[],"tags":[101138,101142,101132,101144,101137,101136,10561,1196,101133,101145,101134,101140,625,625,625,625,625,625,625,625,83625,101143,101135,101146,101139,99671,101141],"class_list":{"0":"post-161352","1":"post","2":"type-post","3":"status-publish","4":"format-standard","5":"has-post-thumbnail","6":"hentry","7":"tag-bombardeos-israel-libano","8":"tag-conflicto-libano-israel","9":"tag-dolor-por-victimas-medio-oriente","10":"tag-escalada-violencia-region","11":"tag-guerra-medio-oriente-2026","12":"tag-libano-qlayaa","13":"tag-medio-oriente-2","14":"tag-ninos","15":"tag-ninos-inocentes-bombardeos","16":"tag-oracion-por-inocentes","17":"tag-padre-pierre-el-rahi","18":"tag-papa-reza-cese-hostilidades","19":"tag-paz","27":"tag-paz-en-oriente-proximo","28":"tag-sacerdote-auxiliar-heridos","29":"tag-sacerdote-maronita-asesinado","30":"tag-santa-sede-comunicado-marzo-2026","31":"tag-unicef-ninos-muertos","32":"tag-vaticano-noticias-paz","33":"tag-victimas-civiles-medio-oriente"},"acf":[],"yoast_head":"<!-- This site is optimized with the Yoast SEO plugin v27.5 - https:\/\/yoast.com\/product\/yoast-seo-wordpress\/ -->\n<title>Le\u00f3n XIV expresa su profundo dolor por los ni\u00f1os inocentes y las v\u00edctimas de los bombardeos en Medio Oriente &#8211; Exaudi<\/title>\n<meta name=\"robots\" content=\"index, follow, max-snippet:-1, max-image-preview:large, max-video-preview:-1\" \/>\n<link rel=\"canonical\" href=\"https:\/\/exaudi.org\/es\/leon-xiv-expresa-su-profundo-dolor-por-los-ninos-inocentes-y-las-victimas-de-los-bombardeos-en-medio-oriente\/\" \/>\n<meta property=\"og:locale\" content=\"es_ES\" \/>\n<meta property=\"og:type\" content=\"article\" \/>\n<meta property=\"og:title\" content=\"Le\u00f3n XIV expresa su profundo dolor por los ni\u00f1os inocentes y las v\u00edctimas de los bombardeos en Medio Oriente &#8211; Exaudi\" \/>\n<meta property=\"og:description\" content=\"El Pont\u00edfice reza por el cese inmediato de las hostilidades y recuerda al sacerdote maronita Pierre El-Rahi, asesinado mientras auxiliaba a heridos en L\u00edbano\" \/>\n<meta property=\"og:url\" content=\"https:\/\/exaudi.org\/es\/leon-xiv-expresa-su-profundo-dolor-por-los-ninos-inocentes-y-las-victimas-de-los-bombardeos-en-medio-oriente\/\" \/>\n<meta property=\"og:site_name\" content=\"Exaudi\" \/>\n<meta property=\"article:publisher\" content=\"https:\/\/www.facebook.com\/ExaudiNews\" \/>\n<meta property=\"article:author\" content=\"https:\/\/www.facebook.com\/ExaudiNoticias\/\" \/>\n<meta property=\"article:published_time\" content=\"2026-03-10T10:19:54+00:00\" \/>\n<meta property=\"article:modified_time\" content=\"2026-03-10T13:21:12+00:00\" \/>\n<meta property=\"og:image\" content=\"https:\/\/exaudi.org\/wp-content\/uploads\/2026\/03\/cq5dam.thumbnail.cropped.500.281-1-1.jpg\" \/>\n\t<meta property=\"og:image:width\" content=\"1360\" \/>\n\t<meta property=\"og:image:height\" content=\"768\" \/>\n\t<meta property=\"og:image:type\" content=\"image\/jpeg\" \/>\n<meta name=\"author\" content=\"Exaudi Redacci\u00f3n\" \/>\n<meta name=\"twitter:card\" content=\"summary_large_image\" \/>\n<meta name=\"twitter:creator\" content=\"@Exaudi_noticias\" \/>\n<meta name=\"twitter:site\" content=\"@Exaudi_News\" \/>\n<meta name=\"twitter:label1\" content=\"Escrito por\" \/>\n\t<meta name=\"twitter:data1\" content=\"Exaudi Redacci\u00f3n\" \/>\n\t<meta name=\"twitter:label2\" content=\"Tiempo de lectura\" \/>\n\t<meta name=\"twitter:data2\" content=\"2 minutos\" \/>\n<script type=\"application\/ld+json\" class=\"yoast-schema-graph\">{\"@context\":\"https:\\\/\\\/schema.org\",\"@graph\":[{\"@type\":\"Article\",\"@id\":\"https:\\\/\\\/exaudi.org\\\/es\\\/leon-xiv-expresa-su-profundo-dolor-por-los-ninos-inocentes-y-las-victimas-de-los-bombardeos-en-medio-oriente\\\/#article\",\"isPartOf\":{\"@id\":\"https:\\\/\\\/exaudi.org\\\/es\\\/leon-xiv-expresa-su-profundo-dolor-por-los-ninos-inocentes-y-las-victimas-de-los-bombardeos-en-medio-oriente\\\/\"},\"author\":{\"name\":\"Exaudi Redacci\u00f3n\",\"@id\":\"https:\\\/\\\/exaudi.org\\\/#\\\/schema\\\/person\\\/f5fc8f063065e38742da7afe15f25df7\"},\"headline\":\"Le\u00f3n XIV expresa su profundo dolor por los ni\u00f1os inocentes y las v\u00edctimas de los bombardeos en Medio Oriente\",\"datePublished\":\"2026-03-10T10:19:54+00:00\",\"dateModified\":\"2026-03-10T13:21:12+00:00\",\"mainEntityOfPage\":{\"@id\":\"https:\\\/\\\/exaudi.org\\\/es\\\/leon-xiv-expresa-su-profundo-dolor-por-los-ninos-inocentes-y-las-victimas-de-los-bombardeos-en-medio-oriente\\\/\"},\"wordCount\":370,\"image\":{\"@id\":\"https:\\\/\\\/exaudi.org\\\/es\\\/leon-xiv-expresa-su-profundo-dolor-por-los-ninos-inocentes-y-las-victimas-de-los-bombardeos-en-medio-oriente\\\/#primaryimage\"},\"thumbnailUrl\":\"https:\\\/\\\/exaudi.org\\\/wp-content\\\/uploads\\\/2026\\\/03\\\/cq5dam.thumbnail.cropped.500.281-1-1.jpg\",\"keywords\":[\"bombardeos Israel L\u00edbano\",\"conflicto L\u00edbano Israel\",\"dolor por v\u00edctimas Medio Oriente\",\"escalada violencia regi\u00f3n\",\"guerra Medio Oriente 2026\",\"L\u00edbano Qlayaa\",\"Medio Oriente\",\"Ni\u00f1os\",\"ni\u00f1os inocentes bombardeos\",\"oraci\u00f3n por inocentes\",\"padre Pierre El-Rahi\",\"Papa reza cese hostilidades\",\"Paz\",\"Paz\",\"Paz\",\"Paz\",\"Paz\",\"Paz\",\"Paz\",\"Paz\",\"paz en Oriente Pr\u00f3ximo\",\"sacerdote auxiliar heridos\",\"sacerdote maronita asesinado\",\"Santa Sede comunicado marzo 2026\",\"UNICEF ni\u00f1os muertos\",\"Vaticano noticias paz\",\"v\u00edctimas civiles Medio Oriente\"],\"inLanguage\":\"es\"},{\"@type\":\"WebPage\",\"@id\":\"https:\\\/\\\/exaudi.org\\\/es\\\/leon-xiv-expresa-su-profundo-dolor-por-los-ninos-inocentes-y-las-victimas-de-los-bombardeos-en-medio-oriente\\\/\",\"url\":\"https:\\\/\\\/exaudi.org\\\/es\\\/leon-xiv-expresa-su-profundo-dolor-por-los-ninos-inocentes-y-las-victimas-de-los-bombardeos-en-medio-oriente\\\/\",\"name\":\"Le\u00f3n XIV expresa su profundo dolor por los ni\u00f1os inocentes y las v\u00edctimas de los bombardeos en Medio Oriente &#8211; Exaudi\",\"isPartOf\":{\"@id\":\"https:\\\/\\\/exaudi.org\\\/#website\"},\"primaryImageOfPage\":{\"@id\":\"https:\\\/\\\/exaudi.org\\\/es\\\/leon-xiv-expresa-su-profundo-dolor-por-los-ninos-inocentes-y-las-victimas-de-los-bombardeos-en-medio-oriente\\\/#primaryimage\"},\"image\":{\"@id\":\"https:\\\/\\\/exaudi.org\\\/es\\\/leon-xiv-expresa-su-profundo-dolor-por-los-ninos-inocentes-y-las-victimas-de-los-bombardeos-en-medio-oriente\\\/#primaryimage\"},\"thumbnailUrl\":\"https:\\\/\\\/exaudi.org\\\/wp-content\\\/uploads\\\/2026\\\/03\\\/cq5dam.thumbnail.cropped.500.281-1-1.jpg\",\"datePublished\":\"2026-03-10T10:19:54+00:00\",\"dateModified\":\"2026-03-10T13:21:12+00:00\",\"author\":{\"@id\":\"https:\\\/\\\/exaudi.org\\\/#\\\/schema\\\/person\\\/f5fc8f063065e38742da7afe15f25df7\"},\"breadcrumb\":{\"@id\":\"https:\\\/\\\/exaudi.org\\\/es\\\/leon-xiv-expresa-su-profundo-dolor-por-los-ninos-inocentes-y-las-victimas-de-los-bombardeos-en-medio-oriente\\\/#breadcrumb\"},\"inLanguage\":\"es\",\"potentialAction\":[{\"@type\":\"ReadAction\",\"target\":[\"https:\\\/\\\/exaudi.org\\\/es\\\/leon-xiv-expresa-su-profundo-dolor-por-los-ninos-inocentes-y-las-victimas-de-los-bombardeos-en-medio-oriente\\\/\"]}]},{\"@type\":\"ImageObject\",\"inLanguage\":\"es\",\"@id\":\"https:\\\/\\\/exaudi.org\\\/es\\\/leon-xiv-expresa-su-profundo-dolor-por-los-ninos-inocentes-y-las-victimas-de-los-bombardeos-en-medio-oriente\\\/#primaryimage\",\"url\":\"https:\\\/\\\/exaudi.org\\\/wp-content\\\/uploads\\\/2026\\\/03\\\/cq5dam.thumbnail.cropped.500.281-1-1.jpg\",\"contentUrl\":\"https:\\\/\\\/exaudi.org\\\/wp-content\\\/uploads\\\/2026\\\/03\\\/cq5dam.thumbnail.cropped.500.281-1-1.jpg\",\"width\":1360,\"height\":768},{\"@type\":\"BreadcrumbList\",\"@id\":\"https:\\\/\\\/exaudi.org\\\/es\\\/leon-xiv-expresa-su-profundo-dolor-por-los-ninos-inocentes-y-las-victimas-de-los-bombardeos-en-medio-oriente\\\/#breadcrumb\",\"itemListElement\":[{\"@type\":\"ListItem\",\"position\":1,\"name\":\"Portada\",\"item\":\"https:\\\/\\\/exaudi.org\\\/es\\\/\"},{\"@type\":\"ListItem\",\"position\":2,\"name\":\"Le\u00f3n XIV expresa su profundo dolor por los ni\u00f1os inocentes y las v\u00edctimas de los bombardeos en Medio Oriente\"}]},{\"@type\":\"WebSite\",\"@id\":\"https:\\\/\\\/exaudi.org\\\/#website\",\"url\":\"https:\\\/\\\/exaudi.org\\\/\",\"name\":\"Exaudi\",\"description\":\"News\",\"potentialAction\":[{\"@type\":\"SearchAction\",\"target\":{\"@type\":\"EntryPoint\",\"urlTemplate\":\"https:\\\/\\\/exaudi.org\\\/?s={search_term_string}\"},\"query-input\":{\"@type\":\"PropertyValueSpecification\",\"valueRequired\":true,\"valueName\":\"search_term_string\"}}],\"inLanguage\":\"es\"},{\"@type\":\"Person\",\"@id\":\"https:\\\/\\\/exaudi.org\\\/#\\\/schema\\\/person\\\/f5fc8f063065e38742da7afe15f25df7\",\"name\":\"Exaudi Redacci\u00f3n\",\"image\":{\"@type\":\"ImageObject\",\"inLanguage\":\"es\",\"@id\":\"https:\\\/\\\/secure.gravatar.com\\\/avatar\\\/fe0f6a059fb68d9b3e11bc5850dd4899b1c7492091a3cb6dd9b01b56ad828be2?s=96&d=mm&r=g\",\"url\":\"https:\\\/\\\/secure.gravatar.com\\\/avatar\\\/fe0f6a059fb68d9b3e11bc5850dd4899b1c7492091a3cb6dd9b01b56ad828be2?s=96&d=mm&r=g\",\"contentUrl\":\"https:\\\/\\\/secure.gravatar.com\\\/avatar\\\/fe0f6a059fb68d9b3e11bc5850dd4899b1c7492091a3cb6dd9b01b56ad828be2?s=96&d=mm&r=g\",\"caption\":\"Exaudi Redacci\u00f3n\"},\"description\":\"\u00bfQu\u00e9 es Exaudi News? Exaudi News es un medio de comunicaci\u00f3n cat\u00f3lico internacional que informa, forma y transforma, diariamente en espa\u00f1ol, ingl\u00e9s e italiano. A trav\u00e9s de noticias, art\u00edculos de an\u00e1lisis y transmisiones en directo de los eventos del Papa, Exaudi busca fortalecer la unidad de los cristianos y contribuir a la evangelizaci\u00f3n del mundo, siempre guiados por la doctrina social de la Iglesia. Trabajamos para acercar la verdad y los valores cristianos a cada rinc\u00f3n del planeta. \u00a1Ay\u00fadanos a transformar el mundo con Exaudi! En Exaudi creemos que la evangelizaci\u00f3n y la informaci\u00f3n de calidad pueden cambiar vidas. Para continuar con nuestra misi\u00f3n y expandir nuestro alcance, necesitamos tu ayuda. Adem\u00e1s, buscamos personas comprometidas que deseen unirse a nuestro equipo. Con tu apoyo, lograremos llegar a m\u00e1s personas, difundir el mensaje de Cristo y reforzar la unidad de los cristianos. \u00bfTe unes a nuestra misi\u00f3n? Para m\u00e1s informaci\u00f3n sobre c\u00f3mo colaborar, visita Exaudi.org\\\/es o cont\u00e1ctanos directamente: info@exaudi.org Exaudi: Informa, forma y transforma.\",\"sameAs\":[\"https:\\\/\\\/www.facebook.com\\\/ExaudiNoticias\\\/\",\"https:\\\/\\\/www.instagram.com\\\/exaudi_noticias\\\/\",\"https:\\\/\\\/x.com\\\/Exaudi_noticias\",\"https:\\\/\\\/www.youtube.com\\\/@exaudicatholicnews\"],\"url\":\"https:\\\/\\\/exaudi.org\\\/es\\\/author\\\/redaccionexaudi\\\/\"}]}<\/script>\n<!-- \/ Yoast SEO plugin. -->","yoast_head_json":{"title":"Le\u00f3n XIV expresa su profundo dolor por los ni\u00f1os inocentes y las v\u00edctimas de los bombardeos en Medio Oriente &#8211; Exaudi","robots":{"index":"index","follow":"follow","max-snippet":"max-snippet:-1","max-image-preview":"max-image-preview:large","max-video-preview":"max-video-preview:-1"},"canonical":"https:\/\/exaudi.org\/es\/leon-xiv-expresa-su-profundo-dolor-por-los-ninos-inocentes-y-las-victimas-de-los-bombardeos-en-medio-oriente\/","og_locale":"es_ES","og_type":"article","og_title":"Le\u00f3n XIV expresa su profundo dolor por los ni\u00f1os inocentes y las v\u00edctimas de los bombardeos en Medio Oriente &#8211; Exaudi","og_description":"El Pont\u00edfice reza por el cese inmediato de las hostilidades y recuerda al sacerdote maronita Pierre El-Rahi, asesinado mientras auxiliaba a heridos en L\u00edbano","og_url":"https:\/\/exaudi.org\/es\/leon-xiv-expresa-su-profundo-dolor-por-los-ninos-inocentes-y-las-victimas-de-los-bombardeos-en-medio-oriente\/","og_site_name":"Exaudi","article_publisher":"https:\/\/www.facebook.com\/ExaudiNews","article_author":"https:\/\/www.facebook.com\/ExaudiNoticias\/","article_published_time":"2026-03-10T10:19:54+00:00","article_modified_time":"2026-03-10T13:21:12+00:00","og_image":[{"width":1360,"height":768,"url":"https:\/\/exaudi.org\/wp-content\/uploads\/2026\/03\/cq5dam.thumbnail.cropped.500.281-1-1.jpg","type":"image\/jpeg"}],"author":"Exaudi Redacci\u00f3n","twitter_card":"summary_large_image","twitter_creator":"@Exaudi_noticias","twitter_site":"@Exaudi_News","twitter_misc":{"Escrito por":"Exaudi Redacci\u00f3n","Tiempo de lectura":"2 minutos"},"schema":{"@context":"https:\/\/schema.org","@graph":[{"@type":"Article","@id":"https:\/\/exaudi.org\/es\/leon-xiv-expresa-su-profundo-dolor-por-los-ninos-inocentes-y-las-victimas-de-los-bombardeos-en-medio-oriente\/#article","isPartOf":{"@id":"https:\/\/exaudi.org\/es\/leon-xiv-expresa-su-profundo-dolor-por-los-ninos-inocentes-y-las-victimas-de-los-bombardeos-en-medio-oriente\/"},"author":{"name":"Exaudi Redacci\u00f3n","@id":"https:\/\/exaudi.org\/#\/schema\/person\/f5fc8f063065e38742da7afe15f25df7"},"headline":"Le\u00f3n XIV expresa su profundo dolor por los ni\u00f1os inocentes y las v\u00edctimas de los bombardeos en Medio Oriente","datePublished":"2026-03-10T10:19:54+00:00","dateModified":"2026-03-10T13:21:12+00:00","mainEntityOfPage":{"@id":"https:\/\/exaudi.org\/es\/leon-xiv-expresa-su-profundo-dolor-por-los-ninos-inocentes-y-las-victimas-de-los-bombardeos-en-medio-oriente\/"},"wordCount":370,"image":{"@id":"https:\/\/exaudi.org\/es\/leon-xiv-expresa-su-profundo-dolor-por-los-ninos-inocentes-y-las-victimas-de-los-bombardeos-en-medio-oriente\/#primaryimage"},"thumbnailUrl":"https:\/\/exaudi.org\/wp-content\/uploads\/2026\/03\/cq5dam.thumbnail.cropped.500.281-1-1.jpg","keywords":["bombardeos Israel L\u00edbano","conflicto L\u00edbano Israel","dolor por v\u00edctimas Medio Oriente","escalada violencia regi\u00f3n","guerra Medio Oriente 2026","L\u00edbano Qlayaa","Medio Oriente","Ni\u00f1os","ni\u00f1os inocentes bombardeos","oraci\u00f3n por inocentes","padre Pierre El-Rahi","Papa reza cese hostilidades","Paz","Paz","Paz","Paz","Paz","Paz","Paz","Paz","paz en Oriente Pr\u00f3ximo","sacerdote auxiliar heridos","sacerdote maronita asesinado","Santa Sede comunicado marzo 2026","UNICEF ni\u00f1os muertos","Vaticano noticias paz","v\u00edctimas civiles Medio Oriente"],"inLanguage":"es"},{"@type":"WebPage","@id":"https:\/\/exaudi.org\/es\/leon-xiv-expresa-su-profundo-dolor-por-los-ninos-inocentes-y-las-victimas-de-los-bombardeos-en-medio-oriente\/","url":"https:\/\/exaudi.org\/es\/leon-xiv-expresa-su-profundo-dolor-por-los-ninos-inocentes-y-las-victimas-de-los-bombardeos-en-medio-oriente\/","name":"Le\u00f3n XIV expresa su profundo dolor por los ni\u00f1os inocentes y las v\u00edctimas de los bombardeos en Medio Oriente &#8211; Exaudi","isPartOf":{"@id":"https:\/\/exaudi.org\/#website"},"primaryImageOfPage":{"@id":"https:\/\/exaudi.org\/es\/leon-xiv-expresa-su-profundo-dolor-por-los-ninos-inocentes-y-las-victimas-de-los-bombardeos-en-medio-oriente\/#primaryimage"},"image":{"@id":"https:\/\/exaudi.org\/es\/leon-xiv-expresa-su-profundo-dolor-por-los-ninos-inocentes-y-las-victimas-de-los-bombardeos-en-medio-oriente\/#primaryimage"},"thumbnailUrl":"https:\/\/exaudi.org\/wp-content\/uploads\/2026\/03\/cq5dam.thumbnail.cropped.500.281-1-1.jpg","datePublished":"2026-03-10T10:19:54+00:00","dateModified":"2026-03-10T13:21:12+00:00","author":{"@id":"https:\/\/exaudi.org\/#\/schema\/person\/f5fc8f063065e38742da7afe15f25df7"},"breadcrumb":{"@id":"https:\/\/exaudi.org\/es\/leon-xiv-expresa-su-profundo-dolor-por-los-ninos-inocentes-y-las-victimas-de-los-bombardeos-en-medio-oriente\/#breadcrumb"},"inLanguage":"es","potentialAction":[{"@type":"ReadAction","target":["https:\/\/exaudi.org\/es\/leon-xiv-expresa-su-profundo-dolor-por-los-ninos-inocentes-y-las-victimas-de-los-bombardeos-en-medio-oriente\/"]}]},{"@type":"ImageObject","inLanguage":"es","@id":"https:\/\/exaudi.org\/es\/leon-xiv-expresa-su-profundo-dolor-por-los-ninos-inocentes-y-las-victimas-de-los-bombardeos-en-medio-oriente\/#primaryimage","url":"https:\/\/exaudi.org\/wp-content\/uploads\/2026\/03\/cq5dam.thumbnail.cropped.500.281-1-1.jpg","contentUrl":"https:\/\/exaudi.org\/wp-content\/uploads\/2026\/03\/cq5dam.thumbnail.cropped.500.281-1-1.jpg","width":1360,"height":768},{"@type":"BreadcrumbList","@id":"https:\/\/exaudi.org\/es\/leon-xiv-expresa-su-profundo-dolor-por-los-ninos-inocentes-y-las-victimas-de-los-bombardeos-en-medio-oriente\/#breadcrumb","itemListElement":[{"@type":"ListItem","position":1,"name":"Portada","item":"https:\/\/exaudi.org\/es\/"},{"@type":"ListItem","position":2,"name":"Le\u00f3n XIV expresa su profundo dolor por los ni\u00f1os inocentes y las v\u00edctimas de los bombardeos en Medio Oriente"}]},{"@type":"WebSite","@id":"https:\/\/exaudi.org\/#website","url":"https:\/\/exaudi.org\/","name":"Exaudi","description":"News","potentialAction":[{"@type":"SearchAction","target":{"@type":"EntryPoint","urlTemplate":"https:\/\/exaudi.org\/?s={search_term_string}"},"query-input":{"@type":"PropertyValueSpecification","valueRequired":true,"valueName":"search_term_string"}}],"inLanguage":"es"},{"@type":"Person","@id":"https:\/\/exaudi.org\/#\/schema\/person\/f5fc8f063065e38742da7afe15f25df7","name":"Exaudi Redacci\u00f3n","image":{"@type":"ImageObject","inLanguage":"es","@id":"https:\/\/secure.gravatar.com\/avatar\/fe0f6a059fb68d9b3e11bc5850dd4899b1c7492091a3cb6dd9b01b56ad828be2?s=96&d=mm&r=g","url":"https:\/\/secure.gravatar.com\/avatar\/fe0f6a059fb68d9b3e11bc5850dd4899b1c7492091a3cb6dd9b01b56ad828be2?s=96&d=mm&r=g","contentUrl":"https:\/\/secure.gravatar.com\/avatar\/fe0f6a059fb68d9b3e11bc5850dd4899b1c7492091a3cb6dd9b01b56ad828be2?s=96&d=mm&r=g","caption":"Exaudi Redacci\u00f3n"},"description":"\u00bfQu\u00e9 es Exaudi News? Exaudi News es un medio de comunicaci\u00f3n cat\u00f3lico internacional que informa, forma y transforma, diariamente en espa\u00f1ol, ingl\u00e9s e italiano. A trav\u00e9s de noticias, art\u00edculos de an\u00e1lisis y transmisiones en directo de los eventos del Papa, Exaudi busca fortalecer la unidad de los cristianos y contribuir a la evangelizaci\u00f3n del mundo, siempre guiados por la doctrina social de la Iglesia. Trabajamos para acercar la verdad y los valores cristianos a cada rinc\u00f3n del planeta. \u00a1Ay\u00fadanos a transformar el mundo con Exaudi! En Exaudi creemos que la evangelizaci\u00f3n y la informaci\u00f3n de calidad pueden cambiar vidas. Para continuar con nuestra misi\u00f3n y expandir nuestro alcance, necesitamos tu ayuda. Adem\u00e1s, buscamos personas comprometidas que deseen unirse a nuestro equipo. Con tu apoyo, lograremos llegar a m\u00e1s personas, difundir el mensaje de Cristo y reforzar la unidad de los cristianos. \u00bfTe unes a nuestra misi\u00f3n? Para m\u00e1s informaci\u00f3n sobre c\u00f3mo colaborar, visita Exaudi.org\/es o cont\u00e1ctanos directamente: info@exaudi.org Exaudi: Informa, forma y transforma.","sameAs":["https:\/\/www.facebook.com\/ExaudiNoticias\/","https:\/\/www.instagram.com\/exaudi_noticias\/","https:\/\/x.com\/Exaudi_noticias","https:\/\/www.youtube.com\/@exaudicatholicnews"],"url":"https:\/\/exaudi.org\/es\/author\/redaccionexaudi\/"}]}},"jetpack_featured_media_url":"https:\/\/exaudi.org\/wp-content\/uploads\/2026\/03\/cq5dam.thumbnail.cropped.500.281-1-1.jpg","jetpack_shortlink":"https:\/\/wp.me\/pgKjF2-FYs","_links":{"self":[{"href":"https:\/\/exaudi.org\/es\/wp-json\/wp\/v2\/posts\/161352","targetHints":{"allow":["GET"]}}],"collection":[{"href":"https:\/\/exaudi.org\/es\/wp-json\/wp\/v2\/posts"}],"about":[{"href":"https:\/\/exaudi.org\/es\/wp-json\/wp\/v2\/types\/post"}],"author":[{"embeddable":true,"href":"https:\/\/exaudi.org\/es\/wp-json\/wp\/v2\/users\/15"}],"replies":[{"embeddable":true,"href":"https:\/\/exaudi.org\/es\/wp-json\/wp\/v2\/comments?post=161352"}],"version-history":[{"count":3,"href":"https:\/\/exaudi.org\/es\/wp-json\/wp\/v2\/posts\/161352\/revisions"}],"predecessor-version":[{"id":161358,"href":"https:\/\/exaudi.org\/es\/wp-json\/wp\/v2\/posts\/161352\/revisions\/161358"}],"wp:featuredmedia":[{"embeddable":true,"href":"https:\/\/exaudi.org\/es\/wp-json\/wp\/v2\/media\/161407"}],"wp:attachment":[{"href":"https:\/\/exaudi.org\/es\/wp-json\/wp\/v2\/media?parent=161352"}],"wp:term":[{"taxonomy":"category","embeddable":true,"href":"https:\/\/exaudi.org\/es\/wp-json\/wp\/v2\/categories?post=161352"},{"taxonomy":"post_tag","embeddable":true,"href":"https:\/\/exaudi.org\/es\/wp-json\/wp\/v2\/tags?post=161352"}],"curies":[{"name":"wp","href":"https:\/\/api.w.org\/{rel}","templated":true}]}}