{"id":161230,"date":"2026-03-09T15:04:02","date_gmt":"2026-03-09T14:04:02","guid":{"rendered":"https:\/\/exaudi.org\/?p=161230"},"modified":"2026-03-09T15:04:02","modified_gmt":"2026-03-09T14:04:02","slug":"por-que-esta-bloqueada-la-ereccion-del-monumento-al-rey-sobieski-en-viena","status":"publish","type":"post","link":"https:\/\/exaudi.org\/es\/por-que-esta-bloqueada-la-ereccion-del-monumento-al-rey-sobieski-en-viena\/","title":{"rendered":"\u00bfPor qu\u00e9 est\u00e1 bloqueada la erecci\u00f3n del monumento al rey Sobieski en Viena?"},"content":{"rendered":"<p dir=\"auto\">La batalla de Viena de 1683, tanto por su alcance como por su significado estrat\u00e9gico y pol\u00edtico, se considera una de las batallas m\u00e1s importantes de la historia europea. La victoria del rey polaco Juan III Sobieski sobre el ej\u00e9rcito del sult\u00e1n detuvo la conquista otomana de Europa y la islamizaci\u00f3n de nuestro continente. Hoy en d\u00eda, los pol\u00edticos austriacos de izquierda e islamistas impiden la construcci\u00f3n de su monumento en Viena.<\/p>\n<p dir=\"auto\">En el verano de 1682, Turqu\u00eda comenz\u00f3 los preparativos para la guerra contra Austria. El 29 de junio de 1683, un poderoso ej\u00e9rcito turco se puso en marcha hacia Viena. En Belgrado, el sult\u00e1n cedi\u00f3 el mando del ej\u00e9rcito de 110 mil hombres al Gran Visir Kara Mustafa. Las tropas austriacas, en inferioridad num\u00e9rica respecto a los turcos otomanos, se vieron obligadas a retirarse al interior. El 14 de julio comenz\u00f3 el asedio de la capital austriaca. Las fuerzas de defensa sumaban alrededor de 30 mil hombres. En esta dram\u00e1tica situaci\u00f3n, un enviado austriaco lleg\u00f3 ante el rey Juan III Sobieski solicitando ayuda. El 3 de septiembre, las fuerzas aliadas convergieron en el Danubio y Juan III Sobieski asumi\u00f3 el mando de todas las fuerzas austriacas, alemanas y polacas, por un total de 67 mil soldados (incluidos 31 mil jinetes).<\/p>\n<p dir=\"auto\">La ma\u00f1ana del 8 de septiembre de 1683, en la capilla de la colina de Kahlenberg, que domina Viena, el fraile capuchino italiano Marco d\u2019Aviano celebr\u00f3 la Santa Misa, pronunciando un ardiente serm\u00f3n. El rey de Polonia sirvi\u00f3 personalmente la Misa. Al final, en lugar de \u00abIte, missa est\u00bb, el monje dijo: \u00abVinces Joannes\u00bb \u2013 vencer\u00e1s, Juan. El 12 de septiembre, cuando las fuerzas aliadas marcharon contra los turcos, el padre Marco d\u2019Aviano tom\u00f3 una cruz y se detuvo en una colina con los caballeros. Durante el d\u00eda, corr\u00eda entre ellos, anim\u00e1ndolos y rezando con las palabras usadas en los exorcismos: \u00abEcce crux Domini, fugite partes adversae\u00bb. La batalla dur\u00f3 unas 12 horas y concluy\u00f3 con una victoria completa de las fuerzas cristianas, que no solo salv\u00f3 la capital austriaca, sino que tambi\u00e9n marc\u00f3 el colapso de la agresi\u00f3n otomana en Europa: el rey Sobieski salv\u00f3 a la Europa cristiana de la conquista isl\u00e1mica.<\/p>\n<p dir=\"auto\">La victoria en Viena tambi\u00e9n se debe a este capuchino italiano, quien despu\u00e9s de la batalla recibi\u00f3 otro importante encargo del rey polaco: entregar al Papa Inocencio XI una carta en la que Juan III Sobieski escrib\u00eda: \u00abVenimus, vidimus et Deus vicit\u00bb \u2013 \u00abVinimos, vimos y Dios venci\u00f3\u00bb. El Papa concedi\u00f3 al rey la medalla Defensor Fidei y, en memoria de la victoria de Viena, instituy\u00f3 el 12 de septiembre como fiesta del Sant\u00edsimo Nombre de Mar\u00eda.<\/p>\n<p dir=\"auto\">Los musulmanes nunca han olvidado la batalla de Viena y la derrota de las fuerzas del Sult\u00e1n. Cuando un grupo de terroristas isl\u00e1micos decidi\u00f3 declarar la guerra a Occidente atacando el coraz\u00f3n de Am\u00e9rica, eligi\u00f3 un d\u00eda especial para su ataque: el 11 de septiembre de 2001, en v\u00edsperas de la batalla de Viena. Los terroristas de Al-Qaeda admitieron abiertamente haber elegido ese d\u00eda para vengar la mayor derrota sufrida por las fuerzas musulmanas, que impidi\u00f3 la conquista de Europa.<\/p>\n<figure id=\"attachment_161231\" aria-describedby=\"caption-attachment-161231\" style=\"width: 1201px\" class=\"wp-caption alignnone\"><img loading=\"lazy\" decoding=\"async\" class=\"size-full wp-image-161231\" src=\"https:\/\/exaudi.org\/wp-content\/uploads\/2026\/03\/Sobieski-fondamento-del-monumento-sulla-collina-di-Kahlenberg.jpeg\" alt=\"\" width=\"1201\" height=\"1599\" srcset=\"https:\/\/exaudi.org\/wp-content\/uploads\/2026\/03\/Sobieski-fondamento-del-monumento-sulla-collina-di-Kahlenberg.jpeg 1201w, https:\/\/exaudi.org\/wp-content\/uploads\/2026\/03\/Sobieski-fondamento-del-monumento-sulla-collina-di-Kahlenberg-225x300.jpeg 225w, https:\/\/exaudi.org\/wp-content\/uploads\/2026\/03\/Sobieski-fondamento-del-monumento-sulla-collina-di-Kahlenberg-769x1024.jpeg 769w, https:\/\/exaudi.org\/wp-content\/uploads\/2026\/03\/Sobieski-fondamento-del-monumento-sulla-collina-di-Kahlenberg-770x1025.jpeg 770w, https:\/\/exaudi.org\/wp-content\/uploads\/2026\/03\/Sobieski-fondamento-del-monumento-sulla-collina-di-Kahlenberg-1154x1536.jpeg 1154w, https:\/\/exaudi.org\/wp-content\/uploads\/2026\/03\/Sobieski-fondamento-del-monumento-sulla-collina-di-Kahlenberg-500x666.jpeg 500w\" sizes=\"auto, (max-width: 1201px) 100vw, 1201px\" \/><figcaption id=\"caption-attachment-161231\" class=\"wp-caption-text\">Adam Bujak<\/figcaption><\/figure>\n<p dir=\"auto\">Desafortunadamente, el rey Juan III Sobieski nunca ha sido honrado con un monumento en Viena, aunque sin su intervenci\u00f3n la capital austriaca probablemente se habr\u00eda convertido en la mayor ciudad musulmana de Europa. Por ello, recientemente fueron los propios polacos quienes promovieron la donaci\u00f3n de un monumento al libertador de la ciudad. Fue creado por el famoso escultor polaco Czes\u0142aw D\u017awigaj: la escultura representa al rey Sobieski durante un ataque, detr\u00e1s de \u00e9l se ven h\u00fasares con alas simb\u00f3licas y, bajo los cascos de los caballos, el ej\u00e9rcito otomano derrotado. El comit\u00e9 para la construcci\u00f3n del monumento fue presidido por el ideador del proyecto, Piotr Zapart, de la hist\u00f3rica Cofrad\u00eda de los Fusileros de Cracovia.<\/p>\n<p dir=\"auto\">Con motivo del 330\u00ba aniversario de la liberaci\u00f3n de Viena, el 12 de septiembre de 2013, se coloc\u00f3 la primera piedra del monumento al rey Sobieski en la colina de Kahlenberg, donde las tropas polacas acamparon antes de la batalla. A la ceremonia asistieron, entre otros, el alcalde de Cracovia, representantes de las autoridades de Viena y miembros de la Cofrad\u00eda de los Fusileros.<\/p>\n<p dir=\"auto\">El monumento en Kahlenberg deb\u00eda inaugurarse en 2018, con motivo del 335\u00ba aniversario de la Batalla de Viena, hace m\u00e1s de siete a\u00f1os. El pedestal se prepar\u00f3 en 2013 y se grab\u00f3 en \u00e9l la fecha de la batalla: 12 de septiembre de 1683. Sin embargo, la ciudad no consinti\u00f3 la colocaci\u00f3n del monumento, fundido en Gliwice (Polonia), sobre \u00e9l. En lugar de llegar a Austria, el monumento se exhibe por Polonia partiendo de Cracovia; ahora se transporta en una plataforma especial a diferentes localidades del pa\u00eds.<\/p>\n<p dir=\"auto\">Viena no realizar\u00e1 una conmemoraci\u00f3n \u00abque podr\u00eda ser utilizada para la agitaci\u00f3n xen\u00f3foba y para alimentar el resentimiento islam\u00f3fobo y anti-turco\u00bb \u2013 anunci\u00f3 a principios de noviembre de 2024 Veronica Kaup-Hasler, del Partido Socialdem\u00f3crata Austriaco (SP\u00d6), concejala responsable de cultura. El diario austriaco \u00abDer Standard\u00bb record\u00f3 que un \u00abgrupo de expertos austro-polacos\u00bb expres\u00f3 reservas sobre el concepto de un t\u00edpico \u00abmonumento a los h\u00e9roes\u00bb del siglo XIX, recomendando \u00abtomar distancia de cualquier forma de monumento heroico\u00bb, como si en Europa no se pudiera elogiar a los h\u00e9roes cristianos.<\/p>\n<p dir=\"auto\">Sin embargo, los promotores de la construcci\u00f3n del monumento continuaron sus esfuerzos para erigirlo. Pero a principios de este a\u00f1o, el Consejo municipal de Viena rechaz\u00f3 nuevamente la moci\u00f3n para erigir un monumento a Juan III Sobieski, con los votos de los concejales del Partido Socialdem\u00f3crata. Asl\u0131han Bozatemur, concejala municipal de Viena de origen turco, miembro del Partido Socialdem\u00f3crata (SP\u00d6), repiti\u00f3 con firmeza que \u00abno hay lugar en Viena para un monumento que promueva la xenofobia, la islamofobia o la ret\u00f3rica anti-turca\u00bb y que \u00abconduzca a la discriminaci\u00f3n o incite al odio\u00bb. La posici\u00f3n de la representante turca fue duramente criticada por los pol\u00edticos del Partido Popular Austriaco (\u00d6VP) y del Partido de la Libertad Austriaco (FP\u00d6). \u00abEstamos en Viena; la defensa del asedio turco forma parte de la historia de Viena. Esto debe aceptarse\u00bb \u2013 declar\u00f3 Caroline Hungerl\u00e4nder (\u00d6VP) al diario Express, a\u00f1adiendo que la integraci\u00f3n de los inmigrantes significa integrarse en la historia y la cultura del pa\u00eds y que la cancelaci\u00f3n de la historia de Viena no debe permitirse. El presidente del grupo de concejales del FP\u00d6, Maximilian Krauss, subray\u00f3 ante los medios que \u00abel hecho de que el SP\u00d6 intente seriamente etiquetar la memoria de la liberaci\u00f3n de Viena como &#8216;xenofobia&#8217; o &#8216;islamofobia&#8217; demuestra cu\u00e1n alejado est\u00e1 de su propia historia\u00bb. \u00abLas declaraciones de los parlamentarios del SP\u00d6 son pr\u00e1cticamente sin precedentes en su amnesia hist\u00f3rica y ceguera ideol\u00f3gica. Juan III Sobieski fue el libertador de Viena: sin su compromiso, Viena como la conocemos hoy no existir\u00eda en su forma actual. Dedicarle un monumento es algo obvio, no un acto de &#8216;discriminaci\u00f3n'\u00bb \u2013 afirm\u00f3 Maximilian Krauss.<\/p>\n<p dir=\"auto\">Piotr Zapart, presidente del Comit\u00e9 para la construcci\u00f3n del monumento al rey Juan III Sobieski en Kahlenberg, en conversaci\u00f3n con el peri\u00f3dico polaco \u201cNasz Dziennik\u201d, dijo que el Comit\u00e9, junto con el embajador polaco en Austria, no se rinde y continuar\u00e1 esforz\u00e1ndose por la instalaci\u00f3n del monumento en Viena. \u00abEstamos trabajando constantemente en esta cuesti\u00f3n\u00bb \u2013 afirm\u00f3 Zapart, subrayando que la instalaci\u00f3n del monumento a Sobieski solo ser\u00e1 posible tras un cambio de gobierno en la ciudad, teniendo en cuenta la oposici\u00f3n de los concejales socialdem\u00f3cratas. \u00abNosotros, como personas a las que les importa la erecci\u00f3n de este monumento en Viena, continuaremos proporcionando actualizaciones sobre la situaci\u00f3n, subrayando que este no es un monumento solo para Viena o para Austria, sino un monumento para Europa\u00bb \u2013 a\u00f1adi\u00f3 Zapart. Tambi\u00e9n expres\u00f3 indignaci\u00f3n por el hecho de que las autoridades actuales quieran llamar al simple pedestal un monumento al rey Sobieski. \u00abNo podemos aceptarlo. Nos resulta dif\u00edcil imaginar que al vencedor de Viena se le trate de esta manera. La liberaci\u00f3n de Viena se considera una de las batallas m\u00e1s importantes de la historia de Europa, de gran significado hist\u00f3rico\u00bb \u2013 subray\u00f3, especificando que gracias a Sobieski, Europa preserv\u00f3 sus valores y su identidad.<\/p>\n<p dir=\"auto\">Lo que ocurre en la capital austriaca muestra una tendencia consolidada que se est\u00e1 extendiendo en Europa: una alianza entre la izquierda (rojo-verde) y el islam pol\u00edtico. La izquierda radical necesita votos y las redes de los islamistas pueden ofrec\u00e9rselos. En la izquierda tambi\u00e9n hay algunos ambientes radicales que juzgan a Occidente demasiado \u201cjudeo-cristiano\u201d y esto juega a favor del islam pol\u00edtico que, en definitiva, quiere conquistar Europa y para ello debe combatir el cristianismo. Quien se atreve a denunciar este hecho, quien usa el t\u00e9rmino &#8216;islamizaci\u00f3n&#8217;, es acusado de islamofobia.<\/p>\n<p dir=\"auto\">Tambi\u00e9n hay una parte de la izquierda apoyada por periodistas e intelectuales que consideran a los musulmanes la \u201cnueva clase obrera\u201d, los \u201cnuevos condenados de la tierra\u201d y por eso favorecen el islam en la sociedad, yendo irresponsablemente en contra de los mismos valores de libertad y laicidad occidentales.<\/p>\n<p dir=\"auto\">En este contexto vale la pena recordar el libro de Mario Adinolfi, titulado \u201cWokismo e islamismo\u201d. La tesis del libro es que el wokismo y el islamismo, en este particular per\u00edodo hist\u00f3rico, han estipulado una especie de pacto Ribbentrop-Molotov. Por un lado, el wokismo \u201capunta a materializar el suicidio de Occidente cristiano a trav\u00e9s de tres instrumentos: la cancel culture, la ideolog\u00eda (trans)g\u00e9nero y las leyes contra la vida, empezando por el aborto y la eutanasia\u201d. El Islam, en cambio, que se considera la \u00fanica religi\u00f3n verdadera, apunta al nacimiento de la Umma isl\u00e1mica, es decir, de un mundo totalmente islamizado. El islamismo usa todas las armas posibles para penetrar en Occidente y la principal es la cultura woke que se convierte en \u201cel caballo de Troya perfecto para insinuarse en las grietas del Occidente cristiano en v\u00edas de secularizaci\u00f3n, usando luego la inmigraci\u00f3n como instrumento determinante para colocar una bomba de relojer\u00eda en el coraz\u00f3n mismo de las sociedades m\u00e1s evolucionadas porque fundadas en la Biblia y no en el Cor\u00e1n\u201d.<\/p>\n<p dir=\"auto\">El resultado de los esfuerzos por erigir el monumento al rey Sobieski en Viena mostrar\u00e1 si Austria, y Europa en general, a\u00fan tiene la fuerza para defender su historia, su identidad y sus valores, o si ya se ha rendido a la dictadura del wokismo e islamismo.<\/p>\n","protected":false},"excerpt":{"rendered":"<p>La cultura de la cancelaci\u00f3n austriaca con un toque islamista<\/p>\n","protected":false},"author":85,"featured_media":161234,"comment_status":"closed","ping_status":"closed","sticky":false,"template":"","format":"standard","meta":{"_acf_changed":false,"_crdt_document":"","inline_featured_image":false,"footnotes":""},"categories":[74],"tags":[100881,100879,100868,100865,100871,24011,100866,100873,100880,100884,100882,100874,100877,100867,100861,100863,100876,100875,100862,100872,100885,100883,100864,100869,100870,100878,100886],"class_list":["post-161230","post","type-post","status-publish","format-standard","has-post-thumbnail","hentry","category-iglesia-y-mundo","tag-12-septiembre-1683","tag-alianza-izquierda-islam","tag-anti-turco-estatua","tag-asedio-otomano-viena","tag-aslihan-bozatemur","tag-batalla-de-viena-1683","tag-cancel-culture-austria","tag-czeslaw-dzwigaj-escultura","tag-defensor-fidei","tag-estatua-bloqueada-kahlenberg","tag-historia-europa-cristiana","tag-husares-alados","tag-islamizacion-europa","tag-islamofobia-monumento","tag-juan-iii-sobieski","tag-kahlenberg-monumento","tag-liberacion-viena-1683","tag-marco-daviano","tag-monumento-sobieski-viena","tag-piotr-zapart","tag-polonia-austria-monumento","tag-rechazo-monumento-viena-2026","tag-rey-polaco-viena","tag-spo-viena-rechazo","tag-veronica-kaup-hasler","tag-wokismo-islamismo","tag-xenofobia-alegaciones-viena"],"acf":[],"yoast_head":"<!-- This site is optimized with the Yoast SEO plugin v27.4 - https:\/\/yoast.com\/product\/yoast-seo-wordpress\/ -->\n<title>\u00bfPor qu\u00e9 est\u00e1 bloqueada la erecci\u00f3n del monumento al rey Sobieski en Viena? &#8211; Exaudi<\/title>\n<meta name=\"robots\" content=\"index, follow, max-snippet:-1, max-image-preview:large, max-video-preview:-1\" \/>\n<link rel=\"canonical\" href=\"https:\/\/exaudi.org\/es\/por-que-esta-bloqueada-la-ereccion-del-monumento-al-rey-sobieski-en-viena\/\" \/>\n<meta property=\"og:locale\" content=\"es_ES\" \/>\n<meta property=\"og:type\" content=\"article\" \/>\n<meta property=\"og:title\" content=\"\u00bfPor qu\u00e9 est\u00e1 bloqueada la erecci\u00f3n del monumento al rey Sobieski en Viena? &#8211; Exaudi\" \/>\n<meta property=\"og:description\" content=\"La cultura de la cancelaci\u00f3n austriaca con un toque islamista\" \/>\n<meta property=\"og:url\" content=\"https:\/\/exaudi.org\/es\/por-que-esta-bloqueada-la-ereccion-del-monumento-al-rey-sobieski-en-viena\/\" \/>\n<meta property=\"og:site_name\" content=\"Exaudi\" \/>\n<meta property=\"article:publisher\" content=\"https:\/\/www.facebook.com\/ExaudiNews\" \/>\n<meta property=\"article:published_time\" content=\"2026-03-09T14:04:02+00:00\" \/>\n<meta property=\"og:image\" content=\"https:\/\/exaudi.org\/wp-content\/uploads\/2026\/03\/Sobieski-vittoria-a-Vienna-monumento-Dzwigaj-foto-A.Bujak_-scaled.jpg\" \/>\n\t<meta property=\"og:image:width\" content=\"2560\" \/>\n\t<meta property=\"og:image:height\" content=\"1707\" \/>\n\t<meta property=\"og:image:type\" content=\"image\/jpeg\" \/>\n<meta name=\"author\" content=\"Wlodzimierz Redzioch\" \/>\n<meta name=\"twitter:card\" content=\"summary_large_image\" \/>\n<meta name=\"twitter:creator\" content=\"@Exaudi_News\" \/>\n<meta name=\"twitter:site\" content=\"@Exaudi_News\" \/>\n<meta name=\"twitter:label1\" content=\"Escrito por\" \/>\n\t<meta name=\"twitter:data1\" content=\"Wlodzimierz Redzioch\" \/>\n\t<meta name=\"twitter:label2\" content=\"Tiempo de lectura\" \/>\n\t<meta name=\"twitter:data2\" content=\"9 minutos\" \/>\n<script type=\"application\/ld+json\" class=\"yoast-schema-graph\">{\"@context\":\"https:\\\/\\\/schema.org\",\"@graph\":[{\"@type\":\"Article\",\"@id\":\"https:\\\/\\\/exaudi.org\\\/es\\\/por-que-esta-bloqueada-la-ereccion-del-monumento-al-rey-sobieski-en-viena\\\/#article\",\"isPartOf\":{\"@id\":\"https:\\\/\\\/exaudi.org\\\/es\\\/por-que-esta-bloqueada-la-ereccion-del-monumento-al-rey-sobieski-en-viena\\\/\"},\"author\":{\"name\":\"Wlodzimierz Redzioch\",\"@id\":\"https:\\\/\\\/exaudi.org\\\/#\\\/schema\\\/person\\\/558b6cc7524c4488c69704f46c2578e0\"},\"headline\":\"\u00bfPor qu\u00e9 est\u00e1 bloqueada la erecci\u00f3n del monumento al rey Sobieski en Viena?\",\"datePublished\":\"2026-03-09T14:04:02+00:00\",\"mainEntityOfPage\":{\"@id\":\"https:\\\/\\\/exaudi.org\\\/es\\\/por-que-esta-bloqueada-la-ereccion-del-monumento-al-rey-sobieski-en-viena\\\/\"},\"wordCount\":1827,\"image\":{\"@id\":\"https:\\\/\\\/exaudi.org\\\/es\\\/por-que-esta-bloqueada-la-ereccion-del-monumento-al-rey-sobieski-en-viena\\\/#primaryimage\"},\"thumbnailUrl\":\"https:\\\/\\\/exaudi.org\\\/wp-content\\\/uploads\\\/2026\\\/03\\\/Sobieski-vittoria-a-Vienna-monumento-Dzwigaj-foto-A.Bujak_-scaled.jpg\",\"keywords\":[\"12 septiembre 1683\",\"Alianza izquierda islam\",\"anti-turco estatua\",\"asedio otomano Viena\",\"Asl\u0131han Bozatemur\",\"Batalla de Viena 1683\",\"cancel culture Austria\",\"Czes\u0142aw D\u017awigaj escultura\",\"Defensor Fidei\",\"estatua bloqueada Kahlenberg\",\"historia Europa cristiana\",\"h\u00fasares alados\",\"islamizaci\u00f3n Europa\",\"islamofobia monumento\",\"Juan III Sobieski\",\"Kahlenberg monumento\",\"liberaci\u00f3n Viena 1683\",\"Marco d'Aviano\",\"monumento Sobieski Viena\",\"Piotr Zapart\",\"Polonia Austria monumento\",\"rechazo monumento Viena 2026\",\"rey polaco Viena\",\"SP\u00d6 Viena rechazo\",\"Veronica Kaup-Hasler\",\"wokismo islamismo\",\"xenofobia alegaciones Viena\"],\"articleSection\":[\"Iglesia y Mundo\"],\"inLanguage\":\"es\"},{\"@type\":\"WebPage\",\"@id\":\"https:\\\/\\\/exaudi.org\\\/es\\\/por-que-esta-bloqueada-la-ereccion-del-monumento-al-rey-sobieski-en-viena\\\/\",\"url\":\"https:\\\/\\\/exaudi.org\\\/es\\\/por-que-esta-bloqueada-la-ereccion-del-monumento-al-rey-sobieski-en-viena\\\/\",\"name\":\"\u00bfPor qu\u00e9 est\u00e1 bloqueada la erecci\u00f3n del monumento al rey Sobieski en Viena? &#8211; Exaudi\",\"isPartOf\":{\"@id\":\"https:\\\/\\\/exaudi.org\\\/#website\"},\"primaryImageOfPage\":{\"@id\":\"https:\\\/\\\/exaudi.org\\\/es\\\/por-que-esta-bloqueada-la-ereccion-del-monumento-al-rey-sobieski-en-viena\\\/#primaryimage\"},\"image\":{\"@id\":\"https:\\\/\\\/exaudi.org\\\/es\\\/por-que-esta-bloqueada-la-ereccion-del-monumento-al-rey-sobieski-en-viena\\\/#primaryimage\"},\"thumbnailUrl\":\"https:\\\/\\\/exaudi.org\\\/wp-content\\\/uploads\\\/2026\\\/03\\\/Sobieski-vittoria-a-Vienna-monumento-Dzwigaj-foto-A.Bujak_-scaled.jpg\",\"datePublished\":\"2026-03-09T14:04:02+00:00\",\"author\":{\"@id\":\"https:\\\/\\\/exaudi.org\\\/#\\\/schema\\\/person\\\/558b6cc7524c4488c69704f46c2578e0\"},\"breadcrumb\":{\"@id\":\"https:\\\/\\\/exaudi.org\\\/es\\\/por-que-esta-bloqueada-la-ereccion-del-monumento-al-rey-sobieski-en-viena\\\/#breadcrumb\"},\"inLanguage\":\"es\",\"potentialAction\":[{\"@type\":\"ReadAction\",\"target\":[\"https:\\\/\\\/exaudi.org\\\/es\\\/por-que-esta-bloqueada-la-ereccion-del-monumento-al-rey-sobieski-en-viena\\\/\"]}]},{\"@type\":\"ImageObject\",\"inLanguage\":\"es\",\"@id\":\"https:\\\/\\\/exaudi.org\\\/es\\\/por-que-esta-bloqueada-la-ereccion-del-monumento-al-rey-sobieski-en-viena\\\/#primaryimage\",\"url\":\"https:\\\/\\\/exaudi.org\\\/wp-content\\\/uploads\\\/2026\\\/03\\\/Sobieski-vittoria-a-Vienna-monumento-Dzwigaj-foto-A.Bujak_-scaled.jpg\",\"contentUrl\":\"https:\\\/\\\/exaudi.org\\\/wp-content\\\/uploads\\\/2026\\\/03\\\/Sobieski-vittoria-a-Vienna-monumento-Dzwigaj-foto-A.Bujak_-scaled.jpg\",\"width\":2560,\"height\":1707,\"caption\":\"Adam Bujak\"},{\"@type\":\"BreadcrumbList\",\"@id\":\"https:\\\/\\\/exaudi.org\\\/es\\\/por-que-esta-bloqueada-la-ereccion-del-monumento-al-rey-sobieski-en-viena\\\/#breadcrumb\",\"itemListElement\":[{\"@type\":\"ListItem\",\"position\":1,\"name\":\"Portada\",\"item\":\"https:\\\/\\\/exaudi.org\\\/es\\\/\"},{\"@type\":\"ListItem\",\"position\":2,\"name\":\"\u00bfPor qu\u00e9 est\u00e1 bloqueada la erecci\u00f3n del monumento al rey Sobieski en Viena?\"}]},{\"@type\":\"WebSite\",\"@id\":\"https:\\\/\\\/exaudi.org\\\/#website\",\"url\":\"https:\\\/\\\/exaudi.org\\\/\",\"name\":\"Exaudi\",\"description\":\"News\",\"potentialAction\":[{\"@type\":\"SearchAction\",\"target\":{\"@type\":\"EntryPoint\",\"urlTemplate\":\"https:\\\/\\\/exaudi.org\\\/?s={search_term_string}\"},\"query-input\":{\"@type\":\"PropertyValueSpecification\",\"valueRequired\":true,\"valueName\":\"search_term_string\"}}],\"inLanguage\":\"es\"},{\"@type\":\"Person\",\"@id\":\"https:\\\/\\\/exaudi.org\\\/#\\\/schema\\\/person\\\/558b6cc7524c4488c69704f46c2578e0\",\"name\":\"Wlodzimierz Redzioch\",\"image\":{\"@type\":\"ImageObject\",\"inLanguage\":\"es\",\"@id\":\"https:\\\/\\\/secure.gravatar.com\\\/avatar\\\/6d24a03e044ad402c01b933d454ac413e287e5a6d92238dd5d98c5c6073d9b49?s=96&d=mm&r=g\",\"url\":\"https:\\\/\\\/secure.gravatar.com\\\/avatar\\\/6d24a03e044ad402c01b933d454ac413e287e5a6d92238dd5d98c5c6073d9b49?s=96&d=mm&r=g\",\"contentUrl\":\"https:\\\/\\\/secure.gravatar.com\\\/avatar\\\/6d24a03e044ad402c01b933d454ac413e287e5a6d92238dd5d98c5c6073d9b49?s=96&d=mm&r=g\",\"caption\":\"Wlodzimierz Redzioch\"},\"description\":\"Wlodzimierz Redzioch \u00e8 nato a Czestochowa (Polonia), si \u00e8 laureato in Ingegneria nel Politecnico. Dopo aver continuato gli studi nell\u2019Universit\u00e0 di Varsavia, presso l\u2019Istituto degli Studi africani, nel 1980 ha lavorato presso il Centro per i pellegrini polacchi a Roma. Dal 1981 al 2012 ha lavorato presso L\u2019Osservatore romano. Dal 1995 collabora con il settimanale cattolico polacco Niedziela come corrispondente dal Vaticano e dall\u2019Italia. Per la sua attivit\u00e0 di vaticanista il 23 settembre 2000 ha ricevuto in Polonia il premio cattolico per il giornalismo \u00abMater Verbi\u00bb; mentre il 14 luglio 2006 Sua Santit\u00e0 Benedetto XVI gli ha conferito il titolo di commendatore dell\u2019Ordine di San Silvestro papa. Autore prolifico, ha scritto diversi volumi sul Vaticano e guide ai due principali santuari mariani: Lourdes e Fatima. Promotore in Polonia del pellegrinaggio a Santiago de Compostela. In occasione della canonizzazione di Giovanni Paolo II ha pubblicato il libro \u201cAccanto a Giovanni Paolo II. Gli amici e i collaboratori raccontano\u201d (Edizioni Ares, Milano 2014), con 22 interviste, compresa la testimonianza d\u2019eccezione di Papa emerito Benedetto XVI. Nel 2024, per commemorare il 40mo anniversario dell\u2019assassinio di don Jerzy Popie\u0142uszko, ha pubblicato la sua biografia \u201cJerzy Popie\u0142uszko. Martire del comunismo\u201d (Edizioni Ares Milano 2024).\",\"url\":\"https:\\\/\\\/exaudi.org\\\/es\\\/author\\\/wlodzimierzredzioc\\\/\"}]}<\/script>\n<!-- \/ Yoast SEO plugin. -->","yoast_head_json":{"title":"\u00bfPor qu\u00e9 est\u00e1 bloqueada la erecci\u00f3n del monumento al rey Sobieski en Viena? &#8211; Exaudi","robots":{"index":"index","follow":"follow","max-snippet":"max-snippet:-1","max-image-preview":"max-image-preview:large","max-video-preview":"max-video-preview:-1"},"canonical":"https:\/\/exaudi.org\/es\/por-que-esta-bloqueada-la-ereccion-del-monumento-al-rey-sobieski-en-viena\/","og_locale":"es_ES","og_type":"article","og_title":"\u00bfPor qu\u00e9 est\u00e1 bloqueada la erecci\u00f3n del monumento al rey Sobieski en Viena? &#8211; Exaudi","og_description":"La cultura de la cancelaci\u00f3n austriaca con un toque islamista","og_url":"https:\/\/exaudi.org\/es\/por-que-esta-bloqueada-la-ereccion-del-monumento-al-rey-sobieski-en-viena\/","og_site_name":"Exaudi","article_publisher":"https:\/\/www.facebook.com\/ExaudiNews","article_published_time":"2026-03-09T14:04:02+00:00","og_image":[{"width":2560,"height":1707,"url":"https:\/\/exaudi.org\/wp-content\/uploads\/2026\/03\/Sobieski-vittoria-a-Vienna-monumento-Dzwigaj-foto-A.Bujak_-scaled.jpg","type":"image\/jpeg"}],"author":"Wlodzimierz Redzioch","twitter_card":"summary_large_image","twitter_creator":"@Exaudi_News","twitter_site":"@Exaudi_News","twitter_misc":{"Escrito por":"Wlodzimierz Redzioch","Tiempo de lectura":"9 minutos"},"schema":{"@context":"https:\/\/schema.org","@graph":[{"@type":"Article","@id":"https:\/\/exaudi.org\/es\/por-que-esta-bloqueada-la-ereccion-del-monumento-al-rey-sobieski-en-viena\/#article","isPartOf":{"@id":"https:\/\/exaudi.org\/es\/por-que-esta-bloqueada-la-ereccion-del-monumento-al-rey-sobieski-en-viena\/"},"author":{"name":"Wlodzimierz Redzioch","@id":"https:\/\/exaudi.org\/#\/schema\/person\/558b6cc7524c4488c69704f46c2578e0"},"headline":"\u00bfPor qu\u00e9 est\u00e1 bloqueada la erecci\u00f3n del monumento al rey Sobieski en Viena?","datePublished":"2026-03-09T14:04:02+00:00","mainEntityOfPage":{"@id":"https:\/\/exaudi.org\/es\/por-que-esta-bloqueada-la-ereccion-del-monumento-al-rey-sobieski-en-viena\/"},"wordCount":1827,"image":{"@id":"https:\/\/exaudi.org\/es\/por-que-esta-bloqueada-la-ereccion-del-monumento-al-rey-sobieski-en-viena\/#primaryimage"},"thumbnailUrl":"https:\/\/exaudi.org\/wp-content\/uploads\/2026\/03\/Sobieski-vittoria-a-Vienna-monumento-Dzwigaj-foto-A.Bujak_-scaled.jpg","keywords":["12 septiembre 1683","Alianza izquierda islam","anti-turco estatua","asedio otomano Viena","Asl\u0131han Bozatemur","Batalla de Viena 1683","cancel culture Austria","Czes\u0142aw D\u017awigaj escultura","Defensor Fidei","estatua bloqueada Kahlenberg","historia Europa cristiana","h\u00fasares alados","islamizaci\u00f3n Europa","islamofobia monumento","Juan III Sobieski","Kahlenberg monumento","liberaci\u00f3n Viena 1683","Marco d'Aviano","monumento Sobieski Viena","Piotr Zapart","Polonia Austria monumento","rechazo monumento Viena 2026","rey polaco Viena","SP\u00d6 Viena rechazo","Veronica Kaup-Hasler","wokismo islamismo","xenofobia alegaciones Viena"],"articleSection":["Iglesia y Mundo"],"inLanguage":"es"},{"@type":"WebPage","@id":"https:\/\/exaudi.org\/es\/por-que-esta-bloqueada-la-ereccion-del-monumento-al-rey-sobieski-en-viena\/","url":"https:\/\/exaudi.org\/es\/por-que-esta-bloqueada-la-ereccion-del-monumento-al-rey-sobieski-en-viena\/","name":"\u00bfPor qu\u00e9 est\u00e1 bloqueada la erecci\u00f3n del monumento al rey Sobieski en Viena? &#8211; Exaudi","isPartOf":{"@id":"https:\/\/exaudi.org\/#website"},"primaryImageOfPage":{"@id":"https:\/\/exaudi.org\/es\/por-que-esta-bloqueada-la-ereccion-del-monumento-al-rey-sobieski-en-viena\/#primaryimage"},"image":{"@id":"https:\/\/exaudi.org\/es\/por-que-esta-bloqueada-la-ereccion-del-monumento-al-rey-sobieski-en-viena\/#primaryimage"},"thumbnailUrl":"https:\/\/exaudi.org\/wp-content\/uploads\/2026\/03\/Sobieski-vittoria-a-Vienna-monumento-Dzwigaj-foto-A.Bujak_-scaled.jpg","datePublished":"2026-03-09T14:04:02+00:00","author":{"@id":"https:\/\/exaudi.org\/#\/schema\/person\/558b6cc7524c4488c69704f46c2578e0"},"breadcrumb":{"@id":"https:\/\/exaudi.org\/es\/por-que-esta-bloqueada-la-ereccion-del-monumento-al-rey-sobieski-en-viena\/#breadcrumb"},"inLanguage":"es","potentialAction":[{"@type":"ReadAction","target":["https:\/\/exaudi.org\/es\/por-que-esta-bloqueada-la-ereccion-del-monumento-al-rey-sobieski-en-viena\/"]}]},{"@type":"ImageObject","inLanguage":"es","@id":"https:\/\/exaudi.org\/es\/por-que-esta-bloqueada-la-ereccion-del-monumento-al-rey-sobieski-en-viena\/#primaryimage","url":"https:\/\/exaudi.org\/wp-content\/uploads\/2026\/03\/Sobieski-vittoria-a-Vienna-monumento-Dzwigaj-foto-A.Bujak_-scaled.jpg","contentUrl":"https:\/\/exaudi.org\/wp-content\/uploads\/2026\/03\/Sobieski-vittoria-a-Vienna-monumento-Dzwigaj-foto-A.Bujak_-scaled.jpg","width":2560,"height":1707,"caption":"Adam Bujak"},{"@type":"BreadcrumbList","@id":"https:\/\/exaudi.org\/es\/por-que-esta-bloqueada-la-ereccion-del-monumento-al-rey-sobieski-en-viena\/#breadcrumb","itemListElement":[{"@type":"ListItem","position":1,"name":"Portada","item":"https:\/\/exaudi.org\/es\/"},{"@type":"ListItem","position":2,"name":"\u00bfPor qu\u00e9 est\u00e1 bloqueada la erecci\u00f3n del monumento al rey Sobieski en Viena?"}]},{"@type":"WebSite","@id":"https:\/\/exaudi.org\/#website","url":"https:\/\/exaudi.org\/","name":"Exaudi","description":"News","potentialAction":[{"@type":"SearchAction","target":{"@type":"EntryPoint","urlTemplate":"https:\/\/exaudi.org\/?s={search_term_string}"},"query-input":{"@type":"PropertyValueSpecification","valueRequired":true,"valueName":"search_term_string"}}],"inLanguage":"es"},{"@type":"Person","@id":"https:\/\/exaudi.org\/#\/schema\/person\/558b6cc7524c4488c69704f46c2578e0","name":"Wlodzimierz Redzioch","image":{"@type":"ImageObject","inLanguage":"es","@id":"https:\/\/secure.gravatar.com\/avatar\/6d24a03e044ad402c01b933d454ac413e287e5a6d92238dd5d98c5c6073d9b49?s=96&d=mm&r=g","url":"https:\/\/secure.gravatar.com\/avatar\/6d24a03e044ad402c01b933d454ac413e287e5a6d92238dd5d98c5c6073d9b49?s=96&d=mm&r=g","contentUrl":"https:\/\/secure.gravatar.com\/avatar\/6d24a03e044ad402c01b933d454ac413e287e5a6d92238dd5d98c5c6073d9b49?s=96&d=mm&r=g","caption":"Wlodzimierz Redzioch"},"description":"Wlodzimierz Redzioch \u00e8 nato a Czestochowa (Polonia), si \u00e8 laureato in Ingegneria nel Politecnico. Dopo aver continuato gli studi nell\u2019Universit\u00e0 di Varsavia, presso l\u2019Istituto degli Studi africani, nel 1980 ha lavorato presso il Centro per i pellegrini polacchi a Roma. Dal 1981 al 2012 ha lavorato presso L\u2019Osservatore romano. Dal 1995 collabora con il settimanale cattolico polacco Niedziela come corrispondente dal Vaticano e dall\u2019Italia. Per la sua attivit\u00e0 di vaticanista il 23 settembre 2000 ha ricevuto in Polonia il premio cattolico per il giornalismo \u00abMater Verbi\u00bb; mentre il 14 luglio 2006 Sua Santit\u00e0 Benedetto XVI gli ha conferito il titolo di commendatore dell\u2019Ordine di San Silvestro papa. Autore prolifico, ha scritto diversi volumi sul Vaticano e guide ai due principali santuari mariani: Lourdes e Fatima. Promotore in Polonia del pellegrinaggio a Santiago de Compostela. In occasione della canonizzazione di Giovanni Paolo II ha pubblicato il libro \u201cAccanto a Giovanni Paolo II. Gli amici e i collaboratori raccontano\u201d (Edizioni Ares, Milano 2014), con 22 interviste, compresa la testimonianza d\u2019eccezione di Papa emerito Benedetto XVI. Nel 2024, per commemorare il 40mo anniversario dell\u2019assassinio di don Jerzy Popie\u0142uszko, ha pubblicato la sua biografia \u201cJerzy Popie\u0142uszko. Martire del comunismo\u201d (Edizioni Ares Milano 2024).","url":"https:\/\/exaudi.org\/es\/author\/wlodzimierzredzioc\/"}]}},"jetpack_featured_media_url":"https:\/\/exaudi.org\/wp-content\/uploads\/2026\/03\/Sobieski-vittoria-a-Vienna-monumento-Dzwigaj-foto-A.Bujak_-scaled.jpg","jetpack_shortlink":"https:\/\/wp.me\/pgKjF2-FWu","_links":{"self":[{"href":"https:\/\/exaudi.org\/es\/wp-json\/wp\/v2\/posts\/161230","targetHints":{"allow":["GET"]}}],"collection":[{"href":"https:\/\/exaudi.org\/es\/wp-json\/wp\/v2\/posts"}],"about":[{"href":"https:\/\/exaudi.org\/es\/wp-json\/wp\/v2\/types\/post"}],"author":[{"embeddable":true,"href":"https:\/\/exaudi.org\/es\/wp-json\/wp\/v2\/users\/85"}],"replies":[{"embeddable":true,"href":"https:\/\/exaudi.org\/es\/wp-json\/wp\/v2\/comments?post=161230"}],"version-history":[{"count":2,"href":"https:\/\/exaudi.org\/es\/wp-json\/wp\/v2\/posts\/161230\/revisions"}],"predecessor-version":[{"id":161238,"href":"https:\/\/exaudi.org\/es\/wp-json\/wp\/v2\/posts\/161230\/revisions\/161238"}],"wp:featuredmedia":[{"embeddable":true,"href":"https:\/\/exaudi.org\/es\/wp-json\/wp\/v2\/media\/161234"}],"wp:attachment":[{"href":"https:\/\/exaudi.org\/es\/wp-json\/wp\/v2\/media?parent=161230"}],"wp:term":[{"taxonomy":"category","embeddable":true,"href":"https:\/\/exaudi.org\/es\/wp-json\/wp\/v2\/categories?post=161230"},{"taxonomy":"post_tag","embeddable":true,"href":"https:\/\/exaudi.org\/es\/wp-json\/wp\/v2\/tags?post=161230"}],"curies":[{"name":"wp","href":"https:\/\/api.w.org\/{rel}","templated":true}]}}