{"id":161151,"date":"2026-03-19T08:00:53","date_gmt":"2026-03-19T07:00:53","guid":{"rendered":"https:\/\/exaudi.org\/?p=161151"},"modified":"2026-04-28T11:22:45","modified_gmt":"2026-04-28T09:22:45","slug":"el-dicasterio-para-las-causas-de-los-santos","status":"publish","type":"post","link":"https:\/\/exaudi.org\/es\/el-dicasterio-para-las-causas-de-los-santos\/","title":{"rendered":"Dicasterio para las Causas de los Santos"},"content":{"rendered":"<p>Este es el Dicasterio vaticano encargado de examinar en profundidad las vidas de los candidatos a los altares: buscar en sus rasgos aquellos del Evangelio, para que todo cristiano pueda verlos como testigos cre\u00edbles y, sobre todo, imitables. Detr\u00e1s de la proclamaci\u00f3n de un santo hay un compromiso colectivo y escrupuloso que puede durar incluso d\u00e9cadas. El prefecto del Dicasterio para las Causas de los Santos es el cardenal Marcello Semeraro, mientras que el secretario es el arzobispo Fabio Fabene.<\/p>\n<p><iframe title=\"Spotify Embed: El Dicasterio para las Causas de los Santos\" style=\"border-radius: 12px\" width=\"100%\" height=\"152\" frameborder=\"0\" allowfullscreen allow=\"autoplay; clipboard-write; encrypted-media; fullscreen; picture-in-picture\" loading=\"lazy\" src=\"https:\/\/open.spotify.com\/embed\/episode\/35LwRAP6oge0WnUR5zU0SQ?si=18ad989a91c54c55&amp;utm_source=oembed\"><\/iframe><\/p>\n<h3><strong>Rese\u00f1a hist\u00f3rica<\/strong><\/h3>\n<p>En 1969 san Pablo VI, con la Constituci\u00f3n Apost\u00f3lica <em>Sacra Rituum Congregatio<\/em>, cre\u00f3 las Congregaciones para el Culto Divino y para las Causas de los Santos, dividiendo entre ellas las tareas de la Sagrada Congregaci\u00f3n de Ritos. La misma Constituci\u00f3n organiza la estructura de la nueva Congregaci\u00f3n en tres oficinas: la judicial, la del Promotor General de la Fe y la hist\u00f3rico-hagiogr\u00e1fica.<\/p>\n<p>Con la Constituci\u00f3n Apost\u00f3lica <em>Divinus perfectionis Magister<\/em> de 1983, san Juan Pablo II realiz\u00f3 una profunda reforma del procedimiento de las causas de canonizaci\u00f3n (que deben instruirse por los obispos diocesanos por derecho propio) y reorganiz\u00f3 la Congregaci\u00f3n, dot\u00e1ndola, entre otras cosas, de un Colegio de Relatores encargado de preparar las <em>Positiones super Martyrio<\/em> o <em>super Vita, Virtutibus et Fama Sanctitatis<\/em> de los Siervos de Dios.<\/p>\n<p>Posteriormente, con la Constituci\u00f3n Apost\u00f3lica <em>Pastor Bonus<\/em> de 1988, cambi\u00f3 su denominaci\u00f3n a Congregaci\u00f3n para las Causas de los Santos. En 2022, con la Constituci\u00f3n Apost\u00f3lica <em>Praedicate Evangelium<\/em>, el Papa Francisco modific\u00f3 el nombre a Dicasterio para las Causas de los Santos.<\/p>\n<p>Con vistas al Jubileo de 2025, Francisco instituy\u00f3 dentro del Dicasterio la <strong>\u201cComisi\u00f3n de los Nuevos M\u00e1rtires \u2013 Testigos de la Fe\u201d<\/strong>, para elaborar un cat\u00e1logo de todos aquellos que, incluso de otras confesiones cristianas, han derramado su sangre para confesar a Cristo y dar testimonio de su Evangelio.<\/p>\n<h3><strong>Las competencias<\/strong><\/h3>\n<p>Corresponde a este Dicasterio, como recuerda la Constituci\u00f3n apost\u00f3lica <em>Praedicate Evangelium<\/em>, seguir el proceso de beatificaci\u00f3n y canonizaci\u00f3n de los Siervos de Dios asistiendo a los obispos en la investigaci\u00f3n sobre el martirio, las virtudes heroicas o la ofrenda de la vida, as\u00ed como sobre los milagros de un fiel cat\u00f3lico.<\/p>\n<p>Una vez iniciada la causa, la persona es llamada <strong>Siervo de Dios<\/strong>, y para ello es siempre necesaria una aut\u00e9ntica, difundida y duradera <strong>\u201cfama de santidad\u201d<\/strong>, es decir, la opini\u00f3n com\u00fan de que su vida fue \u00edntegra, rica en virtudes cristianas y fecunda para la comunidad cristiana.<\/p>\n<p><img loading=\"lazy\" decoding=\"async\" class=\"size-full wp-image-161155 alignnone\" src=\"https:\/\/exaudi.org\/wp-content\/uploads\/2026\/03\/cq5dam.thumbnail.cropped.750.422-3-1.jpeg\" alt=\"\" width=\"750\" height=\"422\" srcset=\"https:\/\/exaudi.org\/wp-content\/uploads\/2026\/03\/cq5dam.thumbnail.cropped.750.422-3-1.jpeg 750w, https:\/\/exaudi.org\/wp-content\/uploads\/2026\/03\/cq5dam.thumbnail.cropped.750.422-3-1-300x169.jpeg 300w, https:\/\/exaudi.org\/wp-content\/uploads\/2026\/03\/cq5dam.thumbnail.cropped.750.422-3-1-500x281.jpeg 500w\" sizes=\"auto, (max-width: 750px) 100vw, 750px\" \/><\/p>\n<p>La nueva normativa sobre las causas de los santos, introducida en 1983, acort\u00f3 considerablemente los tiempos de los procesos de beatificaci\u00f3n y canonizaci\u00f3n. Sin embargo, la duraci\u00f3n de las causas depende de muchos factores: desde el n\u00famero de testigos y especialistas que deben ser escuchados en la fase diocesana \u2014que pueden ser decenas\u2014 hasta el tiempo de redacci\u00f3n de las <em>Positiones<\/em> y su examen por parte de los consultores te\u00f3logos e historiadores.<\/p>\n<p>Tambi\u00e9n intervienen los tiempos de los peritos m\u00e9dicos cuando se examina un posible milagro de curaci\u00f3n. Si todos estos pasos son positivos, la causa pasa a la sesi\u00f3n ordinaria de los miembros del Dicasterio \u2014cardenales y obispos\u2014. La \u00faltima palabra corresponde al Papa, a cuya aprobaci\u00f3n el prefecto somete las diversas causas.<\/p>\n<p>El balance espiritual y pastoral de los 56 a\u00f1os desde la instituci\u00f3n de la Congregaci\u00f3n para las Causas de los Santos muestra que, hasta 2020, se han realizado <strong>3003 beatificaciones y 1479 canonizaciones<\/strong>. Cada a\u00f1o, dado que normalmente hay dos sesiones ordinarias al mes y en cada una se examinan tres o cuatro causas, el n\u00famero de causas concluidas suele ser de <strong>70 a 80<\/strong>.<\/p>\n<h3><strong>La investigaci\u00f3n<\/strong><\/h3>\n<p>Partiendo de la <strong>\u201cfama de santidad y de signos\u201d<\/strong> entre el pueblo de Dios, la investigaci\u00f3n tiene una primera fase en la di\u00f3cesis. Una vez llevada a Roma, se asigna un relator que guiar\u00e1 al postulador en la preparaci\u00f3n del volumen donde se sintetizan las pruebas recogidas en la di\u00f3cesis para reconstruir la vida y demostrar las virtudes o el martirio, as\u00ed como la fama de santidad y de signos del Siervo de Dios. Este volumen se llama <strong>Positio<\/strong>.<\/p>\n<p>La Positio es estudiada por un grupo de te\u00f3logos y, en el caso de una \u201ccausa antigua\u201d \u2014de un candidato que vivi\u00f3 hace mucho tiempo\u2014 tambi\u00e9n por una comisi\u00f3n de historiadores. Si el parecer es favorable, el expediente se somete a un ulterior juicio de los cardenales y obispos del Dicasterio.<\/p>\n<p>En caso de aprobaci\u00f3n, el Papa puede autorizar la promulgaci\u00f3n del <strong>decreto sobre la heroicidad de las virtudes cristianas, sobre el martirio o sobre la ofrenda de la vida<\/strong> del Siervo de Dios, que entonces pasa a ser <strong>Venerable<\/strong>.<\/p>\n<h3><strong>La beatificaci\u00f3n<\/strong><\/h3>\n<p>La beatificaci\u00f3n es la etapa intermedia hacia la canonizaci\u00f3n.<\/p>\n<p>Si el candidato es declarado <strong>m\u00e1rtir<\/strong>, se convierte inmediatamente en <strong>Beato<\/strong>. De lo contrario, es necesario que se reconozca un <strong>milagro<\/strong> debido a su intercesi\u00f3n: normalmente una curaci\u00f3n considerada cient\u00edficamente inexplicable por una comisi\u00f3n m\u00e9dica compuesta por especialistas creyentes y no creyentes.<\/p>\n<p>Despu\u00e9s de esta aprobaci\u00f3n, tambi\u00e9n sobre el milagro se pronuncian los consultores te\u00f3logos y luego los cardenales y obispos del Dicasterio, y el Papa autoriza el decreto correspondiente. Tras la beatificaci\u00f3n, el Beato es inscrito en el calendario lit\u00fargico de su di\u00f3cesis o familia religiosa.<\/p>\n<h3><strong>La canonizaci\u00f3n<\/strong><\/h3>\n<p>Para que el Beato sea declarado <strong>Santo<\/strong>, se requiere un <strong>segundo milagro<\/strong>, ocurrido despu\u00e9s de la beatificaci\u00f3n.<\/p>\n<p>La Iglesia utiliza siempre una verificaci\u00f3n can\u00f3nica para determinar qui\u00e9n es santo. Si en el pasado pod\u00eda suceder por aclamaci\u00f3n popular, al menos desde el siglo XVI la Iglesia estableci\u00f3 normas espec\u00edficas para evitar confusiones y abusos.<\/p>\n<p>En el proceso intervienen figuras comparables a la defensa y la acusaci\u00f3n:<\/p>\n<ul>\n<li>el <strong>postulador<\/strong>, que debe demostrar la santidad del candidato;<\/li>\n<li>el <strong>promotor de la fe<\/strong>, tradicionalmente llamado \u201cabogado del diablo\u201d, que examina cr\u00edticamente testimonios y documentos.<\/li>\n<\/ul>\n<h3><strong>El trabajo administrativo y los gastos<\/strong><\/h3>\n<p>La causa de beatificaci\u00f3n y canonizaci\u00f3n es un trabajo complejo que implica gastos relacionados con el trabajo de las comisiones, la impresi\u00f3n de documentos y las reuniones de expertos. El Dicasterio presta atenci\u00f3n a la contenci\u00f3n de los costos y sigue normas administrativas aprobadas por el Papa Francisco en 2016 que garantizan transparencia y regularidad.<\/p>\n<p>Adem\u00e1s, existe un <strong>\u201cFondo de solidaridad\u201d<\/strong> para ayudar a las causas con menos recursos.<\/p>\n<h3><strong>Casos particulares<\/strong><\/h3>\n<p>El Papa puede tomar decisiones excepcionales. El Papa Francisco lo hizo con <strong>Juan XXIII<\/strong>, que fue proclamado santo por su fama de santidad difundida durante d\u00e9cadas en todo el mundo, sin que se le reconociera un segundo milagro.<\/p>\n<p>Tambi\u00e9n <strong>Benedicto XVI<\/strong> adopt\u00f3 un procedimiento extraordinario para <strong>Juan Pablo II<\/strong>, cuya causa de beatificaci\u00f3n se abri\u00f3 pocas semanas despu\u00e9s de su muerte, sin esperar los cinco a\u00f1os normalmente requeridos.<\/p>\n<p>Asimismo, existen casos que proceden <strong>por equipolencia<\/strong>, un procedimiento mediante el cual el Papa, despu\u00e9s de las debidas verificaciones, aprueba un culto existente desde hace tiempo sin esperar la comprobaci\u00f3n de un milagro.<\/p>\n<p dir=\"auto\">(Traducci\u00f3n realizada manteniendo la fidelidad al texto original publicado en\u00a0<a href=\"https:\/\/www.vaticannews.va\/it\/vaticano\/news\/2025-06\/dicastero-servizio-carita-vaticano.html\" target=\"_blank\" rel=\"noopener\">Vatican News<\/a>\u00a0)<\/p>\n<ol>\n<li dir=\"auto\"><a href=\"https:\/\/exaudi.org\/es\/secretaria-de-estado\/\" target=\"_blank\" rel=\"noopener\"><em><strong>Secretar\u00eda de Estado<\/strong><\/em><\/a><\/li>\n<li dir=\"auto\"><a href=\"https:\/\/exaudi.org\/es\/dicasterio-para-la-doctrina-de-la-fe\/\" target=\"_blank\" rel=\"noopener\"><em><strong>Dicasterio para la Doctrina de la Fe<\/strong><\/em><\/a><\/li>\n<li dir=\"auto\"><a href=\"https:\/\/exaudi.org\/es\/dicasterio-para-los-obispos\/\" target=\"_blank\" rel=\"noopener\"><em><strong>Dicasterio para los Obispos<\/strong><\/em><\/a><\/li>\n<li dir=\"auto\"><a href=\"https:\/\/exaudi.org\/es\/dicasterio-para-el-clero\/\" target=\"_blank\" rel=\"noopener\"><em><strong>Dicasterio para el Clero<\/strong><\/em><\/a><\/li>\n<li dir=\"auto\"><a href=\"https:\/\/exaudi.org\/es\/dicasterio-para-el-servicio-de-la-caridad\/\" target=\"_blank\" rel=\"noopener\"><em><strong>Dicasterio para el Servicio de la Caridad<\/strong><\/em><\/a><\/li>\n<li dir=\"auto\"><a href=\"https:\/\/exaudi.org\/es\/dicasterio-para-la-vida-consagrada-y-las-sociedades-de-vida-apostolica\/\" target=\"_blank\" rel=\"noopener\"><em><strong>Dicasterio para la Vida Consagrada y las Sociedades de Vida Apost\u00f3lica<\/strong><\/em><\/a><\/li>\n<li dir=\"auto\"><a href=\"https:\/\/exaudi.org\/es\/el-dicasterio-para-las-causas-de-los-santos\/\" target=\"_blank\" rel=\"noopener\"><em><strong>El Dicasterio para las Causas de los Santos<\/strong><\/em><\/a><\/li>\n<\/ol>\n<p><img loading=\"lazy\" decoding=\"async\" class=\"size-full wp-image-161169 alignnone\" src=\"https:\/\/exaudi.org\/wp-content\/uploads\/2026\/03\/Copia-de-Voces-1-1.jpg\" alt=\"\" width=\"940\" height=\"788\" srcset=\"https:\/\/exaudi.org\/wp-content\/uploads\/2026\/03\/Copia-de-Voces-1-1.jpg 940w, https:\/\/exaudi.org\/wp-content\/uploads\/2026\/03\/Copia-de-Voces-1-1-300x251.jpg 300w, https:\/\/exaudi.org\/wp-content\/uploads\/2026\/03\/Copia-de-Voces-1-1-770x645.jpg 770w, https:\/\/exaudi.org\/wp-content\/uploads\/2026\/03\/Copia-de-Voces-1-1-500x419.jpg 500w\" sizes=\"auto, (max-width: 940px) 100vw, 940px\" \/><\/p>\n","protected":false},"excerpt":{"rendered":"<p>Tiene la tarea de seguir el proceso de beatificaci\u00f3n y canonizaci\u00f3n de los Siervos de Dios, asistiendo a los obispos de las di\u00f3cesis a las que pertenecen en la investigaci\u00f3n sobre el martirio, las virtudes heroicas o la ofrenda de la vida, as\u00ed como sobre los milagros de un fiel cat\u00f3lico. El prefecto del Dicasterio presenta despu\u00e9s al Papa los decretos para la aprobaci\u00f3n de las causas, para que pueda indicar al candidato a la veneraci\u00f3n de todos los fieles<\/p>\n","protected":false},"author":15,"featured_media":161152,"comment_status":"closed","ping_status":"closed","sticky":false,"template":"","format":"standard","meta":{"_acf_changed":false,"_crdt_document":"","inline_featured_image":false,"footnotes":""},"categories":[132],"tags":[2034,100753,7295,2095,100752,32089,1634,91752,15301,7135,100750,3519,100743,100742,100746,53491,100744,35927,37108,20089,100741,100748,100749,91755,100747,100755,8347,41195,100745,100756,100754,100751,5328,20087,100740,5963,2495],"class_list":["post-161151","post","type-post","status-publish","format-standard","has-post-thumbnail","hentry","category-vaticano-es","tag-beatificacion","tag-beatificacion-en-la-iglesia-catolica","tag-beato-2","tag-canonizacion","tag-canonizacion-en-la-iglesia-catolica","tag-comision-nuevos-martires","tag-congregacion-para-las-causas-de-los-santos","tag-dentro-del-vaticano","tag-derecho-canonico","tag-dicasterio-para-las-causas-de-los-santos","tag-divinus-perfectionis-magister","tag-doctor-de-la-iglesia-es","tag-fabio-fabene-2","tag-fama-de-santidad","tag-fase-romana-canonizacion","tag-historia-del-vaticano","tag-investigacion-de-santidad","tag-marcello-semeraro-2","tag-martires-cristianos","tag-martirio-cristiano","tag-milagros-en-la-iglesia","tag-milagros-reconocidos-por-la-iglesia","tag-nuevos-martires-testigos-de-la-fe","tag-pastor-bonus","tag-positio-causas-de-los-santos","tag-procedimiento-canonico-santos","tag-proceso-de-beatificacion","tag-proceso-de-canonizacion","tag-proceso-diocesano","tag-proceso-vaticano-santos","tag-reliquias-de-los-santos","tag-sacra-rituum-congregatio","tag-santo-es","tag-santos-catolicos","tag-siervo-de-dios","tag-venerable","tag-virtudes-heroicas"],"acf":[],"yoast_head":"<!-- This site is optimized with the Yoast SEO plugin v27.5 - https:\/\/yoast.com\/product\/yoast-seo-wordpress\/ -->\n<title>Dicasterio para las Causas de los Santos &#8211; Exaudi<\/title>\n<meta name=\"robots\" content=\"index, follow, max-snippet:-1, max-image-preview:large, max-video-preview:-1\" \/>\n<link rel=\"canonical\" href=\"https:\/\/exaudi.org\/es\/el-dicasterio-para-las-causas-de-los-santos\/\" \/>\n<meta property=\"og:locale\" content=\"es_ES\" \/>\n<meta property=\"og:type\" content=\"article\" \/>\n<meta property=\"og:title\" content=\"Dicasterio para las Causas de los Santos &#8211; Exaudi\" \/>\n<meta property=\"og:description\" content=\"Tiene la tarea de seguir el proceso de beatificaci\u00f3n y canonizaci\u00f3n de los Siervos de Dios, asistiendo a los obispos de las di\u00f3cesis a las que pertenecen en la investigaci\u00f3n sobre el martirio, las virtudes heroicas o la ofrenda de la vida, as\u00ed como sobre los milagros de un fiel cat\u00f3lico. El prefecto del Dicasterio presenta despu\u00e9s al Papa los decretos para la aprobaci\u00f3n de las causas, para que pueda indicar al candidato a la veneraci\u00f3n de todos los fieles\" \/>\n<meta property=\"og:url\" content=\"https:\/\/exaudi.org\/es\/el-dicasterio-para-las-causas-de-los-santos\/\" \/>\n<meta property=\"og:site_name\" content=\"Exaudi\" \/>\n<meta property=\"article:publisher\" content=\"https:\/\/www.facebook.com\/ExaudiNews\" \/>\n<meta property=\"article:author\" content=\"https:\/\/www.facebook.com\/ExaudiNoticias\/\" \/>\n<meta property=\"article:published_time\" content=\"2026-03-19T07:00:53+00:00\" \/>\n<meta property=\"article:modified_time\" content=\"2026-04-28T09:22:45+00:00\" \/>\n<meta property=\"og:image\" content=\"https:\/\/exaudi.org\/wp-content\/uploads\/2026\/03\/cq5dam.thumbnail.cropped.750.422-2-2.jpeg\" \/>\n\t<meta property=\"og:image:width\" content=\"750\" \/>\n\t<meta property=\"og:image:height\" content=\"422\" \/>\n\t<meta property=\"og:image:type\" content=\"image\/jpeg\" \/>\n<meta name=\"author\" content=\"Exaudi Redacci\u00f3n\" \/>\n<meta name=\"twitter:card\" content=\"summary_large_image\" \/>\n<meta name=\"twitter:creator\" content=\"@Exaudi_noticias\" \/>\n<meta name=\"twitter:site\" content=\"@Exaudi_News\" \/>\n<meta name=\"twitter:label1\" content=\"Escrito por\" \/>\n\t<meta name=\"twitter:data1\" content=\"Exaudi Redacci\u00f3n\" \/>\n\t<meta name=\"twitter:label2\" content=\"Tiempo de lectura\" \/>\n\t<meta name=\"twitter:data2\" content=\"6 minutos\" \/>\n<script type=\"application\/ld+json\" class=\"yoast-schema-graph\">{\"@context\":\"https:\\\/\\\/schema.org\",\"@graph\":[{\"@type\":\"Article\",\"@id\":\"https:\\\/\\\/exaudi.org\\\/es\\\/el-dicasterio-para-las-causas-de-los-santos\\\/#article\",\"isPartOf\":{\"@id\":\"https:\\\/\\\/exaudi.org\\\/es\\\/el-dicasterio-para-las-causas-de-los-santos\\\/\"},\"author\":{\"name\":\"Exaudi Redacci\u00f3n\",\"@id\":\"https:\\\/\\\/exaudi.org\\\/#\\\/schema\\\/person\\\/f5fc8f063065e38742da7afe15f25df7\"},\"headline\":\"Dicasterio para las Causas de los Santos\",\"datePublished\":\"2026-03-19T07:00:53+00:00\",\"dateModified\":\"2026-04-28T09:22:45+00:00\",\"mainEntityOfPage\":{\"@id\":\"https:\\\/\\\/exaudi.org\\\/es\\\/el-dicasterio-para-las-causas-de-los-santos\\\/\"},\"wordCount\":1299,\"image\":{\"@id\":\"https:\\\/\\\/exaudi.org\\\/es\\\/el-dicasterio-para-las-causas-de-los-santos\\\/#primaryimage\"},\"thumbnailUrl\":\"https:\\\/\\\/exaudi.org\\\/wp-content\\\/uploads\\\/2026\\\/03\\\/cq5dam.thumbnail.cropped.750.422-2-2.jpeg\",\"keywords\":[\"Beatificaci\u00f3n\",\"beatificaci\u00f3n en la Iglesia cat\u00f3lica\",\"Beato\",\"Canonizaci\u00f3n\",\"canonizaci\u00f3n en la Iglesia cat\u00f3lica\",\"Comisi\u00f3n Nuevos M\u00e1rtires\",\"Congregaci\u00f3n para las Causas de los Santos\",\"Dentro del Vaticano\",\"Derecho can\u00f3nico\",\"Dicasterio para las Causas de los Santos\",\"Divinus Perfectionis Magister\",\"Doctor de la Iglesia\",\"Fabio Fabene\",\"fama de santidad\",\"fase romana canonizaci\u00f3n\",\"historia del vaticano\",\"investigaci\u00f3n de santidad\",\"Marcello Semeraro\",\"m\u00e1rtires cristianos\",\"martirio cristiano\",\"milagros en la Iglesia\",\"milagros reconocidos por la Iglesia\",\"nuevos m\u00e1rtires testigos de la fe\",\"Pastor Bonus\",\"positio causas de los santos\",\"procedimiento canonico santos\",\"Proceso de beatificaci\u00f3n\",\"proceso de canonizaci\u00f3n\",\"proceso diocesano\",\"proceso vaticano santos\",\"reliquias de los santos\",\"Sacra Rituum Congregatio\",\"Santo\",\"santos cat\u00f3licos\",\"siervo de Dios\",\"Venerable\",\"Virtudes heroicas\"],\"articleSection\":[\"Vaticano\"],\"inLanguage\":\"es\"},{\"@type\":\"WebPage\",\"@id\":\"https:\\\/\\\/exaudi.org\\\/es\\\/el-dicasterio-para-las-causas-de-los-santos\\\/\",\"url\":\"https:\\\/\\\/exaudi.org\\\/es\\\/el-dicasterio-para-las-causas-de-los-santos\\\/\",\"name\":\"Dicasterio para las Causas de los Santos &#8211; Exaudi\",\"isPartOf\":{\"@id\":\"https:\\\/\\\/exaudi.org\\\/#website\"},\"primaryImageOfPage\":{\"@id\":\"https:\\\/\\\/exaudi.org\\\/es\\\/el-dicasterio-para-las-causas-de-los-santos\\\/#primaryimage\"},\"image\":{\"@id\":\"https:\\\/\\\/exaudi.org\\\/es\\\/el-dicasterio-para-las-causas-de-los-santos\\\/#primaryimage\"},\"thumbnailUrl\":\"https:\\\/\\\/exaudi.org\\\/wp-content\\\/uploads\\\/2026\\\/03\\\/cq5dam.thumbnail.cropped.750.422-2-2.jpeg\",\"datePublished\":\"2026-03-19T07:00:53+00:00\",\"dateModified\":\"2026-04-28T09:22:45+00:00\",\"author\":{\"@id\":\"https:\\\/\\\/exaudi.org\\\/#\\\/schema\\\/person\\\/f5fc8f063065e38742da7afe15f25df7\"},\"breadcrumb\":{\"@id\":\"https:\\\/\\\/exaudi.org\\\/es\\\/el-dicasterio-para-las-causas-de-los-santos\\\/#breadcrumb\"},\"inLanguage\":\"es\",\"potentialAction\":[{\"@type\":\"ReadAction\",\"target\":[\"https:\\\/\\\/exaudi.org\\\/es\\\/el-dicasterio-para-las-causas-de-los-santos\\\/\"]}]},{\"@type\":\"ImageObject\",\"inLanguage\":\"es\",\"@id\":\"https:\\\/\\\/exaudi.org\\\/es\\\/el-dicasterio-para-las-causas-de-los-santos\\\/#primaryimage\",\"url\":\"https:\\\/\\\/exaudi.org\\\/wp-content\\\/uploads\\\/2026\\\/03\\\/cq5dam.thumbnail.cropped.750.422-2-2.jpeg\",\"contentUrl\":\"https:\\\/\\\/exaudi.org\\\/wp-content\\\/uploads\\\/2026\\\/03\\\/cq5dam.thumbnail.cropped.750.422-2-2.jpeg\",\"width\":750,\"height\":422},{\"@type\":\"BreadcrumbList\",\"@id\":\"https:\\\/\\\/exaudi.org\\\/es\\\/el-dicasterio-para-las-causas-de-los-santos\\\/#breadcrumb\",\"itemListElement\":[{\"@type\":\"ListItem\",\"position\":1,\"name\":\"Portada\",\"item\":\"https:\\\/\\\/exaudi.org\\\/es\\\/\"},{\"@type\":\"ListItem\",\"position\":2,\"name\":\"Dicasterio para las Causas de los Santos\"}]},{\"@type\":\"WebSite\",\"@id\":\"https:\\\/\\\/exaudi.org\\\/#website\",\"url\":\"https:\\\/\\\/exaudi.org\\\/\",\"name\":\"Exaudi\",\"description\":\"News\",\"potentialAction\":[{\"@type\":\"SearchAction\",\"target\":{\"@type\":\"EntryPoint\",\"urlTemplate\":\"https:\\\/\\\/exaudi.org\\\/?s={search_term_string}\"},\"query-input\":{\"@type\":\"PropertyValueSpecification\",\"valueRequired\":true,\"valueName\":\"search_term_string\"}}],\"inLanguage\":\"es\"},{\"@type\":\"Person\",\"@id\":\"https:\\\/\\\/exaudi.org\\\/#\\\/schema\\\/person\\\/f5fc8f063065e38742da7afe15f25df7\",\"name\":\"Exaudi Redacci\u00f3n\",\"image\":{\"@type\":\"ImageObject\",\"inLanguage\":\"es\",\"@id\":\"https:\\\/\\\/secure.gravatar.com\\\/avatar\\\/fe0f6a059fb68d9b3e11bc5850dd4899b1c7492091a3cb6dd9b01b56ad828be2?s=96&d=mm&r=g\",\"url\":\"https:\\\/\\\/secure.gravatar.com\\\/avatar\\\/fe0f6a059fb68d9b3e11bc5850dd4899b1c7492091a3cb6dd9b01b56ad828be2?s=96&d=mm&r=g\",\"contentUrl\":\"https:\\\/\\\/secure.gravatar.com\\\/avatar\\\/fe0f6a059fb68d9b3e11bc5850dd4899b1c7492091a3cb6dd9b01b56ad828be2?s=96&d=mm&r=g\",\"caption\":\"Exaudi Redacci\u00f3n\"},\"description\":\"\u00bfQu\u00e9 es Exaudi News? Exaudi News es un medio de comunicaci\u00f3n cat\u00f3lico internacional que informa, forma y transforma, diariamente en espa\u00f1ol, ingl\u00e9s e italiano. A trav\u00e9s de noticias, art\u00edculos de an\u00e1lisis y transmisiones en directo de los eventos del Papa, Exaudi busca fortalecer la unidad de los cristianos y contribuir a la evangelizaci\u00f3n del mundo, siempre guiados por la doctrina social de la Iglesia. Trabajamos para acercar la verdad y los valores cristianos a cada rinc\u00f3n del planeta. \u00a1Ay\u00fadanos a transformar el mundo con Exaudi! En Exaudi creemos que la evangelizaci\u00f3n y la informaci\u00f3n de calidad pueden cambiar vidas. Para continuar con nuestra misi\u00f3n y expandir nuestro alcance, necesitamos tu ayuda. Adem\u00e1s, buscamos personas comprometidas que deseen unirse a nuestro equipo. Con tu apoyo, lograremos llegar a m\u00e1s personas, difundir el mensaje de Cristo y reforzar la unidad de los cristianos. \u00bfTe unes a nuestra misi\u00f3n? Para m\u00e1s informaci\u00f3n sobre c\u00f3mo colaborar, visita Exaudi.org\\\/es o cont\u00e1ctanos directamente: info@exaudi.org Exaudi: Informa, forma y transforma.\",\"sameAs\":[\"https:\\\/\\\/www.facebook.com\\\/ExaudiNoticias\\\/\",\"https:\\\/\\\/www.instagram.com\\\/exaudi_noticias\\\/\",\"https:\\\/\\\/x.com\\\/Exaudi_noticias\",\"https:\\\/\\\/www.youtube.com\\\/@exaudicatholicnews\"],\"url\":\"https:\\\/\\\/exaudi.org\\\/es\\\/author\\\/redaccionexaudi\\\/\"}]}<\/script>\n<!-- \/ Yoast SEO plugin. -->","yoast_head_json":{"title":"Dicasterio para las Causas de los Santos &#8211; Exaudi","robots":{"index":"index","follow":"follow","max-snippet":"max-snippet:-1","max-image-preview":"max-image-preview:large","max-video-preview":"max-video-preview:-1"},"canonical":"https:\/\/exaudi.org\/es\/el-dicasterio-para-las-causas-de-los-santos\/","og_locale":"es_ES","og_type":"article","og_title":"Dicasterio para las Causas de los Santos &#8211; Exaudi","og_description":"Tiene la tarea de seguir el proceso de beatificaci\u00f3n y canonizaci\u00f3n de los Siervos de Dios, asistiendo a los obispos de las di\u00f3cesis a las que pertenecen en la investigaci\u00f3n sobre el martirio, las virtudes heroicas o la ofrenda de la vida, as\u00ed como sobre los milagros de un fiel cat\u00f3lico. El prefecto del Dicasterio presenta despu\u00e9s al Papa los decretos para la aprobaci\u00f3n de las causas, para que pueda indicar al candidato a la veneraci\u00f3n de todos los fieles","og_url":"https:\/\/exaudi.org\/es\/el-dicasterio-para-las-causas-de-los-santos\/","og_site_name":"Exaudi","article_publisher":"https:\/\/www.facebook.com\/ExaudiNews","article_author":"https:\/\/www.facebook.com\/ExaudiNoticias\/","article_published_time":"2026-03-19T07:00:53+00:00","article_modified_time":"2026-04-28T09:22:45+00:00","og_image":[{"width":750,"height":422,"url":"https:\/\/exaudi.org\/wp-content\/uploads\/2026\/03\/cq5dam.thumbnail.cropped.750.422-2-2.jpeg","type":"image\/jpeg"}],"author":"Exaudi Redacci\u00f3n","twitter_card":"summary_large_image","twitter_creator":"@Exaudi_noticias","twitter_site":"@Exaudi_News","twitter_misc":{"Escrito por":"Exaudi Redacci\u00f3n","Tiempo de lectura":"6 minutos"},"schema":{"@context":"https:\/\/schema.org","@graph":[{"@type":"Article","@id":"https:\/\/exaudi.org\/es\/el-dicasterio-para-las-causas-de-los-santos\/#article","isPartOf":{"@id":"https:\/\/exaudi.org\/es\/el-dicasterio-para-las-causas-de-los-santos\/"},"author":{"name":"Exaudi Redacci\u00f3n","@id":"https:\/\/exaudi.org\/#\/schema\/person\/f5fc8f063065e38742da7afe15f25df7"},"headline":"Dicasterio para las Causas de los Santos","datePublished":"2026-03-19T07:00:53+00:00","dateModified":"2026-04-28T09:22:45+00:00","mainEntityOfPage":{"@id":"https:\/\/exaudi.org\/es\/el-dicasterio-para-las-causas-de-los-santos\/"},"wordCount":1299,"image":{"@id":"https:\/\/exaudi.org\/es\/el-dicasterio-para-las-causas-de-los-santos\/#primaryimage"},"thumbnailUrl":"https:\/\/exaudi.org\/wp-content\/uploads\/2026\/03\/cq5dam.thumbnail.cropped.750.422-2-2.jpeg","keywords":["Beatificaci\u00f3n","beatificaci\u00f3n en la Iglesia cat\u00f3lica","Beato","Canonizaci\u00f3n","canonizaci\u00f3n en la Iglesia cat\u00f3lica","Comisi\u00f3n Nuevos M\u00e1rtires","Congregaci\u00f3n para las Causas de los Santos","Dentro del Vaticano","Derecho can\u00f3nico","Dicasterio para las Causas de los Santos","Divinus Perfectionis Magister","Doctor de la Iglesia","Fabio Fabene","fama de santidad","fase romana canonizaci\u00f3n","historia del vaticano","investigaci\u00f3n de santidad","Marcello Semeraro","m\u00e1rtires cristianos","martirio cristiano","milagros en la Iglesia","milagros reconocidos por la Iglesia","nuevos m\u00e1rtires testigos de la fe","Pastor Bonus","positio causas de los santos","procedimiento canonico santos","Proceso de beatificaci\u00f3n","proceso de canonizaci\u00f3n","proceso diocesano","proceso vaticano santos","reliquias de los santos","Sacra Rituum Congregatio","Santo","santos cat\u00f3licos","siervo de Dios","Venerable","Virtudes heroicas"],"articleSection":["Vaticano"],"inLanguage":"es"},{"@type":"WebPage","@id":"https:\/\/exaudi.org\/es\/el-dicasterio-para-las-causas-de-los-santos\/","url":"https:\/\/exaudi.org\/es\/el-dicasterio-para-las-causas-de-los-santos\/","name":"Dicasterio para las Causas de los Santos &#8211; Exaudi","isPartOf":{"@id":"https:\/\/exaudi.org\/#website"},"primaryImageOfPage":{"@id":"https:\/\/exaudi.org\/es\/el-dicasterio-para-las-causas-de-los-santos\/#primaryimage"},"image":{"@id":"https:\/\/exaudi.org\/es\/el-dicasterio-para-las-causas-de-los-santos\/#primaryimage"},"thumbnailUrl":"https:\/\/exaudi.org\/wp-content\/uploads\/2026\/03\/cq5dam.thumbnail.cropped.750.422-2-2.jpeg","datePublished":"2026-03-19T07:00:53+00:00","dateModified":"2026-04-28T09:22:45+00:00","author":{"@id":"https:\/\/exaudi.org\/#\/schema\/person\/f5fc8f063065e38742da7afe15f25df7"},"breadcrumb":{"@id":"https:\/\/exaudi.org\/es\/el-dicasterio-para-las-causas-de-los-santos\/#breadcrumb"},"inLanguage":"es","potentialAction":[{"@type":"ReadAction","target":["https:\/\/exaudi.org\/es\/el-dicasterio-para-las-causas-de-los-santos\/"]}]},{"@type":"ImageObject","inLanguage":"es","@id":"https:\/\/exaudi.org\/es\/el-dicasterio-para-las-causas-de-los-santos\/#primaryimage","url":"https:\/\/exaudi.org\/wp-content\/uploads\/2026\/03\/cq5dam.thumbnail.cropped.750.422-2-2.jpeg","contentUrl":"https:\/\/exaudi.org\/wp-content\/uploads\/2026\/03\/cq5dam.thumbnail.cropped.750.422-2-2.jpeg","width":750,"height":422},{"@type":"BreadcrumbList","@id":"https:\/\/exaudi.org\/es\/el-dicasterio-para-las-causas-de-los-santos\/#breadcrumb","itemListElement":[{"@type":"ListItem","position":1,"name":"Portada","item":"https:\/\/exaudi.org\/es\/"},{"@type":"ListItem","position":2,"name":"Dicasterio para las Causas de los Santos"}]},{"@type":"WebSite","@id":"https:\/\/exaudi.org\/#website","url":"https:\/\/exaudi.org\/","name":"Exaudi","description":"News","potentialAction":[{"@type":"SearchAction","target":{"@type":"EntryPoint","urlTemplate":"https:\/\/exaudi.org\/?s={search_term_string}"},"query-input":{"@type":"PropertyValueSpecification","valueRequired":true,"valueName":"search_term_string"}}],"inLanguage":"es"},{"@type":"Person","@id":"https:\/\/exaudi.org\/#\/schema\/person\/f5fc8f063065e38742da7afe15f25df7","name":"Exaudi Redacci\u00f3n","image":{"@type":"ImageObject","inLanguage":"es","@id":"https:\/\/secure.gravatar.com\/avatar\/fe0f6a059fb68d9b3e11bc5850dd4899b1c7492091a3cb6dd9b01b56ad828be2?s=96&d=mm&r=g","url":"https:\/\/secure.gravatar.com\/avatar\/fe0f6a059fb68d9b3e11bc5850dd4899b1c7492091a3cb6dd9b01b56ad828be2?s=96&d=mm&r=g","contentUrl":"https:\/\/secure.gravatar.com\/avatar\/fe0f6a059fb68d9b3e11bc5850dd4899b1c7492091a3cb6dd9b01b56ad828be2?s=96&d=mm&r=g","caption":"Exaudi Redacci\u00f3n"},"description":"\u00bfQu\u00e9 es Exaudi News? Exaudi News es un medio de comunicaci\u00f3n cat\u00f3lico internacional que informa, forma y transforma, diariamente en espa\u00f1ol, ingl\u00e9s e italiano. A trav\u00e9s de noticias, art\u00edculos de an\u00e1lisis y transmisiones en directo de los eventos del Papa, Exaudi busca fortalecer la unidad de los cristianos y contribuir a la evangelizaci\u00f3n del mundo, siempre guiados por la doctrina social de la Iglesia. Trabajamos para acercar la verdad y los valores cristianos a cada rinc\u00f3n del planeta. \u00a1Ay\u00fadanos a transformar el mundo con Exaudi! En Exaudi creemos que la evangelizaci\u00f3n y la informaci\u00f3n de calidad pueden cambiar vidas. Para continuar con nuestra misi\u00f3n y expandir nuestro alcance, necesitamos tu ayuda. Adem\u00e1s, buscamos personas comprometidas que deseen unirse a nuestro equipo. Con tu apoyo, lograremos llegar a m\u00e1s personas, difundir el mensaje de Cristo y reforzar la unidad de los cristianos. \u00bfTe unes a nuestra misi\u00f3n? Para m\u00e1s informaci\u00f3n sobre c\u00f3mo colaborar, visita Exaudi.org\/es o cont\u00e1ctanos directamente: info@exaudi.org Exaudi: Informa, forma y transforma.","sameAs":["https:\/\/www.facebook.com\/ExaudiNoticias\/","https:\/\/www.instagram.com\/exaudi_noticias\/","https:\/\/x.com\/Exaudi_noticias","https:\/\/www.youtube.com\/@exaudicatholicnews"],"url":"https:\/\/exaudi.org\/es\/author\/redaccionexaudi\/"}]}},"jetpack_featured_media_url":"https:\/\/exaudi.org\/wp-content\/uploads\/2026\/03\/cq5dam.thumbnail.cropped.750.422-2-2.jpeg","jetpack_shortlink":"https:\/\/wp.me\/pgKjF2-FVd","_links":{"self":[{"href":"https:\/\/exaudi.org\/es\/wp-json\/wp\/v2\/posts\/161151","targetHints":{"allow":["GET"]}}],"collection":[{"href":"https:\/\/exaudi.org\/es\/wp-json\/wp\/v2\/posts"}],"about":[{"href":"https:\/\/exaudi.org\/es\/wp-json\/wp\/v2\/types\/post"}],"author":[{"embeddable":true,"href":"https:\/\/exaudi.org\/es\/wp-json\/wp\/v2\/users\/15"}],"replies":[{"embeddable":true,"href":"https:\/\/exaudi.org\/es\/wp-json\/wp\/v2\/comments?post=161151"}],"version-history":[{"count":8,"href":"https:\/\/exaudi.org\/es\/wp-json\/wp\/v2\/posts\/161151\/revisions"}],"predecessor-version":[{"id":167402,"href":"https:\/\/exaudi.org\/es\/wp-json\/wp\/v2\/posts\/161151\/revisions\/167402"}],"wp:featuredmedia":[{"embeddable":true,"href":"https:\/\/exaudi.org\/es\/wp-json\/wp\/v2\/media\/161152"}],"wp:attachment":[{"href":"https:\/\/exaudi.org\/es\/wp-json\/wp\/v2\/media?parent=161151"}],"wp:term":[{"taxonomy":"category","embeddable":true,"href":"https:\/\/exaudi.org\/es\/wp-json\/wp\/v2\/categories?post=161151"},{"taxonomy":"post_tag","embeddable":true,"href":"https:\/\/exaudi.org\/es\/wp-json\/wp\/v2\/tags?post=161151"}],"curies":[{"name":"wp","href":"https:\/\/api.w.org\/{rel}","templated":true}]}}