{"id":16065,"date":"2021-05-10T16:35:36","date_gmt":"2021-05-10T14:35:36","guid":{"rendered":"https:\/\/exaudi.org\/?p=16065"},"modified":"2021-05-11T13:01:04","modified_gmt":"2021-05-11T11:01:04","slug":"peru-iglesia-suscribe-proclama-ciudadana-2021","status":"publish","type":"post","link":"https:\/\/exaudi.org\/es\/peru-iglesia-suscribe-proclama-ciudadana-2021\/","title":{"rendered":"Per\u00fa: Iglesia se suscribe a la Proclama ciudadana"},"content":{"rendered":"<p>La Iglesia de Per\u00fa, a trav\u00e9s de <a href=\"https:\/\/exaudi.org\/es\/entrevista-mons-cabrejos-presidente-episcopado-latinoamericano\/\" target=\"_blank\" rel=\"noopener noreferrer\">monse\u00f1or Miguel Cabrejos<\/a>, arzobispo de Trujillo, presidente del Episcopado peruano y tambi\u00e9n del <a href=\"https:\/\/prensacelam.org\/\" target=\"_blank\" rel=\"noopener noreferrer\">Consejo Episcopal Latinoamericano (CELAM)<\/a>, se ha suscrito la Proclama ciudadana, una iniciativa que demanda un juramento por la democracia a los candidatos presidenciales que se presentan en la segunda vuelta de las <a href=\"https:\/\/exaudi.org\/es\/elecciones-generales-en-peru-comunicado-de-los-obispos\/\" target=\"_blank\" rel=\"noopener noreferrer\">elecciones de junio.<\/a><\/p>\n<p>La proclama, hecha publica el pasado s\u00e1bado 8 de mayo de 2021 a trav\u00e9s de un comunicado, tambi\u00e9n cuenta con la suscripci\u00f3n de la Asociaci\u00f3n Civil Transparencia, la Uni\u00f3n de Iglesias Evang\u00e9licas del Per\u00fa y la Coordinadora Nacional de Derechos Humanos.<\/p>\n<h4><strong>Acto de suscripci\u00f3n<\/strong><\/h4>\n<p>Seg\u00fan explica el CELAM en una nota, en dicha proclama, Mons. Cabrejos destac\u00f3\u00a0\u201cla necesidad imperiosa que quien salga elegido o elegida como Presidente de la Rep\u00fablica en la\u00a0segunda vuelta electoral\u00a0a realizarse el 6 de junio del presente a\u00f1o, se comprometa firmemente con la agenda urgente del pa\u00eds azotado por la pandemia\u201d.<\/p>\n<p>En esta l\u00ednea, pidi\u00f3 al nuevo presidente su compromiso \u201ccon la construcci\u00f3n de un Per\u00fa, democr\u00e1tico, justo, fraterno, solidario, en Paz, respetuoso de la libertad, defensor de la vida y del bien com\u00fan, de la naturaleza y de la gran poblaci\u00f3n empobrecida y vulnerable, miembro activo de la comunidad internacional,\u00a0 en este territorio bendecido por el Creador con una gran diversidad; un pa\u00eds de todas las sangres\u201d.<\/p>\n<p>El obispo record\u00f3 que el Papa Francisco llam\u00f3 a Per\u00fa \u201ctierra ensantada por el gran testimonio de quienes amaron con ardor a los m\u00e1s pobres como Santa Rosa de Lima, San Mart\u00edn de Porres, la gran devoci\u00f3n al Se\u00f1or de los Milagros y que veneramos en los altares\u201d.<\/p>\n<p>Tambi\u00e9n, prosigue, \u201cnos record\u00f3 la gran importancia de una pol\u00edtica con \u00e9tica, que no \u2018descarte\u2019 a nadie\u201d, por tanto \u201cla Iglesia est\u00e1 para una presencia pastoral, pero tambi\u00e9n est\u00e1 para una presencia en la \u00e9tica p\u00fablica, que nace de los valores del Evangelio\u201d.<\/p>\n<p>\u201cEstimados, tenemos el gran desaf\u00edo de seguir construyendo una gran Naci\u00f3n, tierra de h\u00e9roes y de santos. \u00a1No perdamos esta brillante oportunidad que tenemos en nuestras manos!\u201d, concluy\u00f3.<\/p>\n<h4><strong>Proclama ciudadana<\/strong><\/h4>\n<p>Las firmas suscriptoras de la iniciativa exigen que el candidato jure \u201cponer en marcha en forma inmediata los m\u00e1ximos esfuerzos del Estado y otros existentes en el pa\u00eds para vencer la pandemia\u201d, respetar y defender \u201cel derecho fundamental de la vida y garantizar los derechos humanos de todos los habitantes\u201d, y \u201cdejar el poder despu\u00e9s de 2028 y no buscar ni intentar ning\u00fan mecanismo de reelecci\u00f3n\u201d.<\/p>\n<p>Asimismo, llaman a \u201cque cualquier cambio o reforma, incluida la de la Constituci\u00f3n, solo se har\u00e1 a trav\u00e9s de mecanismos constitucionales vigentes y en respeto al Estado de Derecho\u201d, \u201crespetar y proteger la independencia y los fueros de los otros poderes del Estado\u201d, y \u201cpromover una educaci\u00f3n de calidad con equidad e inclusi\u00f3n\u201d.<\/p>\n<p>Exigen \u201crespetar, estimular y defender decididamente la libertad de expresi\u00f3n y de prensa\u201d, \u201casegurar la libre asociaci\u00f3n\u201d, \u201cpromover y proteger la lucha contra la corrupci\u00f3n\u201d y \u201crespetar los tratados internacionales\u201d en materia de Derechos Humanos.<\/p>\n<p>Por \u00faltimo, llaman a \u201cpromover el bien com\u00fan con una mejor distribuci\u00f3n de ingresos, mayor eficiencia del gasto e inversi\u00f3n p\u00fablica\u201d, y \u201crespetar la institucionalidad meritocracia y no deliberante de las Fuerzas Armadas y policiales\u201d.<\/p>\n","protected":false},"excerpt":{"rendered":"<p>Exige jurar por la democracia a los candidatos presidenciales<\/p>\n","protected":false},"author":6,"featured_media":16069,"comment_status":"closed","ping_status":"closed","sticky":false,"template":"","format":"standard","meta":{"_acf_changed":false,"_crdt_document":"","inline_featured_image":false,"footnotes":""},"categories":[86,298],"tags":[2237,946,1028],"class_list":["post-16065","post","type-post","status-publish","format-standard","has-post-thumbnail","hentry","category-iglesia-local","category-ultimas-noticias","tag-conferencia-episcopal-de-peru","tag-elecciones-generales-2021","tag-monsenor-miguel-cabrejos"],"acf":[],"yoast_head":"<!-- This site is optimized with the Yoast SEO plugin v27.5 - https:\/\/yoast.com\/product\/yoast-seo-wordpress\/ -->\n<title>Per\u00fa: Iglesia se suscribe a la Proclama ciudadana &#8211; Exaudi<\/title>\n<meta name=\"description\" content=\"La Iglesia de Per\u00fa se ha suscrito, a trav\u00e9s de monse\u00f1or Miguel Cabrejos, a la Proclama ciudadana que exige el mantenimiento de la democracia.\" \/>\n<meta name=\"robots\" content=\"index, follow, max-snippet:-1, max-image-preview:large, max-video-preview:-1\" \/>\n<link rel=\"canonical\" href=\"https:\/\/exaudi.org\/es\/peru-iglesia-suscribe-proclama-ciudadana-2021\/\" \/>\n<meta property=\"og:locale\" content=\"es_ES\" \/>\n<meta property=\"og:type\" content=\"article\" \/>\n<meta property=\"og:title\" content=\"Per\u00fa: Iglesia se suscribe a la Proclama ciudadana &#8211; Exaudi\" \/>\n<meta property=\"og:description\" content=\"La Iglesia de Per\u00fa se ha suscrito, a trav\u00e9s de monse\u00f1or Miguel Cabrejos, a la Proclama ciudadana que exige el mantenimiento de la democracia.\" \/>\n<meta property=\"og:url\" content=\"https:\/\/exaudi.org\/es\/peru-iglesia-suscribe-proclama-ciudadana-2021\/\" \/>\n<meta property=\"og:site_name\" content=\"Exaudi\" \/>\n<meta property=\"article:publisher\" content=\"https:\/\/www.facebook.com\/ExaudiNews\" \/>\n<meta property=\"article:published_time\" content=\"2021-05-10T14:35:36+00:00\" \/>\n<meta property=\"article:modified_time\" content=\"2021-05-11T11:01:04+00:00\" \/>\n<meta property=\"og:image\" content=\"https:\/\/exaudi.org\/wp-content\/uploads\/2021\/05\/563as453asd4.jpg.jpeg\" \/>\n\t<meta property=\"og:image:width\" content=\"1164\" \/>\n\t<meta property=\"og:image:height\" content=\"776\" \/>\n\t<meta property=\"og:image:type\" content=\"image\/jpeg\" \/>\n<meta name=\"author\" content=\"Gabriel Sales\" \/>\n<meta name=\"twitter:card\" content=\"summary_large_image\" \/>\n<meta name=\"twitter:creator\" content=\"@habemusman\" \/>\n<meta name=\"twitter:site\" content=\"@Exaudi_News\" \/>\n<meta name=\"twitter:label1\" content=\"Escrito por\" \/>\n\t<meta name=\"twitter:data1\" content=\"Gabriel Sales\" \/>\n\t<meta name=\"twitter:label2\" content=\"Tiempo de lectura\" \/>\n\t<meta name=\"twitter:data2\" content=\"3 minutos\" \/>\n<script type=\"application\/ld+json\" class=\"yoast-schema-graph\">{\"@context\":\"https:\\\/\\\/schema.org\",\"@graph\":[{\"@type\":\"Article\",\"@id\":\"https:\\\/\\\/exaudi.org\\\/es\\\/peru-iglesia-suscribe-proclama-ciudadana-2021\\\/#article\",\"isPartOf\":{\"@id\":\"https:\\\/\\\/exaudi.org\\\/es\\\/peru-iglesia-suscribe-proclama-ciudadana-2021\\\/\"},\"author\":{\"name\":\"Gabriel Sales\",\"@id\":\"https:\\\/\\\/exaudi.org\\\/#\\\/schema\\\/person\\\/d134b96438278131ce90c90c03fda6cd\"},\"headline\":\"Per\u00fa: Iglesia se suscribe a la Proclama ciudadana\",\"datePublished\":\"2021-05-10T14:35:36+00:00\",\"dateModified\":\"2021-05-11T11:01:04+00:00\",\"mainEntityOfPage\":{\"@id\":\"https:\\\/\\\/exaudi.org\\\/es\\\/peru-iglesia-suscribe-proclama-ciudadana-2021\\\/\"},\"wordCount\":582,\"image\":{\"@id\":\"https:\\\/\\\/exaudi.org\\\/es\\\/peru-iglesia-suscribe-proclama-ciudadana-2021\\\/#primaryimage\"},\"thumbnailUrl\":\"https:\\\/\\\/exaudi.org\\\/wp-content\\\/uploads\\\/2021\\\/05\\\/563as453asd4.jpg.jpeg\",\"keywords\":[\"Conferencia Episcopal de Per\u00fa\",\"Elecciones generales 2021\",\"Monse\u00f1or Miguel Cabrejos\"],\"articleSection\":[\"Iglesia Local\",\"\u00daltimas noticias\"],\"inLanguage\":\"es\"},{\"@type\":\"WebPage\",\"@id\":\"https:\\\/\\\/exaudi.org\\\/es\\\/peru-iglesia-suscribe-proclama-ciudadana-2021\\\/\",\"url\":\"https:\\\/\\\/exaudi.org\\\/es\\\/peru-iglesia-suscribe-proclama-ciudadana-2021\\\/\",\"name\":\"Per\u00fa: Iglesia se suscribe a la Proclama ciudadana &#8211; Exaudi\",\"isPartOf\":{\"@id\":\"https:\\\/\\\/exaudi.org\\\/#website\"},\"primaryImageOfPage\":{\"@id\":\"https:\\\/\\\/exaudi.org\\\/es\\\/peru-iglesia-suscribe-proclama-ciudadana-2021\\\/#primaryimage\"},\"image\":{\"@id\":\"https:\\\/\\\/exaudi.org\\\/es\\\/peru-iglesia-suscribe-proclama-ciudadana-2021\\\/#primaryimage\"},\"thumbnailUrl\":\"https:\\\/\\\/exaudi.org\\\/wp-content\\\/uploads\\\/2021\\\/05\\\/563as453asd4.jpg.jpeg\",\"datePublished\":\"2021-05-10T14:35:36+00:00\",\"dateModified\":\"2021-05-11T11:01:04+00:00\",\"author\":{\"@id\":\"https:\\\/\\\/exaudi.org\\\/#\\\/schema\\\/person\\\/d134b96438278131ce90c90c03fda6cd\"},\"description\":\"La Iglesia de Per\u00fa se ha suscrito, a trav\u00e9s de monse\u00f1or Miguel Cabrejos, a la Proclama ciudadana que exige el mantenimiento de la democracia.\",\"breadcrumb\":{\"@id\":\"https:\\\/\\\/exaudi.org\\\/es\\\/peru-iglesia-suscribe-proclama-ciudadana-2021\\\/#breadcrumb\"},\"inLanguage\":\"es\",\"potentialAction\":[{\"@type\":\"ReadAction\",\"target\":[\"https:\\\/\\\/exaudi.org\\\/es\\\/peru-iglesia-suscribe-proclama-ciudadana-2021\\\/\"]}]},{\"@type\":\"ImageObject\",\"inLanguage\":\"es\",\"@id\":\"https:\\\/\\\/exaudi.org\\\/es\\\/peru-iglesia-suscribe-proclama-ciudadana-2021\\\/#primaryimage\",\"url\":\"https:\\\/\\\/exaudi.org\\\/wp-content\\\/uploads\\\/2021\\\/05\\\/563as453asd4.jpg.jpeg\",\"contentUrl\":\"https:\\\/\\\/exaudi.org\\\/wp-content\\\/uploads\\\/2021\\\/05\\\/563as453asd4.jpg.jpeg\",\"width\":1164,\"height\":776,\"caption\":\"Acto de la Proclama ciudadana en Per\u00fa \u00a9 CELAM\"},{\"@type\":\"BreadcrumbList\",\"@id\":\"https:\\\/\\\/exaudi.org\\\/es\\\/peru-iglesia-suscribe-proclama-ciudadana-2021\\\/#breadcrumb\",\"itemListElement\":[{\"@type\":\"ListItem\",\"position\":1,\"name\":\"Portada\",\"item\":\"https:\\\/\\\/exaudi.org\\\/es\\\/\"},{\"@type\":\"ListItem\",\"position\":2,\"name\":\"Per\u00fa: Iglesia se suscribe a la Proclama ciudadana\"}]},{\"@type\":\"WebSite\",\"@id\":\"https:\\\/\\\/exaudi.org\\\/#website\",\"url\":\"https:\\\/\\\/exaudi.org\\\/\",\"name\":\"Exaudi\",\"description\":\"News\",\"potentialAction\":[{\"@type\":\"SearchAction\",\"target\":{\"@type\":\"EntryPoint\",\"urlTemplate\":\"https:\\\/\\\/exaudi.org\\\/?s={search_term_string}\"},\"query-input\":{\"@type\":\"PropertyValueSpecification\",\"valueRequired\":true,\"valueName\":\"search_term_string\"}}],\"inLanguage\":\"es\"},{\"@type\":\"Person\",\"@id\":\"https:\\\/\\\/exaudi.org\\\/#\\\/schema\\\/person\\\/d134b96438278131ce90c90c03fda6cd\",\"name\":\"Gabriel Sales\",\"image\":{\"@type\":\"ImageObject\",\"inLanguage\":\"es\",\"@id\":\"https:\\\/\\\/secure.gravatar.com\\\/avatar\\\/9b1269566f6a063ed26ffb3532b66a373cdde231ce5d0effb266167437fdaffd?s=96&d=mm&r=g\",\"url\":\"https:\\\/\\\/secure.gravatar.com\\\/avatar\\\/9b1269566f6a063ed26ffb3532b66a373cdde231ce5d0effb266167437fdaffd?s=96&d=mm&r=g\",\"contentUrl\":\"https:\\\/\\\/secure.gravatar.com\\\/avatar\\\/9b1269566f6a063ed26ffb3532b66a373cdde231ce5d0effb266167437fdaffd?s=96&d=mm&r=g\",\"caption\":\"Gabriel Sales\"},\"description\":\"Periodista y especialista en Comunicaci\u00f3n y Branding digital. Cin\u00e9filo y cr\u00edtico de cine y series de televisi\u00f3n.\",\"sameAs\":[\"https:\\\/\\\/www.instagram.com\\\/cine90segundos\\\/\",\"www.linkedin.com\\\/in\\\/habemusman\",\"https:\\\/\\\/x.com\\\/habemusman\",\"https:\\\/\\\/www.youtube.com\\\/channel\\\/UCVfCiOMkJ_C7T7OpyjuaLDg\"],\"url\":\"https:\\\/\\\/exaudi.org\\\/es\\\/author\\\/gsalesexaudi-org\\\/\"}]}<\/script>\n<!-- \/ Yoast SEO plugin. -->","yoast_head_json":{"title":"Per\u00fa: Iglesia se suscribe a la Proclama ciudadana &#8211; Exaudi","description":"La Iglesia de Per\u00fa se ha suscrito, a trav\u00e9s de monse\u00f1or Miguel Cabrejos, a la Proclama ciudadana que exige el mantenimiento de la democracia.","robots":{"index":"index","follow":"follow","max-snippet":"max-snippet:-1","max-image-preview":"max-image-preview:large","max-video-preview":"max-video-preview:-1"},"canonical":"https:\/\/exaudi.org\/es\/peru-iglesia-suscribe-proclama-ciudadana-2021\/","og_locale":"es_ES","og_type":"article","og_title":"Per\u00fa: Iglesia se suscribe a la Proclama ciudadana &#8211; Exaudi","og_description":"La Iglesia de Per\u00fa se ha suscrito, a trav\u00e9s de monse\u00f1or Miguel Cabrejos, a la Proclama ciudadana que exige el mantenimiento de la democracia.","og_url":"https:\/\/exaudi.org\/es\/peru-iglesia-suscribe-proclama-ciudadana-2021\/","og_site_name":"Exaudi","article_publisher":"https:\/\/www.facebook.com\/ExaudiNews","article_published_time":"2021-05-10T14:35:36+00:00","article_modified_time":"2021-05-11T11:01:04+00:00","og_image":[{"width":1164,"height":776,"url":"https:\/\/exaudi.org\/wp-content\/uploads\/2021\/05\/563as453asd4.jpg.jpeg","type":"image\/jpeg"}],"author":"Gabriel Sales","twitter_card":"summary_large_image","twitter_creator":"@habemusman","twitter_site":"@Exaudi_News","twitter_misc":{"Escrito por":"Gabriel Sales","Tiempo de lectura":"3 minutos"},"schema":{"@context":"https:\/\/schema.org","@graph":[{"@type":"Article","@id":"https:\/\/exaudi.org\/es\/peru-iglesia-suscribe-proclama-ciudadana-2021\/#article","isPartOf":{"@id":"https:\/\/exaudi.org\/es\/peru-iglesia-suscribe-proclama-ciudadana-2021\/"},"author":{"name":"Gabriel Sales","@id":"https:\/\/exaudi.org\/#\/schema\/person\/d134b96438278131ce90c90c03fda6cd"},"headline":"Per\u00fa: Iglesia se suscribe a la Proclama ciudadana","datePublished":"2021-05-10T14:35:36+00:00","dateModified":"2021-05-11T11:01:04+00:00","mainEntityOfPage":{"@id":"https:\/\/exaudi.org\/es\/peru-iglesia-suscribe-proclama-ciudadana-2021\/"},"wordCount":582,"image":{"@id":"https:\/\/exaudi.org\/es\/peru-iglesia-suscribe-proclama-ciudadana-2021\/#primaryimage"},"thumbnailUrl":"https:\/\/exaudi.org\/wp-content\/uploads\/2021\/05\/563as453asd4.jpg.jpeg","keywords":["Conferencia Episcopal de Per\u00fa","Elecciones generales 2021","Monse\u00f1or Miguel Cabrejos"],"articleSection":["Iglesia Local","\u00daltimas noticias"],"inLanguage":"es"},{"@type":"WebPage","@id":"https:\/\/exaudi.org\/es\/peru-iglesia-suscribe-proclama-ciudadana-2021\/","url":"https:\/\/exaudi.org\/es\/peru-iglesia-suscribe-proclama-ciudadana-2021\/","name":"Per\u00fa: Iglesia se suscribe a la Proclama ciudadana &#8211; Exaudi","isPartOf":{"@id":"https:\/\/exaudi.org\/#website"},"primaryImageOfPage":{"@id":"https:\/\/exaudi.org\/es\/peru-iglesia-suscribe-proclama-ciudadana-2021\/#primaryimage"},"image":{"@id":"https:\/\/exaudi.org\/es\/peru-iglesia-suscribe-proclama-ciudadana-2021\/#primaryimage"},"thumbnailUrl":"https:\/\/exaudi.org\/wp-content\/uploads\/2021\/05\/563as453asd4.jpg.jpeg","datePublished":"2021-05-10T14:35:36+00:00","dateModified":"2021-05-11T11:01:04+00:00","author":{"@id":"https:\/\/exaudi.org\/#\/schema\/person\/d134b96438278131ce90c90c03fda6cd"},"description":"La Iglesia de Per\u00fa se ha suscrito, a trav\u00e9s de monse\u00f1or Miguel Cabrejos, a la Proclama ciudadana que exige el mantenimiento de la democracia.","breadcrumb":{"@id":"https:\/\/exaudi.org\/es\/peru-iglesia-suscribe-proclama-ciudadana-2021\/#breadcrumb"},"inLanguage":"es","potentialAction":[{"@type":"ReadAction","target":["https:\/\/exaudi.org\/es\/peru-iglesia-suscribe-proclama-ciudadana-2021\/"]}]},{"@type":"ImageObject","inLanguage":"es","@id":"https:\/\/exaudi.org\/es\/peru-iglesia-suscribe-proclama-ciudadana-2021\/#primaryimage","url":"https:\/\/exaudi.org\/wp-content\/uploads\/2021\/05\/563as453asd4.jpg.jpeg","contentUrl":"https:\/\/exaudi.org\/wp-content\/uploads\/2021\/05\/563as453asd4.jpg.jpeg","width":1164,"height":776,"caption":"Acto de la Proclama ciudadana en Per\u00fa \u00a9 CELAM"},{"@type":"BreadcrumbList","@id":"https:\/\/exaudi.org\/es\/peru-iglesia-suscribe-proclama-ciudadana-2021\/#breadcrumb","itemListElement":[{"@type":"ListItem","position":1,"name":"Portada","item":"https:\/\/exaudi.org\/es\/"},{"@type":"ListItem","position":2,"name":"Per\u00fa: Iglesia se suscribe a la Proclama ciudadana"}]},{"@type":"WebSite","@id":"https:\/\/exaudi.org\/#website","url":"https:\/\/exaudi.org\/","name":"Exaudi","description":"News","potentialAction":[{"@type":"SearchAction","target":{"@type":"EntryPoint","urlTemplate":"https:\/\/exaudi.org\/?s={search_term_string}"},"query-input":{"@type":"PropertyValueSpecification","valueRequired":true,"valueName":"search_term_string"}}],"inLanguage":"es"},{"@type":"Person","@id":"https:\/\/exaudi.org\/#\/schema\/person\/d134b96438278131ce90c90c03fda6cd","name":"Gabriel Sales","image":{"@type":"ImageObject","inLanguage":"es","@id":"https:\/\/secure.gravatar.com\/avatar\/9b1269566f6a063ed26ffb3532b66a373cdde231ce5d0effb266167437fdaffd?s=96&d=mm&r=g","url":"https:\/\/secure.gravatar.com\/avatar\/9b1269566f6a063ed26ffb3532b66a373cdde231ce5d0effb266167437fdaffd?s=96&d=mm&r=g","contentUrl":"https:\/\/secure.gravatar.com\/avatar\/9b1269566f6a063ed26ffb3532b66a373cdde231ce5d0effb266167437fdaffd?s=96&d=mm&r=g","caption":"Gabriel Sales"},"description":"Periodista y especialista en Comunicaci\u00f3n y Branding digital. Cin\u00e9filo y cr\u00edtico de cine y series de televisi\u00f3n.","sameAs":["https:\/\/www.instagram.com\/cine90segundos\/","www.linkedin.com\/in\/habemusman","https:\/\/x.com\/habemusman","https:\/\/www.youtube.com\/channel\/UCVfCiOMkJ_C7T7OpyjuaLDg"],"url":"https:\/\/exaudi.org\/es\/author\/gsalesexaudi-org\/"}]}},"jetpack_featured_media_url":"https:\/\/exaudi.org\/wp-content\/uploads\/2021\/05\/563as453asd4.jpg.jpeg","jetpack_shortlink":"https:\/\/wp.me\/pgKjF2-4b7","_links":{"self":[{"href":"https:\/\/exaudi.org\/es\/wp-json\/wp\/v2\/posts\/16065","targetHints":{"allow":["GET"]}}],"collection":[{"href":"https:\/\/exaudi.org\/es\/wp-json\/wp\/v2\/posts"}],"about":[{"href":"https:\/\/exaudi.org\/es\/wp-json\/wp\/v2\/types\/post"}],"author":[{"embeddable":true,"href":"https:\/\/exaudi.org\/es\/wp-json\/wp\/v2\/users\/6"}],"replies":[{"embeddable":true,"href":"https:\/\/exaudi.org\/es\/wp-json\/wp\/v2\/comments?post=16065"}],"version-history":[{"count":0,"href":"https:\/\/exaudi.org\/es\/wp-json\/wp\/v2\/posts\/16065\/revisions"}],"wp:featuredmedia":[{"embeddable":true,"href":"https:\/\/exaudi.org\/es\/wp-json\/wp\/v2\/media\/16069"}],"wp:attachment":[{"href":"https:\/\/exaudi.org\/es\/wp-json\/wp\/v2\/media?parent=16065"}],"wp:term":[{"taxonomy":"category","embeddable":true,"href":"https:\/\/exaudi.org\/es\/wp-json\/wp\/v2\/categories?post=16065"},{"taxonomy":"post_tag","embeddable":true,"href":"https:\/\/exaudi.org\/es\/wp-json\/wp\/v2\/tags?post=16065"}],"curies":[{"name":"wp","href":"https:\/\/api.w.org\/{rel}","templated":true}]}}