{"id":160200,"date":"2026-03-02T07:00:16","date_gmt":"2026-03-02T06:00:16","guid":{"rendered":"https:\/\/exaudi.org\/?p=160200"},"modified":"2026-03-02T10:24:16","modified_gmt":"2026-03-02T09:24:16","slug":"jornada-de-estudios-sobre-la-enciclica-dilexit-nos","status":"publish","type":"post","link":"https:\/\/exaudi.org\/es\/jornada-de-estudios-sobre-la-enciclica-dilexit-nos\/","title":{"rendered":"Jornada de Estudios sobre la Enc\u00edclica\u00a0Dilexit nos"},"content":{"rendered":"<p>Viernes 20 de marzo de 2026 \u2014 Ateneo Pontificio Regina Apostolorum\/ evento gratuito presencial y online\/ Con traducci\u00f3n al INGL\u00c9S Y ESPA\u00d1OL.<\/p>\n<p class=\"x_MsoNormal\"><span lang=\"ES\">La Facultad de Teolog\u00eda del Ateneo Pontificio Regina Apostolorum de Roma se complace en anunciar la celebraci\u00f3n de una nueva\u00a0<b>Jornada de Estudios<\/b>\u00a0dedicada a profundizar en la Enc\u00edclica del Papa Francisco sobre el Sagrado Coraz\u00f3n de Jes\u00fas. El evento, titulado\u00a0<b>\u201cLa Enc\u00edclica sobre el Sagrado Coraz\u00f3n\u00a0<i>Dilexit nos<\/i>\u00a0a la luz de la Teolog\u00eda de los Santos y la espiritualidad del Regnum Christi\u201d<\/b>, tendr\u00e1 lugar el\u00a0<b>viernes 20 de marzo<\/b>, de\u00a0<b>8:30 a 12:50<\/b>, en el\u00a0<b>Aula Master<\/b>\u00a0del Ateneo.<\/span><\/p>\n<p class=\"x_MsoNormal\"><span lang=\"ES\">Esta iniciativa se presenta como una continuaci\u00f3n natural de las reflexiones desarrolladas el a\u00f1o pasado, con el objetivo de entrar m\u00e1s profundamente en el mensaje central de\u00a0<i>Dilexit nos<\/i>. La jornada desea iluminar c\u00f3mo la devoci\u00f3n al Coraz\u00f3n de Cristo \u2014una de las expresiones m\u00e1s ricas de la espiritualidad cat\u00f3lica\u2014 ha sido vivida, explicada y transmitida por los grandes santos a lo largo de la historia. Asimismo, busca mostrar el\u00a0<b>v\u00ednculo vital<\/b>\u00a0entre esta tradici\u00f3n espiritual y el\u00a0<b>carisma del Regnum Christi<\/b>, que encuentra en el amor del Coraz\u00f3n de Cristo su fuente y misi\u00f3n.<\/span><\/p>\n<p class=\"x_MsoNormal\"><span lang=\"ES\">A lo largo de la ma\u00f1ana, expertos, docentes y religiosos ofrecer\u00e1n un recorrido que abarca desde las ra\u00edces medievales de la teolog\u00eda del Sagrado Coraz\u00f3n de Jes\u00fas, especialmente en San Buenaventura, hasta los testimonios luminosos de santos modernos como Teresa de Lisieux y Carlos de Foucauld. La reflexi\u00f3n culminar\u00e1 en una mirada actual sobre c\u00f3mo los miembros del Regnum Christi est\u00e1n llamados a encarnar hoy esta espiritualidad del amor oblativo.<\/span><\/p>\n<h3 class=\"x_MsoNormal\" style=\"text-align: left;\" align=\"center\"><b><span lang=\"ES\">Programa de la Jornada<\/span><\/b><\/h3>\n<p class=\"x_MsoNormal\"><b><span lang=\"ES\">08:30 \u2013<\/span><\/b><span lang=\"ES\">\u00a0Saludos del P. Rector<br \/>\n<b>08:40 \u2013<\/b>\u00a0<i>Ponencia introductoria<\/i>:\u00a0<b>De la\u00a0<i>Dilexit nos<\/i>\u00a0a la\u00a0<i>Dilexit te<\/i><\/b>\u00a0| P. R. Di Muro O.F.M.Conv.<br \/>\n<b>09:10 \u2013<\/b>\u00a0<i>Ponencia<\/i>:\u00a0<b>Desarrollo hist\u00f3rico de la devoci\u00f3n al Sagrado Coraz\u00f3n en la Legi\u00f3n de Cristo y en el Regnum Christi<\/b>\u00a0| E. Mart\u00ednez Albesa<br \/>\n<b>09:40 \u2013<\/b>\u00a0<i>I Sesi\u00f3n<\/i>:\u00a0<b>San Buenaventura<\/b>\u00a0| Hna. Daniela Del Gaudio SFI<br \/>\n<b>10:10 \u2013<\/b>\u00a0Pausa caf\u00e9<br \/>\n<b>10:30 \u2013<\/b>\u00a0<i>II Sesi\u00f3n<\/i>:\u00a0<b>San Ignacio de Loyola y San Juan de la Cruz<\/b>\u00a0| A. Tagliafico<br \/>\n<b>11:00 \u2013<\/b>\u00a0<i>III Sesi\u00f3n<\/i>:\u00a0<b>Santa Margarita Mar\u00eda de Alacoque y San Claudio de la Colombi\u00e8re<\/b>\u00a0| P. P. Barraj\u00f3n L.C.<br \/>\n<b>11:30 \u2013<\/b>\u00a0<i>IV Sesi\u00f3n<\/i>:\u00a0<b>Santa Teresa de Lisieux y Carlos de Foucauld<\/b>\u00a0| P. J. Spence FFm<br \/>\n<b>12:00 \u2013<\/b>\u00a0<i>V Sesi\u00f3n<\/i>:\u00a0<b>La espiritualidad del Sagrado Coraz\u00f3n en la vida de los miembros del Regnum Christi<\/b>\u00a0| P. P. Cerquitella L.C.<br \/>\n<b>12:30 \u2013<\/b>\u00a0Preguntas y mesa redonda con los moderadores | Moderadora: A. Tagliafico<br \/>\n<b>12:50 \u2013<\/b>\u00a0Saludos finales<\/span><\/p>\n<h3 class=\"x_MsoNormal\"><b>Informaci\u00f3n pr\u00e1ctica<\/b><\/h3>\n<div>\n<div>\n<div>\n<div>\n<div>\n<div>\n<div>\n<div>\n<div class=\"x_MsoNormal\"><\/div>\n<\/div>\n<\/div>\n<\/div>\n<\/div>\n<\/div>\n<\/div>\n<\/div>\n<\/div>\n<ul type=\"disc\">\n<li class=\"x_MsoNormal\"><b><span lang=\"ES\">Modalidad:<\/span><\/b><span lang=\"ES\">\u00a0presencial (Aula Master) y online.<\/span><\/li>\n<li class=\"x_MsoNormal\"><b><span lang=\"ES\">Idioma:<\/span><\/b><span lang=\"ES\">\u00a0el evento se desarrollar\u00e1 en\u00a0<b>italiano<\/b>; la transmisi\u00f3n por\u00a0<b>ZOOM<\/b>\u00a0contar\u00e1 tambi\u00e9n con\u00a0<b>traducci\u00f3n simult\u00e1nea al INGL\u00c9S Y ESPA\u00d1OL<\/b><\/span><\/li>\n<li class=\"x_MsoNormal\"><b><span lang=\"ES\">YouTube:<\/span><\/b><span lang=\"ES\">\u00a0la grabaci\u00f3n completa de la jornada estar\u00e1 disponible posteriormente en el canal oficial del Ateneo.<\/span><\/li>\n<\/ul>\n<p class=\"x_MsoNormal\"><span lang=\"ES\">Con este encuentro, la Facultad de Teolog\u00eda invita a toda la comunidad acad\u00e9mica y eclesial a contemplar, estudiar y actualizar un tema que \u2014como recordaba el Papa Francisco\u2014 toca\u00a0<b>el centro palpitante de la fe cristiana: el Amor del Coraz\u00f3n de Jes\u00fas<\/b>.<\/span><\/p>\n<p class=\"x_MsoNormal\"><b><span lang=\"ES\">Los esperamos para compartir juntos una ma\u00f1ana de reflexi\u00f3n, estudio y renovaci\u00f3n espiritual.<\/span><\/b><\/p>\n<p class=\"x_MsoNormal\"><b><span lang=\"ES\">V\u00ednculo para inscribirse: <\/span><\/b><b><a title=\"https:\/\/www.upra.org\/es\/comunicazione\/eventi\/20-de-marzo-la-enciclica-sobre-el-sagrado-corazon-dilexit-nos-a-la-luz-de-la-teologia-de-los-santos-y-la-espiritualidad-del-regnum-christi\/\" href=\"https:\/\/www.upra.org\/es\/comunicazione\/eventi\/20-de-marzo-la-enciclica-sobre-el-sagrado-corazon-dilexit-nos-a-la-luz-de-la-teologia-de-los-santos-y-la-espiritualidad-del-regnum-christi\/\" target=\"_blank\" rel=\"noopener noreferrer\" data-auth=\"NotApplicable\" data-linkindex=\"0\"><span lang=\"ES\">20 de marzo: La Enc\u00edclica sobre el Sagrado Coraz\u00f3n \u201cDilexit nos\u201d a la luz de la Teolog\u00eda de los Santos y la espiritualidad del Regnum Christi &#8211; APRA<\/span><\/a><\/b><span lang=\"ES\">\u00a0<\/span><\/p>\n","protected":false},"excerpt":{"rendered":"<p>Un encuentro para profundizar en el Sagrado Coraz\u00f3n de Jes\u00fas y en la espiritualidad del Regnum Christi<\/p>\n","protected":false},"author":15,"featured_media":160202,"comment_status":"closed","ping_status":"closed","sticky":false,"template":"","format":"standard","meta":{"_acf_changed":false,"_crdt_document":"","inline_featured_image":false,"footnotes":""},"categories":[],"tags":[17706,29023,99325,31491,47142,449,99322,158,99323,99324],"class_list":["post-160200","post","type-post","status-publish","format-standard","has-post-thumbnail","hentry","tag-amor-divino","tag-enciclica-dilexit-nos","tag-estudios-enciclica-2025","tag-evento-catolico","tag-exaudi-org","tag-iglesia-catolica","tag-jornada-estudios-enciclica-dilexit-nos","tag-papa-francisco","tag-sagrado-corazon-jesus","tag-teologia-corazon"],"acf":[],"yoast_head":"<!-- This site is optimized with the Yoast SEO plugin v27.5 - https:\/\/yoast.com\/product\/yoast-seo-wordpress\/ -->\n<title>Jornada de Estudios sobre la Enc\u00edclica\u00a0Dilexit nos &#8211; Exaudi<\/title>\n<meta name=\"robots\" content=\"index, follow, max-snippet:-1, max-image-preview:large, max-video-preview:-1\" \/>\n<link rel=\"canonical\" href=\"https:\/\/exaudi.org\/es\/jornada-de-estudios-sobre-la-enciclica-dilexit-nos\/\" \/>\n<meta property=\"og:locale\" content=\"es_ES\" \/>\n<meta property=\"og:type\" content=\"article\" \/>\n<meta property=\"og:title\" content=\"Jornada de Estudios sobre la Enc\u00edclica\u00a0Dilexit nos &#8211; Exaudi\" \/>\n<meta property=\"og:description\" content=\"Un encuentro para profundizar en el Sagrado Coraz\u00f3n de Jes\u00fas y en la espiritualidad del Regnum Christi\" \/>\n<meta property=\"og:url\" content=\"https:\/\/exaudi.org\/es\/jornada-de-estudios-sobre-la-enciclica-dilexit-nos\/\" \/>\n<meta property=\"og:site_name\" content=\"Exaudi\" \/>\n<meta property=\"article:publisher\" content=\"https:\/\/www.facebook.com\/ExaudiNews\" \/>\n<meta property=\"article:author\" content=\"https:\/\/www.facebook.com\/ExaudiNoticias\/\" \/>\n<meta property=\"article:published_time\" content=\"2026-03-02T06:00:16+00:00\" \/>\n<meta property=\"article:modified_time\" content=\"2026-03-02T09:24:16+00:00\" \/>\n<meta property=\"og:image\" content=\"https:\/\/exaudi.org\/wp-content\/uploads\/2026\/03\/TEO_GStudio26_sito.png\" \/>\n\t<meta property=\"og:image:width\" content=\"1351\" \/>\n\t<meta property=\"og:image:height\" content=\"300\" \/>\n\t<meta property=\"og:image:type\" content=\"image\/png\" \/>\n<meta name=\"author\" content=\"Exaudi Redacci\u00f3n\" \/>\n<meta name=\"twitter:card\" content=\"summary_large_image\" \/>\n<meta name=\"twitter:creator\" content=\"@Exaudi_noticias\" \/>\n<meta name=\"twitter:site\" content=\"@Exaudi_News\" \/>\n<meta name=\"twitter:label1\" content=\"Escrito por\" \/>\n\t<meta name=\"twitter:data1\" content=\"Exaudi Redacci\u00f3n\" \/>\n\t<meta name=\"twitter:label2\" content=\"Tiempo de lectura\" \/>\n\t<meta name=\"twitter:data2\" content=\"3 minutos\" \/>\n<script type=\"application\/ld+json\" class=\"yoast-schema-graph\">{\"@context\":\"https:\\\/\\\/schema.org\",\"@graph\":[{\"@type\":\"Article\",\"@id\":\"https:\\\/\\\/exaudi.org\\\/es\\\/jornada-de-estudios-sobre-la-enciclica-dilexit-nos\\\/#article\",\"isPartOf\":{\"@id\":\"https:\\\/\\\/exaudi.org\\\/es\\\/jornada-de-estudios-sobre-la-enciclica-dilexit-nos\\\/\"},\"author\":{\"name\":\"Exaudi Redacci\u00f3n\",\"@id\":\"https:\\\/\\\/exaudi.org\\\/#\\\/schema\\\/person\\\/f5fc8f063065e38742da7afe15f25df7\"},\"headline\":\"Jornada de Estudios sobre la Enc\u00edclica\u00a0Dilexit nos\",\"datePublished\":\"2026-03-02T06:00:16+00:00\",\"dateModified\":\"2026-03-02T09:24:16+00:00\",\"mainEntityOfPage\":{\"@id\":\"https:\\\/\\\/exaudi.org\\\/es\\\/jornada-de-estudios-sobre-la-enciclica-dilexit-nos\\\/\"},\"wordCount\":604,\"image\":{\"@id\":\"https:\\\/\\\/exaudi.org\\\/es\\\/jornada-de-estudios-sobre-la-enciclica-dilexit-nos\\\/#primaryimage\"},\"thumbnailUrl\":\"https:\\\/\\\/exaudi.org\\\/wp-content\\\/uploads\\\/2026\\\/03\\\/TEO_GStudio26_sito.png\",\"keywords\":[\"amor divino\",\"enc\u00edclica Dilexit nos\",\"estudios enc\u00edclica 2025\",\"evento cat\u00f3lico\",\"exaudi.org\",\"Iglesia cat\u00f3lica\",\"jornada estudios enc\u00edclica Dilexit Nos\",\"papa francisco\",\"Sagrado Coraz\u00f3n Jes\u00fas\",\"teolog\u00eda coraz\u00f3n\"],\"inLanguage\":\"es\"},{\"@type\":\"WebPage\",\"@id\":\"https:\\\/\\\/exaudi.org\\\/es\\\/jornada-de-estudios-sobre-la-enciclica-dilexit-nos\\\/\",\"url\":\"https:\\\/\\\/exaudi.org\\\/es\\\/jornada-de-estudios-sobre-la-enciclica-dilexit-nos\\\/\",\"name\":\"Jornada de Estudios sobre la Enc\u00edclica\u00a0Dilexit nos &#8211; Exaudi\",\"isPartOf\":{\"@id\":\"https:\\\/\\\/exaudi.org\\\/#website\"},\"primaryImageOfPage\":{\"@id\":\"https:\\\/\\\/exaudi.org\\\/es\\\/jornada-de-estudios-sobre-la-enciclica-dilexit-nos\\\/#primaryimage\"},\"image\":{\"@id\":\"https:\\\/\\\/exaudi.org\\\/es\\\/jornada-de-estudios-sobre-la-enciclica-dilexit-nos\\\/#primaryimage\"},\"thumbnailUrl\":\"https:\\\/\\\/exaudi.org\\\/wp-content\\\/uploads\\\/2026\\\/03\\\/TEO_GStudio26_sito.png\",\"datePublished\":\"2026-03-02T06:00:16+00:00\",\"dateModified\":\"2026-03-02T09:24:16+00:00\",\"author\":{\"@id\":\"https:\\\/\\\/exaudi.org\\\/#\\\/schema\\\/person\\\/f5fc8f063065e38742da7afe15f25df7\"},\"breadcrumb\":{\"@id\":\"https:\\\/\\\/exaudi.org\\\/es\\\/jornada-de-estudios-sobre-la-enciclica-dilexit-nos\\\/#breadcrumb\"},\"inLanguage\":\"es\",\"potentialAction\":[{\"@type\":\"ReadAction\",\"target\":[\"https:\\\/\\\/exaudi.org\\\/es\\\/jornada-de-estudios-sobre-la-enciclica-dilexit-nos\\\/\"]}]},{\"@type\":\"ImageObject\",\"inLanguage\":\"es\",\"@id\":\"https:\\\/\\\/exaudi.org\\\/es\\\/jornada-de-estudios-sobre-la-enciclica-dilexit-nos\\\/#primaryimage\",\"url\":\"https:\\\/\\\/exaudi.org\\\/wp-content\\\/uploads\\\/2026\\\/03\\\/TEO_GStudio26_sito.png\",\"contentUrl\":\"https:\\\/\\\/exaudi.org\\\/wp-content\\\/uploads\\\/2026\\\/03\\\/TEO_GStudio26_sito.png\",\"width\":1351,\"height\":300},{\"@type\":\"BreadcrumbList\",\"@id\":\"https:\\\/\\\/exaudi.org\\\/es\\\/jornada-de-estudios-sobre-la-enciclica-dilexit-nos\\\/#breadcrumb\",\"itemListElement\":[{\"@type\":\"ListItem\",\"position\":1,\"name\":\"Portada\",\"item\":\"https:\\\/\\\/exaudi.org\\\/es\\\/\"},{\"@type\":\"ListItem\",\"position\":2,\"name\":\"Jornada de Estudios sobre la Enc\u00edclica\u00a0Dilexit nos\"}]},{\"@type\":\"WebSite\",\"@id\":\"https:\\\/\\\/exaudi.org\\\/#website\",\"url\":\"https:\\\/\\\/exaudi.org\\\/\",\"name\":\"Exaudi\",\"description\":\"News\",\"potentialAction\":[{\"@type\":\"SearchAction\",\"target\":{\"@type\":\"EntryPoint\",\"urlTemplate\":\"https:\\\/\\\/exaudi.org\\\/?s={search_term_string}\"},\"query-input\":{\"@type\":\"PropertyValueSpecification\",\"valueRequired\":true,\"valueName\":\"search_term_string\"}}],\"inLanguage\":\"es\"},{\"@type\":\"Person\",\"@id\":\"https:\\\/\\\/exaudi.org\\\/#\\\/schema\\\/person\\\/f5fc8f063065e38742da7afe15f25df7\",\"name\":\"Exaudi Redacci\u00f3n\",\"image\":{\"@type\":\"ImageObject\",\"inLanguage\":\"es\",\"@id\":\"https:\\\/\\\/secure.gravatar.com\\\/avatar\\\/fe0f6a059fb68d9b3e11bc5850dd4899b1c7492091a3cb6dd9b01b56ad828be2?s=96&d=mm&r=g\",\"url\":\"https:\\\/\\\/secure.gravatar.com\\\/avatar\\\/fe0f6a059fb68d9b3e11bc5850dd4899b1c7492091a3cb6dd9b01b56ad828be2?s=96&d=mm&r=g\",\"contentUrl\":\"https:\\\/\\\/secure.gravatar.com\\\/avatar\\\/fe0f6a059fb68d9b3e11bc5850dd4899b1c7492091a3cb6dd9b01b56ad828be2?s=96&d=mm&r=g\",\"caption\":\"Exaudi Redacci\u00f3n\"},\"description\":\"\u00bfQu\u00e9 es Exaudi News? Exaudi News es un medio de comunicaci\u00f3n cat\u00f3lico internacional que informa, forma y transforma, diariamente en espa\u00f1ol, ingl\u00e9s e italiano. A trav\u00e9s de noticias, art\u00edculos de an\u00e1lisis y transmisiones en directo de los eventos del Papa, Exaudi busca fortalecer la unidad de los cristianos y contribuir a la evangelizaci\u00f3n del mundo, siempre guiados por la doctrina social de la Iglesia. Trabajamos para acercar la verdad y los valores cristianos a cada rinc\u00f3n del planeta. \u00a1Ay\u00fadanos a transformar el mundo con Exaudi! En Exaudi creemos que la evangelizaci\u00f3n y la informaci\u00f3n de calidad pueden cambiar vidas. Para continuar con nuestra misi\u00f3n y expandir nuestro alcance, necesitamos tu ayuda. Adem\u00e1s, buscamos personas comprometidas que deseen unirse a nuestro equipo. Con tu apoyo, lograremos llegar a m\u00e1s personas, difundir el mensaje de Cristo y reforzar la unidad de los cristianos. \u00bfTe unes a nuestra misi\u00f3n? Para m\u00e1s informaci\u00f3n sobre c\u00f3mo colaborar, visita Exaudi.org\\\/es o cont\u00e1ctanos directamente: info@exaudi.org Exaudi: Informa, forma y transforma.\",\"sameAs\":[\"https:\\\/\\\/www.facebook.com\\\/ExaudiNoticias\\\/\",\"https:\\\/\\\/www.instagram.com\\\/exaudi_noticias\\\/\",\"https:\\\/\\\/x.com\\\/Exaudi_noticias\",\"https:\\\/\\\/www.youtube.com\\\/@exaudicatholicnews\"],\"url\":\"https:\\\/\\\/exaudi.org\\\/es\\\/author\\\/redaccionexaudi\\\/\"}]}<\/script>\n<!-- \/ Yoast SEO plugin. -->","yoast_head_json":{"title":"Jornada de Estudios sobre la Enc\u00edclica\u00a0Dilexit nos &#8211; Exaudi","robots":{"index":"index","follow":"follow","max-snippet":"max-snippet:-1","max-image-preview":"max-image-preview:large","max-video-preview":"max-video-preview:-1"},"canonical":"https:\/\/exaudi.org\/es\/jornada-de-estudios-sobre-la-enciclica-dilexit-nos\/","og_locale":"es_ES","og_type":"article","og_title":"Jornada de Estudios sobre la Enc\u00edclica\u00a0Dilexit nos &#8211; Exaudi","og_description":"Un encuentro para profundizar en el Sagrado Coraz\u00f3n de Jes\u00fas y en la espiritualidad del Regnum Christi","og_url":"https:\/\/exaudi.org\/es\/jornada-de-estudios-sobre-la-enciclica-dilexit-nos\/","og_site_name":"Exaudi","article_publisher":"https:\/\/www.facebook.com\/ExaudiNews","article_author":"https:\/\/www.facebook.com\/ExaudiNoticias\/","article_published_time":"2026-03-02T06:00:16+00:00","article_modified_time":"2026-03-02T09:24:16+00:00","og_image":[{"width":1351,"height":300,"url":"https:\/\/exaudi.org\/wp-content\/uploads\/2026\/03\/TEO_GStudio26_sito.png","type":"image\/png"}],"author":"Exaudi Redacci\u00f3n","twitter_card":"summary_large_image","twitter_creator":"@Exaudi_noticias","twitter_site":"@Exaudi_News","twitter_misc":{"Escrito por":"Exaudi Redacci\u00f3n","Tiempo de lectura":"3 minutos"},"schema":{"@context":"https:\/\/schema.org","@graph":[{"@type":"Article","@id":"https:\/\/exaudi.org\/es\/jornada-de-estudios-sobre-la-enciclica-dilexit-nos\/#article","isPartOf":{"@id":"https:\/\/exaudi.org\/es\/jornada-de-estudios-sobre-la-enciclica-dilexit-nos\/"},"author":{"name":"Exaudi Redacci\u00f3n","@id":"https:\/\/exaudi.org\/#\/schema\/person\/f5fc8f063065e38742da7afe15f25df7"},"headline":"Jornada de Estudios sobre la Enc\u00edclica\u00a0Dilexit nos","datePublished":"2026-03-02T06:00:16+00:00","dateModified":"2026-03-02T09:24:16+00:00","mainEntityOfPage":{"@id":"https:\/\/exaudi.org\/es\/jornada-de-estudios-sobre-la-enciclica-dilexit-nos\/"},"wordCount":604,"image":{"@id":"https:\/\/exaudi.org\/es\/jornada-de-estudios-sobre-la-enciclica-dilexit-nos\/#primaryimage"},"thumbnailUrl":"https:\/\/exaudi.org\/wp-content\/uploads\/2026\/03\/TEO_GStudio26_sito.png","keywords":["amor divino","enc\u00edclica Dilexit nos","estudios enc\u00edclica 2025","evento cat\u00f3lico","exaudi.org","Iglesia cat\u00f3lica","jornada estudios enc\u00edclica Dilexit Nos","papa francisco","Sagrado Coraz\u00f3n Jes\u00fas","teolog\u00eda coraz\u00f3n"],"inLanguage":"es"},{"@type":"WebPage","@id":"https:\/\/exaudi.org\/es\/jornada-de-estudios-sobre-la-enciclica-dilexit-nos\/","url":"https:\/\/exaudi.org\/es\/jornada-de-estudios-sobre-la-enciclica-dilexit-nos\/","name":"Jornada de Estudios sobre la Enc\u00edclica\u00a0Dilexit nos &#8211; Exaudi","isPartOf":{"@id":"https:\/\/exaudi.org\/#website"},"primaryImageOfPage":{"@id":"https:\/\/exaudi.org\/es\/jornada-de-estudios-sobre-la-enciclica-dilexit-nos\/#primaryimage"},"image":{"@id":"https:\/\/exaudi.org\/es\/jornada-de-estudios-sobre-la-enciclica-dilexit-nos\/#primaryimage"},"thumbnailUrl":"https:\/\/exaudi.org\/wp-content\/uploads\/2026\/03\/TEO_GStudio26_sito.png","datePublished":"2026-03-02T06:00:16+00:00","dateModified":"2026-03-02T09:24:16+00:00","author":{"@id":"https:\/\/exaudi.org\/#\/schema\/person\/f5fc8f063065e38742da7afe15f25df7"},"breadcrumb":{"@id":"https:\/\/exaudi.org\/es\/jornada-de-estudios-sobre-la-enciclica-dilexit-nos\/#breadcrumb"},"inLanguage":"es","potentialAction":[{"@type":"ReadAction","target":["https:\/\/exaudi.org\/es\/jornada-de-estudios-sobre-la-enciclica-dilexit-nos\/"]}]},{"@type":"ImageObject","inLanguage":"es","@id":"https:\/\/exaudi.org\/es\/jornada-de-estudios-sobre-la-enciclica-dilexit-nos\/#primaryimage","url":"https:\/\/exaudi.org\/wp-content\/uploads\/2026\/03\/TEO_GStudio26_sito.png","contentUrl":"https:\/\/exaudi.org\/wp-content\/uploads\/2026\/03\/TEO_GStudio26_sito.png","width":1351,"height":300},{"@type":"BreadcrumbList","@id":"https:\/\/exaudi.org\/es\/jornada-de-estudios-sobre-la-enciclica-dilexit-nos\/#breadcrumb","itemListElement":[{"@type":"ListItem","position":1,"name":"Portada","item":"https:\/\/exaudi.org\/es\/"},{"@type":"ListItem","position":2,"name":"Jornada de Estudios sobre la Enc\u00edclica\u00a0Dilexit nos"}]},{"@type":"WebSite","@id":"https:\/\/exaudi.org\/#website","url":"https:\/\/exaudi.org\/","name":"Exaudi","description":"News","potentialAction":[{"@type":"SearchAction","target":{"@type":"EntryPoint","urlTemplate":"https:\/\/exaudi.org\/?s={search_term_string}"},"query-input":{"@type":"PropertyValueSpecification","valueRequired":true,"valueName":"search_term_string"}}],"inLanguage":"es"},{"@type":"Person","@id":"https:\/\/exaudi.org\/#\/schema\/person\/f5fc8f063065e38742da7afe15f25df7","name":"Exaudi Redacci\u00f3n","image":{"@type":"ImageObject","inLanguage":"es","@id":"https:\/\/secure.gravatar.com\/avatar\/fe0f6a059fb68d9b3e11bc5850dd4899b1c7492091a3cb6dd9b01b56ad828be2?s=96&d=mm&r=g","url":"https:\/\/secure.gravatar.com\/avatar\/fe0f6a059fb68d9b3e11bc5850dd4899b1c7492091a3cb6dd9b01b56ad828be2?s=96&d=mm&r=g","contentUrl":"https:\/\/secure.gravatar.com\/avatar\/fe0f6a059fb68d9b3e11bc5850dd4899b1c7492091a3cb6dd9b01b56ad828be2?s=96&d=mm&r=g","caption":"Exaudi Redacci\u00f3n"},"description":"\u00bfQu\u00e9 es Exaudi News? Exaudi News es un medio de comunicaci\u00f3n cat\u00f3lico internacional que informa, forma y transforma, diariamente en espa\u00f1ol, ingl\u00e9s e italiano. A trav\u00e9s de noticias, art\u00edculos de an\u00e1lisis y transmisiones en directo de los eventos del Papa, Exaudi busca fortalecer la unidad de los cristianos y contribuir a la evangelizaci\u00f3n del mundo, siempre guiados por la doctrina social de la Iglesia. Trabajamos para acercar la verdad y los valores cristianos a cada rinc\u00f3n del planeta. \u00a1Ay\u00fadanos a transformar el mundo con Exaudi! En Exaudi creemos que la evangelizaci\u00f3n y la informaci\u00f3n de calidad pueden cambiar vidas. Para continuar con nuestra misi\u00f3n y expandir nuestro alcance, necesitamos tu ayuda. Adem\u00e1s, buscamos personas comprometidas que deseen unirse a nuestro equipo. Con tu apoyo, lograremos llegar a m\u00e1s personas, difundir el mensaje de Cristo y reforzar la unidad de los cristianos. \u00bfTe unes a nuestra misi\u00f3n? Para m\u00e1s informaci\u00f3n sobre c\u00f3mo colaborar, visita Exaudi.org\/es o cont\u00e1ctanos directamente: info@exaudi.org Exaudi: Informa, forma y transforma.","sameAs":["https:\/\/www.facebook.com\/ExaudiNoticias\/","https:\/\/www.instagram.com\/exaudi_noticias\/","https:\/\/x.com\/Exaudi_noticias","https:\/\/www.youtube.com\/@exaudicatholicnews"],"url":"https:\/\/exaudi.org\/es\/author\/redaccionexaudi\/"}]}},"jetpack_featured_media_url":"https:\/\/exaudi.org\/wp-content\/uploads\/2026\/03\/TEO_GStudio26_sito.png","jetpack_shortlink":"https:\/\/wp.me\/pgKjF2-FFS","_links":{"self":[{"href":"https:\/\/exaudi.org\/es\/wp-json\/wp\/v2\/posts\/160200","targetHints":{"allow":["GET"]}}],"collection":[{"href":"https:\/\/exaudi.org\/es\/wp-json\/wp\/v2\/posts"}],"about":[{"href":"https:\/\/exaudi.org\/es\/wp-json\/wp\/v2\/types\/post"}],"author":[{"embeddable":true,"href":"https:\/\/exaudi.org\/es\/wp-json\/wp\/v2\/users\/15"}],"replies":[{"embeddable":true,"href":"https:\/\/exaudi.org\/es\/wp-json\/wp\/v2\/comments?post=160200"}],"version-history":[{"count":2,"href":"https:\/\/exaudi.org\/es\/wp-json\/wp\/v2\/posts\/160200\/revisions"}],"predecessor-version":[{"id":160205,"href":"https:\/\/exaudi.org\/es\/wp-json\/wp\/v2\/posts\/160200\/revisions\/160205"}],"wp:featuredmedia":[{"embeddable":true,"href":"https:\/\/exaudi.org\/es\/wp-json\/wp\/v2\/media\/160202"}],"wp:attachment":[{"href":"https:\/\/exaudi.org\/es\/wp-json\/wp\/v2\/media?parent=160200"}],"wp:term":[{"taxonomy":"category","embeddable":true,"href":"https:\/\/exaudi.org\/es\/wp-json\/wp\/v2\/categories?post=160200"},{"taxonomy":"post_tag","embeddable":true,"href":"https:\/\/exaudi.org\/es\/wp-json\/wp\/v2\/tags?post=160200"}],"curies":[{"name":"wp","href":"https:\/\/api.w.org\/{rel}","templated":true}]}}