{"id":160097,"date":"2026-03-01T10:19:25","date_gmt":"2026-03-01T09:19:25","guid":{"rendered":"https:\/\/exaudi.org\/?p=160097"},"modified":"2026-03-01T10:19:25","modified_gmt":"2026-03-01T09:19:25","slug":"el-papa-el-hombre-no-esta-hecho-para-vivir-cerrado-en-si-mismo-sino-en-relacion-viva-con-dios","status":"publish","type":"post","link":"https:\/\/exaudi.org\/es\/el-papa-el-hombre-no-esta-hecho-para-vivir-cerrado-en-si-mismo-sino-en-relacion-viva-con-dios\/","title":{"rendered":"El Papa: El hombre no est\u00e1 hecho para vivir cerrado en s\u00ed mismo, sino en relaci\u00f3n viva con Dios"},"content":{"rendered":"<p>Este s\u00e1bado 28 de febrero de 2026, el Santo Padre Le\u00f3n XIV ha recibido en audiencia a las comunidades de cuatro seminarios espa\u00f1oles: Alcal\u00e1 de Henares, Toledo, Interdiocesano de Catalu\u00f1a y Cartagena.<\/p>\n<p>El Santo Padre subraya que la ra\u00edz de toda vocaci\u00f3n sacerdotal es la relaci\u00f3n concreta con Dios y los exhorta a vivir cada jornada desde esa presencia.<\/p>\n<p>A continuaci\u00f3n publicamos el discurso que el Papa ha dirigido a los presentes durante el encuentro:<\/p>\n<p>***<\/p>\n<h3><strong>Discurso del Papa<\/strong><\/h3>\n<p><em>Queridos hermanos en el episcopado, Eminencia, sacerdotes, seminaristas y familiares:<\/em><\/p>\n<p>El seminario es siempre un signo de esperanza para la Iglesia; de ah\u00ed que encontrarme con vosotros \u2014tanto con quienes est\u00e1is recorriendo esta etapa como con quienes ten\u00e9is la responsabilidad de acompa\u00f1arla\u2014 sea para m\u00ed un motivo de verdadera alegr\u00eda.<\/p>\n<p>Podr\u00eda hablar de muchos aspectos importantes para vuestra formaci\u00f3n, sobre los que ya he tenido ocasi\u00f3n de escribir en\u00a0<a href=\"https:\/\/www.vatican.va\/content\/leo-xiv\/es\/letters\/2025\/documents\/20250917-lettera-seminario-trujillo.html\">la carta que envi\u00e9 al Seminario de San Carlos y San Marcelo en Trujillo, Per\u00fa<\/a>\u00a0\u2014instituci\u00f3n de la que form\u00e9 parte durante varios a\u00f1os\u2014, y que os animar\u00eda a leer cuando teng\u00e1is ocasi\u00f3n. Pero hoy quisiera centrarme en algo que sostiene silenciosamente todo lo dem\u00e1s y que, precisamente por eso, corre el riesgo de darse por supuesto sin ser cultivado: el tener una mirada sobrenatural de la realidad.<\/p>\n<p>Hay una frase del autor Chesterton que puede servir como clave de lectura de todo lo que quisiera compartir con vosotros: \u201cQuitad lo sobrenatural y no encontrar\u00e9is lo natural, sino lo antinatural\u201d (cf.\u00a0<em>Heretics<\/em>, VI). El hombre no est\u00e1 hecho para vivir cerrado en s\u00ed mismo, sino en relaci\u00f3n viva con Dios. Cuando esa relaci\u00f3n se oscurece o se debilita, la vida comienza a desordenarse desde dentro. Lo antinatural no es s\u00f3lo lo escandaloso, basta con vivir prescindiendo de Dios en lo cotidiano, dej\u00e1ndolo al margen de los criterios y de las decisiones con los que se afronta la existencia.<\/p>\n<p>Y, si esto es cierto para todo cristiano, lo es de un modo particularmente serio en el camino de formaci\u00f3n hacia el sacerdocio. \u00bfQu\u00e9 podr\u00eda haber m\u00e1s antinatural que un seminarista o un sacerdote que habla de Dios con familiaridad, pero vive interiormente como si su presencia existiera s\u00f3lo en el plano de las palabras, y no en el espesor de la vida? Nada ser\u00eda m\u00e1s peligroso que acostumbrarse a las cosas de Dios sin vivir de Dios. Por eso, en el fondo, todo comienza \u2014y vuelve siempre\u2014 a la relaci\u00f3n viva y concreta con Aquel que nos ha elegido sin m\u00e9rito nuestro.<\/p>\n<p>Tener visi\u00f3n sobrenatural no significa huir de la realidad, sino aprender a reconocer la acci\u00f3n de Dios en lo concreto de cada jornada; una mirada que no se improvisa ni se delega, sino que se aprende y se ejercita en lo ordinario de la vida. Precisamente por eso, si la visi\u00f3n sobrenatural es tan decisiva para la vida cristiana a mayor raz\u00f3n lo es para quien actuar\u00e1\u00a0<em>in persona Christi<\/em>, y ya desde la etapa formativa merece ser custodiada con especial atenci\u00f3n, porque es el principio que da unidad a todo lo dem\u00e1s.<\/p>\n<p>Esta mirada creyente de la realidad necesita traducirse cada d\u00eda en opciones concretas de vida; de lo contrario, incluso las pr\u00e1cticas intr\u00ednsecamente buenas \u2014como el estudio, la oraci\u00f3n, la vida comunitaria\u2014 pueden vaciarse interiormente y desnaturalizarse, volvi\u00e9ndose mero cumplimiento. Un modo sencillo y probado para custodiar esta mirada es ejercitarse en la\u00a0<em>pr\u00e1ctica de la presencia de Dios<\/em>, que mantiene el coraz\u00f3n despierto y la vida constantemente referida a \u00c9l.<\/p>\n<p>La Sagrada Escritura expresa esta verdad con una imagen sencilla en el salmo primero, cuando describe al justo como \u00abun \u00e1rbol plantado al borde de las aguas, que produce fruto a su debido tiempo y cuyas hojas no se marchitan\u00bb (v. 3). No es fructuoso por la ausencia de dificultades, sino por el lugar donde ha echado ra\u00edces. El viento, el invierno, la sequ\u00eda o la poda forman parte de su crecimiento, pero ni la tormenta ni la aridez lo destruyen cuando sus ra\u00edces son profundas y est\u00e1n cerca de la fuente. La misma Escritura conoce, sin embargo, la paradoja de la higuera que no da fruto pese al cuidado recibido (cf.\u00a0<em>Lc\u00a0<\/em>13,6-9).<\/p>\n<p>Se dice que los \u00e1rboles \u201cmueren de pie\u201d: permanecen erguidos, conservan la apariencia, pero por dentro ya est\u00e1n secos. Algo semejante puede ocurrir en la vida del seminario o de un seminarista \u2014y m\u00e1s tarde en la vida de un sacerdote\u2014 cuando se confunde la fecundidad con la intensidad de las actividades o con el cuidado meramente exterior de las formas. La vida espiritual no da fruto por lo que se ve, sino por lo que est\u00e1 profundamente arraigado en Dios. Cuando esa ra\u00edz se descuida, todo acaba sec\u00e1ndose por dentro, hasta que, silenciosamente, se termina por \u201cmorir de pie\u201d.<\/p>\n<p>En el fondo, la mirada sobrenatural nace de lo m\u00e1s sencillo y decisivo de la vocaci\u00f3n: estar con el Maestro. Jes\u00fas llam\u00f3 a los que quiso \u00abpara que estuvieran con \u00c9l\u00bb (<em>Mc<\/em>\u00a03,14). Ese es el fundamento de toda formaci\u00f3n sacerdotal, permanecer con \u00c9l y dejarse formar desde dentro; ver a Dios actuar y reconocer c\u00f3mo \u00c9l obra en la propia vida y en la de su pueblo. Por eso, aunque los medios humanos, la psicolog\u00eda y las herramientas formativas sean valiosos y necesarios, no pueden sustituir esta relaci\u00f3n. El verdadero protagonista de este camino es el Esp\u00edritu Santo, que configura el coraz\u00f3n, ense\u00f1a a corresponder a la gracia y prepara una vida fecunda al servicio de la Iglesia. Todo comienza ahora, en lo ordinario de cada d\u00eda, all\u00ed donde cada uno decide si permanece con el Se\u00f1or o intenta sostenerse s\u00f3lo en sus propias fuerzas.<\/p>\n<p>Queridos hijos, os agradezco, en nombre de la Iglesia, la generosidad de haber decidido seguir al Se\u00f1or. Hacedlo siempre con la certeza de que no camin\u00e1is solos: Cristo os precede, Mar\u00eda Sant\u00edsima os acompa\u00f1a y la Iglesia entera os sostiene con su oraci\u00f3n.<\/p>\n<p>Finalmente quiero agradecer de manera especial a todas las familias aqu\u00ed presentes.<\/p>\n<p>Confiados\u00a0entonces\u00a0en esta certeza, avanzad con paz y\u00a0con\u00a0fidelidad. Que el Se\u00f1or os bendiga.\u00a0Muchas gracias.<\/p>\n<p>_________________________________<\/p>\n<p>Copyright \u00a9 Dicasterio para la Comunicaci\u00f3n &#8211; Libreria Editrice Vaticana<\/p>\n<p>&nbsp;<\/p>\n","protected":false},"excerpt":{"rendered":"<p>Discurso del Santo Padre Le\u00f3n XIV a las Comunidades de cuatro seminarios espa\u00f1oles: Alcal\u00e1 de Henares, Toledo, Interdiocesano de Catalu\u00f1a y Cartagena <\/p>\n","protected":false},"author":15,"featured_media":160099,"comment_status":"closed","ping_status":"closed","sticky":false,"template":"","format":"standard","meta":{"_acf_changed":false,"_crdt_document":"","inline_featured_image":false,"footnotes":""},"categories":[124],"tags":[87440,99199,99198,99200,9582],"class_list":["post-160097","post","type-post","status-publish","format-standard","has-post-thumbnail","hentry","category-discursos","tag-alcala-de-henares","tag-comunidades-de-cuatro-seminarios-espanoles","tag-discurso-del-santo-padre-leon-xiv","tag-interdiocesano-de-cataluna-y-cartagena","tag-toledo-2"],"acf":[],"yoast_head":"<!-- This site is optimized with the Yoast SEO plugin v27.5 - https:\/\/yoast.com\/product\/yoast-seo-wordpress\/ -->\n<title>El Papa: El hombre no est\u00e1 hecho para vivir cerrado en s\u00ed mismo, sino en relaci\u00f3n viva con Dios &#8211; Exaudi<\/title>\n<meta name=\"robots\" content=\"index, follow, max-snippet:-1, max-image-preview:large, max-video-preview:-1\" \/>\n<link rel=\"canonical\" href=\"https:\/\/exaudi.org\/es\/el-papa-el-hombre-no-esta-hecho-para-vivir-cerrado-en-si-mismo-sino-en-relacion-viva-con-dios\/\" \/>\n<meta property=\"og:locale\" content=\"es_ES\" \/>\n<meta property=\"og:type\" content=\"article\" \/>\n<meta property=\"og:title\" content=\"El Papa: El hombre no est\u00e1 hecho para vivir cerrado en s\u00ed mismo, sino en relaci\u00f3n viva con Dios &#8211; Exaudi\" \/>\n<meta property=\"og:description\" content=\"Discurso del Santo Padre Le\u00f3n XIV a las Comunidades de cuatro seminarios espa\u00f1oles: Alcal\u00e1 de Henares, Toledo, Interdiocesano de Catalu\u00f1a y Cartagena\" \/>\n<meta property=\"og:url\" content=\"https:\/\/exaudi.org\/es\/el-papa-el-hombre-no-esta-hecho-para-vivir-cerrado-en-si-mismo-sino-en-relacion-viva-con-dios\/\" \/>\n<meta property=\"og:site_name\" content=\"Exaudi\" \/>\n<meta property=\"article:publisher\" content=\"https:\/\/www.facebook.com\/ExaudiNews\" \/>\n<meta property=\"article:author\" content=\"https:\/\/www.facebook.com\/ExaudiNoticias\/\" \/>\n<meta property=\"article:published_time\" content=\"2026-03-01T09:19:25+00:00\" \/>\n<meta property=\"og:image\" content=\"https:\/\/exaudi.org\/wp-content\/uploads\/2026\/03\/cq5dam.web_.800.800-2.jpeg\" \/>\n\t<meta property=\"og:image:width\" content=\"800\" \/>\n\t<meta property=\"og:image:height\" content=\"533\" \/>\n\t<meta property=\"og:image:type\" content=\"image\/jpeg\" \/>\n<meta name=\"author\" content=\"Exaudi Redacci\u00f3n\" \/>\n<meta name=\"twitter:card\" content=\"summary_large_image\" \/>\n<meta name=\"twitter:creator\" content=\"@Exaudi_noticias\" \/>\n<meta name=\"twitter:site\" content=\"@Exaudi_News\" \/>\n<meta name=\"twitter:label1\" content=\"Escrito por\" \/>\n\t<meta name=\"twitter:data1\" content=\"Exaudi Redacci\u00f3n\" \/>\n\t<meta name=\"twitter:label2\" content=\"Tiempo de lectura\" \/>\n\t<meta name=\"twitter:data2\" content=\"5 minutos\" \/>\n<script type=\"application\/ld+json\" class=\"yoast-schema-graph\">{\"@context\":\"https:\\\/\\\/schema.org\",\"@graph\":[{\"@type\":\"Article\",\"@id\":\"https:\\\/\\\/exaudi.org\\\/es\\\/el-papa-el-hombre-no-esta-hecho-para-vivir-cerrado-en-si-mismo-sino-en-relacion-viva-con-dios\\\/#article\",\"isPartOf\":{\"@id\":\"https:\\\/\\\/exaudi.org\\\/es\\\/el-papa-el-hombre-no-esta-hecho-para-vivir-cerrado-en-si-mismo-sino-en-relacion-viva-con-dios\\\/\"},\"author\":{\"name\":\"Exaudi Redacci\u00f3n\",\"@id\":\"https:\\\/\\\/exaudi.org\\\/#\\\/schema\\\/person\\\/f5fc8f063065e38742da7afe15f25df7\"},\"headline\":\"El Papa: El hombre no est\u00e1 hecho para vivir cerrado en s\u00ed mismo, sino en relaci\u00f3n viva con Dios\",\"datePublished\":\"2026-03-01T09:19:25+00:00\",\"mainEntityOfPage\":{\"@id\":\"https:\\\/\\\/exaudi.org\\\/es\\\/el-papa-el-hombre-no-esta-hecho-para-vivir-cerrado-en-si-mismo-sino-en-relacion-viva-con-dios\\\/\"},\"wordCount\":1116,\"image\":{\"@id\":\"https:\\\/\\\/exaudi.org\\\/es\\\/el-papa-el-hombre-no-esta-hecho-para-vivir-cerrado-en-si-mismo-sino-en-relacion-viva-con-dios\\\/#primaryimage\"},\"thumbnailUrl\":\"https:\\\/\\\/exaudi.org\\\/wp-content\\\/uploads\\\/2026\\\/03\\\/cq5dam.web_.800.800-2.jpeg\",\"keywords\":[\"Alcal\u00e1 de Henares\",\"Comunidades de cuatro seminarios espa\u00f1oles\",\"Discurso del Santo Padre Le\u00f3n XIV\",\"Interdiocesano de Catalu\u00f1a y Cartagena\",\"Toledo\"],\"articleSection\":[\"Discursos\"],\"inLanguage\":\"es\"},{\"@type\":\"WebPage\",\"@id\":\"https:\\\/\\\/exaudi.org\\\/es\\\/el-papa-el-hombre-no-esta-hecho-para-vivir-cerrado-en-si-mismo-sino-en-relacion-viva-con-dios\\\/\",\"url\":\"https:\\\/\\\/exaudi.org\\\/es\\\/el-papa-el-hombre-no-esta-hecho-para-vivir-cerrado-en-si-mismo-sino-en-relacion-viva-con-dios\\\/\",\"name\":\"El Papa: El hombre no est\u00e1 hecho para vivir cerrado en s\u00ed mismo, sino en relaci\u00f3n viva con Dios &#8211; Exaudi\",\"isPartOf\":{\"@id\":\"https:\\\/\\\/exaudi.org\\\/#website\"},\"primaryImageOfPage\":{\"@id\":\"https:\\\/\\\/exaudi.org\\\/es\\\/el-papa-el-hombre-no-esta-hecho-para-vivir-cerrado-en-si-mismo-sino-en-relacion-viva-con-dios\\\/#primaryimage\"},\"image\":{\"@id\":\"https:\\\/\\\/exaudi.org\\\/es\\\/el-papa-el-hombre-no-esta-hecho-para-vivir-cerrado-en-si-mismo-sino-en-relacion-viva-con-dios\\\/#primaryimage\"},\"thumbnailUrl\":\"https:\\\/\\\/exaudi.org\\\/wp-content\\\/uploads\\\/2026\\\/03\\\/cq5dam.web_.800.800-2.jpeg\",\"datePublished\":\"2026-03-01T09:19:25+00:00\",\"author\":{\"@id\":\"https:\\\/\\\/exaudi.org\\\/#\\\/schema\\\/person\\\/f5fc8f063065e38742da7afe15f25df7\"},\"breadcrumb\":{\"@id\":\"https:\\\/\\\/exaudi.org\\\/es\\\/el-papa-el-hombre-no-esta-hecho-para-vivir-cerrado-en-si-mismo-sino-en-relacion-viva-con-dios\\\/#breadcrumb\"},\"inLanguage\":\"es\",\"potentialAction\":[{\"@type\":\"ReadAction\",\"target\":[\"https:\\\/\\\/exaudi.org\\\/es\\\/el-papa-el-hombre-no-esta-hecho-para-vivir-cerrado-en-si-mismo-sino-en-relacion-viva-con-dios\\\/\"]}]},{\"@type\":\"ImageObject\",\"inLanguage\":\"es\",\"@id\":\"https:\\\/\\\/exaudi.org\\\/es\\\/el-papa-el-hombre-no-esta-hecho-para-vivir-cerrado-en-si-mismo-sino-en-relacion-viva-con-dios\\\/#primaryimage\",\"url\":\"https:\\\/\\\/exaudi.org\\\/wp-content\\\/uploads\\\/2026\\\/03\\\/cq5dam.web_.800.800-2.jpeg\",\"contentUrl\":\"https:\\\/\\\/exaudi.org\\\/wp-content\\\/uploads\\\/2026\\\/03\\\/cq5dam.web_.800.800-2.jpeg\",\"width\":800,\"height\":533},{\"@type\":\"BreadcrumbList\",\"@id\":\"https:\\\/\\\/exaudi.org\\\/es\\\/el-papa-el-hombre-no-esta-hecho-para-vivir-cerrado-en-si-mismo-sino-en-relacion-viva-con-dios\\\/#breadcrumb\",\"itemListElement\":[{\"@type\":\"ListItem\",\"position\":1,\"name\":\"Portada\",\"item\":\"https:\\\/\\\/exaudi.org\\\/es\\\/\"},{\"@type\":\"ListItem\",\"position\":2,\"name\":\"El Papa: El hombre no est\u00e1 hecho para vivir cerrado en s\u00ed mismo, sino en relaci\u00f3n viva con Dios\"}]},{\"@type\":\"WebSite\",\"@id\":\"https:\\\/\\\/exaudi.org\\\/#website\",\"url\":\"https:\\\/\\\/exaudi.org\\\/\",\"name\":\"Exaudi\",\"description\":\"News\",\"potentialAction\":[{\"@type\":\"SearchAction\",\"target\":{\"@type\":\"EntryPoint\",\"urlTemplate\":\"https:\\\/\\\/exaudi.org\\\/?s={search_term_string}\"},\"query-input\":{\"@type\":\"PropertyValueSpecification\",\"valueRequired\":true,\"valueName\":\"search_term_string\"}}],\"inLanguage\":\"es\"},{\"@type\":\"Person\",\"@id\":\"https:\\\/\\\/exaudi.org\\\/#\\\/schema\\\/person\\\/f5fc8f063065e38742da7afe15f25df7\",\"name\":\"Exaudi Redacci\u00f3n\",\"image\":{\"@type\":\"ImageObject\",\"inLanguage\":\"es\",\"@id\":\"https:\\\/\\\/secure.gravatar.com\\\/avatar\\\/fe0f6a059fb68d9b3e11bc5850dd4899b1c7492091a3cb6dd9b01b56ad828be2?s=96&d=mm&r=g\",\"url\":\"https:\\\/\\\/secure.gravatar.com\\\/avatar\\\/fe0f6a059fb68d9b3e11bc5850dd4899b1c7492091a3cb6dd9b01b56ad828be2?s=96&d=mm&r=g\",\"contentUrl\":\"https:\\\/\\\/secure.gravatar.com\\\/avatar\\\/fe0f6a059fb68d9b3e11bc5850dd4899b1c7492091a3cb6dd9b01b56ad828be2?s=96&d=mm&r=g\",\"caption\":\"Exaudi Redacci\u00f3n\"},\"description\":\"\u00bfQu\u00e9 es Exaudi News? Exaudi News es un medio de comunicaci\u00f3n cat\u00f3lico internacional que informa, forma y transforma, diariamente en espa\u00f1ol, ingl\u00e9s e italiano. A trav\u00e9s de noticias, art\u00edculos de an\u00e1lisis y transmisiones en directo de los eventos del Papa, Exaudi busca fortalecer la unidad de los cristianos y contribuir a la evangelizaci\u00f3n del mundo, siempre guiados por la doctrina social de la Iglesia. Trabajamos para acercar la verdad y los valores cristianos a cada rinc\u00f3n del planeta. \u00a1Ay\u00fadanos a transformar el mundo con Exaudi! En Exaudi creemos que la evangelizaci\u00f3n y la informaci\u00f3n de calidad pueden cambiar vidas. Para continuar con nuestra misi\u00f3n y expandir nuestro alcance, necesitamos tu ayuda. Adem\u00e1s, buscamos personas comprometidas que deseen unirse a nuestro equipo. Con tu apoyo, lograremos llegar a m\u00e1s personas, difundir el mensaje de Cristo y reforzar la unidad de los cristianos. \u00bfTe unes a nuestra misi\u00f3n? Para m\u00e1s informaci\u00f3n sobre c\u00f3mo colaborar, visita Exaudi.org\\\/es o cont\u00e1ctanos directamente: info@exaudi.org Exaudi: Informa, forma y transforma.\",\"sameAs\":[\"https:\\\/\\\/www.facebook.com\\\/ExaudiNoticias\\\/\",\"https:\\\/\\\/www.instagram.com\\\/exaudi_noticias\\\/\",\"https:\\\/\\\/x.com\\\/Exaudi_noticias\",\"https:\\\/\\\/www.youtube.com\\\/@exaudicatholicnews\"],\"url\":\"https:\\\/\\\/exaudi.org\\\/es\\\/author\\\/redaccionexaudi\\\/\"}]}<\/script>\n<!-- \/ Yoast SEO plugin. -->","yoast_head_json":{"title":"El Papa: El hombre no est\u00e1 hecho para vivir cerrado en s\u00ed mismo, sino en relaci\u00f3n viva con Dios &#8211; Exaudi","robots":{"index":"index","follow":"follow","max-snippet":"max-snippet:-1","max-image-preview":"max-image-preview:large","max-video-preview":"max-video-preview:-1"},"canonical":"https:\/\/exaudi.org\/es\/el-papa-el-hombre-no-esta-hecho-para-vivir-cerrado-en-si-mismo-sino-en-relacion-viva-con-dios\/","og_locale":"es_ES","og_type":"article","og_title":"El Papa: El hombre no est\u00e1 hecho para vivir cerrado en s\u00ed mismo, sino en relaci\u00f3n viva con Dios &#8211; Exaudi","og_description":"Discurso del Santo Padre Le\u00f3n XIV a las Comunidades de cuatro seminarios espa\u00f1oles: Alcal\u00e1 de Henares, Toledo, Interdiocesano de Catalu\u00f1a y Cartagena","og_url":"https:\/\/exaudi.org\/es\/el-papa-el-hombre-no-esta-hecho-para-vivir-cerrado-en-si-mismo-sino-en-relacion-viva-con-dios\/","og_site_name":"Exaudi","article_publisher":"https:\/\/www.facebook.com\/ExaudiNews","article_author":"https:\/\/www.facebook.com\/ExaudiNoticias\/","article_published_time":"2026-03-01T09:19:25+00:00","og_image":[{"width":800,"height":533,"url":"https:\/\/exaudi.org\/wp-content\/uploads\/2026\/03\/cq5dam.web_.800.800-2.jpeg","type":"image\/jpeg"}],"author":"Exaudi Redacci\u00f3n","twitter_card":"summary_large_image","twitter_creator":"@Exaudi_noticias","twitter_site":"@Exaudi_News","twitter_misc":{"Escrito por":"Exaudi Redacci\u00f3n","Tiempo de lectura":"5 minutos"},"schema":{"@context":"https:\/\/schema.org","@graph":[{"@type":"Article","@id":"https:\/\/exaudi.org\/es\/el-papa-el-hombre-no-esta-hecho-para-vivir-cerrado-en-si-mismo-sino-en-relacion-viva-con-dios\/#article","isPartOf":{"@id":"https:\/\/exaudi.org\/es\/el-papa-el-hombre-no-esta-hecho-para-vivir-cerrado-en-si-mismo-sino-en-relacion-viva-con-dios\/"},"author":{"name":"Exaudi Redacci\u00f3n","@id":"https:\/\/exaudi.org\/#\/schema\/person\/f5fc8f063065e38742da7afe15f25df7"},"headline":"El Papa: El hombre no est\u00e1 hecho para vivir cerrado en s\u00ed mismo, sino en relaci\u00f3n viva con Dios","datePublished":"2026-03-01T09:19:25+00:00","mainEntityOfPage":{"@id":"https:\/\/exaudi.org\/es\/el-papa-el-hombre-no-esta-hecho-para-vivir-cerrado-en-si-mismo-sino-en-relacion-viva-con-dios\/"},"wordCount":1116,"image":{"@id":"https:\/\/exaudi.org\/es\/el-papa-el-hombre-no-esta-hecho-para-vivir-cerrado-en-si-mismo-sino-en-relacion-viva-con-dios\/#primaryimage"},"thumbnailUrl":"https:\/\/exaudi.org\/wp-content\/uploads\/2026\/03\/cq5dam.web_.800.800-2.jpeg","keywords":["Alcal\u00e1 de Henares","Comunidades de cuatro seminarios espa\u00f1oles","Discurso del Santo Padre Le\u00f3n XIV","Interdiocesano de Catalu\u00f1a y Cartagena","Toledo"],"articleSection":["Discursos"],"inLanguage":"es"},{"@type":"WebPage","@id":"https:\/\/exaudi.org\/es\/el-papa-el-hombre-no-esta-hecho-para-vivir-cerrado-en-si-mismo-sino-en-relacion-viva-con-dios\/","url":"https:\/\/exaudi.org\/es\/el-papa-el-hombre-no-esta-hecho-para-vivir-cerrado-en-si-mismo-sino-en-relacion-viva-con-dios\/","name":"El Papa: El hombre no est\u00e1 hecho para vivir cerrado en s\u00ed mismo, sino en relaci\u00f3n viva con Dios &#8211; Exaudi","isPartOf":{"@id":"https:\/\/exaudi.org\/#website"},"primaryImageOfPage":{"@id":"https:\/\/exaudi.org\/es\/el-papa-el-hombre-no-esta-hecho-para-vivir-cerrado-en-si-mismo-sino-en-relacion-viva-con-dios\/#primaryimage"},"image":{"@id":"https:\/\/exaudi.org\/es\/el-papa-el-hombre-no-esta-hecho-para-vivir-cerrado-en-si-mismo-sino-en-relacion-viva-con-dios\/#primaryimage"},"thumbnailUrl":"https:\/\/exaudi.org\/wp-content\/uploads\/2026\/03\/cq5dam.web_.800.800-2.jpeg","datePublished":"2026-03-01T09:19:25+00:00","author":{"@id":"https:\/\/exaudi.org\/#\/schema\/person\/f5fc8f063065e38742da7afe15f25df7"},"breadcrumb":{"@id":"https:\/\/exaudi.org\/es\/el-papa-el-hombre-no-esta-hecho-para-vivir-cerrado-en-si-mismo-sino-en-relacion-viva-con-dios\/#breadcrumb"},"inLanguage":"es","potentialAction":[{"@type":"ReadAction","target":["https:\/\/exaudi.org\/es\/el-papa-el-hombre-no-esta-hecho-para-vivir-cerrado-en-si-mismo-sino-en-relacion-viva-con-dios\/"]}]},{"@type":"ImageObject","inLanguage":"es","@id":"https:\/\/exaudi.org\/es\/el-papa-el-hombre-no-esta-hecho-para-vivir-cerrado-en-si-mismo-sino-en-relacion-viva-con-dios\/#primaryimage","url":"https:\/\/exaudi.org\/wp-content\/uploads\/2026\/03\/cq5dam.web_.800.800-2.jpeg","contentUrl":"https:\/\/exaudi.org\/wp-content\/uploads\/2026\/03\/cq5dam.web_.800.800-2.jpeg","width":800,"height":533},{"@type":"BreadcrumbList","@id":"https:\/\/exaudi.org\/es\/el-papa-el-hombre-no-esta-hecho-para-vivir-cerrado-en-si-mismo-sino-en-relacion-viva-con-dios\/#breadcrumb","itemListElement":[{"@type":"ListItem","position":1,"name":"Portada","item":"https:\/\/exaudi.org\/es\/"},{"@type":"ListItem","position":2,"name":"El Papa: El hombre no est\u00e1 hecho para vivir cerrado en s\u00ed mismo, sino en relaci\u00f3n viva con Dios"}]},{"@type":"WebSite","@id":"https:\/\/exaudi.org\/#website","url":"https:\/\/exaudi.org\/","name":"Exaudi","description":"News","potentialAction":[{"@type":"SearchAction","target":{"@type":"EntryPoint","urlTemplate":"https:\/\/exaudi.org\/?s={search_term_string}"},"query-input":{"@type":"PropertyValueSpecification","valueRequired":true,"valueName":"search_term_string"}}],"inLanguage":"es"},{"@type":"Person","@id":"https:\/\/exaudi.org\/#\/schema\/person\/f5fc8f063065e38742da7afe15f25df7","name":"Exaudi Redacci\u00f3n","image":{"@type":"ImageObject","inLanguage":"es","@id":"https:\/\/secure.gravatar.com\/avatar\/fe0f6a059fb68d9b3e11bc5850dd4899b1c7492091a3cb6dd9b01b56ad828be2?s=96&d=mm&r=g","url":"https:\/\/secure.gravatar.com\/avatar\/fe0f6a059fb68d9b3e11bc5850dd4899b1c7492091a3cb6dd9b01b56ad828be2?s=96&d=mm&r=g","contentUrl":"https:\/\/secure.gravatar.com\/avatar\/fe0f6a059fb68d9b3e11bc5850dd4899b1c7492091a3cb6dd9b01b56ad828be2?s=96&d=mm&r=g","caption":"Exaudi Redacci\u00f3n"},"description":"\u00bfQu\u00e9 es Exaudi News? Exaudi News es un medio de comunicaci\u00f3n cat\u00f3lico internacional que informa, forma y transforma, diariamente en espa\u00f1ol, ingl\u00e9s e italiano. A trav\u00e9s de noticias, art\u00edculos de an\u00e1lisis y transmisiones en directo de los eventos del Papa, Exaudi busca fortalecer la unidad de los cristianos y contribuir a la evangelizaci\u00f3n del mundo, siempre guiados por la doctrina social de la Iglesia. Trabajamos para acercar la verdad y los valores cristianos a cada rinc\u00f3n del planeta. \u00a1Ay\u00fadanos a transformar el mundo con Exaudi! En Exaudi creemos que la evangelizaci\u00f3n y la informaci\u00f3n de calidad pueden cambiar vidas. Para continuar con nuestra misi\u00f3n y expandir nuestro alcance, necesitamos tu ayuda. Adem\u00e1s, buscamos personas comprometidas que deseen unirse a nuestro equipo. Con tu apoyo, lograremos llegar a m\u00e1s personas, difundir el mensaje de Cristo y reforzar la unidad de los cristianos. \u00bfTe unes a nuestra misi\u00f3n? Para m\u00e1s informaci\u00f3n sobre c\u00f3mo colaborar, visita Exaudi.org\/es o cont\u00e1ctanos directamente: info@exaudi.org Exaudi: Informa, forma y transforma.","sameAs":["https:\/\/www.facebook.com\/ExaudiNoticias\/","https:\/\/www.instagram.com\/exaudi_noticias\/","https:\/\/x.com\/Exaudi_noticias","https:\/\/www.youtube.com\/@exaudicatholicnews"],"url":"https:\/\/exaudi.org\/es\/author\/redaccionexaudi\/"}]}},"jetpack_featured_media_url":"https:\/\/exaudi.org\/wp-content\/uploads\/2026\/03\/cq5dam.web_.800.800-2.jpeg","jetpack_shortlink":"https:\/\/wp.me\/pgKjF2-FEd","_links":{"self":[{"href":"https:\/\/exaudi.org\/es\/wp-json\/wp\/v2\/posts\/160097","targetHints":{"allow":["GET"]}}],"collection":[{"href":"https:\/\/exaudi.org\/es\/wp-json\/wp\/v2\/posts"}],"about":[{"href":"https:\/\/exaudi.org\/es\/wp-json\/wp\/v2\/types\/post"}],"author":[{"embeddable":true,"href":"https:\/\/exaudi.org\/es\/wp-json\/wp\/v2\/users\/15"}],"replies":[{"embeddable":true,"href":"https:\/\/exaudi.org\/es\/wp-json\/wp\/v2\/comments?post=160097"}],"version-history":[{"count":3,"href":"https:\/\/exaudi.org\/es\/wp-json\/wp\/v2\/posts\/160097\/revisions"}],"predecessor-version":[{"id":160103,"href":"https:\/\/exaudi.org\/es\/wp-json\/wp\/v2\/posts\/160097\/revisions\/160103"}],"wp:featuredmedia":[{"embeddable":true,"href":"https:\/\/exaudi.org\/es\/wp-json\/wp\/v2\/media\/160099"}],"wp:attachment":[{"href":"https:\/\/exaudi.org\/es\/wp-json\/wp\/v2\/media?parent=160097"}],"wp:term":[{"taxonomy":"category","embeddable":true,"href":"https:\/\/exaudi.org\/es\/wp-json\/wp\/v2\/categories?post=160097"},{"taxonomy":"post_tag","embeddable":true,"href":"https:\/\/exaudi.org\/es\/wp-json\/wp\/v2\/tags?post=160097"}],"curies":[{"name":"wp","href":"https:\/\/api.w.org\/{rel}","templated":true}]}}