{"id":15979,"date":"2021-05-10T11:12:20","date_gmt":"2021-05-10T09:12:20","guid":{"rendered":"https:\/\/exaudi.org\/?p=15979"},"modified":"2021-05-11T11:30:54","modified_gmt":"2021-05-11T09:30:54","slug":"union-europea-papa-nombramiento-nuncio-apostolico","status":"publish","type":"post","link":"https:\/\/exaudi.org\/es\/union-europea-papa-nombramiento-nuncio-apostolico\/","title":{"rendered":"Uni\u00f3n Europea: El Papa nombra al nuncio apost\u00f3lico"},"content":{"rendered":"<p>El pasado s\u00e1bado 8 de mayo de 2021, el Papa Francisco nombr\u00f3 nuncio apost\u00f3lico en la Uni\u00f3n Europea a monse\u00f1or Aldo Giordano, arzobispo titular de Tamada, hasta ahora nuncio apost\u00f3lico en Venezuela. As\u00ed inform\u00f3, ese mismo d\u00eda, la Oficina de Prensa de la Santa Sede.<\/p>\n<h4><strong>Mons. Aldo Giordano<\/strong><\/h4>\n<p>Tal y como indica la <a href=\"https:\/\/conferenciaepiscopalvenezolana.com\/\" target=\"_blank\" rel=\"noopener noreferrer\">Conferencia Episcopal Venezolana (CEV)<\/a>, naci\u00f3 en Cuneo, Italia, el 20 de agosto de 1954. Curs\u00f3 la escuela media y secundaria en el Seminario de Cuneo y complet\u00f3 sus estudios de Teolog\u00eda y Filosof\u00eda, obteniendo su licenciatura en 1978. Su ordenaci\u00f3n sacerdotal se llev\u00f3 a cabo el 28 de julio de 1979.<\/p>\n<p>Desde 1978 hasta 1982, estudi\u00f3 Filosof\u00eda en la Pontificia Universidad Gregoriana, en Roma y de 1982 hasta 1996, fue profesor de esta materia en la <em>Escuela in Fossano Interdiocesano<\/em> en Cuneo. Por otra parte, imparti\u00f3 cursos de \u00e9tica en la escuela de teolog\u00eda para laicos y dict\u00f3 clases en el seminario diocesano.<\/p>\n<p>Fue elegido secretario general del Consejo de las Conferencias Episcopales de Europa el 15 de mayo de 1995, cargo que ocup\u00f3 durante 13 a\u00f1os. Para el a\u00f1o 2002, fue nombrado capell\u00e1n de Su Santidad y en 2006, prelado de Honor de Su Santidad. Posteriormente, el 7 de julio de 2008, fue designado observador permanente de la Santa Sede ante el Consejo de Europa en Estrasburgo.<\/p>\n<p>Es el <a href=\"https:\/\/www.celam.org\/\" target=\"_blank\" rel=\"noopener noreferrer\">Consejo Episcopal Latinoamericano (CELAM)<\/a> el que apunta en su web que Mons. Aldo fue nombrado nuncio de Venezuela el 26 de octubre de 2013, fecha que coincide con el natalicio de Jos\u00e9 Gregorio Hern\u00e1ndez, por ello desde su llegada al pa\u00eds \u201cexpres\u00f3 su deseo de atestiguar la <a href=\"https:\/\/exaudi.org\/es\/venezuela-30-de-abril-beatificacion-jose-gregorio-hernandez\/\" target=\"_blank\" rel=\"noopener noreferrer\">beatificaci\u00f3n del \u201cM\u00e9dico de los Pobres\u201d<\/a>,\u00a0sin embargo, tal como \u00e9l mismo lo indica, jam\u00e1s habr\u00eda imaginado recibir la responsabilidad de presidir el acto lit\u00fargico\u201d.<\/p>\n<p>\u201cEn sus palabras, esto resultar\u00eda prof\u00e9tico, al haber sido nombrado Nuncio Apost\u00f3lico en Venezuela el d\u00eda en que se celebra el nacimiento del Dr. Jos\u00e9 Gregorio Hern\u00e1ndez\u201d, se\u00f1alaron desde la CEV.<\/p>\n","protected":false},"excerpt":{"rendered":"<p>Mons. Aldo Giordano<\/p>\n","protected":false},"author":6,"featured_media":15981,"comment_status":"closed","ping_status":"closed","sticky":false,"template":"","format":"standard","meta":{"_acf_changed":false,"_crdt_document":"","inline_featured_image":false,"footnotes":""},"categories":[298,132],"tags":[292,1328,2224],"class_list":["post-15979","post","type-post","status-publish","format-standard","has-post-thumbnail","hentry","category-ultimas-noticias","category-vaticano-es","tag-nombramiento","tag-nuncio-apostolico","tag-union-europea"],"acf":[],"yoast_head":"<!-- This site is optimized with the Yoast SEO plugin v27.5 - https:\/\/yoast.com\/product\/yoast-seo-wordpress\/ -->\n<title>Uni\u00f3n Europea: El Papa nombra al nuncio apost\u00f3lico-Exaudi<\/title>\n<meta name=\"description\" content=\"El s\u00e1bado pasado 8 de mayo, el Papa Francisco nombr\u00f3 a monse\u00f1or Aldo Giordano como nuevo nuncio apost\u00f3lico de la Uni\u00f3n Europea.\" \/>\n<meta name=\"robots\" content=\"index, follow, max-snippet:-1, max-image-preview:large, max-video-preview:-1\" \/>\n<link rel=\"canonical\" href=\"https:\/\/exaudi.org\/es\/union-europea-papa-nombramiento-nuncio-apostolico\/\" \/>\n<meta property=\"og:locale\" content=\"es_ES\" \/>\n<meta property=\"og:type\" content=\"article\" \/>\n<meta property=\"og:title\" content=\"Uni\u00f3n Europea: El Papa nombra al nuncio apost\u00f3lico-Exaudi\" \/>\n<meta property=\"og:description\" content=\"El s\u00e1bado pasado 8 de mayo, el Papa Francisco nombr\u00f3 a monse\u00f1or Aldo Giordano como nuevo nuncio apost\u00f3lico de la Uni\u00f3n Europea.\" \/>\n<meta property=\"og:url\" content=\"https:\/\/exaudi.org\/es\/union-europea-papa-nombramiento-nuncio-apostolico\/\" \/>\n<meta property=\"og:site_name\" content=\"Exaudi\" \/>\n<meta property=\"article:publisher\" content=\"https:\/\/www.facebook.com\/ExaudiNews\" \/>\n<meta property=\"article:published_time\" content=\"2021-05-10T09:12:20+00:00\" \/>\n<meta property=\"article:modified_time\" content=\"2021-05-11T09:30:54+00:00\" \/>\n<meta property=\"og:image\" content=\"https:\/\/exaudi.org\/wp-content\/uploads\/2021\/05\/jwos5.jpeg\" \/>\n\t<meta property=\"og:image:width\" content=\"1165\" \/>\n\t<meta property=\"og:image:height\" content=\"654\" \/>\n\t<meta property=\"og:image:type\" content=\"image\/jpeg\" \/>\n<meta name=\"author\" content=\"Gabriel Sales\" \/>\n<meta name=\"twitter:card\" content=\"summary_large_image\" \/>\n<meta name=\"twitter:creator\" content=\"@habemusman\" \/>\n<meta name=\"twitter:site\" content=\"@Exaudi_News\" \/>\n<meta name=\"twitter:label1\" content=\"Escrito por\" \/>\n\t<meta name=\"twitter:data1\" content=\"Gabriel Sales\" \/>\n\t<meta name=\"twitter:label2\" content=\"Tiempo de lectura\" \/>\n\t<meta name=\"twitter:data2\" content=\"2 minutos\" \/>\n<script type=\"application\/ld+json\" class=\"yoast-schema-graph\">{\"@context\":\"https:\\\/\\\/schema.org\",\"@graph\":[{\"@type\":\"Article\",\"@id\":\"https:\\\/\\\/exaudi.org\\\/es\\\/union-europea-papa-nombramiento-nuncio-apostolico\\\/#article\",\"isPartOf\":{\"@id\":\"https:\\\/\\\/exaudi.org\\\/es\\\/union-europea-papa-nombramiento-nuncio-apostolico\\\/\"},\"author\":{\"name\":\"Gabriel Sales\",\"@id\":\"https:\\\/\\\/exaudi.org\\\/#\\\/schema\\\/person\\\/d134b96438278131ce90c90c03fda6cd\"},\"headline\":\"Uni\u00f3n Europea: El Papa nombra al nuncio apost\u00f3lico\",\"datePublished\":\"2021-05-10T09:12:20+00:00\",\"dateModified\":\"2021-05-11T09:30:54+00:00\",\"mainEntityOfPage\":{\"@id\":\"https:\\\/\\\/exaudi.org\\\/es\\\/union-europea-papa-nombramiento-nuncio-apostolico\\\/\"},\"wordCount\":343,\"image\":{\"@id\":\"https:\\\/\\\/exaudi.org\\\/es\\\/union-europea-papa-nombramiento-nuncio-apostolico\\\/#primaryimage\"},\"thumbnailUrl\":\"https:\\\/\\\/exaudi.org\\\/wp-content\\\/uploads\\\/2021\\\/05\\\/jwos5.jpeg\",\"keywords\":[\"Nombramiento\",\"Nuncio apost\u00f3lico\",\"Uni\u00f3n Europea\"],\"articleSection\":[\"\u00daltimas noticias\",\"Vaticano\"],\"inLanguage\":\"es\"},{\"@type\":\"WebPage\",\"@id\":\"https:\\\/\\\/exaudi.org\\\/es\\\/union-europea-papa-nombramiento-nuncio-apostolico\\\/\",\"url\":\"https:\\\/\\\/exaudi.org\\\/es\\\/union-europea-papa-nombramiento-nuncio-apostolico\\\/\",\"name\":\"Uni\u00f3n Europea: El Papa nombra al nuncio apost\u00f3lico-Exaudi\",\"isPartOf\":{\"@id\":\"https:\\\/\\\/exaudi.org\\\/#website\"},\"primaryImageOfPage\":{\"@id\":\"https:\\\/\\\/exaudi.org\\\/es\\\/union-europea-papa-nombramiento-nuncio-apostolico\\\/#primaryimage\"},\"image\":{\"@id\":\"https:\\\/\\\/exaudi.org\\\/es\\\/union-europea-papa-nombramiento-nuncio-apostolico\\\/#primaryimage\"},\"thumbnailUrl\":\"https:\\\/\\\/exaudi.org\\\/wp-content\\\/uploads\\\/2021\\\/05\\\/jwos5.jpeg\",\"datePublished\":\"2021-05-10T09:12:20+00:00\",\"dateModified\":\"2021-05-11T09:30:54+00:00\",\"author\":{\"@id\":\"https:\\\/\\\/exaudi.org\\\/#\\\/schema\\\/person\\\/d134b96438278131ce90c90c03fda6cd\"},\"description\":\"El s\u00e1bado pasado 8 de mayo, el Papa Francisco nombr\u00f3 a monse\u00f1or Aldo Giordano como nuevo nuncio apost\u00f3lico de la Uni\u00f3n Europea.\",\"breadcrumb\":{\"@id\":\"https:\\\/\\\/exaudi.org\\\/es\\\/union-europea-papa-nombramiento-nuncio-apostolico\\\/#breadcrumb\"},\"inLanguage\":\"es\",\"potentialAction\":[{\"@type\":\"ReadAction\",\"target\":[\"https:\\\/\\\/exaudi.org\\\/es\\\/union-europea-papa-nombramiento-nuncio-apostolico\\\/\"]}]},{\"@type\":\"ImageObject\",\"inLanguage\":\"es\",\"@id\":\"https:\\\/\\\/exaudi.org\\\/es\\\/union-europea-papa-nombramiento-nuncio-apostolico\\\/#primaryimage\",\"url\":\"https:\\\/\\\/exaudi.org\\\/wp-content\\\/uploads\\\/2021\\\/05\\\/jwos5.jpeg\",\"contentUrl\":\"https:\\\/\\\/exaudi.org\\\/wp-content\\\/uploads\\\/2021\\\/05\\\/jwos5.jpeg\",\"width\":1165,\"height\":654,\"caption\":\"Monse\u00f1or Aldo Giordano \u00a9 CELAM\"},{\"@type\":\"BreadcrumbList\",\"@id\":\"https:\\\/\\\/exaudi.org\\\/es\\\/union-europea-papa-nombramiento-nuncio-apostolico\\\/#breadcrumb\",\"itemListElement\":[{\"@type\":\"ListItem\",\"position\":1,\"name\":\"Portada\",\"item\":\"https:\\\/\\\/exaudi.org\\\/es\\\/\"},{\"@type\":\"ListItem\",\"position\":2,\"name\":\"Uni\u00f3n Europea: El Papa nombra al nuncio apost\u00f3lico\"}]},{\"@type\":\"WebSite\",\"@id\":\"https:\\\/\\\/exaudi.org\\\/#website\",\"url\":\"https:\\\/\\\/exaudi.org\\\/\",\"name\":\"Exaudi\",\"description\":\"News\",\"potentialAction\":[{\"@type\":\"SearchAction\",\"target\":{\"@type\":\"EntryPoint\",\"urlTemplate\":\"https:\\\/\\\/exaudi.org\\\/?s={search_term_string}\"},\"query-input\":{\"@type\":\"PropertyValueSpecification\",\"valueRequired\":true,\"valueName\":\"search_term_string\"}}],\"inLanguage\":\"es\"},{\"@type\":\"Person\",\"@id\":\"https:\\\/\\\/exaudi.org\\\/#\\\/schema\\\/person\\\/d134b96438278131ce90c90c03fda6cd\",\"name\":\"Gabriel Sales\",\"image\":{\"@type\":\"ImageObject\",\"inLanguage\":\"es\",\"@id\":\"https:\\\/\\\/secure.gravatar.com\\\/avatar\\\/9b1269566f6a063ed26ffb3532b66a373cdde231ce5d0effb266167437fdaffd?s=96&d=mm&r=g\",\"url\":\"https:\\\/\\\/secure.gravatar.com\\\/avatar\\\/9b1269566f6a063ed26ffb3532b66a373cdde231ce5d0effb266167437fdaffd?s=96&d=mm&r=g\",\"contentUrl\":\"https:\\\/\\\/secure.gravatar.com\\\/avatar\\\/9b1269566f6a063ed26ffb3532b66a373cdde231ce5d0effb266167437fdaffd?s=96&d=mm&r=g\",\"caption\":\"Gabriel Sales\"},\"description\":\"Periodista y especialista en Comunicaci\u00f3n y Branding digital. Cin\u00e9filo y cr\u00edtico de cine y series de televisi\u00f3n.\",\"sameAs\":[\"https:\\\/\\\/www.instagram.com\\\/cine90segundos\\\/\",\"www.linkedin.com\\\/in\\\/habemusman\",\"https:\\\/\\\/x.com\\\/habemusman\",\"https:\\\/\\\/www.youtube.com\\\/channel\\\/UCVfCiOMkJ_C7T7OpyjuaLDg\"],\"url\":\"https:\\\/\\\/exaudi.org\\\/es\\\/author\\\/gsalesexaudi-org\\\/\"}]}<\/script>\n<!-- \/ Yoast SEO plugin. -->","yoast_head_json":{"title":"Uni\u00f3n Europea: El Papa nombra al nuncio apost\u00f3lico-Exaudi","description":"El s\u00e1bado pasado 8 de mayo, el Papa Francisco nombr\u00f3 a monse\u00f1or Aldo Giordano como nuevo nuncio apost\u00f3lico de la Uni\u00f3n Europea.","robots":{"index":"index","follow":"follow","max-snippet":"max-snippet:-1","max-image-preview":"max-image-preview:large","max-video-preview":"max-video-preview:-1"},"canonical":"https:\/\/exaudi.org\/es\/union-europea-papa-nombramiento-nuncio-apostolico\/","og_locale":"es_ES","og_type":"article","og_title":"Uni\u00f3n Europea: El Papa nombra al nuncio apost\u00f3lico-Exaudi","og_description":"El s\u00e1bado pasado 8 de mayo, el Papa Francisco nombr\u00f3 a monse\u00f1or Aldo Giordano como nuevo nuncio apost\u00f3lico de la Uni\u00f3n Europea.","og_url":"https:\/\/exaudi.org\/es\/union-europea-papa-nombramiento-nuncio-apostolico\/","og_site_name":"Exaudi","article_publisher":"https:\/\/www.facebook.com\/ExaudiNews","article_published_time":"2021-05-10T09:12:20+00:00","article_modified_time":"2021-05-11T09:30:54+00:00","og_image":[{"width":1165,"height":654,"url":"https:\/\/exaudi.org\/wp-content\/uploads\/2021\/05\/jwos5.jpeg","type":"image\/jpeg"}],"author":"Gabriel Sales","twitter_card":"summary_large_image","twitter_creator":"@habemusman","twitter_site":"@Exaudi_News","twitter_misc":{"Escrito por":"Gabriel Sales","Tiempo de lectura":"2 minutos"},"schema":{"@context":"https:\/\/schema.org","@graph":[{"@type":"Article","@id":"https:\/\/exaudi.org\/es\/union-europea-papa-nombramiento-nuncio-apostolico\/#article","isPartOf":{"@id":"https:\/\/exaudi.org\/es\/union-europea-papa-nombramiento-nuncio-apostolico\/"},"author":{"name":"Gabriel Sales","@id":"https:\/\/exaudi.org\/#\/schema\/person\/d134b96438278131ce90c90c03fda6cd"},"headline":"Uni\u00f3n Europea: El Papa nombra al nuncio apost\u00f3lico","datePublished":"2021-05-10T09:12:20+00:00","dateModified":"2021-05-11T09:30:54+00:00","mainEntityOfPage":{"@id":"https:\/\/exaudi.org\/es\/union-europea-papa-nombramiento-nuncio-apostolico\/"},"wordCount":343,"image":{"@id":"https:\/\/exaudi.org\/es\/union-europea-papa-nombramiento-nuncio-apostolico\/#primaryimage"},"thumbnailUrl":"https:\/\/exaudi.org\/wp-content\/uploads\/2021\/05\/jwos5.jpeg","keywords":["Nombramiento","Nuncio apost\u00f3lico","Uni\u00f3n Europea"],"articleSection":["\u00daltimas noticias","Vaticano"],"inLanguage":"es"},{"@type":"WebPage","@id":"https:\/\/exaudi.org\/es\/union-europea-papa-nombramiento-nuncio-apostolico\/","url":"https:\/\/exaudi.org\/es\/union-europea-papa-nombramiento-nuncio-apostolico\/","name":"Uni\u00f3n Europea: El Papa nombra al nuncio apost\u00f3lico-Exaudi","isPartOf":{"@id":"https:\/\/exaudi.org\/#website"},"primaryImageOfPage":{"@id":"https:\/\/exaudi.org\/es\/union-europea-papa-nombramiento-nuncio-apostolico\/#primaryimage"},"image":{"@id":"https:\/\/exaudi.org\/es\/union-europea-papa-nombramiento-nuncio-apostolico\/#primaryimage"},"thumbnailUrl":"https:\/\/exaudi.org\/wp-content\/uploads\/2021\/05\/jwos5.jpeg","datePublished":"2021-05-10T09:12:20+00:00","dateModified":"2021-05-11T09:30:54+00:00","author":{"@id":"https:\/\/exaudi.org\/#\/schema\/person\/d134b96438278131ce90c90c03fda6cd"},"description":"El s\u00e1bado pasado 8 de mayo, el Papa Francisco nombr\u00f3 a monse\u00f1or Aldo Giordano como nuevo nuncio apost\u00f3lico de la Uni\u00f3n Europea.","breadcrumb":{"@id":"https:\/\/exaudi.org\/es\/union-europea-papa-nombramiento-nuncio-apostolico\/#breadcrumb"},"inLanguage":"es","potentialAction":[{"@type":"ReadAction","target":["https:\/\/exaudi.org\/es\/union-europea-papa-nombramiento-nuncio-apostolico\/"]}]},{"@type":"ImageObject","inLanguage":"es","@id":"https:\/\/exaudi.org\/es\/union-europea-papa-nombramiento-nuncio-apostolico\/#primaryimage","url":"https:\/\/exaudi.org\/wp-content\/uploads\/2021\/05\/jwos5.jpeg","contentUrl":"https:\/\/exaudi.org\/wp-content\/uploads\/2021\/05\/jwos5.jpeg","width":1165,"height":654,"caption":"Monse\u00f1or Aldo Giordano \u00a9 CELAM"},{"@type":"BreadcrumbList","@id":"https:\/\/exaudi.org\/es\/union-europea-papa-nombramiento-nuncio-apostolico\/#breadcrumb","itemListElement":[{"@type":"ListItem","position":1,"name":"Portada","item":"https:\/\/exaudi.org\/es\/"},{"@type":"ListItem","position":2,"name":"Uni\u00f3n Europea: El Papa nombra al nuncio apost\u00f3lico"}]},{"@type":"WebSite","@id":"https:\/\/exaudi.org\/#website","url":"https:\/\/exaudi.org\/","name":"Exaudi","description":"News","potentialAction":[{"@type":"SearchAction","target":{"@type":"EntryPoint","urlTemplate":"https:\/\/exaudi.org\/?s={search_term_string}"},"query-input":{"@type":"PropertyValueSpecification","valueRequired":true,"valueName":"search_term_string"}}],"inLanguage":"es"},{"@type":"Person","@id":"https:\/\/exaudi.org\/#\/schema\/person\/d134b96438278131ce90c90c03fda6cd","name":"Gabriel Sales","image":{"@type":"ImageObject","inLanguage":"es","@id":"https:\/\/secure.gravatar.com\/avatar\/9b1269566f6a063ed26ffb3532b66a373cdde231ce5d0effb266167437fdaffd?s=96&d=mm&r=g","url":"https:\/\/secure.gravatar.com\/avatar\/9b1269566f6a063ed26ffb3532b66a373cdde231ce5d0effb266167437fdaffd?s=96&d=mm&r=g","contentUrl":"https:\/\/secure.gravatar.com\/avatar\/9b1269566f6a063ed26ffb3532b66a373cdde231ce5d0effb266167437fdaffd?s=96&d=mm&r=g","caption":"Gabriel Sales"},"description":"Periodista y especialista en Comunicaci\u00f3n y Branding digital. Cin\u00e9filo y cr\u00edtico de cine y series de televisi\u00f3n.","sameAs":["https:\/\/www.instagram.com\/cine90segundos\/","www.linkedin.com\/in\/habemusman","https:\/\/x.com\/habemusman","https:\/\/www.youtube.com\/channel\/UCVfCiOMkJ_C7T7OpyjuaLDg"],"url":"https:\/\/exaudi.org\/es\/author\/gsalesexaudi-org\/"}]}},"jetpack_featured_media_url":"https:\/\/exaudi.org\/wp-content\/uploads\/2021\/05\/jwos5.jpeg","jetpack_shortlink":"https:\/\/wp.me\/pgKjF2-49J","_links":{"self":[{"href":"https:\/\/exaudi.org\/es\/wp-json\/wp\/v2\/posts\/15979","targetHints":{"allow":["GET"]}}],"collection":[{"href":"https:\/\/exaudi.org\/es\/wp-json\/wp\/v2\/posts"}],"about":[{"href":"https:\/\/exaudi.org\/es\/wp-json\/wp\/v2\/types\/post"}],"author":[{"embeddable":true,"href":"https:\/\/exaudi.org\/es\/wp-json\/wp\/v2\/users\/6"}],"replies":[{"embeddable":true,"href":"https:\/\/exaudi.org\/es\/wp-json\/wp\/v2\/comments?post=15979"}],"version-history":[{"count":0,"href":"https:\/\/exaudi.org\/es\/wp-json\/wp\/v2\/posts\/15979\/revisions"}],"wp:featuredmedia":[{"embeddable":true,"href":"https:\/\/exaudi.org\/es\/wp-json\/wp\/v2\/media\/15981"}],"wp:attachment":[{"href":"https:\/\/exaudi.org\/es\/wp-json\/wp\/v2\/media?parent=15979"}],"wp:term":[{"taxonomy":"category","embeddable":true,"href":"https:\/\/exaudi.org\/es\/wp-json\/wp\/v2\/categories?post=15979"},{"taxonomy":"post_tag","embeddable":true,"href":"https:\/\/exaudi.org\/es\/wp-json\/wp\/v2\/tags?post=15979"}],"curies":[{"name":"wp","href":"https:\/\/api.w.org\/{rel}","templated":true}]}}