{"id":159588,"date":"2026-02-26T09:00:41","date_gmt":"2026-02-26T08:00:41","guid":{"rendered":"https:\/\/exaudi.org\/?p=159588"},"modified":"2026-02-25T11:22:36","modified_gmt":"2026-02-25T10:22:36","slug":"cardenal-arizmendi-acompanamos-a-nuestro-pueblo","status":"publish","type":"post","link":"https:\/\/exaudi.org\/es\/cardenal-arizmendi-acompanamos-a-nuestro-pueblo\/","title":{"rendered":"Cardenal Arizmendi: Acompa\u00f1amos a nuestro pueblo"},"content":{"rendered":"<p>El\u00a0<a href=\"https:\/\/exaudi.org\/es\/author\/felipearizmendi\/\" target=\"_blank\" rel=\"noopener\">cardenal Felipe Arizmendi<\/a>, obispo em\u00e9rito de San Crist\u00f3bal de Las Casas y responsable de la Doctrina de la Fe en la\u00a0<a href=\"https:\/\/www.cem.org.mx\/\" target=\"_blank\" rel=\"noopener\">Conferencia del Episcopado Mexicano (CEM)<\/a>, ofrece a los lectores de Exaudi su art\u00edculo semanal.<\/p>\n<p><iframe title=\"Spotify Embed: Cardenal Arizmendi: Acompa\u00f1amos a nuestro pueblo\" style=\"border-radius: 12px\" width=\"100%\" height=\"152\" frameborder=\"0\" allowfullscreen allow=\"autoplay; clipboard-write; encrypted-media; fullscreen; picture-in-picture\" loading=\"lazy\" src=\"https:\/\/open.spotify.com\/embed\/episode\/30nDtrxrzn8EOvFjcP3HMb?si=6f655e19bc13444e&amp;utm_source=oembed\"><\/iframe><\/p>\n<h3><strong>HECHOS<\/strong><\/h3>\n<p>Nuestro pa\u00eds ha vivido momentos muy tensos tras haber sido abatido el m\u00e1ximo l\u00edder del cartel <em>Jalisco Nueva Generaci\u00f3n, <\/em>por parte del Ej\u00e9rcito y de la Guardia Nacional. Es motivo de esperanza el hecho de que nuestro gobierno federal haya decidido, por fin, cambiar la obsesi\u00f3n permisiva e interesada de <em>abrazos, no balazos.<\/em> Aunque haya sido con ayuda y quiz\u00e1 por presi\u00f3n econ\u00f3mica de los Estados Unidos, esperamos que esto marque un nuevo rumbo en la pol\u00edtica para evitar tanto poder que tienen esos grupos armados, quienes se han sentido due\u00f1os de regiones y estructuras.<\/p>\n<p>No nos alegramos de la muerte de nadie, y lamentamos tantos decesos ocurridos en esta operaci\u00f3n. Los delincuentes ya saben que a eso se exponen: a que los detengan y los encarcelen, o a que los maten. Cierto que son seres humanos, pero no se les pueden dejar las manos libres para que hagan lo que quieran a costa de tanta gente inocente y trabajadora a quienes explotan y matan si no se ci\u00f1en a sus requerimientos. Es muy doloroso que hayan sido asesinados tantos miembros del orden, quienes han dado su vida por el servicio del pueblo. Nuestro reconocimiento para ellos y nuestra oraci\u00f3n por todos y por sus familias.<\/p>\n<p>Los sacerdotes y obispos, las religiosas y dem\u00e1s agentes de pastoral, no podemos desinteresarnos de estas realidades. La mayor\u00eda de los integrantes de grupos criminales se declaran cat\u00f3licos y siempre tienen consigo im\u00e1genes religiosas. Nuestra vocaci\u00f3n y misi\u00f3n es estar con nuestro pueblo, acompa\u00f1arlo en sus incertidumbres y peligros, orar por sus intenciones y necesidades, consolarlo en sus penas, demostrar que somos pastores hermanos, cercanos y solidarios. Nos preocupa que no haya calado a profundidad la fe cristiana en los delincuentes y esto nos urge un replanteamiento de nuestras catequesis. Sufrimos con nuestro pueblo y hacemos lo que podemos para salir de esta situaci\u00f3n tan preocupante, a partir de nuestra fe en Jesucristo, vencedor del pecado y de las tentaciones.<\/p>\n<h3><strong>ILUMINACION<\/strong><\/h3>\n<p>\u00bfQu\u00e9 tenemos que ofrecer a nuestro pueblo ante estas realidades? Lo primero es acompa\u00f1ar, estar cerca de nuestro pueblo. Dice el Papa Francisco: <em>\u201cLa comunidad evangelizadora se mete con obras y gestos en la vida cotidiana de los dem\u00e1s, achica distancias, se abaja hasta la humillaci\u00f3n si es necesario, y asume la vida humana, tocando la carne sufriente de Cristo en el pueblo. La comunidad evangelizadora se dispone a acompa\u00f1ar. Acompa\u00f1a a la humanidad en todos sus procesos, por m\u00e1s duros y prolongados que sean\u201d <\/em>(EG 24).<\/p>\n<p>\u00bfQu\u00e9 ofrecemos a nuestra patria? No tenemos ej\u00e9rcitos, ni recetas, pero s\u00ed tenemos una respuesta fundamental: <em>\u201cSomos conscientes que es fundamental descubrir que ante esta realidad que nos desaf\u00eda y cuestiona,\u00a0a todos nos toca recomenzar desde Cristo. Partir de este encuentro personal y transformador de cada creyente con Jes\u00fas en su vida, que abre un aut\u00e9ntico proceso de conversi\u00f3n, comuni\u00f3n y solidaridad. Este momento de encuentro con el Hijo de Dios es fundamental en la vida de todo cristiano\u201d <\/em>(PGP 85).<\/p>\n<p><em>\u201cDesde esta mirada del Dios Redentor, estamos interpelados los pastores a ser m\u00e1s sensibles y m\u00e1s cercanos al pueblo y as\u00ed enfrentar los desaf\u00edos de nuestro pa\u00eds. La realidad es una teofan\u00eda, es decir, Dios nos sigue hablando a trav\u00e9s de los signos de los tiempos. No podemos ser ajenos a las periferias geogr\u00e1ficas y existenciales que nos demandan salir de nuestras zonas de confort\u201d <\/em>(PGP 145).<\/p>\n<p>En Aparecida, decimos: <em>\u201c<\/em><em>No tenemos otra dicha ni otra prioridad que ser instrumentos del Esp<\/em><em>\u00ed<\/em><em>ritu de Dios, en Iglesia, para que Jesucristo sea encontrado, seguido, amado, adorado, anunciado y comunicado a todos, no obstante todas las dificultades y resistencias. <\/em><em>\u00c9<\/em><em>ste es el mejor servicio <\/em><em>\u2013\u00a1<\/em><em>su servicio!<\/em><em>\u2013<\/em><em> que la Iglesia tiene que ofrecer a las personas y naciones<\/em><em>\u201d<\/em> (DA 3). \u201c<em>Conocer a Jesucristo por la fe es nuestro gozo; seguirlo es una gracia, y transmitir este tesoro a los dem\u00e1s es un encargo que el Se\u00f1or, al llamarnos y elegirnos, nos ha confiado\u201d <\/em>(DA 18). <em>\u201cLa alegr\u00eda que hemos recibido en el encuentro con Jesucristo, \u2026 deseamos que llegue a todos&#8230; Conocer a Jes\u00fas es el mejor regalo que puede recibir cualquier persona; haberlo encontrado nosotros es lo mejor que nos ha ocurrido en la vida, y darlo a conocer con nuestra palabra y obras es nuestro gozo\u201d<\/em> (DA 29).<\/p>\n<h3><strong>ACCIONES<\/strong><\/h3>\n<p>\u00bfQu\u00e9 ofrecemos a nuestro pueblo ante estos hechos violentos? Repito: No tenemos oro ni plata, mucho menos ej\u00e9rcitos para protegerlo; pero tenemos lo que le puede dar un sentido diferente a la vida y a la sociedad. Tenemos el tesoro de Jesucristo, camino, verdad y vida, fuente de paz y de fraternidad, y estamos seguros de que conocerlo y seguirlo es lo que nos garantiza que haya otras familias y otra sociedad, donde todos somos hermanos, incapaces de da\u00f1ar a los dem\u00e1s, respetuosos y solidarios con todos. El gobierno que haga lo que le toca; nosotros ofrecemos a Jesucristo, garant\u00eda de una patria nueva.<\/p>\n<p><img loading=\"lazy\" decoding=\"async\" class=\"size-full wp-image-159607 alignnone\" src=\"https:\/\/exaudi.org\/wp-content\/uploads\/2026\/02\/Copia-de-voces-3.jpg\" alt=\"\" width=\"1080\" height=\"1080\" srcset=\"https:\/\/exaudi.org\/wp-content\/uploads\/2026\/02\/Copia-de-voces-3.jpg 1080w, https:\/\/exaudi.org\/wp-content\/uploads\/2026\/02\/Copia-de-voces-3-300x300.jpg 300w, https:\/\/exaudi.org\/wp-content\/uploads\/2026\/02\/Copia-de-voces-3-1024x1024.jpg 1024w, https:\/\/exaudi.org\/wp-content\/uploads\/2026\/02\/Copia-de-voces-3-100x100.jpg?crop=1 100w, https:\/\/exaudi.org\/wp-content\/uploads\/2026\/02\/Copia-de-voces-3-770x770.jpg 770w, https:\/\/exaudi.org\/wp-content\/uploads\/2026\/02\/Copia-de-voces-3-500x500.jpg 500w\" sizes=\"auto, (max-width: 1080px) 100vw, 1080px\" \/><\/p>\n","protected":false},"excerpt":{"rendered":"<p>No a la muerte, s\u00ed al acompa\u00f1amiento: la Iglesia ante el fin de &#8216;El Mencho&#8217; y la violencia del narco<\/p>\n","protected":false},"author":24,"featured_media":159598,"comment_status":"closed","ping_status":"closed","sticky":false,"template":"","format":"standard","meta":{"_acf_changed":false,"_crdt_document":"","inline_featured_image":false,"footnotes":""},"categories":[130],"tags":[98585,34030,98242,98592,98584,98591,98589,98588,58777,98594,17346,98590,71119,98593,47132,98586,84683,58880,98587],"class_list":["post-159588","post","type-post","status-publish","format-standard","has-post-thumbnail","hentry","category-voces","tag-abrazos-no-balazos","tag-acompanamiento-pastoral","tag-cartel-jalisco-nueva-generacion","tag-catequesis-delincuencia","tag-cjng-abatido","tag-conversion-solidaridad-iglesia","tag-documento-aparecida","tag-evangelii-gaudium-papa-francisco","tag-felipe-arizmendi-esquivel","tag-fuerzas-armadas-mexico","tag-iglesia-catolica-mexico","tag-jesucristo-paz-fraternidad","tag-obispo-emerito-san-cristobal-de-las-casas","tag-oracion-por-victimas","tag-periferias-existenciales","tag-politica-seguridad-mexico","tag-signos-de-los-tiempos","tag-trending-es-151","tag-violencia-crimen-organizado"],"acf":[],"yoast_head":"<!-- This site is optimized with the Yoast SEO plugin v27.4 - https:\/\/yoast.com\/product\/yoast-seo-wordpress\/ -->\n<title>Cardenal Arizmendi: Acompa\u00f1amos a nuestro pueblo &#8211; Exaudi<\/title>\n<meta name=\"robots\" content=\"index, follow, max-snippet:-1, max-image-preview:large, max-video-preview:-1\" \/>\n<link rel=\"canonical\" href=\"https:\/\/exaudi.org\/es\/cardenal-arizmendi-acompanamos-a-nuestro-pueblo\/\" \/>\n<meta property=\"og:locale\" content=\"es_ES\" \/>\n<meta property=\"og:type\" content=\"article\" \/>\n<meta property=\"og:title\" content=\"Cardenal Arizmendi: Acompa\u00f1amos a nuestro pueblo &#8211; Exaudi\" \/>\n<meta property=\"og:description\" content=\"No a la muerte, s\u00ed al acompa\u00f1amiento: la Iglesia ante el fin de &#039;El Mencho&#039; y la violencia del narco\" \/>\n<meta property=\"og:url\" content=\"https:\/\/exaudi.org\/es\/cardenal-arizmendi-acompanamos-a-nuestro-pueblo\/\" \/>\n<meta property=\"og:site_name\" content=\"Exaudi\" \/>\n<meta property=\"article:publisher\" content=\"https:\/\/www.facebook.com\/ExaudiNews\" \/>\n<meta property=\"article:published_time\" content=\"2026-02-26T08:00:41+00:00\" \/>\n<meta property=\"og:image\" content=\"https:\/\/exaudi.org\/wp-content\/uploads\/2026\/02\/pexels-mario-wallner-107470762-10252400-scaled.jpg\" \/>\n\t<meta property=\"og:image:width\" content=\"2560\" \/>\n\t<meta property=\"og:image:height\" content=\"1696\" \/>\n\t<meta property=\"og:image:type\" content=\"image\/jpeg\" \/>\n<meta name=\"author\" content=\"Cardenal Felipe Arizmendi\" \/>\n<meta name=\"twitter:card\" content=\"summary_large_image\" \/>\n<meta name=\"twitter:creator\" content=\"@Exaudi_News\" \/>\n<meta name=\"twitter:site\" content=\"@Exaudi_News\" \/>\n<meta name=\"twitter:label1\" content=\"Escrito por\" \/>\n\t<meta name=\"twitter:data1\" content=\"Cardenal Felipe Arizmendi\" \/>\n\t<meta name=\"twitter:label2\" content=\"Tiempo de lectura\" \/>\n\t<meta name=\"twitter:data2\" content=\"5 minutos\" \/>\n<script type=\"application\/ld+json\" class=\"yoast-schema-graph\">{\"@context\":\"https:\\\/\\\/schema.org\",\"@graph\":[{\"@type\":\"Article\",\"@id\":\"https:\\\/\\\/exaudi.org\\\/es\\\/cardenal-arizmendi-acompanamos-a-nuestro-pueblo\\\/#article\",\"isPartOf\":{\"@id\":\"https:\\\/\\\/exaudi.org\\\/es\\\/cardenal-arizmendi-acompanamos-a-nuestro-pueblo\\\/\"},\"author\":{\"name\":\"Cardenal Felipe Arizmendi\",\"@id\":\"https:\\\/\\\/exaudi.org\\\/#\\\/schema\\\/person\\\/c7d223f87e58f1105d044d8da1439102\"},\"headline\":\"Cardenal Arizmendi: Acompa\u00f1amos a nuestro pueblo\",\"datePublished\":\"2026-02-26T08:00:41+00:00\",\"mainEntityOfPage\":{\"@id\":\"https:\\\/\\\/exaudi.org\\\/es\\\/cardenal-arizmendi-acompanamos-a-nuestro-pueblo\\\/\"},\"wordCount\":919,\"image\":{\"@id\":\"https:\\\/\\\/exaudi.org\\\/es\\\/cardenal-arizmendi-acompanamos-a-nuestro-pueblo\\\/#primaryimage\"},\"thumbnailUrl\":\"https:\\\/\\\/exaudi.org\\\/wp-content\\\/uploads\\\/2026\\\/02\\\/pexels-mario-wallner-107470762-10252400-scaled.jpg\",\"keywords\":[\"abrazos no balazos\",\"acompa\u00f1amiento pastoral\",\"C\u00e1rtel Jalisco Nueva Generaci\u00f3n\",\"catequesis delincuencia\",\"cjng abatido\",\"conversi\u00f3n solidaridad iglesia\",\"documento aparecida\",\"evangelii gaudium papa francisco\",\"Felipe Arizmendi Esquivel\",\"fuerzas armadas m\u00e9xico\",\"Iglesia cat\u00f3lica M\u00e9xico\",\"jesucristo paz fraternidad\",\"obispo em\u00e9rito San Crist\u00f3bal de Las Casas\",\"oraci\u00f3n por v\u00edctimas\",\"periferias existenciales.\",\"pol\u00edtica seguridad m\u00e9xico\",\"signos de los tiempos\",\"Trending\",\"violencia crimen organizado\"],\"articleSection\":[\"Voces\"],\"inLanguage\":\"es\"},{\"@type\":\"WebPage\",\"@id\":\"https:\\\/\\\/exaudi.org\\\/es\\\/cardenal-arizmendi-acompanamos-a-nuestro-pueblo\\\/\",\"url\":\"https:\\\/\\\/exaudi.org\\\/es\\\/cardenal-arizmendi-acompanamos-a-nuestro-pueblo\\\/\",\"name\":\"Cardenal Arizmendi: Acompa\u00f1amos a nuestro pueblo &#8211; Exaudi\",\"isPartOf\":{\"@id\":\"https:\\\/\\\/exaudi.org\\\/#website\"},\"primaryImageOfPage\":{\"@id\":\"https:\\\/\\\/exaudi.org\\\/es\\\/cardenal-arizmendi-acompanamos-a-nuestro-pueblo\\\/#primaryimage\"},\"image\":{\"@id\":\"https:\\\/\\\/exaudi.org\\\/es\\\/cardenal-arizmendi-acompanamos-a-nuestro-pueblo\\\/#primaryimage\"},\"thumbnailUrl\":\"https:\\\/\\\/exaudi.org\\\/wp-content\\\/uploads\\\/2026\\\/02\\\/pexels-mario-wallner-107470762-10252400-scaled.jpg\",\"datePublished\":\"2026-02-26T08:00:41+00:00\",\"author\":{\"@id\":\"https:\\\/\\\/exaudi.org\\\/#\\\/schema\\\/person\\\/c7d223f87e58f1105d044d8da1439102\"},\"breadcrumb\":{\"@id\":\"https:\\\/\\\/exaudi.org\\\/es\\\/cardenal-arizmendi-acompanamos-a-nuestro-pueblo\\\/#breadcrumb\"},\"inLanguage\":\"es\",\"potentialAction\":[{\"@type\":\"ReadAction\",\"target\":[\"https:\\\/\\\/exaudi.org\\\/es\\\/cardenal-arizmendi-acompanamos-a-nuestro-pueblo\\\/\"]}]},{\"@type\":\"ImageObject\",\"inLanguage\":\"es\",\"@id\":\"https:\\\/\\\/exaudi.org\\\/es\\\/cardenal-arizmendi-acompanamos-a-nuestro-pueblo\\\/#primaryimage\",\"url\":\"https:\\\/\\\/exaudi.org\\\/wp-content\\\/uploads\\\/2026\\\/02\\\/pexels-mario-wallner-107470762-10252400-scaled.jpg\",\"contentUrl\":\"https:\\\/\\\/exaudi.org\\\/wp-content\\\/uploads\\\/2026\\\/02\\\/pexels-mario-wallner-107470762-10252400-scaled.jpg\",\"width\":2560,\"height\":1696},{\"@type\":\"BreadcrumbList\",\"@id\":\"https:\\\/\\\/exaudi.org\\\/es\\\/cardenal-arizmendi-acompanamos-a-nuestro-pueblo\\\/#breadcrumb\",\"itemListElement\":[{\"@type\":\"ListItem\",\"position\":1,\"name\":\"Portada\",\"item\":\"https:\\\/\\\/exaudi.org\\\/es\\\/\"},{\"@type\":\"ListItem\",\"position\":2,\"name\":\"Cardenal Arizmendi: Acompa\u00f1amos a nuestro pueblo\"}]},{\"@type\":\"WebSite\",\"@id\":\"https:\\\/\\\/exaudi.org\\\/#website\",\"url\":\"https:\\\/\\\/exaudi.org\\\/\",\"name\":\"Exaudi\",\"description\":\"News\",\"potentialAction\":[{\"@type\":\"SearchAction\",\"target\":{\"@type\":\"EntryPoint\",\"urlTemplate\":\"https:\\\/\\\/exaudi.org\\\/?s={search_term_string}\"},\"query-input\":{\"@type\":\"PropertyValueSpecification\",\"valueRequired\":true,\"valueName\":\"search_term_string\"}}],\"inLanguage\":\"es\"},{\"@type\":\"Person\",\"@id\":\"https:\\\/\\\/exaudi.org\\\/#\\\/schema\\\/person\\\/c7d223f87e58f1105d044d8da1439102\",\"name\":\"Cardenal Felipe Arizmendi\",\"image\":{\"@type\":\"ImageObject\",\"inLanguage\":\"es\",\"@id\":\"https:\\\/\\\/secure.gravatar.com\\\/avatar\\\/4ffc5520d896b86d39346168903de33a17ef0f23d16de0ff45062c1ff422ed2f?s=96&d=mm&r=g\",\"url\":\"https:\\\/\\\/secure.gravatar.com\\\/avatar\\\/4ffc5520d896b86d39346168903de33a17ef0f23d16de0ff45062c1ff422ed2f?s=96&d=mm&r=g\",\"contentUrl\":\"https:\\\/\\\/secure.gravatar.com\\\/avatar\\\/4ffc5520d896b86d39346168903de33a17ef0f23d16de0ff45062c1ff422ed2f?s=96&d=mm&r=g\",\"caption\":\"Cardenal Felipe Arizmendi\"},\"description\":\"Nacido en Chiltepec el 1 de mayo de 1940. Estudi\u00f3 Humanidades y Filosof\u00eda en el Seminario de Toluca, de 1952 a 1959. Curs\u00f3 la Teolog\u00eda en la Universidad Pontificia de Salamanca, Espa\u00f1a, de 1959 a 1963, obteniendo la licenciatura en Teolog\u00eda Dogm\u00e1tica. Por su cuenta, se especializ\u00f3 en Liturgia. Fue ordenado sacerdote el 25 de agosto de 1963 en Toluca. Sirvi\u00f3 como Vicario Parroquial en tres parroquias por tres a\u00f1os y medio y fue p\u00e1rroco de una comunidad ind\u00edgena otom\u00ed, de 1967 a 1970. Fue Director Espiritual del Seminario de Toluca por diez a\u00f1os, y Rector del mismo de 1981 a 1991. El 7 de marzo de 1991, fue ordenado obispo de la di\u00f3cesis de Tapachula, donde estuvo hasta el 30 de abril del a\u00f1o 2000. El 1 de mayo del 2000, inici\u00f3 su ministerio episcopal como XLVI obispo de la di\u00f3cesis de San Crist\u00f3bal de las Casas, Chiapas, una de las di\u00f3cesis m\u00e1s antiguas de M\u00e9xico, erigida en 1539; all\u00ed sirvi\u00f3 por casi 18 a\u00f1os. Ha ocupado diversos cargos en la Conferencia del Episcopado Mexicano y en el CELAM. El 3 de noviembre de 2017, el Papa Francisco le acept\u00f3, por edad, su renuncia al servicio episcopal en esta di\u00f3cesis, que entreg\u00f3 a su sucesor el 3 de enero de 2018. Desde entonces, reside en la ciudad de Toluca. Desde 1979, escribe art\u00edculos de actualidad en varios medios religiosos y civiles. Es autor de varias publicaciones.\",\"url\":\"https:\\\/\\\/exaudi.org\\\/es\\\/author\\\/felipearizmendi\\\/\"}]}<\/script>\n<!-- \/ Yoast SEO plugin. -->","yoast_head_json":{"title":"Cardenal Arizmendi: Acompa\u00f1amos a nuestro pueblo &#8211; Exaudi","robots":{"index":"index","follow":"follow","max-snippet":"max-snippet:-1","max-image-preview":"max-image-preview:large","max-video-preview":"max-video-preview:-1"},"canonical":"https:\/\/exaudi.org\/es\/cardenal-arizmendi-acompanamos-a-nuestro-pueblo\/","og_locale":"es_ES","og_type":"article","og_title":"Cardenal Arizmendi: Acompa\u00f1amos a nuestro pueblo &#8211; Exaudi","og_description":"No a la muerte, s\u00ed al acompa\u00f1amiento: la Iglesia ante el fin de 'El Mencho' y la violencia del narco","og_url":"https:\/\/exaudi.org\/es\/cardenal-arizmendi-acompanamos-a-nuestro-pueblo\/","og_site_name":"Exaudi","article_publisher":"https:\/\/www.facebook.com\/ExaudiNews","article_published_time":"2026-02-26T08:00:41+00:00","og_image":[{"width":2560,"height":1696,"url":"https:\/\/exaudi.org\/wp-content\/uploads\/2026\/02\/pexels-mario-wallner-107470762-10252400-scaled.jpg","type":"image\/jpeg"}],"author":"Cardenal Felipe Arizmendi","twitter_card":"summary_large_image","twitter_creator":"@Exaudi_News","twitter_site":"@Exaudi_News","twitter_misc":{"Escrito por":"Cardenal Felipe Arizmendi","Tiempo de lectura":"5 minutos"},"schema":{"@context":"https:\/\/schema.org","@graph":[{"@type":"Article","@id":"https:\/\/exaudi.org\/es\/cardenal-arizmendi-acompanamos-a-nuestro-pueblo\/#article","isPartOf":{"@id":"https:\/\/exaudi.org\/es\/cardenal-arizmendi-acompanamos-a-nuestro-pueblo\/"},"author":{"name":"Cardenal Felipe Arizmendi","@id":"https:\/\/exaudi.org\/#\/schema\/person\/c7d223f87e58f1105d044d8da1439102"},"headline":"Cardenal Arizmendi: Acompa\u00f1amos a nuestro pueblo","datePublished":"2026-02-26T08:00:41+00:00","mainEntityOfPage":{"@id":"https:\/\/exaudi.org\/es\/cardenal-arizmendi-acompanamos-a-nuestro-pueblo\/"},"wordCount":919,"image":{"@id":"https:\/\/exaudi.org\/es\/cardenal-arizmendi-acompanamos-a-nuestro-pueblo\/#primaryimage"},"thumbnailUrl":"https:\/\/exaudi.org\/wp-content\/uploads\/2026\/02\/pexels-mario-wallner-107470762-10252400-scaled.jpg","keywords":["abrazos no balazos","acompa\u00f1amiento pastoral","C\u00e1rtel Jalisco Nueva Generaci\u00f3n","catequesis delincuencia","cjng abatido","conversi\u00f3n solidaridad iglesia","documento aparecida","evangelii gaudium papa francisco","Felipe Arizmendi Esquivel","fuerzas armadas m\u00e9xico","Iglesia cat\u00f3lica M\u00e9xico","jesucristo paz fraternidad","obispo em\u00e9rito San Crist\u00f3bal de Las Casas","oraci\u00f3n por v\u00edctimas","periferias existenciales.","pol\u00edtica seguridad m\u00e9xico","signos de los tiempos","Trending","violencia crimen organizado"],"articleSection":["Voces"],"inLanguage":"es"},{"@type":"WebPage","@id":"https:\/\/exaudi.org\/es\/cardenal-arizmendi-acompanamos-a-nuestro-pueblo\/","url":"https:\/\/exaudi.org\/es\/cardenal-arizmendi-acompanamos-a-nuestro-pueblo\/","name":"Cardenal Arizmendi: Acompa\u00f1amos a nuestro pueblo &#8211; Exaudi","isPartOf":{"@id":"https:\/\/exaudi.org\/#website"},"primaryImageOfPage":{"@id":"https:\/\/exaudi.org\/es\/cardenal-arizmendi-acompanamos-a-nuestro-pueblo\/#primaryimage"},"image":{"@id":"https:\/\/exaudi.org\/es\/cardenal-arizmendi-acompanamos-a-nuestro-pueblo\/#primaryimage"},"thumbnailUrl":"https:\/\/exaudi.org\/wp-content\/uploads\/2026\/02\/pexels-mario-wallner-107470762-10252400-scaled.jpg","datePublished":"2026-02-26T08:00:41+00:00","author":{"@id":"https:\/\/exaudi.org\/#\/schema\/person\/c7d223f87e58f1105d044d8da1439102"},"breadcrumb":{"@id":"https:\/\/exaudi.org\/es\/cardenal-arizmendi-acompanamos-a-nuestro-pueblo\/#breadcrumb"},"inLanguage":"es","potentialAction":[{"@type":"ReadAction","target":["https:\/\/exaudi.org\/es\/cardenal-arizmendi-acompanamos-a-nuestro-pueblo\/"]}]},{"@type":"ImageObject","inLanguage":"es","@id":"https:\/\/exaudi.org\/es\/cardenal-arizmendi-acompanamos-a-nuestro-pueblo\/#primaryimage","url":"https:\/\/exaudi.org\/wp-content\/uploads\/2026\/02\/pexels-mario-wallner-107470762-10252400-scaled.jpg","contentUrl":"https:\/\/exaudi.org\/wp-content\/uploads\/2026\/02\/pexels-mario-wallner-107470762-10252400-scaled.jpg","width":2560,"height":1696},{"@type":"BreadcrumbList","@id":"https:\/\/exaudi.org\/es\/cardenal-arizmendi-acompanamos-a-nuestro-pueblo\/#breadcrumb","itemListElement":[{"@type":"ListItem","position":1,"name":"Portada","item":"https:\/\/exaudi.org\/es\/"},{"@type":"ListItem","position":2,"name":"Cardenal Arizmendi: Acompa\u00f1amos a nuestro pueblo"}]},{"@type":"WebSite","@id":"https:\/\/exaudi.org\/#website","url":"https:\/\/exaudi.org\/","name":"Exaudi","description":"News","potentialAction":[{"@type":"SearchAction","target":{"@type":"EntryPoint","urlTemplate":"https:\/\/exaudi.org\/?s={search_term_string}"},"query-input":{"@type":"PropertyValueSpecification","valueRequired":true,"valueName":"search_term_string"}}],"inLanguage":"es"},{"@type":"Person","@id":"https:\/\/exaudi.org\/#\/schema\/person\/c7d223f87e58f1105d044d8da1439102","name":"Cardenal Felipe Arizmendi","image":{"@type":"ImageObject","inLanguage":"es","@id":"https:\/\/secure.gravatar.com\/avatar\/4ffc5520d896b86d39346168903de33a17ef0f23d16de0ff45062c1ff422ed2f?s=96&d=mm&r=g","url":"https:\/\/secure.gravatar.com\/avatar\/4ffc5520d896b86d39346168903de33a17ef0f23d16de0ff45062c1ff422ed2f?s=96&d=mm&r=g","contentUrl":"https:\/\/secure.gravatar.com\/avatar\/4ffc5520d896b86d39346168903de33a17ef0f23d16de0ff45062c1ff422ed2f?s=96&d=mm&r=g","caption":"Cardenal Felipe Arizmendi"},"description":"Nacido en Chiltepec el 1 de mayo de 1940. Estudi\u00f3 Humanidades y Filosof\u00eda en el Seminario de Toluca, de 1952 a 1959. Curs\u00f3 la Teolog\u00eda en la Universidad Pontificia de Salamanca, Espa\u00f1a, de 1959 a 1963, obteniendo la licenciatura en Teolog\u00eda Dogm\u00e1tica. Por su cuenta, se especializ\u00f3 en Liturgia. Fue ordenado sacerdote el 25 de agosto de 1963 en Toluca. Sirvi\u00f3 como Vicario Parroquial en tres parroquias por tres a\u00f1os y medio y fue p\u00e1rroco de una comunidad ind\u00edgena otom\u00ed, de 1967 a 1970. Fue Director Espiritual del Seminario de Toluca por diez a\u00f1os, y Rector del mismo de 1981 a 1991. El 7 de marzo de 1991, fue ordenado obispo de la di\u00f3cesis de Tapachula, donde estuvo hasta el 30 de abril del a\u00f1o 2000. El 1 de mayo del 2000, inici\u00f3 su ministerio episcopal como XLVI obispo de la di\u00f3cesis de San Crist\u00f3bal de las Casas, Chiapas, una de las di\u00f3cesis m\u00e1s antiguas de M\u00e9xico, erigida en 1539; all\u00ed sirvi\u00f3 por casi 18 a\u00f1os. Ha ocupado diversos cargos en la Conferencia del Episcopado Mexicano y en el CELAM. El 3 de noviembre de 2017, el Papa Francisco le acept\u00f3, por edad, su renuncia al servicio episcopal en esta di\u00f3cesis, que entreg\u00f3 a su sucesor el 3 de enero de 2018. Desde entonces, reside en la ciudad de Toluca. Desde 1979, escribe art\u00edculos de actualidad en varios medios religiosos y civiles. Es autor de varias publicaciones.","url":"https:\/\/exaudi.org\/es\/author\/felipearizmendi\/"}]}},"jetpack_featured_media_url":"https:\/\/exaudi.org\/wp-content\/uploads\/2026\/02\/pexels-mario-wallner-107470762-10252400-scaled.jpg","jetpack_shortlink":"https:\/\/wp.me\/pgKjF2-Fw0","_links":{"self":[{"href":"https:\/\/exaudi.org\/es\/wp-json\/wp\/v2\/posts\/159588","targetHints":{"allow":["GET"]}}],"collection":[{"href":"https:\/\/exaudi.org\/es\/wp-json\/wp\/v2\/posts"}],"about":[{"href":"https:\/\/exaudi.org\/es\/wp-json\/wp\/v2\/types\/post"}],"author":[{"embeddable":true,"href":"https:\/\/exaudi.org\/es\/wp-json\/wp\/v2\/users\/24"}],"replies":[{"embeddable":true,"href":"https:\/\/exaudi.org\/es\/wp-json\/wp\/v2\/comments?post=159588"}],"version-history":[{"count":7,"href":"https:\/\/exaudi.org\/es\/wp-json\/wp\/v2\/posts\/159588\/revisions"}],"predecessor-version":[{"id":159611,"href":"https:\/\/exaudi.org\/es\/wp-json\/wp\/v2\/posts\/159588\/revisions\/159611"}],"wp:featuredmedia":[{"embeddable":true,"href":"https:\/\/exaudi.org\/es\/wp-json\/wp\/v2\/media\/159598"}],"wp:attachment":[{"href":"https:\/\/exaudi.org\/es\/wp-json\/wp\/v2\/media?parent=159588"}],"wp:term":[{"taxonomy":"category","embeddable":true,"href":"https:\/\/exaudi.org\/es\/wp-json\/wp\/v2\/categories?post=159588"},{"taxonomy":"post_tag","embeddable":true,"href":"https:\/\/exaudi.org\/es\/wp-json\/wp\/v2\/tags?post=159588"}],"curies":[{"name":"wp","href":"https:\/\/api.w.org\/{rel}","templated":true}]}}