{"id":159560,"date":"2026-02-25T08:05:28","date_gmt":"2026-02-25T07:05:28","guid":{"rendered":"https:\/\/exaudi.org\/?p=159560"},"modified":"2026-02-25T10:41:04","modified_gmt":"2026-02-25T09:41:04","slug":"el-nuncio-que-olio-a-oveja-homenaje-al-cardenal-christophe-pierre-por-una-vida-de-cercania-pastoral-y-puentes-eclesiales","status":"publish","type":"post","link":"https:\/\/exaudi.org\/es\/el-nuncio-que-olio-a-oveja-homenaje-al-cardenal-christophe-pierre-por-una-vida-de-cercania-pastoral-y-puentes-eclesiales\/","title":{"rendered":"El nuncio que oli\u00f3 a oveja: homenaje al cardenal Christophe Pierre por una vida de cercan\u00eda pastoral y puentes eclesiales"},"content":{"rendered":"<p dir=\"auto\">En un emotivo acto de reconocimiento organizado por la Academia Internacional de L\u00edderes Cat\u00f3licos, el discurso pronunciado por Mario J. Paredes ha capturado la esencia de una trayectoria eclesial que trasciende los t\u00edtulos diplom\u00e1ticos. Dirigido directamente al cardenal Christophe Pierre \u2014Eminencia, como lo interpela con respeto\u2014, el texto celebra no solo el cierre de su etapa como Nuncio Apost\u00f3lico en Estados Unidos (desde 2016), sino una forma singular de ejercer la autoridad: como ministerio de cercan\u00eda, escucha y servicio humilde.<\/p>\n<p><iframe title=\"Spotify Embed: El nuncio que oli\u00f3 a oveja: homenaje al cardenal Christophe Pierre\" style=\"border-radius: 12px\" width=\"100%\" height=\"152\" frameborder=\"0\" allowfullscreen allow=\"autoplay; clipboard-write; encrypted-media; fullscreen; picture-in-picture\" loading=\"lazy\" src=\"https:\/\/open.spotify.com\/embed\/episode\/6gtR7TIkwklZyfEMcDyRQo?si=f280fa55842f4dd9&amp;utm_source=oembed\"><\/iframe><\/p>\n<p dir=\"auto\">El orador subraya que hay trayectorias medidas por cargos y otras por huellas en las personas e Iglesias. La del cardenal Pierre pertenece a estas \u00faltimas. Formado en la \u00abescuela de la realidad\u00bb a trav\u00e9s de destinos exigentes \u2014Nueva Zelanda, Mozambique, Zimbabue, Cuba, Brasil, Hait\u00ed, Uganda, M\u00e9xico y finalmente Estados Unidos\u2014, su sensibilidad pastoral se forj\u00f3 en el contacto directo con pueblos concretos, Iglesias heridas pero esperanzadas, y contextos de pobreza, religiosidad popular y desaf\u00edos sociales. Esta impronta, nacida de la experiencia m\u00e1s que de los libros, explica su modo de leer la Iglesia estadounidense: no como observador externo, sino desde una perspectiva universal, atenta a tensiones internas y al potencial evangelizador.<\/p>\n<p dir=\"auto\">Un hilo conductor recorre toda su labor: acompa\u00f1ar procesos fr\u00e1giles, sostener comunidades golpeadas por desigualdad, violencia e incertidumbre, y mantener vivo el mensaje del Papa como representante suyo. Particular menci\u00f3n recibe su atenci\u00f3n al mundo hispano en Estados Unidos, fruto de una biograf\u00eda en di\u00e1logo con comunidades latinas. Su apoyo a pastores hispanos en el episcopado refleja una Iglesia que debe mostrar el rostro real de su pueblo.<\/p>\n<p dir=\"auto\"><img loading=\"lazy\" decoding=\"async\" class=\"size-full wp-image-159568 alignnone\" src=\"https:\/\/exaudi.org\/wp-content\/uploads\/2026\/02\/WhatsApp-Image-2026-02-24-at-16.32.10-3.jpeg\" alt=\"\" width=\"1200\" height=\"800\" srcset=\"https:\/\/exaudi.org\/wp-content\/uploads\/2026\/02\/WhatsApp-Image-2026-02-24-at-16.32.10-3.jpeg 1200w, https:\/\/exaudi.org\/wp-content\/uploads\/2026\/02\/WhatsApp-Image-2026-02-24-at-16.32.10-3-300x200.jpeg 300w, https:\/\/exaudi.org\/wp-content\/uploads\/2026\/02\/WhatsApp-Image-2026-02-24-at-16.32.10-3-1024x683.jpeg 1024w, https:\/\/exaudi.org\/wp-content\/uploads\/2026\/02\/WhatsApp-Image-2026-02-24-at-16.32.10-3-770x513.jpeg 770w, https:\/\/exaudi.org\/wp-content\/uploads\/2026\/02\/WhatsApp-Image-2026-02-24-at-16.32.10-3-360x240.jpeg?crop=1 360w, https:\/\/exaudi.org\/wp-content\/uploads\/2026\/02\/WhatsApp-Image-2026-02-24-at-16.32.10-3-500x333.jpeg 500w\" sizes=\"auto, (max-width: 1200px) 100vw, 1200px\" \/><\/p>\n<p dir=\"auto\">La Academia de L\u00edderes Cat\u00f3licos destaca su rol personal: no un colaborador ocasional, sino un aliado comprometido como miembro del Consejo Directivo. Su participaci\u00f3n ha elevado la visibilidad de la instituci\u00f3n, enriquecido su misi\u00f3n formativa y fortalecido la formaci\u00f3n de l\u00edderes cat\u00f3licos ante los desaf\u00edos contempor\u00e1neos.<\/p>\n<p dir=\"auto\">Todo ello se enmarca en una profunda sinton\u00eda con el magisterio del Papa Francisco: la opci\u00f3n preferencial por los pobres, la teolog\u00eda desde el pueblo creyente y una Iglesia cercana, misericordiosa y comprometida con los vulnerables. Esta fidelidad culmin\u00f3 en su creaci\u00f3n como cardenal en 2023, no como premio, sino como llamada a mayor observancia evang\u00e9lica.<\/p>\n<p dir=\"auto\">El discurso culmina en gratitud y admiraci\u00f3n: por un liderazgo sereno, una mirada amplia y el recordatorio de que la universalidad eclesial se construye desde la cercan\u00eda real, siendo \u00abpastor con olor a oveja\u00bb. Finalmente, da paso a palabras del expresidente de la Academia, el profesor Rocco Buttiglione, para ahondar en el legado del cardenal y su v\u00ednculo con la instituci\u00f3n.<\/p>\n<p dir=\"auto\">Este homenaje, pronunciado en el contexto de su cumplea\u00f1os 80 (30 de enero de 2026) y el inminente retiro de su cargo \u2014tras casi una d\u00e9cada en Washington y una carrera diplom\u00e1tica de cinco d\u00e9cadas\u2014, resuena como testimonio vivo de una diplomacia pastoral que tiende puentes entre Roma y las periferias, entre culturas y entre el Evangelio y la historia concreta de los pueblos.<\/p>\n<p dir=\"auto\"><em><strong>Texto completo del discurso:<\/strong><\/em><\/p>\n<p class=\"p1\" style=\"text-align: center;\" align=\"center\"><strong><span class=\"s1\"><span lang=\"ES-US\" style=\"font-size: 16.0pt;\">Discurso De Homenaje Al Se\u00f1or Nuncio Cardenal Christopher Pierre<\/span><\/span><\/strong><\/p>\n<p class=\"p1\"><span class=\"s2\"><span lang=\"ES-US\">Eminencia,<\/span><\/span><\/p>\n<p class=\"p1\"><span class=\"s2\"><span lang=\"ES-US\">Queridos amigos, invitados, rectores, <\/span><\/span><\/p>\n<p class=\"p1\"><span class=\"s2\"><span lang=\"ES-US\">Miembros de la Academia de L\u00edderes:<\/span><\/span><\/p>\n<p class=\"p1\"><span class=\"s2\"><span lang=\"ES-US\">Hay trayectorias que se miden por cargos y destinos, y hay otras \u2014m\u00e1s profundas\u2014 que se reconocen por la huella que dejan en las personas y en las Iglesias a las que se sirve. La del Cardenal Christopher Pierre pertenece, sin duda, a esta segunda categor\u00eda.<\/span><\/span><\/p>\n<p class=\"p1\"><span class=\"s2\"><span lang=\"ES-US\">Su vida al servicio del pueblo de Dios y de la Santa Sede ha sido la de un pastor-diplom\u00e1tico formado en la escuela de la realidad. Una escuela exigente, hecha de pueblos concretos, de Iglesias heridas y esperanzadas a la vez, de contextos sociales complejos donde el Evangelio no puede proclamarse desde la distancia, sino desde la cercan\u00eda y la escucha.<\/span><\/span><\/p>\n<p class=\"p1\"><span class=\"s2\"><span lang=\"ES-US\">Los inicios del Cardenal Pierre en el mundo diplom\u00e1tico marcaron de forma decisiva su sensibilidad pastoral. Su paso por las nunciaturas de Nueva Zelanda, Mozambique, Zimbabue, Cuba y Brasil, entre otros, le educaron en el contacto cotidiano con el pueblo creyente. Esta sabidur\u00eda supera cualquier libro o escuela; es la que proviene de la relaci\u00f3n con la pobreza, con la religiosidad popular y con la Iglesia que camina junto a su gente. Su experiencia en estos primeros destinos se convirti\u00f3 en la impronta duradera de su forma de ser y de entender su misi\u00f3n eclesial.<\/span><\/span><\/p>\n<p class=\"p1\"><span class=\"s2\"><span lang=\"ES-US\">Desde 1995, su primer destino como Nuncio fue Hait\u00ed, seguido de Uganda y M\u00e9xico. \u00a1Qu\u00e9 destinos tan diversos, qu\u00e9 prueba de fidelidad y fortaleza para ejercer su labor pastoral y diplom\u00e1tica! Estos destinos, con distintos contextos, lenguas y culturas, le ayudaron a definir una voz propia y una forma de actuar. Mas en todos ellos hubo un mismo hilo conductor: servir a una Iglesia llamada a acompa\u00f1ar procesos fr\u00e1giles; sostener comunidades golpeadas por la desigualdad, la violencia y la incertidumbre pol\u00edtica; y mantener cercano al pueblo el mensaje y el aprecio del Santo Padre, como su representante.<\/span><\/span><\/p>\n<p class=\"p1\"><span class=\"s2\"><span lang=\"ES-US\">Esa acumulaci\u00f3n de experiencias \u2014vividas siempre con discreci\u00f3n y profundidad\u2014 explica en gran medida el modo en que el Cardenal Pierre ha ejercido su misi\u00f3n en los Estados Unidos desde 2016. No como un observador externo, sino como alguien capaz de leer esta Iglesia desde una perspectiva verdaderamente universal, consciente de sus tensiones internas, pero tambi\u00e9n de su enorme potencial evangelizador.<\/span><\/span><\/p>\n<p class=\"p1\"><span class=\"s2\"><span lang=\"ES-US\">Como Nuncio Apost\u00f3lico, ha colaborado en uno de los servicios m\u00e1s delicados que existen en la vida de la Iglesia: ayudar al Santo Padre en el discernimiento de quienes son llamados al episcopado. Lo ha hecho con una mirada pastoral amplia, atenta a las realidades locales y profundamente respetuosa de la diversidad del pueblo de Dios.<\/span><\/span><\/p>\n<p class=\"p1\"><span class=\"s2\"><span lang=\"ES-US\"><img loading=\"lazy\" decoding=\"async\" class=\"alignleft wp-image-159565\" src=\"https:\/\/exaudi.org\/wp-content\/uploads\/2026\/02\/WhatsApp-Image-2026-02-24-at-16.32.12.jpeg\" alt=\"\" width=\"222\" height=\"296\" srcset=\"https:\/\/exaudi.org\/wp-content\/uploads\/2026\/02\/WhatsApp-Image-2026-02-24-at-16.32.12.jpeg 1200w, https:\/\/exaudi.org\/wp-content\/uploads\/2026\/02\/WhatsApp-Image-2026-02-24-at-16.32.12-225x300.jpeg 225w, https:\/\/exaudi.org\/wp-content\/uploads\/2026\/02\/WhatsApp-Image-2026-02-24-at-16.32.12-768x1024.jpeg 768w, https:\/\/exaudi.org\/wp-content\/uploads\/2026\/02\/WhatsApp-Image-2026-02-24-at-16.32.12-770x1027.jpeg 770w, https:\/\/exaudi.org\/wp-content\/uploads\/2026\/02\/WhatsApp-Image-2026-02-24-at-16.32.12-1152x1536.jpeg 1152w, https:\/\/exaudi.org\/wp-content\/uploads\/2026\/02\/WhatsApp-Image-2026-02-24-at-16.32.12-500x667.jpeg 500w\" sizes=\"auto, (max-width: 222px) 100vw, 222px\" \/>En este punto merece una menci\u00f3n especial su constante atenci\u00f3n al mundo hispano. Su comprensi\u00f3n del peso eclesial, cultural y espiritual de los cat\u00f3licos de origen latinoamericano en los Estados Unidos no ha sido circunstancial. Ha sido fruto de una biograf\u00eda vivida en di\u00e1logo con estas comunidades. De ah\u00ed su apoyo decidido a la presencia de pastores hispanos en el colegio episcopal, como expresi\u00f3n de una Iglesia que debe reflejar el rostro real de su pueblo.<\/span><\/span><\/p>\n<p class=\"p1\"><span class=\"s2\"><span lang=\"ES-US\">Este mismo esp\u00edritu se ha manifestado en su cercan\u00eda a asociaciones de fieles y comunidades consagradas, y en su apoyo a iniciativas de formaci\u00f3n de liderazgo cat\u00f3lico. La Academia de L\u00edderes ha tenido el privilegio de contar con su acompa\u00f1amiento y su participaci\u00f3n como miembro del <\/span><\/span><span class=\"s1\"><span lang=\"ES-US\">Consejo Directivo<\/span><\/span><span class=\"s2\"><span lang=\"ES-US\">. Su compromiso con nuestra instituci\u00f3n ha dado visibilidad y protagonismo a la Academia en las iglesias locales, elevando su significaci\u00f3n en el mapa de instituciones religiosas y enriqueciendo nuestra misi\u00f3n formativa.<\/span><\/span><\/p>\n<p class=\"p1\"><span class=\"s2\"><span lang=\"ES-US\">Su constante voluntad de servir a la causa de la formaci\u00f3n de l\u00edderes cat\u00f3licos, as\u00ed como su apertura para fortalecer la presencia y el valor de nuestra Academia en diversos contextos eclesiales, ha sido un don al que estamos profundamente agradecidos. El Cardenal Pierre no ha sido un simple colaborador; ha sido un verdadero <\/span><\/span><span class=\"s1\"><span lang=\"ES-US\">aliado<\/span><\/span><span class=\"s2\"><span lang=\"ES-US\"> en la promoci\u00f3n de una formaci\u00f3n de liderazgo que responde a los desaf\u00edos de nuestros tiempos.<\/span><\/span><\/p>\n<p class=\"p1\"><span class=\"s2\"><span lang=\"ES-US\">Todo ello se comprende mejor a la luz de su profunda sinton\u00eda con el magisterio del Papa Francisco. Una sinton\u00eda que hunde sus ra\u00edces en Aparecida, en la opci\u00f3n preferencial por los pobres, en una teolog\u00eda que parte del pueblo creyente y en una convicci\u00f3n clara: la Iglesia est\u00e1 llamada a ser cercana, misericordiosa y comprometida con los m\u00e1s vulnerables. Esta cercan\u00eda y fidelidad al magisterio petrino del Papa Francisco le otorg\u00f3 el honor, y la responsabilidad, del cardenalato en 2023 \u2014no como un premio, sino como una llamada a la observancia del Evangelio y a acercar m\u00e1s a la Iglesia al mundo.<\/span><\/span><\/p>\n<p class=\"p1\"><span class=\"s2\"><span lang=\"ES-US\">Eminencia, hoy no solo reconocemos una misi\u00f3n que concluye y se abre a una nueva etapa. Celebramos una forma de servir. Una manera de ejercer la autoridad como ministerio. Una vida entregada a tender puentes entre Roma y las iglesias locales, entre culturas diversas, entre el Evangelio y la historia concreta de los pueblos.<\/span><\/span><\/p>\n<p class=\"p1\"><span class=\"s2\"><span lang=\"ES-US\">Reciba nuestro homenaje, nuestra gratitud y nuestra admiraci\u00f3n. Gracias por su liderazgo sereno que nos sirve de ejemplo; por su mirada amplia; y por recordarnos que la universalidad de la Iglesia no se construye desde la distancia, sino desde la cercan\u00eda real y verdadera, al ser un pastor con olor a oveja.<\/span><\/span><\/p>\n<p class=\"p1\"><span class=\"s2\"><span lang=\"ES-US\">En reconocimiento a su trayectoria, su servicio a la Iglesia universal y, de modo particular, a nuestra Academia de L\u00edderes, tengo el honor de dar paso a unas palabras de <\/span><\/span><span class=\"s1\"><span lang=\"ES-US\">nuestro expresidente<\/span><\/span><span class=\"s2\"><span lang=\"ES-US\">, el distinguido Profesor Rocco Buttiglione, quien compartir\u00e1 con nosotros algunas pinceladas del gran trabajo que el Cardenal Pierre representa y ha desarrollado a lo largo de su carrera y su v\u00ednculo con la Academia.<\/span><\/span><\/p>\n<div id=\"v-sMJrdTxG-1\" class=\"video-player\"><iframe title='Reproductor de video VideoPress' aria-label='Reproductor de video VideoPress' width='226' height='400' src='https:\/\/videopress.com\/embed\/sMJrdTxG?hd=1&amp;cover=1&amp;loop=0&amp;autoPlay=0&amp;permalink=1&amp;muted=0&amp;controls=1&amp;playsinline=0&amp;useAverageColor=0&amp;preloadContent=metadata' frameborder='0' allowfullscreen data-resize-to-parent=\"true\" allow='clipboard-write'><\/iframe><script src='https:\/\/s0.wp.com\/wp-content\/plugins\/video\/assets\/js\/next\/videopress-iframe.js'><\/script><\/div>\n","protected":false},"excerpt":{"rendered":"<p>Mario J. Paredes, desde la Academia Internacional de L\u00edderes Cat\u00f3licos, rinde tributo al cardenal franc\u00e9s que concluye su misi\u00f3n en Estados Unidos tras una d\u00e9cada de servicio discreto, universal y profundamente alineado con el magisterio de Francisco<\/p>\n","protected":false},"author":107,"featured_media":159561,"comment_status":"closed","ping_status":"closed","sticky":false,"template":"","format":"standard","meta":{"_acf_changed":false,"_crdt_document":"","inline_featured_image":false,"footnotes":""},"categories":[74],"tags":[98559,98556,92088,54103,1606,3164,2645,440,7881,1328,602,158,98558,98557,272],"class_list":["post-159560","post","type-post","status-publish","format-standard","has-post-thumbnail","hentry","category-iglesia-y-mundo","tag-arzobispo","tag-cardenal-christophe-pierre","tag-cercania-pastoral","tag-diplomacia-vaticana","tag-exaudi","tag-fe-es","tag-homenaje","tag-iglesia","tag-mario-j-paredes","tag-nuncio-apostolico","tag-obispos","tag-papa-francisco","tag-pastor-olor-a-oveja","tag-puentes-eclesiales","tag-vaticano-es"],"acf":[],"yoast_head":"<!-- This site is optimized with the Yoast SEO plugin v27.4 - https:\/\/yoast.com\/product\/yoast-seo-wordpress\/ -->\n<title>El nuncio que oli\u00f3 a oveja: homenaje al cardenal Christophe Pierre por una vida de cercan\u00eda pastoral y puentes eclesiales &#8211; Exaudi<\/title>\n<meta name=\"robots\" content=\"index, follow, max-snippet:-1, max-image-preview:large, max-video-preview:-1\" \/>\n<link rel=\"canonical\" href=\"https:\/\/exaudi.org\/es\/el-nuncio-que-olio-a-oveja-homenaje-al-cardenal-christophe-pierre-por-una-vida-de-cercania-pastoral-y-puentes-eclesiales\/\" \/>\n<meta property=\"og:locale\" content=\"es_ES\" \/>\n<meta property=\"og:type\" content=\"article\" \/>\n<meta property=\"og:title\" content=\"El nuncio que oli\u00f3 a oveja: homenaje al cardenal Christophe Pierre por una vida de cercan\u00eda pastoral y puentes eclesiales &#8211; Exaudi\" \/>\n<meta property=\"og:description\" content=\"Mario J. Paredes, desde la Academia Internacional de L\u00edderes Cat\u00f3licos, rinde tributo al cardenal franc\u00e9s que concluye su misi\u00f3n en Estados Unidos tras una d\u00e9cada de servicio discreto, universal y profundamente alineado con el magisterio de Francisco\" \/>\n<meta property=\"og:url\" content=\"https:\/\/exaudi.org\/es\/el-nuncio-que-olio-a-oveja-homenaje-al-cardenal-christophe-pierre-por-una-vida-de-cercania-pastoral-y-puentes-eclesiales\/\" \/>\n<meta property=\"og:site_name\" content=\"Exaudi\" \/>\n<meta property=\"article:publisher\" content=\"https:\/\/www.facebook.com\/ExaudiNews\" \/>\n<meta property=\"article:published_time\" content=\"2026-02-25T07:05:28+00:00\" \/>\n<meta property=\"article:modified_time\" content=\"2026-02-25T09:41:04+00:00\" \/>\n<meta property=\"og:image\" content=\"https:\/\/exaudi.org\/wp-content\/uploads\/2026\/02\/WhatsApp-Image-2026-02-24-at-16.32.11-1.jpeg\" \/>\n\t<meta property=\"og:image:width\" content=\"1600\" \/>\n\t<meta property=\"og:image:height\" content=\"1200\" \/>\n\t<meta property=\"og:image:type\" content=\"image\/jpeg\" \/>\n<meta name=\"author\" content=\"Academia de L\u00edderes Cat\u00f3licos\" \/>\n<meta name=\"twitter:card\" content=\"summary_large_image\" \/>\n<meta name=\"twitter:creator\" content=\"@Exaudi_News\" \/>\n<meta name=\"twitter:site\" content=\"@Exaudi_News\" \/>\n<meta name=\"twitter:label1\" content=\"Escrito por\" \/>\n\t<meta name=\"twitter:data1\" content=\"Academia de L\u00edderes Cat\u00f3licos\" \/>\n\t<meta name=\"twitter:label2\" content=\"Tiempo de lectura\" \/>\n\t<meta name=\"twitter:data2\" content=\"8 minutos\" \/>\n<script type=\"application\/ld+json\" class=\"yoast-schema-graph\">{\"@context\":\"https:\\\/\\\/schema.org\",\"@graph\":[{\"@type\":\"Article\",\"@id\":\"https:\\\/\\\/exaudi.org\\\/es\\\/el-nuncio-que-olio-a-oveja-homenaje-al-cardenal-christophe-pierre-por-una-vida-de-cercania-pastoral-y-puentes-eclesiales\\\/#article\",\"isPartOf\":{\"@id\":\"https:\\\/\\\/exaudi.org\\\/es\\\/el-nuncio-que-olio-a-oveja-homenaje-al-cardenal-christophe-pierre-por-una-vida-de-cercania-pastoral-y-puentes-eclesiales\\\/\"},\"author\":{\"name\":\"Academia de L\u00edderes Cat\u00f3licos\",\"@id\":\"https:\\\/\\\/exaudi.org\\\/#\\\/schema\\\/person\\\/334968a332d5dad9f94e08897852c6af\"},\"headline\":\"El nuncio que oli\u00f3 a oveja: homenaje al cardenal Christophe Pierre por una vida de cercan\u00eda pastoral y puentes eclesiales\",\"datePublished\":\"2026-02-25T07:05:28+00:00\",\"dateModified\":\"2026-02-25T09:41:04+00:00\",\"mainEntityOfPage\":{\"@id\":\"https:\\\/\\\/exaudi.org\\\/es\\\/el-nuncio-que-olio-a-oveja-homenaje-al-cardenal-christophe-pierre-por-una-vida-de-cercania-pastoral-y-puentes-eclesiales\\\/\"},\"wordCount\":1552,\"image\":{\"@id\":\"https:\\\/\\\/exaudi.org\\\/es\\\/el-nuncio-que-olio-a-oveja-homenaje-al-cardenal-christophe-pierre-por-una-vida-de-cercania-pastoral-y-puentes-eclesiales\\\/#primaryimage\"},\"thumbnailUrl\":\"https:\\\/\\\/exaudi.org\\\/wp-content\\\/uploads\\\/2026\\\/02\\\/WhatsApp-Image-2026-02-24-at-16.32.11-1.jpeg\",\"keywords\":[\"arzobispo\",\"cardenal Christophe Pierre\",\"cercan\u00eda pastoral\",\"diplomacia vaticana\",\"Exaudi\",\"fe\",\"Homenaje\",\"Iglesia\",\"Mario J Paredes\",\"Nuncio apost\u00f3lico\",\"obispos\",\"papa francisco\",\"pastor olor a oveja\",\"puentes eclesiales\",\"Vaticano\"],\"articleSection\":[\"Iglesia y Mundo\"],\"inLanguage\":\"es\"},{\"@type\":\"WebPage\",\"@id\":\"https:\\\/\\\/exaudi.org\\\/es\\\/el-nuncio-que-olio-a-oveja-homenaje-al-cardenal-christophe-pierre-por-una-vida-de-cercania-pastoral-y-puentes-eclesiales\\\/\",\"url\":\"https:\\\/\\\/exaudi.org\\\/es\\\/el-nuncio-que-olio-a-oveja-homenaje-al-cardenal-christophe-pierre-por-una-vida-de-cercania-pastoral-y-puentes-eclesiales\\\/\",\"name\":\"El nuncio que oli\u00f3 a oveja: homenaje al cardenal Christophe Pierre por una vida de cercan\u00eda pastoral y puentes eclesiales &#8211; Exaudi\",\"isPartOf\":{\"@id\":\"https:\\\/\\\/exaudi.org\\\/#website\"},\"primaryImageOfPage\":{\"@id\":\"https:\\\/\\\/exaudi.org\\\/es\\\/el-nuncio-que-olio-a-oveja-homenaje-al-cardenal-christophe-pierre-por-una-vida-de-cercania-pastoral-y-puentes-eclesiales\\\/#primaryimage\"},\"image\":{\"@id\":\"https:\\\/\\\/exaudi.org\\\/es\\\/el-nuncio-que-olio-a-oveja-homenaje-al-cardenal-christophe-pierre-por-una-vida-de-cercania-pastoral-y-puentes-eclesiales\\\/#primaryimage\"},\"thumbnailUrl\":\"https:\\\/\\\/exaudi.org\\\/wp-content\\\/uploads\\\/2026\\\/02\\\/WhatsApp-Image-2026-02-24-at-16.32.11-1.jpeg\",\"datePublished\":\"2026-02-25T07:05:28+00:00\",\"dateModified\":\"2026-02-25T09:41:04+00:00\",\"author\":{\"@id\":\"https:\\\/\\\/exaudi.org\\\/#\\\/schema\\\/person\\\/334968a332d5dad9f94e08897852c6af\"},\"breadcrumb\":{\"@id\":\"https:\\\/\\\/exaudi.org\\\/es\\\/el-nuncio-que-olio-a-oveja-homenaje-al-cardenal-christophe-pierre-por-una-vida-de-cercania-pastoral-y-puentes-eclesiales\\\/#breadcrumb\"},\"inLanguage\":\"es\",\"potentialAction\":[{\"@type\":\"ReadAction\",\"target\":[\"https:\\\/\\\/exaudi.org\\\/es\\\/el-nuncio-que-olio-a-oveja-homenaje-al-cardenal-christophe-pierre-por-una-vida-de-cercania-pastoral-y-puentes-eclesiales\\\/\"]}]},{\"@type\":\"ImageObject\",\"inLanguage\":\"es\",\"@id\":\"https:\\\/\\\/exaudi.org\\\/es\\\/el-nuncio-que-olio-a-oveja-homenaje-al-cardenal-christophe-pierre-por-una-vida-de-cercania-pastoral-y-puentes-eclesiales\\\/#primaryimage\",\"url\":\"https:\\\/\\\/exaudi.org\\\/wp-content\\\/uploads\\\/2026\\\/02\\\/WhatsApp-Image-2026-02-24-at-16.32.11-1.jpeg\",\"contentUrl\":\"https:\\\/\\\/exaudi.org\\\/wp-content\\\/uploads\\\/2026\\\/02\\\/WhatsApp-Image-2026-02-24-at-16.32.11-1.jpeg\",\"width\":1600,\"height\":1200},{\"@type\":\"BreadcrumbList\",\"@id\":\"https:\\\/\\\/exaudi.org\\\/es\\\/el-nuncio-que-olio-a-oveja-homenaje-al-cardenal-christophe-pierre-por-una-vida-de-cercania-pastoral-y-puentes-eclesiales\\\/#breadcrumb\",\"itemListElement\":[{\"@type\":\"ListItem\",\"position\":1,\"name\":\"Portada\",\"item\":\"https:\\\/\\\/exaudi.org\\\/es\\\/\"},{\"@type\":\"ListItem\",\"position\":2,\"name\":\"El nuncio que oli\u00f3 a oveja: homenaje al cardenal Christophe Pierre por una vida de cercan\u00eda pastoral y puentes eclesiales\"}]},{\"@type\":\"WebSite\",\"@id\":\"https:\\\/\\\/exaudi.org\\\/#website\",\"url\":\"https:\\\/\\\/exaudi.org\\\/\",\"name\":\"Exaudi\",\"description\":\"News\",\"potentialAction\":[{\"@type\":\"SearchAction\",\"target\":{\"@type\":\"EntryPoint\",\"urlTemplate\":\"https:\\\/\\\/exaudi.org\\\/?s={search_term_string}\"},\"query-input\":{\"@type\":\"PropertyValueSpecification\",\"valueRequired\":true,\"valueName\":\"search_term_string\"}}],\"inLanguage\":\"es\"},{\"@type\":\"Person\",\"@id\":\"https:\\\/\\\/exaudi.org\\\/#\\\/schema\\\/person\\\/334968a332d5dad9f94e08897852c6af\",\"name\":\"Academia de L\u00edderes Cat\u00f3licos\",\"image\":{\"@type\":\"ImageObject\",\"inLanguage\":\"es\",\"@id\":\"https:\\\/\\\/secure.gravatar.com\\\/avatar\\\/80d80b1e34d8fa01f6b95d10e695853ca4ea7e054050e21ad1a15d546d4600ca?s=96&d=mm&r=g\",\"url\":\"https:\\\/\\\/secure.gravatar.com\\\/avatar\\\/80d80b1e34d8fa01f6b95d10e695853ca4ea7e054050e21ad1a15d546d4600ca?s=96&d=mm&r=g\",\"contentUrl\":\"https:\\\/\\\/secure.gravatar.com\\\/avatar\\\/80d80b1e34d8fa01f6b95d10e695853ca4ea7e054050e21ad1a15d546d4600ca?s=96&d=mm&r=g\",\"caption\":\"Academia de L\u00edderes Cat\u00f3licos\"},\"description\":\"Es una fundaci\u00f3n de derecho privado sin fines de lucro que busca formar cat\u00f3licos que a partir de la experiencia cristiana desarrollen su vocaci\u00f3n pol\u00edtica con la ayuda de la Doctrina Social de la Iglesia. La Academia Latinoamericana de L\u00edderes Cat\u00f3licos tiene como misi\u00f3n, formar l\u00edderes desde una perspectiva cat\u00f3lica, arraigados en la fe de la Iglesia, para transformar el mundo social, pol\u00edtico y econ\u00f3mico a la luz de la Doctrina Social de la Iglesia. Formar una nueva generaci\u00f3n de cat\u00f3licos latinoamericanos con responsabilidades pol\u00edticas y sociales para que transformen el rostro del continente al servicio de sus pueblos, a la luz del Magisterio de la Iglesia y de cara a los Jubileos del V Centenario Guadalupano y de los dos mil a\u00f1os de la redenci\u00f3n.\",\"sameAs\":[\"https:\\\/\\\/liderescatolicos.net\\\/\",\"https:\\\/\\\/www.youtube.com\\\/c\\\/LderesCatlicos\"],\"url\":\"https:\\\/\\\/exaudi.org\\\/es\\\/author\\\/academia-de-lideres-catolicos\\\/\"}]}<\/script>\n<!-- \/ Yoast SEO plugin. -->","yoast_head_json":{"title":"El nuncio que oli\u00f3 a oveja: homenaje al cardenal Christophe Pierre por una vida de cercan\u00eda pastoral y puentes eclesiales &#8211; Exaudi","robots":{"index":"index","follow":"follow","max-snippet":"max-snippet:-1","max-image-preview":"max-image-preview:large","max-video-preview":"max-video-preview:-1"},"canonical":"https:\/\/exaudi.org\/es\/el-nuncio-que-olio-a-oveja-homenaje-al-cardenal-christophe-pierre-por-una-vida-de-cercania-pastoral-y-puentes-eclesiales\/","og_locale":"es_ES","og_type":"article","og_title":"El nuncio que oli\u00f3 a oveja: homenaje al cardenal Christophe Pierre por una vida de cercan\u00eda pastoral y puentes eclesiales &#8211; Exaudi","og_description":"Mario J. Paredes, desde la Academia Internacional de L\u00edderes Cat\u00f3licos, rinde tributo al cardenal franc\u00e9s que concluye su misi\u00f3n en Estados Unidos tras una d\u00e9cada de servicio discreto, universal y profundamente alineado con el magisterio de Francisco","og_url":"https:\/\/exaudi.org\/es\/el-nuncio-que-olio-a-oveja-homenaje-al-cardenal-christophe-pierre-por-una-vida-de-cercania-pastoral-y-puentes-eclesiales\/","og_site_name":"Exaudi","article_publisher":"https:\/\/www.facebook.com\/ExaudiNews","article_published_time":"2026-02-25T07:05:28+00:00","article_modified_time":"2026-02-25T09:41:04+00:00","og_image":[{"width":1600,"height":1200,"url":"https:\/\/exaudi.org\/wp-content\/uploads\/2026\/02\/WhatsApp-Image-2026-02-24-at-16.32.11-1.jpeg","type":"image\/jpeg"}],"author":"Academia de L\u00edderes Cat\u00f3licos","twitter_card":"summary_large_image","twitter_creator":"@Exaudi_News","twitter_site":"@Exaudi_News","twitter_misc":{"Escrito por":"Academia de L\u00edderes Cat\u00f3licos","Tiempo de lectura":"8 minutos"},"schema":{"@context":"https:\/\/schema.org","@graph":[{"@type":"Article","@id":"https:\/\/exaudi.org\/es\/el-nuncio-que-olio-a-oveja-homenaje-al-cardenal-christophe-pierre-por-una-vida-de-cercania-pastoral-y-puentes-eclesiales\/#article","isPartOf":{"@id":"https:\/\/exaudi.org\/es\/el-nuncio-que-olio-a-oveja-homenaje-al-cardenal-christophe-pierre-por-una-vida-de-cercania-pastoral-y-puentes-eclesiales\/"},"author":{"name":"Academia de L\u00edderes Cat\u00f3licos","@id":"https:\/\/exaudi.org\/#\/schema\/person\/334968a332d5dad9f94e08897852c6af"},"headline":"El nuncio que oli\u00f3 a oveja: homenaje al cardenal Christophe Pierre por una vida de cercan\u00eda pastoral y puentes eclesiales","datePublished":"2026-02-25T07:05:28+00:00","dateModified":"2026-02-25T09:41:04+00:00","mainEntityOfPage":{"@id":"https:\/\/exaudi.org\/es\/el-nuncio-que-olio-a-oveja-homenaje-al-cardenal-christophe-pierre-por-una-vida-de-cercania-pastoral-y-puentes-eclesiales\/"},"wordCount":1552,"image":{"@id":"https:\/\/exaudi.org\/es\/el-nuncio-que-olio-a-oveja-homenaje-al-cardenal-christophe-pierre-por-una-vida-de-cercania-pastoral-y-puentes-eclesiales\/#primaryimage"},"thumbnailUrl":"https:\/\/exaudi.org\/wp-content\/uploads\/2026\/02\/WhatsApp-Image-2026-02-24-at-16.32.11-1.jpeg","keywords":["arzobispo","cardenal Christophe Pierre","cercan\u00eda pastoral","diplomacia vaticana","Exaudi","fe","Homenaje","Iglesia","Mario J Paredes","Nuncio apost\u00f3lico","obispos","papa francisco","pastor olor a oveja","puentes eclesiales","Vaticano"],"articleSection":["Iglesia y Mundo"],"inLanguage":"es"},{"@type":"WebPage","@id":"https:\/\/exaudi.org\/es\/el-nuncio-que-olio-a-oveja-homenaje-al-cardenal-christophe-pierre-por-una-vida-de-cercania-pastoral-y-puentes-eclesiales\/","url":"https:\/\/exaudi.org\/es\/el-nuncio-que-olio-a-oveja-homenaje-al-cardenal-christophe-pierre-por-una-vida-de-cercania-pastoral-y-puentes-eclesiales\/","name":"El nuncio que oli\u00f3 a oveja: homenaje al cardenal Christophe Pierre por una vida de cercan\u00eda pastoral y puentes eclesiales &#8211; Exaudi","isPartOf":{"@id":"https:\/\/exaudi.org\/#website"},"primaryImageOfPage":{"@id":"https:\/\/exaudi.org\/es\/el-nuncio-que-olio-a-oveja-homenaje-al-cardenal-christophe-pierre-por-una-vida-de-cercania-pastoral-y-puentes-eclesiales\/#primaryimage"},"image":{"@id":"https:\/\/exaudi.org\/es\/el-nuncio-que-olio-a-oveja-homenaje-al-cardenal-christophe-pierre-por-una-vida-de-cercania-pastoral-y-puentes-eclesiales\/#primaryimage"},"thumbnailUrl":"https:\/\/exaudi.org\/wp-content\/uploads\/2026\/02\/WhatsApp-Image-2026-02-24-at-16.32.11-1.jpeg","datePublished":"2026-02-25T07:05:28+00:00","dateModified":"2026-02-25T09:41:04+00:00","author":{"@id":"https:\/\/exaudi.org\/#\/schema\/person\/334968a332d5dad9f94e08897852c6af"},"breadcrumb":{"@id":"https:\/\/exaudi.org\/es\/el-nuncio-que-olio-a-oveja-homenaje-al-cardenal-christophe-pierre-por-una-vida-de-cercania-pastoral-y-puentes-eclesiales\/#breadcrumb"},"inLanguage":"es","potentialAction":[{"@type":"ReadAction","target":["https:\/\/exaudi.org\/es\/el-nuncio-que-olio-a-oveja-homenaje-al-cardenal-christophe-pierre-por-una-vida-de-cercania-pastoral-y-puentes-eclesiales\/"]}]},{"@type":"ImageObject","inLanguage":"es","@id":"https:\/\/exaudi.org\/es\/el-nuncio-que-olio-a-oveja-homenaje-al-cardenal-christophe-pierre-por-una-vida-de-cercania-pastoral-y-puentes-eclesiales\/#primaryimage","url":"https:\/\/exaudi.org\/wp-content\/uploads\/2026\/02\/WhatsApp-Image-2026-02-24-at-16.32.11-1.jpeg","contentUrl":"https:\/\/exaudi.org\/wp-content\/uploads\/2026\/02\/WhatsApp-Image-2026-02-24-at-16.32.11-1.jpeg","width":1600,"height":1200},{"@type":"BreadcrumbList","@id":"https:\/\/exaudi.org\/es\/el-nuncio-que-olio-a-oveja-homenaje-al-cardenal-christophe-pierre-por-una-vida-de-cercania-pastoral-y-puentes-eclesiales\/#breadcrumb","itemListElement":[{"@type":"ListItem","position":1,"name":"Portada","item":"https:\/\/exaudi.org\/es\/"},{"@type":"ListItem","position":2,"name":"El nuncio que oli\u00f3 a oveja: homenaje al cardenal Christophe Pierre por una vida de cercan\u00eda pastoral y puentes eclesiales"}]},{"@type":"WebSite","@id":"https:\/\/exaudi.org\/#website","url":"https:\/\/exaudi.org\/","name":"Exaudi","description":"News","potentialAction":[{"@type":"SearchAction","target":{"@type":"EntryPoint","urlTemplate":"https:\/\/exaudi.org\/?s={search_term_string}"},"query-input":{"@type":"PropertyValueSpecification","valueRequired":true,"valueName":"search_term_string"}}],"inLanguage":"es"},{"@type":"Person","@id":"https:\/\/exaudi.org\/#\/schema\/person\/334968a332d5dad9f94e08897852c6af","name":"Academia de L\u00edderes Cat\u00f3licos","image":{"@type":"ImageObject","inLanguage":"es","@id":"https:\/\/secure.gravatar.com\/avatar\/80d80b1e34d8fa01f6b95d10e695853ca4ea7e054050e21ad1a15d546d4600ca?s=96&d=mm&r=g","url":"https:\/\/secure.gravatar.com\/avatar\/80d80b1e34d8fa01f6b95d10e695853ca4ea7e054050e21ad1a15d546d4600ca?s=96&d=mm&r=g","contentUrl":"https:\/\/secure.gravatar.com\/avatar\/80d80b1e34d8fa01f6b95d10e695853ca4ea7e054050e21ad1a15d546d4600ca?s=96&d=mm&r=g","caption":"Academia de L\u00edderes Cat\u00f3licos"},"description":"Es una fundaci\u00f3n de derecho privado sin fines de lucro que busca formar cat\u00f3licos que a partir de la experiencia cristiana desarrollen su vocaci\u00f3n pol\u00edtica con la ayuda de la Doctrina Social de la Iglesia. La Academia Latinoamericana de L\u00edderes Cat\u00f3licos tiene como misi\u00f3n, formar l\u00edderes desde una perspectiva cat\u00f3lica, arraigados en la fe de la Iglesia, para transformar el mundo social, pol\u00edtico y econ\u00f3mico a la luz de la Doctrina Social de la Iglesia. Formar una nueva generaci\u00f3n de cat\u00f3licos latinoamericanos con responsabilidades pol\u00edticas y sociales para que transformen el rostro del continente al servicio de sus pueblos, a la luz del Magisterio de la Iglesia y de cara a los Jubileos del V Centenario Guadalupano y de los dos mil a\u00f1os de la redenci\u00f3n.","sameAs":["https:\/\/liderescatolicos.net\/","https:\/\/www.youtube.com\/c\/LderesCatlicos"],"url":"https:\/\/exaudi.org\/es\/author\/academia-de-lideres-catolicos\/"}]}},"jetpack_featured_media_url":"https:\/\/exaudi.org\/wp-content\/uploads\/2026\/02\/WhatsApp-Image-2026-02-24-at-16.32.11-1.jpeg","jetpack_shortlink":"https:\/\/wp.me\/pgKjF2-Fvy","_links":{"self":[{"href":"https:\/\/exaudi.org\/es\/wp-json\/wp\/v2\/posts\/159560","targetHints":{"allow":["GET"]}}],"collection":[{"href":"https:\/\/exaudi.org\/es\/wp-json\/wp\/v2\/posts"}],"about":[{"href":"https:\/\/exaudi.org\/es\/wp-json\/wp\/v2\/types\/post"}],"author":[{"embeddable":true,"href":"https:\/\/exaudi.org\/es\/wp-json\/wp\/v2\/users\/107"}],"replies":[{"embeddable":true,"href":"https:\/\/exaudi.org\/es\/wp-json\/wp\/v2\/comments?post=159560"}],"version-history":[{"count":5,"href":"https:\/\/exaudi.org\/es\/wp-json\/wp\/v2\/posts\/159560\/revisions"}],"predecessor-version":[{"id":159605,"href":"https:\/\/exaudi.org\/es\/wp-json\/wp\/v2\/posts\/159560\/revisions\/159605"}],"wp:featuredmedia":[{"embeddable":true,"href":"https:\/\/exaudi.org\/es\/wp-json\/wp\/v2\/media\/159561"}],"wp:attachment":[{"href":"https:\/\/exaudi.org\/es\/wp-json\/wp\/v2\/media?parent=159560"}],"wp:term":[{"taxonomy":"category","embeddable":true,"href":"https:\/\/exaudi.org\/es\/wp-json\/wp\/v2\/categories?post=159560"},{"taxonomy":"post_tag","embeddable":true,"href":"https:\/\/exaudi.org\/es\/wp-json\/wp\/v2\/tags?post=159560"}],"curies":[{"name":"wp","href":"https:\/\/api.w.org\/{rel}","templated":true}]}}