{"id":159342,"date":"2026-02-25T08:30:07","date_gmt":"2026-02-25T07:30:07","guid":{"rendered":"https:\/\/exaudi.org\/?p=159342"},"modified":"2026-02-25T10:40:29","modified_gmt":"2026-02-25T09:40:29","slug":"detras-de-una-biolegislacion-siempre-hay-una-biopolitica","status":"publish","type":"post","link":"https:\/\/exaudi.org\/es\/detras-de-una-biolegislacion-siempre-hay-una-biopolitica\/","title":{"rendered":"Detr\u00e1s de una biolegislaci\u00f3n siempre hay una biopol\u00edtica"},"content":{"rendered":"<div class=\"flex flex-col text-sm pb-25\">\n<article class=\"text-token-text-primary w-full focus:outline-none [--shadow-height:45px] has-data-writing-block:pointer-events-none has-data-writing-block:-mt-(--shadow-height) has-data-writing-block:pt-(--shadow-height) [&amp;:has([data-writing-block])&gt;*]:pointer-events-auto scroll-mt-[calc(var(--header-height)+min(200px,max(70px,20svh)))]\" dir=\"auto\" tabindex=\"-1\" data-turn-id=\"request-WEB:21f5aa59-e5be-48a4-9fb5-fdc47ff087b5-2\" data-testid=\"conversation-turn-2\" data-scroll-anchor=\"true\" data-turn=\"assistant\">\n<div class=\"text-base my-auto mx-auto pb-10 [--thread-content-margin:--spacing(4)] @w-sm\/main:[--thread-content-margin:--spacing(6)] @w-lg\/main:[--thread-content-margin:--spacing(16)] px-(--thread-content-margin)\">\n<div class=\"[--thread-content-max-width:40rem] @w-lg\/main:[--thread-content-max-width:48rem] mx-auto max-w-(--thread-content-max-width) flex-1 group\/turn-messages focus-visible:outline-hidden relative flex w-full min-w-0 flex-col agent-turn\" tabindex=\"-1\">\n<div class=\"flex max-w-full flex-col grow\">\n<div class=\"min-h-8 text-message relative flex w-full flex-col items-end gap-2 text-start break-words whitespace-normal [.text-message+&amp;]:mt-1\" dir=\"auto\" data-message-author-role=\"assistant\" data-message-id=\"8bbb3086-adc1-43af-9fbf-518807c10734\" data-message-model-slug=\"gpt-5-2\">\n<div class=\"flex w-full flex-col gap-1 empty:hidden first:pt-[1px]\">\n<div class=\"markdown prose dark:prose-invert w-full wrap-break-word light markdown-new-styling\">\n<p data-start=\"0\" data-end=\"627\">Cuando se pretende convertir en derecho lo que hasta ahora ha sido objeto de debate jur\u00eddico y moral, la cuesti\u00f3n no es solo qu\u00e9 se reforma, sino c\u00f3mo y por qu\u00e9 se hace. El Anteproyecto del Gobierno para incluir expl\u00edcitamente el aborto en la Constituci\u00f3n, mediante la modificaci\u00f3n del art\u00edculo 43 CE y no del art\u00edculo 15 \u2014que consagra el derecho a la vida\u2014, abre un profundo interrogante sobre los fundamentos jur\u00eddicos y pol\u00edticos de esta iniciativa. Porque detr\u00e1s de toda biolegislaci\u00f3n hay una biopol\u00edtica: una determinada concepci\u00f3n de la persona, de sus derechos y del papel del Estado en la protecci\u00f3n de la vida humana.<\/p>\n<p><iframe title=\"Spotify Embed: Detr\u00e1s de una biolegislaci\u00f3n siempre hay una biopol\u00edtica\" style=\"border-radius: 12px\" width=\"100%\" height=\"152\" frameborder=\"0\" allowfullscreen allow=\"autoplay; clipboard-write; encrypted-media; fullscreen; picture-in-picture\" loading=\"lazy\" src=\"https:\/\/open.spotify.com\/embed\/episode\/6c5n3wsQzbhd9pysn4SGKn?si=77581cda6565497d&amp;utm_source=oembed\"><\/iframe><\/p>\n<\/div>\n<\/div>\n<\/div>\n<\/div>\n<\/div>\n<\/div>\n<\/article>\n<\/div>\n<p>El Gobierno de Espa\u00f1a ha aprobado un Anteproyecto de reforma constitucional del art\u00edculo 43 de la Constituci\u00f3n Espa\u00f1ola (en adelante, CE), cuyo objetivo no es otro que otorgar expl\u00edcitamente al aborto la categor\u00eda de derecho reconocido por aquella.<\/p>\n<p>El art\u00edculo 43 CE, relativo a al derecho a la protecci\u00f3n de la salud, tiene tres apartados. La intenci\u00f3n es a\u00f1adir un cuarto, con el siguiente literal:<\/p>\n<p>\u201cSe reconoce el derecho de las mujeres a la interrupci\u00f3n voluntaria del embarazo. El ejercicio de este derecho, en todo caso, ser\u00e1 garantizado por los poderes p\u00fablicos asegurando su prestaci\u00f3n en condiciones de igualdad efectiva, as\u00ed como la protecci\u00f3n de los derechos fundamentales de las mujeres.\u201d<\/p>\n<p>La pretensi\u00f3n del Gobierno es llevar esa iniciativa a las Cortes para su votaci\u00f3n el pr\u00f3ximo d\u00eda 26 del presente mes de febrero.<\/p>\n<h3><strong>El Consejo de Estado<\/strong><\/h3>\n<p>Dentro del procedimiento legislativo, un paso preceptivo y previo a la elevaci\u00f3n a las Cortes para su votaci\u00f3n, es acudir al Consejo de Estado, que, seg\u00fan el art\u00edculo 107 CE, \u201ces el supremo \u00f3rgano consultivo del Gobierno. Una ley org\u00e1nica regular\u00e1 su composici\u00f3n y competencia.\u201d<\/p>\n<p>En cumplimiento del mandato constitucional, se aprob\u00f3 la Ley Org\u00e1nica 3\/1980, de 22 de abril, del Consejo de Estado, entre cuyas competencias, seg\u00fan su art\u00edculo 2.2, se encuentra la de emitir \u201cdictamen sobre cuantos asuntos sometan a su consulta el Gobierno o sus miembros.\u201d<\/p>\n<p>Adem\u00e1s, en su p\u00e1rrafo segundo, se a\u00f1ade: \u201cLa consulta al Consejo ser\u00e1 preceptiva cuando en esta o en otras leyes as\u00ed se establezca, y facultativa en los dem\u00e1s casos. Los dict\u00e1menes del Consejo no ser\u00e1n vinculantes, salvo que la ley disponga lo contrario.\u201d<\/p>\n<p>Su art\u00edculo 21.1 obliga a ser consultado, entre otros asuntos, cuando se trate de \u201cAnteproyectos de reforma constitucional\u201d. Que, como vemos, es el caso.<\/p>\n<p>Pues bien, el Consejo de Estado emiti\u00f3 dos dict\u00e1menes, uno elaborado por Miguel Herrero Rodr\u00edguez de Mi\u00f1\u00f3n, y otro por Mar\u00eda Luisa Carcedo.<\/p>\n<p>El primero fue rechazado por la Comisi\u00f3n Permanente del Consejo de Estado y, por tanto y en su lugar, se emiti\u00f3 el segundo.<\/p>\n<p>Habiendo diferencias entre ambos, s\u00ed hay dos coincidencias: sorprendentemente, los dos est\u00e1n de acuerdo con que el aborto sea un derecho; pero critican que se haga pretendiendo reformar el art\u00edculo 43 CE, pues su ubicaci\u00f3n propiamente jur\u00eddica ser\u00eda la reforma del art\u00edculo 15 CE.<\/p>\n<p>Tiene su l\u00f3gica: una reforma del art\u00edculo 43 CE en el sentido que pretende el Gobierno, va en contra del art\u00edculo 15 CE, el cual establece que \u201cTodos tienen derecho a la vida y a la integridad f\u00edsica y moral, (\u2026)\u201d. Y, dentro de ese \u201ctodos\u201d, se incluye tambi\u00e9n al nasciturus.<\/p>\n<p><a href=\"https:\/\/www.observatoriobioetica.org\/wp-content\/uploads\/2026\/02\/davidbanner-scaled.jpg\" data-caption=\"\"><picture class=\"alignnone size-large wp-image-10007174\"><source srcset=\"https:\/\/www.observatoriobioetica.org\/wp-content\/uploads\/2026\/02\/davidbanner-200x39.jpg.avif 200w, https:\/\/www.observatoriobioetica.org\/wp-content\/uploads\/2026\/02\/davidbanner-300x58.jpg.avif 300w, https:\/\/www.observatoriobioetica.org\/wp-content\/uploads\/2026\/02\/davidbanner-400x78.jpg.avif 400w, https:\/\/www.observatoriobioetica.org\/wp-content\/uploads\/2026\/02\/davidbanner-600x116.jpg.avif 600w, https:\/\/www.observatoriobioetica.org\/wp-content\/uploads\/2026\/02\/davidbanner-768x149.jpg.avif 768w, https:\/\/www.observatoriobioetica.org\/wp-content\/uploads\/2026\/02\/davidbanner-800x155.jpg.avif 800w, https:\/\/www.observatoriobioetica.org\/wp-content\/uploads\/2026\/02\/davidbanner-1024x199.jpg.avif 1024w, https:\/\/www.observatoriobioetica.org\/wp-content\/uploads\/2026\/02\/davidbanner-1200x233.jpg.avif 1200w, https:\/\/www.observatoriobioetica.org\/wp-content\/uploads\/2026\/02\/davidbanner-1320x256.jpg.avif 1320w, https:\/\/www.observatoriobioetica.org\/wp-content\/uploads\/2026\/02\/davidbanner-1536x298.jpg.avif 1536w\" type=\"image\/avif\" sizes=\"(max-width: 1024px) 100vw, 1024px\" \/><img loading=\"lazy\" decoding=\"async\" src=\"https:\/\/www.observatoriobioetica.org\/wp-content\/uploads\/2026\/02\/davidbanner-1024x199.jpg\" sizes=\"auto, (max-width: 1024px) 100vw, 1024px\" srcset=\"https:\/\/www.observatoriobioetica.org\/wp-content\/uploads\/2026\/02\/davidbanner-200x39.jpg 200w, https:\/\/www.observatoriobioetica.org\/wp-content\/uploads\/2026\/02\/davidbanner-300x58.jpg 300w, https:\/\/www.observatoriobioetica.org\/wp-content\/uploads\/2026\/02\/davidbanner-400x78.jpg 400w, https:\/\/www.observatoriobioetica.org\/wp-content\/uploads\/2026\/02\/davidbanner-600x116.jpg 600w, https:\/\/www.observatoriobioetica.org\/wp-content\/uploads\/2026\/02\/davidbanner-768x149.jpg 768w, https:\/\/www.observatoriobioetica.org\/wp-content\/uploads\/2026\/02\/davidbanner-800x155.jpg 800w, https:\/\/www.observatoriobioetica.org\/wp-content\/uploads\/2026\/02\/davidbanner-1024x199.jpg 1024w, https:\/\/www.observatoriobioetica.org\/wp-content\/uploads\/2026\/02\/davidbanner-1200x233.jpg 1200w, https:\/\/www.observatoriobioetica.org\/wp-content\/uploads\/2026\/02\/davidbanner-1320x256.jpg 1320w, https:\/\/www.observatoriobioetica.org\/wp-content\/uploads\/2026\/02\/davidbanner-1536x298.jpg 1536w\" alt=\"\" width=\"1024\" height=\"199\" \/><\/picture><\/a><\/p>\n<h3><strong>Los cauces de reforma constitucional<\/strong><\/h3>\n<p>En efecto, el aborto incide directamente en el derecho a la vida, que, como sabemos, es el derecho que hay en juego. Esa es la raz\u00f3n por la que, pese a que no estamos de acuerdo con otorgar al aborto la categor\u00eda de derecho fundamental, lo l\u00f3gico, como decimos y tambi\u00e9n dice el dictamen, deber\u00eda haber sido reformar el art\u00edculo 15 CE. Sin embargo, se est\u00e1 optando por reformar el art\u00edculo 43 CE.<\/p>\n<p>Debido a ello, la pregunta viene de inmediato, por pertinente: \u00bfPor qu\u00e9 se elige el art\u00edculo 43 CE y no el art\u00edculo 15 CE?<\/p>\n<p>La respuesta a dicha pregunta tiene que ver con los cauces de reforma constitucional. Trataremos de explicarlo.<\/p>\n<p>Si se iniciara la reforma del art\u00edculo 15 CE, al encuadrase en la Secci\u00f3n 1\u00aa del Cap\u00edtulo II del T\u00edtulo I (\u201cDe los derechos fundamentales y de las libertades p\u00fablicas\u201d), el procedimiento de reforma ir\u00eda por el cauce que regula el art\u00edculo 168 CE:<\/p>\n<p>1. Cuando se propusiere la revisi\u00f3n total de\u00a0<strong><a href=\"https:\/\/www.boe.es\/buscar\/act.php?id=BOE-A-1978-31229\" target=\"_blank\" rel=\"noopener\">la Constituci\u00f3n<\/a><\/strong>\u00a0o una parcial que afecte al T\u00edtulo preliminar, al Cap\u00edtulo segundo, Secci\u00f3n primera del T\u00edtulo I, o al T\u00edtulo II, se proceder\u00e1 a la aprobaci\u00f3n del principio por mayor\u00eda de dos tercios de cada C\u00e1mara, y a la disoluci\u00f3n inmediata de las Cortes.<\/p>\n<p>2. Las C\u00e1maras elegidas deber\u00e1n ratificar la decisi\u00f3n y proceder al estudio del nuevo\u00a0<strong><a href=\"https:\/\/www.boe.es\/buscar\/act.php?id=BOE-A-1978-31229\" target=\"_blank\" rel=\"noopener\">texto constitucional<\/a><\/strong>, que deber\u00e1 ser aprobado por mayor\u00eda de dos tercios de ambas C\u00e1maras.<\/p>\n<p>3. Aprobada la reforma por las Cortes Generales, ser\u00e1 sometida a refer\u00e9ndum para su ratificaci\u00f3n.\u201d<\/p>\n<p>De modo que esto implicar\u00eda:<\/p>\n<ol>\n<li>Alcanzar un quorum de 2\/3 de cada C\u00e1mara.<\/li>\n<li>Disolver las Cortes.<\/li>\n<li>Que las nuevas C\u00e1maras elegidas ratifiquen la decisi\u00f3n, se estudie la nueva redacci\u00f3n, y se apruebe por mayor\u00eda de 2\/3.<\/li>\n<li>Caso de aprobarse, la reforma tiene que ser sometida a refer\u00e9ndum para su ratificaci\u00f3n.<\/li>\n<\/ol>\n<p>Ahora bien, si la reforma afecta al art\u00edculo 43 CE, el cauce procedimental ser\u00eda el ordenado por el art\u00edculo 167, a cuyo tenor:<\/p>\n<ol>\n<li>Los proyectos de reforma constitucional deber\u00e1n ser aprobados por una mayor\u00eda de tres quintos de cada una de las C\u00e1maras. Si no hubiera acuerdo entre ambas, se intentar\u00e1 obtenerlo mediante la creaci\u00f3n de una Comisi\u00f3n de composici\u00f3n paritaria de Diputados y Senadores, que presentar\u00e1 un texto que ser\u00e1 votado por el Congreso y el Senado.<\/li>\n<li>De no lograrse la aprobaci\u00f3n mediante el procedimiento del apartado anterior, y siempre que el texto hubiere obtenido el voto favorable de la mayor\u00eda absoluta del Senado, el Congreso, por mayor\u00eda de dos tercios, podr\u00e1 aprobar la reforma.<\/li>\n<li>Aprobada la reforma por las Cortes Generales, ser\u00e1 sometida a refer\u00e9ndum para su ratificaci\u00f3n cuando as\u00ed lo soliciten, dentro de los quince d\u00edas siguientes a su aprobaci\u00f3n, una d\u00e9cima parte de los miembros de cualquiera de las C\u00e1maras.\u201d<\/li>\n<\/ol>\n<p>Como se ve, en este procedimiento de reforma, de no lograrse la aprobaci\u00f3n por la mayor\u00eda de 3\/5 que exige el apartado 1, se ir\u00eda a la aprobaci\u00f3n por la mayor\u00eda de 2\/3.<\/p>\n<p>La distinci\u00f3n fundamental entre ambos cauces de reforma, por lo que aqu\u00ed importa, se residencia, por tanto, en que, en el primer caso, la mayor\u00eda es de 2\/3 y se exige, entre otras consecuencias, la disoluci\u00f3n de las Cortes; mientras que, en el segundo (que, si se llegara al final, tambi\u00e9n implicar\u00eda la aprobaci\u00f3n por mayor\u00eda de 2\/3), no tendr\u00eda lugar la referida disoluci\u00f3n.<\/p>\n<p>Pero, antes de llegar a las conclusiones, es conveniente hacerse otra pregunta: \u00bfPor qu\u00e9 se ubica el art\u00edculo 43 CE, derecho a la protecci\u00f3n de la salud, en el cauce de reforma que regula el art\u00edculo 167, que es un cauce ordinario, y no en el art\u00edculo 168 CE, que es m\u00e1s r\u00edgido?<\/p>\n<p>El fondo jur\u00eddico de tal distinci\u00f3n es que, como hemos dicho, el art\u00edculo 15 se ubica en la Secci\u00f3n 1\u00aa del Cap\u00edtulo II del T\u00edtulo I CE: \u201cDe los derechos fundamentales y de las libertades p\u00fablicas\u201d; mientras que el art\u00edculo 43 se encuentra en el Cap\u00edtulo III del T\u00edtulo I CE: \u201cDe los principios rectores de la pol\u00edtica social y econ\u00f3mica\u201d.<\/p>\n<p>Obs\u00e9rvese, pues, que en el primer caso se habla de derechos fundamentales; mientras que, en el segundo, de principios.<\/p>\n<p>La reducida extensi\u00f3n del presente documento hace dif\u00edcil trasladar aqu\u00ed la compleja discusi\u00f3n sobre la naturaleza jur\u00eddica de esos principios, pues, de hacerlo, estar\u00edamos convirtiendo en simple lo que, como decimos, es realmente complejo.<\/p>\n<p>Solamente aclarar someramente que la distinci\u00f3n fundamental deviene del art\u00edculo 53.3 CE y, como dice Goig Mart\u00ednez (Coord., 2006, p. 574), de conformidad con dicho art\u00edculo, &lt;&lt;estos principios rectores informar\u00e1n la legislaci\u00f3n positiva, por lo tanto, obligan al legislador (STC 172\/1989, de 19 de octubre), la pr\u00e1ctica judicial y la actuaci\u00f3n de los poderes p\u00fablicos, pero \u201cs\u00f3lo podr\u00e1n ser alegados ante la jurisdicci\u00f3n ordinaria de acuerdo con lo que dispongan las leyes que los desarrollen\u201d (\u2026).<\/p>\n<p><a href=\"https:\/\/www.observatoriobioetica.org\/wp-content\/uploads\/2026\/02\/fotos-web-Observatorio-Bioetica-41-scaled-e1771849140325.jpg\" data-caption=\"\"><img loading=\"lazy\" decoding=\"async\" class=\"alignnone size-large wp-image-10007180\" src=\"https:\/\/www.observatoriobioetica.org\/wp-content\/uploads\/2026\/02\/fotos-web-Observatorio-Bioetica-41-scaled-e1771849140325-1024x196.jpg\" sizes=\"auto, (max-width: 1024px) 100vw, 1024px\" srcset=\"https:\/\/www.observatoriobioetica.org\/wp-content\/uploads\/2026\/02\/fotos-web-Observatorio-Bioetica-41-scaled-e1771849140325-200x38.jpg 200w, https:\/\/www.observatoriobioetica.org\/wp-content\/uploads\/2026\/02\/fotos-web-Observatorio-Bioetica-41-scaled-e1771849140325-300x57.jpg 300w, https:\/\/www.observatoriobioetica.org\/wp-content\/uploads\/2026\/02\/fotos-web-Observatorio-Bioetica-41-scaled-e1771849140325-400x77.jpg 400w, https:\/\/www.observatoriobioetica.org\/wp-content\/uploads\/2026\/02\/fotos-web-Observatorio-Bioetica-41-scaled-e1771849140325-600x115.jpg 600w, https:\/\/www.observatoriobioetica.org\/wp-content\/uploads\/2026\/02\/fotos-web-Observatorio-Bioetica-41-scaled-e1771849140325-768x147.jpg 768w, https:\/\/www.observatoriobioetica.org\/wp-content\/uploads\/2026\/02\/fotos-web-Observatorio-Bioetica-41-scaled-e1771849140325-800x153.jpg 800w, https:\/\/www.observatoriobioetica.org\/wp-content\/uploads\/2026\/02\/fotos-web-Observatorio-Bioetica-41-scaled-e1771849140325-1024x196.jpg 1024w, https:\/\/www.observatoriobioetica.org\/wp-content\/uploads\/2026\/02\/fotos-web-Observatorio-Bioetica-41-scaled-e1771849140325-1200x230.jpg 1200w, https:\/\/www.observatoriobioetica.org\/wp-content\/uploads\/2026\/02\/fotos-web-Observatorio-Bioetica-41-scaled-e1771849140325-1320x253.jpg 1320w, https:\/\/www.observatoriobioetica.org\/wp-content\/uploads\/2026\/02\/fotos-web-Observatorio-Bioetica-41-scaled-e1771849140325-1536x294.jpg 1536w\" alt=\"\" width=\"1024\" height=\"196\" \/><\/a><\/p>\n<h3><strong>Conclusiones<\/strong><\/h3>\n<p>El Gobierno, por medio de Anteproyecto, pretende que las Cortes aprueben por votaci\u00f3n una reforma de la CE, reforma que consiste en que la CE reconozca expl\u00edcitamente al aborto como un derecho.<\/p>\n<p>Pero en la reforma constitucional que plantea solicita que se haga del art\u00edculo 43 CE: derecho a la protecci\u00f3n de la salud.<\/p>\n<p>No solicita, por tanto, la reforma del art\u00edculo 15 CE, que consagra el derecho a la vida.<\/p>\n<p>Dentro del procedimiento legislativo, es preceptivo, antes de llegar a las Cortes, un dictamen emitido por el Consejo de Estado, que, conforme al art\u00edculo 107 CE, es el supremo \u00f3rgano consultivo del Gobierno.<\/p>\n<p>En dicho dictamen, se reprocha al Gobierno que intente la reforma del art\u00edculo 43 CE, cuando, si se pretende incluir el aborto como derecho en nuestra Constituci\u00f3n, al afectar dicha reforma al derecho a la vida, lo propiamente jur\u00eddico ser\u00eda la meritada reforma del art\u00edculo 15 CE, no de aquel, el cual, a la postre, ir\u00eda en contra del art\u00edculo 15 CE (que no se quiere reformar).<\/p>\n<p>La pregunta que viene de inmediato es por qu\u00e9 el Gobierno elige la reforma del art\u00edculo 43 CE y no la del art\u00edculo 15 CE.<\/p>\n<p>La respuesta se encuentra en los art\u00edculos 167 y 168, ambos de la CE, que regulan los cauces de reforma constitucional.<\/p>\n<p>La reforma del art\u00edculo 15 CE exige acudir al segundo de dichos art\u00edculos, mientras que la reforma del art\u00edculo 43 CE debe materializarse conforme al primero de ellos.<\/p>\n<p>La diferencia fundamental reside, por lo que aqu\u00ed importa, en que, si se pretende la reforma del art\u00edculo 15 CE, esa reforma, conforme al art\u00edculo 168 CE, conlleva obligatoriamente la disoluci\u00f3n inmediata de las Cortes (con lo que, entre otras consecuencias, ir\u00edamos a elecciones generales); disoluci\u00f3n que no est\u00e1 establecida en el art\u00edculo 167 CE (que ser\u00eda el caso de una reforma del art\u00edculo 43 CE).<\/p>\n<p>Le damos, pues, la raz\u00f3n a Ollero (2006, p. 21) cuando afirma acertadamente que \u201cla bio\u00e9tica y el bioderecho van dando as\u00ed paso a una imperiosa\u00a0<em>biopol\u00edtica<\/em>, a la que deber\u00e1n someterse.\u201d<\/p>\n<p>Es que, en efecto, detr\u00e1s de una biolegislaci\u00f3n siempre hay una biopol\u00edtica, lo que nos lleva a preguntarnos sobre las verdaderas (y ocultas) razones de la meritada reforma.<\/p>\n<p><em><strong><a href=\"https:\/\/www.observatoriobioetica.org\/?s=David+Guillem-Tatay&amp;post_type%5B%5D=post&amp;search_limit_to_post_titles=0&amp;add_woo_product_skus=0&amp;fs=1\">David Guillem-Tatay<\/a> .\u00a0Instituto de Ciencias de la Vida de la UCV .\u00a0Observatorio de Bio\u00e9tica<\/strong><\/em><\/p>\n<p><img loading=\"lazy\" decoding=\"async\" class=\"size-full wp-image-159351 alignnone\" src=\"https:\/\/exaudi.org\/wp-content\/uploads\/2026\/02\/Voces-3-2.jpg\" alt=\"\" width=\"940\" height=\"788\" srcset=\"https:\/\/exaudi.org\/wp-content\/uploads\/2026\/02\/Voces-3-2.jpg 940w, https:\/\/exaudi.org\/wp-content\/uploads\/2026\/02\/Voces-3-2-300x251.jpg 300w, https:\/\/exaudi.org\/wp-content\/uploads\/2026\/02\/Voces-3-2-770x645.jpg 770w, https:\/\/exaudi.org\/wp-content\/uploads\/2026\/02\/Voces-3-2-500x419.jpg 500w\" sizes=\"auto, (max-width: 940px) 100vw, 940px\" \/><\/p>\n<p>***<\/p>\n<h3><strong>Bibliograf\u00eda<\/strong><\/h3>\n<h5>Acuerdo por el que se toma conocimiento del Anteproyecto de reforma del art\u00edculo 43 de la Constituci\u00f3n Espa\u00f1ola. Recuperado de:<\/h5>\n<h5><a href=\"https:\/\/www.lamoncloa.gob.es\/consejodeministros\/referencias\/Paginas\/2025\/20251014-referencia-rueda-de-prensa-ministros.aspx#aborto\">https:\/\/www.lamoncloa.gob.es\/consejodeministros\/referencias\/Paginas\/2025\/20251014-referencia-rueda-de-prensa-ministros.aspx#aborto<\/a><\/h5>\n<h5>Constituci\u00f3n Espa\u00f1ola. (1994). Editorial Tecnos: Madrid.<\/h5>\n<h5>Goig Mart\u00ednez, J. M. (Coord.). (2006).\u00a0<em>El sistema constitucional de derechos y libertades seg\u00fan la Jurisprudencia del Tribunal Constitucional<\/em>. Editorial Universitas Internacional: Madrid.<\/h5>\n<h5>Ley Org\u00e1nica 3\/1980, de 22 de abril, del Consejo de Estado. Recuperado de:<\/h5>\n<h5><a href=\"https:\/\/www.boe.es\/buscar\/pdf\/1980\/BOE-A-1980-8648-consolidado.pdf\">https:\/\/www.boe.es\/buscar\/pdf\/1980\/BOE-A-1980-8648-consolidado.pdf<\/a><\/h5>\n<h5>Ollero, A. (2006).\u00a0<em>Bioderecho. Entre la vida y la muerte<\/em>. Editorial Aranzadi: Cizur Menor (Navarra).<\/h5>\n","protected":false},"excerpt":{"rendered":"<p>\u00bfBlindaje del aborto o maniobra para evitar el refer\u00e9ndum y la disoluci\u00f3n de las Cortes?<\/p>\n","protected":false},"author":87,"featured_media":159345,"comment_status":"closed","ping_status":"closed","sticky":false,"template":"","format":"standard","meta":{"_acf_changed":false,"_crdt_document":"","inline_featured_image":false,"footnotes":""},"categories":[72],"tags":[98334,98341,98336,98333,98346,98340,98335,98338,98337,98345,98339,98342,630,98343,98344,98332,58880],"class_list":["post-159342","post","type-post","status-publish","format-standard","has-post-thumbnail","hentry","category-analisis","tag-aborto-derecho-constitucional","tag-anteproyecto-aborto-constitucion-2026","tag-articulo-15-derecho-a-la-vida","tag-articulo-43-constitucion-espanola","tag-bioetica-bioderecho-biopolitica","tag-biopolitica-aborto-espana","tag-biopolitica-biolegislacion","tag-cauces-reforma-constitucional-167-168","tag-consejo-de-estado-dictamen-aborto","tag-disolucion-cortes-reforma-constitucional","tag-interrupcion-voluntaria-embarazo-constitucion","tag-nasciturus-derecho-a-la-vida","tag-observatorio-de-bioetica-de-la-universidad-catolica-de-valencia","tag-principios-rectores-politica-social","tag-reforma-articulo-43-ce","tag-reforma-constitucional-espana","tag-trending-es-151"],"acf":[],"yoast_head":"<!-- This site is optimized with the Yoast SEO plugin v27.5 - https:\/\/yoast.com\/product\/yoast-seo-wordpress\/ -->\n<title>Detr\u00e1s de una biolegislaci\u00f3n siempre hay una biopol\u00edtica &#8211; Exaudi<\/title>\n<meta name=\"robots\" content=\"index, follow, max-snippet:-1, max-image-preview:large, max-video-preview:-1\" \/>\n<link rel=\"canonical\" href=\"https:\/\/exaudi.org\/es\/detras-de-una-biolegislacion-siempre-hay-una-biopolitica\/\" \/>\n<meta property=\"og:locale\" content=\"es_ES\" \/>\n<meta property=\"og:type\" content=\"article\" \/>\n<meta property=\"og:title\" content=\"Detr\u00e1s de una biolegislaci\u00f3n siempre hay una biopol\u00edtica &#8211; Exaudi\" \/>\n<meta property=\"og:description\" content=\"\u00bfBlindaje del aborto o maniobra para evitar el refer\u00e9ndum y la disoluci\u00f3n de las Cortes?\" \/>\n<meta property=\"og:url\" content=\"https:\/\/exaudi.org\/es\/detras-de-una-biolegislacion-siempre-hay-una-biopolitica\/\" \/>\n<meta property=\"og:site_name\" content=\"Exaudi\" \/>\n<meta property=\"article:publisher\" content=\"https:\/\/www.facebook.com\/ExaudiNews\" \/>\n<meta property=\"article:author\" content=\"https:\/\/www.facebook.com\/observatoriodebioetica\/\" \/>\n<meta property=\"article:published_time\" content=\"2026-02-25T07:30:07+00:00\" \/>\n<meta property=\"article:modified_time\" content=\"2026-02-25T09:40:29+00:00\" \/>\n<meta property=\"og:image\" content=\"https:\/\/exaudi.org\/wp-content\/uploads\/2026\/02\/David1-scaled.jpg-scaled.jpg\" \/>\n\t<meta property=\"og:image:width\" content=\"2560\" \/>\n\t<meta property=\"og:image:height\" content=\"994\" \/>\n\t<meta property=\"og:image:type\" content=\"image\/jpeg\" \/>\n<meta name=\"author\" content=\"Observatorio de Bio\u00e9tica UCV\" \/>\n<meta name=\"twitter:card\" content=\"summary_large_image\" \/>\n<meta name=\"twitter:creator\" content=\"@obioetica\" \/>\n<meta name=\"twitter:site\" content=\"@Exaudi_News\" \/>\n<meta name=\"twitter:label1\" content=\"Escrito por\" \/>\n\t<meta name=\"twitter:data1\" content=\"Observatorio de Bio\u00e9tica UCV\" \/>\n\t<meta name=\"twitter:label2\" content=\"Tiempo de lectura\" \/>\n\t<meta name=\"twitter:data2\" content=\"10 minutos\" \/>\n<script type=\"application\/ld+json\" class=\"yoast-schema-graph\">{\"@context\":\"https:\\\/\\\/schema.org\",\"@graph\":[{\"@type\":\"Article\",\"@id\":\"https:\\\/\\\/exaudi.org\\\/es\\\/detras-de-una-biolegislacion-siempre-hay-una-biopolitica\\\/#article\",\"isPartOf\":{\"@id\":\"https:\\\/\\\/exaudi.org\\\/es\\\/detras-de-una-biolegislacion-siempre-hay-una-biopolitica\\\/\"},\"author\":{\"name\":\"Observatorio de Bio\u00e9tica UCV\",\"@id\":\"https:\\\/\\\/exaudi.org\\\/#\\\/schema\\\/person\\\/05d1c06e56ecb5490e9bff0d27026595\"},\"headline\":\"Detr\u00e1s de una biolegislaci\u00f3n siempre hay una biopol\u00edtica\",\"datePublished\":\"2026-02-25T07:30:07+00:00\",\"dateModified\":\"2026-02-25T09:40:29+00:00\",\"mainEntityOfPage\":{\"@id\":\"https:\\\/\\\/exaudi.org\\\/es\\\/detras-de-una-biolegislacion-siempre-hay-una-biopolitica\\\/\"},\"wordCount\":2004,\"image\":{\"@id\":\"https:\\\/\\\/exaudi.org\\\/es\\\/detras-de-una-biolegislacion-siempre-hay-una-biopolitica\\\/#primaryimage\"},\"thumbnailUrl\":\"https:\\\/\\\/exaudi.org\\\/wp-content\\\/uploads\\\/2026\\\/02\\\/David1-scaled.jpg-scaled.jpg\",\"keywords\":[\"aborto derecho constitucional\",\"Anteproyecto aborto Constituci\u00f3n 2026\",\"art\u00edculo 15 derecho a la vida\",\"art\u00edculo 43 Constituci\u00f3n Espa\u00f1ola\",\"bio\u00e9tica bioderecho biopol\u00edtica\",\"biopol\u00edtica aborto Espa\u00f1a\",\"biopol\u00edtica biolegislaci\u00f3n\",\"cauces reforma constitucional 167 168\",\"Consejo de Estado dictamen aborto\",\"disoluci\u00f3n Cortes reforma constitucional\",\"interrupci\u00f3n voluntaria embarazo Constituci\u00f3n\",\"nasciturus derecho a la vida\",\"Observatorio de Bio\u00e9tica de la Universidad Cat\u00f3lica de Valencia\",\"principios rectores pol\u00edtica social\",\"reforma art\u00edculo 43 CE\",\"reforma constitucional Espa\u00f1a\",\"Trending\"],\"articleSection\":[\"An\u00e1lisis\"],\"inLanguage\":\"es\"},{\"@type\":\"WebPage\",\"@id\":\"https:\\\/\\\/exaudi.org\\\/es\\\/detras-de-una-biolegislacion-siempre-hay-una-biopolitica\\\/\",\"url\":\"https:\\\/\\\/exaudi.org\\\/es\\\/detras-de-una-biolegislacion-siempre-hay-una-biopolitica\\\/\",\"name\":\"Detr\u00e1s de una biolegislaci\u00f3n siempre hay una biopol\u00edtica &#8211; Exaudi\",\"isPartOf\":{\"@id\":\"https:\\\/\\\/exaudi.org\\\/#website\"},\"primaryImageOfPage\":{\"@id\":\"https:\\\/\\\/exaudi.org\\\/es\\\/detras-de-una-biolegislacion-siempre-hay-una-biopolitica\\\/#primaryimage\"},\"image\":{\"@id\":\"https:\\\/\\\/exaudi.org\\\/es\\\/detras-de-una-biolegislacion-siempre-hay-una-biopolitica\\\/#primaryimage\"},\"thumbnailUrl\":\"https:\\\/\\\/exaudi.org\\\/wp-content\\\/uploads\\\/2026\\\/02\\\/David1-scaled.jpg-scaled.jpg\",\"datePublished\":\"2026-02-25T07:30:07+00:00\",\"dateModified\":\"2026-02-25T09:40:29+00:00\",\"author\":{\"@id\":\"https:\\\/\\\/exaudi.org\\\/#\\\/schema\\\/person\\\/05d1c06e56ecb5490e9bff0d27026595\"},\"breadcrumb\":{\"@id\":\"https:\\\/\\\/exaudi.org\\\/es\\\/detras-de-una-biolegislacion-siempre-hay-una-biopolitica\\\/#breadcrumb\"},\"inLanguage\":\"es\",\"potentialAction\":[{\"@type\":\"ReadAction\",\"target\":[\"https:\\\/\\\/exaudi.org\\\/es\\\/detras-de-una-biolegislacion-siempre-hay-una-biopolitica\\\/\"]}]},{\"@type\":\"ImageObject\",\"inLanguage\":\"es\",\"@id\":\"https:\\\/\\\/exaudi.org\\\/es\\\/detras-de-una-biolegislacion-siempre-hay-una-biopolitica\\\/#primaryimage\",\"url\":\"https:\\\/\\\/exaudi.org\\\/wp-content\\\/uploads\\\/2026\\\/02\\\/David1-scaled.jpg-scaled.jpg\",\"contentUrl\":\"https:\\\/\\\/exaudi.org\\\/wp-content\\\/uploads\\\/2026\\\/02\\\/David1-scaled.jpg-scaled.jpg\",\"width\":2560,\"height\":994},{\"@type\":\"BreadcrumbList\",\"@id\":\"https:\\\/\\\/exaudi.org\\\/es\\\/detras-de-una-biolegislacion-siempre-hay-una-biopolitica\\\/#breadcrumb\",\"itemListElement\":[{\"@type\":\"ListItem\",\"position\":1,\"name\":\"Portada\",\"item\":\"https:\\\/\\\/exaudi.org\\\/es\\\/\"},{\"@type\":\"ListItem\",\"position\":2,\"name\":\"Detr\u00e1s de una biolegislaci\u00f3n siempre hay una biopol\u00edtica\"}]},{\"@type\":\"WebSite\",\"@id\":\"https:\\\/\\\/exaudi.org\\\/#website\",\"url\":\"https:\\\/\\\/exaudi.org\\\/\",\"name\":\"Exaudi\",\"description\":\"News\",\"potentialAction\":[{\"@type\":\"SearchAction\",\"target\":{\"@type\":\"EntryPoint\",\"urlTemplate\":\"https:\\\/\\\/exaudi.org\\\/?s={search_term_string}\"},\"query-input\":{\"@type\":\"PropertyValueSpecification\",\"valueRequired\":true,\"valueName\":\"search_term_string\"}}],\"inLanguage\":\"es\"},{\"@type\":\"Person\",\"@id\":\"https:\\\/\\\/exaudi.org\\\/#\\\/schema\\\/person\\\/05d1c06e56ecb5490e9bff0d27026595\",\"name\":\"Observatorio de Bio\u00e9tica UCV\",\"image\":{\"@type\":\"ImageObject\",\"inLanguage\":\"es\",\"@id\":\"https:\\\/\\\/secure.gravatar.com\\\/avatar\\\/086563f59595a89fb0851de25d712a03657b1cdfa8af3c9cd0a1ee122fc5d596?s=96&d=mm&r=g\",\"url\":\"https:\\\/\\\/secure.gravatar.com\\\/avatar\\\/086563f59595a89fb0851de25d712a03657b1cdfa8af3c9cd0a1ee122fc5d596?s=96&d=mm&r=g\",\"contentUrl\":\"https:\\\/\\\/secure.gravatar.com\\\/avatar\\\/086563f59595a89fb0851de25d712a03657b1cdfa8af3c9cd0a1ee122fc5d596?s=96&d=mm&r=g\",\"caption\":\"Observatorio de Bio\u00e9tica UCV\"},\"description\":\"El Observatorio de Bio\u00e9tica se encuentra dentro del Instituto Ciencias de la vida de la Universidad Cat\u00f3lica de Valencia \u201cSan Vicente M\u00e1rtir\u201d . En el trasfondo de sus publicaciones, se defiende la vida humana desde la fecundaci\u00f3n a la muerte natural y la dignidad de la persona, teniendo como objetivo aunar esfuerzos para difundir la cultura de la vida como la define la Evangelium Vitae.\",\"sameAs\":[\"https:\\\/\\\/www.observatoriobioetica.org\\\/\",\"https:\\\/\\\/www.facebook.com\\\/observatoriodebioetica\\\/\",\"https:\\\/\\\/x.com\\\/obioetica\",\"https:\\\/\\\/www.youtube.com\\\/channel\\\/UC_Tr4WS5-TXoNo5e1MdQc7w\"],\"url\":\"https:\\\/\\\/exaudi.org\\\/es\\\/author\\\/observatoriodebioeticaucv\\\/\"}]}<\/script>\n<!-- \/ Yoast SEO plugin. -->","yoast_head_json":{"title":"Detr\u00e1s de una biolegislaci\u00f3n siempre hay una biopol\u00edtica &#8211; Exaudi","robots":{"index":"index","follow":"follow","max-snippet":"max-snippet:-1","max-image-preview":"max-image-preview:large","max-video-preview":"max-video-preview:-1"},"canonical":"https:\/\/exaudi.org\/es\/detras-de-una-biolegislacion-siempre-hay-una-biopolitica\/","og_locale":"es_ES","og_type":"article","og_title":"Detr\u00e1s de una biolegislaci\u00f3n siempre hay una biopol\u00edtica &#8211; Exaudi","og_description":"\u00bfBlindaje del aborto o maniobra para evitar el refer\u00e9ndum y la disoluci\u00f3n de las Cortes?","og_url":"https:\/\/exaudi.org\/es\/detras-de-una-biolegislacion-siempre-hay-una-biopolitica\/","og_site_name":"Exaudi","article_publisher":"https:\/\/www.facebook.com\/ExaudiNews","article_author":"https:\/\/www.facebook.com\/observatoriodebioetica\/","article_published_time":"2026-02-25T07:30:07+00:00","article_modified_time":"2026-02-25T09:40:29+00:00","og_image":[{"width":2560,"height":994,"url":"https:\/\/exaudi.org\/wp-content\/uploads\/2026\/02\/David1-scaled.jpg-scaled.jpg","type":"image\/jpeg"}],"author":"Observatorio de Bio\u00e9tica UCV","twitter_card":"summary_large_image","twitter_creator":"@obioetica","twitter_site":"@Exaudi_News","twitter_misc":{"Escrito por":"Observatorio de Bio\u00e9tica UCV","Tiempo de lectura":"10 minutos"},"schema":{"@context":"https:\/\/schema.org","@graph":[{"@type":"Article","@id":"https:\/\/exaudi.org\/es\/detras-de-una-biolegislacion-siempre-hay-una-biopolitica\/#article","isPartOf":{"@id":"https:\/\/exaudi.org\/es\/detras-de-una-biolegislacion-siempre-hay-una-biopolitica\/"},"author":{"name":"Observatorio de Bio\u00e9tica UCV","@id":"https:\/\/exaudi.org\/#\/schema\/person\/05d1c06e56ecb5490e9bff0d27026595"},"headline":"Detr\u00e1s de una biolegislaci\u00f3n siempre hay una biopol\u00edtica","datePublished":"2026-02-25T07:30:07+00:00","dateModified":"2026-02-25T09:40:29+00:00","mainEntityOfPage":{"@id":"https:\/\/exaudi.org\/es\/detras-de-una-biolegislacion-siempre-hay-una-biopolitica\/"},"wordCount":2004,"image":{"@id":"https:\/\/exaudi.org\/es\/detras-de-una-biolegislacion-siempre-hay-una-biopolitica\/#primaryimage"},"thumbnailUrl":"https:\/\/exaudi.org\/wp-content\/uploads\/2026\/02\/David1-scaled.jpg-scaled.jpg","keywords":["aborto derecho constitucional","Anteproyecto aborto Constituci\u00f3n 2026","art\u00edculo 15 derecho a la vida","art\u00edculo 43 Constituci\u00f3n Espa\u00f1ola","bio\u00e9tica bioderecho biopol\u00edtica","biopol\u00edtica aborto Espa\u00f1a","biopol\u00edtica biolegislaci\u00f3n","cauces reforma constitucional 167 168","Consejo de Estado dictamen aborto","disoluci\u00f3n Cortes reforma constitucional","interrupci\u00f3n voluntaria embarazo Constituci\u00f3n","nasciturus derecho a la vida","Observatorio de Bio\u00e9tica de la Universidad Cat\u00f3lica de Valencia","principios rectores pol\u00edtica social","reforma art\u00edculo 43 CE","reforma constitucional Espa\u00f1a","Trending"],"articleSection":["An\u00e1lisis"],"inLanguage":"es"},{"@type":"WebPage","@id":"https:\/\/exaudi.org\/es\/detras-de-una-biolegislacion-siempre-hay-una-biopolitica\/","url":"https:\/\/exaudi.org\/es\/detras-de-una-biolegislacion-siempre-hay-una-biopolitica\/","name":"Detr\u00e1s de una biolegislaci\u00f3n siempre hay una biopol\u00edtica &#8211; Exaudi","isPartOf":{"@id":"https:\/\/exaudi.org\/#website"},"primaryImageOfPage":{"@id":"https:\/\/exaudi.org\/es\/detras-de-una-biolegislacion-siempre-hay-una-biopolitica\/#primaryimage"},"image":{"@id":"https:\/\/exaudi.org\/es\/detras-de-una-biolegislacion-siempre-hay-una-biopolitica\/#primaryimage"},"thumbnailUrl":"https:\/\/exaudi.org\/wp-content\/uploads\/2026\/02\/David1-scaled.jpg-scaled.jpg","datePublished":"2026-02-25T07:30:07+00:00","dateModified":"2026-02-25T09:40:29+00:00","author":{"@id":"https:\/\/exaudi.org\/#\/schema\/person\/05d1c06e56ecb5490e9bff0d27026595"},"breadcrumb":{"@id":"https:\/\/exaudi.org\/es\/detras-de-una-biolegislacion-siempre-hay-una-biopolitica\/#breadcrumb"},"inLanguage":"es","potentialAction":[{"@type":"ReadAction","target":["https:\/\/exaudi.org\/es\/detras-de-una-biolegislacion-siempre-hay-una-biopolitica\/"]}]},{"@type":"ImageObject","inLanguage":"es","@id":"https:\/\/exaudi.org\/es\/detras-de-una-biolegislacion-siempre-hay-una-biopolitica\/#primaryimage","url":"https:\/\/exaudi.org\/wp-content\/uploads\/2026\/02\/David1-scaled.jpg-scaled.jpg","contentUrl":"https:\/\/exaudi.org\/wp-content\/uploads\/2026\/02\/David1-scaled.jpg-scaled.jpg","width":2560,"height":994},{"@type":"BreadcrumbList","@id":"https:\/\/exaudi.org\/es\/detras-de-una-biolegislacion-siempre-hay-una-biopolitica\/#breadcrumb","itemListElement":[{"@type":"ListItem","position":1,"name":"Portada","item":"https:\/\/exaudi.org\/es\/"},{"@type":"ListItem","position":2,"name":"Detr\u00e1s de una biolegislaci\u00f3n siempre hay una biopol\u00edtica"}]},{"@type":"WebSite","@id":"https:\/\/exaudi.org\/#website","url":"https:\/\/exaudi.org\/","name":"Exaudi","description":"News","potentialAction":[{"@type":"SearchAction","target":{"@type":"EntryPoint","urlTemplate":"https:\/\/exaudi.org\/?s={search_term_string}"},"query-input":{"@type":"PropertyValueSpecification","valueRequired":true,"valueName":"search_term_string"}}],"inLanguage":"es"},{"@type":"Person","@id":"https:\/\/exaudi.org\/#\/schema\/person\/05d1c06e56ecb5490e9bff0d27026595","name":"Observatorio de Bio\u00e9tica UCV","image":{"@type":"ImageObject","inLanguage":"es","@id":"https:\/\/secure.gravatar.com\/avatar\/086563f59595a89fb0851de25d712a03657b1cdfa8af3c9cd0a1ee122fc5d596?s=96&d=mm&r=g","url":"https:\/\/secure.gravatar.com\/avatar\/086563f59595a89fb0851de25d712a03657b1cdfa8af3c9cd0a1ee122fc5d596?s=96&d=mm&r=g","contentUrl":"https:\/\/secure.gravatar.com\/avatar\/086563f59595a89fb0851de25d712a03657b1cdfa8af3c9cd0a1ee122fc5d596?s=96&d=mm&r=g","caption":"Observatorio de Bio\u00e9tica UCV"},"description":"El Observatorio de Bio\u00e9tica se encuentra dentro del Instituto Ciencias de la vida de la Universidad Cat\u00f3lica de Valencia \u201cSan Vicente M\u00e1rtir\u201d . En el trasfondo de sus publicaciones, se defiende la vida humana desde la fecundaci\u00f3n a la muerte natural y la dignidad de la persona, teniendo como objetivo aunar esfuerzos para difundir la cultura de la vida como la define la Evangelium Vitae.","sameAs":["https:\/\/www.observatoriobioetica.org\/","https:\/\/www.facebook.com\/observatoriodebioetica\/","https:\/\/x.com\/obioetica","https:\/\/www.youtube.com\/channel\/UC_Tr4WS5-TXoNo5e1MdQc7w"],"url":"https:\/\/exaudi.org\/es\/author\/observatoriodebioeticaucv\/"}]}},"jetpack_featured_media_url":"https:\/\/exaudi.org\/wp-content\/uploads\/2026\/02\/David1-scaled.jpg-scaled.jpg","jetpack_shortlink":"https:\/\/wp.me\/pgKjF2-Fs2","_links":{"self":[{"href":"https:\/\/exaudi.org\/es\/wp-json\/wp\/v2\/posts\/159342","targetHints":{"allow":["GET"]}}],"collection":[{"href":"https:\/\/exaudi.org\/es\/wp-json\/wp\/v2\/posts"}],"about":[{"href":"https:\/\/exaudi.org\/es\/wp-json\/wp\/v2\/types\/post"}],"author":[{"embeddable":true,"href":"https:\/\/exaudi.org\/es\/wp-json\/wp\/v2\/users\/87"}],"replies":[{"embeddable":true,"href":"https:\/\/exaudi.org\/es\/wp-json\/wp\/v2\/comments?post=159342"}],"version-history":[{"count":8,"href":"https:\/\/exaudi.org\/es\/wp-json\/wp\/v2\/posts\/159342\/revisions"}],"predecessor-version":[{"id":159604,"href":"https:\/\/exaudi.org\/es\/wp-json\/wp\/v2\/posts\/159342\/revisions\/159604"}],"wp:featuredmedia":[{"embeddable":true,"href":"https:\/\/exaudi.org\/es\/wp-json\/wp\/v2\/media\/159345"}],"wp:attachment":[{"href":"https:\/\/exaudi.org\/es\/wp-json\/wp\/v2\/media?parent=159342"}],"wp:term":[{"taxonomy":"category","embeddable":true,"href":"https:\/\/exaudi.org\/es\/wp-json\/wp\/v2\/categories?post=159342"},{"taxonomy":"post_tag","embeddable":true,"href":"https:\/\/exaudi.org\/es\/wp-json\/wp\/v2\/tags?post=159342"}],"curies":[{"name":"wp","href":"https:\/\/api.w.org\/{rel}","templated":true}]}}