{"id":158977,"date":"2026-02-23T01:51:55","date_gmt":"2026-02-23T00:51:55","guid":{"rendered":"https:\/\/exaudi.org\/?p=158977"},"modified":"2026-02-25T11:44:40","modified_gmt":"2026-02-25T10:44:40","slug":"la-paz-cristiana-condicion-para-una-sociedad-transformada","status":"publish","type":"post","link":"https:\/\/exaudi.org\/es\/la-paz-cristiana-condicion-para-una-sociedad-transformada\/","title":{"rendered":"La paz cristiana, condici\u00f3n para una sociedad transformada"},"content":{"rendered":"<p>La primera meditaci\u00f3n en la Capilla Paulina para Le\u00f3n XIV y la Curia Romana, la tarde del domingo 22 de febrero, estuvo a cargo del predicador, obispo cisterciense noruego de Trondheim, sobre el tema \u00abEntrando en la Cuaresma\u00bb. Es un tiempo de lucha espiritual en busca de una paz \u00abque el mundo no puede dar\u00bb y que \u00abda testimonio de la presencia constante de Jes\u00fas en nosotros\u00bb.<\/p>\n<p>\u00abLa paz cristiana no es la promesa de una vida f\u00e1cil; es la condici\u00f3n para una sociedad transformada\u00bb. As\u00ed lo enfatiz\u00f3 Monse\u00f1or Erik Varden, monje de la Orden Cisterciense de los Trapenses de la Estricta Observancia y obispo de Trondheim (Noruega), en la primera de las meditaciones para los Ejercicios Espirituales del Papa y la Curia Romana, celebrada la tarde de este domingo 22 de febrero en la Capilla Paulina del Palacio Apost\u00f3lico, sobre el tema \u00abEntrando en la Cuaresma\u00bb. Ante Le\u00f3n XIV, los cardenales residentes en Roma y los jefes de los dicasterios de la Curia Romana, el obispo noruego desarroll\u00f3 el tema elegido: \u00abIluminados por una gloria oculta\u00bb.<\/p>\n<h3><strong>La ira es un obst\u00e1culo para la presencia del Esp\u00edritu en nosotros<\/strong><\/h3>\n<p>El predicador explica que la Iglesia infunde paz en nuestro programa cuaresmal, y que es hora de articular la radicalidad de la paz cristiana, su arraigo en una entrega justa y valiente, record\u00e1ndonos a nosotros mismos y a los dem\u00e1s la verdad de las palabras inmortales de San Juan Cl\u00edmaco: \u00abNo hay mayor obst\u00e1culo para la presencia del Esp\u00edritu en nosotros que la ira\u00bb. Esta es una paz \u00abque el mundo no puede dar\u00bb y que \u00abda testimonio de la presencia constante de Jes\u00fas en nosotros\u00bb. Y recuerda que \u00abla fidelidad al ejemplo y a los mandamientos de Cristo es el sello distintivo de la autenticidad cristiana\u00bb.<\/p>\n<p><img loading=\"lazy\" decoding=\"async\" class=\"size-full wp-image-158983 alignnone\" src=\"https:\/\/exaudi.org\/wp-content\/uploads\/2026\/02\/cq5dam.thumbnail.cropped.750.422-14.jpeg\" alt=\"\" width=\"750\" height=\"422\" srcset=\"https:\/\/exaudi.org\/wp-content\/uploads\/2026\/02\/cq5dam.thumbnail.cropped.750.422-14.jpeg 750w, https:\/\/exaudi.org\/wp-content\/uploads\/2026\/02\/cq5dam.thumbnail.cropped.750.422-14-300x169.jpeg 300w, https:\/\/exaudi.org\/wp-content\/uploads\/2026\/02\/cq5dam.thumbnail.cropped.750.422-14-500x281.jpeg 500w\" sizes=\"auto, (max-width: 750px) 100vw, 750px\" \/><\/p>\n<h3><strong>La Cuaresma nos pone cara a cara con lo esencial<\/strong><\/h3>\n<p>La Cuaresma, explica Monse\u00f1or Varden, nos confronta con lo esencial. \u00abNos lleva a un espacio material y simb\u00f3lico liberado de lo superfluo. Las cosas que nos distraen, incluso las buenas, quedan temporalmente de lado\u00bb. Es un tiempo de aut\u00e9ntica lucha espiritual, en el que la Iglesia \u00abno disminuye la invitaci\u00f3n a luchar contra los vicios y las pasiones da\u00f1inas: su lenguaje es &#8216;S\u00ed, s\u00ed&#8217;, &#8216;No, no&#8217;, no &#8216;ahora esto&#8217;, &#8216;ahora aquello&#8217;\u00bb. Y nos ofrece, al inicio de la batalla cuaresmal, \u00abuna melod\u00eda que trae paz, como banda sonora para este tiempo\u00bb. Es el \u00abtractus\u00bb, el canto solemne que durante m\u00e1s de mil a\u00f1os ha utilizado la liturgia romana del Primer Domingo de Cuaresma antes del Evangelio de la tentaci\u00f3n de Cristo en el desierto.<\/p>\n<h3><strong>San Bernardo y el canto solemne del Salmo 90<\/strong><\/h3>\n<p>Un canto que, como analiza el predicador en su meditaci\u00f3n, \u00abreproduce casi en su totalidad el texto del Salmo 90,\u00a0\u00a0<i>Qui habitat<\/i>\u00a0\u00bb. San Bernardo, durante la Cuaresma de 1139, predic\u00f3 una serie de diecisiete sermones sobre\u00a0<i>Qui habitat<\/i>\u00a0a sus monjes . En sus meditaciones, concluye Monse\u00f1or Vadren, el santo monje cisterciense explica \u00ablo que significa vivir en gracia cuando combatimos el mal, promovemos el bien, defendemos la verdad y seguimos el camino del \u00e9xodo de la esclavitud hacia la tierra prometida, sin desviarnos ni a la derecha ni a la izquierda, permaneciendo en paz, conscientes de que bajo lo que a veces parece caminar sobre el filo de la navaja, &#8216;hay brazos eternos&#8217;\u00bb. En resumen, nos invita a comprometernos con renovado entusiasmo \u00abcon un discipulado lleno de amor y claridad\u00bb.<\/p>\n<h3><strong>Las pr\u00f3ximas meditaciones, hasta el 27 de febrero<\/strong><\/h3>\n<p>Del lunes 23 al 27 de febrero, habr\u00e1 dos meditaciones: a las 9:00 h, precedida por la Oraci\u00f3n del Mediod\u00eda, y a las 17:00 h, seguida de la Adoraci\u00f3n Eucar\u00edstica y las V\u00edsperas. Tras la primera reflexi\u00f3n del domingo, se programar\u00e1n dos m\u00e1s sobre San Bernardo: \u00abSan Bernardo el Idealista\u00bb la ma\u00f1ana del 23 y \u00abSan Bernardo el Realista\u00bb la tarde del 26 de febrero. Los otros temas tratan sobre la ayuda de Dios; la liberaci\u00f3n; el esplendor de la verdad; mil caer\u00e1n; \u00abYo lo glorificar\u00e9\u00bb; los \u00e1ngeles de Dios; y la consideraci\u00f3n. La meditaci\u00f3n final concluir\u00e1 con una meditaci\u00f3n final centrada en \u00abComunicar la Esperanza\u00bb.<\/p>\n<p><iframe loading=\"lazy\" title=\"2026.02.22 HIGHLIGHTS - SPIRITUAL EXERCISES , First Meditation\" width=\"500\" height=\"281\" src=\"https:\/\/www.youtube.com\/embed\/wPimRUL60rY?feature=oembed\" frameborder=\"0\" allow=\"accelerometer; autoplay; clipboard-write; encrypted-media; gyroscope; picture-in-picture; web-share\" referrerpolicy=\"strict-origin-when-cross-origin\" allowfullscreen><\/iframe><\/p>\n<ol>\n<li><a href=\"https:\/\/exaudi.org\/es\/la-paz-cristiana-condicion-para-una-sociedad-transformada\/\" target=\"_blank\" rel=\"noopener\"><em><strong>Primera meditaci\u00f3n<\/strong><\/em><\/a><\/li>\n<li><a href=\"https:\/\/exaudi.org\/es\/san-bernardo-como-guia-ideal-para-el-exodo-cuaresmal-del-ego-y-el-orgullo\/\" target=\"_blank\" rel=\"noopener\"><em><strong>Segunda meditaci\u00f3n<\/strong><\/em><\/a><\/li>\n<li><a href=\"https:\/\/exaudi.org\/es\/como-vivir-con-la-ayuda-de-dios\/\" target=\"_blank\" rel=\"noopener\"><em><strong>Tercera meditaci\u00f3n<\/strong><\/em><\/a><\/li>\n<li><em><strong><a href=\"https:\/\/exaudi.org\/es\/como-llegar-a-ser-libres\/\" target=\"_blank\" rel=\"noopener\">Cuarta meditaci\u00f3n<\/a><\/strong><\/em><\/li>\n<\/ol>\n","protected":false},"excerpt":{"rendered":"<p>Ejercicios Espirituales<\/p>\n","protected":false},"author":15,"featured_media":158979,"comment_status":"closed","ping_status":"closed","sticky":false,"template":"","format":"standard","meta":{"_acf_changed":false,"_crdt_document":"","inline_featured_image":false,"footnotes":""},"categories":[],"tags":[57293,97881,47142,47142,47142,47142,47142,47142,47142,97882,64069,23014,23014,97878,32875,97877,97879,97880],"class_list":{"0":"post-158977","1":"post","2":"type-post","3":"status-publish","4":"format-standard","5":"has-post-thumbnail","6":"hentry","7":"tag-doctrina-social-iglesia","8":"tag-espiritualidad-paz","9":"tag-exaudi-org","16":"tag-justicia-paz","17":"tag-paz-cristiana","18":"tag-paz-interior","20":"tag-paz-segun-el-evangelio","21":"tag-reconciliacion-cristiana","22":"tag-sociedad-transformada","23":"tag-transformacion-social-cristiana","24":"tag-valores-cristianos-sociedad"},"acf":[],"yoast_head":"<!-- This site is optimized with the Yoast SEO plugin v27.5 - https:\/\/yoast.com\/product\/yoast-seo-wordpress\/ -->\n<title>La paz cristiana, condici\u00f3n para una sociedad transformada &#8211; Exaudi<\/title>\n<meta name=\"robots\" content=\"index, follow, max-snippet:-1, max-image-preview:large, max-video-preview:-1\" \/>\n<link rel=\"canonical\" href=\"https:\/\/exaudi.org\/es\/la-paz-cristiana-condicion-para-una-sociedad-transformada\/\" \/>\n<meta property=\"og:locale\" content=\"es_ES\" \/>\n<meta property=\"og:type\" content=\"article\" \/>\n<meta property=\"og:title\" content=\"La paz cristiana, condici\u00f3n para una sociedad transformada &#8211; Exaudi\" \/>\n<meta property=\"og:description\" content=\"Ejercicios Espirituales\" \/>\n<meta property=\"og:url\" content=\"https:\/\/exaudi.org\/es\/la-paz-cristiana-condicion-para-una-sociedad-transformada\/\" \/>\n<meta property=\"og:site_name\" content=\"Exaudi\" \/>\n<meta property=\"article:publisher\" content=\"https:\/\/www.facebook.com\/ExaudiNews\" \/>\n<meta property=\"article:author\" content=\"https:\/\/www.facebook.com\/ExaudiNoticias\/\" \/>\n<meta property=\"article:published_time\" content=\"2026-02-23T00:51:55+00:00\" \/>\n<meta property=\"article:modified_time\" content=\"2026-02-25T10:44:40+00:00\" \/>\n<meta property=\"og:image\" content=\"https:\/\/exaudi.org\/wp-content\/uploads\/2026\/02\/cq5dam.thumbnail.cropped.750.422-2-3.jpeg\" \/>\n\t<meta property=\"og:image:width\" content=\"750\" \/>\n\t<meta property=\"og:image:height\" content=\"422\" \/>\n\t<meta property=\"og:image:type\" content=\"image\/jpeg\" \/>\n<meta name=\"author\" content=\"Exaudi Redacci\u00f3n\" \/>\n<meta name=\"twitter:card\" content=\"summary_large_image\" \/>\n<meta name=\"twitter:creator\" content=\"@Exaudi_noticias\" \/>\n<meta name=\"twitter:site\" content=\"@Exaudi_News\" \/>\n<meta name=\"twitter:label1\" content=\"Escrito por\" \/>\n\t<meta name=\"twitter:data1\" content=\"Exaudi Redacci\u00f3n\" \/>\n\t<meta name=\"twitter:label2\" content=\"Tiempo de lectura\" \/>\n\t<meta name=\"twitter:data2\" content=\"4 minutos\" \/>\n<script type=\"application\/ld+json\" class=\"yoast-schema-graph\">{\"@context\":\"https:\\\/\\\/schema.org\",\"@graph\":[{\"@type\":\"Article\",\"@id\":\"https:\\\/\\\/exaudi.org\\\/es\\\/la-paz-cristiana-condicion-para-una-sociedad-transformada\\\/#article\",\"isPartOf\":{\"@id\":\"https:\\\/\\\/exaudi.org\\\/es\\\/la-paz-cristiana-condicion-para-una-sociedad-transformada\\\/\"},\"author\":{\"name\":\"Exaudi Redacci\u00f3n\",\"@id\":\"https:\\\/\\\/exaudi.org\\\/#\\\/schema\\\/person\\\/f5fc8f063065e38742da7afe15f25df7\"},\"headline\":\"La paz cristiana, condici\u00f3n para una sociedad transformada\",\"datePublished\":\"2026-02-23T00:51:55+00:00\",\"dateModified\":\"2026-02-25T10:44:40+00:00\",\"mainEntityOfPage\":{\"@id\":\"https:\\\/\\\/exaudi.org\\\/es\\\/la-paz-cristiana-condicion-para-una-sociedad-transformada\\\/\"},\"wordCount\":742,\"image\":{\"@id\":\"https:\\\/\\\/exaudi.org\\\/es\\\/la-paz-cristiana-condicion-para-una-sociedad-transformada\\\/#primaryimage\"},\"thumbnailUrl\":\"https:\\\/\\\/exaudi.org\\\/wp-content\\\/uploads\\\/2026\\\/02\\\/cq5dam.thumbnail.cropped.750.422-2-3.jpeg\",\"keywords\":[\"doctrina social iglesia\",\"espiritualidad paz\",\"exaudi.org\",\"exaudi.org\",\"exaudi.org\",\"exaudi.org\",\"exaudi.org\",\"exaudi.org\",\"exaudi.org\",\"justicia paz\",\"paz cristiana\",\"paz interior\",\"paz interior\",\"paz seg\u00fan el Evangelio\",\"reconciliaci\u00f3n cristiana\",\"sociedad transformada\",\"transformaci\u00f3n social cristiana\",\"valores cristianos sociedad\"],\"inLanguage\":\"es\"},{\"@type\":\"WebPage\",\"@id\":\"https:\\\/\\\/exaudi.org\\\/es\\\/la-paz-cristiana-condicion-para-una-sociedad-transformada\\\/\",\"url\":\"https:\\\/\\\/exaudi.org\\\/es\\\/la-paz-cristiana-condicion-para-una-sociedad-transformada\\\/\",\"name\":\"La paz cristiana, condici\u00f3n para una sociedad transformada &#8211; Exaudi\",\"isPartOf\":{\"@id\":\"https:\\\/\\\/exaudi.org\\\/#website\"},\"primaryImageOfPage\":{\"@id\":\"https:\\\/\\\/exaudi.org\\\/es\\\/la-paz-cristiana-condicion-para-una-sociedad-transformada\\\/#primaryimage\"},\"image\":{\"@id\":\"https:\\\/\\\/exaudi.org\\\/es\\\/la-paz-cristiana-condicion-para-una-sociedad-transformada\\\/#primaryimage\"},\"thumbnailUrl\":\"https:\\\/\\\/exaudi.org\\\/wp-content\\\/uploads\\\/2026\\\/02\\\/cq5dam.thumbnail.cropped.750.422-2-3.jpeg\",\"datePublished\":\"2026-02-23T00:51:55+00:00\",\"dateModified\":\"2026-02-25T10:44:40+00:00\",\"author\":{\"@id\":\"https:\\\/\\\/exaudi.org\\\/#\\\/schema\\\/person\\\/f5fc8f063065e38742da7afe15f25df7\"},\"breadcrumb\":{\"@id\":\"https:\\\/\\\/exaudi.org\\\/es\\\/la-paz-cristiana-condicion-para-una-sociedad-transformada\\\/#breadcrumb\"},\"inLanguage\":\"es\",\"potentialAction\":[{\"@type\":\"ReadAction\",\"target\":[\"https:\\\/\\\/exaudi.org\\\/es\\\/la-paz-cristiana-condicion-para-una-sociedad-transformada\\\/\"]}]},{\"@type\":\"ImageObject\",\"inLanguage\":\"es\",\"@id\":\"https:\\\/\\\/exaudi.org\\\/es\\\/la-paz-cristiana-condicion-para-una-sociedad-transformada\\\/#primaryimage\",\"url\":\"https:\\\/\\\/exaudi.org\\\/wp-content\\\/uploads\\\/2026\\\/02\\\/cq5dam.thumbnail.cropped.750.422-2-3.jpeg\",\"contentUrl\":\"https:\\\/\\\/exaudi.org\\\/wp-content\\\/uploads\\\/2026\\\/02\\\/cq5dam.thumbnail.cropped.750.422-2-3.jpeg\",\"width\":750,\"height\":422},{\"@type\":\"BreadcrumbList\",\"@id\":\"https:\\\/\\\/exaudi.org\\\/es\\\/la-paz-cristiana-condicion-para-una-sociedad-transformada\\\/#breadcrumb\",\"itemListElement\":[{\"@type\":\"ListItem\",\"position\":1,\"name\":\"Portada\",\"item\":\"https:\\\/\\\/exaudi.org\\\/es\\\/\"},{\"@type\":\"ListItem\",\"position\":2,\"name\":\"La paz cristiana, condici\u00f3n para una sociedad transformada\"}]},{\"@type\":\"WebSite\",\"@id\":\"https:\\\/\\\/exaudi.org\\\/#website\",\"url\":\"https:\\\/\\\/exaudi.org\\\/\",\"name\":\"Exaudi\",\"description\":\"News\",\"potentialAction\":[{\"@type\":\"SearchAction\",\"target\":{\"@type\":\"EntryPoint\",\"urlTemplate\":\"https:\\\/\\\/exaudi.org\\\/?s={search_term_string}\"},\"query-input\":{\"@type\":\"PropertyValueSpecification\",\"valueRequired\":true,\"valueName\":\"search_term_string\"}}],\"inLanguage\":\"es\"},{\"@type\":\"Person\",\"@id\":\"https:\\\/\\\/exaudi.org\\\/#\\\/schema\\\/person\\\/f5fc8f063065e38742da7afe15f25df7\",\"name\":\"Exaudi Redacci\u00f3n\",\"image\":{\"@type\":\"ImageObject\",\"inLanguage\":\"es\",\"@id\":\"https:\\\/\\\/secure.gravatar.com\\\/avatar\\\/fe0f6a059fb68d9b3e11bc5850dd4899b1c7492091a3cb6dd9b01b56ad828be2?s=96&d=mm&r=g\",\"url\":\"https:\\\/\\\/secure.gravatar.com\\\/avatar\\\/fe0f6a059fb68d9b3e11bc5850dd4899b1c7492091a3cb6dd9b01b56ad828be2?s=96&d=mm&r=g\",\"contentUrl\":\"https:\\\/\\\/secure.gravatar.com\\\/avatar\\\/fe0f6a059fb68d9b3e11bc5850dd4899b1c7492091a3cb6dd9b01b56ad828be2?s=96&d=mm&r=g\",\"caption\":\"Exaudi Redacci\u00f3n\"},\"description\":\"\u00bfQu\u00e9 es Exaudi News? Exaudi News es un medio de comunicaci\u00f3n cat\u00f3lico internacional que informa, forma y transforma, diariamente en espa\u00f1ol, ingl\u00e9s e italiano. A trav\u00e9s de noticias, art\u00edculos de an\u00e1lisis y transmisiones en directo de los eventos del Papa, Exaudi busca fortalecer la unidad de los cristianos y contribuir a la evangelizaci\u00f3n del mundo, siempre guiados por la doctrina social de la Iglesia. Trabajamos para acercar la verdad y los valores cristianos a cada rinc\u00f3n del planeta. \u00a1Ay\u00fadanos a transformar el mundo con Exaudi! En Exaudi creemos que la evangelizaci\u00f3n y la informaci\u00f3n de calidad pueden cambiar vidas. Para continuar con nuestra misi\u00f3n y expandir nuestro alcance, necesitamos tu ayuda. Adem\u00e1s, buscamos personas comprometidas que deseen unirse a nuestro equipo. Con tu apoyo, lograremos llegar a m\u00e1s personas, difundir el mensaje de Cristo y reforzar la unidad de los cristianos. \u00bfTe unes a nuestra misi\u00f3n? Para m\u00e1s informaci\u00f3n sobre c\u00f3mo colaborar, visita Exaudi.org\\\/es o cont\u00e1ctanos directamente: info@exaudi.org Exaudi: Informa, forma y transforma.\",\"sameAs\":[\"https:\\\/\\\/www.facebook.com\\\/ExaudiNoticias\\\/\",\"https:\\\/\\\/www.instagram.com\\\/exaudi_noticias\\\/\",\"https:\\\/\\\/x.com\\\/Exaudi_noticias\",\"https:\\\/\\\/www.youtube.com\\\/@exaudicatholicnews\"],\"url\":\"https:\\\/\\\/exaudi.org\\\/es\\\/author\\\/redaccionexaudi\\\/\"}]}<\/script>\n<!-- \/ Yoast SEO plugin. -->","yoast_head_json":{"title":"La paz cristiana, condici\u00f3n para una sociedad transformada &#8211; Exaudi","robots":{"index":"index","follow":"follow","max-snippet":"max-snippet:-1","max-image-preview":"max-image-preview:large","max-video-preview":"max-video-preview:-1"},"canonical":"https:\/\/exaudi.org\/es\/la-paz-cristiana-condicion-para-una-sociedad-transformada\/","og_locale":"es_ES","og_type":"article","og_title":"La paz cristiana, condici\u00f3n para una sociedad transformada &#8211; Exaudi","og_description":"Ejercicios Espirituales","og_url":"https:\/\/exaudi.org\/es\/la-paz-cristiana-condicion-para-una-sociedad-transformada\/","og_site_name":"Exaudi","article_publisher":"https:\/\/www.facebook.com\/ExaudiNews","article_author":"https:\/\/www.facebook.com\/ExaudiNoticias\/","article_published_time":"2026-02-23T00:51:55+00:00","article_modified_time":"2026-02-25T10:44:40+00:00","og_image":[{"width":750,"height":422,"url":"https:\/\/exaudi.org\/wp-content\/uploads\/2026\/02\/cq5dam.thumbnail.cropped.750.422-2-3.jpeg","type":"image\/jpeg"}],"author":"Exaudi Redacci\u00f3n","twitter_card":"summary_large_image","twitter_creator":"@Exaudi_noticias","twitter_site":"@Exaudi_News","twitter_misc":{"Escrito por":"Exaudi Redacci\u00f3n","Tiempo de lectura":"4 minutos"},"schema":{"@context":"https:\/\/schema.org","@graph":[{"@type":"Article","@id":"https:\/\/exaudi.org\/es\/la-paz-cristiana-condicion-para-una-sociedad-transformada\/#article","isPartOf":{"@id":"https:\/\/exaudi.org\/es\/la-paz-cristiana-condicion-para-una-sociedad-transformada\/"},"author":{"name":"Exaudi Redacci\u00f3n","@id":"https:\/\/exaudi.org\/#\/schema\/person\/f5fc8f063065e38742da7afe15f25df7"},"headline":"La paz cristiana, condici\u00f3n para una sociedad transformada","datePublished":"2026-02-23T00:51:55+00:00","dateModified":"2026-02-25T10:44:40+00:00","mainEntityOfPage":{"@id":"https:\/\/exaudi.org\/es\/la-paz-cristiana-condicion-para-una-sociedad-transformada\/"},"wordCount":742,"image":{"@id":"https:\/\/exaudi.org\/es\/la-paz-cristiana-condicion-para-una-sociedad-transformada\/#primaryimage"},"thumbnailUrl":"https:\/\/exaudi.org\/wp-content\/uploads\/2026\/02\/cq5dam.thumbnail.cropped.750.422-2-3.jpeg","keywords":["doctrina social iglesia","espiritualidad paz","exaudi.org","exaudi.org","exaudi.org","exaudi.org","exaudi.org","exaudi.org","exaudi.org","justicia paz","paz cristiana","paz interior","paz interior","paz seg\u00fan el Evangelio","reconciliaci\u00f3n cristiana","sociedad transformada","transformaci\u00f3n social cristiana","valores cristianos sociedad"],"inLanguage":"es"},{"@type":"WebPage","@id":"https:\/\/exaudi.org\/es\/la-paz-cristiana-condicion-para-una-sociedad-transformada\/","url":"https:\/\/exaudi.org\/es\/la-paz-cristiana-condicion-para-una-sociedad-transformada\/","name":"La paz cristiana, condici\u00f3n para una sociedad transformada &#8211; Exaudi","isPartOf":{"@id":"https:\/\/exaudi.org\/#website"},"primaryImageOfPage":{"@id":"https:\/\/exaudi.org\/es\/la-paz-cristiana-condicion-para-una-sociedad-transformada\/#primaryimage"},"image":{"@id":"https:\/\/exaudi.org\/es\/la-paz-cristiana-condicion-para-una-sociedad-transformada\/#primaryimage"},"thumbnailUrl":"https:\/\/exaudi.org\/wp-content\/uploads\/2026\/02\/cq5dam.thumbnail.cropped.750.422-2-3.jpeg","datePublished":"2026-02-23T00:51:55+00:00","dateModified":"2026-02-25T10:44:40+00:00","author":{"@id":"https:\/\/exaudi.org\/#\/schema\/person\/f5fc8f063065e38742da7afe15f25df7"},"breadcrumb":{"@id":"https:\/\/exaudi.org\/es\/la-paz-cristiana-condicion-para-una-sociedad-transformada\/#breadcrumb"},"inLanguage":"es","potentialAction":[{"@type":"ReadAction","target":["https:\/\/exaudi.org\/es\/la-paz-cristiana-condicion-para-una-sociedad-transformada\/"]}]},{"@type":"ImageObject","inLanguage":"es","@id":"https:\/\/exaudi.org\/es\/la-paz-cristiana-condicion-para-una-sociedad-transformada\/#primaryimage","url":"https:\/\/exaudi.org\/wp-content\/uploads\/2026\/02\/cq5dam.thumbnail.cropped.750.422-2-3.jpeg","contentUrl":"https:\/\/exaudi.org\/wp-content\/uploads\/2026\/02\/cq5dam.thumbnail.cropped.750.422-2-3.jpeg","width":750,"height":422},{"@type":"BreadcrumbList","@id":"https:\/\/exaudi.org\/es\/la-paz-cristiana-condicion-para-una-sociedad-transformada\/#breadcrumb","itemListElement":[{"@type":"ListItem","position":1,"name":"Portada","item":"https:\/\/exaudi.org\/es\/"},{"@type":"ListItem","position":2,"name":"La paz cristiana, condici\u00f3n para una sociedad transformada"}]},{"@type":"WebSite","@id":"https:\/\/exaudi.org\/#website","url":"https:\/\/exaudi.org\/","name":"Exaudi","description":"News","potentialAction":[{"@type":"SearchAction","target":{"@type":"EntryPoint","urlTemplate":"https:\/\/exaudi.org\/?s={search_term_string}"},"query-input":{"@type":"PropertyValueSpecification","valueRequired":true,"valueName":"search_term_string"}}],"inLanguage":"es"},{"@type":"Person","@id":"https:\/\/exaudi.org\/#\/schema\/person\/f5fc8f063065e38742da7afe15f25df7","name":"Exaudi Redacci\u00f3n","image":{"@type":"ImageObject","inLanguage":"es","@id":"https:\/\/secure.gravatar.com\/avatar\/fe0f6a059fb68d9b3e11bc5850dd4899b1c7492091a3cb6dd9b01b56ad828be2?s=96&d=mm&r=g","url":"https:\/\/secure.gravatar.com\/avatar\/fe0f6a059fb68d9b3e11bc5850dd4899b1c7492091a3cb6dd9b01b56ad828be2?s=96&d=mm&r=g","contentUrl":"https:\/\/secure.gravatar.com\/avatar\/fe0f6a059fb68d9b3e11bc5850dd4899b1c7492091a3cb6dd9b01b56ad828be2?s=96&d=mm&r=g","caption":"Exaudi Redacci\u00f3n"},"description":"\u00bfQu\u00e9 es Exaudi News? Exaudi News es un medio de comunicaci\u00f3n cat\u00f3lico internacional que informa, forma y transforma, diariamente en espa\u00f1ol, ingl\u00e9s e italiano. A trav\u00e9s de noticias, art\u00edculos de an\u00e1lisis y transmisiones en directo de los eventos del Papa, Exaudi busca fortalecer la unidad de los cristianos y contribuir a la evangelizaci\u00f3n del mundo, siempre guiados por la doctrina social de la Iglesia. Trabajamos para acercar la verdad y los valores cristianos a cada rinc\u00f3n del planeta. \u00a1Ay\u00fadanos a transformar el mundo con Exaudi! En Exaudi creemos que la evangelizaci\u00f3n y la informaci\u00f3n de calidad pueden cambiar vidas. Para continuar con nuestra misi\u00f3n y expandir nuestro alcance, necesitamos tu ayuda. Adem\u00e1s, buscamos personas comprometidas que deseen unirse a nuestro equipo. Con tu apoyo, lograremos llegar a m\u00e1s personas, difundir el mensaje de Cristo y reforzar la unidad de los cristianos. \u00bfTe unes a nuestra misi\u00f3n? Para m\u00e1s informaci\u00f3n sobre c\u00f3mo colaborar, visita Exaudi.org\/es o cont\u00e1ctanos directamente: info@exaudi.org Exaudi: Informa, forma y transforma.","sameAs":["https:\/\/www.facebook.com\/ExaudiNoticias\/","https:\/\/www.instagram.com\/exaudi_noticias\/","https:\/\/x.com\/Exaudi_noticias","https:\/\/www.youtube.com\/@exaudicatholicnews"],"url":"https:\/\/exaudi.org\/es\/author\/redaccionexaudi\/"}]}},"jetpack_featured_media_url":"https:\/\/exaudi.org\/wp-content\/uploads\/2026\/02\/cq5dam.thumbnail.cropped.750.422-2-3.jpeg","jetpack_shortlink":"https:\/\/wp.me\/pgKjF2-Fm9","_links":{"self":[{"href":"https:\/\/exaudi.org\/es\/wp-json\/wp\/v2\/posts\/158977","targetHints":{"allow":["GET"]}}],"collection":[{"href":"https:\/\/exaudi.org\/es\/wp-json\/wp\/v2\/posts"}],"about":[{"href":"https:\/\/exaudi.org\/es\/wp-json\/wp\/v2\/types\/post"}],"author":[{"embeddable":true,"href":"https:\/\/exaudi.org\/es\/wp-json\/wp\/v2\/users\/15"}],"replies":[{"embeddable":true,"href":"https:\/\/exaudi.org\/es\/wp-json\/wp\/v2\/comments?post=158977"}],"version-history":[{"count":6,"href":"https:\/\/exaudi.org\/es\/wp-json\/wp\/v2\/posts\/158977\/revisions"}],"predecessor-version":[{"id":159430,"href":"https:\/\/exaudi.org\/es\/wp-json\/wp\/v2\/posts\/158977\/revisions\/159430"}],"wp:featuredmedia":[{"embeddable":true,"href":"https:\/\/exaudi.org\/es\/wp-json\/wp\/v2\/media\/158979"}],"wp:attachment":[{"href":"https:\/\/exaudi.org\/es\/wp-json\/wp\/v2\/media?parent=158977"}],"wp:term":[{"taxonomy":"category","embeddable":true,"href":"https:\/\/exaudi.org\/es\/wp-json\/wp\/v2\/categories?post=158977"},{"taxonomy":"post_tag","embeddable":true,"href":"https:\/\/exaudi.org\/es\/wp-json\/wp\/v2\/tags?post=158977"}],"curies":[{"name":"wp","href":"https:\/\/api.w.org\/{rel}","templated":true}]}}