{"id":158621,"date":"2026-02-19T07:35:50","date_gmt":"2026-02-19T06:35:50","guid":{"rendered":"https:\/\/exaudi.org\/?p=158621"},"modified":"2026-02-19T14:21:21","modified_gmt":"2026-02-19T13:21:21","slug":"beato-alvaro-de-cordoba-19-de-febrero","status":"publish","type":"post","link":"https:\/\/exaudi.org\/es\/beato-alvaro-de-cordoba-19-de-febrero\/","title":{"rendered":"Beato \u00c1lvaro de C\u00f3rdoba, 19 de febrero"},"content":{"rendered":"<p dir=\"auto\">El Beato \u00c1lvaro de C\u00f3rdoba (c. 1360-1430), conocido tambi\u00e9n como \u00c1lvaro de Zamora o fray \u00c1lvaro Zamorensis en los documentos eclesi\u00e1sticos antiguos, es una figura destacada de la Orden de Predicadores (dominicos) en el siglo XV. Nacido en Zamora alrededor de 1360, perteneciente a la noble familia Cardona (o L\u00f3pez de C\u00f3rdoba y Carrillo seg\u00fan algunas tradiciones locales), ingres\u00f3 muy joven en la Orden dominica en 1368, en el convento de San Pedro M\u00e1rtir de C\u00f3rdoba.<\/p>\n<p dir=\"auto\">Formado en teolog\u00eda y maestro por la Universidad de Salamanca, destac\u00f3 como profesor en el Estudio General de San Pablo en Valladolid y como confesor de la reina Catalina de Lancaster y del futuro rey Juan II de Castilla. Sin embargo, su vida cambi\u00f3 radicalmente al sentir el llamado a una reforma profunda de la vida religiosa, en un tiempo marcado por la crisis del Cisma de Occidente, la peste negra y la relajaci\u00f3n en muchos conventos.<\/p>\n<p dir=\"auto\">Colabor\u00f3 activamente en la reforma de la Orden de Predicadores impulsada por el Beato Raimundo de Capua (maestro general y disc\u00edpulo de santa Catalina de Siena). Tras una peregrinaci\u00f3n a Tierra Santa entre 1418 y 1420, donde contempl\u00f3 directamente los lugares de la Pasi\u00f3n del Se\u00f1or, qued\u00f3 profundamente impactado por el Camino del Calvario. A su regreso, fund\u00f3 en las estribaciones de Sierra Morena, cerca de C\u00f3rdoba, el convento de Escalaceli (Scala Coeli, \u00abEscalera al Cielo\u00bb), concebido como un lugar de estricta observancia y oraci\u00f3n contemplativa.<\/p>\n<p dir=\"auto\">En este convento, el Beato \u00c1lvaro instaur\u00f3 el primer V\u00eda Crucis localizado conocido en Occidente: un recorrido con estaciones que reproduc\u00eda los pasos de Jes\u00fas hacia el G\u00f3lgota, permitiendo a los fieles meditar la Pasi\u00f3n sin necesidad de viajar a Jerusal\u00e9n. Esta innovaci\u00f3n espiritual se extendi\u00f3 r\u00e1pidamente y se convirti\u00f3 en una de las devociones m\u00e1s queridas de la Iglesia, especialmente en la piedad popular hispana.<\/p>\n<p dir=\"auto\">Nombrado por el papa Mart\u00edn V superior de los conventos reformados de Espa\u00f1a, fray \u00c1lvaro predic\u00f3 incansablemente por ciudades y caminos de la pen\u00ednsula, Provenza, Saboya e Italia, defendiendo la unidad de la Iglesia y combatiendo la corrupci\u00f3n de costumbres. Muri\u00f3 en olor de santidad en Escalaceli el 19 de febrero de 1430. Sus reliquias se conservan en el mismo convento, donde su memoria se venera con devoci\u00f3n.<\/p>\n<p dir=\"auto\">El papa Benedicto XIV confirm\u00f3 su culto el 22 de septiembre de 1741, beatific\u00e1ndolo e inscribi\u00e9ndolo en los martirologios. En C\u00f3rdoba, la devoci\u00f3n popular lo llama \u00abSan \u00c1lvaro\u00bb y es patrono de numerosas hermandades y cofrad\u00edas, que ven en \u00e9l al inspirador de la espiritualidad cofrade centrada en la Pasi\u00f3n de Cristo.<\/p>\n<p dir=\"auto\">Su vida ejemplar nos recuerda que la verdadera reforma de la Iglesia comienza siempre por la conversi\u00f3n personal, la oraci\u00f3n y el amor ardiente a la Cruz. Como dominico fiel al carisma de santo Domingo, combin\u00f3 la predicaci\u00f3n con la contemplaci\u00f3n, dejando un legado que sigue vivo en la devoci\u00f3n al V\u00eda Crucis y en la b\u00fasqueda de una vida religiosa m\u00e1s evang\u00e9lica.<\/p>\n<p dir=\"auto\"><img loading=\"lazy\" decoding=\"async\" class=\"size-full wp-image-158626 alignnone\" src=\"https:\/\/exaudi.org\/wp-content\/uploads\/2026\/02\/Santoral-10.jpg\" alt=\"\" width=\"1080\" height=\"1080\" srcset=\"https:\/\/exaudi.org\/wp-content\/uploads\/2026\/02\/Santoral-10.jpg 1080w, https:\/\/exaudi.org\/wp-content\/uploads\/2026\/02\/Santoral-10-300x300.jpg 300w, https:\/\/exaudi.org\/wp-content\/uploads\/2026\/02\/Santoral-10-1024x1024.jpg 1024w, https:\/\/exaudi.org\/wp-content\/uploads\/2026\/02\/Santoral-10-100x100.jpg?crop=1 100w, https:\/\/exaudi.org\/wp-content\/uploads\/2026\/02\/Santoral-10-770x770.jpg 770w, https:\/\/exaudi.org\/wp-content\/uploads\/2026\/02\/Santoral-10-500x500.jpg 500w\" sizes=\"auto, (max-width: 1080px) 100vw, 1080px\" \/><\/p>\n","protected":false},"excerpt":{"rendered":"<p>Reformador dominico y precursor del V\u00eda Crucis en Occidente<\/p>\n","protected":false},"author":15,"featured_media":158623,"comment_status":"closed","ping_status":"closed","sticky":false,"template":"","format":"standard","meta":{"_acf_changed":false,"_crdt_document":"","inline_featured_image":false,"footnotes":""},"categories":[],"tags":[97291,97282,97285,97287,97288,97283,97276,97278,97275,97292,97281,97286,97279,97280,97290,97284,97277,97289],"class_list":["post-158621","post","type-post","status-publish","format-standard","has-post-thumbnail","hentry","tag-alvaro-de-cordoba-op","tag-beato-alvaro-zamora","tag-beato-dominico-siglo-xv","tag-benedicto-xiv-beatificacion","tag-cofradias-cordoba-patron","tag-devocion-pasion-cristo","tag-dominico-cordoba","tag-escalaceli-convento","tag-fray-alvaro-zamorensis","tag-fundador-via-crucis-espana","tag-patrono-hermandades-cordoba","tag-predicador-reformador","tag-reforma-orden-predicadores","tag-santo-del-dia-19-febrero","tag-santoral-catolico-febrero","tag-scala-coeli-cordoba","tag-via-crucis-precursor","tag-via-dolorosa-occidente"],"acf":[],"yoast_head":"<!-- This site is optimized with the Yoast SEO plugin v27.5 - https:\/\/yoast.com\/product\/yoast-seo-wordpress\/ -->\n<title>Beato \u00c1lvaro de C\u00f3rdoba, 19 de febrero &#8211; Exaudi<\/title>\n<meta name=\"robots\" content=\"index, follow, max-snippet:-1, max-image-preview:large, max-video-preview:-1\" \/>\n<link rel=\"canonical\" href=\"https:\/\/exaudi.org\/es\/beato-alvaro-de-cordoba-19-de-febrero\/\" \/>\n<meta property=\"og:locale\" content=\"es_ES\" \/>\n<meta property=\"og:type\" content=\"article\" \/>\n<meta property=\"og:title\" content=\"Beato \u00c1lvaro de C\u00f3rdoba, 19 de febrero &#8211; Exaudi\" \/>\n<meta property=\"og:description\" content=\"Reformador dominico y precursor del V\u00eda Crucis en Occidente\" \/>\n<meta property=\"og:url\" content=\"https:\/\/exaudi.org\/es\/beato-alvaro-de-cordoba-19-de-febrero\/\" \/>\n<meta property=\"og:site_name\" content=\"Exaudi\" \/>\n<meta property=\"article:publisher\" content=\"https:\/\/www.facebook.com\/ExaudiNews\" \/>\n<meta property=\"article:author\" content=\"https:\/\/www.facebook.com\/ExaudiNoticias\/\" \/>\n<meta property=\"article:published_time\" content=\"2026-02-19T06:35:50+00:00\" \/>\n<meta property=\"article:modified_time\" content=\"2026-02-19T13:21:21+00:00\" \/>\n<meta property=\"og:image\" content=\"https:\/\/exaudi.org\/wp-content\/uploads\/2026\/02\/image-5.jpg\" \/>\n\t<meta property=\"og:image:width\" content=\"1360\" \/>\n\t<meta property=\"og:image:height\" content=\"752\" \/>\n\t<meta property=\"og:image:type\" content=\"image\/jpeg\" \/>\n<meta name=\"author\" content=\"Exaudi Redacci\u00f3n\" \/>\n<meta name=\"twitter:card\" content=\"summary_large_image\" \/>\n<meta name=\"twitter:creator\" content=\"@Exaudi_noticias\" \/>\n<meta name=\"twitter:site\" content=\"@Exaudi_News\" \/>\n<meta name=\"twitter:label1\" content=\"Escrito por\" \/>\n\t<meta name=\"twitter:data1\" content=\"Exaudi Redacci\u00f3n\" \/>\n\t<meta name=\"twitter:label2\" content=\"Tiempo de lectura\" \/>\n\t<meta name=\"twitter:data2\" content=\"3 minutos\" \/>\n<script type=\"application\/ld+json\" class=\"yoast-schema-graph\">{\"@context\":\"https:\\\/\\\/schema.org\",\"@graph\":[{\"@type\":\"Article\",\"@id\":\"https:\\\/\\\/exaudi.org\\\/es\\\/beato-alvaro-de-cordoba-19-de-febrero\\\/#article\",\"isPartOf\":{\"@id\":\"https:\\\/\\\/exaudi.org\\\/es\\\/beato-alvaro-de-cordoba-19-de-febrero\\\/\"},\"author\":{\"name\":\"Exaudi Redacci\u00f3n\",\"@id\":\"https:\\\/\\\/exaudi.org\\\/#\\\/schema\\\/person\\\/f5fc8f063065e38742da7afe15f25df7\"},\"headline\":\"Beato \u00c1lvaro de C\u00f3rdoba, 19 de febrero\",\"datePublished\":\"2026-02-19T06:35:50+00:00\",\"dateModified\":\"2026-02-19T13:21:21+00:00\",\"mainEntityOfPage\":{\"@id\":\"https:\\\/\\\/exaudi.org\\\/es\\\/beato-alvaro-de-cordoba-19-de-febrero\\\/\"},\"wordCount\":532,\"image\":{\"@id\":\"https:\\\/\\\/exaudi.org\\\/es\\\/beato-alvaro-de-cordoba-19-de-febrero\\\/#primaryimage\"},\"thumbnailUrl\":\"https:\\\/\\\/exaudi.org\\\/wp-content\\\/uploads\\\/2026\\\/02\\\/image-5.jpg\",\"keywords\":[\"\u00c1lvaro de C\u00f3rdoba OP\",\"Beato \u00c1lvaro Zamora\",\"beato dominico siglo XV\",\"Benedicto XIV beatificaci\u00f3n\",\"cofrad\u00edas C\u00f3rdoba patr\u00f3n\",\"devoci\u00f3n Pasi\u00f3n Cristo\",\"dominico C\u00f3rdoba\",\"Escalaceli convento\",\"fray \u00c1lvaro Zamorensis\",\"fundador V\u00eda Crucis Espa\u00f1a\",\"patrono hermandades C\u00f3rdoba\",\"predicador reformador\",\"reforma Orden Predicadores\",\"santo del d\u00eda 19 febrero\",\"santoral cat\u00f3lico febrero\",\"Scala Coeli C\u00f3rdoba\",\"V\u00eda Crucis precursor\",\"v\u00eda dolorosa Occidente\"],\"inLanguage\":\"es\"},{\"@type\":\"WebPage\",\"@id\":\"https:\\\/\\\/exaudi.org\\\/es\\\/beato-alvaro-de-cordoba-19-de-febrero\\\/\",\"url\":\"https:\\\/\\\/exaudi.org\\\/es\\\/beato-alvaro-de-cordoba-19-de-febrero\\\/\",\"name\":\"Beato \u00c1lvaro de C\u00f3rdoba, 19 de febrero &#8211; Exaudi\",\"isPartOf\":{\"@id\":\"https:\\\/\\\/exaudi.org\\\/#website\"},\"primaryImageOfPage\":{\"@id\":\"https:\\\/\\\/exaudi.org\\\/es\\\/beato-alvaro-de-cordoba-19-de-febrero\\\/#primaryimage\"},\"image\":{\"@id\":\"https:\\\/\\\/exaudi.org\\\/es\\\/beato-alvaro-de-cordoba-19-de-febrero\\\/#primaryimage\"},\"thumbnailUrl\":\"https:\\\/\\\/exaudi.org\\\/wp-content\\\/uploads\\\/2026\\\/02\\\/image-5.jpg\",\"datePublished\":\"2026-02-19T06:35:50+00:00\",\"dateModified\":\"2026-02-19T13:21:21+00:00\",\"author\":{\"@id\":\"https:\\\/\\\/exaudi.org\\\/#\\\/schema\\\/person\\\/f5fc8f063065e38742da7afe15f25df7\"},\"breadcrumb\":{\"@id\":\"https:\\\/\\\/exaudi.org\\\/es\\\/beato-alvaro-de-cordoba-19-de-febrero\\\/#breadcrumb\"},\"inLanguage\":\"es\",\"potentialAction\":[{\"@type\":\"ReadAction\",\"target\":[\"https:\\\/\\\/exaudi.org\\\/es\\\/beato-alvaro-de-cordoba-19-de-febrero\\\/\"]}]},{\"@type\":\"ImageObject\",\"inLanguage\":\"es\",\"@id\":\"https:\\\/\\\/exaudi.org\\\/es\\\/beato-alvaro-de-cordoba-19-de-febrero\\\/#primaryimage\",\"url\":\"https:\\\/\\\/exaudi.org\\\/wp-content\\\/uploads\\\/2026\\\/02\\\/image-5.jpg\",\"contentUrl\":\"https:\\\/\\\/exaudi.org\\\/wp-content\\\/uploads\\\/2026\\\/02\\\/image-5.jpg\",\"width\":1360,\"height\":752},{\"@type\":\"BreadcrumbList\",\"@id\":\"https:\\\/\\\/exaudi.org\\\/es\\\/beato-alvaro-de-cordoba-19-de-febrero\\\/#breadcrumb\",\"itemListElement\":[{\"@type\":\"ListItem\",\"position\":1,\"name\":\"Portada\",\"item\":\"https:\\\/\\\/exaudi.org\\\/es\\\/\"},{\"@type\":\"ListItem\",\"position\":2,\"name\":\"Beato \u00c1lvaro de C\u00f3rdoba, 19 de febrero\"}]},{\"@type\":\"WebSite\",\"@id\":\"https:\\\/\\\/exaudi.org\\\/#website\",\"url\":\"https:\\\/\\\/exaudi.org\\\/\",\"name\":\"Exaudi\",\"description\":\"News\",\"potentialAction\":[{\"@type\":\"SearchAction\",\"target\":{\"@type\":\"EntryPoint\",\"urlTemplate\":\"https:\\\/\\\/exaudi.org\\\/?s={search_term_string}\"},\"query-input\":{\"@type\":\"PropertyValueSpecification\",\"valueRequired\":true,\"valueName\":\"search_term_string\"}}],\"inLanguage\":\"es\"},{\"@type\":\"Person\",\"@id\":\"https:\\\/\\\/exaudi.org\\\/#\\\/schema\\\/person\\\/f5fc8f063065e38742da7afe15f25df7\",\"name\":\"Exaudi Redacci\u00f3n\",\"image\":{\"@type\":\"ImageObject\",\"inLanguage\":\"es\",\"@id\":\"https:\\\/\\\/secure.gravatar.com\\\/avatar\\\/fe0f6a059fb68d9b3e11bc5850dd4899b1c7492091a3cb6dd9b01b56ad828be2?s=96&d=mm&r=g\",\"url\":\"https:\\\/\\\/secure.gravatar.com\\\/avatar\\\/fe0f6a059fb68d9b3e11bc5850dd4899b1c7492091a3cb6dd9b01b56ad828be2?s=96&d=mm&r=g\",\"contentUrl\":\"https:\\\/\\\/secure.gravatar.com\\\/avatar\\\/fe0f6a059fb68d9b3e11bc5850dd4899b1c7492091a3cb6dd9b01b56ad828be2?s=96&d=mm&r=g\",\"caption\":\"Exaudi Redacci\u00f3n\"},\"description\":\"\u00bfQu\u00e9 es Exaudi News? Exaudi News es un medio de comunicaci\u00f3n cat\u00f3lico internacional que informa, forma y transforma, diariamente en espa\u00f1ol, ingl\u00e9s e italiano. A trav\u00e9s de noticias, art\u00edculos de an\u00e1lisis y transmisiones en directo de los eventos del Papa, Exaudi busca fortalecer la unidad de los cristianos y contribuir a la evangelizaci\u00f3n del mundo, siempre guiados por la doctrina social de la Iglesia. Trabajamos para acercar la verdad y los valores cristianos a cada rinc\u00f3n del planeta. \u00a1Ay\u00fadanos a transformar el mundo con Exaudi! En Exaudi creemos que la evangelizaci\u00f3n y la informaci\u00f3n de calidad pueden cambiar vidas. Para continuar con nuestra misi\u00f3n y expandir nuestro alcance, necesitamos tu ayuda. Adem\u00e1s, buscamos personas comprometidas que deseen unirse a nuestro equipo. Con tu apoyo, lograremos llegar a m\u00e1s personas, difundir el mensaje de Cristo y reforzar la unidad de los cristianos. \u00bfTe unes a nuestra misi\u00f3n? Para m\u00e1s informaci\u00f3n sobre c\u00f3mo colaborar, visita Exaudi.org\\\/es o cont\u00e1ctanos directamente: info@exaudi.org Exaudi: Informa, forma y transforma.\",\"sameAs\":[\"https:\\\/\\\/www.facebook.com\\\/ExaudiNoticias\\\/\",\"https:\\\/\\\/www.instagram.com\\\/exaudi_noticias\\\/\",\"https:\\\/\\\/x.com\\\/Exaudi_noticias\",\"https:\\\/\\\/www.youtube.com\\\/@exaudicatholicnews\"],\"url\":\"https:\\\/\\\/exaudi.org\\\/es\\\/author\\\/redaccionexaudi\\\/\"}]}<\/script>\n<!-- \/ Yoast SEO plugin. -->","yoast_head_json":{"title":"Beato \u00c1lvaro de C\u00f3rdoba, 19 de febrero &#8211; Exaudi","robots":{"index":"index","follow":"follow","max-snippet":"max-snippet:-1","max-image-preview":"max-image-preview:large","max-video-preview":"max-video-preview:-1"},"canonical":"https:\/\/exaudi.org\/es\/beato-alvaro-de-cordoba-19-de-febrero\/","og_locale":"es_ES","og_type":"article","og_title":"Beato \u00c1lvaro de C\u00f3rdoba, 19 de febrero &#8211; Exaudi","og_description":"Reformador dominico y precursor del V\u00eda Crucis en Occidente","og_url":"https:\/\/exaudi.org\/es\/beato-alvaro-de-cordoba-19-de-febrero\/","og_site_name":"Exaudi","article_publisher":"https:\/\/www.facebook.com\/ExaudiNews","article_author":"https:\/\/www.facebook.com\/ExaudiNoticias\/","article_published_time":"2026-02-19T06:35:50+00:00","article_modified_time":"2026-02-19T13:21:21+00:00","og_image":[{"width":1360,"height":752,"url":"https:\/\/exaudi.org\/wp-content\/uploads\/2026\/02\/image-5.jpg","type":"image\/jpeg"}],"author":"Exaudi Redacci\u00f3n","twitter_card":"summary_large_image","twitter_creator":"@Exaudi_noticias","twitter_site":"@Exaudi_News","twitter_misc":{"Escrito por":"Exaudi Redacci\u00f3n","Tiempo de lectura":"3 minutos"},"schema":{"@context":"https:\/\/schema.org","@graph":[{"@type":"Article","@id":"https:\/\/exaudi.org\/es\/beato-alvaro-de-cordoba-19-de-febrero\/#article","isPartOf":{"@id":"https:\/\/exaudi.org\/es\/beato-alvaro-de-cordoba-19-de-febrero\/"},"author":{"name":"Exaudi Redacci\u00f3n","@id":"https:\/\/exaudi.org\/#\/schema\/person\/f5fc8f063065e38742da7afe15f25df7"},"headline":"Beato \u00c1lvaro de C\u00f3rdoba, 19 de febrero","datePublished":"2026-02-19T06:35:50+00:00","dateModified":"2026-02-19T13:21:21+00:00","mainEntityOfPage":{"@id":"https:\/\/exaudi.org\/es\/beato-alvaro-de-cordoba-19-de-febrero\/"},"wordCount":532,"image":{"@id":"https:\/\/exaudi.org\/es\/beato-alvaro-de-cordoba-19-de-febrero\/#primaryimage"},"thumbnailUrl":"https:\/\/exaudi.org\/wp-content\/uploads\/2026\/02\/image-5.jpg","keywords":["\u00c1lvaro de C\u00f3rdoba OP","Beato \u00c1lvaro Zamora","beato dominico siglo XV","Benedicto XIV beatificaci\u00f3n","cofrad\u00edas C\u00f3rdoba patr\u00f3n","devoci\u00f3n Pasi\u00f3n Cristo","dominico C\u00f3rdoba","Escalaceli convento","fray \u00c1lvaro Zamorensis","fundador V\u00eda Crucis Espa\u00f1a","patrono hermandades C\u00f3rdoba","predicador reformador","reforma Orden Predicadores","santo del d\u00eda 19 febrero","santoral cat\u00f3lico febrero","Scala Coeli C\u00f3rdoba","V\u00eda Crucis precursor","v\u00eda dolorosa Occidente"],"inLanguage":"es"},{"@type":"WebPage","@id":"https:\/\/exaudi.org\/es\/beato-alvaro-de-cordoba-19-de-febrero\/","url":"https:\/\/exaudi.org\/es\/beato-alvaro-de-cordoba-19-de-febrero\/","name":"Beato \u00c1lvaro de C\u00f3rdoba, 19 de febrero &#8211; Exaudi","isPartOf":{"@id":"https:\/\/exaudi.org\/#website"},"primaryImageOfPage":{"@id":"https:\/\/exaudi.org\/es\/beato-alvaro-de-cordoba-19-de-febrero\/#primaryimage"},"image":{"@id":"https:\/\/exaudi.org\/es\/beato-alvaro-de-cordoba-19-de-febrero\/#primaryimage"},"thumbnailUrl":"https:\/\/exaudi.org\/wp-content\/uploads\/2026\/02\/image-5.jpg","datePublished":"2026-02-19T06:35:50+00:00","dateModified":"2026-02-19T13:21:21+00:00","author":{"@id":"https:\/\/exaudi.org\/#\/schema\/person\/f5fc8f063065e38742da7afe15f25df7"},"breadcrumb":{"@id":"https:\/\/exaudi.org\/es\/beato-alvaro-de-cordoba-19-de-febrero\/#breadcrumb"},"inLanguage":"es","potentialAction":[{"@type":"ReadAction","target":["https:\/\/exaudi.org\/es\/beato-alvaro-de-cordoba-19-de-febrero\/"]}]},{"@type":"ImageObject","inLanguage":"es","@id":"https:\/\/exaudi.org\/es\/beato-alvaro-de-cordoba-19-de-febrero\/#primaryimage","url":"https:\/\/exaudi.org\/wp-content\/uploads\/2026\/02\/image-5.jpg","contentUrl":"https:\/\/exaudi.org\/wp-content\/uploads\/2026\/02\/image-5.jpg","width":1360,"height":752},{"@type":"BreadcrumbList","@id":"https:\/\/exaudi.org\/es\/beato-alvaro-de-cordoba-19-de-febrero\/#breadcrumb","itemListElement":[{"@type":"ListItem","position":1,"name":"Portada","item":"https:\/\/exaudi.org\/es\/"},{"@type":"ListItem","position":2,"name":"Beato \u00c1lvaro de C\u00f3rdoba, 19 de febrero"}]},{"@type":"WebSite","@id":"https:\/\/exaudi.org\/#website","url":"https:\/\/exaudi.org\/","name":"Exaudi","description":"News","potentialAction":[{"@type":"SearchAction","target":{"@type":"EntryPoint","urlTemplate":"https:\/\/exaudi.org\/?s={search_term_string}"},"query-input":{"@type":"PropertyValueSpecification","valueRequired":true,"valueName":"search_term_string"}}],"inLanguage":"es"},{"@type":"Person","@id":"https:\/\/exaudi.org\/#\/schema\/person\/f5fc8f063065e38742da7afe15f25df7","name":"Exaudi Redacci\u00f3n","image":{"@type":"ImageObject","inLanguage":"es","@id":"https:\/\/secure.gravatar.com\/avatar\/fe0f6a059fb68d9b3e11bc5850dd4899b1c7492091a3cb6dd9b01b56ad828be2?s=96&d=mm&r=g","url":"https:\/\/secure.gravatar.com\/avatar\/fe0f6a059fb68d9b3e11bc5850dd4899b1c7492091a3cb6dd9b01b56ad828be2?s=96&d=mm&r=g","contentUrl":"https:\/\/secure.gravatar.com\/avatar\/fe0f6a059fb68d9b3e11bc5850dd4899b1c7492091a3cb6dd9b01b56ad828be2?s=96&d=mm&r=g","caption":"Exaudi Redacci\u00f3n"},"description":"\u00bfQu\u00e9 es Exaudi News? Exaudi News es un medio de comunicaci\u00f3n cat\u00f3lico internacional que informa, forma y transforma, diariamente en espa\u00f1ol, ingl\u00e9s e italiano. A trav\u00e9s de noticias, art\u00edculos de an\u00e1lisis y transmisiones en directo de los eventos del Papa, Exaudi busca fortalecer la unidad de los cristianos y contribuir a la evangelizaci\u00f3n del mundo, siempre guiados por la doctrina social de la Iglesia. Trabajamos para acercar la verdad y los valores cristianos a cada rinc\u00f3n del planeta. \u00a1Ay\u00fadanos a transformar el mundo con Exaudi! En Exaudi creemos que la evangelizaci\u00f3n y la informaci\u00f3n de calidad pueden cambiar vidas. Para continuar con nuestra misi\u00f3n y expandir nuestro alcance, necesitamos tu ayuda. Adem\u00e1s, buscamos personas comprometidas que deseen unirse a nuestro equipo. Con tu apoyo, lograremos llegar a m\u00e1s personas, difundir el mensaje de Cristo y reforzar la unidad de los cristianos. \u00bfTe unes a nuestra misi\u00f3n? Para m\u00e1s informaci\u00f3n sobre c\u00f3mo colaborar, visita Exaudi.org\/es o cont\u00e1ctanos directamente: info@exaudi.org Exaudi: Informa, forma y transforma.","sameAs":["https:\/\/www.facebook.com\/ExaudiNoticias\/","https:\/\/www.instagram.com\/exaudi_noticias\/","https:\/\/x.com\/Exaudi_noticias","https:\/\/www.youtube.com\/@exaudicatholicnews"],"url":"https:\/\/exaudi.org\/es\/author\/redaccionexaudi\/"}]}},"jetpack_featured_media_url":"https:\/\/exaudi.org\/wp-content\/uploads\/2026\/02\/image-5.jpg","jetpack_shortlink":"https:\/\/wp.me\/pgKjF2-Fgp","_links":{"self":[{"href":"https:\/\/exaudi.org\/es\/wp-json\/wp\/v2\/posts\/158621","targetHints":{"allow":["GET"]}}],"collection":[{"href":"https:\/\/exaudi.org\/es\/wp-json\/wp\/v2\/posts"}],"about":[{"href":"https:\/\/exaudi.org\/es\/wp-json\/wp\/v2\/types\/post"}],"author":[{"embeddable":true,"href":"https:\/\/exaudi.org\/es\/wp-json\/wp\/v2\/users\/15"}],"replies":[{"embeddable":true,"href":"https:\/\/exaudi.org\/es\/wp-json\/wp\/v2\/comments?post=158621"}],"version-history":[{"count":2,"href":"https:\/\/exaudi.org\/es\/wp-json\/wp\/v2\/posts\/158621\/revisions"}],"predecessor-version":[{"id":158629,"href":"https:\/\/exaudi.org\/es\/wp-json\/wp\/v2\/posts\/158621\/revisions\/158629"}],"wp:featuredmedia":[{"embeddable":true,"href":"https:\/\/exaudi.org\/es\/wp-json\/wp\/v2\/media\/158623"}],"wp:attachment":[{"href":"https:\/\/exaudi.org\/es\/wp-json\/wp\/v2\/media?parent=158621"}],"wp:term":[{"taxonomy":"category","embeddable":true,"href":"https:\/\/exaudi.org\/es\/wp-json\/wp\/v2\/categories?post=158621"},{"taxonomy":"post_tag","embeddable":true,"href":"https:\/\/exaudi.org\/es\/wp-json\/wp\/v2\/tags?post=158621"}],"curies":[{"name":"wp","href":"https:\/\/api.w.org\/{rel}","templated":true}]}}