{"id":158609,"date":"2026-02-20T08:30:56","date_gmt":"2026-02-20T07:30:56","guid":{"rendered":"https:\/\/exaudi.org\/?p=158609"},"modified":"2026-02-19T14:56:17","modified_gmt":"2026-02-19T13:56:17","slug":"la-economia-del-impacto-femenino","status":"publish","type":"post","link":"https:\/\/exaudi.org\/es\/la-economia-del-impacto-femenino\/","title":{"rendered":"La econom\u00eda del impacto femenino"},"content":{"rendered":"<p>En esa\u00a0<strong>transformaci\u00f3n silenciosa<\/strong>, pero cada vez m\u00e1s palpable,\u00a0<strong>las mujeres<\/strong>\u00a0est\u00e1n desempe\u00f1ando un\u00a0<strong>papel decisivo<\/strong>. Su liderazgo no irrumpe; se encarna. No se impone; se ofrece. No busca moldear el mundo desde la fuerza, sino desde la coherencia. Y esa coherencia est\u00e1 generando un impacto que va mucho m\u00e1s all\u00e1 de cifras o balances:\u00a0<strong>est\u00e1 devolviendo humanidad<\/strong>\u00a0a un mercado acostumbrado a funcionar sin detenerse a medir las consecuencias de sus decisiones.<\/p>\n<p><iframe title=\"Spotify Embed: La econom\u00eda del impacto femenino\" style=\"border-radius: 12px\" width=\"100%\" height=\"152\" frameborder=\"0\" allowfullscreen allow=\"autoplay; clipboard-write; encrypted-media; fullscreen; picture-in-picture\" loading=\"lazy\" src=\"https:\/\/open.spotify.com\/embed\/episode\/34cp5vQDxH9ptrdeG4WhG6?si=109bcf35e1184459&amp;utm_source=oembed\"><\/iframe><\/p>\n<p>La\u00a0<strong>econom\u00eda del impacto<\/strong>\u00a0es aquella que mide el valor de un proyecto no solo por lo que gana, sino por\u00a0<strong>lo que mejora la vida de las personas<\/strong>\u00a0y el entorno que sostiene su actividad. Las empresas que trabajan con esta perspectiva no nacen de una estrategia fr\u00eda, sino de una preocupaci\u00f3n concreta por el entorno, por\u00a0<strong>la gente que queda atr\u00e1s<\/strong>, por quienes no encuentran espacio en los modelos productivos tradicionales.<\/p>\n<p>Muchas\u00a0<strong>emprendedoras<\/strong>\u00a0saben lo que significa esa fragilidad porque la han vivido de cerca: han acompa\u00f1ado procesos, han visto injusticias, han sostenido familias, han aprendido que\u00a0<strong>no todas las oportunidades<\/strong>\u00a0est\u00e1n al alcance de todos. Por eso, cuando ellas deciden emprender, lo hacen con una\u00a0<strong>sensibilidad afinada<\/strong>\u00a0que convierte el trabajo en un acto de cuidado social.<\/p>\n<p>Este fen\u00f3meno\u00a0<strong>no es anecd\u00f3tico<\/strong>. Est\u00e1 abriendo un camino que redefine lo que entendemos por\u00a0<strong>\u00e9xito empresarial<\/strong>. Ya no es suficiente crecer; ahora importa\u00a0<strong>c\u00f3mo se crece<\/strong>, a qui\u00e9n se incluye y qu\u00e9 tipo de sociedad se construye con cada avance. Las mujeres est\u00e1n introduciendo en la econom\u00eda algo que hac\u00eda tiempo que faltaba:\u00a0<strong>un sentido profundo de responsabilidad<\/strong>\u00a0hacia el otro, una visi\u00f3n que no separa la prosperidad del bienestar colectivo.<\/p>\n<p>En el\u00a0<strong>Foro Mujer y Sociedad<\/strong>\u00a0vemos cada d\u00eda c\u00f3mo esa manera de liderar se encarna en\u00a0<strong>proyectos concretos<\/strong>. Iniciativas que dignifican profesiones invisibilizadas, que generan\u00a0<strong>empleo sin precariedad<\/strong>, que incorporan innovaci\u00f3n con conciencia, que fortalecen la comunidad en lugar de desgastarla. Estos proyectos no buscan salvar el mundo, pero lo mejoran. No pretenden ser perfectos, pero aspiran a ser justos. Y, sobre todo, reconocen que la verdadera riqueza no se mide solo en n\u00fameros, sino en\u00a0<strong>vidas que encuentran estabilidad, oportunidades y un horizonte<\/strong>\u00a0donde antes hab\u00eda incertidumbre.<\/p>\n<p>Lo m\u00e1s sorprendente es la\u00a0<strong>naturalidad<\/strong>\u00a0con la que estas mujeres integran elementos que, en otros modelos, parecen incompatibles:\u00a0<strong>la eficiencia con la empat\u00eda<\/strong>, la estrategia con la escucha,\u00a0<strong>la ambici\u00f3n con la responsabilidad<\/strong>. No necesitan renunciar a la competitividad; la ampl\u00edan. No rechazan el beneficio; le otorgan un prop\u00f3sito. Y esa s\u00edntesis \u2014nacida de una experiencia vital que combina lucidez con sensibilidad\u2014 est\u00e1 demostrando que\u00a0<strong>otra forma de construir econom\u00eda<\/strong>\u00a0es no solo posible, sino necesaria.<\/p>\n<p>Cuando una mujer lidera un\u00a0<strong>proyecto de impacto<\/strong>, introduce una manera distinta de entender la autoridad. Una autoridad que no se proclama: se reconoce. Que no se sostiene en jerarqu\u00edas: se apoya en v\u00ednculos. Que no genera temor:\u00a0<strong>inspira confianza<\/strong>. La fuerza de este liderazgo no proviene de ocupar un espacio, sino de\u00a0<strong>transformarlo desde dentro<\/strong>, de darle sentido, de convertirlo en un lugar donde otros tambi\u00e9n puedan florecer.<\/p>\n<p>Quiz\u00e1 la mayor lecci\u00f3n que nos dejan estas\u00a0<strong>emprendedoras<\/strong>\u00a0es que el\u00a0<strong>impacto aut\u00e9ntico<\/strong>\u00a0no se mide solo en los resultados visibles, sino en la capacidad de sostener, de abrir caminos, de volver habitable lo que parec\u00eda inaccesible. Y que la econom\u00eda \u2014esa palabra tan grande, tan discutida, tan transformada\u2014 solo tiene sentido cuando se convierte en\u00a0<strong>herramienta de vida<\/strong>.<\/p>\n<p class=\"OKESWTndxUckFAMJdyusEcSxgzDiEFJUKvho inline t-24 v-align-middle break-words\"><a href=\"https:\/\/www.linkedin.com\/in\/mar%C3%ADa-vallejo-b5276667\/\" target=\"_blank\" rel=\"noopener\"><em><strong>Mar\u00eda Vallejo<\/strong><\/em><\/a><\/p>\n<h6><a href=\"https:\/\/www.elconfidencialdigital.com\/opinion\/maria-vallejo\/economia-impacto-femenino\/202602160500001003861.html\" target=\"_blank\" rel=\"noopener\"><em><strong>Fuente: El Confidencial Digital<\/strong><\/em><\/a><\/h6>\n<p><img loading=\"lazy\" decoding=\"async\" class=\"size-full wp-image-158614 alignnone\" src=\"https:\/\/exaudi.org\/wp-content\/uploads\/2026\/02\/Voces-4-1.jpg\" alt=\"\" width=\"940\" height=\"788\" srcset=\"https:\/\/exaudi.org\/wp-content\/uploads\/2026\/02\/Voces-4-1.jpg 940w, https:\/\/exaudi.org\/wp-content\/uploads\/2026\/02\/Voces-4-1-300x251.jpg 300w, https:\/\/exaudi.org\/wp-content\/uploads\/2026\/02\/Voces-4-1-770x645.jpg 770w, https:\/\/exaudi.org\/wp-content\/uploads\/2026\/02\/Voces-4-1-500x419.jpg 500w\" sizes=\"auto, (max-width: 940px) 100vw, 940px\" \/><\/p>\n","protected":false},"excerpt":{"rendered":"<p>Hay \u00e9pocas en las que una sociedad parece avanzar sin preguntarse hacia d\u00f3nde camina. Produce, consume, se acelera, se compara\u2026 y, en medio de esa carrera, corre el riesgo de olvidar lo esencial: que detr\u00e1s de cada dato hay una vida. Tal vez por eso, en los \u00faltimos a\u00f1os, est\u00e1 emergiendo un nuevo modo de entender el tejido econ\u00f3mico, uno que se abre paso con calma pero con firmeza, como si naciera de una intuici\u00f3n compartida: la necesidad de volver a colocar a la persona en el centro<\/p>\n","protected":false},"author":15,"featured_media":158611,"comment_status":"closed","ping_status":"closed","sticky":false,"template":"","format":"standard","meta":{"_acf_changed":false,"_crdt_document":"","inline_featured_image":false,"footnotes":""},"categories":[],"tags":[97274,97271,97264,97266,97270,97269,97272,97265,97267,97268,29894,97273,58880,58880,58880],"class_list":["post-158609","post","type-post","status-publish","format-standard","has-post-thumbnail","hentry","tag-cuidado-social-negocios","tag-economia-con-proposito","tag-economia-del-impacto-femenino","tag-emprendedoras-impacto","tag-emprendimiento-femenino-inclusivo","tag-foro-mujer-y-sociedad","tag-igualdad-genero-economia","tag-impacto-social-mujeres","tag-liderazgo-femenino-economia","tag-maria-vallejo-el-confidencial-digital","tag-responsabilidad-social-empresarial","tag-transformacion-economica-mujeres","tag-trending-es-151"],"acf":[],"yoast_head":"<!-- This site is optimized with the Yoast SEO plugin v27.5 - https:\/\/yoast.com\/product\/yoast-seo-wordpress\/ -->\n<title>La econom\u00eda del impacto femenino &#8211; Exaudi<\/title>\n<meta name=\"robots\" content=\"index, follow, max-snippet:-1, max-image-preview:large, max-video-preview:-1\" \/>\n<link rel=\"canonical\" href=\"https:\/\/exaudi.org\/es\/la-economia-del-impacto-femenino\/\" \/>\n<meta property=\"og:locale\" content=\"es_ES\" \/>\n<meta property=\"og:type\" content=\"article\" \/>\n<meta property=\"og:title\" content=\"La econom\u00eda del impacto femenino &#8211; Exaudi\" \/>\n<meta property=\"og:description\" content=\"Hay \u00e9pocas en las que una sociedad parece avanzar sin preguntarse hacia d\u00f3nde camina. Produce, consume, se acelera, se compara\u2026 y, en medio de esa carrera, corre el riesgo de olvidar lo esencial: que detr\u00e1s de cada dato hay una vida. Tal vez por eso, en los \u00faltimos a\u00f1os, est\u00e1 emergiendo un nuevo modo de entender el tejido econ\u00f3mico, uno que se abre paso con calma pero con firmeza, como si naciera de una intuici\u00f3n compartida: la necesidad de volver a colocar a la persona en el centro\" \/>\n<meta property=\"og:url\" content=\"https:\/\/exaudi.org\/es\/la-economia-del-impacto-femenino\/\" \/>\n<meta property=\"og:site_name\" content=\"Exaudi\" \/>\n<meta property=\"article:publisher\" content=\"https:\/\/www.facebook.com\/ExaudiNews\" \/>\n<meta property=\"article:author\" content=\"https:\/\/www.facebook.com\/ExaudiNoticias\/\" \/>\n<meta property=\"article:published_time\" content=\"2026-02-20T07:30:56+00:00\" \/>\n<meta property=\"og:image\" content=\"https:\/\/exaudi.org\/wp-content\/uploads\/2026\/02\/pexels-michelangelo-buonarroti-4175453-scaled.jpg\" \/>\n\t<meta property=\"og:image:width\" content=\"2560\" \/>\n\t<meta property=\"og:image:height\" content=\"1708\" \/>\n\t<meta property=\"og:image:type\" content=\"image\/jpeg\" \/>\n<meta name=\"author\" content=\"Exaudi Redacci\u00f3n\" \/>\n<meta name=\"twitter:card\" content=\"summary_large_image\" \/>\n<meta name=\"twitter:creator\" content=\"@Exaudi_noticias\" \/>\n<meta name=\"twitter:site\" content=\"@Exaudi_News\" \/>\n<meta name=\"twitter:label1\" content=\"Escrito por\" \/>\n\t<meta name=\"twitter:data1\" content=\"Exaudi Redacci\u00f3n\" \/>\n\t<meta name=\"twitter:label2\" content=\"Tiempo de lectura\" \/>\n\t<meta name=\"twitter:data2\" content=\"3 minutos\" \/>\n<script type=\"application\/ld+json\" class=\"yoast-schema-graph\">{\"@context\":\"https:\\\/\\\/schema.org\",\"@graph\":[{\"@type\":\"Article\",\"@id\":\"https:\\\/\\\/exaudi.org\\\/es\\\/la-economia-del-impacto-femenino\\\/#article\",\"isPartOf\":{\"@id\":\"https:\\\/\\\/exaudi.org\\\/es\\\/la-economia-del-impacto-femenino\\\/\"},\"author\":{\"name\":\"Exaudi Redacci\u00f3n\",\"@id\":\"https:\\\/\\\/exaudi.org\\\/#\\\/schema\\\/person\\\/f5fc8f063065e38742da7afe15f25df7\"},\"headline\":\"La econom\u00eda del impacto femenino\",\"datePublished\":\"2026-02-20T07:30:56+00:00\",\"mainEntityOfPage\":{\"@id\":\"https:\\\/\\\/exaudi.org\\\/es\\\/la-economia-del-impacto-femenino\\\/\"},\"wordCount\":633,\"image\":{\"@id\":\"https:\\\/\\\/exaudi.org\\\/es\\\/la-economia-del-impacto-femenino\\\/#primaryimage\"},\"thumbnailUrl\":\"https:\\\/\\\/exaudi.org\\\/wp-content\\\/uploads\\\/2026\\\/02\\\/pexels-michelangelo-buonarroti-4175453-scaled.jpg\",\"keywords\":[\"cuidado social negocios\",\"econom\u00eda con prop\u00f3sito\",\"econom\u00eda del impacto femenino\",\"emprendedoras impacto\",\"emprendimiento femenino inclusivo\",\"Foro Mujer y Sociedad\",\"igualdad g\u00e9nero econom\u00eda\",\"impacto social mujeres\",\"liderazgo femenino econom\u00eda\",\"Mar\u00eda Vallejo El Confidencial Digital\",\"Responsabilidad social empresarial\",\"transformaci\u00f3n econ\u00f3mica mujeres\",\"Trending\",\"Trending\",\"Trending\"],\"inLanguage\":\"es\"},{\"@type\":\"WebPage\",\"@id\":\"https:\\\/\\\/exaudi.org\\\/es\\\/la-economia-del-impacto-femenino\\\/\",\"url\":\"https:\\\/\\\/exaudi.org\\\/es\\\/la-economia-del-impacto-femenino\\\/\",\"name\":\"La econom\u00eda del impacto femenino &#8211; Exaudi\",\"isPartOf\":{\"@id\":\"https:\\\/\\\/exaudi.org\\\/#website\"},\"primaryImageOfPage\":{\"@id\":\"https:\\\/\\\/exaudi.org\\\/es\\\/la-economia-del-impacto-femenino\\\/#primaryimage\"},\"image\":{\"@id\":\"https:\\\/\\\/exaudi.org\\\/es\\\/la-economia-del-impacto-femenino\\\/#primaryimage\"},\"thumbnailUrl\":\"https:\\\/\\\/exaudi.org\\\/wp-content\\\/uploads\\\/2026\\\/02\\\/pexels-michelangelo-buonarroti-4175453-scaled.jpg\",\"datePublished\":\"2026-02-20T07:30:56+00:00\",\"author\":{\"@id\":\"https:\\\/\\\/exaudi.org\\\/#\\\/schema\\\/person\\\/f5fc8f063065e38742da7afe15f25df7\"},\"breadcrumb\":{\"@id\":\"https:\\\/\\\/exaudi.org\\\/es\\\/la-economia-del-impacto-femenino\\\/#breadcrumb\"},\"inLanguage\":\"es\",\"potentialAction\":[{\"@type\":\"ReadAction\",\"target\":[\"https:\\\/\\\/exaudi.org\\\/es\\\/la-economia-del-impacto-femenino\\\/\"]}]},{\"@type\":\"ImageObject\",\"inLanguage\":\"es\",\"@id\":\"https:\\\/\\\/exaudi.org\\\/es\\\/la-economia-del-impacto-femenino\\\/#primaryimage\",\"url\":\"https:\\\/\\\/exaudi.org\\\/wp-content\\\/uploads\\\/2026\\\/02\\\/pexels-michelangelo-buonarroti-4175453-scaled.jpg\",\"contentUrl\":\"https:\\\/\\\/exaudi.org\\\/wp-content\\\/uploads\\\/2026\\\/02\\\/pexels-michelangelo-buonarroti-4175453-scaled.jpg\",\"width\":2560,\"height\":1708},{\"@type\":\"BreadcrumbList\",\"@id\":\"https:\\\/\\\/exaudi.org\\\/es\\\/la-economia-del-impacto-femenino\\\/#breadcrumb\",\"itemListElement\":[{\"@type\":\"ListItem\",\"position\":1,\"name\":\"Portada\",\"item\":\"https:\\\/\\\/exaudi.org\\\/es\\\/\"},{\"@type\":\"ListItem\",\"position\":2,\"name\":\"La econom\u00eda del impacto femenino\"}]},{\"@type\":\"WebSite\",\"@id\":\"https:\\\/\\\/exaudi.org\\\/#website\",\"url\":\"https:\\\/\\\/exaudi.org\\\/\",\"name\":\"Exaudi\",\"description\":\"News\",\"potentialAction\":[{\"@type\":\"SearchAction\",\"target\":{\"@type\":\"EntryPoint\",\"urlTemplate\":\"https:\\\/\\\/exaudi.org\\\/?s={search_term_string}\"},\"query-input\":{\"@type\":\"PropertyValueSpecification\",\"valueRequired\":true,\"valueName\":\"search_term_string\"}}],\"inLanguage\":\"es\"},{\"@type\":\"Person\",\"@id\":\"https:\\\/\\\/exaudi.org\\\/#\\\/schema\\\/person\\\/f5fc8f063065e38742da7afe15f25df7\",\"name\":\"Exaudi Redacci\u00f3n\",\"image\":{\"@type\":\"ImageObject\",\"inLanguage\":\"es\",\"@id\":\"https:\\\/\\\/secure.gravatar.com\\\/avatar\\\/fe0f6a059fb68d9b3e11bc5850dd4899b1c7492091a3cb6dd9b01b56ad828be2?s=96&d=mm&r=g\",\"url\":\"https:\\\/\\\/secure.gravatar.com\\\/avatar\\\/fe0f6a059fb68d9b3e11bc5850dd4899b1c7492091a3cb6dd9b01b56ad828be2?s=96&d=mm&r=g\",\"contentUrl\":\"https:\\\/\\\/secure.gravatar.com\\\/avatar\\\/fe0f6a059fb68d9b3e11bc5850dd4899b1c7492091a3cb6dd9b01b56ad828be2?s=96&d=mm&r=g\",\"caption\":\"Exaudi Redacci\u00f3n\"},\"description\":\"\u00bfQu\u00e9 es Exaudi News? Exaudi News es un medio de comunicaci\u00f3n cat\u00f3lico internacional que informa, forma y transforma, diariamente en espa\u00f1ol, ingl\u00e9s e italiano. A trav\u00e9s de noticias, art\u00edculos de an\u00e1lisis y transmisiones en directo de los eventos del Papa, Exaudi busca fortalecer la unidad de los cristianos y contribuir a la evangelizaci\u00f3n del mundo, siempre guiados por la doctrina social de la Iglesia. Trabajamos para acercar la verdad y los valores cristianos a cada rinc\u00f3n del planeta. \u00a1Ay\u00fadanos a transformar el mundo con Exaudi! En Exaudi creemos que la evangelizaci\u00f3n y la informaci\u00f3n de calidad pueden cambiar vidas. Para continuar con nuestra misi\u00f3n y expandir nuestro alcance, necesitamos tu ayuda. Adem\u00e1s, buscamos personas comprometidas que deseen unirse a nuestro equipo. Con tu apoyo, lograremos llegar a m\u00e1s personas, difundir el mensaje de Cristo y reforzar la unidad de los cristianos. \u00bfTe unes a nuestra misi\u00f3n? Para m\u00e1s informaci\u00f3n sobre c\u00f3mo colaborar, visita Exaudi.org\\\/es o cont\u00e1ctanos directamente: info@exaudi.org Exaudi: Informa, forma y transforma.\",\"sameAs\":[\"https:\\\/\\\/www.facebook.com\\\/ExaudiNoticias\\\/\",\"https:\\\/\\\/www.instagram.com\\\/exaudi_noticias\\\/\",\"https:\\\/\\\/x.com\\\/Exaudi_noticias\",\"https:\\\/\\\/www.youtube.com\\\/@exaudicatholicnews\"],\"url\":\"https:\\\/\\\/exaudi.org\\\/es\\\/author\\\/redaccionexaudi\\\/\"}]}<\/script>\n<!-- \/ Yoast SEO plugin. -->","yoast_head_json":{"title":"La econom\u00eda del impacto femenino &#8211; Exaudi","robots":{"index":"index","follow":"follow","max-snippet":"max-snippet:-1","max-image-preview":"max-image-preview:large","max-video-preview":"max-video-preview:-1"},"canonical":"https:\/\/exaudi.org\/es\/la-economia-del-impacto-femenino\/","og_locale":"es_ES","og_type":"article","og_title":"La econom\u00eda del impacto femenino &#8211; Exaudi","og_description":"Hay \u00e9pocas en las que una sociedad parece avanzar sin preguntarse hacia d\u00f3nde camina. Produce, consume, se acelera, se compara\u2026 y, en medio de esa carrera, corre el riesgo de olvidar lo esencial: que detr\u00e1s de cada dato hay una vida. Tal vez por eso, en los \u00faltimos a\u00f1os, est\u00e1 emergiendo un nuevo modo de entender el tejido econ\u00f3mico, uno que se abre paso con calma pero con firmeza, como si naciera de una intuici\u00f3n compartida: la necesidad de volver a colocar a la persona en el centro","og_url":"https:\/\/exaudi.org\/es\/la-economia-del-impacto-femenino\/","og_site_name":"Exaudi","article_publisher":"https:\/\/www.facebook.com\/ExaudiNews","article_author":"https:\/\/www.facebook.com\/ExaudiNoticias\/","article_published_time":"2026-02-20T07:30:56+00:00","og_image":[{"width":2560,"height":1708,"url":"https:\/\/exaudi.org\/wp-content\/uploads\/2026\/02\/pexels-michelangelo-buonarroti-4175453-scaled.jpg","type":"image\/jpeg"}],"author":"Exaudi Redacci\u00f3n","twitter_card":"summary_large_image","twitter_creator":"@Exaudi_noticias","twitter_site":"@Exaudi_News","twitter_misc":{"Escrito por":"Exaudi Redacci\u00f3n","Tiempo de lectura":"3 minutos"},"schema":{"@context":"https:\/\/schema.org","@graph":[{"@type":"Article","@id":"https:\/\/exaudi.org\/es\/la-economia-del-impacto-femenino\/#article","isPartOf":{"@id":"https:\/\/exaudi.org\/es\/la-economia-del-impacto-femenino\/"},"author":{"name":"Exaudi Redacci\u00f3n","@id":"https:\/\/exaudi.org\/#\/schema\/person\/f5fc8f063065e38742da7afe15f25df7"},"headline":"La econom\u00eda del impacto femenino","datePublished":"2026-02-20T07:30:56+00:00","mainEntityOfPage":{"@id":"https:\/\/exaudi.org\/es\/la-economia-del-impacto-femenino\/"},"wordCount":633,"image":{"@id":"https:\/\/exaudi.org\/es\/la-economia-del-impacto-femenino\/#primaryimage"},"thumbnailUrl":"https:\/\/exaudi.org\/wp-content\/uploads\/2026\/02\/pexels-michelangelo-buonarroti-4175453-scaled.jpg","keywords":["cuidado social negocios","econom\u00eda con prop\u00f3sito","econom\u00eda del impacto femenino","emprendedoras impacto","emprendimiento femenino inclusivo","Foro Mujer y Sociedad","igualdad g\u00e9nero econom\u00eda","impacto social mujeres","liderazgo femenino econom\u00eda","Mar\u00eda Vallejo El Confidencial Digital","Responsabilidad social empresarial","transformaci\u00f3n econ\u00f3mica mujeres","Trending","Trending","Trending"],"inLanguage":"es"},{"@type":"WebPage","@id":"https:\/\/exaudi.org\/es\/la-economia-del-impacto-femenino\/","url":"https:\/\/exaudi.org\/es\/la-economia-del-impacto-femenino\/","name":"La econom\u00eda del impacto femenino &#8211; Exaudi","isPartOf":{"@id":"https:\/\/exaudi.org\/#website"},"primaryImageOfPage":{"@id":"https:\/\/exaudi.org\/es\/la-economia-del-impacto-femenino\/#primaryimage"},"image":{"@id":"https:\/\/exaudi.org\/es\/la-economia-del-impacto-femenino\/#primaryimage"},"thumbnailUrl":"https:\/\/exaudi.org\/wp-content\/uploads\/2026\/02\/pexels-michelangelo-buonarroti-4175453-scaled.jpg","datePublished":"2026-02-20T07:30:56+00:00","author":{"@id":"https:\/\/exaudi.org\/#\/schema\/person\/f5fc8f063065e38742da7afe15f25df7"},"breadcrumb":{"@id":"https:\/\/exaudi.org\/es\/la-economia-del-impacto-femenino\/#breadcrumb"},"inLanguage":"es","potentialAction":[{"@type":"ReadAction","target":["https:\/\/exaudi.org\/es\/la-economia-del-impacto-femenino\/"]}]},{"@type":"ImageObject","inLanguage":"es","@id":"https:\/\/exaudi.org\/es\/la-economia-del-impacto-femenino\/#primaryimage","url":"https:\/\/exaudi.org\/wp-content\/uploads\/2026\/02\/pexels-michelangelo-buonarroti-4175453-scaled.jpg","contentUrl":"https:\/\/exaudi.org\/wp-content\/uploads\/2026\/02\/pexels-michelangelo-buonarroti-4175453-scaled.jpg","width":2560,"height":1708},{"@type":"BreadcrumbList","@id":"https:\/\/exaudi.org\/es\/la-economia-del-impacto-femenino\/#breadcrumb","itemListElement":[{"@type":"ListItem","position":1,"name":"Portada","item":"https:\/\/exaudi.org\/es\/"},{"@type":"ListItem","position":2,"name":"La econom\u00eda del impacto femenino"}]},{"@type":"WebSite","@id":"https:\/\/exaudi.org\/#website","url":"https:\/\/exaudi.org\/","name":"Exaudi","description":"News","potentialAction":[{"@type":"SearchAction","target":{"@type":"EntryPoint","urlTemplate":"https:\/\/exaudi.org\/?s={search_term_string}"},"query-input":{"@type":"PropertyValueSpecification","valueRequired":true,"valueName":"search_term_string"}}],"inLanguage":"es"},{"@type":"Person","@id":"https:\/\/exaudi.org\/#\/schema\/person\/f5fc8f063065e38742da7afe15f25df7","name":"Exaudi Redacci\u00f3n","image":{"@type":"ImageObject","inLanguage":"es","@id":"https:\/\/secure.gravatar.com\/avatar\/fe0f6a059fb68d9b3e11bc5850dd4899b1c7492091a3cb6dd9b01b56ad828be2?s=96&d=mm&r=g","url":"https:\/\/secure.gravatar.com\/avatar\/fe0f6a059fb68d9b3e11bc5850dd4899b1c7492091a3cb6dd9b01b56ad828be2?s=96&d=mm&r=g","contentUrl":"https:\/\/secure.gravatar.com\/avatar\/fe0f6a059fb68d9b3e11bc5850dd4899b1c7492091a3cb6dd9b01b56ad828be2?s=96&d=mm&r=g","caption":"Exaudi Redacci\u00f3n"},"description":"\u00bfQu\u00e9 es Exaudi News? Exaudi News es un medio de comunicaci\u00f3n cat\u00f3lico internacional que informa, forma y transforma, diariamente en espa\u00f1ol, ingl\u00e9s e italiano. A trav\u00e9s de noticias, art\u00edculos de an\u00e1lisis y transmisiones en directo de los eventos del Papa, Exaudi busca fortalecer la unidad de los cristianos y contribuir a la evangelizaci\u00f3n del mundo, siempre guiados por la doctrina social de la Iglesia. Trabajamos para acercar la verdad y los valores cristianos a cada rinc\u00f3n del planeta. \u00a1Ay\u00fadanos a transformar el mundo con Exaudi! En Exaudi creemos que la evangelizaci\u00f3n y la informaci\u00f3n de calidad pueden cambiar vidas. Para continuar con nuestra misi\u00f3n y expandir nuestro alcance, necesitamos tu ayuda. Adem\u00e1s, buscamos personas comprometidas que deseen unirse a nuestro equipo. Con tu apoyo, lograremos llegar a m\u00e1s personas, difundir el mensaje de Cristo y reforzar la unidad de los cristianos. \u00bfTe unes a nuestra misi\u00f3n? Para m\u00e1s informaci\u00f3n sobre c\u00f3mo colaborar, visita Exaudi.org\/es o cont\u00e1ctanos directamente: info@exaudi.org Exaudi: Informa, forma y transforma.","sameAs":["https:\/\/www.facebook.com\/ExaudiNoticias\/","https:\/\/www.instagram.com\/exaudi_noticias\/","https:\/\/x.com\/Exaudi_noticias","https:\/\/www.youtube.com\/@exaudicatholicnews"],"url":"https:\/\/exaudi.org\/es\/author\/redaccionexaudi\/"}]}},"jetpack_featured_media_url":"https:\/\/exaudi.org\/wp-content\/uploads\/2026\/02\/pexels-michelangelo-buonarroti-4175453-scaled.jpg","jetpack_shortlink":"https:\/\/wp.me\/pgKjF2-Fgd","_links":{"self":[{"href":"https:\/\/exaudi.org\/es\/wp-json\/wp\/v2\/posts\/158609","targetHints":{"allow":["GET"]}}],"collection":[{"href":"https:\/\/exaudi.org\/es\/wp-json\/wp\/v2\/posts"}],"about":[{"href":"https:\/\/exaudi.org\/es\/wp-json\/wp\/v2\/types\/post"}],"author":[{"embeddable":true,"href":"https:\/\/exaudi.org\/es\/wp-json\/wp\/v2\/users\/15"}],"replies":[{"embeddable":true,"href":"https:\/\/exaudi.org\/es\/wp-json\/wp\/v2\/comments?post=158609"}],"version-history":[{"count":4,"href":"https:\/\/exaudi.org\/es\/wp-json\/wp\/v2\/posts\/158609\/revisions"}],"predecessor-version":[{"id":158631,"href":"https:\/\/exaudi.org\/es\/wp-json\/wp\/v2\/posts\/158609\/revisions\/158631"}],"wp:featuredmedia":[{"embeddable":true,"href":"https:\/\/exaudi.org\/es\/wp-json\/wp\/v2\/media\/158611"}],"wp:attachment":[{"href":"https:\/\/exaudi.org\/es\/wp-json\/wp\/v2\/media?parent=158609"}],"wp:term":[{"taxonomy":"category","embeddable":true,"href":"https:\/\/exaudi.org\/es\/wp-json\/wp\/v2\/categories?post=158609"},{"taxonomy":"post_tag","embeddable":true,"href":"https:\/\/exaudi.org\/es\/wp-json\/wp\/v2\/tags?post=158609"}],"curies":[{"name":"wp","href":"https:\/\/api.w.org\/{rel}","templated":true}]}}