{"id":15852,"date":"2021-05-09T15:27:27","date_gmt":"2021-05-09T13:27:27","guid":{"rendered":"https:\/\/exaudi.org\/?p=15852"},"modified":"2021-05-10T12:58:54","modified_gmt":"2021-05-10T10:58:54","slug":"regina-coeli-alegria-plena","status":"publish","type":"post","link":"https:\/\/exaudi.org\/es\/regina-coeli-alegria-plena\/","title":{"rendered":"Regina Coeli: \u201cQue vuestra alegr\u00eda sea plena\u201d"},"content":{"rendered":"<p>A las 12 del mediod\u00eda de hoy, 9 de mayo de 2021, el Santo Padre Francisco se asom\u00f3 a la ventana de su estudio en el Palacio Apost\u00f3lico Vaticano para el rezo del <a href=\"https:\/\/exaudi.org\/es\/regina-coeli-oracion-del-papa-por-jerusalen-kabul-y-colombia\/\"><em>Regina Coeli<\/em><\/a> con los fieles y peregrinos reunidos en la plaza de San Pedro y ha subrayado la importancia \u201cde permanecer en Jes\u00fas para que su alegr\u00eda est\u00e9 en nosotros y nuestra alegr\u00eda sea plena\u201d (vv. 9-11).<\/p>\n<p>El Papa ha reflexionado sobre el Evangelio de este domingo de Pascua (<em>Jn<\/em> 15,1-8), en el cual, \u201cJes\u00fas, despu\u00e9s de haberse comparado a S\u00ed mismo con la vid y a nosotros con los sarmientos, explica cu\u00e1l es\u00a0<em>el fruto<\/em>\u00a0que dan quienes permanecen unidos a \u00c9l: este fruto es\u00a0<em>el amor<\/em>. Retoma una vez m\u00e1s el verbo clave:\u00a0<em>permanecer<\/em>. Nos invita a permanecer en su amor para que su alegr\u00eda est\u00e9 en nosotros y nuestra alegr\u00eda sea plena\u201d (vv. 9-11).<\/p>\n<p>Y a\u00f1ade, \u201csi cumpl\u00eds mis mandamientos, permanecer\u00e9is en mi amor\u201d. \u201cAmar como Cristo significa decir\u00a0<em>no<\/em> a otros \u2018amores\u2019 que el mundo nos propone: amor al dinero \u2014quien ama el dinero no ama como ama Jes\u00fas\u2014, amor al \u00e9xito, a la vanidad, al poder\u2026 Estos caminos enga\u00f1osos de \u2018amor\u2019 nos alejan del amor al Se\u00f1or y nos llevan a ser cada vez m\u00e1s ego\u00edstas, narcisistas, prepotentes\u201d. Asimismo dice el Santo Padre, \u201dQuien habita en el culto de s\u00ed mismo, habita en el espejo: siempre est\u00e1 mir\u00e1ndose. Jes\u00fas nos pide que abandonemos la pretensi\u00f3n de dirigir y controlar a los dem\u00e1s. No debemos controlarlos, sino servirlos. Abrir el coraz\u00f3n a los dem\u00e1s: esto es amor, donarnos a ellos\u201d.<\/p>\n<p>A continuaci\u00f3n, siguen las palabras del Papa seg\u00fan la traducci\u00f3n oficial ofrecida por la Oficina de Prensa de la Santa Sede<\/p>\n<p>***<\/p>\n<h4><strong>Palabras antes del<\/strong><strong>\u00a0<\/strong><em><strong>Regina Coeli<\/strong><\/em><\/h4>\n<p>En el Evangelio de este domingo (<em>Jn<\/em>\u00a015,9-17), Jes\u00fas, despu\u00e9s de haberse comparado a S\u00ed mismo con la vid y a nosotros con los sarmientos, explica cu\u00e1l es\u00a0<em>el fruto<\/em>\u00a0que dan quienes permanecen unidos a \u00c9l: este fruto es\u00a0<em>el amor<\/em>. Retoma una vez m\u00e1s el verbo clave:\u00a0<em>permanecer<\/em>. Nos invita a permanecer en su amor para que su alegr\u00eda est\u00e9 en nosotros y nuestra alegr\u00eda sea plena (vv. 9-11). Permanecer en el amor de Jes\u00fas.<\/p>\n<p>Nos preguntamos: \u00bfcu\u00e1l es este amor en el que Jes\u00fas nos dice que permanezcamos para tener su alegr\u00eda? \u00bfCu\u00e1l es este amor? Es el amor que tiene origen\u00a0<em>en el Padre<\/em>, porque \u201cDios es amor\u201d (<em>1Jn<\/em>\u00a04,8). Este amor de Dios, del Padre, fluye como un r\u00edo en el Hijo Jes\u00fas, y a trav\u00e9s de \u00c9l llega a nosotros, sus criaturas. De hecho, \u00c9l dice: \u201cComo el Padre me ama, as\u00ed os amo yo a vosotros\u201d (<em>Jn<\/em>\u00a015,9). El amor que Jes\u00fas nos dona es el mismo con el que el Padre lo ama a \u00c9l: amor puro, incondicionado, amor gratuito. No se puede comprar, es gratuito. Don\u00e1ndonoslo, Jes\u00fas nos trata como amigos \u2014con este amor\u2014, d\u00e1ndonos a conocer al Padre, y nos involucra en su misma misi\u00f3n por la vida del mundo.<\/p>\n<p>Y adem\u00e1s, podemos preguntarnos: \u00bfqu\u00e9 hemos de hacer para permanecer en este amor? Dice Jes\u00fas: \u201cSi cumpl\u00eds mis mandamientos, permanecer\u00e9is en mi amor\u201d (v. 10). Jes\u00fas resumi\u00f3 sus mandamientos en uno solo, este: \u201cAmaos los unos a los otros como yo os he amado\u201d (v. 12). Amar\u00a0<em>como<\/em>\u00a0ama Jes\u00fas significa ponerse al servicio, al servicio de los hermanos, tal como hizo \u00c9l al lavar los pies de los disc\u00edpulos. Significa tambi\u00e9n salir de uno mismo, desprenderse de las propias seguridades humanas, de las comodidades mundanas, para abrirse a los dem\u00e1s, especialmente a quienes tienen m\u00e1s necesidad. Significa ponerse a disposici\u00f3n con lo que somos y lo que tenemos. Esto quiere decir amar no de palabra, sino con obras.<\/p>\n<p>Amar como Cristo significa decir\u00a0<em>no<\/em>\u00a0a otros \u201camores\u201d que el mundo nos propone: amor al dinero \u2014quien ama el dinero no ama como ama Jes\u00fas\u2014, amor al \u00e9xito, a la vanidad, al poder\u2026 Estos caminos enga\u00f1osos de \u201camor\u201d nos alejan del amor al Se\u00f1or y nos llevan a ser cada vez m\u00e1s ego\u00edstas, narcisistas, prepotentes. La prepotencia conduce a una degeneraci\u00f3n del amor, a abusar de los dem\u00e1s, a hacer sufrir a la persona amada. Pienso en el amor enfermo que se transforma en violencia \u2014\u00a1y cu\u00e1ntas mujeres son v\u00edctimas de la violencia hoy en d\u00eda!\u2014. Esto no es amor. Amar como ama el Se\u00f1or quiere decir apreciar a la persona que est\u00e1 a nuestro lado y respetar su libertad, amarla como es, no como nosotros queremos que sea, como es, gratuitamente. En definitiva, Jes\u00fas nos pide que permanezcamos en su amor, que habitemos en su amor, no en nuestras ideas, no en el culto a nosotros mismos. Quien habita en el culto de s\u00ed mismo, habita en el espejo: siempre est\u00e1 mir\u00e1ndose. Jes\u00fas nos pide que abandonemos la pretensi\u00f3n de dirigir y controlar a los dem\u00e1s. No debemos controlarlos, sino servirlos. Abrir el coraz\u00f3n a los dem\u00e1s: esto es amor, donarnos a ellos.<\/p>\n<p>Queridos hermanos y hermanas, \u00bfa d\u00f3nde conduce este permanecer en el amor del Se\u00f1or? \u00bfA d\u00f3nde nos conduce? Nos lo ha dicho Jes\u00fas: \u201cPara que mi alegr\u00eda est\u00e9 en vosotros y vuestra alegr\u00eda sea plena\u201d (v. 11). El Se\u00f1or quiere que la alegr\u00eda que \u00c9l posee, porque est\u00e1 en comuni\u00f3n total con el Padre, est\u00e9 tambi\u00e9n en nosotros en cuanto unidos a \u00c9l. La alegr\u00eda de sabernos amados por Dios a pesar de nuestras infidelidades nos hace afrontar con fe las pruebas de la vida, nos hace atravesar las crisis para salir de ellas siendo mejores. Ser verdaderos testigos consiste en vivir esta alegr\u00eda, porque la alegr\u00eda es el signo caracter\u00edstico del verdadero cristiano. El verdadero cristiano no es triste, tiene siempre esa alegr\u00eda dentro, incluso en los malos momentos.<\/p>\n<p>Que la Virgen Mar\u00eda nos ayude a\u00a0<em>permanecer en el amor de Jes\u00fas<\/em>\u00a0y a crecer en el amor hacia todos testimoniando la alegr\u00eda del Se\u00f1or resucitado.<\/p>\n","protected":false},"excerpt":{"rendered":"<p>Palabras antes del Regina Coeli<\/p>\n","protected":false},"author":7,"featured_media":15939,"comment_status":"closed","ping_status":"closed","sticky":false,"template":"","format":"standard","meta":{"_acf_changed":false,"_crdt_document":"","inline_featured_image":false,"footnotes":""},"categories":[68,1387,298],"tags":[2216],"class_list":["post-15852","post","type-post","status-publish","format-standard","has-post-thumbnail","hentry","category-leon-xiv","category-regina-coeli-es","category-ultimas-noticias","tag-regina-coeli-9-mayo-2021"],"acf":[],"yoast_head":"<!-- This site is optimized with the Yoast SEO plugin v27.4 - https:\/\/yoast.com\/product\/yoast-seo-wordpress\/ -->\n<title>Regina Coeli: \u201cQue vuestra alegr\u00eda sea plena\u201d &#8211; Exaudi<\/title>\n<meta name=\"description\" content=\"Esta ma\u00f1ana, el Papa rez\u00f3 el Regina Coeli desde el el Palacio Apost\u00f3lico Vaticano y exhort\u00f3 a los fieles a tener una alegr\u00eda plena.\" \/>\n<meta name=\"robots\" content=\"index, follow, max-snippet:-1, max-image-preview:large, max-video-preview:-1\" \/>\n<link rel=\"canonical\" href=\"https:\/\/exaudi.org\/es\/regina-coeli-alegria-plena\/\" \/>\n<meta property=\"og:locale\" content=\"es_ES\" \/>\n<meta property=\"og:type\" content=\"article\" \/>\n<meta property=\"og:title\" content=\"Regina Coeli: \u201cQue vuestra alegr\u00eda sea plena\u201d &#8211; Exaudi\" \/>\n<meta property=\"og:description\" content=\"Esta ma\u00f1ana, el Papa rez\u00f3 el Regina Coeli desde el el Palacio Apost\u00f3lico Vaticano y exhort\u00f3 a los fieles a tener una alegr\u00eda plena.\" \/>\n<meta property=\"og:url\" content=\"https:\/\/exaudi.org\/es\/regina-coeli-alegria-plena\/\" \/>\n<meta property=\"og:site_name\" content=\"Exaudi\" \/>\n<meta property=\"article:publisher\" content=\"https:\/\/www.facebook.com\/ExaudiNews\" \/>\n<meta property=\"article:published_time\" content=\"2021-05-09T13:27:27+00:00\" \/>\n<meta property=\"article:modified_time\" content=\"2021-05-10T10:58:54+00:00\" \/>\n<meta property=\"og:image\" content=\"https:\/\/exaudi.org\/wp-content\/uploads\/2021\/05\/VM090521111218_0064-scaled.jpg\" \/>\n\t<meta property=\"og:image:width\" content=\"2560\" \/>\n\t<meta property=\"og:image:height\" content=\"1706\" \/>\n\t<meta property=\"og:image:type\" content=\"image\/jpeg\" \/>\n<meta name=\"author\" content=\"Raquel Anillo\" \/>\n<meta name=\"twitter:card\" content=\"summary_large_image\" \/>\n<meta name=\"twitter:creator\" content=\"@Exaudi_News\" \/>\n<meta name=\"twitter:site\" content=\"@Exaudi_News\" \/>\n<meta name=\"twitter:label1\" content=\"Escrito por\" \/>\n\t<meta name=\"twitter:data1\" content=\"Raquel Anillo\" \/>\n\t<meta name=\"twitter:label2\" content=\"Tiempo de lectura\" \/>\n\t<meta name=\"twitter:data2\" content=\"5 minutos\" \/>\n<script type=\"application\/ld+json\" class=\"yoast-schema-graph\">{\"@context\":\"https:\\\/\\\/schema.org\",\"@graph\":[{\"@type\":\"Article\",\"@id\":\"https:\\\/\\\/exaudi.org\\\/es\\\/regina-coeli-alegria-plena\\\/#article\",\"isPartOf\":{\"@id\":\"https:\\\/\\\/exaudi.org\\\/es\\\/regina-coeli-alegria-plena\\\/\"},\"author\":{\"name\":\"Raquel Anillo\",\"@id\":\"https:\\\/\\\/exaudi.org\\\/#\\\/schema\\\/person\\\/6ff0af358a606d657c4b1b6e0d5c85cb\"},\"headline\":\"Regina Coeli: \u201cQue vuestra alegr\u00eda sea plena\u201d\",\"datePublished\":\"2021-05-09T13:27:27+00:00\",\"dateModified\":\"2021-05-10T10:58:54+00:00\",\"mainEntityOfPage\":{\"@id\":\"https:\\\/\\\/exaudi.org\\\/es\\\/regina-coeli-alegria-plena\\\/\"},\"wordCount\":1079,\"image\":{\"@id\":\"https:\\\/\\\/exaudi.org\\\/es\\\/regina-coeli-alegria-plena\\\/#primaryimage\"},\"thumbnailUrl\":\"https:\\\/\\\/exaudi.org\\\/wp-content\\\/uploads\\\/2021\\\/05\\\/VM090521111218_0064-scaled.jpg\",\"keywords\":[\"Regina Coeli 9 mayo 2021\"],\"articleSection\":[\"Le\u00f3n XIV\",\"Regina Coeli\",\"\u00daltimas noticias\"],\"inLanguage\":\"es\"},{\"@type\":\"WebPage\",\"@id\":\"https:\\\/\\\/exaudi.org\\\/es\\\/regina-coeli-alegria-plena\\\/\",\"url\":\"https:\\\/\\\/exaudi.org\\\/es\\\/regina-coeli-alegria-plena\\\/\",\"name\":\"Regina Coeli: \u201cQue vuestra alegr\u00eda sea plena\u201d &#8211; Exaudi\",\"isPartOf\":{\"@id\":\"https:\\\/\\\/exaudi.org\\\/#website\"},\"primaryImageOfPage\":{\"@id\":\"https:\\\/\\\/exaudi.org\\\/es\\\/regina-coeli-alegria-plena\\\/#primaryimage\"},\"image\":{\"@id\":\"https:\\\/\\\/exaudi.org\\\/es\\\/regina-coeli-alegria-plena\\\/#primaryimage\"},\"thumbnailUrl\":\"https:\\\/\\\/exaudi.org\\\/wp-content\\\/uploads\\\/2021\\\/05\\\/VM090521111218_0064-scaled.jpg\",\"datePublished\":\"2021-05-09T13:27:27+00:00\",\"dateModified\":\"2021-05-10T10:58:54+00:00\",\"author\":{\"@id\":\"https:\\\/\\\/exaudi.org\\\/#\\\/schema\\\/person\\\/6ff0af358a606d657c4b1b6e0d5c85cb\"},\"description\":\"Esta ma\u00f1ana, el Papa rez\u00f3 el Regina Coeli desde el el Palacio Apost\u00f3lico Vaticano y exhort\u00f3 a los fieles a tener una alegr\u00eda plena.\",\"breadcrumb\":{\"@id\":\"https:\\\/\\\/exaudi.org\\\/es\\\/regina-coeli-alegria-plena\\\/#breadcrumb\"},\"inLanguage\":\"es\",\"potentialAction\":[{\"@type\":\"ReadAction\",\"target\":[\"https:\\\/\\\/exaudi.org\\\/es\\\/regina-coeli-alegria-plena\\\/\"]}]},{\"@type\":\"ImageObject\",\"inLanguage\":\"es\",\"@id\":\"https:\\\/\\\/exaudi.org\\\/es\\\/regina-coeli-alegria-plena\\\/#primaryimage\",\"url\":\"https:\\\/\\\/exaudi.org\\\/wp-content\\\/uploads\\\/2021\\\/05\\\/VM090521111218_0064-scaled.jpg\",\"contentUrl\":\"https:\\\/\\\/exaudi.org\\\/wp-content\\\/uploads\\\/2021\\\/05\\\/VM090521111218_0064-scaled.jpg\",\"width\":2560,\"height\":1706,\"caption\":\"Regina Coeli 9 mayo 2021 \u00a9 Vatican Media\"},{\"@type\":\"BreadcrumbList\",\"@id\":\"https:\\\/\\\/exaudi.org\\\/es\\\/regina-coeli-alegria-plena\\\/#breadcrumb\",\"itemListElement\":[{\"@type\":\"ListItem\",\"position\":1,\"name\":\"Portada\",\"item\":\"https:\\\/\\\/exaudi.org\\\/es\\\/\"},{\"@type\":\"ListItem\",\"position\":2,\"name\":\"Regina Coeli: \u201cQue vuestra alegr\u00eda sea plena\u201d\"}]},{\"@type\":\"WebSite\",\"@id\":\"https:\\\/\\\/exaudi.org\\\/#website\",\"url\":\"https:\\\/\\\/exaudi.org\\\/\",\"name\":\"Exaudi\",\"description\":\"News\",\"potentialAction\":[{\"@type\":\"SearchAction\",\"target\":{\"@type\":\"EntryPoint\",\"urlTemplate\":\"https:\\\/\\\/exaudi.org\\\/?s={search_term_string}\"},\"query-input\":{\"@type\":\"PropertyValueSpecification\",\"valueRequired\":true,\"valueName\":\"search_term_string\"}}],\"inLanguage\":\"es\"},{\"@type\":\"Person\",\"@id\":\"https:\\\/\\\/exaudi.org\\\/#\\\/schema\\\/person\\\/6ff0af358a606d657c4b1b6e0d5c85cb\",\"name\":\"Raquel Anillo\",\"image\":{\"@type\":\"ImageObject\",\"inLanguage\":\"es\",\"@id\":\"https:\\\/\\\/secure.gravatar.com\\\/avatar\\\/7f88757c095badfcf277fb437d860f221e7a4fb83008b887cccb1f1299f66efb?s=96&d=mm&r=g\",\"url\":\"https:\\\/\\\/secure.gravatar.com\\\/avatar\\\/7f88757c095badfcf277fb437d860f221e7a4fb83008b887cccb1f1299f66efb?s=96&d=mm&r=g\",\"contentUrl\":\"https:\\\/\\\/secure.gravatar.com\\\/avatar\\\/7f88757c095badfcf277fb437d860f221e7a4fb83008b887cccb1f1299f66efb?s=96&d=mm&r=g\",\"caption\":\"Raquel Anillo\"},\"description\":\"Casada. Comprometida con la Iglesia. Traductora e int\u00e9rprete para la Comunidad Emmanuel, especialmente para las sesiones internacionales de Paray le Monial (Francia) 1986 al 2005. Colaboradora de Zenit de 2012-2014 y de 2017-2020 como traductora.\",\"url\":\"https:\\\/\\\/exaudi.org\\\/es\\\/author\\\/ranilloexaudi-org\\\/\"}]}<\/script>\n<!-- \/ Yoast SEO plugin. -->","yoast_head_json":{"title":"Regina Coeli: \u201cQue vuestra alegr\u00eda sea plena\u201d &#8211; Exaudi","description":"Esta ma\u00f1ana, el Papa rez\u00f3 el Regina Coeli desde el el Palacio Apost\u00f3lico Vaticano y exhort\u00f3 a los fieles a tener una alegr\u00eda plena.","robots":{"index":"index","follow":"follow","max-snippet":"max-snippet:-1","max-image-preview":"max-image-preview:large","max-video-preview":"max-video-preview:-1"},"canonical":"https:\/\/exaudi.org\/es\/regina-coeli-alegria-plena\/","og_locale":"es_ES","og_type":"article","og_title":"Regina Coeli: \u201cQue vuestra alegr\u00eda sea plena\u201d &#8211; Exaudi","og_description":"Esta ma\u00f1ana, el Papa rez\u00f3 el Regina Coeli desde el el Palacio Apost\u00f3lico Vaticano y exhort\u00f3 a los fieles a tener una alegr\u00eda plena.","og_url":"https:\/\/exaudi.org\/es\/regina-coeli-alegria-plena\/","og_site_name":"Exaudi","article_publisher":"https:\/\/www.facebook.com\/ExaudiNews","article_published_time":"2021-05-09T13:27:27+00:00","article_modified_time":"2021-05-10T10:58:54+00:00","og_image":[{"width":2560,"height":1706,"url":"https:\/\/exaudi.org\/wp-content\/uploads\/2021\/05\/VM090521111218_0064-scaled.jpg","type":"image\/jpeg"}],"author":"Raquel Anillo","twitter_card":"summary_large_image","twitter_creator":"@Exaudi_News","twitter_site":"@Exaudi_News","twitter_misc":{"Escrito por":"Raquel Anillo","Tiempo de lectura":"5 minutos"},"schema":{"@context":"https:\/\/schema.org","@graph":[{"@type":"Article","@id":"https:\/\/exaudi.org\/es\/regina-coeli-alegria-plena\/#article","isPartOf":{"@id":"https:\/\/exaudi.org\/es\/regina-coeli-alegria-plena\/"},"author":{"name":"Raquel Anillo","@id":"https:\/\/exaudi.org\/#\/schema\/person\/6ff0af358a606d657c4b1b6e0d5c85cb"},"headline":"Regina Coeli: \u201cQue vuestra alegr\u00eda sea plena\u201d","datePublished":"2021-05-09T13:27:27+00:00","dateModified":"2021-05-10T10:58:54+00:00","mainEntityOfPage":{"@id":"https:\/\/exaudi.org\/es\/regina-coeli-alegria-plena\/"},"wordCount":1079,"image":{"@id":"https:\/\/exaudi.org\/es\/regina-coeli-alegria-plena\/#primaryimage"},"thumbnailUrl":"https:\/\/exaudi.org\/wp-content\/uploads\/2021\/05\/VM090521111218_0064-scaled.jpg","keywords":["Regina Coeli 9 mayo 2021"],"articleSection":["Le\u00f3n XIV","Regina Coeli","\u00daltimas noticias"],"inLanguage":"es"},{"@type":"WebPage","@id":"https:\/\/exaudi.org\/es\/regina-coeli-alegria-plena\/","url":"https:\/\/exaudi.org\/es\/regina-coeli-alegria-plena\/","name":"Regina Coeli: \u201cQue vuestra alegr\u00eda sea plena\u201d &#8211; Exaudi","isPartOf":{"@id":"https:\/\/exaudi.org\/#website"},"primaryImageOfPage":{"@id":"https:\/\/exaudi.org\/es\/regina-coeli-alegria-plena\/#primaryimage"},"image":{"@id":"https:\/\/exaudi.org\/es\/regina-coeli-alegria-plena\/#primaryimage"},"thumbnailUrl":"https:\/\/exaudi.org\/wp-content\/uploads\/2021\/05\/VM090521111218_0064-scaled.jpg","datePublished":"2021-05-09T13:27:27+00:00","dateModified":"2021-05-10T10:58:54+00:00","author":{"@id":"https:\/\/exaudi.org\/#\/schema\/person\/6ff0af358a606d657c4b1b6e0d5c85cb"},"description":"Esta ma\u00f1ana, el Papa rez\u00f3 el Regina Coeli desde el el Palacio Apost\u00f3lico Vaticano y exhort\u00f3 a los fieles a tener una alegr\u00eda plena.","breadcrumb":{"@id":"https:\/\/exaudi.org\/es\/regina-coeli-alegria-plena\/#breadcrumb"},"inLanguage":"es","potentialAction":[{"@type":"ReadAction","target":["https:\/\/exaudi.org\/es\/regina-coeli-alegria-plena\/"]}]},{"@type":"ImageObject","inLanguage":"es","@id":"https:\/\/exaudi.org\/es\/regina-coeli-alegria-plena\/#primaryimage","url":"https:\/\/exaudi.org\/wp-content\/uploads\/2021\/05\/VM090521111218_0064-scaled.jpg","contentUrl":"https:\/\/exaudi.org\/wp-content\/uploads\/2021\/05\/VM090521111218_0064-scaled.jpg","width":2560,"height":1706,"caption":"Regina Coeli 9 mayo 2021 \u00a9 Vatican Media"},{"@type":"BreadcrumbList","@id":"https:\/\/exaudi.org\/es\/regina-coeli-alegria-plena\/#breadcrumb","itemListElement":[{"@type":"ListItem","position":1,"name":"Portada","item":"https:\/\/exaudi.org\/es\/"},{"@type":"ListItem","position":2,"name":"Regina Coeli: \u201cQue vuestra alegr\u00eda sea plena\u201d"}]},{"@type":"WebSite","@id":"https:\/\/exaudi.org\/#website","url":"https:\/\/exaudi.org\/","name":"Exaudi","description":"News","potentialAction":[{"@type":"SearchAction","target":{"@type":"EntryPoint","urlTemplate":"https:\/\/exaudi.org\/?s={search_term_string}"},"query-input":{"@type":"PropertyValueSpecification","valueRequired":true,"valueName":"search_term_string"}}],"inLanguage":"es"},{"@type":"Person","@id":"https:\/\/exaudi.org\/#\/schema\/person\/6ff0af358a606d657c4b1b6e0d5c85cb","name":"Raquel Anillo","image":{"@type":"ImageObject","inLanguage":"es","@id":"https:\/\/secure.gravatar.com\/avatar\/7f88757c095badfcf277fb437d860f221e7a4fb83008b887cccb1f1299f66efb?s=96&d=mm&r=g","url":"https:\/\/secure.gravatar.com\/avatar\/7f88757c095badfcf277fb437d860f221e7a4fb83008b887cccb1f1299f66efb?s=96&d=mm&r=g","contentUrl":"https:\/\/secure.gravatar.com\/avatar\/7f88757c095badfcf277fb437d860f221e7a4fb83008b887cccb1f1299f66efb?s=96&d=mm&r=g","caption":"Raquel Anillo"},"description":"Casada. Comprometida con la Iglesia. Traductora e int\u00e9rprete para la Comunidad Emmanuel, especialmente para las sesiones internacionales de Paray le Monial (Francia) 1986 al 2005. Colaboradora de Zenit de 2012-2014 y de 2017-2020 como traductora.","url":"https:\/\/exaudi.org\/es\/author\/ranilloexaudi-org\/"}]}},"jetpack_featured_media_url":"https:\/\/exaudi.org\/wp-content\/uploads\/2021\/05\/VM090521111218_0064-scaled.jpg","jetpack_shortlink":"https:\/\/wp.me\/pgKjF2-47G","_links":{"self":[{"href":"https:\/\/exaudi.org\/es\/wp-json\/wp\/v2\/posts\/15852","targetHints":{"allow":["GET"]}}],"collection":[{"href":"https:\/\/exaudi.org\/es\/wp-json\/wp\/v2\/posts"}],"about":[{"href":"https:\/\/exaudi.org\/es\/wp-json\/wp\/v2\/types\/post"}],"author":[{"embeddable":true,"href":"https:\/\/exaudi.org\/es\/wp-json\/wp\/v2\/users\/7"}],"replies":[{"embeddable":true,"href":"https:\/\/exaudi.org\/es\/wp-json\/wp\/v2\/comments?post=15852"}],"version-history":[{"count":0,"href":"https:\/\/exaudi.org\/es\/wp-json\/wp\/v2\/posts\/15852\/revisions"}],"wp:featuredmedia":[{"embeddable":true,"href":"https:\/\/exaudi.org\/es\/wp-json\/wp\/v2\/media\/15939"}],"wp:attachment":[{"href":"https:\/\/exaudi.org\/es\/wp-json\/wp\/v2\/media?parent=15852"}],"wp:term":[{"taxonomy":"category","embeddable":true,"href":"https:\/\/exaudi.org\/es\/wp-json\/wp\/v2\/categories?post=15852"},{"taxonomy":"post_tag","embeddable":true,"href":"https:\/\/exaudi.org\/es\/wp-json\/wp\/v2\/tags?post=15852"}],"curies":[{"name":"wp","href":"https:\/\/api.w.org\/{rel}","templated":true}]}}