{"id":158452,"date":"2026-02-21T10:00:05","date_gmt":"2026-02-21T09:00:05","guid":{"rendered":"https:\/\/exaudi.org\/?p=158452"},"modified":"2026-02-21T12:26:17","modified_gmt":"2026-02-21T11:26:17","slug":"el-papa-leon-xiv-invita-a-desarmar-el-lenguaje-en-cuaresma-2026","status":"publish","type":"post","link":"https:\/\/exaudi.org\/es\/el-papa-leon-xiv-invita-a-desarmar-el-lenguaje-en-cuaresma-2026\/","title":{"rendered":"El Papa Le\u00f3n XIV invita a \u00abdesarmar el lenguaje\u00bb en Cuaresma 2026"},"content":{"rendered":"<p>El papa Le\u00f3n XIV, en su <a href=\"https:\/\/exaudi.org\/es\/abstenerse-de-palabras-duras-y-juicios-precipitados\/\" target=\"_blank\" rel=\"noopener\">mensaje de Cuaresma 2026<\/a>, nos invita a hacer de este tiempo un camino de conversi\u00f3n tambi\u00e9n en nuestras palabras y en nuestra manera de comunicarnos. Nos anima a sustituir los insultos y los juicios r\u00e1pidos por la escucha sincera, proponi\u00e9ndonos \u00abdesarmar el lenguaje\u00bb y recuperar la amabilidad en la familia, el trabajo y el entorno digital.<\/p>\n<p>Por esta misma raz\u00f3n, Ayuda a la Iglesia necesitada regala este Via Crucis por los cristianos perseguidos, para que durante esta Cuaresma les tengas especialmente presentes en tu oraci\u00f3n y reces junto a estos hermanos nuestros que, en cada estaci\u00f3n, portan la cruz como la llev\u00f3 Jes\u00fas. Que este ejercicio te ayude a crecer en la escucha, la compasi\u00f3n y la comuni\u00f3n con quienes sufren por su fe.<\/p>\n<p><em><strong>Fernando Bielza D\u00edaz-Caneja . Asistente eclesi\u00e1stico de Ayuda a la Iglesia Necesitada<\/strong><\/em><\/p>\n<p><a href=\"https:\/\/www.ayudaalaiglesianecesitada.org\/wp-content\/uploads\/2026\/02\/Via_Crucis_2026-27-web.pdf?vgo_ee=Veq0vEXU1NTfB%2FnxHUL4lB1DzA2s8wSD3gUumPRVbfPasPY%3D%3ABcnK9wmIk4yyRV684zYxLqZczV4qjA8%2B\" target=\"_blank\" rel=\"noopener\"><em><strong>Descargar aqu\u00ed el Via Crucis en pdf<\/strong><\/em><\/a><\/p>\n<p><img data-recalc-dims=\"1\" fetchpriority=\"high\" decoding=\"async\" class=\"size-full wp-image-158465 alignnone\" src=\"https:\/\/i0.wp.com\/exaudi.org\/wp-content\/uploads\/2026\/02\/ACN-1.jpg?resize=1080%2C1080&#038;ssl=1\" alt=\"\" width=\"1080\" height=\"1080\" srcset=\"https:\/\/i0.wp.com\/exaudi.org\/wp-content\/uploads\/2026\/02\/ACN-1.jpg?w=1080&amp;ssl=1 1080w, https:\/\/i0.wp.com\/exaudi.org\/wp-content\/uploads\/2026\/02\/ACN-1.jpg?resize=300%2C300&amp;ssl=1 300w, https:\/\/i0.wp.com\/exaudi.org\/wp-content\/uploads\/2026\/02\/ACN-1.jpg?resize=1024%2C1024&amp;ssl=1 1024w, https:\/\/i0.wp.com\/exaudi.org\/wp-content\/uploads\/2026\/02\/ACN-1.jpg?resize=100%2C100&amp;ssl=1 100w, https:\/\/i0.wp.com\/exaudi.org\/wp-content\/uploads\/2026\/02\/ACN-1.jpg?resize=770%2C770&amp;ssl=1 770w, https:\/\/i0.wp.com\/exaudi.org\/wp-content\/uploads\/2026\/02\/ACN-1.jpg?resize=500%2C500&amp;ssl=1 500w\" sizes=\"(max-width: 1000px) 100vw, 1000px\" \/><\/p>\n","protected":false},"excerpt":{"rendered":"<p>Sustituye insultos y juicios por escucha y amabilidad en familia, trabajo y redes; reg\u00e1late el Via Crucis por los perseguidos de ACN<\/p>\n","protected":false},"author":89,"featured_media":158456,"comment_status":"closed","ping_status":"closed","sticky":false,"template":"","format":"standard","meta":{"_acf_changed":false,"inline_featured_image":false,"_wpcom_ai_launchpad_first_post":false,"footnotes":"","jetpack_post_was_ever_published":false},"categories":[72],"tags":[97034,97030,97037,97029,549,95220,95868,97028,97031,97036,97033,95861,96472,97035,58880,97032],"class_list":["post-158452","post","type-post","status-publish","format-standard","has-post-thumbnail","hentry","category-analisis","tag-acn-via-crucis-pdf","tag-amabilidad-comunicacion","tag-compasion-comunion-fe","tag-conversion-palabras","tag-cristianos-perseguidos","tag-cuaresma-2026","tag-desarmar-lenguaje","tag-el-papa-leon-xiv","tag-escucha-sincera","tag-familia-trabajo-entorno-digital","tag-fernando-bielza-diaz-caneja","tag-mensaje-cuaresma-2026","tag-oracion-cuaresma","tag-tiempo-conversion-lenguaje","tag-trending-es-151","tag-via-crucis-ayuda-a-la-iglesia-necesitada"],"acf":[],"yoast_head":"<!-- This site is optimized with the Yoast SEO plugin v28.4 - https:\/\/yoast.com\/product\/yoast-seo-wordpress\/ -->\n<title>El Papa Le\u00f3n XIV invita a &quot;desarmar el lenguaje&quot; en Cuaresma 2026 &#8211; Exaudi<\/title>\n<meta name=\"robots\" content=\"index, follow, max-snippet:-1, max-image-preview:large, max-video-preview:-1\" \/>\n<link rel=\"canonical\" href=\"https:\/\/exaudi.org\/es\/el-papa-leon-xiv-invita-a-desarmar-el-lenguaje-en-cuaresma-2026\/\" \/>\n<meta property=\"og:locale\" content=\"es_ES\" \/>\n<meta property=\"og:type\" content=\"article\" \/>\n<meta property=\"og:title\" content=\"El Papa Le\u00f3n XIV invita a &quot;desarmar el lenguaje&quot; en Cuaresma 2026 &#8211; Exaudi\" \/>\n<meta property=\"og:description\" content=\"Sustituye insultos y juicios por escucha y amabilidad en familia, trabajo y redes; reg\u00e1late el Via Crucis por los perseguidos de ACN\" \/>\n<meta property=\"og:url\" content=\"https:\/\/exaudi.org\/es\/el-papa-leon-xiv-invita-a-desarmar-el-lenguaje-en-cuaresma-2026\/\" \/>\n<meta property=\"og:site_name\" content=\"Exaudi\" \/>\n<meta property=\"article:publisher\" content=\"https:\/\/www.facebook.com\/ExaudiNews\" \/>\n<meta property=\"article:author\" content=\"https:\/\/www.facebook.com\/ayudaalaiglesianecesitada\/?ref=ts\" \/>\n<meta property=\"article:published_time\" content=\"2026-02-21T09:00:05+00:00\" \/>\n<meta property=\"article:modified_time\" content=\"2026-02-21T11:26:17+00:00\" \/>\n<meta property=\"og:image\" content=\"https:\/\/exaudi.org\/wp-content\/uploads\/2026\/02\/AIN-Via-Crucis.jpg\" \/>\n\t<meta property=\"og:image:width\" content=\"1054\" \/>\n\t<meta property=\"og:image:height\" content=\"500\" \/>\n\t<meta property=\"og:image:type\" content=\"image\/jpeg\" \/>\n<meta name=\"author\" content=\"Ayuda a la Iglesia Necesitada\" \/>\n<meta name=\"twitter:card\" content=\"summary_large_image\" \/>\n<meta name=\"twitter:creator\" content=\"@https:\/\/x.com\/AyudaIglesNeces\" \/>\n<meta name=\"twitter:site\" content=\"@Exaudi_News\" \/>\n<meta name=\"twitter:label1\" content=\"Escrito por\" \/>\n\t<meta name=\"twitter:data1\" content=\"Ayuda a la Iglesia Necesitada\" \/>\n\t<meta name=\"twitter:label2\" content=\"Tiempo de lectura\" \/>\n\t<meta name=\"twitter:data2\" content=\"1 minuto\" \/>\n<script type=\"application\/ld+json\" class=\"yoast-schema-graph\">{\"@context\":\"https:\\\/\\\/schema.org\",\"@graph\":[{\"@type\":\"Article\",\"@id\":\"https:\\\/\\\/exaudi.org\\\/es\\\/el-papa-leon-xiv-invita-a-desarmar-el-lenguaje-en-cuaresma-2026\\\/#article\",\"isPartOf\":{\"@id\":\"https:\\\/\\\/exaudi.org\\\/es\\\/el-papa-leon-xiv-invita-a-desarmar-el-lenguaje-en-cuaresma-2026\\\/\"},\"author\":{\"name\":\"Ayuda a la Iglesia Necesitada\",\"@id\":\"https:\\\/\\\/exaudi.org\\\/#\\\/schema\\\/person\\\/d4906ab3b6c174ffe37d722c51c73317\"},\"headline\":\"El Papa Le\u00f3n XIV invita a \u00abdesarmar el lenguaje\u00bb en Cuaresma 2026\",\"datePublished\":\"2026-02-21T09:00:05+00:00\",\"dateModified\":\"2026-02-21T11:26:17+00:00\",\"mainEntityOfPage\":{\"@id\":\"https:\\\/\\\/exaudi.org\\\/es\\\/el-papa-leon-xiv-invita-a-desarmar-el-lenguaje-en-cuaresma-2026\\\/\"},\"wordCount\":172,\"image\":{\"@id\":\"https:\\\/\\\/exaudi.org\\\/es\\\/el-papa-leon-xiv-invita-a-desarmar-el-lenguaje-en-cuaresma-2026\\\/#primaryimage\"},\"thumbnailUrl\":\"https:\\\/\\\/i0.wp.com\\\/exaudi.org\\\/wp-content\\\/uploads\\\/2026\\\/02\\\/AIN-Via-Crucis.jpg?fit=1054%2C500&ssl=1\",\"keywords\":[\"ACN Via Crucis PDF\",\"amabilidad comunicaci\u00f3n\",\"compasi\u00f3n comuni\u00f3n fe\",\"conversi\u00f3n palabras\",\"cristianos perseguidos\",\"Cuaresma 2026\",\"desarmar lenguaje\",\"El papa Le\u00f3n XIV\",\"escucha sincera\",\"familia trabajo entorno digital\",\"Fernando Bielza D\u00edaz-Caneja\",\"mensaje Cuaresma 2026\",\"oraci\u00f3n Cuaresma\",\"tiempo conversi\u00f3n lenguaje\",\"Trending\",\"Via Crucis Ayuda a la Iglesia Necesitada\"],\"articleSection\":[\"An\u00e1lisis\"],\"inLanguage\":\"es\"},{\"@type\":\"WebPage\",\"@id\":\"https:\\\/\\\/exaudi.org\\\/es\\\/el-papa-leon-xiv-invita-a-desarmar-el-lenguaje-en-cuaresma-2026\\\/\",\"url\":\"https:\\\/\\\/exaudi.org\\\/es\\\/el-papa-leon-xiv-invita-a-desarmar-el-lenguaje-en-cuaresma-2026\\\/\",\"name\":\"El Papa Le\u00f3n XIV invita a \\\"desarmar el lenguaje\\\" en Cuaresma 2026 &#8211; Exaudi\",\"isPartOf\":{\"@id\":\"https:\\\/\\\/exaudi.org\\\/#website\"},\"primaryImageOfPage\":{\"@id\":\"https:\\\/\\\/exaudi.org\\\/es\\\/el-papa-leon-xiv-invita-a-desarmar-el-lenguaje-en-cuaresma-2026\\\/#primaryimage\"},\"image\":{\"@id\":\"https:\\\/\\\/exaudi.org\\\/es\\\/el-papa-leon-xiv-invita-a-desarmar-el-lenguaje-en-cuaresma-2026\\\/#primaryimage\"},\"thumbnailUrl\":\"https:\\\/\\\/i0.wp.com\\\/exaudi.org\\\/wp-content\\\/uploads\\\/2026\\\/02\\\/AIN-Via-Crucis.jpg?fit=1054%2C500&ssl=1\",\"datePublished\":\"2026-02-21T09:00:05+00:00\",\"dateModified\":\"2026-02-21T11:26:17+00:00\",\"author\":{\"@id\":\"https:\\\/\\\/exaudi.org\\\/#\\\/schema\\\/person\\\/d4906ab3b6c174ffe37d722c51c73317\"},\"breadcrumb\":{\"@id\":\"https:\\\/\\\/exaudi.org\\\/es\\\/el-papa-leon-xiv-invita-a-desarmar-el-lenguaje-en-cuaresma-2026\\\/#breadcrumb\"},\"inLanguage\":\"es\",\"potentialAction\":[{\"@type\":\"ReadAction\",\"target\":[\"https:\\\/\\\/exaudi.org\\\/es\\\/el-papa-leon-xiv-invita-a-desarmar-el-lenguaje-en-cuaresma-2026\\\/\"]}]},{\"@type\":\"ImageObject\",\"inLanguage\":\"es\",\"@id\":\"https:\\\/\\\/exaudi.org\\\/es\\\/el-papa-leon-xiv-invita-a-desarmar-el-lenguaje-en-cuaresma-2026\\\/#primaryimage\",\"url\":\"https:\\\/\\\/i0.wp.com\\\/exaudi.org\\\/wp-content\\\/uploads\\\/2026\\\/02\\\/AIN-Via-Crucis.jpg?fit=1054%2C500&ssl=1\",\"contentUrl\":\"https:\\\/\\\/i0.wp.com\\\/exaudi.org\\\/wp-content\\\/uploads\\\/2026\\\/02\\\/AIN-Via-Crucis.jpg?fit=1054%2C500&ssl=1\",\"width\":1054,\"height\":500},{\"@type\":\"BreadcrumbList\",\"@id\":\"https:\\\/\\\/exaudi.org\\\/es\\\/el-papa-leon-xiv-invita-a-desarmar-el-lenguaje-en-cuaresma-2026\\\/#breadcrumb\",\"itemListElement\":[{\"@type\":\"ListItem\",\"position\":1,\"name\":\"Portada\",\"item\":\"https:\\\/\\\/exaudi.org\\\/es\\\/\"},{\"@type\":\"ListItem\",\"position\":2,\"name\":\"El Papa Le\u00f3n XIV invita a \u00abdesarmar el lenguaje\u00bb en Cuaresma 2026\"}]},{\"@type\":\"WebSite\",\"@id\":\"https:\\\/\\\/exaudi.org\\\/#website\",\"url\":\"https:\\\/\\\/exaudi.org\\\/\",\"name\":\"Exaudi\",\"description\":\"News\",\"potentialAction\":[{\"@type\":\"SearchAction\",\"target\":{\"@type\":\"EntryPoint\",\"urlTemplate\":\"https:\\\/\\\/exaudi.org\\\/?s={search_term_string}\"},\"query-input\":{\"@type\":\"PropertyValueSpecification\",\"valueRequired\":true,\"valueName\":\"search_term_string\"}}],\"inLanguage\":\"es\"},{\"@type\":\"Person\",\"@id\":\"https:\\\/\\\/exaudi.org\\\/#\\\/schema\\\/person\\\/d4906ab3b6c174ffe37d722c51c73317\",\"name\":\"Ayuda a la Iglesia Necesitada\",\"image\":{\"@type\":\"ImageObject\",\"inLanguage\":\"es\",\"@id\":\"https:\\\/\\\/secure.gravatar.com\\\/avatar\\\/18b646e6575a46729bc25d1c374d5965acb9854728a2929ada390e85905160db?s=96&d=mm&r=g\",\"url\":\"https:\\\/\\\/secure.gravatar.com\\\/avatar\\\/18b646e6575a46729bc25d1c374d5965acb9854728a2929ada390e85905160db?s=96&d=mm&r=g\",\"contentUrl\":\"https:\\\/\\\/secure.gravatar.com\\\/avatar\\\/18b646e6575a46729bc25d1c374d5965acb9854728a2929ada390e85905160db?s=96&d=mm&r=g\",\"caption\":\"Ayuda a la Iglesia Necesitada\"},\"description\":\"Ayuda a la Iglesia Necesitada (ACN) es la Fundaci\u00f3n Pontificia que apoya a la Iglesia cat\u00f3lica en su labor evangelizadora en las comunidades m\u00e1s necesitadas, discriminadas y perseguidas del mundo. Cada a\u00f1o, ACN financia m\u00e1s de 5.000 proyectos pastorales y de emergencia humanitaria en m\u00e1s de 130 pa\u00edses. Cuenta con m\u00e1s de 20 oficinas en el mundo (en Espa\u00f1a desde 1965), dedicadas a informar sobre la realidad de estos cristianos; al fomento de la oraci\u00f3n, y a la recaudaci\u00f3n de fondos para la cobertura de proyectos. El 100% de los proyectos que desarrolla ACN se sostienen gracias a los donativos de personas f\u00edsicas u organizaciones que valoran la labor de la Iglesia en el mundo. La Fundaci\u00f3n no recibe subvenciones de organismos p\u00fablicos.\",\"sameAs\":[\"https:\\\/\\\/www.facebook.com\\\/ayudaalaiglesianecesitada\\\/?ref=ts\",\"https:\\\/\\\/www.instagram.com\\\/ayudaiglesianecesitada\\\/\",\"https:\\\/\\\/x.com\\\/https:\\\/\\\/x.com\\\/AyudaIglesNeces\",\"https:\\\/\\\/www.youtube.com\\\/user\\\/AINorg\"],\"url\":\"https:\\\/\\\/exaudi.org\\\/es\\\/author\\\/ayudaalaiglesianecesitada\\\/\"}]}<\/script>\n<!-- \/ Yoast SEO plugin. -->","yoast_head_json":{"title":"El Papa Le\u00f3n XIV invita a \"desarmar el lenguaje\" en Cuaresma 2026 &#8211; Exaudi","robots":{"index":"index","follow":"follow","max-snippet":"max-snippet:-1","max-image-preview":"max-image-preview:large","max-video-preview":"max-video-preview:-1"},"canonical":"https:\/\/exaudi.org\/es\/el-papa-leon-xiv-invita-a-desarmar-el-lenguaje-en-cuaresma-2026\/","og_locale":"es_ES","og_type":"article","og_title":"El Papa Le\u00f3n XIV invita a \"desarmar el lenguaje\" en Cuaresma 2026 &#8211; Exaudi","og_description":"Sustituye insultos y juicios por escucha y amabilidad en familia, trabajo y redes; reg\u00e1late el Via Crucis por los perseguidos de ACN","og_url":"https:\/\/exaudi.org\/es\/el-papa-leon-xiv-invita-a-desarmar-el-lenguaje-en-cuaresma-2026\/","og_site_name":"Exaudi","article_publisher":"https:\/\/www.facebook.com\/ExaudiNews","article_author":"https:\/\/www.facebook.com\/ayudaalaiglesianecesitada\/?ref=ts","article_published_time":"2026-02-21T09:00:05+00:00","article_modified_time":"2026-02-21T11:26:17+00:00","og_image":[{"width":1054,"height":500,"url":"https:\/\/exaudi.org\/wp-content\/uploads\/2026\/02\/AIN-Via-Crucis.jpg","type":"image\/jpeg"}],"author":"Ayuda a la Iglesia Necesitada","twitter_card":"summary_large_image","twitter_creator":"@https:\/\/x.com\/AyudaIglesNeces","twitter_site":"@Exaudi_News","twitter_misc":{"Escrito por":"Ayuda a la Iglesia Necesitada","Tiempo de lectura":"1 minuto"},"schema":{"@context":"https:\/\/schema.org","@graph":[{"@type":"Article","@id":"https:\/\/exaudi.org\/es\/el-papa-leon-xiv-invita-a-desarmar-el-lenguaje-en-cuaresma-2026\/#article","isPartOf":{"@id":"https:\/\/exaudi.org\/es\/el-papa-leon-xiv-invita-a-desarmar-el-lenguaje-en-cuaresma-2026\/"},"author":{"name":"Ayuda a la Iglesia Necesitada","@id":"https:\/\/exaudi.org\/#\/schema\/person\/d4906ab3b6c174ffe37d722c51c73317"},"headline":"El Papa Le\u00f3n XIV invita a \u00abdesarmar el lenguaje\u00bb en Cuaresma 2026","datePublished":"2026-02-21T09:00:05+00:00","dateModified":"2026-02-21T11:26:17+00:00","mainEntityOfPage":{"@id":"https:\/\/exaudi.org\/es\/el-papa-leon-xiv-invita-a-desarmar-el-lenguaje-en-cuaresma-2026\/"},"wordCount":172,"image":{"@id":"https:\/\/exaudi.org\/es\/el-papa-leon-xiv-invita-a-desarmar-el-lenguaje-en-cuaresma-2026\/#primaryimage"},"thumbnailUrl":"https:\/\/i0.wp.com\/exaudi.org\/wp-content\/uploads\/2026\/02\/AIN-Via-Crucis.jpg?fit=1054%2C500&ssl=1","keywords":["ACN Via Crucis PDF","amabilidad comunicaci\u00f3n","compasi\u00f3n comuni\u00f3n fe","conversi\u00f3n palabras","cristianos perseguidos","Cuaresma 2026","desarmar lenguaje","El papa Le\u00f3n XIV","escucha sincera","familia trabajo entorno digital","Fernando Bielza D\u00edaz-Caneja","mensaje Cuaresma 2026","oraci\u00f3n Cuaresma","tiempo conversi\u00f3n lenguaje","Trending","Via Crucis Ayuda a la Iglesia Necesitada"],"articleSection":["An\u00e1lisis"],"inLanguage":"es"},{"@type":"WebPage","@id":"https:\/\/exaudi.org\/es\/el-papa-leon-xiv-invita-a-desarmar-el-lenguaje-en-cuaresma-2026\/","url":"https:\/\/exaudi.org\/es\/el-papa-leon-xiv-invita-a-desarmar-el-lenguaje-en-cuaresma-2026\/","name":"El Papa Le\u00f3n XIV invita a \"desarmar el lenguaje\" en Cuaresma 2026 &#8211; Exaudi","isPartOf":{"@id":"https:\/\/exaudi.org\/#website"},"primaryImageOfPage":{"@id":"https:\/\/exaudi.org\/es\/el-papa-leon-xiv-invita-a-desarmar-el-lenguaje-en-cuaresma-2026\/#primaryimage"},"image":{"@id":"https:\/\/exaudi.org\/es\/el-papa-leon-xiv-invita-a-desarmar-el-lenguaje-en-cuaresma-2026\/#primaryimage"},"thumbnailUrl":"https:\/\/i0.wp.com\/exaudi.org\/wp-content\/uploads\/2026\/02\/AIN-Via-Crucis.jpg?fit=1054%2C500&ssl=1","datePublished":"2026-02-21T09:00:05+00:00","dateModified":"2026-02-21T11:26:17+00:00","author":{"@id":"https:\/\/exaudi.org\/#\/schema\/person\/d4906ab3b6c174ffe37d722c51c73317"},"breadcrumb":{"@id":"https:\/\/exaudi.org\/es\/el-papa-leon-xiv-invita-a-desarmar-el-lenguaje-en-cuaresma-2026\/#breadcrumb"},"inLanguage":"es","potentialAction":[{"@type":"ReadAction","target":["https:\/\/exaudi.org\/es\/el-papa-leon-xiv-invita-a-desarmar-el-lenguaje-en-cuaresma-2026\/"]}]},{"@type":"ImageObject","inLanguage":"es","@id":"https:\/\/exaudi.org\/es\/el-papa-leon-xiv-invita-a-desarmar-el-lenguaje-en-cuaresma-2026\/#primaryimage","url":"https:\/\/i0.wp.com\/exaudi.org\/wp-content\/uploads\/2026\/02\/AIN-Via-Crucis.jpg?fit=1054%2C500&ssl=1","contentUrl":"https:\/\/i0.wp.com\/exaudi.org\/wp-content\/uploads\/2026\/02\/AIN-Via-Crucis.jpg?fit=1054%2C500&ssl=1","width":1054,"height":500},{"@type":"BreadcrumbList","@id":"https:\/\/exaudi.org\/es\/el-papa-leon-xiv-invita-a-desarmar-el-lenguaje-en-cuaresma-2026\/#breadcrumb","itemListElement":[{"@type":"ListItem","position":1,"name":"Portada","item":"https:\/\/exaudi.org\/es\/"},{"@type":"ListItem","position":2,"name":"El Papa Le\u00f3n XIV invita a \u00abdesarmar el lenguaje\u00bb en Cuaresma 2026"}]},{"@type":"WebSite","@id":"https:\/\/exaudi.org\/#website","url":"https:\/\/exaudi.org\/","name":"Exaudi","description":"News","potentialAction":[{"@type":"SearchAction","target":{"@type":"EntryPoint","urlTemplate":"https:\/\/exaudi.org\/?s={search_term_string}"},"query-input":{"@type":"PropertyValueSpecification","valueRequired":true,"valueName":"search_term_string"}}],"inLanguage":"es"},{"@type":"Person","@id":"https:\/\/exaudi.org\/#\/schema\/person\/d4906ab3b6c174ffe37d722c51c73317","name":"Ayuda a la Iglesia Necesitada","image":{"@type":"ImageObject","inLanguage":"es","@id":"https:\/\/secure.gravatar.com\/avatar\/18b646e6575a46729bc25d1c374d5965acb9854728a2929ada390e85905160db?s=96&d=mm&r=g","url":"https:\/\/secure.gravatar.com\/avatar\/18b646e6575a46729bc25d1c374d5965acb9854728a2929ada390e85905160db?s=96&d=mm&r=g","contentUrl":"https:\/\/secure.gravatar.com\/avatar\/18b646e6575a46729bc25d1c374d5965acb9854728a2929ada390e85905160db?s=96&d=mm&r=g","caption":"Ayuda a la Iglesia Necesitada"},"description":"Ayuda a la Iglesia Necesitada (ACN) es la Fundaci\u00f3n Pontificia que apoya a la Iglesia cat\u00f3lica en su labor evangelizadora en las comunidades m\u00e1s necesitadas, discriminadas y perseguidas del mundo. Cada a\u00f1o, ACN financia m\u00e1s de 5.000 proyectos pastorales y de emergencia humanitaria en m\u00e1s de 130 pa\u00edses. Cuenta con m\u00e1s de 20 oficinas en el mundo (en Espa\u00f1a desde 1965), dedicadas a informar sobre la realidad de estos cristianos; al fomento de la oraci\u00f3n, y a la recaudaci\u00f3n de fondos para la cobertura de proyectos. El 100% de los proyectos que desarrolla ACN se sostienen gracias a los donativos de personas f\u00edsicas u organizaciones que valoran la labor de la Iglesia en el mundo. La Fundaci\u00f3n no recibe subvenciones de organismos p\u00fablicos.","sameAs":["https:\/\/www.facebook.com\/ayudaalaiglesianecesitada\/?ref=ts","https:\/\/www.instagram.com\/ayudaiglesianecesitada\/","https:\/\/x.com\/https:\/\/x.com\/AyudaIglesNeces","https:\/\/www.youtube.com\/user\/AINorg"],"url":"https:\/\/exaudi.org\/es\/author\/ayudaalaiglesianecesitada\/"}]}},"jetpack_shortlink":"https:\/\/wp.me\/pgKjF2-FdG","jetpack_featured_media_url":"https:\/\/i0.wp.com\/exaudi.org\/wp-content\/uploads\/2026\/02\/AIN-Via-Crucis.jpg?fit=1054%2C500&ssl=1","_links":{"self":[{"href":"https:\/\/exaudi.org\/es\/wp-json\/wp\/v2\/posts\/158452","targetHints":{"allow":["GET"]}}],"collection":[{"href":"https:\/\/exaudi.org\/es\/wp-json\/wp\/v2\/posts"}],"about":[{"href":"https:\/\/exaudi.org\/es\/wp-json\/wp\/v2\/types\/post"}],"author":[{"embeddable":true,"href":"https:\/\/exaudi.org\/es\/wp-json\/wp\/v2\/users\/89"}],"replies":[{"embeddable":true,"href":"https:\/\/exaudi.org\/es\/wp-json\/wp\/v2\/comments?post=158452"}],"version-history":[{"count":7,"href":"https:\/\/exaudi.org\/es\/wp-json\/wp\/v2\/posts\/158452\/revisions"}],"predecessor-version":[{"id":158470,"href":"https:\/\/exaudi.org\/es\/wp-json\/wp\/v2\/posts\/158452\/revisions\/158470"}],"wp:featuredmedia":[{"embeddable":true,"href":"https:\/\/exaudi.org\/es\/wp-json\/wp\/v2\/media\/158456"}],"wp:attachment":[{"href":"https:\/\/exaudi.org\/es\/wp-json\/wp\/v2\/media?parent=158452"}],"wp:term":[{"taxonomy":"category","embeddable":true,"href":"https:\/\/exaudi.org\/es\/wp-json\/wp\/v2\/categories?post=158452"},{"taxonomy":"post_tag","embeddable":true,"href":"https:\/\/exaudi.org\/es\/wp-json\/wp\/v2\/tags?post=158452"}],"curies":[{"name":"wp","href":"https:\/\/api.w.org\/{rel}","templated":true}]}}